{"id":100843,"date":"2017-06-30T00:05:12","date_gmt":"2017-06-29T22:05:12","guid":{"rendered":"http:\/\/www.24gliwice.pl\/wiadomosci\/?p=100843"},"modified":"2017-06-29T21:06:44","modified_gmt":"2017-06-29T19:06:44","slug":"kolejna-zbiorka-elektrosmieci-tym-razem-bedzie-sie-ich-mozna-pozbyc-w-starych-labedach","status":"publish","type":"post","link":"https:\/\/www.24gliwice.pl\/wiadomosci\/kolejna-zbiorka-elektrosmieci-tym-razem-bedzie-sie-ich-mozna-pozbyc-w-starych-labedach\/","title":{"rendered":"Kolejna zbi\u00f3rka elektro\u015bmieci. Tym razem b\u0119dzie mo\u017cna si\u0119 ich pozby\u0107 w Starych \u0141ab\u0119dach"},"content":{"rendered":"<div class=\"gliwi-a6-nad-leadem-artykulow gliwi-entity-placement\" id=\"gliwi-1136378743\"><div class=\"gliwi-adlabel\"><span style=\"font-size: 9px\">REKLAMA<\/span><\/div><div id=\"gliwi-43574933\" style=\"margin-bottom: 30px;margin-left: auto;margin-right: auto;text-align: center;\"><a data-no-instant=\"1\" href=\"https:\/\/przedszkole.halogen.org.pl\/\" rel=\"noopener\" class=\"a2t-link\" target=\"_blank\" aria-label=\"20260402-ANIMATOR-przedszkole_grafika_750x200\"><img loading=\"lazy\" decoding=\"async\" src=\"https:\/\/www.24gliwice.pl\/wiadomosci\/wp-content\/uploads\/2026\/04\/20260402-ANIMATOR-przedszkole_grafika_750x200.webp\" alt=\"\"  srcset=\"https:\/\/www.24gliwice.pl\/wiadomosci\/wp-content\/uploads\/2026\/04\/20260402-ANIMATOR-przedszkole_grafika_750x200.webp 750w, https:\/\/www.24gliwice.pl\/wiadomosci\/wp-content\/uploads\/2026\/04\/20260402-ANIMATOR-przedszkole_grafika_750x200-410x109.webp 410w\" sizes=\"(max-width: 750px) 100vw, 750px\" class=\"no-lazyload\" width=\"750\" height=\"200\"  style=\"display: inline-block; max-width: 100%; height: auto;\" \/><\/a><\/div><\/div><h4>Zu\u017cyte albo przestarza\u0142e pralki, odkurzacze, telewizory, komputery \u2013 te  odpady s\u0105 szkodliwe. 1 lipca w Starych \u0141ab\u0119dach b\u0119dzie mo\u017cna bezp\u0142atnie si\u0119 ich pozby\u0107.<\/h4>\n<p>Zbi\u00f3rki elektro\u015bmieci s\u0105 organizowane regularnie w r\u00f3\u017cnych punktach miasta. Tym razem specjalnie oznakowany samoch\u00f3d mi\u0119dzy godz. 10.00 a 13.00 b\u0119dzie czeka\u0142 na parkingu przy szkole przy ul. Staromiejskiej. Elektroodpady mo\u017cna w nim odda\u0107 nieodp\u0142atnie.<\/p>\n<p>Warto pami\u0119ta\u0107, \u017ce poza terenowymi punktami, elektro\u015bmieci s\u0105 przyjmowane w Punkcie Selektywnej Zbi\u00f3rki Odpad\u00f3w Komunalnych, kt\u00f3ry znajduje si\u0119 przy ul. Rybnickiej (przy sk\u0142adowisku odpad\u00f3w komunalnych) i jest czynny od poniedzia\u0142ku do pi\u0105tku mi\u0119dzy godz. 7.00 a 17.00 oraz w soboty mi\u0119dzy godz. 7.00 a 13.00.<\/p><div class=\"gliwi-a3-w-tresci-artykulow gliwi-entity-placement\" id=\"gliwi-2028637378\"><div class=\"gliwi-adlabel\"><span style=\"font-size: 9px\">REKLAMA<\/span><\/div><div id=\"gliwi-2443688437\" style=\"margin-bottom: 30px;margin-left: auto;margin-right: auto;text-align: center;\"><a data-no-instant=\"1\" href=\"https:\/\/ogrodyandersa.pl\/\" rel=\"noopener\" class=\"a2t-link\" target=\"_blank\" aria-label=\"20260415 Ogrody Andersa KUP TERAZ D\"><img loading=\"lazy\" decoding=\"async\" src=\"https:\/\/www.24gliwice.pl\/wiadomosci\/wp-content\/uploads\/2026\/04\/20260415-Ogrody-Andersa-KUP-TERAZ-D.jpg\" alt=\"\"  srcset=\"https:\/\/www.24gliwice.pl\/wiadomosci\/wp-content\/uploads\/2026\/04\/20260415-Ogrody-Andersa-KUP-TERAZ-D.jpg 750w, https:\/\/www.24gliwice.pl\/wiadomosci\/wp-content\/uploads\/2026\/04\/20260415-Ogrody-Andersa-KUP-TERAZ-D-410x109.jpg 410w\" sizes=\"(max-width: 750px) 100vw, 750px\" class=\"no-lazyload\" width=\"750\" height=\"200\"  style=\"display: inline-block; max-width: 100%; height: auto;\" \/><\/a><\/div><\/div>\n<p>UM(gliwice.eu)<\/p>\n<div class=\"gliwi-a5-na-koncu-artykulow gliwi-entity-placement\" id=\"gliwi-2590713099\"><div class=\"gliwi-adlabel\"><span style=\"font-size: 9px\">REKLAMA<\/span><\/div><div id=\"gliwi-3695709677\" style=\"margin-left: auto;margin-right: auto;text-align: center;\"><a data-no-instant=\"1\" href=\"https:\/\/www.jasek.pl\/\" rel=\"noopener\" class=\"a2t-link\" target=\"_blank\" aria-label=\"20200401-jasek 600\"><img loading=\"lazy\" decoding=\"async\" src=\"https:\/\/www.24gliwice.pl\/wiadomosci\/wp-content\/uploads\/2020\/04\/20200401-jasek-600.jpg\" alt=\"\"  srcset=\"https:\/\/www.24gliwice.pl\/wiadomosci\/wp-content\/uploads\/2020\/04\/20200401-jasek-600.jpg 600w, https:\/\/www.24gliwice.pl\/wiadomosci\/wp-content\/uploads\/2020\/04\/20200401-jasek-600-410x109.jpg 410w\" sizes=\"(max-width: 600px) 100vw, 600px\" class=\"no-lazyload\" width=\"600\" height=\"160\"  style=\"display: inline-block; max-width: 100%; height: auto;\" \/><\/a><\/div><\/div>","protected":false},"excerpt":{"rendered":"<p>Zu\u017cyte albo przestarza\u0142e pralki, odkurzacze, telewizory, komputery \u2013 te odpady s\u0105 szkodliwe. 1 lipca w Starych \u0141ab\u0119dach b\u0119dzie mo\u017cna bezp\u0142atnie si\u0119 ich pozby\u0107. Zbi\u00f3rki elektro\u015bmieci s\u0105 organizowane regularnie w r\u00f3\u017cnych punktach miasta. Tym razem specjalnie oznakowany samoch\u00f3d mi\u0119dzy godz. 10.00 a 13.00 b\u0119dzie czeka\u0142 na parkingu przy szkole przy ul. Staromiejskiej. Elektroodpady mo\u017cna w nim [&hellip;]<\/p>\n","protected":false},"author":15,"featured_media":100844,"comment_status":"open","ping_status":"closed","sticky":false,"template":"","format":"standard","meta":{"_monsterinsights_skip_tracking":false,"_monsterinsights_sitenote_active":false,"_monsterinsights_sitenote_note":"","_monsterinsights_sitenote_category":0,"footnotes":"","_links_to":"","_links_to_target":""},"categories":[3,1],"tags":[2580,9619,9641,9640,2582],"class_list":["post-100843","post","type-post","status-publish","format-standard","has-post-thumbnail","hentry","category-gliwice","category-wszystko","tag-elektrosmieci","tag-pszok","tag-segregowanie-smieci","tag-selektywna-zbiorka-odpadow","tag-zbiorka-elektrosmieci"],"yoast_head":"<!-- This site is optimized with the Yoast SEO plugin v27.4 - https:\/\/yoast.com\/product\/yoast-seo-wordpress\/ -->\n<title>Kolejna zbi\u00f3rka elektro\u015bmieci. Tym razem b\u0119dzie mo\u017cna si\u0119 ich pozby\u0107 w Starych \u0141ab\u0119dach - 24GLIWICE - Portal Gliwice | codziennie nowe informacje<\/title>\n<meta name=\"robots\" content=\"index, follow, max-snippet:-1, max-image-preview:large, max-video-preview:-1\" \/>\n<link rel=\"canonical\" href=\"https:\/\/www.24gliwice.pl\/wiadomosci\/kolejna-zbiorka-elektrosmieci-tym-razem-bedzie-sie-ich-mozna-pozbyc-w-starych-labedach\/\" \/>\n<meta property=\"og:locale\" content=\"pl_PL\" \/>\n<meta property=\"og:type\" content=\"article\" \/>\n<meta property=\"og:title\" content=\"Kolejna zbi\u00f3rka elektro\u015bmieci. Tym razem b\u0119dzie mo\u017cna si\u0119 ich pozby\u0107 w Starych \u0141ab\u0119dach - 24GLIWICE - Portal Gliwice | codziennie nowe informacje\" \/>\n<meta property=\"og:description\" content=\"Zu\u017cyte albo przestarza\u0142e pralki, odkurzacze, telewizory, komputery \u2013 te odpady s\u0105 szkodliwe. 1 lipca w Starych \u0141ab\u0119dach b\u0119dzie mo\u017cna bezp\u0142atnie si\u0119 ich pozby\u0107. Zbi\u00f3rki elektro\u015bmieci s\u0105 organizowane regularnie w r\u00f3\u017cnych punktach miasta. Tym razem specjalnie oznakowany samoch\u00f3d mi\u0119dzy godz. 10.00 a 13.00 b\u0119dzie czeka\u0142 na parkingu przy szkole przy ul. Staromiejskiej. Elektroodpady mo\u017cna w nim [&hellip;]\" \/>\n<meta property=\"og:url\" content=\"https:\/\/www.24gliwice.pl\/wiadomosci\/kolejna-zbiorka-elektrosmieci-tym-razem-bedzie-sie-ich-mozna-pozbyc-w-starych-labedach\/\" \/>\n<meta property=\"og:site_name\" content=\"24GLIWICE - Portal Gliwice | codziennie nowe informacje\" \/>\n<meta property=\"article:publisher\" content=\"https:\/\/www.facebook.com\/24gliwice\" \/>\n<meta property=\"article:published_time\" content=\"2017-06-29T22:05:12+00:00\" \/>\n<meta property=\"og:image\" content=\"https:\/\/www.24gliwice.pl\/wiadomosci\/wp-content\/uploads\/2017\/06\/elektrosprz\u0119t-e1498559176299.jpg\" \/>\n\t<meta property=\"og:image:width\" content=\"810\" \/>\n\t<meta property=\"og:image:height\" content=\"455\" \/>\n\t<meta property=\"og:image:type\" content=\"image\/jpeg\" \/>\n<meta name=\"author\" content=\"\u017baneta Mrozek-Siewierska\" \/>\n<meta name=\"twitter:card\" content=\"summary_large_image\" \/>\n<meta name=\"twitter:creator\" content=\"@24gliwice\" \/>\n<meta name=\"twitter:site\" content=\"@24gliwice\" \/>\n<meta name=\"twitter:label1\" content=\"Napisane przez\" \/>\n\t<meta name=\"twitter:data1\" content=\"\u017baneta Mrozek-Siewierska\" \/>\n\t<meta name=\"twitter:label2\" content=\"Szacowany czas czytania\" \/>\n\t<meta name=\"twitter:data2\" content=\"1 minuta\" \/>\n<script type=\"application\/ld+json\" class=\"yoast-schema-graph\">{\"@context\":\"https:\\\/\\\/schema.org\",\"@graph\":[{\"@type\":\"Article\",\"@id\":\"https:\\\/\\\/www.24gliwice.pl\\\/wiadomosci\\\/kolejna-zbiorka-elektrosmieci-tym-razem-bedzie-sie-ich-mozna-pozbyc-w-starych-labedach\\\/#article\",\"isPartOf\":{\"@id\":\"https:\\\/\\\/www.24gliwice.pl\\\/wiadomosci\\\/kolejna-zbiorka-elektrosmieci-tym-razem-bedzie-sie-ich-mozna-pozbyc-w-starych-labedach\\\/\"},\"author\":{\"name\":\"\u017baneta Mrozek-Siewierska\",\"@id\":\"https:\\\/\\\/www.24gliwice.pl\\\/wiadomosci\\\/#\\\/schema\\\/person\\\/e42c650edd7f2fa332be3811fb166b6e\"},\"headline\":\"Kolejna zbi\u00f3rka elektro\u015bmieci. Tym razem b\u0119dzie mo\u017cna si\u0119 ich pozby\u0107 w Starych \u0141ab\u0119dach\",\"datePublished\":\"2017-06-29T22:05:12+00:00\",\"mainEntityOfPage\":{\"@id\":\"https:\\\/\\\/www.24gliwice.pl\\\/wiadomosci\\\/kolejna-zbiorka-elektrosmieci-tym-razem-bedzie-sie-ich-mozna-pozbyc-w-starych-labedach\\\/\"},\"wordCount\":140,\"commentCount\":0,\"publisher\":{\"@id\":\"https:\\\/\\\/www.24gliwice.pl\\\/wiadomosci\\\/#organization\"},\"image\":{\"@id\":\"https:\\\/\\\/www.24gliwice.pl\\\/wiadomosci\\\/kolejna-zbiorka-elektrosmieci-tym-razem-bedzie-sie-ich-mozna-pozbyc-w-starych-labedach\\\/#primaryimage\"},\"thumbnailUrl\":\"https:\\\/\\\/www.24gliwice.pl\\\/wiadomosci\\\/wp-content\\\/uploads\\\/2017\\\/06\\\/elektrosprz\u0119t-e1498559176299.jpg\",\"keywords\":[\"ELEKTRO\u015aMIECI\",\"PSZOK\",\"segregowanie \u015bmieci\",\"selektywna zbi\u00f3rka odpad\u00f3w\",\"ZBI\u00d3RKA ELEKTRO\u015aMIECI\"],\"articleSection\":[\"Gliwice\",\"Najnowsze wiadomo\u015bci\"],\"inLanguage\":\"pl-PL\",\"potentialAction\":[{\"@type\":\"CommentAction\",\"name\":\"Comment\",\"target\":[\"https:\\\/\\\/www.24gliwice.pl\\\/wiadomosci\\\/kolejna-zbiorka-elektrosmieci-tym-razem-bedzie-sie-ich-mozna-pozbyc-w-starych-labedach\\\/#respond\"]}]},{\"@type\":\"WebPage\",\"@id\":\"https:\\\/\\\/www.24gliwice.pl\\\/wiadomosci\\\/kolejna-zbiorka-elektrosmieci-tym-razem-bedzie-sie-ich-mozna-pozbyc-w-starych-labedach\\\/\",\"url\":\"https:\\\/\\\/www.24gliwice.pl\\\/wiadomosci\\\/kolejna-zbiorka-elektrosmieci-tym-razem-bedzie-sie-ich-mozna-pozbyc-w-starych-labedach\\\/\",\"name\":\"Kolejna zbi\u00f3rka elektro\u015bmieci. Tym razem b\u0119dzie mo\u017cna si\u0119 ich pozby\u0107 w Starych \u0141ab\u0119dach - 24GLIWICE - Portal Gliwice | codziennie nowe informacje\",\"isPartOf\":{\"@id\":\"https:\\\/\\\/www.24gliwice.pl\\\/wiadomosci\\\/#website\"},\"primaryImageOfPage\":{\"@id\":\"https:\\\/\\\/www.24gliwice.pl\\\/wiadomosci\\\/kolejna-zbiorka-elektrosmieci-tym-razem-bedzie-sie-ich-mozna-pozbyc-w-starych-labedach\\\/#primaryimage\"},\"image\":{\"@id\":\"https:\\\/\\\/www.24gliwice.pl\\\/wiadomosci\\\/kolejna-zbiorka-elektrosmieci-tym-razem-bedzie-sie-ich-mozna-pozbyc-w-starych-labedach\\\/#primaryimage\"},\"thumbnailUrl\":\"https:\\\/\\\/www.24gliwice.pl\\\/wiadomosci\\\/wp-content\\\/uploads\\\/2017\\\/06\\\/elektrosprz\u0119t-e1498559176299.jpg\",\"datePublished\":\"2017-06-29T22:05:12+00:00\",\"breadcrumb\":{\"@id\":\"https:\\\/\\\/www.24gliwice.pl\\\/wiadomosci\\\/kolejna-zbiorka-elektrosmieci-tym-razem-bedzie-sie-ich-mozna-pozbyc-w-starych-labedach\\\/#breadcrumb\"},\"inLanguage\":\"pl-PL\",\"potentialAction\":[{\"@type\":\"ReadAction\",\"target\":[\"https:\\\/\\\/www.24gliwice.pl\\\/wiadomosci\\\/kolejna-zbiorka-elektrosmieci-tym-razem-bedzie-sie-ich-mozna-pozbyc-w-starych-labedach\\\/\"]}]},{\"@type\":\"ImageObject\",\"inLanguage\":\"pl-PL\",\"@id\":\"https:\\\/\\\/www.24gliwice.pl\\\/wiadomosci\\\/kolejna-zbiorka-elektrosmieci-tym-razem-bedzie-sie-ich-mozna-pozbyc-w-starych-labedach\\\/#primaryimage\",\"url\":\"https:\\\/\\\/www.24gliwice.pl\\\/wiadomosci\\\/wp-content\\\/uploads\\\/2017\\\/06\\\/elektrosprz\u0119t-e1498559176299.jpg\",\"contentUrl\":\"https:\\\/\\\/www.24gliwice.pl\\\/wiadomosci\\\/wp-content\\\/uploads\\\/2017\\\/06\\\/elektrosprz\u0119t-e1498559176299.jpg\",\"width\":810,\"height\":455},{\"@type\":\"BreadcrumbList\",\"@id\":\"https:\\\/\\\/www.24gliwice.pl\\\/wiadomosci\\\/kolejna-zbiorka-elektrosmieci-tym-razem-bedzie-sie-ich-mozna-pozbyc-w-starych-labedach\\\/#breadcrumb\",\"itemListElement\":[{\"@type\":\"ListItem\",\"position\":1,\"name\":\"Strona g\u0142\u00f3wna\",\"item\":\"https:\\\/\\\/www.24gliwice.pl\\\/wiadomosci\\\/\"},{\"@type\":\"ListItem\",\"position\":2,\"name\":\"Kolejna zbi\u00f3rka elektro\u015bmieci. Tym razem b\u0119dzie mo\u017cna si\u0119 ich pozby\u0107 w Starych \u0141ab\u0119dach\"}]},{\"@type\":\"WebSite\",\"@id\":\"https:\\\/\\\/www.24gliwice.pl\\\/wiadomosci\\\/#website\",\"url\":\"https:\\\/\\\/www.24gliwice.pl\\\/wiadomosci\\\/\",\"name\":\"24GLIWICE - Portal Gliwice | codziennie nowe wiadomo\u015bci\",\"description\":\"Portal Miejski Gliwice\",\"publisher\":{\"@id\":\"https:\\\/\\\/www.24gliwice.pl\\\/wiadomosci\\\/#organization\"},\"potentialAction\":[{\"@type\":\"SearchAction\",\"target\":{\"@type\":\"EntryPoint\",\"urlTemplate\":\"https:\\\/\\\/www.24gliwice.pl\\\/wiadomosci\\\/?s={search_term_string}\"},\"query-input\":{\"@type\":\"PropertyValueSpecification\",\"valueRequired\":true,\"valueName\":\"search_term_string\"}}],\"inLanguage\":\"pl-PL\"},{\"@type\":\"Organization\",\"@id\":\"https:\\\/\\\/www.24gliwice.pl\\\/wiadomosci\\\/#organization\",\"name\":\"24gliwice\",\"url\":\"https:\\\/\\\/www.24gliwice.pl\\\/wiadomosci\\\/\",\"logo\":{\"@type\":\"ImageObject\",\"inLanguage\":\"pl-PL\",\"@id\":\"https:\\\/\\\/www.24gliwice.pl\\\/wiadomosci\\\/#\\\/schema\\\/logo\\\/image\\\/\",\"url\":\"https:\\\/\\\/www.24gliwice.pl\\\/wiadomosci\\\/wp-content\\\/uploads\\\/2024\\\/10\\\/24gliwice-logo-696.jpg\",\"contentUrl\":\"https:\\\/\\\/www.24gliwice.pl\\\/wiadomosci\\\/wp-content\\\/uploads\\\/2024\\\/10\\\/24gliwice-logo-696.jpg\",\"width\":696,\"height\":696,\"caption\":\"24gliwice\"},\"image\":{\"@id\":\"https:\\\/\\\/www.24gliwice.pl\\\/wiadomosci\\\/#\\\/schema\\\/logo\\\/image\\\/\"},\"sameAs\":[\"https:\\\/\\\/www.facebook.com\\\/24gliwice\",\"https:\\\/\\\/x.com\\\/24gliwice\",\"https:\\\/\\\/www.youtube.com\\\/@24gliwice\"]},{\"@type\":\"Person\",\"@id\":\"https:\\\/\\\/www.24gliwice.pl\\\/wiadomosci\\\/#\\\/schema\\\/person\\\/e42c650edd7f2fa332be3811fb166b6e\",\"name\":\"\u017baneta Mrozek-Siewierska\",\"image\":{\"@type\":\"ImageObject\",\"inLanguage\":\"pl-PL\",\"@id\":\"https:\\\/\\\/www.24gliwice.pl\\\/wiadomosci\\\/wp-content\\\/uploads\\\/2021\\\/11\\\/Zaneta-M_S-zdjecie-czb-96x96.jpg\",\"url\":\"https:\\\/\\\/www.24gliwice.pl\\\/wiadomosci\\\/wp-content\\\/uploads\\\/2021\\\/11\\\/Zaneta-M_S-zdjecie-czb-96x96.jpg\",\"contentUrl\":\"https:\\\/\\\/www.24gliwice.pl\\\/wiadomosci\\\/wp-content\\\/uploads\\\/2021\\\/11\\\/Zaneta-M_S-zdjecie-czb-96x96.jpg\",\"caption\":\"\u017baneta Mrozek-Siewierska\"},\"url\":\"https:\\\/\\\/www.24gliwice.pl\\\/wiadomosci\\\/author\\\/zms\\\/\"}]}<\/script>\n<!-- \/ Yoast SEO plugin. -->","yoast_head_json":{"title":"Kolejna zbi\u00f3rka elektro\u015bmieci. Tym razem b\u0119dzie mo\u017cna si\u0119 ich pozby\u0107 w Starych \u0141ab\u0119dach - 24GLIWICE - Portal Gliwice | codziennie nowe informacje","robots":{"index":"index","follow":"follow","max-snippet":"max-snippet:-1","max-image-preview":"max-image-preview:large","max-video-preview":"max-video-preview:-1"},"canonical":"https:\/\/www.24gliwice.pl\/wiadomosci\/kolejna-zbiorka-elektrosmieci-tym-razem-bedzie-sie-ich-mozna-pozbyc-w-starych-labedach\/","og_locale":"pl_PL","og_type":"article","og_title":"Kolejna zbi\u00f3rka elektro\u015bmieci. Tym razem b\u0119dzie mo\u017cna si\u0119 ich pozby\u0107 w Starych \u0141ab\u0119dach - 24GLIWICE - Portal Gliwice | codziennie nowe informacje","og_description":"Zu\u017cyte albo przestarza\u0142e pralki, odkurzacze, telewizory, komputery \u2013 te odpady s\u0105 szkodliwe. 1 lipca w Starych \u0141ab\u0119dach b\u0119dzie mo\u017cna bezp\u0142atnie si\u0119 ich pozby\u0107. Zbi\u00f3rki elektro\u015bmieci s\u0105 organizowane regularnie w r\u00f3\u017cnych punktach miasta. Tym razem specjalnie oznakowany samoch\u00f3d mi\u0119dzy godz. 10.00 a 13.00 b\u0119dzie czeka\u0142 na parkingu przy szkole przy ul. Staromiejskiej. Elektroodpady mo\u017cna w nim [&hellip;]","og_url":"https:\/\/www.24gliwice.pl\/wiadomosci\/kolejna-zbiorka-elektrosmieci-tym-razem-bedzie-sie-ich-mozna-pozbyc-w-starych-labedach\/","og_site_name":"24GLIWICE - Portal Gliwice | codziennie nowe informacje","article_publisher":"https:\/\/www.facebook.com\/24gliwice","article_published_time":"2017-06-29T22:05:12+00:00","og_image":[{"width":810,"height":455,"url":"https:\/\/www.24gliwice.pl\/wiadomosci\/wp-content\/uploads\/2017\/06\/elektrosprz\u0119t-e1498559176299.jpg","type":"image\/jpeg"}],"author":"\u017baneta Mrozek-Siewierska","twitter_card":"summary_large_image","twitter_creator":"@24gliwice","twitter_site":"@24gliwice","twitter_misc":{"Napisane przez":"\u017baneta Mrozek-Siewierska","Szacowany czas czytania":"1 minuta"},"schema":{"@context":"https:\/\/schema.org","@graph":[{"@type":"Article","@id":"https:\/\/www.24gliwice.pl\/wiadomosci\/kolejna-zbiorka-elektrosmieci-tym-razem-bedzie-sie-ich-mozna-pozbyc-w-starych-labedach\/#article","isPartOf":{"@id":"https:\/\/www.24gliwice.pl\/wiadomosci\/kolejna-zbiorka-elektrosmieci-tym-razem-bedzie-sie-ich-mozna-pozbyc-w-starych-labedach\/"},"author":{"name":"\u017baneta Mrozek-Siewierska","@id":"https:\/\/www.24gliwice.pl\/wiadomosci\/#\/schema\/person\/e42c650edd7f2fa332be3811fb166b6e"},"headline":"Kolejna zbi\u00f3rka elektro\u015bmieci. Tym razem b\u0119dzie mo\u017cna si\u0119 ich pozby\u0107 w Starych \u0141ab\u0119dach","datePublished":"2017-06-29T22:05:12+00:00","mainEntityOfPage":{"@id":"https:\/\/www.24gliwice.pl\/wiadomosci\/kolejna-zbiorka-elektrosmieci-tym-razem-bedzie-sie-ich-mozna-pozbyc-w-starych-labedach\/"},"wordCount":140,"commentCount":0,"publisher":{"@id":"https:\/\/www.24gliwice.pl\/wiadomosci\/#organization"},"image":{"@id":"https:\/\/www.24gliwice.pl\/wiadomosci\/kolejna-zbiorka-elektrosmieci-tym-razem-bedzie-sie-ich-mozna-pozbyc-w-starych-labedach\/#primaryimage"},"thumbnailUrl":"https:\/\/www.24gliwice.pl\/wiadomosci\/wp-content\/uploads\/2017\/06\/elektrosprz\u0119t-e1498559176299.jpg","keywords":["ELEKTRO\u015aMIECI","PSZOK","segregowanie \u015bmieci","selektywna zbi\u00f3rka odpad\u00f3w","ZBI\u00d3RKA ELEKTRO\u015aMIECI"],"articleSection":["Gliwice","Najnowsze wiadomo\u015bci"],"inLanguage":"pl-PL","potentialAction":[{"@type":"CommentAction","name":"Comment","target":["https:\/\/www.24gliwice.pl\/wiadomosci\/kolejna-zbiorka-elektrosmieci-tym-razem-bedzie-sie-ich-mozna-pozbyc-w-starych-labedach\/#respond"]}]},{"@type":"WebPage","@id":"https:\/\/www.24gliwice.pl\/wiadomosci\/kolejna-zbiorka-elektrosmieci-tym-razem-bedzie-sie-ich-mozna-pozbyc-w-starych-labedach\/","url":"https:\/\/www.24gliwice.pl\/wiadomosci\/kolejna-zbiorka-elektrosmieci-tym-razem-bedzie-sie-ich-mozna-pozbyc-w-starych-labedach\/","name":"Kolejna zbi\u00f3rka elektro\u015bmieci. Tym razem b\u0119dzie mo\u017cna si\u0119 ich pozby\u0107 w Starych \u0141ab\u0119dach - 24GLIWICE - Portal Gliwice | codziennie nowe informacje","isPartOf":{"@id":"https:\/\/www.24gliwice.pl\/wiadomosci\/#website"},"primaryImageOfPage":{"@id":"https:\/\/www.24gliwice.pl\/wiadomosci\/kolejna-zbiorka-elektrosmieci-tym-razem-bedzie-sie-ich-mozna-pozbyc-w-starych-labedach\/#primaryimage"},"image":{"@id":"https:\/\/www.24gliwice.pl\/wiadomosci\/kolejna-zbiorka-elektrosmieci-tym-razem-bedzie-sie-ich-mozna-pozbyc-w-starych-labedach\/#primaryimage"},"thumbnailUrl":"https:\/\/www.24gliwice.pl\/wiadomosci\/wp-content\/uploads\/2017\/06\/elektrosprz\u0119t-e1498559176299.jpg","datePublished":"2017-06-29T22:05:12+00:00","breadcrumb":{"@id":"https:\/\/www.24gliwice.pl\/wiadomosci\/kolejna-zbiorka-elektrosmieci-tym-razem-bedzie-sie-ich-mozna-pozbyc-w-starych-labedach\/#breadcrumb"},"inLanguage":"pl-PL","potentialAction":[{"@type":"ReadAction","target":["https:\/\/www.24gliwice.pl\/wiadomosci\/kolejna-zbiorka-elektrosmieci-tym-razem-bedzie-sie-ich-mozna-pozbyc-w-starych-labedach\/"]}]},{"@type":"ImageObject","inLanguage":"pl-PL","@id":"https:\/\/www.24gliwice.pl\/wiadomosci\/kolejna-zbiorka-elektrosmieci-tym-razem-bedzie-sie-ich-mozna-pozbyc-w-starych-labedach\/#primaryimage","url":"https:\/\/www.24gliwice.pl\/wiadomosci\/wp-content\/uploads\/2017\/06\/elektrosprz\u0119t-e1498559176299.jpg","contentUrl":"https:\/\/www.24gliwice.pl\/wiadomosci\/wp-content\/uploads\/2017\/06\/elektrosprz\u0119t-e1498559176299.jpg","width":810,"height":455},{"@type":"BreadcrumbList","@id":"https:\/\/www.24gliwice.pl\/wiadomosci\/kolejna-zbiorka-elektrosmieci-tym-razem-bedzie-sie-ich-mozna-pozbyc-w-starych-labedach\/#breadcrumb","itemListElement":[{"@type":"ListItem","position":1,"name":"Strona g\u0142\u00f3wna","item":"https:\/\/www.24gliwice.pl\/wiadomosci\/"},{"@type":"ListItem","position":2,"name":"Kolejna zbi\u00f3rka elektro\u015bmieci. Tym razem b\u0119dzie mo\u017cna si\u0119 ich pozby\u0107 w Starych \u0141ab\u0119dach"}]},{"@type":"WebSite","@id":"https:\/\/www.24gliwice.pl\/wiadomosci\/#website","url":"https:\/\/www.24gliwice.pl\/wiadomosci\/","name":"24GLIWICE - Portal Gliwice | codziennie nowe wiadomo\u015bci","description":"Portal Miejski Gliwice","publisher":{"@id":"https:\/\/www.24gliwice.pl\/wiadomosci\/#organization"},"potentialAction":[{"@type":"SearchAction","target":{"@type":"EntryPoint","urlTemplate":"https:\/\/www.24gliwice.pl\/wiadomosci\/?s={search_term_string}"},"query-input":{"@type":"PropertyValueSpecification","valueRequired":true,"valueName":"search_term_string"}}],"inLanguage":"pl-PL"},{"@type":"Organization","@id":"https:\/\/www.24gliwice.pl\/wiadomosci\/#organization","name":"24gliwice","url":"https:\/\/www.24gliwice.pl\/wiadomosci\/","logo":{"@type":"ImageObject","inLanguage":"pl-PL","@id":"https:\/\/www.24gliwice.pl\/wiadomosci\/#\/schema\/logo\/image\/","url":"https:\/\/www.24gliwice.pl\/wiadomosci\/wp-content\/uploads\/2024\/10\/24gliwice-logo-696.jpg","contentUrl":"https:\/\/www.24gliwice.pl\/wiadomosci\/wp-content\/uploads\/2024\/10\/24gliwice-logo-696.jpg","width":696,"height":696,"caption":"24gliwice"},"image":{"@id":"https:\/\/www.24gliwice.pl\/wiadomosci\/#\/schema\/logo\/image\/"},"sameAs":["https:\/\/www.facebook.com\/24gliwice","https:\/\/x.com\/24gliwice","https:\/\/www.youtube.com\/@24gliwice"]},{"@type":"Person","@id":"https:\/\/www.24gliwice.pl\/wiadomosci\/#\/schema\/person\/e42c650edd7f2fa332be3811fb166b6e","name":"\u017baneta Mrozek-Siewierska","image":{"@type":"ImageObject","inLanguage":"pl-PL","@id":"https:\/\/www.24gliwice.pl\/wiadomosci\/wp-content\/uploads\/2021\/11\/Zaneta-M_S-zdjecie-czb-96x96.jpg","url":"https:\/\/www.24gliwice.pl\/wiadomosci\/wp-content\/uploads\/2021\/11\/Zaneta-M_S-zdjecie-czb-96x96.jpg","contentUrl":"https:\/\/www.24gliwice.pl\/wiadomosci\/wp-content\/uploads\/2021\/11\/Zaneta-M_S-zdjecie-czb-96x96.jpg","caption":"\u017baneta Mrozek-Siewierska"},"url":"https:\/\/www.24gliwice.pl\/wiadomosci\/author\/zms\/"}]}},"_links":{"self":[{"href":"https:\/\/www.24gliwice.pl\/wiadomosci\/wp-json\/wp\/v2\/posts\/100843","targetHints":{"allow":["GET"]}}],"collection":[{"href":"https:\/\/www.24gliwice.pl\/wiadomosci\/wp-json\/wp\/v2\/posts"}],"about":[{"href":"https:\/\/www.24gliwice.pl\/wiadomosci\/wp-json\/wp\/v2\/types\/post"}],"author":[{"embeddable":true,"href":"https:\/\/www.24gliwice.pl\/wiadomosci\/wp-json\/wp\/v2\/users\/15"}],"replies":[{"embeddable":true,"href":"https:\/\/www.24gliwice.pl\/wiadomosci\/wp-json\/wp\/v2\/comments?post=100843"}],"version-history":[{"count":4,"href":"https:\/\/www.24gliwice.pl\/wiadomosci\/wp-json\/wp\/v2\/posts\/100843\/revisions"}],"predecessor-version":[{"id":101000,"href":"https:\/\/www.24gliwice.pl\/wiadomosci\/wp-json\/wp\/v2\/posts\/100843\/revisions\/101000"}],"wp:featuredmedia":[{"embeddable":true,"href":"https:\/\/www.24gliwice.pl\/wiadomosci\/wp-json\/wp\/v2\/media\/100844"}],"wp:attachment":[{"href":"https:\/\/www.24gliwice.pl\/wiadomosci\/wp-json\/wp\/v2\/media?parent=100843"}],"wp:term":[{"taxonomy":"category","embeddable":true,"href":"https:\/\/www.24gliwice.pl\/wiadomosci\/wp-json\/wp\/v2\/categories?post=100843"},{"taxonomy":"post_tag","embeddable":true,"href":"https:\/\/www.24gliwice.pl\/wiadomosci\/wp-json\/wp\/v2\/tags?post=100843"}],"curies":[{"name":"wp","href":"https:\/\/api.w.org\/{rel}","templated":true}]}}