{"id":101206,"date":"2017-07-04T12:12:19","date_gmt":"2017-07-04T10:12:19","guid":{"rendered":"http:\/\/www.24gliwice.pl\/wiadomosci\/?p=101206"},"modified":"2026-04-01T16:54:45","modified_gmt":"2026-04-01T14:54:45","slug":"3-sekcje-w-cv-ktore-sprawiaja-najwiecej-problemow-na-to-pracodawcy-zwracaja-uwage","status":"publish","type":"post","link":"https:\/\/www.24gliwice.pl\/wiadomosci\/3-sekcje-w-cv-ktore-sprawiaja-najwiecej-problemow-na-to-pracodawcy-zwracaja-uwage\/","title":{"rendered":"3 sekcje w CV, kt\u00f3re sprawiaj\u0105 najwi\u0119cej problem\u00f3w. Na to pracodawcy zwracaj\u0105 uwag\u0119"},"content":{"rendered":"<h4>Przygotowujesz w\u0142a\u015bnie swojej CV i nie wiesz do ko\u0144ca co i gdzie nale\u017cy wpisa\u0107? Czy przygotowa\u0142e\u015b swoje podsumowanie zawodowe, umiej\u0119tno\u015bci i czy uwzgl\u0119dni\u0142e\u015b swoje osi\u0105gni\u0119cia?<\/h4>\n<p>Je\u015bli nie jeste\u015b pewien, przeczytaj artyku\u0142 i dowiedz si\u0119 jak wpisa\u0107 te informacje i zainteresowa\u0107 nimi rekruter\u00f3w!<\/p>\n<p>Sp\u00f3jrz te\u017c na kompleksowy poradnik, w kt\u00f3rym nauczysz si\u0119, <a href=\"https:\/\/interviewme.pl\/blog\/jak-napisac-cv-eyetracking\">jak napisa\u0107 profesjonalne CV.<\/a><\/p>\n<h5>Jak zainteresowa\u0107 rekrutera swoim podsumowaniem zawodowym?<\/h5>\n<p>Pierwsze co widzi pracodawca, gdy otwiera CV to g\u00f3ra dokumentu.-W tym miejscu powinno znajdowa\u0107 si\u0119 kilka zda\u0144 podsumowuj\u0105cych Twoj\u0105 osob\u0119.<\/p>\n<p>Bardzo cz\u0119sto kandydaci zapominaj\u0105 o tej sekcji, a jest to du\u017cy b\u0142\u0105d. Je\u015bli zawrzesz podsumowanie zawodowe, rekruter b\u0119dzie szybko m\u00f3g\u0142 pozna\u0107 najwa\u017cniejsze informacje o Tobie, kt\u00f3re zach\u0119c\u0105 go do dalszej lektury.<\/p>\n<p>Co powinno zawiera\u0107 podsumowanie?<\/p>\n<p>Wa\u017cne, \u017ceby\u015b w 2-4 zdaniach opisa\u0142, czym si\u0119 zajmujesz, jak d\u0142ugo i jakie obszary s\u0105 najwa\u017cniejsze w Twojej pracy. Warto te\u017c napisa\u0107 kr\u00f3tkie zdanie, w jakim kierunku chcesz si\u0119 dalej rozwija\u0107.<\/p>\n<p style=\"padding-left: 60px;\"><strong>Przyk\u0142ad:<\/strong><\/p>\n<p style=\"padding-left: 60px;\"><em>Mam 5-letnie do\u015bwiadczenie w marketingu online. Planuj\u0119 kampanie social media, odpowiadam za pozycjonowanie stron i analizuj\u0119 efekty prowadzonych dzia\u0142a\u0144 marketingowych. Zale\u017cy mi na dalszym rozwoju w obszarze marketingu.<\/em><\/p>\n<p>Dzi\u0119ki temu rekruter od razu zobaczy, czym si\u0119 zajmujesz. Mo\u017cesz te\u017c podkre\u015bli\u0107 pewne informacje stosuj\u0105c pogrubienie czcionki. Pami\u0119taj, \u017ceby wybra\u0107 kilka s\u0142\u00f3w, kt\u00f3re w ten spos\u00f3b wyr\u00f3\u017cnisz. Na przyk\u0142ad: Mam 5-letnie do\u015bwiadczenie w marketingu online.<\/p>\n<p>Je\u015bli chcesz zobaczy\u0107 wi\u0119cej przyk\u0142ad\u00f3w, jak napisa\u0107 podsumowanie zawodowe w CV, zobacz artyku\u0142: <a href=\"https:\/\/interviewme.pl\/blog\/jak-napisac-cv-z-celami-zawodowymi\">\u201cCele zawodowe w CV &#8211; 4 rady jak napisa\u0107 podsumowanie zawodowe\u201d.<\/a><\/p>\n<h5>Co warto wpisa\u0107 w sekcji umiej\u0119tno\u015bci?<\/h5>\n<p>Umiej\u0119tno\u015bci to kolejna sekcja, kt\u00f3ra sprawia du\u017co problem\u00f3w i cz\u0119sto jest pomijana. Je\u015bli w swoim CV w umiej\u0119tno\u015bciach masz wpisane cechy osobowo\u015bci np. komunikatywno\u015b\u0107, zdolno\u015b\u0107 do szybkiego uczenia si\u0119, otwarto\u015b\u0107 to szybko to zmie\u0144!<\/p>\n<p>Rekruterzy najcz\u0119\u015bciej pomijaj\u0105 wzrokiem tego typu sformu\u0142owania. Wi\u0119kszo\u015b\u0107 kandydat\u00f3w wpisuje je dok\u0142adnie w ten sam spos\u00f3b. Ponadto na tym etapie rekrutacji Twoje kompetencje mi\u0119kkie nie s\u0105 a\u017c tak istotne dla pracodawc\u00f3w.<\/p>\n<p>Zamiast tego, wpisz w umiej\u0119tno\u015bci obszary, na kt\u00f3rych si\u0119 znasz i kt\u00f3re b\u0119d\u0105 przyci\u0105ga\u0142y wzrok.<\/p>\n<p style=\"padding-left: 60px;\"><strong>Przyk\u0142ad:<\/strong><\/p>\n<p style=\"padding-left: 60px;\"><em>Aktywna sprzeda\u017c i obs\u0142uga klienta<\/em><br \/>\n<em> Realizacja cel\u00f3w sprzeda\u017cowych<\/em><br \/>\n<em> Analiza potrzeb klient\u00f3w<\/em><br \/>\n<em> Prowadzenie negocjacji handlowych<\/em><\/p>\n<p>Takie sformu\u0142owania przyci\u0105gaj\u0105 wzrok &#8211; s\u0105 tzw. \u201cs\u0142owami kluczowymi\u201d. Warto te\u017c dopasowa\u0107 je do oferty pracy, na kt\u00f3r\u0105 aplikujesz. Sp\u00f3jrz, jakich u\u017cyto stwierdze\u0144 w opisanych zadaniach oraz wymaganiach i sprawd\u017a, czy znajduj\u0105 si\u0119 one r\u00f3wnie\u017c w Twoim CV!<\/p>\n<p>Chcesz zobaczy\u0107 wi\u0119cej przyk\u0142ad\u00f3w przydatnych umiej\u0119tno\u015bci do CV? Zobacz artyku\u0142 o tym, <a href=\"https:\/\/interviewme.pl\/blog\/cv-umiejetnosci-cv\">jakie umiej\u0119tno\u015bci wpisa\u0107 do CV<\/a>, \u017ceby szybko znale\u017a\u0107 prac\u0119.<\/p>\n<h5>Jak opisa\u0107 osi\u0105gni\u0119cia w do\u015bwiadczeniu zawodowym?<\/h5>\n<p>Pracodawcy od razu zwracaj\u0105 uwag\u0119 w CV na informacje o efektach pracy. Wiele os\u00f3b o tym zapomina i wpisuje tylko zakres obowi\u0105zk\u00f3w. Pomy\u015bl, czy jest co\u015b w Twoim do\u015bwiadczeniu, czym chcia\u0142by\u015b si\u0119 pochwali\u0107.<\/p>\n<p>Pod opisem obowi\u0105zk\u00f3w umie\u015b\u0107 podsekcje \u201cOsi\u0105gni\u0119cia\u201d. Wpisz jak najbardziej konkretne informacje dotycz\u0105ce efekt\u00f3w Twojej pracy, wdro\u017cenia projekt\u00f3w, wprowadzenia usprawnie\u0144.<\/p>\n<p style=\"padding-left: 60px;\"><strong>Przyk\u0142ad:<\/strong><\/p>\n<p style=\"padding-left: 60px;\"><em>Realizacja cel\u00f3w sprzeda\u017cy na poziomie 120%<\/em><br \/>\n<em> Pozyskanie 10 kluczowych klient\u00f3w m.in. Firma X, Firma Y<\/em><br \/>\n<em> Optymalizacja czasu raportowania danych finansowych o 20% dzi\u0119ki wprowadzeniu narz\u0119dzi w Excel.<\/em><\/p>\n<p>Dzi\u0119ki takim informacjom pracodawca od razu zwr\u00f3ci na Ciebie uwag\u0119 i zwi\u0119kszysz swoj\u0105 szans\u0119 na zaproszenie do kolejnego etapu rekrutacji!<\/p>\n<p>Sprawd\u017a swoje CV pod k\u0105tem podsumowania zawodowego, umiej\u0119tno\u015bci i osi\u0105gni\u0119\u0107. Je\u015bli ich nie zawar\u0142e\u015b, postaraj si\u0119 zastanowi\u0107, jakie s\u0105 efekty Twojej pracy i na jakich obszarach si\u0119 znasz. Wpisz je do CV i nie zapomnij dopasowywa\u0107 tre\u015bci do konkretnych og\u0142osze\u0144 o prac\u0119!<\/p>\n<p>&#8212;<br \/>\n<span style=\"display: inline-block; padding: 9px 16px; margin: 0px 2px; border: 1px solid #000000; border-radius: 0px;\">Joanna G\u0105siorowska, Konsultant Kariery w <a href=\"https:\/\/interviewme.pl\/\">Interviewme<\/a>. Dyplomowany doradca zawodowy wyspecjalizowany w rozpoznawaniu i rozwijaniu kompetencji i preferencji zawodowych kandydat\u00f3w. Posiada du\u017ce do\u015bwiadczenie w prowadzeniu rekrutacji po stronie Agencji Doradztwa Personalnego oraz w wewn\u0119trznym dziale personalnym.<\/span><\/p>\n","protected":false},"excerpt":{"rendered":"<p>Przygotowujesz w\u0142a\u015bnie swojej CV i nie wiesz do ko\u0144ca co i gdzie nale\u017cy wpisa\u0107? Czy przygotowa\u0142e\u015b swoje podsumowanie zawodowe, umiej\u0119tno\u015bci i czy uwzgl\u0119dni\u0142e\u015b swoje osi\u0105gni\u0119cia? Je\u015bli nie jeste\u015b pewien, przeczytaj artyku\u0142 i dowiedz si\u0119 jak wpisa\u0107 te informacje i zainteresowa\u0107 nimi rekruter\u00f3w! Sp\u00f3jrz te\u017c na kompleksowy poradnik, w kt\u00f3rym nauczysz si\u0119, jak napisa\u0107 profesjonalne CV. [&hellip;]<\/p>\n","protected":false},"author":4,"featured_media":101217,"comment_status":"closed","ping_status":"closed","sticky":false,"template":"","format":"standard","meta":{"_monsterinsights_skip_tracking":false,"_monsterinsights_sitenote_active":false,"_monsterinsights_sitenote_note":"","_monsterinsights_sitenote_category":0,"footnotes":"","_links_to":"","_links_to_target":""},"categories":[1],"tags":[9701,9702],"class_list":["post-101206","post","type-post","status-publish","format-standard","has-post-thumbnail","hentry","category-wszystko","tag-cv","tag-podanie-o-prace"],"yoast_head":"<!-- This site is optimized with the Yoast SEO plugin v27.4 - https:\/\/yoast.com\/product\/yoast-seo-wordpress\/ -->\n<title>3 sekcje w CV, kt\u00f3re sprawiaj\u0105 najwi\u0119cej problem\u00f3w. Na to pracodawcy zwracaj\u0105 uwag\u0119 - 24GLIWICE - Portal Gliwice | codziennie nowe informacje<\/title>\n<meta name=\"robots\" content=\"index, follow, max-snippet:-1, max-image-preview:large, max-video-preview:-1\" \/>\n<link rel=\"canonical\" href=\"https:\/\/www.24gliwice.pl\/wiadomosci\/3-sekcje-w-cv-ktore-sprawiaja-najwiecej-problemow-na-to-pracodawcy-zwracaja-uwage\/\" \/>\n<meta property=\"og:locale\" content=\"pl_PL\" \/>\n<meta property=\"og:type\" content=\"article\" \/>\n<meta property=\"og:title\" content=\"3 sekcje w CV, kt\u00f3re sprawiaj\u0105 najwi\u0119cej problem\u00f3w. Na to pracodawcy zwracaj\u0105 uwag\u0119 - 24GLIWICE - Portal Gliwice | codziennie nowe informacje\" \/>\n<meta property=\"og:description\" content=\"Przygotowujesz w\u0142a\u015bnie swojej CV i nie wiesz do ko\u0144ca co i gdzie nale\u017cy wpisa\u0107? Czy przygotowa\u0142e\u015b swoje podsumowanie zawodowe, umiej\u0119tno\u015bci i czy uwzgl\u0119dni\u0142e\u015b swoje osi\u0105gni\u0119cia? Je\u015bli nie jeste\u015b pewien, przeczytaj artyku\u0142 i dowiedz si\u0119 jak wpisa\u0107 te informacje i zainteresowa\u0107 nimi rekruter\u00f3w! Sp\u00f3jrz te\u017c na kompleksowy poradnik, w kt\u00f3rym nauczysz si\u0119, jak napisa\u0107 profesjonalne CV. [&hellip;]\" \/>\n<meta property=\"og:url\" content=\"https:\/\/www.24gliwice.pl\/wiadomosci\/3-sekcje-w-cv-ktore-sprawiaja-najwiecej-problemow-na-to-pracodawcy-zwracaja-uwage\/\" \/>\n<meta property=\"og:site_name\" content=\"24GLIWICE - Portal Gliwice | codziennie nowe informacje\" \/>\n<meta property=\"article:publisher\" content=\"https:\/\/www.facebook.com\/24gliwice\" \/>\n<meta property=\"article:author\" content=\"https:\/\/www.facebook.com\/marcin.fabrykowski\" \/>\n<meta property=\"article:published_time\" content=\"2017-07-04T10:12:19+00:00\" \/>\n<meta property=\"article:modified_time\" content=\"2026-04-01T14:54:45+00:00\" \/>\n<meta property=\"og:image\" content=\"https:\/\/www.24gliwice.pl\/wiadomosci\/wp-content\/uploads\/2017\/07\/kreator-interviewme.jpg\" \/>\n\t<meta property=\"og:image:width\" content=\"1920\" \/>\n\t<meta property=\"og:image:height\" content=\"1024\" \/>\n\t<meta property=\"og:image:type\" content=\"image\/jpeg\" \/>\n<meta name=\"author\" content=\"Marcin Fabrykowski\" \/>\n<meta name=\"twitter:card\" content=\"summary_large_image\" \/>\n<meta name=\"twitter:creator\" content=\"@24gliwice\" \/>\n<meta name=\"twitter:site\" content=\"@24gliwice\" \/>\n<meta name=\"twitter:label1\" content=\"Napisane przez\" \/>\n\t<meta name=\"twitter:data1\" content=\"Marcin Fabrykowski\" \/>\n\t<meta name=\"twitter:label2\" content=\"Szacowany czas czytania\" \/>\n\t<meta name=\"twitter:data2\" content=\"4 minuty\" \/>\n<script type=\"application\/ld+json\" class=\"yoast-schema-graph\">{\"@context\":\"https:\\\/\\\/schema.org\",\"@graph\":[{\"@type\":\"Article\",\"@id\":\"https:\\\/\\\/www.24gliwice.pl\\\/wiadomosci\\\/3-sekcje-w-cv-ktore-sprawiaja-najwiecej-problemow-na-to-pracodawcy-zwracaja-uwage\\\/#article\",\"isPartOf\":{\"@id\":\"https:\\\/\\\/www.24gliwice.pl\\\/wiadomosci\\\/3-sekcje-w-cv-ktore-sprawiaja-najwiecej-problemow-na-to-pracodawcy-zwracaja-uwage\\\/\"},\"author\":{\"name\":\"Marcin Fabrykowski\",\"@id\":\"https:\\\/\\\/www.24gliwice.pl\\\/wiadomosci\\\/#\\\/schema\\\/person\\\/cb5857e4a4d048c15984c1edcc8ef0c0\"},\"headline\":\"3 sekcje w CV, kt\u00f3re sprawiaj\u0105 najwi\u0119cej problem\u00f3w. Na to pracodawcy zwracaj\u0105 uwag\u0119\",\"datePublished\":\"2017-07-04T10:12:19+00:00\",\"dateModified\":\"2026-04-01T14:54:45+00:00\",\"mainEntityOfPage\":{\"@id\":\"https:\\\/\\\/www.24gliwice.pl\\\/wiadomosci\\\/3-sekcje-w-cv-ktore-sprawiaja-najwiecej-problemow-na-to-pracodawcy-zwracaja-uwage\\\/\"},\"wordCount\":726,\"publisher\":{\"@id\":\"https:\\\/\\\/www.24gliwice.pl\\\/wiadomosci\\\/#organization\"},\"image\":{\"@id\":\"https:\\\/\\\/www.24gliwice.pl\\\/wiadomosci\\\/3-sekcje-w-cv-ktore-sprawiaja-najwiecej-problemow-na-to-pracodawcy-zwracaja-uwage\\\/#primaryimage\"},\"thumbnailUrl\":\"https:\\\/\\\/www.24gliwice.pl\\\/wiadomosci\\\/wp-content\\\/uploads\\\/2017\\\/07\\\/kreator-interviewme.jpg\",\"keywords\":[\"cv\",\"podanie o prac\u0119\"],\"articleSection\":[\"Najnowsze wiadomo\u015bci\"],\"inLanguage\":\"pl-PL\"},{\"@type\":\"WebPage\",\"@id\":\"https:\\\/\\\/www.24gliwice.pl\\\/wiadomosci\\\/3-sekcje-w-cv-ktore-sprawiaja-najwiecej-problemow-na-to-pracodawcy-zwracaja-uwage\\\/\",\"url\":\"https:\\\/\\\/www.24gliwice.pl\\\/wiadomosci\\\/3-sekcje-w-cv-ktore-sprawiaja-najwiecej-problemow-na-to-pracodawcy-zwracaja-uwage\\\/\",\"name\":\"3 sekcje w CV, kt\u00f3re sprawiaj\u0105 najwi\u0119cej problem\u00f3w. Na to pracodawcy zwracaj\u0105 uwag\u0119 - 24GLIWICE - Portal Gliwice | codziennie nowe informacje\",\"isPartOf\":{\"@id\":\"https:\\\/\\\/www.24gliwice.pl\\\/wiadomosci\\\/#website\"},\"primaryImageOfPage\":{\"@id\":\"https:\\\/\\\/www.24gliwice.pl\\\/wiadomosci\\\/3-sekcje-w-cv-ktore-sprawiaja-najwiecej-problemow-na-to-pracodawcy-zwracaja-uwage\\\/#primaryimage\"},\"image\":{\"@id\":\"https:\\\/\\\/www.24gliwice.pl\\\/wiadomosci\\\/3-sekcje-w-cv-ktore-sprawiaja-najwiecej-problemow-na-to-pracodawcy-zwracaja-uwage\\\/#primaryimage\"},\"thumbnailUrl\":\"https:\\\/\\\/www.24gliwice.pl\\\/wiadomosci\\\/wp-content\\\/uploads\\\/2017\\\/07\\\/kreator-interviewme.jpg\",\"datePublished\":\"2017-07-04T10:12:19+00:00\",\"dateModified\":\"2026-04-01T14:54:45+00:00\",\"breadcrumb\":{\"@id\":\"https:\\\/\\\/www.24gliwice.pl\\\/wiadomosci\\\/3-sekcje-w-cv-ktore-sprawiaja-najwiecej-problemow-na-to-pracodawcy-zwracaja-uwage\\\/#breadcrumb\"},\"inLanguage\":\"pl-PL\",\"potentialAction\":[{\"@type\":\"ReadAction\",\"target\":[\"https:\\\/\\\/www.24gliwice.pl\\\/wiadomosci\\\/3-sekcje-w-cv-ktore-sprawiaja-najwiecej-problemow-na-to-pracodawcy-zwracaja-uwage\\\/\"]}]},{\"@type\":\"ImageObject\",\"inLanguage\":\"pl-PL\",\"@id\":\"https:\\\/\\\/www.24gliwice.pl\\\/wiadomosci\\\/3-sekcje-w-cv-ktore-sprawiaja-najwiecej-problemow-na-to-pracodawcy-zwracaja-uwage\\\/#primaryimage\",\"url\":\"https:\\\/\\\/www.24gliwice.pl\\\/wiadomosci\\\/wp-content\\\/uploads\\\/2017\\\/07\\\/kreator-interviewme.jpg\",\"contentUrl\":\"https:\\\/\\\/www.24gliwice.pl\\\/wiadomosci\\\/wp-content\\\/uploads\\\/2017\\\/07\\\/kreator-interviewme.jpg\",\"width\":1920,\"height\":1024},{\"@type\":\"BreadcrumbList\",\"@id\":\"https:\\\/\\\/www.24gliwice.pl\\\/wiadomosci\\\/3-sekcje-w-cv-ktore-sprawiaja-najwiecej-problemow-na-to-pracodawcy-zwracaja-uwage\\\/#breadcrumb\",\"itemListElement\":[{\"@type\":\"ListItem\",\"position\":1,\"name\":\"Strona g\u0142\u00f3wna\",\"item\":\"https:\\\/\\\/www.24gliwice.pl\\\/wiadomosci\\\/\"},{\"@type\":\"ListItem\",\"position\":2,\"name\":\"3 sekcje w CV, kt\u00f3re sprawiaj\u0105 najwi\u0119cej problem\u00f3w. Na to pracodawcy zwracaj\u0105 uwag\u0119\"}]},{\"@type\":\"WebSite\",\"@id\":\"https:\\\/\\\/www.24gliwice.pl\\\/wiadomosci\\\/#website\",\"url\":\"https:\\\/\\\/www.24gliwice.pl\\\/wiadomosci\\\/\",\"name\":\"24GLIWICE - Portal Gliwice | codziennie nowe wiadomo\u015bci\",\"description\":\"Portal Miejski Gliwice\",\"publisher\":{\"@id\":\"https:\\\/\\\/www.24gliwice.pl\\\/wiadomosci\\\/#organization\"},\"potentialAction\":[{\"@type\":\"SearchAction\",\"target\":{\"@type\":\"EntryPoint\",\"urlTemplate\":\"https:\\\/\\\/www.24gliwice.pl\\\/wiadomosci\\\/?s={search_term_string}\"},\"query-input\":{\"@type\":\"PropertyValueSpecification\",\"valueRequired\":true,\"valueName\":\"search_term_string\"}}],\"inLanguage\":\"pl-PL\"},{\"@type\":\"Organization\",\"@id\":\"https:\\\/\\\/www.24gliwice.pl\\\/wiadomosci\\\/#organization\",\"name\":\"24gliwice\",\"url\":\"https:\\\/\\\/www.24gliwice.pl\\\/wiadomosci\\\/\",\"logo\":{\"@type\":\"ImageObject\",\"inLanguage\":\"pl-PL\",\"@id\":\"https:\\\/\\\/www.24gliwice.pl\\\/wiadomosci\\\/#\\\/schema\\\/logo\\\/image\\\/\",\"url\":\"https:\\\/\\\/www.24gliwice.pl\\\/wiadomosci\\\/wp-content\\\/uploads\\\/2024\\\/10\\\/24gliwice-logo-696.jpg\",\"contentUrl\":\"https:\\\/\\\/www.24gliwice.pl\\\/wiadomosci\\\/wp-content\\\/uploads\\\/2024\\\/10\\\/24gliwice-logo-696.jpg\",\"width\":696,\"height\":696,\"caption\":\"24gliwice\"},\"image\":{\"@id\":\"https:\\\/\\\/www.24gliwice.pl\\\/wiadomosci\\\/#\\\/schema\\\/logo\\\/image\\\/\"},\"sameAs\":[\"https:\\\/\\\/www.facebook.com\\\/24gliwice\",\"https:\\\/\\\/x.com\\\/24gliwice\",\"https:\\\/\\\/www.youtube.com\\\/@24gliwice\"]},{\"@type\":\"Person\",\"@id\":\"https:\\\/\\\/www.24gliwice.pl\\\/wiadomosci\\\/#\\\/schema\\\/person\\\/cb5857e4a4d048c15984c1edcc8ef0c0\",\"name\":\"Marcin Fabrykowski\",\"image\":{\"@type\":\"ImageObject\",\"inLanguage\":\"pl-PL\",\"@id\":\"https:\\\/\\\/www.24gliwice.pl\\\/wiadomosci\\\/wp-content\\\/uploads\\\/2025\\\/11\\\/zdjecie-moje-marcin-300-96x96.jpg\",\"url\":\"https:\\\/\\\/www.24gliwice.pl\\\/wiadomosci\\\/wp-content\\\/uploads\\\/2025\\\/11\\\/zdjecie-moje-marcin-300-96x96.jpg\",\"contentUrl\":\"https:\\\/\\\/www.24gliwice.pl\\\/wiadomosci\\\/wp-content\\\/uploads\\\/2025\\\/11\\\/zdjecie-moje-marcin-300-96x96.jpg\",\"caption\":\"Marcin Fabrykowski\"},\"sameAs\":[\"http:\\\/\\\/24gliwice.pl\",\"https:\\\/\\\/www.facebook.com\\\/marcin.fabrykowski\"],\"url\":\"https:\\\/\\\/www.24gliwice.pl\\\/wiadomosci\\\/author\\\/marcin-fabrykowski\\\/\"}]}<\/script>\n<!-- \/ Yoast SEO plugin. -->","yoast_head_json":{"title":"3 sekcje w CV, kt\u00f3re sprawiaj\u0105 najwi\u0119cej problem\u00f3w. Na to pracodawcy zwracaj\u0105 uwag\u0119 - 24GLIWICE - Portal Gliwice | codziennie nowe informacje","robots":{"index":"index","follow":"follow","max-snippet":"max-snippet:-1","max-image-preview":"max-image-preview:large","max-video-preview":"max-video-preview:-1"},"canonical":"https:\/\/www.24gliwice.pl\/wiadomosci\/3-sekcje-w-cv-ktore-sprawiaja-najwiecej-problemow-na-to-pracodawcy-zwracaja-uwage\/","og_locale":"pl_PL","og_type":"article","og_title":"3 sekcje w CV, kt\u00f3re sprawiaj\u0105 najwi\u0119cej problem\u00f3w. Na to pracodawcy zwracaj\u0105 uwag\u0119 - 24GLIWICE - Portal Gliwice | codziennie nowe informacje","og_description":"Przygotowujesz w\u0142a\u015bnie swojej CV i nie wiesz do ko\u0144ca co i gdzie nale\u017cy wpisa\u0107? Czy przygotowa\u0142e\u015b swoje podsumowanie zawodowe, umiej\u0119tno\u015bci i czy uwzgl\u0119dni\u0142e\u015b swoje osi\u0105gni\u0119cia? Je\u015bli nie jeste\u015b pewien, przeczytaj artyku\u0142 i dowiedz si\u0119 jak wpisa\u0107 te informacje i zainteresowa\u0107 nimi rekruter\u00f3w! Sp\u00f3jrz te\u017c na kompleksowy poradnik, w kt\u00f3rym nauczysz si\u0119, jak napisa\u0107 profesjonalne CV. [&hellip;]","og_url":"https:\/\/www.24gliwice.pl\/wiadomosci\/3-sekcje-w-cv-ktore-sprawiaja-najwiecej-problemow-na-to-pracodawcy-zwracaja-uwage\/","og_site_name":"24GLIWICE - Portal Gliwice | codziennie nowe informacje","article_publisher":"https:\/\/www.facebook.com\/24gliwice","article_author":"https:\/\/www.facebook.com\/marcin.fabrykowski","article_published_time":"2017-07-04T10:12:19+00:00","article_modified_time":"2026-04-01T14:54:45+00:00","og_image":[{"width":1920,"height":1024,"url":"https:\/\/www.24gliwice.pl\/wiadomosci\/wp-content\/uploads\/2017\/07\/kreator-interviewme.jpg","type":"image\/jpeg"}],"author":"Marcin Fabrykowski","twitter_card":"summary_large_image","twitter_creator":"@24gliwice","twitter_site":"@24gliwice","twitter_misc":{"Napisane przez":"Marcin Fabrykowski","Szacowany czas czytania":"4 minuty"},"schema":{"@context":"https:\/\/schema.org","@graph":[{"@type":"Article","@id":"https:\/\/www.24gliwice.pl\/wiadomosci\/3-sekcje-w-cv-ktore-sprawiaja-najwiecej-problemow-na-to-pracodawcy-zwracaja-uwage\/#article","isPartOf":{"@id":"https:\/\/www.24gliwice.pl\/wiadomosci\/3-sekcje-w-cv-ktore-sprawiaja-najwiecej-problemow-na-to-pracodawcy-zwracaja-uwage\/"},"author":{"name":"Marcin Fabrykowski","@id":"https:\/\/www.24gliwice.pl\/wiadomosci\/#\/schema\/person\/cb5857e4a4d048c15984c1edcc8ef0c0"},"headline":"3 sekcje w CV, kt\u00f3re sprawiaj\u0105 najwi\u0119cej problem\u00f3w. Na to pracodawcy zwracaj\u0105 uwag\u0119","datePublished":"2017-07-04T10:12:19+00:00","dateModified":"2026-04-01T14:54:45+00:00","mainEntityOfPage":{"@id":"https:\/\/www.24gliwice.pl\/wiadomosci\/3-sekcje-w-cv-ktore-sprawiaja-najwiecej-problemow-na-to-pracodawcy-zwracaja-uwage\/"},"wordCount":726,"publisher":{"@id":"https:\/\/www.24gliwice.pl\/wiadomosci\/#organization"},"image":{"@id":"https:\/\/www.24gliwice.pl\/wiadomosci\/3-sekcje-w-cv-ktore-sprawiaja-najwiecej-problemow-na-to-pracodawcy-zwracaja-uwage\/#primaryimage"},"thumbnailUrl":"https:\/\/www.24gliwice.pl\/wiadomosci\/wp-content\/uploads\/2017\/07\/kreator-interviewme.jpg","keywords":["cv","podanie o prac\u0119"],"articleSection":["Najnowsze wiadomo\u015bci"],"inLanguage":"pl-PL"},{"@type":"WebPage","@id":"https:\/\/www.24gliwice.pl\/wiadomosci\/3-sekcje-w-cv-ktore-sprawiaja-najwiecej-problemow-na-to-pracodawcy-zwracaja-uwage\/","url":"https:\/\/www.24gliwice.pl\/wiadomosci\/3-sekcje-w-cv-ktore-sprawiaja-najwiecej-problemow-na-to-pracodawcy-zwracaja-uwage\/","name":"3 sekcje w CV, kt\u00f3re sprawiaj\u0105 najwi\u0119cej problem\u00f3w. Na to pracodawcy zwracaj\u0105 uwag\u0119 - 24GLIWICE - Portal Gliwice | codziennie nowe informacje","isPartOf":{"@id":"https:\/\/www.24gliwice.pl\/wiadomosci\/#website"},"primaryImageOfPage":{"@id":"https:\/\/www.24gliwice.pl\/wiadomosci\/3-sekcje-w-cv-ktore-sprawiaja-najwiecej-problemow-na-to-pracodawcy-zwracaja-uwage\/#primaryimage"},"image":{"@id":"https:\/\/www.24gliwice.pl\/wiadomosci\/3-sekcje-w-cv-ktore-sprawiaja-najwiecej-problemow-na-to-pracodawcy-zwracaja-uwage\/#primaryimage"},"thumbnailUrl":"https:\/\/www.24gliwice.pl\/wiadomosci\/wp-content\/uploads\/2017\/07\/kreator-interviewme.jpg","datePublished":"2017-07-04T10:12:19+00:00","dateModified":"2026-04-01T14:54:45+00:00","breadcrumb":{"@id":"https:\/\/www.24gliwice.pl\/wiadomosci\/3-sekcje-w-cv-ktore-sprawiaja-najwiecej-problemow-na-to-pracodawcy-zwracaja-uwage\/#breadcrumb"},"inLanguage":"pl-PL","potentialAction":[{"@type":"ReadAction","target":["https:\/\/www.24gliwice.pl\/wiadomosci\/3-sekcje-w-cv-ktore-sprawiaja-najwiecej-problemow-na-to-pracodawcy-zwracaja-uwage\/"]}]},{"@type":"ImageObject","inLanguage":"pl-PL","@id":"https:\/\/www.24gliwice.pl\/wiadomosci\/3-sekcje-w-cv-ktore-sprawiaja-najwiecej-problemow-na-to-pracodawcy-zwracaja-uwage\/#primaryimage","url":"https:\/\/www.24gliwice.pl\/wiadomosci\/wp-content\/uploads\/2017\/07\/kreator-interviewme.jpg","contentUrl":"https:\/\/www.24gliwice.pl\/wiadomosci\/wp-content\/uploads\/2017\/07\/kreator-interviewme.jpg","width":1920,"height":1024},{"@type":"BreadcrumbList","@id":"https:\/\/www.24gliwice.pl\/wiadomosci\/3-sekcje-w-cv-ktore-sprawiaja-najwiecej-problemow-na-to-pracodawcy-zwracaja-uwage\/#breadcrumb","itemListElement":[{"@type":"ListItem","position":1,"name":"Strona g\u0142\u00f3wna","item":"https:\/\/www.24gliwice.pl\/wiadomosci\/"},{"@type":"ListItem","position":2,"name":"3 sekcje w CV, kt\u00f3re sprawiaj\u0105 najwi\u0119cej problem\u00f3w. Na to pracodawcy zwracaj\u0105 uwag\u0119"}]},{"@type":"WebSite","@id":"https:\/\/www.24gliwice.pl\/wiadomosci\/#website","url":"https:\/\/www.24gliwice.pl\/wiadomosci\/","name":"24GLIWICE - Portal Gliwice | codziennie nowe wiadomo\u015bci","description":"Portal Miejski Gliwice","publisher":{"@id":"https:\/\/www.24gliwice.pl\/wiadomosci\/#organization"},"potentialAction":[{"@type":"SearchAction","target":{"@type":"EntryPoint","urlTemplate":"https:\/\/www.24gliwice.pl\/wiadomosci\/?s={search_term_string}"},"query-input":{"@type":"PropertyValueSpecification","valueRequired":true,"valueName":"search_term_string"}}],"inLanguage":"pl-PL"},{"@type":"Organization","@id":"https:\/\/www.24gliwice.pl\/wiadomosci\/#organization","name":"24gliwice","url":"https:\/\/www.24gliwice.pl\/wiadomosci\/","logo":{"@type":"ImageObject","inLanguage":"pl-PL","@id":"https:\/\/www.24gliwice.pl\/wiadomosci\/#\/schema\/logo\/image\/","url":"https:\/\/www.24gliwice.pl\/wiadomosci\/wp-content\/uploads\/2024\/10\/24gliwice-logo-696.jpg","contentUrl":"https:\/\/www.24gliwice.pl\/wiadomosci\/wp-content\/uploads\/2024\/10\/24gliwice-logo-696.jpg","width":696,"height":696,"caption":"24gliwice"},"image":{"@id":"https:\/\/www.24gliwice.pl\/wiadomosci\/#\/schema\/logo\/image\/"},"sameAs":["https:\/\/www.facebook.com\/24gliwice","https:\/\/x.com\/24gliwice","https:\/\/www.youtube.com\/@24gliwice"]},{"@type":"Person","@id":"https:\/\/www.24gliwice.pl\/wiadomosci\/#\/schema\/person\/cb5857e4a4d048c15984c1edcc8ef0c0","name":"Marcin Fabrykowski","image":{"@type":"ImageObject","inLanguage":"pl-PL","@id":"https:\/\/www.24gliwice.pl\/wiadomosci\/wp-content\/uploads\/2025\/11\/zdjecie-moje-marcin-300-96x96.jpg","url":"https:\/\/www.24gliwice.pl\/wiadomosci\/wp-content\/uploads\/2025\/11\/zdjecie-moje-marcin-300-96x96.jpg","contentUrl":"https:\/\/www.24gliwice.pl\/wiadomosci\/wp-content\/uploads\/2025\/11\/zdjecie-moje-marcin-300-96x96.jpg","caption":"Marcin Fabrykowski"},"sameAs":["http:\/\/24gliwice.pl","https:\/\/www.facebook.com\/marcin.fabrykowski"],"url":"https:\/\/www.24gliwice.pl\/wiadomosci\/author\/marcin-fabrykowski\/"}]}},"_links":{"self":[{"href":"https:\/\/www.24gliwice.pl\/wiadomosci\/wp-json\/wp\/v2\/posts\/101206","targetHints":{"allow":["GET"]}}],"collection":[{"href":"https:\/\/www.24gliwice.pl\/wiadomosci\/wp-json\/wp\/v2\/posts"}],"about":[{"href":"https:\/\/www.24gliwice.pl\/wiadomosci\/wp-json\/wp\/v2\/types\/post"}],"author":[{"embeddable":true,"href":"https:\/\/www.24gliwice.pl\/wiadomosci\/wp-json\/wp\/v2\/users\/4"}],"replies":[{"embeddable":true,"href":"https:\/\/www.24gliwice.pl\/wiadomosci\/wp-json\/wp\/v2\/comments?post=101206"}],"version-history":[{"count":11,"href":"https:\/\/www.24gliwice.pl\/wiadomosci\/wp-json\/wp\/v2\/posts\/101206\/revisions"}],"predecessor-version":[{"id":268712,"href":"https:\/\/www.24gliwice.pl\/wiadomosci\/wp-json\/wp\/v2\/posts\/101206\/revisions\/268712"}],"wp:featuredmedia":[{"embeddable":true,"href":"https:\/\/www.24gliwice.pl\/wiadomosci\/wp-json\/wp\/v2\/media\/101217"}],"wp:attachment":[{"href":"https:\/\/www.24gliwice.pl\/wiadomosci\/wp-json\/wp\/v2\/media?parent=101206"}],"wp:term":[{"taxonomy":"category","embeddable":true,"href":"https:\/\/www.24gliwice.pl\/wiadomosci\/wp-json\/wp\/v2\/categories?post=101206"},{"taxonomy":"post_tag","embeddable":true,"href":"https:\/\/www.24gliwice.pl\/wiadomosci\/wp-json\/wp\/v2\/tags?post=101206"}],"curies":[{"name":"wp","href":"https:\/\/api.w.org\/{rel}","templated":true}]}}