{"id":101289,"date":"2017-07-05T16:08:57","date_gmt":"2017-07-05T14:08:57","guid":{"rendered":"http:\/\/www.24gliwice.pl\/wiadomosci\/?p=101289"},"modified":"2017-07-05T16:08:57","modified_gmt":"2017-07-05T14:08:57","slug":"zaczyna-sie-remont-zabrzanskiego-odcinka-dts-na-poczatek-zwezenia-pozniej-ruch-dwukierunkowy","status":"publish","type":"post","link":"https:\/\/www.24gliwice.pl\/wiadomosci\/zaczyna-sie-remont-zabrzanskiego-odcinka-dts-na-poczatek-zwezenia-pozniej-ruch-dwukierunkowy\/","title":{"rendered":"Zaczyna si\u0119 remont zabrza\u0144skiego odcinka DT\u015a. Na pocz\u0105tek zw\u0119\u017cenia, p\u00f3\u017aniej ruch dwukierunkowy"},"content":{"rendered":"<div class=\"gliwi-a6-nad-leadem-artykulow gliwi-entity-placement\" id=\"gliwi-1721076741\"><div class=\"gliwi-adlabel\"><span style=\"font-size: 9px\">REKLAMA<\/span><\/div><div id=\"gliwi-2873714391\" style=\"margin-bottom: 25px;margin-left: auto;margin-right: auto;text-align: center;\"><a data-no-instant=\"1\" href=\"https:\/\/dom100.eu\/\" rel=\"noopener\" class=\"a2t-link\" target=\"_blank\" aria-label=\"20260415 DOM100 D\"><img loading=\"lazy\" decoding=\"async\" src=\"https:\/\/www.24gliwice.pl\/wiadomosci\/wp-content\/uploads\/2026\/04\/20260415-DOM100-D.jpg\" alt=\"\"  srcset=\"https:\/\/www.24gliwice.pl\/wiadomosci\/wp-content\/uploads\/2026\/04\/20260415-DOM100-D.jpg 750w, https:\/\/www.24gliwice.pl\/wiadomosci\/wp-content\/uploads\/2026\/04\/20260415-DOM100-D-410x109.jpg 410w\" sizes=\"(max-width: 750px) 100vw, 750px\" class=\"no-lazyload\" width=\"750\" height=\"200\"  style=\"display: inline-block; max-width: 100%; height: auto;\" \/><\/a><\/div><\/div><h4>Kierowcy powinni zachowa\u0107 zwi\u0119kszon\u0105 ostro\u017cno\u015b\u0107 na Drogowej Trasie \u015arednicowej. Od \u015brody 5 lipca, na odcinku przy granicy z Zabrzem wprowadzono tymczasow\u0105 organizacj\u0119 ruchu.<\/h4>\n<p>Zmiany spowodowane s\u0105 pracami, kt\u00f3re realizowane b\u0119d\u0105 w ci\u0105gu DT\u015a na zabrza\u0144skim odcinku. Szczeg\u00f3ln\u0105 uwag\u0119 musz\u0105 zwraca\u0107 kierowcy jad\u0105cy z Gliwic w kierunku Katowic: b\u0119dzie tam zaw\u0119\u017cenie z 3 do 2 pas\u00f3w ruchu, natomiast dla poruszaj\u0105cych si\u0119 od strony Katowic do centrum Gliwic, ruch odbywa\u0142 si\u0119 b\u0119dzie tylko 1 pasem ruchu. Zarz\u0105d Dr\u00f3g Miejskich apeluje o stosowanie si\u0119 do znak\u00f3w informuj\u0105cych o ograniczeniu pr\u0119dko\u015bci.<\/p>\n[perfectpullquote align=&#8221;full&#8221; cite=&#8221;&#8221; link=&#8221;&#8221; color=&#8221;&#8221; class=&#8221;&#8221; size=&#8221;&#8221;]Prace prowadzone w lipcu zwi\u0105zane s\u0105 z wykonaniem przejazd\u00f3w przez pas rozdzia\u0142u, co spowoduje czasowe wy\u0142\u0105czenie wewn\u0119trznych pas\u00f3w ruchu.[\/perfectpullquote]\n<p>W miesi\u0105cach sierpie\u0144 \u2013 pa\u017adziernik b\u0119dzie realizowany pierwszy etap naprawy nawierzchni, co wi\u0105\u017ce si\u0119 z konieczno\u015bci\u0105 zamkni\u0119cia naprzemiennego jezdni p\u00f3\u0142nocnej (w stron\u0119 Gliwic), a w drugiej kolejno\u015bci jezdni po\u0142udniowej (w stron\u0119 Katowic).<\/p><div class=\"gliwi-a3-w-tresci-artykulow gliwi-entity-placement\" id=\"gliwi-2325753341\"><div class=\"gliwi-adlabel\"><span style=\"font-size: 9px\">REKLAMA<\/span><\/div><div id=\"gliwi-2780925730\" style=\"margin-bottom: 30px;margin-left: auto;margin-right: auto;text-align: center;\"><a data-no-instant=\"1\" href=\"https:\/\/ogrodyandersa.pl\/\" rel=\"noopener\" class=\"a2t-link\" target=\"_blank\" aria-label=\"20260415 Ogrody Andersa KUP TERAZ D\"><img loading=\"lazy\" decoding=\"async\" src=\"https:\/\/www.24gliwice.pl\/wiadomosci\/wp-content\/uploads\/2026\/04\/20260415-Ogrody-Andersa-KUP-TERAZ-D.jpg\" alt=\"\"  srcset=\"https:\/\/www.24gliwice.pl\/wiadomosci\/wp-content\/uploads\/2026\/04\/20260415-Ogrody-Andersa-KUP-TERAZ-D.jpg 750w, https:\/\/www.24gliwice.pl\/wiadomosci\/wp-content\/uploads\/2026\/04\/20260415-Ogrody-Andersa-KUP-TERAZ-D-410x109.jpg 410w\" sizes=\"(max-width: 750px) 100vw, 750px\" class=\"no-lazyload\" width=\"750\" height=\"200\"  style=\"display: inline-block; max-width: 100%; height: auto;\" \/><\/a><\/div><\/div>\n<p>Na czas rob\u00f3t b\u0119dzie utrzymany ruch dwukierunkowy, kt\u00f3ry zostanie poprowadzony jedn\u0105 jezdni\u0105 z wykorzystaniem wykonanych uprzednio przejazd\u00f3w przez pas rozdzia\u0142u. W\u0119ze\u0142 zjazdowy do ronda na ulicy Roosevelta\/Sikorskiego b\u0119dzie wy\u0142\u0105czony z ruchu.<\/p>\n<p>(\u017cms)<\/p>\n<div class=\"gliwi-a5-na-koncu-artykulow gliwi-entity-placement\" id=\"gliwi-3397637633\"><div class=\"gliwi-adlabel\"><span style=\"font-size: 9px\">REKLAMA<\/span><\/div><div id=\"gliwi-3940942919\" style=\"margin-left: auto;margin-right: auto;text-align: center;\"><a data-no-instant=\"1\" href=\"https:\/\/prezeroarenagliwice.pl\/\" rel=\"noopener\" class=\"a2t-link\" target=\"_blank\" aria-label=\"20260309-PREZERO-WIOSNA-D\"><img loading=\"lazy\" decoding=\"async\" src=\"https:\/\/www.24gliwice.pl\/wiadomosci\/wp-content\/uploads\/2026\/03\/20260309-PREZERO-WIOSNA-D.webp\" alt=\"\"  srcset=\"https:\/\/www.24gliwice.pl\/wiadomosci\/wp-content\/uploads\/2026\/03\/20260309-PREZERO-WIOSNA-D.webp 750w, https:\/\/www.24gliwice.pl\/wiadomosci\/wp-content\/uploads\/2026\/03\/20260309-PREZERO-WIOSNA-D-410x109.webp 410w\" sizes=\"(max-width: 750px) 100vw, 750px\" class=\"no-lazyload\" width=\"750\" height=\"200\"  style=\"display: inline-block; max-width: 100%; height: auto;\" \/><\/a><\/div><\/div>","protected":false},"excerpt":{"rendered":"<p>Kierowcy powinni zachowa\u0107 zwi\u0119kszon\u0105 ostro\u017cno\u015b\u0107 na Drogowej Trasie \u015arednicowej. Od \u015brody 5 lipca, na odcinku przy granicy z Zabrzem wprowadzono tymczasow\u0105 organizacj\u0119 ruchu. Zmiany spowodowane s\u0105 pracami, kt\u00f3re realizowane b\u0119d\u0105 w ci\u0105gu DT\u015a na zabrza\u0144skim odcinku. Szczeg\u00f3ln\u0105 uwag\u0119 musz\u0105 zwraca\u0107 kierowcy jad\u0105cy z Gliwic w kierunku Katowic: b\u0119dzie tam zaw\u0119\u017cenie z 3 do 2 pas\u00f3w [&hellip;]<\/p>\n","protected":false},"author":15,"featured_media":101330,"comment_status":"open","ping_status":"closed","sticky":false,"template":"","format":"standard","meta":{"_monsterinsights_skip_tracking":false,"_monsterinsights_sitenote_active":false,"_monsterinsights_sitenote_note":"","_monsterinsights_sitenote_category":0,"footnotes":"","_links_to":"","_links_to_target":""},"categories":[3,1],"tags":[1197,9683,8440,9436],"class_list":["post-101289","post","type-post","status-publish","format-standard","has-post-thumbnail","hentry","category-gliwice","category-wszystko","tag-dts","tag-remont-nawierzchni","tag-utrudnienia-ruchu","tag-zmiana-organizacji-ruchu"],"yoast_head":"<!-- This site is optimized with the Yoast SEO plugin v27.4 - https:\/\/yoast.com\/product\/yoast-seo-wordpress\/ -->\n<title>Zaczyna si\u0119 remont zabrza\u0144skiego odcinka DT\u015a. Na pocz\u0105tek zw\u0119\u017cenia, p\u00f3\u017aniej ruch dwukierunkowy - 24GLIWICE - Portal Gliwice | codziennie nowe informacje<\/title>\n<meta name=\"robots\" content=\"index, follow, max-snippet:-1, max-image-preview:large, max-video-preview:-1\" \/>\n<link rel=\"canonical\" href=\"https:\/\/www.24gliwice.pl\/wiadomosci\/zaczyna-sie-remont-zabrzanskiego-odcinka-dts-na-poczatek-zwezenia-pozniej-ruch-dwukierunkowy\/\" \/>\n<meta property=\"og:locale\" content=\"pl_PL\" \/>\n<meta property=\"og:type\" content=\"article\" \/>\n<meta property=\"og:title\" content=\"Zaczyna si\u0119 remont zabrza\u0144skiego odcinka DT\u015a. Na pocz\u0105tek zw\u0119\u017cenia, p\u00f3\u017aniej ruch dwukierunkowy - 24GLIWICE - Portal Gliwice | codziennie nowe informacje\" \/>\n<meta property=\"og:description\" content=\"Kierowcy powinni zachowa\u0107 zwi\u0119kszon\u0105 ostro\u017cno\u015b\u0107 na Drogowej Trasie \u015arednicowej. Od \u015brody 5 lipca, na odcinku przy granicy z Zabrzem wprowadzono tymczasow\u0105 organizacj\u0119 ruchu. Zmiany spowodowane s\u0105 pracami, kt\u00f3re realizowane b\u0119d\u0105 w ci\u0105gu DT\u015a na zabrza\u0144skim odcinku. Szczeg\u00f3ln\u0105 uwag\u0119 musz\u0105 zwraca\u0107 kierowcy jad\u0105cy z Gliwic w kierunku Katowic: b\u0119dzie tam zaw\u0119\u017cenie z 3 do 2 pas\u00f3w [&hellip;]\" \/>\n<meta property=\"og:url\" content=\"https:\/\/www.24gliwice.pl\/wiadomosci\/zaczyna-sie-remont-zabrzanskiego-odcinka-dts-na-poczatek-zwezenia-pozniej-ruch-dwukierunkowy\/\" \/>\n<meta property=\"og:site_name\" content=\"24GLIWICE - Portal Gliwice | codziennie nowe informacje\" \/>\n<meta property=\"article:publisher\" content=\"https:\/\/www.facebook.com\/24gliwice\" \/>\n<meta property=\"article:published_time\" content=\"2017-07-05T14:08:57+00:00\" \/>\n<meta property=\"og:image\" content=\"https:\/\/www.24gliwice.pl\/wiadomosci\/wp-content\/uploads\/2017\/07\/1-dts-remont-001.jpg\" \/>\n\t<meta property=\"og:image:width\" content=\"810\" \/>\n\t<meta property=\"og:image:height\" content=\"418\" \/>\n\t<meta property=\"og:image:type\" content=\"image\/jpeg\" \/>\n<meta name=\"author\" content=\"\u017baneta Mrozek-Siewierska\" \/>\n<meta name=\"twitter:card\" content=\"summary_large_image\" \/>\n<meta name=\"twitter:creator\" content=\"@24gliwice\" \/>\n<meta name=\"twitter:site\" content=\"@24gliwice\" \/>\n<meta name=\"twitter:label1\" content=\"Napisane przez\" \/>\n\t<meta name=\"twitter:data1\" content=\"\u017baneta Mrozek-Siewierska\" \/>\n\t<meta name=\"twitter:label2\" content=\"Szacowany czas czytania\" \/>\n\t<meta name=\"twitter:data2\" content=\"1 minuta\" \/>\n<script type=\"application\/ld+json\" class=\"yoast-schema-graph\">{\"@context\":\"https:\\\/\\\/schema.org\",\"@graph\":[{\"@type\":\"Article\",\"@id\":\"https:\\\/\\\/www.24gliwice.pl\\\/wiadomosci\\\/zaczyna-sie-remont-zabrzanskiego-odcinka-dts-na-poczatek-zwezenia-pozniej-ruch-dwukierunkowy\\\/#article\",\"isPartOf\":{\"@id\":\"https:\\\/\\\/www.24gliwice.pl\\\/wiadomosci\\\/zaczyna-sie-remont-zabrzanskiego-odcinka-dts-na-poczatek-zwezenia-pozniej-ruch-dwukierunkowy\\\/\"},\"author\":{\"name\":\"\u017baneta Mrozek-Siewierska\",\"@id\":\"https:\\\/\\\/www.24gliwice.pl\\\/wiadomosci\\\/#\\\/schema\\\/person\\\/e42c650edd7f2fa332be3811fb166b6e\"},\"headline\":\"Zaczyna si\u0119 remont zabrza\u0144skiego odcinka DT\u015a. Na pocz\u0105tek zw\u0119\u017cenia, p\u00f3\u017aniej ruch dwukierunkowy\",\"datePublished\":\"2017-07-05T14:08:57+00:00\",\"mainEntityOfPage\":{\"@id\":\"https:\\\/\\\/www.24gliwice.pl\\\/wiadomosci\\\/zaczyna-sie-remont-zabrzanskiego-odcinka-dts-na-poczatek-zwezenia-pozniej-ruch-dwukierunkowy\\\/\"},\"wordCount\":233,\"commentCount\":0,\"publisher\":{\"@id\":\"https:\\\/\\\/www.24gliwice.pl\\\/wiadomosci\\\/#organization\"},\"image\":{\"@id\":\"https:\\\/\\\/www.24gliwice.pl\\\/wiadomosci\\\/zaczyna-sie-remont-zabrzanskiego-odcinka-dts-na-poczatek-zwezenia-pozniej-ruch-dwukierunkowy\\\/#primaryimage\"},\"thumbnailUrl\":\"https:\\\/\\\/www.24gliwice.pl\\\/wiadomosci\\\/wp-content\\\/uploads\\\/2017\\\/07\\\/1-dts-remont-001.jpg\",\"keywords\":[\"DT\u015a\",\"remont nawierzchni\",\"UTRUDNIENIA RUCHU\",\"ZMIANA ORGANIZACJI RUCHU\"],\"articleSection\":[\"Gliwice\",\"Najnowsze wiadomo\u015bci\"],\"inLanguage\":\"pl-PL\",\"potentialAction\":[{\"@type\":\"CommentAction\",\"name\":\"Comment\",\"target\":[\"https:\\\/\\\/www.24gliwice.pl\\\/wiadomosci\\\/zaczyna-sie-remont-zabrzanskiego-odcinka-dts-na-poczatek-zwezenia-pozniej-ruch-dwukierunkowy\\\/#respond\"]}]},{\"@type\":\"WebPage\",\"@id\":\"https:\\\/\\\/www.24gliwice.pl\\\/wiadomosci\\\/zaczyna-sie-remont-zabrzanskiego-odcinka-dts-na-poczatek-zwezenia-pozniej-ruch-dwukierunkowy\\\/\",\"url\":\"https:\\\/\\\/www.24gliwice.pl\\\/wiadomosci\\\/zaczyna-sie-remont-zabrzanskiego-odcinka-dts-na-poczatek-zwezenia-pozniej-ruch-dwukierunkowy\\\/\",\"name\":\"Zaczyna si\u0119 remont zabrza\u0144skiego odcinka DT\u015a. Na pocz\u0105tek zw\u0119\u017cenia, p\u00f3\u017aniej ruch dwukierunkowy - 24GLIWICE - Portal Gliwice | codziennie nowe informacje\",\"isPartOf\":{\"@id\":\"https:\\\/\\\/www.24gliwice.pl\\\/wiadomosci\\\/#website\"},\"primaryImageOfPage\":{\"@id\":\"https:\\\/\\\/www.24gliwice.pl\\\/wiadomosci\\\/zaczyna-sie-remont-zabrzanskiego-odcinka-dts-na-poczatek-zwezenia-pozniej-ruch-dwukierunkowy\\\/#primaryimage\"},\"image\":{\"@id\":\"https:\\\/\\\/www.24gliwice.pl\\\/wiadomosci\\\/zaczyna-sie-remont-zabrzanskiego-odcinka-dts-na-poczatek-zwezenia-pozniej-ruch-dwukierunkowy\\\/#primaryimage\"},\"thumbnailUrl\":\"https:\\\/\\\/www.24gliwice.pl\\\/wiadomosci\\\/wp-content\\\/uploads\\\/2017\\\/07\\\/1-dts-remont-001.jpg\",\"datePublished\":\"2017-07-05T14:08:57+00:00\",\"breadcrumb\":{\"@id\":\"https:\\\/\\\/www.24gliwice.pl\\\/wiadomosci\\\/zaczyna-sie-remont-zabrzanskiego-odcinka-dts-na-poczatek-zwezenia-pozniej-ruch-dwukierunkowy\\\/#breadcrumb\"},\"inLanguage\":\"pl-PL\",\"potentialAction\":[{\"@type\":\"ReadAction\",\"target\":[\"https:\\\/\\\/www.24gliwice.pl\\\/wiadomosci\\\/zaczyna-sie-remont-zabrzanskiego-odcinka-dts-na-poczatek-zwezenia-pozniej-ruch-dwukierunkowy\\\/\"]}]},{\"@type\":\"ImageObject\",\"inLanguage\":\"pl-PL\",\"@id\":\"https:\\\/\\\/www.24gliwice.pl\\\/wiadomosci\\\/zaczyna-sie-remont-zabrzanskiego-odcinka-dts-na-poczatek-zwezenia-pozniej-ruch-dwukierunkowy\\\/#primaryimage\",\"url\":\"https:\\\/\\\/www.24gliwice.pl\\\/wiadomosci\\\/wp-content\\\/uploads\\\/2017\\\/07\\\/1-dts-remont-001.jpg\",\"contentUrl\":\"https:\\\/\\\/www.24gliwice.pl\\\/wiadomosci\\\/wp-content\\\/uploads\\\/2017\\\/07\\\/1-dts-remont-001.jpg\",\"width\":810,\"height\":418},{\"@type\":\"BreadcrumbList\",\"@id\":\"https:\\\/\\\/www.24gliwice.pl\\\/wiadomosci\\\/zaczyna-sie-remont-zabrzanskiego-odcinka-dts-na-poczatek-zwezenia-pozniej-ruch-dwukierunkowy\\\/#breadcrumb\",\"itemListElement\":[{\"@type\":\"ListItem\",\"position\":1,\"name\":\"Strona g\u0142\u00f3wna\",\"item\":\"https:\\\/\\\/www.24gliwice.pl\\\/wiadomosci\\\/\"},{\"@type\":\"ListItem\",\"position\":2,\"name\":\"Zaczyna si\u0119 remont zabrza\u0144skiego odcinka DT\u015a. Na pocz\u0105tek zw\u0119\u017cenia, p\u00f3\u017aniej ruch dwukierunkowy\"}]},{\"@type\":\"WebSite\",\"@id\":\"https:\\\/\\\/www.24gliwice.pl\\\/wiadomosci\\\/#website\",\"url\":\"https:\\\/\\\/www.24gliwice.pl\\\/wiadomosci\\\/\",\"name\":\"24GLIWICE - Portal Gliwice | codziennie nowe wiadomo\u015bci\",\"description\":\"Portal Miejski Gliwice\",\"publisher\":{\"@id\":\"https:\\\/\\\/www.24gliwice.pl\\\/wiadomosci\\\/#organization\"},\"potentialAction\":[{\"@type\":\"SearchAction\",\"target\":{\"@type\":\"EntryPoint\",\"urlTemplate\":\"https:\\\/\\\/www.24gliwice.pl\\\/wiadomosci\\\/?s={search_term_string}\"},\"query-input\":{\"@type\":\"PropertyValueSpecification\",\"valueRequired\":true,\"valueName\":\"search_term_string\"}}],\"inLanguage\":\"pl-PL\"},{\"@type\":\"Organization\",\"@id\":\"https:\\\/\\\/www.24gliwice.pl\\\/wiadomosci\\\/#organization\",\"name\":\"24gliwice\",\"url\":\"https:\\\/\\\/www.24gliwice.pl\\\/wiadomosci\\\/\",\"logo\":{\"@type\":\"ImageObject\",\"inLanguage\":\"pl-PL\",\"@id\":\"https:\\\/\\\/www.24gliwice.pl\\\/wiadomosci\\\/#\\\/schema\\\/logo\\\/image\\\/\",\"url\":\"https:\\\/\\\/www.24gliwice.pl\\\/wiadomosci\\\/wp-content\\\/uploads\\\/2024\\\/10\\\/24gliwice-logo-696.jpg\",\"contentUrl\":\"https:\\\/\\\/www.24gliwice.pl\\\/wiadomosci\\\/wp-content\\\/uploads\\\/2024\\\/10\\\/24gliwice-logo-696.jpg\",\"width\":696,\"height\":696,\"caption\":\"24gliwice\"},\"image\":{\"@id\":\"https:\\\/\\\/www.24gliwice.pl\\\/wiadomosci\\\/#\\\/schema\\\/logo\\\/image\\\/\"},\"sameAs\":[\"https:\\\/\\\/www.facebook.com\\\/24gliwice\",\"https:\\\/\\\/x.com\\\/24gliwice\",\"https:\\\/\\\/www.youtube.com\\\/@24gliwice\"]},{\"@type\":\"Person\",\"@id\":\"https:\\\/\\\/www.24gliwice.pl\\\/wiadomosci\\\/#\\\/schema\\\/person\\\/e42c650edd7f2fa332be3811fb166b6e\",\"name\":\"\u017baneta Mrozek-Siewierska\",\"image\":{\"@type\":\"ImageObject\",\"inLanguage\":\"pl-PL\",\"@id\":\"https:\\\/\\\/www.24gliwice.pl\\\/wiadomosci\\\/wp-content\\\/uploads\\\/2021\\\/11\\\/Zaneta-M_S-zdjecie-czb-96x96.jpg\",\"url\":\"https:\\\/\\\/www.24gliwice.pl\\\/wiadomosci\\\/wp-content\\\/uploads\\\/2021\\\/11\\\/Zaneta-M_S-zdjecie-czb-96x96.jpg\",\"contentUrl\":\"https:\\\/\\\/www.24gliwice.pl\\\/wiadomosci\\\/wp-content\\\/uploads\\\/2021\\\/11\\\/Zaneta-M_S-zdjecie-czb-96x96.jpg\",\"caption\":\"\u017baneta Mrozek-Siewierska\"},\"url\":\"https:\\\/\\\/www.24gliwice.pl\\\/wiadomosci\\\/author\\\/zms\\\/\"}]}<\/script>\n<!-- \/ Yoast SEO plugin. -->","yoast_head_json":{"title":"Zaczyna si\u0119 remont zabrza\u0144skiego odcinka DT\u015a. Na pocz\u0105tek zw\u0119\u017cenia, p\u00f3\u017aniej ruch dwukierunkowy - 24GLIWICE - Portal Gliwice | codziennie nowe informacje","robots":{"index":"index","follow":"follow","max-snippet":"max-snippet:-1","max-image-preview":"max-image-preview:large","max-video-preview":"max-video-preview:-1"},"canonical":"https:\/\/www.24gliwice.pl\/wiadomosci\/zaczyna-sie-remont-zabrzanskiego-odcinka-dts-na-poczatek-zwezenia-pozniej-ruch-dwukierunkowy\/","og_locale":"pl_PL","og_type":"article","og_title":"Zaczyna si\u0119 remont zabrza\u0144skiego odcinka DT\u015a. Na pocz\u0105tek zw\u0119\u017cenia, p\u00f3\u017aniej ruch dwukierunkowy - 24GLIWICE - Portal Gliwice | codziennie nowe informacje","og_description":"Kierowcy powinni zachowa\u0107 zwi\u0119kszon\u0105 ostro\u017cno\u015b\u0107 na Drogowej Trasie \u015arednicowej. Od \u015brody 5 lipca, na odcinku przy granicy z Zabrzem wprowadzono tymczasow\u0105 organizacj\u0119 ruchu. Zmiany spowodowane s\u0105 pracami, kt\u00f3re realizowane b\u0119d\u0105 w ci\u0105gu DT\u015a na zabrza\u0144skim odcinku. Szczeg\u00f3ln\u0105 uwag\u0119 musz\u0105 zwraca\u0107 kierowcy jad\u0105cy z Gliwic w kierunku Katowic: b\u0119dzie tam zaw\u0119\u017cenie z 3 do 2 pas\u00f3w [&hellip;]","og_url":"https:\/\/www.24gliwice.pl\/wiadomosci\/zaczyna-sie-remont-zabrzanskiego-odcinka-dts-na-poczatek-zwezenia-pozniej-ruch-dwukierunkowy\/","og_site_name":"24GLIWICE - Portal Gliwice | codziennie nowe informacje","article_publisher":"https:\/\/www.facebook.com\/24gliwice","article_published_time":"2017-07-05T14:08:57+00:00","og_image":[{"width":810,"height":418,"url":"https:\/\/www.24gliwice.pl\/wiadomosci\/wp-content\/uploads\/2017\/07\/1-dts-remont-001.jpg","type":"image\/jpeg"}],"author":"\u017baneta Mrozek-Siewierska","twitter_card":"summary_large_image","twitter_creator":"@24gliwice","twitter_site":"@24gliwice","twitter_misc":{"Napisane przez":"\u017baneta Mrozek-Siewierska","Szacowany czas czytania":"1 minuta"},"schema":{"@context":"https:\/\/schema.org","@graph":[{"@type":"Article","@id":"https:\/\/www.24gliwice.pl\/wiadomosci\/zaczyna-sie-remont-zabrzanskiego-odcinka-dts-na-poczatek-zwezenia-pozniej-ruch-dwukierunkowy\/#article","isPartOf":{"@id":"https:\/\/www.24gliwice.pl\/wiadomosci\/zaczyna-sie-remont-zabrzanskiego-odcinka-dts-na-poczatek-zwezenia-pozniej-ruch-dwukierunkowy\/"},"author":{"name":"\u017baneta Mrozek-Siewierska","@id":"https:\/\/www.24gliwice.pl\/wiadomosci\/#\/schema\/person\/e42c650edd7f2fa332be3811fb166b6e"},"headline":"Zaczyna si\u0119 remont zabrza\u0144skiego odcinka DT\u015a. Na pocz\u0105tek zw\u0119\u017cenia, p\u00f3\u017aniej ruch dwukierunkowy","datePublished":"2017-07-05T14:08:57+00:00","mainEntityOfPage":{"@id":"https:\/\/www.24gliwice.pl\/wiadomosci\/zaczyna-sie-remont-zabrzanskiego-odcinka-dts-na-poczatek-zwezenia-pozniej-ruch-dwukierunkowy\/"},"wordCount":233,"commentCount":0,"publisher":{"@id":"https:\/\/www.24gliwice.pl\/wiadomosci\/#organization"},"image":{"@id":"https:\/\/www.24gliwice.pl\/wiadomosci\/zaczyna-sie-remont-zabrzanskiego-odcinka-dts-na-poczatek-zwezenia-pozniej-ruch-dwukierunkowy\/#primaryimage"},"thumbnailUrl":"https:\/\/www.24gliwice.pl\/wiadomosci\/wp-content\/uploads\/2017\/07\/1-dts-remont-001.jpg","keywords":["DT\u015a","remont nawierzchni","UTRUDNIENIA RUCHU","ZMIANA ORGANIZACJI RUCHU"],"articleSection":["Gliwice","Najnowsze wiadomo\u015bci"],"inLanguage":"pl-PL","potentialAction":[{"@type":"CommentAction","name":"Comment","target":["https:\/\/www.24gliwice.pl\/wiadomosci\/zaczyna-sie-remont-zabrzanskiego-odcinka-dts-na-poczatek-zwezenia-pozniej-ruch-dwukierunkowy\/#respond"]}]},{"@type":"WebPage","@id":"https:\/\/www.24gliwice.pl\/wiadomosci\/zaczyna-sie-remont-zabrzanskiego-odcinka-dts-na-poczatek-zwezenia-pozniej-ruch-dwukierunkowy\/","url":"https:\/\/www.24gliwice.pl\/wiadomosci\/zaczyna-sie-remont-zabrzanskiego-odcinka-dts-na-poczatek-zwezenia-pozniej-ruch-dwukierunkowy\/","name":"Zaczyna si\u0119 remont zabrza\u0144skiego odcinka DT\u015a. Na pocz\u0105tek zw\u0119\u017cenia, p\u00f3\u017aniej ruch dwukierunkowy - 24GLIWICE - Portal Gliwice | codziennie nowe informacje","isPartOf":{"@id":"https:\/\/www.24gliwice.pl\/wiadomosci\/#website"},"primaryImageOfPage":{"@id":"https:\/\/www.24gliwice.pl\/wiadomosci\/zaczyna-sie-remont-zabrzanskiego-odcinka-dts-na-poczatek-zwezenia-pozniej-ruch-dwukierunkowy\/#primaryimage"},"image":{"@id":"https:\/\/www.24gliwice.pl\/wiadomosci\/zaczyna-sie-remont-zabrzanskiego-odcinka-dts-na-poczatek-zwezenia-pozniej-ruch-dwukierunkowy\/#primaryimage"},"thumbnailUrl":"https:\/\/www.24gliwice.pl\/wiadomosci\/wp-content\/uploads\/2017\/07\/1-dts-remont-001.jpg","datePublished":"2017-07-05T14:08:57+00:00","breadcrumb":{"@id":"https:\/\/www.24gliwice.pl\/wiadomosci\/zaczyna-sie-remont-zabrzanskiego-odcinka-dts-na-poczatek-zwezenia-pozniej-ruch-dwukierunkowy\/#breadcrumb"},"inLanguage":"pl-PL","potentialAction":[{"@type":"ReadAction","target":["https:\/\/www.24gliwice.pl\/wiadomosci\/zaczyna-sie-remont-zabrzanskiego-odcinka-dts-na-poczatek-zwezenia-pozniej-ruch-dwukierunkowy\/"]}]},{"@type":"ImageObject","inLanguage":"pl-PL","@id":"https:\/\/www.24gliwice.pl\/wiadomosci\/zaczyna-sie-remont-zabrzanskiego-odcinka-dts-na-poczatek-zwezenia-pozniej-ruch-dwukierunkowy\/#primaryimage","url":"https:\/\/www.24gliwice.pl\/wiadomosci\/wp-content\/uploads\/2017\/07\/1-dts-remont-001.jpg","contentUrl":"https:\/\/www.24gliwice.pl\/wiadomosci\/wp-content\/uploads\/2017\/07\/1-dts-remont-001.jpg","width":810,"height":418},{"@type":"BreadcrumbList","@id":"https:\/\/www.24gliwice.pl\/wiadomosci\/zaczyna-sie-remont-zabrzanskiego-odcinka-dts-na-poczatek-zwezenia-pozniej-ruch-dwukierunkowy\/#breadcrumb","itemListElement":[{"@type":"ListItem","position":1,"name":"Strona g\u0142\u00f3wna","item":"https:\/\/www.24gliwice.pl\/wiadomosci\/"},{"@type":"ListItem","position":2,"name":"Zaczyna si\u0119 remont zabrza\u0144skiego odcinka DT\u015a. Na pocz\u0105tek zw\u0119\u017cenia, p\u00f3\u017aniej ruch dwukierunkowy"}]},{"@type":"WebSite","@id":"https:\/\/www.24gliwice.pl\/wiadomosci\/#website","url":"https:\/\/www.24gliwice.pl\/wiadomosci\/","name":"24GLIWICE - Portal Gliwice | codziennie nowe wiadomo\u015bci","description":"Portal Miejski Gliwice","publisher":{"@id":"https:\/\/www.24gliwice.pl\/wiadomosci\/#organization"},"potentialAction":[{"@type":"SearchAction","target":{"@type":"EntryPoint","urlTemplate":"https:\/\/www.24gliwice.pl\/wiadomosci\/?s={search_term_string}"},"query-input":{"@type":"PropertyValueSpecification","valueRequired":true,"valueName":"search_term_string"}}],"inLanguage":"pl-PL"},{"@type":"Organization","@id":"https:\/\/www.24gliwice.pl\/wiadomosci\/#organization","name":"24gliwice","url":"https:\/\/www.24gliwice.pl\/wiadomosci\/","logo":{"@type":"ImageObject","inLanguage":"pl-PL","@id":"https:\/\/www.24gliwice.pl\/wiadomosci\/#\/schema\/logo\/image\/","url":"https:\/\/www.24gliwice.pl\/wiadomosci\/wp-content\/uploads\/2024\/10\/24gliwice-logo-696.jpg","contentUrl":"https:\/\/www.24gliwice.pl\/wiadomosci\/wp-content\/uploads\/2024\/10\/24gliwice-logo-696.jpg","width":696,"height":696,"caption":"24gliwice"},"image":{"@id":"https:\/\/www.24gliwice.pl\/wiadomosci\/#\/schema\/logo\/image\/"},"sameAs":["https:\/\/www.facebook.com\/24gliwice","https:\/\/x.com\/24gliwice","https:\/\/www.youtube.com\/@24gliwice"]},{"@type":"Person","@id":"https:\/\/www.24gliwice.pl\/wiadomosci\/#\/schema\/person\/e42c650edd7f2fa332be3811fb166b6e","name":"\u017baneta Mrozek-Siewierska","image":{"@type":"ImageObject","inLanguage":"pl-PL","@id":"https:\/\/www.24gliwice.pl\/wiadomosci\/wp-content\/uploads\/2021\/11\/Zaneta-M_S-zdjecie-czb-96x96.jpg","url":"https:\/\/www.24gliwice.pl\/wiadomosci\/wp-content\/uploads\/2021\/11\/Zaneta-M_S-zdjecie-czb-96x96.jpg","contentUrl":"https:\/\/www.24gliwice.pl\/wiadomosci\/wp-content\/uploads\/2021\/11\/Zaneta-M_S-zdjecie-czb-96x96.jpg","caption":"\u017baneta Mrozek-Siewierska"},"url":"https:\/\/www.24gliwice.pl\/wiadomosci\/author\/zms\/"}]}},"_links":{"self":[{"href":"https:\/\/www.24gliwice.pl\/wiadomosci\/wp-json\/wp\/v2\/posts\/101289","targetHints":{"allow":["GET"]}}],"collection":[{"href":"https:\/\/www.24gliwice.pl\/wiadomosci\/wp-json\/wp\/v2\/posts"}],"about":[{"href":"https:\/\/www.24gliwice.pl\/wiadomosci\/wp-json\/wp\/v2\/types\/post"}],"author":[{"embeddable":true,"href":"https:\/\/www.24gliwice.pl\/wiadomosci\/wp-json\/wp\/v2\/users\/15"}],"replies":[{"embeddable":true,"href":"https:\/\/www.24gliwice.pl\/wiadomosci\/wp-json\/wp\/v2\/comments?post=101289"}],"version-history":[{"count":10,"href":"https:\/\/www.24gliwice.pl\/wiadomosci\/wp-json\/wp\/v2\/posts\/101289\/revisions"}],"predecessor-version":[{"id":101336,"href":"https:\/\/www.24gliwice.pl\/wiadomosci\/wp-json\/wp\/v2\/posts\/101289\/revisions\/101336"}],"wp:featuredmedia":[{"embeddable":true,"href":"https:\/\/www.24gliwice.pl\/wiadomosci\/wp-json\/wp\/v2\/media\/101330"}],"wp:attachment":[{"href":"https:\/\/www.24gliwice.pl\/wiadomosci\/wp-json\/wp\/v2\/media?parent=101289"}],"wp:term":[{"taxonomy":"category","embeddable":true,"href":"https:\/\/www.24gliwice.pl\/wiadomosci\/wp-json\/wp\/v2\/categories?post=101289"},{"taxonomy":"post_tag","embeddable":true,"href":"https:\/\/www.24gliwice.pl\/wiadomosci\/wp-json\/wp\/v2\/tags?post=101289"}],"curies":[{"name":"wp","href":"https:\/\/api.w.org\/{rel}","templated":true}]}}