{"id":101526,"date":"2017-07-13T01:43:36","date_gmt":"2017-07-12T23:43:36","guid":{"rendered":"http:\/\/www.24gliwice.pl\/wiadomosci\/?p=101526"},"modified":"2017-07-13T01:53:21","modified_gmt":"2017-07-12T23:53:21","slug":"dawny-mdk-bedzie-siedziba-gliwickiej-ksse-powstaja-biura-i-sala-konferencyjna","status":"publish","type":"post","link":"https:\/\/www.24gliwice.pl\/wiadomosci\/dawny-mdk-bedzie-siedziba-gliwickiej-ksse-powstaja-biura-i-sala-konferencyjna\/","title":{"rendered":"Dawny MDK b\u0119dzie siedzib\u0105 gliwickiej KSSE. Powstaj\u0105 biura i sala konferencyjna"},"content":{"rendered":"<div class=\"gliwi-a6-nad-leadem-artykulow gliwi-entity-placement\" id=\"gliwi-3112587417\"><div class=\"gliwi-adlabel\"><span style=\"font-size: 9px\">REKLAMA<\/span><\/div><div id=\"gliwi-2503513979\" style=\"margin-bottom: 30px;margin-left: auto;margin-right: auto;text-align: center;\"><a data-no-instant=\"1\" href=\"https:\/\/przedszkole.halogen.org.pl\/\" rel=\"noopener\" class=\"a2t-link\" target=\"_blank\" aria-label=\"20260402-ANIMATOR-przedszkole_grafika_750x200\"><img loading=\"lazy\" decoding=\"async\" src=\"https:\/\/www.24gliwice.pl\/wiadomosci\/wp-content\/uploads\/2026\/04\/20260402-ANIMATOR-przedszkole_grafika_750x200.webp\" alt=\"\"  srcset=\"https:\/\/www.24gliwice.pl\/wiadomosci\/wp-content\/uploads\/2026\/04\/20260402-ANIMATOR-przedszkole_grafika_750x200.webp 750w, https:\/\/www.24gliwice.pl\/wiadomosci\/wp-content\/uploads\/2026\/04\/20260402-ANIMATOR-przedszkole_grafika_750x200-410x109.webp 410w\" sizes=\"(max-width: 750px) 100vw, 750px\" class=\"no-lazyload\" width=\"750\" height=\"200\"  style=\"display: inline-block; max-width: 100%; height: auto;\" \/><\/a><\/div><\/div><h4>Powoli dobiega ko\u0144ca modernizacja by\u0142ej siedziby M\u0142odzie\u017cowego Domu Kultury przy ul. Rybnickiej 29. Budynek nale\u017c\u0105cy do Katowickiej Specjalnej Strefy Ekonomicznej przechodzi gruntown\u0105 przemian\u0119, a w jego wn\u0119trzu wkr\u00f3tce powstan\u0105 nowoczesne biura.<\/h4>\n<p>&#8211; W budynku b\u0119dzie si\u0119 mie\u015bci\u0142a siedziba Podstrefy Gliwickiej Katowickiej Specjalnej Strefy Ekonomicznej S.A. Opr\u00f3cz tego b\u0119d\u0105 tu pomieszczenia biurowe na wynajem oraz sala konferencyjna przeznaczona do dyspozycji KSSE oraz najemc\u00f3w &#8211; informuje nas <strong>Jadwiga Ozgowicz-Chru\u015bciel<\/strong> z KSSE Gliwice. <\/p>\n<p>Przybli\u017cona powierzchnia u\u017cytkowa budynku to 762 m2. Zgodnie z zapowiedziami sprzed remontu, inwestor zdecydowa\u0142 si\u0119 na zaadaptowaniu piwnic budynku. W wysokich (2,70m) przestrzeniach zaplanowano cz\u0119\u015b\u0107 gastronomiczn\u0105 pod wynajem (z przeznaczeniem na restauracj\u0119 lub &#8220;klub inwestora&#8221;). Budynek ma cztery kondygnacje, kt\u00f3re mieszcz\u0105 ponad 50 pomieszcze\u0144, ogr\u00f3d i parking na 21 miejsc postojowych. W trakcie przebudowy dokonano solidnej zmiany uk\u0142adu wewn\u0119trznego budynku, w tym stworzono m.in. jedn\u0105 klatk\u0119 schodow\u0105 wraz z wind\u0105.<\/p><div class=\"gliwi-a3-w-tresci-artykulow gliwi-entity-placement\" id=\"gliwi-933768918\"><div class=\"gliwi-adlabel\"><span style=\"font-size: 9px\">REKLAMA<\/span><\/div><div id=\"gliwi-2794333222\" style=\"margin-bottom: 30px;margin-left: auto;margin-right: auto;text-align: center;\"><a data-no-instant=\"1\" href=\"https:\/\/ogrodyandersa.pl\/\" rel=\"noopener\" class=\"a2t-link\" target=\"_blank\" aria-label=\"20260415 Ogrody Andersa KUP TERAZ D\"><img loading=\"lazy\" decoding=\"async\" src=\"https:\/\/www.24gliwice.pl\/wiadomosci\/wp-content\/uploads\/2026\/04\/20260415-Ogrody-Andersa-KUP-TERAZ-D.jpg\" alt=\"\"  srcset=\"https:\/\/www.24gliwice.pl\/wiadomosci\/wp-content\/uploads\/2026\/04\/20260415-Ogrody-Andersa-KUP-TERAZ-D.jpg 750w, https:\/\/www.24gliwice.pl\/wiadomosci\/wp-content\/uploads\/2026\/04\/20260415-Ogrody-Andersa-KUP-TERAZ-D-410x109.jpg 410w\" sizes=\"(max-width: 750px) 100vw, 750px\" class=\"no-lazyload\" width=\"750\" height=\"200\"  style=\"display: inline-block; max-width: 100%; height: auto;\" \/><\/a><\/div><\/div>\n<p>Okaza\u0142a willa dobrze widoczna od strony ul. Rybnickiej, sporo b\u0119dzie skrywa\u0107 od swojej wewn\u0119trznej strony.<br \/>\n&#8211; Interwencja zak\u0142ada rekompozycj\u0119, tj. przeorientowanie g\u0142\u00f3wnego wej\u015bcia do budynku i powi\u0105zanie willi z ogrodem poprzez stworzenie patio wej\u015bciowego o randze adekwatnej do nowego przeznaczenia budynku &#8211; czytamy na stronie biura architektonicznego 9780 ARCHITEKCI Homi\u0144ski Jezierski Sp.J. z Krakowa, kt\u00f3re jest autorem przebudowy. <\/p>\n<p><img loading=\"lazy\" decoding=\"async\" src=\"http:\/\/www.24gliwice.pl\/wiadomosci\/wp-content\/uploads\/2017\/07\/gli01-662x496-663.jpg\" alt=\"\" width=\"661\" height=\"372\" class=\"aligncenter size-full wp-image-101530\" srcset=\"https:\/\/www.24gliwice.pl\/wiadomosci\/wp-content\/uploads\/2017\/07\/gli01-662x496-663.jpg 661w, https:\/\/www.24gliwice.pl\/wiadomosci\/wp-content\/uploads\/2017\/07\/gli01-662x496-663-410x232.jpg 410w\" sizes=\"auto, (max-width: 661px) 100vw, 661px\" \/><\/p>\n<p>W praktyce oznacza to zagospodarowanie teren\u00f3w zielonych znajduj\u0105cych si\u0119 za budynkiem. Wed\u0142ug projektu koncepcyjnego w ogrodzie ma powsta\u0107 drewniany podest wraz z pawilonem ogrodniczym oraz ma\u0142a fontanna. <\/p>\n<p>Budynek przy ul. Rybnickiej 29 powsta\u0142 w pierwszej po\u0142owie ubieg\u0142ego wieku. Przed wojn\u0105 stanowi\u0142 w\u0142asno\u015b\u0107 prywatn\u0105, jego w\u0142a\u015bcicielem by\u0142 najprawdopodobniej zarz\u0105dca kopalni w Gliwicach. Po zako\u0144czeniu II wojny \u015bwiatowej willa s\u0142u\u017cy\u0142a jako siedziba Stacji M\u0142odego Technika. W 1975 obiekt przekszta\u0142cono na M\u0142odzie\u017cowy Dom Kultury, a kilka lat p\u00f3\u017aniej przeprowadzono jego modernizacj\u0119. Funkcj\u0119 t\u0119 budynek pe\u0142ni\u0142 przez ponad 30 lat. Na pocz\u0105tku 2013 roku gliwicki magistrat og\u0142osi\u0142 przetarg na sprzeda\u017c nieruchomo\u015bci wraz z gruntem. Kosztem 1,5 mln z\u0142otych w\u0142a\u015bcicielem budynku zosta\u0142a KSSE.<\/p>\n<p><img loading=\"lazy\" decoding=\"async\" src=\"http:\/\/www.24gliwice.pl\/wiadomosci\/wp-content\/uploads\/2017\/07\/gli08-662x498-662x498.jpg\" alt=\"\" width=\"660\" height=\"371\" class=\"aligncenter size-full wp-image-101533\" srcset=\"https:\/\/www.24gliwice.pl\/wiadomosci\/wp-content\/uploads\/2017\/07\/gli08-662x498-662x498.jpg 660w, https:\/\/www.24gliwice.pl\/wiadomosci\/wp-content\/uploads\/2017\/07\/gli08-662x498-662x498-410x230.jpg 410w\" sizes=\"auto, (max-width: 660px) 100vw, 660px\" \/><\/p>\n<p>Sp\u00f3\u0142ka nie ujawnia jednak, jaki jest ca\u0142o\u015bciowy koszt rewitalizacji. Je\u017celi wszystko przebiegnie zgodnie z planem, modernizacja powinna zako\u0144czy\u0107 si\u0119 w przeci\u0105gu najbli\u017cszych miesi\u0119cy. B\u0119dzie to kolejna willa wyremontowana w ostatnim czasie w tym rejonie Gliwic. Nieopodal dawnego MDK, przy ul. Rybnickiej 27 w 2015 roku zako\u0144czy\u0142 si\u0119 remont Willi Neumanna. W nieruchomo\u015bci zlokalizowano siedzib\u0119 gliwickiego Przedsi\u0119biorstwa Wodoci\u0105g\u00f3w i Kanalizacji.<br \/>\n(msz)<br \/>\nwizualizacje 9780.pl<\/p>\n<div class=\"gliwi-a5-na-koncu-artykulow gliwi-entity-placement\" id=\"gliwi-3317111902\"><div class=\"gliwi-adlabel\"><span style=\"font-size: 9px\">REKLAMA<\/span><\/div><div id=\"gliwi-3128856153\" style=\"margin-left: auto;margin-right: auto;text-align: center;\"><a data-no-instant=\"1\" href=\"https:\/\/prezeroarenagliwice.pl\/\" rel=\"noopener\" class=\"a2t-link\" target=\"_blank\" aria-label=\"20260309-PREZERO-WIOSNA-D\"><img loading=\"lazy\" decoding=\"async\" src=\"https:\/\/www.24gliwice.pl\/wiadomosci\/wp-content\/uploads\/2026\/03\/20260309-PREZERO-WIOSNA-D.webp\" alt=\"\"  srcset=\"https:\/\/www.24gliwice.pl\/wiadomosci\/wp-content\/uploads\/2026\/03\/20260309-PREZERO-WIOSNA-D.webp 750w, https:\/\/www.24gliwice.pl\/wiadomosci\/wp-content\/uploads\/2026\/03\/20260309-PREZERO-WIOSNA-D-410x109.webp 410w\" sizes=\"(max-width: 750px) 100vw, 750px\" class=\"no-lazyload\" width=\"750\" height=\"200\"  style=\"display: inline-block; max-width: 100%; height: auto;\" \/><\/a><\/div><\/div>","protected":false},"excerpt":{"rendered":"<p>Powoli dobiega ko\u0144ca modernizacja by\u0142ej siedziby M\u0142odzie\u017cowego Domu Kultury przy ul. Rybnickiej 29. Budynek nale\u017c\u0105cy do Katowickiej Specjalnej Strefy Ekonomicznej przechodzi gruntown\u0105 przemian\u0119, a w jego wn\u0119trzu wkr\u00f3tce powstan\u0105 nowoczesne biura. &#8211; W budynku b\u0119dzie si\u0119 mie\u015bci\u0142a siedziba Podstrefy Gliwickiej Katowickiej Specjalnej Strefy Ekonomicznej S.A. Opr\u00f3cz tego b\u0119d\u0105 tu pomieszczenia biurowe na wynajem oraz sala [&hellip;]<\/p>\n","protected":false},"author":12,"featured_media":101536,"comment_status":"open","ping_status":"closed","sticky":false,"template":"","format":"standard","meta":{"_monsterinsights_skip_tracking":false,"_monsterinsights_sitenote_active":false,"_monsterinsights_sitenote_note":"","_monsterinsights_sitenote_category":0,"footnotes":"","_links_to":"","_links_to_target":""},"categories":[3,1,9],"tags":[3267,9680],"class_list":["post-101526","post","type-post","status-publish","format-standard","has-post-thumbnail","hentry","category-gliwice","category-wszystko","category-aktualnosci_lokalne","tag-ksse-gliwice","tag-willa"],"yoast_head":"<!-- This site is optimized with the Yoast SEO plugin v27.5 - https:\/\/yoast.com\/product\/yoast-seo-wordpress\/ -->\n<title>Dawny MDK b\u0119dzie siedzib\u0105 gliwickiej KSSE. Powstaj\u0105 biura i sala konferencyjna - 24GLIWICE - Portal Gliwice | codziennie nowe informacje<\/title>\n<meta name=\"robots\" content=\"index, follow, max-snippet:-1, max-image-preview:large, max-video-preview:-1\" \/>\n<link rel=\"canonical\" href=\"https:\/\/www.24gliwice.pl\/wiadomosci\/dawny-mdk-bedzie-siedziba-gliwickiej-ksse-powstaja-biura-i-sala-konferencyjna\/\" \/>\n<meta property=\"og:locale\" content=\"pl_PL\" \/>\n<meta property=\"og:type\" content=\"article\" \/>\n<meta property=\"og:title\" content=\"Dawny MDK b\u0119dzie siedzib\u0105 gliwickiej KSSE. Powstaj\u0105 biura i sala konferencyjna - 24GLIWICE - Portal Gliwice | codziennie nowe informacje\" \/>\n<meta property=\"og:description\" content=\"Powoli dobiega ko\u0144ca modernizacja by\u0142ej siedziby M\u0142odzie\u017cowego Domu Kultury przy ul. Rybnickiej 29. Budynek nale\u017c\u0105cy do Katowickiej Specjalnej Strefy Ekonomicznej przechodzi gruntown\u0105 przemian\u0119, a w jego wn\u0119trzu wkr\u00f3tce powstan\u0105 nowoczesne biura. &#8211; W budynku b\u0119dzie si\u0119 mie\u015bci\u0142a siedziba Podstrefy Gliwickiej Katowickiej Specjalnej Strefy Ekonomicznej S.A. Opr\u00f3cz tego b\u0119d\u0105 tu pomieszczenia biurowe na wynajem oraz sala [&hellip;]\" \/>\n<meta property=\"og:url\" content=\"https:\/\/www.24gliwice.pl\/wiadomosci\/dawny-mdk-bedzie-siedziba-gliwickiej-ksse-powstaja-biura-i-sala-konferencyjna\/\" \/>\n<meta property=\"og:site_name\" content=\"24GLIWICE - Portal Gliwice | codziennie nowe informacje\" \/>\n<meta property=\"article:publisher\" content=\"https:\/\/www.facebook.com\/24gliwice\" \/>\n<meta property=\"article:published_time\" content=\"2017-07-12T23:43:36+00:00\" \/>\n<meta property=\"article:modified_time\" content=\"2017-07-12T23:53:21+00:00\" \/>\n<meta property=\"og:image\" content=\"https:\/\/www.24gliwice.pl\/wiadomosci\/wp-content\/uploads\/2017\/07\/20170704_125253.jpg\" \/>\n\t<meta property=\"og:image:width\" content=\"1200\" \/>\n\t<meta property=\"og:image:height\" content=\"675\" \/>\n\t<meta property=\"og:image:type\" content=\"image\/jpeg\" \/>\n<meta name=\"author\" content=\"Micha\u0142 Szewczyk\" \/>\n<meta name=\"twitter:card\" content=\"summary_large_image\" \/>\n<meta name=\"twitter:creator\" content=\"@24gliwice\" \/>\n<meta name=\"twitter:site\" content=\"@24gliwice\" \/>\n<meta name=\"twitter:label1\" content=\"Napisane przez\" \/>\n\t<meta name=\"twitter:data1\" content=\"Micha\u0142 Szewczyk\" \/>\n\t<meta name=\"twitter:label2\" content=\"Szacowany czas czytania\" \/>\n\t<meta name=\"twitter:data2\" content=\"2 minuty\" \/>\n<script type=\"application\/ld+json\" class=\"yoast-schema-graph\">{\"@context\":\"https:\\\/\\\/schema.org\",\"@graph\":[{\"@type\":\"Article\",\"@id\":\"https:\\\/\\\/www.24gliwice.pl\\\/wiadomosci\\\/dawny-mdk-bedzie-siedziba-gliwickiej-ksse-powstaja-biura-i-sala-konferencyjna\\\/#article\",\"isPartOf\":{\"@id\":\"https:\\\/\\\/www.24gliwice.pl\\\/wiadomosci\\\/dawny-mdk-bedzie-siedziba-gliwickiej-ksse-powstaja-biura-i-sala-konferencyjna\\\/\"},\"author\":{\"name\":\"Micha\u0142 Szewczyk\",\"@id\":\"https:\\\/\\\/www.24gliwice.pl\\\/wiadomosci\\\/#\\\/schema\\\/person\\\/940e8f8a097e322de4f463f061ef8d45\"},\"headline\":\"Dawny MDK b\u0119dzie siedzib\u0105 gliwickiej KSSE. Powstaj\u0105 biura i sala konferencyjna\",\"datePublished\":\"2017-07-12T23:43:36+00:00\",\"dateModified\":\"2017-07-12T23:53:21+00:00\",\"mainEntityOfPage\":{\"@id\":\"https:\\\/\\\/www.24gliwice.pl\\\/wiadomosci\\\/dawny-mdk-bedzie-siedziba-gliwickiej-ksse-powstaja-biura-i-sala-konferencyjna\\\/\"},\"wordCount\":442,\"commentCount\":0,\"publisher\":{\"@id\":\"https:\\\/\\\/www.24gliwice.pl\\\/wiadomosci\\\/#organization\"},\"image\":{\"@id\":\"https:\\\/\\\/www.24gliwice.pl\\\/wiadomosci\\\/dawny-mdk-bedzie-siedziba-gliwickiej-ksse-powstaja-biura-i-sala-konferencyjna\\\/#primaryimage\"},\"thumbnailUrl\":\"https:\\\/\\\/www.24gliwice.pl\\\/wiadomosci\\\/wp-content\\\/uploads\\\/2017\\\/07\\\/20170704_125253.jpg\",\"keywords\":[\"ksse gliwice\",\"willa\"],\"articleSection\":[\"Gliwice\",\"Najnowsze wiadomo\u015bci\",\"Portal Gliwice - Wiadomo\u015bci lokalne\"],\"inLanguage\":\"pl-PL\",\"potentialAction\":[{\"@type\":\"CommentAction\",\"name\":\"Comment\",\"target\":[\"https:\\\/\\\/www.24gliwice.pl\\\/wiadomosci\\\/dawny-mdk-bedzie-siedziba-gliwickiej-ksse-powstaja-biura-i-sala-konferencyjna\\\/#respond\"]}]},{\"@type\":\"WebPage\",\"@id\":\"https:\\\/\\\/www.24gliwice.pl\\\/wiadomosci\\\/dawny-mdk-bedzie-siedziba-gliwickiej-ksse-powstaja-biura-i-sala-konferencyjna\\\/\",\"url\":\"https:\\\/\\\/www.24gliwice.pl\\\/wiadomosci\\\/dawny-mdk-bedzie-siedziba-gliwickiej-ksse-powstaja-biura-i-sala-konferencyjna\\\/\",\"name\":\"Dawny MDK b\u0119dzie siedzib\u0105 gliwickiej KSSE. Powstaj\u0105 biura i sala konferencyjna - 24GLIWICE - Portal Gliwice | codziennie nowe informacje\",\"isPartOf\":{\"@id\":\"https:\\\/\\\/www.24gliwice.pl\\\/wiadomosci\\\/#website\"},\"primaryImageOfPage\":{\"@id\":\"https:\\\/\\\/www.24gliwice.pl\\\/wiadomosci\\\/dawny-mdk-bedzie-siedziba-gliwickiej-ksse-powstaja-biura-i-sala-konferencyjna\\\/#primaryimage\"},\"image\":{\"@id\":\"https:\\\/\\\/www.24gliwice.pl\\\/wiadomosci\\\/dawny-mdk-bedzie-siedziba-gliwickiej-ksse-powstaja-biura-i-sala-konferencyjna\\\/#primaryimage\"},\"thumbnailUrl\":\"https:\\\/\\\/www.24gliwice.pl\\\/wiadomosci\\\/wp-content\\\/uploads\\\/2017\\\/07\\\/20170704_125253.jpg\",\"datePublished\":\"2017-07-12T23:43:36+00:00\",\"dateModified\":\"2017-07-12T23:53:21+00:00\",\"breadcrumb\":{\"@id\":\"https:\\\/\\\/www.24gliwice.pl\\\/wiadomosci\\\/dawny-mdk-bedzie-siedziba-gliwickiej-ksse-powstaja-biura-i-sala-konferencyjna\\\/#breadcrumb\"},\"inLanguage\":\"pl-PL\",\"potentialAction\":[{\"@type\":\"ReadAction\",\"target\":[\"https:\\\/\\\/www.24gliwice.pl\\\/wiadomosci\\\/dawny-mdk-bedzie-siedziba-gliwickiej-ksse-powstaja-biura-i-sala-konferencyjna\\\/\"]}]},{\"@type\":\"ImageObject\",\"inLanguage\":\"pl-PL\",\"@id\":\"https:\\\/\\\/www.24gliwice.pl\\\/wiadomosci\\\/dawny-mdk-bedzie-siedziba-gliwickiej-ksse-powstaja-biura-i-sala-konferencyjna\\\/#primaryimage\",\"url\":\"https:\\\/\\\/www.24gliwice.pl\\\/wiadomosci\\\/wp-content\\\/uploads\\\/2017\\\/07\\\/20170704_125253.jpg\",\"contentUrl\":\"https:\\\/\\\/www.24gliwice.pl\\\/wiadomosci\\\/wp-content\\\/uploads\\\/2017\\\/07\\\/20170704_125253.jpg\",\"width\":1200,\"height\":675},{\"@type\":\"BreadcrumbList\",\"@id\":\"https:\\\/\\\/www.24gliwice.pl\\\/wiadomosci\\\/dawny-mdk-bedzie-siedziba-gliwickiej-ksse-powstaja-biura-i-sala-konferencyjna\\\/#breadcrumb\",\"itemListElement\":[{\"@type\":\"ListItem\",\"position\":1,\"name\":\"Strona g\u0142\u00f3wna\",\"item\":\"https:\\\/\\\/www.24gliwice.pl\\\/wiadomosci\\\/\"},{\"@type\":\"ListItem\",\"position\":2,\"name\":\"Dawny MDK b\u0119dzie siedzib\u0105 gliwickiej KSSE. Powstaj\u0105 biura i sala konferencyjna\"}]},{\"@type\":\"WebSite\",\"@id\":\"https:\\\/\\\/www.24gliwice.pl\\\/wiadomosci\\\/#website\",\"url\":\"https:\\\/\\\/www.24gliwice.pl\\\/wiadomosci\\\/\",\"name\":\"24GLIWICE - Portal Gliwice | codziennie nowe wiadomo\u015bci\",\"description\":\"Portal Miejski Gliwice\",\"publisher\":{\"@id\":\"https:\\\/\\\/www.24gliwice.pl\\\/wiadomosci\\\/#organization\"},\"potentialAction\":[{\"@type\":\"SearchAction\",\"target\":{\"@type\":\"EntryPoint\",\"urlTemplate\":\"https:\\\/\\\/www.24gliwice.pl\\\/wiadomosci\\\/?s={search_term_string}\"},\"query-input\":{\"@type\":\"PropertyValueSpecification\",\"valueRequired\":true,\"valueName\":\"search_term_string\"}}],\"inLanguage\":\"pl-PL\"},{\"@type\":\"Organization\",\"@id\":\"https:\\\/\\\/www.24gliwice.pl\\\/wiadomosci\\\/#organization\",\"name\":\"24gliwice\",\"url\":\"https:\\\/\\\/www.24gliwice.pl\\\/wiadomosci\\\/\",\"logo\":{\"@type\":\"ImageObject\",\"inLanguage\":\"pl-PL\",\"@id\":\"https:\\\/\\\/www.24gliwice.pl\\\/wiadomosci\\\/#\\\/schema\\\/logo\\\/image\\\/\",\"url\":\"https:\\\/\\\/www.24gliwice.pl\\\/wiadomosci\\\/wp-content\\\/uploads\\\/2024\\\/10\\\/24gliwice-logo-696.jpg\",\"contentUrl\":\"https:\\\/\\\/www.24gliwice.pl\\\/wiadomosci\\\/wp-content\\\/uploads\\\/2024\\\/10\\\/24gliwice-logo-696.jpg\",\"width\":696,\"height\":696,\"caption\":\"24gliwice\"},\"image\":{\"@id\":\"https:\\\/\\\/www.24gliwice.pl\\\/wiadomosci\\\/#\\\/schema\\\/logo\\\/image\\\/\"},\"sameAs\":[\"https:\\\/\\\/www.facebook.com\\\/24gliwice\",\"https:\\\/\\\/x.com\\\/24gliwice\",\"https:\\\/\\\/www.youtube.com\\\/@24gliwice\"]},{\"@type\":\"Person\",\"@id\":\"https:\\\/\\\/www.24gliwice.pl\\\/wiadomosci\\\/#\\\/schema\\\/person\\\/940e8f8a097e322de4f463f061ef8d45\",\"name\":\"Micha\u0142 Szewczyk\",\"image\":{\"@type\":\"ImageObject\",\"inLanguage\":\"pl-PL\",\"@id\":\"https:\\\/\\\/secure.gravatar.com\\\/avatar\\\/771b8b6c74cd8d255e46392d605e01a86133900ef09b6ef3c8d451c9d92288cf?s=96&d=mm&r=g\",\"url\":\"https:\\\/\\\/secure.gravatar.com\\\/avatar\\\/771b8b6c74cd8d255e46392d605e01a86133900ef09b6ef3c8d451c9d92288cf?s=96&d=mm&r=g\",\"contentUrl\":\"https:\\\/\\\/secure.gravatar.com\\\/avatar\\\/771b8b6c74cd8d255e46392d605e01a86133900ef09b6ef3c8d451c9d92288cf?s=96&d=mm&r=g\",\"caption\":\"Micha\u0142 Szewczyk\"},\"sameAs\":[\"http:\\\/\\\/www.gazeta-miejska.pl\"],\"url\":\"https:\\\/\\\/www.24gliwice.pl\\\/wiadomosci\\\/author\\\/michal-szewczyk\\\/\"}]}<\/script>\n<!-- \/ Yoast SEO plugin. -->","yoast_head_json":{"title":"Dawny MDK b\u0119dzie siedzib\u0105 gliwickiej KSSE. Powstaj\u0105 biura i sala konferencyjna - 24GLIWICE - Portal Gliwice | codziennie nowe informacje","robots":{"index":"index","follow":"follow","max-snippet":"max-snippet:-1","max-image-preview":"max-image-preview:large","max-video-preview":"max-video-preview:-1"},"canonical":"https:\/\/www.24gliwice.pl\/wiadomosci\/dawny-mdk-bedzie-siedziba-gliwickiej-ksse-powstaja-biura-i-sala-konferencyjna\/","og_locale":"pl_PL","og_type":"article","og_title":"Dawny MDK b\u0119dzie siedzib\u0105 gliwickiej KSSE. Powstaj\u0105 biura i sala konferencyjna - 24GLIWICE - Portal Gliwice | codziennie nowe informacje","og_description":"Powoli dobiega ko\u0144ca modernizacja by\u0142ej siedziby M\u0142odzie\u017cowego Domu Kultury przy ul. Rybnickiej 29. Budynek nale\u017c\u0105cy do Katowickiej Specjalnej Strefy Ekonomicznej przechodzi gruntown\u0105 przemian\u0119, a w jego wn\u0119trzu wkr\u00f3tce powstan\u0105 nowoczesne biura. &#8211; W budynku b\u0119dzie si\u0119 mie\u015bci\u0142a siedziba Podstrefy Gliwickiej Katowickiej Specjalnej Strefy Ekonomicznej S.A. Opr\u00f3cz tego b\u0119d\u0105 tu pomieszczenia biurowe na wynajem oraz sala [&hellip;]","og_url":"https:\/\/www.24gliwice.pl\/wiadomosci\/dawny-mdk-bedzie-siedziba-gliwickiej-ksse-powstaja-biura-i-sala-konferencyjna\/","og_site_name":"24GLIWICE - Portal Gliwice | codziennie nowe informacje","article_publisher":"https:\/\/www.facebook.com\/24gliwice","article_published_time":"2017-07-12T23:43:36+00:00","article_modified_time":"2017-07-12T23:53:21+00:00","og_image":[{"width":1200,"height":675,"url":"https:\/\/www.24gliwice.pl\/wiadomosci\/wp-content\/uploads\/2017\/07\/20170704_125253.jpg","type":"image\/jpeg"}],"author":"Micha\u0142 Szewczyk","twitter_card":"summary_large_image","twitter_creator":"@24gliwice","twitter_site":"@24gliwice","twitter_misc":{"Napisane przez":"Micha\u0142 Szewczyk","Szacowany czas czytania":"2 minuty"},"schema":{"@context":"https:\/\/schema.org","@graph":[{"@type":"Article","@id":"https:\/\/www.24gliwice.pl\/wiadomosci\/dawny-mdk-bedzie-siedziba-gliwickiej-ksse-powstaja-biura-i-sala-konferencyjna\/#article","isPartOf":{"@id":"https:\/\/www.24gliwice.pl\/wiadomosci\/dawny-mdk-bedzie-siedziba-gliwickiej-ksse-powstaja-biura-i-sala-konferencyjna\/"},"author":{"name":"Micha\u0142 Szewczyk","@id":"https:\/\/www.24gliwice.pl\/wiadomosci\/#\/schema\/person\/940e8f8a097e322de4f463f061ef8d45"},"headline":"Dawny MDK b\u0119dzie siedzib\u0105 gliwickiej KSSE. Powstaj\u0105 biura i sala konferencyjna","datePublished":"2017-07-12T23:43:36+00:00","dateModified":"2017-07-12T23:53:21+00:00","mainEntityOfPage":{"@id":"https:\/\/www.24gliwice.pl\/wiadomosci\/dawny-mdk-bedzie-siedziba-gliwickiej-ksse-powstaja-biura-i-sala-konferencyjna\/"},"wordCount":442,"commentCount":0,"publisher":{"@id":"https:\/\/www.24gliwice.pl\/wiadomosci\/#organization"},"image":{"@id":"https:\/\/www.24gliwice.pl\/wiadomosci\/dawny-mdk-bedzie-siedziba-gliwickiej-ksse-powstaja-biura-i-sala-konferencyjna\/#primaryimage"},"thumbnailUrl":"https:\/\/www.24gliwice.pl\/wiadomosci\/wp-content\/uploads\/2017\/07\/20170704_125253.jpg","keywords":["ksse gliwice","willa"],"articleSection":["Gliwice","Najnowsze wiadomo\u015bci","Portal Gliwice - Wiadomo\u015bci lokalne"],"inLanguage":"pl-PL","potentialAction":[{"@type":"CommentAction","name":"Comment","target":["https:\/\/www.24gliwice.pl\/wiadomosci\/dawny-mdk-bedzie-siedziba-gliwickiej-ksse-powstaja-biura-i-sala-konferencyjna\/#respond"]}]},{"@type":"WebPage","@id":"https:\/\/www.24gliwice.pl\/wiadomosci\/dawny-mdk-bedzie-siedziba-gliwickiej-ksse-powstaja-biura-i-sala-konferencyjna\/","url":"https:\/\/www.24gliwice.pl\/wiadomosci\/dawny-mdk-bedzie-siedziba-gliwickiej-ksse-powstaja-biura-i-sala-konferencyjna\/","name":"Dawny MDK b\u0119dzie siedzib\u0105 gliwickiej KSSE. Powstaj\u0105 biura i sala konferencyjna - 24GLIWICE - Portal Gliwice | codziennie nowe informacje","isPartOf":{"@id":"https:\/\/www.24gliwice.pl\/wiadomosci\/#website"},"primaryImageOfPage":{"@id":"https:\/\/www.24gliwice.pl\/wiadomosci\/dawny-mdk-bedzie-siedziba-gliwickiej-ksse-powstaja-biura-i-sala-konferencyjna\/#primaryimage"},"image":{"@id":"https:\/\/www.24gliwice.pl\/wiadomosci\/dawny-mdk-bedzie-siedziba-gliwickiej-ksse-powstaja-biura-i-sala-konferencyjna\/#primaryimage"},"thumbnailUrl":"https:\/\/www.24gliwice.pl\/wiadomosci\/wp-content\/uploads\/2017\/07\/20170704_125253.jpg","datePublished":"2017-07-12T23:43:36+00:00","dateModified":"2017-07-12T23:53:21+00:00","breadcrumb":{"@id":"https:\/\/www.24gliwice.pl\/wiadomosci\/dawny-mdk-bedzie-siedziba-gliwickiej-ksse-powstaja-biura-i-sala-konferencyjna\/#breadcrumb"},"inLanguage":"pl-PL","potentialAction":[{"@type":"ReadAction","target":["https:\/\/www.24gliwice.pl\/wiadomosci\/dawny-mdk-bedzie-siedziba-gliwickiej-ksse-powstaja-biura-i-sala-konferencyjna\/"]}]},{"@type":"ImageObject","inLanguage":"pl-PL","@id":"https:\/\/www.24gliwice.pl\/wiadomosci\/dawny-mdk-bedzie-siedziba-gliwickiej-ksse-powstaja-biura-i-sala-konferencyjna\/#primaryimage","url":"https:\/\/www.24gliwice.pl\/wiadomosci\/wp-content\/uploads\/2017\/07\/20170704_125253.jpg","contentUrl":"https:\/\/www.24gliwice.pl\/wiadomosci\/wp-content\/uploads\/2017\/07\/20170704_125253.jpg","width":1200,"height":675},{"@type":"BreadcrumbList","@id":"https:\/\/www.24gliwice.pl\/wiadomosci\/dawny-mdk-bedzie-siedziba-gliwickiej-ksse-powstaja-biura-i-sala-konferencyjna\/#breadcrumb","itemListElement":[{"@type":"ListItem","position":1,"name":"Strona g\u0142\u00f3wna","item":"https:\/\/www.24gliwice.pl\/wiadomosci\/"},{"@type":"ListItem","position":2,"name":"Dawny MDK b\u0119dzie siedzib\u0105 gliwickiej KSSE. Powstaj\u0105 biura i sala konferencyjna"}]},{"@type":"WebSite","@id":"https:\/\/www.24gliwice.pl\/wiadomosci\/#website","url":"https:\/\/www.24gliwice.pl\/wiadomosci\/","name":"24GLIWICE - Portal Gliwice | codziennie nowe wiadomo\u015bci","description":"Portal Miejski Gliwice","publisher":{"@id":"https:\/\/www.24gliwice.pl\/wiadomosci\/#organization"},"potentialAction":[{"@type":"SearchAction","target":{"@type":"EntryPoint","urlTemplate":"https:\/\/www.24gliwice.pl\/wiadomosci\/?s={search_term_string}"},"query-input":{"@type":"PropertyValueSpecification","valueRequired":true,"valueName":"search_term_string"}}],"inLanguage":"pl-PL"},{"@type":"Organization","@id":"https:\/\/www.24gliwice.pl\/wiadomosci\/#organization","name":"24gliwice","url":"https:\/\/www.24gliwice.pl\/wiadomosci\/","logo":{"@type":"ImageObject","inLanguage":"pl-PL","@id":"https:\/\/www.24gliwice.pl\/wiadomosci\/#\/schema\/logo\/image\/","url":"https:\/\/www.24gliwice.pl\/wiadomosci\/wp-content\/uploads\/2024\/10\/24gliwice-logo-696.jpg","contentUrl":"https:\/\/www.24gliwice.pl\/wiadomosci\/wp-content\/uploads\/2024\/10\/24gliwice-logo-696.jpg","width":696,"height":696,"caption":"24gliwice"},"image":{"@id":"https:\/\/www.24gliwice.pl\/wiadomosci\/#\/schema\/logo\/image\/"},"sameAs":["https:\/\/www.facebook.com\/24gliwice","https:\/\/x.com\/24gliwice","https:\/\/www.youtube.com\/@24gliwice"]},{"@type":"Person","@id":"https:\/\/www.24gliwice.pl\/wiadomosci\/#\/schema\/person\/940e8f8a097e322de4f463f061ef8d45","name":"Micha\u0142 Szewczyk","image":{"@type":"ImageObject","inLanguage":"pl-PL","@id":"https:\/\/secure.gravatar.com\/avatar\/771b8b6c74cd8d255e46392d605e01a86133900ef09b6ef3c8d451c9d92288cf?s=96&d=mm&r=g","url":"https:\/\/secure.gravatar.com\/avatar\/771b8b6c74cd8d255e46392d605e01a86133900ef09b6ef3c8d451c9d92288cf?s=96&d=mm&r=g","contentUrl":"https:\/\/secure.gravatar.com\/avatar\/771b8b6c74cd8d255e46392d605e01a86133900ef09b6ef3c8d451c9d92288cf?s=96&d=mm&r=g","caption":"Micha\u0142 Szewczyk"},"sameAs":["http:\/\/www.gazeta-miejska.pl"],"url":"https:\/\/www.24gliwice.pl\/wiadomosci\/author\/michal-szewczyk\/"}]}},"_links":{"self":[{"href":"https:\/\/www.24gliwice.pl\/wiadomosci\/wp-json\/wp\/v2\/posts\/101526","targetHints":{"allow":["GET"]}}],"collection":[{"href":"https:\/\/www.24gliwice.pl\/wiadomosci\/wp-json\/wp\/v2\/posts"}],"about":[{"href":"https:\/\/www.24gliwice.pl\/wiadomosci\/wp-json\/wp\/v2\/types\/post"}],"author":[{"embeddable":true,"href":"https:\/\/www.24gliwice.pl\/wiadomosci\/wp-json\/wp\/v2\/users\/12"}],"replies":[{"embeddable":true,"href":"https:\/\/www.24gliwice.pl\/wiadomosci\/wp-json\/wp\/v2\/comments?post=101526"}],"version-history":[{"count":0,"href":"https:\/\/www.24gliwice.pl\/wiadomosci\/wp-json\/wp\/v2\/posts\/101526\/revisions"}],"wp:featuredmedia":[{"embeddable":true,"href":"https:\/\/www.24gliwice.pl\/wiadomosci\/wp-json\/wp\/v2\/media\/101536"}],"wp:attachment":[{"href":"https:\/\/www.24gliwice.pl\/wiadomosci\/wp-json\/wp\/v2\/media?parent=101526"}],"wp:term":[{"taxonomy":"category","embeddable":true,"href":"https:\/\/www.24gliwice.pl\/wiadomosci\/wp-json\/wp\/v2\/categories?post=101526"},{"taxonomy":"post_tag","embeddable":true,"href":"https:\/\/www.24gliwice.pl\/wiadomosci\/wp-json\/wp\/v2\/tags?post=101526"}],"curies":[{"name":"wp","href":"https:\/\/api.w.org\/{rel}","templated":true}]}}