{"id":101631,"date":"2017-07-12T15:02:56","date_gmt":"2017-07-12T13:02:56","guid":{"rendered":"http:\/\/www.24gliwice.pl\/wiadomosci\/?p=101631"},"modified":"2017-07-12T15:02:56","modified_gmt":"2017-07-12T13:02:56","slug":"od-czwartku-ruch-wahadlowy-na-ul-toszeckiej-dwuetapowe-prace-zostana-ukonczone-w-iv-kwartale","status":"publish","type":"post","link":"https:\/\/www.24gliwice.pl\/wiadomosci\/od-czwartku-ruch-wahadlowy-na-ul-toszeckiej-dwuetapowe-prace-zostana-ukonczone-w-iv-kwartale\/","title":{"rendered":"Od czwartku ruch wahad\u0142owy na ul. Toszeckiej. Dwuetapowe prace zostan\u0105 uko\u0144czone w IV kwartale"},"content":{"rendered":"<h4>Kierowcy musz\u0105 si\u0119 przygotowa\u0107 na utrudnienia przy pokonywaniu tej wa\u017cnej arterii komunikacyjnej \u0142\u0105cz\u0105cej Gliwice z Pyskowicami.<\/h4>\n<p>Na ulicy Toszeckiej zostanie wprowadzone ograniczenie pr\u0119dko\u015bci i ruch wahad\u0142owy. Zw\u0119\u017cenie b\u0119dzie mia\u0142o miejsce w rejonie skrzy\u017cowania z ul.Bor\u00f3wkow\u0105. W czwartek, 13 lipca, rozpoczynaj\u0105 si\u0119 tam prace zwi\u0105zane z budow\u0105 przepustu. <\/p>\n<p>Roboty podzielone zostan\u0105 na dwa etapy. Prace i tym samym utrudnienia w ruchu obejm\u0105 odcinek od skrzy\u017cowania ul. Toszeckiej z ul. Bor\u00f3wkow\u0105 w kierunku centrum Gliwic. Przebudowa powinna zako\u0144czy\u0107 si\u0119 w IV kwartale br.<\/p>\n<p><iframe loading=\"lazy\" src=\"https:\/\/www.google.com\/maps\/embed?pb=!1m0!4v1499857637633!6m8!1m7!1sRJfVxwO2cdKF3iZfZX4QMw!2m2!1d50.36735554638849!2d18.63732914031786!3f180!4f0!5f0.7820865974627469\" width=\"810\" height=\"455\" frameborder=\"0\" style=\"border:0\" allowfullscreen><\/iframe><\/p>\n","protected":false},"excerpt":{"rendered":"<p>Kierowcy musz\u0105 si\u0119 przygotowa\u0107 na utrudnienia przy pokonywaniu tej wa\u017cnej arterii komunikacyjnej \u0142\u0105cz\u0105cej Gliwice z Pyskowicami. Na ulicy Toszeckiej zostanie wprowadzone ograniczenie pr\u0119dko\u015bci i ruch wahad\u0142owy. Zw\u0119\u017cenie b\u0119dzie mia\u0142o miejsce w rejonie skrzy\u017cowania z ul.Bor\u00f3wkow\u0105. W czwartek, 13 lipca, rozpoczynaj\u0105 si\u0119 tam prace zwi\u0105zane z budow\u0105 przepustu. Roboty podzielone zostan\u0105 na dwa etapy. Prace i [&hellip;]<\/p>\n","protected":false},"author":15,"featured_media":101634,"comment_status":"open","ping_status":"closed","sticky":false,"template":"","format":"standard","meta":{"footnotes":""},"categories":[3,1],"tags":[9760,989,9374,474,9759,214],"class_list":["post-101631","post","type-post","status-publish","format-standard","has-post-thumbnail","hentry","category-gliwice","category-wszystko","tag-borowkowa","tag-remont","tag-ruch-wahadlowy","tag-toszecka","tag-wahadlo","tag-zdm"],"_links":{"self":[{"href":"https:\/\/www.24gliwice.pl\/wiadomosci\/wp-json\/wp\/v2\/posts\/101631","targetHints":{"allow":["GET"]}}],"collection":[{"href":"https:\/\/www.24gliwice.pl\/wiadomosci\/wp-json\/wp\/v2\/posts"}],"about":[{"href":"https:\/\/www.24gliwice.pl\/wiadomosci\/wp-json\/wp\/v2\/types\/post"}],"author":[{"embeddable":true,"href":"https:\/\/www.24gliwice.pl\/wiadomosci\/wp-json\/wp\/v2\/users\/15"}],"replies":[{"embeddable":true,"href":"https:\/\/www.24gliwice.pl\/wiadomosci\/wp-json\/wp\/v2\/comments?post=101631"}],"version-history":[{"count":0,"href":"https:\/\/www.24gliwice.pl\/wiadomosci\/wp-json\/wp\/v2\/posts\/101631\/revisions"}],"wp:featuredmedia":[{"embeddable":true,"href":"https:\/\/www.24gliwice.pl\/wiadomosci\/wp-json\/wp\/v2\/media\/101634"}],"wp:attachment":[{"href":"https:\/\/www.24gliwice.pl\/wiadomosci\/wp-json\/wp\/v2\/media?parent=101631"}],"wp:term":[{"taxonomy":"category","embeddable":true,"href":"https:\/\/www.24gliwice.pl\/wiadomosci\/wp-json\/wp\/v2\/categories?post=101631"},{"taxonomy":"post_tag","embeddable":true,"href":"https:\/\/www.24gliwice.pl\/wiadomosci\/wp-json\/wp\/v2\/tags?post=101631"}],"curies":[{"name":"wp","href":"https:\/\/api.w.org\/{rel}","templated":true}]}}