{"id":101703,"date":"2017-07-14T03:11:23","date_gmt":"2017-07-14T01:11:23","guid":{"rendered":"http:\/\/www.24gliwice.pl\/wiadomosci\/?p=101703"},"modified":"2017-07-14T11:58:45","modified_gmt":"2017-07-14T09:58:45","slug":"mezczyzna-zabarykadowal-sie-w-mieszkaniu-mial-noz-byly-z-nim-zona-i-dziecko","status":"publish","type":"post","link":"https:\/\/www.24gliwice.pl\/wiadomosci\/mezczyzna-zabarykadowal-sie-w-mieszkaniu-mial-noz-byly-z-nim-zona-i-dziecko\/","title":{"rendered":"M\u0119\u017cczyzna zabarykadowa\u0142 si\u0119 w mieszkaniu. Mia\u0142 n\u00f3\u017c. By\u0142a z nim \u017cona i dziecko"},"content":{"rendered":"<div class=\"gliwi-a6-nad-leadem-artykulow gliwi-entity-placement\" id=\"gliwi-32231063\"><div class=\"gliwi-adlabel\"><span style=\"font-size: 9px\">REKLAMA<\/span><\/div><div id=\"gliwi-2967875527\" style=\"margin-bottom: 25px;margin-left: auto;margin-right: auto;text-align: center;\"><a data-no-instant=\"1\" href=\"https:\/\/dom100.eu\/\" rel=\"noopener\" class=\"a2t-link\" target=\"_blank\" aria-label=\"20260415 DOM100 D\"><img loading=\"lazy\" decoding=\"async\" src=\"https:\/\/www.24gliwice.pl\/wiadomosci\/wp-content\/uploads\/2026\/04\/20260415-DOM100-D.jpg\" alt=\"\"  srcset=\"https:\/\/www.24gliwice.pl\/wiadomosci\/wp-content\/uploads\/2026\/04\/20260415-DOM100-D.jpg 750w, https:\/\/www.24gliwice.pl\/wiadomosci\/wp-content\/uploads\/2026\/04\/20260415-DOM100-D-410x109.jpg 410w\" sizes=\"(max-width: 750px) 100vw, 750px\" class=\"no-lazyload\" width=\"750\" height=\"200\"  style=\"display: inline-block; max-width: 100%; height: auto;\" \/><\/a><\/div><\/div><h4>W nocy ze \u015brody na czwartek w jednej z p\u00f3\u0142nocnych dzielnic Gliwic, policjanci musieli rozwi\u0105za\u0107 problem z pewnym desperatem. Zg\u0142oszenie, kt\u00f3re trafi\u0142o pod numer alarmowy 112, brzmia\u0142o dramatycznie.<\/h4>\n<p>Z informacji podanej dy\u017curnemu wynika\u0142o, \u017ce m\u0119\u017cczyzna zabarykadowa\u0142 si\u0119 w mieszkaniu, gro\u017c\u0105c, \u017ce ugodzi si\u0119 no\u017cem. W \u015brodku by\u0142a jeszcze jego \u017cona i dziecko. W tym czasie wszystkie patrole zaj\u0119te by\u0142y interwencjami. <\/p>\n<p>Funkcjonariusz b\u0142yskawicznie podj\u0105\u0142 wi\u0119c decyzj\u0119 o przerwaniu tych mniej pilnych spraw i udaniu si\u0119, w trybie alarmowym, pod ustalony adres. W pierwszej kolejno\u015bci na miejscu pojawili si\u0119 m\u0142odzi policjanci, kt\u00f3rzy dobrze poradzili sobie z negocjowaniem z m\u0119\u017cczyzn\u0105. Uda\u0142o im si\u0119 nieco z\u0142agodzi\u0107 agresj\u0119 pobudzonego desperata.<\/p><div class=\"gliwi-a3-w-tresci-artykulow gliwi-entity-placement\" id=\"gliwi-506957912\"><div class=\"gliwi-adlabel\"><span style=\"font-size: 9px\">REKLAMA<\/span><\/div><div id=\"gliwi-2742537515\" style=\"margin-bottom: 30px;margin-left: auto;margin-right: auto;text-align: center;\"><a data-no-instant=\"1\" href=\"https:\/\/ogrodyandersa.pl\/\" rel=\"noopener\" class=\"a2t-link\" target=\"_blank\" aria-label=\"20260415 Ogrody Andersa KUP TERAZ D\"><img loading=\"lazy\" decoding=\"async\" src=\"https:\/\/www.24gliwice.pl\/wiadomosci\/wp-content\/uploads\/2026\/04\/20260415-Ogrody-Andersa-KUP-TERAZ-D.jpg\" alt=\"\"  srcset=\"https:\/\/www.24gliwice.pl\/wiadomosci\/wp-content\/uploads\/2026\/04\/20260415-Ogrody-Andersa-KUP-TERAZ-D.jpg 750w, https:\/\/www.24gliwice.pl\/wiadomosci\/wp-content\/uploads\/2026\/04\/20260415-Ogrody-Andersa-KUP-TERAZ-D-410x109.jpg 410w\" sizes=\"(max-width: 750px) 100vw, 750px\" class=\"no-lazyload\" width=\"750\" height=\"200\"  style=\"display: inline-block; max-width: 100%; height: auto;\" \/><\/a><\/div><\/div>\n<blockquote><p>Zabarykadowany w mieszkaniu m\u0119\u017cczyzna o\u015bwiadczy\u0142, \u017ce nie otworzy drzwi, a w przypadku pr\u00f3by ich sforsowania zrobi krzywd\u0119 sobie i (w domy\u015ble) cz\u0142onkom rodziny. Pad\u0142y s\u0142owa o podpaleniu<\/p><\/blockquote>\n<p> &#8211; informuje nadkomisarz <strong>Marek S\u0142omski<\/strong>, oficer prasowy gliwickiej KMP.<\/p>\n<p>Sytuacja wymaga\u0142a podj\u0119cia natychmiastowych dzia\u0142a\u0144 &#8211; trzeba by\u0142o jak najszybciej obezw\u0142adni\u0107 niebezpiecznego dla siebie i rodziny cz\u0142owieka. Spraw\u0119 utrudnia\u0142 fakt, \u017ce gliwiczanin mia\u0142 \u015bwiadomo\u015b\u0107, i\u017c policja wie, z kim ma do czynienia: sprawdzenie w systemach wykaza\u0142o bowiem, \u017ce trzydziestokilkulatek jest \u015bcigany a\u017c trzema listami go\u0144czymi.<\/p>\n<p>Policyjne s\u0142u\u017cby i poproszona o pomoc stra\u017c po\u017carna by\u0142y ju\u017c przygotowane do sforsowania drzwi b\u0105d\u017a okien, gdy wspomniani posterunkowi, a tak\u017ce jeden z dy\u017curuj\u0105cych oficer\u00f3w z I komisariatu, nam\u00f3wili furiata do otwarcia. Policjantom uda\u0142o si\u0119 te\u017c nak\u0142oni\u0107 m\u0119\u017cczyzn\u0119 do od\u0142o\u017cenia no\u017ca i poddania si\u0119. Po prawie dwugodzinnych negocjacjach desperat zosta\u0142 doprowadzony do szpitala psychiatrycznego, gdzie pozostaje pod dozorem patrolu.<\/p>\n<div class=\"gliwi-a5-na-koncu-artykulow gliwi-entity-placement\" id=\"gliwi-597776104\"><div class=\"gliwi-adlabel\"><span style=\"font-size: 9px\">REKLAMA<\/span><\/div><div id=\"gliwi-2649741806\" style=\"margin-left: auto;margin-right: auto;text-align: center;\"><a data-no-instant=\"1\" href=\"https:\/\/prezeroarenagliwice.pl\/\" rel=\"noopener\" class=\"a2t-link\" target=\"_blank\" aria-label=\"20260309-PREZERO-WIOSNA-D\"><img loading=\"lazy\" decoding=\"async\" src=\"https:\/\/www.24gliwice.pl\/wiadomosci\/wp-content\/uploads\/2026\/03\/20260309-PREZERO-WIOSNA-D.webp\" alt=\"\"  srcset=\"https:\/\/www.24gliwice.pl\/wiadomosci\/wp-content\/uploads\/2026\/03\/20260309-PREZERO-WIOSNA-D.webp 750w, https:\/\/www.24gliwice.pl\/wiadomosci\/wp-content\/uploads\/2026\/03\/20260309-PREZERO-WIOSNA-D-410x109.webp 410w\" sizes=\"(max-width: 750px) 100vw, 750px\" class=\"no-lazyload\" width=\"750\" height=\"200\"  style=\"display: inline-block; max-width: 100%; height: auto;\" \/><\/a><\/div><\/div>","protected":false},"excerpt":{"rendered":"<p>W nocy ze \u015brody na czwartek w jednej z p\u00f3\u0142nocnych dzielnic Gliwic, policjanci musieli rozwi\u0105za\u0107 problem z pewnym desperatem. Zg\u0142oszenie, kt\u00f3re trafi\u0142o pod numer alarmowy 112, brzmia\u0142o dramatycznie. Z informacji podanej dy\u017curnemu wynika\u0142o, \u017ce m\u0119\u017cczyzna zabarykadowa\u0142 si\u0119 w mieszkaniu, gro\u017c\u0105c, \u017ce ugodzi si\u0119 no\u017cem. W \u015brodku by\u0142a jeszcze jego \u017cona i dziecko. W tym czasie [&hellip;]<\/p>\n","protected":false},"author":15,"featured_media":101743,"comment_status":"open","ping_status":"closed","sticky":false,"template":"","format":"standard","meta":{"_monsterinsights_skip_tracking":false,"_monsterinsights_sitenote_active":false,"_monsterinsights_sitenote_note":"","_monsterinsights_sitenote_category":0,"footnotes":"","_links_to":"","_links_to_target":""},"categories":[3,1,5],"tags":[9776,9775,8869],"class_list":["post-101703","post","type-post","status-publish","format-standard","has-post-thumbnail","hentry","category-gliwice","category-wszystko","category-kryminalki","tag-grozby","tag-poszukiwany-listem-gonczym","tag-samobojstwo"],"yoast_head":"<!-- This site is optimized with the Yoast SEO plugin v27.5 - https:\/\/yoast.com\/product\/yoast-seo-wordpress\/ -->\n<title>M\u0119\u017cczyzna zabarykadowa\u0142 si\u0119 w mieszkaniu. Mia\u0142 n\u00f3\u017c. By\u0142a z nim \u017cona i dziecko - 24GLIWICE - Portal Gliwice | codziennie nowe informacje<\/title>\n<meta name=\"robots\" content=\"index, follow, max-snippet:-1, max-image-preview:large, max-video-preview:-1\" \/>\n<link rel=\"canonical\" href=\"https:\/\/www.24gliwice.pl\/wiadomosci\/mezczyzna-zabarykadowal-sie-w-mieszkaniu-mial-noz-byly-z-nim-zona-i-dziecko\/\" \/>\n<meta property=\"og:locale\" content=\"pl_PL\" \/>\n<meta property=\"og:type\" content=\"article\" \/>\n<meta property=\"og:title\" content=\"M\u0119\u017cczyzna zabarykadowa\u0142 si\u0119 w mieszkaniu. Mia\u0142 n\u00f3\u017c. By\u0142a z nim \u017cona i dziecko - 24GLIWICE - Portal Gliwice | codziennie nowe informacje\" \/>\n<meta property=\"og:description\" content=\"W nocy ze \u015brody na czwartek w jednej z p\u00f3\u0142nocnych dzielnic Gliwic, policjanci musieli rozwi\u0105za\u0107 problem z pewnym desperatem. Zg\u0142oszenie, kt\u00f3re trafi\u0142o pod numer alarmowy 112, brzmia\u0142o dramatycznie. Z informacji podanej dy\u017curnemu wynika\u0142o, \u017ce m\u0119\u017cczyzna zabarykadowa\u0142 si\u0119 w mieszkaniu, gro\u017c\u0105c, \u017ce ugodzi si\u0119 no\u017cem. W \u015brodku by\u0142a jeszcze jego \u017cona i dziecko. W tym czasie [&hellip;]\" \/>\n<meta property=\"og:url\" content=\"https:\/\/www.24gliwice.pl\/wiadomosci\/mezczyzna-zabarykadowal-sie-w-mieszkaniu-mial-noz-byly-z-nim-zona-i-dziecko\/\" \/>\n<meta property=\"og:site_name\" content=\"24GLIWICE - Portal Gliwice | codziennie nowe informacje\" \/>\n<meta property=\"article:publisher\" content=\"https:\/\/www.facebook.com\/24gliwice\" \/>\n<meta property=\"article:published_time\" content=\"2017-07-14T01:11:23+00:00\" \/>\n<meta property=\"article:modified_time\" content=\"2017-07-14T09:58:45+00:00\" \/>\n<meta property=\"og:image\" content=\"https:\/\/www.24gliwice.pl\/wiadomosci\/wp-content\/uploads\/2017\/07\/sikornik-osiedle.jpg\" \/>\n\t<meta property=\"og:image:width\" content=\"2048\" \/>\n\t<meta property=\"og:image:height\" content=\"1153\" \/>\n\t<meta property=\"og:image:type\" content=\"image\/jpeg\" \/>\n<meta name=\"author\" content=\"\u017baneta Mrozek-Siewierska\" \/>\n<meta name=\"twitter:card\" content=\"summary_large_image\" \/>\n<meta name=\"twitter:creator\" content=\"@24gliwice\" \/>\n<meta name=\"twitter:site\" content=\"@24gliwice\" \/>\n<meta name=\"twitter:label1\" content=\"Napisane przez\" \/>\n\t<meta name=\"twitter:data1\" content=\"\u017baneta Mrozek-Siewierska\" \/>\n\t<meta name=\"twitter:label2\" content=\"Szacowany czas czytania\" \/>\n\t<meta name=\"twitter:data2\" content=\"1 minuta\" \/>\n<script type=\"application\/ld+json\" class=\"yoast-schema-graph\">{\"@context\":\"https:\\\/\\\/schema.org\",\"@graph\":[{\"@type\":\"Article\",\"@id\":\"https:\\\/\\\/www.24gliwice.pl\\\/wiadomosci\\\/mezczyzna-zabarykadowal-sie-w-mieszkaniu-mial-noz-byly-z-nim-zona-i-dziecko\\\/#article\",\"isPartOf\":{\"@id\":\"https:\\\/\\\/www.24gliwice.pl\\\/wiadomosci\\\/mezczyzna-zabarykadowal-sie-w-mieszkaniu-mial-noz-byly-z-nim-zona-i-dziecko\\\/\"},\"author\":{\"name\":\"\u017baneta Mrozek-Siewierska\",\"@id\":\"https:\\\/\\\/www.24gliwice.pl\\\/wiadomosci\\\/#\\\/schema\\\/person\\\/e42c650edd7f2fa332be3811fb166b6e\"},\"headline\":\"M\u0119\u017cczyzna zabarykadowa\u0142 si\u0119 w mieszkaniu. Mia\u0142 n\u00f3\u017c. By\u0142a z nim \u017cona i dziecko\",\"datePublished\":\"2017-07-14T01:11:23+00:00\",\"dateModified\":\"2017-07-14T09:58:45+00:00\",\"mainEntityOfPage\":{\"@id\":\"https:\\\/\\\/www.24gliwice.pl\\\/wiadomosci\\\/mezczyzna-zabarykadowal-sie-w-mieszkaniu-mial-noz-byly-z-nim-zona-i-dziecko\\\/\"},\"wordCount\":313,\"commentCount\":0,\"publisher\":{\"@id\":\"https:\\\/\\\/www.24gliwice.pl\\\/wiadomosci\\\/#organization\"},\"image\":{\"@id\":\"https:\\\/\\\/www.24gliwice.pl\\\/wiadomosci\\\/mezczyzna-zabarykadowal-sie-w-mieszkaniu-mial-noz-byly-z-nim-zona-i-dziecko\\\/#primaryimage\"},\"thumbnailUrl\":\"https:\\\/\\\/www.24gliwice.pl\\\/wiadomosci\\\/wp-content\\\/uploads\\\/2017\\\/07\\\/sikornik-osiedle.jpg\",\"keywords\":[\"gro\u017aby\",\"poszukiwany listem go\u0144czym\",\"SAMOB\u00d3JSTWO\"],\"articleSection\":[\"Gliwice\",\"Najnowsze wiadomo\u015bci\",\"Prawo\"],\"inLanguage\":\"pl-PL\",\"potentialAction\":[{\"@type\":\"CommentAction\",\"name\":\"Comment\",\"target\":[\"https:\\\/\\\/www.24gliwice.pl\\\/wiadomosci\\\/mezczyzna-zabarykadowal-sie-w-mieszkaniu-mial-noz-byly-z-nim-zona-i-dziecko\\\/#respond\"]}]},{\"@type\":\"WebPage\",\"@id\":\"https:\\\/\\\/www.24gliwice.pl\\\/wiadomosci\\\/mezczyzna-zabarykadowal-sie-w-mieszkaniu-mial-noz-byly-z-nim-zona-i-dziecko\\\/\",\"url\":\"https:\\\/\\\/www.24gliwice.pl\\\/wiadomosci\\\/mezczyzna-zabarykadowal-sie-w-mieszkaniu-mial-noz-byly-z-nim-zona-i-dziecko\\\/\",\"name\":\"M\u0119\u017cczyzna zabarykadowa\u0142 si\u0119 w mieszkaniu. Mia\u0142 n\u00f3\u017c. By\u0142a z nim \u017cona i dziecko - 24GLIWICE - Portal Gliwice | codziennie nowe informacje\",\"isPartOf\":{\"@id\":\"https:\\\/\\\/www.24gliwice.pl\\\/wiadomosci\\\/#website\"},\"primaryImageOfPage\":{\"@id\":\"https:\\\/\\\/www.24gliwice.pl\\\/wiadomosci\\\/mezczyzna-zabarykadowal-sie-w-mieszkaniu-mial-noz-byly-z-nim-zona-i-dziecko\\\/#primaryimage\"},\"image\":{\"@id\":\"https:\\\/\\\/www.24gliwice.pl\\\/wiadomosci\\\/mezczyzna-zabarykadowal-sie-w-mieszkaniu-mial-noz-byly-z-nim-zona-i-dziecko\\\/#primaryimage\"},\"thumbnailUrl\":\"https:\\\/\\\/www.24gliwice.pl\\\/wiadomosci\\\/wp-content\\\/uploads\\\/2017\\\/07\\\/sikornik-osiedle.jpg\",\"datePublished\":\"2017-07-14T01:11:23+00:00\",\"dateModified\":\"2017-07-14T09:58:45+00:00\",\"breadcrumb\":{\"@id\":\"https:\\\/\\\/www.24gliwice.pl\\\/wiadomosci\\\/mezczyzna-zabarykadowal-sie-w-mieszkaniu-mial-noz-byly-z-nim-zona-i-dziecko\\\/#breadcrumb\"},\"inLanguage\":\"pl-PL\",\"potentialAction\":[{\"@type\":\"ReadAction\",\"target\":[\"https:\\\/\\\/www.24gliwice.pl\\\/wiadomosci\\\/mezczyzna-zabarykadowal-sie-w-mieszkaniu-mial-noz-byly-z-nim-zona-i-dziecko\\\/\"]}]},{\"@type\":\"ImageObject\",\"inLanguage\":\"pl-PL\",\"@id\":\"https:\\\/\\\/www.24gliwice.pl\\\/wiadomosci\\\/mezczyzna-zabarykadowal-sie-w-mieszkaniu-mial-noz-byly-z-nim-zona-i-dziecko\\\/#primaryimage\",\"url\":\"https:\\\/\\\/www.24gliwice.pl\\\/wiadomosci\\\/wp-content\\\/uploads\\\/2017\\\/07\\\/sikornik-osiedle.jpg\",\"contentUrl\":\"https:\\\/\\\/www.24gliwice.pl\\\/wiadomosci\\\/wp-content\\\/uploads\\\/2017\\\/07\\\/sikornik-osiedle.jpg\",\"width\":2048,\"height\":1153},{\"@type\":\"BreadcrumbList\",\"@id\":\"https:\\\/\\\/www.24gliwice.pl\\\/wiadomosci\\\/mezczyzna-zabarykadowal-sie-w-mieszkaniu-mial-noz-byly-z-nim-zona-i-dziecko\\\/#breadcrumb\",\"itemListElement\":[{\"@type\":\"ListItem\",\"position\":1,\"name\":\"Strona g\u0142\u00f3wna\",\"item\":\"https:\\\/\\\/www.24gliwice.pl\\\/wiadomosci\\\/\"},{\"@type\":\"ListItem\",\"position\":2,\"name\":\"M\u0119\u017cczyzna zabarykadowa\u0142 si\u0119 w mieszkaniu. Mia\u0142 n\u00f3\u017c. By\u0142a z nim \u017cona i dziecko\"}]},{\"@type\":\"WebSite\",\"@id\":\"https:\\\/\\\/www.24gliwice.pl\\\/wiadomosci\\\/#website\",\"url\":\"https:\\\/\\\/www.24gliwice.pl\\\/wiadomosci\\\/\",\"name\":\"24GLIWICE - Portal Gliwice | codziennie nowe wiadomo\u015bci\",\"description\":\"Portal Miejski Gliwice\",\"publisher\":{\"@id\":\"https:\\\/\\\/www.24gliwice.pl\\\/wiadomosci\\\/#organization\"},\"potentialAction\":[{\"@type\":\"SearchAction\",\"target\":{\"@type\":\"EntryPoint\",\"urlTemplate\":\"https:\\\/\\\/www.24gliwice.pl\\\/wiadomosci\\\/?s={search_term_string}\"},\"query-input\":{\"@type\":\"PropertyValueSpecification\",\"valueRequired\":true,\"valueName\":\"search_term_string\"}}],\"inLanguage\":\"pl-PL\"},{\"@type\":\"Organization\",\"@id\":\"https:\\\/\\\/www.24gliwice.pl\\\/wiadomosci\\\/#organization\",\"name\":\"24gliwice\",\"url\":\"https:\\\/\\\/www.24gliwice.pl\\\/wiadomosci\\\/\",\"logo\":{\"@type\":\"ImageObject\",\"inLanguage\":\"pl-PL\",\"@id\":\"https:\\\/\\\/www.24gliwice.pl\\\/wiadomosci\\\/#\\\/schema\\\/logo\\\/image\\\/\",\"url\":\"https:\\\/\\\/www.24gliwice.pl\\\/wiadomosci\\\/wp-content\\\/uploads\\\/2024\\\/10\\\/24gliwice-logo-696.jpg\",\"contentUrl\":\"https:\\\/\\\/www.24gliwice.pl\\\/wiadomosci\\\/wp-content\\\/uploads\\\/2024\\\/10\\\/24gliwice-logo-696.jpg\",\"width\":696,\"height\":696,\"caption\":\"24gliwice\"},\"image\":{\"@id\":\"https:\\\/\\\/www.24gliwice.pl\\\/wiadomosci\\\/#\\\/schema\\\/logo\\\/image\\\/\"},\"sameAs\":[\"https:\\\/\\\/www.facebook.com\\\/24gliwice\",\"https:\\\/\\\/x.com\\\/24gliwice\",\"https:\\\/\\\/www.youtube.com\\\/@24gliwice\"]},{\"@type\":\"Person\",\"@id\":\"https:\\\/\\\/www.24gliwice.pl\\\/wiadomosci\\\/#\\\/schema\\\/person\\\/e42c650edd7f2fa332be3811fb166b6e\",\"name\":\"\u017baneta Mrozek-Siewierska\",\"image\":{\"@type\":\"ImageObject\",\"inLanguage\":\"pl-PL\",\"@id\":\"https:\\\/\\\/secure.gravatar.com\\\/avatar\\\/1881429e9c64597c77ad7aef2d0a19be69a3253e57534d16aa15bf3a4d34a0a3?s=96&d=mm&r=g\",\"url\":\"https:\\\/\\\/secure.gravatar.com\\\/avatar\\\/1881429e9c64597c77ad7aef2d0a19be69a3253e57534d16aa15bf3a4d34a0a3?s=96&d=mm&r=g\",\"contentUrl\":\"https:\\\/\\\/secure.gravatar.com\\\/avatar\\\/1881429e9c64597c77ad7aef2d0a19be69a3253e57534d16aa15bf3a4d34a0a3?s=96&d=mm&r=g\",\"caption\":\"\u017baneta Mrozek-Siewierska\"},\"url\":\"https:\\\/\\\/www.24gliwice.pl\\\/wiadomosci\\\/author\\\/zms\\\/\"}]}<\/script>\n<!-- \/ Yoast SEO plugin. -->","yoast_head_json":{"title":"M\u0119\u017cczyzna zabarykadowa\u0142 si\u0119 w mieszkaniu. Mia\u0142 n\u00f3\u017c. By\u0142a z nim \u017cona i dziecko - 24GLIWICE - Portal Gliwice | codziennie nowe informacje","robots":{"index":"index","follow":"follow","max-snippet":"max-snippet:-1","max-image-preview":"max-image-preview:large","max-video-preview":"max-video-preview:-1"},"canonical":"https:\/\/www.24gliwice.pl\/wiadomosci\/mezczyzna-zabarykadowal-sie-w-mieszkaniu-mial-noz-byly-z-nim-zona-i-dziecko\/","og_locale":"pl_PL","og_type":"article","og_title":"M\u0119\u017cczyzna zabarykadowa\u0142 si\u0119 w mieszkaniu. Mia\u0142 n\u00f3\u017c. By\u0142a z nim \u017cona i dziecko - 24GLIWICE - Portal Gliwice | codziennie nowe informacje","og_description":"W nocy ze \u015brody na czwartek w jednej z p\u00f3\u0142nocnych dzielnic Gliwic, policjanci musieli rozwi\u0105za\u0107 problem z pewnym desperatem. Zg\u0142oszenie, kt\u00f3re trafi\u0142o pod numer alarmowy 112, brzmia\u0142o dramatycznie. Z informacji podanej dy\u017curnemu wynika\u0142o, \u017ce m\u0119\u017cczyzna zabarykadowa\u0142 si\u0119 w mieszkaniu, gro\u017c\u0105c, \u017ce ugodzi si\u0119 no\u017cem. W \u015brodku by\u0142a jeszcze jego \u017cona i dziecko. W tym czasie [&hellip;]","og_url":"https:\/\/www.24gliwice.pl\/wiadomosci\/mezczyzna-zabarykadowal-sie-w-mieszkaniu-mial-noz-byly-z-nim-zona-i-dziecko\/","og_site_name":"24GLIWICE - Portal Gliwice | codziennie nowe informacje","article_publisher":"https:\/\/www.facebook.com\/24gliwice","article_published_time":"2017-07-14T01:11:23+00:00","article_modified_time":"2017-07-14T09:58:45+00:00","og_image":[{"width":2048,"height":1153,"url":"https:\/\/www.24gliwice.pl\/wiadomosci\/wp-content\/uploads\/2017\/07\/sikornik-osiedle.jpg","type":"image\/jpeg"}],"author":"\u017baneta Mrozek-Siewierska","twitter_card":"summary_large_image","twitter_creator":"@24gliwice","twitter_site":"@24gliwice","twitter_misc":{"Napisane przez":"\u017baneta Mrozek-Siewierska","Szacowany czas czytania":"1 minuta"},"schema":{"@context":"https:\/\/schema.org","@graph":[{"@type":"Article","@id":"https:\/\/www.24gliwice.pl\/wiadomosci\/mezczyzna-zabarykadowal-sie-w-mieszkaniu-mial-noz-byly-z-nim-zona-i-dziecko\/#article","isPartOf":{"@id":"https:\/\/www.24gliwice.pl\/wiadomosci\/mezczyzna-zabarykadowal-sie-w-mieszkaniu-mial-noz-byly-z-nim-zona-i-dziecko\/"},"author":{"name":"\u017baneta Mrozek-Siewierska","@id":"https:\/\/www.24gliwice.pl\/wiadomosci\/#\/schema\/person\/e42c650edd7f2fa332be3811fb166b6e"},"headline":"M\u0119\u017cczyzna zabarykadowa\u0142 si\u0119 w mieszkaniu. Mia\u0142 n\u00f3\u017c. By\u0142a z nim \u017cona i dziecko","datePublished":"2017-07-14T01:11:23+00:00","dateModified":"2017-07-14T09:58:45+00:00","mainEntityOfPage":{"@id":"https:\/\/www.24gliwice.pl\/wiadomosci\/mezczyzna-zabarykadowal-sie-w-mieszkaniu-mial-noz-byly-z-nim-zona-i-dziecko\/"},"wordCount":313,"commentCount":0,"publisher":{"@id":"https:\/\/www.24gliwice.pl\/wiadomosci\/#organization"},"image":{"@id":"https:\/\/www.24gliwice.pl\/wiadomosci\/mezczyzna-zabarykadowal-sie-w-mieszkaniu-mial-noz-byly-z-nim-zona-i-dziecko\/#primaryimage"},"thumbnailUrl":"https:\/\/www.24gliwice.pl\/wiadomosci\/wp-content\/uploads\/2017\/07\/sikornik-osiedle.jpg","keywords":["gro\u017aby","poszukiwany listem go\u0144czym","SAMOB\u00d3JSTWO"],"articleSection":["Gliwice","Najnowsze wiadomo\u015bci","Prawo"],"inLanguage":"pl-PL","potentialAction":[{"@type":"CommentAction","name":"Comment","target":["https:\/\/www.24gliwice.pl\/wiadomosci\/mezczyzna-zabarykadowal-sie-w-mieszkaniu-mial-noz-byly-z-nim-zona-i-dziecko\/#respond"]}]},{"@type":"WebPage","@id":"https:\/\/www.24gliwice.pl\/wiadomosci\/mezczyzna-zabarykadowal-sie-w-mieszkaniu-mial-noz-byly-z-nim-zona-i-dziecko\/","url":"https:\/\/www.24gliwice.pl\/wiadomosci\/mezczyzna-zabarykadowal-sie-w-mieszkaniu-mial-noz-byly-z-nim-zona-i-dziecko\/","name":"M\u0119\u017cczyzna zabarykadowa\u0142 si\u0119 w mieszkaniu. Mia\u0142 n\u00f3\u017c. By\u0142a z nim \u017cona i dziecko - 24GLIWICE - Portal Gliwice | codziennie nowe informacje","isPartOf":{"@id":"https:\/\/www.24gliwice.pl\/wiadomosci\/#website"},"primaryImageOfPage":{"@id":"https:\/\/www.24gliwice.pl\/wiadomosci\/mezczyzna-zabarykadowal-sie-w-mieszkaniu-mial-noz-byly-z-nim-zona-i-dziecko\/#primaryimage"},"image":{"@id":"https:\/\/www.24gliwice.pl\/wiadomosci\/mezczyzna-zabarykadowal-sie-w-mieszkaniu-mial-noz-byly-z-nim-zona-i-dziecko\/#primaryimage"},"thumbnailUrl":"https:\/\/www.24gliwice.pl\/wiadomosci\/wp-content\/uploads\/2017\/07\/sikornik-osiedle.jpg","datePublished":"2017-07-14T01:11:23+00:00","dateModified":"2017-07-14T09:58:45+00:00","breadcrumb":{"@id":"https:\/\/www.24gliwice.pl\/wiadomosci\/mezczyzna-zabarykadowal-sie-w-mieszkaniu-mial-noz-byly-z-nim-zona-i-dziecko\/#breadcrumb"},"inLanguage":"pl-PL","potentialAction":[{"@type":"ReadAction","target":["https:\/\/www.24gliwice.pl\/wiadomosci\/mezczyzna-zabarykadowal-sie-w-mieszkaniu-mial-noz-byly-z-nim-zona-i-dziecko\/"]}]},{"@type":"ImageObject","inLanguage":"pl-PL","@id":"https:\/\/www.24gliwice.pl\/wiadomosci\/mezczyzna-zabarykadowal-sie-w-mieszkaniu-mial-noz-byly-z-nim-zona-i-dziecko\/#primaryimage","url":"https:\/\/www.24gliwice.pl\/wiadomosci\/wp-content\/uploads\/2017\/07\/sikornik-osiedle.jpg","contentUrl":"https:\/\/www.24gliwice.pl\/wiadomosci\/wp-content\/uploads\/2017\/07\/sikornik-osiedle.jpg","width":2048,"height":1153},{"@type":"BreadcrumbList","@id":"https:\/\/www.24gliwice.pl\/wiadomosci\/mezczyzna-zabarykadowal-sie-w-mieszkaniu-mial-noz-byly-z-nim-zona-i-dziecko\/#breadcrumb","itemListElement":[{"@type":"ListItem","position":1,"name":"Strona g\u0142\u00f3wna","item":"https:\/\/www.24gliwice.pl\/wiadomosci\/"},{"@type":"ListItem","position":2,"name":"M\u0119\u017cczyzna zabarykadowa\u0142 si\u0119 w mieszkaniu. Mia\u0142 n\u00f3\u017c. By\u0142a z nim \u017cona i dziecko"}]},{"@type":"WebSite","@id":"https:\/\/www.24gliwice.pl\/wiadomosci\/#website","url":"https:\/\/www.24gliwice.pl\/wiadomosci\/","name":"24GLIWICE - Portal Gliwice | codziennie nowe wiadomo\u015bci","description":"Portal Miejski Gliwice","publisher":{"@id":"https:\/\/www.24gliwice.pl\/wiadomosci\/#organization"},"potentialAction":[{"@type":"SearchAction","target":{"@type":"EntryPoint","urlTemplate":"https:\/\/www.24gliwice.pl\/wiadomosci\/?s={search_term_string}"},"query-input":{"@type":"PropertyValueSpecification","valueRequired":true,"valueName":"search_term_string"}}],"inLanguage":"pl-PL"},{"@type":"Organization","@id":"https:\/\/www.24gliwice.pl\/wiadomosci\/#organization","name":"24gliwice","url":"https:\/\/www.24gliwice.pl\/wiadomosci\/","logo":{"@type":"ImageObject","inLanguage":"pl-PL","@id":"https:\/\/www.24gliwice.pl\/wiadomosci\/#\/schema\/logo\/image\/","url":"https:\/\/www.24gliwice.pl\/wiadomosci\/wp-content\/uploads\/2024\/10\/24gliwice-logo-696.jpg","contentUrl":"https:\/\/www.24gliwice.pl\/wiadomosci\/wp-content\/uploads\/2024\/10\/24gliwice-logo-696.jpg","width":696,"height":696,"caption":"24gliwice"},"image":{"@id":"https:\/\/www.24gliwice.pl\/wiadomosci\/#\/schema\/logo\/image\/"},"sameAs":["https:\/\/www.facebook.com\/24gliwice","https:\/\/x.com\/24gliwice","https:\/\/www.youtube.com\/@24gliwice"]},{"@type":"Person","@id":"https:\/\/www.24gliwice.pl\/wiadomosci\/#\/schema\/person\/e42c650edd7f2fa332be3811fb166b6e","name":"\u017baneta Mrozek-Siewierska","image":{"@type":"ImageObject","inLanguage":"pl-PL","@id":"https:\/\/secure.gravatar.com\/avatar\/1881429e9c64597c77ad7aef2d0a19be69a3253e57534d16aa15bf3a4d34a0a3?s=96&d=mm&r=g","url":"https:\/\/secure.gravatar.com\/avatar\/1881429e9c64597c77ad7aef2d0a19be69a3253e57534d16aa15bf3a4d34a0a3?s=96&d=mm&r=g","contentUrl":"https:\/\/secure.gravatar.com\/avatar\/1881429e9c64597c77ad7aef2d0a19be69a3253e57534d16aa15bf3a4d34a0a3?s=96&d=mm&r=g","caption":"\u017baneta Mrozek-Siewierska"},"url":"https:\/\/www.24gliwice.pl\/wiadomosci\/author\/zms\/"}]}},"_links":{"self":[{"href":"https:\/\/www.24gliwice.pl\/wiadomosci\/wp-json\/wp\/v2\/posts\/101703","targetHints":{"allow":["GET"]}}],"collection":[{"href":"https:\/\/www.24gliwice.pl\/wiadomosci\/wp-json\/wp\/v2\/posts"}],"about":[{"href":"https:\/\/www.24gliwice.pl\/wiadomosci\/wp-json\/wp\/v2\/types\/post"}],"author":[{"embeddable":true,"href":"https:\/\/www.24gliwice.pl\/wiadomosci\/wp-json\/wp\/v2\/users\/15"}],"replies":[{"embeddable":true,"href":"https:\/\/www.24gliwice.pl\/wiadomosci\/wp-json\/wp\/v2\/comments?post=101703"}],"version-history":[{"count":0,"href":"https:\/\/www.24gliwice.pl\/wiadomosci\/wp-json\/wp\/v2\/posts\/101703\/revisions"}],"wp:featuredmedia":[{"embeddable":true,"href":"https:\/\/www.24gliwice.pl\/wiadomosci\/wp-json\/wp\/v2\/media\/101743"}],"wp:attachment":[{"href":"https:\/\/www.24gliwice.pl\/wiadomosci\/wp-json\/wp\/v2\/media?parent=101703"}],"wp:term":[{"taxonomy":"category","embeddable":true,"href":"https:\/\/www.24gliwice.pl\/wiadomosci\/wp-json\/wp\/v2\/categories?post=101703"},{"taxonomy":"post_tag","embeddable":true,"href":"https:\/\/www.24gliwice.pl\/wiadomosci\/wp-json\/wp\/v2\/tags?post=101703"}],"curies":[{"name":"wp","href":"https:\/\/api.w.org\/{rel}","templated":true}]}}