{"id":101708,"date":"2017-07-13T17:54:53","date_gmt":"2017-07-13T15:54:53","guid":{"rendered":"http:\/\/www.24gliwice.pl\/wiadomosci\/?p=101708"},"modified":"2024-08-20T02:02:00","modified_gmt":"2024-08-20T00:02:00","slug":"jest-juz-nowy-prezes-piasta-gliwice-rada-nadzorcza-powolala-na-to-stanowisko-pawla-zelema","status":"publish","type":"post","link":"https:\/\/www.24gliwice.pl\/wiadomosci\/jest-juz-nowy-prezes-piasta-gliwice-rada-nadzorcza-powolala-na-to-stanowisko-pawla-zelema\/","title":{"rendered":"Jest ju\u017c nowy prezes Piasta Gliwice. Rada Nadzorcza powo\u0142a\u0142a na to stanowisko Paw\u0142a \u017belema"},"content":{"rendered":"<div class=\"gliwi-a6-nad-leadem-artykulow gliwi-entity-placement\" id=\"gliwi-3057498511\"><div class=\"gliwi-adlabel\"><span style=\"font-size: 9px\">REKLAMA<\/span><\/div><div id=\"gliwi-1761082903\" style=\"margin-bottom: 25px;margin-left: auto;margin-right: auto;text-align: center;\"><a data-no-instant=\"1\" href=\"https:\/\/dom100.eu\/\" rel=\"noopener\" class=\"a2t-link\" target=\"_blank\" aria-label=\"20260415 DOM100 D\"><img loading=\"lazy\" decoding=\"async\" src=\"https:\/\/www.24gliwice.pl\/wiadomosci\/wp-content\/uploads\/2026\/04\/20260415-DOM100-D.jpg\" alt=\"\"  srcset=\"https:\/\/www.24gliwice.pl\/wiadomosci\/wp-content\/uploads\/2026\/04\/20260415-DOM100-D.jpg 750w, https:\/\/www.24gliwice.pl\/wiadomosci\/wp-content\/uploads\/2026\/04\/20260415-DOM100-D-410x109.jpg 410w\" sizes=\"(max-width: 750px) 100vw, 750px\" class=\"no-lazyload\" width=\"750\" height=\"200\"  style=\"display: inline-block; max-width: 100%; height: auto;\" \/><\/a><\/div><\/div><h4>Decyzj\u0105 Rady Nadzorczej Gliwickiego Klubu Sportowego &#8220;Piast&#8221; SA Pawe\u0142 \u017belem obj\u0105\u0142 funkcj\u0119 Prezesa Zarz\u0105du.<\/h4>\n<p>W czwartek 13 lipca 2017 Rada Nadzorcza GKS Piast SA podj\u0119\u0142a decyzj\u0119 o powo\u0142aniu na stanowisko Prezesa Zarz\u0105du Paw\u0142a \u017belema. &#8211; To dla mnie du\u017ce wyr\u00f3\u017cnienie i mobilizacja do pracy. Chcia\u0142bym swoj\u0105 wiedz\u0119 i dotychczasowe wieloletnie do\u015bwiadczenie spo\u017cytkowa\u0107 z korzy\u015bci\u0105 dla Piasta &#8211; skomentowa\u0142 swoj\u0105 nominacj\u0119 nowy prezes Niebiesko-Czerwonych.<\/p>\n<p>Pawe\u0142 \u017belem jest absolwentem Wydzia\u0142u Prawa, Administracji i Ekonomii Uniwersytetu Wroc\u0142awskiego. Zasiada\u0142 w Radzie Nadzorczej Ekstraklasy SA oraz zarz\u0105dzie Dolno\u015bl\u0105skiego Zwi\u0105zku Pi\u0142ki No\u017cnej. W ostatnich dziewi\u0119ciu latach Pawe\u0142 \u017belem pracowa\u0142 w strukturach pi\u0142karskich. Zawodowo zwi\u0105zany by\u0142 ze \u015al\u0105skiem Wroc\u0142aw, Lechi\u0105 Gda\u0144sk, gdzie wchodzi\u0142 w sk\u0142ad zarz\u0105du klubu, a od listopada 2013 roku ponownie wr\u00f3ci\u0142 do \u015al\u0105ska Wroc\u0142aw, gdzie pe\u0142ni\u0142 funkcj\u0119 prezesa zarz\u0105du.<\/p><div class=\"gliwi-a3-w-tresci-artykulow gliwi-entity-placement\" id=\"gliwi-2146681869\"><div class=\"gliwi-adlabel\"><span style=\"font-size: 9px\">REKLAMA<\/span><\/div><div id=\"gliwi-1312432534\" style=\"margin-bottom: 30px;margin-left: auto;margin-right: auto;text-align: center;\"><a data-no-instant=\"1\" href=\"https:\/\/ogrodyandersa.pl\/\" rel=\"noopener\" class=\"a2t-link\" target=\"_blank\" aria-label=\"20260415 Ogrody Andersa KUP TERAZ D\"><img loading=\"lazy\" decoding=\"async\" src=\"https:\/\/www.24gliwice.pl\/wiadomosci\/wp-content\/uploads\/2026\/04\/20260415-Ogrody-Andersa-KUP-TERAZ-D.jpg\" alt=\"\"  srcset=\"https:\/\/www.24gliwice.pl\/wiadomosci\/wp-content\/uploads\/2026\/04\/20260415-Ogrody-Andersa-KUP-TERAZ-D.jpg 750w, https:\/\/www.24gliwice.pl\/wiadomosci\/wp-content\/uploads\/2026\/04\/20260415-Ogrody-Andersa-KUP-TERAZ-D-410x109.jpg 410w\" sizes=\"(max-width: 750px) 100vw, 750px\" class=\"no-lazyload\" width=\"750\" height=\"200\"  style=\"display: inline-block; max-width: 100%; height: auto;\" \/><\/a><\/div><\/div>\n<blockquote><p>&#8211; Pierwsze dni i tygodnie to dla mnie czas na wdro\u017cenie si\u0119 w sytuacj\u0119 sp\u00f3\u0142ki i bie\u017c\u0105ce kwestie, tak aby zosta\u0142a zachowana ci\u0105g\u0142o\u015b\u0107 funkcjonowania. Znam specyfik\u0119 i wymagania pracy w klubie pi\u0142karskim\u2026 Zatem wszystkie r\u0119ce na pok\u0142ad<\/p><\/blockquote>\n<p> &#8211; powiedzia\u0142 Pawe\u0142 \u017belem.<\/p>\n<p>Powo\u0142anie Paw\u0142a \u017belema na stanowisko Prezesa Zarz\u0105du skomentowa\u0142 r\u00f3wnie\u017c Przewodnicz\u0105cy Rady Nadzorczej Gliwickiego Klubu Sportowego Piast SA. &#8211; Pawe\u0142 \u017belem to osoba w \u015brodowisku pi\u0142karskim dobrze znana i nikomu jej przedstawia\u0107 nie trzeba. Przeprowadzili\u015bmy gruntowny research i doskonale znamy dotychczasowe dokonania nowego prezesa Piasta. Liczymy na jego fachowo\u015b\u0107 i \u017cyczymy samych sukces\u00f3w w Gliwicach &#8211; powiedzia\u0142 <strong>Grzegorz Jaworski<\/strong>.<\/p>\n<p>biuro prasowe Piast Gliwice<\/p>\n<div class=\"gliwi-a5-na-koncu-artykulow gliwi-entity-placement\" id=\"gliwi-3869971719\"><div class=\"gliwi-adlabel\"><span style=\"font-size: 9px\">REKLAMA<\/span><\/div><div id=\"gliwi-935821764\" style=\"margin-left: auto;margin-right: auto;text-align: center;\"><a data-no-instant=\"1\" href=\"https:\/\/prezeroarenagliwice.pl\/\" rel=\"noopener\" class=\"a2t-link\" target=\"_blank\" aria-label=\"20260309-PREZERO-WIOSNA-D\"><img loading=\"lazy\" decoding=\"async\" src=\"https:\/\/www.24gliwice.pl\/wiadomosci\/wp-content\/uploads\/2026\/03\/20260309-PREZERO-WIOSNA-D.webp\" alt=\"\"  srcset=\"https:\/\/www.24gliwice.pl\/wiadomosci\/wp-content\/uploads\/2026\/03\/20260309-PREZERO-WIOSNA-D.webp 750w, https:\/\/www.24gliwice.pl\/wiadomosci\/wp-content\/uploads\/2026\/03\/20260309-PREZERO-WIOSNA-D-410x109.webp 410w\" sizes=\"(max-width: 750px) 100vw, 750px\" class=\"no-lazyload\" width=\"750\" height=\"200\"  style=\"display: inline-block; max-width: 100%; height: auto;\" \/><\/a><\/div><\/div>","protected":false},"excerpt":{"rendered":"<p>Decyzj\u0105 Rady Nadzorczej Gliwickiego Klubu Sportowego &#8220;Piast&#8221; SA Pawe\u0142 \u017belem obj\u0105\u0142 funkcj\u0119 Prezesa Zarz\u0105du. W czwartek 13 lipca 2017 Rada Nadzorcza GKS Piast SA podj\u0119\u0142a decyzj\u0119 o powo\u0142aniu na stanowisko Prezesa Zarz\u0105du Paw\u0142a \u017belema. &#8211; To dla mnie du\u017ce wyr\u00f3\u017cnienie i mobilizacja do pracy. Chcia\u0142bym swoj\u0105 wiedz\u0119 i dotychczasowe wieloletnie do\u015bwiadczenie spo\u017cytkowa\u0107 z korzy\u015bci\u0105 dla [&hellip;]<\/p>\n","protected":false},"author":4,"featured_media":101714,"comment_status":"open","ping_status":"closed","sticky":false,"template":"","format":"standard","meta":{"_monsterinsights_skip_tracking":false,"_monsterinsights_sitenote_active":false,"_monsterinsights_sitenote_note":"","_monsterinsights_sitenote_category":0,"footnotes":"","_links_to":"","_links_to_target":""},"categories":[3,1,23842],"tags":[9777,74,8043],"class_list":["post-101708","post","type-post","status-publish","format-standard","has-post-thumbnail","hentry","category-gliwice","category-wszystko","category-sport_gliwice","tag-pawel-zelem","tag-piast-gliwice","tag-prezes-piasta"],"yoast_head":"<!-- This site is optimized with the Yoast SEO plugin v27.5 - https:\/\/yoast.com\/product\/yoast-seo-wordpress\/ -->\n<title>Jest ju\u017c nowy prezes Piasta Gliwice. Rada Nadzorcza powo\u0142a\u0142a na to stanowisko Paw\u0142a \u017belema - 24GLIWICE - Portal Gliwice | codziennie nowe informacje<\/title>\n<meta name=\"robots\" content=\"index, follow, max-snippet:-1, max-image-preview:large, max-video-preview:-1\" \/>\n<link rel=\"canonical\" href=\"https:\/\/www.24gliwice.pl\/wiadomosci\/jest-juz-nowy-prezes-piasta-gliwice-rada-nadzorcza-powolala-na-to-stanowisko-pawla-zelema\/\" \/>\n<meta property=\"og:locale\" content=\"pl_PL\" \/>\n<meta property=\"og:type\" content=\"article\" \/>\n<meta property=\"og:title\" content=\"Jest ju\u017c nowy prezes Piasta Gliwice. Rada Nadzorcza powo\u0142a\u0142a na to stanowisko Paw\u0142a \u017belema - 24GLIWICE - Portal Gliwice | codziennie nowe informacje\" \/>\n<meta property=\"og:description\" content=\"Decyzj\u0105 Rady Nadzorczej Gliwickiego Klubu Sportowego &#8220;Piast&#8221; SA Pawe\u0142 \u017belem obj\u0105\u0142 funkcj\u0119 Prezesa Zarz\u0105du. W czwartek 13 lipca 2017 Rada Nadzorcza GKS Piast SA podj\u0119\u0142a decyzj\u0119 o powo\u0142aniu na stanowisko Prezesa Zarz\u0105du Paw\u0142a \u017belema. &#8211; To dla mnie du\u017ce wyr\u00f3\u017cnienie i mobilizacja do pracy. Chcia\u0142bym swoj\u0105 wiedz\u0119 i dotychczasowe wieloletnie do\u015bwiadczenie spo\u017cytkowa\u0107 z korzy\u015bci\u0105 dla [&hellip;]\" \/>\n<meta property=\"og:url\" content=\"https:\/\/www.24gliwice.pl\/wiadomosci\/jest-juz-nowy-prezes-piasta-gliwice-rada-nadzorcza-powolala-na-to-stanowisko-pawla-zelema\/\" \/>\n<meta property=\"og:site_name\" content=\"24GLIWICE - Portal Gliwice | codziennie nowe informacje\" \/>\n<meta property=\"article:publisher\" content=\"https:\/\/www.facebook.com\/24gliwice\" \/>\n<meta property=\"article:author\" content=\"https:\/\/www.facebook.com\/marcin.fabrykowski\" \/>\n<meta property=\"article:published_time\" content=\"2017-07-13T15:54:53+00:00\" \/>\n<meta property=\"article:modified_time\" content=\"2024-08-20T00:02:00+00:00\" \/>\n<meta property=\"og:image\" content=\"https:\/\/www.24gliwice.pl\/wiadomosci\/wp-content\/uploads\/2017\/07\/1-pawel-zelem.jpg\" \/>\n\t<meta property=\"og:image:width\" content=\"810\" \/>\n\t<meta property=\"og:image:height\" content=\"433\" \/>\n\t<meta property=\"og:image:type\" content=\"image\/jpeg\" \/>\n<meta name=\"author\" content=\"Marcin Fabrykowski\" \/>\n<meta name=\"twitter:card\" content=\"summary_large_image\" \/>\n<meta name=\"twitter:creator\" content=\"@24gliwice\" \/>\n<meta name=\"twitter:site\" content=\"@24gliwice\" \/>\n<meta name=\"twitter:label1\" content=\"Napisane przez\" \/>\n\t<meta name=\"twitter:data1\" content=\"Marcin Fabrykowski\" \/>\n\t<meta name=\"twitter:label2\" content=\"Szacowany czas czytania\" \/>\n\t<meta name=\"twitter:data2\" content=\"1 minuta\" \/>\n<script type=\"application\/ld+json\" class=\"yoast-schema-graph\">{\"@context\":\"https:\\\/\\\/schema.org\",\"@graph\":[{\"@type\":\"Article\",\"@id\":\"https:\\\/\\\/www.24gliwice.pl\\\/wiadomosci\\\/jest-juz-nowy-prezes-piasta-gliwice-rada-nadzorcza-powolala-na-to-stanowisko-pawla-zelema\\\/#article\",\"isPartOf\":{\"@id\":\"https:\\\/\\\/www.24gliwice.pl\\\/wiadomosci\\\/jest-juz-nowy-prezes-piasta-gliwice-rada-nadzorcza-powolala-na-to-stanowisko-pawla-zelema\\\/\"},\"author\":{\"name\":\"Marcin Fabrykowski\",\"@id\":\"https:\\\/\\\/www.24gliwice.pl\\\/wiadomosci\\\/#\\\/schema\\\/person\\\/cb5857e4a4d048c15984c1edcc8ef0c0\"},\"headline\":\"Jest ju\u017c nowy prezes Piasta Gliwice. Rada Nadzorcza powo\u0142a\u0142a na to stanowisko Paw\u0142a \u017belema\",\"datePublished\":\"2017-07-13T15:54:53+00:00\",\"dateModified\":\"2024-08-20T00:02:00+00:00\",\"mainEntityOfPage\":{\"@id\":\"https:\\\/\\\/www.24gliwice.pl\\\/wiadomosci\\\/jest-juz-nowy-prezes-piasta-gliwice-rada-nadzorcza-powolala-na-to-stanowisko-pawla-zelema\\\/\"},\"wordCount\":291,\"commentCount\":0,\"publisher\":{\"@id\":\"https:\\\/\\\/www.24gliwice.pl\\\/wiadomosci\\\/#organization\"},\"image\":{\"@id\":\"https:\\\/\\\/www.24gliwice.pl\\\/wiadomosci\\\/jest-juz-nowy-prezes-piasta-gliwice-rada-nadzorcza-powolala-na-to-stanowisko-pawla-zelema\\\/#primaryimage\"},\"thumbnailUrl\":\"https:\\\/\\\/www.24gliwice.pl\\\/wiadomosci\\\/wp-content\\\/uploads\\\/2017\\\/07\\\/1-pawel-zelem.jpg\",\"keywords\":[\"pawe\u0142 \u017celem\",\"PIAST GLIWICE\",\"prezes piasta\"],\"articleSection\":[\"Gliwice\",\"Najnowsze wiadomo\u015bci\",\"Sport\"],\"inLanguage\":\"pl-PL\",\"potentialAction\":[{\"@type\":\"CommentAction\",\"name\":\"Comment\",\"target\":[\"https:\\\/\\\/www.24gliwice.pl\\\/wiadomosci\\\/jest-juz-nowy-prezes-piasta-gliwice-rada-nadzorcza-powolala-na-to-stanowisko-pawla-zelema\\\/#respond\"]}]},{\"@type\":\"WebPage\",\"@id\":\"https:\\\/\\\/www.24gliwice.pl\\\/wiadomosci\\\/jest-juz-nowy-prezes-piasta-gliwice-rada-nadzorcza-powolala-na-to-stanowisko-pawla-zelema\\\/\",\"url\":\"https:\\\/\\\/www.24gliwice.pl\\\/wiadomosci\\\/jest-juz-nowy-prezes-piasta-gliwice-rada-nadzorcza-powolala-na-to-stanowisko-pawla-zelema\\\/\",\"name\":\"Jest ju\u017c nowy prezes Piasta Gliwice. Rada Nadzorcza powo\u0142a\u0142a na to stanowisko Paw\u0142a \u017belema - 24GLIWICE - Portal Gliwice | codziennie nowe informacje\",\"isPartOf\":{\"@id\":\"https:\\\/\\\/www.24gliwice.pl\\\/wiadomosci\\\/#website\"},\"primaryImageOfPage\":{\"@id\":\"https:\\\/\\\/www.24gliwice.pl\\\/wiadomosci\\\/jest-juz-nowy-prezes-piasta-gliwice-rada-nadzorcza-powolala-na-to-stanowisko-pawla-zelema\\\/#primaryimage\"},\"image\":{\"@id\":\"https:\\\/\\\/www.24gliwice.pl\\\/wiadomosci\\\/jest-juz-nowy-prezes-piasta-gliwice-rada-nadzorcza-powolala-na-to-stanowisko-pawla-zelema\\\/#primaryimage\"},\"thumbnailUrl\":\"https:\\\/\\\/www.24gliwice.pl\\\/wiadomosci\\\/wp-content\\\/uploads\\\/2017\\\/07\\\/1-pawel-zelem.jpg\",\"datePublished\":\"2017-07-13T15:54:53+00:00\",\"dateModified\":\"2024-08-20T00:02:00+00:00\",\"breadcrumb\":{\"@id\":\"https:\\\/\\\/www.24gliwice.pl\\\/wiadomosci\\\/jest-juz-nowy-prezes-piasta-gliwice-rada-nadzorcza-powolala-na-to-stanowisko-pawla-zelema\\\/#breadcrumb\"},\"inLanguage\":\"pl-PL\",\"potentialAction\":[{\"@type\":\"ReadAction\",\"target\":[\"https:\\\/\\\/www.24gliwice.pl\\\/wiadomosci\\\/jest-juz-nowy-prezes-piasta-gliwice-rada-nadzorcza-powolala-na-to-stanowisko-pawla-zelema\\\/\"]}]},{\"@type\":\"ImageObject\",\"inLanguage\":\"pl-PL\",\"@id\":\"https:\\\/\\\/www.24gliwice.pl\\\/wiadomosci\\\/jest-juz-nowy-prezes-piasta-gliwice-rada-nadzorcza-powolala-na-to-stanowisko-pawla-zelema\\\/#primaryimage\",\"url\":\"https:\\\/\\\/www.24gliwice.pl\\\/wiadomosci\\\/wp-content\\\/uploads\\\/2017\\\/07\\\/1-pawel-zelem.jpg\",\"contentUrl\":\"https:\\\/\\\/www.24gliwice.pl\\\/wiadomosci\\\/wp-content\\\/uploads\\\/2017\\\/07\\\/1-pawel-zelem.jpg\",\"width\":810,\"height\":433},{\"@type\":\"BreadcrumbList\",\"@id\":\"https:\\\/\\\/www.24gliwice.pl\\\/wiadomosci\\\/jest-juz-nowy-prezes-piasta-gliwice-rada-nadzorcza-powolala-na-to-stanowisko-pawla-zelema\\\/#breadcrumb\",\"itemListElement\":[{\"@type\":\"ListItem\",\"position\":1,\"name\":\"Strona g\u0142\u00f3wna\",\"item\":\"https:\\\/\\\/www.24gliwice.pl\\\/wiadomosci\\\/\"},{\"@type\":\"ListItem\",\"position\":2,\"name\":\"Jest ju\u017c nowy prezes Piasta Gliwice. Rada Nadzorcza powo\u0142a\u0142a na to stanowisko Paw\u0142a \u017belema\"}]},{\"@type\":\"WebSite\",\"@id\":\"https:\\\/\\\/www.24gliwice.pl\\\/wiadomosci\\\/#website\",\"url\":\"https:\\\/\\\/www.24gliwice.pl\\\/wiadomosci\\\/\",\"name\":\"24GLIWICE - Portal Gliwice | codziennie nowe wiadomo\u015bci\",\"description\":\"Portal Miejski Gliwice\",\"publisher\":{\"@id\":\"https:\\\/\\\/www.24gliwice.pl\\\/wiadomosci\\\/#organization\"},\"potentialAction\":[{\"@type\":\"SearchAction\",\"target\":{\"@type\":\"EntryPoint\",\"urlTemplate\":\"https:\\\/\\\/www.24gliwice.pl\\\/wiadomosci\\\/?s={search_term_string}\"},\"query-input\":{\"@type\":\"PropertyValueSpecification\",\"valueRequired\":true,\"valueName\":\"search_term_string\"}}],\"inLanguage\":\"pl-PL\"},{\"@type\":\"Organization\",\"@id\":\"https:\\\/\\\/www.24gliwice.pl\\\/wiadomosci\\\/#organization\",\"name\":\"24gliwice\",\"url\":\"https:\\\/\\\/www.24gliwice.pl\\\/wiadomosci\\\/\",\"logo\":{\"@type\":\"ImageObject\",\"inLanguage\":\"pl-PL\",\"@id\":\"https:\\\/\\\/www.24gliwice.pl\\\/wiadomosci\\\/#\\\/schema\\\/logo\\\/image\\\/\",\"url\":\"https:\\\/\\\/www.24gliwice.pl\\\/wiadomosci\\\/wp-content\\\/uploads\\\/2024\\\/10\\\/24gliwice-logo-696.jpg\",\"contentUrl\":\"https:\\\/\\\/www.24gliwice.pl\\\/wiadomosci\\\/wp-content\\\/uploads\\\/2024\\\/10\\\/24gliwice-logo-696.jpg\",\"width\":696,\"height\":696,\"caption\":\"24gliwice\"},\"image\":{\"@id\":\"https:\\\/\\\/www.24gliwice.pl\\\/wiadomosci\\\/#\\\/schema\\\/logo\\\/image\\\/\"},\"sameAs\":[\"https:\\\/\\\/www.facebook.com\\\/24gliwice\",\"https:\\\/\\\/x.com\\\/24gliwice\",\"https:\\\/\\\/www.youtube.com\\\/@24gliwice\"]},{\"@type\":\"Person\",\"@id\":\"https:\\\/\\\/www.24gliwice.pl\\\/wiadomosci\\\/#\\\/schema\\\/person\\\/cb5857e4a4d048c15984c1edcc8ef0c0\",\"name\":\"Marcin Fabrykowski\",\"image\":{\"@type\":\"ImageObject\",\"inLanguage\":\"pl-PL\",\"@id\":\"https:\\\/\\\/www.24gliwice.pl\\\/wiadomosci\\\/wp-content\\\/uploads\\\/2025\\\/11\\\/zdjecie-moje-marcin-300-96x96.jpg\",\"url\":\"https:\\\/\\\/www.24gliwice.pl\\\/wiadomosci\\\/wp-content\\\/uploads\\\/2025\\\/11\\\/zdjecie-moje-marcin-300-96x96.jpg\",\"contentUrl\":\"https:\\\/\\\/www.24gliwice.pl\\\/wiadomosci\\\/wp-content\\\/uploads\\\/2025\\\/11\\\/zdjecie-moje-marcin-300-96x96.jpg\",\"caption\":\"Marcin Fabrykowski\"},\"sameAs\":[\"http:\\\/\\\/24gliwice.pl\",\"https:\\\/\\\/www.facebook.com\\\/marcin.fabrykowski\"],\"url\":\"https:\\\/\\\/www.24gliwice.pl\\\/wiadomosci\\\/author\\\/marcin-fabrykowski\\\/\"}]}<\/script>\n<!-- \/ Yoast SEO plugin. -->","yoast_head_json":{"title":"Jest ju\u017c nowy prezes Piasta Gliwice. Rada Nadzorcza powo\u0142a\u0142a na to stanowisko Paw\u0142a \u017belema - 24GLIWICE - Portal Gliwice | codziennie nowe informacje","robots":{"index":"index","follow":"follow","max-snippet":"max-snippet:-1","max-image-preview":"max-image-preview:large","max-video-preview":"max-video-preview:-1"},"canonical":"https:\/\/www.24gliwice.pl\/wiadomosci\/jest-juz-nowy-prezes-piasta-gliwice-rada-nadzorcza-powolala-na-to-stanowisko-pawla-zelema\/","og_locale":"pl_PL","og_type":"article","og_title":"Jest ju\u017c nowy prezes Piasta Gliwice. Rada Nadzorcza powo\u0142a\u0142a na to stanowisko Paw\u0142a \u017belema - 24GLIWICE - Portal Gliwice | codziennie nowe informacje","og_description":"Decyzj\u0105 Rady Nadzorczej Gliwickiego Klubu Sportowego &#8220;Piast&#8221; SA Pawe\u0142 \u017belem obj\u0105\u0142 funkcj\u0119 Prezesa Zarz\u0105du. W czwartek 13 lipca 2017 Rada Nadzorcza GKS Piast SA podj\u0119\u0142a decyzj\u0119 o powo\u0142aniu na stanowisko Prezesa Zarz\u0105du Paw\u0142a \u017belema. &#8211; To dla mnie du\u017ce wyr\u00f3\u017cnienie i mobilizacja do pracy. Chcia\u0142bym swoj\u0105 wiedz\u0119 i dotychczasowe wieloletnie do\u015bwiadczenie spo\u017cytkowa\u0107 z korzy\u015bci\u0105 dla [&hellip;]","og_url":"https:\/\/www.24gliwice.pl\/wiadomosci\/jest-juz-nowy-prezes-piasta-gliwice-rada-nadzorcza-powolala-na-to-stanowisko-pawla-zelema\/","og_site_name":"24GLIWICE - Portal Gliwice | codziennie nowe informacje","article_publisher":"https:\/\/www.facebook.com\/24gliwice","article_author":"https:\/\/www.facebook.com\/marcin.fabrykowski","article_published_time":"2017-07-13T15:54:53+00:00","article_modified_time":"2024-08-20T00:02:00+00:00","og_image":[{"width":810,"height":433,"url":"https:\/\/www.24gliwice.pl\/wiadomosci\/wp-content\/uploads\/2017\/07\/1-pawel-zelem.jpg","type":"image\/jpeg"}],"author":"Marcin Fabrykowski","twitter_card":"summary_large_image","twitter_creator":"@24gliwice","twitter_site":"@24gliwice","twitter_misc":{"Napisane przez":"Marcin Fabrykowski","Szacowany czas czytania":"1 minuta"},"schema":{"@context":"https:\/\/schema.org","@graph":[{"@type":"Article","@id":"https:\/\/www.24gliwice.pl\/wiadomosci\/jest-juz-nowy-prezes-piasta-gliwice-rada-nadzorcza-powolala-na-to-stanowisko-pawla-zelema\/#article","isPartOf":{"@id":"https:\/\/www.24gliwice.pl\/wiadomosci\/jest-juz-nowy-prezes-piasta-gliwice-rada-nadzorcza-powolala-na-to-stanowisko-pawla-zelema\/"},"author":{"name":"Marcin Fabrykowski","@id":"https:\/\/www.24gliwice.pl\/wiadomosci\/#\/schema\/person\/cb5857e4a4d048c15984c1edcc8ef0c0"},"headline":"Jest ju\u017c nowy prezes Piasta Gliwice. Rada Nadzorcza powo\u0142a\u0142a na to stanowisko Paw\u0142a \u017belema","datePublished":"2017-07-13T15:54:53+00:00","dateModified":"2024-08-20T00:02:00+00:00","mainEntityOfPage":{"@id":"https:\/\/www.24gliwice.pl\/wiadomosci\/jest-juz-nowy-prezes-piasta-gliwice-rada-nadzorcza-powolala-na-to-stanowisko-pawla-zelema\/"},"wordCount":291,"commentCount":0,"publisher":{"@id":"https:\/\/www.24gliwice.pl\/wiadomosci\/#organization"},"image":{"@id":"https:\/\/www.24gliwice.pl\/wiadomosci\/jest-juz-nowy-prezes-piasta-gliwice-rada-nadzorcza-powolala-na-to-stanowisko-pawla-zelema\/#primaryimage"},"thumbnailUrl":"https:\/\/www.24gliwice.pl\/wiadomosci\/wp-content\/uploads\/2017\/07\/1-pawel-zelem.jpg","keywords":["pawe\u0142 \u017celem","PIAST GLIWICE","prezes piasta"],"articleSection":["Gliwice","Najnowsze wiadomo\u015bci","Sport"],"inLanguage":"pl-PL","potentialAction":[{"@type":"CommentAction","name":"Comment","target":["https:\/\/www.24gliwice.pl\/wiadomosci\/jest-juz-nowy-prezes-piasta-gliwice-rada-nadzorcza-powolala-na-to-stanowisko-pawla-zelema\/#respond"]}]},{"@type":"WebPage","@id":"https:\/\/www.24gliwice.pl\/wiadomosci\/jest-juz-nowy-prezes-piasta-gliwice-rada-nadzorcza-powolala-na-to-stanowisko-pawla-zelema\/","url":"https:\/\/www.24gliwice.pl\/wiadomosci\/jest-juz-nowy-prezes-piasta-gliwice-rada-nadzorcza-powolala-na-to-stanowisko-pawla-zelema\/","name":"Jest ju\u017c nowy prezes Piasta Gliwice. Rada Nadzorcza powo\u0142a\u0142a na to stanowisko Paw\u0142a \u017belema - 24GLIWICE - Portal Gliwice | codziennie nowe informacje","isPartOf":{"@id":"https:\/\/www.24gliwice.pl\/wiadomosci\/#website"},"primaryImageOfPage":{"@id":"https:\/\/www.24gliwice.pl\/wiadomosci\/jest-juz-nowy-prezes-piasta-gliwice-rada-nadzorcza-powolala-na-to-stanowisko-pawla-zelema\/#primaryimage"},"image":{"@id":"https:\/\/www.24gliwice.pl\/wiadomosci\/jest-juz-nowy-prezes-piasta-gliwice-rada-nadzorcza-powolala-na-to-stanowisko-pawla-zelema\/#primaryimage"},"thumbnailUrl":"https:\/\/www.24gliwice.pl\/wiadomosci\/wp-content\/uploads\/2017\/07\/1-pawel-zelem.jpg","datePublished":"2017-07-13T15:54:53+00:00","dateModified":"2024-08-20T00:02:00+00:00","breadcrumb":{"@id":"https:\/\/www.24gliwice.pl\/wiadomosci\/jest-juz-nowy-prezes-piasta-gliwice-rada-nadzorcza-powolala-na-to-stanowisko-pawla-zelema\/#breadcrumb"},"inLanguage":"pl-PL","potentialAction":[{"@type":"ReadAction","target":["https:\/\/www.24gliwice.pl\/wiadomosci\/jest-juz-nowy-prezes-piasta-gliwice-rada-nadzorcza-powolala-na-to-stanowisko-pawla-zelema\/"]}]},{"@type":"ImageObject","inLanguage":"pl-PL","@id":"https:\/\/www.24gliwice.pl\/wiadomosci\/jest-juz-nowy-prezes-piasta-gliwice-rada-nadzorcza-powolala-na-to-stanowisko-pawla-zelema\/#primaryimage","url":"https:\/\/www.24gliwice.pl\/wiadomosci\/wp-content\/uploads\/2017\/07\/1-pawel-zelem.jpg","contentUrl":"https:\/\/www.24gliwice.pl\/wiadomosci\/wp-content\/uploads\/2017\/07\/1-pawel-zelem.jpg","width":810,"height":433},{"@type":"BreadcrumbList","@id":"https:\/\/www.24gliwice.pl\/wiadomosci\/jest-juz-nowy-prezes-piasta-gliwice-rada-nadzorcza-powolala-na-to-stanowisko-pawla-zelema\/#breadcrumb","itemListElement":[{"@type":"ListItem","position":1,"name":"Strona g\u0142\u00f3wna","item":"https:\/\/www.24gliwice.pl\/wiadomosci\/"},{"@type":"ListItem","position":2,"name":"Jest ju\u017c nowy prezes Piasta Gliwice. Rada Nadzorcza powo\u0142a\u0142a na to stanowisko Paw\u0142a \u017belema"}]},{"@type":"WebSite","@id":"https:\/\/www.24gliwice.pl\/wiadomosci\/#website","url":"https:\/\/www.24gliwice.pl\/wiadomosci\/","name":"24GLIWICE - Portal Gliwice | codziennie nowe wiadomo\u015bci","description":"Portal Miejski Gliwice","publisher":{"@id":"https:\/\/www.24gliwice.pl\/wiadomosci\/#organization"},"potentialAction":[{"@type":"SearchAction","target":{"@type":"EntryPoint","urlTemplate":"https:\/\/www.24gliwice.pl\/wiadomosci\/?s={search_term_string}"},"query-input":{"@type":"PropertyValueSpecification","valueRequired":true,"valueName":"search_term_string"}}],"inLanguage":"pl-PL"},{"@type":"Organization","@id":"https:\/\/www.24gliwice.pl\/wiadomosci\/#organization","name":"24gliwice","url":"https:\/\/www.24gliwice.pl\/wiadomosci\/","logo":{"@type":"ImageObject","inLanguage":"pl-PL","@id":"https:\/\/www.24gliwice.pl\/wiadomosci\/#\/schema\/logo\/image\/","url":"https:\/\/www.24gliwice.pl\/wiadomosci\/wp-content\/uploads\/2024\/10\/24gliwice-logo-696.jpg","contentUrl":"https:\/\/www.24gliwice.pl\/wiadomosci\/wp-content\/uploads\/2024\/10\/24gliwice-logo-696.jpg","width":696,"height":696,"caption":"24gliwice"},"image":{"@id":"https:\/\/www.24gliwice.pl\/wiadomosci\/#\/schema\/logo\/image\/"},"sameAs":["https:\/\/www.facebook.com\/24gliwice","https:\/\/x.com\/24gliwice","https:\/\/www.youtube.com\/@24gliwice"]},{"@type":"Person","@id":"https:\/\/www.24gliwice.pl\/wiadomosci\/#\/schema\/person\/cb5857e4a4d048c15984c1edcc8ef0c0","name":"Marcin Fabrykowski","image":{"@type":"ImageObject","inLanguage":"pl-PL","@id":"https:\/\/www.24gliwice.pl\/wiadomosci\/wp-content\/uploads\/2025\/11\/zdjecie-moje-marcin-300-96x96.jpg","url":"https:\/\/www.24gliwice.pl\/wiadomosci\/wp-content\/uploads\/2025\/11\/zdjecie-moje-marcin-300-96x96.jpg","contentUrl":"https:\/\/www.24gliwice.pl\/wiadomosci\/wp-content\/uploads\/2025\/11\/zdjecie-moje-marcin-300-96x96.jpg","caption":"Marcin Fabrykowski"},"sameAs":["http:\/\/24gliwice.pl","https:\/\/www.facebook.com\/marcin.fabrykowski"],"url":"https:\/\/www.24gliwice.pl\/wiadomosci\/author\/marcin-fabrykowski\/"}]}},"_links":{"self":[{"href":"https:\/\/www.24gliwice.pl\/wiadomosci\/wp-json\/wp\/v2\/posts\/101708","targetHints":{"allow":["GET"]}}],"collection":[{"href":"https:\/\/www.24gliwice.pl\/wiadomosci\/wp-json\/wp\/v2\/posts"}],"about":[{"href":"https:\/\/www.24gliwice.pl\/wiadomosci\/wp-json\/wp\/v2\/types\/post"}],"author":[{"embeddable":true,"href":"https:\/\/www.24gliwice.pl\/wiadomosci\/wp-json\/wp\/v2\/users\/4"}],"replies":[{"embeddable":true,"href":"https:\/\/www.24gliwice.pl\/wiadomosci\/wp-json\/wp\/v2\/comments?post=101708"}],"version-history":[{"count":0,"href":"https:\/\/www.24gliwice.pl\/wiadomosci\/wp-json\/wp\/v2\/posts\/101708\/revisions"}],"wp:featuredmedia":[{"embeddable":true,"href":"https:\/\/www.24gliwice.pl\/wiadomosci\/wp-json\/wp\/v2\/media\/101714"}],"wp:attachment":[{"href":"https:\/\/www.24gliwice.pl\/wiadomosci\/wp-json\/wp\/v2\/media?parent=101708"}],"wp:term":[{"taxonomy":"category","embeddable":true,"href":"https:\/\/www.24gliwice.pl\/wiadomosci\/wp-json\/wp\/v2\/categories?post=101708"},{"taxonomy":"post_tag","embeddable":true,"href":"https:\/\/www.24gliwice.pl\/wiadomosci\/wp-json\/wp\/v2\/tags?post=101708"}],"curies":[{"name":"wp","href":"https:\/\/api.w.org\/{rel}","templated":true}]}}