{"id":101759,"date":"2017-07-14T19:06:08","date_gmt":"2017-07-14T17:06:08","guid":{"rendered":"http:\/\/www.24gliwice.pl\/wiadomosci\/?p=101759"},"modified":"2017-07-14T19:18:23","modified_gmt":"2017-07-14T17:18:23","slug":"w-piatek-ruszyl-testowy-tranzyt-opalu-po-kanale-gliwickim-do-wroclawia-doplynie-w-sobote","status":"publish","type":"post","link":"https:\/\/www.24gliwice.pl\/wiadomosci\/w-piatek-ruszyl-testowy-tranzyt-opalu-po-kanale-gliwickim-do-wroclawia-doplynie-w-sobote\/","title":{"rendered":"W pi\u0105tek ruszy\u0142 testowy transport opa\u0142u po Kanale Gliwickim. Do Wroc\u0142awia dop\u0142ynie w sobot\u0119"},"content":{"rendered":"<div class=\"gliwi-a6-nad-leadem-artykulow gliwi-entity-placement\" id=\"gliwi-2715372367\"><div class=\"gliwi-adlabel\"><span style=\"font-size: 9px\">REKLAMA<\/span><\/div><div id=\"gliwi-2698313857\" style=\"margin-bottom: 30px;margin-left: auto;margin-right: auto;text-align: center;\"><a data-no-instant=\"1\" href=\"https:\/\/przedszkole.halogen.org.pl\/\" rel=\"noopener\" class=\"a2t-link\" target=\"_blank\" aria-label=\"20260402-ANIMATOR-przedszkole_grafika_750x200\"><img loading=\"lazy\" decoding=\"async\" src=\"https:\/\/www.24gliwice.pl\/wiadomosci\/wp-content\/uploads\/2026\/04\/20260402-ANIMATOR-przedszkole_grafika_750x200.webp\" alt=\"\"  srcset=\"https:\/\/www.24gliwice.pl\/wiadomosci\/wp-content\/uploads\/2026\/04\/20260402-ANIMATOR-przedszkole_grafika_750x200.webp 750w, https:\/\/www.24gliwice.pl\/wiadomosci\/wp-content\/uploads\/2026\/04\/20260402-ANIMATOR-przedszkole_grafika_750x200-410x109.webp 410w\" sizes=\"(max-width: 750px) 100vw, 750px\" class=\"no-lazyload\" width=\"750\" height=\"200\"  style=\"display: inline-block; max-width: 100%; height: auto;\" \/><\/a><\/div><\/div><p><iframe loading=\"lazy\" width=\"810\" height=\"456\" src=\"https:\/\/www.youtube.com\/embed\/qZ3Tj0zOyv4?rel=0&amp;showinfo=0\" frameborder=\"0\" allowfullscreen><\/iframe><\/p>\n<h4>Gliwicki port mo\u017ce obs\u0142ugiwa\u0107 przesy\u0142 nawet 20 tysi\u0119cy ton \u0142adunku miesi\u0119cznie. W pi\u0105tek pierwsze sze\u015b\u0107 barek wype\u0142niono w\u0119glem z kopalni So\u015bnica. Dotarcie do Wroc\u0142awia zajmie ka\u017cdej po 1,5 doby.<\/h4>\n<p><strong>Zobacz film &#8211; kliknij w \u015brodek zdj\u0119cia g\u0142\u00f3wnego\u00a0<i class=\"fa fa-youtube-play\" style=\"color: #dd3333\"><\/i> <\/strong><\/p>\n<p>Na pocz\u0105tku tygodnia do Gliwic przyp\u0142yn\u0119\u0142y puste barki. Na teren portu zosta\u0142o przetransportowanych 2000 ton w\u0119gla, jednak nie zosta\u0142 on prze\u0142adowany, ze wzgl\u0119du na to, \u017ce przyjecha\u0142 on w wagonach niew\u0142a\u015bciwego rodzaju.<\/p><div class=\"gliwi-a3-w-tresci-artykulow gliwi-entity-placement\" id=\"gliwi-1126997417\"><div class=\"gliwi-adlabel\"><span style=\"font-size: 9px\">REKLAMA<\/span><\/div><div id=\"gliwi-673116810\" style=\"margin-bottom: 30px;margin-left: auto;margin-right: auto;text-align: center;\"><a data-no-instant=\"1\" href=\"https:\/\/ogrodyandersa.pl\/\" rel=\"noopener\" class=\"a2t-link\" target=\"_blank\" aria-label=\"20260415 Ogrody Andersa KUP TERAZ D\"><img loading=\"lazy\" decoding=\"async\" src=\"https:\/\/www.24gliwice.pl\/wiadomosci\/wp-content\/uploads\/2026\/04\/20260415-Ogrody-Andersa-KUP-TERAZ-D.jpg\" alt=\"\"  srcset=\"https:\/\/www.24gliwice.pl\/wiadomosci\/wp-content\/uploads\/2026\/04\/20260415-Ogrody-Andersa-KUP-TERAZ-D.jpg 750w, https:\/\/www.24gliwice.pl\/wiadomosci\/wp-content\/uploads\/2026\/04\/20260415-Ogrody-Andersa-KUP-TERAZ-D-410x109.jpg 410w\" sizes=\"(max-width: 750px) 100vw, 750px\" class=\"no-lazyload\" width=\"750\" height=\"200\"  style=\"display: inline-block; max-width: 100%; height: auto;\" \/><\/a><\/div><\/div>\n<p>Po skorygowaniu tego b\u0142\u0119du, \u0142adunek w pi\u0105tek rano zrzucono z wagon\u00f3w na rzeczne \u0142odzie i wyp\u0142yn\u0119\u0142y one w kierunku Wroc\u0142awia. Na miejscu b\u0119d\u0105 za oko\u0142o 1,5 doby. Docelowo drog\u0105 wodn\u0105 ma by\u0107 z Gliwic transportowane oko\u0142o 20 tys. ton w\u0119gla miesi\u0119cznie. Wcze\u015bniej jednak Kana\u0142 Gliwicki musi zosta\u0107 pog\u0142\u0119biony i odmulony.<\/p>\n[perfectpullquote align=&#8221;full&#8221; cite=&#8221;&#8221; link=&#8221;&#8221; color=&#8221;&#8221; class=&#8221;&#8221; size=&#8221;&#8221;]Aktualnie maksymalne zanurzenie barki wynosi 1,15 m. Po wykonaniu prac rewitalizacyjnych, ta g\u0142\u0119boko\u015b\u0107 wyniesie 1,4 m i w\u00f3wczas jednostki b\u0119dzie mo\u017cna za\u0142adowa\u0107 do pe\u0142na, po 500 ton.[\/perfectpullquote]\n<p>Ostatni transport drog\u0105 wodn\u0105 odby\u0142 si\u0119 po Kanale Gliwickim w 2012 roku. Operacj\u0119 pierwszego &#8211; od tego czasu &#8211; pr\u00f3bnego za\u0142adunku barek rzecznych w\u0119glem przygotowa\u0142 operator portu w Gliwicach, \u015al\u0105skie Centrum Logistyki SA.<\/p>\n<p><em>Dzi\u0119kujemy <a href=\"http:\/\/marinagliwice.pl\/\" target=\"_blank\">Marinie Gliwice<\/a> oraz \u015al\u0105skiemu Centrum Logistyki SA za pomoc w realizacji materia\u0142u filmowego.<\/em><\/p>\n<div id='gallery-1' class='vce-gallery gallery galleryid-101759 gallery-columns-3 gallery-size-vce-lay-b'><div class=\"vce-gallery-big\"><div class=\"big-gallery-item item-0\" >\n\t\t\t<div class='gallery-icon'>\n\t\t\t\t<a href='https:\/\/www.24gliwice.pl\/wiadomosci\/wp-content\/uploads\/2017\/07\/1-20170714_135227_RichtoneHDR.jpg'><img loading=\"lazy\" decoding=\"async\" width=\"810\" height=\"456\" src=\"https:\/\/www.24gliwice.pl\/wiadomosci\/wp-content\/uploads\/2017\/07\/1-20170714_135227_RichtoneHDR-810x456.jpg\" class=\"attachment-vce-lay-a size-vce-lay-a\" alt=\"\" srcset=\"https:\/\/www.24gliwice.pl\/wiadomosci\/wp-content\/uploads\/2017\/07\/1-20170714_135227_RichtoneHDR-810x456.jpg 810w, https:\/\/www.24gliwice.pl\/wiadomosci\/wp-content\/uploads\/2017\/07\/1-20170714_135227_RichtoneHDR-410x232.jpg 410w, https:\/\/www.24gliwice.pl\/wiadomosci\/wp-content\/uploads\/2017\/07\/1-20170714_135227_RichtoneHDR-768x432.jpg 768w, https:\/\/www.24gliwice.pl\/wiadomosci\/wp-content\/uploads\/2017\/07\/1-20170714_135227_RichtoneHDR-1140x641.jpg 1140w, https:\/\/www.24gliwice.pl\/wiadomosci\/wp-content\/uploads\/2017\/07\/1-20170714_135227_RichtoneHDR.jpg 1200w\" sizes=\"auto, (max-width: 810px) 100vw, 810px\" \/><\/a>\n\t\t\t<\/div><\/div><div class=\"big-gallery-item item-1\" style=\"display:none;\">\n\t\t\t<div class='gallery-icon'>\n\t\t\t\t<a href='https:\/\/www.24gliwice.pl\/wiadomosci\/wp-content\/uploads\/2017\/07\/1-20170714_134859_RichtoneHDR.jpg'><img loading=\"lazy\" decoding=\"async\" width=\"810\" height=\"456\" src=\"https:\/\/www.24gliwice.pl\/wiadomosci\/wp-content\/uploads\/2017\/07\/1-20170714_134859_RichtoneHDR-810x456.jpg\" class=\"attachment-vce-lay-a size-vce-lay-a\" alt=\"\" srcset=\"https:\/\/www.24gliwice.pl\/wiadomosci\/wp-content\/uploads\/2017\/07\/1-20170714_134859_RichtoneHDR-810x456.jpg 810w, https:\/\/www.24gliwice.pl\/wiadomosci\/wp-content\/uploads\/2017\/07\/1-20170714_134859_RichtoneHDR-410x232.jpg 410w, https:\/\/www.24gliwice.pl\/wiadomosci\/wp-content\/uploads\/2017\/07\/1-20170714_134859_RichtoneHDR-768x432.jpg 768w, https:\/\/www.24gliwice.pl\/wiadomosci\/wp-content\/uploads\/2017\/07\/1-20170714_134859_RichtoneHDR-1140x641.jpg 1140w, https:\/\/www.24gliwice.pl\/wiadomosci\/wp-content\/uploads\/2017\/07\/1-20170714_134859_RichtoneHDR.jpg 1200w\" sizes=\"auto, (max-width: 810px) 100vw, 810px\" \/><\/a>\n\t\t\t<\/div><\/div><div class=\"big-gallery-item item-2\" style=\"display:none;\">\n\t\t\t<div class='gallery-icon'>\n\t\t\t\t<a href='https:\/\/www.24gliwice.pl\/wiadomosci\/wp-content\/uploads\/2017\/07\/1-barki-arch-2012.jpg'><img loading=\"lazy\" decoding=\"async\" width=\"810\" height=\"456\" src=\"https:\/\/www.24gliwice.pl\/wiadomosci\/wp-content\/uploads\/2017\/07\/1-barki-arch-2012-810x456.jpg\" class=\"attachment-vce-lay-a size-vce-lay-a\" alt=\"\" srcset=\"https:\/\/www.24gliwice.pl\/wiadomosci\/wp-content\/uploads\/2017\/07\/1-barki-arch-2012-810x456.jpg 810w, https:\/\/www.24gliwice.pl\/wiadomosci\/wp-content\/uploads\/2017\/07\/1-barki-arch-2012-410x232.jpg 410w, https:\/\/www.24gliwice.pl\/wiadomosci\/wp-content\/uploads\/2017\/07\/1-barki-arch-2012-768x432.jpg 768w, https:\/\/www.24gliwice.pl\/wiadomosci\/wp-content\/uploads\/2017\/07\/1-barki-arch-2012-1140x641.jpg 1140w, https:\/\/www.24gliwice.pl\/wiadomosci\/wp-content\/uploads\/2017\/07\/1-barki-arch-2012.jpg 1200w\" sizes=\"auto, (max-width: 810px) 100vw, 810px\" \/><\/a>\n\t\t\t<\/div>\n\t\t\t\t<figcaption class='wp-caption-text gallery-caption'>\n\t\t\t\t24gliwice\n\t\t\t\t<\/figcaption><\/div><\/div><div class=\"vce-gallery-slider\" data-columns=\"3\"><figure class='gallery-item' data-item='0'>\n\t\t\t<div class='gallery-icon landscape'>\n\t\t\t\t<a href='https:\/\/www.24gliwice.pl\/wiadomosci\/wp-content\/uploads\/2017\/07\/1-20170714_135227_RichtoneHDR.jpg'><img loading=\"lazy\" decoding=\"async\" width=\"375\" height=\"195\" src=\"https:\/\/www.24gliwice.pl\/wiadomosci\/wp-content\/uploads\/2017\/07\/1-20170714_135227_RichtoneHDR-375x195.jpg\" class=\"attachment-vce-lay-b size-vce-lay-b\" alt=\"\" \/><\/a>\n\t\t\t<\/div><\/figure><figure class='gallery-item' data-item='1'>\n\t\t\t<div class='gallery-icon landscape'>\n\t\t\t\t<a href='https:\/\/www.24gliwice.pl\/wiadomosci\/wp-content\/uploads\/2017\/07\/1-20170714_134859_RichtoneHDR.jpg'><img loading=\"lazy\" decoding=\"async\" width=\"375\" height=\"195\" src=\"https:\/\/www.24gliwice.pl\/wiadomosci\/wp-content\/uploads\/2017\/07\/1-20170714_134859_RichtoneHDR-375x195.jpg\" class=\"attachment-vce-lay-b size-vce-lay-b\" alt=\"\" \/><\/a>\n\t\t\t<\/div><\/figure><figure class='gallery-item' data-item='2'>\n\t\t\t<div class='gallery-icon landscape'>\n\t\t\t\t<a href='https:\/\/www.24gliwice.pl\/wiadomosci\/wp-content\/uploads\/2017\/07\/1-barki-arch-2012.jpg'><img loading=\"lazy\" decoding=\"async\" width=\"375\" height=\"195\" src=\"https:\/\/www.24gliwice.pl\/wiadomosci\/wp-content\/uploads\/2017\/07\/1-barki-arch-2012-375x195.jpg\" class=\"attachment-vce-lay-b size-vce-lay-b\" alt=\"\" \/><\/a>\n\t\t\t<\/div><\/figure><\/div><\/div>\n\n<div class=\"gliwi-a5-na-koncu-artykulow gliwi-entity-placement\" id=\"gliwi-2385088240\"><div class=\"gliwi-adlabel\"><span style=\"font-size: 9px\">REKLAMA<\/span><\/div><div id=\"gliwi-543088017\" style=\"margin-left: auto;margin-right: auto;text-align: center;\"><a data-no-instant=\"1\" href=\"https:\/\/prezeroarenagliwice.pl\/\" rel=\"noopener\" class=\"a2t-link\" target=\"_blank\" aria-label=\"20260309-PREZERO-WIOSNA-D\"><img loading=\"lazy\" decoding=\"async\" src=\"https:\/\/www.24gliwice.pl\/wiadomosci\/wp-content\/uploads\/2026\/03\/20260309-PREZERO-WIOSNA-D.webp\" alt=\"\"  srcset=\"https:\/\/www.24gliwice.pl\/wiadomosci\/wp-content\/uploads\/2026\/03\/20260309-PREZERO-WIOSNA-D.webp 750w, https:\/\/www.24gliwice.pl\/wiadomosci\/wp-content\/uploads\/2026\/03\/20260309-PREZERO-WIOSNA-D-410x109.webp 410w\" sizes=\"(max-width: 750px) 100vw, 750px\" class=\"no-lazyload\" width=\"750\" height=\"200\"  style=\"display: inline-block; max-width: 100%; height: auto;\" \/><\/a><\/div><\/div>","protected":false},"excerpt":{"rendered":"<p>Gliwicki port mo\u017ce obs\u0142ugiwa\u0107 przesy\u0142 nawet 20 tysi\u0119cy ton \u0142adunku miesi\u0119cznie. W pi\u0105tek pierwsze sze\u015b\u0107 barek wype\u0142niono w\u0119glem z kopalni So\u015bnica. Dotarcie do Wroc\u0142awia zajmie ka\u017cdej po 1,5 doby. Zobacz film &#8211; kliknij w \u015brodek zdj\u0119cia g\u0142\u00f3wnego\u00a0 Na pocz\u0105tku tygodnia do Gliwic przyp\u0142yn\u0119\u0142y puste barki. Na teren portu zosta\u0142o przetransportowanych 2000 ton w\u0119gla, jednak nie [&hellip;]<\/p>\n","protected":false},"author":15,"featured_media":101786,"comment_status":"open","ping_status":"closed","sticky":false,"template":"","format":"video","meta":{"_monsterinsights_skip_tracking":false,"_monsterinsights_sitenote_active":false,"_monsterinsights_sitenote_note":"","_monsterinsights_sitenote_category":0,"footnotes":"","_links_to":"","_links_to_target":""},"categories":[3,1,9,4],"tags":[9787,9711,8599,882,9785,9696,8360],"class_list":["post-101759","post","type-post","status-publish","format-video","has-post-thumbnail","hentry","category-gliwice","category-wszystko","category-aktualnosci_lokalne","category-telewizja-gliwice","tag-barki-z-weglem","tag-marina","tag-port","tag-portowa","tag-scl","tag-slaskie-centrum-logistyki","tag-wegiel","post_format-post-format-video"],"yoast_head":"<!-- This site is optimized with the Yoast SEO plugin v27.5 - https:\/\/yoast.com\/product\/yoast-seo-wordpress\/ -->\n<title>W pi\u0105tek ruszy\u0142 testowy transport opa\u0142u po Kanale Gliwickim. Do Wroc\u0142awia dop\u0142ynie w sobot\u0119 - 24GLIWICE - Portal Gliwice | codziennie nowe informacje<\/title>\n<meta name=\"robots\" content=\"index, follow, max-snippet:-1, max-image-preview:large, max-video-preview:-1\" \/>\n<link rel=\"canonical\" href=\"https:\/\/www.24gliwice.pl\/wiadomosci\/w-piatek-ruszyl-testowy-tranzyt-opalu-po-kanale-gliwickim-do-wroclawia-doplynie-w-sobote\/\" \/>\n<meta property=\"og:locale\" content=\"pl_PL\" \/>\n<meta property=\"og:type\" content=\"article\" \/>\n<meta property=\"og:title\" content=\"W pi\u0105tek ruszy\u0142 testowy transport opa\u0142u po Kanale Gliwickim. Do Wroc\u0142awia dop\u0142ynie w sobot\u0119 - 24GLIWICE - Portal Gliwice | codziennie nowe informacje\" \/>\n<meta property=\"og:description\" content=\"Gliwicki port mo\u017ce obs\u0142ugiwa\u0107 przesy\u0142 nawet 20 tysi\u0119cy ton \u0142adunku miesi\u0119cznie. W pi\u0105tek pierwsze sze\u015b\u0107 barek wype\u0142niono w\u0119glem z kopalni So\u015bnica. Dotarcie do Wroc\u0142awia zajmie ka\u017cdej po 1,5 doby. Zobacz film &#8211; kliknij w \u015brodek zdj\u0119cia g\u0142\u00f3wnego\u00a0 Na pocz\u0105tku tygodnia do Gliwic przyp\u0142yn\u0119\u0142y puste barki. Na teren portu zosta\u0142o przetransportowanych 2000 ton w\u0119gla, jednak nie [&hellip;]\" \/>\n<meta property=\"og:url\" content=\"https:\/\/www.24gliwice.pl\/wiadomosci\/w-piatek-ruszyl-testowy-tranzyt-opalu-po-kanale-gliwickim-do-wroclawia-doplynie-w-sobote\/\" \/>\n<meta property=\"og:site_name\" content=\"24GLIWICE - Portal Gliwice | codziennie nowe informacje\" \/>\n<meta property=\"article:publisher\" content=\"https:\/\/www.facebook.com\/24gliwice\" \/>\n<meta property=\"article:published_time\" content=\"2017-07-14T17:06:08+00:00\" \/>\n<meta property=\"article:modified_time\" content=\"2017-07-14T17:18:23+00:00\" \/>\n<meta property=\"og:image\" content=\"https:\/\/www.24gliwice.pl\/wiadomosci\/wp-content\/uploads\/2017\/07\/1-barki-arch-2012.jpg\" \/>\n\t<meta property=\"og:image:width\" content=\"1200\" \/>\n\t<meta property=\"og:image:height\" content=\"675\" \/>\n\t<meta property=\"og:image:type\" content=\"image\/jpeg\" \/>\n<meta name=\"author\" content=\"\u017baneta Mrozek-Siewierska\" \/>\n<meta name=\"twitter:card\" content=\"summary_large_image\" \/>\n<meta name=\"twitter:creator\" content=\"@24gliwice\" \/>\n<meta name=\"twitter:site\" content=\"@24gliwice\" \/>\n<meta name=\"twitter:label1\" content=\"Napisane przez\" \/>\n\t<meta name=\"twitter:data1\" content=\"\u017baneta Mrozek-Siewierska\" \/>\n\t<meta name=\"twitter:label2\" content=\"Szacowany czas czytania\" \/>\n\t<meta name=\"twitter:data2\" content=\"1 minuta\" \/>\n<script type=\"application\/ld+json\" class=\"yoast-schema-graph\">{\"@context\":\"https:\\\/\\\/schema.org\",\"@graph\":[{\"@type\":\"Article\",\"@id\":\"https:\\\/\\\/www.24gliwice.pl\\\/wiadomosci\\\/w-piatek-ruszyl-testowy-tranzyt-opalu-po-kanale-gliwickim-do-wroclawia-doplynie-w-sobote\\\/#article\",\"isPartOf\":{\"@id\":\"https:\\\/\\\/www.24gliwice.pl\\\/wiadomosci\\\/w-piatek-ruszyl-testowy-tranzyt-opalu-po-kanale-gliwickim-do-wroclawia-doplynie-w-sobote\\\/\"},\"author\":{\"name\":\"\u017baneta Mrozek-Siewierska\",\"@id\":\"https:\\\/\\\/www.24gliwice.pl\\\/wiadomosci\\\/#\\\/schema\\\/person\\\/e42c650edd7f2fa332be3811fb166b6e\"},\"headline\":\"W pi\u0105tek ruszy\u0142 testowy transport opa\u0142u po Kanale Gliwickim. Do Wroc\u0142awia dop\u0142ynie w sobot\u0119\",\"datePublished\":\"2017-07-14T17:06:08+00:00\",\"dateModified\":\"2017-07-14T17:18:23+00:00\",\"mainEntityOfPage\":{\"@id\":\"https:\\\/\\\/www.24gliwice.pl\\\/wiadomosci\\\/w-piatek-ruszyl-testowy-tranzyt-opalu-po-kanale-gliwickim-do-wroclawia-doplynie-w-sobote\\\/\"},\"wordCount\":268,\"commentCount\":0,\"publisher\":{\"@id\":\"https:\\\/\\\/www.24gliwice.pl\\\/wiadomosci\\\/#organization\"},\"image\":{\"@id\":\"https:\\\/\\\/www.24gliwice.pl\\\/wiadomosci\\\/w-piatek-ruszyl-testowy-tranzyt-opalu-po-kanale-gliwickim-do-wroclawia-doplynie-w-sobote\\\/#primaryimage\"},\"thumbnailUrl\":\"https:\\\/\\\/www.24gliwice.pl\\\/wiadomosci\\\/wp-content\\\/uploads\\\/2017\\\/07\\\/1-barki-arch-2012.jpg\",\"keywords\":[\"barki z w\u0119glem\",\"marina\",\"port\",\"PORTOWA\",\"\u015aCL\",\"\u015bl\u0105skie centrum logistyki\",\"w\u0119giel\"],\"articleSection\":[\"Gliwice\",\"Najnowsze wiadomo\u015bci\",\"Portal Gliwice - Wiadomo\u015bci lokalne\",\"Telewizja, materia\u0142y wideo\"],\"inLanguage\":\"pl-PL\",\"potentialAction\":[{\"@type\":\"CommentAction\",\"name\":\"Comment\",\"target\":[\"https:\\\/\\\/www.24gliwice.pl\\\/wiadomosci\\\/w-piatek-ruszyl-testowy-tranzyt-opalu-po-kanale-gliwickim-do-wroclawia-doplynie-w-sobote\\\/#respond\"]}]},{\"@type\":\"WebPage\",\"@id\":\"https:\\\/\\\/www.24gliwice.pl\\\/wiadomosci\\\/w-piatek-ruszyl-testowy-tranzyt-opalu-po-kanale-gliwickim-do-wroclawia-doplynie-w-sobote\\\/\",\"url\":\"https:\\\/\\\/www.24gliwice.pl\\\/wiadomosci\\\/w-piatek-ruszyl-testowy-tranzyt-opalu-po-kanale-gliwickim-do-wroclawia-doplynie-w-sobote\\\/\",\"name\":\"W pi\u0105tek ruszy\u0142 testowy transport opa\u0142u po Kanale Gliwickim. Do Wroc\u0142awia dop\u0142ynie w sobot\u0119 - 24GLIWICE - Portal Gliwice | codziennie nowe informacje\",\"isPartOf\":{\"@id\":\"https:\\\/\\\/www.24gliwice.pl\\\/wiadomosci\\\/#website\"},\"primaryImageOfPage\":{\"@id\":\"https:\\\/\\\/www.24gliwice.pl\\\/wiadomosci\\\/w-piatek-ruszyl-testowy-tranzyt-opalu-po-kanale-gliwickim-do-wroclawia-doplynie-w-sobote\\\/#primaryimage\"},\"image\":{\"@id\":\"https:\\\/\\\/www.24gliwice.pl\\\/wiadomosci\\\/w-piatek-ruszyl-testowy-tranzyt-opalu-po-kanale-gliwickim-do-wroclawia-doplynie-w-sobote\\\/#primaryimage\"},\"thumbnailUrl\":\"https:\\\/\\\/www.24gliwice.pl\\\/wiadomosci\\\/wp-content\\\/uploads\\\/2017\\\/07\\\/1-barki-arch-2012.jpg\",\"datePublished\":\"2017-07-14T17:06:08+00:00\",\"dateModified\":\"2017-07-14T17:18:23+00:00\",\"breadcrumb\":{\"@id\":\"https:\\\/\\\/www.24gliwice.pl\\\/wiadomosci\\\/w-piatek-ruszyl-testowy-tranzyt-opalu-po-kanale-gliwickim-do-wroclawia-doplynie-w-sobote\\\/#breadcrumb\"},\"inLanguage\":\"pl-PL\",\"potentialAction\":[{\"@type\":\"ReadAction\",\"target\":[\"https:\\\/\\\/www.24gliwice.pl\\\/wiadomosci\\\/w-piatek-ruszyl-testowy-tranzyt-opalu-po-kanale-gliwickim-do-wroclawia-doplynie-w-sobote\\\/\"]}]},{\"@type\":\"ImageObject\",\"inLanguage\":\"pl-PL\",\"@id\":\"https:\\\/\\\/www.24gliwice.pl\\\/wiadomosci\\\/w-piatek-ruszyl-testowy-tranzyt-opalu-po-kanale-gliwickim-do-wroclawia-doplynie-w-sobote\\\/#primaryimage\",\"url\":\"https:\\\/\\\/www.24gliwice.pl\\\/wiadomosci\\\/wp-content\\\/uploads\\\/2017\\\/07\\\/1-barki-arch-2012.jpg\",\"contentUrl\":\"https:\\\/\\\/www.24gliwice.pl\\\/wiadomosci\\\/wp-content\\\/uploads\\\/2017\\\/07\\\/1-barki-arch-2012.jpg\",\"width\":1200,\"height\":675,\"caption\":\"24gliwice\"},{\"@type\":\"BreadcrumbList\",\"@id\":\"https:\\\/\\\/www.24gliwice.pl\\\/wiadomosci\\\/w-piatek-ruszyl-testowy-tranzyt-opalu-po-kanale-gliwickim-do-wroclawia-doplynie-w-sobote\\\/#breadcrumb\",\"itemListElement\":[{\"@type\":\"ListItem\",\"position\":1,\"name\":\"Strona g\u0142\u00f3wna\",\"item\":\"https:\\\/\\\/www.24gliwice.pl\\\/wiadomosci\\\/\"},{\"@type\":\"ListItem\",\"position\":2,\"name\":\"W pi\u0105tek ruszy\u0142 testowy transport opa\u0142u po Kanale Gliwickim. Do Wroc\u0142awia dop\u0142ynie w sobot\u0119\"}]},{\"@type\":\"WebSite\",\"@id\":\"https:\\\/\\\/www.24gliwice.pl\\\/wiadomosci\\\/#website\",\"url\":\"https:\\\/\\\/www.24gliwice.pl\\\/wiadomosci\\\/\",\"name\":\"24GLIWICE - Portal Gliwice | codziennie nowe wiadomo\u015bci\",\"description\":\"Portal Miejski Gliwice\",\"publisher\":{\"@id\":\"https:\\\/\\\/www.24gliwice.pl\\\/wiadomosci\\\/#organization\"},\"potentialAction\":[{\"@type\":\"SearchAction\",\"target\":{\"@type\":\"EntryPoint\",\"urlTemplate\":\"https:\\\/\\\/www.24gliwice.pl\\\/wiadomosci\\\/?s={search_term_string}\"},\"query-input\":{\"@type\":\"PropertyValueSpecification\",\"valueRequired\":true,\"valueName\":\"search_term_string\"}}],\"inLanguage\":\"pl-PL\"},{\"@type\":\"Organization\",\"@id\":\"https:\\\/\\\/www.24gliwice.pl\\\/wiadomosci\\\/#organization\",\"name\":\"24gliwice\",\"url\":\"https:\\\/\\\/www.24gliwice.pl\\\/wiadomosci\\\/\",\"logo\":{\"@type\":\"ImageObject\",\"inLanguage\":\"pl-PL\",\"@id\":\"https:\\\/\\\/www.24gliwice.pl\\\/wiadomosci\\\/#\\\/schema\\\/logo\\\/image\\\/\",\"url\":\"https:\\\/\\\/www.24gliwice.pl\\\/wiadomosci\\\/wp-content\\\/uploads\\\/2024\\\/10\\\/24gliwice-logo-696.jpg\",\"contentUrl\":\"https:\\\/\\\/www.24gliwice.pl\\\/wiadomosci\\\/wp-content\\\/uploads\\\/2024\\\/10\\\/24gliwice-logo-696.jpg\",\"width\":696,\"height\":696,\"caption\":\"24gliwice\"},\"image\":{\"@id\":\"https:\\\/\\\/www.24gliwice.pl\\\/wiadomosci\\\/#\\\/schema\\\/logo\\\/image\\\/\"},\"sameAs\":[\"https:\\\/\\\/www.facebook.com\\\/24gliwice\",\"https:\\\/\\\/x.com\\\/24gliwice\",\"https:\\\/\\\/www.youtube.com\\\/@24gliwice\"]},{\"@type\":\"Person\",\"@id\":\"https:\\\/\\\/www.24gliwice.pl\\\/wiadomosci\\\/#\\\/schema\\\/person\\\/e42c650edd7f2fa332be3811fb166b6e\",\"name\":\"\u017baneta Mrozek-Siewierska\",\"image\":{\"@type\":\"ImageObject\",\"inLanguage\":\"pl-PL\",\"@id\":\"https:\\\/\\\/secure.gravatar.com\\\/avatar\\\/1881429e9c64597c77ad7aef2d0a19be69a3253e57534d16aa15bf3a4d34a0a3?s=96&d=mm&r=g\",\"url\":\"https:\\\/\\\/secure.gravatar.com\\\/avatar\\\/1881429e9c64597c77ad7aef2d0a19be69a3253e57534d16aa15bf3a4d34a0a3?s=96&d=mm&r=g\",\"contentUrl\":\"https:\\\/\\\/secure.gravatar.com\\\/avatar\\\/1881429e9c64597c77ad7aef2d0a19be69a3253e57534d16aa15bf3a4d34a0a3?s=96&d=mm&r=g\",\"caption\":\"\u017baneta Mrozek-Siewierska\"},\"url\":\"https:\\\/\\\/www.24gliwice.pl\\\/wiadomosci\\\/author\\\/zms\\\/\"}]}<\/script>\n<!-- \/ Yoast SEO plugin. -->","yoast_head_json":{"title":"W pi\u0105tek ruszy\u0142 testowy transport opa\u0142u po Kanale Gliwickim. Do Wroc\u0142awia dop\u0142ynie w sobot\u0119 - 24GLIWICE - Portal Gliwice | codziennie nowe informacje","robots":{"index":"index","follow":"follow","max-snippet":"max-snippet:-1","max-image-preview":"max-image-preview:large","max-video-preview":"max-video-preview:-1"},"canonical":"https:\/\/www.24gliwice.pl\/wiadomosci\/w-piatek-ruszyl-testowy-tranzyt-opalu-po-kanale-gliwickim-do-wroclawia-doplynie-w-sobote\/","og_locale":"pl_PL","og_type":"article","og_title":"W pi\u0105tek ruszy\u0142 testowy transport opa\u0142u po Kanale Gliwickim. Do Wroc\u0142awia dop\u0142ynie w sobot\u0119 - 24GLIWICE - Portal Gliwice | codziennie nowe informacje","og_description":"Gliwicki port mo\u017ce obs\u0142ugiwa\u0107 przesy\u0142 nawet 20 tysi\u0119cy ton \u0142adunku miesi\u0119cznie. W pi\u0105tek pierwsze sze\u015b\u0107 barek wype\u0142niono w\u0119glem z kopalni So\u015bnica. Dotarcie do Wroc\u0142awia zajmie ka\u017cdej po 1,5 doby. Zobacz film &#8211; kliknij w \u015brodek zdj\u0119cia g\u0142\u00f3wnego\u00a0 Na pocz\u0105tku tygodnia do Gliwic przyp\u0142yn\u0119\u0142y puste barki. Na teren portu zosta\u0142o przetransportowanych 2000 ton w\u0119gla, jednak nie [&hellip;]","og_url":"https:\/\/www.24gliwice.pl\/wiadomosci\/w-piatek-ruszyl-testowy-tranzyt-opalu-po-kanale-gliwickim-do-wroclawia-doplynie-w-sobote\/","og_site_name":"24GLIWICE - Portal Gliwice | codziennie nowe informacje","article_publisher":"https:\/\/www.facebook.com\/24gliwice","article_published_time":"2017-07-14T17:06:08+00:00","article_modified_time":"2017-07-14T17:18:23+00:00","og_image":[{"width":1200,"height":675,"url":"https:\/\/www.24gliwice.pl\/wiadomosci\/wp-content\/uploads\/2017\/07\/1-barki-arch-2012.jpg","type":"image\/jpeg"}],"author":"\u017baneta Mrozek-Siewierska","twitter_card":"summary_large_image","twitter_creator":"@24gliwice","twitter_site":"@24gliwice","twitter_misc":{"Napisane przez":"\u017baneta Mrozek-Siewierska","Szacowany czas czytania":"1 minuta"},"schema":{"@context":"https:\/\/schema.org","@graph":[{"@type":"Article","@id":"https:\/\/www.24gliwice.pl\/wiadomosci\/w-piatek-ruszyl-testowy-tranzyt-opalu-po-kanale-gliwickim-do-wroclawia-doplynie-w-sobote\/#article","isPartOf":{"@id":"https:\/\/www.24gliwice.pl\/wiadomosci\/w-piatek-ruszyl-testowy-tranzyt-opalu-po-kanale-gliwickim-do-wroclawia-doplynie-w-sobote\/"},"author":{"name":"\u017baneta Mrozek-Siewierska","@id":"https:\/\/www.24gliwice.pl\/wiadomosci\/#\/schema\/person\/e42c650edd7f2fa332be3811fb166b6e"},"headline":"W pi\u0105tek ruszy\u0142 testowy transport opa\u0142u po Kanale Gliwickim. Do Wroc\u0142awia dop\u0142ynie w sobot\u0119","datePublished":"2017-07-14T17:06:08+00:00","dateModified":"2017-07-14T17:18:23+00:00","mainEntityOfPage":{"@id":"https:\/\/www.24gliwice.pl\/wiadomosci\/w-piatek-ruszyl-testowy-tranzyt-opalu-po-kanale-gliwickim-do-wroclawia-doplynie-w-sobote\/"},"wordCount":268,"commentCount":0,"publisher":{"@id":"https:\/\/www.24gliwice.pl\/wiadomosci\/#organization"},"image":{"@id":"https:\/\/www.24gliwice.pl\/wiadomosci\/w-piatek-ruszyl-testowy-tranzyt-opalu-po-kanale-gliwickim-do-wroclawia-doplynie-w-sobote\/#primaryimage"},"thumbnailUrl":"https:\/\/www.24gliwice.pl\/wiadomosci\/wp-content\/uploads\/2017\/07\/1-barki-arch-2012.jpg","keywords":["barki z w\u0119glem","marina","port","PORTOWA","\u015aCL","\u015bl\u0105skie centrum logistyki","w\u0119giel"],"articleSection":["Gliwice","Najnowsze wiadomo\u015bci","Portal Gliwice - Wiadomo\u015bci lokalne","Telewizja, materia\u0142y wideo"],"inLanguage":"pl-PL","potentialAction":[{"@type":"CommentAction","name":"Comment","target":["https:\/\/www.24gliwice.pl\/wiadomosci\/w-piatek-ruszyl-testowy-tranzyt-opalu-po-kanale-gliwickim-do-wroclawia-doplynie-w-sobote\/#respond"]}]},{"@type":"WebPage","@id":"https:\/\/www.24gliwice.pl\/wiadomosci\/w-piatek-ruszyl-testowy-tranzyt-opalu-po-kanale-gliwickim-do-wroclawia-doplynie-w-sobote\/","url":"https:\/\/www.24gliwice.pl\/wiadomosci\/w-piatek-ruszyl-testowy-tranzyt-opalu-po-kanale-gliwickim-do-wroclawia-doplynie-w-sobote\/","name":"W pi\u0105tek ruszy\u0142 testowy transport opa\u0142u po Kanale Gliwickim. Do Wroc\u0142awia dop\u0142ynie w sobot\u0119 - 24GLIWICE - Portal Gliwice | codziennie nowe informacje","isPartOf":{"@id":"https:\/\/www.24gliwice.pl\/wiadomosci\/#website"},"primaryImageOfPage":{"@id":"https:\/\/www.24gliwice.pl\/wiadomosci\/w-piatek-ruszyl-testowy-tranzyt-opalu-po-kanale-gliwickim-do-wroclawia-doplynie-w-sobote\/#primaryimage"},"image":{"@id":"https:\/\/www.24gliwice.pl\/wiadomosci\/w-piatek-ruszyl-testowy-tranzyt-opalu-po-kanale-gliwickim-do-wroclawia-doplynie-w-sobote\/#primaryimage"},"thumbnailUrl":"https:\/\/www.24gliwice.pl\/wiadomosci\/wp-content\/uploads\/2017\/07\/1-barki-arch-2012.jpg","datePublished":"2017-07-14T17:06:08+00:00","dateModified":"2017-07-14T17:18:23+00:00","breadcrumb":{"@id":"https:\/\/www.24gliwice.pl\/wiadomosci\/w-piatek-ruszyl-testowy-tranzyt-opalu-po-kanale-gliwickim-do-wroclawia-doplynie-w-sobote\/#breadcrumb"},"inLanguage":"pl-PL","potentialAction":[{"@type":"ReadAction","target":["https:\/\/www.24gliwice.pl\/wiadomosci\/w-piatek-ruszyl-testowy-tranzyt-opalu-po-kanale-gliwickim-do-wroclawia-doplynie-w-sobote\/"]}]},{"@type":"ImageObject","inLanguage":"pl-PL","@id":"https:\/\/www.24gliwice.pl\/wiadomosci\/w-piatek-ruszyl-testowy-tranzyt-opalu-po-kanale-gliwickim-do-wroclawia-doplynie-w-sobote\/#primaryimage","url":"https:\/\/www.24gliwice.pl\/wiadomosci\/wp-content\/uploads\/2017\/07\/1-barki-arch-2012.jpg","contentUrl":"https:\/\/www.24gliwice.pl\/wiadomosci\/wp-content\/uploads\/2017\/07\/1-barki-arch-2012.jpg","width":1200,"height":675,"caption":"24gliwice"},{"@type":"BreadcrumbList","@id":"https:\/\/www.24gliwice.pl\/wiadomosci\/w-piatek-ruszyl-testowy-tranzyt-opalu-po-kanale-gliwickim-do-wroclawia-doplynie-w-sobote\/#breadcrumb","itemListElement":[{"@type":"ListItem","position":1,"name":"Strona g\u0142\u00f3wna","item":"https:\/\/www.24gliwice.pl\/wiadomosci\/"},{"@type":"ListItem","position":2,"name":"W pi\u0105tek ruszy\u0142 testowy transport opa\u0142u po Kanale Gliwickim. Do Wroc\u0142awia dop\u0142ynie w sobot\u0119"}]},{"@type":"WebSite","@id":"https:\/\/www.24gliwice.pl\/wiadomosci\/#website","url":"https:\/\/www.24gliwice.pl\/wiadomosci\/","name":"24GLIWICE - Portal Gliwice | codziennie nowe wiadomo\u015bci","description":"Portal Miejski Gliwice","publisher":{"@id":"https:\/\/www.24gliwice.pl\/wiadomosci\/#organization"},"potentialAction":[{"@type":"SearchAction","target":{"@type":"EntryPoint","urlTemplate":"https:\/\/www.24gliwice.pl\/wiadomosci\/?s={search_term_string}"},"query-input":{"@type":"PropertyValueSpecification","valueRequired":true,"valueName":"search_term_string"}}],"inLanguage":"pl-PL"},{"@type":"Organization","@id":"https:\/\/www.24gliwice.pl\/wiadomosci\/#organization","name":"24gliwice","url":"https:\/\/www.24gliwice.pl\/wiadomosci\/","logo":{"@type":"ImageObject","inLanguage":"pl-PL","@id":"https:\/\/www.24gliwice.pl\/wiadomosci\/#\/schema\/logo\/image\/","url":"https:\/\/www.24gliwice.pl\/wiadomosci\/wp-content\/uploads\/2024\/10\/24gliwice-logo-696.jpg","contentUrl":"https:\/\/www.24gliwice.pl\/wiadomosci\/wp-content\/uploads\/2024\/10\/24gliwice-logo-696.jpg","width":696,"height":696,"caption":"24gliwice"},"image":{"@id":"https:\/\/www.24gliwice.pl\/wiadomosci\/#\/schema\/logo\/image\/"},"sameAs":["https:\/\/www.facebook.com\/24gliwice","https:\/\/x.com\/24gliwice","https:\/\/www.youtube.com\/@24gliwice"]},{"@type":"Person","@id":"https:\/\/www.24gliwice.pl\/wiadomosci\/#\/schema\/person\/e42c650edd7f2fa332be3811fb166b6e","name":"\u017baneta Mrozek-Siewierska","image":{"@type":"ImageObject","inLanguage":"pl-PL","@id":"https:\/\/secure.gravatar.com\/avatar\/1881429e9c64597c77ad7aef2d0a19be69a3253e57534d16aa15bf3a4d34a0a3?s=96&d=mm&r=g","url":"https:\/\/secure.gravatar.com\/avatar\/1881429e9c64597c77ad7aef2d0a19be69a3253e57534d16aa15bf3a4d34a0a3?s=96&d=mm&r=g","contentUrl":"https:\/\/secure.gravatar.com\/avatar\/1881429e9c64597c77ad7aef2d0a19be69a3253e57534d16aa15bf3a4d34a0a3?s=96&d=mm&r=g","caption":"\u017baneta Mrozek-Siewierska"},"url":"https:\/\/www.24gliwice.pl\/wiadomosci\/author\/zms\/"}]}},"_links":{"self":[{"href":"https:\/\/www.24gliwice.pl\/wiadomosci\/wp-json\/wp\/v2\/posts\/101759","targetHints":{"allow":["GET"]}}],"collection":[{"href":"https:\/\/www.24gliwice.pl\/wiadomosci\/wp-json\/wp\/v2\/posts"}],"about":[{"href":"https:\/\/www.24gliwice.pl\/wiadomosci\/wp-json\/wp\/v2\/types\/post"}],"author":[{"embeddable":true,"href":"https:\/\/www.24gliwice.pl\/wiadomosci\/wp-json\/wp\/v2\/users\/15"}],"replies":[{"embeddable":true,"href":"https:\/\/www.24gliwice.pl\/wiadomosci\/wp-json\/wp\/v2\/comments?post=101759"}],"version-history":[{"count":0,"href":"https:\/\/www.24gliwice.pl\/wiadomosci\/wp-json\/wp\/v2\/posts\/101759\/revisions"}],"wp:featuredmedia":[{"embeddable":true,"href":"https:\/\/www.24gliwice.pl\/wiadomosci\/wp-json\/wp\/v2\/media\/101786"}],"wp:attachment":[{"href":"https:\/\/www.24gliwice.pl\/wiadomosci\/wp-json\/wp\/v2\/media?parent=101759"}],"wp:term":[{"taxonomy":"category","embeddable":true,"href":"https:\/\/www.24gliwice.pl\/wiadomosci\/wp-json\/wp\/v2\/categories?post=101759"},{"taxonomy":"post_tag","embeddable":true,"href":"https:\/\/www.24gliwice.pl\/wiadomosci\/wp-json\/wp\/v2\/tags?post=101759"}],"curies":[{"name":"wp","href":"https:\/\/api.w.org\/{rel}","templated":true}]}}