{"id":101801,"date":"2017-07-25T02:06:00","date_gmt":"2017-07-25T00:06:00","guid":{"rendered":"http:\/\/www.24gliwice.pl\/wiadomosci\/?p=101801"},"modified":"2018-01-03T14:46:11","modified_gmt":"2018-01-03T13:46:11","slug":"trudny-czas-gwsp-zaleglosci-w-wyplatach-bunt-wykladowcow-sytuacja-jest-dramatyczna","status":"publish","type":"post","link":"https:\/\/www.24gliwice.pl\/wiadomosci\/trudny-czas-gwsp-zaleglosci-w-wyplatach-bunt-wykladowcow-sytuacja-jest-dramatyczna\/","title":{"rendered":"Problemy GWSP w Gliwicach. Bunt wyk\u0142adowc\u00f3w, zaleg\u0142o\u015bci w wyp\u0142atach. &#8220;Sytuacja dramatyczna&#8221;"},"content":{"rendered":"<div class=\"gliwi-a6-nad-leadem-artykulow gliwi-entity-placement\" id=\"gliwi-1648925970\"><div class=\"gliwi-adlabel\"><span style=\"font-size: 9px\">REKLAMA<\/span><\/div><div id=\"gliwi-2523222981\" style=\"margin-bottom: 25px;margin-left: auto;margin-right: auto;text-align: center;\"><a data-no-instant=\"1\" href=\"https:\/\/dom100.eu\/\" rel=\"noopener\" class=\"a2t-link\" target=\"_blank\" aria-label=\"20260415 DOM100 D\"><img loading=\"lazy\" decoding=\"async\" src=\"https:\/\/www.24gliwice.pl\/wiadomosci\/wp-content\/uploads\/2026\/04\/20260415-DOM100-D.jpg\" alt=\"\"  srcset=\"https:\/\/www.24gliwice.pl\/wiadomosci\/wp-content\/uploads\/2026\/04\/20260415-DOM100-D.jpg 750w, https:\/\/www.24gliwice.pl\/wiadomosci\/wp-content\/uploads\/2026\/04\/20260415-DOM100-D-410x109.jpg 410w\" sizes=\"(max-width: 750px) 100vw, 750px\" class=\"no-lazyload\" width=\"750\" height=\"200\"  style=\"display: inline-block; max-width: 100%; height: auto;\" \/><\/a><\/div><\/div><h3>Zaleg\u0142o\u015bci w wyp\u0142atach, problem z uiszczaniem podstawowych op\u0142at i fatalna atmosfera. Przysz\u0142o\u015b\u0107 Gliwickiej Wy\u017cszej Szko\u0142y Przedsi\u0119biorczo\u015bci po 12 latach dzia\u0142alno\u015bci rysuje si\u0119 w ciemnych barwach.<\/h3>\n<p>Wed\u0142ug by\u0142ych pracownik\u00f3w, nie ma pewno\u015bci czy uczelnia jesieni\u0105 rozpocznie rok akademicki.<\/p>\n<h5>UCZELNIA NA WOKANDZIE<\/h5>\n<p>Jak m\u00f3wi\u0105 byli pracownicy, problemy Gliwickiej Wy\u017cszej Szkole Przedsi\u0119biorczo\u015bci z p\u0142atno\u015bci\u0105 za prac\u0119 rozpocz\u0119\u0142y si\u0119 ju\u017c cztery lata temu. W tym roku sytuacja si\u0119 powt\u00f3rzy\u0142a. Tu\u017c przed rozpocz\u0119ciem sesji egzaminacyjnej miara si\u0119 przebra\u0142a. Cz\u0119\u015b\u0107 wyk\u0142adowc\u00f3w zastrajkowa\u0142a i odm\u00f3wi\u0142a udzielania wpis\u00f3w do indeks\u00f3w.<\/p><div class=\"gliwi-a3-w-tresci-artykulow gliwi-entity-placement\" id=\"gliwi-1181525588\"><div class=\"gliwi-adlabel\"><span style=\"font-size: 9px\">REKLAMA<\/span><\/div><div id=\"gliwi-3389477244\" style=\"margin-bottom: 30px;margin-left: auto;margin-right: auto;text-align: center;\"><a data-no-instant=\"1\" href=\"https:\/\/zlobek.halogen.org.pl\/\" rel=\"noopener\" class=\"a2t-link\" target=\"_blank\" aria-label=\"animator-zlobek_750x200\"><img loading=\"lazy\" decoding=\"async\" src=\"https:\/\/www.24gliwice.pl\/wiadomosci\/wp-content\/uploads\/2026\/02\/animator-zlobek_750x200.webp\" alt=\"\"  srcset=\"https:\/\/www.24gliwice.pl\/wiadomosci\/wp-content\/uploads\/2026\/02\/animator-zlobek_750x200.webp 750w, https:\/\/www.24gliwice.pl\/wiadomosci\/wp-content\/uploads\/2026\/02\/animator-zlobek_750x200-410x109.webp 410w\" sizes=\"(max-width: 750px) 100vw, 750px\" class=\"no-lazyload\" width=\"750\" height=\"200\"  style=\"display: inline-block; max-width: 100%; height: auto;\" \/><\/a><\/div><\/div>\n<p>&#8211; Zablokowali nasze obrony. Konsekwencja ich dzia\u0142a\u0144 b\u0119dzie taka, \u017ce zostaniemy z pracami w r\u0119kach, bez dyplomu, a szereg z nas bez pracy od wrze\u015bnia. Mo\u017cemy usi\u0105\u015b\u0107 i p\u0142aka\u0107, albo co\u015b zrobi\u0107. Ja rozumiem ich desperacj\u0119. Jednak\u017ce dzia\u0142ania tych pa\u0144stwa s\u0105 totalnie bezprawne &#8211; pisa\u0142a do nas w czerwcu jedna ze studentek.<\/p>\n<p>Pytani na pocz\u0105tku czerwca o sytuacj\u0119 na uczelni, przedstawiciele Gliwickiej Wy\u017cszej Szkole Przedsi\u0119biorczo\u015bci zaprzeczali.<br \/>\n&#8211; Wynagrodzenia za prac\u0119 co do zasady wyp\u0142acane s\u0105 do 10 czerwca 2017 roku. Niewielka cz\u0119\u015b\u0107 wyp\u0142acana jest z kr\u00f3tkim op\u00f3\u017anieniem. Op\u00f3\u017anienia wynikaj\u0105 z zaleg\u0142o\u015bci student\u00f3w wobec Uczelni i z ich nieregularnych wp\u0142at &#8211; przekonuje nas <strong>Przemys\u0142aw Bochenek<\/strong> z GWSP w Gliwicach.<\/p>\n<p>Jednak zdaniem by\u0142ych pracownik\u00f3w kondycja uczelni szwankuje ju\u017c od dawna. W ci\u0105gu ostatnich lat wynagrodze\u0144 nie otrzyma\u0142o kilkadziesi\u0105t os\u00f3b. Niekt\u00f3rzy z wyk\u0142adowc\u00f3w wci\u0105\u017c czekaj\u0105 na wyp\u0142at\u0119 zaleg\u0142ych kilkunastu tysi\u0119cy z\u0142otych.<\/p>\n<blockquote><p>&#8211; Sytuacja jest dramatyczna. Bardzo du\u017co os\u00f3b nie otrzyma\u0142o wyp\u0142at, a ich sprawy trafi\u0142y do s\u0105du. Obawiam si\u0119, \u017ce uczelnia mo\u017ce mie\u0107 problemy by ruszy\u0107 w pa\u017adzierniku z dzia\u0142alno\u015bci\u0105<\/p><\/blockquote>\n<p>&#8211; m\u00f3wi nam <strong>Urszula Wi\u0119ckowska<\/strong>, radna Rady Miasta w Gliwicach (PO), kt\u00f3ra przez wiele lat pracowa\u0142a na GWSP.<\/p>\n<p>S\u0142owa gliwickiej radnej znajduj\u0105 potwierdzenie w informacjach przekazanych przez <strong>Dorot\u0119 Deciuk<\/strong> z S\u0105du Okr\u0119gowego w Gliwicach. [perfectpullquote align=&#8221;full&#8221; cite=&#8221;&#8221; link=&#8221;&#8221; color=&#8221;&#8221; class=&#8221;&#8221; size=&#8221;&#8221;]Tylko w ci\u0105gu ostatniego roku na wokand\u0119 w S\u0105dzie Rejonowym w Gliwicach trafi\u0142o 13 spraw z udzia\u0142em Gliwickiej Wy\u017cszej Szko\u0142y Przedsi\u0119biorczo\u015bci, w tym a\u017c dziewi\u0119\u0107 o wynagrodzenie.[\/perfectpullquote]\n<h5>CO DALEJ?<\/h5>\n<p>Gliwicka Wy\u017csza Szko\u0142a Przedsi\u0119biorczo\u015bci, kt\u00f3rej formalnym za\u0142o\u017cycielem pocz\u0105tkowo by\u0142a gliwicka sp\u00f3\u0142ka komunalna Agencja Rozwoju Lokalnego (dzisiaj G\u00f3rno\u015bl\u0105ska Agencja Przedsi\u0119biorczo\u015bci i Rozwoju &#8211; GAPR), cho\u0107 prywatna, przez lata mog\u0142a liczy\u0107 na finansowy zastrzyk od Miasta.<br \/>\nJak ujawnia\u0142 w 2013 roku serwis info-poster.eu, w 2012 roku ARL przekaza\u0142a uczelni ponad 3 mln z\u0142otych. Jednak ju\u017c rok p\u00f3\u017aniej wp\u0142yw miejskiej sp\u00f3\u0142ki na dzia\u0142anie uczelni znacznie si\u0119 zmniejszy\u0142. GWSP wesz\u0142a w sk\u0142ad Konsorcjum Uczelni FUTURUS, a formalnym za\u0142o\u017cycielem sta\u0142a si\u0119 jedna z najbardziej znanych prywatnych uczelni w kraju Wy\u017csza Szko\u0142a Biznesu z Nowego S\u0105cza.<br \/>\nPech chcia\u0142, \u017ce w chwili rozpocz\u0119cia wsp\u00f3\u0142pracy z Gliwicami, dla renomowanej plac\u00f3wki z Ma\u0142opolski nasta\u0142y chude lata. WSB wpad\u0142a w d\u0142ugi si\u0119gaj\u0105ce kilkunastu milion\u00f3w z\u0142otych. Zdaniem by\u0142ych wyk\u0142adowc\u00f3w Gliwickiej Wy\u017cszej Szkole Przedsi\u0119biorczo\u015bci, to w\u0142a\u015bnie fatalna kondycja decyzyjnej w sprawie Gliwic nowos\u0105deckiej uczelni, wp\u0142yn\u0119\u0142a na jako\u015b\u0107 kszta\u0142cenia i przede wszystkim mo\u017cliwo\u015bci finansowe uczelni. Uczelnia nie tylko nie radzi sobie z terminowo\u015bci\u0105 wyp\u0142acania wynagrodze\u0144, ale pieni\u0119dzy brakuje nawet na pokrycie koszt\u00f3w wynajmu budynk\u00f3w od GAPR.<\/p>\n<blockquote><p>&#8211; Zaleg\u0142o\u015bci czynszowe Gliwickiej Wy\u017cszej Szkole Przedsi\u0119biorczo\u015bci wobec GAPR wynosz\u0105 oko\u0142o 164 tysi\u0119cy z\u0142otych<\/p><\/blockquote>\n<p>&#8211; informuje nas <strong>Bogdan Traczyk<\/strong>, prezes gliwickiego GAPR-u. &#8211; Gliwicka Wy\u017csza Szko\u0142a Przedsi\u0119biorczo\u015bci, jak ka\u017cdy podmiot dzia\u0142aj\u0105cy na wolnym rynku, podlega zmianom dostosowawczym do jego warunk\u00f3w &#8211; aktualnie kwota czynszu wynosi oko\u0142o 4,6 tys. z\u0142 miesi\u0119cznie, wcze\u015bniej oczywi\u015bcie skala dzia\u0142alno\u015bci uczelni by\u0142a wi\u0119ksza &#8211; dodaje.<\/p>\n<p>Nieoficjalnie, m\u00f3wi si\u0119, \u017ce do niedawna czynszowe zaleg\u0142o\u015bci uczelni by\u0142y jeszcze wi\u0119ksze i si\u0119ga\u0142y niemal 400 tysi\u0119cy z\u0142otych.<\/p>\n<blockquote><p>&#8211; Pracowa\u0142am w tym miejscu wiele lat. Wielka szkoda, \u017ce tak si\u0119 to ko\u0144czy. Uczelnia jest prywatna, ale w nazwie ma Gliwice. To negatywnie wp\u0142ywa na wizerunek miasta, jego mieszka\u0144c\u00f3w i os\u00f3b, kt\u00f3re by\u0142y z ni\u0105 zwi\u0105zane<\/p><\/blockquote>\n<p>&#8211; m\u00f3wi Urszula Wi\u0119ckowska.<\/p>\n<p>Czy powsta\u0142ej w 2005 roku Gliwickiej Wy\u017cszej Szkole Przedsi\u0119biorczo\u015bci rzeczywi\u015bcie grozi likwidacja? Z\u0142ym znakiem na przysz\u0142o\u015b\u0107 mo\u017ce by\u0107 los innej uczelni wchodz\u0105cej w sk\u0142ad konsorcjum FUTURUS &#8211; Wy\u017cszej Szko\u0142y Przedsi\u0119biorczo\u015bci i Marketingu w Chrzanowie, kt\u00f3ra w ubieg\u0142ym roku zosta\u0142a zamkni\u0119ta. Powodem by\u0142y m.in. k\u0142opoty finansowe, a wyk\u0142adowcy uczelni przez rok nie otrzymywali pensji. Bolesna analogia dla Gliwic?<br \/>\nWed\u0142ug nieoficjalnych informacji osoby zasiadaj\u0105ce obecnie we w\u0142adzach Gliwickiej Wy\u017cszej Szkole Przedsi\u0119biorczo\u015bci z\u0142o\u017cy\u0142y wypowiedzenia i swoje obowi\u0105zki b\u0119d\u0105 wykonywa\u0107 jedynie do ko\u0144ca wrze\u015bnia. Zapytani o te doniesienia przedstawiciele uczelni nie udzielili odpowiedzi.<\/p>\n<p><strong>Micha\u0142 Szewczyk<\/strong><\/p>\n<p><em>&#8212;<br \/>\n<strong>Od redakcji:<\/strong> Na pro\u015bb\u0119 G\u00f3rno\u015bl\u0105skiej Wy\u017cszej Szko\u0142y Przedsi\u0119biorczo\u015bci w Chorzowie, informujemy, \u017ce uczelnia ta, poza podobie\u0144stwem nazw, nie ma \u017cadnego zwi\u0105zku z Gliwick\u0105 Wy\u017csz\u0105 Szko\u0142\u0105 Przedsi\u0119biorczo\u015bci w Gliwicach.<\/em><\/p>\n<div class=\"gliwi-a5-na-koncu-artykulow gliwi-entity-placement\" id=\"gliwi-1225282400\"><div class=\"gliwi-adlabel\"><span style=\"font-size: 9px\">REKLAMA<\/span><\/div><div id=\"gliwi-1536858232\" style=\"margin-left: auto;margin-right: auto;text-align: center;\"><a data-no-instant=\"1\" href=\"https:\/\/www.jasek.pl\/\" rel=\"noopener\" class=\"a2t-link\" target=\"_blank\" aria-label=\"20200401-jasek 600\"><img loading=\"lazy\" decoding=\"async\" src=\"https:\/\/www.24gliwice.pl\/wiadomosci\/wp-content\/uploads\/2020\/04\/20200401-jasek-600.jpg\" alt=\"\"  srcset=\"https:\/\/www.24gliwice.pl\/wiadomosci\/wp-content\/uploads\/2020\/04\/20200401-jasek-600.jpg 600w, https:\/\/www.24gliwice.pl\/wiadomosci\/wp-content\/uploads\/2020\/04\/20200401-jasek-600-410x109.jpg 410w\" sizes=\"(max-width: 600px) 100vw, 600px\" class=\"no-lazyload\" width=\"600\" height=\"160\"  style=\"display: inline-block; max-width: 100%; height: auto;\" \/><\/a><\/div><\/div>","protected":false},"excerpt":{"rendered":"<p>Zaleg\u0142o\u015bci w wyp\u0142atach, problem z uiszczaniem podstawowych op\u0142at i fatalna atmosfera. Przysz\u0142o\u015b\u0107 Gliwickiej Wy\u017cszej Szko\u0142y Przedsi\u0119biorczo\u015bci po 12 latach dzia\u0142alno\u015bci rysuje si\u0119 w ciemnych barwach. Wed\u0142ug by\u0142ych pracownik\u00f3w, nie ma pewno\u015bci czy uczelnia jesieni\u0105 rozpocznie rok akademicki. UCZELNIA NA WOKANDZIE Jak m\u00f3wi\u0105 byli pracownicy, problemy Gliwickiej Wy\u017cszej Szkole Przedsi\u0119biorczo\u015bci z p\u0142atno\u015bci\u0105 za prac\u0119 rozpocz\u0119\u0142y si\u0119 [&hellip;]<\/p>\n","protected":false},"author":12,"featured_media":102254,"comment_status":"open","ping_status":"closed","sticky":false,"template":"","format":"standard","meta":{"_monsterinsights_skip_tracking":false,"_monsterinsights_sitenote_active":false,"_monsterinsights_sitenote_note":"","_monsterinsights_sitenote_category":0,"footnotes":"","_links_to":"","_links_to_target":""},"categories":[3,1,9],"tags":[1033,3832],"class_list":["post-101801","post","type-post","status-publish","format-standard","has-post-thumbnail","hentry","category-gliwice","category-wszystko","category-aktualnosci_lokalne","tag-gliwicka-wyzsza-szkola-przedsiebiorczosci","tag-gwsp-gliwice"],"yoast_head":"<!-- This site is optimized with the Yoast SEO plugin v27.5 - https:\/\/yoast.com\/product\/yoast-seo-wordpress\/ -->\n<title>Problemy GWSP w Gliwicach. Bunt wyk\u0142adowc\u00f3w, zaleg\u0142o\u015bci w wyp\u0142atach. &quot;Sytuacja dramatyczna&quot; - 24GLIWICE - Portal Gliwice | codziennie nowe informacje<\/title>\n<meta name=\"robots\" content=\"index, follow, max-snippet:-1, max-image-preview:large, max-video-preview:-1\" \/>\n<link rel=\"canonical\" href=\"https:\/\/www.24gliwice.pl\/wiadomosci\/trudny-czas-gwsp-zaleglosci-w-wyplatach-bunt-wykladowcow-sytuacja-jest-dramatyczna\/\" \/>\n<meta property=\"og:locale\" content=\"pl_PL\" \/>\n<meta property=\"og:type\" content=\"article\" \/>\n<meta property=\"og:title\" content=\"Problemy GWSP w Gliwicach. Bunt wyk\u0142adowc\u00f3w, zaleg\u0142o\u015bci w wyp\u0142atach. &quot;Sytuacja dramatyczna&quot; - 24GLIWICE - Portal Gliwice | codziennie nowe informacje\" \/>\n<meta property=\"og:description\" content=\"Zaleg\u0142o\u015bci w wyp\u0142atach, problem z uiszczaniem podstawowych op\u0142at i fatalna atmosfera. Przysz\u0142o\u015b\u0107 Gliwickiej Wy\u017cszej Szko\u0142y Przedsi\u0119biorczo\u015bci po 12 latach dzia\u0142alno\u015bci rysuje si\u0119 w ciemnych barwach. Wed\u0142ug by\u0142ych pracownik\u00f3w, nie ma pewno\u015bci czy uczelnia jesieni\u0105 rozpocznie rok akademicki. UCZELNIA NA WOKANDZIE Jak m\u00f3wi\u0105 byli pracownicy, problemy Gliwickiej Wy\u017cszej Szkole Przedsi\u0119biorczo\u015bci z p\u0142atno\u015bci\u0105 za prac\u0119 rozpocz\u0119\u0142y si\u0119 [&hellip;]\" \/>\n<meta property=\"og:url\" content=\"https:\/\/www.24gliwice.pl\/wiadomosci\/trudny-czas-gwsp-zaleglosci-w-wyplatach-bunt-wykladowcow-sytuacja-jest-dramatyczna\/\" \/>\n<meta property=\"og:site_name\" content=\"24GLIWICE - Portal Gliwice | codziennie nowe informacje\" \/>\n<meta property=\"article:publisher\" content=\"https:\/\/www.facebook.com\/24gliwice\" \/>\n<meta property=\"article:published_time\" content=\"2017-07-25T00:06:00+00:00\" \/>\n<meta property=\"article:modified_time\" content=\"2018-01-03T13:46:11+00:00\" \/>\n<meta property=\"og:image\" content=\"https:\/\/www.24gliwice.pl\/wiadomosci\/wp-content\/uploads\/2017\/07\/1-G0370072-e1506604768115.jpg\" \/>\n\t<meta property=\"og:image:width\" content=\"810\" \/>\n\t<meta property=\"og:image:height\" content=\"458\" \/>\n\t<meta property=\"og:image:type\" content=\"image\/jpeg\" \/>\n<meta name=\"author\" content=\"Micha\u0142 Szewczyk\" \/>\n<meta name=\"twitter:card\" content=\"summary_large_image\" \/>\n<meta name=\"twitter:creator\" content=\"@24gliwice\" \/>\n<meta name=\"twitter:site\" content=\"@24gliwice\" \/>\n<meta name=\"twitter:label1\" content=\"Napisane przez\" \/>\n\t<meta name=\"twitter:data1\" content=\"Micha\u0142 Szewczyk\" \/>\n\t<meta name=\"twitter:label2\" content=\"Szacowany czas czytania\" \/>\n\t<meta name=\"twitter:data2\" content=\"5 minut\" \/>\n<script type=\"application\/ld+json\" class=\"yoast-schema-graph\">{\"@context\":\"https:\\\/\\\/schema.org\",\"@graph\":[{\"@type\":\"Article\",\"@id\":\"https:\\\/\\\/www.24gliwice.pl\\\/wiadomosci\\\/trudny-czas-gwsp-zaleglosci-w-wyplatach-bunt-wykladowcow-sytuacja-jest-dramatyczna\\\/#article\",\"isPartOf\":{\"@id\":\"https:\\\/\\\/www.24gliwice.pl\\\/wiadomosci\\\/trudny-czas-gwsp-zaleglosci-w-wyplatach-bunt-wykladowcow-sytuacja-jest-dramatyczna\\\/\"},\"author\":{\"name\":\"Micha\u0142 Szewczyk\",\"@id\":\"https:\\\/\\\/www.24gliwice.pl\\\/wiadomosci\\\/#\\\/schema\\\/person\\\/940e8f8a097e322de4f463f061ef8d45\"},\"headline\":\"Problemy GWSP w Gliwicach. Bunt wyk\u0142adowc\u00f3w, zaleg\u0142o\u015bci w wyp\u0142atach. &#8220;Sytuacja dramatyczna&#8221;\",\"datePublished\":\"2017-07-25T00:06:00+00:00\",\"dateModified\":\"2018-01-03T13:46:11+00:00\",\"mainEntityOfPage\":{\"@id\":\"https:\\\/\\\/www.24gliwice.pl\\\/wiadomosci\\\/trudny-czas-gwsp-zaleglosci-w-wyplatach-bunt-wykladowcow-sytuacja-jest-dramatyczna\\\/\"},\"wordCount\":975,\"commentCount\":0,\"publisher\":{\"@id\":\"https:\\\/\\\/www.24gliwice.pl\\\/wiadomosci\\\/#organization\"},\"image\":{\"@id\":\"https:\\\/\\\/www.24gliwice.pl\\\/wiadomosci\\\/trudny-czas-gwsp-zaleglosci-w-wyplatach-bunt-wykladowcow-sytuacja-jest-dramatyczna\\\/#primaryimage\"},\"thumbnailUrl\":\"https:\\\/\\\/www.24gliwice.pl\\\/wiadomosci\\\/wp-content\\\/uploads\\\/2017\\\/07\\\/1-G0370072-e1506604768115.jpg\",\"keywords\":[\"Gliwicka Wy\u017csza Szko\u0142a Przedsi\u0119biorczo\u015bci\",\"gwsp gliwice\"],\"articleSection\":[\"Gliwice\",\"Najnowsze wiadomo\u015bci\",\"Portal Gliwice - Wiadomo\u015bci lokalne\"],\"inLanguage\":\"pl-PL\",\"potentialAction\":[{\"@type\":\"CommentAction\",\"name\":\"Comment\",\"target\":[\"https:\\\/\\\/www.24gliwice.pl\\\/wiadomosci\\\/trudny-czas-gwsp-zaleglosci-w-wyplatach-bunt-wykladowcow-sytuacja-jest-dramatyczna\\\/#respond\"]}]},{\"@type\":\"WebPage\",\"@id\":\"https:\\\/\\\/www.24gliwice.pl\\\/wiadomosci\\\/trudny-czas-gwsp-zaleglosci-w-wyplatach-bunt-wykladowcow-sytuacja-jest-dramatyczna\\\/\",\"url\":\"https:\\\/\\\/www.24gliwice.pl\\\/wiadomosci\\\/trudny-czas-gwsp-zaleglosci-w-wyplatach-bunt-wykladowcow-sytuacja-jest-dramatyczna\\\/\",\"name\":\"Problemy GWSP w Gliwicach. Bunt wyk\u0142adowc\u00f3w, zaleg\u0142o\u015bci w wyp\u0142atach. \\\"Sytuacja dramatyczna\\\" - 24GLIWICE - Portal Gliwice | codziennie nowe informacje\",\"isPartOf\":{\"@id\":\"https:\\\/\\\/www.24gliwice.pl\\\/wiadomosci\\\/#website\"},\"primaryImageOfPage\":{\"@id\":\"https:\\\/\\\/www.24gliwice.pl\\\/wiadomosci\\\/trudny-czas-gwsp-zaleglosci-w-wyplatach-bunt-wykladowcow-sytuacja-jest-dramatyczna\\\/#primaryimage\"},\"image\":{\"@id\":\"https:\\\/\\\/www.24gliwice.pl\\\/wiadomosci\\\/trudny-czas-gwsp-zaleglosci-w-wyplatach-bunt-wykladowcow-sytuacja-jest-dramatyczna\\\/#primaryimage\"},\"thumbnailUrl\":\"https:\\\/\\\/www.24gliwice.pl\\\/wiadomosci\\\/wp-content\\\/uploads\\\/2017\\\/07\\\/1-G0370072-e1506604768115.jpg\",\"datePublished\":\"2017-07-25T00:06:00+00:00\",\"dateModified\":\"2018-01-03T13:46:11+00:00\",\"breadcrumb\":{\"@id\":\"https:\\\/\\\/www.24gliwice.pl\\\/wiadomosci\\\/trudny-czas-gwsp-zaleglosci-w-wyplatach-bunt-wykladowcow-sytuacja-jest-dramatyczna\\\/#breadcrumb\"},\"inLanguage\":\"pl-PL\",\"potentialAction\":[{\"@type\":\"ReadAction\",\"target\":[\"https:\\\/\\\/www.24gliwice.pl\\\/wiadomosci\\\/trudny-czas-gwsp-zaleglosci-w-wyplatach-bunt-wykladowcow-sytuacja-jest-dramatyczna\\\/\"]}]},{\"@type\":\"ImageObject\",\"inLanguage\":\"pl-PL\",\"@id\":\"https:\\\/\\\/www.24gliwice.pl\\\/wiadomosci\\\/trudny-czas-gwsp-zaleglosci-w-wyplatach-bunt-wykladowcow-sytuacja-jest-dramatyczna\\\/#primaryimage\",\"url\":\"https:\\\/\\\/www.24gliwice.pl\\\/wiadomosci\\\/wp-content\\\/uploads\\\/2017\\\/07\\\/1-G0370072-e1506604768115.jpg\",\"contentUrl\":\"https:\\\/\\\/www.24gliwice.pl\\\/wiadomosci\\\/wp-content\\\/uploads\\\/2017\\\/07\\\/1-G0370072-e1506604768115.jpg\",\"width\":810,\"height\":458},{\"@type\":\"BreadcrumbList\",\"@id\":\"https:\\\/\\\/www.24gliwice.pl\\\/wiadomosci\\\/trudny-czas-gwsp-zaleglosci-w-wyplatach-bunt-wykladowcow-sytuacja-jest-dramatyczna\\\/#breadcrumb\",\"itemListElement\":[{\"@type\":\"ListItem\",\"position\":1,\"name\":\"Strona g\u0142\u00f3wna\",\"item\":\"https:\\\/\\\/www.24gliwice.pl\\\/wiadomosci\\\/\"},{\"@type\":\"ListItem\",\"position\":2,\"name\":\"Problemy GWSP w Gliwicach. Bunt wyk\u0142adowc\u00f3w, zaleg\u0142o\u015bci w wyp\u0142atach. &#8222;Sytuacja dramatyczna&#8221;\"}]},{\"@type\":\"WebSite\",\"@id\":\"https:\\\/\\\/www.24gliwice.pl\\\/wiadomosci\\\/#website\",\"url\":\"https:\\\/\\\/www.24gliwice.pl\\\/wiadomosci\\\/\",\"name\":\"24GLIWICE - Portal Gliwice | codziennie nowe wiadomo\u015bci\",\"description\":\"Portal Miejski Gliwice\",\"publisher\":{\"@id\":\"https:\\\/\\\/www.24gliwice.pl\\\/wiadomosci\\\/#organization\"},\"potentialAction\":[{\"@type\":\"SearchAction\",\"target\":{\"@type\":\"EntryPoint\",\"urlTemplate\":\"https:\\\/\\\/www.24gliwice.pl\\\/wiadomosci\\\/?s={search_term_string}\"},\"query-input\":{\"@type\":\"PropertyValueSpecification\",\"valueRequired\":true,\"valueName\":\"search_term_string\"}}],\"inLanguage\":\"pl-PL\"},{\"@type\":\"Organization\",\"@id\":\"https:\\\/\\\/www.24gliwice.pl\\\/wiadomosci\\\/#organization\",\"name\":\"24gliwice\",\"url\":\"https:\\\/\\\/www.24gliwice.pl\\\/wiadomosci\\\/\",\"logo\":{\"@type\":\"ImageObject\",\"inLanguage\":\"pl-PL\",\"@id\":\"https:\\\/\\\/www.24gliwice.pl\\\/wiadomosci\\\/#\\\/schema\\\/logo\\\/image\\\/\",\"url\":\"https:\\\/\\\/www.24gliwice.pl\\\/wiadomosci\\\/wp-content\\\/uploads\\\/2024\\\/10\\\/24gliwice-logo-696.jpg\",\"contentUrl\":\"https:\\\/\\\/www.24gliwice.pl\\\/wiadomosci\\\/wp-content\\\/uploads\\\/2024\\\/10\\\/24gliwice-logo-696.jpg\",\"width\":696,\"height\":696,\"caption\":\"24gliwice\"},\"image\":{\"@id\":\"https:\\\/\\\/www.24gliwice.pl\\\/wiadomosci\\\/#\\\/schema\\\/logo\\\/image\\\/\"},\"sameAs\":[\"https:\\\/\\\/www.facebook.com\\\/24gliwice\",\"https:\\\/\\\/x.com\\\/24gliwice\",\"https:\\\/\\\/www.youtube.com\\\/@24gliwice\"]},{\"@type\":\"Person\",\"@id\":\"https:\\\/\\\/www.24gliwice.pl\\\/wiadomosci\\\/#\\\/schema\\\/person\\\/940e8f8a097e322de4f463f061ef8d45\",\"name\":\"Micha\u0142 Szewczyk\",\"image\":{\"@type\":\"ImageObject\",\"inLanguage\":\"pl-PL\",\"@id\":\"https:\\\/\\\/secure.gravatar.com\\\/avatar\\\/771b8b6c74cd8d255e46392d605e01a86133900ef09b6ef3c8d451c9d92288cf?s=96&d=mm&r=g\",\"url\":\"https:\\\/\\\/secure.gravatar.com\\\/avatar\\\/771b8b6c74cd8d255e46392d605e01a86133900ef09b6ef3c8d451c9d92288cf?s=96&d=mm&r=g\",\"contentUrl\":\"https:\\\/\\\/secure.gravatar.com\\\/avatar\\\/771b8b6c74cd8d255e46392d605e01a86133900ef09b6ef3c8d451c9d92288cf?s=96&d=mm&r=g\",\"caption\":\"Micha\u0142 Szewczyk\"},\"sameAs\":[\"http:\\\/\\\/www.gazeta-miejska.pl\"],\"url\":\"https:\\\/\\\/www.24gliwice.pl\\\/wiadomosci\\\/author\\\/michal-szewczyk\\\/\"}]}<\/script>\n<!-- \/ Yoast SEO plugin. -->","yoast_head_json":{"title":"Problemy GWSP w Gliwicach. Bunt wyk\u0142adowc\u00f3w, zaleg\u0142o\u015bci w wyp\u0142atach. \"Sytuacja dramatyczna\" - 24GLIWICE - Portal Gliwice | codziennie nowe informacje","robots":{"index":"index","follow":"follow","max-snippet":"max-snippet:-1","max-image-preview":"max-image-preview:large","max-video-preview":"max-video-preview:-1"},"canonical":"https:\/\/www.24gliwice.pl\/wiadomosci\/trudny-czas-gwsp-zaleglosci-w-wyplatach-bunt-wykladowcow-sytuacja-jest-dramatyczna\/","og_locale":"pl_PL","og_type":"article","og_title":"Problemy GWSP w Gliwicach. Bunt wyk\u0142adowc\u00f3w, zaleg\u0142o\u015bci w wyp\u0142atach. \"Sytuacja dramatyczna\" - 24GLIWICE - Portal Gliwice | codziennie nowe informacje","og_description":"Zaleg\u0142o\u015bci w wyp\u0142atach, problem z uiszczaniem podstawowych op\u0142at i fatalna atmosfera. Przysz\u0142o\u015b\u0107 Gliwickiej Wy\u017cszej Szko\u0142y Przedsi\u0119biorczo\u015bci po 12 latach dzia\u0142alno\u015bci rysuje si\u0119 w ciemnych barwach. Wed\u0142ug by\u0142ych pracownik\u00f3w, nie ma pewno\u015bci czy uczelnia jesieni\u0105 rozpocznie rok akademicki. UCZELNIA NA WOKANDZIE Jak m\u00f3wi\u0105 byli pracownicy, problemy Gliwickiej Wy\u017cszej Szkole Przedsi\u0119biorczo\u015bci z p\u0142atno\u015bci\u0105 za prac\u0119 rozpocz\u0119\u0142y si\u0119 [&hellip;]","og_url":"https:\/\/www.24gliwice.pl\/wiadomosci\/trudny-czas-gwsp-zaleglosci-w-wyplatach-bunt-wykladowcow-sytuacja-jest-dramatyczna\/","og_site_name":"24GLIWICE - Portal Gliwice | codziennie nowe informacje","article_publisher":"https:\/\/www.facebook.com\/24gliwice","article_published_time":"2017-07-25T00:06:00+00:00","article_modified_time":"2018-01-03T13:46:11+00:00","og_image":[{"width":810,"height":458,"url":"https:\/\/www.24gliwice.pl\/wiadomosci\/wp-content\/uploads\/2017\/07\/1-G0370072-e1506604768115.jpg","type":"image\/jpeg"}],"author":"Micha\u0142 Szewczyk","twitter_card":"summary_large_image","twitter_creator":"@24gliwice","twitter_site":"@24gliwice","twitter_misc":{"Napisane przez":"Micha\u0142 Szewczyk","Szacowany czas czytania":"5 minut"},"schema":{"@context":"https:\/\/schema.org","@graph":[{"@type":"Article","@id":"https:\/\/www.24gliwice.pl\/wiadomosci\/trudny-czas-gwsp-zaleglosci-w-wyplatach-bunt-wykladowcow-sytuacja-jest-dramatyczna\/#article","isPartOf":{"@id":"https:\/\/www.24gliwice.pl\/wiadomosci\/trudny-czas-gwsp-zaleglosci-w-wyplatach-bunt-wykladowcow-sytuacja-jest-dramatyczna\/"},"author":{"name":"Micha\u0142 Szewczyk","@id":"https:\/\/www.24gliwice.pl\/wiadomosci\/#\/schema\/person\/940e8f8a097e322de4f463f061ef8d45"},"headline":"Problemy GWSP w Gliwicach. Bunt wyk\u0142adowc\u00f3w, zaleg\u0142o\u015bci w wyp\u0142atach. &#8220;Sytuacja dramatyczna&#8221;","datePublished":"2017-07-25T00:06:00+00:00","dateModified":"2018-01-03T13:46:11+00:00","mainEntityOfPage":{"@id":"https:\/\/www.24gliwice.pl\/wiadomosci\/trudny-czas-gwsp-zaleglosci-w-wyplatach-bunt-wykladowcow-sytuacja-jest-dramatyczna\/"},"wordCount":975,"commentCount":0,"publisher":{"@id":"https:\/\/www.24gliwice.pl\/wiadomosci\/#organization"},"image":{"@id":"https:\/\/www.24gliwice.pl\/wiadomosci\/trudny-czas-gwsp-zaleglosci-w-wyplatach-bunt-wykladowcow-sytuacja-jest-dramatyczna\/#primaryimage"},"thumbnailUrl":"https:\/\/www.24gliwice.pl\/wiadomosci\/wp-content\/uploads\/2017\/07\/1-G0370072-e1506604768115.jpg","keywords":["Gliwicka Wy\u017csza Szko\u0142a Przedsi\u0119biorczo\u015bci","gwsp gliwice"],"articleSection":["Gliwice","Najnowsze wiadomo\u015bci","Portal Gliwice - Wiadomo\u015bci lokalne"],"inLanguage":"pl-PL","potentialAction":[{"@type":"CommentAction","name":"Comment","target":["https:\/\/www.24gliwice.pl\/wiadomosci\/trudny-czas-gwsp-zaleglosci-w-wyplatach-bunt-wykladowcow-sytuacja-jest-dramatyczna\/#respond"]}]},{"@type":"WebPage","@id":"https:\/\/www.24gliwice.pl\/wiadomosci\/trudny-czas-gwsp-zaleglosci-w-wyplatach-bunt-wykladowcow-sytuacja-jest-dramatyczna\/","url":"https:\/\/www.24gliwice.pl\/wiadomosci\/trudny-czas-gwsp-zaleglosci-w-wyplatach-bunt-wykladowcow-sytuacja-jest-dramatyczna\/","name":"Problemy GWSP w Gliwicach. Bunt wyk\u0142adowc\u00f3w, zaleg\u0142o\u015bci w wyp\u0142atach. \"Sytuacja dramatyczna\" - 24GLIWICE - Portal Gliwice | codziennie nowe informacje","isPartOf":{"@id":"https:\/\/www.24gliwice.pl\/wiadomosci\/#website"},"primaryImageOfPage":{"@id":"https:\/\/www.24gliwice.pl\/wiadomosci\/trudny-czas-gwsp-zaleglosci-w-wyplatach-bunt-wykladowcow-sytuacja-jest-dramatyczna\/#primaryimage"},"image":{"@id":"https:\/\/www.24gliwice.pl\/wiadomosci\/trudny-czas-gwsp-zaleglosci-w-wyplatach-bunt-wykladowcow-sytuacja-jest-dramatyczna\/#primaryimage"},"thumbnailUrl":"https:\/\/www.24gliwice.pl\/wiadomosci\/wp-content\/uploads\/2017\/07\/1-G0370072-e1506604768115.jpg","datePublished":"2017-07-25T00:06:00+00:00","dateModified":"2018-01-03T13:46:11+00:00","breadcrumb":{"@id":"https:\/\/www.24gliwice.pl\/wiadomosci\/trudny-czas-gwsp-zaleglosci-w-wyplatach-bunt-wykladowcow-sytuacja-jest-dramatyczna\/#breadcrumb"},"inLanguage":"pl-PL","potentialAction":[{"@type":"ReadAction","target":["https:\/\/www.24gliwice.pl\/wiadomosci\/trudny-czas-gwsp-zaleglosci-w-wyplatach-bunt-wykladowcow-sytuacja-jest-dramatyczna\/"]}]},{"@type":"ImageObject","inLanguage":"pl-PL","@id":"https:\/\/www.24gliwice.pl\/wiadomosci\/trudny-czas-gwsp-zaleglosci-w-wyplatach-bunt-wykladowcow-sytuacja-jest-dramatyczna\/#primaryimage","url":"https:\/\/www.24gliwice.pl\/wiadomosci\/wp-content\/uploads\/2017\/07\/1-G0370072-e1506604768115.jpg","contentUrl":"https:\/\/www.24gliwice.pl\/wiadomosci\/wp-content\/uploads\/2017\/07\/1-G0370072-e1506604768115.jpg","width":810,"height":458},{"@type":"BreadcrumbList","@id":"https:\/\/www.24gliwice.pl\/wiadomosci\/trudny-czas-gwsp-zaleglosci-w-wyplatach-bunt-wykladowcow-sytuacja-jest-dramatyczna\/#breadcrumb","itemListElement":[{"@type":"ListItem","position":1,"name":"Strona g\u0142\u00f3wna","item":"https:\/\/www.24gliwice.pl\/wiadomosci\/"},{"@type":"ListItem","position":2,"name":"Problemy GWSP w Gliwicach. Bunt wyk\u0142adowc\u00f3w, zaleg\u0142o\u015bci w wyp\u0142atach. &#8222;Sytuacja dramatyczna&#8221;"}]},{"@type":"WebSite","@id":"https:\/\/www.24gliwice.pl\/wiadomosci\/#website","url":"https:\/\/www.24gliwice.pl\/wiadomosci\/","name":"24GLIWICE - Portal Gliwice | codziennie nowe wiadomo\u015bci","description":"Portal Miejski Gliwice","publisher":{"@id":"https:\/\/www.24gliwice.pl\/wiadomosci\/#organization"},"potentialAction":[{"@type":"SearchAction","target":{"@type":"EntryPoint","urlTemplate":"https:\/\/www.24gliwice.pl\/wiadomosci\/?s={search_term_string}"},"query-input":{"@type":"PropertyValueSpecification","valueRequired":true,"valueName":"search_term_string"}}],"inLanguage":"pl-PL"},{"@type":"Organization","@id":"https:\/\/www.24gliwice.pl\/wiadomosci\/#organization","name":"24gliwice","url":"https:\/\/www.24gliwice.pl\/wiadomosci\/","logo":{"@type":"ImageObject","inLanguage":"pl-PL","@id":"https:\/\/www.24gliwice.pl\/wiadomosci\/#\/schema\/logo\/image\/","url":"https:\/\/www.24gliwice.pl\/wiadomosci\/wp-content\/uploads\/2024\/10\/24gliwice-logo-696.jpg","contentUrl":"https:\/\/www.24gliwice.pl\/wiadomosci\/wp-content\/uploads\/2024\/10\/24gliwice-logo-696.jpg","width":696,"height":696,"caption":"24gliwice"},"image":{"@id":"https:\/\/www.24gliwice.pl\/wiadomosci\/#\/schema\/logo\/image\/"},"sameAs":["https:\/\/www.facebook.com\/24gliwice","https:\/\/x.com\/24gliwice","https:\/\/www.youtube.com\/@24gliwice"]},{"@type":"Person","@id":"https:\/\/www.24gliwice.pl\/wiadomosci\/#\/schema\/person\/940e8f8a097e322de4f463f061ef8d45","name":"Micha\u0142 Szewczyk","image":{"@type":"ImageObject","inLanguage":"pl-PL","@id":"https:\/\/secure.gravatar.com\/avatar\/771b8b6c74cd8d255e46392d605e01a86133900ef09b6ef3c8d451c9d92288cf?s=96&d=mm&r=g","url":"https:\/\/secure.gravatar.com\/avatar\/771b8b6c74cd8d255e46392d605e01a86133900ef09b6ef3c8d451c9d92288cf?s=96&d=mm&r=g","contentUrl":"https:\/\/secure.gravatar.com\/avatar\/771b8b6c74cd8d255e46392d605e01a86133900ef09b6ef3c8d451c9d92288cf?s=96&d=mm&r=g","caption":"Micha\u0142 Szewczyk"},"sameAs":["http:\/\/www.gazeta-miejska.pl"],"url":"https:\/\/www.24gliwice.pl\/wiadomosci\/author\/michal-szewczyk\/"}]}},"_links":{"self":[{"href":"https:\/\/www.24gliwice.pl\/wiadomosci\/wp-json\/wp\/v2\/posts\/101801","targetHints":{"allow":["GET"]}}],"collection":[{"href":"https:\/\/www.24gliwice.pl\/wiadomosci\/wp-json\/wp\/v2\/posts"}],"about":[{"href":"https:\/\/www.24gliwice.pl\/wiadomosci\/wp-json\/wp\/v2\/types\/post"}],"author":[{"embeddable":true,"href":"https:\/\/www.24gliwice.pl\/wiadomosci\/wp-json\/wp\/v2\/users\/12"}],"replies":[{"embeddable":true,"href":"https:\/\/www.24gliwice.pl\/wiadomosci\/wp-json\/wp\/v2\/comments?post=101801"}],"version-history":[{"count":0,"href":"https:\/\/www.24gliwice.pl\/wiadomosci\/wp-json\/wp\/v2\/posts\/101801\/revisions"}],"wp:featuredmedia":[{"embeddable":true,"href":"https:\/\/www.24gliwice.pl\/wiadomosci\/wp-json\/wp\/v2\/media\/102254"}],"wp:attachment":[{"href":"https:\/\/www.24gliwice.pl\/wiadomosci\/wp-json\/wp\/v2\/media?parent=101801"}],"wp:term":[{"taxonomy":"category","embeddable":true,"href":"https:\/\/www.24gliwice.pl\/wiadomosci\/wp-json\/wp\/v2\/categories?post=101801"},{"taxonomy":"post_tag","embeddable":true,"href":"https:\/\/www.24gliwice.pl\/wiadomosci\/wp-json\/wp\/v2\/tags?post=101801"}],"curies":[{"name":"wp","href":"https:\/\/api.w.org\/{rel}","templated":true}]}}