{"id":102066,"date":"2017-07-20T11:40:25","date_gmt":"2017-07-20T09:40:25","guid":{"rendered":"http:\/\/www.24gliwice.pl\/wiadomosci\/?p=102066"},"modified":"2017-07-20T11:40:25","modified_gmt":"2017-07-20T09:40:25","slug":"woda-podrozeje-spowoduje-to-podniesienie-cen-energii-a-w-konsekwencji-produktow-i-uslug","status":"publish","type":"post","link":"https:\/\/www.24gliwice.pl\/wiadomosci\/woda-podrozeje-spowoduje-to-podniesienie-cen-energii-a-w-konsekwencji-produktow-i-uslug\/","title":{"rendered":"Woda podro\u017ceje. Spowoduje to podniesienie cen energii, a w konsekwencji produkt\u00f3w i us\u0142ug"},"content":{"rendered":"<div class=\"gliwi-a6-nad-leadem-artykulow gliwi-entity-placement\" id=\"gliwi-644203491\"><div class=\"gliwi-adlabel\"><span style=\"font-size: 9px\">REKLAMA<\/span><\/div><div id=\"gliwi-3357054213\" style=\"margin-bottom: 25px;margin-left: auto;margin-right: auto;text-align: center;\"><a data-no-instant=\"1\" href=\"https:\/\/dom100.eu\/\" rel=\"noopener\" class=\"a2t-link\" target=\"_blank\" aria-label=\"20260415 DOM100 D\"><img loading=\"lazy\" decoding=\"async\" src=\"https:\/\/www.24gliwice.pl\/wiadomosci\/wp-content\/uploads\/2026\/04\/20260415-DOM100-D.jpg\" alt=\"\"  srcset=\"https:\/\/www.24gliwice.pl\/wiadomosci\/wp-content\/uploads\/2026\/04\/20260415-DOM100-D.jpg 750w, https:\/\/www.24gliwice.pl\/wiadomosci\/wp-content\/uploads\/2026\/04\/20260415-DOM100-D-410x109.jpg 410w\" sizes=\"(max-width: 750px) 100vw, 750px\" class=\"no-lazyload\" width=\"750\" height=\"200\"  style=\"display: inline-block; max-width: 100%; height: auto;\" \/><\/a><\/div><\/div><h4>Nowe prawo wodne, kt\u00f3re zosta\u0142o przeg\u0142osowane w Sejmie 18 lipca przez pos\u0142\u00f3w Prawa i Sprawiedliwo\u015bci, zak\u0142ada podwy\u017ck\u0119 ceny 1 m3 wody o 11 groszy. W praktyce stawki mog\u0105 wzrosn\u0105\u0107 nawet o 20%.<\/h4>\n<p>Potrzeba przygotowania ustawy wynika\u0142a z konieczno\u015bci dostosowania polskich przepis\u00f3w do wymog\u00f3w Unii Europejskiej. Taka zmiana pozwoli spe\u0142ni\u0107 warunki wst\u0119pne Ramowej Dyrektywy Wodnej (RDW) przyj\u0119tej przez Parlament Europejski w 2000 roku.<\/p>\n<p>Dostosowanie polskiego prawa do wymog\u00f3w RDW umo\u017cliwi naszemu krajowi wykorzystanie 3,5 mld euro z funduszy europejskich m.in. na inwestycje przeciwpowodziowe. Gdyby nie zosta\u0142o to zrobione na czas, Unia Europejska mog\u0142aby ukara\u0107 Polsk\u0119 poprzez na\u0142o\u017cenie sankcji.<\/p><div class=\"gliwi-a3-w-tresci-artykulow gliwi-entity-placement\" id=\"gliwi-1946027902\"><div class=\"gliwi-adlabel\"><span style=\"font-size: 9px\">REKLAMA<\/span><\/div><div id=\"gliwi-1190375928\" style=\"margin-bottom: 30px;margin-left: auto;margin-right: auto;text-align: center;\"><a data-no-instant=\"1\" href=\"https:\/\/zlobek.halogen.org.pl\/\" rel=\"noopener\" class=\"a2t-link\" target=\"_blank\" aria-label=\"animator-zlobek_750x200\"><img loading=\"lazy\" decoding=\"async\" src=\"https:\/\/www.24gliwice.pl\/wiadomosci\/wp-content\/uploads\/2026\/02\/animator-zlobek_750x200.webp\" alt=\"\"  srcset=\"https:\/\/www.24gliwice.pl\/wiadomosci\/wp-content\/uploads\/2026\/02\/animator-zlobek_750x200.webp 750w, https:\/\/www.24gliwice.pl\/wiadomosci\/wp-content\/uploads\/2026\/02\/animator-zlobek_750x200-410x109.webp 410w\" sizes=\"(max-width: 750px) 100vw, 750px\" class=\"no-lazyload\" width=\"750\" height=\"200\"  style=\"display: inline-block; max-width: 100%; height: auto;\" \/><\/a><\/div><\/div>\n<h5>Woda podro\u017ceje?<\/h5>\n<p>Mimo zapewnie\u0144 polityk\u00f3w, i\u017c przy spe\u0142nieniu warunku ograniczenia zu\u017cycia wody do 5 m3\/ osob\u0119\/ dob\u0119, cena wody nie powinna ulec zmianie, eksperci s\u0105 innego zdania. Wed\u0142ug wylicze\u0144 Izby Gospodarczej Wodoci\u0105gi Polskie podwy\u017cek rachunk\u00f3w za wod\u0119 rz\u0119du 40 z\u0142 rocznie na ka\u017cdego cz\u0142onka rodziny mo\u017cna spodziewa\u0107 si\u0119 od razu po wej\u015bciu w \u017cycie nowych przepis\u00f3w.<\/p>\n[perfectpullquote align=&#8221;full&#8221; cite=&#8221;&#8221; link=&#8221;&#8221; color=&#8221;&#8221; class=&#8221;&#8221; size=&#8221;&#8221;]Z kolei Urz\u0105d Marsza\u0142kowski Wojew\u00f3dztwa \u015al\u0105skiego szacuje, \u017ce nowe przepisy spowoduj\u0105 dla mieszka\u0144c\u00f3w naszego regionu podwy\u017ck\u0119 cen hurtowych wody o 20 proc.[\/perfectpullquote]\n<p>W Gliwicach woda ze stawk\u0105 11,59 z\u0142 za 1 m3 wody wraz z odprowadzeniem \u015bciek\u00f3w, jest na por\u00f3wnywalnym poziomie cenowym jak w Warszawie. Pisali\u015bmy o tym w czerwcowym <a href=\"http:\/\/www.24gliwice.pl\/wiadomosci\/woda-i-scieki-w-gliwicach-sa-drogie-jak-w-warszawie-w-niedalekim-opolu-maja-ponad-2-zl-taniej\/\" target=\"_blank\">artykule.<\/a> Je\u017celi spe\u0142ni\u0105 si\u0119 prognozy Urz\u0119du Marsza\u0142kowskiego, po wej\u015bciu w \u017cycie prawa wodnego gliwiczanie zap\u0142ac\u0105 \u0142\u0105cznie za wod\u0119 i \u015bcieki <strong>13,91 z\u0142\/m3<\/strong>.<\/p>\n<h5>Ceny produkt\u00f3w p\u00f3jd\u0105 w g\u00f3r\u0119, zap\u0142aci konsument<\/h5>\n<p>Wzrost cen wody odczuje dotkliwie bran\u017ca energetyczna. Towarzystwo Gospodarcze Polskie Elektrownie (TGPE), organizacja bran\u017cowa zrzeszaj\u0105ca najwi\u0119ksze polskie koncerny energetyczne, wyliczy\u0142o, ile mo\u017ce kosztowa\u0107 energetyk\u0119 wdro\u017cenie Prawa wodnego w optymistycznym i pesymistycznym wariancie.<\/p>\n[perfectpullquote align=&#8221;full&#8221; cite=&#8221;&#8221; link=&#8221;&#8221; color=&#8221;&#8221; class=&#8221;&#8221; size=&#8221;&#8221;]W pierwszym, wysoko\u015b\u0107 op\u0142at dla bran\u017cy wynikaj\u0105cych z nowych przepis\u00f3w wyniesie 95 mln z\u0142. Jednak\u017ce wed\u0142ug drugiego, skrajnie niekorzystnego wariantu koszty mog\u0105 wynie\u015b\u0107 nawet 18 mld z\u0142.[\/perfectpullquote]\n<p>Jak wskazuj\u0105 eksperci TGPE, rozbie\u017cno\u015b\u0107 w powy\u017cszych szacunkach wynika z faktu, i\u017c spos\u00f3b naliczania op\u0142at za us\u0142ugi wodne zawarty w ustawie jest niezwykle skomplikowany i w du\u017cej mierze uzale\u017cniony od interpretacji poszczeg\u00f3lnych zapis\u00f3w.<\/p>\n<p>Wzrost koszt\u00f3w dla elektrowni spowoduje podwy\u017ck\u0119 cen pr\u0105du, zar\u00f3wno da gospodarstw domowych, jak i odbiorc\u00f3w przemys\u0142owych. Odbije si\u0119 to na cenie produkt\u00f3w i us\u0142ug, w konsekwencji za wprowadzenie nowego prawa wodnego zap\u0142aci konsument &#8211; podw\u00f3jnie &#8211; za wykorzystan\u0105 wod\u0119 oraz podczas zakup\u00f3w.<\/p>\n<p>(\u017cms)\/solidarnosckatowice.pl\/<strong>\u0141ukasz Kaczmarczyk<\/strong><\/p>\n<div class=\"gliwi-a5-na-koncu-artykulow gliwi-entity-placement\" id=\"gliwi-821512374\"><div class=\"gliwi-adlabel\"><span style=\"font-size: 9px\">REKLAMA<\/span><\/div><div id=\"gliwi-1673684260\" style=\"margin-left: auto;margin-right: auto;text-align: center;\"><a data-no-instant=\"1\" href=\"https:\/\/www.jasek.pl\/\" rel=\"noopener\" class=\"a2t-link\" target=\"_blank\" aria-label=\"20200401-jasek 600\"><img loading=\"lazy\" decoding=\"async\" src=\"https:\/\/www.24gliwice.pl\/wiadomosci\/wp-content\/uploads\/2020\/04\/20200401-jasek-600.jpg\" alt=\"\"  srcset=\"https:\/\/www.24gliwice.pl\/wiadomosci\/wp-content\/uploads\/2020\/04\/20200401-jasek-600.jpg 600w, https:\/\/www.24gliwice.pl\/wiadomosci\/wp-content\/uploads\/2020\/04\/20200401-jasek-600-410x109.jpg 410w\" sizes=\"(max-width: 600px) 100vw, 600px\" class=\"no-lazyload\" width=\"600\" height=\"160\"  style=\"display: inline-block; max-width: 100%; height: auto;\" \/><\/a><\/div><\/div>","protected":false},"excerpt":{"rendered":"<p>Nowe prawo wodne, kt\u00f3re zosta\u0142o przeg\u0142osowane w Sejmie 18 lipca przez pos\u0142\u00f3w Prawa i Sprawiedliwo\u015bci, zak\u0142ada podwy\u017ck\u0119 ceny 1 m3 wody o 11 groszy. W praktyce stawki mog\u0105 wzrosn\u0105\u0107 nawet o 20%. Potrzeba przygotowania ustawy wynika\u0142a z konieczno\u015bci dostosowania polskich przepis\u00f3w do wymog\u00f3w Unii Europejskiej. Taka zmiana pozwoli spe\u0142ni\u0107 warunki wst\u0119pne Ramowej Dyrektywy Wodnej (RDW) [&hellip;]<\/p>\n","protected":false},"author":15,"featured_media":90534,"comment_status":"open","ping_status":"closed","sticky":false,"template":"","format":"standard","meta":{"_monsterinsights_skip_tracking":false,"_monsterinsights_sitenote_active":false,"_monsterinsights_sitenote_note":"","_monsterinsights_sitenote_category":0,"footnotes":"","_links_to":"","_links_to_target":""},"categories":[3,1],"tags":[9513,9841,8229,1804,9515,8081],"class_list":["post-102066","post","type-post","status-publish","format-standard","has-post-thumbnail","hentry","category-gliwice","category-wszystko","tag-cena-wody","tag-podwyzka-cen","tag-prad","tag-pwik","tag-scieki","tag-woda"],"yoast_head":"<!-- This site is optimized with the Yoast SEO plugin v27.5 - https:\/\/yoast.com\/product\/yoast-seo-wordpress\/ -->\n<title>Woda podro\u017ceje. Spowoduje to podniesienie cen energii, a w konsekwencji produkt\u00f3w i us\u0142ug - 24GLIWICE - Portal Gliwice | codziennie nowe informacje<\/title>\n<meta name=\"robots\" content=\"index, follow, max-snippet:-1, max-image-preview:large, max-video-preview:-1\" \/>\n<link rel=\"canonical\" href=\"https:\/\/www.24gliwice.pl\/wiadomosci\/woda-podrozeje-spowoduje-to-podniesienie-cen-energii-a-w-konsekwencji-produktow-i-uslug\/\" \/>\n<meta property=\"og:locale\" content=\"pl_PL\" \/>\n<meta property=\"og:type\" content=\"article\" \/>\n<meta property=\"og:title\" content=\"Woda podro\u017ceje. Spowoduje to podniesienie cen energii, a w konsekwencji produkt\u00f3w i us\u0142ug - 24GLIWICE - Portal Gliwice | codziennie nowe informacje\" \/>\n<meta property=\"og:description\" content=\"Nowe prawo wodne, kt\u00f3re zosta\u0142o przeg\u0142osowane w Sejmie 18 lipca przez pos\u0142\u00f3w Prawa i Sprawiedliwo\u015bci, zak\u0142ada podwy\u017ck\u0119 ceny 1 m3 wody o 11 groszy. W praktyce stawki mog\u0105 wzrosn\u0105\u0107 nawet o 20%. Potrzeba przygotowania ustawy wynika\u0142a z konieczno\u015bci dostosowania polskich przepis\u00f3w do wymog\u00f3w Unii Europejskiej. Taka zmiana pozwoli spe\u0142ni\u0107 warunki wst\u0119pne Ramowej Dyrektywy Wodnej (RDW) [&hellip;]\" \/>\n<meta property=\"og:url\" content=\"https:\/\/www.24gliwice.pl\/wiadomosci\/woda-podrozeje-spowoduje-to-podniesienie-cen-energii-a-w-konsekwencji-produktow-i-uslug\/\" \/>\n<meta property=\"og:site_name\" content=\"24GLIWICE - Portal Gliwice | codziennie nowe informacje\" \/>\n<meta property=\"article:publisher\" content=\"https:\/\/www.facebook.com\/24gliwice\" \/>\n<meta property=\"article:published_time\" content=\"2017-07-20T09:40:25+00:00\" \/>\n<meta property=\"og:image\" content=\"https:\/\/www.24gliwice.pl\/wiadomosci\/wp-content\/uploads\/2016\/11\/woda-podwy\u017cki.jpg\" \/>\n\t<meta property=\"og:image:width\" content=\"810\" \/>\n\t<meta property=\"og:image:height\" content=\"456\" \/>\n\t<meta property=\"og:image:type\" content=\"image\/jpeg\" \/>\n<meta name=\"author\" content=\"\u017baneta Mrozek-Siewierska\" \/>\n<meta name=\"twitter:card\" content=\"summary_large_image\" \/>\n<meta name=\"twitter:creator\" content=\"@24gliwice\" \/>\n<meta name=\"twitter:site\" content=\"@24gliwice\" \/>\n<meta name=\"twitter:label1\" content=\"Napisane przez\" \/>\n\t<meta name=\"twitter:data1\" content=\"\u017baneta Mrozek-Siewierska\" \/>\n\t<meta name=\"twitter:label2\" content=\"Szacowany czas czytania\" \/>\n\t<meta name=\"twitter:data2\" content=\"2 minuty\" \/>\n<script type=\"application\/ld+json\" class=\"yoast-schema-graph\">{\"@context\":\"https:\\\/\\\/schema.org\",\"@graph\":[{\"@type\":\"Article\",\"@id\":\"https:\\\/\\\/www.24gliwice.pl\\\/wiadomosci\\\/woda-podrozeje-spowoduje-to-podniesienie-cen-energii-a-w-konsekwencji-produktow-i-uslug\\\/#article\",\"isPartOf\":{\"@id\":\"https:\\\/\\\/www.24gliwice.pl\\\/wiadomosci\\\/woda-podrozeje-spowoduje-to-podniesienie-cen-energii-a-w-konsekwencji-produktow-i-uslug\\\/\"},\"author\":{\"name\":\"\u017baneta Mrozek-Siewierska\",\"@id\":\"https:\\\/\\\/www.24gliwice.pl\\\/wiadomosci\\\/#\\\/schema\\\/person\\\/e42c650edd7f2fa332be3811fb166b6e\"},\"headline\":\"Woda podro\u017ceje. Spowoduje to podniesienie cen energii, a w konsekwencji produkt\u00f3w i us\u0142ug\",\"datePublished\":\"2017-07-20T09:40:25+00:00\",\"mainEntityOfPage\":{\"@id\":\"https:\\\/\\\/www.24gliwice.pl\\\/wiadomosci\\\/woda-podrozeje-spowoduje-to-podniesienie-cen-energii-a-w-konsekwencji-produktow-i-uslug\\\/\"},\"wordCount\":480,\"commentCount\":0,\"publisher\":{\"@id\":\"https:\\\/\\\/www.24gliwice.pl\\\/wiadomosci\\\/#organization\"},\"image\":{\"@id\":\"https:\\\/\\\/www.24gliwice.pl\\\/wiadomosci\\\/woda-podrozeje-spowoduje-to-podniesienie-cen-energii-a-w-konsekwencji-produktow-i-uslug\\\/#primaryimage\"},\"thumbnailUrl\":\"https:\\\/\\\/www.24gliwice.pl\\\/wiadomosci\\\/wp-content\\\/uploads\\\/2016\\\/11\\\/woda-podwy\u017cki.jpg\",\"keywords\":[\"cena wody\",\"podwy\u017cka cen\",\"pr\u0105d\",\"PWIK\",\"\u015bcieki\",\"woda\"],\"articleSection\":[\"Gliwice\",\"Najnowsze wiadomo\u015bci\"],\"inLanguage\":\"pl-PL\",\"potentialAction\":[{\"@type\":\"CommentAction\",\"name\":\"Comment\",\"target\":[\"https:\\\/\\\/www.24gliwice.pl\\\/wiadomosci\\\/woda-podrozeje-spowoduje-to-podniesienie-cen-energii-a-w-konsekwencji-produktow-i-uslug\\\/#respond\"]}]},{\"@type\":\"WebPage\",\"@id\":\"https:\\\/\\\/www.24gliwice.pl\\\/wiadomosci\\\/woda-podrozeje-spowoduje-to-podniesienie-cen-energii-a-w-konsekwencji-produktow-i-uslug\\\/\",\"url\":\"https:\\\/\\\/www.24gliwice.pl\\\/wiadomosci\\\/woda-podrozeje-spowoduje-to-podniesienie-cen-energii-a-w-konsekwencji-produktow-i-uslug\\\/\",\"name\":\"Woda podro\u017ceje. Spowoduje to podniesienie cen energii, a w konsekwencji produkt\u00f3w i us\u0142ug - 24GLIWICE - Portal Gliwice | codziennie nowe informacje\",\"isPartOf\":{\"@id\":\"https:\\\/\\\/www.24gliwice.pl\\\/wiadomosci\\\/#website\"},\"primaryImageOfPage\":{\"@id\":\"https:\\\/\\\/www.24gliwice.pl\\\/wiadomosci\\\/woda-podrozeje-spowoduje-to-podniesienie-cen-energii-a-w-konsekwencji-produktow-i-uslug\\\/#primaryimage\"},\"image\":{\"@id\":\"https:\\\/\\\/www.24gliwice.pl\\\/wiadomosci\\\/woda-podrozeje-spowoduje-to-podniesienie-cen-energii-a-w-konsekwencji-produktow-i-uslug\\\/#primaryimage\"},\"thumbnailUrl\":\"https:\\\/\\\/www.24gliwice.pl\\\/wiadomosci\\\/wp-content\\\/uploads\\\/2016\\\/11\\\/woda-podwy\u017cki.jpg\",\"datePublished\":\"2017-07-20T09:40:25+00:00\",\"breadcrumb\":{\"@id\":\"https:\\\/\\\/www.24gliwice.pl\\\/wiadomosci\\\/woda-podrozeje-spowoduje-to-podniesienie-cen-energii-a-w-konsekwencji-produktow-i-uslug\\\/#breadcrumb\"},\"inLanguage\":\"pl-PL\",\"potentialAction\":[{\"@type\":\"ReadAction\",\"target\":[\"https:\\\/\\\/www.24gliwice.pl\\\/wiadomosci\\\/woda-podrozeje-spowoduje-to-podniesienie-cen-energii-a-w-konsekwencji-produktow-i-uslug\\\/\"]}]},{\"@type\":\"ImageObject\",\"inLanguage\":\"pl-PL\",\"@id\":\"https:\\\/\\\/www.24gliwice.pl\\\/wiadomosci\\\/woda-podrozeje-spowoduje-to-podniesienie-cen-energii-a-w-konsekwencji-produktow-i-uslug\\\/#primaryimage\",\"url\":\"https:\\\/\\\/www.24gliwice.pl\\\/wiadomosci\\\/wp-content\\\/uploads\\\/2016\\\/11\\\/woda-podwy\u017cki.jpg\",\"contentUrl\":\"https:\\\/\\\/www.24gliwice.pl\\\/wiadomosci\\\/wp-content\\\/uploads\\\/2016\\\/11\\\/woda-podwy\u017cki.jpg\",\"width\":810,\"height\":456},{\"@type\":\"BreadcrumbList\",\"@id\":\"https:\\\/\\\/www.24gliwice.pl\\\/wiadomosci\\\/woda-podrozeje-spowoduje-to-podniesienie-cen-energii-a-w-konsekwencji-produktow-i-uslug\\\/#breadcrumb\",\"itemListElement\":[{\"@type\":\"ListItem\",\"position\":1,\"name\":\"Strona g\u0142\u00f3wna\",\"item\":\"https:\\\/\\\/www.24gliwice.pl\\\/wiadomosci\\\/\"},{\"@type\":\"ListItem\",\"position\":2,\"name\":\"Woda podro\u017ceje. Spowoduje to podniesienie cen energii, a w konsekwencji produkt\u00f3w i us\u0142ug\"}]},{\"@type\":\"WebSite\",\"@id\":\"https:\\\/\\\/www.24gliwice.pl\\\/wiadomosci\\\/#website\",\"url\":\"https:\\\/\\\/www.24gliwice.pl\\\/wiadomosci\\\/\",\"name\":\"24GLIWICE - Portal Gliwice | codziennie nowe wiadomo\u015bci\",\"description\":\"Portal Miejski Gliwice\",\"publisher\":{\"@id\":\"https:\\\/\\\/www.24gliwice.pl\\\/wiadomosci\\\/#organization\"},\"potentialAction\":[{\"@type\":\"SearchAction\",\"target\":{\"@type\":\"EntryPoint\",\"urlTemplate\":\"https:\\\/\\\/www.24gliwice.pl\\\/wiadomosci\\\/?s={search_term_string}\"},\"query-input\":{\"@type\":\"PropertyValueSpecification\",\"valueRequired\":true,\"valueName\":\"search_term_string\"}}],\"inLanguage\":\"pl-PL\"},{\"@type\":\"Organization\",\"@id\":\"https:\\\/\\\/www.24gliwice.pl\\\/wiadomosci\\\/#organization\",\"name\":\"24gliwice\",\"url\":\"https:\\\/\\\/www.24gliwice.pl\\\/wiadomosci\\\/\",\"logo\":{\"@type\":\"ImageObject\",\"inLanguage\":\"pl-PL\",\"@id\":\"https:\\\/\\\/www.24gliwice.pl\\\/wiadomosci\\\/#\\\/schema\\\/logo\\\/image\\\/\",\"url\":\"https:\\\/\\\/www.24gliwice.pl\\\/wiadomosci\\\/wp-content\\\/uploads\\\/2024\\\/10\\\/24gliwice-logo-696.jpg\",\"contentUrl\":\"https:\\\/\\\/www.24gliwice.pl\\\/wiadomosci\\\/wp-content\\\/uploads\\\/2024\\\/10\\\/24gliwice-logo-696.jpg\",\"width\":696,\"height\":696,\"caption\":\"24gliwice\"},\"image\":{\"@id\":\"https:\\\/\\\/www.24gliwice.pl\\\/wiadomosci\\\/#\\\/schema\\\/logo\\\/image\\\/\"},\"sameAs\":[\"https:\\\/\\\/www.facebook.com\\\/24gliwice\",\"https:\\\/\\\/x.com\\\/24gliwice\",\"https:\\\/\\\/www.youtube.com\\\/@24gliwice\"]},{\"@type\":\"Person\",\"@id\":\"https:\\\/\\\/www.24gliwice.pl\\\/wiadomosci\\\/#\\\/schema\\\/person\\\/e42c650edd7f2fa332be3811fb166b6e\",\"name\":\"\u017baneta Mrozek-Siewierska\",\"image\":{\"@type\":\"ImageObject\",\"inLanguage\":\"pl-PL\",\"@id\":\"https:\\\/\\\/secure.gravatar.com\\\/avatar\\\/1881429e9c64597c77ad7aef2d0a19be69a3253e57534d16aa15bf3a4d34a0a3?s=96&d=mm&r=g\",\"url\":\"https:\\\/\\\/secure.gravatar.com\\\/avatar\\\/1881429e9c64597c77ad7aef2d0a19be69a3253e57534d16aa15bf3a4d34a0a3?s=96&d=mm&r=g\",\"contentUrl\":\"https:\\\/\\\/secure.gravatar.com\\\/avatar\\\/1881429e9c64597c77ad7aef2d0a19be69a3253e57534d16aa15bf3a4d34a0a3?s=96&d=mm&r=g\",\"caption\":\"\u017baneta Mrozek-Siewierska\"},\"url\":\"https:\\\/\\\/www.24gliwice.pl\\\/wiadomosci\\\/author\\\/zms\\\/\"}]}<\/script>\n<!-- \/ Yoast SEO plugin. -->","yoast_head_json":{"title":"Woda podro\u017ceje. Spowoduje to podniesienie cen energii, a w konsekwencji produkt\u00f3w i us\u0142ug - 24GLIWICE - Portal Gliwice | codziennie nowe informacje","robots":{"index":"index","follow":"follow","max-snippet":"max-snippet:-1","max-image-preview":"max-image-preview:large","max-video-preview":"max-video-preview:-1"},"canonical":"https:\/\/www.24gliwice.pl\/wiadomosci\/woda-podrozeje-spowoduje-to-podniesienie-cen-energii-a-w-konsekwencji-produktow-i-uslug\/","og_locale":"pl_PL","og_type":"article","og_title":"Woda podro\u017ceje. Spowoduje to podniesienie cen energii, a w konsekwencji produkt\u00f3w i us\u0142ug - 24GLIWICE - Portal Gliwice | codziennie nowe informacje","og_description":"Nowe prawo wodne, kt\u00f3re zosta\u0142o przeg\u0142osowane w Sejmie 18 lipca przez pos\u0142\u00f3w Prawa i Sprawiedliwo\u015bci, zak\u0142ada podwy\u017ck\u0119 ceny 1 m3 wody o 11 groszy. W praktyce stawki mog\u0105 wzrosn\u0105\u0107 nawet o 20%. Potrzeba przygotowania ustawy wynika\u0142a z konieczno\u015bci dostosowania polskich przepis\u00f3w do wymog\u00f3w Unii Europejskiej. Taka zmiana pozwoli spe\u0142ni\u0107 warunki wst\u0119pne Ramowej Dyrektywy Wodnej (RDW) [&hellip;]","og_url":"https:\/\/www.24gliwice.pl\/wiadomosci\/woda-podrozeje-spowoduje-to-podniesienie-cen-energii-a-w-konsekwencji-produktow-i-uslug\/","og_site_name":"24GLIWICE - Portal Gliwice | codziennie nowe informacje","article_publisher":"https:\/\/www.facebook.com\/24gliwice","article_published_time":"2017-07-20T09:40:25+00:00","og_image":[{"width":810,"height":456,"url":"https:\/\/www.24gliwice.pl\/wiadomosci\/wp-content\/uploads\/2016\/11\/woda-podwy\u017cki.jpg","type":"image\/jpeg"}],"author":"\u017baneta Mrozek-Siewierska","twitter_card":"summary_large_image","twitter_creator":"@24gliwice","twitter_site":"@24gliwice","twitter_misc":{"Napisane przez":"\u017baneta Mrozek-Siewierska","Szacowany czas czytania":"2 minuty"},"schema":{"@context":"https:\/\/schema.org","@graph":[{"@type":"Article","@id":"https:\/\/www.24gliwice.pl\/wiadomosci\/woda-podrozeje-spowoduje-to-podniesienie-cen-energii-a-w-konsekwencji-produktow-i-uslug\/#article","isPartOf":{"@id":"https:\/\/www.24gliwice.pl\/wiadomosci\/woda-podrozeje-spowoduje-to-podniesienie-cen-energii-a-w-konsekwencji-produktow-i-uslug\/"},"author":{"name":"\u017baneta Mrozek-Siewierska","@id":"https:\/\/www.24gliwice.pl\/wiadomosci\/#\/schema\/person\/e42c650edd7f2fa332be3811fb166b6e"},"headline":"Woda podro\u017ceje. Spowoduje to podniesienie cen energii, a w konsekwencji produkt\u00f3w i us\u0142ug","datePublished":"2017-07-20T09:40:25+00:00","mainEntityOfPage":{"@id":"https:\/\/www.24gliwice.pl\/wiadomosci\/woda-podrozeje-spowoduje-to-podniesienie-cen-energii-a-w-konsekwencji-produktow-i-uslug\/"},"wordCount":480,"commentCount":0,"publisher":{"@id":"https:\/\/www.24gliwice.pl\/wiadomosci\/#organization"},"image":{"@id":"https:\/\/www.24gliwice.pl\/wiadomosci\/woda-podrozeje-spowoduje-to-podniesienie-cen-energii-a-w-konsekwencji-produktow-i-uslug\/#primaryimage"},"thumbnailUrl":"https:\/\/www.24gliwice.pl\/wiadomosci\/wp-content\/uploads\/2016\/11\/woda-podwy\u017cki.jpg","keywords":["cena wody","podwy\u017cka cen","pr\u0105d","PWIK","\u015bcieki","woda"],"articleSection":["Gliwice","Najnowsze wiadomo\u015bci"],"inLanguage":"pl-PL","potentialAction":[{"@type":"CommentAction","name":"Comment","target":["https:\/\/www.24gliwice.pl\/wiadomosci\/woda-podrozeje-spowoduje-to-podniesienie-cen-energii-a-w-konsekwencji-produktow-i-uslug\/#respond"]}]},{"@type":"WebPage","@id":"https:\/\/www.24gliwice.pl\/wiadomosci\/woda-podrozeje-spowoduje-to-podniesienie-cen-energii-a-w-konsekwencji-produktow-i-uslug\/","url":"https:\/\/www.24gliwice.pl\/wiadomosci\/woda-podrozeje-spowoduje-to-podniesienie-cen-energii-a-w-konsekwencji-produktow-i-uslug\/","name":"Woda podro\u017ceje. Spowoduje to podniesienie cen energii, a w konsekwencji produkt\u00f3w i us\u0142ug - 24GLIWICE - Portal Gliwice | codziennie nowe informacje","isPartOf":{"@id":"https:\/\/www.24gliwice.pl\/wiadomosci\/#website"},"primaryImageOfPage":{"@id":"https:\/\/www.24gliwice.pl\/wiadomosci\/woda-podrozeje-spowoduje-to-podniesienie-cen-energii-a-w-konsekwencji-produktow-i-uslug\/#primaryimage"},"image":{"@id":"https:\/\/www.24gliwice.pl\/wiadomosci\/woda-podrozeje-spowoduje-to-podniesienie-cen-energii-a-w-konsekwencji-produktow-i-uslug\/#primaryimage"},"thumbnailUrl":"https:\/\/www.24gliwice.pl\/wiadomosci\/wp-content\/uploads\/2016\/11\/woda-podwy\u017cki.jpg","datePublished":"2017-07-20T09:40:25+00:00","breadcrumb":{"@id":"https:\/\/www.24gliwice.pl\/wiadomosci\/woda-podrozeje-spowoduje-to-podniesienie-cen-energii-a-w-konsekwencji-produktow-i-uslug\/#breadcrumb"},"inLanguage":"pl-PL","potentialAction":[{"@type":"ReadAction","target":["https:\/\/www.24gliwice.pl\/wiadomosci\/woda-podrozeje-spowoduje-to-podniesienie-cen-energii-a-w-konsekwencji-produktow-i-uslug\/"]}]},{"@type":"ImageObject","inLanguage":"pl-PL","@id":"https:\/\/www.24gliwice.pl\/wiadomosci\/woda-podrozeje-spowoduje-to-podniesienie-cen-energii-a-w-konsekwencji-produktow-i-uslug\/#primaryimage","url":"https:\/\/www.24gliwice.pl\/wiadomosci\/wp-content\/uploads\/2016\/11\/woda-podwy\u017cki.jpg","contentUrl":"https:\/\/www.24gliwice.pl\/wiadomosci\/wp-content\/uploads\/2016\/11\/woda-podwy\u017cki.jpg","width":810,"height":456},{"@type":"BreadcrumbList","@id":"https:\/\/www.24gliwice.pl\/wiadomosci\/woda-podrozeje-spowoduje-to-podniesienie-cen-energii-a-w-konsekwencji-produktow-i-uslug\/#breadcrumb","itemListElement":[{"@type":"ListItem","position":1,"name":"Strona g\u0142\u00f3wna","item":"https:\/\/www.24gliwice.pl\/wiadomosci\/"},{"@type":"ListItem","position":2,"name":"Woda podro\u017ceje. Spowoduje to podniesienie cen energii, a w konsekwencji produkt\u00f3w i us\u0142ug"}]},{"@type":"WebSite","@id":"https:\/\/www.24gliwice.pl\/wiadomosci\/#website","url":"https:\/\/www.24gliwice.pl\/wiadomosci\/","name":"24GLIWICE - Portal Gliwice | codziennie nowe wiadomo\u015bci","description":"Portal Miejski Gliwice","publisher":{"@id":"https:\/\/www.24gliwice.pl\/wiadomosci\/#organization"},"potentialAction":[{"@type":"SearchAction","target":{"@type":"EntryPoint","urlTemplate":"https:\/\/www.24gliwice.pl\/wiadomosci\/?s={search_term_string}"},"query-input":{"@type":"PropertyValueSpecification","valueRequired":true,"valueName":"search_term_string"}}],"inLanguage":"pl-PL"},{"@type":"Organization","@id":"https:\/\/www.24gliwice.pl\/wiadomosci\/#organization","name":"24gliwice","url":"https:\/\/www.24gliwice.pl\/wiadomosci\/","logo":{"@type":"ImageObject","inLanguage":"pl-PL","@id":"https:\/\/www.24gliwice.pl\/wiadomosci\/#\/schema\/logo\/image\/","url":"https:\/\/www.24gliwice.pl\/wiadomosci\/wp-content\/uploads\/2024\/10\/24gliwice-logo-696.jpg","contentUrl":"https:\/\/www.24gliwice.pl\/wiadomosci\/wp-content\/uploads\/2024\/10\/24gliwice-logo-696.jpg","width":696,"height":696,"caption":"24gliwice"},"image":{"@id":"https:\/\/www.24gliwice.pl\/wiadomosci\/#\/schema\/logo\/image\/"},"sameAs":["https:\/\/www.facebook.com\/24gliwice","https:\/\/x.com\/24gliwice","https:\/\/www.youtube.com\/@24gliwice"]},{"@type":"Person","@id":"https:\/\/www.24gliwice.pl\/wiadomosci\/#\/schema\/person\/e42c650edd7f2fa332be3811fb166b6e","name":"\u017baneta Mrozek-Siewierska","image":{"@type":"ImageObject","inLanguage":"pl-PL","@id":"https:\/\/secure.gravatar.com\/avatar\/1881429e9c64597c77ad7aef2d0a19be69a3253e57534d16aa15bf3a4d34a0a3?s=96&d=mm&r=g","url":"https:\/\/secure.gravatar.com\/avatar\/1881429e9c64597c77ad7aef2d0a19be69a3253e57534d16aa15bf3a4d34a0a3?s=96&d=mm&r=g","contentUrl":"https:\/\/secure.gravatar.com\/avatar\/1881429e9c64597c77ad7aef2d0a19be69a3253e57534d16aa15bf3a4d34a0a3?s=96&d=mm&r=g","caption":"\u017baneta Mrozek-Siewierska"},"url":"https:\/\/www.24gliwice.pl\/wiadomosci\/author\/zms\/"}]}},"_links":{"self":[{"href":"https:\/\/www.24gliwice.pl\/wiadomosci\/wp-json\/wp\/v2\/posts\/102066","targetHints":{"allow":["GET"]}}],"collection":[{"href":"https:\/\/www.24gliwice.pl\/wiadomosci\/wp-json\/wp\/v2\/posts"}],"about":[{"href":"https:\/\/www.24gliwice.pl\/wiadomosci\/wp-json\/wp\/v2\/types\/post"}],"author":[{"embeddable":true,"href":"https:\/\/www.24gliwice.pl\/wiadomosci\/wp-json\/wp\/v2\/users\/15"}],"replies":[{"embeddable":true,"href":"https:\/\/www.24gliwice.pl\/wiadomosci\/wp-json\/wp\/v2\/comments?post=102066"}],"version-history":[{"count":0,"href":"https:\/\/www.24gliwice.pl\/wiadomosci\/wp-json\/wp\/v2\/posts\/102066\/revisions"}],"wp:featuredmedia":[{"embeddable":true,"href":"https:\/\/www.24gliwice.pl\/wiadomosci\/wp-json\/wp\/v2\/media\/90534"}],"wp:attachment":[{"href":"https:\/\/www.24gliwice.pl\/wiadomosci\/wp-json\/wp\/v2\/media?parent=102066"}],"wp:term":[{"taxonomy":"category","embeddable":true,"href":"https:\/\/www.24gliwice.pl\/wiadomosci\/wp-json\/wp\/v2\/categories?post=102066"},{"taxonomy":"post_tag","embeddable":true,"href":"https:\/\/www.24gliwice.pl\/wiadomosci\/wp-json\/wp\/v2\/tags?post=102066"}],"curies":[{"name":"wp","href":"https:\/\/api.w.org\/{rel}","templated":true}]}}