{"id":102104,"date":"2017-07-21T06:15:01","date_gmt":"2017-07-21T04:15:01","guid":{"rendered":"http:\/\/www.24gliwice.pl\/wiadomosci\/?p=102104"},"modified":"2017-07-21T02:19:12","modified_gmt":"2017-07-21T00:19:12","slug":"kolejne-kluczowe-skrzyzowanie-z-ruchem-wahadlowym-remont-jezdni-na-ulicy-labedzkiej","status":"publish","type":"post","link":"https:\/\/www.24gliwice.pl\/wiadomosci\/kolejne-kluczowe-skrzyzowanie-z-ruchem-wahadlowym-remont-jezdni-na-ulicy-labedzkiej\/","title":{"rendered":"W rejonie skrzy\u017cowania pojawi si\u0119 ruch wahad\u0142owy. Remont jezdni na ulicy \u0141ab\u0119dzkiej"},"content":{"rendered":"<div class=\"gliwi-a6-nad-leadem-artykulow gliwi-entity-placement\" id=\"gliwi-3994729081\"><div class=\"gliwi-adlabel\"><span style=\"font-size: 9px\">REKLAMA<\/span><\/div><div id=\"gliwi-3303522358\" style=\"margin-bottom: 25px;margin-left: auto;margin-right: auto;text-align: center;\"><a data-no-instant=\"1\" href=\"https:\/\/dom100.eu\/\" rel=\"noopener\" class=\"a2t-link\" target=\"_blank\" aria-label=\"20260415 DOM100 D\"><img loading=\"lazy\" decoding=\"async\" src=\"https:\/\/www.24gliwice.pl\/wiadomosci\/wp-content\/uploads\/2026\/04\/20260415-DOM100-D.jpg\" alt=\"\"  srcset=\"https:\/\/www.24gliwice.pl\/wiadomosci\/wp-content\/uploads\/2026\/04\/20260415-DOM100-D.jpg 750w, https:\/\/www.24gliwice.pl\/wiadomosci\/wp-content\/uploads\/2026\/04\/20260415-DOM100-D-410x109.jpg 410w\" sizes=\"(max-width: 750px) 100vw, 750px\" class=\"no-lazyload\" width=\"750\" height=\"200\"  style=\"display: inline-block; max-width: 100%; height: auto;\" \/><\/a><\/div><\/div><h3>We wtorek, 25 lipca, drogowcy rozpoczn\u0105 prace zwi\u0105zane z remontem nawierzchni ul. \u0141ab\u0119dzkiej w rejonie skrzy\u017cowania z ul. Adama Opla.<\/h3>\n<p>Jak podaje Zarz\u0105d Dr\u00f3g Miejskich, na czas remontu wprowadzona zostanie tymczasowa organizacja ruchu. W trakcie realizowanych prac ruch odbywa\u0107 si\u0119 b\u0119dzie wahad\u0142owo, pojawi si\u0119 te\u017c sygnalizacja \u015bwietlna. Prace potrwaj\u0105 ok. 2-3 tygodni.<\/p>\n<p><iframe loading=\"lazy\" src=\"https:\/\/www.google.com\/maps\/embed?pb=!1m0!4v1500550509217!6m8!1m7!1sGFOxr4FeYgw4kqaxj2Nw8w!2m2!1d50.3194398303072!2d18.61813659366945!3f108.75306387516522!4f-1.349411580416188!5f0.7820865974627469\" width=\"810\" height=\"455\" frameborder=\"0\" style=\"border:0\" allowfullscreen><\/iframe><\/p>\n<div class=\"gliwi-a5-na-koncu-artykulow gliwi-entity-placement\" id=\"gliwi-3038886498\"><div class=\"gliwi-adlabel\"><span style=\"font-size: 9px\">REKLAMA<\/span><\/div><div id=\"gliwi-1643842479\" style=\"margin-left: auto;margin-right: auto;text-align: center;\"><a data-no-instant=\"1\" href=\"https:\/\/prezeroarenagliwice.pl\/\" rel=\"noopener\" class=\"a2t-link\" target=\"_blank\" aria-label=\"20260309-PREZERO-WIOSNA-D\"><img loading=\"lazy\" decoding=\"async\" src=\"https:\/\/www.24gliwice.pl\/wiadomosci\/wp-content\/uploads\/2026\/03\/20260309-PREZERO-WIOSNA-D.webp\" alt=\"\"  srcset=\"https:\/\/www.24gliwice.pl\/wiadomosci\/wp-content\/uploads\/2026\/03\/20260309-PREZERO-WIOSNA-D.webp 750w, https:\/\/www.24gliwice.pl\/wiadomosci\/wp-content\/uploads\/2026\/03\/20260309-PREZERO-WIOSNA-D-410x109.webp 410w\" sizes=\"(max-width: 750px) 100vw, 750px\" class=\"no-lazyload\" width=\"750\" height=\"200\"  style=\"display: inline-block; max-width: 100%; height: auto;\" \/><\/a><\/div><\/div>","protected":false},"excerpt":{"rendered":"<p>We wtorek, 25 lipca, drogowcy rozpoczn\u0105 prace zwi\u0105zane z remontem nawierzchni ul. \u0141ab\u0119dzkiej w rejonie skrzy\u017cowania z ul. Adama Opla. Jak podaje Zarz\u0105d Dr\u00f3g Miejskich, na czas remontu wprowadzona zostanie tymczasowa organizacja ruchu. W trakcie realizowanych prac ruch odbywa\u0107 si\u0119 b\u0119dzie wahad\u0142owo, pojawi si\u0119 te\u017c sygnalizacja \u015bwietlna. Prace potrwaj\u0105 ok. 2-3 tygodni.<\/p>\n","protected":false},"author":15,"featured_media":102109,"comment_status":"open","ping_status":"closed","sticky":false,"template":"","format":"standard","meta":{"_monsterinsights_skip_tracking":false,"_monsterinsights_sitenote_active":false,"_monsterinsights_sitenote_note":"","_monsterinsights_sitenote_category":0,"footnotes":"","_links_to":"","_links_to_target":""},"categories":[3,1],"tags":[9844,989,8575,9683,9374,9759,475],"class_list":["post-102104","post","type-post","status-publish","format-standard","has-post-thumbnail","hentry","category-gliwice","category-wszystko","tag-opla","tag-remont","tag-remont-jezdni","tag-remont-nawierzchni","tag-ruch-wahadlowy","tag-wahadlo","tag-labedzka"],"yoast_head":"<!-- This site is optimized with the Yoast SEO plugin v27.5 - https:\/\/yoast.com\/product\/yoast-seo-wordpress\/ -->\n<title>W rejonie skrzy\u017cowania pojawi si\u0119 ruch wahad\u0142owy. Remont jezdni na ulicy \u0141ab\u0119dzkiej - 24GLIWICE - Portal Gliwice | codziennie nowe informacje<\/title>\n<meta name=\"robots\" content=\"index, follow, max-snippet:-1, max-image-preview:large, max-video-preview:-1\" \/>\n<link rel=\"canonical\" href=\"https:\/\/www.24gliwice.pl\/wiadomosci\/kolejne-kluczowe-skrzyzowanie-z-ruchem-wahadlowym-remont-jezdni-na-ulicy-labedzkiej\/\" \/>\n<meta property=\"og:locale\" content=\"pl_PL\" \/>\n<meta property=\"og:type\" content=\"article\" \/>\n<meta property=\"og:title\" content=\"W rejonie skrzy\u017cowania pojawi si\u0119 ruch wahad\u0142owy. Remont jezdni na ulicy \u0141ab\u0119dzkiej - 24GLIWICE - Portal Gliwice | codziennie nowe informacje\" \/>\n<meta property=\"og:description\" content=\"We wtorek, 25 lipca, drogowcy rozpoczn\u0105 prace zwi\u0105zane z remontem nawierzchni ul. \u0141ab\u0119dzkiej w rejonie skrzy\u017cowania z ul. Adama Opla. Jak podaje Zarz\u0105d Dr\u00f3g Miejskich, na czas remontu wprowadzona zostanie tymczasowa organizacja ruchu. W trakcie realizowanych prac ruch odbywa\u0107 si\u0119 b\u0119dzie wahad\u0142owo, pojawi si\u0119 te\u017c sygnalizacja \u015bwietlna. Prace potrwaj\u0105 ok. 2-3 tygodni.\" \/>\n<meta property=\"og:url\" content=\"https:\/\/www.24gliwice.pl\/wiadomosci\/kolejne-kluczowe-skrzyzowanie-z-ruchem-wahadlowym-remont-jezdni-na-ulicy-labedzkiej\/\" \/>\n<meta property=\"og:site_name\" content=\"24GLIWICE - Portal Gliwice | codziennie nowe informacje\" \/>\n<meta property=\"article:publisher\" content=\"https:\/\/www.facebook.com\/24gliwice\" \/>\n<meta property=\"article:published_time\" content=\"2017-07-21T04:15:01+00:00\" \/>\n<meta property=\"og:image\" content=\"https:\/\/www.24gliwice.pl\/wiadomosci\/wp-content\/uploads\/2017\/07\/opla-z-\u0142ab\u0119dzk\u0105-e1500550637322.jpg\" \/>\n\t<meta property=\"og:image:width\" content=\"810\" \/>\n\t<meta property=\"og:image:height\" content=\"456\" \/>\n\t<meta property=\"og:image:type\" content=\"image\/jpeg\" \/>\n<meta name=\"author\" content=\"\u017baneta Mrozek-Siewierska\" \/>\n<meta name=\"twitter:card\" content=\"summary_large_image\" \/>\n<meta name=\"twitter:creator\" content=\"@24gliwice\" \/>\n<meta name=\"twitter:site\" content=\"@24gliwice\" \/>\n<meta name=\"twitter:label1\" content=\"Napisane przez\" \/>\n\t<meta name=\"twitter:data1\" content=\"\u017baneta Mrozek-Siewierska\" \/>\n<script type=\"application\/ld+json\" class=\"yoast-schema-graph\">{\"@context\":\"https:\\\/\\\/schema.org\",\"@graph\":[{\"@type\":\"Article\",\"@id\":\"https:\\\/\\\/www.24gliwice.pl\\\/wiadomosci\\\/kolejne-kluczowe-skrzyzowanie-z-ruchem-wahadlowym-remont-jezdni-na-ulicy-labedzkiej\\\/#article\",\"isPartOf\":{\"@id\":\"https:\\\/\\\/www.24gliwice.pl\\\/wiadomosci\\\/kolejne-kluczowe-skrzyzowanie-z-ruchem-wahadlowym-remont-jezdni-na-ulicy-labedzkiej\\\/\"},\"author\":{\"name\":\"\u017baneta Mrozek-Siewierska\",\"@id\":\"https:\\\/\\\/www.24gliwice.pl\\\/wiadomosci\\\/#\\\/schema\\\/person\\\/e42c650edd7f2fa332be3811fb166b6e\"},\"headline\":\"W rejonie skrzy\u017cowania pojawi si\u0119 ruch wahad\u0142owy. Remont jezdni na ulicy \u0141ab\u0119dzkiej\",\"datePublished\":\"2017-07-21T04:15:01+00:00\",\"mainEntityOfPage\":{\"@id\":\"https:\\\/\\\/www.24gliwice.pl\\\/wiadomosci\\\/kolejne-kluczowe-skrzyzowanie-z-ruchem-wahadlowym-remont-jezdni-na-ulicy-labedzkiej\\\/\"},\"wordCount\":73,\"commentCount\":0,\"publisher\":{\"@id\":\"https:\\\/\\\/www.24gliwice.pl\\\/wiadomosci\\\/#organization\"},\"image\":{\"@id\":\"https:\\\/\\\/www.24gliwice.pl\\\/wiadomosci\\\/kolejne-kluczowe-skrzyzowanie-z-ruchem-wahadlowym-remont-jezdni-na-ulicy-labedzkiej\\\/#primaryimage\"},\"thumbnailUrl\":\"https:\\\/\\\/www.24gliwice.pl\\\/wiadomosci\\\/wp-content\\\/uploads\\\/2017\\\/07\\\/opla-z-\u0142ab\u0119dzk\u0105-e1500550637322.jpg\",\"keywords\":[\"opla\",\"REMONT\",\"remont jezdni\",\"remont nawierzchni\",\"RUCH WAHAD\u0141OWY\",\"wahad\u0142o\",\"\u0142ab\u0119dzka\"],\"articleSection\":[\"Gliwice\",\"Najnowsze wiadomo\u015bci\"],\"inLanguage\":\"pl-PL\",\"potentialAction\":[{\"@type\":\"CommentAction\",\"name\":\"Comment\",\"target\":[\"https:\\\/\\\/www.24gliwice.pl\\\/wiadomosci\\\/kolejne-kluczowe-skrzyzowanie-z-ruchem-wahadlowym-remont-jezdni-na-ulicy-labedzkiej\\\/#respond\"]}]},{\"@type\":\"WebPage\",\"@id\":\"https:\\\/\\\/www.24gliwice.pl\\\/wiadomosci\\\/kolejne-kluczowe-skrzyzowanie-z-ruchem-wahadlowym-remont-jezdni-na-ulicy-labedzkiej\\\/\",\"url\":\"https:\\\/\\\/www.24gliwice.pl\\\/wiadomosci\\\/kolejne-kluczowe-skrzyzowanie-z-ruchem-wahadlowym-remont-jezdni-na-ulicy-labedzkiej\\\/\",\"name\":\"W rejonie skrzy\u017cowania pojawi si\u0119 ruch wahad\u0142owy. Remont jezdni na ulicy \u0141ab\u0119dzkiej - 24GLIWICE - Portal Gliwice | codziennie nowe informacje\",\"isPartOf\":{\"@id\":\"https:\\\/\\\/www.24gliwice.pl\\\/wiadomosci\\\/#website\"},\"primaryImageOfPage\":{\"@id\":\"https:\\\/\\\/www.24gliwice.pl\\\/wiadomosci\\\/kolejne-kluczowe-skrzyzowanie-z-ruchem-wahadlowym-remont-jezdni-na-ulicy-labedzkiej\\\/#primaryimage\"},\"image\":{\"@id\":\"https:\\\/\\\/www.24gliwice.pl\\\/wiadomosci\\\/kolejne-kluczowe-skrzyzowanie-z-ruchem-wahadlowym-remont-jezdni-na-ulicy-labedzkiej\\\/#primaryimage\"},\"thumbnailUrl\":\"https:\\\/\\\/www.24gliwice.pl\\\/wiadomosci\\\/wp-content\\\/uploads\\\/2017\\\/07\\\/opla-z-\u0142ab\u0119dzk\u0105-e1500550637322.jpg\",\"datePublished\":\"2017-07-21T04:15:01+00:00\",\"breadcrumb\":{\"@id\":\"https:\\\/\\\/www.24gliwice.pl\\\/wiadomosci\\\/kolejne-kluczowe-skrzyzowanie-z-ruchem-wahadlowym-remont-jezdni-na-ulicy-labedzkiej\\\/#breadcrumb\"},\"inLanguage\":\"pl-PL\",\"potentialAction\":[{\"@type\":\"ReadAction\",\"target\":[\"https:\\\/\\\/www.24gliwice.pl\\\/wiadomosci\\\/kolejne-kluczowe-skrzyzowanie-z-ruchem-wahadlowym-remont-jezdni-na-ulicy-labedzkiej\\\/\"]}]},{\"@type\":\"ImageObject\",\"inLanguage\":\"pl-PL\",\"@id\":\"https:\\\/\\\/www.24gliwice.pl\\\/wiadomosci\\\/kolejne-kluczowe-skrzyzowanie-z-ruchem-wahadlowym-remont-jezdni-na-ulicy-labedzkiej\\\/#primaryimage\",\"url\":\"https:\\\/\\\/www.24gliwice.pl\\\/wiadomosci\\\/wp-content\\\/uploads\\\/2017\\\/07\\\/opla-z-\u0142ab\u0119dzk\u0105-e1500550637322.jpg\",\"contentUrl\":\"https:\\\/\\\/www.24gliwice.pl\\\/wiadomosci\\\/wp-content\\\/uploads\\\/2017\\\/07\\\/opla-z-\u0142ab\u0119dzk\u0105-e1500550637322.jpg\",\"width\":810,\"height\":456,\"caption\":\"scr. Google Maps\"},{\"@type\":\"BreadcrumbList\",\"@id\":\"https:\\\/\\\/www.24gliwice.pl\\\/wiadomosci\\\/kolejne-kluczowe-skrzyzowanie-z-ruchem-wahadlowym-remont-jezdni-na-ulicy-labedzkiej\\\/#breadcrumb\",\"itemListElement\":[{\"@type\":\"ListItem\",\"position\":1,\"name\":\"Strona g\u0142\u00f3wna\",\"item\":\"https:\\\/\\\/www.24gliwice.pl\\\/wiadomosci\\\/\"},{\"@type\":\"ListItem\",\"position\":2,\"name\":\"W rejonie skrzy\u017cowania pojawi si\u0119 ruch wahad\u0142owy. Remont jezdni na ulicy \u0141ab\u0119dzkiej\"}]},{\"@type\":\"WebSite\",\"@id\":\"https:\\\/\\\/www.24gliwice.pl\\\/wiadomosci\\\/#website\",\"url\":\"https:\\\/\\\/www.24gliwice.pl\\\/wiadomosci\\\/\",\"name\":\"24GLIWICE - Portal Gliwice | codziennie nowe wiadomo\u015bci\",\"description\":\"Portal Miejski Gliwice\",\"publisher\":{\"@id\":\"https:\\\/\\\/www.24gliwice.pl\\\/wiadomosci\\\/#organization\"},\"potentialAction\":[{\"@type\":\"SearchAction\",\"target\":{\"@type\":\"EntryPoint\",\"urlTemplate\":\"https:\\\/\\\/www.24gliwice.pl\\\/wiadomosci\\\/?s={search_term_string}\"},\"query-input\":{\"@type\":\"PropertyValueSpecification\",\"valueRequired\":true,\"valueName\":\"search_term_string\"}}],\"inLanguage\":\"pl-PL\"},{\"@type\":\"Organization\",\"@id\":\"https:\\\/\\\/www.24gliwice.pl\\\/wiadomosci\\\/#organization\",\"name\":\"24gliwice\",\"url\":\"https:\\\/\\\/www.24gliwice.pl\\\/wiadomosci\\\/\",\"logo\":{\"@type\":\"ImageObject\",\"inLanguage\":\"pl-PL\",\"@id\":\"https:\\\/\\\/www.24gliwice.pl\\\/wiadomosci\\\/#\\\/schema\\\/logo\\\/image\\\/\",\"url\":\"https:\\\/\\\/www.24gliwice.pl\\\/wiadomosci\\\/wp-content\\\/uploads\\\/2024\\\/10\\\/24gliwice-logo-696.jpg\",\"contentUrl\":\"https:\\\/\\\/www.24gliwice.pl\\\/wiadomosci\\\/wp-content\\\/uploads\\\/2024\\\/10\\\/24gliwice-logo-696.jpg\",\"width\":696,\"height\":696,\"caption\":\"24gliwice\"},\"image\":{\"@id\":\"https:\\\/\\\/www.24gliwice.pl\\\/wiadomosci\\\/#\\\/schema\\\/logo\\\/image\\\/\"},\"sameAs\":[\"https:\\\/\\\/www.facebook.com\\\/24gliwice\",\"https:\\\/\\\/x.com\\\/24gliwice\",\"https:\\\/\\\/www.youtube.com\\\/@24gliwice\"]},{\"@type\":\"Person\",\"@id\":\"https:\\\/\\\/www.24gliwice.pl\\\/wiadomosci\\\/#\\\/schema\\\/person\\\/e42c650edd7f2fa332be3811fb166b6e\",\"name\":\"\u017baneta Mrozek-Siewierska\",\"image\":{\"@type\":\"ImageObject\",\"inLanguage\":\"pl-PL\",\"@id\":\"https:\\\/\\\/secure.gravatar.com\\\/avatar\\\/1881429e9c64597c77ad7aef2d0a19be69a3253e57534d16aa15bf3a4d34a0a3?s=96&d=mm&r=g\",\"url\":\"https:\\\/\\\/secure.gravatar.com\\\/avatar\\\/1881429e9c64597c77ad7aef2d0a19be69a3253e57534d16aa15bf3a4d34a0a3?s=96&d=mm&r=g\",\"contentUrl\":\"https:\\\/\\\/secure.gravatar.com\\\/avatar\\\/1881429e9c64597c77ad7aef2d0a19be69a3253e57534d16aa15bf3a4d34a0a3?s=96&d=mm&r=g\",\"caption\":\"\u017baneta Mrozek-Siewierska\"},\"url\":\"https:\\\/\\\/www.24gliwice.pl\\\/wiadomosci\\\/author\\\/zms\\\/\"}]}<\/script>\n<!-- \/ Yoast SEO plugin. -->","yoast_head_json":{"title":"W rejonie skrzy\u017cowania pojawi si\u0119 ruch wahad\u0142owy. Remont jezdni na ulicy \u0141ab\u0119dzkiej - 24GLIWICE - Portal Gliwice | codziennie nowe informacje","robots":{"index":"index","follow":"follow","max-snippet":"max-snippet:-1","max-image-preview":"max-image-preview:large","max-video-preview":"max-video-preview:-1"},"canonical":"https:\/\/www.24gliwice.pl\/wiadomosci\/kolejne-kluczowe-skrzyzowanie-z-ruchem-wahadlowym-remont-jezdni-na-ulicy-labedzkiej\/","og_locale":"pl_PL","og_type":"article","og_title":"W rejonie skrzy\u017cowania pojawi si\u0119 ruch wahad\u0142owy. Remont jezdni na ulicy \u0141ab\u0119dzkiej - 24GLIWICE - Portal Gliwice | codziennie nowe informacje","og_description":"We wtorek, 25 lipca, drogowcy rozpoczn\u0105 prace zwi\u0105zane z remontem nawierzchni ul. \u0141ab\u0119dzkiej w rejonie skrzy\u017cowania z ul. Adama Opla. Jak podaje Zarz\u0105d Dr\u00f3g Miejskich, na czas remontu wprowadzona zostanie tymczasowa organizacja ruchu. W trakcie realizowanych prac ruch odbywa\u0107 si\u0119 b\u0119dzie wahad\u0142owo, pojawi si\u0119 te\u017c sygnalizacja \u015bwietlna. Prace potrwaj\u0105 ok. 2-3 tygodni.","og_url":"https:\/\/www.24gliwice.pl\/wiadomosci\/kolejne-kluczowe-skrzyzowanie-z-ruchem-wahadlowym-remont-jezdni-na-ulicy-labedzkiej\/","og_site_name":"24GLIWICE - Portal Gliwice | codziennie nowe informacje","article_publisher":"https:\/\/www.facebook.com\/24gliwice","article_published_time":"2017-07-21T04:15:01+00:00","og_image":[{"width":810,"height":456,"url":"https:\/\/www.24gliwice.pl\/wiadomosci\/wp-content\/uploads\/2017\/07\/opla-z-\u0142ab\u0119dzk\u0105-e1500550637322.jpg","type":"image\/jpeg"}],"author":"\u017baneta Mrozek-Siewierska","twitter_card":"summary_large_image","twitter_creator":"@24gliwice","twitter_site":"@24gliwice","twitter_misc":{"Napisane przez":"\u017baneta Mrozek-Siewierska"},"schema":{"@context":"https:\/\/schema.org","@graph":[{"@type":"Article","@id":"https:\/\/www.24gliwice.pl\/wiadomosci\/kolejne-kluczowe-skrzyzowanie-z-ruchem-wahadlowym-remont-jezdni-na-ulicy-labedzkiej\/#article","isPartOf":{"@id":"https:\/\/www.24gliwice.pl\/wiadomosci\/kolejne-kluczowe-skrzyzowanie-z-ruchem-wahadlowym-remont-jezdni-na-ulicy-labedzkiej\/"},"author":{"name":"\u017baneta Mrozek-Siewierska","@id":"https:\/\/www.24gliwice.pl\/wiadomosci\/#\/schema\/person\/e42c650edd7f2fa332be3811fb166b6e"},"headline":"W rejonie skrzy\u017cowania pojawi si\u0119 ruch wahad\u0142owy. Remont jezdni na ulicy \u0141ab\u0119dzkiej","datePublished":"2017-07-21T04:15:01+00:00","mainEntityOfPage":{"@id":"https:\/\/www.24gliwice.pl\/wiadomosci\/kolejne-kluczowe-skrzyzowanie-z-ruchem-wahadlowym-remont-jezdni-na-ulicy-labedzkiej\/"},"wordCount":73,"commentCount":0,"publisher":{"@id":"https:\/\/www.24gliwice.pl\/wiadomosci\/#organization"},"image":{"@id":"https:\/\/www.24gliwice.pl\/wiadomosci\/kolejne-kluczowe-skrzyzowanie-z-ruchem-wahadlowym-remont-jezdni-na-ulicy-labedzkiej\/#primaryimage"},"thumbnailUrl":"https:\/\/www.24gliwice.pl\/wiadomosci\/wp-content\/uploads\/2017\/07\/opla-z-\u0142ab\u0119dzk\u0105-e1500550637322.jpg","keywords":["opla","REMONT","remont jezdni","remont nawierzchni","RUCH WAHAD\u0141OWY","wahad\u0142o","\u0142ab\u0119dzka"],"articleSection":["Gliwice","Najnowsze wiadomo\u015bci"],"inLanguage":"pl-PL","potentialAction":[{"@type":"CommentAction","name":"Comment","target":["https:\/\/www.24gliwice.pl\/wiadomosci\/kolejne-kluczowe-skrzyzowanie-z-ruchem-wahadlowym-remont-jezdni-na-ulicy-labedzkiej\/#respond"]}]},{"@type":"WebPage","@id":"https:\/\/www.24gliwice.pl\/wiadomosci\/kolejne-kluczowe-skrzyzowanie-z-ruchem-wahadlowym-remont-jezdni-na-ulicy-labedzkiej\/","url":"https:\/\/www.24gliwice.pl\/wiadomosci\/kolejne-kluczowe-skrzyzowanie-z-ruchem-wahadlowym-remont-jezdni-na-ulicy-labedzkiej\/","name":"W rejonie skrzy\u017cowania pojawi si\u0119 ruch wahad\u0142owy. Remont jezdni na ulicy \u0141ab\u0119dzkiej - 24GLIWICE - Portal Gliwice | codziennie nowe informacje","isPartOf":{"@id":"https:\/\/www.24gliwice.pl\/wiadomosci\/#website"},"primaryImageOfPage":{"@id":"https:\/\/www.24gliwice.pl\/wiadomosci\/kolejne-kluczowe-skrzyzowanie-z-ruchem-wahadlowym-remont-jezdni-na-ulicy-labedzkiej\/#primaryimage"},"image":{"@id":"https:\/\/www.24gliwice.pl\/wiadomosci\/kolejne-kluczowe-skrzyzowanie-z-ruchem-wahadlowym-remont-jezdni-na-ulicy-labedzkiej\/#primaryimage"},"thumbnailUrl":"https:\/\/www.24gliwice.pl\/wiadomosci\/wp-content\/uploads\/2017\/07\/opla-z-\u0142ab\u0119dzk\u0105-e1500550637322.jpg","datePublished":"2017-07-21T04:15:01+00:00","breadcrumb":{"@id":"https:\/\/www.24gliwice.pl\/wiadomosci\/kolejne-kluczowe-skrzyzowanie-z-ruchem-wahadlowym-remont-jezdni-na-ulicy-labedzkiej\/#breadcrumb"},"inLanguage":"pl-PL","potentialAction":[{"@type":"ReadAction","target":["https:\/\/www.24gliwice.pl\/wiadomosci\/kolejne-kluczowe-skrzyzowanie-z-ruchem-wahadlowym-remont-jezdni-na-ulicy-labedzkiej\/"]}]},{"@type":"ImageObject","inLanguage":"pl-PL","@id":"https:\/\/www.24gliwice.pl\/wiadomosci\/kolejne-kluczowe-skrzyzowanie-z-ruchem-wahadlowym-remont-jezdni-na-ulicy-labedzkiej\/#primaryimage","url":"https:\/\/www.24gliwice.pl\/wiadomosci\/wp-content\/uploads\/2017\/07\/opla-z-\u0142ab\u0119dzk\u0105-e1500550637322.jpg","contentUrl":"https:\/\/www.24gliwice.pl\/wiadomosci\/wp-content\/uploads\/2017\/07\/opla-z-\u0142ab\u0119dzk\u0105-e1500550637322.jpg","width":810,"height":456,"caption":"scr. Google Maps"},{"@type":"BreadcrumbList","@id":"https:\/\/www.24gliwice.pl\/wiadomosci\/kolejne-kluczowe-skrzyzowanie-z-ruchem-wahadlowym-remont-jezdni-na-ulicy-labedzkiej\/#breadcrumb","itemListElement":[{"@type":"ListItem","position":1,"name":"Strona g\u0142\u00f3wna","item":"https:\/\/www.24gliwice.pl\/wiadomosci\/"},{"@type":"ListItem","position":2,"name":"W rejonie skrzy\u017cowania pojawi si\u0119 ruch wahad\u0142owy. Remont jezdni na ulicy \u0141ab\u0119dzkiej"}]},{"@type":"WebSite","@id":"https:\/\/www.24gliwice.pl\/wiadomosci\/#website","url":"https:\/\/www.24gliwice.pl\/wiadomosci\/","name":"24GLIWICE - Portal Gliwice | codziennie nowe wiadomo\u015bci","description":"Portal Miejski Gliwice","publisher":{"@id":"https:\/\/www.24gliwice.pl\/wiadomosci\/#organization"},"potentialAction":[{"@type":"SearchAction","target":{"@type":"EntryPoint","urlTemplate":"https:\/\/www.24gliwice.pl\/wiadomosci\/?s={search_term_string}"},"query-input":{"@type":"PropertyValueSpecification","valueRequired":true,"valueName":"search_term_string"}}],"inLanguage":"pl-PL"},{"@type":"Organization","@id":"https:\/\/www.24gliwice.pl\/wiadomosci\/#organization","name":"24gliwice","url":"https:\/\/www.24gliwice.pl\/wiadomosci\/","logo":{"@type":"ImageObject","inLanguage":"pl-PL","@id":"https:\/\/www.24gliwice.pl\/wiadomosci\/#\/schema\/logo\/image\/","url":"https:\/\/www.24gliwice.pl\/wiadomosci\/wp-content\/uploads\/2024\/10\/24gliwice-logo-696.jpg","contentUrl":"https:\/\/www.24gliwice.pl\/wiadomosci\/wp-content\/uploads\/2024\/10\/24gliwice-logo-696.jpg","width":696,"height":696,"caption":"24gliwice"},"image":{"@id":"https:\/\/www.24gliwice.pl\/wiadomosci\/#\/schema\/logo\/image\/"},"sameAs":["https:\/\/www.facebook.com\/24gliwice","https:\/\/x.com\/24gliwice","https:\/\/www.youtube.com\/@24gliwice"]},{"@type":"Person","@id":"https:\/\/www.24gliwice.pl\/wiadomosci\/#\/schema\/person\/e42c650edd7f2fa332be3811fb166b6e","name":"\u017baneta Mrozek-Siewierska","image":{"@type":"ImageObject","inLanguage":"pl-PL","@id":"https:\/\/secure.gravatar.com\/avatar\/1881429e9c64597c77ad7aef2d0a19be69a3253e57534d16aa15bf3a4d34a0a3?s=96&d=mm&r=g","url":"https:\/\/secure.gravatar.com\/avatar\/1881429e9c64597c77ad7aef2d0a19be69a3253e57534d16aa15bf3a4d34a0a3?s=96&d=mm&r=g","contentUrl":"https:\/\/secure.gravatar.com\/avatar\/1881429e9c64597c77ad7aef2d0a19be69a3253e57534d16aa15bf3a4d34a0a3?s=96&d=mm&r=g","caption":"\u017baneta Mrozek-Siewierska"},"url":"https:\/\/www.24gliwice.pl\/wiadomosci\/author\/zms\/"}]}},"_links":{"self":[{"href":"https:\/\/www.24gliwice.pl\/wiadomosci\/wp-json\/wp\/v2\/posts\/102104","targetHints":{"allow":["GET"]}}],"collection":[{"href":"https:\/\/www.24gliwice.pl\/wiadomosci\/wp-json\/wp\/v2\/posts"}],"about":[{"href":"https:\/\/www.24gliwice.pl\/wiadomosci\/wp-json\/wp\/v2\/types\/post"}],"author":[{"embeddable":true,"href":"https:\/\/www.24gliwice.pl\/wiadomosci\/wp-json\/wp\/v2\/users\/15"}],"replies":[{"embeddable":true,"href":"https:\/\/www.24gliwice.pl\/wiadomosci\/wp-json\/wp\/v2\/comments?post=102104"}],"version-history":[{"count":0,"href":"https:\/\/www.24gliwice.pl\/wiadomosci\/wp-json\/wp\/v2\/posts\/102104\/revisions"}],"wp:featuredmedia":[{"embeddable":true,"href":"https:\/\/www.24gliwice.pl\/wiadomosci\/wp-json\/wp\/v2\/media\/102109"}],"wp:attachment":[{"href":"https:\/\/www.24gliwice.pl\/wiadomosci\/wp-json\/wp\/v2\/media?parent=102104"}],"wp:term":[{"taxonomy":"category","embeddable":true,"href":"https:\/\/www.24gliwice.pl\/wiadomosci\/wp-json\/wp\/v2\/categories?post=102104"},{"taxonomy":"post_tag","embeddable":true,"href":"https:\/\/www.24gliwice.pl\/wiadomosci\/wp-json\/wp\/v2\/tags?post=102104"}],"curies":[{"name":"wp","href":"https:\/\/api.w.org\/{rel}","templated":true}]}}