{"id":102133,"date":"2017-07-21T12:12:35","date_gmt":"2017-07-21T10:12:35","guid":{"rendered":"http:\/\/www.24gliwice.pl\/wiadomosci\/?p=102133"},"modified":"2017-07-21T12:12:35","modified_gmt":"2017-07-21T10:12:35","slug":"tragiczny-wypadek-w-pyskowicach-zginal-22-letni-kierowca-dostawczego-volkswagena","status":"publish","type":"post","link":"https:\/\/www.24gliwice.pl\/wiadomosci\/tragiczny-wypadek-w-pyskowicach-zginal-22-letni-kierowca-dostawczego-volkswagena\/","title":{"rendered":"Tragiczny wypadek w Pyskowicach. Zgin\u0105\u0142 22-letni kierowca dostawczego volkswagena"},"content":{"rendered":"<div class=\"gliwi-a6-nad-leadem-artykulow gliwi-entity-placement\" id=\"gliwi-3756861345\"><div class=\"gliwi-adlabel\"><span style=\"font-size: 9px\">REKLAMA<\/span><\/div><div id=\"gliwi-714344035\" style=\"margin-bottom: 30px;margin-left: auto;margin-right: auto;text-align: center;\"><a data-no-instant=\"1\" href=\"https:\/\/przedszkole.halogen.org.pl\/\" rel=\"noopener\" class=\"a2t-link\" target=\"_blank\" aria-label=\"20260402-ANIMATOR-przedszkole_grafika_750x200\"><img loading=\"lazy\" decoding=\"async\" src=\"https:\/\/www.24gliwice.pl\/wiadomosci\/wp-content\/uploads\/2026\/04\/20260402-ANIMATOR-przedszkole_grafika_750x200.webp\" alt=\"\"  srcset=\"https:\/\/www.24gliwice.pl\/wiadomosci\/wp-content\/uploads\/2026\/04\/20260402-ANIMATOR-przedszkole_grafika_750x200.webp 750w, https:\/\/www.24gliwice.pl\/wiadomosci\/wp-content\/uploads\/2026\/04\/20260402-ANIMATOR-przedszkole_grafika_750x200-410x109.webp 410w\" sizes=\"(max-width: 750px) 100vw, 750px\" class=\"no-lazyload\" width=\"750\" height=\"200\"  style=\"display: inline-block; max-width: 100%; height: auto;\" \/><\/a><\/div><\/div><h4>W czwartek, 20 lipca, z niewyja\u015bnionych dot\u0105d przyczyn 22-letni kieruj\u0105cy samochodem dostawczym zjecha\u0142 na przeciwleg\u0142y pas ruchu, wprost pod nadje\u017cd\u017caj\u0105c\u0105 ci\u0119\u017car\u00f3wk\u0119. Oba samochody wypad\u0142y na pobocze.<\/h4>\n<p>Do zderzenia dosz\u0142o tu\u017c przed godzin\u0105 10.00 na drodze krajowej nr 94 w Pyskowicach. 22-latek jad\u0105cy volkswagenem, mieszkaniec gminy Wielowie\u015b, nagle zmieni\u0142 pas, wje\u017cd\u017caj\u0105c pod poruszaj\u0105cy si\u0119 prawid\u0142owo samoch\u00f3d ci\u0119\u017carowy. Prowadz\u0105cy ci\u0119\u017car\u00f3wk\u0119, chc\u0105c unikn\u0105\u0107 zderzenia, zjecha\u0142 do rowu. Z drogi wypad\u0142 r\u00f3wnie\u017c volkswagen. <\/p>\n<p>Na miejsce przyjecha\u0142o pogotowie ratunkowe, policja, stra\u017c po\u017carna oraz prokurator. Mimo d\u0142ugotrwa\u0142ej akcji reanimacyjnej nie uda\u0142o si\u0119 uratowa\u0107 \u017cycia m\u0142odego kierowcy. 57-letniemu m\u0119\u017cczy\u017anie jad\u0105cemu TIR-em nic si\u0119 nie sta\u0142o. Okoliczno\u015bci i przyczyny wypadku wyja\u015bniaj\u0105 \u015bledczy z Komendy Miejskiej Policji w Gliwicach oraz prokurator.<\/p><div class=\"gliwi-a3-w-tresci-artykulow gliwi-entity-placement\" id=\"gliwi-3436881695\"><div class=\"gliwi-adlabel\"><span style=\"font-size: 9px\">REKLAMA<\/span><\/div><div id=\"gliwi-1735383412\" style=\"margin-bottom: 30px;margin-left: auto;margin-right: auto;text-align: center;\"><a data-no-instant=\"1\" href=\"https:\/\/zlobek.halogen.org.pl\/\" rel=\"noopener\" class=\"a2t-link\" target=\"_blank\" aria-label=\"animator-zlobek_750x200\"><img loading=\"lazy\" decoding=\"async\" src=\"https:\/\/www.24gliwice.pl\/wiadomosci\/wp-content\/uploads\/2026\/02\/animator-zlobek_750x200.webp\" alt=\"\"  srcset=\"https:\/\/www.24gliwice.pl\/wiadomosci\/wp-content\/uploads\/2026\/02\/animator-zlobek_750x200.webp 750w, https:\/\/www.24gliwice.pl\/wiadomosci\/wp-content\/uploads\/2026\/02\/animator-zlobek_750x200-410x109.webp 410w\" sizes=\"(max-width: 750px) 100vw, 750px\" class=\"no-lazyload\" width=\"750\" height=\"200\"  style=\"display: inline-block; max-width: 100%; height: auto;\" \/><\/a><\/div><\/div>\n<p><iframe loading=\"lazy\" src=\"https:\/\/www.google.com\/maps\/embed?pb=!1m0!4v1500630642057!6m8!1m7!1sYYn8_Xo0WsNtgrvTIn9qOg!2m2!1d50.40298198980007!2d18.60217346757196!3f104.79611435237858!4f9.553718432361933!5f0.7820865974627469\" width=\"810\" height=\"455\" frameborder=\"0\" style=\"border:0\" allowfullscreen><\/iframe><\/p>\n<div class=\"gliwi-a5-na-koncu-artykulow gliwi-entity-placement\" id=\"gliwi-1545278848\"><div class=\"gliwi-adlabel\"><span style=\"font-size: 9px\">REKLAMA<\/span><\/div><div id=\"gliwi-3742167613\" style=\"margin-left: auto;margin-right: auto;text-align: center;\"><a data-no-instant=\"1\" href=\"https:\/\/prezeroarenagliwice.pl\/\" rel=\"noopener\" class=\"a2t-link\" target=\"_blank\" aria-label=\"20260309-PREZERO-WIOSNA-D\"><img loading=\"lazy\" decoding=\"async\" src=\"https:\/\/www.24gliwice.pl\/wiadomosci\/wp-content\/uploads\/2026\/03\/20260309-PREZERO-WIOSNA-D.webp\" alt=\"\"  srcset=\"https:\/\/www.24gliwice.pl\/wiadomosci\/wp-content\/uploads\/2026\/03\/20260309-PREZERO-WIOSNA-D.webp 750w, https:\/\/www.24gliwice.pl\/wiadomosci\/wp-content\/uploads\/2026\/03\/20260309-PREZERO-WIOSNA-D-410x109.webp 410w\" sizes=\"(max-width: 750px) 100vw, 750px\" class=\"no-lazyload\" width=\"750\" height=\"200\"  style=\"display: inline-block; max-width: 100%; height: auto;\" \/><\/a><\/div><\/div>","protected":false},"excerpt":{"rendered":"<p>W czwartek, 20 lipca, z niewyja\u015bnionych dot\u0105d przyczyn 22-letni kieruj\u0105cy samochodem dostawczym zjecha\u0142 na przeciwleg\u0142y pas ruchu, wprost pod nadje\u017cd\u017caj\u0105c\u0105 ci\u0119\u017car\u00f3wk\u0119. Oba samochody wypad\u0142y na pobocze. Do zderzenia dosz\u0142o tu\u017c przed godzin\u0105 10.00 na drodze krajowej nr 94 w Pyskowicach. 22-latek jad\u0105cy volkswagenem, mieszkaniec gminy Wielowie\u015b, nagle zmieni\u0142 pas, wje\u017cd\u017caj\u0105c pod poruszaj\u0105cy si\u0119 prawid\u0142owo samoch\u00f3d [&hellip;]<\/p>\n","protected":false},"author":15,"featured_media":102137,"comment_status":"open","ping_status":"closed","sticky":false,"template":"","format":"standard","meta":{"_monsterinsights_skip_tracking":false,"_monsterinsights_sitenote_active":false,"_monsterinsights_sitenote_note":"","_monsterinsights_sitenote_category":0,"footnotes":"","_links_to":"","_links_to_target":""},"categories":[1,5],"tags":[9849,281,8893,9510],"class_list":["post-102133","post","type-post","status-publish","format-standard","has-post-thumbnail","hentry","category-wszystko","category-kryminalki","tag-reanimacja","tag-smierc","tag-smiertelny-wypadek","tag-zderzenie"],"yoast_head":"<!-- This site is optimized with the Yoast SEO plugin v27.5 - https:\/\/yoast.com\/product\/yoast-seo-wordpress\/ -->\n<title>Tragiczny wypadek w Pyskowicach. Zgin\u0105\u0142 22-letni kierowca dostawczego volkswagena - 24GLIWICE - Portal Gliwice | codziennie nowe informacje<\/title>\n<meta name=\"robots\" content=\"index, follow, max-snippet:-1, max-image-preview:large, max-video-preview:-1\" \/>\n<link rel=\"canonical\" href=\"https:\/\/www.24gliwice.pl\/wiadomosci\/tragiczny-wypadek-w-pyskowicach-zginal-22-letni-kierowca-dostawczego-volkswagena\/\" \/>\n<meta property=\"og:locale\" content=\"pl_PL\" \/>\n<meta property=\"og:type\" content=\"article\" \/>\n<meta property=\"og:title\" content=\"Tragiczny wypadek w Pyskowicach. Zgin\u0105\u0142 22-letni kierowca dostawczego volkswagena - 24GLIWICE - Portal Gliwice | codziennie nowe informacje\" \/>\n<meta property=\"og:description\" content=\"W czwartek, 20 lipca, z niewyja\u015bnionych dot\u0105d przyczyn 22-letni kieruj\u0105cy samochodem dostawczym zjecha\u0142 na przeciwleg\u0142y pas ruchu, wprost pod nadje\u017cd\u017caj\u0105c\u0105 ci\u0119\u017car\u00f3wk\u0119. Oba samochody wypad\u0142y na pobocze. Do zderzenia dosz\u0142o tu\u017c przed godzin\u0105 10.00 na drodze krajowej nr 94 w Pyskowicach. 22-latek jad\u0105cy volkswagenem, mieszkaniec gminy Wielowie\u015b, nagle zmieni\u0142 pas, wje\u017cd\u017caj\u0105c pod poruszaj\u0105cy si\u0119 prawid\u0142owo samoch\u00f3d [&hellip;]\" \/>\n<meta property=\"og:url\" content=\"https:\/\/www.24gliwice.pl\/wiadomosci\/tragiczny-wypadek-w-pyskowicach-zginal-22-letni-kierowca-dostawczego-volkswagena\/\" \/>\n<meta property=\"og:site_name\" content=\"24GLIWICE - Portal Gliwice | codziennie nowe informacje\" \/>\n<meta property=\"article:publisher\" content=\"https:\/\/www.facebook.com\/24gliwice\" \/>\n<meta property=\"article:published_time\" content=\"2017-07-21T10:12:35+00:00\" \/>\n<meta property=\"og:image\" content=\"https:\/\/www.24gliwice.pl\/wiadomosci\/wp-content\/uploads\/2017\/07\/wypadek-Toszecka.jpg\" \/>\n\t<meta property=\"og:image:width\" content=\"1504\" \/>\n\t<meta property=\"og:image:height\" content=\"846\" \/>\n\t<meta property=\"og:image:type\" content=\"image\/jpeg\" \/>\n<meta name=\"author\" content=\"\u017baneta Mrozek-Siewierska\" \/>\n<meta name=\"twitter:card\" content=\"summary_large_image\" \/>\n<meta name=\"twitter:creator\" content=\"@24gliwice\" \/>\n<meta name=\"twitter:site\" content=\"@24gliwice\" \/>\n<meta name=\"twitter:label1\" content=\"Napisane przez\" \/>\n\t<meta name=\"twitter:data1\" content=\"\u017baneta Mrozek-Siewierska\" \/>\n\t<meta name=\"twitter:label2\" content=\"Szacowany czas czytania\" \/>\n\t<meta name=\"twitter:data2\" content=\"1 minuta\" \/>\n<script type=\"application\/ld+json\" class=\"yoast-schema-graph\">{\"@context\":\"https:\\\/\\\/schema.org\",\"@graph\":[{\"@type\":\"Article\",\"@id\":\"https:\\\/\\\/www.24gliwice.pl\\\/wiadomosci\\\/tragiczny-wypadek-w-pyskowicach-zginal-22-letni-kierowca-dostawczego-volkswagena\\\/#article\",\"isPartOf\":{\"@id\":\"https:\\\/\\\/www.24gliwice.pl\\\/wiadomosci\\\/tragiczny-wypadek-w-pyskowicach-zginal-22-letni-kierowca-dostawczego-volkswagena\\\/\"},\"author\":{\"name\":\"\u017baneta Mrozek-Siewierska\",\"@id\":\"https:\\\/\\\/www.24gliwice.pl\\\/wiadomosci\\\/#\\\/schema\\\/person\\\/e42c650edd7f2fa332be3811fb166b6e\"},\"headline\":\"Tragiczny wypadek w Pyskowicach. Zgin\u0105\u0142 22-letni kierowca dostawczego volkswagena\",\"datePublished\":\"2017-07-21T10:12:35+00:00\",\"mainEntityOfPage\":{\"@id\":\"https:\\\/\\\/www.24gliwice.pl\\\/wiadomosci\\\/tragiczny-wypadek-w-pyskowicach-zginal-22-letni-kierowca-dostawczego-volkswagena\\\/\"},\"wordCount\":154,\"commentCount\":0,\"publisher\":{\"@id\":\"https:\\\/\\\/www.24gliwice.pl\\\/wiadomosci\\\/#organization\"},\"image\":{\"@id\":\"https:\\\/\\\/www.24gliwice.pl\\\/wiadomosci\\\/tragiczny-wypadek-w-pyskowicach-zginal-22-letni-kierowca-dostawczego-volkswagena\\\/#primaryimage\"},\"thumbnailUrl\":\"https:\\\/\\\/www.24gliwice.pl\\\/wiadomosci\\\/wp-content\\\/uploads\\\/2017\\\/07\\\/wypadek-Toszecka.jpg\",\"keywords\":[\"reanimacja\",\"\u015aMIER\u0106\",\"\u015aMIERTELNY WYPADEK\",\"zderzenie\"],\"articleSection\":[\"Najnowsze wiadomo\u015bci\",\"Prawo\"],\"inLanguage\":\"pl-PL\",\"potentialAction\":[{\"@type\":\"CommentAction\",\"name\":\"Comment\",\"target\":[\"https:\\\/\\\/www.24gliwice.pl\\\/wiadomosci\\\/tragiczny-wypadek-w-pyskowicach-zginal-22-letni-kierowca-dostawczego-volkswagena\\\/#respond\"]}]},{\"@type\":\"WebPage\",\"@id\":\"https:\\\/\\\/www.24gliwice.pl\\\/wiadomosci\\\/tragiczny-wypadek-w-pyskowicach-zginal-22-letni-kierowca-dostawczego-volkswagena\\\/\",\"url\":\"https:\\\/\\\/www.24gliwice.pl\\\/wiadomosci\\\/tragiczny-wypadek-w-pyskowicach-zginal-22-letni-kierowca-dostawczego-volkswagena\\\/\",\"name\":\"Tragiczny wypadek w Pyskowicach. Zgin\u0105\u0142 22-letni kierowca dostawczego volkswagena - 24GLIWICE - Portal Gliwice | codziennie nowe informacje\",\"isPartOf\":{\"@id\":\"https:\\\/\\\/www.24gliwice.pl\\\/wiadomosci\\\/#website\"},\"primaryImageOfPage\":{\"@id\":\"https:\\\/\\\/www.24gliwice.pl\\\/wiadomosci\\\/tragiczny-wypadek-w-pyskowicach-zginal-22-letni-kierowca-dostawczego-volkswagena\\\/#primaryimage\"},\"image\":{\"@id\":\"https:\\\/\\\/www.24gliwice.pl\\\/wiadomosci\\\/tragiczny-wypadek-w-pyskowicach-zginal-22-letni-kierowca-dostawczego-volkswagena\\\/#primaryimage\"},\"thumbnailUrl\":\"https:\\\/\\\/www.24gliwice.pl\\\/wiadomosci\\\/wp-content\\\/uploads\\\/2017\\\/07\\\/wypadek-Toszecka.jpg\",\"datePublished\":\"2017-07-21T10:12:35+00:00\",\"breadcrumb\":{\"@id\":\"https:\\\/\\\/www.24gliwice.pl\\\/wiadomosci\\\/tragiczny-wypadek-w-pyskowicach-zginal-22-letni-kierowca-dostawczego-volkswagena\\\/#breadcrumb\"},\"inLanguage\":\"pl-PL\",\"potentialAction\":[{\"@type\":\"ReadAction\",\"target\":[\"https:\\\/\\\/www.24gliwice.pl\\\/wiadomosci\\\/tragiczny-wypadek-w-pyskowicach-zginal-22-letni-kierowca-dostawczego-volkswagena\\\/\"]}]},{\"@type\":\"ImageObject\",\"inLanguage\":\"pl-PL\",\"@id\":\"https:\\\/\\\/www.24gliwice.pl\\\/wiadomosci\\\/tragiczny-wypadek-w-pyskowicach-zginal-22-letni-kierowca-dostawczego-volkswagena\\\/#primaryimage\",\"url\":\"https:\\\/\\\/www.24gliwice.pl\\\/wiadomosci\\\/wp-content\\\/uploads\\\/2017\\\/07\\\/wypadek-Toszecka.jpg\",\"contentUrl\":\"https:\\\/\\\/www.24gliwice.pl\\\/wiadomosci\\\/wp-content\\\/uploads\\\/2017\\\/07\\\/wypadek-Toszecka.jpg\",\"width\":1504,\"height\":846,\"caption\":\"fot. scr. Google Maps\"},{\"@type\":\"BreadcrumbList\",\"@id\":\"https:\\\/\\\/www.24gliwice.pl\\\/wiadomosci\\\/tragiczny-wypadek-w-pyskowicach-zginal-22-letni-kierowca-dostawczego-volkswagena\\\/#breadcrumb\",\"itemListElement\":[{\"@type\":\"ListItem\",\"position\":1,\"name\":\"Strona g\u0142\u00f3wna\",\"item\":\"https:\\\/\\\/www.24gliwice.pl\\\/wiadomosci\\\/\"},{\"@type\":\"ListItem\",\"position\":2,\"name\":\"Tragiczny wypadek w Pyskowicach. Zgin\u0105\u0142 22-letni kierowca dostawczego volkswagena\"}]},{\"@type\":\"WebSite\",\"@id\":\"https:\\\/\\\/www.24gliwice.pl\\\/wiadomosci\\\/#website\",\"url\":\"https:\\\/\\\/www.24gliwice.pl\\\/wiadomosci\\\/\",\"name\":\"24GLIWICE - Portal Gliwice | codziennie nowe wiadomo\u015bci\",\"description\":\"Portal Miejski Gliwice\",\"publisher\":{\"@id\":\"https:\\\/\\\/www.24gliwice.pl\\\/wiadomosci\\\/#organization\"},\"potentialAction\":[{\"@type\":\"SearchAction\",\"target\":{\"@type\":\"EntryPoint\",\"urlTemplate\":\"https:\\\/\\\/www.24gliwice.pl\\\/wiadomosci\\\/?s={search_term_string}\"},\"query-input\":{\"@type\":\"PropertyValueSpecification\",\"valueRequired\":true,\"valueName\":\"search_term_string\"}}],\"inLanguage\":\"pl-PL\"},{\"@type\":\"Organization\",\"@id\":\"https:\\\/\\\/www.24gliwice.pl\\\/wiadomosci\\\/#organization\",\"name\":\"24gliwice\",\"url\":\"https:\\\/\\\/www.24gliwice.pl\\\/wiadomosci\\\/\",\"logo\":{\"@type\":\"ImageObject\",\"inLanguage\":\"pl-PL\",\"@id\":\"https:\\\/\\\/www.24gliwice.pl\\\/wiadomosci\\\/#\\\/schema\\\/logo\\\/image\\\/\",\"url\":\"https:\\\/\\\/www.24gliwice.pl\\\/wiadomosci\\\/wp-content\\\/uploads\\\/2024\\\/10\\\/24gliwice-logo-696.jpg\",\"contentUrl\":\"https:\\\/\\\/www.24gliwice.pl\\\/wiadomosci\\\/wp-content\\\/uploads\\\/2024\\\/10\\\/24gliwice-logo-696.jpg\",\"width\":696,\"height\":696,\"caption\":\"24gliwice\"},\"image\":{\"@id\":\"https:\\\/\\\/www.24gliwice.pl\\\/wiadomosci\\\/#\\\/schema\\\/logo\\\/image\\\/\"},\"sameAs\":[\"https:\\\/\\\/www.facebook.com\\\/24gliwice\",\"https:\\\/\\\/x.com\\\/24gliwice\",\"https:\\\/\\\/www.youtube.com\\\/@24gliwice\"]},{\"@type\":\"Person\",\"@id\":\"https:\\\/\\\/www.24gliwice.pl\\\/wiadomosci\\\/#\\\/schema\\\/person\\\/e42c650edd7f2fa332be3811fb166b6e\",\"name\":\"\u017baneta Mrozek-Siewierska\",\"image\":{\"@type\":\"ImageObject\",\"inLanguage\":\"pl-PL\",\"@id\":\"https:\\\/\\\/secure.gravatar.com\\\/avatar\\\/1881429e9c64597c77ad7aef2d0a19be69a3253e57534d16aa15bf3a4d34a0a3?s=96&d=mm&r=g\",\"url\":\"https:\\\/\\\/secure.gravatar.com\\\/avatar\\\/1881429e9c64597c77ad7aef2d0a19be69a3253e57534d16aa15bf3a4d34a0a3?s=96&d=mm&r=g\",\"contentUrl\":\"https:\\\/\\\/secure.gravatar.com\\\/avatar\\\/1881429e9c64597c77ad7aef2d0a19be69a3253e57534d16aa15bf3a4d34a0a3?s=96&d=mm&r=g\",\"caption\":\"\u017baneta Mrozek-Siewierska\"},\"url\":\"https:\\\/\\\/www.24gliwice.pl\\\/wiadomosci\\\/author\\\/zms\\\/\"}]}<\/script>\n<!-- \/ Yoast SEO plugin. -->","yoast_head_json":{"title":"Tragiczny wypadek w Pyskowicach. Zgin\u0105\u0142 22-letni kierowca dostawczego volkswagena - 24GLIWICE - Portal Gliwice | codziennie nowe informacje","robots":{"index":"index","follow":"follow","max-snippet":"max-snippet:-1","max-image-preview":"max-image-preview:large","max-video-preview":"max-video-preview:-1"},"canonical":"https:\/\/www.24gliwice.pl\/wiadomosci\/tragiczny-wypadek-w-pyskowicach-zginal-22-letni-kierowca-dostawczego-volkswagena\/","og_locale":"pl_PL","og_type":"article","og_title":"Tragiczny wypadek w Pyskowicach. Zgin\u0105\u0142 22-letni kierowca dostawczego volkswagena - 24GLIWICE - Portal Gliwice | codziennie nowe informacje","og_description":"W czwartek, 20 lipca, z niewyja\u015bnionych dot\u0105d przyczyn 22-letni kieruj\u0105cy samochodem dostawczym zjecha\u0142 na przeciwleg\u0142y pas ruchu, wprost pod nadje\u017cd\u017caj\u0105c\u0105 ci\u0119\u017car\u00f3wk\u0119. Oba samochody wypad\u0142y na pobocze. Do zderzenia dosz\u0142o tu\u017c przed godzin\u0105 10.00 na drodze krajowej nr 94 w Pyskowicach. 22-latek jad\u0105cy volkswagenem, mieszkaniec gminy Wielowie\u015b, nagle zmieni\u0142 pas, wje\u017cd\u017caj\u0105c pod poruszaj\u0105cy si\u0119 prawid\u0142owo samoch\u00f3d [&hellip;]","og_url":"https:\/\/www.24gliwice.pl\/wiadomosci\/tragiczny-wypadek-w-pyskowicach-zginal-22-letni-kierowca-dostawczego-volkswagena\/","og_site_name":"24GLIWICE - Portal Gliwice | codziennie nowe informacje","article_publisher":"https:\/\/www.facebook.com\/24gliwice","article_published_time":"2017-07-21T10:12:35+00:00","og_image":[{"width":1504,"height":846,"url":"https:\/\/www.24gliwice.pl\/wiadomosci\/wp-content\/uploads\/2017\/07\/wypadek-Toszecka.jpg","type":"image\/jpeg"}],"author":"\u017baneta Mrozek-Siewierska","twitter_card":"summary_large_image","twitter_creator":"@24gliwice","twitter_site":"@24gliwice","twitter_misc":{"Napisane przez":"\u017baneta Mrozek-Siewierska","Szacowany czas czytania":"1 minuta"},"schema":{"@context":"https:\/\/schema.org","@graph":[{"@type":"Article","@id":"https:\/\/www.24gliwice.pl\/wiadomosci\/tragiczny-wypadek-w-pyskowicach-zginal-22-letni-kierowca-dostawczego-volkswagena\/#article","isPartOf":{"@id":"https:\/\/www.24gliwice.pl\/wiadomosci\/tragiczny-wypadek-w-pyskowicach-zginal-22-letni-kierowca-dostawczego-volkswagena\/"},"author":{"name":"\u017baneta Mrozek-Siewierska","@id":"https:\/\/www.24gliwice.pl\/wiadomosci\/#\/schema\/person\/e42c650edd7f2fa332be3811fb166b6e"},"headline":"Tragiczny wypadek w Pyskowicach. Zgin\u0105\u0142 22-letni kierowca dostawczego volkswagena","datePublished":"2017-07-21T10:12:35+00:00","mainEntityOfPage":{"@id":"https:\/\/www.24gliwice.pl\/wiadomosci\/tragiczny-wypadek-w-pyskowicach-zginal-22-letni-kierowca-dostawczego-volkswagena\/"},"wordCount":154,"commentCount":0,"publisher":{"@id":"https:\/\/www.24gliwice.pl\/wiadomosci\/#organization"},"image":{"@id":"https:\/\/www.24gliwice.pl\/wiadomosci\/tragiczny-wypadek-w-pyskowicach-zginal-22-letni-kierowca-dostawczego-volkswagena\/#primaryimage"},"thumbnailUrl":"https:\/\/www.24gliwice.pl\/wiadomosci\/wp-content\/uploads\/2017\/07\/wypadek-Toszecka.jpg","keywords":["reanimacja","\u015aMIER\u0106","\u015aMIERTELNY WYPADEK","zderzenie"],"articleSection":["Najnowsze wiadomo\u015bci","Prawo"],"inLanguage":"pl-PL","potentialAction":[{"@type":"CommentAction","name":"Comment","target":["https:\/\/www.24gliwice.pl\/wiadomosci\/tragiczny-wypadek-w-pyskowicach-zginal-22-letni-kierowca-dostawczego-volkswagena\/#respond"]}]},{"@type":"WebPage","@id":"https:\/\/www.24gliwice.pl\/wiadomosci\/tragiczny-wypadek-w-pyskowicach-zginal-22-letni-kierowca-dostawczego-volkswagena\/","url":"https:\/\/www.24gliwice.pl\/wiadomosci\/tragiczny-wypadek-w-pyskowicach-zginal-22-letni-kierowca-dostawczego-volkswagena\/","name":"Tragiczny wypadek w Pyskowicach. Zgin\u0105\u0142 22-letni kierowca dostawczego volkswagena - 24GLIWICE - Portal Gliwice | codziennie nowe informacje","isPartOf":{"@id":"https:\/\/www.24gliwice.pl\/wiadomosci\/#website"},"primaryImageOfPage":{"@id":"https:\/\/www.24gliwice.pl\/wiadomosci\/tragiczny-wypadek-w-pyskowicach-zginal-22-letni-kierowca-dostawczego-volkswagena\/#primaryimage"},"image":{"@id":"https:\/\/www.24gliwice.pl\/wiadomosci\/tragiczny-wypadek-w-pyskowicach-zginal-22-letni-kierowca-dostawczego-volkswagena\/#primaryimage"},"thumbnailUrl":"https:\/\/www.24gliwice.pl\/wiadomosci\/wp-content\/uploads\/2017\/07\/wypadek-Toszecka.jpg","datePublished":"2017-07-21T10:12:35+00:00","breadcrumb":{"@id":"https:\/\/www.24gliwice.pl\/wiadomosci\/tragiczny-wypadek-w-pyskowicach-zginal-22-letni-kierowca-dostawczego-volkswagena\/#breadcrumb"},"inLanguage":"pl-PL","potentialAction":[{"@type":"ReadAction","target":["https:\/\/www.24gliwice.pl\/wiadomosci\/tragiczny-wypadek-w-pyskowicach-zginal-22-letni-kierowca-dostawczego-volkswagena\/"]}]},{"@type":"ImageObject","inLanguage":"pl-PL","@id":"https:\/\/www.24gliwice.pl\/wiadomosci\/tragiczny-wypadek-w-pyskowicach-zginal-22-letni-kierowca-dostawczego-volkswagena\/#primaryimage","url":"https:\/\/www.24gliwice.pl\/wiadomosci\/wp-content\/uploads\/2017\/07\/wypadek-Toszecka.jpg","contentUrl":"https:\/\/www.24gliwice.pl\/wiadomosci\/wp-content\/uploads\/2017\/07\/wypadek-Toszecka.jpg","width":1504,"height":846,"caption":"fot. scr. Google Maps"},{"@type":"BreadcrumbList","@id":"https:\/\/www.24gliwice.pl\/wiadomosci\/tragiczny-wypadek-w-pyskowicach-zginal-22-letni-kierowca-dostawczego-volkswagena\/#breadcrumb","itemListElement":[{"@type":"ListItem","position":1,"name":"Strona g\u0142\u00f3wna","item":"https:\/\/www.24gliwice.pl\/wiadomosci\/"},{"@type":"ListItem","position":2,"name":"Tragiczny wypadek w Pyskowicach. Zgin\u0105\u0142 22-letni kierowca dostawczego volkswagena"}]},{"@type":"WebSite","@id":"https:\/\/www.24gliwice.pl\/wiadomosci\/#website","url":"https:\/\/www.24gliwice.pl\/wiadomosci\/","name":"24GLIWICE - Portal Gliwice | codziennie nowe wiadomo\u015bci","description":"Portal Miejski Gliwice","publisher":{"@id":"https:\/\/www.24gliwice.pl\/wiadomosci\/#organization"},"potentialAction":[{"@type":"SearchAction","target":{"@type":"EntryPoint","urlTemplate":"https:\/\/www.24gliwice.pl\/wiadomosci\/?s={search_term_string}"},"query-input":{"@type":"PropertyValueSpecification","valueRequired":true,"valueName":"search_term_string"}}],"inLanguage":"pl-PL"},{"@type":"Organization","@id":"https:\/\/www.24gliwice.pl\/wiadomosci\/#organization","name":"24gliwice","url":"https:\/\/www.24gliwice.pl\/wiadomosci\/","logo":{"@type":"ImageObject","inLanguage":"pl-PL","@id":"https:\/\/www.24gliwice.pl\/wiadomosci\/#\/schema\/logo\/image\/","url":"https:\/\/www.24gliwice.pl\/wiadomosci\/wp-content\/uploads\/2024\/10\/24gliwice-logo-696.jpg","contentUrl":"https:\/\/www.24gliwice.pl\/wiadomosci\/wp-content\/uploads\/2024\/10\/24gliwice-logo-696.jpg","width":696,"height":696,"caption":"24gliwice"},"image":{"@id":"https:\/\/www.24gliwice.pl\/wiadomosci\/#\/schema\/logo\/image\/"},"sameAs":["https:\/\/www.facebook.com\/24gliwice","https:\/\/x.com\/24gliwice","https:\/\/www.youtube.com\/@24gliwice"]},{"@type":"Person","@id":"https:\/\/www.24gliwice.pl\/wiadomosci\/#\/schema\/person\/e42c650edd7f2fa332be3811fb166b6e","name":"\u017baneta Mrozek-Siewierska","image":{"@type":"ImageObject","inLanguage":"pl-PL","@id":"https:\/\/secure.gravatar.com\/avatar\/1881429e9c64597c77ad7aef2d0a19be69a3253e57534d16aa15bf3a4d34a0a3?s=96&d=mm&r=g","url":"https:\/\/secure.gravatar.com\/avatar\/1881429e9c64597c77ad7aef2d0a19be69a3253e57534d16aa15bf3a4d34a0a3?s=96&d=mm&r=g","contentUrl":"https:\/\/secure.gravatar.com\/avatar\/1881429e9c64597c77ad7aef2d0a19be69a3253e57534d16aa15bf3a4d34a0a3?s=96&d=mm&r=g","caption":"\u017baneta Mrozek-Siewierska"},"url":"https:\/\/www.24gliwice.pl\/wiadomosci\/author\/zms\/"}]}},"_links":{"self":[{"href":"https:\/\/www.24gliwice.pl\/wiadomosci\/wp-json\/wp\/v2\/posts\/102133","targetHints":{"allow":["GET"]}}],"collection":[{"href":"https:\/\/www.24gliwice.pl\/wiadomosci\/wp-json\/wp\/v2\/posts"}],"about":[{"href":"https:\/\/www.24gliwice.pl\/wiadomosci\/wp-json\/wp\/v2\/types\/post"}],"author":[{"embeddable":true,"href":"https:\/\/www.24gliwice.pl\/wiadomosci\/wp-json\/wp\/v2\/users\/15"}],"replies":[{"embeddable":true,"href":"https:\/\/www.24gliwice.pl\/wiadomosci\/wp-json\/wp\/v2\/comments?post=102133"}],"version-history":[{"count":0,"href":"https:\/\/www.24gliwice.pl\/wiadomosci\/wp-json\/wp\/v2\/posts\/102133\/revisions"}],"wp:featuredmedia":[{"embeddable":true,"href":"https:\/\/www.24gliwice.pl\/wiadomosci\/wp-json\/wp\/v2\/media\/102137"}],"wp:attachment":[{"href":"https:\/\/www.24gliwice.pl\/wiadomosci\/wp-json\/wp\/v2\/media?parent=102133"}],"wp:term":[{"taxonomy":"category","embeddable":true,"href":"https:\/\/www.24gliwice.pl\/wiadomosci\/wp-json\/wp\/v2\/categories?post=102133"},{"taxonomy":"post_tag","embeddable":true,"href":"https:\/\/www.24gliwice.pl\/wiadomosci\/wp-json\/wp\/v2\/tags?post=102133"}],"curies":[{"name":"wp","href":"https:\/\/api.w.org\/{rel}","templated":true}]}}