{"id":102140,"date":"2017-07-23T12:28:27","date_gmt":"2017-07-23T10:28:27","guid":{"rendered":"http:\/\/www.24gliwice.pl\/wiadomosci\/?p=102140"},"modified":"2024-08-20T02:01:56","modified_gmt":"2024-08-20T00:01:56","slug":"piast-publikuje-nowy-spot-reklamowy-wazne-jest-miec-swoja-ekipe-tworzyc-razem-dzialac-razem","status":"publish","type":"post","link":"https:\/\/www.24gliwice.pl\/wiadomosci\/piast-publikuje-nowy-spot-reklamowy-wazne-jest-miec-swoja-ekipe-tworzyc-razem-dzialac-razem\/","title":{"rendered":"Piast publikuje nowy spot reklamowy. &#8220;Wa\u017cne jest mie\u0107 swoj\u0105 ekip\u0119, tworzy\u0107 razem, dzia\u0142a\u0107 razem&#8221;"},"content":{"rendered":"<div class=\"gliwi-a6-nad-leadem-artykulow gliwi-entity-placement\" id=\"gliwi-2258464205\"><div class=\"gliwi-adlabel\"><span style=\"font-size: 9px\">REKLAMA<\/span><\/div><div id=\"gliwi-3138391422\" style=\"margin-bottom: 25px;margin-left: auto;margin-right: auto;text-align: center;\"><a data-no-instant=\"1\" href=\"https:\/\/dom100.eu\/\" rel=\"noopener\" class=\"a2t-link\" target=\"_blank\" aria-label=\"20260415 DOM100 D\"><img loading=\"lazy\" decoding=\"async\" src=\"https:\/\/www.24gliwice.pl\/wiadomosci\/wp-content\/uploads\/2026\/04\/20260415-DOM100-D.jpg\" alt=\"\"  srcset=\"https:\/\/www.24gliwice.pl\/wiadomosci\/wp-content\/uploads\/2026\/04\/20260415-DOM100-D.jpg 750w, https:\/\/www.24gliwice.pl\/wiadomosci\/wp-content\/uploads\/2026\/04\/20260415-DOM100-D-410x109.jpg 410w\" sizes=\"(max-width: 750px) 100vw, 750px\" class=\"no-lazyload\" width=\"750\" height=\"200\"  style=\"display: inline-block; max-width: 100%; height: auto;\" \/><\/a><\/div><\/div><h4>\u201eDumni gliwiczanie\u201d &#8211; to has\u0142o b\u0119dzie obecne w \u017cyciu Piasta Gliwice przez ca\u0142y sezon 2017\/2018. Niebiesko-Czerwoni przedstawili najnowszy spot promocyjny klubu. <\/h4>\n<p> Spora cz\u0119\u015b\u0107 filmu to odwo\u0142anie do historii, zwi\u0105zku z Gliwicami, mieszka\u0144cami i miejscami. Po mie\u015bcie oprowadza by\u0142y pi\u0142karz Piasta, nadal zwi\u0105zany z nim zawodowo.<\/p>\n<p>&#8211; Moje Gliwice, m\u00f3j Piast. Urodzi\u0142em si\u0119 w miejscu szczeg\u00f3lnym. Ka\u017cdego dnia wyj\u0105tkowym. Mijam ludzi. Nie znam imion, ale rozpoznaj\u0119 twarze &#8211; m\u00f3wi bohater spotu, <strong>Jaros\u0142aw Kaszowski<\/strong>. <\/p><div class=\"gliwi-a3-w-tresci-artykulow gliwi-entity-placement\" id=\"gliwi-3768535144\"><div class=\"gliwi-adlabel\"><span style=\"font-size: 9px\">REKLAMA<\/span><\/div><div id=\"gliwi-2024899874\" style=\"margin-bottom: 30px;margin-left: auto;margin-right: auto;text-align: center;\"><a data-no-instant=\"1\" href=\"https:\/\/zlobek.halogen.org.pl\/\" rel=\"noopener\" class=\"a2t-link\" target=\"_blank\" aria-label=\"animator-zlobek_750x200\"><img loading=\"lazy\" decoding=\"async\" src=\"https:\/\/www.24gliwice.pl\/wiadomosci\/wp-content\/uploads\/2026\/02\/animator-zlobek_750x200.webp\" alt=\"\"  srcset=\"https:\/\/www.24gliwice.pl\/wiadomosci\/wp-content\/uploads\/2026\/02\/animator-zlobek_750x200.webp 750w, https:\/\/www.24gliwice.pl\/wiadomosci\/wp-content\/uploads\/2026\/02\/animator-zlobek_750x200-410x109.webp 410w\" sizes=\"(max-width: 750px) 100vw, 750px\" class=\"no-lazyload\" width=\"750\" height=\"200\"  style=\"display: inline-block; max-width: 100%; height: auto;\" \/><\/a><\/div><\/div>\n<p>Niebiesko-Czerwoni wyst\u0119puj\u0105 w Ekstraklasie nieprzerwanie od sezonu 2012\/2013 &#8211; \u017caden inny klub z G\u00f3rnego \u015al\u0105ska nie mo\u017ce pochwali\u0107 si\u0119 takim wynikiem. Przez te pi\u0119\u0107 sezon\u00f3w Niebiesko-Czerwoni dwukrotnie wyst\u0105pili w eliminacjach do europejskich puchar\u00f3w, raz zdobyli wicemistrzostwo Polski &#8211; a walka o najwy\u017cszy stopie\u0144 toczy\u0142a si\u0119 z Legi\u0105 Warszawa do ostatniej kolejki. W ci\u0105gu pi\u0119ciu wspomnianych sezon\u00f3w dru\u017cyna z Okrzei dwukrotnie mia\u0142a w swoich szeregach kr\u00f3la strzelc\u00f3w Ekstraklasy.<\/p>\n<p><iframe loading=\"lazy\" width=\"810\" height=\"455\" src=\"https:\/\/www.youtube.com\/embed\/dRbAtxbsx6Y\" frameborder=\"0\" allowfullscreen><\/iframe><\/p>\n<div class=\"gliwi-a5-na-koncu-artykulow gliwi-entity-placement\" id=\"gliwi-2583971854\"><div class=\"gliwi-adlabel\"><span style=\"font-size: 9px\">REKLAMA<\/span><\/div><div id=\"gliwi-100803602\" style=\"margin-left: auto;margin-right: auto;text-align: center;\"><a data-no-instant=\"1\" href=\"https:\/\/prezeroarenagliwice.pl\/\" rel=\"noopener\" class=\"a2t-link\" target=\"_blank\" aria-label=\"20260309-PREZERO-WIOSNA-D\"><img loading=\"lazy\" decoding=\"async\" src=\"https:\/\/www.24gliwice.pl\/wiadomosci\/wp-content\/uploads\/2026\/03\/20260309-PREZERO-WIOSNA-D.webp\" alt=\"\"  srcset=\"https:\/\/www.24gliwice.pl\/wiadomosci\/wp-content\/uploads\/2026\/03\/20260309-PREZERO-WIOSNA-D.webp 750w, https:\/\/www.24gliwice.pl\/wiadomosci\/wp-content\/uploads\/2026\/03\/20260309-PREZERO-WIOSNA-D-410x109.webp 410w\" sizes=\"(max-width: 750px) 100vw, 750px\" class=\"no-lazyload\" width=\"750\" height=\"200\"  style=\"display: inline-block; max-width: 100%; height: auto;\" \/><\/a><\/div><\/div>","protected":false},"excerpt":{"rendered":"<p>\u201eDumni gliwiczanie\u201d &#8211; to has\u0142o b\u0119dzie obecne w \u017cyciu Piasta Gliwice przez ca\u0142y sezon 2017\/2018. Niebiesko-Czerwoni przedstawili najnowszy spot promocyjny klubu. Spora cz\u0119\u015b\u0107 filmu to odwo\u0142anie do historii, zwi\u0105zku z Gliwicami, mieszka\u0144cami i miejscami. Po mie\u015bcie oprowadza by\u0142y pi\u0142karz Piasta, nadal zwi\u0105zany z nim zawodowo. &#8211; Moje Gliwice, m\u00f3j Piast. Urodzi\u0142em si\u0119 w miejscu szczeg\u00f3lnym. [&hellip;]<\/p>\n","protected":false},"author":15,"featured_media":102144,"comment_status":"open","ping_status":"closed","sticky":false,"template":"","format":"video","meta":{"_monsterinsights_skip_tracking":false,"_monsterinsights_sitenote_active":false,"_monsterinsights_sitenote_note":"","_monsterinsights_sitenote_category":0,"footnotes":"","_links_to":"","_links_to_target":""},"categories":[3,1,9,23842],"tags":[8764,9855,9854,74,2685,5912],"class_list":["post-102140","post","type-post","status-publish","format-video","has-post-thumbnail","hentry","category-gliwice","category-wszystko","category-aktualnosci_lokalne","category-sport_gliwice","tag-kaszowski","tag-marketing","tag-miasto-gliwice","tag-piast-gliwice","tag-pilka-nozna","tag-promocja","post_format-post-format-video"],"yoast_head":"<!-- This site is optimized with the Yoast SEO plugin v27.5 - https:\/\/yoast.com\/product\/yoast-seo-wordpress\/ -->\n<title>Piast publikuje nowy spot reklamowy. &quot;Wa\u017cne jest mie\u0107 swoj\u0105 ekip\u0119, tworzy\u0107 razem, dzia\u0142a\u0107 razem&quot; - 24GLIWICE - Portal Gliwice | codziennie nowe informacje<\/title>\n<meta name=\"robots\" content=\"index, follow, max-snippet:-1, max-image-preview:large, max-video-preview:-1\" \/>\n<link rel=\"canonical\" href=\"https:\/\/www.24gliwice.pl\/wiadomosci\/piast-publikuje-nowy-spot-reklamowy-wazne-jest-miec-swoja-ekipe-tworzyc-razem-dzialac-razem\/\" \/>\n<meta property=\"og:locale\" content=\"pl_PL\" \/>\n<meta property=\"og:type\" content=\"article\" \/>\n<meta property=\"og:title\" content=\"Piast publikuje nowy spot reklamowy. &quot;Wa\u017cne jest mie\u0107 swoj\u0105 ekip\u0119, tworzy\u0107 razem, dzia\u0142a\u0107 razem&quot; - 24GLIWICE - Portal Gliwice | codziennie nowe informacje\" \/>\n<meta property=\"og:description\" content=\"\u201eDumni gliwiczanie\u201d &#8211; to has\u0142o b\u0119dzie obecne w \u017cyciu Piasta Gliwice przez ca\u0142y sezon 2017\/2018. Niebiesko-Czerwoni przedstawili najnowszy spot promocyjny klubu. Spora cz\u0119\u015b\u0107 filmu to odwo\u0142anie do historii, zwi\u0105zku z Gliwicami, mieszka\u0144cami i miejscami. Po mie\u015bcie oprowadza by\u0142y pi\u0142karz Piasta, nadal zwi\u0105zany z nim zawodowo. &#8211; Moje Gliwice, m\u00f3j Piast. Urodzi\u0142em si\u0119 w miejscu szczeg\u00f3lnym. [&hellip;]\" \/>\n<meta property=\"og:url\" content=\"https:\/\/www.24gliwice.pl\/wiadomosci\/piast-publikuje-nowy-spot-reklamowy-wazne-jest-miec-swoja-ekipe-tworzyc-razem-dzialac-razem\/\" \/>\n<meta property=\"og:site_name\" content=\"24GLIWICE - Portal Gliwice | codziennie nowe informacje\" \/>\n<meta property=\"article:publisher\" content=\"https:\/\/www.facebook.com\/24gliwice\" \/>\n<meta property=\"article:published_time\" content=\"2017-07-23T10:28:27+00:00\" \/>\n<meta property=\"article:modified_time\" content=\"2024-08-20T00:01:56+00:00\" \/>\n<meta property=\"og:image\" content=\"https:\/\/www.24gliwice.pl\/wiadomosci\/wp-content\/uploads\/2017\/07\/piast-filmik-e1500632186906.jpg\" \/>\n\t<meta property=\"og:image:width\" content=\"810\" \/>\n\t<meta property=\"og:image:height\" content=\"455\" \/>\n\t<meta property=\"og:image:type\" content=\"image\/jpeg\" \/>\n<meta name=\"author\" content=\"\u017baneta Mrozek-Siewierska\" \/>\n<meta name=\"twitter:card\" content=\"summary_large_image\" \/>\n<meta name=\"twitter:creator\" content=\"@24gliwice\" \/>\n<meta name=\"twitter:site\" content=\"@24gliwice\" \/>\n<meta name=\"twitter:label1\" content=\"Napisane przez\" \/>\n\t<meta name=\"twitter:data1\" content=\"\u017baneta Mrozek-Siewierska\" \/>\n\t<meta name=\"twitter:label2\" content=\"Szacowany czas czytania\" \/>\n\t<meta name=\"twitter:data2\" content=\"1 minuta\" \/>\n<script type=\"application\/ld+json\" class=\"yoast-schema-graph\">{\"@context\":\"https:\\\/\\\/schema.org\",\"@graph\":[{\"@type\":\"Article\",\"@id\":\"https:\\\/\\\/www.24gliwice.pl\\\/wiadomosci\\\/piast-publikuje-nowy-spot-reklamowy-wazne-jest-miec-swoja-ekipe-tworzyc-razem-dzialac-razem\\\/#article\",\"isPartOf\":{\"@id\":\"https:\\\/\\\/www.24gliwice.pl\\\/wiadomosci\\\/piast-publikuje-nowy-spot-reklamowy-wazne-jest-miec-swoja-ekipe-tworzyc-razem-dzialac-razem\\\/\"},\"author\":{\"name\":\"\u017baneta Mrozek-Siewierska\",\"@id\":\"https:\\\/\\\/www.24gliwice.pl\\\/wiadomosci\\\/#\\\/schema\\\/person\\\/e42c650edd7f2fa332be3811fb166b6e\"},\"headline\":\"Piast publikuje nowy spot reklamowy. &#8220;Wa\u017cne jest mie\u0107 swoj\u0105 ekip\u0119, tworzy\u0107 razem, dzia\u0142a\u0107 razem&#8221;\",\"datePublished\":\"2017-07-23T10:28:27+00:00\",\"dateModified\":\"2024-08-20T00:01:56+00:00\",\"mainEntityOfPage\":{\"@id\":\"https:\\\/\\\/www.24gliwice.pl\\\/wiadomosci\\\/piast-publikuje-nowy-spot-reklamowy-wazne-jest-miec-swoja-ekipe-tworzyc-razem-dzialac-razem\\\/\"},\"wordCount\":186,\"commentCount\":0,\"publisher\":{\"@id\":\"https:\\\/\\\/www.24gliwice.pl\\\/wiadomosci\\\/#organization\"},\"image\":{\"@id\":\"https:\\\/\\\/www.24gliwice.pl\\\/wiadomosci\\\/piast-publikuje-nowy-spot-reklamowy-wazne-jest-miec-swoja-ekipe-tworzyc-razem-dzialac-razem\\\/#primaryimage\"},\"thumbnailUrl\":\"https:\\\/\\\/www.24gliwice.pl\\\/wiadomosci\\\/wp-content\\\/uploads\\\/2017\\\/07\\\/piast-filmik-e1500632186906.jpg\",\"keywords\":[\"kaszowski\",\"marketing\",\"miasto gliwice\",\"PIAST GLIWICE\",\"PI\u0141KA NO\u017bNA\",\"promocja\"],\"articleSection\":[\"Gliwice\",\"Najnowsze wiadomo\u015bci\",\"Portal Gliwice - Wiadomo\u015bci lokalne\",\"Sport\"],\"inLanguage\":\"pl-PL\",\"potentialAction\":[{\"@type\":\"CommentAction\",\"name\":\"Comment\",\"target\":[\"https:\\\/\\\/www.24gliwice.pl\\\/wiadomosci\\\/piast-publikuje-nowy-spot-reklamowy-wazne-jest-miec-swoja-ekipe-tworzyc-razem-dzialac-razem\\\/#respond\"]}]},{\"@type\":\"WebPage\",\"@id\":\"https:\\\/\\\/www.24gliwice.pl\\\/wiadomosci\\\/piast-publikuje-nowy-spot-reklamowy-wazne-jest-miec-swoja-ekipe-tworzyc-razem-dzialac-razem\\\/\",\"url\":\"https:\\\/\\\/www.24gliwice.pl\\\/wiadomosci\\\/piast-publikuje-nowy-spot-reklamowy-wazne-jest-miec-swoja-ekipe-tworzyc-razem-dzialac-razem\\\/\",\"name\":\"Piast publikuje nowy spot reklamowy. \\\"Wa\u017cne jest mie\u0107 swoj\u0105 ekip\u0119, tworzy\u0107 razem, dzia\u0142a\u0107 razem\\\" - 24GLIWICE - Portal Gliwice | codziennie nowe informacje\",\"isPartOf\":{\"@id\":\"https:\\\/\\\/www.24gliwice.pl\\\/wiadomosci\\\/#website\"},\"primaryImageOfPage\":{\"@id\":\"https:\\\/\\\/www.24gliwice.pl\\\/wiadomosci\\\/piast-publikuje-nowy-spot-reklamowy-wazne-jest-miec-swoja-ekipe-tworzyc-razem-dzialac-razem\\\/#primaryimage\"},\"image\":{\"@id\":\"https:\\\/\\\/www.24gliwice.pl\\\/wiadomosci\\\/piast-publikuje-nowy-spot-reklamowy-wazne-jest-miec-swoja-ekipe-tworzyc-razem-dzialac-razem\\\/#primaryimage\"},\"thumbnailUrl\":\"https:\\\/\\\/www.24gliwice.pl\\\/wiadomosci\\\/wp-content\\\/uploads\\\/2017\\\/07\\\/piast-filmik-e1500632186906.jpg\",\"datePublished\":\"2017-07-23T10:28:27+00:00\",\"dateModified\":\"2024-08-20T00:01:56+00:00\",\"breadcrumb\":{\"@id\":\"https:\\\/\\\/www.24gliwice.pl\\\/wiadomosci\\\/piast-publikuje-nowy-spot-reklamowy-wazne-jest-miec-swoja-ekipe-tworzyc-razem-dzialac-razem\\\/#breadcrumb\"},\"inLanguage\":\"pl-PL\",\"potentialAction\":[{\"@type\":\"ReadAction\",\"target\":[\"https:\\\/\\\/www.24gliwice.pl\\\/wiadomosci\\\/piast-publikuje-nowy-spot-reklamowy-wazne-jest-miec-swoja-ekipe-tworzyc-razem-dzialac-razem\\\/\"]}]},{\"@type\":\"ImageObject\",\"inLanguage\":\"pl-PL\",\"@id\":\"https:\\\/\\\/www.24gliwice.pl\\\/wiadomosci\\\/piast-publikuje-nowy-spot-reklamowy-wazne-jest-miec-swoja-ekipe-tworzyc-razem-dzialac-razem\\\/#primaryimage\",\"url\":\"https:\\\/\\\/www.24gliwice.pl\\\/wiadomosci\\\/wp-content\\\/uploads\\\/2017\\\/07\\\/piast-filmik-e1500632186906.jpg\",\"contentUrl\":\"https:\\\/\\\/www.24gliwice.pl\\\/wiadomosci\\\/wp-content\\\/uploads\\\/2017\\\/07\\\/piast-filmik-e1500632186906.jpg\",\"width\":810,\"height\":455},{\"@type\":\"BreadcrumbList\",\"@id\":\"https:\\\/\\\/www.24gliwice.pl\\\/wiadomosci\\\/piast-publikuje-nowy-spot-reklamowy-wazne-jest-miec-swoja-ekipe-tworzyc-razem-dzialac-razem\\\/#breadcrumb\",\"itemListElement\":[{\"@type\":\"ListItem\",\"position\":1,\"name\":\"Strona g\u0142\u00f3wna\",\"item\":\"https:\\\/\\\/www.24gliwice.pl\\\/wiadomosci\\\/\"},{\"@type\":\"ListItem\",\"position\":2,\"name\":\"Piast publikuje nowy spot reklamowy. &#8222;Wa\u017cne jest mie\u0107 swoj\u0105 ekip\u0119, tworzy\u0107 razem, dzia\u0142a\u0107 razem&#8221;\"}]},{\"@type\":\"WebSite\",\"@id\":\"https:\\\/\\\/www.24gliwice.pl\\\/wiadomosci\\\/#website\",\"url\":\"https:\\\/\\\/www.24gliwice.pl\\\/wiadomosci\\\/\",\"name\":\"24GLIWICE - Portal Gliwice | codziennie nowe wiadomo\u015bci\",\"description\":\"Portal Miejski Gliwice\",\"publisher\":{\"@id\":\"https:\\\/\\\/www.24gliwice.pl\\\/wiadomosci\\\/#organization\"},\"potentialAction\":[{\"@type\":\"SearchAction\",\"target\":{\"@type\":\"EntryPoint\",\"urlTemplate\":\"https:\\\/\\\/www.24gliwice.pl\\\/wiadomosci\\\/?s={search_term_string}\"},\"query-input\":{\"@type\":\"PropertyValueSpecification\",\"valueRequired\":true,\"valueName\":\"search_term_string\"}}],\"inLanguage\":\"pl-PL\"},{\"@type\":\"Organization\",\"@id\":\"https:\\\/\\\/www.24gliwice.pl\\\/wiadomosci\\\/#organization\",\"name\":\"24gliwice\",\"url\":\"https:\\\/\\\/www.24gliwice.pl\\\/wiadomosci\\\/\",\"logo\":{\"@type\":\"ImageObject\",\"inLanguage\":\"pl-PL\",\"@id\":\"https:\\\/\\\/www.24gliwice.pl\\\/wiadomosci\\\/#\\\/schema\\\/logo\\\/image\\\/\",\"url\":\"https:\\\/\\\/www.24gliwice.pl\\\/wiadomosci\\\/wp-content\\\/uploads\\\/2024\\\/10\\\/24gliwice-logo-696.jpg\",\"contentUrl\":\"https:\\\/\\\/www.24gliwice.pl\\\/wiadomosci\\\/wp-content\\\/uploads\\\/2024\\\/10\\\/24gliwice-logo-696.jpg\",\"width\":696,\"height\":696,\"caption\":\"24gliwice\"},\"image\":{\"@id\":\"https:\\\/\\\/www.24gliwice.pl\\\/wiadomosci\\\/#\\\/schema\\\/logo\\\/image\\\/\"},\"sameAs\":[\"https:\\\/\\\/www.facebook.com\\\/24gliwice\",\"https:\\\/\\\/x.com\\\/24gliwice\",\"https:\\\/\\\/www.youtube.com\\\/@24gliwice\"]},{\"@type\":\"Person\",\"@id\":\"https:\\\/\\\/www.24gliwice.pl\\\/wiadomosci\\\/#\\\/schema\\\/person\\\/e42c650edd7f2fa332be3811fb166b6e\",\"name\":\"\u017baneta Mrozek-Siewierska\",\"image\":{\"@type\":\"ImageObject\",\"inLanguage\":\"pl-PL\",\"@id\":\"https:\\\/\\\/secure.gravatar.com\\\/avatar\\\/1881429e9c64597c77ad7aef2d0a19be69a3253e57534d16aa15bf3a4d34a0a3?s=96&d=mm&r=g\",\"url\":\"https:\\\/\\\/secure.gravatar.com\\\/avatar\\\/1881429e9c64597c77ad7aef2d0a19be69a3253e57534d16aa15bf3a4d34a0a3?s=96&d=mm&r=g\",\"contentUrl\":\"https:\\\/\\\/secure.gravatar.com\\\/avatar\\\/1881429e9c64597c77ad7aef2d0a19be69a3253e57534d16aa15bf3a4d34a0a3?s=96&d=mm&r=g\",\"caption\":\"\u017baneta Mrozek-Siewierska\"},\"url\":\"https:\\\/\\\/www.24gliwice.pl\\\/wiadomosci\\\/author\\\/zms\\\/\"}]}<\/script>\n<!-- \/ Yoast SEO plugin. -->","yoast_head_json":{"title":"Piast publikuje nowy spot reklamowy. \"Wa\u017cne jest mie\u0107 swoj\u0105 ekip\u0119, tworzy\u0107 razem, dzia\u0142a\u0107 razem\" - 24GLIWICE - Portal Gliwice | codziennie nowe informacje","robots":{"index":"index","follow":"follow","max-snippet":"max-snippet:-1","max-image-preview":"max-image-preview:large","max-video-preview":"max-video-preview:-1"},"canonical":"https:\/\/www.24gliwice.pl\/wiadomosci\/piast-publikuje-nowy-spot-reklamowy-wazne-jest-miec-swoja-ekipe-tworzyc-razem-dzialac-razem\/","og_locale":"pl_PL","og_type":"article","og_title":"Piast publikuje nowy spot reklamowy. \"Wa\u017cne jest mie\u0107 swoj\u0105 ekip\u0119, tworzy\u0107 razem, dzia\u0142a\u0107 razem\" - 24GLIWICE - Portal Gliwice | codziennie nowe informacje","og_description":"\u201eDumni gliwiczanie\u201d &#8211; to has\u0142o b\u0119dzie obecne w \u017cyciu Piasta Gliwice przez ca\u0142y sezon 2017\/2018. Niebiesko-Czerwoni przedstawili najnowszy spot promocyjny klubu. Spora cz\u0119\u015b\u0107 filmu to odwo\u0142anie do historii, zwi\u0105zku z Gliwicami, mieszka\u0144cami i miejscami. Po mie\u015bcie oprowadza by\u0142y pi\u0142karz Piasta, nadal zwi\u0105zany z nim zawodowo. &#8211; Moje Gliwice, m\u00f3j Piast. Urodzi\u0142em si\u0119 w miejscu szczeg\u00f3lnym. [&hellip;]","og_url":"https:\/\/www.24gliwice.pl\/wiadomosci\/piast-publikuje-nowy-spot-reklamowy-wazne-jest-miec-swoja-ekipe-tworzyc-razem-dzialac-razem\/","og_site_name":"24GLIWICE - Portal Gliwice | codziennie nowe informacje","article_publisher":"https:\/\/www.facebook.com\/24gliwice","article_published_time":"2017-07-23T10:28:27+00:00","article_modified_time":"2024-08-20T00:01:56+00:00","og_image":[{"width":810,"height":455,"url":"https:\/\/www.24gliwice.pl\/wiadomosci\/wp-content\/uploads\/2017\/07\/piast-filmik-e1500632186906.jpg","type":"image\/jpeg"}],"author":"\u017baneta Mrozek-Siewierska","twitter_card":"summary_large_image","twitter_creator":"@24gliwice","twitter_site":"@24gliwice","twitter_misc":{"Napisane przez":"\u017baneta Mrozek-Siewierska","Szacowany czas czytania":"1 minuta"},"schema":{"@context":"https:\/\/schema.org","@graph":[{"@type":"Article","@id":"https:\/\/www.24gliwice.pl\/wiadomosci\/piast-publikuje-nowy-spot-reklamowy-wazne-jest-miec-swoja-ekipe-tworzyc-razem-dzialac-razem\/#article","isPartOf":{"@id":"https:\/\/www.24gliwice.pl\/wiadomosci\/piast-publikuje-nowy-spot-reklamowy-wazne-jest-miec-swoja-ekipe-tworzyc-razem-dzialac-razem\/"},"author":{"name":"\u017baneta Mrozek-Siewierska","@id":"https:\/\/www.24gliwice.pl\/wiadomosci\/#\/schema\/person\/e42c650edd7f2fa332be3811fb166b6e"},"headline":"Piast publikuje nowy spot reklamowy. &#8220;Wa\u017cne jest mie\u0107 swoj\u0105 ekip\u0119, tworzy\u0107 razem, dzia\u0142a\u0107 razem&#8221;","datePublished":"2017-07-23T10:28:27+00:00","dateModified":"2024-08-20T00:01:56+00:00","mainEntityOfPage":{"@id":"https:\/\/www.24gliwice.pl\/wiadomosci\/piast-publikuje-nowy-spot-reklamowy-wazne-jest-miec-swoja-ekipe-tworzyc-razem-dzialac-razem\/"},"wordCount":186,"commentCount":0,"publisher":{"@id":"https:\/\/www.24gliwice.pl\/wiadomosci\/#organization"},"image":{"@id":"https:\/\/www.24gliwice.pl\/wiadomosci\/piast-publikuje-nowy-spot-reklamowy-wazne-jest-miec-swoja-ekipe-tworzyc-razem-dzialac-razem\/#primaryimage"},"thumbnailUrl":"https:\/\/www.24gliwice.pl\/wiadomosci\/wp-content\/uploads\/2017\/07\/piast-filmik-e1500632186906.jpg","keywords":["kaszowski","marketing","miasto gliwice","PIAST GLIWICE","PI\u0141KA NO\u017bNA","promocja"],"articleSection":["Gliwice","Najnowsze wiadomo\u015bci","Portal Gliwice - Wiadomo\u015bci lokalne","Sport"],"inLanguage":"pl-PL","potentialAction":[{"@type":"CommentAction","name":"Comment","target":["https:\/\/www.24gliwice.pl\/wiadomosci\/piast-publikuje-nowy-spot-reklamowy-wazne-jest-miec-swoja-ekipe-tworzyc-razem-dzialac-razem\/#respond"]}]},{"@type":"WebPage","@id":"https:\/\/www.24gliwice.pl\/wiadomosci\/piast-publikuje-nowy-spot-reklamowy-wazne-jest-miec-swoja-ekipe-tworzyc-razem-dzialac-razem\/","url":"https:\/\/www.24gliwice.pl\/wiadomosci\/piast-publikuje-nowy-spot-reklamowy-wazne-jest-miec-swoja-ekipe-tworzyc-razem-dzialac-razem\/","name":"Piast publikuje nowy spot reklamowy. \"Wa\u017cne jest mie\u0107 swoj\u0105 ekip\u0119, tworzy\u0107 razem, dzia\u0142a\u0107 razem\" - 24GLIWICE - Portal Gliwice | codziennie nowe informacje","isPartOf":{"@id":"https:\/\/www.24gliwice.pl\/wiadomosci\/#website"},"primaryImageOfPage":{"@id":"https:\/\/www.24gliwice.pl\/wiadomosci\/piast-publikuje-nowy-spot-reklamowy-wazne-jest-miec-swoja-ekipe-tworzyc-razem-dzialac-razem\/#primaryimage"},"image":{"@id":"https:\/\/www.24gliwice.pl\/wiadomosci\/piast-publikuje-nowy-spot-reklamowy-wazne-jest-miec-swoja-ekipe-tworzyc-razem-dzialac-razem\/#primaryimage"},"thumbnailUrl":"https:\/\/www.24gliwice.pl\/wiadomosci\/wp-content\/uploads\/2017\/07\/piast-filmik-e1500632186906.jpg","datePublished":"2017-07-23T10:28:27+00:00","dateModified":"2024-08-20T00:01:56+00:00","breadcrumb":{"@id":"https:\/\/www.24gliwice.pl\/wiadomosci\/piast-publikuje-nowy-spot-reklamowy-wazne-jest-miec-swoja-ekipe-tworzyc-razem-dzialac-razem\/#breadcrumb"},"inLanguage":"pl-PL","potentialAction":[{"@type":"ReadAction","target":["https:\/\/www.24gliwice.pl\/wiadomosci\/piast-publikuje-nowy-spot-reklamowy-wazne-jest-miec-swoja-ekipe-tworzyc-razem-dzialac-razem\/"]}]},{"@type":"ImageObject","inLanguage":"pl-PL","@id":"https:\/\/www.24gliwice.pl\/wiadomosci\/piast-publikuje-nowy-spot-reklamowy-wazne-jest-miec-swoja-ekipe-tworzyc-razem-dzialac-razem\/#primaryimage","url":"https:\/\/www.24gliwice.pl\/wiadomosci\/wp-content\/uploads\/2017\/07\/piast-filmik-e1500632186906.jpg","contentUrl":"https:\/\/www.24gliwice.pl\/wiadomosci\/wp-content\/uploads\/2017\/07\/piast-filmik-e1500632186906.jpg","width":810,"height":455},{"@type":"BreadcrumbList","@id":"https:\/\/www.24gliwice.pl\/wiadomosci\/piast-publikuje-nowy-spot-reklamowy-wazne-jest-miec-swoja-ekipe-tworzyc-razem-dzialac-razem\/#breadcrumb","itemListElement":[{"@type":"ListItem","position":1,"name":"Strona g\u0142\u00f3wna","item":"https:\/\/www.24gliwice.pl\/wiadomosci\/"},{"@type":"ListItem","position":2,"name":"Piast publikuje nowy spot reklamowy. &#8222;Wa\u017cne jest mie\u0107 swoj\u0105 ekip\u0119, tworzy\u0107 razem, dzia\u0142a\u0107 razem&#8221;"}]},{"@type":"WebSite","@id":"https:\/\/www.24gliwice.pl\/wiadomosci\/#website","url":"https:\/\/www.24gliwice.pl\/wiadomosci\/","name":"24GLIWICE - Portal Gliwice | codziennie nowe wiadomo\u015bci","description":"Portal Miejski Gliwice","publisher":{"@id":"https:\/\/www.24gliwice.pl\/wiadomosci\/#organization"},"potentialAction":[{"@type":"SearchAction","target":{"@type":"EntryPoint","urlTemplate":"https:\/\/www.24gliwice.pl\/wiadomosci\/?s={search_term_string}"},"query-input":{"@type":"PropertyValueSpecification","valueRequired":true,"valueName":"search_term_string"}}],"inLanguage":"pl-PL"},{"@type":"Organization","@id":"https:\/\/www.24gliwice.pl\/wiadomosci\/#organization","name":"24gliwice","url":"https:\/\/www.24gliwice.pl\/wiadomosci\/","logo":{"@type":"ImageObject","inLanguage":"pl-PL","@id":"https:\/\/www.24gliwice.pl\/wiadomosci\/#\/schema\/logo\/image\/","url":"https:\/\/www.24gliwice.pl\/wiadomosci\/wp-content\/uploads\/2024\/10\/24gliwice-logo-696.jpg","contentUrl":"https:\/\/www.24gliwice.pl\/wiadomosci\/wp-content\/uploads\/2024\/10\/24gliwice-logo-696.jpg","width":696,"height":696,"caption":"24gliwice"},"image":{"@id":"https:\/\/www.24gliwice.pl\/wiadomosci\/#\/schema\/logo\/image\/"},"sameAs":["https:\/\/www.facebook.com\/24gliwice","https:\/\/x.com\/24gliwice","https:\/\/www.youtube.com\/@24gliwice"]},{"@type":"Person","@id":"https:\/\/www.24gliwice.pl\/wiadomosci\/#\/schema\/person\/e42c650edd7f2fa332be3811fb166b6e","name":"\u017baneta Mrozek-Siewierska","image":{"@type":"ImageObject","inLanguage":"pl-PL","@id":"https:\/\/secure.gravatar.com\/avatar\/1881429e9c64597c77ad7aef2d0a19be69a3253e57534d16aa15bf3a4d34a0a3?s=96&d=mm&r=g","url":"https:\/\/secure.gravatar.com\/avatar\/1881429e9c64597c77ad7aef2d0a19be69a3253e57534d16aa15bf3a4d34a0a3?s=96&d=mm&r=g","contentUrl":"https:\/\/secure.gravatar.com\/avatar\/1881429e9c64597c77ad7aef2d0a19be69a3253e57534d16aa15bf3a4d34a0a3?s=96&d=mm&r=g","caption":"\u017baneta Mrozek-Siewierska"},"url":"https:\/\/www.24gliwice.pl\/wiadomosci\/author\/zms\/"}]}},"_links":{"self":[{"href":"https:\/\/www.24gliwice.pl\/wiadomosci\/wp-json\/wp\/v2\/posts\/102140","targetHints":{"allow":["GET"]}}],"collection":[{"href":"https:\/\/www.24gliwice.pl\/wiadomosci\/wp-json\/wp\/v2\/posts"}],"about":[{"href":"https:\/\/www.24gliwice.pl\/wiadomosci\/wp-json\/wp\/v2\/types\/post"}],"author":[{"embeddable":true,"href":"https:\/\/www.24gliwice.pl\/wiadomosci\/wp-json\/wp\/v2\/users\/15"}],"replies":[{"embeddable":true,"href":"https:\/\/www.24gliwice.pl\/wiadomosci\/wp-json\/wp\/v2\/comments?post=102140"}],"version-history":[{"count":0,"href":"https:\/\/www.24gliwice.pl\/wiadomosci\/wp-json\/wp\/v2\/posts\/102140\/revisions"}],"wp:featuredmedia":[{"embeddable":true,"href":"https:\/\/www.24gliwice.pl\/wiadomosci\/wp-json\/wp\/v2\/media\/102144"}],"wp:attachment":[{"href":"https:\/\/www.24gliwice.pl\/wiadomosci\/wp-json\/wp\/v2\/media?parent=102140"}],"wp:term":[{"taxonomy":"category","embeddable":true,"href":"https:\/\/www.24gliwice.pl\/wiadomosci\/wp-json\/wp\/v2\/categories?post=102140"},{"taxonomy":"post_tag","embeddable":true,"href":"https:\/\/www.24gliwice.pl\/wiadomosci\/wp-json\/wp\/v2\/tags?post=102140"}],"curies":[{"name":"wp","href":"https:\/\/api.w.org\/{rel}","templated":true}]}}