{"id":102198,"date":"2017-07-22T17:39:28","date_gmt":"2017-07-22T15:39:28","guid":{"rendered":"http:\/\/www.24gliwice.pl\/wiadomosci\/?p=102198"},"modified":"2024-08-20T02:01:57","modified_gmt":"2024-08-20T00:01:57","slug":"bez-sukcesu-z-pogonia-piast-traci-punkt-w-ostatnich-minutach-meczu","status":"publish","type":"post","link":"https:\/\/www.24gliwice.pl\/wiadomosci\/bez-sukcesu-z-pogonia-piast-traci-punkt-w-ostatnich-minutach-meczu\/","title":{"rendered":"Bez sukcesu z Pogoni\u0105. Piast traci punkt w ostatnich minutach meczu"},"content":{"rendered":"<div class=\"gliwi-a6-nad-leadem-artykulow gliwi-entity-placement\" id=\"gliwi-1942704954\"><div class=\"gliwi-adlabel\"><span style=\"font-size: 9px\">REKLAMA<\/span><\/div><div id=\"gliwi-3853000616\" style=\"margin-bottom: 30px;margin-left: auto;margin-right: auto;text-align: center;\"><a data-no-instant=\"1\" href=\"https:\/\/przedszkole.halogen.org.pl\/\" rel=\"noopener\" class=\"a2t-link\" target=\"_blank\" aria-label=\"20260402-ANIMATOR-przedszkole_grafika_750x200\"><img loading=\"lazy\" decoding=\"async\" src=\"https:\/\/www.24gliwice.pl\/wiadomosci\/wp-content\/uploads\/2026\/04\/20260402-ANIMATOR-przedszkole_grafika_750x200.webp\" alt=\"\"  srcset=\"https:\/\/www.24gliwice.pl\/wiadomosci\/wp-content\/uploads\/2026\/04\/20260402-ANIMATOR-przedszkole_grafika_750x200.webp 750w, https:\/\/www.24gliwice.pl\/wiadomosci\/wp-content\/uploads\/2026\/04\/20260402-ANIMATOR-przedszkole_grafika_750x200-410x109.webp 410w\" sizes=\"(max-width: 750px) 100vw, 750px\" class=\"no-lazyload\" width=\"750\" height=\"200\"  style=\"display: inline-block; max-width: 100%; height: auto;\" \/><\/a><\/div><\/div><h4>W meczu 2. kolejki LOTTO Ekstraklasy Piast Gliwice przegra\u0142 przed w\u0142asn\u0105 publiczno\u015bci\u0105 z Pogoni\u0105 Szczecin 1-2 (0-0). Jedyn\u0105 bramk\u0119 dla Niebiesko-Czerwonych zdoby\u0142 Michal Papadopulos.<\/h4>\n<p>Od pocz\u0105tku meczu sytuacj\u0119 na boisku kontrolowa\u0142 Piast. Niebiesko-Czerwoni d\u0142u\u017cej utrzymywali si\u0119 przy pi\u0142ce, ale nie potrafili sobie stworzy\u0107 klarownej okazji do oddania strza\u0142u. Najgro\u017aniej w polu karnym Pogoni by\u0142o w 24. minucie, ale zar\u00f3wno <strong>Karol Angielski<\/strong>, jak i <strong>Konstantin Vassiljev<\/strong> nie zdo\u0142ali uderzy\u0107 na bramk\u0119 <strong>\u0141ukasza Za\u0142uski<\/strong>.<\/p>\n<p>Zaraz po zmianie stron zza pola karnego strzeli\u0142 Vassiljev, ale pi\u0142ka po uderzeniu Esto\u0144czyka minimalnie min\u0119\u0142a s\u0142upek.<br \/>\nSkuteczniejsi byli go\u015bcie, kt\u00f3rzy w 75. minucie otworzyli wynik rywalizacji. Po dograniu <strong>Dawida Korta<\/strong> na list\u0119 strzelc\u00f3w wpisa\u0142 si\u0119 w\u00f3wczas <strong>Dariusz Formella.<\/strong> Chwil\u0119 p\u00f3\u017aniej podopieczni <strong>Dariusza Wdowczyka<\/strong> wyr\u00f3wnali, a do siatki Portowc\u00f3w trafi\u0142 rezerwowy <strong>Michal Papadopulos<\/strong>. W 80. minucie <strong>Martin Bukata<\/strong> zdecydowa\u0142 si\u0119 na mocne uderzenie zza pola karnego, ale strza\u0142 S\u0142owaka by\u0142 niecelny.<\/p><div class=\"gliwi-a3-w-tresci-artykulow gliwi-entity-placement\" id=\"gliwi-3779841515\"><div class=\"gliwi-adlabel\"><span style=\"font-size: 9px\">REKLAMA<\/span><\/div><div id=\"gliwi-1899913023\" style=\"margin-bottom: 30px;margin-left: auto;margin-right: auto;text-align: center;\"><a data-no-instant=\"1\" href=\"https:\/\/zlobek.halogen.org.pl\/\" rel=\"noopener\" class=\"a2t-link\" target=\"_blank\" aria-label=\"animator-zlobek_750x200\"><img loading=\"lazy\" decoding=\"async\" src=\"https:\/\/www.24gliwice.pl\/wiadomosci\/wp-content\/uploads\/2026\/02\/animator-zlobek_750x200.webp\" alt=\"\"  srcset=\"https:\/\/www.24gliwice.pl\/wiadomosci\/wp-content\/uploads\/2026\/02\/animator-zlobek_750x200.webp 750w, https:\/\/www.24gliwice.pl\/wiadomosci\/wp-content\/uploads\/2026\/02\/animator-zlobek_750x200-410x109.webp 410w\" sizes=\"(max-width: 750px) 100vw, 750px\" class=\"no-lazyload\" width=\"750\" height=\"200\"  style=\"display: inline-block; max-width: 100%; height: auto;\" \/><\/a><\/div><\/div>\n<p>W ko\u0144c\u00f3wce spotkania Piast pr\u00f3bowa\u0142 przechyli\u0107 szale zwyci\u0119stwa na swoj\u0105 korzy\u015b\u0107, ale strza\u0142y <strong>Sasy Ziveca<\/strong> i <strong>Denisa Gojko<\/strong> nie znalaz\u0142y drogi do bramki \u0141ukasza Za\u0142uski. Co nie uda\u0142o si\u0119 Niebiesko-Czerwonym, uda\u0142o si\u0119 Portowcom, kt\u00f3rzy w doliczonym czasie gry strzelili decyduj\u0105cego gola.<\/p>\n<p>Mecz zosta\u0142 rozegrany na Stadionie Miejskim w Gliwicach. Na trybunach pojawi\u0142o si\u0119 4555 widz\u00f3w.<\/p>\n<h5>Piast Gliwice &#8211; Pogo\u0144 Szczecin 1-2 (0-0)<\/h5>\n<p>0-1 &#8211; Formella, 75 min.<br \/>\n1-1 &#8211; Papadopulos, 78 min.<br \/>\n1-2 &#8211; Rudol, 90+2 min.<\/p>\n<p>Biuro Prasowe<br \/>\nGKS Piast SA<\/p>\n<div class=\"gliwi-a5-na-koncu-artykulow gliwi-entity-placement\" id=\"gliwi-3331704128\"><div class=\"gliwi-adlabel\"><span style=\"font-size: 9px\">REKLAMA<\/span><\/div><div id=\"gliwi-1158418077\" style=\"margin-left: auto;margin-right: auto;text-align: center;\"><a data-no-instant=\"1\" href=\"https:\/\/www.jasek.pl\/\" rel=\"noopener\" class=\"a2t-link\" target=\"_blank\" aria-label=\"20200401-jasek 600\"><img loading=\"lazy\" decoding=\"async\" src=\"https:\/\/www.24gliwice.pl\/wiadomosci\/wp-content\/uploads\/2020\/04\/20200401-jasek-600.jpg\" alt=\"\"  srcset=\"https:\/\/www.24gliwice.pl\/wiadomosci\/wp-content\/uploads\/2020\/04\/20200401-jasek-600.jpg 600w, https:\/\/www.24gliwice.pl\/wiadomosci\/wp-content\/uploads\/2020\/04\/20200401-jasek-600-410x109.jpg 410w\" sizes=\"(max-width: 600px) 100vw, 600px\" class=\"no-lazyload\" width=\"600\" height=\"160\"  style=\"display: inline-block; max-width: 100%; height: auto;\" \/><\/a><\/div><\/div>","protected":false},"excerpt":{"rendered":"<p>W meczu 2. kolejki LOTTO Ekstraklasy Piast Gliwice przegra\u0142 przed w\u0142asn\u0105 publiczno\u015bci\u0105 z Pogoni\u0105 Szczecin 1-2 (0-0). Jedyn\u0105 bramk\u0119 dla Niebiesko-Czerwonych zdoby\u0142 Michal Papadopulos. Od pocz\u0105tku meczu sytuacj\u0119 na boisku kontrolowa\u0142 Piast. Niebiesko-Czerwoni d\u0142u\u017cej utrzymywali si\u0119 przy pi\u0142ce, ale nie potrafili sobie stworzy\u0107 klarownej okazji do oddania strza\u0142u. Najgro\u017aniej w polu karnym Pogoni by\u0142o w [&hellip;]<\/p>\n","protected":false},"author":4,"featured_media":102200,"comment_status":"open","ping_status":"closed","sticky":false,"template":"","format":"standard","meta":{"_monsterinsights_skip_tracking":false,"_monsterinsights_sitenote_active":false,"_monsterinsights_sitenote_note":"","_monsterinsights_sitenote_category":0,"footnotes":"","_links_to":"","_links_to_target":""},"categories":[3,1,23842],"tags":[9866,8186,74,9865],"class_list":["post-102198","post","type-post","status-publish","format-standard","has-post-thumbnail","hentry","category-gliwice","category-wszystko","category-sport_gliwice","tag-ektraklasa","tag-mecz","tag-piast-gliwice","tag-pogon-szczecin"],"yoast_head":"<!-- This site is optimized with the Yoast SEO plugin v27.5 - https:\/\/yoast.com\/product\/yoast-seo-wordpress\/ -->\n<title>Bez sukcesu z Pogoni\u0105. Piast traci punkt w ostatnich minutach meczu - 24GLIWICE - Portal Gliwice | codziennie nowe informacje<\/title>\n<meta name=\"robots\" content=\"index, follow, max-snippet:-1, max-image-preview:large, max-video-preview:-1\" \/>\n<link rel=\"canonical\" href=\"https:\/\/www.24gliwice.pl\/wiadomosci\/bez-sukcesu-z-pogonia-piast-traci-punkt-w-ostatnich-minutach-meczu\/\" \/>\n<meta property=\"og:locale\" content=\"pl_PL\" \/>\n<meta property=\"og:type\" content=\"article\" \/>\n<meta property=\"og:title\" content=\"Bez sukcesu z Pogoni\u0105. Piast traci punkt w ostatnich minutach meczu - 24GLIWICE - Portal Gliwice | codziennie nowe informacje\" \/>\n<meta property=\"og:description\" content=\"W meczu 2. kolejki LOTTO Ekstraklasy Piast Gliwice przegra\u0142 przed w\u0142asn\u0105 publiczno\u015bci\u0105 z Pogoni\u0105 Szczecin 1-2 (0-0). Jedyn\u0105 bramk\u0119 dla Niebiesko-Czerwonych zdoby\u0142 Michal Papadopulos. Od pocz\u0105tku meczu sytuacj\u0119 na boisku kontrolowa\u0142 Piast. Niebiesko-Czerwoni d\u0142u\u017cej utrzymywali si\u0119 przy pi\u0142ce, ale nie potrafili sobie stworzy\u0107 klarownej okazji do oddania strza\u0142u. Najgro\u017aniej w polu karnym Pogoni by\u0142o w [&hellip;]\" \/>\n<meta property=\"og:url\" content=\"https:\/\/www.24gliwice.pl\/wiadomosci\/bez-sukcesu-z-pogonia-piast-traci-punkt-w-ostatnich-minutach-meczu\/\" \/>\n<meta property=\"og:site_name\" content=\"24GLIWICE - Portal Gliwice | codziennie nowe informacje\" \/>\n<meta property=\"article:publisher\" content=\"https:\/\/www.facebook.com\/24gliwice\" \/>\n<meta property=\"article:author\" content=\"https:\/\/www.facebook.com\/marcin.fabrykowski\" \/>\n<meta property=\"article:published_time\" content=\"2017-07-22T15:39:28+00:00\" \/>\n<meta property=\"article:modified_time\" content=\"2024-08-20T00:01:57+00:00\" \/>\n<meta property=\"og:image\" content=\"https:\/\/www.24gliwice.pl\/wiadomosci\/wp-content\/uploads\/2017\/07\/Screenshot_85.jpg\" \/>\n\t<meta property=\"og:image:width\" content=\"832\" \/>\n\t<meta property=\"og:image:height\" content=\"493\" \/>\n\t<meta property=\"og:image:type\" content=\"image\/jpeg\" \/>\n<meta name=\"author\" content=\"Marcin Fabrykowski\" \/>\n<meta name=\"twitter:card\" content=\"summary_large_image\" \/>\n<meta name=\"twitter:creator\" content=\"@24gliwice\" \/>\n<meta name=\"twitter:site\" content=\"@24gliwice\" \/>\n<meta name=\"twitter:label1\" content=\"Napisane przez\" \/>\n\t<meta name=\"twitter:data1\" content=\"Marcin Fabrykowski\" \/>\n\t<meta name=\"twitter:label2\" content=\"Szacowany czas czytania\" \/>\n\t<meta name=\"twitter:data2\" content=\"1 minuta\" \/>\n<script type=\"application\/ld+json\" class=\"yoast-schema-graph\">{\"@context\":\"https:\\\/\\\/schema.org\",\"@graph\":[{\"@type\":\"Article\",\"@id\":\"https:\\\/\\\/www.24gliwice.pl\\\/wiadomosci\\\/bez-sukcesu-z-pogonia-piast-traci-punkt-w-ostatnich-minutach-meczu\\\/#article\",\"isPartOf\":{\"@id\":\"https:\\\/\\\/www.24gliwice.pl\\\/wiadomosci\\\/bez-sukcesu-z-pogonia-piast-traci-punkt-w-ostatnich-minutach-meczu\\\/\"},\"author\":{\"name\":\"Marcin Fabrykowski\",\"@id\":\"https:\\\/\\\/www.24gliwice.pl\\\/wiadomosci\\\/#\\\/schema\\\/person\\\/cb5857e4a4d048c15984c1edcc8ef0c0\"},\"headline\":\"Bez sukcesu z Pogoni\u0105. Piast traci punkt w ostatnich minutach meczu\",\"datePublished\":\"2017-07-22T15:39:28+00:00\",\"dateModified\":\"2024-08-20T00:01:57+00:00\",\"mainEntityOfPage\":{\"@id\":\"https:\\\/\\\/www.24gliwice.pl\\\/wiadomosci\\\/bez-sukcesu-z-pogonia-piast-traci-punkt-w-ostatnich-minutach-meczu\\\/\"},\"wordCount\":265,\"commentCount\":0,\"publisher\":{\"@id\":\"https:\\\/\\\/www.24gliwice.pl\\\/wiadomosci\\\/#organization\"},\"image\":{\"@id\":\"https:\\\/\\\/www.24gliwice.pl\\\/wiadomosci\\\/bez-sukcesu-z-pogonia-piast-traci-punkt-w-ostatnich-minutach-meczu\\\/#primaryimage\"},\"thumbnailUrl\":\"https:\\\/\\\/www.24gliwice.pl\\\/wiadomosci\\\/wp-content\\\/uploads\\\/2017\\\/07\\\/Screenshot_85.jpg\",\"keywords\":[\"ektraklasa\",\"MECZ\",\"PIAST GLIWICE\",\"pogo\u0144 szczecin\"],\"articleSection\":[\"Gliwice\",\"Najnowsze wiadomo\u015bci\",\"Sport\"],\"inLanguage\":\"pl-PL\",\"potentialAction\":[{\"@type\":\"CommentAction\",\"name\":\"Comment\",\"target\":[\"https:\\\/\\\/www.24gliwice.pl\\\/wiadomosci\\\/bez-sukcesu-z-pogonia-piast-traci-punkt-w-ostatnich-minutach-meczu\\\/#respond\"]}]},{\"@type\":\"WebPage\",\"@id\":\"https:\\\/\\\/www.24gliwice.pl\\\/wiadomosci\\\/bez-sukcesu-z-pogonia-piast-traci-punkt-w-ostatnich-minutach-meczu\\\/\",\"url\":\"https:\\\/\\\/www.24gliwice.pl\\\/wiadomosci\\\/bez-sukcesu-z-pogonia-piast-traci-punkt-w-ostatnich-minutach-meczu\\\/\",\"name\":\"Bez sukcesu z Pogoni\u0105. Piast traci punkt w ostatnich minutach meczu - 24GLIWICE - Portal Gliwice | codziennie nowe informacje\",\"isPartOf\":{\"@id\":\"https:\\\/\\\/www.24gliwice.pl\\\/wiadomosci\\\/#website\"},\"primaryImageOfPage\":{\"@id\":\"https:\\\/\\\/www.24gliwice.pl\\\/wiadomosci\\\/bez-sukcesu-z-pogonia-piast-traci-punkt-w-ostatnich-minutach-meczu\\\/#primaryimage\"},\"image\":{\"@id\":\"https:\\\/\\\/www.24gliwice.pl\\\/wiadomosci\\\/bez-sukcesu-z-pogonia-piast-traci-punkt-w-ostatnich-minutach-meczu\\\/#primaryimage\"},\"thumbnailUrl\":\"https:\\\/\\\/www.24gliwice.pl\\\/wiadomosci\\\/wp-content\\\/uploads\\\/2017\\\/07\\\/Screenshot_85.jpg\",\"datePublished\":\"2017-07-22T15:39:28+00:00\",\"dateModified\":\"2024-08-20T00:01:57+00:00\",\"breadcrumb\":{\"@id\":\"https:\\\/\\\/www.24gliwice.pl\\\/wiadomosci\\\/bez-sukcesu-z-pogonia-piast-traci-punkt-w-ostatnich-minutach-meczu\\\/#breadcrumb\"},\"inLanguage\":\"pl-PL\",\"potentialAction\":[{\"@type\":\"ReadAction\",\"target\":[\"https:\\\/\\\/www.24gliwice.pl\\\/wiadomosci\\\/bez-sukcesu-z-pogonia-piast-traci-punkt-w-ostatnich-minutach-meczu\\\/\"]}]},{\"@type\":\"ImageObject\",\"inLanguage\":\"pl-PL\",\"@id\":\"https:\\\/\\\/www.24gliwice.pl\\\/wiadomosci\\\/bez-sukcesu-z-pogonia-piast-traci-punkt-w-ostatnich-minutach-meczu\\\/#primaryimage\",\"url\":\"https:\\\/\\\/www.24gliwice.pl\\\/wiadomosci\\\/wp-content\\\/uploads\\\/2017\\\/07\\\/Screenshot_85.jpg\",\"contentUrl\":\"https:\\\/\\\/www.24gliwice.pl\\\/wiadomosci\\\/wp-content\\\/uploads\\\/2017\\\/07\\\/Screenshot_85.jpg\",\"width\":832,\"height\":493},{\"@type\":\"BreadcrumbList\",\"@id\":\"https:\\\/\\\/www.24gliwice.pl\\\/wiadomosci\\\/bez-sukcesu-z-pogonia-piast-traci-punkt-w-ostatnich-minutach-meczu\\\/#breadcrumb\",\"itemListElement\":[{\"@type\":\"ListItem\",\"position\":1,\"name\":\"Strona g\u0142\u00f3wna\",\"item\":\"https:\\\/\\\/www.24gliwice.pl\\\/wiadomosci\\\/\"},{\"@type\":\"ListItem\",\"position\":2,\"name\":\"Bez sukcesu z Pogoni\u0105. Piast traci punkt w ostatnich minutach meczu\"}]},{\"@type\":\"WebSite\",\"@id\":\"https:\\\/\\\/www.24gliwice.pl\\\/wiadomosci\\\/#website\",\"url\":\"https:\\\/\\\/www.24gliwice.pl\\\/wiadomosci\\\/\",\"name\":\"24GLIWICE - Portal Gliwice | codziennie nowe wiadomo\u015bci\",\"description\":\"Portal Miejski Gliwice\",\"publisher\":{\"@id\":\"https:\\\/\\\/www.24gliwice.pl\\\/wiadomosci\\\/#organization\"},\"potentialAction\":[{\"@type\":\"SearchAction\",\"target\":{\"@type\":\"EntryPoint\",\"urlTemplate\":\"https:\\\/\\\/www.24gliwice.pl\\\/wiadomosci\\\/?s={search_term_string}\"},\"query-input\":{\"@type\":\"PropertyValueSpecification\",\"valueRequired\":true,\"valueName\":\"search_term_string\"}}],\"inLanguage\":\"pl-PL\"},{\"@type\":\"Organization\",\"@id\":\"https:\\\/\\\/www.24gliwice.pl\\\/wiadomosci\\\/#organization\",\"name\":\"24gliwice\",\"url\":\"https:\\\/\\\/www.24gliwice.pl\\\/wiadomosci\\\/\",\"logo\":{\"@type\":\"ImageObject\",\"inLanguage\":\"pl-PL\",\"@id\":\"https:\\\/\\\/www.24gliwice.pl\\\/wiadomosci\\\/#\\\/schema\\\/logo\\\/image\\\/\",\"url\":\"https:\\\/\\\/www.24gliwice.pl\\\/wiadomosci\\\/wp-content\\\/uploads\\\/2024\\\/10\\\/24gliwice-logo-696.jpg\",\"contentUrl\":\"https:\\\/\\\/www.24gliwice.pl\\\/wiadomosci\\\/wp-content\\\/uploads\\\/2024\\\/10\\\/24gliwice-logo-696.jpg\",\"width\":696,\"height\":696,\"caption\":\"24gliwice\"},\"image\":{\"@id\":\"https:\\\/\\\/www.24gliwice.pl\\\/wiadomosci\\\/#\\\/schema\\\/logo\\\/image\\\/\"},\"sameAs\":[\"https:\\\/\\\/www.facebook.com\\\/24gliwice\",\"https:\\\/\\\/x.com\\\/24gliwice\",\"https:\\\/\\\/www.youtube.com\\\/@24gliwice\"]},{\"@type\":\"Person\",\"@id\":\"https:\\\/\\\/www.24gliwice.pl\\\/wiadomosci\\\/#\\\/schema\\\/person\\\/cb5857e4a4d048c15984c1edcc8ef0c0\",\"name\":\"Marcin Fabrykowski\",\"image\":{\"@type\":\"ImageObject\",\"inLanguage\":\"pl-PL\",\"@id\":\"https:\\\/\\\/www.24gliwice.pl\\\/wiadomosci\\\/wp-content\\\/uploads\\\/2025\\\/11\\\/zdjecie-moje-marcin-300-96x96.jpg\",\"url\":\"https:\\\/\\\/www.24gliwice.pl\\\/wiadomosci\\\/wp-content\\\/uploads\\\/2025\\\/11\\\/zdjecie-moje-marcin-300-96x96.jpg\",\"contentUrl\":\"https:\\\/\\\/www.24gliwice.pl\\\/wiadomosci\\\/wp-content\\\/uploads\\\/2025\\\/11\\\/zdjecie-moje-marcin-300-96x96.jpg\",\"caption\":\"Marcin Fabrykowski\"},\"sameAs\":[\"http:\\\/\\\/24gliwice.pl\",\"https:\\\/\\\/www.facebook.com\\\/marcin.fabrykowski\"],\"url\":\"https:\\\/\\\/www.24gliwice.pl\\\/wiadomosci\\\/author\\\/marcin-fabrykowski\\\/\"}]}<\/script>\n<!-- \/ Yoast SEO plugin. -->","yoast_head_json":{"title":"Bez sukcesu z Pogoni\u0105. Piast traci punkt w ostatnich minutach meczu - 24GLIWICE - Portal Gliwice | codziennie nowe informacje","robots":{"index":"index","follow":"follow","max-snippet":"max-snippet:-1","max-image-preview":"max-image-preview:large","max-video-preview":"max-video-preview:-1"},"canonical":"https:\/\/www.24gliwice.pl\/wiadomosci\/bez-sukcesu-z-pogonia-piast-traci-punkt-w-ostatnich-minutach-meczu\/","og_locale":"pl_PL","og_type":"article","og_title":"Bez sukcesu z Pogoni\u0105. Piast traci punkt w ostatnich minutach meczu - 24GLIWICE - Portal Gliwice | codziennie nowe informacje","og_description":"W meczu 2. kolejki LOTTO Ekstraklasy Piast Gliwice przegra\u0142 przed w\u0142asn\u0105 publiczno\u015bci\u0105 z Pogoni\u0105 Szczecin 1-2 (0-0). Jedyn\u0105 bramk\u0119 dla Niebiesko-Czerwonych zdoby\u0142 Michal Papadopulos. Od pocz\u0105tku meczu sytuacj\u0119 na boisku kontrolowa\u0142 Piast. Niebiesko-Czerwoni d\u0142u\u017cej utrzymywali si\u0119 przy pi\u0142ce, ale nie potrafili sobie stworzy\u0107 klarownej okazji do oddania strza\u0142u. Najgro\u017aniej w polu karnym Pogoni by\u0142o w [&hellip;]","og_url":"https:\/\/www.24gliwice.pl\/wiadomosci\/bez-sukcesu-z-pogonia-piast-traci-punkt-w-ostatnich-minutach-meczu\/","og_site_name":"24GLIWICE - Portal Gliwice | codziennie nowe informacje","article_publisher":"https:\/\/www.facebook.com\/24gliwice","article_author":"https:\/\/www.facebook.com\/marcin.fabrykowski","article_published_time":"2017-07-22T15:39:28+00:00","article_modified_time":"2024-08-20T00:01:57+00:00","og_image":[{"width":832,"height":493,"url":"https:\/\/www.24gliwice.pl\/wiadomosci\/wp-content\/uploads\/2017\/07\/Screenshot_85.jpg","type":"image\/jpeg"}],"author":"Marcin Fabrykowski","twitter_card":"summary_large_image","twitter_creator":"@24gliwice","twitter_site":"@24gliwice","twitter_misc":{"Napisane przez":"Marcin Fabrykowski","Szacowany czas czytania":"1 minuta"},"schema":{"@context":"https:\/\/schema.org","@graph":[{"@type":"Article","@id":"https:\/\/www.24gliwice.pl\/wiadomosci\/bez-sukcesu-z-pogonia-piast-traci-punkt-w-ostatnich-minutach-meczu\/#article","isPartOf":{"@id":"https:\/\/www.24gliwice.pl\/wiadomosci\/bez-sukcesu-z-pogonia-piast-traci-punkt-w-ostatnich-minutach-meczu\/"},"author":{"name":"Marcin Fabrykowski","@id":"https:\/\/www.24gliwice.pl\/wiadomosci\/#\/schema\/person\/cb5857e4a4d048c15984c1edcc8ef0c0"},"headline":"Bez sukcesu z Pogoni\u0105. Piast traci punkt w ostatnich minutach meczu","datePublished":"2017-07-22T15:39:28+00:00","dateModified":"2024-08-20T00:01:57+00:00","mainEntityOfPage":{"@id":"https:\/\/www.24gliwice.pl\/wiadomosci\/bez-sukcesu-z-pogonia-piast-traci-punkt-w-ostatnich-minutach-meczu\/"},"wordCount":265,"commentCount":0,"publisher":{"@id":"https:\/\/www.24gliwice.pl\/wiadomosci\/#organization"},"image":{"@id":"https:\/\/www.24gliwice.pl\/wiadomosci\/bez-sukcesu-z-pogonia-piast-traci-punkt-w-ostatnich-minutach-meczu\/#primaryimage"},"thumbnailUrl":"https:\/\/www.24gliwice.pl\/wiadomosci\/wp-content\/uploads\/2017\/07\/Screenshot_85.jpg","keywords":["ektraklasa","MECZ","PIAST GLIWICE","pogo\u0144 szczecin"],"articleSection":["Gliwice","Najnowsze wiadomo\u015bci","Sport"],"inLanguage":"pl-PL","potentialAction":[{"@type":"CommentAction","name":"Comment","target":["https:\/\/www.24gliwice.pl\/wiadomosci\/bez-sukcesu-z-pogonia-piast-traci-punkt-w-ostatnich-minutach-meczu\/#respond"]}]},{"@type":"WebPage","@id":"https:\/\/www.24gliwice.pl\/wiadomosci\/bez-sukcesu-z-pogonia-piast-traci-punkt-w-ostatnich-minutach-meczu\/","url":"https:\/\/www.24gliwice.pl\/wiadomosci\/bez-sukcesu-z-pogonia-piast-traci-punkt-w-ostatnich-minutach-meczu\/","name":"Bez sukcesu z Pogoni\u0105. Piast traci punkt w ostatnich minutach meczu - 24GLIWICE - Portal Gliwice | codziennie nowe informacje","isPartOf":{"@id":"https:\/\/www.24gliwice.pl\/wiadomosci\/#website"},"primaryImageOfPage":{"@id":"https:\/\/www.24gliwice.pl\/wiadomosci\/bez-sukcesu-z-pogonia-piast-traci-punkt-w-ostatnich-minutach-meczu\/#primaryimage"},"image":{"@id":"https:\/\/www.24gliwice.pl\/wiadomosci\/bez-sukcesu-z-pogonia-piast-traci-punkt-w-ostatnich-minutach-meczu\/#primaryimage"},"thumbnailUrl":"https:\/\/www.24gliwice.pl\/wiadomosci\/wp-content\/uploads\/2017\/07\/Screenshot_85.jpg","datePublished":"2017-07-22T15:39:28+00:00","dateModified":"2024-08-20T00:01:57+00:00","breadcrumb":{"@id":"https:\/\/www.24gliwice.pl\/wiadomosci\/bez-sukcesu-z-pogonia-piast-traci-punkt-w-ostatnich-minutach-meczu\/#breadcrumb"},"inLanguage":"pl-PL","potentialAction":[{"@type":"ReadAction","target":["https:\/\/www.24gliwice.pl\/wiadomosci\/bez-sukcesu-z-pogonia-piast-traci-punkt-w-ostatnich-minutach-meczu\/"]}]},{"@type":"ImageObject","inLanguage":"pl-PL","@id":"https:\/\/www.24gliwice.pl\/wiadomosci\/bez-sukcesu-z-pogonia-piast-traci-punkt-w-ostatnich-minutach-meczu\/#primaryimage","url":"https:\/\/www.24gliwice.pl\/wiadomosci\/wp-content\/uploads\/2017\/07\/Screenshot_85.jpg","contentUrl":"https:\/\/www.24gliwice.pl\/wiadomosci\/wp-content\/uploads\/2017\/07\/Screenshot_85.jpg","width":832,"height":493},{"@type":"BreadcrumbList","@id":"https:\/\/www.24gliwice.pl\/wiadomosci\/bez-sukcesu-z-pogonia-piast-traci-punkt-w-ostatnich-minutach-meczu\/#breadcrumb","itemListElement":[{"@type":"ListItem","position":1,"name":"Strona g\u0142\u00f3wna","item":"https:\/\/www.24gliwice.pl\/wiadomosci\/"},{"@type":"ListItem","position":2,"name":"Bez sukcesu z Pogoni\u0105. Piast traci punkt w ostatnich minutach meczu"}]},{"@type":"WebSite","@id":"https:\/\/www.24gliwice.pl\/wiadomosci\/#website","url":"https:\/\/www.24gliwice.pl\/wiadomosci\/","name":"24GLIWICE - Portal Gliwice | codziennie nowe wiadomo\u015bci","description":"Portal Miejski Gliwice","publisher":{"@id":"https:\/\/www.24gliwice.pl\/wiadomosci\/#organization"},"potentialAction":[{"@type":"SearchAction","target":{"@type":"EntryPoint","urlTemplate":"https:\/\/www.24gliwice.pl\/wiadomosci\/?s={search_term_string}"},"query-input":{"@type":"PropertyValueSpecification","valueRequired":true,"valueName":"search_term_string"}}],"inLanguage":"pl-PL"},{"@type":"Organization","@id":"https:\/\/www.24gliwice.pl\/wiadomosci\/#organization","name":"24gliwice","url":"https:\/\/www.24gliwice.pl\/wiadomosci\/","logo":{"@type":"ImageObject","inLanguage":"pl-PL","@id":"https:\/\/www.24gliwice.pl\/wiadomosci\/#\/schema\/logo\/image\/","url":"https:\/\/www.24gliwice.pl\/wiadomosci\/wp-content\/uploads\/2024\/10\/24gliwice-logo-696.jpg","contentUrl":"https:\/\/www.24gliwice.pl\/wiadomosci\/wp-content\/uploads\/2024\/10\/24gliwice-logo-696.jpg","width":696,"height":696,"caption":"24gliwice"},"image":{"@id":"https:\/\/www.24gliwice.pl\/wiadomosci\/#\/schema\/logo\/image\/"},"sameAs":["https:\/\/www.facebook.com\/24gliwice","https:\/\/x.com\/24gliwice","https:\/\/www.youtube.com\/@24gliwice"]},{"@type":"Person","@id":"https:\/\/www.24gliwice.pl\/wiadomosci\/#\/schema\/person\/cb5857e4a4d048c15984c1edcc8ef0c0","name":"Marcin Fabrykowski","image":{"@type":"ImageObject","inLanguage":"pl-PL","@id":"https:\/\/www.24gliwice.pl\/wiadomosci\/wp-content\/uploads\/2025\/11\/zdjecie-moje-marcin-300-96x96.jpg","url":"https:\/\/www.24gliwice.pl\/wiadomosci\/wp-content\/uploads\/2025\/11\/zdjecie-moje-marcin-300-96x96.jpg","contentUrl":"https:\/\/www.24gliwice.pl\/wiadomosci\/wp-content\/uploads\/2025\/11\/zdjecie-moje-marcin-300-96x96.jpg","caption":"Marcin Fabrykowski"},"sameAs":["http:\/\/24gliwice.pl","https:\/\/www.facebook.com\/marcin.fabrykowski"],"url":"https:\/\/www.24gliwice.pl\/wiadomosci\/author\/marcin-fabrykowski\/"}]}},"_links":{"self":[{"href":"https:\/\/www.24gliwice.pl\/wiadomosci\/wp-json\/wp\/v2\/posts\/102198","targetHints":{"allow":["GET"]}}],"collection":[{"href":"https:\/\/www.24gliwice.pl\/wiadomosci\/wp-json\/wp\/v2\/posts"}],"about":[{"href":"https:\/\/www.24gliwice.pl\/wiadomosci\/wp-json\/wp\/v2\/types\/post"}],"author":[{"embeddable":true,"href":"https:\/\/www.24gliwice.pl\/wiadomosci\/wp-json\/wp\/v2\/users\/4"}],"replies":[{"embeddable":true,"href":"https:\/\/www.24gliwice.pl\/wiadomosci\/wp-json\/wp\/v2\/comments?post=102198"}],"version-history":[{"count":0,"href":"https:\/\/www.24gliwice.pl\/wiadomosci\/wp-json\/wp\/v2\/posts\/102198\/revisions"}],"wp:featuredmedia":[{"embeddable":true,"href":"https:\/\/www.24gliwice.pl\/wiadomosci\/wp-json\/wp\/v2\/media\/102200"}],"wp:attachment":[{"href":"https:\/\/www.24gliwice.pl\/wiadomosci\/wp-json\/wp\/v2\/media?parent=102198"}],"wp:term":[{"taxonomy":"category","embeddable":true,"href":"https:\/\/www.24gliwice.pl\/wiadomosci\/wp-json\/wp\/v2\/categories?post=102198"},{"taxonomy":"post_tag","embeddable":true,"href":"https:\/\/www.24gliwice.pl\/wiadomosci\/wp-json\/wp\/v2\/tags?post=102198"}],"curies":[{"name":"wp","href":"https:\/\/api.w.org\/{rel}","templated":true}]}}