{"id":102274,"date":"2017-07-25T14:29:44","date_gmt":"2017-07-25T12:29:44","guid":{"rendered":"http:\/\/www.24gliwice.pl\/wiadomosci\/?p=102274"},"modified":"2017-07-25T14:37:42","modified_gmt":"2017-07-25T12:37:42","slug":"pozar-mieszkania-w-kamienicy-przy-ulicy-opolskiej-na-miejscu-6-zastepow-strazy-pozarnej","status":"publish","type":"post","link":"https:\/\/www.24gliwice.pl\/wiadomosci\/pozar-mieszkania-w-kamienicy-przy-ulicy-opolskiej-na-miejscu-6-zastepow-strazy-pozarnej\/","title":{"rendered":"Po\u017car mieszkania w kamienicy przy ulicy Opolskiej. Na miejscu 6 zast\u0119p\u00f3w stra\u017cy po\u017carnej"},"content":{"rendered":"<div class=\"gliwi-a6-nad-leadem-artykulow gliwi-entity-placement\" id=\"gliwi-1612651628\"><div class=\"gliwi-adlabel\"><span style=\"font-size: 9px\">REKLAMA<\/span><\/div><div id=\"gliwi-2142673591\" style=\"margin-bottom: 25px;margin-left: auto;margin-right: auto;text-align: center;\"><a data-no-instant=\"1\" href=\"https:\/\/dom100.eu\/\" rel=\"noopener\" class=\"a2t-link\" target=\"_blank\" aria-label=\"20260415 DOM100 D\"><img loading=\"lazy\" decoding=\"async\" src=\"https:\/\/www.24gliwice.pl\/wiadomosci\/wp-content\/uploads\/2026\/04\/20260415-DOM100-D.jpg\" alt=\"\"  srcset=\"https:\/\/www.24gliwice.pl\/wiadomosci\/wp-content\/uploads\/2026\/04\/20260415-DOM100-D.jpg 750w, https:\/\/www.24gliwice.pl\/wiadomosci\/wp-content\/uploads\/2026\/04\/20260415-DOM100-D-410x109.jpg 410w\" sizes=\"(max-width: 750px) 100vw, 750px\" class=\"no-lazyload\" width=\"750\" height=\"200\"  style=\"display: inline-block; max-width: 100%; height: auto;\" \/><\/a><\/div><\/div><h3>Oko\u0142o godziny 12:00 we wtorek dosz\u0142o do po\u017caru mieszkania, kt\u00f3rego przyczyny nie s\u0105 jeszcze znane. Nikt nie odni\u00f3s\u0142 obra\u017ce\u0144.<\/h3>\n<p>Przy gaszenia po\u017caru pracowa\u0142o 6 zast\u0119p\u00f3w stra\u017cy po\u017carnej, \u0142\u0105cznie 23 stra\u017cak\u00f3w. Mieszka\u0144cy kamienicy zd\u0105\u017cyli si\u0119 ewakuowa\u0107 jeszcze przed dotarciem na miejsce s\u0142u\u017cb ratunkowych. Spaleniu uleg\u0142 lokal na pierwszym pi\u0119trze zamieszkiwany przez dwie kobiety.<\/p>\n<p>Po ugaszeniu po\u017caru, w okolicy godziny 13:00 do kamienicy weszli przedstawiciele administracji, kt\u00f3rzy maj\u0105 sprawdzi\u0107, jaki jest stan techniczny budynku.<\/p><div class=\"gliwi-a3-w-tresci-artykulow gliwi-entity-placement\" id=\"gliwi-959466686\"><div class=\"gliwi-adlabel\"><span style=\"font-size: 9px\">REKLAMA<\/span><\/div><div id=\"gliwi-2705653854\" style=\"margin-bottom: 30px;margin-left: auto;margin-right: auto;text-align: center;\"><a data-no-instant=\"1\" href=\"https:\/\/zlobek.halogen.org.pl\/\" rel=\"noopener\" class=\"a2t-link\" target=\"_blank\" aria-label=\"animator-zlobek_750x200\"><img loading=\"lazy\" decoding=\"async\" src=\"https:\/\/www.24gliwice.pl\/wiadomosci\/wp-content\/uploads\/2026\/02\/animator-zlobek_750x200.webp\" alt=\"\"  srcset=\"https:\/\/www.24gliwice.pl\/wiadomosci\/wp-content\/uploads\/2026\/02\/animator-zlobek_750x200.webp 750w, https:\/\/www.24gliwice.pl\/wiadomosci\/wp-content\/uploads\/2026\/02\/animator-zlobek_750x200-410x109.webp 410w\" sizes=\"(max-width: 750px) 100vw, 750px\" class=\"no-lazyload\" width=\"750\" height=\"200\"  style=\"display: inline-block; max-width: 100%; height: auto;\" \/><\/a><\/div><\/div>\n<p>Na miejsce zosta\u0142a wezwana r\u00f3wnie\u017c karetka pogotowia celem udzielenia pomocy mieszkankom lokalu, kt\u00f3re przyby\u0142y tam po otrzymaniu informacji o po\u017carze. Interwencja medyczna okaza\u0142a si\u0119 jednak zb\u0119dna.<\/p>\n<p>Stra\u017c po\u017carna jest w trakcie ustalania przyczyn zapalenia si\u0119 mieszkania.<\/p>\n<div id='gallery-1' class='vce-gallery gallery galleryid-102274 gallery-columns-3 gallery-size-vce-lay-b'><div class=\"vce-gallery-big\"><div class=\"big-gallery-item item-0\" >\n\t\t\t<div class='gallery-icon'>\n\t\t\t\t<a href='https:\/\/www.24gliwice.pl\/wiadomosci\/wp-content\/uploads\/2017\/07\/pozar-opolska.jpg'><img loading=\"lazy\" decoding=\"async\" width=\"810\" height=\"455\" src=\"https:\/\/www.24gliwice.pl\/wiadomosci\/wp-content\/uploads\/2017\/07\/pozar-opolska-810x455.jpg\" class=\"attachment-vce-lay-a size-vce-lay-a\" alt=\"\" srcset=\"https:\/\/www.24gliwice.pl\/wiadomosci\/wp-content\/uploads\/2017\/07\/pozar-opolska-810x455.jpg 810w, https:\/\/www.24gliwice.pl\/wiadomosci\/wp-content\/uploads\/2017\/07\/pozar-opolska-410x230.jpg 410w, https:\/\/www.24gliwice.pl\/wiadomosci\/wp-content\/uploads\/2017\/07\/pozar-opolska-768x431.jpg 768w, https:\/\/www.24gliwice.pl\/wiadomosci\/wp-content\/uploads\/2017\/07\/pozar-opolska-1140x640.jpg 1140w, https:\/\/www.24gliwice.pl\/wiadomosci\/wp-content\/uploads\/2017\/07\/pozar-opolska.jpg 1200w\" sizes=\"auto, (max-width: 810px) 100vw, 810px\" \/><\/a>\n\t\t\t<\/div>\n\t\t\t\t<figcaption class='wp-caption-text gallery-caption'>\n\t\t\t\tfot. Czytelnik (J.K.)\n\t\t\t\t<\/figcaption><\/div><div class=\"big-gallery-item item-1\" style=\"display:none;\">\n\t\t\t<div class='gallery-icon'>\n\t\t\t\t<a href='https:\/\/www.24gliwice.pl\/wiadomosci\/wp-content\/uploads\/2017\/07\/po\u017car-opolska6-e1500982611168.jpg'><img loading=\"lazy\" decoding=\"async\" width=\"810\" height=\"456\" src=\"https:\/\/www.24gliwice.pl\/wiadomosci\/wp-content\/uploads\/2017\/07\/po\u017car-opolska6-810x456.jpg\" class=\"attachment-vce-lay-a size-vce-lay-a\" alt=\"\" srcset=\"https:\/\/www.24gliwice.pl\/wiadomosci\/wp-content\/uploads\/2017\/07\/po\u017car-opolska6-810x456.jpg 810w, https:\/\/www.24gliwice.pl\/wiadomosci\/wp-content\/uploads\/2017\/07\/po\u017car-opolska6-410x232.jpg 410w, https:\/\/www.24gliwice.pl\/wiadomosci\/wp-content\/uploads\/2017\/07\/po\u017car-opolska6-768x432.jpg 768w, https:\/\/www.24gliwice.pl\/wiadomosci\/wp-content\/uploads\/2017\/07\/po\u017car-opolska6-1140x641.jpg 1140w, https:\/\/www.24gliwice.pl\/wiadomosci\/wp-content\/uploads\/2017\/07\/po\u017car-opolska6-e1500982611168.jpg 1200w\" sizes=\"auto, (max-width: 810px) 100vw, 810px\" \/><\/a>\n\t\t\t<\/div>\n\t\t\t\t<figcaption class='wp-caption-text gallery-caption'>\n\t\t\t\tARCH. 24gliwice.pl\/\u0141G\/ZDJ\u0118CIE POGL\u0104DOWE\n\t\t\t\t<\/figcaption><\/div><div class=\"big-gallery-item item-2\" style=\"display:none;\">\n\t\t\t<div class='gallery-icon'>\n\t\t\t\t<a href='https:\/\/www.24gliwice.pl\/wiadomosci\/wp-content\/uploads\/2017\/07\/po\u017car-opolska5-e1500982596697.jpg'><img loading=\"lazy\" decoding=\"async\" width=\"810\" height=\"456\" src=\"https:\/\/www.24gliwice.pl\/wiadomosci\/wp-content\/uploads\/2017\/07\/po\u017car-opolska5-810x456.jpg\" class=\"attachment-vce-lay-a size-vce-lay-a\" alt=\"\" srcset=\"https:\/\/www.24gliwice.pl\/wiadomosci\/wp-content\/uploads\/2017\/07\/po\u017car-opolska5-810x456.jpg 810w, https:\/\/www.24gliwice.pl\/wiadomosci\/wp-content\/uploads\/2017\/07\/po\u017car-opolska5-410x232.jpg 410w, https:\/\/www.24gliwice.pl\/wiadomosci\/wp-content\/uploads\/2017\/07\/po\u017car-opolska5-768x432.jpg 768w, https:\/\/www.24gliwice.pl\/wiadomosci\/wp-content\/uploads\/2017\/07\/po\u017car-opolska5-1140x641.jpg 1140w, https:\/\/www.24gliwice.pl\/wiadomosci\/wp-content\/uploads\/2017\/07\/po\u017car-opolska5-e1500982596697.jpg 1200w\" sizes=\"auto, (max-width: 810px) 100vw, 810px\" \/><\/a>\n\t\t\t<\/div>\n\t\t\t\t<figcaption class='wp-caption-text gallery-caption'>\n\t\t\t\t\u0141G\/24gliwice.pl\n\t\t\t\t<\/figcaption><\/div><div class=\"big-gallery-item item-3\" style=\"display:none;\">\n\t\t\t<div class='gallery-icon'>\n\t\t\t\t<a href='https:\/\/www.24gliwice.pl\/wiadomosci\/wp-content\/uploads\/2017\/07\/po\u017car-opolska3-e1500982585687.jpg'><img loading=\"lazy\" decoding=\"async\" width=\"810\" height=\"456\" src=\"https:\/\/www.24gliwice.pl\/wiadomosci\/wp-content\/uploads\/2017\/07\/po\u017car-opolska3-810x456.jpg\" class=\"attachment-vce-lay-a size-vce-lay-a\" alt=\"\" srcset=\"https:\/\/www.24gliwice.pl\/wiadomosci\/wp-content\/uploads\/2017\/07\/po\u017car-opolska3-810x456.jpg 810w, https:\/\/www.24gliwice.pl\/wiadomosci\/wp-content\/uploads\/2017\/07\/po\u017car-opolska3-410x232.jpg 410w, https:\/\/www.24gliwice.pl\/wiadomosci\/wp-content\/uploads\/2017\/07\/po\u017car-opolska3-768x432.jpg 768w, https:\/\/www.24gliwice.pl\/wiadomosci\/wp-content\/uploads\/2017\/07\/po\u017car-opolska3-1140x641.jpg 1140w, https:\/\/www.24gliwice.pl\/wiadomosci\/wp-content\/uploads\/2017\/07\/po\u017car-opolska3-e1500982585687.jpg 1200w\" sizes=\"auto, (max-width: 810px) 100vw, 810px\" \/><\/a>\n\t\t\t<\/div>\n\t\t\t\t<figcaption class='wp-caption-text gallery-caption'>\n\t\t\t\t\u0141G\/24gliwice.pl\n\t\t\t\t<\/figcaption><\/div><div class=\"big-gallery-item item-4\" style=\"display:none;\">\n\t\t\t<div class='gallery-icon'>\n\t\t\t\t<a href='https:\/\/www.24gliwice.pl\/wiadomosci\/wp-content\/uploads\/2017\/07\/po\u017car-opolska2-e1500982570131.jpg'><img loading=\"lazy\" decoding=\"async\" width=\"810\" height=\"456\" src=\"https:\/\/www.24gliwice.pl\/wiadomosci\/wp-content\/uploads\/2017\/07\/po\u017car-opolska2-810x456.jpg\" class=\"attachment-vce-lay-a size-vce-lay-a\" alt=\"\" srcset=\"https:\/\/www.24gliwice.pl\/wiadomosci\/wp-content\/uploads\/2017\/07\/po\u017car-opolska2-810x456.jpg 810w, https:\/\/www.24gliwice.pl\/wiadomosci\/wp-content\/uploads\/2017\/07\/po\u017car-opolska2-410x232.jpg 410w, https:\/\/www.24gliwice.pl\/wiadomosci\/wp-content\/uploads\/2017\/07\/po\u017car-opolska2-768x432.jpg 768w, https:\/\/www.24gliwice.pl\/wiadomosci\/wp-content\/uploads\/2017\/07\/po\u017car-opolska2-1140x641.jpg 1140w, https:\/\/www.24gliwice.pl\/wiadomosci\/wp-content\/uploads\/2017\/07\/po\u017car-opolska2-e1500982570131.jpg 1200w\" sizes=\"auto, (max-width: 810px) 100vw, 810px\" \/><\/a>\n\t\t\t<\/div>\n\t\t\t\t<figcaption class='wp-caption-text gallery-caption'>\n\t\t\t\t\u0141G\/24gliwice.pl\n\t\t\t\t<\/figcaption><\/div><div class=\"big-gallery-item item-5\" style=\"display:none;\">\n\t\t\t<div class='gallery-icon'>\n\t\t\t\t<a href='https:\/\/www.24gliwice.pl\/wiadomosci\/wp-content\/uploads\/2017\/07\/po\u017car-opolska-e1500982550639.jpg'><img loading=\"lazy\" decoding=\"async\" width=\"810\" height=\"456\" src=\"https:\/\/www.24gliwice.pl\/wiadomosci\/wp-content\/uploads\/2017\/07\/po\u017car-opolska-810x456.jpg\" class=\"attachment-vce-lay-a size-vce-lay-a\" alt=\"\" srcset=\"https:\/\/www.24gliwice.pl\/wiadomosci\/wp-content\/uploads\/2017\/07\/po\u017car-opolska-810x456.jpg 810w, https:\/\/www.24gliwice.pl\/wiadomosci\/wp-content\/uploads\/2017\/07\/po\u017car-opolska-410x232.jpg 410w, https:\/\/www.24gliwice.pl\/wiadomosci\/wp-content\/uploads\/2017\/07\/po\u017car-opolska-768x432.jpg 768w, https:\/\/www.24gliwice.pl\/wiadomosci\/wp-content\/uploads\/2017\/07\/po\u017car-opolska-1140x641.jpg 1140w, https:\/\/www.24gliwice.pl\/wiadomosci\/wp-content\/uploads\/2017\/07\/po\u017car-opolska-e1500982550639.jpg 1200w\" sizes=\"auto, (max-width: 810px) 100vw, 810px\" \/><\/a>\n\t\t\t<\/div>\n\t\t\t\t<figcaption class='wp-caption-text gallery-caption'>\n\t\t\t\t\u0141G\/24gliwice.pl\n\t\t\t\t<\/figcaption><\/div><div class=\"big-gallery-item item-6\" style=\"display:none;\">\n\t\t\t<div class='gallery-icon'>\n\t\t\t\t<a href='https:\/\/www.24gliwice.pl\/wiadomosci\/wp-content\/uploads\/2017\/07\/po\u017car-opolska-4.jpg'><img loading=\"lazy\" decoding=\"async\" width=\"810\" height=\"454\" src=\"https:\/\/www.24gliwice.pl\/wiadomosci\/wp-content\/uploads\/2017\/07\/po\u017car-opolska-4-810x454.jpg\" class=\"attachment-vce-lay-a size-vce-lay-a\" alt=\"\" srcset=\"https:\/\/www.24gliwice.pl\/wiadomosci\/wp-content\/uploads\/2017\/07\/po\u017car-opolska-4-810x454.jpg 810w, https:\/\/www.24gliwice.pl\/wiadomosci\/wp-content\/uploads\/2017\/07\/po\u017car-opolska-4-410x230.jpg 410w, https:\/\/www.24gliwice.pl\/wiadomosci\/wp-content\/uploads\/2017\/07\/po\u017car-opolska-4-768x431.jpg 768w, https:\/\/www.24gliwice.pl\/wiadomosci\/wp-content\/uploads\/2017\/07\/po\u017car-opolska-4-1140x639.jpg 1140w, https:\/\/www.24gliwice.pl\/wiadomosci\/wp-content\/uploads\/2017\/07\/po\u017car-opolska-4.jpg 1200w\" sizes=\"auto, (max-width: 810px) 100vw, 810px\" \/><\/a>\n\t\t\t<\/div>\n\t\t\t\t<figcaption class='wp-caption-text gallery-caption'>\n\t\t\t\t\u0141G\/24gliwice.pl\n\t\t\t\t<\/figcaption><\/div><\/div><div class=\"vce-gallery-slider\" data-columns=\"3\"><figure class='gallery-item' data-item='0'>\n\t\t\t<div class='gallery-icon landscape'>\n\t\t\t\t<a href='https:\/\/www.24gliwice.pl\/wiadomosci\/wp-content\/uploads\/2017\/07\/pozar-opolska.jpg'><img loading=\"lazy\" decoding=\"async\" width=\"375\" height=\"195\" src=\"https:\/\/www.24gliwice.pl\/wiadomosci\/wp-content\/uploads\/2017\/07\/pozar-opolska-375x195.jpg\" class=\"attachment-vce-lay-b size-vce-lay-b\" alt=\"\" \/><\/a>\n\t\t\t<\/div><\/figure><figure class='gallery-item' data-item='1'>\n\t\t\t<div class='gallery-icon landscape'>\n\t\t\t\t<a href='https:\/\/www.24gliwice.pl\/wiadomosci\/wp-content\/uploads\/2017\/07\/po\u017car-opolska6-e1500982611168.jpg'><img loading=\"lazy\" decoding=\"async\" width=\"375\" height=\"195\" src=\"https:\/\/www.24gliwice.pl\/wiadomosci\/wp-content\/uploads\/2017\/07\/po\u017car-opolska6-375x195.jpg\" class=\"attachment-vce-lay-b size-vce-lay-b\" alt=\"\" \/><\/a>\n\t\t\t<\/div><\/figure><figure class='gallery-item' data-item='2'>\n\t\t\t<div class='gallery-icon landscape'>\n\t\t\t\t<a href='https:\/\/www.24gliwice.pl\/wiadomosci\/wp-content\/uploads\/2017\/07\/po\u017car-opolska5-e1500982596697.jpg'><img loading=\"lazy\" decoding=\"async\" width=\"375\" height=\"195\" src=\"https:\/\/www.24gliwice.pl\/wiadomosci\/wp-content\/uploads\/2017\/07\/po\u017car-opolska5-375x195.jpg\" class=\"attachment-vce-lay-b size-vce-lay-b\" alt=\"\" \/><\/a>\n\t\t\t<\/div><\/figure><figure class='gallery-item' data-item='3'>\n\t\t\t<div class='gallery-icon landscape'>\n\t\t\t\t<a href='https:\/\/www.24gliwice.pl\/wiadomosci\/wp-content\/uploads\/2017\/07\/po\u017car-opolska3-e1500982585687.jpg'><img loading=\"lazy\" decoding=\"async\" width=\"375\" height=\"195\" src=\"https:\/\/www.24gliwice.pl\/wiadomosci\/wp-content\/uploads\/2017\/07\/po\u017car-opolska3-375x195.jpg\" class=\"attachment-vce-lay-b size-vce-lay-b\" alt=\"\" \/><\/a>\n\t\t\t<\/div><\/figure><figure class='gallery-item' data-item='4'>\n\t\t\t<div class='gallery-icon landscape'>\n\t\t\t\t<a href='https:\/\/www.24gliwice.pl\/wiadomosci\/wp-content\/uploads\/2017\/07\/po\u017car-opolska2-e1500982570131.jpg'><img loading=\"lazy\" decoding=\"async\" width=\"375\" height=\"195\" src=\"https:\/\/www.24gliwice.pl\/wiadomosci\/wp-content\/uploads\/2017\/07\/po\u017car-opolska2-375x195.jpg\" class=\"attachment-vce-lay-b size-vce-lay-b\" alt=\"\" \/><\/a>\n\t\t\t<\/div><\/figure><figure class='gallery-item' data-item='5'>\n\t\t\t<div class='gallery-icon landscape'>\n\t\t\t\t<a href='https:\/\/www.24gliwice.pl\/wiadomosci\/wp-content\/uploads\/2017\/07\/po\u017car-opolska-e1500982550639.jpg'><img loading=\"lazy\" decoding=\"async\" width=\"375\" height=\"195\" src=\"https:\/\/www.24gliwice.pl\/wiadomosci\/wp-content\/uploads\/2017\/07\/po\u017car-opolska-375x195.jpg\" class=\"attachment-vce-lay-b size-vce-lay-b\" alt=\"\" \/><\/a>\n\t\t\t<\/div><\/figure><figure class='gallery-item' data-item='6'>\n\t\t\t<div class='gallery-icon landscape'>\n\t\t\t\t<a href='https:\/\/www.24gliwice.pl\/wiadomosci\/wp-content\/uploads\/2017\/07\/po\u017car-opolska-4.jpg'><img loading=\"lazy\" decoding=\"async\" width=\"375\" height=\"195\" src=\"https:\/\/www.24gliwice.pl\/wiadomosci\/wp-content\/uploads\/2017\/07\/po\u017car-opolska-4-375x195.jpg\" class=\"attachment-vce-lay-b size-vce-lay-b\" alt=\"\" \/><\/a>\n\t\t\t<\/div><\/figure><\/div><\/div>\n\n<div class=\"gliwi-a5-na-koncu-artykulow gliwi-entity-placement\" id=\"gliwi-999778517\"><div class=\"gliwi-adlabel\"><span style=\"font-size: 9px\">REKLAMA<\/span><\/div><div id=\"gliwi-3134528987\" style=\"margin-left: auto;margin-right: auto;text-align: center;\"><a data-no-instant=\"1\" href=\"https:\/\/prezeroarenagliwice.pl\/\" rel=\"noopener\" class=\"a2t-link\" target=\"_blank\" aria-label=\"20260309-PREZERO-WIOSNA-D\"><img loading=\"lazy\" decoding=\"async\" src=\"https:\/\/www.24gliwice.pl\/wiadomosci\/wp-content\/uploads\/2026\/03\/20260309-PREZERO-WIOSNA-D.webp\" alt=\"\"  srcset=\"https:\/\/www.24gliwice.pl\/wiadomosci\/wp-content\/uploads\/2026\/03\/20260309-PREZERO-WIOSNA-D.webp 750w, https:\/\/www.24gliwice.pl\/wiadomosci\/wp-content\/uploads\/2026\/03\/20260309-PREZERO-WIOSNA-D-410x109.webp 410w\" sizes=\"(max-width: 750px) 100vw, 750px\" class=\"no-lazyload\" width=\"750\" height=\"200\"  style=\"display: inline-block; max-width: 100%; height: auto;\" \/><\/a><\/div><\/div>","protected":false},"excerpt":{"rendered":"<p>Oko\u0142o godziny 12:00 we wtorek dosz\u0142o do po\u017caru mieszkania, kt\u00f3rego przyczyny nie s\u0105 jeszcze znane. Nikt nie odni\u00f3s\u0142 obra\u017ce\u0144. Przy gaszenia po\u017caru pracowa\u0142o 6 zast\u0119p\u00f3w stra\u017cy po\u017carnej, \u0142\u0105cznie 23 stra\u017cak\u00f3w. Mieszka\u0144cy kamienicy zd\u0105\u017cyli si\u0119 ewakuowa\u0107 jeszcze przed dotarciem na miejsce s\u0142u\u017cb ratunkowych. Spaleniu uleg\u0142 lokal na pierwszym pi\u0119trze zamieszkiwany przez dwie kobiety. Po ugaszeniu po\u017caru, [&hellip;]<\/p>\n","protected":false},"author":15,"featured_media":102308,"comment_status":"open","ping_status":"closed","sticky":false,"template":"","format":"gallery","meta":{"_monsterinsights_skip_tracking":false,"_monsterinsights_sitenote_active":false,"_monsterinsights_sitenote_note":"","_monsterinsights_sitenote_category":0,"footnotes":"","_links_to":"","_links_to_target":""},"categories":[3,1,5],"tags":[325,8055,60,1472],"class_list":["post-102274","post","type-post","status-publish","format-gallery","has-post-thumbnail","hentry","category-gliwice","category-wszystko","category-kryminalki","tag-kamienica","tag-opolska","tag-pozar","tag-straz-pozarna","post_format-post-format-gallery"],"yoast_head":"<!-- This site is optimized with the Yoast SEO plugin v27.5 - https:\/\/yoast.com\/product\/yoast-seo-wordpress\/ -->\n<title>Po\u017car mieszkania w kamienicy przy ulicy Opolskiej. Na miejscu 6 zast\u0119p\u00f3w stra\u017cy po\u017carnej - 24GLIWICE - Portal Gliwice | codziennie nowe informacje<\/title>\n<meta name=\"robots\" content=\"index, follow, max-snippet:-1, max-image-preview:large, max-video-preview:-1\" \/>\n<link rel=\"canonical\" href=\"https:\/\/www.24gliwice.pl\/wiadomosci\/pozar-mieszkania-w-kamienicy-przy-ulicy-opolskiej-na-miejscu-6-zastepow-strazy-pozarnej\/\" \/>\n<meta property=\"og:locale\" content=\"pl_PL\" \/>\n<meta property=\"og:type\" content=\"article\" \/>\n<meta property=\"og:title\" content=\"Po\u017car mieszkania w kamienicy przy ulicy Opolskiej. Na miejscu 6 zast\u0119p\u00f3w stra\u017cy po\u017carnej - 24GLIWICE - Portal Gliwice | codziennie nowe informacje\" \/>\n<meta property=\"og:description\" content=\"Oko\u0142o godziny 12:00 we wtorek dosz\u0142o do po\u017caru mieszkania, kt\u00f3rego przyczyny nie s\u0105 jeszcze znane. Nikt nie odni\u00f3s\u0142 obra\u017ce\u0144. Przy gaszenia po\u017caru pracowa\u0142o 6 zast\u0119p\u00f3w stra\u017cy po\u017carnej, \u0142\u0105cznie 23 stra\u017cak\u00f3w. Mieszka\u0144cy kamienicy zd\u0105\u017cyli si\u0119 ewakuowa\u0107 jeszcze przed dotarciem na miejsce s\u0142u\u017cb ratunkowych. Spaleniu uleg\u0142 lokal na pierwszym pi\u0119trze zamieszkiwany przez dwie kobiety. Po ugaszeniu po\u017caru, [&hellip;]\" \/>\n<meta property=\"og:url\" content=\"https:\/\/www.24gliwice.pl\/wiadomosci\/pozar-mieszkania-w-kamienicy-przy-ulicy-opolskiej-na-miejscu-6-zastepow-strazy-pozarnej\/\" \/>\n<meta property=\"og:site_name\" content=\"24GLIWICE - Portal Gliwice | codziennie nowe informacje\" \/>\n<meta property=\"article:publisher\" content=\"https:\/\/www.facebook.com\/24gliwice\" \/>\n<meta property=\"article:published_time\" content=\"2017-07-25T12:29:44+00:00\" \/>\n<meta property=\"article:modified_time\" content=\"2017-07-25T12:37:42+00:00\" \/>\n<meta property=\"og:image\" content=\"https:\/\/www.24gliwice.pl\/wiadomosci\/wp-content\/uploads\/2017\/07\/Screenshot_88.jpg\" \/>\n\t<meta property=\"og:image:width\" content=\"854\" \/>\n\t<meta property=\"og:image:height\" content=\"502\" \/>\n\t<meta property=\"og:image:type\" content=\"image\/jpeg\" \/>\n<meta name=\"author\" content=\"\u017baneta Mrozek-Siewierska\" \/>\n<meta name=\"twitter:card\" content=\"summary_large_image\" \/>\n<meta name=\"twitter:creator\" content=\"@24gliwice\" \/>\n<meta name=\"twitter:site\" content=\"@24gliwice\" \/>\n<meta name=\"twitter:label1\" content=\"Napisane przez\" \/>\n\t<meta name=\"twitter:data1\" content=\"\u017baneta Mrozek-Siewierska\" \/>\n\t<meta name=\"twitter:label2\" content=\"Szacowany czas czytania\" \/>\n\t<meta name=\"twitter:data2\" content=\"1 minuta\" \/>\n<script type=\"application\/ld+json\" class=\"yoast-schema-graph\">{\"@context\":\"https:\\\/\\\/schema.org\",\"@graph\":[{\"@type\":\"Article\",\"@id\":\"https:\\\/\\\/www.24gliwice.pl\\\/wiadomosci\\\/pozar-mieszkania-w-kamienicy-przy-ulicy-opolskiej-na-miejscu-6-zastepow-strazy-pozarnej\\\/#article\",\"isPartOf\":{\"@id\":\"https:\\\/\\\/www.24gliwice.pl\\\/wiadomosci\\\/pozar-mieszkania-w-kamienicy-przy-ulicy-opolskiej-na-miejscu-6-zastepow-strazy-pozarnej\\\/\"},\"author\":{\"name\":\"\u017baneta Mrozek-Siewierska\",\"@id\":\"https:\\\/\\\/www.24gliwice.pl\\\/wiadomosci\\\/#\\\/schema\\\/person\\\/e42c650edd7f2fa332be3811fb166b6e\"},\"headline\":\"Po\u017car mieszkania w kamienicy przy ulicy Opolskiej. Na miejscu 6 zast\u0119p\u00f3w stra\u017cy po\u017carnej\",\"datePublished\":\"2017-07-25T12:29:44+00:00\",\"dateModified\":\"2017-07-25T12:37:42+00:00\",\"mainEntityOfPage\":{\"@id\":\"https:\\\/\\\/www.24gliwice.pl\\\/wiadomosci\\\/pozar-mieszkania-w-kamienicy-przy-ulicy-opolskiej-na-miejscu-6-zastepow-strazy-pozarnej\\\/\"},\"wordCount\":152,\"commentCount\":0,\"publisher\":{\"@id\":\"https:\\\/\\\/www.24gliwice.pl\\\/wiadomosci\\\/#organization\"},\"image\":{\"@id\":\"https:\\\/\\\/www.24gliwice.pl\\\/wiadomosci\\\/pozar-mieszkania-w-kamienicy-przy-ulicy-opolskiej-na-miejscu-6-zastepow-strazy-pozarnej\\\/#primaryimage\"},\"thumbnailUrl\":\"https:\\\/\\\/www.24gliwice.pl\\\/wiadomosci\\\/wp-content\\\/uploads\\\/2017\\\/07\\\/Screenshot_88.jpg\",\"keywords\":[\"kamienica\",\"opolska\",\"PO\u017bAR\",\"STRA\u017b PO\u017bARNA\"],\"articleSection\":[\"Gliwice\",\"Najnowsze wiadomo\u015bci\",\"Prawo\"],\"inLanguage\":\"pl-PL\",\"potentialAction\":[{\"@type\":\"CommentAction\",\"name\":\"Comment\",\"target\":[\"https:\\\/\\\/www.24gliwice.pl\\\/wiadomosci\\\/pozar-mieszkania-w-kamienicy-przy-ulicy-opolskiej-na-miejscu-6-zastepow-strazy-pozarnej\\\/#respond\"]}]},{\"@type\":\"WebPage\",\"@id\":\"https:\\\/\\\/www.24gliwice.pl\\\/wiadomosci\\\/pozar-mieszkania-w-kamienicy-przy-ulicy-opolskiej-na-miejscu-6-zastepow-strazy-pozarnej\\\/\",\"url\":\"https:\\\/\\\/www.24gliwice.pl\\\/wiadomosci\\\/pozar-mieszkania-w-kamienicy-przy-ulicy-opolskiej-na-miejscu-6-zastepow-strazy-pozarnej\\\/\",\"name\":\"Po\u017car mieszkania w kamienicy przy ulicy Opolskiej. Na miejscu 6 zast\u0119p\u00f3w stra\u017cy po\u017carnej - 24GLIWICE - Portal Gliwice | codziennie nowe informacje\",\"isPartOf\":{\"@id\":\"https:\\\/\\\/www.24gliwice.pl\\\/wiadomosci\\\/#website\"},\"primaryImageOfPage\":{\"@id\":\"https:\\\/\\\/www.24gliwice.pl\\\/wiadomosci\\\/pozar-mieszkania-w-kamienicy-przy-ulicy-opolskiej-na-miejscu-6-zastepow-strazy-pozarnej\\\/#primaryimage\"},\"image\":{\"@id\":\"https:\\\/\\\/www.24gliwice.pl\\\/wiadomosci\\\/pozar-mieszkania-w-kamienicy-przy-ulicy-opolskiej-na-miejscu-6-zastepow-strazy-pozarnej\\\/#primaryimage\"},\"thumbnailUrl\":\"https:\\\/\\\/www.24gliwice.pl\\\/wiadomosci\\\/wp-content\\\/uploads\\\/2017\\\/07\\\/Screenshot_88.jpg\",\"datePublished\":\"2017-07-25T12:29:44+00:00\",\"dateModified\":\"2017-07-25T12:37:42+00:00\",\"breadcrumb\":{\"@id\":\"https:\\\/\\\/www.24gliwice.pl\\\/wiadomosci\\\/pozar-mieszkania-w-kamienicy-przy-ulicy-opolskiej-na-miejscu-6-zastepow-strazy-pozarnej\\\/#breadcrumb\"},\"inLanguage\":\"pl-PL\",\"potentialAction\":[{\"@type\":\"ReadAction\",\"target\":[\"https:\\\/\\\/www.24gliwice.pl\\\/wiadomosci\\\/pozar-mieszkania-w-kamienicy-przy-ulicy-opolskiej-na-miejscu-6-zastepow-strazy-pozarnej\\\/\"]}]},{\"@type\":\"ImageObject\",\"inLanguage\":\"pl-PL\",\"@id\":\"https:\\\/\\\/www.24gliwice.pl\\\/wiadomosci\\\/pozar-mieszkania-w-kamienicy-przy-ulicy-opolskiej-na-miejscu-6-zastepow-strazy-pozarnej\\\/#primaryimage\",\"url\":\"https:\\\/\\\/www.24gliwice.pl\\\/wiadomosci\\\/wp-content\\\/uploads\\\/2017\\\/07\\\/Screenshot_88.jpg\",\"contentUrl\":\"https:\\\/\\\/www.24gliwice.pl\\\/wiadomosci\\\/wp-content\\\/uploads\\\/2017\\\/07\\\/Screenshot_88.jpg\",\"width\":854,\"height\":502,\"caption\":\"fot. Czytelnik (J.K.)\"},{\"@type\":\"BreadcrumbList\",\"@id\":\"https:\\\/\\\/www.24gliwice.pl\\\/wiadomosci\\\/pozar-mieszkania-w-kamienicy-przy-ulicy-opolskiej-na-miejscu-6-zastepow-strazy-pozarnej\\\/#breadcrumb\",\"itemListElement\":[{\"@type\":\"ListItem\",\"position\":1,\"name\":\"Strona g\u0142\u00f3wna\",\"item\":\"https:\\\/\\\/www.24gliwice.pl\\\/wiadomosci\\\/\"},{\"@type\":\"ListItem\",\"position\":2,\"name\":\"Po\u017car mieszkania w kamienicy przy ulicy Opolskiej. Na miejscu 6 zast\u0119p\u00f3w stra\u017cy po\u017carnej\"}]},{\"@type\":\"WebSite\",\"@id\":\"https:\\\/\\\/www.24gliwice.pl\\\/wiadomosci\\\/#website\",\"url\":\"https:\\\/\\\/www.24gliwice.pl\\\/wiadomosci\\\/\",\"name\":\"24GLIWICE - Portal Gliwice | codziennie nowe wiadomo\u015bci\",\"description\":\"Portal Miejski Gliwice\",\"publisher\":{\"@id\":\"https:\\\/\\\/www.24gliwice.pl\\\/wiadomosci\\\/#organization\"},\"potentialAction\":[{\"@type\":\"SearchAction\",\"target\":{\"@type\":\"EntryPoint\",\"urlTemplate\":\"https:\\\/\\\/www.24gliwice.pl\\\/wiadomosci\\\/?s={search_term_string}\"},\"query-input\":{\"@type\":\"PropertyValueSpecification\",\"valueRequired\":true,\"valueName\":\"search_term_string\"}}],\"inLanguage\":\"pl-PL\"},{\"@type\":\"Organization\",\"@id\":\"https:\\\/\\\/www.24gliwice.pl\\\/wiadomosci\\\/#organization\",\"name\":\"24gliwice\",\"url\":\"https:\\\/\\\/www.24gliwice.pl\\\/wiadomosci\\\/\",\"logo\":{\"@type\":\"ImageObject\",\"inLanguage\":\"pl-PL\",\"@id\":\"https:\\\/\\\/www.24gliwice.pl\\\/wiadomosci\\\/#\\\/schema\\\/logo\\\/image\\\/\",\"url\":\"https:\\\/\\\/www.24gliwice.pl\\\/wiadomosci\\\/wp-content\\\/uploads\\\/2024\\\/10\\\/24gliwice-logo-696.jpg\",\"contentUrl\":\"https:\\\/\\\/www.24gliwice.pl\\\/wiadomosci\\\/wp-content\\\/uploads\\\/2024\\\/10\\\/24gliwice-logo-696.jpg\",\"width\":696,\"height\":696,\"caption\":\"24gliwice\"},\"image\":{\"@id\":\"https:\\\/\\\/www.24gliwice.pl\\\/wiadomosci\\\/#\\\/schema\\\/logo\\\/image\\\/\"},\"sameAs\":[\"https:\\\/\\\/www.facebook.com\\\/24gliwice\",\"https:\\\/\\\/x.com\\\/24gliwice\",\"https:\\\/\\\/www.youtube.com\\\/@24gliwice\"]},{\"@type\":\"Person\",\"@id\":\"https:\\\/\\\/www.24gliwice.pl\\\/wiadomosci\\\/#\\\/schema\\\/person\\\/e42c650edd7f2fa332be3811fb166b6e\",\"name\":\"\u017baneta Mrozek-Siewierska\",\"image\":{\"@type\":\"ImageObject\",\"inLanguage\":\"pl-PL\",\"@id\":\"https:\\\/\\\/secure.gravatar.com\\\/avatar\\\/1881429e9c64597c77ad7aef2d0a19be69a3253e57534d16aa15bf3a4d34a0a3?s=96&d=mm&r=g\",\"url\":\"https:\\\/\\\/secure.gravatar.com\\\/avatar\\\/1881429e9c64597c77ad7aef2d0a19be69a3253e57534d16aa15bf3a4d34a0a3?s=96&d=mm&r=g\",\"contentUrl\":\"https:\\\/\\\/secure.gravatar.com\\\/avatar\\\/1881429e9c64597c77ad7aef2d0a19be69a3253e57534d16aa15bf3a4d34a0a3?s=96&d=mm&r=g\",\"caption\":\"\u017baneta Mrozek-Siewierska\"},\"url\":\"https:\\\/\\\/www.24gliwice.pl\\\/wiadomosci\\\/author\\\/zms\\\/\"}]}<\/script>\n<!-- \/ Yoast SEO plugin. -->","yoast_head_json":{"title":"Po\u017car mieszkania w kamienicy przy ulicy Opolskiej. Na miejscu 6 zast\u0119p\u00f3w stra\u017cy po\u017carnej - 24GLIWICE - Portal Gliwice | codziennie nowe informacje","robots":{"index":"index","follow":"follow","max-snippet":"max-snippet:-1","max-image-preview":"max-image-preview:large","max-video-preview":"max-video-preview:-1"},"canonical":"https:\/\/www.24gliwice.pl\/wiadomosci\/pozar-mieszkania-w-kamienicy-przy-ulicy-opolskiej-na-miejscu-6-zastepow-strazy-pozarnej\/","og_locale":"pl_PL","og_type":"article","og_title":"Po\u017car mieszkania w kamienicy przy ulicy Opolskiej. Na miejscu 6 zast\u0119p\u00f3w stra\u017cy po\u017carnej - 24GLIWICE - Portal Gliwice | codziennie nowe informacje","og_description":"Oko\u0142o godziny 12:00 we wtorek dosz\u0142o do po\u017caru mieszkania, kt\u00f3rego przyczyny nie s\u0105 jeszcze znane. Nikt nie odni\u00f3s\u0142 obra\u017ce\u0144. Przy gaszenia po\u017caru pracowa\u0142o 6 zast\u0119p\u00f3w stra\u017cy po\u017carnej, \u0142\u0105cznie 23 stra\u017cak\u00f3w. Mieszka\u0144cy kamienicy zd\u0105\u017cyli si\u0119 ewakuowa\u0107 jeszcze przed dotarciem na miejsce s\u0142u\u017cb ratunkowych. Spaleniu uleg\u0142 lokal na pierwszym pi\u0119trze zamieszkiwany przez dwie kobiety. Po ugaszeniu po\u017caru, [&hellip;]","og_url":"https:\/\/www.24gliwice.pl\/wiadomosci\/pozar-mieszkania-w-kamienicy-przy-ulicy-opolskiej-na-miejscu-6-zastepow-strazy-pozarnej\/","og_site_name":"24GLIWICE - Portal Gliwice | codziennie nowe informacje","article_publisher":"https:\/\/www.facebook.com\/24gliwice","article_published_time":"2017-07-25T12:29:44+00:00","article_modified_time":"2017-07-25T12:37:42+00:00","og_image":[{"width":854,"height":502,"url":"https:\/\/www.24gliwice.pl\/wiadomosci\/wp-content\/uploads\/2017\/07\/Screenshot_88.jpg","type":"image\/jpeg"}],"author":"\u017baneta Mrozek-Siewierska","twitter_card":"summary_large_image","twitter_creator":"@24gliwice","twitter_site":"@24gliwice","twitter_misc":{"Napisane przez":"\u017baneta Mrozek-Siewierska","Szacowany czas czytania":"1 minuta"},"schema":{"@context":"https:\/\/schema.org","@graph":[{"@type":"Article","@id":"https:\/\/www.24gliwice.pl\/wiadomosci\/pozar-mieszkania-w-kamienicy-przy-ulicy-opolskiej-na-miejscu-6-zastepow-strazy-pozarnej\/#article","isPartOf":{"@id":"https:\/\/www.24gliwice.pl\/wiadomosci\/pozar-mieszkania-w-kamienicy-przy-ulicy-opolskiej-na-miejscu-6-zastepow-strazy-pozarnej\/"},"author":{"name":"\u017baneta Mrozek-Siewierska","@id":"https:\/\/www.24gliwice.pl\/wiadomosci\/#\/schema\/person\/e42c650edd7f2fa332be3811fb166b6e"},"headline":"Po\u017car mieszkania w kamienicy przy ulicy Opolskiej. Na miejscu 6 zast\u0119p\u00f3w stra\u017cy po\u017carnej","datePublished":"2017-07-25T12:29:44+00:00","dateModified":"2017-07-25T12:37:42+00:00","mainEntityOfPage":{"@id":"https:\/\/www.24gliwice.pl\/wiadomosci\/pozar-mieszkania-w-kamienicy-przy-ulicy-opolskiej-na-miejscu-6-zastepow-strazy-pozarnej\/"},"wordCount":152,"commentCount":0,"publisher":{"@id":"https:\/\/www.24gliwice.pl\/wiadomosci\/#organization"},"image":{"@id":"https:\/\/www.24gliwice.pl\/wiadomosci\/pozar-mieszkania-w-kamienicy-przy-ulicy-opolskiej-na-miejscu-6-zastepow-strazy-pozarnej\/#primaryimage"},"thumbnailUrl":"https:\/\/www.24gliwice.pl\/wiadomosci\/wp-content\/uploads\/2017\/07\/Screenshot_88.jpg","keywords":["kamienica","opolska","PO\u017bAR","STRA\u017b PO\u017bARNA"],"articleSection":["Gliwice","Najnowsze wiadomo\u015bci","Prawo"],"inLanguage":"pl-PL","potentialAction":[{"@type":"CommentAction","name":"Comment","target":["https:\/\/www.24gliwice.pl\/wiadomosci\/pozar-mieszkania-w-kamienicy-przy-ulicy-opolskiej-na-miejscu-6-zastepow-strazy-pozarnej\/#respond"]}]},{"@type":"WebPage","@id":"https:\/\/www.24gliwice.pl\/wiadomosci\/pozar-mieszkania-w-kamienicy-przy-ulicy-opolskiej-na-miejscu-6-zastepow-strazy-pozarnej\/","url":"https:\/\/www.24gliwice.pl\/wiadomosci\/pozar-mieszkania-w-kamienicy-przy-ulicy-opolskiej-na-miejscu-6-zastepow-strazy-pozarnej\/","name":"Po\u017car mieszkania w kamienicy przy ulicy Opolskiej. Na miejscu 6 zast\u0119p\u00f3w stra\u017cy po\u017carnej - 24GLIWICE - Portal Gliwice | codziennie nowe informacje","isPartOf":{"@id":"https:\/\/www.24gliwice.pl\/wiadomosci\/#website"},"primaryImageOfPage":{"@id":"https:\/\/www.24gliwice.pl\/wiadomosci\/pozar-mieszkania-w-kamienicy-przy-ulicy-opolskiej-na-miejscu-6-zastepow-strazy-pozarnej\/#primaryimage"},"image":{"@id":"https:\/\/www.24gliwice.pl\/wiadomosci\/pozar-mieszkania-w-kamienicy-przy-ulicy-opolskiej-na-miejscu-6-zastepow-strazy-pozarnej\/#primaryimage"},"thumbnailUrl":"https:\/\/www.24gliwice.pl\/wiadomosci\/wp-content\/uploads\/2017\/07\/Screenshot_88.jpg","datePublished":"2017-07-25T12:29:44+00:00","dateModified":"2017-07-25T12:37:42+00:00","breadcrumb":{"@id":"https:\/\/www.24gliwice.pl\/wiadomosci\/pozar-mieszkania-w-kamienicy-przy-ulicy-opolskiej-na-miejscu-6-zastepow-strazy-pozarnej\/#breadcrumb"},"inLanguage":"pl-PL","potentialAction":[{"@type":"ReadAction","target":["https:\/\/www.24gliwice.pl\/wiadomosci\/pozar-mieszkania-w-kamienicy-przy-ulicy-opolskiej-na-miejscu-6-zastepow-strazy-pozarnej\/"]}]},{"@type":"ImageObject","inLanguage":"pl-PL","@id":"https:\/\/www.24gliwice.pl\/wiadomosci\/pozar-mieszkania-w-kamienicy-przy-ulicy-opolskiej-na-miejscu-6-zastepow-strazy-pozarnej\/#primaryimage","url":"https:\/\/www.24gliwice.pl\/wiadomosci\/wp-content\/uploads\/2017\/07\/Screenshot_88.jpg","contentUrl":"https:\/\/www.24gliwice.pl\/wiadomosci\/wp-content\/uploads\/2017\/07\/Screenshot_88.jpg","width":854,"height":502,"caption":"fot. Czytelnik (J.K.)"},{"@type":"BreadcrumbList","@id":"https:\/\/www.24gliwice.pl\/wiadomosci\/pozar-mieszkania-w-kamienicy-przy-ulicy-opolskiej-na-miejscu-6-zastepow-strazy-pozarnej\/#breadcrumb","itemListElement":[{"@type":"ListItem","position":1,"name":"Strona g\u0142\u00f3wna","item":"https:\/\/www.24gliwice.pl\/wiadomosci\/"},{"@type":"ListItem","position":2,"name":"Po\u017car mieszkania w kamienicy przy ulicy Opolskiej. Na miejscu 6 zast\u0119p\u00f3w stra\u017cy po\u017carnej"}]},{"@type":"WebSite","@id":"https:\/\/www.24gliwice.pl\/wiadomosci\/#website","url":"https:\/\/www.24gliwice.pl\/wiadomosci\/","name":"24GLIWICE - Portal Gliwice | codziennie nowe wiadomo\u015bci","description":"Portal Miejski Gliwice","publisher":{"@id":"https:\/\/www.24gliwice.pl\/wiadomosci\/#organization"},"potentialAction":[{"@type":"SearchAction","target":{"@type":"EntryPoint","urlTemplate":"https:\/\/www.24gliwice.pl\/wiadomosci\/?s={search_term_string}"},"query-input":{"@type":"PropertyValueSpecification","valueRequired":true,"valueName":"search_term_string"}}],"inLanguage":"pl-PL"},{"@type":"Organization","@id":"https:\/\/www.24gliwice.pl\/wiadomosci\/#organization","name":"24gliwice","url":"https:\/\/www.24gliwice.pl\/wiadomosci\/","logo":{"@type":"ImageObject","inLanguage":"pl-PL","@id":"https:\/\/www.24gliwice.pl\/wiadomosci\/#\/schema\/logo\/image\/","url":"https:\/\/www.24gliwice.pl\/wiadomosci\/wp-content\/uploads\/2024\/10\/24gliwice-logo-696.jpg","contentUrl":"https:\/\/www.24gliwice.pl\/wiadomosci\/wp-content\/uploads\/2024\/10\/24gliwice-logo-696.jpg","width":696,"height":696,"caption":"24gliwice"},"image":{"@id":"https:\/\/www.24gliwice.pl\/wiadomosci\/#\/schema\/logo\/image\/"},"sameAs":["https:\/\/www.facebook.com\/24gliwice","https:\/\/x.com\/24gliwice","https:\/\/www.youtube.com\/@24gliwice"]},{"@type":"Person","@id":"https:\/\/www.24gliwice.pl\/wiadomosci\/#\/schema\/person\/e42c650edd7f2fa332be3811fb166b6e","name":"\u017baneta Mrozek-Siewierska","image":{"@type":"ImageObject","inLanguage":"pl-PL","@id":"https:\/\/secure.gravatar.com\/avatar\/1881429e9c64597c77ad7aef2d0a19be69a3253e57534d16aa15bf3a4d34a0a3?s=96&d=mm&r=g","url":"https:\/\/secure.gravatar.com\/avatar\/1881429e9c64597c77ad7aef2d0a19be69a3253e57534d16aa15bf3a4d34a0a3?s=96&d=mm&r=g","contentUrl":"https:\/\/secure.gravatar.com\/avatar\/1881429e9c64597c77ad7aef2d0a19be69a3253e57534d16aa15bf3a4d34a0a3?s=96&d=mm&r=g","caption":"\u017baneta Mrozek-Siewierska"},"url":"https:\/\/www.24gliwice.pl\/wiadomosci\/author\/zms\/"}]}},"_links":{"self":[{"href":"https:\/\/www.24gliwice.pl\/wiadomosci\/wp-json\/wp\/v2\/posts\/102274","targetHints":{"allow":["GET"]}}],"collection":[{"href":"https:\/\/www.24gliwice.pl\/wiadomosci\/wp-json\/wp\/v2\/posts"}],"about":[{"href":"https:\/\/www.24gliwice.pl\/wiadomosci\/wp-json\/wp\/v2\/types\/post"}],"author":[{"embeddable":true,"href":"https:\/\/www.24gliwice.pl\/wiadomosci\/wp-json\/wp\/v2\/users\/15"}],"replies":[{"embeddable":true,"href":"https:\/\/www.24gliwice.pl\/wiadomosci\/wp-json\/wp\/v2\/comments?post=102274"}],"version-history":[{"count":0,"href":"https:\/\/www.24gliwice.pl\/wiadomosci\/wp-json\/wp\/v2\/posts\/102274\/revisions"}],"wp:featuredmedia":[{"embeddable":true,"href":"https:\/\/www.24gliwice.pl\/wiadomosci\/wp-json\/wp\/v2\/media\/102308"}],"wp:attachment":[{"href":"https:\/\/www.24gliwice.pl\/wiadomosci\/wp-json\/wp\/v2\/media?parent=102274"}],"wp:term":[{"taxonomy":"category","embeddable":true,"href":"https:\/\/www.24gliwice.pl\/wiadomosci\/wp-json\/wp\/v2\/categories?post=102274"},{"taxonomy":"post_tag","embeddable":true,"href":"https:\/\/www.24gliwice.pl\/wiadomosci\/wp-json\/wp\/v2\/tags?post=102274"}],"curies":[{"name":"wp","href":"https:\/\/api.w.org\/{rel}","templated":true}]}}