{"id":102364,"date":"2017-08-01T02:30:44","date_gmt":"2017-08-01T00:30:44","guid":{"rendered":"http:\/\/www.24gliwice.pl\/wiadomosci\/?p=102364"},"modified":"2017-08-01T02:30:44","modified_gmt":"2017-08-01T00:30:44","slug":"waskie-gardlo-na-wjezdzie-do-miasta-czy-wiadukt-na-ul-pszczynskiej-zostanie-poszerzony","status":"publish","type":"post","link":"https:\/\/www.24gliwice.pl\/wiadomosci\/waskie-gardlo-na-wjezdzie-do-miasta-czy-wiadukt-na-ul-pszczynskiej-zostanie-poszerzony\/","title":{"rendered":"W\u0105skie gard\u0142o na wje\u017adzie do miasta. Czy wiadukt na ul. Pszczy\u0144skiej zostanie poszerzony?"},"content":{"rendered":"<div class=\"gliwi-a6-nad-leadem-artykulow gliwi-entity-placement\" id=\"gliwi-2688567544\"><div class=\"gliwi-adlabel\"><span style=\"font-size: 9px\">REKLAMA<\/span><\/div><div id=\"gliwi-899042596\" style=\"margin-bottom: 25px;margin-left: auto;margin-right: auto;text-align: center;\"><a data-no-instant=\"1\" href=\"https:\/\/dom100.eu\/\" rel=\"noopener\" class=\"a2t-link\" target=\"_blank\" aria-label=\"20260415 DOM100 D\"><img loading=\"lazy\" decoding=\"async\" src=\"https:\/\/www.24gliwice.pl\/wiadomosci\/wp-content\/uploads\/2026\/04\/20260415-DOM100-D.jpg\" alt=\"\"  srcset=\"https:\/\/www.24gliwice.pl\/wiadomosci\/wp-content\/uploads\/2026\/04\/20260415-DOM100-D.jpg 750w, https:\/\/www.24gliwice.pl\/wiadomosci\/wp-content\/uploads\/2026\/04\/20260415-DOM100-D-410x109.jpg 410w\" sizes=\"(max-width: 750px) 100vw, 750px\" class=\"no-lazyload\" width=\"750\" height=\"200\"  style=\"display: inline-block; max-width: 100%; height: auto;\" \/><\/a><\/div><\/div><h4>Wiadukt na ul. Pszczy\u0144skiej to jedno z kilku w\u0105skich garde\u0142 na komunikacyjnej mapie Gliwic. W godzinach szczytu regularnie tworz\u0105 si\u0119 tu korki. Niestety dla kierowc\u00f3w szanse na zmian\u0119 tego stanu rzeczy s\u0105 ma\u0142e.<\/h4>\n<p>Infrastruktura w okolicach wiaduktu przy ul. Pszczy\u0144skiej od lat wygl\u0105da jak przygotowana pod rozbudow\u0119. Dwa pasy jezdni od strony wjazdu do miasta (zarz\u0105dzane przez Generaln\u0105 Dyrekcj\u0119 Dr\u00f3g Krajowych i Autostrad) i dwupasmowa ul. Pszczy\u0144ska od strony centrum, zaciskaj\u0105 si\u0119 przy skrzy\u017cowaniu Pszczy\u0144skiej z Pocztow\u0105 tworz\u0105c zatory. Analizuj\u0105c dane zbierane przez Google, p\u0142ynno\u015b\u0107 ruchu jest tu ograniczona niemal przez ca\u0142y dzie\u0144, cho\u0107 zdecydowanie najwolniej kierowcy poruszaj\u0105 si\u0119 oko\u0142o godziny 16:00.<\/p>\n<p>&#8211; Na razie nie ma plan\u00f3w dotycz\u0105cych przebudowy wiaduktu w ci\u0105gu ul. Pszczy\u0144skiej &#8211; informuje <strong>Jadwiga Jagie\u0142\u0142o-Stiborska<\/strong>, rzecznik prasowy Zarz\u0105du Dr\u00f3g Miejskich w Gliwicach. &#8211; Kierowcy mog\u0105 wybra\u0107 alternatywn\u0105 drog\u0119 przejazdu, kt\u00f3ra wiedzie ulicami: Okr\u0119\u017cn\u0105, P\u0142a\u017cy\u0144skiego, Bojkowsk\u0105, i odwrotnie dla jad\u0105cych w kierunku przeciwnym &#8211; t\u0142umaczy.<\/p><div class=\"gliwi-a3-w-tresci-artykulow gliwi-entity-placement\" id=\"gliwi-2900266720\"><div class=\"gliwi-adlabel\"><span style=\"font-size: 9px\">REKLAMA<\/span><\/div><div id=\"gliwi-2232655849\" style=\"margin-bottom: 30px;margin-left: auto;margin-right: auto;text-align: center;\"><a data-no-instant=\"1\" href=\"https:\/\/zlobek.halogen.org.pl\/\" rel=\"noopener\" class=\"a2t-link\" target=\"_blank\" aria-label=\"animator-zlobek_750x200\"><img loading=\"lazy\" decoding=\"async\" src=\"https:\/\/www.24gliwice.pl\/wiadomosci\/wp-content\/uploads\/2026\/02\/animator-zlobek_750x200.webp\" alt=\"\"  srcset=\"https:\/\/www.24gliwice.pl\/wiadomosci\/wp-content\/uploads\/2026\/02\/animator-zlobek_750x200.webp 750w, https:\/\/www.24gliwice.pl\/wiadomosci\/wp-content\/uploads\/2026\/02\/animator-zlobek_750x200-410x109.webp 410w\" sizes=\"(max-width: 750px) 100vw, 750px\" class=\"no-lazyload\" width=\"750\" height=\"200\"  style=\"display: inline-block; max-width: 100%; height: auto;\" \/><\/a><\/div><\/div>\n<p><img loading=\"lazy\" decoding=\"async\" src=\"http:\/\/www.24gliwice.pl\/wiadomosci\/wp-content\/uploads\/2017\/08\/1-20590707_10155589595334675_1844496923_o.jpg\" alt=\"\" width=\"810\" height=\"456\" class=\"aligncenter size-full wp-image-102531\" srcset=\"https:\/\/www.24gliwice.pl\/wiadomosci\/wp-content\/uploads\/2017\/08\/1-20590707_10155589595334675_1844496923_o.jpg 810w, https:\/\/www.24gliwice.pl\/wiadomosci\/wp-content\/uploads\/2017\/08\/1-20590707_10155589595334675_1844496923_o-410x232.jpg 410w, https:\/\/www.24gliwice.pl\/wiadomosci\/wp-content\/uploads\/2017\/08\/1-20590707_10155589595334675_1844496923_o-768x432.jpg 768w, https:\/\/www.24gliwice.pl\/wiadomosci\/wp-content\/uploads\/2017\/08\/1-20590707_10155589595334675_1844496923_o-808x455.jpg 808w\" sizes=\"auto, (max-width: 810px) 100vw, 810px\" \/><\/p>\n<p>Drogowcy nie uzasadniaj\u0105 swojej decyzji, ale wiadomo, \u017ce od lat jednym z hamulcowych ewentualnej inwestycji by\u0142 status dzia\u0142ki, po kt\u00f3rej mia\u0142aby przebiega\u0107 nowa droga.<br \/>\n&#8211; To dzia\u0142ka inwestycyjna, zatem decyzja b\u0119dzie w gestii potencjalnego kupuj\u0105cego \u2013 informowa\u0142 w 2013 roku Zarz\u0105d Dr\u00f3g Miejskich.<\/p>\n<p>Obecnie drogowcy wskazuj\u0105, \u017ce cho\u0107 sytuacja nadal nie jest komfortowa, jest du\u017co lepiej ni\u017c jeszcze kilka lat temu. Pow\u00f3d? Drogowa Trasa \u015arednicowa.<\/p>\n<blockquote><p>&#8211; Nat\u0119\u017cenie ruchu na ul. Pszczy\u0144skiej ros\u0142o do marca 2016 roku, czyli do czasu otwarcia DT\u015a, ale w nast\u0119pnych miesi\u0105cach zacz\u0119\u0142o systematycznie spada\u0107<\/p><\/blockquote>\n<p> &#8211; m\u00f3wi <strong>Micha\u0142 Kondrusiewicz<\/strong> z Centrum Sterowania Ruchem w Gliwicach.<\/p>\n<p>Sporo odci\u0105\u017cenie ul. Pszczy\u0144skiej potwierdzaj\u0105 statystyki. W pa\u017adzierniku 2014 roku kierowc\u00f3w jad\u0105cych ul. Pszczy\u0144sk\u0105 w kierunku autostrady odnotowano 370 tysi\u0119cy. W tym samym miesi\u0105cu 2016 roku ju\u017c tylko 240 tysi\u0119cy. Podobna tendencja utrzymywa\u0142a si\u0119 tak\u017ce w pozosta\u0142ych miesi\u0105cach. Przyk\u0142adowo w maju 2014 roku odnotowano na wje\u017adzie do miasta 330 tysi\u0119cy pojazd\u00f3w, w maju 2016 roku 250 tysi\u0119cy, a w 2017 roku 235 tysi\u0119cy pojazd\u00f3w. <\/p>\n<p>Dla kierowc\u00f3w, kt\u00f3rzy nadal wybieraj\u0105 wyjazd z miasta wiaduktem przy ul. Pszczy\u0144skiej to dobra i z\u0142a informacja. W przys\u0142owiowych korkach postoj\u0105 kr\u00f3cej, ale te\u017c presja na poszerzenie uci\u0105\u017cliwego zw\u0119\u017cenia jest mniejsza.<\/p>\n<p><strong>Micha\u0142 Szewczyk<\/strong><\/p>\n<div class=\"gliwi-a5-na-koncu-artykulow gliwi-entity-placement\" id=\"gliwi-3679172292\"><div class=\"gliwi-adlabel\"><span style=\"font-size: 9px\">REKLAMA<\/span><\/div><div id=\"gliwi-2887342910\" style=\"margin-left: auto;margin-right: auto;text-align: center;\"><a data-no-instant=\"1\" href=\"https:\/\/prezeroarenagliwice.pl\/\" rel=\"noopener\" class=\"a2t-link\" target=\"_blank\" aria-label=\"20260309-PREZERO-WIOSNA-D\"><img loading=\"lazy\" decoding=\"async\" src=\"https:\/\/www.24gliwice.pl\/wiadomosci\/wp-content\/uploads\/2026\/03\/20260309-PREZERO-WIOSNA-D.webp\" alt=\"\"  srcset=\"https:\/\/www.24gliwice.pl\/wiadomosci\/wp-content\/uploads\/2026\/03\/20260309-PREZERO-WIOSNA-D.webp 750w, https:\/\/www.24gliwice.pl\/wiadomosci\/wp-content\/uploads\/2026\/03\/20260309-PREZERO-WIOSNA-D-410x109.webp 410w\" sizes=\"(max-width: 750px) 100vw, 750px\" class=\"no-lazyload\" width=\"750\" height=\"200\"  style=\"display: inline-block; max-width: 100%; height: auto;\" \/><\/a><\/div><\/div>","protected":false},"excerpt":{"rendered":"<p>Wiadukt na ul. Pszczy\u0144skiej to jedno z kilku w\u0105skich garde\u0142 na komunikacyjnej mapie Gliwic. W godzinach szczytu regularnie tworz\u0105 si\u0119 tu korki. Niestety dla kierowc\u00f3w szanse na zmian\u0119 tego stanu rzeczy s\u0105 ma\u0142e. Infrastruktura w okolicach wiaduktu przy ul. Pszczy\u0144skiej od lat wygl\u0105da jak przygotowana pod rozbudow\u0119. Dwa pasy jezdni od strony wjazdu do miasta [&hellip;]<\/p>\n","protected":false},"author":12,"featured_media":102528,"comment_status":"open","ping_status":"closed","sticky":false,"template":"","format":"standard","meta":{"_monsterinsights_skip_tracking":false,"_monsterinsights_sitenote_active":false,"_monsterinsights_sitenote_note":"","_monsterinsights_sitenote_category":0,"footnotes":"","_links_to":"","_links_to_target":""},"categories":[3,1,9],"tags":[61,7812,4030,205],"class_list":["post-102364","post","type-post","status-publish","format-standard","has-post-thumbnail","hentry","category-gliwice","category-wszystko","category-aktualnosci_lokalne","tag-pszczynska","tag-stiborska","tag-wiadukt-pszczynska","tag-zdm-gliwice"],"yoast_head":"<!-- This site is optimized with the Yoast SEO plugin v27.5 - https:\/\/yoast.com\/product\/yoast-seo-wordpress\/ -->\n<title>W\u0105skie gard\u0142o na wje\u017adzie do miasta. Czy wiadukt na ul. Pszczy\u0144skiej zostanie poszerzony? - 24GLIWICE - Portal Gliwice | codziennie nowe informacje<\/title>\n<meta name=\"robots\" content=\"index, follow, max-snippet:-1, max-image-preview:large, max-video-preview:-1\" \/>\n<link rel=\"canonical\" href=\"https:\/\/www.24gliwice.pl\/wiadomosci\/waskie-gardlo-na-wjezdzie-do-miasta-czy-wiadukt-na-ul-pszczynskiej-zostanie-poszerzony\/\" \/>\n<meta property=\"og:locale\" content=\"pl_PL\" \/>\n<meta property=\"og:type\" content=\"article\" \/>\n<meta property=\"og:title\" content=\"W\u0105skie gard\u0142o na wje\u017adzie do miasta. Czy wiadukt na ul. Pszczy\u0144skiej zostanie poszerzony? - 24GLIWICE - Portal Gliwice | codziennie nowe informacje\" \/>\n<meta property=\"og:description\" content=\"Wiadukt na ul. Pszczy\u0144skiej to jedno z kilku w\u0105skich garde\u0142 na komunikacyjnej mapie Gliwic. W godzinach szczytu regularnie tworz\u0105 si\u0119 tu korki. Niestety dla kierowc\u00f3w szanse na zmian\u0119 tego stanu rzeczy s\u0105 ma\u0142e. Infrastruktura w okolicach wiaduktu przy ul. Pszczy\u0144skiej od lat wygl\u0105da jak przygotowana pod rozbudow\u0119. Dwa pasy jezdni od strony wjazdu do miasta [&hellip;]\" \/>\n<meta property=\"og:url\" content=\"https:\/\/www.24gliwice.pl\/wiadomosci\/waskie-gardlo-na-wjezdzie-do-miasta-czy-wiadukt-na-ul-pszczynskiej-zostanie-poszerzony\/\" \/>\n<meta property=\"og:site_name\" content=\"24GLIWICE - Portal Gliwice | codziennie nowe informacje\" \/>\n<meta property=\"article:publisher\" content=\"https:\/\/www.facebook.com\/24gliwice\" \/>\n<meta property=\"article:published_time\" content=\"2017-08-01T00:30:44+00:00\" \/>\n<meta property=\"og:image\" content=\"https:\/\/www.24gliwice.pl\/wiadomosci\/wp-content\/uploads\/2017\/07\/1-20536298_10155589595149675_1872807139_o.jpg\" \/>\n\t<meta property=\"og:image:width\" content=\"810\" \/>\n\t<meta property=\"og:image:height\" content=\"456\" \/>\n\t<meta property=\"og:image:type\" content=\"image\/jpeg\" \/>\n<meta name=\"author\" content=\"Micha\u0142 Szewczyk\" \/>\n<meta name=\"twitter:card\" content=\"summary_large_image\" \/>\n<meta name=\"twitter:creator\" content=\"@24gliwice\" \/>\n<meta name=\"twitter:site\" content=\"@24gliwice\" \/>\n<meta name=\"twitter:label1\" content=\"Napisane przez\" \/>\n\t<meta name=\"twitter:data1\" content=\"Micha\u0142 Szewczyk\" \/>\n\t<meta name=\"twitter:label2\" content=\"Szacowany czas czytania\" \/>\n\t<meta name=\"twitter:data2\" content=\"2 minuty\" \/>\n<script type=\"application\/ld+json\" class=\"yoast-schema-graph\">{\"@context\":\"https:\\\/\\\/schema.org\",\"@graph\":[{\"@type\":\"Article\",\"@id\":\"https:\\\/\\\/www.24gliwice.pl\\\/wiadomosci\\\/waskie-gardlo-na-wjezdzie-do-miasta-czy-wiadukt-na-ul-pszczynskiej-zostanie-poszerzony\\\/#article\",\"isPartOf\":{\"@id\":\"https:\\\/\\\/www.24gliwice.pl\\\/wiadomosci\\\/waskie-gardlo-na-wjezdzie-do-miasta-czy-wiadukt-na-ul-pszczynskiej-zostanie-poszerzony\\\/\"},\"author\":{\"name\":\"Micha\u0142 Szewczyk\",\"@id\":\"https:\\\/\\\/www.24gliwice.pl\\\/wiadomosci\\\/#\\\/schema\\\/person\\\/940e8f8a097e322de4f463f061ef8d45\"},\"headline\":\"W\u0105skie gard\u0142o na wje\u017adzie do miasta. Czy wiadukt na ul. Pszczy\u0144skiej zostanie poszerzony?\",\"datePublished\":\"2017-08-01T00:30:44+00:00\",\"mainEntityOfPage\":{\"@id\":\"https:\\\/\\\/www.24gliwice.pl\\\/wiadomosci\\\/waskie-gardlo-na-wjezdzie-do-miasta-czy-wiadukt-na-ul-pszczynskiej-zostanie-poszerzony\\\/\"},\"wordCount\":421,\"commentCount\":0,\"publisher\":{\"@id\":\"https:\\\/\\\/www.24gliwice.pl\\\/wiadomosci\\\/#organization\"},\"image\":{\"@id\":\"https:\\\/\\\/www.24gliwice.pl\\\/wiadomosci\\\/waskie-gardlo-na-wjezdzie-do-miasta-czy-wiadukt-na-ul-pszczynskiej-zostanie-poszerzony\\\/#primaryimage\"},\"thumbnailUrl\":\"https:\\\/\\\/www.24gliwice.pl\\\/wiadomosci\\\/wp-content\\\/uploads\\\/2017\\\/07\\\/1-20536298_10155589595149675_1872807139_o.jpg\",\"keywords\":[\"PSZCZY\u0143SKA\",\"stiborska\",\"wiadukt pszczy\u0144ska\",\"ZDM GLIWICE\"],\"articleSection\":[\"Gliwice\",\"Najnowsze wiadomo\u015bci\",\"Portal Gliwice - Wiadomo\u015bci lokalne\"],\"inLanguage\":\"pl-PL\",\"potentialAction\":[{\"@type\":\"CommentAction\",\"name\":\"Comment\",\"target\":[\"https:\\\/\\\/www.24gliwice.pl\\\/wiadomosci\\\/waskie-gardlo-na-wjezdzie-do-miasta-czy-wiadukt-na-ul-pszczynskiej-zostanie-poszerzony\\\/#respond\"]}]},{\"@type\":\"WebPage\",\"@id\":\"https:\\\/\\\/www.24gliwice.pl\\\/wiadomosci\\\/waskie-gardlo-na-wjezdzie-do-miasta-czy-wiadukt-na-ul-pszczynskiej-zostanie-poszerzony\\\/\",\"url\":\"https:\\\/\\\/www.24gliwice.pl\\\/wiadomosci\\\/waskie-gardlo-na-wjezdzie-do-miasta-czy-wiadukt-na-ul-pszczynskiej-zostanie-poszerzony\\\/\",\"name\":\"W\u0105skie gard\u0142o na wje\u017adzie do miasta. Czy wiadukt na ul. Pszczy\u0144skiej zostanie poszerzony? - 24GLIWICE - Portal Gliwice | codziennie nowe informacje\",\"isPartOf\":{\"@id\":\"https:\\\/\\\/www.24gliwice.pl\\\/wiadomosci\\\/#website\"},\"primaryImageOfPage\":{\"@id\":\"https:\\\/\\\/www.24gliwice.pl\\\/wiadomosci\\\/waskie-gardlo-na-wjezdzie-do-miasta-czy-wiadukt-na-ul-pszczynskiej-zostanie-poszerzony\\\/#primaryimage\"},\"image\":{\"@id\":\"https:\\\/\\\/www.24gliwice.pl\\\/wiadomosci\\\/waskie-gardlo-na-wjezdzie-do-miasta-czy-wiadukt-na-ul-pszczynskiej-zostanie-poszerzony\\\/#primaryimage\"},\"thumbnailUrl\":\"https:\\\/\\\/www.24gliwice.pl\\\/wiadomosci\\\/wp-content\\\/uploads\\\/2017\\\/07\\\/1-20536298_10155589595149675_1872807139_o.jpg\",\"datePublished\":\"2017-08-01T00:30:44+00:00\",\"breadcrumb\":{\"@id\":\"https:\\\/\\\/www.24gliwice.pl\\\/wiadomosci\\\/waskie-gardlo-na-wjezdzie-do-miasta-czy-wiadukt-na-ul-pszczynskiej-zostanie-poszerzony\\\/#breadcrumb\"},\"inLanguage\":\"pl-PL\",\"potentialAction\":[{\"@type\":\"ReadAction\",\"target\":[\"https:\\\/\\\/www.24gliwice.pl\\\/wiadomosci\\\/waskie-gardlo-na-wjezdzie-do-miasta-czy-wiadukt-na-ul-pszczynskiej-zostanie-poszerzony\\\/\"]}]},{\"@type\":\"ImageObject\",\"inLanguage\":\"pl-PL\",\"@id\":\"https:\\\/\\\/www.24gliwice.pl\\\/wiadomosci\\\/waskie-gardlo-na-wjezdzie-do-miasta-czy-wiadukt-na-ul-pszczynskiej-zostanie-poszerzony\\\/#primaryimage\",\"url\":\"https:\\\/\\\/www.24gliwice.pl\\\/wiadomosci\\\/wp-content\\\/uploads\\\/2017\\\/07\\\/1-20536298_10155589595149675_1872807139_o.jpg\",\"contentUrl\":\"https:\\\/\\\/www.24gliwice.pl\\\/wiadomosci\\\/wp-content\\\/uploads\\\/2017\\\/07\\\/1-20536298_10155589595149675_1872807139_o.jpg\",\"width\":810,\"height\":456},{\"@type\":\"BreadcrumbList\",\"@id\":\"https:\\\/\\\/www.24gliwice.pl\\\/wiadomosci\\\/waskie-gardlo-na-wjezdzie-do-miasta-czy-wiadukt-na-ul-pszczynskiej-zostanie-poszerzony\\\/#breadcrumb\",\"itemListElement\":[{\"@type\":\"ListItem\",\"position\":1,\"name\":\"Strona g\u0142\u00f3wna\",\"item\":\"https:\\\/\\\/www.24gliwice.pl\\\/wiadomosci\\\/\"},{\"@type\":\"ListItem\",\"position\":2,\"name\":\"W\u0105skie gard\u0142o na wje\u017adzie do miasta. Czy wiadukt na ul. Pszczy\u0144skiej zostanie poszerzony?\"}]},{\"@type\":\"WebSite\",\"@id\":\"https:\\\/\\\/www.24gliwice.pl\\\/wiadomosci\\\/#website\",\"url\":\"https:\\\/\\\/www.24gliwice.pl\\\/wiadomosci\\\/\",\"name\":\"24GLIWICE - Portal Gliwice | codziennie nowe wiadomo\u015bci\",\"description\":\"Portal Miejski Gliwice\",\"publisher\":{\"@id\":\"https:\\\/\\\/www.24gliwice.pl\\\/wiadomosci\\\/#organization\"},\"potentialAction\":[{\"@type\":\"SearchAction\",\"target\":{\"@type\":\"EntryPoint\",\"urlTemplate\":\"https:\\\/\\\/www.24gliwice.pl\\\/wiadomosci\\\/?s={search_term_string}\"},\"query-input\":{\"@type\":\"PropertyValueSpecification\",\"valueRequired\":true,\"valueName\":\"search_term_string\"}}],\"inLanguage\":\"pl-PL\"},{\"@type\":\"Organization\",\"@id\":\"https:\\\/\\\/www.24gliwice.pl\\\/wiadomosci\\\/#organization\",\"name\":\"24gliwice\",\"url\":\"https:\\\/\\\/www.24gliwice.pl\\\/wiadomosci\\\/\",\"logo\":{\"@type\":\"ImageObject\",\"inLanguage\":\"pl-PL\",\"@id\":\"https:\\\/\\\/www.24gliwice.pl\\\/wiadomosci\\\/#\\\/schema\\\/logo\\\/image\\\/\",\"url\":\"https:\\\/\\\/www.24gliwice.pl\\\/wiadomosci\\\/wp-content\\\/uploads\\\/2024\\\/10\\\/24gliwice-logo-696.jpg\",\"contentUrl\":\"https:\\\/\\\/www.24gliwice.pl\\\/wiadomosci\\\/wp-content\\\/uploads\\\/2024\\\/10\\\/24gliwice-logo-696.jpg\",\"width\":696,\"height\":696,\"caption\":\"24gliwice\"},\"image\":{\"@id\":\"https:\\\/\\\/www.24gliwice.pl\\\/wiadomosci\\\/#\\\/schema\\\/logo\\\/image\\\/\"},\"sameAs\":[\"https:\\\/\\\/www.facebook.com\\\/24gliwice\",\"https:\\\/\\\/x.com\\\/24gliwice\",\"https:\\\/\\\/www.youtube.com\\\/@24gliwice\"]},{\"@type\":\"Person\",\"@id\":\"https:\\\/\\\/www.24gliwice.pl\\\/wiadomosci\\\/#\\\/schema\\\/person\\\/940e8f8a097e322de4f463f061ef8d45\",\"name\":\"Micha\u0142 Szewczyk\",\"image\":{\"@type\":\"ImageObject\",\"inLanguage\":\"pl-PL\",\"@id\":\"https:\\\/\\\/secure.gravatar.com\\\/avatar\\\/771b8b6c74cd8d255e46392d605e01a86133900ef09b6ef3c8d451c9d92288cf?s=96&d=mm&r=g\",\"url\":\"https:\\\/\\\/secure.gravatar.com\\\/avatar\\\/771b8b6c74cd8d255e46392d605e01a86133900ef09b6ef3c8d451c9d92288cf?s=96&d=mm&r=g\",\"contentUrl\":\"https:\\\/\\\/secure.gravatar.com\\\/avatar\\\/771b8b6c74cd8d255e46392d605e01a86133900ef09b6ef3c8d451c9d92288cf?s=96&d=mm&r=g\",\"caption\":\"Micha\u0142 Szewczyk\"},\"sameAs\":[\"http:\\\/\\\/www.gazeta-miejska.pl\"],\"url\":\"https:\\\/\\\/www.24gliwice.pl\\\/wiadomosci\\\/author\\\/michal-szewczyk\\\/\"}]}<\/script>\n<!-- \/ Yoast SEO plugin. -->","yoast_head_json":{"title":"W\u0105skie gard\u0142o na wje\u017adzie do miasta. Czy wiadukt na ul. Pszczy\u0144skiej zostanie poszerzony? - 24GLIWICE - Portal Gliwice | codziennie nowe informacje","robots":{"index":"index","follow":"follow","max-snippet":"max-snippet:-1","max-image-preview":"max-image-preview:large","max-video-preview":"max-video-preview:-1"},"canonical":"https:\/\/www.24gliwice.pl\/wiadomosci\/waskie-gardlo-na-wjezdzie-do-miasta-czy-wiadukt-na-ul-pszczynskiej-zostanie-poszerzony\/","og_locale":"pl_PL","og_type":"article","og_title":"W\u0105skie gard\u0142o na wje\u017adzie do miasta. Czy wiadukt na ul. Pszczy\u0144skiej zostanie poszerzony? - 24GLIWICE - Portal Gliwice | codziennie nowe informacje","og_description":"Wiadukt na ul. Pszczy\u0144skiej to jedno z kilku w\u0105skich garde\u0142 na komunikacyjnej mapie Gliwic. W godzinach szczytu regularnie tworz\u0105 si\u0119 tu korki. Niestety dla kierowc\u00f3w szanse na zmian\u0119 tego stanu rzeczy s\u0105 ma\u0142e. Infrastruktura w okolicach wiaduktu przy ul. Pszczy\u0144skiej od lat wygl\u0105da jak przygotowana pod rozbudow\u0119. Dwa pasy jezdni od strony wjazdu do miasta [&hellip;]","og_url":"https:\/\/www.24gliwice.pl\/wiadomosci\/waskie-gardlo-na-wjezdzie-do-miasta-czy-wiadukt-na-ul-pszczynskiej-zostanie-poszerzony\/","og_site_name":"24GLIWICE - Portal Gliwice | codziennie nowe informacje","article_publisher":"https:\/\/www.facebook.com\/24gliwice","article_published_time":"2017-08-01T00:30:44+00:00","og_image":[{"width":810,"height":456,"url":"https:\/\/www.24gliwice.pl\/wiadomosci\/wp-content\/uploads\/2017\/07\/1-20536298_10155589595149675_1872807139_o.jpg","type":"image\/jpeg"}],"author":"Micha\u0142 Szewczyk","twitter_card":"summary_large_image","twitter_creator":"@24gliwice","twitter_site":"@24gliwice","twitter_misc":{"Napisane przez":"Micha\u0142 Szewczyk","Szacowany czas czytania":"2 minuty"},"schema":{"@context":"https:\/\/schema.org","@graph":[{"@type":"Article","@id":"https:\/\/www.24gliwice.pl\/wiadomosci\/waskie-gardlo-na-wjezdzie-do-miasta-czy-wiadukt-na-ul-pszczynskiej-zostanie-poszerzony\/#article","isPartOf":{"@id":"https:\/\/www.24gliwice.pl\/wiadomosci\/waskie-gardlo-na-wjezdzie-do-miasta-czy-wiadukt-na-ul-pszczynskiej-zostanie-poszerzony\/"},"author":{"name":"Micha\u0142 Szewczyk","@id":"https:\/\/www.24gliwice.pl\/wiadomosci\/#\/schema\/person\/940e8f8a097e322de4f463f061ef8d45"},"headline":"W\u0105skie gard\u0142o na wje\u017adzie do miasta. Czy wiadukt na ul. Pszczy\u0144skiej zostanie poszerzony?","datePublished":"2017-08-01T00:30:44+00:00","mainEntityOfPage":{"@id":"https:\/\/www.24gliwice.pl\/wiadomosci\/waskie-gardlo-na-wjezdzie-do-miasta-czy-wiadukt-na-ul-pszczynskiej-zostanie-poszerzony\/"},"wordCount":421,"commentCount":0,"publisher":{"@id":"https:\/\/www.24gliwice.pl\/wiadomosci\/#organization"},"image":{"@id":"https:\/\/www.24gliwice.pl\/wiadomosci\/waskie-gardlo-na-wjezdzie-do-miasta-czy-wiadukt-na-ul-pszczynskiej-zostanie-poszerzony\/#primaryimage"},"thumbnailUrl":"https:\/\/www.24gliwice.pl\/wiadomosci\/wp-content\/uploads\/2017\/07\/1-20536298_10155589595149675_1872807139_o.jpg","keywords":["PSZCZY\u0143SKA","stiborska","wiadukt pszczy\u0144ska","ZDM GLIWICE"],"articleSection":["Gliwice","Najnowsze wiadomo\u015bci","Portal Gliwice - Wiadomo\u015bci lokalne"],"inLanguage":"pl-PL","potentialAction":[{"@type":"CommentAction","name":"Comment","target":["https:\/\/www.24gliwice.pl\/wiadomosci\/waskie-gardlo-na-wjezdzie-do-miasta-czy-wiadukt-na-ul-pszczynskiej-zostanie-poszerzony\/#respond"]}]},{"@type":"WebPage","@id":"https:\/\/www.24gliwice.pl\/wiadomosci\/waskie-gardlo-na-wjezdzie-do-miasta-czy-wiadukt-na-ul-pszczynskiej-zostanie-poszerzony\/","url":"https:\/\/www.24gliwice.pl\/wiadomosci\/waskie-gardlo-na-wjezdzie-do-miasta-czy-wiadukt-na-ul-pszczynskiej-zostanie-poszerzony\/","name":"W\u0105skie gard\u0142o na wje\u017adzie do miasta. Czy wiadukt na ul. Pszczy\u0144skiej zostanie poszerzony? - 24GLIWICE - Portal Gliwice | codziennie nowe informacje","isPartOf":{"@id":"https:\/\/www.24gliwice.pl\/wiadomosci\/#website"},"primaryImageOfPage":{"@id":"https:\/\/www.24gliwice.pl\/wiadomosci\/waskie-gardlo-na-wjezdzie-do-miasta-czy-wiadukt-na-ul-pszczynskiej-zostanie-poszerzony\/#primaryimage"},"image":{"@id":"https:\/\/www.24gliwice.pl\/wiadomosci\/waskie-gardlo-na-wjezdzie-do-miasta-czy-wiadukt-na-ul-pszczynskiej-zostanie-poszerzony\/#primaryimage"},"thumbnailUrl":"https:\/\/www.24gliwice.pl\/wiadomosci\/wp-content\/uploads\/2017\/07\/1-20536298_10155589595149675_1872807139_o.jpg","datePublished":"2017-08-01T00:30:44+00:00","breadcrumb":{"@id":"https:\/\/www.24gliwice.pl\/wiadomosci\/waskie-gardlo-na-wjezdzie-do-miasta-czy-wiadukt-na-ul-pszczynskiej-zostanie-poszerzony\/#breadcrumb"},"inLanguage":"pl-PL","potentialAction":[{"@type":"ReadAction","target":["https:\/\/www.24gliwice.pl\/wiadomosci\/waskie-gardlo-na-wjezdzie-do-miasta-czy-wiadukt-na-ul-pszczynskiej-zostanie-poszerzony\/"]}]},{"@type":"ImageObject","inLanguage":"pl-PL","@id":"https:\/\/www.24gliwice.pl\/wiadomosci\/waskie-gardlo-na-wjezdzie-do-miasta-czy-wiadukt-na-ul-pszczynskiej-zostanie-poszerzony\/#primaryimage","url":"https:\/\/www.24gliwice.pl\/wiadomosci\/wp-content\/uploads\/2017\/07\/1-20536298_10155589595149675_1872807139_o.jpg","contentUrl":"https:\/\/www.24gliwice.pl\/wiadomosci\/wp-content\/uploads\/2017\/07\/1-20536298_10155589595149675_1872807139_o.jpg","width":810,"height":456},{"@type":"BreadcrumbList","@id":"https:\/\/www.24gliwice.pl\/wiadomosci\/waskie-gardlo-na-wjezdzie-do-miasta-czy-wiadukt-na-ul-pszczynskiej-zostanie-poszerzony\/#breadcrumb","itemListElement":[{"@type":"ListItem","position":1,"name":"Strona g\u0142\u00f3wna","item":"https:\/\/www.24gliwice.pl\/wiadomosci\/"},{"@type":"ListItem","position":2,"name":"W\u0105skie gard\u0142o na wje\u017adzie do miasta. Czy wiadukt na ul. Pszczy\u0144skiej zostanie poszerzony?"}]},{"@type":"WebSite","@id":"https:\/\/www.24gliwice.pl\/wiadomosci\/#website","url":"https:\/\/www.24gliwice.pl\/wiadomosci\/","name":"24GLIWICE - Portal Gliwice | codziennie nowe wiadomo\u015bci","description":"Portal Miejski Gliwice","publisher":{"@id":"https:\/\/www.24gliwice.pl\/wiadomosci\/#organization"},"potentialAction":[{"@type":"SearchAction","target":{"@type":"EntryPoint","urlTemplate":"https:\/\/www.24gliwice.pl\/wiadomosci\/?s={search_term_string}"},"query-input":{"@type":"PropertyValueSpecification","valueRequired":true,"valueName":"search_term_string"}}],"inLanguage":"pl-PL"},{"@type":"Organization","@id":"https:\/\/www.24gliwice.pl\/wiadomosci\/#organization","name":"24gliwice","url":"https:\/\/www.24gliwice.pl\/wiadomosci\/","logo":{"@type":"ImageObject","inLanguage":"pl-PL","@id":"https:\/\/www.24gliwice.pl\/wiadomosci\/#\/schema\/logo\/image\/","url":"https:\/\/www.24gliwice.pl\/wiadomosci\/wp-content\/uploads\/2024\/10\/24gliwice-logo-696.jpg","contentUrl":"https:\/\/www.24gliwice.pl\/wiadomosci\/wp-content\/uploads\/2024\/10\/24gliwice-logo-696.jpg","width":696,"height":696,"caption":"24gliwice"},"image":{"@id":"https:\/\/www.24gliwice.pl\/wiadomosci\/#\/schema\/logo\/image\/"},"sameAs":["https:\/\/www.facebook.com\/24gliwice","https:\/\/x.com\/24gliwice","https:\/\/www.youtube.com\/@24gliwice"]},{"@type":"Person","@id":"https:\/\/www.24gliwice.pl\/wiadomosci\/#\/schema\/person\/940e8f8a097e322de4f463f061ef8d45","name":"Micha\u0142 Szewczyk","image":{"@type":"ImageObject","inLanguage":"pl-PL","@id":"https:\/\/secure.gravatar.com\/avatar\/771b8b6c74cd8d255e46392d605e01a86133900ef09b6ef3c8d451c9d92288cf?s=96&d=mm&r=g","url":"https:\/\/secure.gravatar.com\/avatar\/771b8b6c74cd8d255e46392d605e01a86133900ef09b6ef3c8d451c9d92288cf?s=96&d=mm&r=g","contentUrl":"https:\/\/secure.gravatar.com\/avatar\/771b8b6c74cd8d255e46392d605e01a86133900ef09b6ef3c8d451c9d92288cf?s=96&d=mm&r=g","caption":"Micha\u0142 Szewczyk"},"sameAs":["http:\/\/www.gazeta-miejska.pl"],"url":"https:\/\/www.24gliwice.pl\/wiadomosci\/author\/michal-szewczyk\/"}]}},"_links":{"self":[{"href":"https:\/\/www.24gliwice.pl\/wiadomosci\/wp-json\/wp\/v2\/posts\/102364","targetHints":{"allow":["GET"]}}],"collection":[{"href":"https:\/\/www.24gliwice.pl\/wiadomosci\/wp-json\/wp\/v2\/posts"}],"about":[{"href":"https:\/\/www.24gliwice.pl\/wiadomosci\/wp-json\/wp\/v2\/types\/post"}],"author":[{"embeddable":true,"href":"https:\/\/www.24gliwice.pl\/wiadomosci\/wp-json\/wp\/v2\/users\/12"}],"replies":[{"embeddable":true,"href":"https:\/\/www.24gliwice.pl\/wiadomosci\/wp-json\/wp\/v2\/comments?post=102364"}],"version-history":[{"count":0,"href":"https:\/\/www.24gliwice.pl\/wiadomosci\/wp-json\/wp\/v2\/posts\/102364\/revisions"}],"wp:featuredmedia":[{"embeddable":true,"href":"https:\/\/www.24gliwice.pl\/wiadomosci\/wp-json\/wp\/v2\/media\/102528"}],"wp:attachment":[{"href":"https:\/\/www.24gliwice.pl\/wiadomosci\/wp-json\/wp\/v2\/media?parent=102364"}],"wp:term":[{"taxonomy":"category","embeddable":true,"href":"https:\/\/www.24gliwice.pl\/wiadomosci\/wp-json\/wp\/v2\/categories?post=102364"},{"taxonomy":"post_tag","embeddable":true,"href":"https:\/\/www.24gliwice.pl\/wiadomosci\/wp-json\/wp\/v2\/tags?post=102364"}],"curies":[{"name":"wp","href":"https:\/\/api.w.org\/{rel}","templated":true}]}}