{"id":102420,"date":"2017-07-28T15:36:48","date_gmt":"2017-07-28T13:36:48","guid":{"rendered":"http:\/\/www.24gliwice.pl\/wiadomosci\/?p=102420"},"modified":"2017-07-29T10:35:41","modified_gmt":"2017-07-29T08:35:41","slug":"scisle-tajne-nowe-logo-miasta-umowa-skonczyla-sie-w-maju-a-projektow-nadal-nie-pokazano","status":"publish","type":"post","link":"https:\/\/www.24gliwice.pl\/wiadomosci\/scisle-tajne-nowe-logo-miasta-umowa-skonczyla-sie-w-maju-a-projektow-nadal-nie-pokazano\/","title":{"rendered":"\u015aci\u015ble tajne nowe logo miasta. Umowa sko\u0144czy\u0142a si\u0119 w maju, a projekt\u00f3w nadal nie pokazano"},"content":{"rendered":"<div class=\"gliwi-a6-nad-leadem-artykulow gliwi-entity-placement\" id=\"gliwi-1300463593\"><div class=\"gliwi-adlabel\"><span style=\"font-size: 9px\">REKLAMA<\/span><\/div><div id=\"gliwi-3248599147\" style=\"margin-bottom: 30px;margin-left: auto;margin-right: auto;text-align: center;\"><a data-no-instant=\"1\" href=\"https:\/\/przedszkole.halogen.org.pl\/\" rel=\"noopener\" class=\"a2t-link\" target=\"_blank\" aria-label=\"20260402-ANIMATOR-przedszkole_grafika_750x200\"><img loading=\"lazy\" decoding=\"async\" src=\"https:\/\/www.24gliwice.pl\/wiadomosci\/wp-content\/uploads\/2026\/04\/20260402-ANIMATOR-przedszkole_grafika_750x200.webp\" alt=\"\"  srcset=\"https:\/\/www.24gliwice.pl\/wiadomosci\/wp-content\/uploads\/2026\/04\/20260402-ANIMATOR-przedszkole_grafika_750x200.webp 750w, https:\/\/www.24gliwice.pl\/wiadomosci\/wp-content\/uploads\/2026\/04\/20260402-ANIMATOR-przedszkole_grafika_750x200-410x109.webp 410w\" sizes=\"(max-width: 750px) 100vw, 750px\" class=\"no-lazyload\" width=\"750\" height=\"200\"  style=\"display: inline-block; max-width: 100%; height: auto;\" \/><\/a><\/div><\/div><h4>W marcu miasto zawar\u0142o umow\u0119 z firm\u0105 reklamow\u0105 ze S\u0142upska na zaprojektowanie propozycji 2 nowych oraz lifting obecnego logo Gliwic. Mimo, \u017ce termin realizacji dawno ju\u017c min\u0105\u0142, przysz\u0142ej identyfikacji wizualnej nadal nie przedstawiono.<\/h4>\n<p>Na wysy\u0142ane przez redakcj\u0119 24gliwice.pl <a href=\"http:\/\/www.24gliwice.pl\/wiadomosci\/bedzie-nowe-logo-miasta-po-co-kolejna-zmiana-wydzial-promocji-nie-odpowiada-na-pytania\/\">szczeg\u00f3\u0142owe zapytania o t\u0119 kwesti\u0119<\/a>, Wydzia\u0142 Kultury i Promocji Miasta Gliwice udziela\u0142 jedynie lakonicznych odpowiedzi, z kt\u00f3rych nic nie wynika\u0142o. &#8211; <em><strong>Uprzejmie informuj\u0119, \u017ce umowa z firm\u0105 Rio Creativo jest realizowana zgodnie z jej zapisami. Informacje w tej sprawie zostan\u0105 przedstawione w miejskich \u015brodkach przekazu<\/strong><\/em> &#8211; odpowiedzia\u0142a na zapytanie z 10 maja <strong>Katarzyna Chwastek<\/strong>, w\u00f3wczas jeszcze naczelniczka wydzia\u0142u.<\/p>\n<p>Tematem tajemniczego logo zainteresowa\u0142 si\u0119 <strong>Bartosz Rybczak<\/strong> z O\u015brodka Studi\u00f3w o Mie\u015bcie Gliwice. Jemu r\u00f3wnie\u017c nie udzielono informacji, odm\u00f3wiono te\u017c udost\u0119pnienia projekt\u00f3w, gdy\u017c na tym etapie &#8220;nie stanowi\u0105 one informacji publicznej&#8221;.<\/p><div class=\"gliwi-a3-w-tresci-artykulow gliwi-entity-placement\" id=\"gliwi-1069962716\"><div class=\"gliwi-adlabel\"><span style=\"font-size: 9px\">REKLAMA<\/span><\/div><div id=\"gliwi-3300753678\" style=\"margin-bottom: 30px;margin-left: auto;margin-right: auto;text-align: center;\"><a data-no-instant=\"1\" href=\"https:\/\/zlobek.halogen.org.pl\/\" rel=\"noopener\" class=\"a2t-link\" target=\"_blank\" aria-label=\"animator-zlobek_750x200\"><img loading=\"lazy\" decoding=\"async\" src=\"https:\/\/www.24gliwice.pl\/wiadomosci\/wp-content\/uploads\/2026\/02\/animator-zlobek_750x200.webp\" alt=\"\"  srcset=\"https:\/\/www.24gliwice.pl\/wiadomosci\/wp-content\/uploads\/2026\/02\/animator-zlobek_750x200.webp 750w, https:\/\/www.24gliwice.pl\/wiadomosci\/wp-content\/uploads\/2026\/02\/animator-zlobek_750x200-410x109.webp 410w\" sizes=\"(max-width: 750px) 100vw, 750px\" class=\"no-lazyload\" width=\"750\" height=\"200\"  style=\"display: inline-block; max-width: 100%; height: auto;\" \/><\/a><\/div><\/div>\n<blockquote><p>&#8211; Urz\u0105d Miasta Gliwice przymierza si\u0119 do liftingu lub ca\u0142kowitej zmiany logo miasta. W tym celu zam\u00f3wiono trzy projekty. Nie zapad\u0142a jeszcze decyzja, kt\u00f3ry projekt zostanie wdro\u017cony. Zawnioskowa\u0142em do Wydzia\u0142u Kultury i Promocji Miasta o udost\u0119pnienie efekt\u00f3w umowy z firm\u0105 Rio Creativo w celu przedstawienia ich opinii publicznej<\/p><\/blockquote>\n<p> &#8211; pisze Rybczak na swoim profilu w serwisie spo\u0142eczno\u015bciowym facebook.com.<\/p>\n<p style=\"padding-left: 90px;\">&#8211; <em>W odniesieniu do pro\u015bby o przekazanie propozycji projekt\u00f3w logo informuj\u0119, \u017ce w orzecznictwie ugruntowane jest stanowisko, zgodnie z kt\u00f3rym informacja publiczna zawsze dotyczy sfery fakt\u00f3w. Nie mo\u017cna uzna\u0107 za fakt projekt\u00f3w, odno\u015bnie kt\u00f3rych nie zapad\u0142a \u017cadna decyzja o wyborze i realizacji. Reasumuj\u0105c \u2013 \u017c\u0105dane projekty, na obecnym etapie nie stanowi\u0105 informacji publicznej poniewa\u017c wnioskiem o udost\u0119pnienie mog\u0105 by\u0107 obj\u0119te jedynie informacje o okre\u015blonych faktach, danych lub stanach zjawisk istniej\u0105cych na dzie\u0144 ich udost\u0119pnienia. Obecnie nie ma zatem podstawy prawnej do ich udost\u0119pnienia. Jednocze\u015bnie informuj\u0119, \u017ce nie zosta\u0142a jeszcze podj\u0119ta decyzja dotycz\u0105ca wprowadzenia do u\u017cytku nowego logo <\/em>&#8211; czytamy w odpowiedzi urz\u0119dnik\u00f3w.<\/p>\n<blockquote><p>I tu uwaga &#8211; bez zaskoczenia. p.o. Naczelnika Wydzia\u0142u odmawia udost\u0119pnienia efekt\u00f3w wykonania umowy, gdy\u017c &#8220;nie odnosz\u0105 si\u0119 do sfery fakt\u00f3w&#8221;. A do jakiej sfery, ezoterycznego anielskiego uzdrowienia wr\u00f3\u017ca Macieja??<\/p><\/blockquote>\n<p>&#8211; komentuje Bartosz Rybczak. I dodaje:<\/p>\n<p>&#8211; Dla mnie, je\u015bli urz\u0105d wydaje na co\u015b publiczn\u0105 kas\u0119 to jest fakt i to twardy. Chcia\u0142bym zobaczy\u0107 co kupili\u015bmy i z czego mo\u017cemy wybiera\u0107. Co to za praktyka, \u017ce w Gliwicach zataja si\u0119 dzia\u0142ania urz\u0119du? Mo\u017ce jaka\u015b interpelacja radnego zach\u0119ci\u0142aby urz\u0105d do zdj\u0119cia klauzuli tajno\u015bci?<\/p>\n[perfectpullquote align=&#8221;full&#8221; cite=&#8221;&#8221; link=&#8221;&#8221; color=&#8221;&#8221; class=&#8221;&#8221; size=&#8221;&#8221;] Umowa z Rio Creativo zosta\u0142a zawarta bez przetargu, z wolnej r\u0119ki. Nie wiadomo, jakie by\u0142y kryteria wyboru wykonawcy. Firma realizowa\u0142a ju\u017c podobne zlecenia dla S\u0142upska i Ustki. \u00a0 [\/perfectpullquote]\n<p>Wynagrodzenie dla zleceniobiorcy opiewa na kwot\u0119 ponad 11 tysi\u0119cy z\u0142otych, co zosta\u0142o zadysponowane z publicznych \u015brodk\u00f3w finansowych. Czy zatem gliwiczanie b\u0119d\u0105 mieli wp\u0142yw na wyb\u00f3r ostatecznej wersji, czy te\u017c zostanie im odg\u00f3rnie narzucony nowy wz\u00f3r bez mo\u017cliwo\u015bci konsultacji? Spraw\u0105 zainteresowa\u0142 si\u0119 radny <strong>Jan Paj\u0105k<\/strong>.<\/p>\n<p>&#8211; Skopiowa\u0142em to, co napisa\u0142 pan Bartosz (Rybczak, przyp. red.) i poprosi\u0142em urz\u0119dnik\u00f3w o odniesienie si\u0119. Teraz b\u0119dziemy musieli 14 dni poczeka\u0107 na odpowied\u017a &#8211; komentuje radny.<\/p>\n<p>Od zako\u0144czenia umowy min\u0119\u0142y 3 miesi\u0105ce. Kiedy nowa identyfikacja graficzna miasta zostanie zaprezentowana mieszka\u0144com, ci\u0105gle na razie nie wiadomo.<\/p>\n<p><strong>\u017baneta Mrozek-Siewierska<\/strong><br \/>\ngrafika: \u0141ukasz Gawin<\/p>\n<p><em><strong>Od redakcji:<\/strong> Grafika ilustracyjna <strong>nie jest<\/strong> jedn\u0105 z propozycji nowego logo.<\/em><\/p>\n<div class=\"gliwi-a5-na-koncu-artykulow gliwi-entity-placement\" id=\"gliwi-3543063857\"><div class=\"gliwi-adlabel\"><span style=\"font-size: 9px\">REKLAMA<\/span><\/div><div id=\"gliwi-1687354113\" style=\"margin-left: auto;margin-right: auto;text-align: center;\"><a data-no-instant=\"1\" href=\"https:\/\/prezeroarenagliwice.pl\/\" rel=\"noopener\" class=\"a2t-link\" target=\"_blank\" aria-label=\"20260309-PREZERO-WIOSNA-D\"><img loading=\"lazy\" decoding=\"async\" src=\"https:\/\/www.24gliwice.pl\/wiadomosci\/wp-content\/uploads\/2026\/03\/20260309-PREZERO-WIOSNA-D.webp\" alt=\"\"  srcset=\"https:\/\/www.24gliwice.pl\/wiadomosci\/wp-content\/uploads\/2026\/03\/20260309-PREZERO-WIOSNA-D.webp 750w, https:\/\/www.24gliwice.pl\/wiadomosci\/wp-content\/uploads\/2026\/03\/20260309-PREZERO-WIOSNA-D-410x109.webp 410w\" sizes=\"(max-width: 750px) 100vw, 750px\" class=\"no-lazyload\" width=\"750\" height=\"200\"  style=\"display: inline-block; max-width: 100%; height: auto;\" \/><\/a><\/div><\/div>","protected":false},"excerpt":{"rendered":"<p>W marcu miasto zawar\u0142o umow\u0119 z firm\u0105 reklamow\u0105 ze S\u0142upska na zaprojektowanie propozycji 2 nowych oraz lifting obecnego logo Gliwic. Mimo, \u017ce termin realizacji dawno ju\u017c min\u0105\u0142, przysz\u0142ej identyfikacji wizualnej nadal nie przedstawiono. Na wysy\u0142ane przez redakcj\u0119 24gliwice.pl szczeg\u00f3\u0142owe zapytania o t\u0119 kwesti\u0119, Wydzia\u0142 Kultury i Promocji Miasta Gliwice udziela\u0142 jedynie lakonicznych odpowiedzi, z kt\u00f3rych [&hellip;]<\/p>\n","protected":false},"author":15,"featured_media":102494,"comment_status":"open","ping_status":"closed","sticky":false,"template":"","format":"standard","meta":{"_monsterinsights_skip_tracking":false,"_monsterinsights_sitenote_active":false,"_monsterinsights_sitenote_note":"","_monsterinsights_sitenote_category":0,"footnotes":"","_links_to":"","_links_to_target":""},"categories":[3,1,9],"tags":[6267,9893,5649,9006,9894,8828,7296],"class_list":["post-102420","post","type-post","status-publish","format-standard","has-post-thumbnail","hentry","category-gliwice","category-wszystko","category-aktualnosci_lokalne","tag-bartosz-rybczak","tag-identyfikacja-graficzna","tag-jan-pajak","tag-logo","tag-logotyp","tag-rio-creativo","tag-wydzial-kultury-i-promocji"],"yoast_head":"<!-- This site is optimized with the Yoast SEO plugin v27.5 - https:\/\/yoast.com\/product\/yoast-seo-wordpress\/ -->\n<title>\u015aci\u015ble tajne nowe logo miasta. Umowa sko\u0144czy\u0142a si\u0119 w maju, a projekt\u00f3w nadal nie pokazano - 24GLIWICE - Portal Gliwice | codziennie nowe informacje<\/title>\n<meta name=\"robots\" content=\"index, follow, max-snippet:-1, max-image-preview:large, max-video-preview:-1\" \/>\n<link rel=\"canonical\" href=\"https:\/\/www.24gliwice.pl\/wiadomosci\/scisle-tajne-nowe-logo-miasta-umowa-skonczyla-sie-w-maju-a-projektow-nadal-nie-pokazano\/\" \/>\n<meta property=\"og:locale\" content=\"pl_PL\" \/>\n<meta property=\"og:type\" content=\"article\" \/>\n<meta property=\"og:title\" content=\"\u015aci\u015ble tajne nowe logo miasta. Umowa sko\u0144czy\u0142a si\u0119 w maju, a projekt\u00f3w nadal nie pokazano - 24GLIWICE - Portal Gliwice | codziennie nowe informacje\" \/>\n<meta property=\"og:description\" content=\"W marcu miasto zawar\u0142o umow\u0119 z firm\u0105 reklamow\u0105 ze S\u0142upska na zaprojektowanie propozycji 2 nowych oraz lifting obecnego logo Gliwic. Mimo, \u017ce termin realizacji dawno ju\u017c min\u0105\u0142, przysz\u0142ej identyfikacji wizualnej nadal nie przedstawiono. Na wysy\u0142ane przez redakcj\u0119 24gliwice.pl szczeg\u00f3\u0142owe zapytania o t\u0119 kwesti\u0119, Wydzia\u0142 Kultury i Promocji Miasta Gliwice udziela\u0142 jedynie lakonicznych odpowiedzi, z kt\u00f3rych [&hellip;]\" \/>\n<meta property=\"og:url\" content=\"https:\/\/www.24gliwice.pl\/wiadomosci\/scisle-tajne-nowe-logo-miasta-umowa-skonczyla-sie-w-maju-a-projektow-nadal-nie-pokazano\/\" \/>\n<meta property=\"og:site_name\" content=\"24GLIWICE - Portal Gliwice | codziennie nowe informacje\" \/>\n<meta property=\"article:publisher\" content=\"https:\/\/www.facebook.com\/24gliwice\" \/>\n<meta property=\"article:published_time\" content=\"2017-07-28T13:36:48+00:00\" \/>\n<meta property=\"article:modified_time\" content=\"2017-07-29T08:35:41+00:00\" \/>\n<meta property=\"og:image\" content=\"https:\/\/www.24gliwice.pl\/wiadomosci\/wp-content\/uploads\/2017\/07\/Screenshot_99.jpg\" \/>\n\t<meta property=\"og:image:width\" content=\"928\" \/>\n\t<meta property=\"og:image:height\" content=\"519\" \/>\n\t<meta property=\"og:image:type\" content=\"image\/jpeg\" \/>\n<meta name=\"author\" content=\"\u017baneta Mrozek-Siewierska\" \/>\n<meta name=\"twitter:card\" content=\"summary_large_image\" \/>\n<meta name=\"twitter:creator\" content=\"@24gliwice\" \/>\n<meta name=\"twitter:site\" content=\"@24gliwice\" \/>\n<meta name=\"twitter:label1\" content=\"Napisane przez\" \/>\n\t<meta name=\"twitter:data1\" content=\"\u017baneta Mrozek-Siewierska\" \/>\n\t<meta name=\"twitter:label2\" content=\"Szacowany czas czytania\" \/>\n\t<meta name=\"twitter:data2\" content=\"3 minuty\" \/>\n<script type=\"application\/ld+json\" class=\"yoast-schema-graph\">{\"@context\":\"https:\\\/\\\/schema.org\",\"@graph\":[{\"@type\":\"Article\",\"@id\":\"https:\\\/\\\/www.24gliwice.pl\\\/wiadomosci\\\/scisle-tajne-nowe-logo-miasta-umowa-skonczyla-sie-w-maju-a-projektow-nadal-nie-pokazano\\\/#article\",\"isPartOf\":{\"@id\":\"https:\\\/\\\/www.24gliwice.pl\\\/wiadomosci\\\/scisle-tajne-nowe-logo-miasta-umowa-skonczyla-sie-w-maju-a-projektow-nadal-nie-pokazano\\\/\"},\"author\":{\"name\":\"\u017baneta Mrozek-Siewierska\",\"@id\":\"https:\\\/\\\/www.24gliwice.pl\\\/wiadomosci\\\/#\\\/schema\\\/person\\\/e42c650edd7f2fa332be3811fb166b6e\"},\"headline\":\"\u015aci\u015ble tajne nowe logo miasta. Umowa sko\u0144czy\u0142a si\u0119 w maju, a projekt\u00f3w nadal nie pokazano\",\"datePublished\":\"2017-07-28T13:36:48+00:00\",\"dateModified\":\"2017-07-29T08:35:41+00:00\",\"mainEntityOfPage\":{\"@id\":\"https:\\\/\\\/www.24gliwice.pl\\\/wiadomosci\\\/scisle-tajne-nowe-logo-miasta-umowa-skonczyla-sie-w-maju-a-projektow-nadal-nie-pokazano\\\/\"},\"wordCount\":624,\"commentCount\":0,\"publisher\":{\"@id\":\"https:\\\/\\\/www.24gliwice.pl\\\/wiadomosci\\\/#organization\"},\"image\":{\"@id\":\"https:\\\/\\\/www.24gliwice.pl\\\/wiadomosci\\\/scisle-tajne-nowe-logo-miasta-umowa-skonczyla-sie-w-maju-a-projektow-nadal-nie-pokazano\\\/#primaryimage\"},\"thumbnailUrl\":\"https:\\\/\\\/www.24gliwice.pl\\\/wiadomosci\\\/wp-content\\\/uploads\\\/2017\\\/07\\\/Screenshot_99.jpg\",\"keywords\":[\"bartosz rybczak\",\"identyfikacja graficzna\",\"jan paj\u0105k\",\"logo\",\"logotyp\",\"rio creativo\",\"wydzia\u0142 kultury i promocji\"],\"articleSection\":[\"Gliwice\",\"Najnowsze wiadomo\u015bci\",\"Portal Gliwice - Wiadomo\u015bci lokalne\"],\"inLanguage\":\"pl-PL\",\"potentialAction\":[{\"@type\":\"CommentAction\",\"name\":\"Comment\",\"target\":[\"https:\\\/\\\/www.24gliwice.pl\\\/wiadomosci\\\/scisle-tajne-nowe-logo-miasta-umowa-skonczyla-sie-w-maju-a-projektow-nadal-nie-pokazano\\\/#respond\"]}]},{\"@type\":\"WebPage\",\"@id\":\"https:\\\/\\\/www.24gliwice.pl\\\/wiadomosci\\\/scisle-tajne-nowe-logo-miasta-umowa-skonczyla-sie-w-maju-a-projektow-nadal-nie-pokazano\\\/\",\"url\":\"https:\\\/\\\/www.24gliwice.pl\\\/wiadomosci\\\/scisle-tajne-nowe-logo-miasta-umowa-skonczyla-sie-w-maju-a-projektow-nadal-nie-pokazano\\\/\",\"name\":\"\u015aci\u015ble tajne nowe logo miasta. Umowa sko\u0144czy\u0142a si\u0119 w maju, a projekt\u00f3w nadal nie pokazano - 24GLIWICE - Portal Gliwice | codziennie nowe informacje\",\"isPartOf\":{\"@id\":\"https:\\\/\\\/www.24gliwice.pl\\\/wiadomosci\\\/#website\"},\"primaryImageOfPage\":{\"@id\":\"https:\\\/\\\/www.24gliwice.pl\\\/wiadomosci\\\/scisle-tajne-nowe-logo-miasta-umowa-skonczyla-sie-w-maju-a-projektow-nadal-nie-pokazano\\\/#primaryimage\"},\"image\":{\"@id\":\"https:\\\/\\\/www.24gliwice.pl\\\/wiadomosci\\\/scisle-tajne-nowe-logo-miasta-umowa-skonczyla-sie-w-maju-a-projektow-nadal-nie-pokazano\\\/#primaryimage\"},\"thumbnailUrl\":\"https:\\\/\\\/www.24gliwice.pl\\\/wiadomosci\\\/wp-content\\\/uploads\\\/2017\\\/07\\\/Screenshot_99.jpg\",\"datePublished\":\"2017-07-28T13:36:48+00:00\",\"dateModified\":\"2017-07-29T08:35:41+00:00\",\"breadcrumb\":{\"@id\":\"https:\\\/\\\/www.24gliwice.pl\\\/wiadomosci\\\/scisle-tajne-nowe-logo-miasta-umowa-skonczyla-sie-w-maju-a-projektow-nadal-nie-pokazano\\\/#breadcrumb\"},\"inLanguage\":\"pl-PL\",\"potentialAction\":[{\"@type\":\"ReadAction\",\"target\":[\"https:\\\/\\\/www.24gliwice.pl\\\/wiadomosci\\\/scisle-tajne-nowe-logo-miasta-umowa-skonczyla-sie-w-maju-a-projektow-nadal-nie-pokazano\\\/\"]}]},{\"@type\":\"ImageObject\",\"inLanguage\":\"pl-PL\",\"@id\":\"https:\\\/\\\/www.24gliwice.pl\\\/wiadomosci\\\/scisle-tajne-nowe-logo-miasta-umowa-skonczyla-sie-w-maju-a-projektow-nadal-nie-pokazano\\\/#primaryimage\",\"url\":\"https:\\\/\\\/www.24gliwice.pl\\\/wiadomosci\\\/wp-content\\\/uploads\\\/2017\\\/07\\\/Screenshot_99.jpg\",\"contentUrl\":\"https:\\\/\\\/www.24gliwice.pl\\\/wiadomosci\\\/wp-content\\\/uploads\\\/2017\\\/07\\\/Screenshot_99.jpg\",\"width\":928,\"height\":519},{\"@type\":\"BreadcrumbList\",\"@id\":\"https:\\\/\\\/www.24gliwice.pl\\\/wiadomosci\\\/scisle-tajne-nowe-logo-miasta-umowa-skonczyla-sie-w-maju-a-projektow-nadal-nie-pokazano\\\/#breadcrumb\",\"itemListElement\":[{\"@type\":\"ListItem\",\"position\":1,\"name\":\"Strona g\u0142\u00f3wna\",\"item\":\"https:\\\/\\\/www.24gliwice.pl\\\/wiadomosci\\\/\"},{\"@type\":\"ListItem\",\"position\":2,\"name\":\"\u015aci\u015ble tajne nowe logo miasta. Umowa sko\u0144czy\u0142a si\u0119 w maju, a projekt\u00f3w nadal nie pokazano\"}]},{\"@type\":\"WebSite\",\"@id\":\"https:\\\/\\\/www.24gliwice.pl\\\/wiadomosci\\\/#website\",\"url\":\"https:\\\/\\\/www.24gliwice.pl\\\/wiadomosci\\\/\",\"name\":\"24GLIWICE - Portal Gliwice | codziennie nowe wiadomo\u015bci\",\"description\":\"Portal Miejski Gliwice\",\"publisher\":{\"@id\":\"https:\\\/\\\/www.24gliwice.pl\\\/wiadomosci\\\/#organization\"},\"potentialAction\":[{\"@type\":\"SearchAction\",\"target\":{\"@type\":\"EntryPoint\",\"urlTemplate\":\"https:\\\/\\\/www.24gliwice.pl\\\/wiadomosci\\\/?s={search_term_string}\"},\"query-input\":{\"@type\":\"PropertyValueSpecification\",\"valueRequired\":true,\"valueName\":\"search_term_string\"}}],\"inLanguage\":\"pl-PL\"},{\"@type\":\"Organization\",\"@id\":\"https:\\\/\\\/www.24gliwice.pl\\\/wiadomosci\\\/#organization\",\"name\":\"24gliwice\",\"url\":\"https:\\\/\\\/www.24gliwice.pl\\\/wiadomosci\\\/\",\"logo\":{\"@type\":\"ImageObject\",\"inLanguage\":\"pl-PL\",\"@id\":\"https:\\\/\\\/www.24gliwice.pl\\\/wiadomosci\\\/#\\\/schema\\\/logo\\\/image\\\/\",\"url\":\"https:\\\/\\\/www.24gliwice.pl\\\/wiadomosci\\\/wp-content\\\/uploads\\\/2024\\\/10\\\/24gliwice-logo-696.jpg\",\"contentUrl\":\"https:\\\/\\\/www.24gliwice.pl\\\/wiadomosci\\\/wp-content\\\/uploads\\\/2024\\\/10\\\/24gliwice-logo-696.jpg\",\"width\":696,\"height\":696,\"caption\":\"24gliwice\"},\"image\":{\"@id\":\"https:\\\/\\\/www.24gliwice.pl\\\/wiadomosci\\\/#\\\/schema\\\/logo\\\/image\\\/\"},\"sameAs\":[\"https:\\\/\\\/www.facebook.com\\\/24gliwice\",\"https:\\\/\\\/x.com\\\/24gliwice\",\"https:\\\/\\\/www.youtube.com\\\/@24gliwice\"]},{\"@type\":\"Person\",\"@id\":\"https:\\\/\\\/www.24gliwice.pl\\\/wiadomosci\\\/#\\\/schema\\\/person\\\/e42c650edd7f2fa332be3811fb166b6e\",\"name\":\"\u017baneta Mrozek-Siewierska\",\"image\":{\"@type\":\"ImageObject\",\"inLanguage\":\"pl-PL\",\"@id\":\"https:\\\/\\\/secure.gravatar.com\\\/avatar\\\/1881429e9c64597c77ad7aef2d0a19be69a3253e57534d16aa15bf3a4d34a0a3?s=96&d=mm&r=g\",\"url\":\"https:\\\/\\\/secure.gravatar.com\\\/avatar\\\/1881429e9c64597c77ad7aef2d0a19be69a3253e57534d16aa15bf3a4d34a0a3?s=96&d=mm&r=g\",\"contentUrl\":\"https:\\\/\\\/secure.gravatar.com\\\/avatar\\\/1881429e9c64597c77ad7aef2d0a19be69a3253e57534d16aa15bf3a4d34a0a3?s=96&d=mm&r=g\",\"caption\":\"\u017baneta Mrozek-Siewierska\"},\"url\":\"https:\\\/\\\/www.24gliwice.pl\\\/wiadomosci\\\/author\\\/zms\\\/\"}]}<\/script>\n<!-- \/ Yoast SEO plugin. -->","yoast_head_json":{"title":"\u015aci\u015ble tajne nowe logo miasta. Umowa sko\u0144czy\u0142a si\u0119 w maju, a projekt\u00f3w nadal nie pokazano - 24GLIWICE - Portal Gliwice | codziennie nowe informacje","robots":{"index":"index","follow":"follow","max-snippet":"max-snippet:-1","max-image-preview":"max-image-preview:large","max-video-preview":"max-video-preview:-1"},"canonical":"https:\/\/www.24gliwice.pl\/wiadomosci\/scisle-tajne-nowe-logo-miasta-umowa-skonczyla-sie-w-maju-a-projektow-nadal-nie-pokazano\/","og_locale":"pl_PL","og_type":"article","og_title":"\u015aci\u015ble tajne nowe logo miasta. Umowa sko\u0144czy\u0142a si\u0119 w maju, a projekt\u00f3w nadal nie pokazano - 24GLIWICE - Portal Gliwice | codziennie nowe informacje","og_description":"W marcu miasto zawar\u0142o umow\u0119 z firm\u0105 reklamow\u0105 ze S\u0142upska na zaprojektowanie propozycji 2 nowych oraz lifting obecnego logo Gliwic. Mimo, \u017ce termin realizacji dawno ju\u017c min\u0105\u0142, przysz\u0142ej identyfikacji wizualnej nadal nie przedstawiono. Na wysy\u0142ane przez redakcj\u0119 24gliwice.pl szczeg\u00f3\u0142owe zapytania o t\u0119 kwesti\u0119, Wydzia\u0142 Kultury i Promocji Miasta Gliwice udziela\u0142 jedynie lakonicznych odpowiedzi, z kt\u00f3rych [&hellip;]","og_url":"https:\/\/www.24gliwice.pl\/wiadomosci\/scisle-tajne-nowe-logo-miasta-umowa-skonczyla-sie-w-maju-a-projektow-nadal-nie-pokazano\/","og_site_name":"24GLIWICE - Portal Gliwice | codziennie nowe informacje","article_publisher":"https:\/\/www.facebook.com\/24gliwice","article_published_time":"2017-07-28T13:36:48+00:00","article_modified_time":"2017-07-29T08:35:41+00:00","og_image":[{"width":928,"height":519,"url":"https:\/\/www.24gliwice.pl\/wiadomosci\/wp-content\/uploads\/2017\/07\/Screenshot_99.jpg","type":"image\/jpeg"}],"author":"\u017baneta Mrozek-Siewierska","twitter_card":"summary_large_image","twitter_creator":"@24gliwice","twitter_site":"@24gliwice","twitter_misc":{"Napisane przez":"\u017baneta Mrozek-Siewierska","Szacowany czas czytania":"3 minuty"},"schema":{"@context":"https:\/\/schema.org","@graph":[{"@type":"Article","@id":"https:\/\/www.24gliwice.pl\/wiadomosci\/scisle-tajne-nowe-logo-miasta-umowa-skonczyla-sie-w-maju-a-projektow-nadal-nie-pokazano\/#article","isPartOf":{"@id":"https:\/\/www.24gliwice.pl\/wiadomosci\/scisle-tajne-nowe-logo-miasta-umowa-skonczyla-sie-w-maju-a-projektow-nadal-nie-pokazano\/"},"author":{"name":"\u017baneta Mrozek-Siewierska","@id":"https:\/\/www.24gliwice.pl\/wiadomosci\/#\/schema\/person\/e42c650edd7f2fa332be3811fb166b6e"},"headline":"\u015aci\u015ble tajne nowe logo miasta. Umowa sko\u0144czy\u0142a si\u0119 w maju, a projekt\u00f3w nadal nie pokazano","datePublished":"2017-07-28T13:36:48+00:00","dateModified":"2017-07-29T08:35:41+00:00","mainEntityOfPage":{"@id":"https:\/\/www.24gliwice.pl\/wiadomosci\/scisle-tajne-nowe-logo-miasta-umowa-skonczyla-sie-w-maju-a-projektow-nadal-nie-pokazano\/"},"wordCount":624,"commentCount":0,"publisher":{"@id":"https:\/\/www.24gliwice.pl\/wiadomosci\/#organization"},"image":{"@id":"https:\/\/www.24gliwice.pl\/wiadomosci\/scisle-tajne-nowe-logo-miasta-umowa-skonczyla-sie-w-maju-a-projektow-nadal-nie-pokazano\/#primaryimage"},"thumbnailUrl":"https:\/\/www.24gliwice.pl\/wiadomosci\/wp-content\/uploads\/2017\/07\/Screenshot_99.jpg","keywords":["bartosz rybczak","identyfikacja graficzna","jan paj\u0105k","logo","logotyp","rio creativo","wydzia\u0142 kultury i promocji"],"articleSection":["Gliwice","Najnowsze wiadomo\u015bci","Portal Gliwice - Wiadomo\u015bci lokalne"],"inLanguage":"pl-PL","potentialAction":[{"@type":"CommentAction","name":"Comment","target":["https:\/\/www.24gliwice.pl\/wiadomosci\/scisle-tajne-nowe-logo-miasta-umowa-skonczyla-sie-w-maju-a-projektow-nadal-nie-pokazano\/#respond"]}]},{"@type":"WebPage","@id":"https:\/\/www.24gliwice.pl\/wiadomosci\/scisle-tajne-nowe-logo-miasta-umowa-skonczyla-sie-w-maju-a-projektow-nadal-nie-pokazano\/","url":"https:\/\/www.24gliwice.pl\/wiadomosci\/scisle-tajne-nowe-logo-miasta-umowa-skonczyla-sie-w-maju-a-projektow-nadal-nie-pokazano\/","name":"\u015aci\u015ble tajne nowe logo miasta. Umowa sko\u0144czy\u0142a si\u0119 w maju, a projekt\u00f3w nadal nie pokazano - 24GLIWICE - Portal Gliwice | codziennie nowe informacje","isPartOf":{"@id":"https:\/\/www.24gliwice.pl\/wiadomosci\/#website"},"primaryImageOfPage":{"@id":"https:\/\/www.24gliwice.pl\/wiadomosci\/scisle-tajne-nowe-logo-miasta-umowa-skonczyla-sie-w-maju-a-projektow-nadal-nie-pokazano\/#primaryimage"},"image":{"@id":"https:\/\/www.24gliwice.pl\/wiadomosci\/scisle-tajne-nowe-logo-miasta-umowa-skonczyla-sie-w-maju-a-projektow-nadal-nie-pokazano\/#primaryimage"},"thumbnailUrl":"https:\/\/www.24gliwice.pl\/wiadomosci\/wp-content\/uploads\/2017\/07\/Screenshot_99.jpg","datePublished":"2017-07-28T13:36:48+00:00","dateModified":"2017-07-29T08:35:41+00:00","breadcrumb":{"@id":"https:\/\/www.24gliwice.pl\/wiadomosci\/scisle-tajne-nowe-logo-miasta-umowa-skonczyla-sie-w-maju-a-projektow-nadal-nie-pokazano\/#breadcrumb"},"inLanguage":"pl-PL","potentialAction":[{"@type":"ReadAction","target":["https:\/\/www.24gliwice.pl\/wiadomosci\/scisle-tajne-nowe-logo-miasta-umowa-skonczyla-sie-w-maju-a-projektow-nadal-nie-pokazano\/"]}]},{"@type":"ImageObject","inLanguage":"pl-PL","@id":"https:\/\/www.24gliwice.pl\/wiadomosci\/scisle-tajne-nowe-logo-miasta-umowa-skonczyla-sie-w-maju-a-projektow-nadal-nie-pokazano\/#primaryimage","url":"https:\/\/www.24gliwice.pl\/wiadomosci\/wp-content\/uploads\/2017\/07\/Screenshot_99.jpg","contentUrl":"https:\/\/www.24gliwice.pl\/wiadomosci\/wp-content\/uploads\/2017\/07\/Screenshot_99.jpg","width":928,"height":519},{"@type":"BreadcrumbList","@id":"https:\/\/www.24gliwice.pl\/wiadomosci\/scisle-tajne-nowe-logo-miasta-umowa-skonczyla-sie-w-maju-a-projektow-nadal-nie-pokazano\/#breadcrumb","itemListElement":[{"@type":"ListItem","position":1,"name":"Strona g\u0142\u00f3wna","item":"https:\/\/www.24gliwice.pl\/wiadomosci\/"},{"@type":"ListItem","position":2,"name":"\u015aci\u015ble tajne nowe logo miasta. Umowa sko\u0144czy\u0142a si\u0119 w maju, a projekt\u00f3w nadal nie pokazano"}]},{"@type":"WebSite","@id":"https:\/\/www.24gliwice.pl\/wiadomosci\/#website","url":"https:\/\/www.24gliwice.pl\/wiadomosci\/","name":"24GLIWICE - Portal Gliwice | codziennie nowe wiadomo\u015bci","description":"Portal Miejski Gliwice","publisher":{"@id":"https:\/\/www.24gliwice.pl\/wiadomosci\/#organization"},"potentialAction":[{"@type":"SearchAction","target":{"@type":"EntryPoint","urlTemplate":"https:\/\/www.24gliwice.pl\/wiadomosci\/?s={search_term_string}"},"query-input":{"@type":"PropertyValueSpecification","valueRequired":true,"valueName":"search_term_string"}}],"inLanguage":"pl-PL"},{"@type":"Organization","@id":"https:\/\/www.24gliwice.pl\/wiadomosci\/#organization","name":"24gliwice","url":"https:\/\/www.24gliwice.pl\/wiadomosci\/","logo":{"@type":"ImageObject","inLanguage":"pl-PL","@id":"https:\/\/www.24gliwice.pl\/wiadomosci\/#\/schema\/logo\/image\/","url":"https:\/\/www.24gliwice.pl\/wiadomosci\/wp-content\/uploads\/2024\/10\/24gliwice-logo-696.jpg","contentUrl":"https:\/\/www.24gliwice.pl\/wiadomosci\/wp-content\/uploads\/2024\/10\/24gliwice-logo-696.jpg","width":696,"height":696,"caption":"24gliwice"},"image":{"@id":"https:\/\/www.24gliwice.pl\/wiadomosci\/#\/schema\/logo\/image\/"},"sameAs":["https:\/\/www.facebook.com\/24gliwice","https:\/\/x.com\/24gliwice","https:\/\/www.youtube.com\/@24gliwice"]},{"@type":"Person","@id":"https:\/\/www.24gliwice.pl\/wiadomosci\/#\/schema\/person\/e42c650edd7f2fa332be3811fb166b6e","name":"\u017baneta Mrozek-Siewierska","image":{"@type":"ImageObject","inLanguage":"pl-PL","@id":"https:\/\/secure.gravatar.com\/avatar\/1881429e9c64597c77ad7aef2d0a19be69a3253e57534d16aa15bf3a4d34a0a3?s=96&d=mm&r=g","url":"https:\/\/secure.gravatar.com\/avatar\/1881429e9c64597c77ad7aef2d0a19be69a3253e57534d16aa15bf3a4d34a0a3?s=96&d=mm&r=g","contentUrl":"https:\/\/secure.gravatar.com\/avatar\/1881429e9c64597c77ad7aef2d0a19be69a3253e57534d16aa15bf3a4d34a0a3?s=96&d=mm&r=g","caption":"\u017baneta Mrozek-Siewierska"},"url":"https:\/\/www.24gliwice.pl\/wiadomosci\/author\/zms\/"}]}},"_links":{"self":[{"href":"https:\/\/www.24gliwice.pl\/wiadomosci\/wp-json\/wp\/v2\/posts\/102420","targetHints":{"allow":["GET"]}}],"collection":[{"href":"https:\/\/www.24gliwice.pl\/wiadomosci\/wp-json\/wp\/v2\/posts"}],"about":[{"href":"https:\/\/www.24gliwice.pl\/wiadomosci\/wp-json\/wp\/v2\/types\/post"}],"author":[{"embeddable":true,"href":"https:\/\/www.24gliwice.pl\/wiadomosci\/wp-json\/wp\/v2\/users\/15"}],"replies":[{"embeddable":true,"href":"https:\/\/www.24gliwice.pl\/wiadomosci\/wp-json\/wp\/v2\/comments?post=102420"}],"version-history":[{"count":0,"href":"https:\/\/www.24gliwice.pl\/wiadomosci\/wp-json\/wp\/v2\/posts\/102420\/revisions"}],"wp:featuredmedia":[{"embeddable":true,"href":"https:\/\/www.24gliwice.pl\/wiadomosci\/wp-json\/wp\/v2\/media\/102494"}],"wp:attachment":[{"href":"https:\/\/www.24gliwice.pl\/wiadomosci\/wp-json\/wp\/v2\/media?parent=102420"}],"wp:term":[{"taxonomy":"category","embeddable":true,"href":"https:\/\/www.24gliwice.pl\/wiadomosci\/wp-json\/wp\/v2\/categories?post=102420"},{"taxonomy":"post_tag","embeddable":true,"href":"https:\/\/www.24gliwice.pl\/wiadomosci\/wp-json\/wp\/v2\/tags?post=102420"}],"curies":[{"name":"wp","href":"https:\/\/api.w.org\/{rel}","templated":true}]}}