{"id":102536,"date":"2017-08-02T02:27:04","date_gmt":"2017-08-02T00:27:04","guid":{"rendered":"http:\/\/www.24gliwice.pl\/wiadomosci\/?p=102536"},"modified":"2017-08-02T02:27:04","modified_gmt":"2017-08-02T00:27:04","slug":"centrum-miasta-w-nowym-swietle-wroclawska-na-chlodno-cieplej-na-wyszynskiego","status":"publish","type":"post","link":"https:\/\/www.24gliwice.pl\/wiadomosci\/centrum-miasta-w-nowym-swietle-wroclawska-na-chlodno-cieplej-na-wyszynskiego\/","title":{"rendered":"Centrum miasta w nowym \u015bwietle. Wroc\u0142awska na ch\u0142odno, cieplej na Wyszy\u0144skiego"},"content":{"rendered":"<div class=\"gliwi-a6-nad-leadem-artykulow gliwi-entity-placement\" id=\"gliwi-3599977094\"><div class=\"gliwi-adlabel\"><span style=\"font-size: 9px\">REKLAMA<\/span><\/div><div id=\"gliwi-715109857\" style=\"margin-bottom: 30px;margin-left: auto;margin-right: auto;text-align: center;\"><a data-no-instant=\"1\" href=\"https:\/\/przedszkole.halogen.org.pl\/\" rel=\"noopener\" class=\"a2t-link\" target=\"_blank\" aria-label=\"20260402-ANIMATOR-przedszkole_grafika_750x200\"><img loading=\"lazy\" decoding=\"async\" src=\"https:\/\/www.24gliwice.pl\/wiadomosci\/wp-content\/uploads\/2026\/04\/20260402-ANIMATOR-przedszkole_grafika_750x200.webp\" alt=\"\"  srcset=\"https:\/\/www.24gliwice.pl\/wiadomosci\/wp-content\/uploads\/2026\/04\/20260402-ANIMATOR-przedszkole_grafika_750x200.webp 750w, https:\/\/www.24gliwice.pl\/wiadomosci\/wp-content\/uploads\/2026\/04\/20260402-ANIMATOR-przedszkole_grafika_750x200-410x109.webp 410w\" sizes=\"(max-width: 750px) 100vw, 750px\" class=\"no-lazyload\" width=\"750\" height=\"200\"  style=\"display: inline-block; max-width: 100%; height: auto;\" \/><\/a><\/div><\/div><h4>Ulice Wroc\u0142awska, Strzody, Wyszy\u0144skiego i plac Pi\u0142sudskiego wkr\u00f3tce doczekaj\u0105 si\u0119 nowego o\u015bwietlenia ulicznego.<\/h4>\n<p>Miasto rusza z kolejnym etapem Masterplanu, kt\u00f3ry ma zmniejszy\u0107 zu\u017cycie energii i uporz\u0105dkowa\u0107 charakter miejskiego o\u015bwietlenia.<\/p>\n<p>&#8220;Masterplan O\u015bwietlenia Obszaru Miejskiego Miasta Gliwice&#8221; (wykonany na zlecenie Miasta za 500 tysi\u0119cy z\u0142otych) powsta\u0142 ju\u017c w 2013 roku. [perfectpullquote align=&#8221;full&#8221; cite=&#8221;&#8221; link=&#8221;&#8221; color=&#8221;&#8221; class=&#8221;&#8221; size=&#8221;&#8221;]Na pierwszy ogie\u0144 posz\u0142a ul. Pszczy\u0144ska, gdzie wymieniono 165 latarni, a arteria uzyska\u0142a charakterystyczn\u0105 ch\u0142odn\u0105, ledow\u0105 barw\u0119. Nie jest ona przypadkowa.[\/perfectpullquote]\n<p>Zgodnie z za\u0142o\u017ceniem projektu takie o\u015bwietlenie ma towarzyszy\u0107 g\u0142\u00f3wnym arteriom komunikacyjnym Gliwic. Im bli\u017cej star\u00f3wki tym \u015bwiat\u0142o ma stawa\u0107 si\u0119 cieplejsze, osi\u0105gaj\u0105c w samym jej centrum pomara\u0144czow\u0105, ciep\u0142\u0105 barw\u0119, kojarz\u0105c\u0105 si\u0119 &#8211; jak wskazuj\u0105 urz\u0119dnicy &#8211; z ogniem \u0142uczywa.<\/p><div class=\"gliwi-a3-w-tresci-artykulow gliwi-entity-placement\" id=\"gliwi-3778543578\"><div class=\"gliwi-adlabel\"><span style=\"font-size: 9px\">REKLAMA<\/span><\/div><div id=\"gliwi-2707100507\" style=\"margin-bottom: 30px;margin-left: auto;margin-right: auto;text-align: center;\"><a data-no-instant=\"1\" href=\"https:\/\/zlobek.halogen.org.pl\/\" rel=\"noopener\" class=\"a2t-link\" target=\"_blank\" aria-label=\"animator-zlobek_750x200\"><img loading=\"lazy\" decoding=\"async\" src=\"https:\/\/www.24gliwice.pl\/wiadomosci\/wp-content\/uploads\/2026\/02\/animator-zlobek_750x200.webp\" alt=\"\"  srcset=\"https:\/\/www.24gliwice.pl\/wiadomosci\/wp-content\/uploads\/2026\/02\/animator-zlobek_750x200.webp 750w, https:\/\/www.24gliwice.pl\/wiadomosci\/wp-content\/uploads\/2026\/02\/animator-zlobek_750x200-410x109.webp 410w\" sizes=\"(max-width: 750px) 100vw, 750px\" class=\"no-lazyload\" width=\"750\" height=\"200\"  style=\"display: inline-block; max-width: 100%; height: auto;\" \/><\/a><\/div><\/div>\n<p>W ostatnich miesi\u0105cach, w ramach projektu przeprowadzono m.in. wymian\u0119 o\u015bwietlenia ulicy Zwyci\u0119stwa. Modernizacja ta wzbudzi\u0142a jednak sporo emocji. Dla jednych doda\u0142a najwa\u017cniejszej arterii miasta elegancji, ale wed\u0142ug innych, po remoncie na reprezentacyjnej ulicy jest po prostu ciemno. Urz\u0119dnicy t\u0142umacz\u0105, \u017ce inwestycja pozwoli\u0142a na ograniczenie efektu tzw. &#8220;za\u015bmiecania \u015bwiat\u0142em&#8221;. To zreszt\u0105, opr\u00f3cz oszcz\u0119dno\u015bci by\u0142 jeden z g\u0142\u00f3wnych cel\u00f3w przedsi\u0119wzi\u0119cia.<\/p>\n<p><img loading=\"lazy\" decoding=\"async\" src=\"http:\/\/www.24gliwice.pl\/wiadomosci\/wp-content\/uploads\/2016\/06\/latarnie.jpg\" alt=\"\" width=\"810\" height=\"456\" class=\"aligncenter size-full wp-image-85001\" srcset=\"https:\/\/www.24gliwice.pl\/wiadomosci\/wp-content\/uploads\/2016\/06\/latarnie.jpg 810w, https:\/\/www.24gliwice.pl\/wiadomosci\/wp-content\/uploads\/2016\/06\/latarnie-410x232.jpg 410w, https:\/\/www.24gliwice.pl\/wiadomosci\/wp-content\/uploads\/2016\/06\/latarnie-768x432.jpg 768w, https:\/\/www.24gliwice.pl\/wiadomosci\/wp-content\/uploads\/2016\/06\/latarnie-808x455.jpg 808w, https:\/\/www.24gliwice.pl\/wiadomosci\/wp-content\/uploads\/2016\/06\/latarnie-800x450.jpg 800w, https:\/\/www.24gliwice.pl\/wiadomosci\/wp-content\/uploads\/2016\/06\/latarnie-600x338.jpg 600w\" sizes=\"auto, (max-width: 810px) 100vw, 810px\" \/><\/p>\n<p>\u2013 Zadaniem Masterplanu, jako d\u0142ugookresowego narz\u0119dzia planistycznego, jest stworzenie podstaw do uporz\u0105dkowania struktury o\u015bwietlenia w Gliwicach, nadanie mu swoistego charakteru i klimatu \u015bwietlnego, u\u0142atwienie orientacji i czytelno\u015bci w przestrzeni oraz podniesienie og\u00f3lnej jako\u015bci o\u015bwietlenia publicznego \u2013 wyja\u015bnia\u0142a w chwili og\u0142oszenia Masterplanu, w 2013 roku <strong>Mariola Pendzia\u0142ek<\/strong>, naczelnik Wydzia\u0142u Przedsi\u0119wzi\u0119\u0107 Gospodarczych i Us\u0142ug Komunalnych Urz\u0119du Miejskiego w Gliwicach.<\/p>\n[perfectpullquote align=&#8221;full&#8221; cite=&#8221;&#8221; link=&#8221;&#8221; color=&#8221;&#8221; class=&#8221;&#8221; size=&#8221;&#8221;]Tegoroczna kontynuacja pomys\u0142u obejmie kolejne ulice w centrum Gliwic. W najbli\u017cszych dniach maj\u0105 zosta\u0107 rozstrzygni\u0119te przetargi na modernizacj\u0105 o\u015bwietlenia ul. Wroc\u0142awskiej, Strzody, Wyszy\u0144skiego i placu Pi\u0142sudskiego.[\/perfectpullquote]\n<p>W przypadku tej pierwszej, przeprowadzona zostanie budowa nowego o\u015bwietlenia LED nawi\u0105zuj\u0105cego wygl\u0105dem do zainstalowanych s\u0142up\u00f3w i opraw istniej\u0105cych ju\u017c m.in. na ul. Pszczy\u0144skiej czy w rejonie ulic Akademickiej, Kujawskiej, Panewnickiej i na DT\u015a.<\/p>\n<p>Do momentu rozstrzygni\u0119cia przetargu trudno oszacowa\u0107 koszt inwestycji. Przyk\u0142adowo, wiadomo \u017ce modernizacja o\u015bwietlenia ulicy Pszczy\u0144skiej poch\u0142on\u0119\u0142a 1,2 mln z\u0142otych. W zamian maj\u0105 przyj\u015b\u0107 spore oszcz\u0119dno\u015bci. A te urz\u0119dnicy wskazuj\u0105 w\u0142a\u015bnie na przyk\u0142adzie Pszczy\u0144skiej. Przed modernizacj\u0105 zu\u017cycie energii utrzymywane by\u0142o tu na poziomie 160 tys. kWh, a po wymianie to ok. 91 tys. kWh. Koszty zu\u017cywanej energii zmala\u0142y o ok. 30 tys. z\u0142 rocznie.<\/p>\n<p>W kolejnym etapie &#8220;Masterplanu&#8221; Magistrat planuje modernizacj\u0119 o\u015bwietlenia na ul. Rybnickiej, Tarnog\u00f3rskiej i Dworcowej. Projekt realizowany jest sukcesywnie wraz z otrzymywaniem \u015brodk\u00f3w unijnych, kt\u00f3re wed\u0142ug pierwotnych za\u0142o\u017ce\u0144 mia\u0142y pokry\u0107 do 85% budowy o\u015bwietlenia.<\/p>\n<p>Micha\u0142 Szewczyk<\/p>\n<div class=\"gliwi-a5-na-koncu-artykulow gliwi-entity-placement\" id=\"gliwi-2066293442\"><div class=\"gliwi-adlabel\"><span style=\"font-size: 9px\">REKLAMA<\/span><\/div><div id=\"gliwi-2219259365\" style=\"margin-left: auto;margin-right: auto;text-align: center;\"><a data-no-instant=\"1\" href=\"https:\/\/www.jasek.pl\/\" rel=\"noopener\" class=\"a2t-link\" target=\"_blank\" aria-label=\"20200401-jasek 600\"><img loading=\"lazy\" decoding=\"async\" src=\"https:\/\/www.24gliwice.pl\/wiadomosci\/wp-content\/uploads\/2020\/04\/20200401-jasek-600.jpg\" alt=\"\"  srcset=\"https:\/\/www.24gliwice.pl\/wiadomosci\/wp-content\/uploads\/2020\/04\/20200401-jasek-600.jpg 600w, https:\/\/www.24gliwice.pl\/wiadomosci\/wp-content\/uploads\/2020\/04\/20200401-jasek-600-410x109.jpg 410w\" sizes=\"(max-width: 600px) 100vw, 600px\" class=\"no-lazyload\" width=\"600\" height=\"160\"  style=\"display: inline-block; max-width: 100%; height: auto;\" \/><\/a><\/div><\/div>","protected":false},"excerpt":{"rendered":"<p>Ulice Wroc\u0142awska, Strzody, Wyszy\u0144skiego i plac Pi\u0142sudskiego wkr\u00f3tce doczekaj\u0105 si\u0119 nowego o\u015bwietlenia ulicznego. Miasto rusza z kolejnym etapem Masterplanu, kt\u00f3ry ma zmniejszy\u0107 zu\u017cycie energii i uporz\u0105dkowa\u0107 charakter miejskiego o\u015bwietlenia. &#8220;Masterplan O\u015bwietlenia Obszaru Miejskiego Miasta Gliwice&#8221; (wykonany na zlecenie Miasta za 500 tysi\u0119cy z\u0142otych) powsta\u0142 ju\u017c w 2013 roku. [perfectpullquote align=&#8221;full&#8221; cite=&#8221;&#8221; link=&#8221;&#8221; color=&#8221;&#8221; class=&#8221;&#8221; size=&#8221;&#8221;]Na [&hellip;]<\/p>\n","protected":false},"author":12,"featured_media":102549,"comment_status":"open","ping_status":"closed","sticky":false,"template":"","format":"standard","meta":{"_monsterinsights_skip_tracking":false,"_monsterinsights_sitenote_active":false,"_monsterinsights_sitenote_note":"","_monsterinsights_sitenote_category":0,"footnotes":"","_links_to":"","_links_to_target":""},"categories":[3,1,9],"tags":[8035,5059,5129,5058],"class_list":["post-102536","post","type-post","status-publish","format-standard","has-post-thumbnail","hentry","category-gliwice","category-wszystko","category-aktualnosci_lokalne","tag-lampy","tag-latarnie","tag-masterplan","tag-oswietlenie"],"yoast_head":"<!-- This site is optimized with the Yoast SEO plugin v27.5 - https:\/\/yoast.com\/product\/yoast-seo-wordpress\/ -->\n<title>Centrum miasta w nowym \u015bwietle. Wroc\u0142awska na ch\u0142odno, cieplej na Wyszy\u0144skiego - 24GLIWICE - Portal Gliwice | codziennie nowe informacje<\/title>\n<meta name=\"robots\" content=\"index, follow, max-snippet:-1, max-image-preview:large, max-video-preview:-1\" \/>\n<link rel=\"canonical\" href=\"https:\/\/www.24gliwice.pl\/wiadomosci\/centrum-miasta-w-nowym-swietle-wroclawska-na-chlodno-cieplej-na-wyszynskiego\/\" \/>\n<meta property=\"og:locale\" content=\"pl_PL\" \/>\n<meta property=\"og:type\" content=\"article\" \/>\n<meta property=\"og:title\" content=\"Centrum miasta w nowym \u015bwietle. Wroc\u0142awska na ch\u0142odno, cieplej na Wyszy\u0144skiego - 24GLIWICE - Portal Gliwice | codziennie nowe informacje\" \/>\n<meta property=\"og:description\" content=\"Ulice Wroc\u0142awska, Strzody, Wyszy\u0144skiego i plac Pi\u0142sudskiego wkr\u00f3tce doczekaj\u0105 si\u0119 nowego o\u015bwietlenia ulicznego. Miasto rusza z kolejnym etapem Masterplanu, kt\u00f3ry ma zmniejszy\u0107 zu\u017cycie energii i uporz\u0105dkowa\u0107 charakter miejskiego o\u015bwietlenia. &#8220;Masterplan O\u015bwietlenia Obszaru Miejskiego Miasta Gliwice&#8221; (wykonany na zlecenie Miasta za 500 tysi\u0119cy z\u0142otych) powsta\u0142 ju\u017c w 2013 roku. [perfectpullquote align=&#8221;full&#8221; cite=&#8221;&#8221; link=&#8221;&#8221; color=&#8221;&#8221; class=&#8221;&#8221; size=&#8221;&#8221;]Na [&hellip;]\" \/>\n<meta property=\"og:url\" content=\"https:\/\/www.24gliwice.pl\/wiadomosci\/centrum-miasta-w-nowym-swietle-wroclawska-na-chlodno-cieplej-na-wyszynskiego\/\" \/>\n<meta property=\"og:site_name\" content=\"24GLIWICE - Portal Gliwice | codziennie nowe informacje\" \/>\n<meta property=\"article:publisher\" content=\"https:\/\/www.facebook.com\/24gliwice\" \/>\n<meta property=\"article:published_time\" content=\"2017-08-02T00:27:04+00:00\" \/>\n<meta property=\"og:image\" content=\"https:\/\/www.24gliwice.pl\/wiadomosci\/wp-content\/uploads\/2017\/08\/1-Screenshot_4.jpg\" \/>\n\t<meta property=\"og:image:width\" content=\"810\" \/>\n\t<meta property=\"og:image:height\" content=\"449\" \/>\n\t<meta property=\"og:image:type\" content=\"image\/jpeg\" \/>\n<meta name=\"author\" content=\"Micha\u0142 Szewczyk\" \/>\n<meta name=\"twitter:card\" content=\"summary_large_image\" \/>\n<meta name=\"twitter:creator\" content=\"@24gliwice\" \/>\n<meta name=\"twitter:site\" content=\"@24gliwice\" \/>\n<meta name=\"twitter:label1\" content=\"Napisane przez\" \/>\n\t<meta name=\"twitter:data1\" content=\"Micha\u0142 Szewczyk\" \/>\n\t<meta name=\"twitter:label2\" content=\"Szacowany czas czytania\" \/>\n\t<meta name=\"twitter:data2\" content=\"2 minuty\" \/>\n<script type=\"application\/ld+json\" class=\"yoast-schema-graph\">{\"@context\":\"https:\\\/\\\/schema.org\",\"@graph\":[{\"@type\":\"Article\",\"@id\":\"https:\\\/\\\/www.24gliwice.pl\\\/wiadomosci\\\/centrum-miasta-w-nowym-swietle-wroclawska-na-chlodno-cieplej-na-wyszynskiego\\\/#article\",\"isPartOf\":{\"@id\":\"https:\\\/\\\/www.24gliwice.pl\\\/wiadomosci\\\/centrum-miasta-w-nowym-swietle-wroclawska-na-chlodno-cieplej-na-wyszynskiego\\\/\"},\"author\":{\"name\":\"Micha\u0142 Szewczyk\",\"@id\":\"https:\\\/\\\/www.24gliwice.pl\\\/wiadomosci\\\/#\\\/schema\\\/person\\\/940e8f8a097e322de4f463f061ef8d45\"},\"headline\":\"Centrum miasta w nowym \u015bwietle. Wroc\u0142awska na ch\u0142odno, cieplej na Wyszy\u0144skiego\",\"datePublished\":\"2017-08-02T00:27:04+00:00\",\"mainEntityOfPage\":{\"@id\":\"https:\\\/\\\/www.24gliwice.pl\\\/wiadomosci\\\/centrum-miasta-w-nowym-swietle-wroclawska-na-chlodno-cieplej-na-wyszynskiego\\\/\"},\"wordCount\":509,\"commentCount\":0,\"publisher\":{\"@id\":\"https:\\\/\\\/www.24gliwice.pl\\\/wiadomosci\\\/#organization\"},\"image\":{\"@id\":\"https:\\\/\\\/www.24gliwice.pl\\\/wiadomosci\\\/centrum-miasta-w-nowym-swietle-wroclawska-na-chlodno-cieplej-na-wyszynskiego\\\/#primaryimage\"},\"thumbnailUrl\":\"https:\\\/\\\/www.24gliwice.pl\\\/wiadomosci\\\/wp-content\\\/uploads\\\/2017\\\/08\\\/1-Screenshot_4.jpg\",\"keywords\":[\"lampy\",\"latarnie\",\"masterplan\",\"O\u015aWIETLENIE\"],\"articleSection\":[\"Gliwice\",\"Najnowsze wiadomo\u015bci\",\"Portal Gliwice - Wiadomo\u015bci lokalne\"],\"inLanguage\":\"pl-PL\",\"potentialAction\":[{\"@type\":\"CommentAction\",\"name\":\"Comment\",\"target\":[\"https:\\\/\\\/www.24gliwice.pl\\\/wiadomosci\\\/centrum-miasta-w-nowym-swietle-wroclawska-na-chlodno-cieplej-na-wyszynskiego\\\/#respond\"]}]},{\"@type\":\"WebPage\",\"@id\":\"https:\\\/\\\/www.24gliwice.pl\\\/wiadomosci\\\/centrum-miasta-w-nowym-swietle-wroclawska-na-chlodno-cieplej-na-wyszynskiego\\\/\",\"url\":\"https:\\\/\\\/www.24gliwice.pl\\\/wiadomosci\\\/centrum-miasta-w-nowym-swietle-wroclawska-na-chlodno-cieplej-na-wyszynskiego\\\/\",\"name\":\"Centrum miasta w nowym \u015bwietle. Wroc\u0142awska na ch\u0142odno, cieplej na Wyszy\u0144skiego - 24GLIWICE - Portal Gliwice | codziennie nowe informacje\",\"isPartOf\":{\"@id\":\"https:\\\/\\\/www.24gliwice.pl\\\/wiadomosci\\\/#website\"},\"primaryImageOfPage\":{\"@id\":\"https:\\\/\\\/www.24gliwice.pl\\\/wiadomosci\\\/centrum-miasta-w-nowym-swietle-wroclawska-na-chlodno-cieplej-na-wyszynskiego\\\/#primaryimage\"},\"image\":{\"@id\":\"https:\\\/\\\/www.24gliwice.pl\\\/wiadomosci\\\/centrum-miasta-w-nowym-swietle-wroclawska-na-chlodno-cieplej-na-wyszynskiego\\\/#primaryimage\"},\"thumbnailUrl\":\"https:\\\/\\\/www.24gliwice.pl\\\/wiadomosci\\\/wp-content\\\/uploads\\\/2017\\\/08\\\/1-Screenshot_4.jpg\",\"datePublished\":\"2017-08-02T00:27:04+00:00\",\"breadcrumb\":{\"@id\":\"https:\\\/\\\/www.24gliwice.pl\\\/wiadomosci\\\/centrum-miasta-w-nowym-swietle-wroclawska-na-chlodno-cieplej-na-wyszynskiego\\\/#breadcrumb\"},\"inLanguage\":\"pl-PL\",\"potentialAction\":[{\"@type\":\"ReadAction\",\"target\":[\"https:\\\/\\\/www.24gliwice.pl\\\/wiadomosci\\\/centrum-miasta-w-nowym-swietle-wroclawska-na-chlodno-cieplej-na-wyszynskiego\\\/\"]}]},{\"@type\":\"ImageObject\",\"inLanguage\":\"pl-PL\",\"@id\":\"https:\\\/\\\/www.24gliwice.pl\\\/wiadomosci\\\/centrum-miasta-w-nowym-swietle-wroclawska-na-chlodno-cieplej-na-wyszynskiego\\\/#primaryimage\",\"url\":\"https:\\\/\\\/www.24gliwice.pl\\\/wiadomosci\\\/wp-content\\\/uploads\\\/2017\\\/08\\\/1-Screenshot_4.jpg\",\"contentUrl\":\"https:\\\/\\\/www.24gliwice.pl\\\/wiadomosci\\\/wp-content\\\/uploads\\\/2017\\\/08\\\/1-Screenshot_4.jpg\",\"width\":810,\"height\":449},{\"@type\":\"BreadcrumbList\",\"@id\":\"https:\\\/\\\/www.24gliwice.pl\\\/wiadomosci\\\/centrum-miasta-w-nowym-swietle-wroclawska-na-chlodno-cieplej-na-wyszynskiego\\\/#breadcrumb\",\"itemListElement\":[{\"@type\":\"ListItem\",\"position\":1,\"name\":\"Strona g\u0142\u00f3wna\",\"item\":\"https:\\\/\\\/www.24gliwice.pl\\\/wiadomosci\\\/\"},{\"@type\":\"ListItem\",\"position\":2,\"name\":\"Centrum miasta w nowym \u015bwietle. Wroc\u0142awska na ch\u0142odno, cieplej na Wyszy\u0144skiego\"}]},{\"@type\":\"WebSite\",\"@id\":\"https:\\\/\\\/www.24gliwice.pl\\\/wiadomosci\\\/#website\",\"url\":\"https:\\\/\\\/www.24gliwice.pl\\\/wiadomosci\\\/\",\"name\":\"24GLIWICE - Portal Gliwice | codziennie nowe wiadomo\u015bci\",\"description\":\"Portal Miejski Gliwice\",\"publisher\":{\"@id\":\"https:\\\/\\\/www.24gliwice.pl\\\/wiadomosci\\\/#organization\"},\"potentialAction\":[{\"@type\":\"SearchAction\",\"target\":{\"@type\":\"EntryPoint\",\"urlTemplate\":\"https:\\\/\\\/www.24gliwice.pl\\\/wiadomosci\\\/?s={search_term_string}\"},\"query-input\":{\"@type\":\"PropertyValueSpecification\",\"valueRequired\":true,\"valueName\":\"search_term_string\"}}],\"inLanguage\":\"pl-PL\"},{\"@type\":\"Organization\",\"@id\":\"https:\\\/\\\/www.24gliwice.pl\\\/wiadomosci\\\/#organization\",\"name\":\"24gliwice\",\"url\":\"https:\\\/\\\/www.24gliwice.pl\\\/wiadomosci\\\/\",\"logo\":{\"@type\":\"ImageObject\",\"inLanguage\":\"pl-PL\",\"@id\":\"https:\\\/\\\/www.24gliwice.pl\\\/wiadomosci\\\/#\\\/schema\\\/logo\\\/image\\\/\",\"url\":\"https:\\\/\\\/www.24gliwice.pl\\\/wiadomosci\\\/wp-content\\\/uploads\\\/2024\\\/10\\\/24gliwice-logo-696.jpg\",\"contentUrl\":\"https:\\\/\\\/www.24gliwice.pl\\\/wiadomosci\\\/wp-content\\\/uploads\\\/2024\\\/10\\\/24gliwice-logo-696.jpg\",\"width\":696,\"height\":696,\"caption\":\"24gliwice\"},\"image\":{\"@id\":\"https:\\\/\\\/www.24gliwice.pl\\\/wiadomosci\\\/#\\\/schema\\\/logo\\\/image\\\/\"},\"sameAs\":[\"https:\\\/\\\/www.facebook.com\\\/24gliwice\",\"https:\\\/\\\/x.com\\\/24gliwice\",\"https:\\\/\\\/www.youtube.com\\\/@24gliwice\"]},{\"@type\":\"Person\",\"@id\":\"https:\\\/\\\/www.24gliwice.pl\\\/wiadomosci\\\/#\\\/schema\\\/person\\\/940e8f8a097e322de4f463f061ef8d45\",\"name\":\"Micha\u0142 Szewczyk\",\"image\":{\"@type\":\"ImageObject\",\"inLanguage\":\"pl-PL\",\"@id\":\"https:\\\/\\\/secure.gravatar.com\\\/avatar\\\/771b8b6c74cd8d255e46392d605e01a86133900ef09b6ef3c8d451c9d92288cf?s=96&d=mm&r=g\",\"url\":\"https:\\\/\\\/secure.gravatar.com\\\/avatar\\\/771b8b6c74cd8d255e46392d605e01a86133900ef09b6ef3c8d451c9d92288cf?s=96&d=mm&r=g\",\"contentUrl\":\"https:\\\/\\\/secure.gravatar.com\\\/avatar\\\/771b8b6c74cd8d255e46392d605e01a86133900ef09b6ef3c8d451c9d92288cf?s=96&d=mm&r=g\",\"caption\":\"Micha\u0142 Szewczyk\"},\"sameAs\":[\"http:\\\/\\\/www.gazeta-miejska.pl\"],\"url\":\"https:\\\/\\\/www.24gliwice.pl\\\/wiadomosci\\\/author\\\/michal-szewczyk\\\/\"}]}<\/script>\n<!-- \/ Yoast SEO plugin. -->","yoast_head_json":{"title":"Centrum miasta w nowym \u015bwietle. Wroc\u0142awska na ch\u0142odno, cieplej na Wyszy\u0144skiego - 24GLIWICE - Portal Gliwice | codziennie nowe informacje","robots":{"index":"index","follow":"follow","max-snippet":"max-snippet:-1","max-image-preview":"max-image-preview:large","max-video-preview":"max-video-preview:-1"},"canonical":"https:\/\/www.24gliwice.pl\/wiadomosci\/centrum-miasta-w-nowym-swietle-wroclawska-na-chlodno-cieplej-na-wyszynskiego\/","og_locale":"pl_PL","og_type":"article","og_title":"Centrum miasta w nowym \u015bwietle. Wroc\u0142awska na ch\u0142odno, cieplej na Wyszy\u0144skiego - 24GLIWICE - Portal Gliwice | codziennie nowe informacje","og_description":"Ulice Wroc\u0142awska, Strzody, Wyszy\u0144skiego i plac Pi\u0142sudskiego wkr\u00f3tce doczekaj\u0105 si\u0119 nowego o\u015bwietlenia ulicznego. Miasto rusza z kolejnym etapem Masterplanu, kt\u00f3ry ma zmniejszy\u0107 zu\u017cycie energii i uporz\u0105dkowa\u0107 charakter miejskiego o\u015bwietlenia. &#8220;Masterplan O\u015bwietlenia Obszaru Miejskiego Miasta Gliwice&#8221; (wykonany na zlecenie Miasta za 500 tysi\u0119cy z\u0142otych) powsta\u0142 ju\u017c w 2013 roku. [perfectpullquote align=&#8221;full&#8221; cite=&#8221;&#8221; link=&#8221;&#8221; color=&#8221;&#8221; class=&#8221;&#8221; size=&#8221;&#8221;]Na [&hellip;]","og_url":"https:\/\/www.24gliwice.pl\/wiadomosci\/centrum-miasta-w-nowym-swietle-wroclawska-na-chlodno-cieplej-na-wyszynskiego\/","og_site_name":"24GLIWICE - Portal Gliwice | codziennie nowe informacje","article_publisher":"https:\/\/www.facebook.com\/24gliwice","article_published_time":"2017-08-02T00:27:04+00:00","og_image":[{"width":810,"height":449,"url":"https:\/\/www.24gliwice.pl\/wiadomosci\/wp-content\/uploads\/2017\/08\/1-Screenshot_4.jpg","type":"image\/jpeg"}],"author":"Micha\u0142 Szewczyk","twitter_card":"summary_large_image","twitter_creator":"@24gliwice","twitter_site":"@24gliwice","twitter_misc":{"Napisane przez":"Micha\u0142 Szewczyk","Szacowany czas czytania":"2 minuty"},"schema":{"@context":"https:\/\/schema.org","@graph":[{"@type":"Article","@id":"https:\/\/www.24gliwice.pl\/wiadomosci\/centrum-miasta-w-nowym-swietle-wroclawska-na-chlodno-cieplej-na-wyszynskiego\/#article","isPartOf":{"@id":"https:\/\/www.24gliwice.pl\/wiadomosci\/centrum-miasta-w-nowym-swietle-wroclawska-na-chlodno-cieplej-na-wyszynskiego\/"},"author":{"name":"Micha\u0142 Szewczyk","@id":"https:\/\/www.24gliwice.pl\/wiadomosci\/#\/schema\/person\/940e8f8a097e322de4f463f061ef8d45"},"headline":"Centrum miasta w nowym \u015bwietle. Wroc\u0142awska na ch\u0142odno, cieplej na Wyszy\u0144skiego","datePublished":"2017-08-02T00:27:04+00:00","mainEntityOfPage":{"@id":"https:\/\/www.24gliwice.pl\/wiadomosci\/centrum-miasta-w-nowym-swietle-wroclawska-na-chlodno-cieplej-na-wyszynskiego\/"},"wordCount":509,"commentCount":0,"publisher":{"@id":"https:\/\/www.24gliwice.pl\/wiadomosci\/#organization"},"image":{"@id":"https:\/\/www.24gliwice.pl\/wiadomosci\/centrum-miasta-w-nowym-swietle-wroclawska-na-chlodno-cieplej-na-wyszynskiego\/#primaryimage"},"thumbnailUrl":"https:\/\/www.24gliwice.pl\/wiadomosci\/wp-content\/uploads\/2017\/08\/1-Screenshot_4.jpg","keywords":["lampy","latarnie","masterplan","O\u015aWIETLENIE"],"articleSection":["Gliwice","Najnowsze wiadomo\u015bci","Portal Gliwice - Wiadomo\u015bci lokalne"],"inLanguage":"pl-PL","potentialAction":[{"@type":"CommentAction","name":"Comment","target":["https:\/\/www.24gliwice.pl\/wiadomosci\/centrum-miasta-w-nowym-swietle-wroclawska-na-chlodno-cieplej-na-wyszynskiego\/#respond"]}]},{"@type":"WebPage","@id":"https:\/\/www.24gliwice.pl\/wiadomosci\/centrum-miasta-w-nowym-swietle-wroclawska-na-chlodno-cieplej-na-wyszynskiego\/","url":"https:\/\/www.24gliwice.pl\/wiadomosci\/centrum-miasta-w-nowym-swietle-wroclawska-na-chlodno-cieplej-na-wyszynskiego\/","name":"Centrum miasta w nowym \u015bwietle. Wroc\u0142awska na ch\u0142odno, cieplej na Wyszy\u0144skiego - 24GLIWICE - Portal Gliwice | codziennie nowe informacje","isPartOf":{"@id":"https:\/\/www.24gliwice.pl\/wiadomosci\/#website"},"primaryImageOfPage":{"@id":"https:\/\/www.24gliwice.pl\/wiadomosci\/centrum-miasta-w-nowym-swietle-wroclawska-na-chlodno-cieplej-na-wyszynskiego\/#primaryimage"},"image":{"@id":"https:\/\/www.24gliwice.pl\/wiadomosci\/centrum-miasta-w-nowym-swietle-wroclawska-na-chlodno-cieplej-na-wyszynskiego\/#primaryimage"},"thumbnailUrl":"https:\/\/www.24gliwice.pl\/wiadomosci\/wp-content\/uploads\/2017\/08\/1-Screenshot_4.jpg","datePublished":"2017-08-02T00:27:04+00:00","breadcrumb":{"@id":"https:\/\/www.24gliwice.pl\/wiadomosci\/centrum-miasta-w-nowym-swietle-wroclawska-na-chlodno-cieplej-na-wyszynskiego\/#breadcrumb"},"inLanguage":"pl-PL","potentialAction":[{"@type":"ReadAction","target":["https:\/\/www.24gliwice.pl\/wiadomosci\/centrum-miasta-w-nowym-swietle-wroclawska-na-chlodno-cieplej-na-wyszynskiego\/"]}]},{"@type":"ImageObject","inLanguage":"pl-PL","@id":"https:\/\/www.24gliwice.pl\/wiadomosci\/centrum-miasta-w-nowym-swietle-wroclawska-na-chlodno-cieplej-na-wyszynskiego\/#primaryimage","url":"https:\/\/www.24gliwice.pl\/wiadomosci\/wp-content\/uploads\/2017\/08\/1-Screenshot_4.jpg","contentUrl":"https:\/\/www.24gliwice.pl\/wiadomosci\/wp-content\/uploads\/2017\/08\/1-Screenshot_4.jpg","width":810,"height":449},{"@type":"BreadcrumbList","@id":"https:\/\/www.24gliwice.pl\/wiadomosci\/centrum-miasta-w-nowym-swietle-wroclawska-na-chlodno-cieplej-na-wyszynskiego\/#breadcrumb","itemListElement":[{"@type":"ListItem","position":1,"name":"Strona g\u0142\u00f3wna","item":"https:\/\/www.24gliwice.pl\/wiadomosci\/"},{"@type":"ListItem","position":2,"name":"Centrum miasta w nowym \u015bwietle. Wroc\u0142awska na ch\u0142odno, cieplej na Wyszy\u0144skiego"}]},{"@type":"WebSite","@id":"https:\/\/www.24gliwice.pl\/wiadomosci\/#website","url":"https:\/\/www.24gliwice.pl\/wiadomosci\/","name":"24GLIWICE - Portal Gliwice | codziennie nowe wiadomo\u015bci","description":"Portal Miejski Gliwice","publisher":{"@id":"https:\/\/www.24gliwice.pl\/wiadomosci\/#organization"},"potentialAction":[{"@type":"SearchAction","target":{"@type":"EntryPoint","urlTemplate":"https:\/\/www.24gliwice.pl\/wiadomosci\/?s={search_term_string}"},"query-input":{"@type":"PropertyValueSpecification","valueRequired":true,"valueName":"search_term_string"}}],"inLanguage":"pl-PL"},{"@type":"Organization","@id":"https:\/\/www.24gliwice.pl\/wiadomosci\/#organization","name":"24gliwice","url":"https:\/\/www.24gliwice.pl\/wiadomosci\/","logo":{"@type":"ImageObject","inLanguage":"pl-PL","@id":"https:\/\/www.24gliwice.pl\/wiadomosci\/#\/schema\/logo\/image\/","url":"https:\/\/www.24gliwice.pl\/wiadomosci\/wp-content\/uploads\/2024\/10\/24gliwice-logo-696.jpg","contentUrl":"https:\/\/www.24gliwice.pl\/wiadomosci\/wp-content\/uploads\/2024\/10\/24gliwice-logo-696.jpg","width":696,"height":696,"caption":"24gliwice"},"image":{"@id":"https:\/\/www.24gliwice.pl\/wiadomosci\/#\/schema\/logo\/image\/"},"sameAs":["https:\/\/www.facebook.com\/24gliwice","https:\/\/x.com\/24gliwice","https:\/\/www.youtube.com\/@24gliwice"]},{"@type":"Person","@id":"https:\/\/www.24gliwice.pl\/wiadomosci\/#\/schema\/person\/940e8f8a097e322de4f463f061ef8d45","name":"Micha\u0142 Szewczyk","image":{"@type":"ImageObject","inLanguage":"pl-PL","@id":"https:\/\/secure.gravatar.com\/avatar\/771b8b6c74cd8d255e46392d605e01a86133900ef09b6ef3c8d451c9d92288cf?s=96&d=mm&r=g","url":"https:\/\/secure.gravatar.com\/avatar\/771b8b6c74cd8d255e46392d605e01a86133900ef09b6ef3c8d451c9d92288cf?s=96&d=mm&r=g","contentUrl":"https:\/\/secure.gravatar.com\/avatar\/771b8b6c74cd8d255e46392d605e01a86133900ef09b6ef3c8d451c9d92288cf?s=96&d=mm&r=g","caption":"Micha\u0142 Szewczyk"},"sameAs":["http:\/\/www.gazeta-miejska.pl"],"url":"https:\/\/www.24gliwice.pl\/wiadomosci\/author\/michal-szewczyk\/"}]}},"_links":{"self":[{"href":"https:\/\/www.24gliwice.pl\/wiadomosci\/wp-json\/wp\/v2\/posts\/102536","targetHints":{"allow":["GET"]}}],"collection":[{"href":"https:\/\/www.24gliwice.pl\/wiadomosci\/wp-json\/wp\/v2\/posts"}],"about":[{"href":"https:\/\/www.24gliwice.pl\/wiadomosci\/wp-json\/wp\/v2\/types\/post"}],"author":[{"embeddable":true,"href":"https:\/\/www.24gliwice.pl\/wiadomosci\/wp-json\/wp\/v2\/users\/12"}],"replies":[{"embeddable":true,"href":"https:\/\/www.24gliwice.pl\/wiadomosci\/wp-json\/wp\/v2\/comments?post=102536"}],"version-history":[{"count":0,"href":"https:\/\/www.24gliwice.pl\/wiadomosci\/wp-json\/wp\/v2\/posts\/102536\/revisions"}],"wp:featuredmedia":[{"embeddable":true,"href":"https:\/\/www.24gliwice.pl\/wiadomosci\/wp-json\/wp\/v2\/media\/102549"}],"wp:attachment":[{"href":"https:\/\/www.24gliwice.pl\/wiadomosci\/wp-json\/wp\/v2\/media?parent=102536"}],"wp:term":[{"taxonomy":"category","embeddable":true,"href":"https:\/\/www.24gliwice.pl\/wiadomosci\/wp-json\/wp\/v2\/categories?post=102536"},{"taxonomy":"post_tag","embeddable":true,"href":"https:\/\/www.24gliwice.pl\/wiadomosci\/wp-json\/wp\/v2\/tags?post=102536"}],"curies":[{"name":"wp","href":"https:\/\/api.w.org\/{rel}","templated":true}]}}