{"id":102552,"date":"2017-08-02T16:38:56","date_gmt":"2017-08-02T14:38:56","guid":{"rendered":"http:\/\/www.24gliwice.pl\/wiadomosci\/?p=102552"},"modified":"2017-08-02T16:38:56","modified_gmt":"2017-08-02T14:38:56","slug":"chcesz-korzystac-dalej-z-programu-rodzina-500-musisz-zlozyc-nowy-wniosek","status":"publish","type":"post","link":"https:\/\/www.24gliwice.pl\/wiadomosci\/chcesz-korzystac-dalej-z-programu-rodzina-500-musisz-zlozyc-nowy-wniosek\/","title":{"rendered":"Chcesz korzysta\u0107 dalej z programu Rodzina 500+? Musisz z\u0142o\u017cy\u0107 nowy wniosek"},"content":{"rendered":"<div class=\"gliwi-a6-nad-leadem-artykulow gliwi-entity-placement\" id=\"gliwi-2854094004\"><div class=\"gliwi-adlabel\"><span style=\"font-size: 9px\">REKLAMA<\/span><\/div><div id=\"gliwi-3080071545\" style=\"margin-bottom: 25px;margin-left: auto;margin-right: auto;text-align: center;\"><a data-no-instant=\"1\" href=\"https:\/\/dom100.eu\/\" rel=\"noopener\" class=\"a2t-link\" target=\"_blank\" aria-label=\"20260415 DOM100 D\"><img loading=\"lazy\" decoding=\"async\" src=\"https:\/\/www.24gliwice.pl\/wiadomosci\/wp-content\/uploads\/2026\/04\/20260415-DOM100-D.jpg\" alt=\"\"  srcset=\"https:\/\/www.24gliwice.pl\/wiadomosci\/wp-content\/uploads\/2026\/04\/20260415-DOM100-D.jpg 750w, https:\/\/www.24gliwice.pl\/wiadomosci\/wp-content\/uploads\/2026\/04\/20260415-DOM100-D-410x109.jpg 410w\" sizes=\"(max-width: 750px) 100vw, 750px\" class=\"no-lazyload\" width=\"750\" height=\"200\"  style=\"display: inline-block; max-width: 100%; height: auto;\" \/><\/a><\/div><\/div><p><iframe loading=\"lazy\" width=\"810\" height=\"456\" src=\"https:\/\/www.youtube.com\/embed\/Ze4yl0vb15s?rel=0&amp;showinfo=0\" frameborder=\"0\" allowfullscreen><\/iframe><\/p>\n<h4>30 wrze\u015bnia ko\u0144czy si\u0119 okres \u015bwiadczeniowy programu Rodzina 500+. Osoby, kt\u00f3re chc\u0105 otrzymywa\u0107 \u015bwiadczenie w kolejnym okresie \u2013 trwaj\u0105cym od 1 pa\u017adziernika 2017 r. do 30 wrze\u015bnia 2018 r. \u2013 musz\u0105 z\u0142o\u017cy\u0107 nowy wniosek. Mo\u017cna to zrobi\u0107 ju\u017c od 1 sierpnia.<\/h4>\n<p>Rodziny, kt\u00f3re z\u0142o\u017c\u0105 wniosek do 31 sierpnia, zachowaj\u0105 ci\u0105g\u0142o\u015b\u0107 wyp\u0142at \u015bwiadczenia. Je\u015bli zostanie on z\u0142o\u017cony we wrze\u015bniu, \u015bwiadczenie za pa\u017adziernik i listopad b\u0119dzie wyp\u0142acone do 30 listopada. Z kolei je\u017celi wniosek z\u0142o\u017cymy od 1 do 31 pa\u017adziernika, pieni\u0105dze za pa\u017adziernik, listopad i grudzie\u0144 dostaniemy do ko\u0144ca roku.<br \/>\nOsoby, kt\u00f3re nie by\u0142y do tej pory beneficjentami programu, ale chc\u0105 zacz\u0105\u0107 z niego korzysta\u0107 jeszcze w obecnym okresie \u015bwiadczeniowym, powinny z\u0142o\u017cy\u0107 dwa wnioski: jeden \u2013 dotycz\u0105cy bie\u017c\u0105cego okresu, drugi \u2013 dotycz\u0105cy przysz\u0142ego.<\/p>\n<p>Wnioski mo\u017cna sk\u0142ada\u0107 w spos\u00f3b tradycyjny lub przez internet, np. za po\u015brednictwem banku. <\/p><div class=\"gliwi-a3-w-tresci-artykulow gliwi-entity-placement\" id=\"gliwi-2971793807\"><div class=\"gliwi-adlabel\"><span style=\"font-size: 9px\">REKLAMA<\/span><\/div><div id=\"gliwi-282459522\" style=\"margin-bottom: 30px;margin-left: auto;margin-right: auto;text-align: center;\"><a data-no-instant=\"1\" href=\"https:\/\/ogrodyandersa.pl\/\" rel=\"noopener\" class=\"a2t-link\" target=\"_blank\" aria-label=\"20260415 Ogrody Andersa KUP TERAZ D\"><img loading=\"lazy\" decoding=\"async\" src=\"https:\/\/www.24gliwice.pl\/wiadomosci\/wp-content\/uploads\/2026\/04\/20260415-Ogrody-Andersa-KUP-TERAZ-D.jpg\" alt=\"\"  srcset=\"https:\/\/www.24gliwice.pl\/wiadomosci\/wp-content\/uploads\/2026\/04\/20260415-Ogrody-Andersa-KUP-TERAZ-D.jpg 750w, https:\/\/www.24gliwice.pl\/wiadomosci\/wp-content\/uploads\/2026\/04\/20260415-Ogrody-Andersa-KUP-TERAZ-D-410x109.jpg 410w\" sizes=\"(max-width: 750px) 100vw, 750px\" class=\"no-lazyload\" width=\"750\" height=\"200\"  style=\"display: inline-block; max-width: 100%; height: auto;\" \/><\/a><\/div><\/div>\n<blockquote><p>Z\u0142o\u017cenie wniosku w systemie bankowo\u015bci internetowej jest proste i intuicyjne. Mamy dwa warianty: tryb uproszczony (\u015bwiadczenie na drugie i kolejne dziecko) oraz tryb pe\u0142ny (na pierwsze i kolejne). Tryb uproszczony sk\u0142ada si\u0119 z czterech krok\u00f3w. W pierwszym \u2013 okre\u015blamy, jakiego okresu dotyczy wniosek: bie\u017c\u0105cego czy przysz\u0142ego.<\/p><\/blockquote>\n<p> &#8211; m\u00f3wi w wywiadzie dla agencji informacyjnej infoWire.pl <strong>Joanna Grz\u0119dowska<\/strong>, g\u0142\u00f3wny specjalista w Departamencie Bankowo\u015bci Elektronicznej Banku Pekao.<\/p>\n<p>Jak wype\u0142ni\u0107 w systemie bankowo\u015bci internetowej wniosek na nowy okres?<br \/>\n&#8211; Wniosek jest cz\u0119\u015bciowo uzupe\u0142niony danymi, kt\u00f3rymi dysponuje bank. Nale\u017cy je sprawdzi\u0107 oraz poda\u0107 brakuj\u0105ce informacje. Wa\u017cne, aby by\u0142 wpisany poprawny adres zamieszkania, poniewa\u017c na jego podstawie wniosek trafia do odpowiedniego organu w gminie. Kolejny krok to uzupe\u0142nienie danych dziecka. Nast\u0119pnie wprowadzamy informacje o pozosta\u0142ych cz\u0142onkach rodziny. W przypadku modelu rodziny \u00bbdwa plus dwa\u00ab podajemy dane wsp\u00f3\u0142ma\u0142\u017conka, a tak\u017ce pierwszego dziecka. Ostatnim krokiem jest przeczytanie o\u015bwiadcze\u0144 i poucze\u0144 oraz potwierdzenie zapoznania si\u0119 z ich tre\u015bci\u0105. Po akceptacji wniosek jest przesy\u0142any przez bank do systemu Emp@tia \u2013 informuje ekspertka.<\/p>\n<div class=\"gliwi-a5-na-koncu-artykulow gliwi-entity-placement\" id=\"gliwi-1358041150\"><div class=\"gliwi-adlabel\"><span style=\"font-size: 9px\">REKLAMA<\/span><\/div><div id=\"gliwi-931561098\" style=\"margin-left: auto;margin-right: auto;text-align: center;\"><a data-no-instant=\"1\" href=\"https:\/\/www.jasek.pl\/\" rel=\"noopener\" class=\"a2t-link\" target=\"_blank\" aria-label=\"20200401-jasek 600\"><img loading=\"lazy\" decoding=\"async\" src=\"https:\/\/www.24gliwice.pl\/wiadomosci\/wp-content\/uploads\/2020\/04\/20200401-jasek-600.jpg\" alt=\"\"  srcset=\"https:\/\/www.24gliwice.pl\/wiadomosci\/wp-content\/uploads\/2020\/04\/20200401-jasek-600.jpg 600w, https:\/\/www.24gliwice.pl\/wiadomosci\/wp-content\/uploads\/2020\/04\/20200401-jasek-600-410x109.jpg 410w\" sizes=\"(max-width: 600px) 100vw, 600px\" class=\"no-lazyload\" width=\"600\" height=\"160\"  style=\"display: inline-block; max-width: 100%; height: auto;\" \/><\/a><\/div><\/div>","protected":false},"excerpt":{"rendered":"<p>30 wrze\u015bnia ko\u0144czy si\u0119 okres \u015bwiadczeniowy programu Rodzina 500+. Osoby, kt\u00f3re chc\u0105 otrzymywa\u0107 \u015bwiadczenie w kolejnym okresie \u2013 trwaj\u0105cym od 1 pa\u017adziernika 2017 r. do 30 wrze\u015bnia 2018 r. \u2013 musz\u0105 z\u0142o\u017cy\u0107 nowy wniosek. Mo\u017cna to zrobi\u0107 ju\u017c od 1 sierpnia. Rodziny, kt\u00f3re z\u0142o\u017c\u0105 wniosek do 31 sierpnia, zachowaj\u0105 ci\u0105g\u0142o\u015b\u0107 wyp\u0142at \u015bwiadczenia. Je\u015bli zostanie on [&hellip;]<\/p>\n","protected":false},"author":4,"featured_media":102555,"comment_status":"open","ping_status":"closed","sticky":false,"template":"","format":"video","meta":{"_monsterinsights_skip_tracking":false,"_monsterinsights_sitenote_active":false,"_monsterinsights_sitenote_note":"","_monsterinsights_sitenote_category":0,"footnotes":"","_links_to":"","_links_to_target":""},"categories":[1],"tags":[9906,1189],"class_list":["post-102552","post","type-post","status-publish","format-video","has-post-thumbnail","hentry","category-wszystko","tag-9906","tag-dzieci","post_format-post-format-video"],"yoast_head":"<!-- This site is optimized with the Yoast SEO plugin v27.5 - https:\/\/yoast.com\/product\/yoast-seo-wordpress\/ -->\n<title>Chcesz korzysta\u0107 dalej z programu Rodzina 500+? Musisz z\u0142o\u017cy\u0107 nowy wniosek - 24GLIWICE - Portal Gliwice | codziennie nowe informacje<\/title>\n<meta name=\"robots\" content=\"index, follow, max-snippet:-1, max-image-preview:large, max-video-preview:-1\" \/>\n<link rel=\"canonical\" href=\"https:\/\/www.24gliwice.pl\/wiadomosci\/chcesz-korzystac-dalej-z-programu-rodzina-500-musisz-zlozyc-nowy-wniosek\/\" \/>\n<meta property=\"og:locale\" content=\"pl_PL\" \/>\n<meta property=\"og:type\" content=\"article\" \/>\n<meta property=\"og:title\" content=\"Chcesz korzysta\u0107 dalej z programu Rodzina 500+? Musisz z\u0142o\u017cy\u0107 nowy wniosek - 24GLIWICE - Portal Gliwice | codziennie nowe informacje\" \/>\n<meta property=\"og:description\" content=\"30 wrze\u015bnia ko\u0144czy si\u0119 okres \u015bwiadczeniowy programu Rodzina 500+. Osoby, kt\u00f3re chc\u0105 otrzymywa\u0107 \u015bwiadczenie w kolejnym okresie \u2013 trwaj\u0105cym od 1 pa\u017adziernika 2017 r. do 30 wrze\u015bnia 2018 r. \u2013 musz\u0105 z\u0142o\u017cy\u0107 nowy wniosek. Mo\u017cna to zrobi\u0107 ju\u017c od 1 sierpnia. Rodziny, kt\u00f3re z\u0142o\u017c\u0105 wniosek do 31 sierpnia, zachowaj\u0105 ci\u0105g\u0142o\u015b\u0107 wyp\u0142at \u015bwiadczenia. Je\u015bli zostanie on [&hellip;]\" \/>\n<meta property=\"og:url\" content=\"https:\/\/www.24gliwice.pl\/wiadomosci\/chcesz-korzystac-dalej-z-programu-rodzina-500-musisz-zlozyc-nowy-wniosek\/\" \/>\n<meta property=\"og:site_name\" content=\"24GLIWICE - Portal Gliwice | codziennie nowe informacje\" \/>\n<meta property=\"article:publisher\" content=\"https:\/\/www.facebook.com\/24gliwice\" \/>\n<meta property=\"article:author\" content=\"https:\/\/www.facebook.com\/marcin.fabrykowski\" \/>\n<meta property=\"article:published_time\" content=\"2017-08-02T14:38:56+00:00\" \/>\n<meta property=\"og:image\" content=\"https:\/\/www.24gliwice.pl\/wiadomosci\/wp-content\/uploads\/2017\/08\/Screenshot_6.jpg\" \/>\n\t<meta property=\"og:image:width\" content=\"946\" \/>\n\t<meta property=\"og:image:height\" content=\"576\" \/>\n\t<meta property=\"og:image:type\" content=\"image\/jpeg\" \/>\n<meta name=\"author\" content=\"Marcin Fabrykowski\" \/>\n<meta name=\"twitter:card\" content=\"summary_large_image\" \/>\n<meta name=\"twitter:creator\" content=\"@24gliwice\" \/>\n<meta name=\"twitter:site\" content=\"@24gliwice\" \/>\n<meta name=\"twitter:label1\" content=\"Napisane przez\" \/>\n\t<meta name=\"twitter:data1\" content=\"Marcin Fabrykowski\" \/>\n\t<meta name=\"twitter:label2\" content=\"Szacowany czas czytania\" \/>\n\t<meta name=\"twitter:data2\" content=\"2 minuty\" \/>\n<script type=\"application\/ld+json\" class=\"yoast-schema-graph\">{\"@context\":\"https:\\\/\\\/schema.org\",\"@graph\":[{\"@type\":\"Article\",\"@id\":\"https:\\\/\\\/www.24gliwice.pl\\\/wiadomosci\\\/chcesz-korzystac-dalej-z-programu-rodzina-500-musisz-zlozyc-nowy-wniosek\\\/#article\",\"isPartOf\":{\"@id\":\"https:\\\/\\\/www.24gliwice.pl\\\/wiadomosci\\\/chcesz-korzystac-dalej-z-programu-rodzina-500-musisz-zlozyc-nowy-wniosek\\\/\"},\"author\":{\"name\":\"Marcin Fabrykowski\",\"@id\":\"https:\\\/\\\/www.24gliwice.pl\\\/wiadomosci\\\/#\\\/schema\\\/person\\\/cb5857e4a4d048c15984c1edcc8ef0c0\"},\"headline\":\"Chcesz korzysta\u0107 dalej z programu Rodzina 500+? Musisz z\u0142o\u017cy\u0107 nowy wniosek\",\"datePublished\":\"2017-08-02T14:38:56+00:00\",\"mainEntityOfPage\":{\"@id\":\"https:\\\/\\\/www.24gliwice.pl\\\/wiadomosci\\\/chcesz-korzystac-dalej-z-programu-rodzina-500-musisz-zlozyc-nowy-wniosek\\\/\"},\"wordCount\":364,\"commentCount\":0,\"publisher\":{\"@id\":\"https:\\\/\\\/www.24gliwice.pl\\\/wiadomosci\\\/#organization\"},\"image\":{\"@id\":\"https:\\\/\\\/www.24gliwice.pl\\\/wiadomosci\\\/chcesz-korzystac-dalej-z-programu-rodzina-500-musisz-zlozyc-nowy-wniosek\\\/#primaryimage\"},\"thumbnailUrl\":\"https:\\\/\\\/www.24gliwice.pl\\\/wiadomosci\\\/wp-content\\\/uploads\\\/2017\\\/08\\\/Screenshot_6.jpg\",\"keywords\":[\"500+\",\"dzieci\"],\"articleSection\":[\"Najnowsze wiadomo\u015bci\"],\"inLanguage\":\"pl-PL\",\"potentialAction\":[{\"@type\":\"CommentAction\",\"name\":\"Comment\",\"target\":[\"https:\\\/\\\/www.24gliwice.pl\\\/wiadomosci\\\/chcesz-korzystac-dalej-z-programu-rodzina-500-musisz-zlozyc-nowy-wniosek\\\/#respond\"]}]},{\"@type\":\"WebPage\",\"@id\":\"https:\\\/\\\/www.24gliwice.pl\\\/wiadomosci\\\/chcesz-korzystac-dalej-z-programu-rodzina-500-musisz-zlozyc-nowy-wniosek\\\/\",\"url\":\"https:\\\/\\\/www.24gliwice.pl\\\/wiadomosci\\\/chcesz-korzystac-dalej-z-programu-rodzina-500-musisz-zlozyc-nowy-wniosek\\\/\",\"name\":\"Chcesz korzysta\u0107 dalej z programu Rodzina 500+? Musisz z\u0142o\u017cy\u0107 nowy wniosek - 24GLIWICE - Portal Gliwice | codziennie nowe informacje\",\"isPartOf\":{\"@id\":\"https:\\\/\\\/www.24gliwice.pl\\\/wiadomosci\\\/#website\"},\"primaryImageOfPage\":{\"@id\":\"https:\\\/\\\/www.24gliwice.pl\\\/wiadomosci\\\/chcesz-korzystac-dalej-z-programu-rodzina-500-musisz-zlozyc-nowy-wniosek\\\/#primaryimage\"},\"image\":{\"@id\":\"https:\\\/\\\/www.24gliwice.pl\\\/wiadomosci\\\/chcesz-korzystac-dalej-z-programu-rodzina-500-musisz-zlozyc-nowy-wniosek\\\/#primaryimage\"},\"thumbnailUrl\":\"https:\\\/\\\/www.24gliwice.pl\\\/wiadomosci\\\/wp-content\\\/uploads\\\/2017\\\/08\\\/Screenshot_6.jpg\",\"datePublished\":\"2017-08-02T14:38:56+00:00\",\"breadcrumb\":{\"@id\":\"https:\\\/\\\/www.24gliwice.pl\\\/wiadomosci\\\/chcesz-korzystac-dalej-z-programu-rodzina-500-musisz-zlozyc-nowy-wniosek\\\/#breadcrumb\"},\"inLanguage\":\"pl-PL\",\"potentialAction\":[{\"@type\":\"ReadAction\",\"target\":[\"https:\\\/\\\/www.24gliwice.pl\\\/wiadomosci\\\/chcesz-korzystac-dalej-z-programu-rodzina-500-musisz-zlozyc-nowy-wniosek\\\/\"]}]},{\"@type\":\"ImageObject\",\"inLanguage\":\"pl-PL\",\"@id\":\"https:\\\/\\\/www.24gliwice.pl\\\/wiadomosci\\\/chcesz-korzystac-dalej-z-programu-rodzina-500-musisz-zlozyc-nowy-wniosek\\\/#primaryimage\",\"url\":\"https:\\\/\\\/www.24gliwice.pl\\\/wiadomosci\\\/wp-content\\\/uploads\\\/2017\\\/08\\\/Screenshot_6.jpg\",\"contentUrl\":\"https:\\\/\\\/www.24gliwice.pl\\\/wiadomosci\\\/wp-content\\\/uploads\\\/2017\\\/08\\\/Screenshot_6.jpg\",\"width\":946,\"height\":576},{\"@type\":\"BreadcrumbList\",\"@id\":\"https:\\\/\\\/www.24gliwice.pl\\\/wiadomosci\\\/chcesz-korzystac-dalej-z-programu-rodzina-500-musisz-zlozyc-nowy-wniosek\\\/#breadcrumb\",\"itemListElement\":[{\"@type\":\"ListItem\",\"position\":1,\"name\":\"Strona g\u0142\u00f3wna\",\"item\":\"https:\\\/\\\/www.24gliwice.pl\\\/wiadomosci\\\/\"},{\"@type\":\"ListItem\",\"position\":2,\"name\":\"Chcesz korzysta\u0107 dalej z programu Rodzina 500+? Musisz z\u0142o\u017cy\u0107 nowy wniosek\"}]},{\"@type\":\"WebSite\",\"@id\":\"https:\\\/\\\/www.24gliwice.pl\\\/wiadomosci\\\/#website\",\"url\":\"https:\\\/\\\/www.24gliwice.pl\\\/wiadomosci\\\/\",\"name\":\"24GLIWICE - Portal Gliwice | codziennie nowe wiadomo\u015bci\",\"description\":\"Portal Miejski Gliwice\",\"publisher\":{\"@id\":\"https:\\\/\\\/www.24gliwice.pl\\\/wiadomosci\\\/#organization\"},\"potentialAction\":[{\"@type\":\"SearchAction\",\"target\":{\"@type\":\"EntryPoint\",\"urlTemplate\":\"https:\\\/\\\/www.24gliwice.pl\\\/wiadomosci\\\/?s={search_term_string}\"},\"query-input\":{\"@type\":\"PropertyValueSpecification\",\"valueRequired\":true,\"valueName\":\"search_term_string\"}}],\"inLanguage\":\"pl-PL\"},{\"@type\":\"Organization\",\"@id\":\"https:\\\/\\\/www.24gliwice.pl\\\/wiadomosci\\\/#organization\",\"name\":\"24gliwice\",\"url\":\"https:\\\/\\\/www.24gliwice.pl\\\/wiadomosci\\\/\",\"logo\":{\"@type\":\"ImageObject\",\"inLanguage\":\"pl-PL\",\"@id\":\"https:\\\/\\\/www.24gliwice.pl\\\/wiadomosci\\\/#\\\/schema\\\/logo\\\/image\\\/\",\"url\":\"https:\\\/\\\/www.24gliwice.pl\\\/wiadomosci\\\/wp-content\\\/uploads\\\/2024\\\/10\\\/24gliwice-logo-696.jpg\",\"contentUrl\":\"https:\\\/\\\/www.24gliwice.pl\\\/wiadomosci\\\/wp-content\\\/uploads\\\/2024\\\/10\\\/24gliwice-logo-696.jpg\",\"width\":696,\"height\":696,\"caption\":\"24gliwice\"},\"image\":{\"@id\":\"https:\\\/\\\/www.24gliwice.pl\\\/wiadomosci\\\/#\\\/schema\\\/logo\\\/image\\\/\"},\"sameAs\":[\"https:\\\/\\\/www.facebook.com\\\/24gliwice\",\"https:\\\/\\\/x.com\\\/24gliwice\",\"https:\\\/\\\/www.youtube.com\\\/@24gliwice\"]},{\"@type\":\"Person\",\"@id\":\"https:\\\/\\\/www.24gliwice.pl\\\/wiadomosci\\\/#\\\/schema\\\/person\\\/cb5857e4a4d048c15984c1edcc8ef0c0\",\"name\":\"Marcin Fabrykowski\",\"image\":{\"@type\":\"ImageObject\",\"inLanguage\":\"pl-PL\",\"@id\":\"https:\\\/\\\/www.24gliwice.pl\\\/wiadomosci\\\/wp-content\\\/uploads\\\/2025\\\/11\\\/zdjecie-moje-marcin-300-96x96.jpg\",\"url\":\"https:\\\/\\\/www.24gliwice.pl\\\/wiadomosci\\\/wp-content\\\/uploads\\\/2025\\\/11\\\/zdjecie-moje-marcin-300-96x96.jpg\",\"contentUrl\":\"https:\\\/\\\/www.24gliwice.pl\\\/wiadomosci\\\/wp-content\\\/uploads\\\/2025\\\/11\\\/zdjecie-moje-marcin-300-96x96.jpg\",\"caption\":\"Marcin Fabrykowski\"},\"sameAs\":[\"http:\\\/\\\/24gliwice.pl\",\"https:\\\/\\\/www.facebook.com\\\/marcin.fabrykowski\"],\"url\":\"https:\\\/\\\/www.24gliwice.pl\\\/wiadomosci\\\/author\\\/marcin-fabrykowski\\\/\"}]}<\/script>\n<!-- \/ Yoast SEO plugin. -->","yoast_head_json":{"title":"Chcesz korzysta\u0107 dalej z programu Rodzina 500+? Musisz z\u0142o\u017cy\u0107 nowy wniosek - 24GLIWICE - Portal Gliwice | codziennie nowe informacje","robots":{"index":"index","follow":"follow","max-snippet":"max-snippet:-1","max-image-preview":"max-image-preview:large","max-video-preview":"max-video-preview:-1"},"canonical":"https:\/\/www.24gliwice.pl\/wiadomosci\/chcesz-korzystac-dalej-z-programu-rodzina-500-musisz-zlozyc-nowy-wniosek\/","og_locale":"pl_PL","og_type":"article","og_title":"Chcesz korzysta\u0107 dalej z programu Rodzina 500+? Musisz z\u0142o\u017cy\u0107 nowy wniosek - 24GLIWICE - Portal Gliwice | codziennie nowe informacje","og_description":"30 wrze\u015bnia ko\u0144czy si\u0119 okres \u015bwiadczeniowy programu Rodzina 500+. Osoby, kt\u00f3re chc\u0105 otrzymywa\u0107 \u015bwiadczenie w kolejnym okresie \u2013 trwaj\u0105cym od 1 pa\u017adziernika 2017 r. do 30 wrze\u015bnia 2018 r. \u2013 musz\u0105 z\u0142o\u017cy\u0107 nowy wniosek. Mo\u017cna to zrobi\u0107 ju\u017c od 1 sierpnia. Rodziny, kt\u00f3re z\u0142o\u017c\u0105 wniosek do 31 sierpnia, zachowaj\u0105 ci\u0105g\u0142o\u015b\u0107 wyp\u0142at \u015bwiadczenia. Je\u015bli zostanie on [&hellip;]","og_url":"https:\/\/www.24gliwice.pl\/wiadomosci\/chcesz-korzystac-dalej-z-programu-rodzina-500-musisz-zlozyc-nowy-wniosek\/","og_site_name":"24GLIWICE - Portal Gliwice | codziennie nowe informacje","article_publisher":"https:\/\/www.facebook.com\/24gliwice","article_author":"https:\/\/www.facebook.com\/marcin.fabrykowski","article_published_time":"2017-08-02T14:38:56+00:00","og_image":[{"width":946,"height":576,"url":"https:\/\/www.24gliwice.pl\/wiadomosci\/wp-content\/uploads\/2017\/08\/Screenshot_6.jpg","type":"image\/jpeg"}],"author":"Marcin Fabrykowski","twitter_card":"summary_large_image","twitter_creator":"@24gliwice","twitter_site":"@24gliwice","twitter_misc":{"Napisane przez":"Marcin Fabrykowski","Szacowany czas czytania":"2 minuty"},"schema":{"@context":"https:\/\/schema.org","@graph":[{"@type":"Article","@id":"https:\/\/www.24gliwice.pl\/wiadomosci\/chcesz-korzystac-dalej-z-programu-rodzina-500-musisz-zlozyc-nowy-wniosek\/#article","isPartOf":{"@id":"https:\/\/www.24gliwice.pl\/wiadomosci\/chcesz-korzystac-dalej-z-programu-rodzina-500-musisz-zlozyc-nowy-wniosek\/"},"author":{"name":"Marcin Fabrykowski","@id":"https:\/\/www.24gliwice.pl\/wiadomosci\/#\/schema\/person\/cb5857e4a4d048c15984c1edcc8ef0c0"},"headline":"Chcesz korzysta\u0107 dalej z programu Rodzina 500+? Musisz z\u0142o\u017cy\u0107 nowy wniosek","datePublished":"2017-08-02T14:38:56+00:00","mainEntityOfPage":{"@id":"https:\/\/www.24gliwice.pl\/wiadomosci\/chcesz-korzystac-dalej-z-programu-rodzina-500-musisz-zlozyc-nowy-wniosek\/"},"wordCount":364,"commentCount":0,"publisher":{"@id":"https:\/\/www.24gliwice.pl\/wiadomosci\/#organization"},"image":{"@id":"https:\/\/www.24gliwice.pl\/wiadomosci\/chcesz-korzystac-dalej-z-programu-rodzina-500-musisz-zlozyc-nowy-wniosek\/#primaryimage"},"thumbnailUrl":"https:\/\/www.24gliwice.pl\/wiadomosci\/wp-content\/uploads\/2017\/08\/Screenshot_6.jpg","keywords":["500+","dzieci"],"articleSection":["Najnowsze wiadomo\u015bci"],"inLanguage":"pl-PL","potentialAction":[{"@type":"CommentAction","name":"Comment","target":["https:\/\/www.24gliwice.pl\/wiadomosci\/chcesz-korzystac-dalej-z-programu-rodzina-500-musisz-zlozyc-nowy-wniosek\/#respond"]}]},{"@type":"WebPage","@id":"https:\/\/www.24gliwice.pl\/wiadomosci\/chcesz-korzystac-dalej-z-programu-rodzina-500-musisz-zlozyc-nowy-wniosek\/","url":"https:\/\/www.24gliwice.pl\/wiadomosci\/chcesz-korzystac-dalej-z-programu-rodzina-500-musisz-zlozyc-nowy-wniosek\/","name":"Chcesz korzysta\u0107 dalej z programu Rodzina 500+? Musisz z\u0142o\u017cy\u0107 nowy wniosek - 24GLIWICE - Portal Gliwice | codziennie nowe informacje","isPartOf":{"@id":"https:\/\/www.24gliwice.pl\/wiadomosci\/#website"},"primaryImageOfPage":{"@id":"https:\/\/www.24gliwice.pl\/wiadomosci\/chcesz-korzystac-dalej-z-programu-rodzina-500-musisz-zlozyc-nowy-wniosek\/#primaryimage"},"image":{"@id":"https:\/\/www.24gliwice.pl\/wiadomosci\/chcesz-korzystac-dalej-z-programu-rodzina-500-musisz-zlozyc-nowy-wniosek\/#primaryimage"},"thumbnailUrl":"https:\/\/www.24gliwice.pl\/wiadomosci\/wp-content\/uploads\/2017\/08\/Screenshot_6.jpg","datePublished":"2017-08-02T14:38:56+00:00","breadcrumb":{"@id":"https:\/\/www.24gliwice.pl\/wiadomosci\/chcesz-korzystac-dalej-z-programu-rodzina-500-musisz-zlozyc-nowy-wniosek\/#breadcrumb"},"inLanguage":"pl-PL","potentialAction":[{"@type":"ReadAction","target":["https:\/\/www.24gliwice.pl\/wiadomosci\/chcesz-korzystac-dalej-z-programu-rodzina-500-musisz-zlozyc-nowy-wniosek\/"]}]},{"@type":"ImageObject","inLanguage":"pl-PL","@id":"https:\/\/www.24gliwice.pl\/wiadomosci\/chcesz-korzystac-dalej-z-programu-rodzina-500-musisz-zlozyc-nowy-wniosek\/#primaryimage","url":"https:\/\/www.24gliwice.pl\/wiadomosci\/wp-content\/uploads\/2017\/08\/Screenshot_6.jpg","contentUrl":"https:\/\/www.24gliwice.pl\/wiadomosci\/wp-content\/uploads\/2017\/08\/Screenshot_6.jpg","width":946,"height":576},{"@type":"BreadcrumbList","@id":"https:\/\/www.24gliwice.pl\/wiadomosci\/chcesz-korzystac-dalej-z-programu-rodzina-500-musisz-zlozyc-nowy-wniosek\/#breadcrumb","itemListElement":[{"@type":"ListItem","position":1,"name":"Strona g\u0142\u00f3wna","item":"https:\/\/www.24gliwice.pl\/wiadomosci\/"},{"@type":"ListItem","position":2,"name":"Chcesz korzysta\u0107 dalej z programu Rodzina 500+? Musisz z\u0142o\u017cy\u0107 nowy wniosek"}]},{"@type":"WebSite","@id":"https:\/\/www.24gliwice.pl\/wiadomosci\/#website","url":"https:\/\/www.24gliwice.pl\/wiadomosci\/","name":"24GLIWICE - Portal Gliwice | codziennie nowe wiadomo\u015bci","description":"Portal Miejski Gliwice","publisher":{"@id":"https:\/\/www.24gliwice.pl\/wiadomosci\/#organization"},"potentialAction":[{"@type":"SearchAction","target":{"@type":"EntryPoint","urlTemplate":"https:\/\/www.24gliwice.pl\/wiadomosci\/?s={search_term_string}"},"query-input":{"@type":"PropertyValueSpecification","valueRequired":true,"valueName":"search_term_string"}}],"inLanguage":"pl-PL"},{"@type":"Organization","@id":"https:\/\/www.24gliwice.pl\/wiadomosci\/#organization","name":"24gliwice","url":"https:\/\/www.24gliwice.pl\/wiadomosci\/","logo":{"@type":"ImageObject","inLanguage":"pl-PL","@id":"https:\/\/www.24gliwice.pl\/wiadomosci\/#\/schema\/logo\/image\/","url":"https:\/\/www.24gliwice.pl\/wiadomosci\/wp-content\/uploads\/2024\/10\/24gliwice-logo-696.jpg","contentUrl":"https:\/\/www.24gliwice.pl\/wiadomosci\/wp-content\/uploads\/2024\/10\/24gliwice-logo-696.jpg","width":696,"height":696,"caption":"24gliwice"},"image":{"@id":"https:\/\/www.24gliwice.pl\/wiadomosci\/#\/schema\/logo\/image\/"},"sameAs":["https:\/\/www.facebook.com\/24gliwice","https:\/\/x.com\/24gliwice","https:\/\/www.youtube.com\/@24gliwice"]},{"@type":"Person","@id":"https:\/\/www.24gliwice.pl\/wiadomosci\/#\/schema\/person\/cb5857e4a4d048c15984c1edcc8ef0c0","name":"Marcin Fabrykowski","image":{"@type":"ImageObject","inLanguage":"pl-PL","@id":"https:\/\/www.24gliwice.pl\/wiadomosci\/wp-content\/uploads\/2025\/11\/zdjecie-moje-marcin-300-96x96.jpg","url":"https:\/\/www.24gliwice.pl\/wiadomosci\/wp-content\/uploads\/2025\/11\/zdjecie-moje-marcin-300-96x96.jpg","contentUrl":"https:\/\/www.24gliwice.pl\/wiadomosci\/wp-content\/uploads\/2025\/11\/zdjecie-moje-marcin-300-96x96.jpg","caption":"Marcin Fabrykowski"},"sameAs":["http:\/\/24gliwice.pl","https:\/\/www.facebook.com\/marcin.fabrykowski"],"url":"https:\/\/www.24gliwice.pl\/wiadomosci\/author\/marcin-fabrykowski\/"}]}},"_links":{"self":[{"href":"https:\/\/www.24gliwice.pl\/wiadomosci\/wp-json\/wp\/v2\/posts\/102552","targetHints":{"allow":["GET"]}}],"collection":[{"href":"https:\/\/www.24gliwice.pl\/wiadomosci\/wp-json\/wp\/v2\/posts"}],"about":[{"href":"https:\/\/www.24gliwice.pl\/wiadomosci\/wp-json\/wp\/v2\/types\/post"}],"author":[{"embeddable":true,"href":"https:\/\/www.24gliwice.pl\/wiadomosci\/wp-json\/wp\/v2\/users\/4"}],"replies":[{"embeddable":true,"href":"https:\/\/www.24gliwice.pl\/wiadomosci\/wp-json\/wp\/v2\/comments?post=102552"}],"version-history":[{"count":0,"href":"https:\/\/www.24gliwice.pl\/wiadomosci\/wp-json\/wp\/v2\/posts\/102552\/revisions"}],"wp:featuredmedia":[{"embeddable":true,"href":"https:\/\/www.24gliwice.pl\/wiadomosci\/wp-json\/wp\/v2\/media\/102555"}],"wp:attachment":[{"href":"https:\/\/www.24gliwice.pl\/wiadomosci\/wp-json\/wp\/v2\/media?parent=102552"}],"wp:term":[{"taxonomy":"category","embeddable":true,"href":"https:\/\/www.24gliwice.pl\/wiadomosci\/wp-json\/wp\/v2\/categories?post=102552"},{"taxonomy":"post_tag","embeddable":true,"href":"https:\/\/www.24gliwice.pl\/wiadomosci\/wp-json\/wp\/v2\/tags?post=102552"}],"curies":[{"name":"wp","href":"https:\/\/api.w.org\/{rel}","templated":true}]}}