{"id":102596,"date":"2017-08-04T20:40:58","date_gmt":"2017-08-04T18:40:58","guid":{"rendered":"http:\/\/www.24gliwice.pl\/wiadomosci\/?p=102596"},"modified":"2024-08-20T02:01:22","modified_gmt":"2024-08-20T00:01:22","slug":"o-wlos-od-zwyciestwa-ze-slaskiem-wroclaw-nieuznana-bramka-i-niewykorzystany-karny","status":"publish","type":"post","link":"https:\/\/www.24gliwice.pl\/wiadomosci\/o-wlos-od-zwyciestwa-ze-slaskiem-wroclaw-nieuznana-bramka-i-niewykorzystany-karny\/","title":{"rendered":"O w\u0142os od zwyci\u0119stwa ze \u015al\u0105skiem Wroc\u0142aw. Nieuznana bramka i niewykorzystany karny"},"content":{"rendered":"<div class=\"gliwi-a6-nad-leadem-artykulow gliwi-entity-placement\" id=\"gliwi-2625455189\"><div class=\"gliwi-adlabel\"><span style=\"font-size: 9px\">REKLAMA<\/span><\/div><div id=\"gliwi-2349542801\" style=\"margin-bottom: 30px;margin-left: auto;margin-right: auto;text-align: center;\"><a data-no-instant=\"1\" href=\"https:\/\/przedszkole.halogen.org.pl\/\" rel=\"noopener\" class=\"a2t-link\" target=\"_blank\" aria-label=\"20260402-ANIMATOR-przedszkole_grafika_750x200\"><img loading=\"lazy\" decoding=\"async\" src=\"https:\/\/www.24gliwice.pl\/wiadomosci\/wp-content\/uploads\/2026\/04\/20260402-ANIMATOR-przedszkole_grafika_750x200.webp\" alt=\"\"  srcset=\"https:\/\/www.24gliwice.pl\/wiadomosci\/wp-content\/uploads\/2026\/04\/20260402-ANIMATOR-przedszkole_grafika_750x200.webp 750w, https:\/\/www.24gliwice.pl\/wiadomosci\/wp-content\/uploads\/2026\/04\/20260402-ANIMATOR-przedszkole_grafika_750x200-410x109.webp 410w\" sizes=\"(max-width: 750px) 100vw, 750px\" class=\"no-lazyload\" width=\"750\" height=\"200\"  style=\"display: inline-block; max-width: 100%; height: auto;\" \/><\/a><\/div><\/div><h4>Piast Gliwice zremisowa\u0142 przed w\u0142asn\u0105 publiczno\u015bci\u0105 ze \u015al\u0105skiem Wroc\u0142aw 1-1 (1-1) w pi\u0105tkowym spotkaniu 4. kolejki Lotto Ekstraklasy. Gola dla Niebiesko-Czerwonych zdoby\u0142 Patryk Dziczek.<\/h4>\n<p>Wynik m\u00f3g\u0142 by\u0107 inny, ale s\u0119dzia nie uzna\u0142 bramki <strong>Sasy Ziveca<\/strong>, a <strong>Konstantin Vassiljev<\/strong> nie wykorzysta\u0142 rzutu karnego.<\/p>\n<p>Na pocz\u0105tku meczu gr\u0119 prowadzili pi\u0142karze Piasta, kt\u00f3rzy d\u0142ugo rozgrywali pi\u0142k\u0119 i pr\u00f3bowali atakowa\u0107 bramk\u0119 <strong>Jakuba Wr\u0105bla<\/strong>. Pierwsz\u0105 gro\u017an\u0105 sytuacj\u0119 stworzyli sobie w 7. minucie, gdy Martin Bukata odda\u0142 mocny strza\u0142 zza pola karnego. Z jego uderzeniem poradzi\u0142 sobie jednak bramkarz \u015al\u0105ska, kt\u00f3ry z trudem sparowa\u0142 pi\u0142k\u0119.<\/p><div class=\"gliwi-a3-w-tresci-artykulow gliwi-entity-placement\" id=\"gliwi-639628242\"><div class=\"gliwi-adlabel\"><span style=\"font-size: 9px\">REKLAMA<\/span><\/div><div id=\"gliwi-1725321784\" style=\"margin-bottom: 30px;margin-left: auto;margin-right: auto;text-align: center;\"><a data-no-instant=\"1\" href=\"https:\/\/zlobek.halogen.org.pl\/\" rel=\"noopener\" class=\"a2t-link\" target=\"_blank\" aria-label=\"animator-zlobek_750x200\"><img loading=\"lazy\" decoding=\"async\" src=\"https:\/\/www.24gliwice.pl\/wiadomosci\/wp-content\/uploads\/2026\/02\/animator-zlobek_750x200.webp\" alt=\"\"  srcset=\"https:\/\/www.24gliwice.pl\/wiadomosci\/wp-content\/uploads\/2026\/02\/animator-zlobek_750x200.webp 750w, https:\/\/www.24gliwice.pl\/wiadomosci\/wp-content\/uploads\/2026\/02\/animator-zlobek_750x200-410x109.webp 410w\" sizes=\"(max-width: 750px) 100vw, 750px\" class=\"no-lazyload\" width=\"750\" height=\"200\"  style=\"display: inline-block; max-width: 100%; height: auto;\" \/><\/a><\/div><\/div>\n<p>Skuteczniejsi byli jednak gracze go\u015bci, kt\u00f3rzy w 9. minucie wyszli na prowadzenie. Z naro\u017cnika boiska do\u015brodkowywa\u0142 w\u00f3wczas <strong>Micha\u0142 Chrapek<\/strong>, a do siatki trafi\u0142 <strong>Marcin Robak<\/strong>.<\/p>\n<p>W 20. minucie <strong>Bukata<\/strong> ponownie zdecydowa\u0142 si\u0119 na uderzenie ze znacznej odleg\u0142o\u015bci. Tym razem pi\u0142ka min\u0119\u0142a prawy s\u0142upek bramki przyjezdnych. Chwil\u0119 p\u00f3\u017aniej bliski szcz\u0119\u015bcia by\u0142 <strong>Mateusz Mak<\/strong>, ale skrzyd\u0142owy Piasta trafi\u0142 jedynie w boczn\u0105 siatk\u0119.<br \/>\nKwadrans przed przerw\u0105 wynik rywalizacji wyr\u00f3wna\u0142 <strong>Patryk Dziczek<\/strong>. Pomocnik Niebiesko-Czerwonych swoj\u0105 debiutanck\u0105 bramk\u0119 w Lotto Ekstraklasie zdoby\u0142 mocnym uderzeniem z dystansu.<\/p>\n<p>Tu\u017c przed przerw\u0105 pi\u0142ka ponownie wpad\u0142a do bramki \u015al\u0105ska, ale s\u0119dzia dopatrzy\u0142 si\u0119 pozycji spalonej i nie uzna\u0142 gola Sasy Ziveca.<br \/>\nPo zmianie stron pierwsz\u0105 sytuacj\u0119 stworzy\u0142 sobie Piast, a dok\u0142adniej Zivec. S\u0142oweniec wyko\u0144czy\u0142 dobr\u0105 akcj\u0119 gliwiczan, ale jego strza\u0142 obroni\u0142 Wr\u0105bel.<br \/>\nW 56. minucie ponownie skrzyd\u0142owy Niebiesko-Czerwonych pr\u00f3bowa\u0142 zaskoczy\u0107 bramkarza \u015al\u0105ska, ale ten kolejny raz nie da\u0142 si\u0119 pokona\u0107.<br \/>\nPodopieczni <strong>Dariusza Wdowczyka<\/strong> d\u0105\u017cyli do obj\u0119cia prowadzenia, ale brakowa\u0142o im skuteczno\u015bci. Najlepsz\u0105 okazj\u0119 zmarnowa\u0142 Konstantin Vassiljev, kt\u00f3ry w 85. minucie nie wykorzysta\u0142 rzutu karnego.<\/p>\n<p>Mecz zosta\u0142 rozegrany na Stadionie Miejskim w Gliwicach. Na trybunach pojawi\u0142o si\u0119 4274 kibic\u00f3w.<\/p>\n<h5>Piast Gliwice &#8211; \u015al\u0105sk Wroc\u0142aw 1-1 (1-1)<\/h5>\n<p>0-1 &#8211; Robak, 9 min.<br \/>\n1-1 &#8211; Dziczek, 30 min.<\/p>\n<p>Biuro Prasowe<br \/>\nGKS Piast SA<\/p>\n<div class=\"gliwi-a5-na-koncu-artykulow gliwi-entity-placement\" id=\"gliwi-2682649999\"><div class=\"gliwi-adlabel\"><span style=\"font-size: 9px\">REKLAMA<\/span><\/div><div id=\"gliwi-3168998969\" style=\"margin-left: auto;margin-right: auto;text-align: center;\"><a data-no-instant=\"1\" href=\"https:\/\/prezeroarenagliwice.pl\/\" rel=\"noopener\" class=\"a2t-link\" target=\"_blank\" aria-label=\"20260309-PREZERO-WIOSNA-D\"><img loading=\"lazy\" decoding=\"async\" src=\"https:\/\/www.24gliwice.pl\/wiadomosci\/wp-content\/uploads\/2026\/03\/20260309-PREZERO-WIOSNA-D.webp\" alt=\"\"  srcset=\"https:\/\/www.24gliwice.pl\/wiadomosci\/wp-content\/uploads\/2026\/03\/20260309-PREZERO-WIOSNA-D.webp 750w, https:\/\/www.24gliwice.pl\/wiadomosci\/wp-content\/uploads\/2026\/03\/20260309-PREZERO-WIOSNA-D-410x109.webp 410w\" sizes=\"(max-width: 750px) 100vw, 750px\" class=\"no-lazyload\" width=\"750\" height=\"200\"  style=\"display: inline-block; max-width: 100%; height: auto;\" \/><\/a><\/div><\/div>","protected":false},"excerpt":{"rendered":"<p>Piast Gliwice zremisowa\u0142 przed w\u0142asn\u0105 publiczno\u015bci\u0105 ze \u015al\u0105skiem Wroc\u0142aw 1-1 (1-1) w pi\u0105tkowym spotkaniu 4. kolejki Lotto Ekstraklasy. Gola dla Niebiesko-Czerwonych zdoby\u0142 Patryk Dziczek. Wynik m\u00f3g\u0142 by\u0107 inny, ale s\u0119dzia nie uzna\u0142 bramki Sasy Ziveca, a Konstantin Vassiljev nie wykorzysta\u0142 rzutu karnego. Na pocz\u0105tku meczu gr\u0119 prowadzili pi\u0142karze Piasta, kt\u00f3rzy d\u0142ugo rozgrywali pi\u0142k\u0119 i pr\u00f3bowali [&hellip;]<\/p>\n","protected":false},"author":4,"featured_media":102598,"comment_status":"open","ping_status":"closed","sticky":false,"template":"","format":"standard","meta":{"_monsterinsights_skip_tracking":false,"_monsterinsights_sitenote_active":false,"_monsterinsights_sitenote_note":"","_monsterinsights_sitenote_category":0,"footnotes":"","_links_to":"","_links_to_target":""},"categories":[3,1,23842],"tags":[2786,8186,119,4052],"class_list":["post-102596","post","type-post","status-publish","format-standard","has-post-thumbnail","hentry","category-gliwice","category-wszystko","category-sport_gliwice","tag-ekstraklasa","tag-mecz","tag-piast","tag-slask-wroclaw"],"yoast_head":"<!-- This site is optimized with the Yoast SEO plugin v27.5 - https:\/\/yoast.com\/product\/yoast-seo-wordpress\/ -->\n<title>O w\u0142os od zwyci\u0119stwa ze \u015al\u0105skiem Wroc\u0142aw. Nieuznana bramka i niewykorzystany karny - 24GLIWICE - Portal Gliwice | codziennie nowe informacje<\/title>\n<meta name=\"robots\" content=\"index, follow, max-snippet:-1, max-image-preview:large, max-video-preview:-1\" \/>\n<link rel=\"canonical\" href=\"https:\/\/www.24gliwice.pl\/wiadomosci\/o-wlos-od-zwyciestwa-ze-slaskiem-wroclaw-nieuznana-bramka-i-niewykorzystany-karny\/\" \/>\n<meta property=\"og:locale\" content=\"pl_PL\" \/>\n<meta property=\"og:type\" content=\"article\" \/>\n<meta property=\"og:title\" content=\"O w\u0142os od zwyci\u0119stwa ze \u015al\u0105skiem Wroc\u0142aw. Nieuznana bramka i niewykorzystany karny - 24GLIWICE - Portal Gliwice | codziennie nowe informacje\" \/>\n<meta property=\"og:description\" content=\"Piast Gliwice zremisowa\u0142 przed w\u0142asn\u0105 publiczno\u015bci\u0105 ze \u015al\u0105skiem Wroc\u0142aw 1-1 (1-1) w pi\u0105tkowym spotkaniu 4. kolejki Lotto Ekstraklasy. Gola dla Niebiesko-Czerwonych zdoby\u0142 Patryk Dziczek. Wynik m\u00f3g\u0142 by\u0107 inny, ale s\u0119dzia nie uzna\u0142 bramki Sasy Ziveca, a Konstantin Vassiljev nie wykorzysta\u0142 rzutu karnego. Na pocz\u0105tku meczu gr\u0119 prowadzili pi\u0142karze Piasta, kt\u00f3rzy d\u0142ugo rozgrywali pi\u0142k\u0119 i pr\u00f3bowali [&hellip;]\" \/>\n<meta property=\"og:url\" content=\"https:\/\/www.24gliwice.pl\/wiadomosci\/o-wlos-od-zwyciestwa-ze-slaskiem-wroclaw-nieuznana-bramka-i-niewykorzystany-karny\/\" \/>\n<meta property=\"og:site_name\" content=\"24GLIWICE - Portal Gliwice | codziennie nowe informacje\" \/>\n<meta property=\"article:publisher\" content=\"https:\/\/www.facebook.com\/24gliwice\" \/>\n<meta property=\"article:author\" content=\"https:\/\/www.facebook.com\/marcin.fabrykowski\" \/>\n<meta property=\"article:published_time\" content=\"2017-08-04T18:40:58+00:00\" \/>\n<meta property=\"article:modified_time\" content=\"2024-08-20T00:01:22+00:00\" \/>\n<meta property=\"og:image\" content=\"https:\/\/www.24gliwice.pl\/wiadomosci\/wp-content\/uploads\/2017\/08\/Screenshot_17.jpg\" \/>\n\t<meta property=\"og:image:width\" content=\"842\" \/>\n\t<meta property=\"og:image:height\" content=\"467\" \/>\n\t<meta property=\"og:image:type\" content=\"image\/jpeg\" \/>\n<meta name=\"author\" content=\"Marcin Fabrykowski\" \/>\n<meta name=\"twitter:card\" content=\"summary_large_image\" \/>\n<meta name=\"twitter:creator\" content=\"@24gliwice\" \/>\n<meta name=\"twitter:site\" content=\"@24gliwice\" \/>\n<meta name=\"twitter:label1\" content=\"Napisane przez\" \/>\n\t<meta name=\"twitter:data1\" content=\"Marcin Fabrykowski\" \/>\n\t<meta name=\"twitter:label2\" content=\"Szacowany czas czytania\" \/>\n\t<meta name=\"twitter:data2\" content=\"2 minuty\" \/>\n<script type=\"application\/ld+json\" class=\"yoast-schema-graph\">{\"@context\":\"https:\\\/\\\/schema.org\",\"@graph\":[{\"@type\":\"Article\",\"@id\":\"https:\\\/\\\/www.24gliwice.pl\\\/wiadomosci\\\/o-wlos-od-zwyciestwa-ze-slaskiem-wroclaw-nieuznana-bramka-i-niewykorzystany-karny\\\/#article\",\"isPartOf\":{\"@id\":\"https:\\\/\\\/www.24gliwice.pl\\\/wiadomosci\\\/o-wlos-od-zwyciestwa-ze-slaskiem-wroclaw-nieuznana-bramka-i-niewykorzystany-karny\\\/\"},\"author\":{\"name\":\"Marcin Fabrykowski\",\"@id\":\"https:\\\/\\\/www.24gliwice.pl\\\/wiadomosci\\\/#\\\/schema\\\/person\\\/cb5857e4a4d048c15984c1edcc8ef0c0\"},\"headline\":\"O w\u0142os od zwyci\u0119stwa ze \u015al\u0105skiem Wroc\u0142aw. Nieuznana bramka i niewykorzystany karny\",\"datePublished\":\"2017-08-04T18:40:58+00:00\",\"dateModified\":\"2024-08-20T00:01:22+00:00\",\"mainEntityOfPage\":{\"@id\":\"https:\\\/\\\/www.24gliwice.pl\\\/wiadomosci\\\/o-wlos-od-zwyciestwa-ze-slaskiem-wroclaw-nieuznana-bramka-i-niewykorzystany-karny\\\/\"},\"wordCount\":349,\"commentCount\":0,\"publisher\":{\"@id\":\"https:\\\/\\\/www.24gliwice.pl\\\/wiadomosci\\\/#organization\"},\"image\":{\"@id\":\"https:\\\/\\\/www.24gliwice.pl\\\/wiadomosci\\\/o-wlos-od-zwyciestwa-ze-slaskiem-wroclaw-nieuznana-bramka-i-niewykorzystany-karny\\\/#primaryimage\"},\"thumbnailUrl\":\"https:\\\/\\\/www.24gliwice.pl\\\/wiadomosci\\\/wp-content\\\/uploads\\\/2017\\\/08\\\/Screenshot_17.jpg\",\"keywords\":[\"EKSTRAKLASA\",\"MECZ\",\"PIAST\",\"\u015al\u0105sk Wroc\u0142aw\"],\"articleSection\":[\"Gliwice\",\"Najnowsze wiadomo\u015bci\",\"Sport\"],\"inLanguage\":\"pl-PL\",\"potentialAction\":[{\"@type\":\"CommentAction\",\"name\":\"Comment\",\"target\":[\"https:\\\/\\\/www.24gliwice.pl\\\/wiadomosci\\\/o-wlos-od-zwyciestwa-ze-slaskiem-wroclaw-nieuznana-bramka-i-niewykorzystany-karny\\\/#respond\"]}]},{\"@type\":\"WebPage\",\"@id\":\"https:\\\/\\\/www.24gliwice.pl\\\/wiadomosci\\\/o-wlos-od-zwyciestwa-ze-slaskiem-wroclaw-nieuznana-bramka-i-niewykorzystany-karny\\\/\",\"url\":\"https:\\\/\\\/www.24gliwice.pl\\\/wiadomosci\\\/o-wlos-od-zwyciestwa-ze-slaskiem-wroclaw-nieuznana-bramka-i-niewykorzystany-karny\\\/\",\"name\":\"O w\u0142os od zwyci\u0119stwa ze \u015al\u0105skiem Wroc\u0142aw. Nieuznana bramka i niewykorzystany karny - 24GLIWICE - Portal Gliwice | codziennie nowe informacje\",\"isPartOf\":{\"@id\":\"https:\\\/\\\/www.24gliwice.pl\\\/wiadomosci\\\/#website\"},\"primaryImageOfPage\":{\"@id\":\"https:\\\/\\\/www.24gliwice.pl\\\/wiadomosci\\\/o-wlos-od-zwyciestwa-ze-slaskiem-wroclaw-nieuznana-bramka-i-niewykorzystany-karny\\\/#primaryimage\"},\"image\":{\"@id\":\"https:\\\/\\\/www.24gliwice.pl\\\/wiadomosci\\\/o-wlos-od-zwyciestwa-ze-slaskiem-wroclaw-nieuznana-bramka-i-niewykorzystany-karny\\\/#primaryimage\"},\"thumbnailUrl\":\"https:\\\/\\\/www.24gliwice.pl\\\/wiadomosci\\\/wp-content\\\/uploads\\\/2017\\\/08\\\/Screenshot_17.jpg\",\"datePublished\":\"2017-08-04T18:40:58+00:00\",\"dateModified\":\"2024-08-20T00:01:22+00:00\",\"breadcrumb\":{\"@id\":\"https:\\\/\\\/www.24gliwice.pl\\\/wiadomosci\\\/o-wlos-od-zwyciestwa-ze-slaskiem-wroclaw-nieuznana-bramka-i-niewykorzystany-karny\\\/#breadcrumb\"},\"inLanguage\":\"pl-PL\",\"potentialAction\":[{\"@type\":\"ReadAction\",\"target\":[\"https:\\\/\\\/www.24gliwice.pl\\\/wiadomosci\\\/o-wlos-od-zwyciestwa-ze-slaskiem-wroclaw-nieuznana-bramka-i-niewykorzystany-karny\\\/\"]}]},{\"@type\":\"ImageObject\",\"inLanguage\":\"pl-PL\",\"@id\":\"https:\\\/\\\/www.24gliwice.pl\\\/wiadomosci\\\/o-wlos-od-zwyciestwa-ze-slaskiem-wroclaw-nieuznana-bramka-i-niewykorzystany-karny\\\/#primaryimage\",\"url\":\"https:\\\/\\\/www.24gliwice.pl\\\/wiadomosci\\\/wp-content\\\/uploads\\\/2017\\\/08\\\/Screenshot_17.jpg\",\"contentUrl\":\"https:\\\/\\\/www.24gliwice.pl\\\/wiadomosci\\\/wp-content\\\/uploads\\\/2017\\\/08\\\/Screenshot_17.jpg\",\"width\":842,\"height\":467},{\"@type\":\"BreadcrumbList\",\"@id\":\"https:\\\/\\\/www.24gliwice.pl\\\/wiadomosci\\\/o-wlos-od-zwyciestwa-ze-slaskiem-wroclaw-nieuznana-bramka-i-niewykorzystany-karny\\\/#breadcrumb\",\"itemListElement\":[{\"@type\":\"ListItem\",\"position\":1,\"name\":\"Strona g\u0142\u00f3wna\",\"item\":\"https:\\\/\\\/www.24gliwice.pl\\\/wiadomosci\\\/\"},{\"@type\":\"ListItem\",\"position\":2,\"name\":\"O w\u0142os od zwyci\u0119stwa ze \u015al\u0105skiem Wroc\u0142aw. Nieuznana bramka i niewykorzystany karny\"}]},{\"@type\":\"WebSite\",\"@id\":\"https:\\\/\\\/www.24gliwice.pl\\\/wiadomosci\\\/#website\",\"url\":\"https:\\\/\\\/www.24gliwice.pl\\\/wiadomosci\\\/\",\"name\":\"24GLIWICE - Portal Gliwice | codziennie nowe wiadomo\u015bci\",\"description\":\"Portal Miejski Gliwice\",\"publisher\":{\"@id\":\"https:\\\/\\\/www.24gliwice.pl\\\/wiadomosci\\\/#organization\"},\"potentialAction\":[{\"@type\":\"SearchAction\",\"target\":{\"@type\":\"EntryPoint\",\"urlTemplate\":\"https:\\\/\\\/www.24gliwice.pl\\\/wiadomosci\\\/?s={search_term_string}\"},\"query-input\":{\"@type\":\"PropertyValueSpecification\",\"valueRequired\":true,\"valueName\":\"search_term_string\"}}],\"inLanguage\":\"pl-PL\"},{\"@type\":\"Organization\",\"@id\":\"https:\\\/\\\/www.24gliwice.pl\\\/wiadomosci\\\/#organization\",\"name\":\"24gliwice\",\"url\":\"https:\\\/\\\/www.24gliwice.pl\\\/wiadomosci\\\/\",\"logo\":{\"@type\":\"ImageObject\",\"inLanguage\":\"pl-PL\",\"@id\":\"https:\\\/\\\/www.24gliwice.pl\\\/wiadomosci\\\/#\\\/schema\\\/logo\\\/image\\\/\",\"url\":\"https:\\\/\\\/www.24gliwice.pl\\\/wiadomosci\\\/wp-content\\\/uploads\\\/2024\\\/10\\\/24gliwice-logo-696.jpg\",\"contentUrl\":\"https:\\\/\\\/www.24gliwice.pl\\\/wiadomosci\\\/wp-content\\\/uploads\\\/2024\\\/10\\\/24gliwice-logo-696.jpg\",\"width\":696,\"height\":696,\"caption\":\"24gliwice\"},\"image\":{\"@id\":\"https:\\\/\\\/www.24gliwice.pl\\\/wiadomosci\\\/#\\\/schema\\\/logo\\\/image\\\/\"},\"sameAs\":[\"https:\\\/\\\/www.facebook.com\\\/24gliwice\",\"https:\\\/\\\/x.com\\\/24gliwice\",\"https:\\\/\\\/www.youtube.com\\\/@24gliwice\"]},{\"@type\":\"Person\",\"@id\":\"https:\\\/\\\/www.24gliwice.pl\\\/wiadomosci\\\/#\\\/schema\\\/person\\\/cb5857e4a4d048c15984c1edcc8ef0c0\",\"name\":\"Marcin Fabrykowski\",\"image\":{\"@type\":\"ImageObject\",\"inLanguage\":\"pl-PL\",\"@id\":\"https:\\\/\\\/www.24gliwice.pl\\\/wiadomosci\\\/wp-content\\\/uploads\\\/2025\\\/11\\\/zdjecie-moje-marcin-300-96x96.jpg\",\"url\":\"https:\\\/\\\/www.24gliwice.pl\\\/wiadomosci\\\/wp-content\\\/uploads\\\/2025\\\/11\\\/zdjecie-moje-marcin-300-96x96.jpg\",\"contentUrl\":\"https:\\\/\\\/www.24gliwice.pl\\\/wiadomosci\\\/wp-content\\\/uploads\\\/2025\\\/11\\\/zdjecie-moje-marcin-300-96x96.jpg\",\"caption\":\"Marcin Fabrykowski\"},\"sameAs\":[\"http:\\\/\\\/24gliwice.pl\",\"https:\\\/\\\/www.facebook.com\\\/marcin.fabrykowski\"],\"url\":\"https:\\\/\\\/www.24gliwice.pl\\\/wiadomosci\\\/author\\\/marcin-fabrykowski\\\/\"}]}<\/script>\n<!-- \/ Yoast SEO plugin. -->","yoast_head_json":{"title":"O w\u0142os od zwyci\u0119stwa ze \u015al\u0105skiem Wroc\u0142aw. Nieuznana bramka i niewykorzystany karny - 24GLIWICE - Portal Gliwice | codziennie nowe informacje","robots":{"index":"index","follow":"follow","max-snippet":"max-snippet:-1","max-image-preview":"max-image-preview:large","max-video-preview":"max-video-preview:-1"},"canonical":"https:\/\/www.24gliwice.pl\/wiadomosci\/o-wlos-od-zwyciestwa-ze-slaskiem-wroclaw-nieuznana-bramka-i-niewykorzystany-karny\/","og_locale":"pl_PL","og_type":"article","og_title":"O w\u0142os od zwyci\u0119stwa ze \u015al\u0105skiem Wroc\u0142aw. Nieuznana bramka i niewykorzystany karny - 24GLIWICE - Portal Gliwice | codziennie nowe informacje","og_description":"Piast Gliwice zremisowa\u0142 przed w\u0142asn\u0105 publiczno\u015bci\u0105 ze \u015al\u0105skiem Wroc\u0142aw 1-1 (1-1) w pi\u0105tkowym spotkaniu 4. kolejki Lotto Ekstraklasy. Gola dla Niebiesko-Czerwonych zdoby\u0142 Patryk Dziczek. Wynik m\u00f3g\u0142 by\u0107 inny, ale s\u0119dzia nie uzna\u0142 bramki Sasy Ziveca, a Konstantin Vassiljev nie wykorzysta\u0142 rzutu karnego. Na pocz\u0105tku meczu gr\u0119 prowadzili pi\u0142karze Piasta, kt\u00f3rzy d\u0142ugo rozgrywali pi\u0142k\u0119 i pr\u00f3bowali [&hellip;]","og_url":"https:\/\/www.24gliwice.pl\/wiadomosci\/o-wlos-od-zwyciestwa-ze-slaskiem-wroclaw-nieuznana-bramka-i-niewykorzystany-karny\/","og_site_name":"24GLIWICE - Portal Gliwice | codziennie nowe informacje","article_publisher":"https:\/\/www.facebook.com\/24gliwice","article_author":"https:\/\/www.facebook.com\/marcin.fabrykowski","article_published_time":"2017-08-04T18:40:58+00:00","article_modified_time":"2024-08-20T00:01:22+00:00","og_image":[{"width":842,"height":467,"url":"https:\/\/www.24gliwice.pl\/wiadomosci\/wp-content\/uploads\/2017\/08\/Screenshot_17.jpg","type":"image\/jpeg"}],"author":"Marcin Fabrykowski","twitter_card":"summary_large_image","twitter_creator":"@24gliwice","twitter_site":"@24gliwice","twitter_misc":{"Napisane przez":"Marcin Fabrykowski","Szacowany czas czytania":"2 minuty"},"schema":{"@context":"https:\/\/schema.org","@graph":[{"@type":"Article","@id":"https:\/\/www.24gliwice.pl\/wiadomosci\/o-wlos-od-zwyciestwa-ze-slaskiem-wroclaw-nieuznana-bramka-i-niewykorzystany-karny\/#article","isPartOf":{"@id":"https:\/\/www.24gliwice.pl\/wiadomosci\/o-wlos-od-zwyciestwa-ze-slaskiem-wroclaw-nieuznana-bramka-i-niewykorzystany-karny\/"},"author":{"name":"Marcin Fabrykowski","@id":"https:\/\/www.24gliwice.pl\/wiadomosci\/#\/schema\/person\/cb5857e4a4d048c15984c1edcc8ef0c0"},"headline":"O w\u0142os od zwyci\u0119stwa ze \u015al\u0105skiem Wroc\u0142aw. Nieuznana bramka i niewykorzystany karny","datePublished":"2017-08-04T18:40:58+00:00","dateModified":"2024-08-20T00:01:22+00:00","mainEntityOfPage":{"@id":"https:\/\/www.24gliwice.pl\/wiadomosci\/o-wlos-od-zwyciestwa-ze-slaskiem-wroclaw-nieuznana-bramka-i-niewykorzystany-karny\/"},"wordCount":349,"commentCount":0,"publisher":{"@id":"https:\/\/www.24gliwice.pl\/wiadomosci\/#organization"},"image":{"@id":"https:\/\/www.24gliwice.pl\/wiadomosci\/o-wlos-od-zwyciestwa-ze-slaskiem-wroclaw-nieuznana-bramka-i-niewykorzystany-karny\/#primaryimage"},"thumbnailUrl":"https:\/\/www.24gliwice.pl\/wiadomosci\/wp-content\/uploads\/2017\/08\/Screenshot_17.jpg","keywords":["EKSTRAKLASA","MECZ","PIAST","\u015al\u0105sk Wroc\u0142aw"],"articleSection":["Gliwice","Najnowsze wiadomo\u015bci","Sport"],"inLanguage":"pl-PL","potentialAction":[{"@type":"CommentAction","name":"Comment","target":["https:\/\/www.24gliwice.pl\/wiadomosci\/o-wlos-od-zwyciestwa-ze-slaskiem-wroclaw-nieuznana-bramka-i-niewykorzystany-karny\/#respond"]}]},{"@type":"WebPage","@id":"https:\/\/www.24gliwice.pl\/wiadomosci\/o-wlos-od-zwyciestwa-ze-slaskiem-wroclaw-nieuznana-bramka-i-niewykorzystany-karny\/","url":"https:\/\/www.24gliwice.pl\/wiadomosci\/o-wlos-od-zwyciestwa-ze-slaskiem-wroclaw-nieuznana-bramka-i-niewykorzystany-karny\/","name":"O w\u0142os od zwyci\u0119stwa ze \u015al\u0105skiem Wroc\u0142aw. Nieuznana bramka i niewykorzystany karny - 24GLIWICE - Portal Gliwice | codziennie nowe informacje","isPartOf":{"@id":"https:\/\/www.24gliwice.pl\/wiadomosci\/#website"},"primaryImageOfPage":{"@id":"https:\/\/www.24gliwice.pl\/wiadomosci\/o-wlos-od-zwyciestwa-ze-slaskiem-wroclaw-nieuznana-bramka-i-niewykorzystany-karny\/#primaryimage"},"image":{"@id":"https:\/\/www.24gliwice.pl\/wiadomosci\/o-wlos-od-zwyciestwa-ze-slaskiem-wroclaw-nieuznana-bramka-i-niewykorzystany-karny\/#primaryimage"},"thumbnailUrl":"https:\/\/www.24gliwice.pl\/wiadomosci\/wp-content\/uploads\/2017\/08\/Screenshot_17.jpg","datePublished":"2017-08-04T18:40:58+00:00","dateModified":"2024-08-20T00:01:22+00:00","breadcrumb":{"@id":"https:\/\/www.24gliwice.pl\/wiadomosci\/o-wlos-od-zwyciestwa-ze-slaskiem-wroclaw-nieuznana-bramka-i-niewykorzystany-karny\/#breadcrumb"},"inLanguage":"pl-PL","potentialAction":[{"@type":"ReadAction","target":["https:\/\/www.24gliwice.pl\/wiadomosci\/o-wlos-od-zwyciestwa-ze-slaskiem-wroclaw-nieuznana-bramka-i-niewykorzystany-karny\/"]}]},{"@type":"ImageObject","inLanguage":"pl-PL","@id":"https:\/\/www.24gliwice.pl\/wiadomosci\/o-wlos-od-zwyciestwa-ze-slaskiem-wroclaw-nieuznana-bramka-i-niewykorzystany-karny\/#primaryimage","url":"https:\/\/www.24gliwice.pl\/wiadomosci\/wp-content\/uploads\/2017\/08\/Screenshot_17.jpg","contentUrl":"https:\/\/www.24gliwice.pl\/wiadomosci\/wp-content\/uploads\/2017\/08\/Screenshot_17.jpg","width":842,"height":467},{"@type":"BreadcrumbList","@id":"https:\/\/www.24gliwice.pl\/wiadomosci\/o-wlos-od-zwyciestwa-ze-slaskiem-wroclaw-nieuznana-bramka-i-niewykorzystany-karny\/#breadcrumb","itemListElement":[{"@type":"ListItem","position":1,"name":"Strona g\u0142\u00f3wna","item":"https:\/\/www.24gliwice.pl\/wiadomosci\/"},{"@type":"ListItem","position":2,"name":"O w\u0142os od zwyci\u0119stwa ze \u015al\u0105skiem Wroc\u0142aw. Nieuznana bramka i niewykorzystany karny"}]},{"@type":"WebSite","@id":"https:\/\/www.24gliwice.pl\/wiadomosci\/#website","url":"https:\/\/www.24gliwice.pl\/wiadomosci\/","name":"24GLIWICE - Portal Gliwice | codziennie nowe wiadomo\u015bci","description":"Portal Miejski Gliwice","publisher":{"@id":"https:\/\/www.24gliwice.pl\/wiadomosci\/#organization"},"potentialAction":[{"@type":"SearchAction","target":{"@type":"EntryPoint","urlTemplate":"https:\/\/www.24gliwice.pl\/wiadomosci\/?s={search_term_string}"},"query-input":{"@type":"PropertyValueSpecification","valueRequired":true,"valueName":"search_term_string"}}],"inLanguage":"pl-PL"},{"@type":"Organization","@id":"https:\/\/www.24gliwice.pl\/wiadomosci\/#organization","name":"24gliwice","url":"https:\/\/www.24gliwice.pl\/wiadomosci\/","logo":{"@type":"ImageObject","inLanguage":"pl-PL","@id":"https:\/\/www.24gliwice.pl\/wiadomosci\/#\/schema\/logo\/image\/","url":"https:\/\/www.24gliwice.pl\/wiadomosci\/wp-content\/uploads\/2024\/10\/24gliwice-logo-696.jpg","contentUrl":"https:\/\/www.24gliwice.pl\/wiadomosci\/wp-content\/uploads\/2024\/10\/24gliwice-logo-696.jpg","width":696,"height":696,"caption":"24gliwice"},"image":{"@id":"https:\/\/www.24gliwice.pl\/wiadomosci\/#\/schema\/logo\/image\/"},"sameAs":["https:\/\/www.facebook.com\/24gliwice","https:\/\/x.com\/24gliwice","https:\/\/www.youtube.com\/@24gliwice"]},{"@type":"Person","@id":"https:\/\/www.24gliwice.pl\/wiadomosci\/#\/schema\/person\/cb5857e4a4d048c15984c1edcc8ef0c0","name":"Marcin Fabrykowski","image":{"@type":"ImageObject","inLanguage":"pl-PL","@id":"https:\/\/www.24gliwice.pl\/wiadomosci\/wp-content\/uploads\/2025\/11\/zdjecie-moje-marcin-300-96x96.jpg","url":"https:\/\/www.24gliwice.pl\/wiadomosci\/wp-content\/uploads\/2025\/11\/zdjecie-moje-marcin-300-96x96.jpg","contentUrl":"https:\/\/www.24gliwice.pl\/wiadomosci\/wp-content\/uploads\/2025\/11\/zdjecie-moje-marcin-300-96x96.jpg","caption":"Marcin Fabrykowski"},"sameAs":["http:\/\/24gliwice.pl","https:\/\/www.facebook.com\/marcin.fabrykowski"],"url":"https:\/\/www.24gliwice.pl\/wiadomosci\/author\/marcin-fabrykowski\/"}]}},"_links":{"self":[{"href":"https:\/\/www.24gliwice.pl\/wiadomosci\/wp-json\/wp\/v2\/posts\/102596","targetHints":{"allow":["GET"]}}],"collection":[{"href":"https:\/\/www.24gliwice.pl\/wiadomosci\/wp-json\/wp\/v2\/posts"}],"about":[{"href":"https:\/\/www.24gliwice.pl\/wiadomosci\/wp-json\/wp\/v2\/types\/post"}],"author":[{"embeddable":true,"href":"https:\/\/www.24gliwice.pl\/wiadomosci\/wp-json\/wp\/v2\/users\/4"}],"replies":[{"embeddable":true,"href":"https:\/\/www.24gliwice.pl\/wiadomosci\/wp-json\/wp\/v2\/comments?post=102596"}],"version-history":[{"count":0,"href":"https:\/\/www.24gliwice.pl\/wiadomosci\/wp-json\/wp\/v2\/posts\/102596\/revisions"}],"wp:featuredmedia":[{"embeddable":true,"href":"https:\/\/www.24gliwice.pl\/wiadomosci\/wp-json\/wp\/v2\/media\/102598"}],"wp:attachment":[{"href":"https:\/\/www.24gliwice.pl\/wiadomosci\/wp-json\/wp\/v2\/media?parent=102596"}],"wp:term":[{"taxonomy":"category","embeddable":true,"href":"https:\/\/www.24gliwice.pl\/wiadomosci\/wp-json\/wp\/v2\/categories?post=102596"},{"taxonomy":"post_tag","embeddable":true,"href":"https:\/\/www.24gliwice.pl\/wiadomosci\/wp-json\/wp\/v2\/tags?post=102596"}],"curies":[{"name":"wp","href":"https:\/\/api.w.org\/{rel}","templated":true}]}}