{"id":102647,"date":"2017-08-11T02:38:28","date_gmt":"2017-08-11T00:38:28","guid":{"rendered":"http:\/\/www.24gliwice.pl\/wiadomosci\/?p=102647"},"modified":"2017-08-11T09:44:40","modified_gmt":"2017-08-11T07:44:40","slug":"prawie-49-mln-z-unii-na-ochrone-przed-powodzia-gdzie-i-jakie-inwestycje-planuje-magistrat","status":"publish","type":"post","link":"https:\/\/www.24gliwice.pl\/wiadomosci\/prawie-49-mln-z-unii-na-ochrone-przed-powodzia-gdzie-i-jakie-inwestycje-planuje-magistrat\/","title":{"rendered":"Prawie 49 mln z Unii na ochron\u0119 przed powodzi\u0105. Gdzie i jakie inwestycje planuje Magistrat?"},"content":{"rendered":"<div class=\"gliwi-a6-nad-leadem-artykulow gliwi-entity-placement\" id=\"gliwi-3269105533\"><div class=\"gliwi-adlabel\"><span style=\"font-size: 9px\">REKLAMA<\/span><\/div><div id=\"gliwi-1540018145\" style=\"margin-bottom: 30px;margin-left: auto;margin-right: auto;text-align: center;\"><a data-no-instant=\"1\" href=\"https:\/\/przedszkole.halogen.org.pl\/\" rel=\"noopener\" class=\"a2t-link\" target=\"_blank\" aria-label=\"20260402-ANIMATOR-przedszkole_grafika_750x200\"><img loading=\"lazy\" decoding=\"async\" src=\"https:\/\/www.24gliwice.pl\/wiadomosci\/wp-content\/uploads\/2026\/04\/20260402-ANIMATOR-przedszkole_grafika_750x200.webp\" alt=\"\"  srcset=\"https:\/\/www.24gliwice.pl\/wiadomosci\/wp-content\/uploads\/2026\/04\/20260402-ANIMATOR-przedszkole_grafika_750x200.webp 750w, https:\/\/www.24gliwice.pl\/wiadomosci\/wp-content\/uploads\/2026\/04\/20260402-ANIMATOR-przedszkole_grafika_750x200-410x109.webp 410w\" sizes=\"(max-width: 750px) 100vw, 750px\" class=\"no-lazyload\" width=\"750\" height=\"200\"  style=\"display: inline-block; max-width: 100%; height: auto;\" \/><\/a><\/div><\/div><h3>Gliwice z solidnym zastrzykiem pieni\u0119dzy na ochron\u0119 przeciwpowodziow\u0105. Na przestrzeni p\u00f3\u0142 roku Miasto dwukrotnie uzyska\u0142o na ten cel unijne dofinansowanie.<\/h3>\n<p>Jego \u0142\u0105czna kwota si\u0119ga prawie 49 mln z\u0142otych.<\/p>\n<h4>CO POWSTANIE?<\/h4>\n<p>Najpierw, w lutym tego roku w ramach unijnego Programu Operacyjnego Infrastruktura i \u015arodowisko 2014-2020, miasto otrzyma\u0142o prawie 19 mln z\u0142otych. Umowa sfinalizowana zosta\u0142a w kwietniu, a prace modernizacyjne ju\u017c trwaj\u0105. Projekt obejmuje <strong>budow\u0119 zbiornik\u00f3w retencyjnych i kanalizacji deszczowej wraz z urz\u0105dzeniami podczyszczaj\u0105cymi<\/strong>. Te zadania realizowane s\u0105 m.in. <strong>przy ul. Bojkowskiej, Dworskiej, Biegusa, \u0141ukasiewicza i Elsnera.<\/strong><\/p><div class=\"gliwi-a3-w-tresci-artykulow gliwi-entity-placement\" id=\"gliwi-2809314637\"><div class=\"gliwi-adlabel\"><span style=\"font-size: 9px\">REKLAMA<\/span><\/div><div id=\"gliwi-2513102030\" style=\"margin-bottom: 30px;margin-left: auto;margin-right: auto;text-align: center;\"><a data-no-instant=\"1\" href=\"https:\/\/zlobek.halogen.org.pl\/\" rel=\"noopener\" class=\"a2t-link\" target=\"_blank\" aria-label=\"animator-zlobek_750x200\"><img loading=\"lazy\" decoding=\"async\" src=\"https:\/\/www.24gliwice.pl\/wiadomosci\/wp-content\/uploads\/2026\/02\/animator-zlobek_750x200.webp\" alt=\"\"  srcset=\"https:\/\/www.24gliwice.pl\/wiadomosci\/wp-content\/uploads\/2026\/02\/animator-zlobek_750x200.webp 750w, https:\/\/www.24gliwice.pl\/wiadomosci\/wp-content\/uploads\/2026\/02\/animator-zlobek_750x200-410x109.webp 410w\" sizes=\"(max-width: 750px) 100vw, 750px\" class=\"no-lazyload\" width=\"750\" height=\"200\"  style=\"display: inline-block; max-width: 100%; height: auto;\" \/><\/a><\/div><\/div>\n<p>Druga transza pieni\u0119dzy (prawie 30 mln z\u0142otych) uruchomiona zostanie w najbli\u017cszych miesi\u0105cach. Miasto jest w trakcie podpisywania umowy z Narodowym Funduszem Ochrony \u015arodowiska i Gospodarki Wodnej.<br \/>\n\u015arodki przeznaczone zostan\u0105 na <strong>budow\u0119 kanalizacji deszczowej przy ul. Magnolii, Begonii, Krokus\u00f3w, D\u0142ugiej, Marksa, Chorzowskiej<\/strong> (w tym m.in. <strong>remont wylotu do rzeki Bytomki<\/strong>) oraz <strong>w dzielnicy Brzezinka Po\u0142udnie<\/strong> (wraz z <strong>budow\u0105 zbiornika retencyjnego<\/strong>). Unijne \u015brodki maj\u0105 pozwoli\u0107 te\u017c na <strong>przywr\u00f3cenie naturalnego stanu koryta K\u0142odnicy<\/strong> a tak\u017ce na powstanie inteligentnego systemu zarz\u0105dzania sieci\u0105 kanalizacji deszczowej.<\/p>\n<h4>ZBIORNIKI NA S\u0141OWACKIEGO (JESZCZE) NIE TERAZ<\/h4>\n<p>Na tym nie koniec ambitnych plan\u00f3w Magistratu. Miasto zamierza ubiega\u0107 si\u0119 o kolejne dofinansowanie na budow\u0119 kolejnych zbiornik\u00f3w retencyjnych, w tym tak\u017ce budz\u0105cych najwi\u0119ksze kontrowersje &#8220;polder\u00f3w&#8221; na \u0142\u0105kach przy ul. S\u0142owackiego.<\/p>\n<blockquote><p>&#8211; Dla projektowanych obecnie zbiornik\u00f3w i polder\u00f3w zlokalizowanych na potoku Ostropka, Cienka, W\u00f3jtowianka (Doa) oraz na rzece K\u0142odnicy obecnie trwa jeszcze proces projektowania<\/p><\/blockquote>\n<p>&#8211; m\u00f3wi <strong>Roksana Burzak<\/strong> z Wydzia\u0142u Przedsi\u0119wzi\u0119\u0107 Gospodarczych i Us\u0142ug Komunalnych. &#8211; Termin zako\u0144czenia tych um\u00f3w jest r\u00f3\u017cny, \u015brednio przypada on II i III kwarta\u0142 2018r. Bior\u0105c pod uwag\u0119 powy\u017csze informujemy, \u017ce inwestycje te nie posiadaj\u0105 jeszcze decyzji, zgody na realizacj\u0119 &#8211; zaznacza i podkre\u015bla, \u017ce z wnioskiem o ich dofinansowanie b\u0119dzie mo\u017cna wyst\u0105pi\u0107 po uzyskaniu wszystkich zg\u00f3d i decyzji.<\/p>\n[perfectpullquote align=&#8221;full&#8221; cite=&#8221;&#8221; link=&#8221;&#8221; color=&#8221;&#8221; class=&#8221;&#8221; size=&#8221;&#8221;]Projekt najg\u0142o\u015bniejszej inwestycji przy ul. S\u0142owackiego, b\u0119d\u0105cej od ubieg\u0142ego roku ko\u015bci\u0105 niezgody mi\u0119dzy cz\u0119\u015bci\u0105 gliwiczan a urz\u0119dnikami powinien by\u0107 gotowy do 12 wrze\u015bnia tego roku.[\/perfectpullquote]\n<p>Tymczasem o rekreacyjny charakter \u0142\u0105k przy Ostropce, w ubieg\u0142ym tygodniu po raz kolejny upomnieli si\u0119 mieszka\u0144cy. Na zielonym terenie, z inicjatywy Rady Osiedlowej W\u00f3jtowa Wie\u015b zorganizowano &#8220;\u015aniadanie na trawie&#8221;. W piknikowej atmosferze podkre\u015blano znaczenie tego terenu dla dzielnicy. Sp\u00f3r o przysz\u0142o\u015b\u0107 tego miejsca &#8211; na razie u\u015bpiony &#8211; mo\u017ce wi\u0119c wr\u00f3ci\u0107 ze zdwojon\u0105 si\u0142\u0105 ju\u017c za kilka miesi\u0119cy.<\/p>\n<p>Micha\u0142 Szewczyk<\/p>\n<div class=\"gliwi-a5-na-koncu-artykulow gliwi-entity-placement\" id=\"gliwi-1984766898\"><div class=\"gliwi-adlabel\"><span style=\"font-size: 9px\">REKLAMA<\/span><\/div><div id=\"gliwi-4024304489\" style=\"margin-left: auto;margin-right: auto;text-align: center;\"><a data-no-instant=\"1\" href=\"https:\/\/prezeroarenagliwice.pl\/\" rel=\"noopener\" class=\"a2t-link\" target=\"_blank\" aria-label=\"20260309-PREZERO-WIOSNA-D\"><img loading=\"lazy\" decoding=\"async\" src=\"https:\/\/www.24gliwice.pl\/wiadomosci\/wp-content\/uploads\/2026\/03\/20260309-PREZERO-WIOSNA-D.webp\" alt=\"\"  srcset=\"https:\/\/www.24gliwice.pl\/wiadomosci\/wp-content\/uploads\/2026\/03\/20260309-PREZERO-WIOSNA-D.webp 750w, https:\/\/www.24gliwice.pl\/wiadomosci\/wp-content\/uploads\/2026\/03\/20260309-PREZERO-WIOSNA-D-410x109.webp 410w\" sizes=\"(max-width: 750px) 100vw, 750px\" class=\"no-lazyload\" width=\"750\" height=\"200\"  style=\"display: inline-block; max-width: 100%; height: auto;\" \/><\/a><\/div><\/div>","protected":false},"excerpt":{"rendered":"<p>Gliwice z solidnym zastrzykiem pieni\u0119dzy na ochron\u0119 przeciwpowodziow\u0105. Na przestrzeni p\u00f3\u0142 roku Miasto dwukrotnie uzyska\u0142o na ten cel unijne dofinansowanie. Jego \u0142\u0105czna kwota si\u0119ga prawie 49 mln z\u0142otych. CO POWSTANIE? Najpierw, w lutym tego roku w ramach unijnego Programu Operacyjnego Infrastruktura i \u015arodowisko 2014-2020, miasto otrzyma\u0142o prawie 19 mln z\u0142otych. Umowa sfinalizowana zosta\u0142a w kwietniu, [&hellip;]<\/p>\n","protected":false},"author":12,"featured_media":102650,"comment_status":"open","ping_status":"closed","sticky":false,"template":"","format":"standard","meta":{"_monsterinsights_skip_tracking":false,"_monsterinsights_sitenote_active":false,"_monsterinsights_sitenote_note":"","_monsterinsights_sitenote_category":0,"footnotes":"","_links_to":"","_links_to_target":""},"categories":[3,1,9],"tags":[7267],"class_list":["post-102647","post","type-post","status-publish","format-standard","has-post-thumbnail","hentry","category-gliwice","category-wszystko","category-aktualnosci_lokalne","tag-zbiorniki-retencyjne-gliwice"],"yoast_head":"<!-- This site is optimized with the Yoast SEO plugin v27.5 - https:\/\/yoast.com\/product\/yoast-seo-wordpress\/ -->\n<title>Prawie 49 mln z Unii na ochron\u0119 przed powodzi\u0105. Gdzie i jakie inwestycje planuje Magistrat? - 24GLIWICE - Portal Gliwice | codziennie nowe informacje<\/title>\n<meta name=\"robots\" content=\"index, follow, max-snippet:-1, max-image-preview:large, max-video-preview:-1\" \/>\n<link rel=\"canonical\" href=\"https:\/\/www.24gliwice.pl\/wiadomosci\/prawie-49-mln-z-unii-na-ochrone-przed-powodzia-gdzie-i-jakie-inwestycje-planuje-magistrat\/\" \/>\n<meta property=\"og:locale\" content=\"pl_PL\" \/>\n<meta property=\"og:type\" content=\"article\" \/>\n<meta property=\"og:title\" content=\"Prawie 49 mln z Unii na ochron\u0119 przed powodzi\u0105. Gdzie i jakie inwestycje planuje Magistrat? - 24GLIWICE - Portal Gliwice | codziennie nowe informacje\" \/>\n<meta property=\"og:description\" content=\"Gliwice z solidnym zastrzykiem pieni\u0119dzy na ochron\u0119 przeciwpowodziow\u0105. Na przestrzeni p\u00f3\u0142 roku Miasto dwukrotnie uzyska\u0142o na ten cel unijne dofinansowanie. Jego \u0142\u0105czna kwota si\u0119ga prawie 49 mln z\u0142otych. CO POWSTANIE? Najpierw, w lutym tego roku w ramach unijnego Programu Operacyjnego Infrastruktura i \u015arodowisko 2014-2020, miasto otrzyma\u0142o prawie 19 mln z\u0142otych. Umowa sfinalizowana zosta\u0142a w kwietniu, [&hellip;]\" \/>\n<meta property=\"og:url\" content=\"https:\/\/www.24gliwice.pl\/wiadomosci\/prawie-49-mln-z-unii-na-ochrone-przed-powodzia-gdzie-i-jakie-inwestycje-planuje-magistrat\/\" \/>\n<meta property=\"og:site_name\" content=\"24GLIWICE - Portal Gliwice | codziennie nowe informacje\" \/>\n<meta property=\"article:publisher\" content=\"https:\/\/www.facebook.com\/24gliwice\" \/>\n<meta property=\"article:published_time\" content=\"2017-08-11T00:38:28+00:00\" \/>\n<meta property=\"article:modified_time\" content=\"2017-08-11T07:44:40+00:00\" \/>\n<meta property=\"og:image\" content=\"https:\/\/www.24gliwice.pl\/wiadomosci\/wp-content\/uploads\/2017\/08\/klodnica3.jpg\" \/>\n\t<meta property=\"og:image:width\" content=\"1200\" \/>\n\t<meta property=\"og:image:height\" content=\"675\" \/>\n\t<meta property=\"og:image:type\" content=\"image\/jpeg\" \/>\n<meta name=\"author\" content=\"Micha\u0142 Szewczyk\" \/>\n<meta name=\"twitter:card\" content=\"summary_large_image\" \/>\n<meta name=\"twitter:creator\" content=\"@24gliwice\" \/>\n<meta name=\"twitter:site\" content=\"@24gliwice\" \/>\n<meta name=\"twitter:label1\" content=\"Napisane przez\" \/>\n\t<meta name=\"twitter:data1\" content=\"Micha\u0142 Szewczyk\" \/>\n\t<meta name=\"twitter:label2\" content=\"Szacowany czas czytania\" \/>\n\t<meta name=\"twitter:data2\" content=\"2 minuty\" \/>\n<script type=\"application\/ld+json\" class=\"yoast-schema-graph\">{\"@context\":\"https:\\\/\\\/schema.org\",\"@graph\":[{\"@type\":\"Article\",\"@id\":\"https:\\\/\\\/www.24gliwice.pl\\\/wiadomosci\\\/prawie-49-mln-z-unii-na-ochrone-przed-powodzia-gdzie-i-jakie-inwestycje-planuje-magistrat\\\/#article\",\"isPartOf\":{\"@id\":\"https:\\\/\\\/www.24gliwice.pl\\\/wiadomosci\\\/prawie-49-mln-z-unii-na-ochrone-przed-powodzia-gdzie-i-jakie-inwestycje-planuje-magistrat\\\/\"},\"author\":{\"name\":\"Micha\u0142 Szewczyk\",\"@id\":\"https:\\\/\\\/www.24gliwice.pl\\\/wiadomosci\\\/#\\\/schema\\\/person\\\/940e8f8a097e322de4f463f061ef8d45\"},\"headline\":\"Prawie 49 mln z Unii na ochron\u0119 przed powodzi\u0105. Gdzie i jakie inwestycje planuje Magistrat?\",\"datePublished\":\"2017-08-11T00:38:28+00:00\",\"dateModified\":\"2017-08-11T07:44:40+00:00\",\"mainEntityOfPage\":{\"@id\":\"https:\\\/\\\/www.24gliwice.pl\\\/wiadomosci\\\/prawie-49-mln-z-unii-na-ochrone-przed-powodzia-gdzie-i-jakie-inwestycje-planuje-magistrat\\\/\"},\"wordCount\":460,\"commentCount\":0,\"publisher\":{\"@id\":\"https:\\\/\\\/www.24gliwice.pl\\\/wiadomosci\\\/#organization\"},\"image\":{\"@id\":\"https:\\\/\\\/www.24gliwice.pl\\\/wiadomosci\\\/prawie-49-mln-z-unii-na-ochrone-przed-powodzia-gdzie-i-jakie-inwestycje-planuje-magistrat\\\/#primaryimage\"},\"thumbnailUrl\":\"https:\\\/\\\/www.24gliwice.pl\\\/wiadomosci\\\/wp-content\\\/uploads\\\/2017\\\/08\\\/klodnica3.jpg\",\"keywords\":[\"zbiorniki retencyjne gliwice\"],\"articleSection\":[\"Gliwice\",\"Najnowsze wiadomo\u015bci\",\"Portal Gliwice - Wiadomo\u015bci lokalne\"],\"inLanguage\":\"pl-PL\",\"potentialAction\":[{\"@type\":\"CommentAction\",\"name\":\"Comment\",\"target\":[\"https:\\\/\\\/www.24gliwice.pl\\\/wiadomosci\\\/prawie-49-mln-z-unii-na-ochrone-przed-powodzia-gdzie-i-jakie-inwestycje-planuje-magistrat\\\/#respond\"]}]},{\"@type\":\"WebPage\",\"@id\":\"https:\\\/\\\/www.24gliwice.pl\\\/wiadomosci\\\/prawie-49-mln-z-unii-na-ochrone-przed-powodzia-gdzie-i-jakie-inwestycje-planuje-magistrat\\\/\",\"url\":\"https:\\\/\\\/www.24gliwice.pl\\\/wiadomosci\\\/prawie-49-mln-z-unii-na-ochrone-przed-powodzia-gdzie-i-jakie-inwestycje-planuje-magistrat\\\/\",\"name\":\"Prawie 49 mln z Unii na ochron\u0119 przed powodzi\u0105. Gdzie i jakie inwestycje planuje Magistrat? - 24GLIWICE - Portal Gliwice | codziennie nowe informacje\",\"isPartOf\":{\"@id\":\"https:\\\/\\\/www.24gliwice.pl\\\/wiadomosci\\\/#website\"},\"primaryImageOfPage\":{\"@id\":\"https:\\\/\\\/www.24gliwice.pl\\\/wiadomosci\\\/prawie-49-mln-z-unii-na-ochrone-przed-powodzia-gdzie-i-jakie-inwestycje-planuje-magistrat\\\/#primaryimage\"},\"image\":{\"@id\":\"https:\\\/\\\/www.24gliwice.pl\\\/wiadomosci\\\/prawie-49-mln-z-unii-na-ochrone-przed-powodzia-gdzie-i-jakie-inwestycje-planuje-magistrat\\\/#primaryimage\"},\"thumbnailUrl\":\"https:\\\/\\\/www.24gliwice.pl\\\/wiadomosci\\\/wp-content\\\/uploads\\\/2017\\\/08\\\/klodnica3.jpg\",\"datePublished\":\"2017-08-11T00:38:28+00:00\",\"dateModified\":\"2017-08-11T07:44:40+00:00\",\"breadcrumb\":{\"@id\":\"https:\\\/\\\/www.24gliwice.pl\\\/wiadomosci\\\/prawie-49-mln-z-unii-na-ochrone-przed-powodzia-gdzie-i-jakie-inwestycje-planuje-magistrat\\\/#breadcrumb\"},\"inLanguage\":\"pl-PL\",\"potentialAction\":[{\"@type\":\"ReadAction\",\"target\":[\"https:\\\/\\\/www.24gliwice.pl\\\/wiadomosci\\\/prawie-49-mln-z-unii-na-ochrone-przed-powodzia-gdzie-i-jakie-inwestycje-planuje-magistrat\\\/\"]}]},{\"@type\":\"ImageObject\",\"inLanguage\":\"pl-PL\",\"@id\":\"https:\\\/\\\/www.24gliwice.pl\\\/wiadomosci\\\/prawie-49-mln-z-unii-na-ochrone-przed-powodzia-gdzie-i-jakie-inwestycje-planuje-magistrat\\\/#primaryimage\",\"url\":\"https:\\\/\\\/www.24gliwice.pl\\\/wiadomosci\\\/wp-content\\\/uploads\\\/2017\\\/08\\\/klodnica3.jpg\",\"contentUrl\":\"https:\\\/\\\/www.24gliwice.pl\\\/wiadomosci\\\/wp-content\\\/uploads\\\/2017\\\/08\\\/klodnica3.jpg\",\"width\":1200,\"height\":675},{\"@type\":\"BreadcrumbList\",\"@id\":\"https:\\\/\\\/www.24gliwice.pl\\\/wiadomosci\\\/prawie-49-mln-z-unii-na-ochrone-przed-powodzia-gdzie-i-jakie-inwestycje-planuje-magistrat\\\/#breadcrumb\",\"itemListElement\":[{\"@type\":\"ListItem\",\"position\":1,\"name\":\"Strona g\u0142\u00f3wna\",\"item\":\"https:\\\/\\\/www.24gliwice.pl\\\/wiadomosci\\\/\"},{\"@type\":\"ListItem\",\"position\":2,\"name\":\"Prawie 49 mln z Unii na ochron\u0119 przed powodzi\u0105. Gdzie i jakie inwestycje planuje Magistrat?\"}]},{\"@type\":\"WebSite\",\"@id\":\"https:\\\/\\\/www.24gliwice.pl\\\/wiadomosci\\\/#website\",\"url\":\"https:\\\/\\\/www.24gliwice.pl\\\/wiadomosci\\\/\",\"name\":\"24GLIWICE - Portal Gliwice | codziennie nowe wiadomo\u015bci\",\"description\":\"Portal Miejski Gliwice\",\"publisher\":{\"@id\":\"https:\\\/\\\/www.24gliwice.pl\\\/wiadomosci\\\/#organization\"},\"potentialAction\":[{\"@type\":\"SearchAction\",\"target\":{\"@type\":\"EntryPoint\",\"urlTemplate\":\"https:\\\/\\\/www.24gliwice.pl\\\/wiadomosci\\\/?s={search_term_string}\"},\"query-input\":{\"@type\":\"PropertyValueSpecification\",\"valueRequired\":true,\"valueName\":\"search_term_string\"}}],\"inLanguage\":\"pl-PL\"},{\"@type\":\"Organization\",\"@id\":\"https:\\\/\\\/www.24gliwice.pl\\\/wiadomosci\\\/#organization\",\"name\":\"24gliwice\",\"url\":\"https:\\\/\\\/www.24gliwice.pl\\\/wiadomosci\\\/\",\"logo\":{\"@type\":\"ImageObject\",\"inLanguage\":\"pl-PL\",\"@id\":\"https:\\\/\\\/www.24gliwice.pl\\\/wiadomosci\\\/#\\\/schema\\\/logo\\\/image\\\/\",\"url\":\"https:\\\/\\\/www.24gliwice.pl\\\/wiadomosci\\\/wp-content\\\/uploads\\\/2024\\\/10\\\/24gliwice-logo-696.jpg\",\"contentUrl\":\"https:\\\/\\\/www.24gliwice.pl\\\/wiadomosci\\\/wp-content\\\/uploads\\\/2024\\\/10\\\/24gliwice-logo-696.jpg\",\"width\":696,\"height\":696,\"caption\":\"24gliwice\"},\"image\":{\"@id\":\"https:\\\/\\\/www.24gliwice.pl\\\/wiadomosci\\\/#\\\/schema\\\/logo\\\/image\\\/\"},\"sameAs\":[\"https:\\\/\\\/www.facebook.com\\\/24gliwice\",\"https:\\\/\\\/x.com\\\/24gliwice\",\"https:\\\/\\\/www.youtube.com\\\/@24gliwice\"]},{\"@type\":\"Person\",\"@id\":\"https:\\\/\\\/www.24gliwice.pl\\\/wiadomosci\\\/#\\\/schema\\\/person\\\/940e8f8a097e322de4f463f061ef8d45\",\"name\":\"Micha\u0142 Szewczyk\",\"image\":{\"@type\":\"ImageObject\",\"inLanguage\":\"pl-PL\",\"@id\":\"https:\\\/\\\/secure.gravatar.com\\\/avatar\\\/771b8b6c74cd8d255e46392d605e01a86133900ef09b6ef3c8d451c9d92288cf?s=96&d=mm&r=g\",\"url\":\"https:\\\/\\\/secure.gravatar.com\\\/avatar\\\/771b8b6c74cd8d255e46392d605e01a86133900ef09b6ef3c8d451c9d92288cf?s=96&d=mm&r=g\",\"contentUrl\":\"https:\\\/\\\/secure.gravatar.com\\\/avatar\\\/771b8b6c74cd8d255e46392d605e01a86133900ef09b6ef3c8d451c9d92288cf?s=96&d=mm&r=g\",\"caption\":\"Micha\u0142 Szewczyk\"},\"sameAs\":[\"http:\\\/\\\/www.gazeta-miejska.pl\"],\"url\":\"https:\\\/\\\/www.24gliwice.pl\\\/wiadomosci\\\/author\\\/michal-szewczyk\\\/\"}]}<\/script>\n<!-- \/ Yoast SEO plugin. -->","yoast_head_json":{"title":"Prawie 49 mln z Unii na ochron\u0119 przed powodzi\u0105. Gdzie i jakie inwestycje planuje Magistrat? - 24GLIWICE - Portal Gliwice | codziennie nowe informacje","robots":{"index":"index","follow":"follow","max-snippet":"max-snippet:-1","max-image-preview":"max-image-preview:large","max-video-preview":"max-video-preview:-1"},"canonical":"https:\/\/www.24gliwice.pl\/wiadomosci\/prawie-49-mln-z-unii-na-ochrone-przed-powodzia-gdzie-i-jakie-inwestycje-planuje-magistrat\/","og_locale":"pl_PL","og_type":"article","og_title":"Prawie 49 mln z Unii na ochron\u0119 przed powodzi\u0105. Gdzie i jakie inwestycje planuje Magistrat? - 24GLIWICE - Portal Gliwice | codziennie nowe informacje","og_description":"Gliwice z solidnym zastrzykiem pieni\u0119dzy na ochron\u0119 przeciwpowodziow\u0105. Na przestrzeni p\u00f3\u0142 roku Miasto dwukrotnie uzyska\u0142o na ten cel unijne dofinansowanie. Jego \u0142\u0105czna kwota si\u0119ga prawie 49 mln z\u0142otych. CO POWSTANIE? Najpierw, w lutym tego roku w ramach unijnego Programu Operacyjnego Infrastruktura i \u015arodowisko 2014-2020, miasto otrzyma\u0142o prawie 19 mln z\u0142otych. Umowa sfinalizowana zosta\u0142a w kwietniu, [&hellip;]","og_url":"https:\/\/www.24gliwice.pl\/wiadomosci\/prawie-49-mln-z-unii-na-ochrone-przed-powodzia-gdzie-i-jakie-inwestycje-planuje-magistrat\/","og_site_name":"24GLIWICE - Portal Gliwice | codziennie nowe informacje","article_publisher":"https:\/\/www.facebook.com\/24gliwice","article_published_time":"2017-08-11T00:38:28+00:00","article_modified_time":"2017-08-11T07:44:40+00:00","og_image":[{"width":1200,"height":675,"url":"https:\/\/www.24gliwice.pl\/wiadomosci\/wp-content\/uploads\/2017\/08\/klodnica3.jpg","type":"image\/jpeg"}],"author":"Micha\u0142 Szewczyk","twitter_card":"summary_large_image","twitter_creator":"@24gliwice","twitter_site":"@24gliwice","twitter_misc":{"Napisane przez":"Micha\u0142 Szewczyk","Szacowany czas czytania":"2 minuty"},"schema":{"@context":"https:\/\/schema.org","@graph":[{"@type":"Article","@id":"https:\/\/www.24gliwice.pl\/wiadomosci\/prawie-49-mln-z-unii-na-ochrone-przed-powodzia-gdzie-i-jakie-inwestycje-planuje-magistrat\/#article","isPartOf":{"@id":"https:\/\/www.24gliwice.pl\/wiadomosci\/prawie-49-mln-z-unii-na-ochrone-przed-powodzia-gdzie-i-jakie-inwestycje-planuje-magistrat\/"},"author":{"name":"Micha\u0142 Szewczyk","@id":"https:\/\/www.24gliwice.pl\/wiadomosci\/#\/schema\/person\/940e8f8a097e322de4f463f061ef8d45"},"headline":"Prawie 49 mln z Unii na ochron\u0119 przed powodzi\u0105. Gdzie i jakie inwestycje planuje Magistrat?","datePublished":"2017-08-11T00:38:28+00:00","dateModified":"2017-08-11T07:44:40+00:00","mainEntityOfPage":{"@id":"https:\/\/www.24gliwice.pl\/wiadomosci\/prawie-49-mln-z-unii-na-ochrone-przed-powodzia-gdzie-i-jakie-inwestycje-planuje-magistrat\/"},"wordCount":460,"commentCount":0,"publisher":{"@id":"https:\/\/www.24gliwice.pl\/wiadomosci\/#organization"},"image":{"@id":"https:\/\/www.24gliwice.pl\/wiadomosci\/prawie-49-mln-z-unii-na-ochrone-przed-powodzia-gdzie-i-jakie-inwestycje-planuje-magistrat\/#primaryimage"},"thumbnailUrl":"https:\/\/www.24gliwice.pl\/wiadomosci\/wp-content\/uploads\/2017\/08\/klodnica3.jpg","keywords":["zbiorniki retencyjne gliwice"],"articleSection":["Gliwice","Najnowsze wiadomo\u015bci","Portal Gliwice - Wiadomo\u015bci lokalne"],"inLanguage":"pl-PL","potentialAction":[{"@type":"CommentAction","name":"Comment","target":["https:\/\/www.24gliwice.pl\/wiadomosci\/prawie-49-mln-z-unii-na-ochrone-przed-powodzia-gdzie-i-jakie-inwestycje-planuje-magistrat\/#respond"]}]},{"@type":"WebPage","@id":"https:\/\/www.24gliwice.pl\/wiadomosci\/prawie-49-mln-z-unii-na-ochrone-przed-powodzia-gdzie-i-jakie-inwestycje-planuje-magistrat\/","url":"https:\/\/www.24gliwice.pl\/wiadomosci\/prawie-49-mln-z-unii-na-ochrone-przed-powodzia-gdzie-i-jakie-inwestycje-planuje-magistrat\/","name":"Prawie 49 mln z Unii na ochron\u0119 przed powodzi\u0105. Gdzie i jakie inwestycje planuje Magistrat? - 24GLIWICE - Portal Gliwice | codziennie nowe informacje","isPartOf":{"@id":"https:\/\/www.24gliwice.pl\/wiadomosci\/#website"},"primaryImageOfPage":{"@id":"https:\/\/www.24gliwice.pl\/wiadomosci\/prawie-49-mln-z-unii-na-ochrone-przed-powodzia-gdzie-i-jakie-inwestycje-planuje-magistrat\/#primaryimage"},"image":{"@id":"https:\/\/www.24gliwice.pl\/wiadomosci\/prawie-49-mln-z-unii-na-ochrone-przed-powodzia-gdzie-i-jakie-inwestycje-planuje-magistrat\/#primaryimage"},"thumbnailUrl":"https:\/\/www.24gliwice.pl\/wiadomosci\/wp-content\/uploads\/2017\/08\/klodnica3.jpg","datePublished":"2017-08-11T00:38:28+00:00","dateModified":"2017-08-11T07:44:40+00:00","breadcrumb":{"@id":"https:\/\/www.24gliwice.pl\/wiadomosci\/prawie-49-mln-z-unii-na-ochrone-przed-powodzia-gdzie-i-jakie-inwestycje-planuje-magistrat\/#breadcrumb"},"inLanguage":"pl-PL","potentialAction":[{"@type":"ReadAction","target":["https:\/\/www.24gliwice.pl\/wiadomosci\/prawie-49-mln-z-unii-na-ochrone-przed-powodzia-gdzie-i-jakie-inwestycje-planuje-magistrat\/"]}]},{"@type":"ImageObject","inLanguage":"pl-PL","@id":"https:\/\/www.24gliwice.pl\/wiadomosci\/prawie-49-mln-z-unii-na-ochrone-przed-powodzia-gdzie-i-jakie-inwestycje-planuje-magistrat\/#primaryimage","url":"https:\/\/www.24gliwice.pl\/wiadomosci\/wp-content\/uploads\/2017\/08\/klodnica3.jpg","contentUrl":"https:\/\/www.24gliwice.pl\/wiadomosci\/wp-content\/uploads\/2017\/08\/klodnica3.jpg","width":1200,"height":675},{"@type":"BreadcrumbList","@id":"https:\/\/www.24gliwice.pl\/wiadomosci\/prawie-49-mln-z-unii-na-ochrone-przed-powodzia-gdzie-i-jakie-inwestycje-planuje-magistrat\/#breadcrumb","itemListElement":[{"@type":"ListItem","position":1,"name":"Strona g\u0142\u00f3wna","item":"https:\/\/www.24gliwice.pl\/wiadomosci\/"},{"@type":"ListItem","position":2,"name":"Prawie 49 mln z Unii na ochron\u0119 przed powodzi\u0105. Gdzie i jakie inwestycje planuje Magistrat?"}]},{"@type":"WebSite","@id":"https:\/\/www.24gliwice.pl\/wiadomosci\/#website","url":"https:\/\/www.24gliwice.pl\/wiadomosci\/","name":"24GLIWICE - Portal Gliwice | codziennie nowe wiadomo\u015bci","description":"Portal Miejski Gliwice","publisher":{"@id":"https:\/\/www.24gliwice.pl\/wiadomosci\/#organization"},"potentialAction":[{"@type":"SearchAction","target":{"@type":"EntryPoint","urlTemplate":"https:\/\/www.24gliwice.pl\/wiadomosci\/?s={search_term_string}"},"query-input":{"@type":"PropertyValueSpecification","valueRequired":true,"valueName":"search_term_string"}}],"inLanguage":"pl-PL"},{"@type":"Organization","@id":"https:\/\/www.24gliwice.pl\/wiadomosci\/#organization","name":"24gliwice","url":"https:\/\/www.24gliwice.pl\/wiadomosci\/","logo":{"@type":"ImageObject","inLanguage":"pl-PL","@id":"https:\/\/www.24gliwice.pl\/wiadomosci\/#\/schema\/logo\/image\/","url":"https:\/\/www.24gliwice.pl\/wiadomosci\/wp-content\/uploads\/2024\/10\/24gliwice-logo-696.jpg","contentUrl":"https:\/\/www.24gliwice.pl\/wiadomosci\/wp-content\/uploads\/2024\/10\/24gliwice-logo-696.jpg","width":696,"height":696,"caption":"24gliwice"},"image":{"@id":"https:\/\/www.24gliwice.pl\/wiadomosci\/#\/schema\/logo\/image\/"},"sameAs":["https:\/\/www.facebook.com\/24gliwice","https:\/\/x.com\/24gliwice","https:\/\/www.youtube.com\/@24gliwice"]},{"@type":"Person","@id":"https:\/\/www.24gliwice.pl\/wiadomosci\/#\/schema\/person\/940e8f8a097e322de4f463f061ef8d45","name":"Micha\u0142 Szewczyk","image":{"@type":"ImageObject","inLanguage":"pl-PL","@id":"https:\/\/secure.gravatar.com\/avatar\/771b8b6c74cd8d255e46392d605e01a86133900ef09b6ef3c8d451c9d92288cf?s=96&d=mm&r=g","url":"https:\/\/secure.gravatar.com\/avatar\/771b8b6c74cd8d255e46392d605e01a86133900ef09b6ef3c8d451c9d92288cf?s=96&d=mm&r=g","contentUrl":"https:\/\/secure.gravatar.com\/avatar\/771b8b6c74cd8d255e46392d605e01a86133900ef09b6ef3c8d451c9d92288cf?s=96&d=mm&r=g","caption":"Micha\u0142 Szewczyk"},"sameAs":["http:\/\/www.gazeta-miejska.pl"],"url":"https:\/\/www.24gliwice.pl\/wiadomosci\/author\/michal-szewczyk\/"}]}},"_links":{"self":[{"href":"https:\/\/www.24gliwice.pl\/wiadomosci\/wp-json\/wp\/v2\/posts\/102647","targetHints":{"allow":["GET"]}}],"collection":[{"href":"https:\/\/www.24gliwice.pl\/wiadomosci\/wp-json\/wp\/v2\/posts"}],"about":[{"href":"https:\/\/www.24gliwice.pl\/wiadomosci\/wp-json\/wp\/v2\/types\/post"}],"author":[{"embeddable":true,"href":"https:\/\/www.24gliwice.pl\/wiadomosci\/wp-json\/wp\/v2\/users\/12"}],"replies":[{"embeddable":true,"href":"https:\/\/www.24gliwice.pl\/wiadomosci\/wp-json\/wp\/v2\/comments?post=102647"}],"version-history":[{"count":0,"href":"https:\/\/www.24gliwice.pl\/wiadomosci\/wp-json\/wp\/v2\/posts\/102647\/revisions"}],"wp:featuredmedia":[{"embeddable":true,"href":"https:\/\/www.24gliwice.pl\/wiadomosci\/wp-json\/wp\/v2\/media\/102650"}],"wp:attachment":[{"href":"https:\/\/www.24gliwice.pl\/wiadomosci\/wp-json\/wp\/v2\/media?parent=102647"}],"wp:term":[{"taxonomy":"category","embeddable":true,"href":"https:\/\/www.24gliwice.pl\/wiadomosci\/wp-json\/wp\/v2\/categories?post=102647"},{"taxonomy":"post_tag","embeddable":true,"href":"https:\/\/www.24gliwice.pl\/wiadomosci\/wp-json\/wp\/v2\/tags?post=102647"}],"curies":[{"name":"wp","href":"https:\/\/api.w.org\/{rel}","templated":true}]}}