{"id":102653,"date":"2017-08-08T02:33:13","date_gmt":"2017-08-08T00:33:13","guid":{"rendered":"http:\/\/www.24gliwice.pl\/wiadomosci\/?p=102653"},"modified":"2017-08-09T01:38:18","modified_gmt":"2017-08-08T23:38:18","slug":"teren-wokol-willi-neumanna-mial-byc-parkiem-dla-wszystkich-zamiast-tego-mamy-wysoki-plot-i-domofon","status":"publish","type":"post","link":"https:\/\/www.24gliwice.pl\/wiadomosci\/teren-wokol-willi-neumanna-mial-byc-parkiem-dla-wszystkich-zamiast-tego-mamy-wysoki-plot-i-domofon\/","title":{"rendered":"Teren wok\u00f3\u0142 Willi Neumanna mia\u0142 by\u0107 parkiem dla wszystkich. Zamiast tego jest wysoki p\u0142ot i domofon"},"content":{"rendered":"<div class=\"gliwi-a6-nad-leadem-artykulow gliwi-entity-placement\" id=\"gliwi-3486087854\"><div class=\"gliwi-adlabel\"><span style=\"font-size: 9px\">REKLAMA<\/span><\/div><div id=\"gliwi-1916362571\" style=\"margin-bottom: 30px;margin-left: auto;margin-right: auto;text-align: center;\"><a data-no-instant=\"1\" href=\"https:\/\/przedszkole.halogen.org.pl\/\" rel=\"noopener\" class=\"a2t-link\" target=\"_blank\" aria-label=\"20260402-ANIMATOR-przedszkole_grafika_750x200\"><img loading=\"lazy\" decoding=\"async\" src=\"https:\/\/www.24gliwice.pl\/wiadomosci\/wp-content\/uploads\/2026\/04\/20260402-ANIMATOR-przedszkole_grafika_750x200.webp\" alt=\"\"  srcset=\"https:\/\/www.24gliwice.pl\/wiadomosci\/wp-content\/uploads\/2026\/04\/20260402-ANIMATOR-przedszkole_grafika_750x200.webp 750w, https:\/\/www.24gliwice.pl\/wiadomosci\/wp-content\/uploads\/2026\/04\/20260402-ANIMATOR-przedszkole_grafika_750x200-410x109.webp 410w\" sizes=\"(max-width: 750px) 100vw, 750px\" class=\"no-lazyload\" width=\"750\" height=\"200\"  style=\"display: inline-block; max-width: 100%; height: auto;\" \/><\/a><\/div><\/div><h3>Zabytkowa Willa Neumanna, czyli obecna siedziba gliwickich &#8220;Wodoci\u0105g\u00f3w&#8221; walczy w konkursie na Najlepsz\u0105 Przestrze\u0144 Publiczn\u0105 Wojew\u00f3dztwa \u015al\u0105skiego. Problem w tym, \u017ce mimo pierwotnych zapowiedzi, &#8220;publiczny&#8221; charakter nieruchomo\u015bci ogrodzonej okaza\u0142ym p\u0142otem jest co najmniej dyskusyjny.<\/h3>\n<p>Modernizacja budynku przy ul. Rybnickiej 27 zako\u0144czy\u0142a si\u0119 p\u00f3\u017an\u0105 jesieni\u0105 2015 roku. Na gruntown\u0105 metamorfoz\u0119 obiektu wydano 7 mln z\u0142otych, a do jego wn\u0119trz wprowadzi\u0142 si\u0119 w\u0142a\u015bciciel &#8211; gliwickie Przedsi\u0119biorstwo Wodoci\u0105g\u00f3w i Kanalizacji.<\/p>\n<p>Nim do tego dosz\u0142o, plan efektownej rewitalizacji budynku budzi\u0142 kontrowersje. Zaniedbana nieruchomo\u015b\u0107 dzi\u0119ki PWIK dostawa\u0142a szans\u0119 na nowe \u017cycie, ale kosztem sowitego si\u0119gni\u0119cia do miejskiego portfela. Opr\u00f3cz pieni\u0119dzy potrzebnych na sam\u0105 modernizacj\u0119, najpierw &#8220;Wodoci\u0105gi&#8221; wy\u0142o\u017cy\u0142y w 2010 roku 5,5 mln z\u0142otych na zakup willi od Politechniki \u015al\u0105skiej. Ten do\u015b\u0107 kosztowny wydatek \u0142agodzi\u0107 mia\u0142 przysz\u0142y charakter terenu wok\u00f3\u0142 willi.<\/p><div class=\"gliwi-a3-w-tresci-artykulow gliwi-entity-placement\" id=\"gliwi-4051289988\"><div class=\"gliwi-adlabel\"><span style=\"font-size: 9px\">REKLAMA<\/span><\/div><div id=\"gliwi-2548386200\" style=\"margin-bottom: 30px;margin-left: auto;margin-right: auto;text-align: center;\"><a data-no-instant=\"1\" href=\"https:\/\/ogrodyandersa.pl\/\" rel=\"noopener\" class=\"a2t-link\" target=\"_blank\" aria-label=\"20260415 Ogrody Andersa KUP TERAZ D\"><img loading=\"lazy\" decoding=\"async\" src=\"https:\/\/www.24gliwice.pl\/wiadomosci\/wp-content\/uploads\/2026\/04\/20260415-Ogrody-Andersa-KUP-TERAZ-D.jpg\" alt=\"\"  srcset=\"https:\/\/www.24gliwice.pl\/wiadomosci\/wp-content\/uploads\/2026\/04\/20260415-Ogrody-Andersa-KUP-TERAZ-D.jpg 750w, https:\/\/www.24gliwice.pl\/wiadomosci\/wp-content\/uploads\/2026\/04\/20260415-Ogrody-Andersa-KUP-TERAZ-D-410x109.jpg 410w\" sizes=\"(max-width: 750px) 100vw, 750px\" class=\"no-lazyload\" width=\"750\" height=\"200\"  style=\"display: inline-block; max-width: 100%; height: auto;\" \/><\/a><\/div><\/div>\n<blockquote><p>\u2013 Miasto przekaza\u0142o ten teren PWiK z zadaniem przywr\u00f3cenia go spo\u0142ecze\u0144stwu. Zanim ponad 15 tys. m2 zadrzewionych grunt\u00f3w wok\u00f3\u0142 willi podzielono na zamkni\u0119te enklawy, s\u0142u\u017cy\u0142y one jako og\u00f3lnodost\u0119pny park z placem zabaw<\/p><\/blockquote>\n<p>\u2013 m\u00f3wi\u0142 w 2014 roku na \u0142amach &#8220;Miejskiego Serwisu Informacyjnego&#8221; <strong>Tomasz Br\u0105giel<\/strong>, \u00f3wczesny dyrektor operacyjny PWiK. \u2013 Odtworzenie pierwotnej funkcji jest jedn\u0105 z mo\u017cliwo\u015bci. Ale jeste\u015bmy r\u00f3wnie\u017c otwarci na inne, bardziej \u015bmia\u0142e sugestie \u2013 podkre\u015bla\u0142.<\/p>\n<p><img loading=\"lazy\" decoding=\"async\" class=\"alignnone size-full wp-image-102659\" src=\"http:\/\/www.24gliwice.pl\/wiadomosci\/wp-content\/uploads\/2017\/08\/20170607_170918.jpg\" alt=\"\" width=\"1200\" height=\"675\" srcset=\"https:\/\/www.24gliwice.pl\/wiadomosci\/wp-content\/uploads\/2017\/08\/20170607_170918.jpg 1200w, https:\/\/www.24gliwice.pl\/wiadomosci\/wp-content\/uploads\/2017\/08\/20170607_170918-410x232.jpg 410w, https:\/\/www.24gliwice.pl\/wiadomosci\/wp-content\/uploads\/2017\/08\/20170607_170918-768x432.jpg 768w, https:\/\/www.24gliwice.pl\/wiadomosci\/wp-content\/uploads\/2017\/08\/20170607_170918-810x456.jpg 810w, https:\/\/www.24gliwice.pl\/wiadomosci\/wp-content\/uploads\/2017\/08\/20170607_170918-1140x641.jpg 1140w\" sizes=\"auto, (max-width: 1200px) 100vw, 1200px\" \/><\/p>\n<p>Od rewitalizacji min\u0119\u0142y ju\u017c prawie dwa lata. Pr\u00f3\u017cno jednak szuka\u0107 tu parku czy placu zabaw.<\/p>\n<p>&#8211; W roku 2017 sp\u00f3\u0142ka nie planuje dzia\u0142a\u0144 zwi\u0105zanych z rewitalizacj\u0105 terenu wok\u00f3\u0142 budynku na ul. Rybnickiej 27 &#8211; informuje <strong>Barbara Boenisz-Wasyliszyn<\/strong> z Dzia\u0142u Strategii Medialnych i PR PWiK Sp. z o.o.<\/p>\n<p>Przedstawiciele PWiK zapewniaj\u0105 jednak, \u017ce plany udost\u0119pnienia parku mieszka\u0144com s\u0105 nadal aktualne.<br \/>\n&#8211; Realizacja jest powi\u0105zana m.in. z rewitalizacj\u0105 pobliskiej nieruchomo\u015bci nale\u017c\u0105cej do Katowickiej Specjalnej Strefy Ekonomicznej przy ul. Rybnickiej 29. Remont parku, a potem nara\u017cenie go na zniszczenia przez prace budowlane w s\u0105siedztwie nie by\u0142oby dobrym pomys\u0142em &#8211; przekonuje Boenisz-Wasyliszyn.<\/p>\n<p>PWiK zapewnia, \u017ce cho\u0107 teren zamykany jest po godzinach pracy urz\u0119dnik\u00f3w, ka\u017cdy mo\u017ce przyj\u015b\u0107, zadzwoni\u0107, a po uprzednim wpuszczeniu przez ochroniarzy&#8230; wej\u015b\u0107 i obejrze\u0107 budynek z bliska. Na polityk\u0119 &#8220;otwartych drzwi&#8221; w mniej skomplikowanym wydaniu musimy poczeka\u0107. Sp\u00f3\u0142ka na razie nie jest w stanie okre\u015bli\u0107 kiedy dok\u0142adnie park zostanie udost\u0119pniony mieszka\u0144com.<\/p>\n<p><img loading=\"lazy\" decoding=\"async\" class=\"aligncenter size-full wp-image-102655\" src=\"http:\/\/www.24gliwice.pl\/wiadomosci\/wp-content\/uploads\/2017\/08\/20170607_170706.jpg\" alt=\"\" width=\"1200\" height=\"675\" srcset=\"https:\/\/www.24gliwice.pl\/wiadomosci\/wp-content\/uploads\/2017\/08\/20170607_170706.jpg 1200w, https:\/\/www.24gliwice.pl\/wiadomosci\/wp-content\/uploads\/2017\/08\/20170607_170706-410x232.jpg 410w, https:\/\/www.24gliwice.pl\/wiadomosci\/wp-content\/uploads\/2017\/08\/20170607_170706-768x432.jpg 768w, https:\/\/www.24gliwice.pl\/wiadomosci\/wp-content\/uploads\/2017\/08\/20170607_170706-810x456.jpg 810w, https:\/\/www.24gliwice.pl\/wiadomosci\/wp-content\/uploads\/2017\/08\/20170607_170706-1140x641.jpg 1140w\" sizes=\"auto, (max-width: 1200px) 100vw, 1200px\" \/><\/p>\n<p>Przypomnijmy, inwestycja, kt\u00f3ra Willi Neumanna da\u0142a nowe, &#8220;bia\u0142e&#8221; oblicze sk\u0142ada si\u0119 z dw\u00f3ch etap\u00f3w. W nast\u0119pnym kroku, wed\u0142ug pierwotnych plan\u00f3w ma powsta\u0107 szklana dobud\u00f3wka. Projektowana cz\u0119\u015b\u0107 ma mie\u0107 eliptyczny kszta\u0142t stanowi\u0105cy dope\u0142nienie historycznej formy willi. Obie cz\u0119\u015bci budynku b\u0119d\u0105 pe\u0142ni\u0107 funkcje biurowe. Autorem projektu przebudowy jest pracownia architektoniczna Zalewski Architecture Group.<\/p>\n<p>Micha\u0142 Szewczyk<\/p>\n<p>Na najlepsz\u0105 przestrze\u0144 publiczn\u0105 w wojew\u00f3dztwie \u015bl\u0105skim <a href=\"http:\/\/npp.slaskie.pl\/vote\/npp-edycja-2017\" target=\"_blank\" rel=\"noopener\">mo\u017cna g\u0142osowa\u0107 tutaj<\/a>.<\/p>\n<div class=\"gliwi-a5-na-koncu-artykulow gliwi-entity-placement\" id=\"gliwi-1408976714\"><div class=\"gliwi-adlabel\"><span style=\"font-size: 9px\">REKLAMA<\/span><\/div><div id=\"gliwi-2473171765\" style=\"margin-left: auto;margin-right: auto;text-align: center;\"><a data-no-instant=\"1\" href=\"https:\/\/www.jasek.pl\/\" rel=\"noopener\" class=\"a2t-link\" target=\"_blank\" aria-label=\"20200401-jasek 600\"><img loading=\"lazy\" decoding=\"async\" src=\"https:\/\/www.24gliwice.pl\/wiadomosci\/wp-content\/uploads\/2020\/04\/20200401-jasek-600.jpg\" alt=\"\"  srcset=\"https:\/\/www.24gliwice.pl\/wiadomosci\/wp-content\/uploads\/2020\/04\/20200401-jasek-600.jpg 600w, https:\/\/www.24gliwice.pl\/wiadomosci\/wp-content\/uploads\/2020\/04\/20200401-jasek-600-410x109.jpg 410w\" sizes=\"(max-width: 600px) 100vw, 600px\" class=\"no-lazyload\" width=\"600\" height=\"160\"  style=\"display: inline-block; max-width: 100%; height: auto;\" \/><\/a><\/div><\/div>","protected":false},"excerpt":{"rendered":"<p>Zabytkowa Willa Neumanna, czyli obecna siedziba gliwickich &#8220;Wodoci\u0105g\u00f3w&#8221; walczy w konkursie na Najlepsz\u0105 Przestrze\u0144 Publiczn\u0105 Wojew\u00f3dztwa \u015al\u0105skiego. Problem w tym, \u017ce mimo pierwotnych zapowiedzi, &#8220;publiczny&#8221; charakter nieruchomo\u015bci ogrodzonej okaza\u0142ym p\u0142otem jest co najmniej dyskusyjny. Modernizacja budynku przy ul. Rybnickiej 27 zako\u0144czy\u0142a si\u0119 p\u00f3\u017an\u0105 jesieni\u0105 2015 roku. Na gruntown\u0105 metamorfoz\u0119 obiektu wydano 7 mln z\u0142otych, a [&hellip;]<\/p>\n","protected":false},"author":12,"featured_media":102665,"comment_status":"open","ping_status":"closed","sticky":false,"template":"","format":"standard","meta":{"_monsterinsights_skip_tracking":false,"_monsterinsights_sitenote_active":false,"_monsterinsights_sitenote_note":"","_monsterinsights_sitenote_category":0,"footnotes":"","_links_to":"","_links_to_target":""},"categories":[3,1,9],"tags":[9097,130,5548],"class_list":["post-102653","post","type-post","status-publish","format-standard","has-post-thumbnail","hentry","category-gliwice","category-wszystko","category-aktualnosci_lokalne","tag-park","tag-pwik-gliwice","tag-willa-neumanna"],"yoast_head":"<!-- This site is optimized with the Yoast SEO plugin v27.5 - https:\/\/yoast.com\/product\/yoast-seo-wordpress\/ -->\n<title>Teren wok\u00f3\u0142 Willi Neumanna mia\u0142 by\u0107 parkiem dla wszystkich. Zamiast tego jest wysoki p\u0142ot i domofon - 24GLIWICE - Portal Gliwice | codziennie nowe informacje<\/title>\n<meta name=\"robots\" content=\"index, follow, max-snippet:-1, max-image-preview:large, max-video-preview:-1\" \/>\n<link rel=\"canonical\" href=\"https:\/\/www.24gliwice.pl\/wiadomosci\/teren-wokol-willi-neumanna-mial-byc-parkiem-dla-wszystkich-zamiast-tego-mamy-wysoki-plot-i-domofon\/\" \/>\n<meta property=\"og:locale\" content=\"pl_PL\" \/>\n<meta property=\"og:type\" content=\"article\" \/>\n<meta property=\"og:title\" content=\"Teren wok\u00f3\u0142 Willi Neumanna mia\u0142 by\u0107 parkiem dla wszystkich. Zamiast tego jest wysoki p\u0142ot i domofon - 24GLIWICE - Portal Gliwice | codziennie nowe informacje\" \/>\n<meta property=\"og:description\" content=\"Zabytkowa Willa Neumanna, czyli obecna siedziba gliwickich &#8220;Wodoci\u0105g\u00f3w&#8221; walczy w konkursie na Najlepsz\u0105 Przestrze\u0144 Publiczn\u0105 Wojew\u00f3dztwa \u015al\u0105skiego. Problem w tym, \u017ce mimo pierwotnych zapowiedzi, &#8220;publiczny&#8221; charakter nieruchomo\u015bci ogrodzonej okaza\u0142ym p\u0142otem jest co najmniej dyskusyjny. Modernizacja budynku przy ul. Rybnickiej 27 zako\u0144czy\u0142a si\u0119 p\u00f3\u017an\u0105 jesieni\u0105 2015 roku. Na gruntown\u0105 metamorfoz\u0119 obiektu wydano 7 mln z\u0142otych, a [&hellip;]\" \/>\n<meta property=\"og:url\" content=\"https:\/\/www.24gliwice.pl\/wiadomosci\/teren-wokol-willi-neumanna-mial-byc-parkiem-dla-wszystkich-zamiast-tego-mamy-wysoki-plot-i-domofon\/\" \/>\n<meta property=\"og:site_name\" content=\"24GLIWICE - Portal Gliwice | codziennie nowe informacje\" \/>\n<meta property=\"article:publisher\" content=\"https:\/\/www.facebook.com\/24gliwice\" \/>\n<meta property=\"article:published_time\" content=\"2017-08-08T00:33:13+00:00\" \/>\n<meta property=\"article:modified_time\" content=\"2017-08-08T23:38:18+00:00\" \/>\n<meta property=\"og:image\" content=\"https:\/\/www.24gliwice.pl\/wiadomosci\/wp-content\/uploads\/2017\/08\/1-20170607_170658.jpg\" \/>\n\t<meta property=\"og:image:width\" content=\"810\" \/>\n\t<meta property=\"og:image:height\" content=\"456\" \/>\n\t<meta property=\"og:image:type\" content=\"image\/jpeg\" \/>\n<meta name=\"author\" content=\"Micha\u0142 Szewczyk\" \/>\n<meta name=\"twitter:card\" content=\"summary_large_image\" \/>\n<meta name=\"twitter:creator\" content=\"@24gliwice\" \/>\n<meta name=\"twitter:site\" content=\"@24gliwice\" \/>\n<meta name=\"twitter:label1\" content=\"Napisane przez\" \/>\n\t<meta name=\"twitter:data1\" content=\"Micha\u0142 Szewczyk\" \/>\n\t<meta name=\"twitter:label2\" content=\"Szacowany czas czytania\" \/>\n\t<meta name=\"twitter:data2\" content=\"2 minuty\" \/>\n<script type=\"application\/ld+json\" class=\"yoast-schema-graph\">{\"@context\":\"https:\\\/\\\/schema.org\",\"@graph\":[{\"@type\":\"Article\",\"@id\":\"https:\\\/\\\/www.24gliwice.pl\\\/wiadomosci\\\/teren-wokol-willi-neumanna-mial-byc-parkiem-dla-wszystkich-zamiast-tego-mamy-wysoki-plot-i-domofon\\\/#article\",\"isPartOf\":{\"@id\":\"https:\\\/\\\/www.24gliwice.pl\\\/wiadomosci\\\/teren-wokol-willi-neumanna-mial-byc-parkiem-dla-wszystkich-zamiast-tego-mamy-wysoki-plot-i-domofon\\\/\"},\"author\":{\"name\":\"Micha\u0142 Szewczyk\",\"@id\":\"https:\\\/\\\/www.24gliwice.pl\\\/wiadomosci\\\/#\\\/schema\\\/person\\\/940e8f8a097e322de4f463f061ef8d45\"},\"headline\":\"Teren wok\u00f3\u0142 Willi Neumanna mia\u0142 by\u0107 parkiem dla wszystkich. Zamiast tego jest wysoki p\u0142ot i domofon\",\"datePublished\":\"2017-08-08T00:33:13+00:00\",\"dateModified\":\"2017-08-08T23:38:18+00:00\",\"mainEntityOfPage\":{\"@id\":\"https:\\\/\\\/www.24gliwice.pl\\\/wiadomosci\\\/teren-wokol-willi-neumanna-mial-byc-parkiem-dla-wszystkich-zamiast-tego-mamy-wysoki-plot-i-domofon\\\/\"},\"wordCount\":503,\"commentCount\":0,\"publisher\":{\"@id\":\"https:\\\/\\\/www.24gliwice.pl\\\/wiadomosci\\\/#organization\"},\"image\":{\"@id\":\"https:\\\/\\\/www.24gliwice.pl\\\/wiadomosci\\\/teren-wokol-willi-neumanna-mial-byc-parkiem-dla-wszystkich-zamiast-tego-mamy-wysoki-plot-i-domofon\\\/#primaryimage\"},\"thumbnailUrl\":\"https:\\\/\\\/www.24gliwice.pl\\\/wiadomosci\\\/wp-content\\\/uploads\\\/2017\\\/08\\\/1-20170607_170658.jpg\",\"keywords\":[\"park\",\"PWiK Gliwice\",\"willa neumanna\"],\"articleSection\":[\"Gliwice\",\"Najnowsze wiadomo\u015bci\",\"Portal Gliwice - Wiadomo\u015bci lokalne\"],\"inLanguage\":\"pl-PL\",\"potentialAction\":[{\"@type\":\"CommentAction\",\"name\":\"Comment\",\"target\":[\"https:\\\/\\\/www.24gliwice.pl\\\/wiadomosci\\\/teren-wokol-willi-neumanna-mial-byc-parkiem-dla-wszystkich-zamiast-tego-mamy-wysoki-plot-i-domofon\\\/#respond\"]}]},{\"@type\":\"WebPage\",\"@id\":\"https:\\\/\\\/www.24gliwice.pl\\\/wiadomosci\\\/teren-wokol-willi-neumanna-mial-byc-parkiem-dla-wszystkich-zamiast-tego-mamy-wysoki-plot-i-domofon\\\/\",\"url\":\"https:\\\/\\\/www.24gliwice.pl\\\/wiadomosci\\\/teren-wokol-willi-neumanna-mial-byc-parkiem-dla-wszystkich-zamiast-tego-mamy-wysoki-plot-i-domofon\\\/\",\"name\":\"Teren wok\u00f3\u0142 Willi Neumanna mia\u0142 by\u0107 parkiem dla wszystkich. Zamiast tego jest wysoki p\u0142ot i domofon - 24GLIWICE - Portal Gliwice | codziennie nowe informacje\",\"isPartOf\":{\"@id\":\"https:\\\/\\\/www.24gliwice.pl\\\/wiadomosci\\\/#website\"},\"primaryImageOfPage\":{\"@id\":\"https:\\\/\\\/www.24gliwice.pl\\\/wiadomosci\\\/teren-wokol-willi-neumanna-mial-byc-parkiem-dla-wszystkich-zamiast-tego-mamy-wysoki-plot-i-domofon\\\/#primaryimage\"},\"image\":{\"@id\":\"https:\\\/\\\/www.24gliwice.pl\\\/wiadomosci\\\/teren-wokol-willi-neumanna-mial-byc-parkiem-dla-wszystkich-zamiast-tego-mamy-wysoki-plot-i-domofon\\\/#primaryimage\"},\"thumbnailUrl\":\"https:\\\/\\\/www.24gliwice.pl\\\/wiadomosci\\\/wp-content\\\/uploads\\\/2017\\\/08\\\/1-20170607_170658.jpg\",\"datePublished\":\"2017-08-08T00:33:13+00:00\",\"dateModified\":\"2017-08-08T23:38:18+00:00\",\"breadcrumb\":{\"@id\":\"https:\\\/\\\/www.24gliwice.pl\\\/wiadomosci\\\/teren-wokol-willi-neumanna-mial-byc-parkiem-dla-wszystkich-zamiast-tego-mamy-wysoki-plot-i-domofon\\\/#breadcrumb\"},\"inLanguage\":\"pl-PL\",\"potentialAction\":[{\"@type\":\"ReadAction\",\"target\":[\"https:\\\/\\\/www.24gliwice.pl\\\/wiadomosci\\\/teren-wokol-willi-neumanna-mial-byc-parkiem-dla-wszystkich-zamiast-tego-mamy-wysoki-plot-i-domofon\\\/\"]}]},{\"@type\":\"ImageObject\",\"inLanguage\":\"pl-PL\",\"@id\":\"https:\\\/\\\/www.24gliwice.pl\\\/wiadomosci\\\/teren-wokol-willi-neumanna-mial-byc-parkiem-dla-wszystkich-zamiast-tego-mamy-wysoki-plot-i-domofon\\\/#primaryimage\",\"url\":\"https:\\\/\\\/www.24gliwice.pl\\\/wiadomosci\\\/wp-content\\\/uploads\\\/2017\\\/08\\\/1-20170607_170658.jpg\",\"contentUrl\":\"https:\\\/\\\/www.24gliwice.pl\\\/wiadomosci\\\/wp-content\\\/uploads\\\/2017\\\/08\\\/1-20170607_170658.jpg\",\"width\":810,\"height\":456},{\"@type\":\"BreadcrumbList\",\"@id\":\"https:\\\/\\\/www.24gliwice.pl\\\/wiadomosci\\\/teren-wokol-willi-neumanna-mial-byc-parkiem-dla-wszystkich-zamiast-tego-mamy-wysoki-plot-i-domofon\\\/#breadcrumb\",\"itemListElement\":[{\"@type\":\"ListItem\",\"position\":1,\"name\":\"Strona g\u0142\u00f3wna\",\"item\":\"https:\\\/\\\/www.24gliwice.pl\\\/wiadomosci\\\/\"},{\"@type\":\"ListItem\",\"position\":2,\"name\":\"Teren wok\u00f3\u0142 Willi Neumanna mia\u0142 by\u0107 parkiem dla wszystkich. Zamiast tego jest wysoki p\u0142ot i domofon\"}]},{\"@type\":\"WebSite\",\"@id\":\"https:\\\/\\\/www.24gliwice.pl\\\/wiadomosci\\\/#website\",\"url\":\"https:\\\/\\\/www.24gliwice.pl\\\/wiadomosci\\\/\",\"name\":\"24GLIWICE - Portal Gliwice | codziennie nowe wiadomo\u015bci\",\"description\":\"Portal Miejski Gliwice\",\"publisher\":{\"@id\":\"https:\\\/\\\/www.24gliwice.pl\\\/wiadomosci\\\/#organization\"},\"potentialAction\":[{\"@type\":\"SearchAction\",\"target\":{\"@type\":\"EntryPoint\",\"urlTemplate\":\"https:\\\/\\\/www.24gliwice.pl\\\/wiadomosci\\\/?s={search_term_string}\"},\"query-input\":{\"@type\":\"PropertyValueSpecification\",\"valueRequired\":true,\"valueName\":\"search_term_string\"}}],\"inLanguage\":\"pl-PL\"},{\"@type\":\"Organization\",\"@id\":\"https:\\\/\\\/www.24gliwice.pl\\\/wiadomosci\\\/#organization\",\"name\":\"24gliwice\",\"url\":\"https:\\\/\\\/www.24gliwice.pl\\\/wiadomosci\\\/\",\"logo\":{\"@type\":\"ImageObject\",\"inLanguage\":\"pl-PL\",\"@id\":\"https:\\\/\\\/www.24gliwice.pl\\\/wiadomosci\\\/#\\\/schema\\\/logo\\\/image\\\/\",\"url\":\"https:\\\/\\\/www.24gliwice.pl\\\/wiadomosci\\\/wp-content\\\/uploads\\\/2024\\\/10\\\/24gliwice-logo-696.jpg\",\"contentUrl\":\"https:\\\/\\\/www.24gliwice.pl\\\/wiadomosci\\\/wp-content\\\/uploads\\\/2024\\\/10\\\/24gliwice-logo-696.jpg\",\"width\":696,\"height\":696,\"caption\":\"24gliwice\"},\"image\":{\"@id\":\"https:\\\/\\\/www.24gliwice.pl\\\/wiadomosci\\\/#\\\/schema\\\/logo\\\/image\\\/\"},\"sameAs\":[\"https:\\\/\\\/www.facebook.com\\\/24gliwice\",\"https:\\\/\\\/x.com\\\/24gliwice\",\"https:\\\/\\\/www.youtube.com\\\/@24gliwice\"]},{\"@type\":\"Person\",\"@id\":\"https:\\\/\\\/www.24gliwice.pl\\\/wiadomosci\\\/#\\\/schema\\\/person\\\/940e8f8a097e322de4f463f061ef8d45\",\"name\":\"Micha\u0142 Szewczyk\",\"image\":{\"@type\":\"ImageObject\",\"inLanguage\":\"pl-PL\",\"@id\":\"https:\\\/\\\/secure.gravatar.com\\\/avatar\\\/771b8b6c74cd8d255e46392d605e01a86133900ef09b6ef3c8d451c9d92288cf?s=96&d=mm&r=g\",\"url\":\"https:\\\/\\\/secure.gravatar.com\\\/avatar\\\/771b8b6c74cd8d255e46392d605e01a86133900ef09b6ef3c8d451c9d92288cf?s=96&d=mm&r=g\",\"contentUrl\":\"https:\\\/\\\/secure.gravatar.com\\\/avatar\\\/771b8b6c74cd8d255e46392d605e01a86133900ef09b6ef3c8d451c9d92288cf?s=96&d=mm&r=g\",\"caption\":\"Micha\u0142 Szewczyk\"},\"sameAs\":[\"http:\\\/\\\/www.gazeta-miejska.pl\"],\"url\":\"https:\\\/\\\/www.24gliwice.pl\\\/wiadomosci\\\/author\\\/michal-szewczyk\\\/\"}]}<\/script>\n<!-- \/ Yoast SEO plugin. -->","yoast_head_json":{"title":"Teren wok\u00f3\u0142 Willi Neumanna mia\u0142 by\u0107 parkiem dla wszystkich. Zamiast tego jest wysoki p\u0142ot i domofon - 24GLIWICE - Portal Gliwice | codziennie nowe informacje","robots":{"index":"index","follow":"follow","max-snippet":"max-snippet:-1","max-image-preview":"max-image-preview:large","max-video-preview":"max-video-preview:-1"},"canonical":"https:\/\/www.24gliwice.pl\/wiadomosci\/teren-wokol-willi-neumanna-mial-byc-parkiem-dla-wszystkich-zamiast-tego-mamy-wysoki-plot-i-domofon\/","og_locale":"pl_PL","og_type":"article","og_title":"Teren wok\u00f3\u0142 Willi Neumanna mia\u0142 by\u0107 parkiem dla wszystkich. Zamiast tego jest wysoki p\u0142ot i domofon - 24GLIWICE - Portal Gliwice | codziennie nowe informacje","og_description":"Zabytkowa Willa Neumanna, czyli obecna siedziba gliwickich &#8220;Wodoci\u0105g\u00f3w&#8221; walczy w konkursie na Najlepsz\u0105 Przestrze\u0144 Publiczn\u0105 Wojew\u00f3dztwa \u015al\u0105skiego. Problem w tym, \u017ce mimo pierwotnych zapowiedzi, &#8220;publiczny&#8221; charakter nieruchomo\u015bci ogrodzonej okaza\u0142ym p\u0142otem jest co najmniej dyskusyjny. Modernizacja budynku przy ul. Rybnickiej 27 zako\u0144czy\u0142a si\u0119 p\u00f3\u017an\u0105 jesieni\u0105 2015 roku. Na gruntown\u0105 metamorfoz\u0119 obiektu wydano 7 mln z\u0142otych, a [&hellip;]","og_url":"https:\/\/www.24gliwice.pl\/wiadomosci\/teren-wokol-willi-neumanna-mial-byc-parkiem-dla-wszystkich-zamiast-tego-mamy-wysoki-plot-i-domofon\/","og_site_name":"24GLIWICE - Portal Gliwice | codziennie nowe informacje","article_publisher":"https:\/\/www.facebook.com\/24gliwice","article_published_time":"2017-08-08T00:33:13+00:00","article_modified_time":"2017-08-08T23:38:18+00:00","og_image":[{"width":810,"height":456,"url":"https:\/\/www.24gliwice.pl\/wiadomosci\/wp-content\/uploads\/2017\/08\/1-20170607_170658.jpg","type":"image\/jpeg"}],"author":"Micha\u0142 Szewczyk","twitter_card":"summary_large_image","twitter_creator":"@24gliwice","twitter_site":"@24gliwice","twitter_misc":{"Napisane przez":"Micha\u0142 Szewczyk","Szacowany czas czytania":"2 minuty"},"schema":{"@context":"https:\/\/schema.org","@graph":[{"@type":"Article","@id":"https:\/\/www.24gliwice.pl\/wiadomosci\/teren-wokol-willi-neumanna-mial-byc-parkiem-dla-wszystkich-zamiast-tego-mamy-wysoki-plot-i-domofon\/#article","isPartOf":{"@id":"https:\/\/www.24gliwice.pl\/wiadomosci\/teren-wokol-willi-neumanna-mial-byc-parkiem-dla-wszystkich-zamiast-tego-mamy-wysoki-plot-i-domofon\/"},"author":{"name":"Micha\u0142 Szewczyk","@id":"https:\/\/www.24gliwice.pl\/wiadomosci\/#\/schema\/person\/940e8f8a097e322de4f463f061ef8d45"},"headline":"Teren wok\u00f3\u0142 Willi Neumanna mia\u0142 by\u0107 parkiem dla wszystkich. Zamiast tego jest wysoki p\u0142ot i domofon","datePublished":"2017-08-08T00:33:13+00:00","dateModified":"2017-08-08T23:38:18+00:00","mainEntityOfPage":{"@id":"https:\/\/www.24gliwice.pl\/wiadomosci\/teren-wokol-willi-neumanna-mial-byc-parkiem-dla-wszystkich-zamiast-tego-mamy-wysoki-plot-i-domofon\/"},"wordCount":503,"commentCount":0,"publisher":{"@id":"https:\/\/www.24gliwice.pl\/wiadomosci\/#organization"},"image":{"@id":"https:\/\/www.24gliwice.pl\/wiadomosci\/teren-wokol-willi-neumanna-mial-byc-parkiem-dla-wszystkich-zamiast-tego-mamy-wysoki-plot-i-domofon\/#primaryimage"},"thumbnailUrl":"https:\/\/www.24gliwice.pl\/wiadomosci\/wp-content\/uploads\/2017\/08\/1-20170607_170658.jpg","keywords":["park","PWiK Gliwice","willa neumanna"],"articleSection":["Gliwice","Najnowsze wiadomo\u015bci","Portal Gliwice - Wiadomo\u015bci lokalne"],"inLanguage":"pl-PL","potentialAction":[{"@type":"CommentAction","name":"Comment","target":["https:\/\/www.24gliwice.pl\/wiadomosci\/teren-wokol-willi-neumanna-mial-byc-parkiem-dla-wszystkich-zamiast-tego-mamy-wysoki-plot-i-domofon\/#respond"]}]},{"@type":"WebPage","@id":"https:\/\/www.24gliwice.pl\/wiadomosci\/teren-wokol-willi-neumanna-mial-byc-parkiem-dla-wszystkich-zamiast-tego-mamy-wysoki-plot-i-domofon\/","url":"https:\/\/www.24gliwice.pl\/wiadomosci\/teren-wokol-willi-neumanna-mial-byc-parkiem-dla-wszystkich-zamiast-tego-mamy-wysoki-plot-i-domofon\/","name":"Teren wok\u00f3\u0142 Willi Neumanna mia\u0142 by\u0107 parkiem dla wszystkich. Zamiast tego jest wysoki p\u0142ot i domofon - 24GLIWICE - Portal Gliwice | codziennie nowe informacje","isPartOf":{"@id":"https:\/\/www.24gliwice.pl\/wiadomosci\/#website"},"primaryImageOfPage":{"@id":"https:\/\/www.24gliwice.pl\/wiadomosci\/teren-wokol-willi-neumanna-mial-byc-parkiem-dla-wszystkich-zamiast-tego-mamy-wysoki-plot-i-domofon\/#primaryimage"},"image":{"@id":"https:\/\/www.24gliwice.pl\/wiadomosci\/teren-wokol-willi-neumanna-mial-byc-parkiem-dla-wszystkich-zamiast-tego-mamy-wysoki-plot-i-domofon\/#primaryimage"},"thumbnailUrl":"https:\/\/www.24gliwice.pl\/wiadomosci\/wp-content\/uploads\/2017\/08\/1-20170607_170658.jpg","datePublished":"2017-08-08T00:33:13+00:00","dateModified":"2017-08-08T23:38:18+00:00","breadcrumb":{"@id":"https:\/\/www.24gliwice.pl\/wiadomosci\/teren-wokol-willi-neumanna-mial-byc-parkiem-dla-wszystkich-zamiast-tego-mamy-wysoki-plot-i-domofon\/#breadcrumb"},"inLanguage":"pl-PL","potentialAction":[{"@type":"ReadAction","target":["https:\/\/www.24gliwice.pl\/wiadomosci\/teren-wokol-willi-neumanna-mial-byc-parkiem-dla-wszystkich-zamiast-tego-mamy-wysoki-plot-i-domofon\/"]}]},{"@type":"ImageObject","inLanguage":"pl-PL","@id":"https:\/\/www.24gliwice.pl\/wiadomosci\/teren-wokol-willi-neumanna-mial-byc-parkiem-dla-wszystkich-zamiast-tego-mamy-wysoki-plot-i-domofon\/#primaryimage","url":"https:\/\/www.24gliwice.pl\/wiadomosci\/wp-content\/uploads\/2017\/08\/1-20170607_170658.jpg","contentUrl":"https:\/\/www.24gliwice.pl\/wiadomosci\/wp-content\/uploads\/2017\/08\/1-20170607_170658.jpg","width":810,"height":456},{"@type":"BreadcrumbList","@id":"https:\/\/www.24gliwice.pl\/wiadomosci\/teren-wokol-willi-neumanna-mial-byc-parkiem-dla-wszystkich-zamiast-tego-mamy-wysoki-plot-i-domofon\/#breadcrumb","itemListElement":[{"@type":"ListItem","position":1,"name":"Strona g\u0142\u00f3wna","item":"https:\/\/www.24gliwice.pl\/wiadomosci\/"},{"@type":"ListItem","position":2,"name":"Teren wok\u00f3\u0142 Willi Neumanna mia\u0142 by\u0107 parkiem dla wszystkich. Zamiast tego jest wysoki p\u0142ot i domofon"}]},{"@type":"WebSite","@id":"https:\/\/www.24gliwice.pl\/wiadomosci\/#website","url":"https:\/\/www.24gliwice.pl\/wiadomosci\/","name":"24GLIWICE - Portal Gliwice | codziennie nowe wiadomo\u015bci","description":"Portal Miejski Gliwice","publisher":{"@id":"https:\/\/www.24gliwice.pl\/wiadomosci\/#organization"},"potentialAction":[{"@type":"SearchAction","target":{"@type":"EntryPoint","urlTemplate":"https:\/\/www.24gliwice.pl\/wiadomosci\/?s={search_term_string}"},"query-input":{"@type":"PropertyValueSpecification","valueRequired":true,"valueName":"search_term_string"}}],"inLanguage":"pl-PL"},{"@type":"Organization","@id":"https:\/\/www.24gliwice.pl\/wiadomosci\/#organization","name":"24gliwice","url":"https:\/\/www.24gliwice.pl\/wiadomosci\/","logo":{"@type":"ImageObject","inLanguage":"pl-PL","@id":"https:\/\/www.24gliwice.pl\/wiadomosci\/#\/schema\/logo\/image\/","url":"https:\/\/www.24gliwice.pl\/wiadomosci\/wp-content\/uploads\/2024\/10\/24gliwice-logo-696.jpg","contentUrl":"https:\/\/www.24gliwice.pl\/wiadomosci\/wp-content\/uploads\/2024\/10\/24gliwice-logo-696.jpg","width":696,"height":696,"caption":"24gliwice"},"image":{"@id":"https:\/\/www.24gliwice.pl\/wiadomosci\/#\/schema\/logo\/image\/"},"sameAs":["https:\/\/www.facebook.com\/24gliwice","https:\/\/x.com\/24gliwice","https:\/\/www.youtube.com\/@24gliwice"]},{"@type":"Person","@id":"https:\/\/www.24gliwice.pl\/wiadomosci\/#\/schema\/person\/940e8f8a097e322de4f463f061ef8d45","name":"Micha\u0142 Szewczyk","image":{"@type":"ImageObject","inLanguage":"pl-PL","@id":"https:\/\/secure.gravatar.com\/avatar\/771b8b6c74cd8d255e46392d605e01a86133900ef09b6ef3c8d451c9d92288cf?s=96&d=mm&r=g","url":"https:\/\/secure.gravatar.com\/avatar\/771b8b6c74cd8d255e46392d605e01a86133900ef09b6ef3c8d451c9d92288cf?s=96&d=mm&r=g","contentUrl":"https:\/\/secure.gravatar.com\/avatar\/771b8b6c74cd8d255e46392d605e01a86133900ef09b6ef3c8d451c9d92288cf?s=96&d=mm&r=g","caption":"Micha\u0142 Szewczyk"},"sameAs":["http:\/\/www.gazeta-miejska.pl"],"url":"https:\/\/www.24gliwice.pl\/wiadomosci\/author\/michal-szewczyk\/"}]}},"_links":{"self":[{"href":"https:\/\/www.24gliwice.pl\/wiadomosci\/wp-json\/wp\/v2\/posts\/102653","targetHints":{"allow":["GET"]}}],"collection":[{"href":"https:\/\/www.24gliwice.pl\/wiadomosci\/wp-json\/wp\/v2\/posts"}],"about":[{"href":"https:\/\/www.24gliwice.pl\/wiadomosci\/wp-json\/wp\/v2\/types\/post"}],"author":[{"embeddable":true,"href":"https:\/\/www.24gliwice.pl\/wiadomosci\/wp-json\/wp\/v2\/users\/12"}],"replies":[{"embeddable":true,"href":"https:\/\/www.24gliwice.pl\/wiadomosci\/wp-json\/wp\/v2\/comments?post=102653"}],"version-history":[{"count":0,"href":"https:\/\/www.24gliwice.pl\/wiadomosci\/wp-json\/wp\/v2\/posts\/102653\/revisions"}],"wp:featuredmedia":[{"embeddable":true,"href":"https:\/\/www.24gliwice.pl\/wiadomosci\/wp-json\/wp\/v2\/media\/102665"}],"wp:attachment":[{"href":"https:\/\/www.24gliwice.pl\/wiadomosci\/wp-json\/wp\/v2\/media?parent=102653"}],"wp:term":[{"taxonomy":"category","embeddable":true,"href":"https:\/\/www.24gliwice.pl\/wiadomosci\/wp-json\/wp\/v2\/categories?post=102653"},{"taxonomy":"post_tag","embeddable":true,"href":"https:\/\/www.24gliwice.pl\/wiadomosci\/wp-json\/wp\/v2\/tags?post=102653"}],"curies":[{"name":"wp","href":"https:\/\/api.w.org\/{rel}","templated":true}]}}