{"id":102674,"date":"2017-08-16T02:55:20","date_gmt":"2017-08-16T00:55:20","guid":{"rendered":"http:\/\/www.24gliwice.pl\/wiadomosci\/?p=102674"},"modified":"2017-08-17T00:50:57","modified_gmt":"2017-08-16T22:50:57","slug":"przejscie-zamurowano-i-tak-na-razie-zostanie-w-najblizszym-czasie-nie-planujemy-jego-remontu","status":"publish","type":"post","link":"https:\/\/www.24gliwice.pl\/wiadomosci\/przejscie-zamurowano-i-tak-na-razie-zostanie-w-najblizszym-czasie-nie-planujemy-jego-remontu\/","title":{"rendered":"Przej\u015bcie zamurowano i&#8230; tak na razie zostanie. &#8220;W najbli\u017cszym czasie nie planujemy jego remontu&#8221;"},"content":{"rendered":"<div class=\"gliwi-a6-nad-leadem-artykulow gliwi-entity-placement\" id=\"gliwi-2732023048\"><div class=\"gliwi-adlabel\"><span style=\"font-size: 9px\">REKLAMA<\/span><\/div><div id=\"gliwi-2458809866\" style=\"margin-bottom: 25px;margin-left: auto;margin-right: auto;text-align: center;\"><a data-no-instant=\"1\" href=\"https:\/\/dom100.eu\/\" rel=\"noopener\" class=\"a2t-link\" target=\"_blank\" aria-label=\"20260415 DOM100 D\"><img loading=\"lazy\" decoding=\"async\" src=\"https:\/\/www.24gliwice.pl\/wiadomosci\/wp-content\/uploads\/2026\/04\/20260415-DOM100-D.jpg\" alt=\"\"  srcset=\"https:\/\/www.24gliwice.pl\/wiadomosci\/wp-content\/uploads\/2026\/04\/20260415-DOM100-D.jpg 750w, https:\/\/www.24gliwice.pl\/wiadomosci\/wp-content\/uploads\/2026\/04\/20260415-DOM100-D-410x109.jpg 410w\" sizes=\"(max-width: 750px) 100vw, 750px\" class=\"no-lazyload\" width=\"750\" height=\"200\"  style=\"display: inline-block; max-width: 100%; height: auto;\" \/><\/a><\/div><\/div><h3>Dla mieszka\u0144c\u00f3w dzielnicy Szobiszowice to z\u0142a wiadomo\u015b\u0107. Zamkni\u0119te od d\u0142u\u017cszego czasu przej\u015bcie podziemne \u0142\u0105cz\u0105ce ulic\u0119 Toszeck\u0105 z ulic\u0105 Bohater\u00f3w Getta Warszawskiego na razie nie zostanie oddane do u\u017cytku. Remont przerwano.<\/h3>\n<p>Teraz aby pieszo dosta\u0107 si\u0119 z Szobiszowic do centrum, nale\u017cy pokona\u0107 wiadukt nad torami kolejowymi. Droga ta jest d\u0142u\u017csza i niewygodna. Jeszcze kilka lat temu przej\u015bcie tunelem poni\u017cej infrastruktury PKP pozwala\u0142o na znaczn\u0105 oszcz\u0119dno\u015b\u0107 czasu.<\/p>\n[perfectpullquote align=&#8221;full&#8221; cite=&#8221;&#8221; link=&#8221;&#8221; color=&#8221;&#8221; class=&#8221;&#8221; size=&#8221;&#8221;]Pomijaj\u0105c wi\u0119kszy dystans, na w\u0105skim chodniku prowadz\u0105cym po wiadukcie nie brakuje przeszk\u00f3d, jak m.in. latarnie. W dodatku przy wylocie z tunelu jest tak ma\u0142o miejsca, \u017ce piesi musz\u0105 przej\u015b\u0107 na drug\u0105 stron\u0119 jezdni.[\/perfectpullquote]\n<p>W zwi\u0105zku z planowan\u0105 przebudow\u0105 ulicy, Zarz\u0105d Dr\u00f3g Miejskich nie przewiduje na razie poszerzania chodnika w tym miejscu, natomiast sp\u00f3\u0142ka PKP PLK, do kt\u00f3rej nale\u017cy przej\u015bcie, prace remontowe wstrzyma\u0142a. Pocz\u0105tkowo twierdzono, \u017ce przeprowadzona dodatkowa ekspertyza techniczna tego obiektu ujawni\u0142a z\u0142y stan element\u00f3w wej\u015b\u0107 od strony ulicy Bohater\u00f3w Getta Warszawskiego i ulicy Toszeckiej. Mog\u0142o to stanowi\u0107 zagro\u017cenie dla pieszych korzystaj\u0105cych z przej\u015bcia.<\/p><div class=\"gliwi-a3-w-tresci-artykulow gliwi-entity-placement\" id=\"gliwi-3973674844\"><div class=\"gliwi-adlabel\"><span style=\"font-size: 9px\">REKLAMA<\/span><\/div><div id=\"gliwi-1974282427\" style=\"margin-bottom: 30px;margin-left: auto;margin-right: auto;text-align: center;\"><a data-no-instant=\"1\" href=\"https:\/\/zlobek.halogen.org.pl\/\" rel=\"noopener\" class=\"a2t-link\" target=\"_blank\" aria-label=\"animator-zlobek_750x200\"><img loading=\"lazy\" decoding=\"async\" src=\"https:\/\/www.24gliwice.pl\/wiadomosci\/wp-content\/uploads\/2026\/02\/animator-zlobek_750x200.webp\" alt=\"\"  srcset=\"https:\/\/www.24gliwice.pl\/wiadomosci\/wp-content\/uploads\/2026\/02\/animator-zlobek_750x200.webp 750w, https:\/\/www.24gliwice.pl\/wiadomosci\/wp-content\/uploads\/2026\/02\/animator-zlobek_750x200-410x109.webp 410w\" sizes=\"(max-width: 750px) 100vw, 750px\" class=\"no-lazyload\" width=\"750\" height=\"200\"  style=\"display: inline-block; max-width: 100%; height: auto;\" \/><\/a><\/div><\/div>\n<p>Po ekspertyzie zakres rob\u00f3t zosta\u0142 ponownie zwi\u0119kszony o dodatkowe prace, co wymaga\u0142o przeprowadzenia nowego zam\u00f3wienia (wyboru wykonawcy). Z powodu tych procedur, oddanie tunelu do eksploatacji planowano na III kwarta\u0142 2017 roku. Wszystko jednak wskazuje, \u017ce termin ten nie zostanie dotrzymany. Na miejscu zawieszono wszelkie prace, a wej\u015bcia z obu stron nadal s\u0105 zamurowane.<\/p>\n<blockquote><p>Przej\u015bcie pod torami \u0142\u0105cz\u0105ce ulice: Toszeck\u0105 i Bohater\u00f3w Getta Warszawskiego w Gliwicach (przej\u015bcie poza obszarem stacji) zosta\u0142o wy\u0142\u0105czone z u\u017cytkowania i w najbli\u017cszym czasie nie planujemy jego remontu<\/p><\/blockquote>\n<p>&#8211; informuje <strong>Jacek Karniewski<\/strong> z PKP PLK, sp\u00f3\u0142ki, kt\u00f3ra zarz\u0105dza infrastruktur\u0105 kolejow\u0105 na terenie kraju.<\/p>\n<p>&#8211; W zako\u0144czonej w ubieg\u0142ym roku modernizacji stacji w Gliwicach przebudowane zosta\u0142y m.in. 2 przej\u015bcia pod torami w stacji. Zosta\u0142y one w pe\u0142ni dostosowane do potrzeb os\u00f3b o ograniczonych mo\u017cliwo\u015bciach poruszania si\u0119, zamontowano windy i schody ruchome na perony. Jedno z przej\u015b\u0107 przez stacj\u0119 do ul. Tarnog\u00f3rskiej, umo\u017cliwia r\u00f3wnie\u017c komunikacj\u0119 mieszka\u0144com, mi\u0119dzy po\u0142udniow\u0105 i p\u00f3\u0142nocn\u0105 stron\u0105 miasta. Drugie przej\u015bcie prowadzi tylko do wej\u015bcia na perony stacji &#8211; dodaje Karniewski.<\/p>\n<p><img loading=\"lazy\" decoding=\"async\" class=\"aligncenter size-large wp-image-102758\" src=\"http:\/\/www.24gliwice.pl\/wiadomosci\/wp-content\/uploads\/2017\/08\/tunel-3-810x455.jpg\" alt=\"\" width=\"810\" height=\"455\" \/><\/p>\n<p>Jak informuje PKP, przej\u015bcie pod torami, \u0142\u0105cz\u0105ce ulic\u0119 Toszeck\u0105 z ulic\u0105 Bohater\u00f3w Getta Warszawskiego, zosta\u0142o wy\u0142\u0105czone ze wst\u0119pnych plan\u00f3w modernizacyjnych. Tunel ten nie ma po\u0142\u0105czenia z peronami jak r\u00f3wnie\u017c powi\u0105zania funkcjonalnego ze stacj\u0105 Gliwice, dlatego dla ruchu pasa\u017cerskiego nie jest on tak bardzo istotny.<\/p>\n<p>&#8211; Od wyj\u015b\u0107 z nieczynnego przej\u015bcia, w odleg\u0142o\u015bci oko\u0142o 100-200 m znajduje si\u0119 wiadukt, kt\u00f3ry umo\u017cliwia przej\u015bcie nad torami na drug\u0105 stron\u0119 miasta &#8211; komentuje Karniewski.<\/p>\n<p>Na to, \u017ceby tunel w niedalekim horyzoncie czasowym zosta\u0142 wyremontowany i otwarty, nie ma wi\u0119c wi\u0119kszych szans.<\/p>\n<p>\u017baneta Mrozek-Siewierska<\/p>\n<div class=\"gliwi-a5-na-koncu-artykulow gliwi-entity-placement\" id=\"gliwi-2741793966\"><div class=\"gliwi-adlabel\"><span style=\"font-size: 9px\">REKLAMA<\/span><\/div><div id=\"gliwi-2211848358\" style=\"margin-left: auto;margin-right: auto;text-align: center;\"><a data-no-instant=\"1\" href=\"https:\/\/prezeroarenagliwice.pl\/\" rel=\"noopener\" class=\"a2t-link\" target=\"_blank\" aria-label=\"20260309-PREZERO-WIOSNA-D\"><img loading=\"lazy\" decoding=\"async\" src=\"https:\/\/www.24gliwice.pl\/wiadomosci\/wp-content\/uploads\/2026\/03\/20260309-PREZERO-WIOSNA-D.webp\" alt=\"\"  srcset=\"https:\/\/www.24gliwice.pl\/wiadomosci\/wp-content\/uploads\/2026\/03\/20260309-PREZERO-WIOSNA-D.webp 750w, https:\/\/www.24gliwice.pl\/wiadomosci\/wp-content\/uploads\/2026\/03\/20260309-PREZERO-WIOSNA-D-410x109.webp 410w\" sizes=\"(max-width: 750px) 100vw, 750px\" class=\"no-lazyload\" width=\"750\" height=\"200\"  style=\"display: inline-block; max-width: 100%; height: auto;\" \/><\/a><\/div><\/div>","protected":false},"excerpt":{"rendered":"<p>Dla mieszka\u0144c\u00f3w dzielnicy Szobiszowice to z\u0142a wiadomo\u015b\u0107. Zamkni\u0119te od d\u0142u\u017cszego czasu przej\u015bcie podziemne \u0142\u0105cz\u0105ce ulic\u0119 Toszeck\u0105 z ulic\u0105 Bohater\u00f3w Getta Warszawskiego na razie nie zostanie oddane do u\u017cytku. Remont przerwano. Teraz aby pieszo dosta\u0107 si\u0119 z Szobiszowic do centrum, nale\u017cy pokona\u0107 wiadukt nad torami kolejowymi. Droga ta jest d\u0142u\u017csza i niewygodna. Jeszcze kilka lat temu [&hellip;]<\/p>\n","protected":false},"author":15,"featured_media":102757,"comment_status":"open","ping_status":"closed","sticky":false,"template":"","format":"standard","meta":{"_monsterinsights_skip_tracking":false,"_monsterinsights_sitenote_active":false,"_monsterinsights_sitenote_note":"","_monsterinsights_sitenote_category":0,"footnotes":"","_links_to":"","_links_to_target":""},"categories":[3,1,9],"tags":[9942,8686,7352,4540,9940,9941,9939,5167,474,8366],"class_list":["post-102674","post","type-post","status-publish","format-standard","has-post-thumbnail","hentry","category-gliwice","category-wszystko","category-aktualnosci_lokalne","tag-bohaterow-getta-warszawskiego","tag-centrum","tag-dworzec-pkp","tag-pkp","tag-pkp-plk","tag-plk","tag-przejscie-podziemne","tag-szobiszowice","tag-toszecka","tag-tunel"],"yoast_head":"<!-- This site is optimized with the Yoast SEO plugin v27.5 - https:\/\/yoast.com\/product\/yoast-seo-wordpress\/ -->\n<title>Przej\u015bcie zamurowano i... tak na razie zostanie. &quot;W najbli\u017cszym czasie nie planujemy jego remontu&quot; - 24GLIWICE - Portal Gliwice | codziennie nowe informacje<\/title>\n<meta name=\"robots\" content=\"index, follow, max-snippet:-1, max-image-preview:large, max-video-preview:-1\" \/>\n<link rel=\"canonical\" href=\"https:\/\/www.24gliwice.pl\/wiadomosci\/przejscie-zamurowano-i-tak-na-razie-zostanie-w-najblizszym-czasie-nie-planujemy-jego-remontu\/\" \/>\n<meta property=\"og:locale\" content=\"pl_PL\" \/>\n<meta property=\"og:type\" content=\"article\" \/>\n<meta property=\"og:title\" content=\"Przej\u015bcie zamurowano i... tak na razie zostanie. &quot;W najbli\u017cszym czasie nie planujemy jego remontu&quot; - 24GLIWICE - Portal Gliwice | codziennie nowe informacje\" \/>\n<meta property=\"og:description\" content=\"Dla mieszka\u0144c\u00f3w dzielnicy Szobiszowice to z\u0142a wiadomo\u015b\u0107. Zamkni\u0119te od d\u0142u\u017cszego czasu przej\u015bcie podziemne \u0142\u0105cz\u0105ce ulic\u0119 Toszeck\u0105 z ulic\u0105 Bohater\u00f3w Getta Warszawskiego na razie nie zostanie oddane do u\u017cytku. Remont przerwano. Teraz aby pieszo dosta\u0107 si\u0119 z Szobiszowic do centrum, nale\u017cy pokona\u0107 wiadukt nad torami kolejowymi. Droga ta jest d\u0142u\u017csza i niewygodna. Jeszcze kilka lat temu [&hellip;]\" \/>\n<meta property=\"og:url\" content=\"https:\/\/www.24gliwice.pl\/wiadomosci\/przejscie-zamurowano-i-tak-na-razie-zostanie-w-najblizszym-czasie-nie-planujemy-jego-remontu\/\" \/>\n<meta property=\"og:site_name\" content=\"24GLIWICE - Portal Gliwice | codziennie nowe informacje\" \/>\n<meta property=\"article:publisher\" content=\"https:\/\/www.facebook.com\/24gliwice\" \/>\n<meta property=\"article:published_time\" content=\"2017-08-16T00:55:20+00:00\" \/>\n<meta property=\"article:modified_time\" content=\"2017-08-16T22:50:57+00:00\" \/>\n<meta property=\"og:image\" content=\"https:\/\/www.24gliwice.pl\/wiadomosci\/wp-content\/uploads\/2017\/08\/tunel-2-e1502276789379.jpg\" \/>\n\t<meta property=\"og:image:width\" content=\"810\" \/>\n\t<meta property=\"og:image:height\" content=\"455\" \/>\n\t<meta property=\"og:image:type\" content=\"image\/jpeg\" \/>\n<meta name=\"author\" content=\"\u017baneta Mrozek-Siewierska\" \/>\n<meta name=\"twitter:card\" content=\"summary_large_image\" \/>\n<meta name=\"twitter:creator\" content=\"@24gliwice\" \/>\n<meta name=\"twitter:site\" content=\"@24gliwice\" \/>\n<meta name=\"twitter:label1\" content=\"Napisane przez\" \/>\n\t<meta name=\"twitter:data1\" content=\"\u017baneta Mrozek-Siewierska\" \/>\n\t<meta name=\"twitter:label2\" content=\"Szacowany czas czytania\" \/>\n\t<meta name=\"twitter:data2\" content=\"3 minuty\" \/>\n<script type=\"application\/ld+json\" class=\"yoast-schema-graph\">{\"@context\":\"https:\\\/\\\/schema.org\",\"@graph\":[{\"@type\":\"Article\",\"@id\":\"https:\\\/\\\/www.24gliwice.pl\\\/wiadomosci\\\/przejscie-zamurowano-i-tak-na-razie-zostanie-w-najblizszym-czasie-nie-planujemy-jego-remontu\\\/#article\",\"isPartOf\":{\"@id\":\"https:\\\/\\\/www.24gliwice.pl\\\/wiadomosci\\\/przejscie-zamurowano-i-tak-na-razie-zostanie-w-najblizszym-czasie-nie-planujemy-jego-remontu\\\/\"},\"author\":{\"name\":\"\u017baneta Mrozek-Siewierska\",\"@id\":\"https:\\\/\\\/www.24gliwice.pl\\\/wiadomosci\\\/#\\\/schema\\\/person\\\/e42c650edd7f2fa332be3811fb166b6e\"},\"headline\":\"Przej\u015bcie zamurowano i&#8230; tak na razie zostanie. &#8220;W najbli\u017cszym czasie nie planujemy jego remontu&#8221;\",\"datePublished\":\"2017-08-16T00:55:20+00:00\",\"dateModified\":\"2017-08-16T22:50:57+00:00\",\"mainEntityOfPage\":{\"@id\":\"https:\\\/\\\/www.24gliwice.pl\\\/wiadomosci\\\/przejscie-zamurowano-i-tak-na-razie-zostanie-w-najblizszym-czasie-nie-planujemy-jego-remontu\\\/\"},\"wordCount\":532,\"commentCount\":0,\"publisher\":{\"@id\":\"https:\\\/\\\/www.24gliwice.pl\\\/wiadomosci\\\/#organization\"},\"image\":{\"@id\":\"https:\\\/\\\/www.24gliwice.pl\\\/wiadomosci\\\/przejscie-zamurowano-i-tak-na-razie-zostanie-w-najblizszym-czasie-nie-planujemy-jego-remontu\\\/#primaryimage\"},\"thumbnailUrl\":\"https:\\\/\\\/www.24gliwice.pl\\\/wiadomosci\\\/wp-content\\\/uploads\\\/2017\\\/08\\\/tunel-2-e1502276789379.jpg\",\"keywords\":[\"bohater\u00f3w getta warszawskiego\",\"centrum\",\"DWORZEC PKP\",\"PKP\",\"pkp plk\",\"plk\",\"przej\u015bcie podziemne\",\"SZOBISZOWICE\",\"TOSZECKA\",\"tunel\"],\"articleSection\":[\"Gliwice\",\"Najnowsze wiadomo\u015bci\",\"Portal Gliwice - Wiadomo\u015bci lokalne\"],\"inLanguage\":\"pl-PL\",\"potentialAction\":[{\"@type\":\"CommentAction\",\"name\":\"Comment\",\"target\":[\"https:\\\/\\\/www.24gliwice.pl\\\/wiadomosci\\\/przejscie-zamurowano-i-tak-na-razie-zostanie-w-najblizszym-czasie-nie-planujemy-jego-remontu\\\/#respond\"]}]},{\"@type\":\"WebPage\",\"@id\":\"https:\\\/\\\/www.24gliwice.pl\\\/wiadomosci\\\/przejscie-zamurowano-i-tak-na-razie-zostanie-w-najblizszym-czasie-nie-planujemy-jego-remontu\\\/\",\"url\":\"https:\\\/\\\/www.24gliwice.pl\\\/wiadomosci\\\/przejscie-zamurowano-i-tak-na-razie-zostanie-w-najblizszym-czasie-nie-planujemy-jego-remontu\\\/\",\"name\":\"Przej\u015bcie zamurowano i... tak na razie zostanie. \\\"W najbli\u017cszym czasie nie planujemy jego remontu\\\" - 24GLIWICE - Portal Gliwice | codziennie nowe informacje\",\"isPartOf\":{\"@id\":\"https:\\\/\\\/www.24gliwice.pl\\\/wiadomosci\\\/#website\"},\"primaryImageOfPage\":{\"@id\":\"https:\\\/\\\/www.24gliwice.pl\\\/wiadomosci\\\/przejscie-zamurowano-i-tak-na-razie-zostanie-w-najblizszym-czasie-nie-planujemy-jego-remontu\\\/#primaryimage\"},\"image\":{\"@id\":\"https:\\\/\\\/www.24gliwice.pl\\\/wiadomosci\\\/przejscie-zamurowano-i-tak-na-razie-zostanie-w-najblizszym-czasie-nie-planujemy-jego-remontu\\\/#primaryimage\"},\"thumbnailUrl\":\"https:\\\/\\\/www.24gliwice.pl\\\/wiadomosci\\\/wp-content\\\/uploads\\\/2017\\\/08\\\/tunel-2-e1502276789379.jpg\",\"datePublished\":\"2017-08-16T00:55:20+00:00\",\"dateModified\":\"2017-08-16T22:50:57+00:00\",\"breadcrumb\":{\"@id\":\"https:\\\/\\\/www.24gliwice.pl\\\/wiadomosci\\\/przejscie-zamurowano-i-tak-na-razie-zostanie-w-najblizszym-czasie-nie-planujemy-jego-remontu\\\/#breadcrumb\"},\"inLanguage\":\"pl-PL\",\"potentialAction\":[{\"@type\":\"ReadAction\",\"target\":[\"https:\\\/\\\/www.24gliwice.pl\\\/wiadomosci\\\/przejscie-zamurowano-i-tak-na-razie-zostanie-w-najblizszym-czasie-nie-planujemy-jego-remontu\\\/\"]}]},{\"@type\":\"ImageObject\",\"inLanguage\":\"pl-PL\",\"@id\":\"https:\\\/\\\/www.24gliwice.pl\\\/wiadomosci\\\/przejscie-zamurowano-i-tak-na-razie-zostanie-w-najblizszym-czasie-nie-planujemy-jego-remontu\\\/#primaryimage\",\"url\":\"https:\\\/\\\/www.24gliwice.pl\\\/wiadomosci\\\/wp-content\\\/uploads\\\/2017\\\/08\\\/tunel-2-e1502276789379.jpg\",\"contentUrl\":\"https:\\\/\\\/www.24gliwice.pl\\\/wiadomosci\\\/wp-content\\\/uploads\\\/2017\\\/08\\\/tunel-2-e1502276789379.jpg\",\"width\":810,\"height\":455},{\"@type\":\"BreadcrumbList\",\"@id\":\"https:\\\/\\\/www.24gliwice.pl\\\/wiadomosci\\\/przejscie-zamurowano-i-tak-na-razie-zostanie-w-najblizszym-czasie-nie-planujemy-jego-remontu\\\/#breadcrumb\",\"itemListElement\":[{\"@type\":\"ListItem\",\"position\":1,\"name\":\"Strona g\u0142\u00f3wna\",\"item\":\"https:\\\/\\\/www.24gliwice.pl\\\/wiadomosci\\\/\"},{\"@type\":\"ListItem\",\"position\":2,\"name\":\"Przej\u015bcie zamurowano i&#8230; tak na razie zostanie. &#8222;W najbli\u017cszym czasie nie planujemy jego remontu&#8221;\"}]},{\"@type\":\"WebSite\",\"@id\":\"https:\\\/\\\/www.24gliwice.pl\\\/wiadomosci\\\/#website\",\"url\":\"https:\\\/\\\/www.24gliwice.pl\\\/wiadomosci\\\/\",\"name\":\"24GLIWICE - Portal Gliwice | codziennie nowe wiadomo\u015bci\",\"description\":\"Portal Miejski Gliwice\",\"publisher\":{\"@id\":\"https:\\\/\\\/www.24gliwice.pl\\\/wiadomosci\\\/#organization\"},\"potentialAction\":[{\"@type\":\"SearchAction\",\"target\":{\"@type\":\"EntryPoint\",\"urlTemplate\":\"https:\\\/\\\/www.24gliwice.pl\\\/wiadomosci\\\/?s={search_term_string}\"},\"query-input\":{\"@type\":\"PropertyValueSpecification\",\"valueRequired\":true,\"valueName\":\"search_term_string\"}}],\"inLanguage\":\"pl-PL\"},{\"@type\":\"Organization\",\"@id\":\"https:\\\/\\\/www.24gliwice.pl\\\/wiadomosci\\\/#organization\",\"name\":\"24gliwice\",\"url\":\"https:\\\/\\\/www.24gliwice.pl\\\/wiadomosci\\\/\",\"logo\":{\"@type\":\"ImageObject\",\"inLanguage\":\"pl-PL\",\"@id\":\"https:\\\/\\\/www.24gliwice.pl\\\/wiadomosci\\\/#\\\/schema\\\/logo\\\/image\\\/\",\"url\":\"https:\\\/\\\/www.24gliwice.pl\\\/wiadomosci\\\/wp-content\\\/uploads\\\/2024\\\/10\\\/24gliwice-logo-696.jpg\",\"contentUrl\":\"https:\\\/\\\/www.24gliwice.pl\\\/wiadomosci\\\/wp-content\\\/uploads\\\/2024\\\/10\\\/24gliwice-logo-696.jpg\",\"width\":696,\"height\":696,\"caption\":\"24gliwice\"},\"image\":{\"@id\":\"https:\\\/\\\/www.24gliwice.pl\\\/wiadomosci\\\/#\\\/schema\\\/logo\\\/image\\\/\"},\"sameAs\":[\"https:\\\/\\\/www.facebook.com\\\/24gliwice\",\"https:\\\/\\\/x.com\\\/24gliwice\",\"https:\\\/\\\/www.youtube.com\\\/@24gliwice\"]},{\"@type\":\"Person\",\"@id\":\"https:\\\/\\\/www.24gliwice.pl\\\/wiadomosci\\\/#\\\/schema\\\/person\\\/e42c650edd7f2fa332be3811fb166b6e\",\"name\":\"\u017baneta Mrozek-Siewierska\",\"image\":{\"@type\":\"ImageObject\",\"inLanguage\":\"pl-PL\",\"@id\":\"https:\\\/\\\/secure.gravatar.com\\\/avatar\\\/1881429e9c64597c77ad7aef2d0a19be69a3253e57534d16aa15bf3a4d34a0a3?s=96&d=mm&r=g\",\"url\":\"https:\\\/\\\/secure.gravatar.com\\\/avatar\\\/1881429e9c64597c77ad7aef2d0a19be69a3253e57534d16aa15bf3a4d34a0a3?s=96&d=mm&r=g\",\"contentUrl\":\"https:\\\/\\\/secure.gravatar.com\\\/avatar\\\/1881429e9c64597c77ad7aef2d0a19be69a3253e57534d16aa15bf3a4d34a0a3?s=96&d=mm&r=g\",\"caption\":\"\u017baneta Mrozek-Siewierska\"},\"url\":\"https:\\\/\\\/www.24gliwice.pl\\\/wiadomosci\\\/author\\\/zms\\\/\"}]}<\/script>\n<!-- \/ Yoast SEO plugin. -->","yoast_head_json":{"title":"Przej\u015bcie zamurowano i... tak na razie zostanie. \"W najbli\u017cszym czasie nie planujemy jego remontu\" - 24GLIWICE - Portal Gliwice | codziennie nowe informacje","robots":{"index":"index","follow":"follow","max-snippet":"max-snippet:-1","max-image-preview":"max-image-preview:large","max-video-preview":"max-video-preview:-1"},"canonical":"https:\/\/www.24gliwice.pl\/wiadomosci\/przejscie-zamurowano-i-tak-na-razie-zostanie-w-najblizszym-czasie-nie-planujemy-jego-remontu\/","og_locale":"pl_PL","og_type":"article","og_title":"Przej\u015bcie zamurowano i... tak na razie zostanie. \"W najbli\u017cszym czasie nie planujemy jego remontu\" - 24GLIWICE - Portal Gliwice | codziennie nowe informacje","og_description":"Dla mieszka\u0144c\u00f3w dzielnicy Szobiszowice to z\u0142a wiadomo\u015b\u0107. Zamkni\u0119te od d\u0142u\u017cszego czasu przej\u015bcie podziemne \u0142\u0105cz\u0105ce ulic\u0119 Toszeck\u0105 z ulic\u0105 Bohater\u00f3w Getta Warszawskiego na razie nie zostanie oddane do u\u017cytku. Remont przerwano. Teraz aby pieszo dosta\u0107 si\u0119 z Szobiszowic do centrum, nale\u017cy pokona\u0107 wiadukt nad torami kolejowymi. Droga ta jest d\u0142u\u017csza i niewygodna. Jeszcze kilka lat temu [&hellip;]","og_url":"https:\/\/www.24gliwice.pl\/wiadomosci\/przejscie-zamurowano-i-tak-na-razie-zostanie-w-najblizszym-czasie-nie-planujemy-jego-remontu\/","og_site_name":"24GLIWICE - Portal Gliwice | codziennie nowe informacje","article_publisher":"https:\/\/www.facebook.com\/24gliwice","article_published_time":"2017-08-16T00:55:20+00:00","article_modified_time":"2017-08-16T22:50:57+00:00","og_image":[{"width":810,"height":455,"url":"https:\/\/www.24gliwice.pl\/wiadomosci\/wp-content\/uploads\/2017\/08\/tunel-2-e1502276789379.jpg","type":"image\/jpeg"}],"author":"\u017baneta Mrozek-Siewierska","twitter_card":"summary_large_image","twitter_creator":"@24gliwice","twitter_site":"@24gliwice","twitter_misc":{"Napisane przez":"\u017baneta Mrozek-Siewierska","Szacowany czas czytania":"3 minuty"},"schema":{"@context":"https:\/\/schema.org","@graph":[{"@type":"Article","@id":"https:\/\/www.24gliwice.pl\/wiadomosci\/przejscie-zamurowano-i-tak-na-razie-zostanie-w-najblizszym-czasie-nie-planujemy-jego-remontu\/#article","isPartOf":{"@id":"https:\/\/www.24gliwice.pl\/wiadomosci\/przejscie-zamurowano-i-tak-na-razie-zostanie-w-najblizszym-czasie-nie-planujemy-jego-remontu\/"},"author":{"name":"\u017baneta Mrozek-Siewierska","@id":"https:\/\/www.24gliwice.pl\/wiadomosci\/#\/schema\/person\/e42c650edd7f2fa332be3811fb166b6e"},"headline":"Przej\u015bcie zamurowano i&#8230; tak na razie zostanie. &#8220;W najbli\u017cszym czasie nie planujemy jego remontu&#8221;","datePublished":"2017-08-16T00:55:20+00:00","dateModified":"2017-08-16T22:50:57+00:00","mainEntityOfPage":{"@id":"https:\/\/www.24gliwice.pl\/wiadomosci\/przejscie-zamurowano-i-tak-na-razie-zostanie-w-najblizszym-czasie-nie-planujemy-jego-remontu\/"},"wordCount":532,"commentCount":0,"publisher":{"@id":"https:\/\/www.24gliwice.pl\/wiadomosci\/#organization"},"image":{"@id":"https:\/\/www.24gliwice.pl\/wiadomosci\/przejscie-zamurowano-i-tak-na-razie-zostanie-w-najblizszym-czasie-nie-planujemy-jego-remontu\/#primaryimage"},"thumbnailUrl":"https:\/\/www.24gliwice.pl\/wiadomosci\/wp-content\/uploads\/2017\/08\/tunel-2-e1502276789379.jpg","keywords":["bohater\u00f3w getta warszawskiego","centrum","DWORZEC PKP","PKP","pkp plk","plk","przej\u015bcie podziemne","SZOBISZOWICE","TOSZECKA","tunel"],"articleSection":["Gliwice","Najnowsze wiadomo\u015bci","Portal Gliwice - Wiadomo\u015bci lokalne"],"inLanguage":"pl-PL","potentialAction":[{"@type":"CommentAction","name":"Comment","target":["https:\/\/www.24gliwice.pl\/wiadomosci\/przejscie-zamurowano-i-tak-na-razie-zostanie-w-najblizszym-czasie-nie-planujemy-jego-remontu\/#respond"]}]},{"@type":"WebPage","@id":"https:\/\/www.24gliwice.pl\/wiadomosci\/przejscie-zamurowano-i-tak-na-razie-zostanie-w-najblizszym-czasie-nie-planujemy-jego-remontu\/","url":"https:\/\/www.24gliwice.pl\/wiadomosci\/przejscie-zamurowano-i-tak-na-razie-zostanie-w-najblizszym-czasie-nie-planujemy-jego-remontu\/","name":"Przej\u015bcie zamurowano i... tak na razie zostanie. \"W najbli\u017cszym czasie nie planujemy jego remontu\" - 24GLIWICE - Portal Gliwice | codziennie nowe informacje","isPartOf":{"@id":"https:\/\/www.24gliwice.pl\/wiadomosci\/#website"},"primaryImageOfPage":{"@id":"https:\/\/www.24gliwice.pl\/wiadomosci\/przejscie-zamurowano-i-tak-na-razie-zostanie-w-najblizszym-czasie-nie-planujemy-jego-remontu\/#primaryimage"},"image":{"@id":"https:\/\/www.24gliwice.pl\/wiadomosci\/przejscie-zamurowano-i-tak-na-razie-zostanie-w-najblizszym-czasie-nie-planujemy-jego-remontu\/#primaryimage"},"thumbnailUrl":"https:\/\/www.24gliwice.pl\/wiadomosci\/wp-content\/uploads\/2017\/08\/tunel-2-e1502276789379.jpg","datePublished":"2017-08-16T00:55:20+00:00","dateModified":"2017-08-16T22:50:57+00:00","breadcrumb":{"@id":"https:\/\/www.24gliwice.pl\/wiadomosci\/przejscie-zamurowano-i-tak-na-razie-zostanie-w-najblizszym-czasie-nie-planujemy-jego-remontu\/#breadcrumb"},"inLanguage":"pl-PL","potentialAction":[{"@type":"ReadAction","target":["https:\/\/www.24gliwice.pl\/wiadomosci\/przejscie-zamurowano-i-tak-na-razie-zostanie-w-najblizszym-czasie-nie-planujemy-jego-remontu\/"]}]},{"@type":"ImageObject","inLanguage":"pl-PL","@id":"https:\/\/www.24gliwice.pl\/wiadomosci\/przejscie-zamurowano-i-tak-na-razie-zostanie-w-najblizszym-czasie-nie-planujemy-jego-remontu\/#primaryimage","url":"https:\/\/www.24gliwice.pl\/wiadomosci\/wp-content\/uploads\/2017\/08\/tunel-2-e1502276789379.jpg","contentUrl":"https:\/\/www.24gliwice.pl\/wiadomosci\/wp-content\/uploads\/2017\/08\/tunel-2-e1502276789379.jpg","width":810,"height":455},{"@type":"BreadcrumbList","@id":"https:\/\/www.24gliwice.pl\/wiadomosci\/przejscie-zamurowano-i-tak-na-razie-zostanie-w-najblizszym-czasie-nie-planujemy-jego-remontu\/#breadcrumb","itemListElement":[{"@type":"ListItem","position":1,"name":"Strona g\u0142\u00f3wna","item":"https:\/\/www.24gliwice.pl\/wiadomosci\/"},{"@type":"ListItem","position":2,"name":"Przej\u015bcie zamurowano i&#8230; tak na razie zostanie. &#8222;W najbli\u017cszym czasie nie planujemy jego remontu&#8221;"}]},{"@type":"WebSite","@id":"https:\/\/www.24gliwice.pl\/wiadomosci\/#website","url":"https:\/\/www.24gliwice.pl\/wiadomosci\/","name":"24GLIWICE - Portal Gliwice | codziennie nowe wiadomo\u015bci","description":"Portal Miejski Gliwice","publisher":{"@id":"https:\/\/www.24gliwice.pl\/wiadomosci\/#organization"},"potentialAction":[{"@type":"SearchAction","target":{"@type":"EntryPoint","urlTemplate":"https:\/\/www.24gliwice.pl\/wiadomosci\/?s={search_term_string}"},"query-input":{"@type":"PropertyValueSpecification","valueRequired":true,"valueName":"search_term_string"}}],"inLanguage":"pl-PL"},{"@type":"Organization","@id":"https:\/\/www.24gliwice.pl\/wiadomosci\/#organization","name":"24gliwice","url":"https:\/\/www.24gliwice.pl\/wiadomosci\/","logo":{"@type":"ImageObject","inLanguage":"pl-PL","@id":"https:\/\/www.24gliwice.pl\/wiadomosci\/#\/schema\/logo\/image\/","url":"https:\/\/www.24gliwice.pl\/wiadomosci\/wp-content\/uploads\/2024\/10\/24gliwice-logo-696.jpg","contentUrl":"https:\/\/www.24gliwice.pl\/wiadomosci\/wp-content\/uploads\/2024\/10\/24gliwice-logo-696.jpg","width":696,"height":696,"caption":"24gliwice"},"image":{"@id":"https:\/\/www.24gliwice.pl\/wiadomosci\/#\/schema\/logo\/image\/"},"sameAs":["https:\/\/www.facebook.com\/24gliwice","https:\/\/x.com\/24gliwice","https:\/\/www.youtube.com\/@24gliwice"]},{"@type":"Person","@id":"https:\/\/www.24gliwice.pl\/wiadomosci\/#\/schema\/person\/e42c650edd7f2fa332be3811fb166b6e","name":"\u017baneta Mrozek-Siewierska","image":{"@type":"ImageObject","inLanguage":"pl-PL","@id":"https:\/\/secure.gravatar.com\/avatar\/1881429e9c64597c77ad7aef2d0a19be69a3253e57534d16aa15bf3a4d34a0a3?s=96&d=mm&r=g","url":"https:\/\/secure.gravatar.com\/avatar\/1881429e9c64597c77ad7aef2d0a19be69a3253e57534d16aa15bf3a4d34a0a3?s=96&d=mm&r=g","contentUrl":"https:\/\/secure.gravatar.com\/avatar\/1881429e9c64597c77ad7aef2d0a19be69a3253e57534d16aa15bf3a4d34a0a3?s=96&d=mm&r=g","caption":"\u017baneta Mrozek-Siewierska"},"url":"https:\/\/www.24gliwice.pl\/wiadomosci\/author\/zms\/"}]}},"_links":{"self":[{"href":"https:\/\/www.24gliwice.pl\/wiadomosci\/wp-json\/wp\/v2\/posts\/102674","targetHints":{"allow":["GET"]}}],"collection":[{"href":"https:\/\/www.24gliwice.pl\/wiadomosci\/wp-json\/wp\/v2\/posts"}],"about":[{"href":"https:\/\/www.24gliwice.pl\/wiadomosci\/wp-json\/wp\/v2\/types\/post"}],"author":[{"embeddable":true,"href":"https:\/\/www.24gliwice.pl\/wiadomosci\/wp-json\/wp\/v2\/users\/15"}],"replies":[{"embeddable":true,"href":"https:\/\/www.24gliwice.pl\/wiadomosci\/wp-json\/wp\/v2\/comments?post=102674"}],"version-history":[{"count":0,"href":"https:\/\/www.24gliwice.pl\/wiadomosci\/wp-json\/wp\/v2\/posts\/102674\/revisions"}],"wp:featuredmedia":[{"embeddable":true,"href":"https:\/\/www.24gliwice.pl\/wiadomosci\/wp-json\/wp\/v2\/media\/102757"}],"wp:attachment":[{"href":"https:\/\/www.24gliwice.pl\/wiadomosci\/wp-json\/wp\/v2\/media?parent=102674"}],"wp:term":[{"taxonomy":"category","embeddable":true,"href":"https:\/\/www.24gliwice.pl\/wiadomosci\/wp-json\/wp\/v2\/categories?post=102674"},{"taxonomy":"post_tag","embeddable":true,"href":"https:\/\/www.24gliwice.pl\/wiadomosci\/wp-json\/wp\/v2\/tags?post=102674"}],"curies":[{"name":"wp","href":"https:\/\/api.w.org\/{rel}","templated":true}]}}