{"id":102720,"date":"2017-08-09T03:17:50","date_gmt":"2017-08-09T01:17:50","guid":{"rendered":"http:\/\/www.24gliwice.pl\/wiadomosci\/?p=102720"},"modified":"2017-08-09T08:56:02","modified_gmt":"2017-08-09T06:56:02","slug":"nie-bedzie-kolejnego-przetargu-na-operatora-hali-gliwice-wiadomo-juz-kto-bedzie-nia-zarzadzal","status":"publish","type":"post","link":"https:\/\/www.24gliwice.pl\/wiadomosci\/nie-bedzie-kolejnego-przetargu-na-operatora-hali-gliwice-wiadomo-juz-kto-bedzie-nia-zarzadzal\/","title":{"rendered":"Nie b\u0119dzie kolejnego przetargu na operatora Hali Gliwice. Wiadomo ju\u017c kto ma ni\u0105 zarz\u0105dza\u0107"},"content":{"rendered":"<div class=\"gliwi-a6-nad-leadem-artykulow gliwi-entity-placement\" id=\"gliwi-1106351676\"><div class=\"gliwi-adlabel\"><span style=\"font-size: 9px\">REKLAMA<\/span><\/div><div id=\"gliwi-2529903716\" style=\"margin-bottom: 25px;margin-left: auto;margin-right: auto;text-align: center;\"><a data-no-instant=\"1\" href=\"https:\/\/dom100.eu\/\" rel=\"noopener\" class=\"a2t-link\" target=\"_blank\" aria-label=\"20260415 DOM100 D\"><img loading=\"lazy\" decoding=\"async\" src=\"https:\/\/www.24gliwice.pl\/wiadomosci\/wp-content\/uploads\/2026\/04\/20260415-DOM100-D.jpg\" alt=\"\"  srcset=\"https:\/\/www.24gliwice.pl\/wiadomosci\/wp-content\/uploads\/2026\/04\/20260415-DOM100-D.jpg 750w, https:\/\/www.24gliwice.pl\/wiadomosci\/wp-content\/uploads\/2026\/04\/20260415-DOM100-D-410x109.jpg 410w\" sizes=\"(max-width: 750px) 100vw, 750px\" class=\"no-lazyload\" width=\"750\" height=\"200\"  style=\"display: inline-block; max-width: 100%; height: auto;\" \/><\/a><\/div><\/div><h3>Zaskakuj\u0105cy zwrot akcji w wyborze zarz\u0105dcy Hali Gliwice. Miasto zrezygnowa\u0142o z organizacji czwartego przetargu, a za uruchomienie obiektu odpowiada\u0107 b\u0119dzie gliwickie Przedsi\u0119biorstwo Wodoci\u0105g\u00f3w i Kanalizacji.<\/h3>\n<p>Przed sp\u00f3\u0142k\u0105 trudne zadanie udowodnienia, \u017ce decyzja o realizacji inwestycji by\u0142a s\u0142uszna.<\/p>\n<p>Jeszcze przed wakacjami scenariusz wydarze\u0144 wydawa\u0142 si\u0119 jasny. Po trzech nieudanych post\u0119powaniach przetargowych, urz\u0119dnicy planowali og\u0142osi\u0107 kolejne, do kt\u00f3rego przyst\u0105pi\u0107 mia\u0142a jedna z miejskich sp\u00f3\u0142ek (nieoficjalnie m\u00f3wi\u0142o si\u0119 o G\u00f3rno\u015bl\u0105skiej Agencji Przedsi\u0119biorczo\u015bci i Rozwoju). O takim zamiarze informowa\u0142 m.in. prezydent Zygmunt Frankiewicz. Teraz jest ju\u017c pewne, \u017ce tak si\u0119 nie stanie.<\/p><div class=\"gliwi-a3-w-tresci-artykulow gliwi-entity-placement\" id=\"gliwi-1413638845\"><div class=\"gliwi-adlabel\"><span style=\"font-size: 9px\">REKLAMA<\/span><\/div><div id=\"gliwi-3732214856\" style=\"margin-bottom: 30px;margin-left: auto;margin-right: auto;text-align: center;\"><a data-no-instant=\"1\" href=\"https:\/\/ogrodyandersa.pl\/\" rel=\"noopener\" class=\"a2t-link\" target=\"_blank\" aria-label=\"20260415 Ogrody Andersa KUP TERAZ D\"><img loading=\"lazy\" decoding=\"async\" src=\"https:\/\/www.24gliwice.pl\/wiadomosci\/wp-content\/uploads\/2026\/04\/20260415-Ogrody-Andersa-KUP-TERAZ-D.jpg\" alt=\"\"  srcset=\"https:\/\/www.24gliwice.pl\/wiadomosci\/wp-content\/uploads\/2026\/04\/20260415-Ogrody-Andersa-KUP-TERAZ-D.jpg 750w, https:\/\/www.24gliwice.pl\/wiadomosci\/wp-content\/uploads\/2026\/04\/20260415-Ogrody-Andersa-KUP-TERAZ-D-410x109.jpg 410w\" sizes=\"(max-width: 750px) 100vw, 750px\" class=\"no-lazyload\" width=\"750\" height=\"200\"  style=\"display: inline-block; max-width: 100%; height: auto;\" \/><\/a><\/div><\/div>\n<blockquote><p>\u2013 Pomimo tego, \u017ce uwa\u017cali\u015bmy i\u017c zewn\u0119trzny operator hali by\u0142by dobrym rozwi\u0105zaniem, kolejnego przetargu na zarz\u0105dzanie hal\u0105 Gliwice nie b\u0119dzie. Z dotychczasowych do\u015bwiadcze\u0144 wynika, \u017ce nie przyni\u00f3s\u0142by on zapewne spodziewanych rezultat\u00f3w<\/p><\/blockquote>\n<p>&#8211; m\u00f3wi nam <strong>Marek Jarz\u0119bowski<\/strong>, rzecznik prasowy Prezydenta Gliwic. &#8211; Hala zostanie przekazana w dzier\u017caw\u0119 PWiK, kt\u00f3re b\u0119dzie odpowiedzialne za jej uruchomienie \u2013 komentuje i podkre\u015bla, \u017ce o takim rozwi\u0105zaniu w Urz\u0119dzie m\u00f3wiono ju\u017c wcze\u015bniej, ale pierwotnie wybrano pomys\u0142 z przetargiem ostatniej szansy.<\/p>\n<p>Jak informuje rzecznik prezydenta, Hala Gliwice znajduj\u0105ca si\u0119 obecnie w zarz\u0105dzie PWIK zostanie ponownie przekazana Miastu Gliwice, a nast\u0119pnie wydzier\u017cawiona miejskim wodoci\u0105gom. PWIK ma zadba\u0107 o dobry start obiektu. Nieoficjalnie m\u00f3wi si\u0119, \u017ce za kwestie organizacyjne (repertuar, harmonogram wydarze\u0144 w pierwszych miesi\u0105cach dzia\u0142ania Hali) odpowiada\u0107 ma Wydzia\u0142 Kultury i Promocji Urz\u0119du Miejskiego w Gliwicach. Jarz\u0119bowski zaprzecza jednak takim informacjom.<\/p>\n[perfectpullquote align=&#8221;full&#8221; cite=&#8221;&#8221; link=&#8221;&#8221; color=&#8221;&#8221; class=&#8221;&#8221; size=&#8221;&#8221;]Hala Gliwice pod piecz\u0105 PWiK to rozwi\u0105zanie, o kt\u00f3rym w Gliwicach m\u00f3wi\u0142o si\u0119 od kilku lat.[\/perfectpullquote]\n<p>Gdy startowa\u0142a budowa Hali, PWiK by\u0142o menad\u017cerem kontraktu i prowadzi\u0142o budow\u0119 obiektu. W 2015 roku gliwiccy radni zdecydowali o wniesieniu obiektu w sk\u0142ad maj\u0105tku wodoci\u0105gowo-kanalizacyjnej sp\u00f3\u0142ki.<\/p>\n<p>&#8211; Korzy\u015bci s\u0105 do\u015b\u0107 oczywiste. To kwestia powo\u0142ywania zarz\u0105du czy rady nadzorczej i szukania kompetentnych ludzi. W PWiK tacy ju\u017c s\u0105 &#8211; argumentowa\u0142 na sesji Rady Miasta prezydent Frankiewicz i zapowiada\u0142 mo\u017cliwo\u015b\u0107 powo\u0142anie przez PWIK sp\u00f3\u0142ki-c\u00f3rki, zajmuj\u0105cej si\u0119 zarz\u0105dzaniem Hal\u0105.<\/p>\n<p>Najpierw jednak Miasto mia\u0142o poszuka\u0107 operatora zewn\u0119trznego. Wszystkie rozpisane przetargi, mimo wst\u0119pnego zainteresowania kilku podmiot\u00f3w, zako\u0144czy\u0142y si\u0119 fiaskiem. Teraz scenariusz z utworzeniem sp\u00f3\u0142ki-c\u00f3rki staje si\u0119 ponownie aktualny. Podobnie jak w\u0105tpliwo\u015bci czy opieka nad kosztoch\u0142onn\u0105 inwestycj\u0105 miejskich wodoci\u0105g\u00f3w nie wp\u0142ynie na ceny wody w mie\u015bcie. W 2015 roku, gdy Hala przekazywana by\u0142a w zarz\u0105d PWiK, urz\u0119dnicy przekonywali, \u017ce sp\u00f3\u0142ka nie b\u0119dzie mia\u0142a prawnej mo\u017cliwo\u015bci, aby z dochod\u00f3w z dostarczania wody dotowa\u0107 dzia\u0142alno\u015b\u0107 hali.<\/p>\n<p>Otwarcie Hali Gliwice planowane jest na po\u0142ow\u0119 2018 roku. Koszt jej budowy szacuje si\u0119 na oko\u0142o 400 mln z\u0142otych wraz z wyposa\u017ceniem.<\/p>\n<p><strong>Micha\u0142 Szewczyk<\/strong><\/p>\n<div class=\"gliwi-a5-na-koncu-artykulow gliwi-entity-placement\" id=\"gliwi-2103121887\"><div class=\"gliwi-adlabel\"><span style=\"font-size: 9px\">REKLAMA<\/span><\/div><div id=\"gliwi-2766597003\" style=\"margin-left: auto;margin-right: auto;text-align: center;\"><a data-no-instant=\"1\" href=\"https:\/\/prezeroarenagliwice.pl\/\" rel=\"noopener\" class=\"a2t-link\" target=\"_blank\" aria-label=\"20260309-PREZERO-WIOSNA-D\"><img loading=\"lazy\" decoding=\"async\" src=\"https:\/\/www.24gliwice.pl\/wiadomosci\/wp-content\/uploads\/2026\/03\/20260309-PREZERO-WIOSNA-D.webp\" alt=\"\"  srcset=\"https:\/\/www.24gliwice.pl\/wiadomosci\/wp-content\/uploads\/2026\/03\/20260309-PREZERO-WIOSNA-D.webp 750w, https:\/\/www.24gliwice.pl\/wiadomosci\/wp-content\/uploads\/2026\/03\/20260309-PREZERO-WIOSNA-D-410x109.webp 410w\" sizes=\"(max-width: 750px) 100vw, 750px\" class=\"no-lazyload\" width=\"750\" height=\"200\"  style=\"display: inline-block; max-width: 100%; height: auto;\" \/><\/a><\/div><\/div>","protected":false},"excerpt":{"rendered":"<p>Zaskakuj\u0105cy zwrot akcji w wyborze zarz\u0105dcy Hali Gliwice. Miasto zrezygnowa\u0142o z organizacji czwartego przetargu, a za uruchomienie obiektu odpowiada\u0107 b\u0119dzie gliwickie Przedsi\u0119biorstwo Wodoci\u0105g\u00f3w i Kanalizacji. Przed sp\u00f3\u0142k\u0105 trudne zadanie udowodnienia, \u017ce decyzja o realizacji inwestycji by\u0142a s\u0142uszna. Jeszcze przed wakacjami scenariusz wydarze\u0144 wydawa\u0142 si\u0119 jasny. Po trzech nieudanych post\u0119powaniach przetargowych, urz\u0119dnicy planowali og\u0142osi\u0107 kolejne, do [&hellip;]<\/p>\n","protected":false},"author":12,"featured_media":102738,"comment_status":"open","ping_status":"closed","sticky":false,"template":"","format":"standard","meta":{"_monsterinsights_skip_tracking":false,"_monsterinsights_sitenote_active":false,"_monsterinsights_sitenote_note":"","_monsterinsights_sitenote_category":0,"footnotes":"","_links_to":"","_links_to_target":""},"categories":[3,1,9],"tags":[4739,7682,1268,1804],"class_list":["post-102720","post","type-post","status-publish","format-standard","has-post-thumbnail","hentry","category-gliwice","category-wszystko","category-aktualnosci_lokalne","tag-hala-gliwice","tag-hala-gliwice-przetarg","tag-marek-jarzebowski","tag-pwik"],"yoast_head":"<!-- This site is optimized with the Yoast SEO plugin v27.5 - https:\/\/yoast.com\/product\/yoast-seo-wordpress\/ -->\n<title>Nie b\u0119dzie kolejnego przetargu na operatora Hali Gliwice. Wiadomo ju\u017c kto ma ni\u0105 zarz\u0105dza\u0107 - 24GLIWICE - Portal Gliwice | codziennie nowe informacje<\/title>\n<meta name=\"robots\" content=\"index, follow, max-snippet:-1, max-image-preview:large, max-video-preview:-1\" \/>\n<link rel=\"canonical\" href=\"https:\/\/www.24gliwice.pl\/wiadomosci\/nie-bedzie-kolejnego-przetargu-na-operatora-hali-gliwice-wiadomo-juz-kto-bedzie-nia-zarzadzal\/\" \/>\n<meta property=\"og:locale\" content=\"pl_PL\" \/>\n<meta property=\"og:type\" content=\"article\" \/>\n<meta property=\"og:title\" content=\"Nie b\u0119dzie kolejnego przetargu na operatora Hali Gliwice. Wiadomo ju\u017c kto ma ni\u0105 zarz\u0105dza\u0107 - 24GLIWICE - Portal Gliwice | codziennie nowe informacje\" \/>\n<meta property=\"og:description\" content=\"Zaskakuj\u0105cy zwrot akcji w wyborze zarz\u0105dcy Hali Gliwice. Miasto zrezygnowa\u0142o z organizacji czwartego przetargu, a za uruchomienie obiektu odpowiada\u0107 b\u0119dzie gliwickie Przedsi\u0119biorstwo Wodoci\u0105g\u00f3w i Kanalizacji. Przed sp\u00f3\u0142k\u0105 trudne zadanie udowodnienia, \u017ce decyzja o realizacji inwestycji by\u0142a s\u0142uszna. Jeszcze przed wakacjami scenariusz wydarze\u0144 wydawa\u0142 si\u0119 jasny. Po trzech nieudanych post\u0119powaniach przetargowych, urz\u0119dnicy planowali og\u0142osi\u0107 kolejne, do [&hellip;]\" \/>\n<meta property=\"og:url\" content=\"https:\/\/www.24gliwice.pl\/wiadomosci\/nie-bedzie-kolejnego-przetargu-na-operatora-hali-gliwice-wiadomo-juz-kto-bedzie-nia-zarzadzal\/\" \/>\n<meta property=\"og:site_name\" content=\"24GLIWICE - Portal Gliwice | codziennie nowe informacje\" \/>\n<meta property=\"article:publisher\" content=\"https:\/\/www.facebook.com\/24gliwice\" \/>\n<meta property=\"article:published_time\" content=\"2017-08-09T01:17:50+00:00\" \/>\n<meta property=\"article:modified_time\" content=\"2017-08-09T06:56:02+00:00\" \/>\n<meta property=\"og:image\" content=\"https:\/\/www.24gliwice.pl\/wiadomosci\/wp-content\/uploads\/2017\/08\/1-hala-gliwice.jpg\" \/>\n\t<meta property=\"og:image:width\" content=\"1030\" \/>\n\t<meta property=\"og:image:height\" content=\"579\" \/>\n\t<meta property=\"og:image:type\" content=\"image\/jpeg\" \/>\n<meta name=\"author\" content=\"Micha\u0142 Szewczyk\" \/>\n<meta name=\"twitter:card\" content=\"summary_large_image\" \/>\n<meta name=\"twitter:creator\" content=\"@24gliwice\" \/>\n<meta name=\"twitter:site\" content=\"@24gliwice\" \/>\n<meta name=\"twitter:label1\" content=\"Napisane przez\" \/>\n\t<meta name=\"twitter:data1\" content=\"Micha\u0142 Szewczyk\" \/>\n\t<meta name=\"twitter:label2\" content=\"Szacowany czas czytania\" \/>\n\t<meta name=\"twitter:data2\" content=\"3 minuty\" \/>\n<script type=\"application\/ld+json\" class=\"yoast-schema-graph\">{\"@context\":\"https:\\\/\\\/schema.org\",\"@graph\":[{\"@type\":\"Article\",\"@id\":\"https:\\\/\\\/www.24gliwice.pl\\\/wiadomosci\\\/nie-bedzie-kolejnego-przetargu-na-operatora-hali-gliwice-wiadomo-juz-kto-bedzie-nia-zarzadzal\\\/#article\",\"isPartOf\":{\"@id\":\"https:\\\/\\\/www.24gliwice.pl\\\/wiadomosci\\\/nie-bedzie-kolejnego-przetargu-na-operatora-hali-gliwice-wiadomo-juz-kto-bedzie-nia-zarzadzal\\\/\"},\"author\":{\"name\":\"Micha\u0142 Szewczyk\",\"@id\":\"https:\\\/\\\/www.24gliwice.pl\\\/wiadomosci\\\/#\\\/schema\\\/person\\\/940e8f8a097e322de4f463f061ef8d45\"},\"headline\":\"Nie b\u0119dzie kolejnego przetargu na operatora Hali Gliwice. Wiadomo ju\u017c kto ma ni\u0105 zarz\u0105dza\u0107\",\"datePublished\":\"2017-08-09T01:17:50+00:00\",\"dateModified\":\"2017-08-09T06:56:02+00:00\",\"mainEntityOfPage\":{\"@id\":\"https:\\\/\\\/www.24gliwice.pl\\\/wiadomosci\\\/nie-bedzie-kolejnego-przetargu-na-operatora-hali-gliwice-wiadomo-juz-kto-bedzie-nia-zarzadzal\\\/\"},\"wordCount\":524,\"commentCount\":0,\"publisher\":{\"@id\":\"https:\\\/\\\/www.24gliwice.pl\\\/wiadomosci\\\/#organization\"},\"image\":{\"@id\":\"https:\\\/\\\/www.24gliwice.pl\\\/wiadomosci\\\/nie-bedzie-kolejnego-przetargu-na-operatora-hali-gliwice-wiadomo-juz-kto-bedzie-nia-zarzadzal\\\/#primaryimage\"},\"thumbnailUrl\":\"https:\\\/\\\/www.24gliwice.pl\\\/wiadomosci\\\/wp-content\\\/uploads\\\/2017\\\/08\\\/1-hala-gliwice.jpg\",\"keywords\":[\"HALA GLIWICE\",\"hala gliwice przetarg\",\"MAREK JARZ\u0118BOWSKI\",\"PWIK\"],\"articleSection\":[\"Gliwice\",\"Najnowsze wiadomo\u015bci\",\"Portal Gliwice - Wiadomo\u015bci lokalne\"],\"inLanguage\":\"pl-PL\",\"potentialAction\":[{\"@type\":\"CommentAction\",\"name\":\"Comment\",\"target\":[\"https:\\\/\\\/www.24gliwice.pl\\\/wiadomosci\\\/nie-bedzie-kolejnego-przetargu-na-operatora-hali-gliwice-wiadomo-juz-kto-bedzie-nia-zarzadzal\\\/#respond\"]}]},{\"@type\":\"WebPage\",\"@id\":\"https:\\\/\\\/www.24gliwice.pl\\\/wiadomosci\\\/nie-bedzie-kolejnego-przetargu-na-operatora-hali-gliwice-wiadomo-juz-kto-bedzie-nia-zarzadzal\\\/\",\"url\":\"https:\\\/\\\/www.24gliwice.pl\\\/wiadomosci\\\/nie-bedzie-kolejnego-przetargu-na-operatora-hali-gliwice-wiadomo-juz-kto-bedzie-nia-zarzadzal\\\/\",\"name\":\"Nie b\u0119dzie kolejnego przetargu na operatora Hali Gliwice. Wiadomo ju\u017c kto ma ni\u0105 zarz\u0105dza\u0107 - 24GLIWICE - Portal Gliwice | codziennie nowe informacje\",\"isPartOf\":{\"@id\":\"https:\\\/\\\/www.24gliwice.pl\\\/wiadomosci\\\/#website\"},\"primaryImageOfPage\":{\"@id\":\"https:\\\/\\\/www.24gliwice.pl\\\/wiadomosci\\\/nie-bedzie-kolejnego-przetargu-na-operatora-hali-gliwice-wiadomo-juz-kto-bedzie-nia-zarzadzal\\\/#primaryimage\"},\"image\":{\"@id\":\"https:\\\/\\\/www.24gliwice.pl\\\/wiadomosci\\\/nie-bedzie-kolejnego-przetargu-na-operatora-hali-gliwice-wiadomo-juz-kto-bedzie-nia-zarzadzal\\\/#primaryimage\"},\"thumbnailUrl\":\"https:\\\/\\\/www.24gliwice.pl\\\/wiadomosci\\\/wp-content\\\/uploads\\\/2017\\\/08\\\/1-hala-gliwice.jpg\",\"datePublished\":\"2017-08-09T01:17:50+00:00\",\"dateModified\":\"2017-08-09T06:56:02+00:00\",\"breadcrumb\":{\"@id\":\"https:\\\/\\\/www.24gliwice.pl\\\/wiadomosci\\\/nie-bedzie-kolejnego-przetargu-na-operatora-hali-gliwice-wiadomo-juz-kto-bedzie-nia-zarzadzal\\\/#breadcrumb\"},\"inLanguage\":\"pl-PL\",\"potentialAction\":[{\"@type\":\"ReadAction\",\"target\":[\"https:\\\/\\\/www.24gliwice.pl\\\/wiadomosci\\\/nie-bedzie-kolejnego-przetargu-na-operatora-hali-gliwice-wiadomo-juz-kto-bedzie-nia-zarzadzal\\\/\"]}]},{\"@type\":\"ImageObject\",\"inLanguage\":\"pl-PL\",\"@id\":\"https:\\\/\\\/www.24gliwice.pl\\\/wiadomosci\\\/nie-bedzie-kolejnego-przetargu-na-operatora-hali-gliwice-wiadomo-juz-kto-bedzie-nia-zarzadzal\\\/#primaryimage\",\"url\":\"https:\\\/\\\/www.24gliwice.pl\\\/wiadomosci\\\/wp-content\\\/uploads\\\/2017\\\/08\\\/1-hala-gliwice.jpg\",\"contentUrl\":\"https:\\\/\\\/www.24gliwice.pl\\\/wiadomosci\\\/wp-content\\\/uploads\\\/2017\\\/08\\\/1-hala-gliwice.jpg\",\"width\":1030,\"height\":579},{\"@type\":\"BreadcrumbList\",\"@id\":\"https:\\\/\\\/www.24gliwice.pl\\\/wiadomosci\\\/nie-bedzie-kolejnego-przetargu-na-operatora-hali-gliwice-wiadomo-juz-kto-bedzie-nia-zarzadzal\\\/#breadcrumb\",\"itemListElement\":[{\"@type\":\"ListItem\",\"position\":1,\"name\":\"Strona g\u0142\u00f3wna\",\"item\":\"https:\\\/\\\/www.24gliwice.pl\\\/wiadomosci\\\/\"},{\"@type\":\"ListItem\",\"position\":2,\"name\":\"Nie b\u0119dzie kolejnego przetargu na operatora Hali Gliwice. Wiadomo ju\u017c kto ma ni\u0105 zarz\u0105dza\u0107\"}]},{\"@type\":\"WebSite\",\"@id\":\"https:\\\/\\\/www.24gliwice.pl\\\/wiadomosci\\\/#website\",\"url\":\"https:\\\/\\\/www.24gliwice.pl\\\/wiadomosci\\\/\",\"name\":\"24GLIWICE - Portal Gliwice | codziennie nowe wiadomo\u015bci\",\"description\":\"Portal Miejski Gliwice\",\"publisher\":{\"@id\":\"https:\\\/\\\/www.24gliwice.pl\\\/wiadomosci\\\/#organization\"},\"potentialAction\":[{\"@type\":\"SearchAction\",\"target\":{\"@type\":\"EntryPoint\",\"urlTemplate\":\"https:\\\/\\\/www.24gliwice.pl\\\/wiadomosci\\\/?s={search_term_string}\"},\"query-input\":{\"@type\":\"PropertyValueSpecification\",\"valueRequired\":true,\"valueName\":\"search_term_string\"}}],\"inLanguage\":\"pl-PL\"},{\"@type\":\"Organization\",\"@id\":\"https:\\\/\\\/www.24gliwice.pl\\\/wiadomosci\\\/#organization\",\"name\":\"24gliwice\",\"url\":\"https:\\\/\\\/www.24gliwice.pl\\\/wiadomosci\\\/\",\"logo\":{\"@type\":\"ImageObject\",\"inLanguage\":\"pl-PL\",\"@id\":\"https:\\\/\\\/www.24gliwice.pl\\\/wiadomosci\\\/#\\\/schema\\\/logo\\\/image\\\/\",\"url\":\"https:\\\/\\\/www.24gliwice.pl\\\/wiadomosci\\\/wp-content\\\/uploads\\\/2024\\\/10\\\/24gliwice-logo-696.jpg\",\"contentUrl\":\"https:\\\/\\\/www.24gliwice.pl\\\/wiadomosci\\\/wp-content\\\/uploads\\\/2024\\\/10\\\/24gliwice-logo-696.jpg\",\"width\":696,\"height\":696,\"caption\":\"24gliwice\"},\"image\":{\"@id\":\"https:\\\/\\\/www.24gliwice.pl\\\/wiadomosci\\\/#\\\/schema\\\/logo\\\/image\\\/\"},\"sameAs\":[\"https:\\\/\\\/www.facebook.com\\\/24gliwice\",\"https:\\\/\\\/x.com\\\/24gliwice\",\"https:\\\/\\\/www.youtube.com\\\/@24gliwice\"]},{\"@type\":\"Person\",\"@id\":\"https:\\\/\\\/www.24gliwice.pl\\\/wiadomosci\\\/#\\\/schema\\\/person\\\/940e8f8a097e322de4f463f061ef8d45\",\"name\":\"Micha\u0142 Szewczyk\",\"image\":{\"@type\":\"ImageObject\",\"inLanguage\":\"pl-PL\",\"@id\":\"https:\\\/\\\/secure.gravatar.com\\\/avatar\\\/771b8b6c74cd8d255e46392d605e01a86133900ef09b6ef3c8d451c9d92288cf?s=96&d=mm&r=g\",\"url\":\"https:\\\/\\\/secure.gravatar.com\\\/avatar\\\/771b8b6c74cd8d255e46392d605e01a86133900ef09b6ef3c8d451c9d92288cf?s=96&d=mm&r=g\",\"contentUrl\":\"https:\\\/\\\/secure.gravatar.com\\\/avatar\\\/771b8b6c74cd8d255e46392d605e01a86133900ef09b6ef3c8d451c9d92288cf?s=96&d=mm&r=g\",\"caption\":\"Micha\u0142 Szewczyk\"},\"sameAs\":[\"http:\\\/\\\/www.gazeta-miejska.pl\"],\"url\":\"https:\\\/\\\/www.24gliwice.pl\\\/wiadomosci\\\/author\\\/michal-szewczyk\\\/\"}]}<\/script>\n<!-- \/ Yoast SEO plugin. -->","yoast_head_json":{"title":"Nie b\u0119dzie kolejnego przetargu na operatora Hali Gliwice. Wiadomo ju\u017c kto ma ni\u0105 zarz\u0105dza\u0107 - 24GLIWICE - Portal Gliwice | codziennie nowe informacje","robots":{"index":"index","follow":"follow","max-snippet":"max-snippet:-1","max-image-preview":"max-image-preview:large","max-video-preview":"max-video-preview:-1"},"canonical":"https:\/\/www.24gliwice.pl\/wiadomosci\/nie-bedzie-kolejnego-przetargu-na-operatora-hali-gliwice-wiadomo-juz-kto-bedzie-nia-zarzadzal\/","og_locale":"pl_PL","og_type":"article","og_title":"Nie b\u0119dzie kolejnego przetargu na operatora Hali Gliwice. Wiadomo ju\u017c kto ma ni\u0105 zarz\u0105dza\u0107 - 24GLIWICE - Portal Gliwice | codziennie nowe informacje","og_description":"Zaskakuj\u0105cy zwrot akcji w wyborze zarz\u0105dcy Hali Gliwice. Miasto zrezygnowa\u0142o z organizacji czwartego przetargu, a za uruchomienie obiektu odpowiada\u0107 b\u0119dzie gliwickie Przedsi\u0119biorstwo Wodoci\u0105g\u00f3w i Kanalizacji. Przed sp\u00f3\u0142k\u0105 trudne zadanie udowodnienia, \u017ce decyzja o realizacji inwestycji by\u0142a s\u0142uszna. Jeszcze przed wakacjami scenariusz wydarze\u0144 wydawa\u0142 si\u0119 jasny. Po trzech nieudanych post\u0119powaniach przetargowych, urz\u0119dnicy planowali og\u0142osi\u0107 kolejne, do [&hellip;]","og_url":"https:\/\/www.24gliwice.pl\/wiadomosci\/nie-bedzie-kolejnego-przetargu-na-operatora-hali-gliwice-wiadomo-juz-kto-bedzie-nia-zarzadzal\/","og_site_name":"24GLIWICE - Portal Gliwice | codziennie nowe informacje","article_publisher":"https:\/\/www.facebook.com\/24gliwice","article_published_time":"2017-08-09T01:17:50+00:00","article_modified_time":"2017-08-09T06:56:02+00:00","og_image":[{"width":1030,"height":579,"url":"https:\/\/www.24gliwice.pl\/wiadomosci\/wp-content\/uploads\/2017\/08\/1-hala-gliwice.jpg","type":"image\/jpeg"}],"author":"Micha\u0142 Szewczyk","twitter_card":"summary_large_image","twitter_creator":"@24gliwice","twitter_site":"@24gliwice","twitter_misc":{"Napisane przez":"Micha\u0142 Szewczyk","Szacowany czas czytania":"3 minuty"},"schema":{"@context":"https:\/\/schema.org","@graph":[{"@type":"Article","@id":"https:\/\/www.24gliwice.pl\/wiadomosci\/nie-bedzie-kolejnego-przetargu-na-operatora-hali-gliwice-wiadomo-juz-kto-bedzie-nia-zarzadzal\/#article","isPartOf":{"@id":"https:\/\/www.24gliwice.pl\/wiadomosci\/nie-bedzie-kolejnego-przetargu-na-operatora-hali-gliwice-wiadomo-juz-kto-bedzie-nia-zarzadzal\/"},"author":{"name":"Micha\u0142 Szewczyk","@id":"https:\/\/www.24gliwice.pl\/wiadomosci\/#\/schema\/person\/940e8f8a097e322de4f463f061ef8d45"},"headline":"Nie b\u0119dzie kolejnego przetargu na operatora Hali Gliwice. Wiadomo ju\u017c kto ma ni\u0105 zarz\u0105dza\u0107","datePublished":"2017-08-09T01:17:50+00:00","dateModified":"2017-08-09T06:56:02+00:00","mainEntityOfPage":{"@id":"https:\/\/www.24gliwice.pl\/wiadomosci\/nie-bedzie-kolejnego-przetargu-na-operatora-hali-gliwice-wiadomo-juz-kto-bedzie-nia-zarzadzal\/"},"wordCount":524,"commentCount":0,"publisher":{"@id":"https:\/\/www.24gliwice.pl\/wiadomosci\/#organization"},"image":{"@id":"https:\/\/www.24gliwice.pl\/wiadomosci\/nie-bedzie-kolejnego-przetargu-na-operatora-hali-gliwice-wiadomo-juz-kto-bedzie-nia-zarzadzal\/#primaryimage"},"thumbnailUrl":"https:\/\/www.24gliwice.pl\/wiadomosci\/wp-content\/uploads\/2017\/08\/1-hala-gliwice.jpg","keywords":["HALA GLIWICE","hala gliwice przetarg","MAREK JARZ\u0118BOWSKI","PWIK"],"articleSection":["Gliwice","Najnowsze wiadomo\u015bci","Portal Gliwice - Wiadomo\u015bci lokalne"],"inLanguage":"pl-PL","potentialAction":[{"@type":"CommentAction","name":"Comment","target":["https:\/\/www.24gliwice.pl\/wiadomosci\/nie-bedzie-kolejnego-przetargu-na-operatora-hali-gliwice-wiadomo-juz-kto-bedzie-nia-zarzadzal\/#respond"]}]},{"@type":"WebPage","@id":"https:\/\/www.24gliwice.pl\/wiadomosci\/nie-bedzie-kolejnego-przetargu-na-operatora-hali-gliwice-wiadomo-juz-kto-bedzie-nia-zarzadzal\/","url":"https:\/\/www.24gliwice.pl\/wiadomosci\/nie-bedzie-kolejnego-przetargu-na-operatora-hali-gliwice-wiadomo-juz-kto-bedzie-nia-zarzadzal\/","name":"Nie b\u0119dzie kolejnego przetargu na operatora Hali Gliwice. Wiadomo ju\u017c kto ma ni\u0105 zarz\u0105dza\u0107 - 24GLIWICE - Portal Gliwice | codziennie nowe informacje","isPartOf":{"@id":"https:\/\/www.24gliwice.pl\/wiadomosci\/#website"},"primaryImageOfPage":{"@id":"https:\/\/www.24gliwice.pl\/wiadomosci\/nie-bedzie-kolejnego-przetargu-na-operatora-hali-gliwice-wiadomo-juz-kto-bedzie-nia-zarzadzal\/#primaryimage"},"image":{"@id":"https:\/\/www.24gliwice.pl\/wiadomosci\/nie-bedzie-kolejnego-przetargu-na-operatora-hali-gliwice-wiadomo-juz-kto-bedzie-nia-zarzadzal\/#primaryimage"},"thumbnailUrl":"https:\/\/www.24gliwice.pl\/wiadomosci\/wp-content\/uploads\/2017\/08\/1-hala-gliwice.jpg","datePublished":"2017-08-09T01:17:50+00:00","dateModified":"2017-08-09T06:56:02+00:00","breadcrumb":{"@id":"https:\/\/www.24gliwice.pl\/wiadomosci\/nie-bedzie-kolejnego-przetargu-na-operatora-hali-gliwice-wiadomo-juz-kto-bedzie-nia-zarzadzal\/#breadcrumb"},"inLanguage":"pl-PL","potentialAction":[{"@type":"ReadAction","target":["https:\/\/www.24gliwice.pl\/wiadomosci\/nie-bedzie-kolejnego-przetargu-na-operatora-hali-gliwice-wiadomo-juz-kto-bedzie-nia-zarzadzal\/"]}]},{"@type":"ImageObject","inLanguage":"pl-PL","@id":"https:\/\/www.24gliwice.pl\/wiadomosci\/nie-bedzie-kolejnego-przetargu-na-operatora-hali-gliwice-wiadomo-juz-kto-bedzie-nia-zarzadzal\/#primaryimage","url":"https:\/\/www.24gliwice.pl\/wiadomosci\/wp-content\/uploads\/2017\/08\/1-hala-gliwice.jpg","contentUrl":"https:\/\/www.24gliwice.pl\/wiadomosci\/wp-content\/uploads\/2017\/08\/1-hala-gliwice.jpg","width":1030,"height":579},{"@type":"BreadcrumbList","@id":"https:\/\/www.24gliwice.pl\/wiadomosci\/nie-bedzie-kolejnego-przetargu-na-operatora-hali-gliwice-wiadomo-juz-kto-bedzie-nia-zarzadzal\/#breadcrumb","itemListElement":[{"@type":"ListItem","position":1,"name":"Strona g\u0142\u00f3wna","item":"https:\/\/www.24gliwice.pl\/wiadomosci\/"},{"@type":"ListItem","position":2,"name":"Nie b\u0119dzie kolejnego przetargu na operatora Hali Gliwice. Wiadomo ju\u017c kto ma ni\u0105 zarz\u0105dza\u0107"}]},{"@type":"WebSite","@id":"https:\/\/www.24gliwice.pl\/wiadomosci\/#website","url":"https:\/\/www.24gliwice.pl\/wiadomosci\/","name":"24GLIWICE - Portal Gliwice | codziennie nowe wiadomo\u015bci","description":"Portal Miejski Gliwice","publisher":{"@id":"https:\/\/www.24gliwice.pl\/wiadomosci\/#organization"},"potentialAction":[{"@type":"SearchAction","target":{"@type":"EntryPoint","urlTemplate":"https:\/\/www.24gliwice.pl\/wiadomosci\/?s={search_term_string}"},"query-input":{"@type":"PropertyValueSpecification","valueRequired":true,"valueName":"search_term_string"}}],"inLanguage":"pl-PL"},{"@type":"Organization","@id":"https:\/\/www.24gliwice.pl\/wiadomosci\/#organization","name":"24gliwice","url":"https:\/\/www.24gliwice.pl\/wiadomosci\/","logo":{"@type":"ImageObject","inLanguage":"pl-PL","@id":"https:\/\/www.24gliwice.pl\/wiadomosci\/#\/schema\/logo\/image\/","url":"https:\/\/www.24gliwice.pl\/wiadomosci\/wp-content\/uploads\/2024\/10\/24gliwice-logo-696.jpg","contentUrl":"https:\/\/www.24gliwice.pl\/wiadomosci\/wp-content\/uploads\/2024\/10\/24gliwice-logo-696.jpg","width":696,"height":696,"caption":"24gliwice"},"image":{"@id":"https:\/\/www.24gliwice.pl\/wiadomosci\/#\/schema\/logo\/image\/"},"sameAs":["https:\/\/www.facebook.com\/24gliwice","https:\/\/x.com\/24gliwice","https:\/\/www.youtube.com\/@24gliwice"]},{"@type":"Person","@id":"https:\/\/www.24gliwice.pl\/wiadomosci\/#\/schema\/person\/940e8f8a097e322de4f463f061ef8d45","name":"Micha\u0142 Szewczyk","image":{"@type":"ImageObject","inLanguage":"pl-PL","@id":"https:\/\/secure.gravatar.com\/avatar\/771b8b6c74cd8d255e46392d605e01a86133900ef09b6ef3c8d451c9d92288cf?s=96&d=mm&r=g","url":"https:\/\/secure.gravatar.com\/avatar\/771b8b6c74cd8d255e46392d605e01a86133900ef09b6ef3c8d451c9d92288cf?s=96&d=mm&r=g","contentUrl":"https:\/\/secure.gravatar.com\/avatar\/771b8b6c74cd8d255e46392d605e01a86133900ef09b6ef3c8d451c9d92288cf?s=96&d=mm&r=g","caption":"Micha\u0142 Szewczyk"},"sameAs":["http:\/\/www.gazeta-miejska.pl"],"url":"https:\/\/www.24gliwice.pl\/wiadomosci\/author\/michal-szewczyk\/"}]}},"_links":{"self":[{"href":"https:\/\/www.24gliwice.pl\/wiadomosci\/wp-json\/wp\/v2\/posts\/102720","targetHints":{"allow":["GET"]}}],"collection":[{"href":"https:\/\/www.24gliwice.pl\/wiadomosci\/wp-json\/wp\/v2\/posts"}],"about":[{"href":"https:\/\/www.24gliwice.pl\/wiadomosci\/wp-json\/wp\/v2\/types\/post"}],"author":[{"embeddable":true,"href":"https:\/\/www.24gliwice.pl\/wiadomosci\/wp-json\/wp\/v2\/users\/12"}],"replies":[{"embeddable":true,"href":"https:\/\/www.24gliwice.pl\/wiadomosci\/wp-json\/wp\/v2\/comments?post=102720"}],"version-history":[{"count":0,"href":"https:\/\/www.24gliwice.pl\/wiadomosci\/wp-json\/wp\/v2\/posts\/102720\/revisions"}],"wp:featuredmedia":[{"embeddable":true,"href":"https:\/\/www.24gliwice.pl\/wiadomosci\/wp-json\/wp\/v2\/media\/102738"}],"wp:attachment":[{"href":"https:\/\/www.24gliwice.pl\/wiadomosci\/wp-json\/wp\/v2\/media?parent=102720"}],"wp:term":[{"taxonomy":"category","embeddable":true,"href":"https:\/\/www.24gliwice.pl\/wiadomosci\/wp-json\/wp\/v2\/categories?post=102720"},{"taxonomy":"post_tag","embeddable":true,"href":"https:\/\/www.24gliwice.pl\/wiadomosci\/wp-json\/wp\/v2\/tags?post=102720"}],"curies":[{"name":"wp","href":"https:\/\/api.w.org\/{rel}","templated":true}]}}