{"id":102751,"date":"2017-08-10T11:25:44","date_gmt":"2017-08-10T09:25:44","guid":{"rendered":"http:\/\/www.24gliwice.pl\/wiadomosci\/?p=102751"},"modified":"2017-08-10T11:25:44","modified_gmt":"2017-08-10T09:25:44","slug":"zmiany-w-kursowaniu-autobusow-w-trakcie-dlugiego-sierpniowego-weekendu","status":"publish","type":"post","link":"https:\/\/www.24gliwice.pl\/wiadomosci\/zmiany-w-kursowaniu-autobusow-w-trakcie-dlugiego-sierpniowego-weekendu\/","title":{"rendered":"Zmiany w kursowaniu autobus\u00f3w w trakcie d\u0142ugiego sierpniowego weekendu"},"content":{"rendered":"<div class=\"gliwi-a6-nad-leadem-artykulow gliwi-entity-placement\" id=\"gliwi-204494340\"><div class=\"gliwi-adlabel\"><span style=\"font-size: 9px\">REKLAMA<\/span><\/div><div id=\"gliwi-2274372945\" style=\"margin-bottom: 25px;margin-left: auto;margin-right: auto;text-align: center;\"><a data-no-instant=\"1\" href=\"https:\/\/dom100.eu\/\" rel=\"noopener\" class=\"a2t-link\" target=\"_blank\" aria-label=\"20260415 DOM100 D\"><img loading=\"lazy\" decoding=\"async\" src=\"https:\/\/www.24gliwice.pl\/wiadomosci\/wp-content\/uploads\/2026\/04\/20260415-DOM100-D.jpg\" alt=\"\"  srcset=\"https:\/\/www.24gliwice.pl\/wiadomosci\/wp-content\/uploads\/2026\/04\/20260415-DOM100-D.jpg 750w, https:\/\/www.24gliwice.pl\/wiadomosci\/wp-content\/uploads\/2026\/04\/20260415-DOM100-D-410x109.jpg 410w\" sizes=\"(max-width: 750px) 100vw, 750px\" class=\"no-lazyload\" width=\"750\" height=\"200\"  style=\"display: inline-block; max-width: 100%; height: auto;\" \/><\/a><\/div><\/div><h4>Wielu pracownik\u00f3w we\u017amie sobie wolne w nadchodz\u0105cy poniedzia\u0142ek, wiadomo jednak, \u017ce cz\u0119\u015b\u0107 os\u00f3b do pracy b\u0119dzie musia\u0142a przyj\u015b\u0107. Dla tych ostatnich, kt\u00f3rzy podr\u00f3\u017cuj\u0105 komunikacj\u0105 publiczn\u0105 mamy wa\u017cne informacje.<\/h4>\n<p>Komunikacyjny Zwi\u0105zek Komunalny GOP informuje, \u017ce w czasie tak zwanego \u201ed\u0142ugiego weekendu\u201d sierpniowego (12 \u2013 15 sierpnia) komunikacja b\u0119dzie funkcjonowa\u0142a wed\u0142ug przedstawionych poni\u017cej zasad.<\/p>\n<h5>14 sierpnia (poniedzia\u0142ek przed \u015bwi\u0119tem Wniebowzi\u0119cia Naj\u015bwi\u0119tszej Maryi Panny)<\/h5>\n<p>\u2013 obowi\u0105zywa\u0107 b\u0119d\u0105 rozk\u0142ady jazdy wa\u017cne w soboty w wakacje, z uwzgl\u0119dnieniem nast\u0119puj\u0105cych wyj\u0105tk\u00f3w: wed\u0142ug rozk\u0142ad\u00f3w jazdy wa\u017cnych w dni robocze w wakacje b\u0119d\u0105 kursowa\u0142y linie autobusowe nr:<strong> 80, 178, 202, 288, 840, 870<\/strong>.<\/p><div class=\"gliwi-a3-w-tresci-artykulow gliwi-entity-placement\" id=\"gliwi-2233421063\"><div class=\"gliwi-adlabel\"><span style=\"font-size: 9px\">REKLAMA<\/span><\/div><div id=\"gliwi-2819640731\" style=\"margin-bottom: 30px;margin-left: auto;margin-right: auto;text-align: center;\"><a data-no-instant=\"1\" href=\"https:\/\/zlobek.halogen.org.pl\/\" rel=\"noopener\" class=\"a2t-link\" target=\"_blank\" aria-label=\"animator-zlobek_750x200\"><img loading=\"lazy\" decoding=\"async\" src=\"https:\/\/www.24gliwice.pl\/wiadomosci\/wp-content\/uploads\/2026\/02\/animator-zlobek_750x200.webp\" alt=\"\"  srcset=\"https:\/\/www.24gliwice.pl\/wiadomosci\/wp-content\/uploads\/2026\/02\/animator-zlobek_750x200.webp 750w, https:\/\/www.24gliwice.pl\/wiadomosci\/wp-content\/uploads\/2026\/02\/animator-zlobek_750x200-410x109.webp 410w\" sizes=\"(max-width: 750px) 100vw, 750px\" class=\"no-lazyload\" width=\"750\" height=\"200\"  style=\"display: inline-block; max-width: 100%; height: auto;\" \/><\/a><\/div><\/div>\n<h5>15 sierpnia (wtorek)<\/h5>\n<p>&#8211; w dniu \u015awi\u0119ta Wniebowzi\u0119cia NMP b\u0119d\u0105 obowi\u0105zywa\u0142y rozk\u0142ady jazdy wa\u017cne w niedziele i \u015bwi\u0119ta w wakacje, z nast\u0119puj\u0105cymi wyj\u0105tkami:<\/p>\n<p>Linie autobusowe nr: <strong>232, 250 i 750<\/strong> nie b\u0119d\u0105 kursowa\u0142y.<br \/>\nLinie autobusowe nr: <strong>59, 194, 710 i 850<\/strong> b\u0119d\u0105 kursowa\u0142y wed\u0142ug specjalnych rozk\u0142ad\u00f3w jazdy wa\u017cnych w dni wolne od pracy w centrach handlowych w wakacje, tj. bez obs\u0142ugi przystank\u00f3w przy centrach handlowych i z postojem wyr\u00f3wnawczym na pierwszym przystanku za centrum handlowym.<\/p>\n<div class=\"gliwi-a5-na-koncu-artykulow gliwi-entity-placement\" id=\"gliwi-816309594\"><div class=\"gliwi-adlabel\"><span style=\"font-size: 9px\">REKLAMA<\/span><\/div><div id=\"gliwi-2024639114\" style=\"margin-left: auto;margin-right: auto;text-align: center;\"><a data-no-instant=\"1\" href=\"https:\/\/prezeroarenagliwice.pl\/\" rel=\"noopener\" class=\"a2t-link\" target=\"_blank\" aria-label=\"20260309-PREZERO-WIOSNA-D\"><img loading=\"lazy\" decoding=\"async\" src=\"https:\/\/www.24gliwice.pl\/wiadomosci\/wp-content\/uploads\/2026\/03\/20260309-PREZERO-WIOSNA-D.webp\" alt=\"\"  srcset=\"https:\/\/www.24gliwice.pl\/wiadomosci\/wp-content\/uploads\/2026\/03\/20260309-PREZERO-WIOSNA-D.webp 750w, https:\/\/www.24gliwice.pl\/wiadomosci\/wp-content\/uploads\/2026\/03\/20260309-PREZERO-WIOSNA-D-410x109.webp 410w\" sizes=\"(max-width: 750px) 100vw, 750px\" class=\"no-lazyload\" width=\"750\" height=\"200\"  style=\"display: inline-block; max-width: 100%; height: auto;\" \/><\/a><\/div><\/div>","protected":false},"excerpt":{"rendered":"<p>Wielu pracownik\u00f3w we\u017amie sobie wolne w nadchodz\u0105cy poniedzia\u0142ek, wiadomo jednak, \u017ce cz\u0119\u015b\u0107 os\u00f3b do pracy b\u0119dzie musia\u0142a przyj\u015b\u0107. Dla tych ostatnich, kt\u00f3rzy podr\u00f3\u017cuj\u0105 komunikacj\u0105 publiczn\u0105 mamy wa\u017cne informacje. Komunikacyjny Zwi\u0105zek Komunalny GOP informuje, \u017ce w czasie tak zwanego \u201ed\u0142ugiego weekendu\u201d sierpniowego (12 \u2013 15 sierpnia) komunikacja b\u0119dzie funkcjonowa\u0142a wed\u0142ug przedstawionych poni\u017cej zasad. 14 sierpnia (poniedzia\u0142ek [&hellip;]<\/p>\n","protected":false},"author":15,"featured_media":102797,"comment_status":"open","ping_status":"closed","sticky":false,"template":"","format":"standard","meta":{"_monsterinsights_skip_tracking":false,"_monsterinsights_sitenote_active":false,"_monsterinsights_sitenote_note":"","_monsterinsights_sitenote_category":0,"footnotes":"","_links_to":"","_links_to_target":""},"categories":[3,1],"tags":[8905,6424],"class_list":["post-102751","post","type-post","status-publish","format-standard","has-post-thumbnail","hentry","category-gliwice","category-wszystko","tag-rozklad-jazdy","tag-swieto-wojska-polskiego"],"yoast_head":"<!-- This site is optimized with the Yoast SEO plugin v27.5 - https:\/\/yoast.com\/product\/yoast-seo-wordpress\/ -->\n<title>Zmiany w kursowaniu autobus\u00f3w w trakcie d\u0142ugiego sierpniowego weekendu - 24GLIWICE - Portal Gliwice | codziennie nowe informacje<\/title>\n<meta name=\"robots\" content=\"index, follow, max-snippet:-1, max-image-preview:large, max-video-preview:-1\" \/>\n<link rel=\"canonical\" href=\"https:\/\/www.24gliwice.pl\/wiadomosci\/zmiany-w-kursowaniu-autobusow-w-trakcie-dlugiego-sierpniowego-weekendu\/\" \/>\n<meta property=\"og:locale\" content=\"pl_PL\" \/>\n<meta property=\"og:type\" content=\"article\" \/>\n<meta property=\"og:title\" content=\"Zmiany w kursowaniu autobus\u00f3w w trakcie d\u0142ugiego sierpniowego weekendu - 24GLIWICE - Portal Gliwice | codziennie nowe informacje\" \/>\n<meta property=\"og:description\" content=\"Wielu pracownik\u00f3w we\u017amie sobie wolne w nadchodz\u0105cy poniedzia\u0142ek, wiadomo jednak, \u017ce cz\u0119\u015b\u0107 os\u00f3b do pracy b\u0119dzie musia\u0142a przyj\u015b\u0107. Dla tych ostatnich, kt\u00f3rzy podr\u00f3\u017cuj\u0105 komunikacj\u0105 publiczn\u0105 mamy wa\u017cne informacje. Komunikacyjny Zwi\u0105zek Komunalny GOP informuje, \u017ce w czasie tak zwanego \u201ed\u0142ugiego weekendu\u201d sierpniowego (12 \u2013 15 sierpnia) komunikacja b\u0119dzie funkcjonowa\u0142a wed\u0142ug przedstawionych poni\u017cej zasad. 14 sierpnia (poniedzia\u0142ek [&hellip;]\" \/>\n<meta property=\"og:url\" content=\"https:\/\/www.24gliwice.pl\/wiadomosci\/zmiany-w-kursowaniu-autobusow-w-trakcie-dlugiego-sierpniowego-weekendu\/\" \/>\n<meta property=\"og:site_name\" content=\"24GLIWICE - Portal Gliwice | codziennie nowe informacje\" \/>\n<meta property=\"article:publisher\" content=\"https:\/\/www.facebook.com\/24gliwice\" \/>\n<meta property=\"article:published_time\" content=\"2017-08-10T09:25:44+00:00\" \/>\n<meta property=\"og:image\" content=\"https:\/\/www.24gliwice.pl\/wiadomosci\/wp-content\/uploads\/2017\/08\/przystanek-rozk\u0142ad-jazdy-e1502354828975.jpg\" \/>\n\t<meta property=\"og:image:width\" content=\"810\" \/>\n\t<meta property=\"og:image:height\" content=\"463\" \/>\n\t<meta property=\"og:image:type\" content=\"image\/jpeg\" \/>\n<meta name=\"author\" content=\"\u017baneta Mrozek-Siewierska\" \/>\n<meta name=\"twitter:card\" content=\"summary_large_image\" \/>\n<meta name=\"twitter:creator\" content=\"@24gliwice\" \/>\n<meta name=\"twitter:site\" content=\"@24gliwice\" \/>\n<meta name=\"twitter:label1\" content=\"Napisane przez\" \/>\n\t<meta name=\"twitter:data1\" content=\"\u017baneta Mrozek-Siewierska\" \/>\n\t<meta name=\"twitter:label2\" content=\"Szacowany czas czytania\" \/>\n\t<meta name=\"twitter:data2\" content=\"1 minuta\" \/>\n<script type=\"application\/ld+json\" class=\"yoast-schema-graph\">{\"@context\":\"https:\\\/\\\/schema.org\",\"@graph\":[{\"@type\":\"Article\",\"@id\":\"https:\\\/\\\/www.24gliwice.pl\\\/wiadomosci\\\/zmiany-w-kursowaniu-autobusow-w-trakcie-dlugiego-sierpniowego-weekendu\\\/#article\",\"isPartOf\":{\"@id\":\"https:\\\/\\\/www.24gliwice.pl\\\/wiadomosci\\\/zmiany-w-kursowaniu-autobusow-w-trakcie-dlugiego-sierpniowego-weekendu\\\/\"},\"author\":{\"name\":\"\u017baneta Mrozek-Siewierska\",\"@id\":\"https:\\\/\\\/www.24gliwice.pl\\\/wiadomosci\\\/#\\\/schema\\\/person\\\/e42c650edd7f2fa332be3811fb166b6e\"},\"headline\":\"Zmiany w kursowaniu autobus\u00f3w w trakcie d\u0142ugiego sierpniowego weekendu\",\"datePublished\":\"2017-08-10T09:25:44+00:00\",\"mainEntityOfPage\":{\"@id\":\"https:\\\/\\\/www.24gliwice.pl\\\/wiadomosci\\\/zmiany-w-kursowaniu-autobusow-w-trakcie-dlugiego-sierpniowego-weekendu\\\/\"},\"wordCount\":220,\"commentCount\":0,\"publisher\":{\"@id\":\"https:\\\/\\\/www.24gliwice.pl\\\/wiadomosci\\\/#organization\"},\"image\":{\"@id\":\"https:\\\/\\\/www.24gliwice.pl\\\/wiadomosci\\\/zmiany-w-kursowaniu-autobusow-w-trakcie-dlugiego-sierpniowego-weekendu\\\/#primaryimage\"},\"thumbnailUrl\":\"https:\\\/\\\/www.24gliwice.pl\\\/wiadomosci\\\/wp-content\\\/uploads\\\/2017\\\/08\\\/przystanek-rozk\u0142ad-jazdy-e1502354828975.jpg\",\"keywords\":[\"ROZK\u0141AD JAZDY\",\"\u015bwi\u0119to wojska polskiego\"],\"articleSection\":[\"Gliwice\",\"Najnowsze wiadomo\u015bci\"],\"inLanguage\":\"pl-PL\",\"potentialAction\":[{\"@type\":\"CommentAction\",\"name\":\"Comment\",\"target\":[\"https:\\\/\\\/www.24gliwice.pl\\\/wiadomosci\\\/zmiany-w-kursowaniu-autobusow-w-trakcie-dlugiego-sierpniowego-weekendu\\\/#respond\"]}]},{\"@type\":\"WebPage\",\"@id\":\"https:\\\/\\\/www.24gliwice.pl\\\/wiadomosci\\\/zmiany-w-kursowaniu-autobusow-w-trakcie-dlugiego-sierpniowego-weekendu\\\/\",\"url\":\"https:\\\/\\\/www.24gliwice.pl\\\/wiadomosci\\\/zmiany-w-kursowaniu-autobusow-w-trakcie-dlugiego-sierpniowego-weekendu\\\/\",\"name\":\"Zmiany w kursowaniu autobus\u00f3w w trakcie d\u0142ugiego sierpniowego weekendu - 24GLIWICE - Portal Gliwice | codziennie nowe informacje\",\"isPartOf\":{\"@id\":\"https:\\\/\\\/www.24gliwice.pl\\\/wiadomosci\\\/#website\"},\"primaryImageOfPage\":{\"@id\":\"https:\\\/\\\/www.24gliwice.pl\\\/wiadomosci\\\/zmiany-w-kursowaniu-autobusow-w-trakcie-dlugiego-sierpniowego-weekendu\\\/#primaryimage\"},\"image\":{\"@id\":\"https:\\\/\\\/www.24gliwice.pl\\\/wiadomosci\\\/zmiany-w-kursowaniu-autobusow-w-trakcie-dlugiego-sierpniowego-weekendu\\\/#primaryimage\"},\"thumbnailUrl\":\"https:\\\/\\\/www.24gliwice.pl\\\/wiadomosci\\\/wp-content\\\/uploads\\\/2017\\\/08\\\/przystanek-rozk\u0142ad-jazdy-e1502354828975.jpg\",\"datePublished\":\"2017-08-10T09:25:44+00:00\",\"breadcrumb\":{\"@id\":\"https:\\\/\\\/www.24gliwice.pl\\\/wiadomosci\\\/zmiany-w-kursowaniu-autobusow-w-trakcie-dlugiego-sierpniowego-weekendu\\\/#breadcrumb\"},\"inLanguage\":\"pl-PL\",\"potentialAction\":[{\"@type\":\"ReadAction\",\"target\":[\"https:\\\/\\\/www.24gliwice.pl\\\/wiadomosci\\\/zmiany-w-kursowaniu-autobusow-w-trakcie-dlugiego-sierpniowego-weekendu\\\/\"]}]},{\"@type\":\"ImageObject\",\"inLanguage\":\"pl-PL\",\"@id\":\"https:\\\/\\\/www.24gliwice.pl\\\/wiadomosci\\\/zmiany-w-kursowaniu-autobusow-w-trakcie-dlugiego-sierpniowego-weekendu\\\/#primaryimage\",\"url\":\"https:\\\/\\\/www.24gliwice.pl\\\/wiadomosci\\\/wp-content\\\/uploads\\\/2017\\\/08\\\/przystanek-rozk\u0142ad-jazdy-e1502354828975.jpg\",\"contentUrl\":\"https:\\\/\\\/www.24gliwice.pl\\\/wiadomosci\\\/wp-content\\\/uploads\\\/2017\\\/08\\\/przystanek-rozk\u0142ad-jazdy-e1502354828975.jpg\",\"width\":810,\"height\":463},{\"@type\":\"BreadcrumbList\",\"@id\":\"https:\\\/\\\/www.24gliwice.pl\\\/wiadomosci\\\/zmiany-w-kursowaniu-autobusow-w-trakcie-dlugiego-sierpniowego-weekendu\\\/#breadcrumb\",\"itemListElement\":[{\"@type\":\"ListItem\",\"position\":1,\"name\":\"Strona g\u0142\u00f3wna\",\"item\":\"https:\\\/\\\/www.24gliwice.pl\\\/wiadomosci\\\/\"},{\"@type\":\"ListItem\",\"position\":2,\"name\":\"Zmiany w kursowaniu autobus\u00f3w w trakcie d\u0142ugiego sierpniowego weekendu\"}]},{\"@type\":\"WebSite\",\"@id\":\"https:\\\/\\\/www.24gliwice.pl\\\/wiadomosci\\\/#website\",\"url\":\"https:\\\/\\\/www.24gliwice.pl\\\/wiadomosci\\\/\",\"name\":\"24GLIWICE - Portal Gliwice | codziennie nowe wiadomo\u015bci\",\"description\":\"Portal Miejski Gliwice\",\"publisher\":{\"@id\":\"https:\\\/\\\/www.24gliwice.pl\\\/wiadomosci\\\/#organization\"},\"potentialAction\":[{\"@type\":\"SearchAction\",\"target\":{\"@type\":\"EntryPoint\",\"urlTemplate\":\"https:\\\/\\\/www.24gliwice.pl\\\/wiadomosci\\\/?s={search_term_string}\"},\"query-input\":{\"@type\":\"PropertyValueSpecification\",\"valueRequired\":true,\"valueName\":\"search_term_string\"}}],\"inLanguage\":\"pl-PL\"},{\"@type\":\"Organization\",\"@id\":\"https:\\\/\\\/www.24gliwice.pl\\\/wiadomosci\\\/#organization\",\"name\":\"24gliwice\",\"url\":\"https:\\\/\\\/www.24gliwice.pl\\\/wiadomosci\\\/\",\"logo\":{\"@type\":\"ImageObject\",\"inLanguage\":\"pl-PL\",\"@id\":\"https:\\\/\\\/www.24gliwice.pl\\\/wiadomosci\\\/#\\\/schema\\\/logo\\\/image\\\/\",\"url\":\"https:\\\/\\\/www.24gliwice.pl\\\/wiadomosci\\\/wp-content\\\/uploads\\\/2024\\\/10\\\/24gliwice-logo-696.jpg\",\"contentUrl\":\"https:\\\/\\\/www.24gliwice.pl\\\/wiadomosci\\\/wp-content\\\/uploads\\\/2024\\\/10\\\/24gliwice-logo-696.jpg\",\"width\":696,\"height\":696,\"caption\":\"24gliwice\"},\"image\":{\"@id\":\"https:\\\/\\\/www.24gliwice.pl\\\/wiadomosci\\\/#\\\/schema\\\/logo\\\/image\\\/\"},\"sameAs\":[\"https:\\\/\\\/www.facebook.com\\\/24gliwice\",\"https:\\\/\\\/x.com\\\/24gliwice\",\"https:\\\/\\\/www.youtube.com\\\/@24gliwice\"]},{\"@type\":\"Person\",\"@id\":\"https:\\\/\\\/www.24gliwice.pl\\\/wiadomosci\\\/#\\\/schema\\\/person\\\/e42c650edd7f2fa332be3811fb166b6e\",\"name\":\"\u017baneta Mrozek-Siewierska\",\"image\":{\"@type\":\"ImageObject\",\"inLanguage\":\"pl-PL\",\"@id\":\"https:\\\/\\\/secure.gravatar.com\\\/avatar\\\/1881429e9c64597c77ad7aef2d0a19be69a3253e57534d16aa15bf3a4d34a0a3?s=96&d=mm&r=g\",\"url\":\"https:\\\/\\\/secure.gravatar.com\\\/avatar\\\/1881429e9c64597c77ad7aef2d0a19be69a3253e57534d16aa15bf3a4d34a0a3?s=96&d=mm&r=g\",\"contentUrl\":\"https:\\\/\\\/secure.gravatar.com\\\/avatar\\\/1881429e9c64597c77ad7aef2d0a19be69a3253e57534d16aa15bf3a4d34a0a3?s=96&d=mm&r=g\",\"caption\":\"\u017baneta Mrozek-Siewierska\"},\"url\":\"https:\\\/\\\/www.24gliwice.pl\\\/wiadomosci\\\/author\\\/zms\\\/\"}]}<\/script>\n<!-- \/ Yoast SEO plugin. -->","yoast_head_json":{"title":"Zmiany w kursowaniu autobus\u00f3w w trakcie d\u0142ugiego sierpniowego weekendu - 24GLIWICE - Portal Gliwice | codziennie nowe informacje","robots":{"index":"index","follow":"follow","max-snippet":"max-snippet:-1","max-image-preview":"max-image-preview:large","max-video-preview":"max-video-preview:-1"},"canonical":"https:\/\/www.24gliwice.pl\/wiadomosci\/zmiany-w-kursowaniu-autobusow-w-trakcie-dlugiego-sierpniowego-weekendu\/","og_locale":"pl_PL","og_type":"article","og_title":"Zmiany w kursowaniu autobus\u00f3w w trakcie d\u0142ugiego sierpniowego weekendu - 24GLIWICE - Portal Gliwice | codziennie nowe informacje","og_description":"Wielu pracownik\u00f3w we\u017amie sobie wolne w nadchodz\u0105cy poniedzia\u0142ek, wiadomo jednak, \u017ce cz\u0119\u015b\u0107 os\u00f3b do pracy b\u0119dzie musia\u0142a przyj\u015b\u0107. Dla tych ostatnich, kt\u00f3rzy podr\u00f3\u017cuj\u0105 komunikacj\u0105 publiczn\u0105 mamy wa\u017cne informacje. Komunikacyjny Zwi\u0105zek Komunalny GOP informuje, \u017ce w czasie tak zwanego \u201ed\u0142ugiego weekendu\u201d sierpniowego (12 \u2013 15 sierpnia) komunikacja b\u0119dzie funkcjonowa\u0142a wed\u0142ug przedstawionych poni\u017cej zasad. 14 sierpnia (poniedzia\u0142ek [&hellip;]","og_url":"https:\/\/www.24gliwice.pl\/wiadomosci\/zmiany-w-kursowaniu-autobusow-w-trakcie-dlugiego-sierpniowego-weekendu\/","og_site_name":"24GLIWICE - Portal Gliwice | codziennie nowe informacje","article_publisher":"https:\/\/www.facebook.com\/24gliwice","article_published_time":"2017-08-10T09:25:44+00:00","og_image":[{"width":810,"height":463,"url":"https:\/\/www.24gliwice.pl\/wiadomosci\/wp-content\/uploads\/2017\/08\/przystanek-rozk\u0142ad-jazdy-e1502354828975.jpg","type":"image\/jpeg"}],"author":"\u017baneta Mrozek-Siewierska","twitter_card":"summary_large_image","twitter_creator":"@24gliwice","twitter_site":"@24gliwice","twitter_misc":{"Napisane przez":"\u017baneta Mrozek-Siewierska","Szacowany czas czytania":"1 minuta"},"schema":{"@context":"https:\/\/schema.org","@graph":[{"@type":"Article","@id":"https:\/\/www.24gliwice.pl\/wiadomosci\/zmiany-w-kursowaniu-autobusow-w-trakcie-dlugiego-sierpniowego-weekendu\/#article","isPartOf":{"@id":"https:\/\/www.24gliwice.pl\/wiadomosci\/zmiany-w-kursowaniu-autobusow-w-trakcie-dlugiego-sierpniowego-weekendu\/"},"author":{"name":"\u017baneta Mrozek-Siewierska","@id":"https:\/\/www.24gliwice.pl\/wiadomosci\/#\/schema\/person\/e42c650edd7f2fa332be3811fb166b6e"},"headline":"Zmiany w kursowaniu autobus\u00f3w w trakcie d\u0142ugiego sierpniowego weekendu","datePublished":"2017-08-10T09:25:44+00:00","mainEntityOfPage":{"@id":"https:\/\/www.24gliwice.pl\/wiadomosci\/zmiany-w-kursowaniu-autobusow-w-trakcie-dlugiego-sierpniowego-weekendu\/"},"wordCount":220,"commentCount":0,"publisher":{"@id":"https:\/\/www.24gliwice.pl\/wiadomosci\/#organization"},"image":{"@id":"https:\/\/www.24gliwice.pl\/wiadomosci\/zmiany-w-kursowaniu-autobusow-w-trakcie-dlugiego-sierpniowego-weekendu\/#primaryimage"},"thumbnailUrl":"https:\/\/www.24gliwice.pl\/wiadomosci\/wp-content\/uploads\/2017\/08\/przystanek-rozk\u0142ad-jazdy-e1502354828975.jpg","keywords":["ROZK\u0141AD JAZDY","\u015bwi\u0119to wojska polskiego"],"articleSection":["Gliwice","Najnowsze wiadomo\u015bci"],"inLanguage":"pl-PL","potentialAction":[{"@type":"CommentAction","name":"Comment","target":["https:\/\/www.24gliwice.pl\/wiadomosci\/zmiany-w-kursowaniu-autobusow-w-trakcie-dlugiego-sierpniowego-weekendu\/#respond"]}]},{"@type":"WebPage","@id":"https:\/\/www.24gliwice.pl\/wiadomosci\/zmiany-w-kursowaniu-autobusow-w-trakcie-dlugiego-sierpniowego-weekendu\/","url":"https:\/\/www.24gliwice.pl\/wiadomosci\/zmiany-w-kursowaniu-autobusow-w-trakcie-dlugiego-sierpniowego-weekendu\/","name":"Zmiany w kursowaniu autobus\u00f3w w trakcie d\u0142ugiego sierpniowego weekendu - 24GLIWICE - Portal Gliwice | codziennie nowe informacje","isPartOf":{"@id":"https:\/\/www.24gliwice.pl\/wiadomosci\/#website"},"primaryImageOfPage":{"@id":"https:\/\/www.24gliwice.pl\/wiadomosci\/zmiany-w-kursowaniu-autobusow-w-trakcie-dlugiego-sierpniowego-weekendu\/#primaryimage"},"image":{"@id":"https:\/\/www.24gliwice.pl\/wiadomosci\/zmiany-w-kursowaniu-autobusow-w-trakcie-dlugiego-sierpniowego-weekendu\/#primaryimage"},"thumbnailUrl":"https:\/\/www.24gliwice.pl\/wiadomosci\/wp-content\/uploads\/2017\/08\/przystanek-rozk\u0142ad-jazdy-e1502354828975.jpg","datePublished":"2017-08-10T09:25:44+00:00","breadcrumb":{"@id":"https:\/\/www.24gliwice.pl\/wiadomosci\/zmiany-w-kursowaniu-autobusow-w-trakcie-dlugiego-sierpniowego-weekendu\/#breadcrumb"},"inLanguage":"pl-PL","potentialAction":[{"@type":"ReadAction","target":["https:\/\/www.24gliwice.pl\/wiadomosci\/zmiany-w-kursowaniu-autobusow-w-trakcie-dlugiego-sierpniowego-weekendu\/"]}]},{"@type":"ImageObject","inLanguage":"pl-PL","@id":"https:\/\/www.24gliwice.pl\/wiadomosci\/zmiany-w-kursowaniu-autobusow-w-trakcie-dlugiego-sierpniowego-weekendu\/#primaryimage","url":"https:\/\/www.24gliwice.pl\/wiadomosci\/wp-content\/uploads\/2017\/08\/przystanek-rozk\u0142ad-jazdy-e1502354828975.jpg","contentUrl":"https:\/\/www.24gliwice.pl\/wiadomosci\/wp-content\/uploads\/2017\/08\/przystanek-rozk\u0142ad-jazdy-e1502354828975.jpg","width":810,"height":463},{"@type":"BreadcrumbList","@id":"https:\/\/www.24gliwice.pl\/wiadomosci\/zmiany-w-kursowaniu-autobusow-w-trakcie-dlugiego-sierpniowego-weekendu\/#breadcrumb","itemListElement":[{"@type":"ListItem","position":1,"name":"Strona g\u0142\u00f3wna","item":"https:\/\/www.24gliwice.pl\/wiadomosci\/"},{"@type":"ListItem","position":2,"name":"Zmiany w kursowaniu autobus\u00f3w w trakcie d\u0142ugiego sierpniowego weekendu"}]},{"@type":"WebSite","@id":"https:\/\/www.24gliwice.pl\/wiadomosci\/#website","url":"https:\/\/www.24gliwice.pl\/wiadomosci\/","name":"24GLIWICE - Portal Gliwice | codziennie nowe wiadomo\u015bci","description":"Portal Miejski Gliwice","publisher":{"@id":"https:\/\/www.24gliwice.pl\/wiadomosci\/#organization"},"potentialAction":[{"@type":"SearchAction","target":{"@type":"EntryPoint","urlTemplate":"https:\/\/www.24gliwice.pl\/wiadomosci\/?s={search_term_string}"},"query-input":{"@type":"PropertyValueSpecification","valueRequired":true,"valueName":"search_term_string"}}],"inLanguage":"pl-PL"},{"@type":"Organization","@id":"https:\/\/www.24gliwice.pl\/wiadomosci\/#organization","name":"24gliwice","url":"https:\/\/www.24gliwice.pl\/wiadomosci\/","logo":{"@type":"ImageObject","inLanguage":"pl-PL","@id":"https:\/\/www.24gliwice.pl\/wiadomosci\/#\/schema\/logo\/image\/","url":"https:\/\/www.24gliwice.pl\/wiadomosci\/wp-content\/uploads\/2024\/10\/24gliwice-logo-696.jpg","contentUrl":"https:\/\/www.24gliwice.pl\/wiadomosci\/wp-content\/uploads\/2024\/10\/24gliwice-logo-696.jpg","width":696,"height":696,"caption":"24gliwice"},"image":{"@id":"https:\/\/www.24gliwice.pl\/wiadomosci\/#\/schema\/logo\/image\/"},"sameAs":["https:\/\/www.facebook.com\/24gliwice","https:\/\/x.com\/24gliwice","https:\/\/www.youtube.com\/@24gliwice"]},{"@type":"Person","@id":"https:\/\/www.24gliwice.pl\/wiadomosci\/#\/schema\/person\/e42c650edd7f2fa332be3811fb166b6e","name":"\u017baneta Mrozek-Siewierska","image":{"@type":"ImageObject","inLanguage":"pl-PL","@id":"https:\/\/secure.gravatar.com\/avatar\/1881429e9c64597c77ad7aef2d0a19be69a3253e57534d16aa15bf3a4d34a0a3?s=96&d=mm&r=g","url":"https:\/\/secure.gravatar.com\/avatar\/1881429e9c64597c77ad7aef2d0a19be69a3253e57534d16aa15bf3a4d34a0a3?s=96&d=mm&r=g","contentUrl":"https:\/\/secure.gravatar.com\/avatar\/1881429e9c64597c77ad7aef2d0a19be69a3253e57534d16aa15bf3a4d34a0a3?s=96&d=mm&r=g","caption":"\u017baneta Mrozek-Siewierska"},"url":"https:\/\/www.24gliwice.pl\/wiadomosci\/author\/zms\/"}]}},"_links":{"self":[{"href":"https:\/\/www.24gliwice.pl\/wiadomosci\/wp-json\/wp\/v2\/posts\/102751","targetHints":{"allow":["GET"]}}],"collection":[{"href":"https:\/\/www.24gliwice.pl\/wiadomosci\/wp-json\/wp\/v2\/posts"}],"about":[{"href":"https:\/\/www.24gliwice.pl\/wiadomosci\/wp-json\/wp\/v2\/types\/post"}],"author":[{"embeddable":true,"href":"https:\/\/www.24gliwice.pl\/wiadomosci\/wp-json\/wp\/v2\/users\/15"}],"replies":[{"embeddable":true,"href":"https:\/\/www.24gliwice.pl\/wiadomosci\/wp-json\/wp\/v2\/comments?post=102751"}],"version-history":[{"count":0,"href":"https:\/\/www.24gliwice.pl\/wiadomosci\/wp-json\/wp\/v2\/posts\/102751\/revisions"}],"wp:featuredmedia":[{"embeddable":true,"href":"https:\/\/www.24gliwice.pl\/wiadomosci\/wp-json\/wp\/v2\/media\/102797"}],"wp:attachment":[{"href":"https:\/\/www.24gliwice.pl\/wiadomosci\/wp-json\/wp\/v2\/media?parent=102751"}],"wp:term":[{"taxonomy":"category","embeddable":true,"href":"https:\/\/www.24gliwice.pl\/wiadomosci\/wp-json\/wp\/v2\/categories?post=102751"},{"taxonomy":"post_tag","embeddable":true,"href":"https:\/\/www.24gliwice.pl\/wiadomosci\/wp-json\/wp\/v2\/tags?post=102751"}],"curies":[{"name":"wp","href":"https:\/\/api.w.org\/{rel}","templated":true}]}}