{"id":102855,"date":"2017-08-14T02:35:55","date_gmt":"2017-08-14T00:35:55","guid":{"rendered":"http:\/\/www.24gliwice.pl\/wiadomosci\/?p=102855"},"modified":"2017-08-14T03:01:20","modified_gmt":"2017-08-14T01:01:20","slug":"zaplac-a-popilnuja-w-miescie-latwo-o-zarysowanie-auta-pojawili-sie-parkingowi","status":"publish","type":"post","link":"https:\/\/www.24gliwice.pl\/wiadomosci\/zaplac-a-popilnuja-w-miescie-latwo-o-zarysowanie-auta-pojawili-sie-parkingowi\/","title":{"rendered":"Zap\u0142a\u0107, to popilnuj\u0105, \u017ceby &#8220;auto si\u0119 nie zarysowa\u0142o&#8221;. Grozi nam powr\u00f3t samozwa\u0144czych parkingowych?"},"content":{"rendered":"<div class=\"gliwi-a6-nad-leadem-artykulow gliwi-entity-placement\" id=\"gliwi-1546418611\"><div class=\"gliwi-adlabel\"><span style=\"font-size: 9px\">REKLAMA<\/span><\/div><div id=\"gliwi-10869189\" style=\"margin-bottom: 30px;margin-left: auto;margin-right: auto;text-align: center;\"><a data-no-instant=\"1\" href=\"https:\/\/przedszkole.halogen.org.pl\/\" rel=\"noopener\" class=\"a2t-link\" target=\"_blank\" aria-label=\"20260402-ANIMATOR-przedszkole_grafika_750x200\"><img loading=\"lazy\" decoding=\"async\" src=\"https:\/\/www.24gliwice.pl\/wiadomosci\/wp-content\/uploads\/2026\/04\/20260402-ANIMATOR-przedszkole_grafika_750x200.webp\" alt=\"\"  srcset=\"https:\/\/www.24gliwice.pl\/wiadomosci\/wp-content\/uploads\/2026\/04\/20260402-ANIMATOR-przedszkole_grafika_750x200.webp 750w, https:\/\/www.24gliwice.pl\/wiadomosci\/wp-content\/uploads\/2026\/04\/20260402-ANIMATOR-przedszkole_grafika_750x200-410x109.webp 410w\" sizes=\"(max-width: 750px) 100vw, 750px\" class=\"no-lazyload\" width=\"750\" height=\"200\"  style=\"display: inline-block; max-width: 100%; height: auto;\" \/><\/a><\/div><\/div><h3>Problem po kilku latach powr\u00f3ci\u0142. W centrum, w rejonie ulicy K\u0142odnickiej pojawi\u0142 si\u0119 osobnik, kt\u00f3ry w zamian za wskazanie miejsca do parkowania oczekuje zap\u0142aty. W razie odmowy straszy uszkodzeniem samochodu.<\/h3>\n<p>&#8211; Pan zaparkuje, o tutaj jest wolne miejsce, to z\u0142ot\u00f3wka si\u0119 nale\u017cy&#8230; &#8211; taka sytuacja przydarzy\u0142a si\u0119 ostatnio jednemu z radnych klubu Prawa i Sprawiedliwo\u015bci, <strong>Tomaszowi Tylutko<\/strong>. Jednak nie tylko jemu. Ju\u017c wcze\u015bniej otrzymywa\u0142 sygna\u0142y od mieszka\u0144c\u00f3w dotycz\u0105ce pojawienia si\u0119 w Gliwicach os\u00f3b trudni\u0105cych si\u0119 tym procederem.<\/p>\n<p>&#8211; Czy\u017cby w Gliwicach pojawi\u0142 si\u0119 problem &#8220;pomagaczy&#8221; wyst\u0119puj\u0105cy kiedy\u015b w \u0141odzi? Za wskazanie miejsca, a nast\u0119pnie &#8220;popilnowanie&#8221; nale\u017cy co\u015b &#8220;odpali\u0107&#8221; &#8211; inaczej nigdy nie wiadomo co si\u0119 mo\u017ce z samochodem sta\u0107&#8230; &#8211; komentuje radny w serwisie spo\u0142eczno\u015bciowym facebook.com.<\/p><div class=\"gliwi-a3-w-tresci-artykulow gliwi-entity-placement\" id=\"gliwi-2649799060\"><div class=\"gliwi-adlabel\"><span style=\"font-size: 9px\">REKLAMA<\/span><\/div><div id=\"gliwi-2272221416\" style=\"margin-bottom: 30px;margin-left: auto;margin-right: auto;text-align: center;\"><a data-no-instant=\"1\" href=\"https:\/\/ogrodyandersa.pl\/\" rel=\"noopener\" class=\"a2t-link\" target=\"_blank\" aria-label=\"20260415 Ogrody Andersa KUP TERAZ D\"><img loading=\"lazy\" decoding=\"async\" src=\"https:\/\/www.24gliwice.pl\/wiadomosci\/wp-content\/uploads\/2026\/04\/20260415-Ogrody-Andersa-KUP-TERAZ-D.jpg\" alt=\"\"  srcset=\"https:\/\/www.24gliwice.pl\/wiadomosci\/wp-content\/uploads\/2026\/04\/20260415-Ogrody-Andersa-KUP-TERAZ-D.jpg 750w, https:\/\/www.24gliwice.pl\/wiadomosci\/wp-content\/uploads\/2026\/04\/20260415-Ogrody-Andersa-KUP-TERAZ-D-410x109.jpg 410w\" sizes=\"(max-width: 750px) 100vw, 750px\" class=\"no-lazyload\" width=\"750\" height=\"200\"  style=\"display: inline-block; max-width: 100%; height: auto;\" \/><\/a><\/div><\/div>\n[perfectpullquote align=&#8221;full&#8221; cite=&#8221;&#8221; link=&#8221;&#8221; color=&#8221;&#8221; class=&#8221;&#8221; size=&#8221;&#8221;]Tomasz Tylutko zwr\u00f3ci\u0142 si\u0119 w tej sprawie pisemnie do komendanta Stra\u017cy Miejskiej w Gliwicach, <strong>Janusza Bismora<\/strong>, z pro\u015bb\u0105 o podj\u0119cie dzia\u0142a\u0144 w celu <em>wyeliminowania problemu jeszcze w zarodku.<\/em>[\/perfectpullquote]\n<p>Podobne sytuacje jeszcze kilka lat temu, zanim wprowadzono stref\u0119 p\u0142atnego parkowania w Gliwicach, zdarza\u0142y si\u0119 codziennie. R\u00f3wnie\u017c w innych miastach Polski pojawia\u0142 si\u0119 ten problem. W\u015br\u00f3d nich jest Pozna\u0144, gdzie w marcu tego roku 18-latek dzia\u0142a\u0142 w analogiczny spos\u00f3b. Sko\u0144czy\u0142o si\u0119 to zatrzymaniem m\u0119\u017cczyzny, zastosowaniem dozoru policyjnego i skierowaniem sprawy o wy\u0142udzenie do s\u0105du. <\/p>\n<p>Zachowanie takie kwalifikuje si\u0119 pod art. 282 kk: Kto, w celu osi\u0105gni\u0119cia korzy\u015bci maj\u0105tkowej, przemoc\u0105, gro\u017ab\u0105 zamachu na \u017cycie lub zdrowie albo gwa\u0142townego zamachu na mienie, doprowadza inn\u0105 osob\u0119 do rozporz\u0105dzenia mieniem w\u0142asnym lub cudzym albo do zaprzestania dzia\u0142alno\u015bci gospodarczej, podlega karze pozbawienia wolno\u015bci od roku do lat 10.<\/p>\n<h4>Co robi\u0107 w takiej sytuacji?<\/h4>\n<p>&#8211; Stanowczo odmawia\u0107, nie p\u0142aci\u0107, grzecznie podzi\u0119kowa\u0107&#8230; i zawsze zg\u0142asza\u0107 s\u0142u\u017cbom! Kierowca, kt\u00f3ry si\u0119 &#8220;z\u0142amie&#8221; i przeka\u017ce z\u0142ot\u00f3wk\u0119 czy dwie dzia\u0142a na szkod\u0119 nas wszystkich. Lekko &#8220;zarobione&#8221; pieni\u0105dze wci\u0105gaj\u0105 &#8220;niebieskie ptaki&#8221; i zach\u0119caj\u0105 do coraz bardziej nachalnych wymusze\u0144. Pomagaj\u0105c osobom wy\u0142udzaj\u0105cym pieni\u0105dze, dajemy spo\u0142eczne przyzwolenie na ten proceder &#8211; radzi nadkomisarz <strong>Marek S\u0142omski<\/strong>, oficer prasowy gliwickiej KMP. <\/p>\n<p>\u017baneta Mrozek-Siewierska<\/p>\n<div class=\"gliwi-a5-na-koncu-artykulow gliwi-entity-placement\" id=\"gliwi-1263796748\"><div class=\"gliwi-adlabel\"><span style=\"font-size: 9px\">REKLAMA<\/span><\/div><div id=\"gliwi-2754556011\" style=\"margin-left: auto;margin-right: auto;text-align: center;\"><a data-no-instant=\"1\" href=\"https:\/\/prezeroarenagliwice.pl\/\" rel=\"noopener\" class=\"a2t-link\" target=\"_blank\" aria-label=\"20260309-PREZERO-WIOSNA-D\"><img loading=\"lazy\" decoding=\"async\" src=\"https:\/\/www.24gliwice.pl\/wiadomosci\/wp-content\/uploads\/2026\/03\/20260309-PREZERO-WIOSNA-D.webp\" alt=\"\"  srcset=\"https:\/\/www.24gliwice.pl\/wiadomosci\/wp-content\/uploads\/2026\/03\/20260309-PREZERO-WIOSNA-D.webp 750w, https:\/\/www.24gliwice.pl\/wiadomosci\/wp-content\/uploads\/2026\/03\/20260309-PREZERO-WIOSNA-D-410x109.webp 410w\" sizes=\"(max-width: 750px) 100vw, 750px\" class=\"no-lazyload\" width=\"750\" height=\"200\"  style=\"display: inline-block; max-width: 100%; height: auto;\" \/><\/a><\/div><\/div>","protected":false},"excerpt":{"rendered":"<p>Problem po kilku latach powr\u00f3ci\u0142. W centrum, w rejonie ulicy K\u0142odnickiej pojawi\u0142 si\u0119 osobnik, kt\u00f3ry w zamian za wskazanie miejsca do parkowania oczekuje zap\u0142aty. W razie odmowy straszy uszkodzeniem samochodu. &#8211; Pan zaparkuje, o tutaj jest wolne miejsce, to z\u0142ot\u00f3wka si\u0119 nale\u017cy&#8230; &#8211; taka sytuacja przydarzy\u0142a si\u0119 ostatnio jednemu z radnych klubu Prawa i Sprawiedliwo\u015bci, [&hellip;]<\/p>\n","protected":false},"author":15,"featured_media":100564,"comment_status":"open","ping_status":"closed","sticky":false,"template":"","format":"standard","meta":{"_monsterinsights_skip_tracking":false,"_monsterinsights_sitenote_active":false,"_monsterinsights_sitenote_note":"","_monsterinsights_sitenote_category":0,"footnotes":"","_links_to":"","_links_to_target":""},"categories":[3,1,9],"tags":[9438,1170,2467,8583],"class_list":["post-102855","post","type-post","status-publish","format-standard","has-post-thumbnail","hentry","category-gliwice","category-wszystko","category-aktualnosci_lokalne","tag-klodnicka","tag-parking","tag-parkowanie","tag-wyludzenie"],"yoast_head":"<!-- This site is optimized with the Yoast SEO plugin v27.5 - https:\/\/yoast.com\/product\/yoast-seo-wordpress\/ -->\n<title>Zap\u0142a\u0107, to popilnuj\u0105, \u017ceby &quot;auto si\u0119 nie zarysowa\u0142o&quot;. Grozi nam powr\u00f3t samozwa\u0144czych parkingowych? - 24GLIWICE - Portal Gliwice | codziennie nowe informacje<\/title>\n<meta name=\"robots\" content=\"index, follow, max-snippet:-1, max-image-preview:large, max-video-preview:-1\" \/>\n<link rel=\"canonical\" href=\"https:\/\/www.24gliwice.pl\/wiadomosci\/zaplac-a-popilnuja-w-miescie-latwo-o-zarysowanie-auta-pojawili-sie-parkingowi\/\" \/>\n<meta property=\"og:locale\" content=\"pl_PL\" \/>\n<meta property=\"og:type\" content=\"article\" \/>\n<meta property=\"og:title\" content=\"Zap\u0142a\u0107, to popilnuj\u0105, \u017ceby &quot;auto si\u0119 nie zarysowa\u0142o&quot;. Grozi nam powr\u00f3t samozwa\u0144czych parkingowych? - 24GLIWICE - Portal Gliwice | codziennie nowe informacje\" \/>\n<meta property=\"og:description\" content=\"Problem po kilku latach powr\u00f3ci\u0142. W centrum, w rejonie ulicy K\u0142odnickiej pojawi\u0142 si\u0119 osobnik, kt\u00f3ry w zamian za wskazanie miejsca do parkowania oczekuje zap\u0142aty. W razie odmowy straszy uszkodzeniem samochodu. &#8211; Pan zaparkuje, o tutaj jest wolne miejsce, to z\u0142ot\u00f3wka si\u0119 nale\u017cy&#8230; &#8211; taka sytuacja przydarzy\u0142a si\u0119 ostatnio jednemu z radnych klubu Prawa i Sprawiedliwo\u015bci, [&hellip;]\" \/>\n<meta property=\"og:url\" content=\"https:\/\/www.24gliwice.pl\/wiadomosci\/zaplac-a-popilnuja-w-miescie-latwo-o-zarysowanie-auta-pojawili-sie-parkingowi\/\" \/>\n<meta property=\"og:site_name\" content=\"24GLIWICE - Portal Gliwice | codziennie nowe informacje\" \/>\n<meta property=\"article:publisher\" content=\"https:\/\/www.facebook.com\/24gliwice\" \/>\n<meta property=\"article:published_time\" content=\"2017-08-14T00:35:55+00:00\" \/>\n<meta property=\"article:modified_time\" content=\"2017-08-14T01:01:20+00:00\" \/>\n<meta property=\"og:image\" content=\"https:\/\/www.24gliwice.pl\/wiadomosci\/wp-content\/uploads\/2017\/06\/k\u0142odnicka-otwarta-e1497958961362.jpg\" \/>\n\t<meta property=\"og:image:width\" content=\"810\" \/>\n\t<meta property=\"og:image:height\" content=\"456\" \/>\n\t<meta property=\"og:image:type\" content=\"image\/jpeg\" \/>\n<meta name=\"author\" content=\"\u017baneta Mrozek-Siewierska\" \/>\n<meta name=\"twitter:card\" content=\"summary_large_image\" \/>\n<meta name=\"twitter:creator\" content=\"@24gliwice\" \/>\n<meta name=\"twitter:site\" content=\"@24gliwice\" \/>\n<meta name=\"twitter:label1\" content=\"Napisane przez\" \/>\n\t<meta name=\"twitter:data1\" content=\"\u017baneta Mrozek-Siewierska\" \/>\n\t<meta name=\"twitter:label2\" content=\"Szacowany czas czytania\" \/>\n\t<meta name=\"twitter:data2\" content=\"2 minuty\" \/>\n<script type=\"application\/ld+json\" class=\"yoast-schema-graph\">{\"@context\":\"https:\\\/\\\/schema.org\",\"@graph\":[{\"@type\":\"Article\",\"@id\":\"https:\\\/\\\/www.24gliwice.pl\\\/wiadomosci\\\/zaplac-a-popilnuja-w-miescie-latwo-o-zarysowanie-auta-pojawili-sie-parkingowi\\\/#article\",\"isPartOf\":{\"@id\":\"https:\\\/\\\/www.24gliwice.pl\\\/wiadomosci\\\/zaplac-a-popilnuja-w-miescie-latwo-o-zarysowanie-auta-pojawili-sie-parkingowi\\\/\"},\"author\":{\"name\":\"\u017baneta Mrozek-Siewierska\",\"@id\":\"https:\\\/\\\/www.24gliwice.pl\\\/wiadomosci\\\/#\\\/schema\\\/person\\\/e42c650edd7f2fa332be3811fb166b6e\"},\"headline\":\"Zap\u0142a\u0107, to popilnuj\u0105, \u017ceby &#8220;auto si\u0119 nie zarysowa\u0142o&#8221;. Grozi nam powr\u00f3t samozwa\u0144czych parkingowych?\",\"datePublished\":\"2017-08-14T00:35:55+00:00\",\"dateModified\":\"2017-08-14T01:01:20+00:00\",\"mainEntityOfPage\":{\"@id\":\"https:\\\/\\\/www.24gliwice.pl\\\/wiadomosci\\\/zaplac-a-popilnuja-w-miescie-latwo-o-zarysowanie-auta-pojawili-sie-parkingowi\\\/\"},\"wordCount\":408,\"commentCount\":0,\"publisher\":{\"@id\":\"https:\\\/\\\/www.24gliwice.pl\\\/wiadomosci\\\/#organization\"},\"image\":{\"@id\":\"https:\\\/\\\/www.24gliwice.pl\\\/wiadomosci\\\/zaplac-a-popilnuja-w-miescie-latwo-o-zarysowanie-auta-pojawili-sie-parkingowi\\\/#primaryimage\"},\"thumbnailUrl\":\"https:\\\/\\\/www.24gliwice.pl\\\/wiadomosci\\\/wp-content\\\/uploads\\\/2017\\\/06\\\/k\u0142odnicka-otwarta-e1497958961362.jpg\",\"keywords\":[\"k\u0142odnicka\",\"PARKING\",\"PARKOWANIE\",\"WY\u0141UDZENIE\"],\"articleSection\":[\"Gliwice\",\"Najnowsze wiadomo\u015bci\",\"Portal Gliwice - Wiadomo\u015bci lokalne\"],\"inLanguage\":\"pl-PL\",\"potentialAction\":[{\"@type\":\"CommentAction\",\"name\":\"Comment\",\"target\":[\"https:\\\/\\\/www.24gliwice.pl\\\/wiadomosci\\\/zaplac-a-popilnuja-w-miescie-latwo-o-zarysowanie-auta-pojawili-sie-parkingowi\\\/#respond\"]}]},{\"@type\":\"WebPage\",\"@id\":\"https:\\\/\\\/www.24gliwice.pl\\\/wiadomosci\\\/zaplac-a-popilnuja-w-miescie-latwo-o-zarysowanie-auta-pojawili-sie-parkingowi\\\/\",\"url\":\"https:\\\/\\\/www.24gliwice.pl\\\/wiadomosci\\\/zaplac-a-popilnuja-w-miescie-latwo-o-zarysowanie-auta-pojawili-sie-parkingowi\\\/\",\"name\":\"Zap\u0142a\u0107, to popilnuj\u0105, \u017ceby \\\"auto si\u0119 nie zarysowa\u0142o\\\". Grozi nam powr\u00f3t samozwa\u0144czych parkingowych? - 24GLIWICE - Portal Gliwice | codziennie nowe informacje\",\"isPartOf\":{\"@id\":\"https:\\\/\\\/www.24gliwice.pl\\\/wiadomosci\\\/#website\"},\"primaryImageOfPage\":{\"@id\":\"https:\\\/\\\/www.24gliwice.pl\\\/wiadomosci\\\/zaplac-a-popilnuja-w-miescie-latwo-o-zarysowanie-auta-pojawili-sie-parkingowi\\\/#primaryimage\"},\"image\":{\"@id\":\"https:\\\/\\\/www.24gliwice.pl\\\/wiadomosci\\\/zaplac-a-popilnuja-w-miescie-latwo-o-zarysowanie-auta-pojawili-sie-parkingowi\\\/#primaryimage\"},\"thumbnailUrl\":\"https:\\\/\\\/www.24gliwice.pl\\\/wiadomosci\\\/wp-content\\\/uploads\\\/2017\\\/06\\\/k\u0142odnicka-otwarta-e1497958961362.jpg\",\"datePublished\":\"2017-08-14T00:35:55+00:00\",\"dateModified\":\"2017-08-14T01:01:20+00:00\",\"breadcrumb\":{\"@id\":\"https:\\\/\\\/www.24gliwice.pl\\\/wiadomosci\\\/zaplac-a-popilnuja-w-miescie-latwo-o-zarysowanie-auta-pojawili-sie-parkingowi\\\/#breadcrumb\"},\"inLanguage\":\"pl-PL\",\"potentialAction\":[{\"@type\":\"ReadAction\",\"target\":[\"https:\\\/\\\/www.24gliwice.pl\\\/wiadomosci\\\/zaplac-a-popilnuja-w-miescie-latwo-o-zarysowanie-auta-pojawili-sie-parkingowi\\\/\"]}]},{\"@type\":\"ImageObject\",\"inLanguage\":\"pl-PL\",\"@id\":\"https:\\\/\\\/www.24gliwice.pl\\\/wiadomosci\\\/zaplac-a-popilnuja-w-miescie-latwo-o-zarysowanie-auta-pojawili-sie-parkingowi\\\/#primaryimage\",\"url\":\"https:\\\/\\\/www.24gliwice.pl\\\/wiadomosci\\\/wp-content\\\/uploads\\\/2017\\\/06\\\/k\u0142odnicka-otwarta-e1497958961362.jpg\",\"contentUrl\":\"https:\\\/\\\/www.24gliwice.pl\\\/wiadomosci\\\/wp-content\\\/uploads\\\/2017\\\/06\\\/k\u0142odnicka-otwarta-e1497958961362.jpg\",\"width\":810,\"height\":456},{\"@type\":\"BreadcrumbList\",\"@id\":\"https:\\\/\\\/www.24gliwice.pl\\\/wiadomosci\\\/zaplac-a-popilnuja-w-miescie-latwo-o-zarysowanie-auta-pojawili-sie-parkingowi\\\/#breadcrumb\",\"itemListElement\":[{\"@type\":\"ListItem\",\"position\":1,\"name\":\"Strona g\u0142\u00f3wna\",\"item\":\"https:\\\/\\\/www.24gliwice.pl\\\/wiadomosci\\\/\"},{\"@type\":\"ListItem\",\"position\":2,\"name\":\"Zap\u0142a\u0107, to popilnuj\u0105, \u017ceby &#8222;auto si\u0119 nie zarysowa\u0142o&#8221;. Grozi nam powr\u00f3t samozwa\u0144czych parkingowych?\"}]},{\"@type\":\"WebSite\",\"@id\":\"https:\\\/\\\/www.24gliwice.pl\\\/wiadomosci\\\/#website\",\"url\":\"https:\\\/\\\/www.24gliwice.pl\\\/wiadomosci\\\/\",\"name\":\"24GLIWICE - Portal Gliwice | codziennie nowe wiadomo\u015bci\",\"description\":\"Portal Miejski Gliwice\",\"publisher\":{\"@id\":\"https:\\\/\\\/www.24gliwice.pl\\\/wiadomosci\\\/#organization\"},\"potentialAction\":[{\"@type\":\"SearchAction\",\"target\":{\"@type\":\"EntryPoint\",\"urlTemplate\":\"https:\\\/\\\/www.24gliwice.pl\\\/wiadomosci\\\/?s={search_term_string}\"},\"query-input\":{\"@type\":\"PropertyValueSpecification\",\"valueRequired\":true,\"valueName\":\"search_term_string\"}}],\"inLanguage\":\"pl-PL\"},{\"@type\":\"Organization\",\"@id\":\"https:\\\/\\\/www.24gliwice.pl\\\/wiadomosci\\\/#organization\",\"name\":\"24gliwice\",\"url\":\"https:\\\/\\\/www.24gliwice.pl\\\/wiadomosci\\\/\",\"logo\":{\"@type\":\"ImageObject\",\"inLanguage\":\"pl-PL\",\"@id\":\"https:\\\/\\\/www.24gliwice.pl\\\/wiadomosci\\\/#\\\/schema\\\/logo\\\/image\\\/\",\"url\":\"https:\\\/\\\/www.24gliwice.pl\\\/wiadomosci\\\/wp-content\\\/uploads\\\/2024\\\/10\\\/24gliwice-logo-696.jpg\",\"contentUrl\":\"https:\\\/\\\/www.24gliwice.pl\\\/wiadomosci\\\/wp-content\\\/uploads\\\/2024\\\/10\\\/24gliwice-logo-696.jpg\",\"width\":696,\"height\":696,\"caption\":\"24gliwice\"},\"image\":{\"@id\":\"https:\\\/\\\/www.24gliwice.pl\\\/wiadomosci\\\/#\\\/schema\\\/logo\\\/image\\\/\"},\"sameAs\":[\"https:\\\/\\\/www.facebook.com\\\/24gliwice\",\"https:\\\/\\\/x.com\\\/24gliwice\",\"https:\\\/\\\/www.youtube.com\\\/@24gliwice\"]},{\"@type\":\"Person\",\"@id\":\"https:\\\/\\\/www.24gliwice.pl\\\/wiadomosci\\\/#\\\/schema\\\/person\\\/e42c650edd7f2fa332be3811fb166b6e\",\"name\":\"\u017baneta Mrozek-Siewierska\",\"image\":{\"@type\":\"ImageObject\",\"inLanguage\":\"pl-PL\",\"@id\":\"https:\\\/\\\/secure.gravatar.com\\\/avatar\\\/1881429e9c64597c77ad7aef2d0a19be69a3253e57534d16aa15bf3a4d34a0a3?s=96&d=mm&r=g\",\"url\":\"https:\\\/\\\/secure.gravatar.com\\\/avatar\\\/1881429e9c64597c77ad7aef2d0a19be69a3253e57534d16aa15bf3a4d34a0a3?s=96&d=mm&r=g\",\"contentUrl\":\"https:\\\/\\\/secure.gravatar.com\\\/avatar\\\/1881429e9c64597c77ad7aef2d0a19be69a3253e57534d16aa15bf3a4d34a0a3?s=96&d=mm&r=g\",\"caption\":\"\u017baneta Mrozek-Siewierska\"},\"url\":\"https:\\\/\\\/www.24gliwice.pl\\\/wiadomosci\\\/author\\\/zms\\\/\"}]}<\/script>\n<!-- \/ Yoast SEO plugin. -->","yoast_head_json":{"title":"Zap\u0142a\u0107, to popilnuj\u0105, \u017ceby \"auto si\u0119 nie zarysowa\u0142o\". Grozi nam powr\u00f3t samozwa\u0144czych parkingowych? - 24GLIWICE - Portal Gliwice | codziennie nowe informacje","robots":{"index":"index","follow":"follow","max-snippet":"max-snippet:-1","max-image-preview":"max-image-preview:large","max-video-preview":"max-video-preview:-1"},"canonical":"https:\/\/www.24gliwice.pl\/wiadomosci\/zaplac-a-popilnuja-w-miescie-latwo-o-zarysowanie-auta-pojawili-sie-parkingowi\/","og_locale":"pl_PL","og_type":"article","og_title":"Zap\u0142a\u0107, to popilnuj\u0105, \u017ceby \"auto si\u0119 nie zarysowa\u0142o\". Grozi nam powr\u00f3t samozwa\u0144czych parkingowych? - 24GLIWICE - Portal Gliwice | codziennie nowe informacje","og_description":"Problem po kilku latach powr\u00f3ci\u0142. W centrum, w rejonie ulicy K\u0142odnickiej pojawi\u0142 si\u0119 osobnik, kt\u00f3ry w zamian za wskazanie miejsca do parkowania oczekuje zap\u0142aty. W razie odmowy straszy uszkodzeniem samochodu. &#8211; Pan zaparkuje, o tutaj jest wolne miejsce, to z\u0142ot\u00f3wka si\u0119 nale\u017cy&#8230; &#8211; taka sytuacja przydarzy\u0142a si\u0119 ostatnio jednemu z radnych klubu Prawa i Sprawiedliwo\u015bci, [&hellip;]","og_url":"https:\/\/www.24gliwice.pl\/wiadomosci\/zaplac-a-popilnuja-w-miescie-latwo-o-zarysowanie-auta-pojawili-sie-parkingowi\/","og_site_name":"24GLIWICE - Portal Gliwice | codziennie nowe informacje","article_publisher":"https:\/\/www.facebook.com\/24gliwice","article_published_time":"2017-08-14T00:35:55+00:00","article_modified_time":"2017-08-14T01:01:20+00:00","og_image":[{"width":810,"height":456,"url":"https:\/\/www.24gliwice.pl\/wiadomosci\/wp-content\/uploads\/2017\/06\/k\u0142odnicka-otwarta-e1497958961362.jpg","type":"image\/jpeg"}],"author":"\u017baneta Mrozek-Siewierska","twitter_card":"summary_large_image","twitter_creator":"@24gliwice","twitter_site":"@24gliwice","twitter_misc":{"Napisane przez":"\u017baneta Mrozek-Siewierska","Szacowany czas czytania":"2 minuty"},"schema":{"@context":"https:\/\/schema.org","@graph":[{"@type":"Article","@id":"https:\/\/www.24gliwice.pl\/wiadomosci\/zaplac-a-popilnuja-w-miescie-latwo-o-zarysowanie-auta-pojawili-sie-parkingowi\/#article","isPartOf":{"@id":"https:\/\/www.24gliwice.pl\/wiadomosci\/zaplac-a-popilnuja-w-miescie-latwo-o-zarysowanie-auta-pojawili-sie-parkingowi\/"},"author":{"name":"\u017baneta Mrozek-Siewierska","@id":"https:\/\/www.24gliwice.pl\/wiadomosci\/#\/schema\/person\/e42c650edd7f2fa332be3811fb166b6e"},"headline":"Zap\u0142a\u0107, to popilnuj\u0105, \u017ceby &#8220;auto si\u0119 nie zarysowa\u0142o&#8221;. Grozi nam powr\u00f3t samozwa\u0144czych parkingowych?","datePublished":"2017-08-14T00:35:55+00:00","dateModified":"2017-08-14T01:01:20+00:00","mainEntityOfPage":{"@id":"https:\/\/www.24gliwice.pl\/wiadomosci\/zaplac-a-popilnuja-w-miescie-latwo-o-zarysowanie-auta-pojawili-sie-parkingowi\/"},"wordCount":408,"commentCount":0,"publisher":{"@id":"https:\/\/www.24gliwice.pl\/wiadomosci\/#organization"},"image":{"@id":"https:\/\/www.24gliwice.pl\/wiadomosci\/zaplac-a-popilnuja-w-miescie-latwo-o-zarysowanie-auta-pojawili-sie-parkingowi\/#primaryimage"},"thumbnailUrl":"https:\/\/www.24gliwice.pl\/wiadomosci\/wp-content\/uploads\/2017\/06\/k\u0142odnicka-otwarta-e1497958961362.jpg","keywords":["k\u0142odnicka","PARKING","PARKOWANIE","WY\u0141UDZENIE"],"articleSection":["Gliwice","Najnowsze wiadomo\u015bci","Portal Gliwice - Wiadomo\u015bci lokalne"],"inLanguage":"pl-PL","potentialAction":[{"@type":"CommentAction","name":"Comment","target":["https:\/\/www.24gliwice.pl\/wiadomosci\/zaplac-a-popilnuja-w-miescie-latwo-o-zarysowanie-auta-pojawili-sie-parkingowi\/#respond"]}]},{"@type":"WebPage","@id":"https:\/\/www.24gliwice.pl\/wiadomosci\/zaplac-a-popilnuja-w-miescie-latwo-o-zarysowanie-auta-pojawili-sie-parkingowi\/","url":"https:\/\/www.24gliwice.pl\/wiadomosci\/zaplac-a-popilnuja-w-miescie-latwo-o-zarysowanie-auta-pojawili-sie-parkingowi\/","name":"Zap\u0142a\u0107, to popilnuj\u0105, \u017ceby \"auto si\u0119 nie zarysowa\u0142o\". Grozi nam powr\u00f3t samozwa\u0144czych parkingowych? - 24GLIWICE - Portal Gliwice | codziennie nowe informacje","isPartOf":{"@id":"https:\/\/www.24gliwice.pl\/wiadomosci\/#website"},"primaryImageOfPage":{"@id":"https:\/\/www.24gliwice.pl\/wiadomosci\/zaplac-a-popilnuja-w-miescie-latwo-o-zarysowanie-auta-pojawili-sie-parkingowi\/#primaryimage"},"image":{"@id":"https:\/\/www.24gliwice.pl\/wiadomosci\/zaplac-a-popilnuja-w-miescie-latwo-o-zarysowanie-auta-pojawili-sie-parkingowi\/#primaryimage"},"thumbnailUrl":"https:\/\/www.24gliwice.pl\/wiadomosci\/wp-content\/uploads\/2017\/06\/k\u0142odnicka-otwarta-e1497958961362.jpg","datePublished":"2017-08-14T00:35:55+00:00","dateModified":"2017-08-14T01:01:20+00:00","breadcrumb":{"@id":"https:\/\/www.24gliwice.pl\/wiadomosci\/zaplac-a-popilnuja-w-miescie-latwo-o-zarysowanie-auta-pojawili-sie-parkingowi\/#breadcrumb"},"inLanguage":"pl-PL","potentialAction":[{"@type":"ReadAction","target":["https:\/\/www.24gliwice.pl\/wiadomosci\/zaplac-a-popilnuja-w-miescie-latwo-o-zarysowanie-auta-pojawili-sie-parkingowi\/"]}]},{"@type":"ImageObject","inLanguage":"pl-PL","@id":"https:\/\/www.24gliwice.pl\/wiadomosci\/zaplac-a-popilnuja-w-miescie-latwo-o-zarysowanie-auta-pojawili-sie-parkingowi\/#primaryimage","url":"https:\/\/www.24gliwice.pl\/wiadomosci\/wp-content\/uploads\/2017\/06\/k\u0142odnicka-otwarta-e1497958961362.jpg","contentUrl":"https:\/\/www.24gliwice.pl\/wiadomosci\/wp-content\/uploads\/2017\/06\/k\u0142odnicka-otwarta-e1497958961362.jpg","width":810,"height":456},{"@type":"BreadcrumbList","@id":"https:\/\/www.24gliwice.pl\/wiadomosci\/zaplac-a-popilnuja-w-miescie-latwo-o-zarysowanie-auta-pojawili-sie-parkingowi\/#breadcrumb","itemListElement":[{"@type":"ListItem","position":1,"name":"Strona g\u0142\u00f3wna","item":"https:\/\/www.24gliwice.pl\/wiadomosci\/"},{"@type":"ListItem","position":2,"name":"Zap\u0142a\u0107, to popilnuj\u0105, \u017ceby &#8222;auto si\u0119 nie zarysowa\u0142o&#8221;. Grozi nam powr\u00f3t samozwa\u0144czych parkingowych?"}]},{"@type":"WebSite","@id":"https:\/\/www.24gliwice.pl\/wiadomosci\/#website","url":"https:\/\/www.24gliwice.pl\/wiadomosci\/","name":"24GLIWICE - Portal Gliwice | codziennie nowe wiadomo\u015bci","description":"Portal Miejski Gliwice","publisher":{"@id":"https:\/\/www.24gliwice.pl\/wiadomosci\/#organization"},"potentialAction":[{"@type":"SearchAction","target":{"@type":"EntryPoint","urlTemplate":"https:\/\/www.24gliwice.pl\/wiadomosci\/?s={search_term_string}"},"query-input":{"@type":"PropertyValueSpecification","valueRequired":true,"valueName":"search_term_string"}}],"inLanguage":"pl-PL"},{"@type":"Organization","@id":"https:\/\/www.24gliwice.pl\/wiadomosci\/#organization","name":"24gliwice","url":"https:\/\/www.24gliwice.pl\/wiadomosci\/","logo":{"@type":"ImageObject","inLanguage":"pl-PL","@id":"https:\/\/www.24gliwice.pl\/wiadomosci\/#\/schema\/logo\/image\/","url":"https:\/\/www.24gliwice.pl\/wiadomosci\/wp-content\/uploads\/2024\/10\/24gliwice-logo-696.jpg","contentUrl":"https:\/\/www.24gliwice.pl\/wiadomosci\/wp-content\/uploads\/2024\/10\/24gliwice-logo-696.jpg","width":696,"height":696,"caption":"24gliwice"},"image":{"@id":"https:\/\/www.24gliwice.pl\/wiadomosci\/#\/schema\/logo\/image\/"},"sameAs":["https:\/\/www.facebook.com\/24gliwice","https:\/\/x.com\/24gliwice","https:\/\/www.youtube.com\/@24gliwice"]},{"@type":"Person","@id":"https:\/\/www.24gliwice.pl\/wiadomosci\/#\/schema\/person\/e42c650edd7f2fa332be3811fb166b6e","name":"\u017baneta Mrozek-Siewierska","image":{"@type":"ImageObject","inLanguage":"pl-PL","@id":"https:\/\/secure.gravatar.com\/avatar\/1881429e9c64597c77ad7aef2d0a19be69a3253e57534d16aa15bf3a4d34a0a3?s=96&d=mm&r=g","url":"https:\/\/secure.gravatar.com\/avatar\/1881429e9c64597c77ad7aef2d0a19be69a3253e57534d16aa15bf3a4d34a0a3?s=96&d=mm&r=g","contentUrl":"https:\/\/secure.gravatar.com\/avatar\/1881429e9c64597c77ad7aef2d0a19be69a3253e57534d16aa15bf3a4d34a0a3?s=96&d=mm&r=g","caption":"\u017baneta Mrozek-Siewierska"},"url":"https:\/\/www.24gliwice.pl\/wiadomosci\/author\/zms\/"}]}},"_links":{"self":[{"href":"https:\/\/www.24gliwice.pl\/wiadomosci\/wp-json\/wp\/v2\/posts\/102855","targetHints":{"allow":["GET"]}}],"collection":[{"href":"https:\/\/www.24gliwice.pl\/wiadomosci\/wp-json\/wp\/v2\/posts"}],"about":[{"href":"https:\/\/www.24gliwice.pl\/wiadomosci\/wp-json\/wp\/v2\/types\/post"}],"author":[{"embeddable":true,"href":"https:\/\/www.24gliwice.pl\/wiadomosci\/wp-json\/wp\/v2\/users\/15"}],"replies":[{"embeddable":true,"href":"https:\/\/www.24gliwice.pl\/wiadomosci\/wp-json\/wp\/v2\/comments?post=102855"}],"version-history":[{"count":0,"href":"https:\/\/www.24gliwice.pl\/wiadomosci\/wp-json\/wp\/v2\/posts\/102855\/revisions"}],"wp:featuredmedia":[{"embeddable":true,"href":"https:\/\/www.24gliwice.pl\/wiadomosci\/wp-json\/wp\/v2\/media\/100564"}],"wp:attachment":[{"href":"https:\/\/www.24gliwice.pl\/wiadomosci\/wp-json\/wp\/v2\/media?parent=102855"}],"wp:term":[{"taxonomy":"category","embeddable":true,"href":"https:\/\/www.24gliwice.pl\/wiadomosci\/wp-json\/wp\/v2\/categories?post=102855"},{"taxonomy":"post_tag","embeddable":true,"href":"https:\/\/www.24gliwice.pl\/wiadomosci\/wp-json\/wp\/v2\/tags?post=102855"}],"curies":[{"name":"wp","href":"https:\/\/api.w.org\/{rel}","templated":true}]}}