{"id":102862,"date":"2017-08-11T14:58:30","date_gmt":"2017-08-11T12:58:30","guid":{"rendered":"http:\/\/www.24gliwice.pl\/wiadomosci\/?p=102862"},"modified":"2017-08-11T14:58:30","modified_gmt":"2017-08-11T12:58:30","slug":"w-poniedzialek-rozpoczyna-sie-remont-ruchliwej-drogi-do-granicy-z-gliwicami-pojawia-sie-objazdy","status":"publish","type":"post","link":"https:\/\/www.24gliwice.pl\/wiadomosci\/w-poniedzialek-rozpoczyna-sie-remont-ruchliwej-drogi-do-granicy-z-gliwicami-pojawia-sie-objazdy\/","title":{"rendered":"W poniedzia\u0142ek rozpoczyna si\u0119 remont ruchliwej drogi do granicy z Gliwicami. Pojawi\u0105 si\u0119 objazdy"},"content":{"rendered":"<div class=\"gliwi-a6-nad-leadem-artykulow gliwi-entity-placement\" id=\"gliwi-2997660824\"><div class=\"gliwi-adlabel\"><span style=\"font-size: 9px\">REKLAMA<\/span><\/div><div id=\"gliwi-4164188436\" style=\"margin-bottom: 30px;margin-left: auto;margin-right: auto;text-align: center;\"><a data-no-instant=\"1\" href=\"https:\/\/przedszkole.halogen.org.pl\/\" rel=\"noopener\" class=\"a2t-link\" target=\"_blank\" aria-label=\"20260402-ANIMATOR-przedszkole_grafika_750x200\"><img loading=\"lazy\" decoding=\"async\" src=\"https:\/\/www.24gliwice.pl\/wiadomosci\/wp-content\/uploads\/2026\/04\/20260402-ANIMATOR-przedszkole_grafika_750x200.webp\" alt=\"\"  srcset=\"https:\/\/www.24gliwice.pl\/wiadomosci\/wp-content\/uploads\/2026\/04\/20260402-ANIMATOR-przedszkole_grafika_750x200.webp 750w, https:\/\/www.24gliwice.pl\/wiadomosci\/wp-content\/uploads\/2026\/04\/20260402-ANIMATOR-przedszkole_grafika_750x200-410x109.webp 410w\" sizes=\"(max-width: 750px) 100vw, 750px\" class=\"no-lazyload\" width=\"750\" height=\"200\"  style=\"display: inline-block; max-width: 100%; height: auto;\" \/><\/a><\/div><\/div><h3>Zarz\u0105d Dr\u00f3g Powiatowych w Gliwicach informuje, \u017ce przyst\u0119puje do realizacji zadania zwi\u0105zanego z przebudow\u0105 drogi powiatowej Nr 2991S na odcinku od Koz\u0142owa do granicy z miastem Gliwice.<\/h3>\n<p>W zwi\u0105zku z zakresem przebudowy nie pozwalaj\u0105cym na realizacje prac pod ruchem lub przy po\u0142\u00f3wkowym zamkni\u0119ciu konieczne jest ca\u0142kowite zamkniecie drogi Nr 2991 S na odcinku od Koz\u0142owa do granicy z miastem Gliwice na czas prowadzonych rob\u00f3t.<\/p>\n<p><strong>Zamkni\u0119cie drogi nast\u0105pi w dniu 14 sierpnia 2017 r.<\/strong><\/p><div class=\"gliwi-a3-w-tresci-artykulow gliwi-entity-placement\" id=\"gliwi-1679774942\"><div class=\"gliwi-adlabel\"><span style=\"font-size: 9px\">REKLAMA<\/span><\/div><div id=\"gliwi-3458635118\" style=\"margin-bottom: 30px;margin-left: auto;margin-right: auto;text-align: center;\"><a data-no-instant=\"1\" href=\"https:\/\/zlobek.halogen.org.pl\/\" rel=\"noopener\" class=\"a2t-link\" target=\"_blank\" aria-label=\"animator-zlobek_750x200\"><img loading=\"lazy\" decoding=\"async\" src=\"https:\/\/www.24gliwice.pl\/wiadomosci\/wp-content\/uploads\/2026\/02\/animator-zlobek_750x200.webp\" alt=\"\"  srcset=\"https:\/\/www.24gliwice.pl\/wiadomosci\/wp-content\/uploads\/2026\/02\/animator-zlobek_750x200.webp 750w, https:\/\/www.24gliwice.pl\/wiadomosci\/wp-content\/uploads\/2026\/02\/animator-zlobek_750x200-410x109.webp 410w\" sizes=\"(max-width: 750px) 100vw, 750px\" class=\"no-lazyload\" width=\"750\" height=\"200\"  style=\"display: inline-block; max-width: 100%; height: auto;\" \/><\/a><\/div><\/div>\n<h4>W zwi\u0105zku z tym zostan\u0105 wprowadzone nast\u0119puj\u0105ce objazdy:<\/h4>\n<p><strong>W kierunku \u0141ab\u0119d ulicami:<\/strong><br \/>\nKozielska w So\u015bnicowicach (DW 408), Wiejska, Ko\u015bciuszki, Kozielska w Rudzi\u0144cu ( droga powiatowa Nr 2918S), Gliwicka, Osiedle\u0144cza, Kozielska w Kleszczowie (droga powiatowa Nr 2915S), Aleja Jana Nowaka &#8211; Jeziora\u0144skiego (DK 88)<\/p>\n<p><strong>W kierunku So\u015bnicowic ulicami:<\/strong><br \/>\nWycz\u00f3\u0142kowskiego, Aleja Jana Nowaka &#8211; Jeziora\u0144skiego (DK88), Kozielska w Gliwicach, Osiedle\u0144cza, Gliwicka, Kozielska w Rudzi\u0144cu, Ko\u015bciuszki, Wiejska, Kozielska w So\u015bnicowicach (DW 408)<\/p>\n<p><strong>Planowany termin zako\u0144czenia rob\u00f3t &#8211; 03 pa\u017adziernika 2017 r.<\/strong><\/p>\n<p>Wykonawc\u0105 rob\u00f3t jest firma Hucz Sp. z o. o. Sp. K. z Boronowa.<\/p>\n<p>fot. Zarz\u0105d Dr\u00f3g Powiatowych Gliwice<\/p>\n<div class=\"gliwi-a5-na-koncu-artykulow gliwi-entity-placement\" id=\"gliwi-3158010065\"><div class=\"gliwi-adlabel\"><span style=\"font-size: 9px\">REKLAMA<\/span><\/div><div id=\"gliwi-4263671642\" style=\"margin-left: auto;margin-right: auto;text-align: center;\"><a data-no-instant=\"1\" href=\"https:\/\/www.jasek.pl\/\" rel=\"noopener\" class=\"a2t-link\" target=\"_blank\" aria-label=\"20200401-jasek 600\"><img loading=\"lazy\" decoding=\"async\" src=\"https:\/\/www.24gliwice.pl\/wiadomosci\/wp-content\/uploads\/2020\/04\/20200401-jasek-600.jpg\" alt=\"\"  srcset=\"https:\/\/www.24gliwice.pl\/wiadomosci\/wp-content\/uploads\/2020\/04\/20200401-jasek-600.jpg 600w, https:\/\/www.24gliwice.pl\/wiadomosci\/wp-content\/uploads\/2020\/04\/20200401-jasek-600-410x109.jpg 410w\" sizes=\"(max-width: 600px) 100vw, 600px\" class=\"no-lazyload\" width=\"600\" height=\"160\"  style=\"display: inline-block; max-width: 100%; height: auto;\" \/><\/a><\/div><\/div>","protected":false},"excerpt":{"rendered":"<p>Zarz\u0105d Dr\u00f3g Powiatowych w Gliwicach informuje, \u017ce przyst\u0119puje do realizacji zadania zwi\u0105zanego z przebudow\u0105 drogi powiatowej Nr 2991S na odcinku od Koz\u0142owa do granicy z miastem Gliwice. W zwi\u0105zku z zakresem przebudowy nie pozwalaj\u0105cym na realizacje prac pod ruchem lub przy po\u0142\u00f3wkowym zamkni\u0119ciu konieczne jest ca\u0142kowite zamkniecie drogi Nr 2991 S na odcinku od Koz\u0142owa [&hellip;]<\/p>\n","protected":false},"author":15,"featured_media":102865,"comment_status":"open","ping_status":"closed","sticky":false,"template":"","format":"standard","meta":{"_monsterinsights_skip_tracking":false,"_monsterinsights_sitenote_active":false,"_monsterinsights_sitenote_note":"","_monsterinsights_sitenote_category":0,"footnotes":"","_links_to":"","_links_to_target":""},"categories":[3,1],"tags":[9948,988,9555],"class_list":["post-102862","post","type-post","status-publish","format-standard","has-post-thumbnail","hentry","category-gliwice","category-wszystko","tag-kozlow","tag-objazdy","tag-remont-drogi"],"yoast_head":"<!-- This site is optimized with the Yoast SEO plugin v27.5 - https:\/\/yoast.com\/product\/yoast-seo-wordpress\/ -->\n<title>W poniedzia\u0142ek rozpoczyna si\u0119 remont ruchliwej drogi do granicy z Gliwicami. Pojawi\u0105 si\u0119 objazdy - 24GLIWICE - Portal Gliwice | codziennie nowe informacje<\/title>\n<meta name=\"robots\" content=\"index, follow, max-snippet:-1, max-image-preview:large, max-video-preview:-1\" \/>\n<link rel=\"canonical\" href=\"https:\/\/www.24gliwice.pl\/wiadomosci\/w-poniedzialek-rozpoczyna-sie-remont-ruchliwej-drogi-do-granicy-z-gliwicami-pojawia-sie-objazdy\/\" \/>\n<meta property=\"og:locale\" content=\"pl_PL\" \/>\n<meta property=\"og:type\" content=\"article\" \/>\n<meta property=\"og:title\" content=\"W poniedzia\u0142ek rozpoczyna si\u0119 remont ruchliwej drogi do granicy z Gliwicami. Pojawi\u0105 si\u0119 objazdy - 24GLIWICE - Portal Gliwice | codziennie nowe informacje\" \/>\n<meta property=\"og:description\" content=\"Zarz\u0105d Dr\u00f3g Powiatowych w Gliwicach informuje, \u017ce przyst\u0119puje do realizacji zadania zwi\u0105zanego z przebudow\u0105 drogi powiatowej Nr 2991S na odcinku od Koz\u0142owa do granicy z miastem Gliwice. W zwi\u0105zku z zakresem przebudowy nie pozwalaj\u0105cym na realizacje prac pod ruchem lub przy po\u0142\u00f3wkowym zamkni\u0119ciu konieczne jest ca\u0142kowite zamkniecie drogi Nr 2991 S na odcinku od Koz\u0142owa [&hellip;]\" \/>\n<meta property=\"og:url\" content=\"https:\/\/www.24gliwice.pl\/wiadomosci\/w-poniedzialek-rozpoczyna-sie-remont-ruchliwej-drogi-do-granicy-z-gliwicami-pojawia-sie-objazdy\/\" \/>\n<meta property=\"og:site_name\" content=\"24GLIWICE - Portal Gliwice | codziennie nowe informacje\" \/>\n<meta property=\"article:publisher\" content=\"https:\/\/www.facebook.com\/24gliwice\" \/>\n<meta property=\"article:published_time\" content=\"2017-08-11T12:58:30+00:00\" \/>\n<meta property=\"og:image\" content=\"https:\/\/www.24gliwice.pl\/wiadomosci\/wp-content\/uploads\/2017\/08\/remont-w-koz\u0142owie2.jpg\" \/>\n\t<meta property=\"og:image:width\" content=\"809\" \/>\n\t<meta property=\"og:image:height\" content=\"456\" \/>\n\t<meta property=\"og:image:type\" content=\"image\/jpeg\" \/>\n<meta name=\"author\" content=\"\u017baneta Mrozek-Siewierska\" \/>\n<meta name=\"twitter:card\" content=\"summary_large_image\" \/>\n<meta name=\"twitter:creator\" content=\"@24gliwice\" \/>\n<meta name=\"twitter:site\" content=\"@24gliwice\" \/>\n<meta name=\"twitter:label1\" content=\"Napisane przez\" \/>\n\t<meta name=\"twitter:data1\" content=\"\u017baneta Mrozek-Siewierska\" \/>\n\t<meta name=\"twitter:label2\" content=\"Szacowany czas czytania\" \/>\n\t<meta name=\"twitter:data2\" content=\"1 minuta\" \/>\n<script type=\"application\/ld+json\" class=\"yoast-schema-graph\">{\"@context\":\"https:\\\/\\\/schema.org\",\"@graph\":[{\"@type\":\"Article\",\"@id\":\"https:\\\/\\\/www.24gliwice.pl\\\/wiadomosci\\\/w-poniedzialek-rozpoczyna-sie-remont-ruchliwej-drogi-do-granicy-z-gliwicami-pojawia-sie-objazdy\\\/#article\",\"isPartOf\":{\"@id\":\"https:\\\/\\\/www.24gliwice.pl\\\/wiadomosci\\\/w-poniedzialek-rozpoczyna-sie-remont-ruchliwej-drogi-do-granicy-z-gliwicami-pojawia-sie-objazdy\\\/\"},\"author\":{\"name\":\"\u017baneta Mrozek-Siewierska\",\"@id\":\"https:\\\/\\\/www.24gliwice.pl\\\/wiadomosci\\\/#\\\/schema\\\/person\\\/e42c650edd7f2fa332be3811fb166b6e\"},\"headline\":\"W poniedzia\u0142ek rozpoczyna si\u0119 remont ruchliwej drogi do granicy z Gliwicami. Pojawi\u0105 si\u0119 objazdy\",\"datePublished\":\"2017-08-11T12:58:30+00:00\",\"mainEntityOfPage\":{\"@id\":\"https:\\\/\\\/www.24gliwice.pl\\\/wiadomosci\\\/w-poniedzialek-rozpoczyna-sie-remont-ruchliwej-drogi-do-granicy-z-gliwicami-pojawia-sie-objazdy\\\/\"},\"wordCount\":211,\"commentCount\":0,\"publisher\":{\"@id\":\"https:\\\/\\\/www.24gliwice.pl\\\/wiadomosci\\\/#organization\"},\"image\":{\"@id\":\"https:\\\/\\\/www.24gliwice.pl\\\/wiadomosci\\\/w-poniedzialek-rozpoczyna-sie-remont-ruchliwej-drogi-do-granicy-z-gliwicami-pojawia-sie-objazdy\\\/#primaryimage\"},\"thumbnailUrl\":\"https:\\\/\\\/www.24gliwice.pl\\\/wiadomosci\\\/wp-content\\\/uploads\\\/2017\\\/08\\\/remont-w-koz\u0142owie2.jpg\",\"keywords\":[\"koz\u0142\u00f3w\",\"objazdy\",\"remont drogi\"],\"articleSection\":[\"Gliwice\",\"Najnowsze wiadomo\u015bci\"],\"inLanguage\":\"pl-PL\",\"potentialAction\":[{\"@type\":\"CommentAction\",\"name\":\"Comment\",\"target\":[\"https:\\\/\\\/www.24gliwice.pl\\\/wiadomosci\\\/w-poniedzialek-rozpoczyna-sie-remont-ruchliwej-drogi-do-granicy-z-gliwicami-pojawia-sie-objazdy\\\/#respond\"]}]},{\"@type\":\"WebPage\",\"@id\":\"https:\\\/\\\/www.24gliwice.pl\\\/wiadomosci\\\/w-poniedzialek-rozpoczyna-sie-remont-ruchliwej-drogi-do-granicy-z-gliwicami-pojawia-sie-objazdy\\\/\",\"url\":\"https:\\\/\\\/www.24gliwice.pl\\\/wiadomosci\\\/w-poniedzialek-rozpoczyna-sie-remont-ruchliwej-drogi-do-granicy-z-gliwicami-pojawia-sie-objazdy\\\/\",\"name\":\"W poniedzia\u0142ek rozpoczyna si\u0119 remont ruchliwej drogi do granicy z Gliwicami. Pojawi\u0105 si\u0119 objazdy - 24GLIWICE - Portal Gliwice | codziennie nowe informacje\",\"isPartOf\":{\"@id\":\"https:\\\/\\\/www.24gliwice.pl\\\/wiadomosci\\\/#website\"},\"primaryImageOfPage\":{\"@id\":\"https:\\\/\\\/www.24gliwice.pl\\\/wiadomosci\\\/w-poniedzialek-rozpoczyna-sie-remont-ruchliwej-drogi-do-granicy-z-gliwicami-pojawia-sie-objazdy\\\/#primaryimage\"},\"image\":{\"@id\":\"https:\\\/\\\/www.24gliwice.pl\\\/wiadomosci\\\/w-poniedzialek-rozpoczyna-sie-remont-ruchliwej-drogi-do-granicy-z-gliwicami-pojawia-sie-objazdy\\\/#primaryimage\"},\"thumbnailUrl\":\"https:\\\/\\\/www.24gliwice.pl\\\/wiadomosci\\\/wp-content\\\/uploads\\\/2017\\\/08\\\/remont-w-koz\u0142owie2.jpg\",\"datePublished\":\"2017-08-11T12:58:30+00:00\",\"breadcrumb\":{\"@id\":\"https:\\\/\\\/www.24gliwice.pl\\\/wiadomosci\\\/w-poniedzialek-rozpoczyna-sie-remont-ruchliwej-drogi-do-granicy-z-gliwicami-pojawia-sie-objazdy\\\/#breadcrumb\"},\"inLanguage\":\"pl-PL\",\"potentialAction\":[{\"@type\":\"ReadAction\",\"target\":[\"https:\\\/\\\/www.24gliwice.pl\\\/wiadomosci\\\/w-poniedzialek-rozpoczyna-sie-remont-ruchliwej-drogi-do-granicy-z-gliwicami-pojawia-sie-objazdy\\\/\"]}]},{\"@type\":\"ImageObject\",\"inLanguage\":\"pl-PL\",\"@id\":\"https:\\\/\\\/www.24gliwice.pl\\\/wiadomosci\\\/w-poniedzialek-rozpoczyna-sie-remont-ruchliwej-drogi-do-granicy-z-gliwicami-pojawia-sie-objazdy\\\/#primaryimage\",\"url\":\"https:\\\/\\\/www.24gliwice.pl\\\/wiadomosci\\\/wp-content\\\/uploads\\\/2017\\\/08\\\/remont-w-koz\u0142owie2.jpg\",\"contentUrl\":\"https:\\\/\\\/www.24gliwice.pl\\\/wiadomosci\\\/wp-content\\\/uploads\\\/2017\\\/08\\\/remont-w-koz\u0142owie2.jpg\",\"width\":809,\"height\":456},{\"@type\":\"BreadcrumbList\",\"@id\":\"https:\\\/\\\/www.24gliwice.pl\\\/wiadomosci\\\/w-poniedzialek-rozpoczyna-sie-remont-ruchliwej-drogi-do-granicy-z-gliwicami-pojawia-sie-objazdy\\\/#breadcrumb\",\"itemListElement\":[{\"@type\":\"ListItem\",\"position\":1,\"name\":\"Strona g\u0142\u00f3wna\",\"item\":\"https:\\\/\\\/www.24gliwice.pl\\\/wiadomosci\\\/\"},{\"@type\":\"ListItem\",\"position\":2,\"name\":\"W poniedzia\u0142ek rozpoczyna si\u0119 remont ruchliwej drogi do granicy z Gliwicami. Pojawi\u0105 si\u0119 objazdy\"}]},{\"@type\":\"WebSite\",\"@id\":\"https:\\\/\\\/www.24gliwice.pl\\\/wiadomosci\\\/#website\",\"url\":\"https:\\\/\\\/www.24gliwice.pl\\\/wiadomosci\\\/\",\"name\":\"24GLIWICE - Portal Gliwice | codziennie nowe wiadomo\u015bci\",\"description\":\"Portal Miejski Gliwice\",\"publisher\":{\"@id\":\"https:\\\/\\\/www.24gliwice.pl\\\/wiadomosci\\\/#organization\"},\"potentialAction\":[{\"@type\":\"SearchAction\",\"target\":{\"@type\":\"EntryPoint\",\"urlTemplate\":\"https:\\\/\\\/www.24gliwice.pl\\\/wiadomosci\\\/?s={search_term_string}\"},\"query-input\":{\"@type\":\"PropertyValueSpecification\",\"valueRequired\":true,\"valueName\":\"search_term_string\"}}],\"inLanguage\":\"pl-PL\"},{\"@type\":\"Organization\",\"@id\":\"https:\\\/\\\/www.24gliwice.pl\\\/wiadomosci\\\/#organization\",\"name\":\"24gliwice\",\"url\":\"https:\\\/\\\/www.24gliwice.pl\\\/wiadomosci\\\/\",\"logo\":{\"@type\":\"ImageObject\",\"inLanguage\":\"pl-PL\",\"@id\":\"https:\\\/\\\/www.24gliwice.pl\\\/wiadomosci\\\/#\\\/schema\\\/logo\\\/image\\\/\",\"url\":\"https:\\\/\\\/www.24gliwice.pl\\\/wiadomosci\\\/wp-content\\\/uploads\\\/2024\\\/10\\\/24gliwice-logo-696.jpg\",\"contentUrl\":\"https:\\\/\\\/www.24gliwice.pl\\\/wiadomosci\\\/wp-content\\\/uploads\\\/2024\\\/10\\\/24gliwice-logo-696.jpg\",\"width\":696,\"height\":696,\"caption\":\"24gliwice\"},\"image\":{\"@id\":\"https:\\\/\\\/www.24gliwice.pl\\\/wiadomosci\\\/#\\\/schema\\\/logo\\\/image\\\/\"},\"sameAs\":[\"https:\\\/\\\/www.facebook.com\\\/24gliwice\",\"https:\\\/\\\/x.com\\\/24gliwice\",\"https:\\\/\\\/www.youtube.com\\\/@24gliwice\"]},{\"@type\":\"Person\",\"@id\":\"https:\\\/\\\/www.24gliwice.pl\\\/wiadomosci\\\/#\\\/schema\\\/person\\\/e42c650edd7f2fa332be3811fb166b6e\",\"name\":\"\u017baneta Mrozek-Siewierska\",\"image\":{\"@type\":\"ImageObject\",\"inLanguage\":\"pl-PL\",\"@id\":\"https:\\\/\\\/secure.gravatar.com\\\/avatar\\\/1881429e9c64597c77ad7aef2d0a19be69a3253e57534d16aa15bf3a4d34a0a3?s=96&d=mm&r=g\",\"url\":\"https:\\\/\\\/secure.gravatar.com\\\/avatar\\\/1881429e9c64597c77ad7aef2d0a19be69a3253e57534d16aa15bf3a4d34a0a3?s=96&d=mm&r=g\",\"contentUrl\":\"https:\\\/\\\/secure.gravatar.com\\\/avatar\\\/1881429e9c64597c77ad7aef2d0a19be69a3253e57534d16aa15bf3a4d34a0a3?s=96&d=mm&r=g\",\"caption\":\"\u017baneta Mrozek-Siewierska\"},\"url\":\"https:\\\/\\\/www.24gliwice.pl\\\/wiadomosci\\\/author\\\/zms\\\/\"}]}<\/script>\n<!-- \/ Yoast SEO plugin. -->","yoast_head_json":{"title":"W poniedzia\u0142ek rozpoczyna si\u0119 remont ruchliwej drogi do granicy z Gliwicami. Pojawi\u0105 si\u0119 objazdy - 24GLIWICE - Portal Gliwice | codziennie nowe informacje","robots":{"index":"index","follow":"follow","max-snippet":"max-snippet:-1","max-image-preview":"max-image-preview:large","max-video-preview":"max-video-preview:-1"},"canonical":"https:\/\/www.24gliwice.pl\/wiadomosci\/w-poniedzialek-rozpoczyna-sie-remont-ruchliwej-drogi-do-granicy-z-gliwicami-pojawia-sie-objazdy\/","og_locale":"pl_PL","og_type":"article","og_title":"W poniedzia\u0142ek rozpoczyna si\u0119 remont ruchliwej drogi do granicy z Gliwicami. Pojawi\u0105 si\u0119 objazdy - 24GLIWICE - Portal Gliwice | codziennie nowe informacje","og_description":"Zarz\u0105d Dr\u00f3g Powiatowych w Gliwicach informuje, \u017ce przyst\u0119puje do realizacji zadania zwi\u0105zanego z przebudow\u0105 drogi powiatowej Nr 2991S na odcinku od Koz\u0142owa do granicy z miastem Gliwice. W zwi\u0105zku z zakresem przebudowy nie pozwalaj\u0105cym na realizacje prac pod ruchem lub przy po\u0142\u00f3wkowym zamkni\u0119ciu konieczne jest ca\u0142kowite zamkniecie drogi Nr 2991 S na odcinku od Koz\u0142owa [&hellip;]","og_url":"https:\/\/www.24gliwice.pl\/wiadomosci\/w-poniedzialek-rozpoczyna-sie-remont-ruchliwej-drogi-do-granicy-z-gliwicami-pojawia-sie-objazdy\/","og_site_name":"24GLIWICE - Portal Gliwice | codziennie nowe informacje","article_publisher":"https:\/\/www.facebook.com\/24gliwice","article_published_time":"2017-08-11T12:58:30+00:00","og_image":[{"width":809,"height":456,"url":"https:\/\/www.24gliwice.pl\/wiadomosci\/wp-content\/uploads\/2017\/08\/remont-w-koz\u0142owie2.jpg","type":"image\/jpeg"}],"author":"\u017baneta Mrozek-Siewierska","twitter_card":"summary_large_image","twitter_creator":"@24gliwice","twitter_site":"@24gliwice","twitter_misc":{"Napisane przez":"\u017baneta Mrozek-Siewierska","Szacowany czas czytania":"1 minuta"},"schema":{"@context":"https:\/\/schema.org","@graph":[{"@type":"Article","@id":"https:\/\/www.24gliwice.pl\/wiadomosci\/w-poniedzialek-rozpoczyna-sie-remont-ruchliwej-drogi-do-granicy-z-gliwicami-pojawia-sie-objazdy\/#article","isPartOf":{"@id":"https:\/\/www.24gliwice.pl\/wiadomosci\/w-poniedzialek-rozpoczyna-sie-remont-ruchliwej-drogi-do-granicy-z-gliwicami-pojawia-sie-objazdy\/"},"author":{"name":"\u017baneta Mrozek-Siewierska","@id":"https:\/\/www.24gliwice.pl\/wiadomosci\/#\/schema\/person\/e42c650edd7f2fa332be3811fb166b6e"},"headline":"W poniedzia\u0142ek rozpoczyna si\u0119 remont ruchliwej drogi do granicy z Gliwicami. Pojawi\u0105 si\u0119 objazdy","datePublished":"2017-08-11T12:58:30+00:00","mainEntityOfPage":{"@id":"https:\/\/www.24gliwice.pl\/wiadomosci\/w-poniedzialek-rozpoczyna-sie-remont-ruchliwej-drogi-do-granicy-z-gliwicami-pojawia-sie-objazdy\/"},"wordCount":211,"commentCount":0,"publisher":{"@id":"https:\/\/www.24gliwice.pl\/wiadomosci\/#organization"},"image":{"@id":"https:\/\/www.24gliwice.pl\/wiadomosci\/w-poniedzialek-rozpoczyna-sie-remont-ruchliwej-drogi-do-granicy-z-gliwicami-pojawia-sie-objazdy\/#primaryimage"},"thumbnailUrl":"https:\/\/www.24gliwice.pl\/wiadomosci\/wp-content\/uploads\/2017\/08\/remont-w-koz\u0142owie2.jpg","keywords":["koz\u0142\u00f3w","objazdy","remont drogi"],"articleSection":["Gliwice","Najnowsze wiadomo\u015bci"],"inLanguage":"pl-PL","potentialAction":[{"@type":"CommentAction","name":"Comment","target":["https:\/\/www.24gliwice.pl\/wiadomosci\/w-poniedzialek-rozpoczyna-sie-remont-ruchliwej-drogi-do-granicy-z-gliwicami-pojawia-sie-objazdy\/#respond"]}]},{"@type":"WebPage","@id":"https:\/\/www.24gliwice.pl\/wiadomosci\/w-poniedzialek-rozpoczyna-sie-remont-ruchliwej-drogi-do-granicy-z-gliwicami-pojawia-sie-objazdy\/","url":"https:\/\/www.24gliwice.pl\/wiadomosci\/w-poniedzialek-rozpoczyna-sie-remont-ruchliwej-drogi-do-granicy-z-gliwicami-pojawia-sie-objazdy\/","name":"W poniedzia\u0142ek rozpoczyna si\u0119 remont ruchliwej drogi do granicy z Gliwicami. Pojawi\u0105 si\u0119 objazdy - 24GLIWICE - Portal Gliwice | codziennie nowe informacje","isPartOf":{"@id":"https:\/\/www.24gliwice.pl\/wiadomosci\/#website"},"primaryImageOfPage":{"@id":"https:\/\/www.24gliwice.pl\/wiadomosci\/w-poniedzialek-rozpoczyna-sie-remont-ruchliwej-drogi-do-granicy-z-gliwicami-pojawia-sie-objazdy\/#primaryimage"},"image":{"@id":"https:\/\/www.24gliwice.pl\/wiadomosci\/w-poniedzialek-rozpoczyna-sie-remont-ruchliwej-drogi-do-granicy-z-gliwicami-pojawia-sie-objazdy\/#primaryimage"},"thumbnailUrl":"https:\/\/www.24gliwice.pl\/wiadomosci\/wp-content\/uploads\/2017\/08\/remont-w-koz\u0142owie2.jpg","datePublished":"2017-08-11T12:58:30+00:00","breadcrumb":{"@id":"https:\/\/www.24gliwice.pl\/wiadomosci\/w-poniedzialek-rozpoczyna-sie-remont-ruchliwej-drogi-do-granicy-z-gliwicami-pojawia-sie-objazdy\/#breadcrumb"},"inLanguage":"pl-PL","potentialAction":[{"@type":"ReadAction","target":["https:\/\/www.24gliwice.pl\/wiadomosci\/w-poniedzialek-rozpoczyna-sie-remont-ruchliwej-drogi-do-granicy-z-gliwicami-pojawia-sie-objazdy\/"]}]},{"@type":"ImageObject","inLanguage":"pl-PL","@id":"https:\/\/www.24gliwice.pl\/wiadomosci\/w-poniedzialek-rozpoczyna-sie-remont-ruchliwej-drogi-do-granicy-z-gliwicami-pojawia-sie-objazdy\/#primaryimage","url":"https:\/\/www.24gliwice.pl\/wiadomosci\/wp-content\/uploads\/2017\/08\/remont-w-koz\u0142owie2.jpg","contentUrl":"https:\/\/www.24gliwice.pl\/wiadomosci\/wp-content\/uploads\/2017\/08\/remont-w-koz\u0142owie2.jpg","width":809,"height":456},{"@type":"BreadcrumbList","@id":"https:\/\/www.24gliwice.pl\/wiadomosci\/w-poniedzialek-rozpoczyna-sie-remont-ruchliwej-drogi-do-granicy-z-gliwicami-pojawia-sie-objazdy\/#breadcrumb","itemListElement":[{"@type":"ListItem","position":1,"name":"Strona g\u0142\u00f3wna","item":"https:\/\/www.24gliwice.pl\/wiadomosci\/"},{"@type":"ListItem","position":2,"name":"W poniedzia\u0142ek rozpoczyna si\u0119 remont ruchliwej drogi do granicy z Gliwicami. Pojawi\u0105 si\u0119 objazdy"}]},{"@type":"WebSite","@id":"https:\/\/www.24gliwice.pl\/wiadomosci\/#website","url":"https:\/\/www.24gliwice.pl\/wiadomosci\/","name":"24GLIWICE - Portal Gliwice | codziennie nowe wiadomo\u015bci","description":"Portal Miejski Gliwice","publisher":{"@id":"https:\/\/www.24gliwice.pl\/wiadomosci\/#organization"},"potentialAction":[{"@type":"SearchAction","target":{"@type":"EntryPoint","urlTemplate":"https:\/\/www.24gliwice.pl\/wiadomosci\/?s={search_term_string}"},"query-input":{"@type":"PropertyValueSpecification","valueRequired":true,"valueName":"search_term_string"}}],"inLanguage":"pl-PL"},{"@type":"Organization","@id":"https:\/\/www.24gliwice.pl\/wiadomosci\/#organization","name":"24gliwice","url":"https:\/\/www.24gliwice.pl\/wiadomosci\/","logo":{"@type":"ImageObject","inLanguage":"pl-PL","@id":"https:\/\/www.24gliwice.pl\/wiadomosci\/#\/schema\/logo\/image\/","url":"https:\/\/www.24gliwice.pl\/wiadomosci\/wp-content\/uploads\/2024\/10\/24gliwice-logo-696.jpg","contentUrl":"https:\/\/www.24gliwice.pl\/wiadomosci\/wp-content\/uploads\/2024\/10\/24gliwice-logo-696.jpg","width":696,"height":696,"caption":"24gliwice"},"image":{"@id":"https:\/\/www.24gliwice.pl\/wiadomosci\/#\/schema\/logo\/image\/"},"sameAs":["https:\/\/www.facebook.com\/24gliwice","https:\/\/x.com\/24gliwice","https:\/\/www.youtube.com\/@24gliwice"]},{"@type":"Person","@id":"https:\/\/www.24gliwice.pl\/wiadomosci\/#\/schema\/person\/e42c650edd7f2fa332be3811fb166b6e","name":"\u017baneta Mrozek-Siewierska","image":{"@type":"ImageObject","inLanguage":"pl-PL","@id":"https:\/\/secure.gravatar.com\/avatar\/1881429e9c64597c77ad7aef2d0a19be69a3253e57534d16aa15bf3a4d34a0a3?s=96&d=mm&r=g","url":"https:\/\/secure.gravatar.com\/avatar\/1881429e9c64597c77ad7aef2d0a19be69a3253e57534d16aa15bf3a4d34a0a3?s=96&d=mm&r=g","contentUrl":"https:\/\/secure.gravatar.com\/avatar\/1881429e9c64597c77ad7aef2d0a19be69a3253e57534d16aa15bf3a4d34a0a3?s=96&d=mm&r=g","caption":"\u017baneta Mrozek-Siewierska"},"url":"https:\/\/www.24gliwice.pl\/wiadomosci\/author\/zms\/"}]}},"_links":{"self":[{"href":"https:\/\/www.24gliwice.pl\/wiadomosci\/wp-json\/wp\/v2\/posts\/102862","targetHints":{"allow":["GET"]}}],"collection":[{"href":"https:\/\/www.24gliwice.pl\/wiadomosci\/wp-json\/wp\/v2\/posts"}],"about":[{"href":"https:\/\/www.24gliwice.pl\/wiadomosci\/wp-json\/wp\/v2\/types\/post"}],"author":[{"embeddable":true,"href":"https:\/\/www.24gliwice.pl\/wiadomosci\/wp-json\/wp\/v2\/users\/15"}],"replies":[{"embeddable":true,"href":"https:\/\/www.24gliwice.pl\/wiadomosci\/wp-json\/wp\/v2\/comments?post=102862"}],"version-history":[{"count":0,"href":"https:\/\/www.24gliwice.pl\/wiadomosci\/wp-json\/wp\/v2\/posts\/102862\/revisions"}],"wp:featuredmedia":[{"embeddable":true,"href":"https:\/\/www.24gliwice.pl\/wiadomosci\/wp-json\/wp\/v2\/media\/102865"}],"wp:attachment":[{"href":"https:\/\/www.24gliwice.pl\/wiadomosci\/wp-json\/wp\/v2\/media?parent=102862"}],"wp:term":[{"taxonomy":"category","embeddable":true,"href":"https:\/\/www.24gliwice.pl\/wiadomosci\/wp-json\/wp\/v2\/categories?post=102862"},{"taxonomy":"post_tag","embeddable":true,"href":"https:\/\/www.24gliwice.pl\/wiadomosci\/wp-json\/wp\/v2\/tags?post=102862"}],"curies":[{"name":"wp","href":"https:\/\/api.w.org\/{rel}","templated":true}]}}