{"id":102923,"date":"2017-08-11T23:22:41","date_gmt":"2017-08-11T21:22:41","guid":{"rendered":"http:\/\/www.24gliwice.pl\/wiadomosci\/?p=102923"},"modified":"2024-08-20T02:01:21","modified_gmt":"2024-08-20T00:01:21","slug":"porazka-w-warszawie-piast-gliwice-traci-trzy-bramki-i-laduje-na-ostatnim-miejscu-tabeli","status":"publish","type":"post","link":"https:\/\/www.24gliwice.pl\/wiadomosci\/porazka-w-warszawie-piast-gliwice-traci-trzy-bramki-i-laduje-na-ostatnim-miejscu-tabeli\/","title":{"rendered":"Pora\u017cka w Warszawie. Piast Gliwice traci trzy bramki i l\u0105duje na ostatnim miejscu tabeli"},"content":{"rendered":"<div class=\"gliwi-a6-nad-leadem-artykulow gliwi-entity-placement\" id=\"gliwi-1084235553\"><div class=\"gliwi-adlabel\"><span style=\"font-size: 9px\">REKLAMA<\/span><\/div><div id=\"gliwi-3488535113\" style=\"margin-bottom: 30px;margin-left: auto;margin-right: auto;text-align: center;\"><a data-no-instant=\"1\" href=\"https:\/\/przedszkole.halogen.org.pl\/\" rel=\"noopener\" class=\"a2t-link\" target=\"_blank\" aria-label=\"20260402-ANIMATOR-przedszkole_grafika_750x200\"><img loading=\"lazy\" decoding=\"async\" src=\"https:\/\/www.24gliwice.pl\/wiadomosci\/wp-content\/uploads\/2026\/04\/20260402-ANIMATOR-przedszkole_grafika_750x200.webp\" alt=\"\"  srcset=\"https:\/\/www.24gliwice.pl\/wiadomosci\/wp-content\/uploads\/2026\/04\/20260402-ANIMATOR-przedszkole_grafika_750x200.webp 750w, https:\/\/www.24gliwice.pl\/wiadomosci\/wp-content\/uploads\/2026\/04\/20260402-ANIMATOR-przedszkole_grafika_750x200-410x109.webp 410w\" sizes=\"(max-width: 750px) 100vw, 750px\" class=\"no-lazyload\" width=\"750\" height=\"200\"  style=\"display: inline-block; max-width: 100%; height: auto;\" \/><\/a><\/div><\/div><h3>Piast Gliwice przegra\u0142 na wyje\u017adzie z Legi\u0105 Warszawa 1-3 (0-1) w pi\u0105tkowym meczu 5. kolejki Lotto Ekstraklasy. Jedynego gola dla Niebiesko-Czerwonych zdoby\u0142 Michal Papadopulos.<\/h3>\n<p>Pocz\u0105tek rywalizacji nale\u017ca\u0142 do gospodarzy, kt\u00f3rzy d\u0142u\u017cej utrzymywali si\u0119 przy pi\u0142ce. Swoj\u0105 przewag\u0119 w posiadaniu udokumentowali bramk\u0105, otwieraj\u0105c\u0105 wynik spotkania. Ju\u017c w 18. minucie na list\u0119 strzelc\u00f3w wpisa\u0142 si\u0119 <strong>Dominik Nagy<\/strong>, kt\u00f3ry pokona\u0142 <strong>Jakuba Szmatu\u0142\u0119<\/strong> mocnym uderzeniem z oko\u0142o szesnastu metr\u00f3w.<\/p>\n<p>W dalszej cz\u0119\u015bci pierwszej po\u0142owy Wojskowi dalej rozgrywali, ale dzi\u0119ki dobrej grze defensywy Piasta nie stworzyli sobie wi\u0119cej gro\u017anych sytuacji. Strza\u0142\u00f3w pr\u00f3bowali <strong>Daniel Chima Chukwu<\/strong> oraz <strong>Krzysztof M\u0105czy\u0144ski<\/strong>, ale obaj nie trafili w \u015bwiat\u0142o bramki.<br \/>\nW drugiej po\u0142owie Niebiesko-Czerwoni coraz \u015bmielej przedostawali si\u0119 pod pole karne Legii pr\u00f3bowali zagrozi\u0107 bramce <strong>Arkadiusza Malarza<\/strong>. <strong>Marcin Pietrowski<\/strong> i <strong>Martin Bukata<\/strong> uderzali z dystansu, ale niestety niecelnie.<br \/>\nW 68. minucie w dobrej sytuacji znale\u017ali si\u0119 tak\u017ce Wojskowi. <strong>Armando Sadiku<\/strong> wbieg\u0142 w szesnastk\u0119 Piasta i odda\u0142 strza\u0142, ale dobr\u0105 interwencj\u0105 popisa\u0142 si\u0119 Szmatu\u0142a.<\/p><div class=\"gliwi-a3-w-tresci-artykulow gliwi-entity-placement\" id=\"gliwi-2087857597\"><div class=\"gliwi-adlabel\"><span style=\"font-size: 9px\">REKLAMA<\/span><\/div><div id=\"gliwi-401460809\" style=\"margin-bottom: 30px;margin-left: auto;margin-right: auto;text-align: center;\"><a data-no-instant=\"1\" href=\"https:\/\/zlobek.halogen.org.pl\/\" rel=\"noopener\" class=\"a2t-link\" target=\"_blank\" aria-label=\"animator-zlobek_750x200\"><img loading=\"lazy\" decoding=\"async\" src=\"https:\/\/www.24gliwice.pl\/wiadomosci\/wp-content\/uploads\/2026\/02\/animator-zlobek_750x200.webp\" alt=\"\"  srcset=\"https:\/\/www.24gliwice.pl\/wiadomosci\/wp-content\/uploads\/2026\/02\/animator-zlobek_750x200.webp 750w, https:\/\/www.24gliwice.pl\/wiadomosci\/wp-content\/uploads\/2026\/02\/animator-zlobek_750x200-410x109.webp 410w\" sizes=\"(max-width: 750px) 100vw, 750px\" class=\"no-lazyload\" width=\"750\" height=\"200\"  style=\"display: inline-block; max-width: 100%; height: auto;\" \/><\/a><\/div><\/div>\n<p>Chwil\u0119 p\u00f3\u017aniej w stuprocentowej sytuacji znalaz\u0142 si\u0119 <strong>Michal Papadopulos<\/strong>, kt\u00f3ry otrzyma\u0142 idealne podanie od P<strong>ietrowskiego<\/strong> i odda\u0142 strza\u0142. Pi\u0142k\u0119 z linii bramkowej wybi\u0142 jednak <strong>Micha\u0142 Pazdan<\/strong>&#8230;<br \/>\nSkuteczniejsi byli pi\u0142karze Legii, kt\u00f3rzy w ko\u0144cowym fragmencie rywalizacji jeszcze dwa razy trafili do siatki. Piast odpowiedzia\u0142 jedynie honorowym golem, strzelonym przez Michala Papadopulosa.<\/p>\n<p>Mecz zosta\u0142 rozegrany na Stadionie Wojska Polskiego w Warszawie. Na trybunach pojawi\u0142o si\u0119 13 768 kibic\u00f3w.<\/p>\n<h5>Legia Warszawa &#8211; Piast Gliwice 3-1 (1-0)<\/h5>\n<p>1-0 &#8211; Nagy, 18 min.<br \/>\n2-0 &#8211; M\u0105czy\u0144ski, 78 min.<br \/>\n3-0 &#8211; Guilherme, 80 min.<br \/>\n3-1 &#8211; Papadopulos, 89 min.<\/p>\n<p>Biuro Prasowe<br \/>\nGKS Piast SA<\/p>\n<div class=\"gliwi-a5-na-koncu-artykulow gliwi-entity-placement\" id=\"gliwi-1208766943\"><div class=\"gliwi-adlabel\"><span style=\"font-size: 9px\">REKLAMA<\/span><\/div><div id=\"gliwi-2284495259\" style=\"margin-left: auto;margin-right: auto;text-align: center;\"><a data-no-instant=\"1\" href=\"https:\/\/prezeroarenagliwice.pl\/\" rel=\"noopener\" class=\"a2t-link\" target=\"_blank\" aria-label=\"20260309-PREZERO-WIOSNA-D\"><img loading=\"lazy\" decoding=\"async\" src=\"https:\/\/www.24gliwice.pl\/wiadomosci\/wp-content\/uploads\/2026\/03\/20260309-PREZERO-WIOSNA-D.webp\" alt=\"\"  srcset=\"https:\/\/www.24gliwice.pl\/wiadomosci\/wp-content\/uploads\/2026\/03\/20260309-PREZERO-WIOSNA-D.webp 750w, https:\/\/www.24gliwice.pl\/wiadomosci\/wp-content\/uploads\/2026\/03\/20260309-PREZERO-WIOSNA-D-410x109.webp 410w\" sizes=\"(max-width: 750px) 100vw, 750px\" class=\"no-lazyload\" width=\"750\" height=\"200\"  style=\"display: inline-block; max-width: 100%; height: auto;\" \/><\/a><\/div><\/div>","protected":false},"excerpt":{"rendered":"<p>Piast Gliwice przegra\u0142 na wyje\u017adzie z Legi\u0105 Warszawa 1-3 (0-1) w pi\u0105tkowym meczu 5. kolejki Lotto Ekstraklasy. Jedynego gola dla Niebiesko-Czerwonych zdoby\u0142 Michal Papadopulos. Pocz\u0105tek rywalizacji nale\u017ca\u0142 do gospodarzy, kt\u00f3rzy d\u0142u\u017cej utrzymywali si\u0119 przy pi\u0142ce. Swoj\u0105 przewag\u0119 w posiadaniu udokumentowali bramk\u0105, otwieraj\u0105c\u0105 wynik spotkania. Ju\u017c w 18. minucie na list\u0119 strzelc\u00f3w wpisa\u0142 si\u0119 Dominik Nagy, [&hellip;]<\/p>\n","protected":false},"author":4,"featured_media":102925,"comment_status":"open","ping_status":"closed","sticky":false,"template":"","format":"standard","meta":{"_monsterinsights_skip_tracking":false,"_monsterinsights_sitenote_active":false,"_monsterinsights_sitenote_note":"","_monsterinsights_sitenote_category":0,"footnotes":"","_links_to":"","_links_to_target":""},"categories":[1,23842],"tags":[2786,7343,8186,119,2685],"class_list":["post-102923","post","type-post","status-publish","format-standard","has-post-thumbnail","hentry","category-wszystko","category-sport_gliwice","tag-ekstraklasa","tag-legia-warszawa","tag-mecz","tag-piast","tag-pilka-nozna"],"yoast_head":"<!-- This site is optimized with the Yoast SEO plugin v27.5 - https:\/\/yoast.com\/product\/yoast-seo-wordpress\/ -->\n<title>Pora\u017cka w Warszawie. Piast Gliwice traci trzy bramki i l\u0105duje na ostatnim miejscu tabeli - 24GLIWICE - Portal Gliwice | codziennie nowe informacje<\/title>\n<meta name=\"robots\" content=\"index, follow, max-snippet:-1, max-image-preview:large, max-video-preview:-1\" \/>\n<link rel=\"canonical\" href=\"https:\/\/www.24gliwice.pl\/wiadomosci\/porazka-w-warszawie-piast-gliwice-traci-trzy-bramki-i-laduje-na-ostatnim-miejscu-tabeli\/\" \/>\n<meta property=\"og:locale\" content=\"pl_PL\" \/>\n<meta property=\"og:type\" content=\"article\" \/>\n<meta property=\"og:title\" content=\"Pora\u017cka w Warszawie. Piast Gliwice traci trzy bramki i l\u0105duje na ostatnim miejscu tabeli - 24GLIWICE - Portal Gliwice | codziennie nowe informacje\" \/>\n<meta property=\"og:description\" content=\"Piast Gliwice przegra\u0142 na wyje\u017adzie z Legi\u0105 Warszawa 1-3 (0-1) w pi\u0105tkowym meczu 5. kolejki Lotto Ekstraklasy. Jedynego gola dla Niebiesko-Czerwonych zdoby\u0142 Michal Papadopulos. Pocz\u0105tek rywalizacji nale\u017ca\u0142 do gospodarzy, kt\u00f3rzy d\u0142u\u017cej utrzymywali si\u0119 przy pi\u0142ce. Swoj\u0105 przewag\u0119 w posiadaniu udokumentowali bramk\u0105, otwieraj\u0105c\u0105 wynik spotkania. Ju\u017c w 18. minucie na list\u0119 strzelc\u00f3w wpisa\u0142 si\u0119 Dominik Nagy, [&hellip;]\" \/>\n<meta property=\"og:url\" content=\"https:\/\/www.24gliwice.pl\/wiadomosci\/porazka-w-warszawie-piast-gliwice-traci-trzy-bramki-i-laduje-na-ostatnim-miejscu-tabeli\/\" \/>\n<meta property=\"og:site_name\" content=\"24GLIWICE - Portal Gliwice | codziennie nowe informacje\" \/>\n<meta property=\"article:publisher\" content=\"https:\/\/www.facebook.com\/24gliwice\" \/>\n<meta property=\"article:author\" content=\"https:\/\/www.facebook.com\/marcin.fabrykowski\" \/>\n<meta property=\"article:published_time\" content=\"2017-08-11T21:22:41+00:00\" \/>\n<meta property=\"article:modified_time\" content=\"2024-08-20T00:01:21+00:00\" \/>\n<meta property=\"og:image\" content=\"https:\/\/www.24gliwice.pl\/wiadomosci\/wp-content\/uploads\/2017\/08\/Screenshot_44.jpg\" \/>\n\t<meta property=\"og:image:width\" content=\"836\" \/>\n\t<meta property=\"og:image:height\" content=\"482\" \/>\n\t<meta property=\"og:image:type\" content=\"image\/jpeg\" \/>\n<meta name=\"author\" content=\"Marcin Fabrykowski\" \/>\n<meta name=\"twitter:card\" content=\"summary_large_image\" \/>\n<meta name=\"twitter:creator\" content=\"@24gliwice\" \/>\n<meta name=\"twitter:site\" content=\"@24gliwice\" \/>\n<meta name=\"twitter:label1\" content=\"Napisane przez\" \/>\n\t<meta name=\"twitter:data1\" content=\"Marcin Fabrykowski\" \/>\n\t<meta name=\"twitter:label2\" content=\"Szacowany czas czytania\" \/>\n\t<meta name=\"twitter:data2\" content=\"1 minuta\" \/>\n<script type=\"application\/ld+json\" class=\"yoast-schema-graph\">{\"@context\":\"https:\\\/\\\/schema.org\",\"@graph\":[{\"@type\":\"Article\",\"@id\":\"https:\\\/\\\/www.24gliwice.pl\\\/wiadomosci\\\/porazka-w-warszawie-piast-gliwice-traci-trzy-bramki-i-laduje-na-ostatnim-miejscu-tabeli\\\/#article\",\"isPartOf\":{\"@id\":\"https:\\\/\\\/www.24gliwice.pl\\\/wiadomosci\\\/porazka-w-warszawie-piast-gliwice-traci-trzy-bramki-i-laduje-na-ostatnim-miejscu-tabeli\\\/\"},\"author\":{\"name\":\"Marcin Fabrykowski\",\"@id\":\"https:\\\/\\\/www.24gliwice.pl\\\/wiadomosci\\\/#\\\/schema\\\/person\\\/cb5857e4a4d048c15984c1edcc8ef0c0\"},\"headline\":\"Pora\u017cka w Warszawie. Piast Gliwice traci trzy bramki i l\u0105duje na ostatnim miejscu tabeli\",\"datePublished\":\"2017-08-11T21:22:41+00:00\",\"dateModified\":\"2024-08-20T00:01:21+00:00\",\"mainEntityOfPage\":{\"@id\":\"https:\\\/\\\/www.24gliwice.pl\\\/wiadomosci\\\/porazka-w-warszawie-piast-gliwice-traci-trzy-bramki-i-laduje-na-ostatnim-miejscu-tabeli\\\/\"},\"wordCount\":296,\"commentCount\":0,\"publisher\":{\"@id\":\"https:\\\/\\\/www.24gliwice.pl\\\/wiadomosci\\\/#organization\"},\"image\":{\"@id\":\"https:\\\/\\\/www.24gliwice.pl\\\/wiadomosci\\\/porazka-w-warszawie-piast-gliwice-traci-trzy-bramki-i-laduje-na-ostatnim-miejscu-tabeli\\\/#primaryimage\"},\"thumbnailUrl\":\"https:\\\/\\\/www.24gliwice.pl\\\/wiadomosci\\\/wp-content\\\/uploads\\\/2017\\\/08\\\/Screenshot_44.jpg\",\"keywords\":[\"EKSTRAKLASA\",\"legia warszawa\",\"MECZ\",\"PIAST\",\"PI\u0141KA NO\u017bNA\"],\"articleSection\":[\"Najnowsze wiadomo\u015bci\",\"Sport\"],\"inLanguage\":\"pl-PL\",\"potentialAction\":[{\"@type\":\"CommentAction\",\"name\":\"Comment\",\"target\":[\"https:\\\/\\\/www.24gliwice.pl\\\/wiadomosci\\\/porazka-w-warszawie-piast-gliwice-traci-trzy-bramki-i-laduje-na-ostatnim-miejscu-tabeli\\\/#respond\"]}]},{\"@type\":\"WebPage\",\"@id\":\"https:\\\/\\\/www.24gliwice.pl\\\/wiadomosci\\\/porazka-w-warszawie-piast-gliwice-traci-trzy-bramki-i-laduje-na-ostatnim-miejscu-tabeli\\\/\",\"url\":\"https:\\\/\\\/www.24gliwice.pl\\\/wiadomosci\\\/porazka-w-warszawie-piast-gliwice-traci-trzy-bramki-i-laduje-na-ostatnim-miejscu-tabeli\\\/\",\"name\":\"Pora\u017cka w Warszawie. Piast Gliwice traci trzy bramki i l\u0105duje na ostatnim miejscu tabeli - 24GLIWICE - Portal Gliwice | codziennie nowe informacje\",\"isPartOf\":{\"@id\":\"https:\\\/\\\/www.24gliwice.pl\\\/wiadomosci\\\/#website\"},\"primaryImageOfPage\":{\"@id\":\"https:\\\/\\\/www.24gliwice.pl\\\/wiadomosci\\\/porazka-w-warszawie-piast-gliwice-traci-trzy-bramki-i-laduje-na-ostatnim-miejscu-tabeli\\\/#primaryimage\"},\"image\":{\"@id\":\"https:\\\/\\\/www.24gliwice.pl\\\/wiadomosci\\\/porazka-w-warszawie-piast-gliwice-traci-trzy-bramki-i-laduje-na-ostatnim-miejscu-tabeli\\\/#primaryimage\"},\"thumbnailUrl\":\"https:\\\/\\\/www.24gliwice.pl\\\/wiadomosci\\\/wp-content\\\/uploads\\\/2017\\\/08\\\/Screenshot_44.jpg\",\"datePublished\":\"2017-08-11T21:22:41+00:00\",\"dateModified\":\"2024-08-20T00:01:21+00:00\",\"breadcrumb\":{\"@id\":\"https:\\\/\\\/www.24gliwice.pl\\\/wiadomosci\\\/porazka-w-warszawie-piast-gliwice-traci-trzy-bramki-i-laduje-na-ostatnim-miejscu-tabeli\\\/#breadcrumb\"},\"inLanguage\":\"pl-PL\",\"potentialAction\":[{\"@type\":\"ReadAction\",\"target\":[\"https:\\\/\\\/www.24gliwice.pl\\\/wiadomosci\\\/porazka-w-warszawie-piast-gliwice-traci-trzy-bramki-i-laduje-na-ostatnim-miejscu-tabeli\\\/\"]}]},{\"@type\":\"ImageObject\",\"inLanguage\":\"pl-PL\",\"@id\":\"https:\\\/\\\/www.24gliwice.pl\\\/wiadomosci\\\/porazka-w-warszawie-piast-gliwice-traci-trzy-bramki-i-laduje-na-ostatnim-miejscu-tabeli\\\/#primaryimage\",\"url\":\"https:\\\/\\\/www.24gliwice.pl\\\/wiadomosci\\\/wp-content\\\/uploads\\\/2017\\\/08\\\/Screenshot_44.jpg\",\"contentUrl\":\"https:\\\/\\\/www.24gliwice.pl\\\/wiadomosci\\\/wp-content\\\/uploads\\\/2017\\\/08\\\/Screenshot_44.jpg\",\"width\":836,\"height\":482},{\"@type\":\"BreadcrumbList\",\"@id\":\"https:\\\/\\\/www.24gliwice.pl\\\/wiadomosci\\\/porazka-w-warszawie-piast-gliwice-traci-trzy-bramki-i-laduje-na-ostatnim-miejscu-tabeli\\\/#breadcrumb\",\"itemListElement\":[{\"@type\":\"ListItem\",\"position\":1,\"name\":\"Strona g\u0142\u00f3wna\",\"item\":\"https:\\\/\\\/www.24gliwice.pl\\\/wiadomosci\\\/\"},{\"@type\":\"ListItem\",\"position\":2,\"name\":\"Pora\u017cka w Warszawie. Piast Gliwice traci trzy bramki i l\u0105duje na ostatnim miejscu tabeli\"}]},{\"@type\":\"WebSite\",\"@id\":\"https:\\\/\\\/www.24gliwice.pl\\\/wiadomosci\\\/#website\",\"url\":\"https:\\\/\\\/www.24gliwice.pl\\\/wiadomosci\\\/\",\"name\":\"24GLIWICE - Portal Gliwice | codziennie nowe wiadomo\u015bci\",\"description\":\"Portal Miejski Gliwice\",\"publisher\":{\"@id\":\"https:\\\/\\\/www.24gliwice.pl\\\/wiadomosci\\\/#organization\"},\"potentialAction\":[{\"@type\":\"SearchAction\",\"target\":{\"@type\":\"EntryPoint\",\"urlTemplate\":\"https:\\\/\\\/www.24gliwice.pl\\\/wiadomosci\\\/?s={search_term_string}\"},\"query-input\":{\"@type\":\"PropertyValueSpecification\",\"valueRequired\":true,\"valueName\":\"search_term_string\"}}],\"inLanguage\":\"pl-PL\"},{\"@type\":\"Organization\",\"@id\":\"https:\\\/\\\/www.24gliwice.pl\\\/wiadomosci\\\/#organization\",\"name\":\"24gliwice\",\"url\":\"https:\\\/\\\/www.24gliwice.pl\\\/wiadomosci\\\/\",\"logo\":{\"@type\":\"ImageObject\",\"inLanguage\":\"pl-PL\",\"@id\":\"https:\\\/\\\/www.24gliwice.pl\\\/wiadomosci\\\/#\\\/schema\\\/logo\\\/image\\\/\",\"url\":\"https:\\\/\\\/www.24gliwice.pl\\\/wiadomosci\\\/wp-content\\\/uploads\\\/2024\\\/10\\\/24gliwice-logo-696.jpg\",\"contentUrl\":\"https:\\\/\\\/www.24gliwice.pl\\\/wiadomosci\\\/wp-content\\\/uploads\\\/2024\\\/10\\\/24gliwice-logo-696.jpg\",\"width\":696,\"height\":696,\"caption\":\"24gliwice\"},\"image\":{\"@id\":\"https:\\\/\\\/www.24gliwice.pl\\\/wiadomosci\\\/#\\\/schema\\\/logo\\\/image\\\/\"},\"sameAs\":[\"https:\\\/\\\/www.facebook.com\\\/24gliwice\",\"https:\\\/\\\/x.com\\\/24gliwice\",\"https:\\\/\\\/www.youtube.com\\\/@24gliwice\"]},{\"@type\":\"Person\",\"@id\":\"https:\\\/\\\/www.24gliwice.pl\\\/wiadomosci\\\/#\\\/schema\\\/person\\\/cb5857e4a4d048c15984c1edcc8ef0c0\",\"name\":\"Marcin Fabrykowski\",\"image\":{\"@type\":\"ImageObject\",\"inLanguage\":\"pl-PL\",\"@id\":\"https:\\\/\\\/www.24gliwice.pl\\\/wiadomosci\\\/wp-content\\\/uploads\\\/2025\\\/11\\\/zdjecie-moje-marcin-300-96x96.jpg\",\"url\":\"https:\\\/\\\/www.24gliwice.pl\\\/wiadomosci\\\/wp-content\\\/uploads\\\/2025\\\/11\\\/zdjecie-moje-marcin-300-96x96.jpg\",\"contentUrl\":\"https:\\\/\\\/www.24gliwice.pl\\\/wiadomosci\\\/wp-content\\\/uploads\\\/2025\\\/11\\\/zdjecie-moje-marcin-300-96x96.jpg\",\"caption\":\"Marcin Fabrykowski\"},\"sameAs\":[\"http:\\\/\\\/24gliwice.pl\",\"https:\\\/\\\/www.facebook.com\\\/marcin.fabrykowski\"],\"url\":\"https:\\\/\\\/www.24gliwice.pl\\\/wiadomosci\\\/author\\\/marcin-fabrykowski\\\/\"}]}<\/script>\n<!-- \/ Yoast SEO plugin. -->","yoast_head_json":{"title":"Pora\u017cka w Warszawie. Piast Gliwice traci trzy bramki i l\u0105duje na ostatnim miejscu tabeli - 24GLIWICE - Portal Gliwice | codziennie nowe informacje","robots":{"index":"index","follow":"follow","max-snippet":"max-snippet:-1","max-image-preview":"max-image-preview:large","max-video-preview":"max-video-preview:-1"},"canonical":"https:\/\/www.24gliwice.pl\/wiadomosci\/porazka-w-warszawie-piast-gliwice-traci-trzy-bramki-i-laduje-na-ostatnim-miejscu-tabeli\/","og_locale":"pl_PL","og_type":"article","og_title":"Pora\u017cka w Warszawie. Piast Gliwice traci trzy bramki i l\u0105duje na ostatnim miejscu tabeli - 24GLIWICE - Portal Gliwice | codziennie nowe informacje","og_description":"Piast Gliwice przegra\u0142 na wyje\u017adzie z Legi\u0105 Warszawa 1-3 (0-1) w pi\u0105tkowym meczu 5. kolejki Lotto Ekstraklasy. Jedynego gola dla Niebiesko-Czerwonych zdoby\u0142 Michal Papadopulos. Pocz\u0105tek rywalizacji nale\u017ca\u0142 do gospodarzy, kt\u00f3rzy d\u0142u\u017cej utrzymywali si\u0119 przy pi\u0142ce. Swoj\u0105 przewag\u0119 w posiadaniu udokumentowali bramk\u0105, otwieraj\u0105c\u0105 wynik spotkania. Ju\u017c w 18. minucie na list\u0119 strzelc\u00f3w wpisa\u0142 si\u0119 Dominik Nagy, [&hellip;]","og_url":"https:\/\/www.24gliwice.pl\/wiadomosci\/porazka-w-warszawie-piast-gliwice-traci-trzy-bramki-i-laduje-na-ostatnim-miejscu-tabeli\/","og_site_name":"24GLIWICE - Portal Gliwice | codziennie nowe informacje","article_publisher":"https:\/\/www.facebook.com\/24gliwice","article_author":"https:\/\/www.facebook.com\/marcin.fabrykowski","article_published_time":"2017-08-11T21:22:41+00:00","article_modified_time":"2024-08-20T00:01:21+00:00","og_image":[{"width":836,"height":482,"url":"https:\/\/www.24gliwice.pl\/wiadomosci\/wp-content\/uploads\/2017\/08\/Screenshot_44.jpg","type":"image\/jpeg"}],"author":"Marcin Fabrykowski","twitter_card":"summary_large_image","twitter_creator":"@24gliwice","twitter_site":"@24gliwice","twitter_misc":{"Napisane przez":"Marcin Fabrykowski","Szacowany czas czytania":"1 minuta"},"schema":{"@context":"https:\/\/schema.org","@graph":[{"@type":"Article","@id":"https:\/\/www.24gliwice.pl\/wiadomosci\/porazka-w-warszawie-piast-gliwice-traci-trzy-bramki-i-laduje-na-ostatnim-miejscu-tabeli\/#article","isPartOf":{"@id":"https:\/\/www.24gliwice.pl\/wiadomosci\/porazka-w-warszawie-piast-gliwice-traci-trzy-bramki-i-laduje-na-ostatnim-miejscu-tabeli\/"},"author":{"name":"Marcin Fabrykowski","@id":"https:\/\/www.24gliwice.pl\/wiadomosci\/#\/schema\/person\/cb5857e4a4d048c15984c1edcc8ef0c0"},"headline":"Pora\u017cka w Warszawie. Piast Gliwice traci trzy bramki i l\u0105duje na ostatnim miejscu tabeli","datePublished":"2017-08-11T21:22:41+00:00","dateModified":"2024-08-20T00:01:21+00:00","mainEntityOfPage":{"@id":"https:\/\/www.24gliwice.pl\/wiadomosci\/porazka-w-warszawie-piast-gliwice-traci-trzy-bramki-i-laduje-na-ostatnim-miejscu-tabeli\/"},"wordCount":296,"commentCount":0,"publisher":{"@id":"https:\/\/www.24gliwice.pl\/wiadomosci\/#organization"},"image":{"@id":"https:\/\/www.24gliwice.pl\/wiadomosci\/porazka-w-warszawie-piast-gliwice-traci-trzy-bramki-i-laduje-na-ostatnim-miejscu-tabeli\/#primaryimage"},"thumbnailUrl":"https:\/\/www.24gliwice.pl\/wiadomosci\/wp-content\/uploads\/2017\/08\/Screenshot_44.jpg","keywords":["EKSTRAKLASA","legia warszawa","MECZ","PIAST","PI\u0141KA NO\u017bNA"],"articleSection":["Najnowsze wiadomo\u015bci","Sport"],"inLanguage":"pl-PL","potentialAction":[{"@type":"CommentAction","name":"Comment","target":["https:\/\/www.24gliwice.pl\/wiadomosci\/porazka-w-warszawie-piast-gliwice-traci-trzy-bramki-i-laduje-na-ostatnim-miejscu-tabeli\/#respond"]}]},{"@type":"WebPage","@id":"https:\/\/www.24gliwice.pl\/wiadomosci\/porazka-w-warszawie-piast-gliwice-traci-trzy-bramki-i-laduje-na-ostatnim-miejscu-tabeli\/","url":"https:\/\/www.24gliwice.pl\/wiadomosci\/porazka-w-warszawie-piast-gliwice-traci-trzy-bramki-i-laduje-na-ostatnim-miejscu-tabeli\/","name":"Pora\u017cka w Warszawie. Piast Gliwice traci trzy bramki i l\u0105duje na ostatnim miejscu tabeli - 24GLIWICE - Portal Gliwice | codziennie nowe informacje","isPartOf":{"@id":"https:\/\/www.24gliwice.pl\/wiadomosci\/#website"},"primaryImageOfPage":{"@id":"https:\/\/www.24gliwice.pl\/wiadomosci\/porazka-w-warszawie-piast-gliwice-traci-trzy-bramki-i-laduje-na-ostatnim-miejscu-tabeli\/#primaryimage"},"image":{"@id":"https:\/\/www.24gliwice.pl\/wiadomosci\/porazka-w-warszawie-piast-gliwice-traci-trzy-bramki-i-laduje-na-ostatnim-miejscu-tabeli\/#primaryimage"},"thumbnailUrl":"https:\/\/www.24gliwice.pl\/wiadomosci\/wp-content\/uploads\/2017\/08\/Screenshot_44.jpg","datePublished":"2017-08-11T21:22:41+00:00","dateModified":"2024-08-20T00:01:21+00:00","breadcrumb":{"@id":"https:\/\/www.24gliwice.pl\/wiadomosci\/porazka-w-warszawie-piast-gliwice-traci-trzy-bramki-i-laduje-na-ostatnim-miejscu-tabeli\/#breadcrumb"},"inLanguage":"pl-PL","potentialAction":[{"@type":"ReadAction","target":["https:\/\/www.24gliwice.pl\/wiadomosci\/porazka-w-warszawie-piast-gliwice-traci-trzy-bramki-i-laduje-na-ostatnim-miejscu-tabeli\/"]}]},{"@type":"ImageObject","inLanguage":"pl-PL","@id":"https:\/\/www.24gliwice.pl\/wiadomosci\/porazka-w-warszawie-piast-gliwice-traci-trzy-bramki-i-laduje-na-ostatnim-miejscu-tabeli\/#primaryimage","url":"https:\/\/www.24gliwice.pl\/wiadomosci\/wp-content\/uploads\/2017\/08\/Screenshot_44.jpg","contentUrl":"https:\/\/www.24gliwice.pl\/wiadomosci\/wp-content\/uploads\/2017\/08\/Screenshot_44.jpg","width":836,"height":482},{"@type":"BreadcrumbList","@id":"https:\/\/www.24gliwice.pl\/wiadomosci\/porazka-w-warszawie-piast-gliwice-traci-trzy-bramki-i-laduje-na-ostatnim-miejscu-tabeli\/#breadcrumb","itemListElement":[{"@type":"ListItem","position":1,"name":"Strona g\u0142\u00f3wna","item":"https:\/\/www.24gliwice.pl\/wiadomosci\/"},{"@type":"ListItem","position":2,"name":"Pora\u017cka w Warszawie. Piast Gliwice traci trzy bramki i l\u0105duje na ostatnim miejscu tabeli"}]},{"@type":"WebSite","@id":"https:\/\/www.24gliwice.pl\/wiadomosci\/#website","url":"https:\/\/www.24gliwice.pl\/wiadomosci\/","name":"24GLIWICE - Portal Gliwice | codziennie nowe wiadomo\u015bci","description":"Portal Miejski Gliwice","publisher":{"@id":"https:\/\/www.24gliwice.pl\/wiadomosci\/#organization"},"potentialAction":[{"@type":"SearchAction","target":{"@type":"EntryPoint","urlTemplate":"https:\/\/www.24gliwice.pl\/wiadomosci\/?s={search_term_string}"},"query-input":{"@type":"PropertyValueSpecification","valueRequired":true,"valueName":"search_term_string"}}],"inLanguage":"pl-PL"},{"@type":"Organization","@id":"https:\/\/www.24gliwice.pl\/wiadomosci\/#organization","name":"24gliwice","url":"https:\/\/www.24gliwice.pl\/wiadomosci\/","logo":{"@type":"ImageObject","inLanguage":"pl-PL","@id":"https:\/\/www.24gliwice.pl\/wiadomosci\/#\/schema\/logo\/image\/","url":"https:\/\/www.24gliwice.pl\/wiadomosci\/wp-content\/uploads\/2024\/10\/24gliwice-logo-696.jpg","contentUrl":"https:\/\/www.24gliwice.pl\/wiadomosci\/wp-content\/uploads\/2024\/10\/24gliwice-logo-696.jpg","width":696,"height":696,"caption":"24gliwice"},"image":{"@id":"https:\/\/www.24gliwice.pl\/wiadomosci\/#\/schema\/logo\/image\/"},"sameAs":["https:\/\/www.facebook.com\/24gliwice","https:\/\/x.com\/24gliwice","https:\/\/www.youtube.com\/@24gliwice"]},{"@type":"Person","@id":"https:\/\/www.24gliwice.pl\/wiadomosci\/#\/schema\/person\/cb5857e4a4d048c15984c1edcc8ef0c0","name":"Marcin Fabrykowski","image":{"@type":"ImageObject","inLanguage":"pl-PL","@id":"https:\/\/www.24gliwice.pl\/wiadomosci\/wp-content\/uploads\/2025\/11\/zdjecie-moje-marcin-300-96x96.jpg","url":"https:\/\/www.24gliwice.pl\/wiadomosci\/wp-content\/uploads\/2025\/11\/zdjecie-moje-marcin-300-96x96.jpg","contentUrl":"https:\/\/www.24gliwice.pl\/wiadomosci\/wp-content\/uploads\/2025\/11\/zdjecie-moje-marcin-300-96x96.jpg","caption":"Marcin Fabrykowski"},"sameAs":["http:\/\/24gliwice.pl","https:\/\/www.facebook.com\/marcin.fabrykowski"],"url":"https:\/\/www.24gliwice.pl\/wiadomosci\/author\/marcin-fabrykowski\/"}]}},"_links":{"self":[{"href":"https:\/\/www.24gliwice.pl\/wiadomosci\/wp-json\/wp\/v2\/posts\/102923","targetHints":{"allow":["GET"]}}],"collection":[{"href":"https:\/\/www.24gliwice.pl\/wiadomosci\/wp-json\/wp\/v2\/posts"}],"about":[{"href":"https:\/\/www.24gliwice.pl\/wiadomosci\/wp-json\/wp\/v2\/types\/post"}],"author":[{"embeddable":true,"href":"https:\/\/www.24gliwice.pl\/wiadomosci\/wp-json\/wp\/v2\/users\/4"}],"replies":[{"embeddable":true,"href":"https:\/\/www.24gliwice.pl\/wiadomosci\/wp-json\/wp\/v2\/comments?post=102923"}],"version-history":[{"count":0,"href":"https:\/\/www.24gliwice.pl\/wiadomosci\/wp-json\/wp\/v2\/posts\/102923\/revisions"}],"wp:featuredmedia":[{"embeddable":true,"href":"https:\/\/www.24gliwice.pl\/wiadomosci\/wp-json\/wp\/v2\/media\/102925"}],"wp:attachment":[{"href":"https:\/\/www.24gliwice.pl\/wiadomosci\/wp-json\/wp\/v2\/media?parent=102923"}],"wp:term":[{"taxonomy":"category","embeddable":true,"href":"https:\/\/www.24gliwice.pl\/wiadomosci\/wp-json\/wp\/v2\/categories?post=102923"},{"taxonomy":"post_tag","embeddable":true,"href":"https:\/\/www.24gliwice.pl\/wiadomosci\/wp-json\/wp\/v2\/tags?post=102923"}],"curies":[{"name":"wp","href":"https:\/\/api.w.org\/{rel}","templated":true}]}}