{"id":103061,"date":"2017-08-18T00:44:32","date_gmt":"2017-08-17T22:44:32","guid":{"rendered":"http:\/\/www.24gliwice.pl\/wiadomosci\/?p=103061"},"modified":"2017-08-18T00:44:32","modified_gmt":"2017-08-17T22:44:32","slug":"betonowy-parking-w-miejscu-dawnej-synagogi-konserwator-zabytkow-na-razie-mowi-nie","status":"publish","type":"post","link":"https:\/\/www.24gliwice.pl\/wiadomosci\/betonowy-parking-w-miejscu-dawnej-synagogi-konserwator-zabytkow-na-razie-mowi-nie\/","title":{"rendered":"Betonowy parking w miejscu dawnej synagogi? Konserwator Zabytk\u00f3w (na razie) m\u00f3wi NIE"},"content":{"rendered":"<div class=\"gliwi-a6-nad-leadem-artykulow gliwi-entity-placement\" id=\"gliwi-342560458\"><div class=\"gliwi-adlabel\"><span style=\"font-size: 9px\">REKLAMA<\/span><\/div><div id=\"gliwi-1966550026\" style=\"margin-bottom: 25px;margin-left: auto;margin-right: auto;text-align: center;\"><a data-no-instant=\"1\" href=\"https:\/\/dom100.eu\/\" rel=\"noopener\" class=\"a2t-link\" target=\"_blank\" aria-label=\"20260415 DOM100 D\"><img loading=\"lazy\" decoding=\"async\" src=\"https:\/\/www.24gliwice.pl\/wiadomosci\/wp-content\/uploads\/2026\/04\/20260415-DOM100-D.jpg\" alt=\"\"  srcset=\"https:\/\/www.24gliwice.pl\/wiadomosci\/wp-content\/uploads\/2026\/04\/20260415-DOM100-D.jpg 750w, https:\/\/www.24gliwice.pl\/wiadomosci\/wp-content\/uploads\/2026\/04\/20260415-DOM100-D-410x109.jpg 410w\" sizes=\"(max-width: 750px) 100vw, 750px\" class=\"no-lazyload\" width=\"750\" height=\"200\"  style=\"display: inline-block; max-width: 100%; height: auto;\" \/><\/a><\/div><\/div><h3>Du\u017ce zmiany na terenie po dawnej synagodze przy ul. Dolnych Wa\u0142\u00f3w. W internecie kr\u0105\u017c\u0105 informacje, \u017ce nowy w\u0142a\u015bciciel dzia\u0142ki planuje tu budow\u0119 betonowego parkingu.<\/h3>\n<p>Jak si\u0119 dowiedzieli\u015bmy, cho\u0107 formalnie nikt nie rozpocz\u0105\u0142 dzia\u0142a\u0144, do biura Wojew\u00f3dzkiego Konserwatora Zabytk\u00f3w w Katowicach wp\u0142yn\u0119\u0142o zapytanie o mo\u017cliwo\u015b\u0107 realizacji takiej inwestycji.<\/p>\n<p>W ostatnich dniach na terenie nieruchomo\u015bci pojawi\u0142 si\u0119 ci\u0119\u017cki sprz\u0119t, a teren ogrodzono.<\/p><div class=\"gliwi-a3-w-tresci-artykulow gliwi-entity-placement\" id=\"gliwi-605557561\"><div class=\"gliwi-adlabel\"><span style=\"font-size: 9px\">REKLAMA<\/span><\/div><div id=\"gliwi-2850493111\" style=\"margin-bottom: 30px;margin-left: auto;margin-right: auto;text-align: center;\"><a data-no-instant=\"1\" href=\"https:\/\/zlobek.halogen.org.pl\/\" rel=\"noopener\" class=\"a2t-link\" target=\"_blank\" aria-label=\"animator-zlobek_750x200\"><img loading=\"lazy\" decoding=\"async\" src=\"https:\/\/www.24gliwice.pl\/wiadomosci\/wp-content\/uploads\/2026\/02\/animator-zlobek_750x200.webp\" alt=\"\"  srcset=\"https:\/\/www.24gliwice.pl\/wiadomosci\/wp-content\/uploads\/2026\/02\/animator-zlobek_750x200.webp 750w, https:\/\/www.24gliwice.pl\/wiadomosci\/wp-content\/uploads\/2026\/02\/animator-zlobek_750x200-410x109.webp 410w\" sizes=\"(max-width: 750px) 100vw, 750px\" class=\"no-lazyload\" width=\"750\" height=\"200\"  style=\"display: inline-block; max-width: 100%; height: auto;\" \/><\/a><\/div><\/div>\n<blockquote><p>&#8211; W miejscu gdzie sta\u0142a kiedy\u015b synagoga trwaj\u0105 za zgod\u0105 Wojew\u00f3dzkiego Konserwatora Zabytk\u00f3w prace archeologiczne. Zgodnie z decyzj\u0105 WKZ, po ich zako\u0144czeniu dopuszczono mo\u017cliwo\u015b\u0107 usuni\u0119cia relikt\u00f3w fundament\u00f3w dawnej synagogi<\/p><\/blockquote>\n<p>&#8211; m\u00f3wi <strong>Ewa Pokorska<\/strong>, miejski konserwator zabytk\u00f3w w Gliwicach.<\/p>\n<p>Nie jest jednak jasne, czy opr\u00f3cz dzia\u0142a\u0144 archeolog\u00f3w, wst\u0119pnych prac przygotowawczych nie rozpocz\u0105\u0142 ju\u017c nowy w\u0142a\u015bciciel dzia\u0142ki (sp\u00f3\u0142ka z Sosnowca), kt\u00f3ry zakupi\u0142 j\u0105 w ostatnich miesi\u0105cach od gliwickiej firmy I-Mag.<\/p>\n<p>Jak informuje nas <strong>Miros\u0142aw Rymer<\/strong>, rzecznik prasowy katowickiego WKZ, <strong>w urz\u0119dzie trwa post\u0119powanie wyja\u015bniaj\u0105ce czy na terenie nieruchomo\u015bci nie dosz\u0142o do samowolki.<\/strong> Na razie konserwatorzy z Katowic (kt\u00f3rzy formalnie odpowiadaj\u0105 za ochron\u0119 konserwatorsk\u0105 gliwickiej star\u00f3wki) nie udzielili pozwolenia na budow\u0119.<\/p>\n<p>Rymer przyznaje jednak, \u017ce w ostatnich tygodniach do WKZ wp\u0142yn\u0119\u0142o zapytanie o wytyczne konserwatorskie w sprawie mo\u017cliwo\u015bci budowy w tym miejscu parkingu. Taka forma zapytania to nieformalne rozpoznanie tematu pod k\u0105tem przysz\u0142ej inwestycji. Na razie WKZ wyda\u0142 opini\u0119 negatywn\u0105, jednak jak zaznacza rzecznik WKZ, nie przekre\u015bla to definitywnie parkingowego pomys\u0142u. W trakcie ewentualnych stara\u0144 o uzyskanie pozwolenia na budow\u0119, na ostateczn\u0105 decyzj\u0119 mog\u0105 wp\u0142yn\u0105\u0107 te\u017c &#8220;nowe okoliczno\u015bci faktyczne&#8221;.<\/p>\n[perfectpullquote align=&#8221;full&#8221; cite=&#8221;&#8221; link=&#8221;&#8221; color=&#8221;&#8221; class=&#8221;&#8221; size=&#8221;&#8221;]Dalsze losy nieruchomo\u015bci powinny by\u0107 znane na przestrzeni najbli\u017cszych miesi\u0119cy. Wiele wskazuje jednak, \u017ce nowy w\u0142a\u015bciciel nie zamierza wraca\u0107 do pomys\u0142u poprzednik\u00f3w &#8211; budowy nowoczesnego apartamentowca.[\/perfectpullquote]\n<p>Przypomnijmy, I-MAG Sp. z o.o. w\u0142a\u015bcicielem terenu by\u0142 od 2002 roku. W okresie modernizacji uliczek star\u00f3wki nieruchomo\u015b\u0107 o powierzchni 2252 metr\u00f3w kw. by\u0142a dzier\u017cawiona dla cel\u00f3w zwi\u0105zanych z remontem. I-MAG pr\u00f3bowa\u0142 sprzeda\u0107 nieruchomo\u015b\u0107 od kilku lat. W 2016 roku cen\u0119 dzia\u0142ki szacowano na 1 mln 50 tys. z\u0142. Zdaniem w\u0142a\u015bcicieli, na przestrzeni lat by\u0142o wielu ch\u0119tnych na jej zakup, na przeszkodzie stan\u0119\u0142y jednak obowi\u0105zuj\u0105ce wytyczne dotycz\u0105ce zagospodarowania tego terenu. Terenem nie by\u0142o te\u017c zainteresowane Miasto Gliwice.<\/p>\n<p><iframe loading=\"lazy\" width=\"810\" height=\"456\" src=\"https:\/\/www.youtube.com\/embed\/tgGEchRE8o4?rel=0&amp;showinfo=0\" frameborder=\"0\" allowfullscreen><\/iframe><\/p>\n<p>&#8211; Teren zosta\u0142 kupiony przez prywatn\u0105 osob\u0119 (firm\u0119) od Gminy \u017bydowskiej w Katowicach praktycznie bezpo\u015brednio po zwr\u00f3ceniu go przez pa\u0144stwo pierwotnemu w\u0142a\u015bcicielowi. Teraz obecny w\u0142a\u015bciciel chyba chce si\u0119 go po prostu pozby\u0107. Miasto nie jest zainteresowane udzia\u0142em w tej transakcji &#8211; komentowa\u0142 rok temu <strong>Marek Jarz\u0119bowski<\/strong>, rzecznik prezydenta Gliwic.<br \/>\n(msz)<\/p>\n<h4 style=\"padding-left: 60px;\">KOMENTARZ<\/h4>\n<p style=\"padding-left: 60px;\"><em>To by\u0142a wyrwa w sercu star\u00f3wki, ruina zas\u0142oni\u0119ta parkanem, zak\u0105tek przez kt\u00f3ry wi\u0119kszo\u015b\u0107 przemyka\u0142a w drodze na Rynek. Teraz tam gdzie by\u0142 gruz i piach stoj\u0105 \u0142awki, a z ziemi wyrastaj\u0105 pami\u0105tkowe tablice. Powsta\u0142 &#8220;Park Pami\u0119ci&#8221;, a plac przy Starowiejskiej (gdzie sta\u0142a kiedy\u015b Wielka Miejska Synagoga) wype\u0142ni\u0142 si\u0119 gwarnymi ogr\u00f3dkami kawiarnianymi. Wieczorem przestrze\u0144 nabiera dodatkowego uroku roz\u015bwietlona barwnymi girlandami. <strong>To nie jest opowie\u015b\u0107 o tym jak mog\u0142oby by\u0107. Tak w ci\u0105gu dw\u00f3ch lat zmieni\u0142 si\u0119 teren wok\u00f3\u0142 ruin synagogi &#8220;Z\u0142ota R\u00f3\u017ca&#8221; we Lwowie.<\/strong> Nowoczesny projekt &#8220;Przestrze\u0144 synagog&#8221; po\u0142\u0105czy\u0142 pami\u0119\u0107 o tym co by\u0142o z funkcj\u0105 u\u017cytkow\u0105. Da\u0142 \u017cycie, tam gdzie przez lata \u017cycia by\u0142 deficyt. Dlaczego nie w Gliwicach?<br \/>\nTrudno zarzuca\u0107 Magistratowi brak zainteresowania ochron\u0105 zabytk\u00f3w &#8211; Dom Pami\u0119ci przy ul. Poniatowskiego niech b\u0119dzie tu przyk\u0142adem. Ale wo\u0142anie spo\u0142ecznik\u00f3w o odpowiedzialno\u015b\u0107 za miejsk\u0105 przestrze\u0144 w urz\u0119dowych murach odbija si\u0119 g\u0142uchym echem. Milion za dzia\u0142k\u0119 w centrum miasta &#8211; to du\u017co. Ale 400 milion\u00f3w na Hal\u0119 Gliwice zmienia perspektyw\u0119. Prezydenci lubi\u0105 podkre\u015bla\u0107 dobr\u0105 kondycj\u0119 finansow\u0105 miasta i to, \u017ce &#8220;Gliwice sta\u0107&#8221;. Szkoda, \u017ce przez tyle lat urz\u0119dnik\u00f3w nie by\u0142o sta\u0107 na podj\u0119cie walki o tak reprezentacyjn\u0105 dzia\u0142k\u0119. Wygl\u0105da, \u017ce z wyrw\u0105 (tym razem betonow\u0105) na star\u00f3wce zostaniemy na kolejne, d\u0142ugie lata.<\/em><\/p>\n<p style=\"padding-left: 60px;\">Micha\u0142 Szewczyk<\/p>\n<div id=\"attachment_103067\" style=\"width: 4718px\" class=\"wp-caption alignnone\"><img loading=\"lazy\" decoding=\"async\" aria-describedby=\"caption-attachment-103067\" class=\"size-full wp-image-103067\" src=\"http:\/\/www.24gliwice.pl\/wiadomosci\/wp-content\/uploads\/2017\/08\/IMG_2667.jpg\" alt=\"\" width=\"4708\" height=\"2690\" srcset=\"https:\/\/www.24gliwice.pl\/wiadomosci\/wp-content\/uploads\/2017\/08\/IMG_2667.jpg 4708w, https:\/\/www.24gliwice.pl\/wiadomosci\/wp-content\/uploads\/2017\/08\/IMG_2667-406x232.jpg 406w, https:\/\/www.24gliwice.pl\/wiadomosci\/wp-content\/uploads\/2017\/08\/IMG_2667-768x439.jpg 768w, https:\/\/www.24gliwice.pl\/wiadomosci\/wp-content\/uploads\/2017\/08\/IMG_2667-796x455.jpg 796w, https:\/\/www.24gliwice.pl\/wiadomosci\/wp-content\/uploads\/2017\/08\/IMG_2667-810x463.jpg 810w, https:\/\/www.24gliwice.pl\/wiadomosci\/wp-content\/uploads\/2017\/08\/IMG_2667-1140x651.jpg 1140w\" sizes=\"auto, (max-width: 4708px) 100vw, 4708px\" \/><p id=\"caption-attachment-103067\" class=\"wp-caption-text\">Park Pami\u0119ci na lwowskiej star\u00f3wce we wrze\u015bniu 2016 roku. W miejscu ogr\u00f3dk\u00f3w kawiarnianych sta\u0142a kiedy\u015b Wielka Synagoga Miejska. W tle instalacja pami\u0105tkowa.<\/p><\/div>\n<div class=\"gliwi-a5-na-koncu-artykulow gliwi-entity-placement\" id=\"gliwi-4139229892\"><div class=\"gliwi-adlabel\"><span style=\"font-size: 9px\">REKLAMA<\/span><\/div><div id=\"gliwi-2259874688\" style=\"margin-left: auto;margin-right: auto;text-align: center;\"><a data-no-instant=\"1\" href=\"https:\/\/prezeroarenagliwice.pl\/\" rel=\"noopener\" class=\"a2t-link\" target=\"_blank\" aria-label=\"20260309-PREZERO-WIOSNA-D\"><img loading=\"lazy\" decoding=\"async\" src=\"https:\/\/www.24gliwice.pl\/wiadomosci\/wp-content\/uploads\/2026\/03\/20260309-PREZERO-WIOSNA-D.webp\" alt=\"\"  srcset=\"https:\/\/www.24gliwice.pl\/wiadomosci\/wp-content\/uploads\/2026\/03\/20260309-PREZERO-WIOSNA-D.webp 750w, https:\/\/www.24gliwice.pl\/wiadomosci\/wp-content\/uploads\/2026\/03\/20260309-PREZERO-WIOSNA-D-410x109.webp 410w\" sizes=\"(max-width: 750px) 100vw, 750px\" class=\"no-lazyload\" width=\"750\" height=\"200\"  style=\"display: inline-block; max-width: 100%; height: auto;\" \/><\/a><\/div><\/div>","protected":false},"excerpt":{"rendered":"<p>Du\u017ce zmiany na terenie po dawnej synagodze przy ul. Dolnych Wa\u0142\u00f3w. W internecie kr\u0105\u017c\u0105 informacje, \u017ce nowy w\u0142a\u015bciciel dzia\u0142ki planuje tu budow\u0119 betonowego parkingu. Jak si\u0119 dowiedzieli\u015bmy, cho\u0107 formalnie nikt nie rozpocz\u0105\u0142 dzia\u0142a\u0144, do biura Wojew\u00f3dzkiego Konserwatora Zabytk\u00f3w w Katowicach wp\u0142yn\u0119\u0142o zapytanie o mo\u017cliwo\u015b\u0107 realizacji takiej inwestycji. W ostatnich dniach na terenie nieruchomo\u015bci pojawi\u0142 si\u0119 [&hellip;]<\/p>\n","protected":false},"author":12,"featured_media":103063,"comment_status":"open","ping_status":"closed","sticky":false,"template":"","format":"standard","meta":{"_monsterinsights_skip_tracking":false,"_monsterinsights_sitenote_active":false,"_monsterinsights_sitenote_note":"","_monsterinsights_sitenote_category":0,"footnotes":"","_links_to":"","_links_to_target":""},"categories":[3,1,9],"tags":[8747,4129,3495],"class_list":["post-103061","post","type-post","status-publish","format-standard","has-post-thumbnail","hentry","category-gliwice","category-wszystko","category-aktualnosci_lokalne","tag-dolnych-walow","tag-synagoga-gliwice","tag-wojewodzki-konserwator-zabytkow"],"yoast_head":"<!-- This site is optimized with the Yoast SEO plugin v27.5 - https:\/\/yoast.com\/product\/yoast-seo-wordpress\/ -->\n<title>Betonowy parking w miejscu dawnej synagogi? Konserwator Zabytk\u00f3w (na razie) m\u00f3wi NIE - 24GLIWICE - Portal Gliwice | codziennie nowe informacje<\/title>\n<meta name=\"robots\" content=\"index, follow, max-snippet:-1, max-image-preview:large, max-video-preview:-1\" \/>\n<link rel=\"canonical\" href=\"https:\/\/www.24gliwice.pl\/wiadomosci\/betonowy-parking-w-miejscu-dawnej-synagogi-konserwator-zabytkow-na-razie-mowi-nie\/\" \/>\n<meta property=\"og:locale\" content=\"pl_PL\" \/>\n<meta property=\"og:type\" content=\"article\" \/>\n<meta property=\"og:title\" content=\"Betonowy parking w miejscu dawnej synagogi? Konserwator Zabytk\u00f3w (na razie) m\u00f3wi NIE - 24GLIWICE - Portal Gliwice | codziennie nowe informacje\" \/>\n<meta property=\"og:description\" content=\"Du\u017ce zmiany na terenie po dawnej synagodze przy ul. Dolnych Wa\u0142\u00f3w. W internecie kr\u0105\u017c\u0105 informacje, \u017ce nowy w\u0142a\u015bciciel dzia\u0142ki planuje tu budow\u0119 betonowego parkingu. Jak si\u0119 dowiedzieli\u015bmy, cho\u0107 formalnie nikt nie rozpocz\u0105\u0142 dzia\u0142a\u0144, do biura Wojew\u00f3dzkiego Konserwatora Zabytk\u00f3w w Katowicach wp\u0142yn\u0119\u0142o zapytanie o mo\u017cliwo\u015b\u0107 realizacji takiej inwestycji. W ostatnich dniach na terenie nieruchomo\u015bci pojawi\u0142 si\u0119 [&hellip;]\" \/>\n<meta property=\"og:url\" content=\"https:\/\/www.24gliwice.pl\/wiadomosci\/betonowy-parking-w-miejscu-dawnej-synagogi-konserwator-zabytkow-na-razie-mowi-nie\/\" \/>\n<meta property=\"og:site_name\" content=\"24GLIWICE - Portal Gliwice | codziennie nowe informacje\" \/>\n<meta property=\"article:publisher\" content=\"https:\/\/www.facebook.com\/24gliwice\" \/>\n<meta property=\"article:published_time\" content=\"2017-08-17T22:44:32+00:00\" \/>\n<meta property=\"og:image\" content=\"https:\/\/www.24gliwice.pl\/wiadomosci\/wp-content\/uploads\/2017\/08\/syn.jpg\" \/>\n\t<meta property=\"og:image:width\" content=\"1427\" \/>\n\t<meta property=\"og:image:height\" content=\"825\" \/>\n\t<meta property=\"og:image:type\" content=\"image\/jpeg\" \/>\n<meta name=\"author\" content=\"Micha\u0142 Szewczyk\" \/>\n<meta name=\"twitter:card\" content=\"summary_large_image\" \/>\n<meta name=\"twitter:creator\" content=\"@24gliwice\" \/>\n<meta name=\"twitter:site\" content=\"@24gliwice\" \/>\n<meta name=\"twitter:label1\" content=\"Napisane przez\" \/>\n\t<meta name=\"twitter:data1\" content=\"Micha\u0142 Szewczyk\" \/>\n\t<meta name=\"twitter:label2\" content=\"Szacowany czas czytania\" \/>\n\t<meta name=\"twitter:data2\" content=\"4 minuty\" \/>\n<script type=\"application\/ld+json\" class=\"yoast-schema-graph\">{\"@context\":\"https:\\\/\\\/schema.org\",\"@graph\":[{\"@type\":\"Article\",\"@id\":\"https:\\\/\\\/www.24gliwice.pl\\\/wiadomosci\\\/betonowy-parking-w-miejscu-dawnej-synagogi-konserwator-zabytkow-na-razie-mowi-nie\\\/#article\",\"isPartOf\":{\"@id\":\"https:\\\/\\\/www.24gliwice.pl\\\/wiadomosci\\\/betonowy-parking-w-miejscu-dawnej-synagogi-konserwator-zabytkow-na-razie-mowi-nie\\\/\"},\"author\":{\"name\":\"Micha\u0142 Szewczyk\",\"@id\":\"https:\\\/\\\/www.24gliwice.pl\\\/wiadomosci\\\/#\\\/schema\\\/person\\\/940e8f8a097e322de4f463f061ef8d45\"},\"headline\":\"Betonowy parking w miejscu dawnej synagogi? Konserwator Zabytk\u00f3w (na razie) m\u00f3wi NIE\",\"datePublished\":\"2017-08-17T22:44:32+00:00\",\"mainEntityOfPage\":{\"@id\":\"https:\\\/\\\/www.24gliwice.pl\\\/wiadomosci\\\/betonowy-parking-w-miejscu-dawnej-synagogi-konserwator-zabytkow-na-razie-mowi-nie\\\/\"},\"wordCount\":776,\"commentCount\":0,\"publisher\":{\"@id\":\"https:\\\/\\\/www.24gliwice.pl\\\/wiadomosci\\\/#organization\"},\"image\":{\"@id\":\"https:\\\/\\\/www.24gliwice.pl\\\/wiadomosci\\\/betonowy-parking-w-miejscu-dawnej-synagogi-konserwator-zabytkow-na-razie-mowi-nie\\\/#primaryimage\"},\"thumbnailUrl\":\"https:\\\/\\\/www.24gliwice.pl\\\/wiadomosci\\\/wp-content\\\/uploads\\\/2017\\\/08\\\/syn.jpg\",\"keywords\":[\"dolnych wa\u0142\u00f3w\",\"SYNAGOGA GLIWICE\",\"WOJEW\u00d3DZKI KONSERWATOR ZABYTK\u00d3W\"],\"articleSection\":[\"Gliwice\",\"Najnowsze wiadomo\u015bci\",\"Portal Gliwice - Wiadomo\u015bci lokalne\"],\"inLanguage\":\"pl-PL\",\"potentialAction\":[{\"@type\":\"CommentAction\",\"name\":\"Comment\",\"target\":[\"https:\\\/\\\/www.24gliwice.pl\\\/wiadomosci\\\/betonowy-parking-w-miejscu-dawnej-synagogi-konserwator-zabytkow-na-razie-mowi-nie\\\/#respond\"]}]},{\"@type\":\"WebPage\",\"@id\":\"https:\\\/\\\/www.24gliwice.pl\\\/wiadomosci\\\/betonowy-parking-w-miejscu-dawnej-synagogi-konserwator-zabytkow-na-razie-mowi-nie\\\/\",\"url\":\"https:\\\/\\\/www.24gliwice.pl\\\/wiadomosci\\\/betonowy-parking-w-miejscu-dawnej-synagogi-konserwator-zabytkow-na-razie-mowi-nie\\\/\",\"name\":\"Betonowy parking w miejscu dawnej synagogi? Konserwator Zabytk\u00f3w (na razie) m\u00f3wi NIE - 24GLIWICE - Portal Gliwice | codziennie nowe informacje\",\"isPartOf\":{\"@id\":\"https:\\\/\\\/www.24gliwice.pl\\\/wiadomosci\\\/#website\"},\"primaryImageOfPage\":{\"@id\":\"https:\\\/\\\/www.24gliwice.pl\\\/wiadomosci\\\/betonowy-parking-w-miejscu-dawnej-synagogi-konserwator-zabytkow-na-razie-mowi-nie\\\/#primaryimage\"},\"image\":{\"@id\":\"https:\\\/\\\/www.24gliwice.pl\\\/wiadomosci\\\/betonowy-parking-w-miejscu-dawnej-synagogi-konserwator-zabytkow-na-razie-mowi-nie\\\/#primaryimage\"},\"thumbnailUrl\":\"https:\\\/\\\/www.24gliwice.pl\\\/wiadomosci\\\/wp-content\\\/uploads\\\/2017\\\/08\\\/syn.jpg\",\"datePublished\":\"2017-08-17T22:44:32+00:00\",\"breadcrumb\":{\"@id\":\"https:\\\/\\\/www.24gliwice.pl\\\/wiadomosci\\\/betonowy-parking-w-miejscu-dawnej-synagogi-konserwator-zabytkow-na-razie-mowi-nie\\\/#breadcrumb\"},\"inLanguage\":\"pl-PL\",\"potentialAction\":[{\"@type\":\"ReadAction\",\"target\":[\"https:\\\/\\\/www.24gliwice.pl\\\/wiadomosci\\\/betonowy-parking-w-miejscu-dawnej-synagogi-konserwator-zabytkow-na-razie-mowi-nie\\\/\"]}]},{\"@type\":\"ImageObject\",\"inLanguage\":\"pl-PL\",\"@id\":\"https:\\\/\\\/www.24gliwice.pl\\\/wiadomosci\\\/betonowy-parking-w-miejscu-dawnej-synagogi-konserwator-zabytkow-na-razie-mowi-nie\\\/#primaryimage\",\"url\":\"https:\\\/\\\/www.24gliwice.pl\\\/wiadomosci\\\/wp-content\\\/uploads\\\/2017\\\/08\\\/syn.jpg\",\"contentUrl\":\"https:\\\/\\\/www.24gliwice.pl\\\/wiadomosci\\\/wp-content\\\/uploads\\\/2017\\\/08\\\/syn.jpg\",\"width\":1427,\"height\":825},{\"@type\":\"BreadcrumbList\",\"@id\":\"https:\\\/\\\/www.24gliwice.pl\\\/wiadomosci\\\/betonowy-parking-w-miejscu-dawnej-synagogi-konserwator-zabytkow-na-razie-mowi-nie\\\/#breadcrumb\",\"itemListElement\":[{\"@type\":\"ListItem\",\"position\":1,\"name\":\"Strona g\u0142\u00f3wna\",\"item\":\"https:\\\/\\\/www.24gliwice.pl\\\/wiadomosci\\\/\"},{\"@type\":\"ListItem\",\"position\":2,\"name\":\"Betonowy parking w miejscu dawnej synagogi? Konserwator Zabytk\u00f3w (na razie) m\u00f3wi NIE\"}]},{\"@type\":\"WebSite\",\"@id\":\"https:\\\/\\\/www.24gliwice.pl\\\/wiadomosci\\\/#website\",\"url\":\"https:\\\/\\\/www.24gliwice.pl\\\/wiadomosci\\\/\",\"name\":\"24GLIWICE - Portal Gliwice | codziennie nowe wiadomo\u015bci\",\"description\":\"Portal Miejski Gliwice\",\"publisher\":{\"@id\":\"https:\\\/\\\/www.24gliwice.pl\\\/wiadomosci\\\/#organization\"},\"potentialAction\":[{\"@type\":\"SearchAction\",\"target\":{\"@type\":\"EntryPoint\",\"urlTemplate\":\"https:\\\/\\\/www.24gliwice.pl\\\/wiadomosci\\\/?s={search_term_string}\"},\"query-input\":{\"@type\":\"PropertyValueSpecification\",\"valueRequired\":true,\"valueName\":\"search_term_string\"}}],\"inLanguage\":\"pl-PL\"},{\"@type\":\"Organization\",\"@id\":\"https:\\\/\\\/www.24gliwice.pl\\\/wiadomosci\\\/#organization\",\"name\":\"24gliwice\",\"url\":\"https:\\\/\\\/www.24gliwice.pl\\\/wiadomosci\\\/\",\"logo\":{\"@type\":\"ImageObject\",\"inLanguage\":\"pl-PL\",\"@id\":\"https:\\\/\\\/www.24gliwice.pl\\\/wiadomosci\\\/#\\\/schema\\\/logo\\\/image\\\/\",\"url\":\"https:\\\/\\\/www.24gliwice.pl\\\/wiadomosci\\\/wp-content\\\/uploads\\\/2024\\\/10\\\/24gliwice-logo-696.jpg\",\"contentUrl\":\"https:\\\/\\\/www.24gliwice.pl\\\/wiadomosci\\\/wp-content\\\/uploads\\\/2024\\\/10\\\/24gliwice-logo-696.jpg\",\"width\":696,\"height\":696,\"caption\":\"24gliwice\"},\"image\":{\"@id\":\"https:\\\/\\\/www.24gliwice.pl\\\/wiadomosci\\\/#\\\/schema\\\/logo\\\/image\\\/\"},\"sameAs\":[\"https:\\\/\\\/www.facebook.com\\\/24gliwice\",\"https:\\\/\\\/x.com\\\/24gliwice\",\"https:\\\/\\\/www.youtube.com\\\/@24gliwice\"]},{\"@type\":\"Person\",\"@id\":\"https:\\\/\\\/www.24gliwice.pl\\\/wiadomosci\\\/#\\\/schema\\\/person\\\/940e8f8a097e322de4f463f061ef8d45\",\"name\":\"Micha\u0142 Szewczyk\",\"image\":{\"@type\":\"ImageObject\",\"inLanguage\":\"pl-PL\",\"@id\":\"https:\\\/\\\/secure.gravatar.com\\\/avatar\\\/771b8b6c74cd8d255e46392d605e01a86133900ef09b6ef3c8d451c9d92288cf?s=96&d=mm&r=g\",\"url\":\"https:\\\/\\\/secure.gravatar.com\\\/avatar\\\/771b8b6c74cd8d255e46392d605e01a86133900ef09b6ef3c8d451c9d92288cf?s=96&d=mm&r=g\",\"contentUrl\":\"https:\\\/\\\/secure.gravatar.com\\\/avatar\\\/771b8b6c74cd8d255e46392d605e01a86133900ef09b6ef3c8d451c9d92288cf?s=96&d=mm&r=g\",\"caption\":\"Micha\u0142 Szewczyk\"},\"sameAs\":[\"http:\\\/\\\/www.gazeta-miejska.pl\"],\"url\":\"https:\\\/\\\/www.24gliwice.pl\\\/wiadomosci\\\/author\\\/michal-szewczyk\\\/\"}]}<\/script>\n<!-- \/ Yoast SEO plugin. -->","yoast_head_json":{"title":"Betonowy parking w miejscu dawnej synagogi? Konserwator Zabytk\u00f3w (na razie) m\u00f3wi NIE - 24GLIWICE - Portal Gliwice | codziennie nowe informacje","robots":{"index":"index","follow":"follow","max-snippet":"max-snippet:-1","max-image-preview":"max-image-preview:large","max-video-preview":"max-video-preview:-1"},"canonical":"https:\/\/www.24gliwice.pl\/wiadomosci\/betonowy-parking-w-miejscu-dawnej-synagogi-konserwator-zabytkow-na-razie-mowi-nie\/","og_locale":"pl_PL","og_type":"article","og_title":"Betonowy parking w miejscu dawnej synagogi? Konserwator Zabytk\u00f3w (na razie) m\u00f3wi NIE - 24GLIWICE - Portal Gliwice | codziennie nowe informacje","og_description":"Du\u017ce zmiany na terenie po dawnej synagodze przy ul. Dolnych Wa\u0142\u00f3w. W internecie kr\u0105\u017c\u0105 informacje, \u017ce nowy w\u0142a\u015bciciel dzia\u0142ki planuje tu budow\u0119 betonowego parkingu. Jak si\u0119 dowiedzieli\u015bmy, cho\u0107 formalnie nikt nie rozpocz\u0105\u0142 dzia\u0142a\u0144, do biura Wojew\u00f3dzkiego Konserwatora Zabytk\u00f3w w Katowicach wp\u0142yn\u0119\u0142o zapytanie o mo\u017cliwo\u015b\u0107 realizacji takiej inwestycji. W ostatnich dniach na terenie nieruchomo\u015bci pojawi\u0142 si\u0119 [&hellip;]","og_url":"https:\/\/www.24gliwice.pl\/wiadomosci\/betonowy-parking-w-miejscu-dawnej-synagogi-konserwator-zabytkow-na-razie-mowi-nie\/","og_site_name":"24GLIWICE - Portal Gliwice | codziennie nowe informacje","article_publisher":"https:\/\/www.facebook.com\/24gliwice","article_published_time":"2017-08-17T22:44:32+00:00","og_image":[{"width":1427,"height":825,"url":"https:\/\/www.24gliwice.pl\/wiadomosci\/wp-content\/uploads\/2017\/08\/syn.jpg","type":"image\/jpeg"}],"author":"Micha\u0142 Szewczyk","twitter_card":"summary_large_image","twitter_creator":"@24gliwice","twitter_site":"@24gliwice","twitter_misc":{"Napisane przez":"Micha\u0142 Szewczyk","Szacowany czas czytania":"4 minuty"},"schema":{"@context":"https:\/\/schema.org","@graph":[{"@type":"Article","@id":"https:\/\/www.24gliwice.pl\/wiadomosci\/betonowy-parking-w-miejscu-dawnej-synagogi-konserwator-zabytkow-na-razie-mowi-nie\/#article","isPartOf":{"@id":"https:\/\/www.24gliwice.pl\/wiadomosci\/betonowy-parking-w-miejscu-dawnej-synagogi-konserwator-zabytkow-na-razie-mowi-nie\/"},"author":{"name":"Micha\u0142 Szewczyk","@id":"https:\/\/www.24gliwice.pl\/wiadomosci\/#\/schema\/person\/940e8f8a097e322de4f463f061ef8d45"},"headline":"Betonowy parking w miejscu dawnej synagogi? Konserwator Zabytk\u00f3w (na razie) m\u00f3wi NIE","datePublished":"2017-08-17T22:44:32+00:00","mainEntityOfPage":{"@id":"https:\/\/www.24gliwice.pl\/wiadomosci\/betonowy-parking-w-miejscu-dawnej-synagogi-konserwator-zabytkow-na-razie-mowi-nie\/"},"wordCount":776,"commentCount":0,"publisher":{"@id":"https:\/\/www.24gliwice.pl\/wiadomosci\/#organization"},"image":{"@id":"https:\/\/www.24gliwice.pl\/wiadomosci\/betonowy-parking-w-miejscu-dawnej-synagogi-konserwator-zabytkow-na-razie-mowi-nie\/#primaryimage"},"thumbnailUrl":"https:\/\/www.24gliwice.pl\/wiadomosci\/wp-content\/uploads\/2017\/08\/syn.jpg","keywords":["dolnych wa\u0142\u00f3w","SYNAGOGA GLIWICE","WOJEW\u00d3DZKI KONSERWATOR ZABYTK\u00d3W"],"articleSection":["Gliwice","Najnowsze wiadomo\u015bci","Portal Gliwice - Wiadomo\u015bci lokalne"],"inLanguage":"pl-PL","potentialAction":[{"@type":"CommentAction","name":"Comment","target":["https:\/\/www.24gliwice.pl\/wiadomosci\/betonowy-parking-w-miejscu-dawnej-synagogi-konserwator-zabytkow-na-razie-mowi-nie\/#respond"]}]},{"@type":"WebPage","@id":"https:\/\/www.24gliwice.pl\/wiadomosci\/betonowy-parking-w-miejscu-dawnej-synagogi-konserwator-zabytkow-na-razie-mowi-nie\/","url":"https:\/\/www.24gliwice.pl\/wiadomosci\/betonowy-parking-w-miejscu-dawnej-synagogi-konserwator-zabytkow-na-razie-mowi-nie\/","name":"Betonowy parking w miejscu dawnej synagogi? Konserwator Zabytk\u00f3w (na razie) m\u00f3wi NIE - 24GLIWICE - Portal Gliwice | codziennie nowe informacje","isPartOf":{"@id":"https:\/\/www.24gliwice.pl\/wiadomosci\/#website"},"primaryImageOfPage":{"@id":"https:\/\/www.24gliwice.pl\/wiadomosci\/betonowy-parking-w-miejscu-dawnej-synagogi-konserwator-zabytkow-na-razie-mowi-nie\/#primaryimage"},"image":{"@id":"https:\/\/www.24gliwice.pl\/wiadomosci\/betonowy-parking-w-miejscu-dawnej-synagogi-konserwator-zabytkow-na-razie-mowi-nie\/#primaryimage"},"thumbnailUrl":"https:\/\/www.24gliwice.pl\/wiadomosci\/wp-content\/uploads\/2017\/08\/syn.jpg","datePublished":"2017-08-17T22:44:32+00:00","breadcrumb":{"@id":"https:\/\/www.24gliwice.pl\/wiadomosci\/betonowy-parking-w-miejscu-dawnej-synagogi-konserwator-zabytkow-na-razie-mowi-nie\/#breadcrumb"},"inLanguage":"pl-PL","potentialAction":[{"@type":"ReadAction","target":["https:\/\/www.24gliwice.pl\/wiadomosci\/betonowy-parking-w-miejscu-dawnej-synagogi-konserwator-zabytkow-na-razie-mowi-nie\/"]}]},{"@type":"ImageObject","inLanguage":"pl-PL","@id":"https:\/\/www.24gliwice.pl\/wiadomosci\/betonowy-parking-w-miejscu-dawnej-synagogi-konserwator-zabytkow-na-razie-mowi-nie\/#primaryimage","url":"https:\/\/www.24gliwice.pl\/wiadomosci\/wp-content\/uploads\/2017\/08\/syn.jpg","contentUrl":"https:\/\/www.24gliwice.pl\/wiadomosci\/wp-content\/uploads\/2017\/08\/syn.jpg","width":1427,"height":825},{"@type":"BreadcrumbList","@id":"https:\/\/www.24gliwice.pl\/wiadomosci\/betonowy-parking-w-miejscu-dawnej-synagogi-konserwator-zabytkow-na-razie-mowi-nie\/#breadcrumb","itemListElement":[{"@type":"ListItem","position":1,"name":"Strona g\u0142\u00f3wna","item":"https:\/\/www.24gliwice.pl\/wiadomosci\/"},{"@type":"ListItem","position":2,"name":"Betonowy parking w miejscu dawnej synagogi? Konserwator Zabytk\u00f3w (na razie) m\u00f3wi NIE"}]},{"@type":"WebSite","@id":"https:\/\/www.24gliwice.pl\/wiadomosci\/#website","url":"https:\/\/www.24gliwice.pl\/wiadomosci\/","name":"24GLIWICE - Portal Gliwice | codziennie nowe wiadomo\u015bci","description":"Portal Miejski Gliwice","publisher":{"@id":"https:\/\/www.24gliwice.pl\/wiadomosci\/#organization"},"potentialAction":[{"@type":"SearchAction","target":{"@type":"EntryPoint","urlTemplate":"https:\/\/www.24gliwice.pl\/wiadomosci\/?s={search_term_string}"},"query-input":{"@type":"PropertyValueSpecification","valueRequired":true,"valueName":"search_term_string"}}],"inLanguage":"pl-PL"},{"@type":"Organization","@id":"https:\/\/www.24gliwice.pl\/wiadomosci\/#organization","name":"24gliwice","url":"https:\/\/www.24gliwice.pl\/wiadomosci\/","logo":{"@type":"ImageObject","inLanguage":"pl-PL","@id":"https:\/\/www.24gliwice.pl\/wiadomosci\/#\/schema\/logo\/image\/","url":"https:\/\/www.24gliwice.pl\/wiadomosci\/wp-content\/uploads\/2024\/10\/24gliwice-logo-696.jpg","contentUrl":"https:\/\/www.24gliwice.pl\/wiadomosci\/wp-content\/uploads\/2024\/10\/24gliwice-logo-696.jpg","width":696,"height":696,"caption":"24gliwice"},"image":{"@id":"https:\/\/www.24gliwice.pl\/wiadomosci\/#\/schema\/logo\/image\/"},"sameAs":["https:\/\/www.facebook.com\/24gliwice","https:\/\/x.com\/24gliwice","https:\/\/www.youtube.com\/@24gliwice"]},{"@type":"Person","@id":"https:\/\/www.24gliwice.pl\/wiadomosci\/#\/schema\/person\/940e8f8a097e322de4f463f061ef8d45","name":"Micha\u0142 Szewczyk","image":{"@type":"ImageObject","inLanguage":"pl-PL","@id":"https:\/\/secure.gravatar.com\/avatar\/771b8b6c74cd8d255e46392d605e01a86133900ef09b6ef3c8d451c9d92288cf?s=96&d=mm&r=g","url":"https:\/\/secure.gravatar.com\/avatar\/771b8b6c74cd8d255e46392d605e01a86133900ef09b6ef3c8d451c9d92288cf?s=96&d=mm&r=g","contentUrl":"https:\/\/secure.gravatar.com\/avatar\/771b8b6c74cd8d255e46392d605e01a86133900ef09b6ef3c8d451c9d92288cf?s=96&d=mm&r=g","caption":"Micha\u0142 Szewczyk"},"sameAs":["http:\/\/www.gazeta-miejska.pl"],"url":"https:\/\/www.24gliwice.pl\/wiadomosci\/author\/michal-szewczyk\/"}]}},"_links":{"self":[{"href":"https:\/\/www.24gliwice.pl\/wiadomosci\/wp-json\/wp\/v2\/posts\/103061","targetHints":{"allow":["GET"]}}],"collection":[{"href":"https:\/\/www.24gliwice.pl\/wiadomosci\/wp-json\/wp\/v2\/posts"}],"about":[{"href":"https:\/\/www.24gliwice.pl\/wiadomosci\/wp-json\/wp\/v2\/types\/post"}],"author":[{"embeddable":true,"href":"https:\/\/www.24gliwice.pl\/wiadomosci\/wp-json\/wp\/v2\/users\/12"}],"replies":[{"embeddable":true,"href":"https:\/\/www.24gliwice.pl\/wiadomosci\/wp-json\/wp\/v2\/comments?post=103061"}],"version-history":[{"count":0,"href":"https:\/\/www.24gliwice.pl\/wiadomosci\/wp-json\/wp\/v2\/posts\/103061\/revisions"}],"wp:featuredmedia":[{"embeddable":true,"href":"https:\/\/www.24gliwice.pl\/wiadomosci\/wp-json\/wp\/v2\/media\/103063"}],"wp:attachment":[{"href":"https:\/\/www.24gliwice.pl\/wiadomosci\/wp-json\/wp\/v2\/media?parent=103061"}],"wp:term":[{"taxonomy":"category","embeddable":true,"href":"https:\/\/www.24gliwice.pl\/wiadomosci\/wp-json\/wp\/v2\/categories?post=103061"},{"taxonomy":"post_tag","embeddable":true,"href":"https:\/\/www.24gliwice.pl\/wiadomosci\/wp-json\/wp\/v2\/tags?post=103061"}],"curies":[{"name":"wp","href":"https:\/\/api.w.org\/{rel}","templated":true}]}}