{"id":103121,"date":"2017-08-18T00:07:48","date_gmt":"2017-08-17T22:07:48","guid":{"rendered":"http:\/\/www.24gliwice.pl\/wiadomosci\/?p=103121"},"modified":"2017-08-19T00:42:32","modified_gmt":"2017-08-18T22:42:32","slug":"podstawowy-zakres-ochrony-w-polisie-mieszkaniowej-czy-wystarczy-warto-to-sprawdzic","status":"publish","type":"post","link":"https:\/\/www.24gliwice.pl\/wiadomosci\/podstawowy-zakres-ochrony-w-polisie-mieszkaniowej-czy-wystarczy-warto-to-sprawdzic\/","title":{"rendered":"Podstawowy zakres ochrony w polisie mieszkaniowej &#8211; czy wystarczy? Warto to sprawdzi\u0107"},"content":{"rendered":"<div class=\"gliwi-a6-nad-leadem-artykulow gliwi-entity-placement\" id=\"gliwi-3631138829\"><div class=\"gliwi-adlabel\"><span style=\"font-size: 9px\">REKLAMA<\/span><\/div><div id=\"gliwi-3034688412\" style=\"margin-bottom: 25px;margin-left: auto;margin-right: auto;text-align: center;\"><a data-no-instant=\"1\" href=\"https:\/\/dom100.eu\/\" rel=\"noopener\" class=\"a2t-link\" target=\"_blank\" aria-label=\"20260415 DOM100 D\"><img loading=\"lazy\" decoding=\"async\" src=\"https:\/\/www.24gliwice.pl\/wiadomosci\/wp-content\/uploads\/2026\/04\/20260415-DOM100-D.jpg\" alt=\"\"  srcset=\"https:\/\/www.24gliwice.pl\/wiadomosci\/wp-content\/uploads\/2026\/04\/20260415-DOM100-D.jpg 750w, https:\/\/www.24gliwice.pl\/wiadomosci\/wp-content\/uploads\/2026\/04\/20260415-DOM100-D-410x109.jpg 410w\" sizes=\"(max-width: 750px) 100vw, 750px\" class=\"no-lazyload\" width=\"750\" height=\"200\"  style=\"display: inline-block; max-width: 100%; height: auto;\" \/><\/a><\/div><\/div><h3>Ubezpieczenie nieruchomo\u015bci bez wzgl\u0119du na przedmiot jak dom, mieszkanie czy budynek w budowie jest produktem sk\u0142adaj\u0105cym si\u0119 z dw\u00f3ch rodzaj\u00f3w um\u00f3w.<\/h3>\n<p><b>Do obowi\u0105zkowej podstawy ubezpieczony mo\u017ce dokupi\u0107 jedno lub kilka rozszerze\u0144. Wielu lokator\u00f3w nie chc\u0105c p\u0142aci\u0107 wysokiej sk\u0142adki decyduje si\u0119 na wariant podstawowy, ale czy s\u0142usznie?<\/b><\/p>\n<h4>Polisa i kredyt hipoteczny<\/h4>\n<p>Poza ubezpieczeniem OC dla kierowcy, polisy indywidualne s\u0105 decyzj\u0105 dobrowoln\u0105. Tyle teoria, bo w praktyce bywa r\u00f3\u017cnie. We\u017amy dla przyk\u0142adu ubezpieczenie mienia kupowanego na kredyt. Aby otrzyma\u0107 po\u017cyczk\u0119 udzielan\u0105 przez bank, ta sama instytucja wymaga od kredytobiorcy nie tylko wk\u0142adu w\u0142asnego, ale dodatkowego zabezpieczenia w postaci polisy mieszkaniowej. W jakim celu? To proste \u2013 je\u015bli budowany dom czy kredytowane mieszkanie ulegnie zniszczeniu z powodu nieprzewidzianych zdarze\u0144, reszt\u0119 rat sp\u0142aci ubezpieczyciel.<\/p><div class=\"gliwi-a3-w-tresci-artykulow gliwi-entity-placement\" id=\"gliwi-112803316\"><div class=\"gliwi-adlabel\"><span style=\"font-size: 9px\">REKLAMA<\/span><\/div><div id=\"gliwi-185550547\" style=\"margin-bottom: 30px;margin-left: auto;margin-right: auto;text-align: center;\"><a data-no-instant=\"1\" href=\"https:\/\/ogrodyandersa.pl\/\" rel=\"noopener\" class=\"a2t-link\" target=\"_blank\" aria-label=\"20260415 Ogrody Andersa KUP TERAZ D\"><img loading=\"lazy\" decoding=\"async\" src=\"https:\/\/www.24gliwice.pl\/wiadomosci\/wp-content\/uploads\/2026\/04\/20260415-Ogrody-Andersa-KUP-TERAZ-D.jpg\" alt=\"\"  srcset=\"https:\/\/www.24gliwice.pl\/wiadomosci\/wp-content\/uploads\/2026\/04\/20260415-Ogrody-Andersa-KUP-TERAZ-D.jpg 750w, https:\/\/www.24gliwice.pl\/wiadomosci\/wp-content\/uploads\/2026\/04\/20260415-Ogrody-Andersa-KUP-TERAZ-D-410x109.jpg 410w\" sizes=\"(max-width: 750px) 100vw, 750px\" class=\"no-lazyload\" width=\"750\" height=\"200\"  style=\"display: inline-block; max-width: 100%; height: auto;\" \/><\/a><\/div><\/div>\n<p>Wiadomo, \u017ce ka\u017cde ubezpieczenie kosztuje. To w przypadku nieruchomo\u015bci akurat najmniej, bo ceny zaczynaj\u0105 si\u0119 ju\u017c od ok. 100 z\u0142 rocznie, a si\u0119gaj\u0105 nawet powy\u017cej 1000 z\u0142 za 12 miesi\u0119cy ochrony. Ale i tak zdecydowana wi\u0119kszo\u015b\u0107 wybierze <u><a href=\"https:\/\/strzezdom.pl\/\">ubezpieczenie mieszkania<\/a><\/u> w wersji najta\u0144szej, aby rata kredytu nie odbiega\u0142a od planowanych rozmiar\u00f3w. Tyle \u017ce wersja najta\u0144sza to zarazem najw\u0119\u017cszy zakres ochrony.<\/p>\n<h4>Po\u017car i inne zdarzenia losowe<\/h4>\n<p>W umowie podstawowej zakres zdarze\u0144 czy te\u017c ryzyk wynosi od kilku do nawet przesz\u0142o dwudziestu. Wszystko zale\u017cy od oferty towarzystwa ubezpiecze\u0144. Podobne produkty mo\u017cna sprawdzi\u0107 przez <u><a href=\"https:\/\/kalkulator.strzezdom.pl\/\">ubezpieczenie mieszkania kalkulator<\/a><\/u>, kt\u00f3ry w kilka chwil wyliczy sk\u0142adki w oparciu o wybrany wariant ochrony. Ale najpierw sprawd\u017amy zawarto\u015b\u0107 oferowanej podstawy.<\/p>\n<p>Umowa ubezpieczenia nieruchomo\u015bci bez rozszerze\u0144 dotyczy przewa\u017cnie tych samych zdarze\u0144 dla domu, mieszkania i budynku w budowie:<\/p>\n<ul>\n<li>\n<p style=\"margin-bottom: 0.35cm; line-height: 115%;\">po\u017car,<\/p>\n<\/li>\n<li>\n<p style=\"margin-bottom: 0.35cm; line-height: 115%;\">zalanie,<\/p>\n<\/li>\n<li>\n<p style=\"margin-bottom: 0.35cm; line-height: 115%;\">wybuch,<\/p>\n<\/li>\n<li>\n<p style=\"margin-bottom: 0.35cm; line-height: 115%;\">osuwanie si\u0119 ziemi,<\/p>\n<\/li>\n<li>\n<p style=\"margin-bottom: 0.35cm; line-height: 115%;\">uderzenie pojazdu,<\/p>\n<\/li>\n<li>\n<p style=\"margin-bottom: 0.35cm; line-height: 115%;\">deszcz nawalny i inne.<\/p>\n<\/li>\n<\/ul>\n<p>Zdarzenia losowe z umowy podstawowej mo\u017cna z \u0142atwo\u015bci\u0105 podzieli\u0107 na te, kt\u00f3rych przyczyn\u0105 s\u0105 zjawiska atmosferyczne oraz dzia\u0142anie cz\u0142owieka. Oczywi\u015bcie, im wi\u0119cej zdarze\u0144 w polisie g\u0142\u00f3wnej, tym lepiej chroniona nieruchomo\u015b\u0107, a co za tym idzie \u2013 wi\u0119ksze prawdopodobie\u0144stwo otrzymania \u015bwiadczenia za szkod\u0119.<\/p>\n<h4>Plusy i minusy posiadania samej podstawy<\/h4>\n<p>W ubezpieczeniu nieruchomo\u015bci czym innym jest zakres ochrony oraz przedmiot polisy. Posiadaj\u0105c sam\u0105 podstaw\u0119 mamy gwarancj\u0119 zwrotu koszt\u00f3w za straty powsta\u0142e na murach. Tyle \u017ce w przypadku po\u017caru czy zalania ucierpi\u0105 nie tylko \u015bciany czy dach, ale r\u00f3wnie\u017c sta\u0142e elementy konstrukcji czy kosztowne, gromadzone latami wyposa\u017cenie w postaci mebli, ubra\u0144 czy sprz\u0119tu RTV.<\/p>\n<p>Dlatego warto zastanowi\u0107 si\u0119, czy kilkadziesi\u0105t z\u0142otych wi\u0119cej za polis\u0119 z odpowiednimi rozszerzeniami b\u0119dzie inwestycj\u0105, dzi\u0119ki kt\u00f3rej zyskamy wi\u0119kszy komfort. R\u00f3wnie\u017c na wypadek kradzie\u017cy z w\u0142amaniem \u2013 to zagro\u017cenie wyst\u0119puje r\u00f3wnie cz\u0119sto jak zwarcie instalacji ciep\u0142owniczej czy p\u0119kanie mur\u00f3w.<\/p>\n<p>Niezaprzeczaln\u0105 zalet\u0105 podstawowej polisy mieszkaniowej jest cena takiego produktu. Najta\u0144sze opcje zaczynaj\u0105 si\u0119 od kilkudziesi\u0119ciu z\u0142otych za 12 miesi\u0119cy ochrony. A je\u015bli ju\u017c decydujemy si\u0119 na sam\u0105 podstaw\u0119, warto aby zakres ryzyk by\u0142 jak najszerszy, bo polis\u0119 mieszkaniow\u0105 bez wzgl\u0119du na posiadan\u0105 form\u0119 warto mie\u0107.<\/p>\n<div class=\"gliwi-a5-na-koncu-artykulow gliwi-entity-placement\" id=\"gliwi-3231596820\"><div class=\"gliwi-adlabel\"><span style=\"font-size: 9px\">REKLAMA<\/span><\/div><div id=\"gliwi-2346951992\" style=\"margin-left: auto;margin-right: auto;text-align: center;\"><a data-no-instant=\"1\" href=\"https:\/\/prezeroarenagliwice.pl\/\" rel=\"noopener\" class=\"a2t-link\" target=\"_blank\" aria-label=\"20260309-PREZERO-WIOSNA-D\"><img loading=\"lazy\" decoding=\"async\" src=\"https:\/\/www.24gliwice.pl\/wiadomosci\/wp-content\/uploads\/2026\/03\/20260309-PREZERO-WIOSNA-D.webp\" alt=\"\"  srcset=\"https:\/\/www.24gliwice.pl\/wiadomosci\/wp-content\/uploads\/2026\/03\/20260309-PREZERO-WIOSNA-D.webp 750w, https:\/\/www.24gliwice.pl\/wiadomosci\/wp-content\/uploads\/2026\/03\/20260309-PREZERO-WIOSNA-D-410x109.webp 410w\" sizes=\"(max-width: 750px) 100vw, 750px\" class=\"no-lazyload\" width=\"750\" height=\"200\"  style=\"display: inline-block; max-width: 100%; height: auto;\" \/><\/a><\/div><\/div>","protected":false},"excerpt":{"rendered":"<p>Ubezpieczenie nieruchomo\u015bci bez wzgl\u0119du na przedmiot jak dom, mieszkanie czy budynek w budowie jest produktem sk\u0142adaj\u0105cym si\u0119 z dw\u00f3ch rodzaj\u00f3w um\u00f3w. Do obowi\u0105zkowej podstawy ubezpieczony mo\u017ce dokupi\u0107 jedno lub kilka rozszerze\u0144. Wielu lokator\u00f3w nie chc\u0105c p\u0142aci\u0107 wysokiej sk\u0142adki decyduje si\u0119 na wariant podstawowy, ale czy s\u0142usznie? Polisa i kredyt hipoteczny Poza ubezpieczeniem OC dla kierowcy, [&hellip;]<\/p>\n","protected":false},"author":4,"featured_media":103123,"comment_status":"closed","ping_status":"closed","sticky":false,"template":"","format":"standard","meta":{"_monsterinsights_skip_tracking":false,"_monsterinsights_sitenote_active":false,"_monsterinsights_sitenote_note":"","_monsterinsights_sitenote_category":0,"footnotes":"","_links_to":"","_links_to_target":""},"categories":[1,1129],"tags":[],"class_list":["post-103121","post","type-post","status-publish","format-standard","has-post-thumbnail","hentry","category-wszystko","category-polecamy"],"yoast_head":"<!-- This site is optimized with the Yoast SEO plugin v27.5 - https:\/\/yoast.com\/product\/yoast-seo-wordpress\/ -->\n<title>Podstawowy zakres ochrony w polisie mieszkaniowej - czy wystarczy? Warto to sprawdzi\u0107 - 24GLIWICE - Portal Gliwice | codziennie nowe informacje<\/title>\n<meta name=\"robots\" content=\"index, follow, max-snippet:-1, max-image-preview:large, max-video-preview:-1\" \/>\n<link rel=\"canonical\" href=\"https:\/\/www.24gliwice.pl\/wiadomosci\/podstawowy-zakres-ochrony-w-polisie-mieszkaniowej-czy-wystarczy-warto-to-sprawdzic\/\" \/>\n<meta property=\"og:locale\" content=\"pl_PL\" \/>\n<meta property=\"og:type\" content=\"article\" \/>\n<meta property=\"og:title\" content=\"Podstawowy zakres ochrony w polisie mieszkaniowej - czy wystarczy? Warto to sprawdzi\u0107 - 24GLIWICE - Portal Gliwice | codziennie nowe informacje\" \/>\n<meta property=\"og:description\" content=\"Ubezpieczenie nieruchomo\u015bci bez wzgl\u0119du na przedmiot jak dom, mieszkanie czy budynek w budowie jest produktem sk\u0142adaj\u0105cym si\u0119 z dw\u00f3ch rodzaj\u00f3w um\u00f3w. Do obowi\u0105zkowej podstawy ubezpieczony mo\u017ce dokupi\u0107 jedno lub kilka rozszerze\u0144. Wielu lokator\u00f3w nie chc\u0105c p\u0142aci\u0107 wysokiej sk\u0142adki decyduje si\u0119 na wariant podstawowy, ale czy s\u0142usznie? Polisa i kredyt hipoteczny Poza ubezpieczeniem OC dla kierowcy, [&hellip;]\" \/>\n<meta property=\"og:url\" content=\"https:\/\/www.24gliwice.pl\/wiadomosci\/podstawowy-zakres-ochrony-w-polisie-mieszkaniowej-czy-wystarczy-warto-to-sprawdzic\/\" \/>\n<meta property=\"og:site_name\" content=\"24GLIWICE - Portal Gliwice | codziennie nowe informacje\" \/>\n<meta property=\"article:publisher\" content=\"https:\/\/www.facebook.com\/24gliwice\" \/>\n<meta property=\"article:author\" content=\"https:\/\/www.facebook.com\/marcin.fabrykowski\" \/>\n<meta property=\"article:published_time\" content=\"2017-08-17T22:07:48+00:00\" \/>\n<meta property=\"article:modified_time\" content=\"2017-08-18T22:42:32+00:00\" \/>\n<meta property=\"og:image\" content=\"https:\/\/www.24gliwice.pl\/wiadomosci\/wp-content\/uploads\/2017\/08\/Screenshot_57.jpg\" \/>\n\t<meta property=\"og:image:width\" content=\"1119\" \/>\n\t<meta property=\"og:image:height\" content=\"554\" \/>\n\t<meta property=\"og:image:type\" content=\"image\/jpeg\" \/>\n<meta name=\"author\" content=\"Marcin Fabrykowski\" \/>\n<meta name=\"twitter:card\" content=\"summary_large_image\" \/>\n<meta name=\"twitter:creator\" content=\"@24gliwice\" \/>\n<meta name=\"twitter:site\" content=\"@24gliwice\" \/>\n<meta name=\"twitter:label1\" content=\"Napisane przez\" \/>\n\t<meta name=\"twitter:data1\" content=\"Marcin Fabrykowski\" \/>\n\t<meta name=\"twitter:label2\" content=\"Szacowany czas czytania\" \/>\n\t<meta name=\"twitter:data2\" content=\"3 minuty\" \/>\n<script type=\"application\/ld+json\" class=\"yoast-schema-graph\">{\"@context\":\"https:\\\/\\\/schema.org\",\"@graph\":[{\"@type\":\"Article\",\"@id\":\"https:\\\/\\\/www.24gliwice.pl\\\/wiadomosci\\\/podstawowy-zakres-ochrony-w-polisie-mieszkaniowej-czy-wystarczy-warto-to-sprawdzic\\\/#article\",\"isPartOf\":{\"@id\":\"https:\\\/\\\/www.24gliwice.pl\\\/wiadomosci\\\/podstawowy-zakres-ochrony-w-polisie-mieszkaniowej-czy-wystarczy-warto-to-sprawdzic\\\/\"},\"author\":{\"name\":\"Marcin Fabrykowski\",\"@id\":\"https:\\\/\\\/www.24gliwice.pl\\\/wiadomosci\\\/#\\\/schema\\\/person\\\/cb5857e4a4d048c15984c1edcc8ef0c0\"},\"headline\":\"Podstawowy zakres ochrony w polisie mieszkaniowej &#8211; czy wystarczy? Warto to sprawdzi\u0107\",\"datePublished\":\"2017-08-17T22:07:48+00:00\",\"dateModified\":\"2017-08-18T22:42:32+00:00\",\"mainEntityOfPage\":{\"@id\":\"https:\\\/\\\/www.24gliwice.pl\\\/wiadomosci\\\/podstawowy-zakres-ochrony-w-polisie-mieszkaniowej-czy-wystarczy-warto-to-sprawdzic\\\/\"},\"wordCount\":535,\"publisher\":{\"@id\":\"https:\\\/\\\/www.24gliwice.pl\\\/wiadomosci\\\/#organization\"},\"image\":{\"@id\":\"https:\\\/\\\/www.24gliwice.pl\\\/wiadomosci\\\/podstawowy-zakres-ochrony-w-polisie-mieszkaniowej-czy-wystarczy-warto-to-sprawdzic\\\/#primaryimage\"},\"thumbnailUrl\":\"https:\\\/\\\/www.24gliwice.pl\\\/wiadomosci\\\/wp-content\\\/uploads\\\/2017\\\/08\\\/Screenshot_57.jpg\",\"articleSection\":[\"Najnowsze wiadomo\u015bci\",\"Polecamy\"],\"inLanguage\":\"pl-PL\"},{\"@type\":\"WebPage\",\"@id\":\"https:\\\/\\\/www.24gliwice.pl\\\/wiadomosci\\\/podstawowy-zakres-ochrony-w-polisie-mieszkaniowej-czy-wystarczy-warto-to-sprawdzic\\\/\",\"url\":\"https:\\\/\\\/www.24gliwice.pl\\\/wiadomosci\\\/podstawowy-zakres-ochrony-w-polisie-mieszkaniowej-czy-wystarczy-warto-to-sprawdzic\\\/\",\"name\":\"Podstawowy zakres ochrony w polisie mieszkaniowej - czy wystarczy? Warto to sprawdzi\u0107 - 24GLIWICE - Portal Gliwice | codziennie nowe informacje\",\"isPartOf\":{\"@id\":\"https:\\\/\\\/www.24gliwice.pl\\\/wiadomosci\\\/#website\"},\"primaryImageOfPage\":{\"@id\":\"https:\\\/\\\/www.24gliwice.pl\\\/wiadomosci\\\/podstawowy-zakres-ochrony-w-polisie-mieszkaniowej-czy-wystarczy-warto-to-sprawdzic\\\/#primaryimage\"},\"image\":{\"@id\":\"https:\\\/\\\/www.24gliwice.pl\\\/wiadomosci\\\/podstawowy-zakres-ochrony-w-polisie-mieszkaniowej-czy-wystarczy-warto-to-sprawdzic\\\/#primaryimage\"},\"thumbnailUrl\":\"https:\\\/\\\/www.24gliwice.pl\\\/wiadomosci\\\/wp-content\\\/uploads\\\/2017\\\/08\\\/Screenshot_57.jpg\",\"datePublished\":\"2017-08-17T22:07:48+00:00\",\"dateModified\":\"2017-08-18T22:42:32+00:00\",\"breadcrumb\":{\"@id\":\"https:\\\/\\\/www.24gliwice.pl\\\/wiadomosci\\\/podstawowy-zakres-ochrony-w-polisie-mieszkaniowej-czy-wystarczy-warto-to-sprawdzic\\\/#breadcrumb\"},\"inLanguage\":\"pl-PL\",\"potentialAction\":[{\"@type\":\"ReadAction\",\"target\":[\"https:\\\/\\\/www.24gliwice.pl\\\/wiadomosci\\\/podstawowy-zakres-ochrony-w-polisie-mieszkaniowej-czy-wystarczy-warto-to-sprawdzic\\\/\"]}]},{\"@type\":\"ImageObject\",\"inLanguage\":\"pl-PL\",\"@id\":\"https:\\\/\\\/www.24gliwice.pl\\\/wiadomosci\\\/podstawowy-zakres-ochrony-w-polisie-mieszkaniowej-czy-wystarczy-warto-to-sprawdzic\\\/#primaryimage\",\"url\":\"https:\\\/\\\/www.24gliwice.pl\\\/wiadomosci\\\/wp-content\\\/uploads\\\/2017\\\/08\\\/Screenshot_57.jpg\",\"contentUrl\":\"https:\\\/\\\/www.24gliwice.pl\\\/wiadomosci\\\/wp-content\\\/uploads\\\/2017\\\/08\\\/Screenshot_57.jpg\",\"width\":1119,\"height\":554},{\"@type\":\"BreadcrumbList\",\"@id\":\"https:\\\/\\\/www.24gliwice.pl\\\/wiadomosci\\\/podstawowy-zakres-ochrony-w-polisie-mieszkaniowej-czy-wystarczy-warto-to-sprawdzic\\\/#breadcrumb\",\"itemListElement\":[{\"@type\":\"ListItem\",\"position\":1,\"name\":\"Strona g\u0142\u00f3wna\",\"item\":\"https:\\\/\\\/www.24gliwice.pl\\\/wiadomosci\\\/\"},{\"@type\":\"ListItem\",\"position\":2,\"name\":\"Podstawowy zakres ochrony w polisie mieszkaniowej &#8211; czy wystarczy? Warto to sprawdzi\u0107\"}]},{\"@type\":\"WebSite\",\"@id\":\"https:\\\/\\\/www.24gliwice.pl\\\/wiadomosci\\\/#website\",\"url\":\"https:\\\/\\\/www.24gliwice.pl\\\/wiadomosci\\\/\",\"name\":\"24GLIWICE - Portal Gliwice | codziennie nowe wiadomo\u015bci\",\"description\":\"Portal Miejski Gliwice\",\"publisher\":{\"@id\":\"https:\\\/\\\/www.24gliwice.pl\\\/wiadomosci\\\/#organization\"},\"potentialAction\":[{\"@type\":\"SearchAction\",\"target\":{\"@type\":\"EntryPoint\",\"urlTemplate\":\"https:\\\/\\\/www.24gliwice.pl\\\/wiadomosci\\\/?s={search_term_string}\"},\"query-input\":{\"@type\":\"PropertyValueSpecification\",\"valueRequired\":true,\"valueName\":\"search_term_string\"}}],\"inLanguage\":\"pl-PL\"},{\"@type\":\"Organization\",\"@id\":\"https:\\\/\\\/www.24gliwice.pl\\\/wiadomosci\\\/#organization\",\"name\":\"24gliwice\",\"url\":\"https:\\\/\\\/www.24gliwice.pl\\\/wiadomosci\\\/\",\"logo\":{\"@type\":\"ImageObject\",\"inLanguage\":\"pl-PL\",\"@id\":\"https:\\\/\\\/www.24gliwice.pl\\\/wiadomosci\\\/#\\\/schema\\\/logo\\\/image\\\/\",\"url\":\"https:\\\/\\\/www.24gliwice.pl\\\/wiadomosci\\\/wp-content\\\/uploads\\\/2024\\\/10\\\/24gliwice-logo-696.jpg\",\"contentUrl\":\"https:\\\/\\\/www.24gliwice.pl\\\/wiadomosci\\\/wp-content\\\/uploads\\\/2024\\\/10\\\/24gliwice-logo-696.jpg\",\"width\":696,\"height\":696,\"caption\":\"24gliwice\"},\"image\":{\"@id\":\"https:\\\/\\\/www.24gliwice.pl\\\/wiadomosci\\\/#\\\/schema\\\/logo\\\/image\\\/\"},\"sameAs\":[\"https:\\\/\\\/www.facebook.com\\\/24gliwice\",\"https:\\\/\\\/x.com\\\/24gliwice\",\"https:\\\/\\\/www.youtube.com\\\/@24gliwice\"]},{\"@type\":\"Person\",\"@id\":\"https:\\\/\\\/www.24gliwice.pl\\\/wiadomosci\\\/#\\\/schema\\\/person\\\/cb5857e4a4d048c15984c1edcc8ef0c0\",\"name\":\"Marcin Fabrykowski\",\"image\":{\"@type\":\"ImageObject\",\"inLanguage\":\"pl-PL\",\"@id\":\"https:\\\/\\\/www.24gliwice.pl\\\/wiadomosci\\\/wp-content\\\/uploads\\\/2025\\\/11\\\/zdjecie-moje-marcin-300-96x96.jpg\",\"url\":\"https:\\\/\\\/www.24gliwice.pl\\\/wiadomosci\\\/wp-content\\\/uploads\\\/2025\\\/11\\\/zdjecie-moje-marcin-300-96x96.jpg\",\"contentUrl\":\"https:\\\/\\\/www.24gliwice.pl\\\/wiadomosci\\\/wp-content\\\/uploads\\\/2025\\\/11\\\/zdjecie-moje-marcin-300-96x96.jpg\",\"caption\":\"Marcin Fabrykowski\"},\"sameAs\":[\"http:\\\/\\\/24gliwice.pl\",\"https:\\\/\\\/www.facebook.com\\\/marcin.fabrykowski\"],\"url\":\"https:\\\/\\\/www.24gliwice.pl\\\/wiadomosci\\\/author\\\/marcin-fabrykowski\\\/\"}]}<\/script>\n<!-- \/ Yoast SEO plugin. -->","yoast_head_json":{"title":"Podstawowy zakres ochrony w polisie mieszkaniowej - czy wystarczy? Warto to sprawdzi\u0107 - 24GLIWICE - Portal Gliwice | codziennie nowe informacje","robots":{"index":"index","follow":"follow","max-snippet":"max-snippet:-1","max-image-preview":"max-image-preview:large","max-video-preview":"max-video-preview:-1"},"canonical":"https:\/\/www.24gliwice.pl\/wiadomosci\/podstawowy-zakres-ochrony-w-polisie-mieszkaniowej-czy-wystarczy-warto-to-sprawdzic\/","og_locale":"pl_PL","og_type":"article","og_title":"Podstawowy zakres ochrony w polisie mieszkaniowej - czy wystarczy? Warto to sprawdzi\u0107 - 24GLIWICE - Portal Gliwice | codziennie nowe informacje","og_description":"Ubezpieczenie nieruchomo\u015bci bez wzgl\u0119du na przedmiot jak dom, mieszkanie czy budynek w budowie jest produktem sk\u0142adaj\u0105cym si\u0119 z dw\u00f3ch rodzaj\u00f3w um\u00f3w. Do obowi\u0105zkowej podstawy ubezpieczony mo\u017ce dokupi\u0107 jedno lub kilka rozszerze\u0144. Wielu lokator\u00f3w nie chc\u0105c p\u0142aci\u0107 wysokiej sk\u0142adki decyduje si\u0119 na wariant podstawowy, ale czy s\u0142usznie? Polisa i kredyt hipoteczny Poza ubezpieczeniem OC dla kierowcy, [&hellip;]","og_url":"https:\/\/www.24gliwice.pl\/wiadomosci\/podstawowy-zakres-ochrony-w-polisie-mieszkaniowej-czy-wystarczy-warto-to-sprawdzic\/","og_site_name":"24GLIWICE - Portal Gliwice | codziennie nowe informacje","article_publisher":"https:\/\/www.facebook.com\/24gliwice","article_author":"https:\/\/www.facebook.com\/marcin.fabrykowski","article_published_time":"2017-08-17T22:07:48+00:00","article_modified_time":"2017-08-18T22:42:32+00:00","og_image":[{"width":1119,"height":554,"url":"https:\/\/www.24gliwice.pl\/wiadomosci\/wp-content\/uploads\/2017\/08\/Screenshot_57.jpg","type":"image\/jpeg"}],"author":"Marcin Fabrykowski","twitter_card":"summary_large_image","twitter_creator":"@24gliwice","twitter_site":"@24gliwice","twitter_misc":{"Napisane przez":"Marcin Fabrykowski","Szacowany czas czytania":"3 minuty"},"schema":{"@context":"https:\/\/schema.org","@graph":[{"@type":"Article","@id":"https:\/\/www.24gliwice.pl\/wiadomosci\/podstawowy-zakres-ochrony-w-polisie-mieszkaniowej-czy-wystarczy-warto-to-sprawdzic\/#article","isPartOf":{"@id":"https:\/\/www.24gliwice.pl\/wiadomosci\/podstawowy-zakres-ochrony-w-polisie-mieszkaniowej-czy-wystarczy-warto-to-sprawdzic\/"},"author":{"name":"Marcin Fabrykowski","@id":"https:\/\/www.24gliwice.pl\/wiadomosci\/#\/schema\/person\/cb5857e4a4d048c15984c1edcc8ef0c0"},"headline":"Podstawowy zakres ochrony w polisie mieszkaniowej &#8211; czy wystarczy? Warto to sprawdzi\u0107","datePublished":"2017-08-17T22:07:48+00:00","dateModified":"2017-08-18T22:42:32+00:00","mainEntityOfPage":{"@id":"https:\/\/www.24gliwice.pl\/wiadomosci\/podstawowy-zakres-ochrony-w-polisie-mieszkaniowej-czy-wystarczy-warto-to-sprawdzic\/"},"wordCount":535,"publisher":{"@id":"https:\/\/www.24gliwice.pl\/wiadomosci\/#organization"},"image":{"@id":"https:\/\/www.24gliwice.pl\/wiadomosci\/podstawowy-zakres-ochrony-w-polisie-mieszkaniowej-czy-wystarczy-warto-to-sprawdzic\/#primaryimage"},"thumbnailUrl":"https:\/\/www.24gliwice.pl\/wiadomosci\/wp-content\/uploads\/2017\/08\/Screenshot_57.jpg","articleSection":["Najnowsze wiadomo\u015bci","Polecamy"],"inLanguage":"pl-PL"},{"@type":"WebPage","@id":"https:\/\/www.24gliwice.pl\/wiadomosci\/podstawowy-zakres-ochrony-w-polisie-mieszkaniowej-czy-wystarczy-warto-to-sprawdzic\/","url":"https:\/\/www.24gliwice.pl\/wiadomosci\/podstawowy-zakres-ochrony-w-polisie-mieszkaniowej-czy-wystarczy-warto-to-sprawdzic\/","name":"Podstawowy zakres ochrony w polisie mieszkaniowej - czy wystarczy? Warto to sprawdzi\u0107 - 24GLIWICE - Portal Gliwice | codziennie nowe informacje","isPartOf":{"@id":"https:\/\/www.24gliwice.pl\/wiadomosci\/#website"},"primaryImageOfPage":{"@id":"https:\/\/www.24gliwice.pl\/wiadomosci\/podstawowy-zakres-ochrony-w-polisie-mieszkaniowej-czy-wystarczy-warto-to-sprawdzic\/#primaryimage"},"image":{"@id":"https:\/\/www.24gliwice.pl\/wiadomosci\/podstawowy-zakres-ochrony-w-polisie-mieszkaniowej-czy-wystarczy-warto-to-sprawdzic\/#primaryimage"},"thumbnailUrl":"https:\/\/www.24gliwice.pl\/wiadomosci\/wp-content\/uploads\/2017\/08\/Screenshot_57.jpg","datePublished":"2017-08-17T22:07:48+00:00","dateModified":"2017-08-18T22:42:32+00:00","breadcrumb":{"@id":"https:\/\/www.24gliwice.pl\/wiadomosci\/podstawowy-zakres-ochrony-w-polisie-mieszkaniowej-czy-wystarczy-warto-to-sprawdzic\/#breadcrumb"},"inLanguage":"pl-PL","potentialAction":[{"@type":"ReadAction","target":["https:\/\/www.24gliwice.pl\/wiadomosci\/podstawowy-zakres-ochrony-w-polisie-mieszkaniowej-czy-wystarczy-warto-to-sprawdzic\/"]}]},{"@type":"ImageObject","inLanguage":"pl-PL","@id":"https:\/\/www.24gliwice.pl\/wiadomosci\/podstawowy-zakres-ochrony-w-polisie-mieszkaniowej-czy-wystarczy-warto-to-sprawdzic\/#primaryimage","url":"https:\/\/www.24gliwice.pl\/wiadomosci\/wp-content\/uploads\/2017\/08\/Screenshot_57.jpg","contentUrl":"https:\/\/www.24gliwice.pl\/wiadomosci\/wp-content\/uploads\/2017\/08\/Screenshot_57.jpg","width":1119,"height":554},{"@type":"BreadcrumbList","@id":"https:\/\/www.24gliwice.pl\/wiadomosci\/podstawowy-zakres-ochrony-w-polisie-mieszkaniowej-czy-wystarczy-warto-to-sprawdzic\/#breadcrumb","itemListElement":[{"@type":"ListItem","position":1,"name":"Strona g\u0142\u00f3wna","item":"https:\/\/www.24gliwice.pl\/wiadomosci\/"},{"@type":"ListItem","position":2,"name":"Podstawowy zakres ochrony w polisie mieszkaniowej &#8211; czy wystarczy? Warto to sprawdzi\u0107"}]},{"@type":"WebSite","@id":"https:\/\/www.24gliwice.pl\/wiadomosci\/#website","url":"https:\/\/www.24gliwice.pl\/wiadomosci\/","name":"24GLIWICE - Portal Gliwice | codziennie nowe wiadomo\u015bci","description":"Portal Miejski Gliwice","publisher":{"@id":"https:\/\/www.24gliwice.pl\/wiadomosci\/#organization"},"potentialAction":[{"@type":"SearchAction","target":{"@type":"EntryPoint","urlTemplate":"https:\/\/www.24gliwice.pl\/wiadomosci\/?s={search_term_string}"},"query-input":{"@type":"PropertyValueSpecification","valueRequired":true,"valueName":"search_term_string"}}],"inLanguage":"pl-PL"},{"@type":"Organization","@id":"https:\/\/www.24gliwice.pl\/wiadomosci\/#organization","name":"24gliwice","url":"https:\/\/www.24gliwice.pl\/wiadomosci\/","logo":{"@type":"ImageObject","inLanguage":"pl-PL","@id":"https:\/\/www.24gliwice.pl\/wiadomosci\/#\/schema\/logo\/image\/","url":"https:\/\/www.24gliwice.pl\/wiadomosci\/wp-content\/uploads\/2024\/10\/24gliwice-logo-696.jpg","contentUrl":"https:\/\/www.24gliwice.pl\/wiadomosci\/wp-content\/uploads\/2024\/10\/24gliwice-logo-696.jpg","width":696,"height":696,"caption":"24gliwice"},"image":{"@id":"https:\/\/www.24gliwice.pl\/wiadomosci\/#\/schema\/logo\/image\/"},"sameAs":["https:\/\/www.facebook.com\/24gliwice","https:\/\/x.com\/24gliwice","https:\/\/www.youtube.com\/@24gliwice"]},{"@type":"Person","@id":"https:\/\/www.24gliwice.pl\/wiadomosci\/#\/schema\/person\/cb5857e4a4d048c15984c1edcc8ef0c0","name":"Marcin Fabrykowski","image":{"@type":"ImageObject","inLanguage":"pl-PL","@id":"https:\/\/www.24gliwice.pl\/wiadomosci\/wp-content\/uploads\/2025\/11\/zdjecie-moje-marcin-300-96x96.jpg","url":"https:\/\/www.24gliwice.pl\/wiadomosci\/wp-content\/uploads\/2025\/11\/zdjecie-moje-marcin-300-96x96.jpg","contentUrl":"https:\/\/www.24gliwice.pl\/wiadomosci\/wp-content\/uploads\/2025\/11\/zdjecie-moje-marcin-300-96x96.jpg","caption":"Marcin Fabrykowski"},"sameAs":["http:\/\/24gliwice.pl","https:\/\/www.facebook.com\/marcin.fabrykowski"],"url":"https:\/\/www.24gliwice.pl\/wiadomosci\/author\/marcin-fabrykowski\/"}]}},"_links":{"self":[{"href":"https:\/\/www.24gliwice.pl\/wiadomosci\/wp-json\/wp\/v2\/posts\/103121","targetHints":{"allow":["GET"]}}],"collection":[{"href":"https:\/\/www.24gliwice.pl\/wiadomosci\/wp-json\/wp\/v2\/posts"}],"about":[{"href":"https:\/\/www.24gliwice.pl\/wiadomosci\/wp-json\/wp\/v2\/types\/post"}],"author":[{"embeddable":true,"href":"https:\/\/www.24gliwice.pl\/wiadomosci\/wp-json\/wp\/v2\/users\/4"}],"replies":[{"embeddable":true,"href":"https:\/\/www.24gliwice.pl\/wiadomosci\/wp-json\/wp\/v2\/comments?post=103121"}],"version-history":[{"count":0,"href":"https:\/\/www.24gliwice.pl\/wiadomosci\/wp-json\/wp\/v2\/posts\/103121\/revisions"}],"wp:featuredmedia":[{"embeddable":true,"href":"https:\/\/www.24gliwice.pl\/wiadomosci\/wp-json\/wp\/v2\/media\/103123"}],"wp:attachment":[{"href":"https:\/\/www.24gliwice.pl\/wiadomosci\/wp-json\/wp\/v2\/media?parent=103121"}],"wp:term":[{"taxonomy":"category","embeddable":true,"href":"https:\/\/www.24gliwice.pl\/wiadomosci\/wp-json\/wp\/v2\/categories?post=103121"},{"taxonomy":"post_tag","embeddable":true,"href":"https:\/\/www.24gliwice.pl\/wiadomosci\/wp-json\/wp\/v2\/tags?post=103121"}],"curies":[{"name":"wp","href":"https:\/\/api.w.org\/{rel}","templated":true}]}}