{"id":103148,"date":"2017-08-19T20:05:56","date_gmt":"2017-08-19T18:05:56","guid":{"rendered":"http:\/\/www.24gliwice.pl\/wiadomosci\/?p=103148"},"modified":"2024-08-20T02:01:20","modified_gmt":"2024-08-20T00:01:20","slug":"nareszcie-zwyciestwo-piast-gliwice-przelamal-czarna-serie-w-spotkaniu-z-korona-kielce","status":"publish","type":"post","link":"https:\/\/www.24gliwice.pl\/wiadomosci\/nareszcie-zwyciestwo-piast-gliwice-przelamal-czarna-serie-w-spotkaniu-z-korona-kielce\/","title":{"rendered":"Nareszcie zwyci\u0119stwo! Piast Gliwice prze\u0142ama\u0142 czarn\u0105 seri\u0119 w spotkaniu z Koron\u0105 Kielce"},"content":{"rendered":"<div class=\"gliwi-a6-nad-leadem-artykulow gliwi-entity-placement\" id=\"gliwi-2701198804\"><div class=\"gliwi-adlabel\"><span style=\"font-size: 9px\">REKLAMA<\/span><\/div><div id=\"gliwi-1177564775\" style=\"margin-bottom: 25px;margin-left: auto;margin-right: auto;text-align: center;\"><a data-no-instant=\"1\" href=\"https:\/\/dom100.eu\/\" rel=\"noopener\" class=\"a2t-link\" target=\"_blank\" aria-label=\"20260415 DOM100 D\"><img loading=\"lazy\" decoding=\"async\" src=\"https:\/\/www.24gliwice.pl\/wiadomosci\/wp-content\/uploads\/2026\/04\/20260415-DOM100-D.jpg\" alt=\"\"  srcset=\"https:\/\/www.24gliwice.pl\/wiadomosci\/wp-content\/uploads\/2026\/04\/20260415-DOM100-D.jpg 750w, https:\/\/www.24gliwice.pl\/wiadomosci\/wp-content\/uploads\/2026\/04\/20260415-DOM100-D-410x109.jpg 410w\" sizes=\"(max-width: 750px) 100vw, 750px\" class=\"no-lazyload\" width=\"750\" height=\"200\"  style=\"display: inline-block; max-width: 100%; height: auto;\" \/><\/a><\/div><\/div><h3>Piast Gliwice wygra\u0142 przed w\u0142asn\u0105 publiczno\u015bci\u0105 z Koron\u0105 Kielce 2-0 (0-0) w sobotnim meczu 6. kolejki Lotto Ekstraklasy. Bramki dla Niebiesko-Czerwonych zdobyli Michal Papadopulos i Sasa Zivec.<\/h3>\n<p>Ju\u017c w 2. minucie meczu Korona stworzy\u0142a sobie gro\u017an\u0105 okazj\u0119. <strong>\u0141ukasz Kosakiewicz<\/strong> do\u015brodkowa\u0142 z rzutu ro\u017cnego, a pojedynek w polu karnym wygra\u0142 <strong>Adnan Kovacevi\u0107<\/strong>. Jego uderzenie wybroni\u0142 jednak <strong>Jakub Szmatu\u0142a<\/strong>. Chwil\u0119 p\u00f3\u017aniej bramkarz Piasta dobrze interweniowa\u0142 tak\u017ce przy dobitce <strong>Bartosza Rymaniaka.<\/strong><\/p>\n<p>W pierwszej po\u0142owie d\u0142u\u017cej przy pi\u0142ce utrzymywali si\u0119 pi\u0142karze go\u015bci. Oni te\u017c oddali wi\u0119cej strza\u0142\u00f3w. Na bramk\u0119 Piasta uderzali m.in. Kovacevi\u0107, <strong>\u017bubrowski<\/strong> oraz <strong>G\u00f3rski<\/strong>. Po stronie Niebiesko-Czerwonych z dystansu odpowiedzia\u0142 <strong>Patryk Dziczek<\/strong>. \u017badna z dru\u017cyn nie zdo\u0142a\u0142a jednak trafi\u0107 do siatki i po 45. minutach na tablicy wynik\u00f3w widnia\u0142 bezbramkowy remis.<\/p><div class=\"gliwi-a3-w-tresci-artykulow gliwi-entity-placement\" id=\"gliwi-3987713993\"><div class=\"gliwi-adlabel\"><span style=\"font-size: 9px\">REKLAMA<\/span><\/div><div id=\"gliwi-2632591441\" style=\"margin-bottom: 30px;margin-left: auto;margin-right: auto;text-align: center;\"><a data-no-instant=\"1\" href=\"https:\/\/ogrodyandersa.pl\/\" rel=\"noopener\" class=\"a2t-link\" target=\"_blank\" aria-label=\"20260415 Ogrody Andersa KUP TERAZ D\"><img loading=\"lazy\" decoding=\"async\" src=\"https:\/\/www.24gliwice.pl\/wiadomosci\/wp-content\/uploads\/2026\/04\/20260415-Ogrody-Andersa-KUP-TERAZ-D.jpg\" alt=\"\"  srcset=\"https:\/\/www.24gliwice.pl\/wiadomosci\/wp-content\/uploads\/2026\/04\/20260415-Ogrody-Andersa-KUP-TERAZ-D.jpg 750w, https:\/\/www.24gliwice.pl\/wiadomosci\/wp-content\/uploads\/2026\/04\/20260415-Ogrody-Andersa-KUP-TERAZ-D-410x109.jpg 410w\" sizes=\"(max-width: 750px) 100vw, 750px\" class=\"no-lazyload\" width=\"750\" height=\"200\"  style=\"display: inline-block; max-width: 100%; height: auto;\" \/><\/a><\/div><\/div>\n<p>Druga po\u0142owa rozpocz\u0119\u0142a si\u0119 od mocnego uderzenia Piasta. Niebiesko-Czerwoni byli aktywni i cz\u0119sto go\u015bcili w okolicach pola karnego Korony. Ich ataki przynios\u0142y pozytywny efekt w 53. minucie, gdy do siatki trafi\u0142 <strong>Michal Papadopulos<\/strong>. Niespe\u0142na kwadrans p\u00f3\u017aniej by\u0142o ju\u017c 2-0, a na list\u0119 strzelc\u00f3w wpisa\u0142 si\u0119 <strong>Sasa Zivec<\/strong>.<\/p>\n<p>W p\u00f3\u017aniejszym fragmencie meczu Piast kontrolowa\u0142 gr\u0119 i m\u00f3g\u0142 strzeli\u0107 kolejne bramki. Du\u017co szcz\u0119\u015bcia mia\u0142 jednak bramkarz przyjezdnych <strong>Zlatan Alomerovi\u0107<\/strong>, kt\u00f3ry nogami wybroni\u0142 uderzenie <strong>Joela Valencii<\/strong>. W dobrej sytuacji znale\u017ali si\u0119 tak\u017ce Patryk Dziczek i <strong>Stojan Vranjes<\/strong>, ale ich strza\u0142y by\u0142y niecelne.<\/p>\n<p>Mecz zosta\u0142 rozegrany na Stadionie Miejskim w Gliwicach. Na trybunach pojawi\u0142o si\u0119 4879 kibic\u00f3w.<\/p>\n<h4>Piast Gliwice &#8211; Korona Kielce 2-0 (0-0)<\/h4>\n<p><strong>1-0<\/strong> &#8211; Papadopulos, 53 min.<br \/>\n<strong>2-0<\/strong> &#8211; Zivec, 67 min.<\/p>\n<p>Biuro Prasowe<br \/>\nGKS Piast SA<\/p>\n<div class=\"gliwi-a5-na-koncu-artykulow gliwi-entity-placement\" id=\"gliwi-134192662\"><div class=\"gliwi-adlabel\"><span style=\"font-size: 9px\">REKLAMA<\/span><\/div><div id=\"gliwi-1405524171\" style=\"margin-left: auto;margin-right: auto;text-align: center;\"><a data-no-instant=\"1\" href=\"https:\/\/prezeroarenagliwice.pl\/\" rel=\"noopener\" class=\"a2t-link\" target=\"_blank\" aria-label=\"20260309-PREZERO-WIOSNA-D\"><img loading=\"lazy\" decoding=\"async\" src=\"https:\/\/www.24gliwice.pl\/wiadomosci\/wp-content\/uploads\/2026\/03\/20260309-PREZERO-WIOSNA-D.webp\" alt=\"\"  srcset=\"https:\/\/www.24gliwice.pl\/wiadomosci\/wp-content\/uploads\/2026\/03\/20260309-PREZERO-WIOSNA-D.webp 750w, https:\/\/www.24gliwice.pl\/wiadomosci\/wp-content\/uploads\/2026\/03\/20260309-PREZERO-WIOSNA-D-410x109.webp 410w\" sizes=\"(max-width: 750px) 100vw, 750px\" class=\"no-lazyload\" width=\"750\" height=\"200\"  style=\"display: inline-block; max-width: 100%; height: auto;\" \/><\/a><\/div><\/div>","protected":false},"excerpt":{"rendered":"<p>Piast Gliwice wygra\u0142 przed w\u0142asn\u0105 publiczno\u015bci\u0105 z Koron\u0105 Kielce 2-0 (0-0) w sobotnim meczu 6. kolejki Lotto Ekstraklasy. Bramki dla Niebiesko-Czerwonych zdobyli Michal Papadopulos i Sasa Zivec. Ju\u017c w 2. minucie meczu Korona stworzy\u0142a sobie gro\u017an\u0105 okazj\u0119. \u0141ukasz Kosakiewicz do\u015brodkowa\u0142 z rzutu ro\u017cnego, a pojedynek w polu karnym wygra\u0142 Adnan Kovacevi\u0107. Jego uderzenie wybroni\u0142 jednak [&hellip;]<\/p>\n","protected":false},"author":4,"featured_media":103157,"comment_status":"open","ping_status":"closed","sticky":false,"template":"","format":"standard","meta":{"_monsterinsights_skip_tracking":false,"_monsterinsights_sitenote_active":false,"_monsterinsights_sitenote_note":"","_monsterinsights_sitenote_category":0,"footnotes":"","_links_to":"","_links_to_target":""},"categories":[3,1,23842],"tags":[2786,9991,8186,74,2685],"class_list":["post-103148","post","type-post","status-publish","format-standard","has-post-thumbnail","hentry","category-gliwice","category-wszystko","category-sport_gliwice","tag-ekstraklasa","tag-korona-kielce","tag-mecz","tag-piast-gliwice","tag-pilka-nozna"],"yoast_head":"<!-- This site is optimized with the Yoast SEO plugin v27.5 - https:\/\/yoast.com\/product\/yoast-seo-wordpress\/ -->\n<title>Nareszcie zwyci\u0119stwo! Piast Gliwice prze\u0142ama\u0142 czarn\u0105 seri\u0119 w spotkaniu z Koron\u0105 Kielce - 24GLIWICE - Portal Gliwice | codziennie nowe informacje<\/title>\n<meta name=\"robots\" content=\"index, follow, max-snippet:-1, max-image-preview:large, max-video-preview:-1\" \/>\n<link rel=\"canonical\" href=\"https:\/\/www.24gliwice.pl\/wiadomosci\/nareszcie-zwyciestwo-piast-gliwice-przelamal-czarna-serie-w-spotkaniu-z-korona-kielce\/\" \/>\n<meta property=\"og:locale\" content=\"pl_PL\" \/>\n<meta property=\"og:type\" content=\"article\" \/>\n<meta property=\"og:title\" content=\"Nareszcie zwyci\u0119stwo! Piast Gliwice prze\u0142ama\u0142 czarn\u0105 seri\u0119 w spotkaniu z Koron\u0105 Kielce - 24GLIWICE - Portal Gliwice | codziennie nowe informacje\" \/>\n<meta property=\"og:description\" content=\"Piast Gliwice wygra\u0142 przed w\u0142asn\u0105 publiczno\u015bci\u0105 z Koron\u0105 Kielce 2-0 (0-0) w sobotnim meczu 6. kolejki Lotto Ekstraklasy. Bramki dla Niebiesko-Czerwonych zdobyli Michal Papadopulos i Sasa Zivec. Ju\u017c w 2. minucie meczu Korona stworzy\u0142a sobie gro\u017an\u0105 okazj\u0119. \u0141ukasz Kosakiewicz do\u015brodkowa\u0142 z rzutu ro\u017cnego, a pojedynek w polu karnym wygra\u0142 Adnan Kovacevi\u0107. Jego uderzenie wybroni\u0142 jednak [&hellip;]\" \/>\n<meta property=\"og:url\" content=\"https:\/\/www.24gliwice.pl\/wiadomosci\/nareszcie-zwyciestwo-piast-gliwice-przelamal-czarna-serie-w-spotkaniu-z-korona-kielce\/\" \/>\n<meta property=\"og:site_name\" content=\"24GLIWICE - Portal Gliwice | codziennie nowe informacje\" \/>\n<meta property=\"article:publisher\" content=\"https:\/\/www.facebook.com\/24gliwice\" \/>\n<meta property=\"article:author\" content=\"https:\/\/www.facebook.com\/marcin.fabrykowski\" \/>\n<meta property=\"article:published_time\" content=\"2017-08-19T18:05:56+00:00\" \/>\n<meta property=\"article:modified_time\" content=\"2024-08-20T00:01:20+00:00\" \/>\n<meta property=\"og:image\" content=\"https:\/\/www.24gliwice.pl\/wiadomosci\/wp-content\/uploads\/2017\/08\/1-Screenshot_66.jpg\" \/>\n\t<meta property=\"og:image:width\" content=\"835\" \/>\n\t<meta property=\"og:image:height\" content=\"478\" \/>\n\t<meta property=\"og:image:type\" content=\"image\/jpeg\" \/>\n<meta name=\"author\" content=\"Marcin Fabrykowski\" \/>\n<meta name=\"twitter:card\" content=\"summary_large_image\" \/>\n<meta name=\"twitter:creator\" content=\"@24gliwice\" \/>\n<meta name=\"twitter:site\" content=\"@24gliwice\" \/>\n<meta name=\"twitter:label1\" content=\"Napisane przez\" \/>\n\t<meta name=\"twitter:data1\" content=\"Marcin Fabrykowski\" \/>\n\t<meta name=\"twitter:label2\" content=\"Szacowany czas czytania\" \/>\n\t<meta name=\"twitter:data2\" content=\"1 minuta\" \/>\n<script type=\"application\/ld+json\" class=\"yoast-schema-graph\">{\"@context\":\"https:\\\/\\\/schema.org\",\"@graph\":[{\"@type\":\"Article\",\"@id\":\"https:\\\/\\\/www.24gliwice.pl\\\/wiadomosci\\\/nareszcie-zwyciestwo-piast-gliwice-przelamal-czarna-serie-w-spotkaniu-z-korona-kielce\\\/#article\",\"isPartOf\":{\"@id\":\"https:\\\/\\\/www.24gliwice.pl\\\/wiadomosci\\\/nareszcie-zwyciestwo-piast-gliwice-przelamal-czarna-serie-w-spotkaniu-z-korona-kielce\\\/\"},\"author\":{\"name\":\"Marcin Fabrykowski\",\"@id\":\"https:\\\/\\\/www.24gliwice.pl\\\/wiadomosci\\\/#\\\/schema\\\/person\\\/cb5857e4a4d048c15984c1edcc8ef0c0\"},\"headline\":\"Nareszcie zwyci\u0119stwo! Piast Gliwice prze\u0142ama\u0142 czarn\u0105 seri\u0119 w spotkaniu z Koron\u0105 Kielce\",\"datePublished\":\"2017-08-19T18:05:56+00:00\",\"dateModified\":\"2024-08-20T00:01:20+00:00\",\"mainEntityOfPage\":{\"@id\":\"https:\\\/\\\/www.24gliwice.pl\\\/wiadomosci\\\/nareszcie-zwyciestwo-piast-gliwice-przelamal-czarna-serie-w-spotkaniu-z-korona-kielce\\\/\"},\"wordCount\":294,\"commentCount\":0,\"publisher\":{\"@id\":\"https:\\\/\\\/www.24gliwice.pl\\\/wiadomosci\\\/#organization\"},\"image\":{\"@id\":\"https:\\\/\\\/www.24gliwice.pl\\\/wiadomosci\\\/nareszcie-zwyciestwo-piast-gliwice-przelamal-czarna-serie-w-spotkaniu-z-korona-kielce\\\/#primaryimage\"},\"thumbnailUrl\":\"https:\\\/\\\/www.24gliwice.pl\\\/wiadomosci\\\/wp-content\\\/uploads\\\/2017\\\/08\\\/1-Screenshot_66.jpg\",\"keywords\":[\"EKSTRAKLASA\",\"korona kielce\",\"MECZ\",\"PIAST GLIWICE\",\"PI\u0141KA NO\u017bNA\"],\"articleSection\":[\"Gliwice\",\"Najnowsze wiadomo\u015bci\",\"Sport\"],\"inLanguage\":\"pl-PL\",\"potentialAction\":[{\"@type\":\"CommentAction\",\"name\":\"Comment\",\"target\":[\"https:\\\/\\\/www.24gliwice.pl\\\/wiadomosci\\\/nareszcie-zwyciestwo-piast-gliwice-przelamal-czarna-serie-w-spotkaniu-z-korona-kielce\\\/#respond\"]}]},{\"@type\":\"WebPage\",\"@id\":\"https:\\\/\\\/www.24gliwice.pl\\\/wiadomosci\\\/nareszcie-zwyciestwo-piast-gliwice-przelamal-czarna-serie-w-spotkaniu-z-korona-kielce\\\/\",\"url\":\"https:\\\/\\\/www.24gliwice.pl\\\/wiadomosci\\\/nareszcie-zwyciestwo-piast-gliwice-przelamal-czarna-serie-w-spotkaniu-z-korona-kielce\\\/\",\"name\":\"Nareszcie zwyci\u0119stwo! Piast Gliwice prze\u0142ama\u0142 czarn\u0105 seri\u0119 w spotkaniu z Koron\u0105 Kielce - 24GLIWICE - Portal Gliwice | codziennie nowe informacje\",\"isPartOf\":{\"@id\":\"https:\\\/\\\/www.24gliwice.pl\\\/wiadomosci\\\/#website\"},\"primaryImageOfPage\":{\"@id\":\"https:\\\/\\\/www.24gliwice.pl\\\/wiadomosci\\\/nareszcie-zwyciestwo-piast-gliwice-przelamal-czarna-serie-w-spotkaniu-z-korona-kielce\\\/#primaryimage\"},\"image\":{\"@id\":\"https:\\\/\\\/www.24gliwice.pl\\\/wiadomosci\\\/nareszcie-zwyciestwo-piast-gliwice-przelamal-czarna-serie-w-spotkaniu-z-korona-kielce\\\/#primaryimage\"},\"thumbnailUrl\":\"https:\\\/\\\/www.24gliwice.pl\\\/wiadomosci\\\/wp-content\\\/uploads\\\/2017\\\/08\\\/1-Screenshot_66.jpg\",\"datePublished\":\"2017-08-19T18:05:56+00:00\",\"dateModified\":\"2024-08-20T00:01:20+00:00\",\"breadcrumb\":{\"@id\":\"https:\\\/\\\/www.24gliwice.pl\\\/wiadomosci\\\/nareszcie-zwyciestwo-piast-gliwice-przelamal-czarna-serie-w-spotkaniu-z-korona-kielce\\\/#breadcrumb\"},\"inLanguage\":\"pl-PL\",\"potentialAction\":[{\"@type\":\"ReadAction\",\"target\":[\"https:\\\/\\\/www.24gliwice.pl\\\/wiadomosci\\\/nareszcie-zwyciestwo-piast-gliwice-przelamal-czarna-serie-w-spotkaniu-z-korona-kielce\\\/\"]}]},{\"@type\":\"ImageObject\",\"inLanguage\":\"pl-PL\",\"@id\":\"https:\\\/\\\/www.24gliwice.pl\\\/wiadomosci\\\/nareszcie-zwyciestwo-piast-gliwice-przelamal-czarna-serie-w-spotkaniu-z-korona-kielce\\\/#primaryimage\",\"url\":\"https:\\\/\\\/www.24gliwice.pl\\\/wiadomosci\\\/wp-content\\\/uploads\\\/2017\\\/08\\\/1-Screenshot_66.jpg\",\"contentUrl\":\"https:\\\/\\\/www.24gliwice.pl\\\/wiadomosci\\\/wp-content\\\/uploads\\\/2017\\\/08\\\/1-Screenshot_66.jpg\",\"width\":835,\"height\":478},{\"@type\":\"BreadcrumbList\",\"@id\":\"https:\\\/\\\/www.24gliwice.pl\\\/wiadomosci\\\/nareszcie-zwyciestwo-piast-gliwice-przelamal-czarna-serie-w-spotkaniu-z-korona-kielce\\\/#breadcrumb\",\"itemListElement\":[{\"@type\":\"ListItem\",\"position\":1,\"name\":\"Strona g\u0142\u00f3wna\",\"item\":\"https:\\\/\\\/www.24gliwice.pl\\\/wiadomosci\\\/\"},{\"@type\":\"ListItem\",\"position\":2,\"name\":\"Nareszcie zwyci\u0119stwo! Piast Gliwice prze\u0142ama\u0142 czarn\u0105 seri\u0119 w spotkaniu z Koron\u0105 Kielce\"}]},{\"@type\":\"WebSite\",\"@id\":\"https:\\\/\\\/www.24gliwice.pl\\\/wiadomosci\\\/#website\",\"url\":\"https:\\\/\\\/www.24gliwice.pl\\\/wiadomosci\\\/\",\"name\":\"24GLIWICE - Portal Gliwice | codziennie nowe wiadomo\u015bci\",\"description\":\"Portal Miejski Gliwice\",\"publisher\":{\"@id\":\"https:\\\/\\\/www.24gliwice.pl\\\/wiadomosci\\\/#organization\"},\"potentialAction\":[{\"@type\":\"SearchAction\",\"target\":{\"@type\":\"EntryPoint\",\"urlTemplate\":\"https:\\\/\\\/www.24gliwice.pl\\\/wiadomosci\\\/?s={search_term_string}\"},\"query-input\":{\"@type\":\"PropertyValueSpecification\",\"valueRequired\":true,\"valueName\":\"search_term_string\"}}],\"inLanguage\":\"pl-PL\"},{\"@type\":\"Organization\",\"@id\":\"https:\\\/\\\/www.24gliwice.pl\\\/wiadomosci\\\/#organization\",\"name\":\"24gliwice\",\"url\":\"https:\\\/\\\/www.24gliwice.pl\\\/wiadomosci\\\/\",\"logo\":{\"@type\":\"ImageObject\",\"inLanguage\":\"pl-PL\",\"@id\":\"https:\\\/\\\/www.24gliwice.pl\\\/wiadomosci\\\/#\\\/schema\\\/logo\\\/image\\\/\",\"url\":\"https:\\\/\\\/www.24gliwice.pl\\\/wiadomosci\\\/wp-content\\\/uploads\\\/2024\\\/10\\\/24gliwice-logo-696.jpg\",\"contentUrl\":\"https:\\\/\\\/www.24gliwice.pl\\\/wiadomosci\\\/wp-content\\\/uploads\\\/2024\\\/10\\\/24gliwice-logo-696.jpg\",\"width\":696,\"height\":696,\"caption\":\"24gliwice\"},\"image\":{\"@id\":\"https:\\\/\\\/www.24gliwice.pl\\\/wiadomosci\\\/#\\\/schema\\\/logo\\\/image\\\/\"},\"sameAs\":[\"https:\\\/\\\/www.facebook.com\\\/24gliwice\",\"https:\\\/\\\/x.com\\\/24gliwice\",\"https:\\\/\\\/www.youtube.com\\\/@24gliwice\"]},{\"@type\":\"Person\",\"@id\":\"https:\\\/\\\/www.24gliwice.pl\\\/wiadomosci\\\/#\\\/schema\\\/person\\\/cb5857e4a4d048c15984c1edcc8ef0c0\",\"name\":\"Marcin Fabrykowski\",\"image\":{\"@type\":\"ImageObject\",\"inLanguage\":\"pl-PL\",\"@id\":\"https:\\\/\\\/www.24gliwice.pl\\\/wiadomosci\\\/wp-content\\\/uploads\\\/2025\\\/11\\\/zdjecie-moje-marcin-300-96x96.jpg\",\"url\":\"https:\\\/\\\/www.24gliwice.pl\\\/wiadomosci\\\/wp-content\\\/uploads\\\/2025\\\/11\\\/zdjecie-moje-marcin-300-96x96.jpg\",\"contentUrl\":\"https:\\\/\\\/www.24gliwice.pl\\\/wiadomosci\\\/wp-content\\\/uploads\\\/2025\\\/11\\\/zdjecie-moje-marcin-300-96x96.jpg\",\"caption\":\"Marcin Fabrykowski\"},\"sameAs\":[\"http:\\\/\\\/24gliwice.pl\",\"https:\\\/\\\/www.facebook.com\\\/marcin.fabrykowski\"],\"url\":\"https:\\\/\\\/www.24gliwice.pl\\\/wiadomosci\\\/author\\\/marcin-fabrykowski\\\/\"}]}<\/script>\n<!-- \/ Yoast SEO plugin. -->","yoast_head_json":{"title":"Nareszcie zwyci\u0119stwo! Piast Gliwice prze\u0142ama\u0142 czarn\u0105 seri\u0119 w spotkaniu z Koron\u0105 Kielce - 24GLIWICE - Portal Gliwice | codziennie nowe informacje","robots":{"index":"index","follow":"follow","max-snippet":"max-snippet:-1","max-image-preview":"max-image-preview:large","max-video-preview":"max-video-preview:-1"},"canonical":"https:\/\/www.24gliwice.pl\/wiadomosci\/nareszcie-zwyciestwo-piast-gliwice-przelamal-czarna-serie-w-spotkaniu-z-korona-kielce\/","og_locale":"pl_PL","og_type":"article","og_title":"Nareszcie zwyci\u0119stwo! Piast Gliwice prze\u0142ama\u0142 czarn\u0105 seri\u0119 w spotkaniu z Koron\u0105 Kielce - 24GLIWICE - Portal Gliwice | codziennie nowe informacje","og_description":"Piast Gliwice wygra\u0142 przed w\u0142asn\u0105 publiczno\u015bci\u0105 z Koron\u0105 Kielce 2-0 (0-0) w sobotnim meczu 6. kolejki Lotto Ekstraklasy. Bramki dla Niebiesko-Czerwonych zdobyli Michal Papadopulos i Sasa Zivec. Ju\u017c w 2. minucie meczu Korona stworzy\u0142a sobie gro\u017an\u0105 okazj\u0119. \u0141ukasz Kosakiewicz do\u015brodkowa\u0142 z rzutu ro\u017cnego, a pojedynek w polu karnym wygra\u0142 Adnan Kovacevi\u0107. Jego uderzenie wybroni\u0142 jednak [&hellip;]","og_url":"https:\/\/www.24gliwice.pl\/wiadomosci\/nareszcie-zwyciestwo-piast-gliwice-przelamal-czarna-serie-w-spotkaniu-z-korona-kielce\/","og_site_name":"24GLIWICE - Portal Gliwice | codziennie nowe informacje","article_publisher":"https:\/\/www.facebook.com\/24gliwice","article_author":"https:\/\/www.facebook.com\/marcin.fabrykowski","article_published_time":"2017-08-19T18:05:56+00:00","article_modified_time":"2024-08-20T00:01:20+00:00","og_image":[{"width":835,"height":478,"url":"https:\/\/www.24gliwice.pl\/wiadomosci\/wp-content\/uploads\/2017\/08\/1-Screenshot_66.jpg","type":"image\/jpeg"}],"author":"Marcin Fabrykowski","twitter_card":"summary_large_image","twitter_creator":"@24gliwice","twitter_site":"@24gliwice","twitter_misc":{"Napisane przez":"Marcin Fabrykowski","Szacowany czas czytania":"1 minuta"},"schema":{"@context":"https:\/\/schema.org","@graph":[{"@type":"Article","@id":"https:\/\/www.24gliwice.pl\/wiadomosci\/nareszcie-zwyciestwo-piast-gliwice-przelamal-czarna-serie-w-spotkaniu-z-korona-kielce\/#article","isPartOf":{"@id":"https:\/\/www.24gliwice.pl\/wiadomosci\/nareszcie-zwyciestwo-piast-gliwice-przelamal-czarna-serie-w-spotkaniu-z-korona-kielce\/"},"author":{"name":"Marcin Fabrykowski","@id":"https:\/\/www.24gliwice.pl\/wiadomosci\/#\/schema\/person\/cb5857e4a4d048c15984c1edcc8ef0c0"},"headline":"Nareszcie zwyci\u0119stwo! Piast Gliwice prze\u0142ama\u0142 czarn\u0105 seri\u0119 w spotkaniu z Koron\u0105 Kielce","datePublished":"2017-08-19T18:05:56+00:00","dateModified":"2024-08-20T00:01:20+00:00","mainEntityOfPage":{"@id":"https:\/\/www.24gliwice.pl\/wiadomosci\/nareszcie-zwyciestwo-piast-gliwice-przelamal-czarna-serie-w-spotkaniu-z-korona-kielce\/"},"wordCount":294,"commentCount":0,"publisher":{"@id":"https:\/\/www.24gliwice.pl\/wiadomosci\/#organization"},"image":{"@id":"https:\/\/www.24gliwice.pl\/wiadomosci\/nareszcie-zwyciestwo-piast-gliwice-przelamal-czarna-serie-w-spotkaniu-z-korona-kielce\/#primaryimage"},"thumbnailUrl":"https:\/\/www.24gliwice.pl\/wiadomosci\/wp-content\/uploads\/2017\/08\/1-Screenshot_66.jpg","keywords":["EKSTRAKLASA","korona kielce","MECZ","PIAST GLIWICE","PI\u0141KA NO\u017bNA"],"articleSection":["Gliwice","Najnowsze wiadomo\u015bci","Sport"],"inLanguage":"pl-PL","potentialAction":[{"@type":"CommentAction","name":"Comment","target":["https:\/\/www.24gliwice.pl\/wiadomosci\/nareszcie-zwyciestwo-piast-gliwice-przelamal-czarna-serie-w-spotkaniu-z-korona-kielce\/#respond"]}]},{"@type":"WebPage","@id":"https:\/\/www.24gliwice.pl\/wiadomosci\/nareszcie-zwyciestwo-piast-gliwice-przelamal-czarna-serie-w-spotkaniu-z-korona-kielce\/","url":"https:\/\/www.24gliwice.pl\/wiadomosci\/nareszcie-zwyciestwo-piast-gliwice-przelamal-czarna-serie-w-spotkaniu-z-korona-kielce\/","name":"Nareszcie zwyci\u0119stwo! Piast Gliwice prze\u0142ama\u0142 czarn\u0105 seri\u0119 w spotkaniu z Koron\u0105 Kielce - 24GLIWICE - Portal Gliwice | codziennie nowe informacje","isPartOf":{"@id":"https:\/\/www.24gliwice.pl\/wiadomosci\/#website"},"primaryImageOfPage":{"@id":"https:\/\/www.24gliwice.pl\/wiadomosci\/nareszcie-zwyciestwo-piast-gliwice-przelamal-czarna-serie-w-spotkaniu-z-korona-kielce\/#primaryimage"},"image":{"@id":"https:\/\/www.24gliwice.pl\/wiadomosci\/nareszcie-zwyciestwo-piast-gliwice-przelamal-czarna-serie-w-spotkaniu-z-korona-kielce\/#primaryimage"},"thumbnailUrl":"https:\/\/www.24gliwice.pl\/wiadomosci\/wp-content\/uploads\/2017\/08\/1-Screenshot_66.jpg","datePublished":"2017-08-19T18:05:56+00:00","dateModified":"2024-08-20T00:01:20+00:00","breadcrumb":{"@id":"https:\/\/www.24gliwice.pl\/wiadomosci\/nareszcie-zwyciestwo-piast-gliwice-przelamal-czarna-serie-w-spotkaniu-z-korona-kielce\/#breadcrumb"},"inLanguage":"pl-PL","potentialAction":[{"@type":"ReadAction","target":["https:\/\/www.24gliwice.pl\/wiadomosci\/nareszcie-zwyciestwo-piast-gliwice-przelamal-czarna-serie-w-spotkaniu-z-korona-kielce\/"]}]},{"@type":"ImageObject","inLanguage":"pl-PL","@id":"https:\/\/www.24gliwice.pl\/wiadomosci\/nareszcie-zwyciestwo-piast-gliwice-przelamal-czarna-serie-w-spotkaniu-z-korona-kielce\/#primaryimage","url":"https:\/\/www.24gliwice.pl\/wiadomosci\/wp-content\/uploads\/2017\/08\/1-Screenshot_66.jpg","contentUrl":"https:\/\/www.24gliwice.pl\/wiadomosci\/wp-content\/uploads\/2017\/08\/1-Screenshot_66.jpg","width":835,"height":478},{"@type":"BreadcrumbList","@id":"https:\/\/www.24gliwice.pl\/wiadomosci\/nareszcie-zwyciestwo-piast-gliwice-przelamal-czarna-serie-w-spotkaniu-z-korona-kielce\/#breadcrumb","itemListElement":[{"@type":"ListItem","position":1,"name":"Strona g\u0142\u00f3wna","item":"https:\/\/www.24gliwice.pl\/wiadomosci\/"},{"@type":"ListItem","position":2,"name":"Nareszcie zwyci\u0119stwo! Piast Gliwice prze\u0142ama\u0142 czarn\u0105 seri\u0119 w spotkaniu z Koron\u0105 Kielce"}]},{"@type":"WebSite","@id":"https:\/\/www.24gliwice.pl\/wiadomosci\/#website","url":"https:\/\/www.24gliwice.pl\/wiadomosci\/","name":"24GLIWICE - Portal Gliwice | codziennie nowe wiadomo\u015bci","description":"Portal Miejski Gliwice","publisher":{"@id":"https:\/\/www.24gliwice.pl\/wiadomosci\/#organization"},"potentialAction":[{"@type":"SearchAction","target":{"@type":"EntryPoint","urlTemplate":"https:\/\/www.24gliwice.pl\/wiadomosci\/?s={search_term_string}"},"query-input":{"@type":"PropertyValueSpecification","valueRequired":true,"valueName":"search_term_string"}}],"inLanguage":"pl-PL"},{"@type":"Organization","@id":"https:\/\/www.24gliwice.pl\/wiadomosci\/#organization","name":"24gliwice","url":"https:\/\/www.24gliwice.pl\/wiadomosci\/","logo":{"@type":"ImageObject","inLanguage":"pl-PL","@id":"https:\/\/www.24gliwice.pl\/wiadomosci\/#\/schema\/logo\/image\/","url":"https:\/\/www.24gliwice.pl\/wiadomosci\/wp-content\/uploads\/2024\/10\/24gliwice-logo-696.jpg","contentUrl":"https:\/\/www.24gliwice.pl\/wiadomosci\/wp-content\/uploads\/2024\/10\/24gliwice-logo-696.jpg","width":696,"height":696,"caption":"24gliwice"},"image":{"@id":"https:\/\/www.24gliwice.pl\/wiadomosci\/#\/schema\/logo\/image\/"},"sameAs":["https:\/\/www.facebook.com\/24gliwice","https:\/\/x.com\/24gliwice","https:\/\/www.youtube.com\/@24gliwice"]},{"@type":"Person","@id":"https:\/\/www.24gliwice.pl\/wiadomosci\/#\/schema\/person\/cb5857e4a4d048c15984c1edcc8ef0c0","name":"Marcin Fabrykowski","image":{"@type":"ImageObject","inLanguage":"pl-PL","@id":"https:\/\/www.24gliwice.pl\/wiadomosci\/wp-content\/uploads\/2025\/11\/zdjecie-moje-marcin-300-96x96.jpg","url":"https:\/\/www.24gliwice.pl\/wiadomosci\/wp-content\/uploads\/2025\/11\/zdjecie-moje-marcin-300-96x96.jpg","contentUrl":"https:\/\/www.24gliwice.pl\/wiadomosci\/wp-content\/uploads\/2025\/11\/zdjecie-moje-marcin-300-96x96.jpg","caption":"Marcin Fabrykowski"},"sameAs":["http:\/\/24gliwice.pl","https:\/\/www.facebook.com\/marcin.fabrykowski"],"url":"https:\/\/www.24gliwice.pl\/wiadomosci\/author\/marcin-fabrykowski\/"}]}},"_links":{"self":[{"href":"https:\/\/www.24gliwice.pl\/wiadomosci\/wp-json\/wp\/v2\/posts\/103148","targetHints":{"allow":["GET"]}}],"collection":[{"href":"https:\/\/www.24gliwice.pl\/wiadomosci\/wp-json\/wp\/v2\/posts"}],"about":[{"href":"https:\/\/www.24gliwice.pl\/wiadomosci\/wp-json\/wp\/v2\/types\/post"}],"author":[{"embeddable":true,"href":"https:\/\/www.24gliwice.pl\/wiadomosci\/wp-json\/wp\/v2\/users\/4"}],"replies":[{"embeddable":true,"href":"https:\/\/www.24gliwice.pl\/wiadomosci\/wp-json\/wp\/v2\/comments?post=103148"}],"version-history":[{"count":0,"href":"https:\/\/www.24gliwice.pl\/wiadomosci\/wp-json\/wp\/v2\/posts\/103148\/revisions"}],"wp:featuredmedia":[{"embeddable":true,"href":"https:\/\/www.24gliwice.pl\/wiadomosci\/wp-json\/wp\/v2\/media\/103157"}],"wp:attachment":[{"href":"https:\/\/www.24gliwice.pl\/wiadomosci\/wp-json\/wp\/v2\/media?parent=103148"}],"wp:term":[{"taxonomy":"category","embeddable":true,"href":"https:\/\/www.24gliwice.pl\/wiadomosci\/wp-json\/wp\/v2\/categories?post=103148"},{"taxonomy":"post_tag","embeddable":true,"href":"https:\/\/www.24gliwice.pl\/wiadomosci\/wp-json\/wp\/v2\/tags?post=103148"}],"curies":[{"name":"wp","href":"https:\/\/api.w.org\/{rel}","templated":true}]}}