{"id":103219,"date":"2017-08-22T12:16:26","date_gmt":"2017-08-22T10:16:26","guid":{"rendered":"http:\/\/www.24gliwice.pl\/wiadomosci\/?p=103219"},"modified":"2017-08-22T12:16:26","modified_gmt":"2017-08-22T10:16:26","slug":"20-nowoczesnych-karetek-trafi-do-slaskich-miast-wsrod-nich-sa-gliwice","status":"publish","type":"post","link":"https:\/\/www.24gliwice.pl\/wiadomosci\/20-nowoczesnych-karetek-trafi-do-slaskich-miast-wsrod-nich-sa-gliwice\/","title":{"rendered":"20 nowoczesnych karetek trafi do \u015bl\u0105skich miast. W\u015br\u00f3d nich s\u0105 Gliwice"},"content":{"rendered":"<div class=\"gliwi-a6-nad-leadem-artykulow gliwi-entity-placement\" id=\"gliwi-1404104283\"><div class=\"gliwi-adlabel\"><span style=\"font-size: 9px\">REKLAMA<\/span><\/div><div id=\"gliwi-1401874110\" style=\"margin-bottom: 25px;margin-left: auto;margin-right: auto;text-align: center;\"><a data-no-instant=\"1\" href=\"https:\/\/dom100.eu\/\" rel=\"noopener\" class=\"a2t-link\" target=\"_blank\" aria-label=\"20260415 DOM100 D\"><img loading=\"lazy\" decoding=\"async\" src=\"https:\/\/www.24gliwice.pl\/wiadomosci\/wp-content\/uploads\/2026\/04\/20260415-DOM100-D.jpg\" alt=\"\"  srcset=\"https:\/\/www.24gliwice.pl\/wiadomosci\/wp-content\/uploads\/2026\/04\/20260415-DOM100-D.jpg 750w, https:\/\/www.24gliwice.pl\/wiadomosci\/wp-content\/uploads\/2026\/04\/20260415-DOM100-D-410x109.jpg 410w\" sizes=\"(max-width: 750px) 100vw, 750px\" class=\"no-lazyload\" width=\"750\" height=\"200\"  style=\"display: inline-block; max-width: 100%; height: auto;\" \/><\/a><\/div><\/div><h3>Wojew\u00f3dzkie Pogotowie Ratunkowe zakupi\u0142o, za kwot\u0119 blisko 8 milion\u00f3w z\u0142otych, 20 mercedes\u00f3w sprinter\u00f3w ze specjalistycznym wyposa\u017ceniem. <\/h3>\n<p>Samochody posiadaj\u0105 silnik diesla o pojemno\u015bci 2,1 litra, kt\u00f3rego moc wynosi 163 koni mechanicznych. <\/p>\n<p>Jak poinformowa\u0142 <strong>Artur Borowicz<\/strong>, dyrektor Wojew\u00f3dzkiego Pogotowia Ratunkowego w Katowicach, po zako\u0144czeniu procedury rejestracji ka\u017cda z karetek zostanie wyposa\u017cona w sprz\u0119t i aparatur\u0119 medyczn\u0105, m.in. w defibrylator, respirator oraz pomp\u0119 infuzyjn\u0105. Pojazdy s\u0105 standardowo skonfigurowane, ale maj\u0105 te\u017c kilka nowych funkcji.<\/p><div class=\"gliwi-a3-w-tresci-artykulow gliwi-entity-placement\" id=\"gliwi-2888200710\"><div class=\"gliwi-adlabel\"><span style=\"font-size: 9px\">REKLAMA<\/span><\/div><div id=\"gliwi-2030905650\" style=\"margin-bottom: 30px;margin-left: auto;margin-right: auto;text-align: center;\"><a data-no-instant=\"1\" href=\"https:\/\/zlobek.halogen.org.pl\/\" rel=\"noopener\" class=\"a2t-link\" target=\"_blank\" aria-label=\"animator-zlobek_750x200\"><img loading=\"lazy\" decoding=\"async\" src=\"https:\/\/www.24gliwice.pl\/wiadomosci\/wp-content\/uploads\/2026\/02\/animator-zlobek_750x200.webp\" alt=\"\"  srcset=\"https:\/\/www.24gliwice.pl\/wiadomosci\/wp-content\/uploads\/2026\/02\/animator-zlobek_750x200.webp 750w, https:\/\/www.24gliwice.pl\/wiadomosci\/wp-content\/uploads\/2026\/02\/animator-zlobek_750x200-410x109.webp 410w\" sizes=\"(max-width: 750px) 100vw, 750px\" class=\"no-lazyload\" width=\"750\" height=\"200\"  style=\"display: inline-block; max-width: 100%; height: auto;\" \/><\/a><\/div><\/div>\n<blockquote><p>Mog\u0105 emitowa\u0107 dodatkowe sygna\u0142y niskotonowe, dzi\u0119ki czemu s\u0105 lepiej s\u0142yszalne. S\u0105 te\u017c przystosowane do monta\u017cu urz\u0105dze\u0144 systemu wspomagania dowodzenia. Ka\u017cdy z samochod\u00f3w zosta\u0142 te\u017c wyposa\u017cony w przetwornic\u0119 230 V <\/p><\/blockquote>\n<p>\u2013 podkre\u015bla Artur Borowicz dla Miejskiego Serwisu Informacyjnego.<\/p>\n<p>Ambulanse zosta\u0142y kupione ze \u015brodk\u00f3w w\u0142asnych Wojew\u00f3dzkiego Pogotowia Ratunkowego. Do ko\u0144ca sierpnia maj\u0105 trafi\u0107 do Katowic, Zabrza, Knurowa, Gliwic, Mys\u0142owic, Siemianowic \u015al\u0105skich, Rudy \u015al\u0105skiej, Tych\u00f3w, Miko\u0142owa, Pyskowic, Tarnowskich G\u00f3r, Radzionkowa, Jastrz\u0119bia-Zdroju i Rybnika. Prac\u0119 w terenie rozpoczn\u0105 po zako\u0144czeniu wszystkich procedur prawnych.<\/p>\n<p>(\u017cms)\/UM(mf)<br \/>\nfot. materia\u0142y promocyjne WPR Katowice<\/p>\n<div class=\"gliwi-a5-na-koncu-artykulow gliwi-entity-placement\" id=\"gliwi-3973508619\"><div class=\"gliwi-adlabel\"><span style=\"font-size: 9px\">REKLAMA<\/span><\/div><div id=\"gliwi-3440949140\" style=\"margin-left: auto;margin-right: auto;text-align: center;\"><a data-no-instant=\"1\" href=\"https:\/\/prezeroarenagliwice.pl\/\" rel=\"noopener\" class=\"a2t-link\" target=\"_blank\" aria-label=\"20260309-PREZERO-WIOSNA-D\"><img loading=\"lazy\" decoding=\"async\" src=\"https:\/\/www.24gliwice.pl\/wiadomosci\/wp-content\/uploads\/2026\/03\/20260309-PREZERO-WIOSNA-D.webp\" alt=\"\"  srcset=\"https:\/\/www.24gliwice.pl\/wiadomosci\/wp-content\/uploads\/2026\/03\/20260309-PREZERO-WIOSNA-D.webp 750w, https:\/\/www.24gliwice.pl\/wiadomosci\/wp-content\/uploads\/2026\/03\/20260309-PREZERO-WIOSNA-D-410x109.webp 410w\" sizes=\"(max-width: 750px) 100vw, 750px\" class=\"no-lazyload\" width=\"750\" height=\"200\"  style=\"display: inline-block; max-width: 100%; height: auto;\" \/><\/a><\/div><\/div>","protected":false},"excerpt":{"rendered":"<p>Wojew\u00f3dzkie Pogotowie Ratunkowe zakupi\u0142o, za kwot\u0119 blisko 8 milion\u00f3w z\u0142otych, 20 mercedes\u00f3w sprinter\u00f3w ze specjalistycznym wyposa\u017ceniem. Samochody posiadaj\u0105 silnik diesla o pojemno\u015bci 2,1 litra, kt\u00f3rego moc wynosi 163 koni mechanicznych. Jak poinformowa\u0142 Artur Borowicz, dyrektor Wojew\u00f3dzkiego Pogotowia Ratunkowego w Katowicach, po zako\u0144czeniu procedury rejestracji ka\u017cda z karetek zostanie wyposa\u017cona w sprz\u0119t i aparatur\u0119 medyczn\u0105, m.in. [&hellip;]<\/p>\n","protected":false},"author":15,"featured_media":103221,"comment_status":"open","ping_status":"closed","sticky":false,"template":"","format":"standard","meta":{"_monsterinsights_skip_tracking":false,"_monsterinsights_sitenote_active":false,"_monsterinsights_sitenote_note":"","_monsterinsights_sitenote_category":0,"footnotes":"","_links_to":"","_links_to_target":""},"categories":[3,1],"tags":[283,9246,9338],"class_list":["post-103219","post","type-post","status-publish","format-standard","has-post-thumbnail","hentry","category-gliwice","category-wszystko","tag-ambulans","tag-karetka","tag-pogotowie-ratunkowe"],"yoast_head":"<!-- This site is optimized with the Yoast SEO plugin v27.5 - https:\/\/yoast.com\/product\/yoast-seo-wordpress\/ -->\n<title>20 nowoczesnych karetek trafi do \u015bl\u0105skich miast. W\u015br\u00f3d nich s\u0105 Gliwice - 24GLIWICE - Portal Gliwice | codziennie nowe informacje<\/title>\n<meta name=\"robots\" content=\"index, follow, max-snippet:-1, max-image-preview:large, max-video-preview:-1\" \/>\n<link rel=\"canonical\" href=\"https:\/\/www.24gliwice.pl\/wiadomosci\/20-nowoczesnych-karetek-trafi-do-slaskich-miast-wsrod-nich-sa-gliwice\/\" \/>\n<meta property=\"og:locale\" content=\"pl_PL\" \/>\n<meta property=\"og:type\" content=\"article\" \/>\n<meta property=\"og:title\" content=\"20 nowoczesnych karetek trafi do \u015bl\u0105skich miast. W\u015br\u00f3d nich s\u0105 Gliwice - 24GLIWICE - Portal Gliwice | codziennie nowe informacje\" \/>\n<meta property=\"og:description\" content=\"Wojew\u00f3dzkie Pogotowie Ratunkowe zakupi\u0142o, za kwot\u0119 blisko 8 milion\u00f3w z\u0142otych, 20 mercedes\u00f3w sprinter\u00f3w ze specjalistycznym wyposa\u017ceniem. Samochody posiadaj\u0105 silnik diesla o pojemno\u015bci 2,1 litra, kt\u00f3rego moc wynosi 163 koni mechanicznych. Jak poinformowa\u0142 Artur Borowicz, dyrektor Wojew\u00f3dzkiego Pogotowia Ratunkowego w Katowicach, po zako\u0144czeniu procedury rejestracji ka\u017cda z karetek zostanie wyposa\u017cona w sprz\u0119t i aparatur\u0119 medyczn\u0105, m.in. [&hellip;]\" \/>\n<meta property=\"og:url\" content=\"https:\/\/www.24gliwice.pl\/wiadomosci\/20-nowoczesnych-karetek-trafi-do-slaskich-miast-wsrod-nich-sa-gliwice\/\" \/>\n<meta property=\"og:site_name\" content=\"24GLIWICE - Portal Gliwice | codziennie nowe informacje\" \/>\n<meta property=\"article:publisher\" content=\"https:\/\/www.facebook.com\/24gliwice\" \/>\n<meta property=\"article:published_time\" content=\"2017-08-22T10:16:26+00:00\" \/>\n<meta property=\"og:image\" content=\"https:\/\/www.24gliwice.pl\/wiadomosci\/wp-content\/uploads\/2017\/08\/karetka-e1503395037953.jpg\" \/>\n\t<meta property=\"og:image:width\" content=\"810\" \/>\n\t<meta property=\"og:image:height\" content=\"456\" \/>\n\t<meta property=\"og:image:type\" content=\"image\/jpeg\" \/>\n<meta name=\"author\" content=\"\u017baneta Mrozek-Siewierska\" \/>\n<meta name=\"twitter:card\" content=\"summary_large_image\" \/>\n<meta name=\"twitter:creator\" content=\"@24gliwice\" \/>\n<meta name=\"twitter:site\" content=\"@24gliwice\" \/>\n<meta name=\"twitter:label1\" content=\"Napisane przez\" \/>\n\t<meta name=\"twitter:data1\" content=\"\u017baneta Mrozek-Siewierska\" \/>\n\t<meta name=\"twitter:label2\" content=\"Szacowany czas czytania\" \/>\n\t<meta name=\"twitter:data2\" content=\"1 minuta\" \/>\n<script type=\"application\/ld+json\" class=\"yoast-schema-graph\">{\"@context\":\"https:\\\/\\\/schema.org\",\"@graph\":[{\"@type\":\"Article\",\"@id\":\"https:\\\/\\\/www.24gliwice.pl\\\/wiadomosci\\\/20-nowoczesnych-karetek-trafi-do-slaskich-miast-wsrod-nich-sa-gliwice\\\/#article\",\"isPartOf\":{\"@id\":\"https:\\\/\\\/www.24gliwice.pl\\\/wiadomosci\\\/20-nowoczesnych-karetek-trafi-do-slaskich-miast-wsrod-nich-sa-gliwice\\\/\"},\"author\":{\"name\":\"\u017baneta Mrozek-Siewierska\",\"@id\":\"https:\\\/\\\/www.24gliwice.pl\\\/wiadomosci\\\/#\\\/schema\\\/person\\\/e42c650edd7f2fa332be3811fb166b6e\"},\"headline\":\"20 nowoczesnych karetek trafi do \u015bl\u0105skich miast. W\u015br\u00f3d nich s\u0105 Gliwice\",\"datePublished\":\"2017-08-22T10:16:26+00:00\",\"mainEntityOfPage\":{\"@id\":\"https:\\\/\\\/www.24gliwice.pl\\\/wiadomosci\\\/20-nowoczesnych-karetek-trafi-do-slaskich-miast-wsrod-nich-sa-gliwice\\\/\"},\"wordCount\":203,\"commentCount\":0,\"publisher\":{\"@id\":\"https:\\\/\\\/www.24gliwice.pl\\\/wiadomosci\\\/#organization\"},\"image\":{\"@id\":\"https:\\\/\\\/www.24gliwice.pl\\\/wiadomosci\\\/20-nowoczesnych-karetek-trafi-do-slaskich-miast-wsrod-nich-sa-gliwice\\\/#primaryimage\"},\"thumbnailUrl\":\"https:\\\/\\\/www.24gliwice.pl\\\/wiadomosci\\\/wp-content\\\/uploads\\\/2017\\\/08\\\/karetka-e1503395037953.jpg\",\"keywords\":[\"ambulans\",\"karetka\",\"pogotowie ratunkowe\"],\"articleSection\":[\"Gliwice\",\"Najnowsze wiadomo\u015bci\"],\"inLanguage\":\"pl-PL\",\"potentialAction\":[{\"@type\":\"CommentAction\",\"name\":\"Comment\",\"target\":[\"https:\\\/\\\/www.24gliwice.pl\\\/wiadomosci\\\/20-nowoczesnych-karetek-trafi-do-slaskich-miast-wsrod-nich-sa-gliwice\\\/#respond\"]}]},{\"@type\":\"WebPage\",\"@id\":\"https:\\\/\\\/www.24gliwice.pl\\\/wiadomosci\\\/20-nowoczesnych-karetek-trafi-do-slaskich-miast-wsrod-nich-sa-gliwice\\\/\",\"url\":\"https:\\\/\\\/www.24gliwice.pl\\\/wiadomosci\\\/20-nowoczesnych-karetek-trafi-do-slaskich-miast-wsrod-nich-sa-gliwice\\\/\",\"name\":\"20 nowoczesnych karetek trafi do \u015bl\u0105skich miast. W\u015br\u00f3d nich s\u0105 Gliwice - 24GLIWICE - Portal Gliwice | codziennie nowe informacje\",\"isPartOf\":{\"@id\":\"https:\\\/\\\/www.24gliwice.pl\\\/wiadomosci\\\/#website\"},\"primaryImageOfPage\":{\"@id\":\"https:\\\/\\\/www.24gliwice.pl\\\/wiadomosci\\\/20-nowoczesnych-karetek-trafi-do-slaskich-miast-wsrod-nich-sa-gliwice\\\/#primaryimage\"},\"image\":{\"@id\":\"https:\\\/\\\/www.24gliwice.pl\\\/wiadomosci\\\/20-nowoczesnych-karetek-trafi-do-slaskich-miast-wsrod-nich-sa-gliwice\\\/#primaryimage\"},\"thumbnailUrl\":\"https:\\\/\\\/www.24gliwice.pl\\\/wiadomosci\\\/wp-content\\\/uploads\\\/2017\\\/08\\\/karetka-e1503395037953.jpg\",\"datePublished\":\"2017-08-22T10:16:26+00:00\",\"breadcrumb\":{\"@id\":\"https:\\\/\\\/www.24gliwice.pl\\\/wiadomosci\\\/20-nowoczesnych-karetek-trafi-do-slaskich-miast-wsrod-nich-sa-gliwice\\\/#breadcrumb\"},\"inLanguage\":\"pl-PL\",\"potentialAction\":[{\"@type\":\"ReadAction\",\"target\":[\"https:\\\/\\\/www.24gliwice.pl\\\/wiadomosci\\\/20-nowoczesnych-karetek-trafi-do-slaskich-miast-wsrod-nich-sa-gliwice\\\/\"]}]},{\"@type\":\"ImageObject\",\"inLanguage\":\"pl-PL\",\"@id\":\"https:\\\/\\\/www.24gliwice.pl\\\/wiadomosci\\\/20-nowoczesnych-karetek-trafi-do-slaskich-miast-wsrod-nich-sa-gliwice\\\/#primaryimage\",\"url\":\"https:\\\/\\\/www.24gliwice.pl\\\/wiadomosci\\\/wp-content\\\/uploads\\\/2017\\\/08\\\/karetka-e1503395037953.jpg\",\"contentUrl\":\"https:\\\/\\\/www.24gliwice.pl\\\/wiadomosci\\\/wp-content\\\/uploads\\\/2017\\\/08\\\/karetka-e1503395037953.jpg\",\"width\":810,\"height\":456},{\"@type\":\"BreadcrumbList\",\"@id\":\"https:\\\/\\\/www.24gliwice.pl\\\/wiadomosci\\\/20-nowoczesnych-karetek-trafi-do-slaskich-miast-wsrod-nich-sa-gliwice\\\/#breadcrumb\",\"itemListElement\":[{\"@type\":\"ListItem\",\"position\":1,\"name\":\"Strona g\u0142\u00f3wna\",\"item\":\"https:\\\/\\\/www.24gliwice.pl\\\/wiadomosci\\\/\"},{\"@type\":\"ListItem\",\"position\":2,\"name\":\"20 nowoczesnych karetek trafi do \u015bl\u0105skich miast. W\u015br\u00f3d nich s\u0105 Gliwice\"}]},{\"@type\":\"WebSite\",\"@id\":\"https:\\\/\\\/www.24gliwice.pl\\\/wiadomosci\\\/#website\",\"url\":\"https:\\\/\\\/www.24gliwice.pl\\\/wiadomosci\\\/\",\"name\":\"24GLIWICE - Portal Gliwice | codziennie nowe wiadomo\u015bci\",\"description\":\"Portal Miejski Gliwice\",\"publisher\":{\"@id\":\"https:\\\/\\\/www.24gliwice.pl\\\/wiadomosci\\\/#organization\"},\"potentialAction\":[{\"@type\":\"SearchAction\",\"target\":{\"@type\":\"EntryPoint\",\"urlTemplate\":\"https:\\\/\\\/www.24gliwice.pl\\\/wiadomosci\\\/?s={search_term_string}\"},\"query-input\":{\"@type\":\"PropertyValueSpecification\",\"valueRequired\":true,\"valueName\":\"search_term_string\"}}],\"inLanguage\":\"pl-PL\"},{\"@type\":\"Organization\",\"@id\":\"https:\\\/\\\/www.24gliwice.pl\\\/wiadomosci\\\/#organization\",\"name\":\"24gliwice\",\"url\":\"https:\\\/\\\/www.24gliwice.pl\\\/wiadomosci\\\/\",\"logo\":{\"@type\":\"ImageObject\",\"inLanguage\":\"pl-PL\",\"@id\":\"https:\\\/\\\/www.24gliwice.pl\\\/wiadomosci\\\/#\\\/schema\\\/logo\\\/image\\\/\",\"url\":\"https:\\\/\\\/www.24gliwice.pl\\\/wiadomosci\\\/wp-content\\\/uploads\\\/2024\\\/10\\\/24gliwice-logo-696.jpg\",\"contentUrl\":\"https:\\\/\\\/www.24gliwice.pl\\\/wiadomosci\\\/wp-content\\\/uploads\\\/2024\\\/10\\\/24gliwice-logo-696.jpg\",\"width\":696,\"height\":696,\"caption\":\"24gliwice\"},\"image\":{\"@id\":\"https:\\\/\\\/www.24gliwice.pl\\\/wiadomosci\\\/#\\\/schema\\\/logo\\\/image\\\/\"},\"sameAs\":[\"https:\\\/\\\/www.facebook.com\\\/24gliwice\",\"https:\\\/\\\/x.com\\\/24gliwice\",\"https:\\\/\\\/www.youtube.com\\\/@24gliwice\"]},{\"@type\":\"Person\",\"@id\":\"https:\\\/\\\/www.24gliwice.pl\\\/wiadomosci\\\/#\\\/schema\\\/person\\\/e42c650edd7f2fa332be3811fb166b6e\",\"name\":\"\u017baneta Mrozek-Siewierska\",\"image\":{\"@type\":\"ImageObject\",\"inLanguage\":\"pl-PL\",\"@id\":\"https:\\\/\\\/secure.gravatar.com\\\/avatar\\\/1881429e9c64597c77ad7aef2d0a19be69a3253e57534d16aa15bf3a4d34a0a3?s=96&d=mm&r=g\",\"url\":\"https:\\\/\\\/secure.gravatar.com\\\/avatar\\\/1881429e9c64597c77ad7aef2d0a19be69a3253e57534d16aa15bf3a4d34a0a3?s=96&d=mm&r=g\",\"contentUrl\":\"https:\\\/\\\/secure.gravatar.com\\\/avatar\\\/1881429e9c64597c77ad7aef2d0a19be69a3253e57534d16aa15bf3a4d34a0a3?s=96&d=mm&r=g\",\"caption\":\"\u017baneta Mrozek-Siewierska\"},\"url\":\"https:\\\/\\\/www.24gliwice.pl\\\/wiadomosci\\\/author\\\/zms\\\/\"}]}<\/script>\n<!-- \/ Yoast SEO plugin. -->","yoast_head_json":{"title":"20 nowoczesnych karetek trafi do \u015bl\u0105skich miast. W\u015br\u00f3d nich s\u0105 Gliwice - 24GLIWICE - Portal Gliwice | codziennie nowe informacje","robots":{"index":"index","follow":"follow","max-snippet":"max-snippet:-1","max-image-preview":"max-image-preview:large","max-video-preview":"max-video-preview:-1"},"canonical":"https:\/\/www.24gliwice.pl\/wiadomosci\/20-nowoczesnych-karetek-trafi-do-slaskich-miast-wsrod-nich-sa-gliwice\/","og_locale":"pl_PL","og_type":"article","og_title":"20 nowoczesnych karetek trafi do \u015bl\u0105skich miast. W\u015br\u00f3d nich s\u0105 Gliwice - 24GLIWICE - Portal Gliwice | codziennie nowe informacje","og_description":"Wojew\u00f3dzkie Pogotowie Ratunkowe zakupi\u0142o, za kwot\u0119 blisko 8 milion\u00f3w z\u0142otych, 20 mercedes\u00f3w sprinter\u00f3w ze specjalistycznym wyposa\u017ceniem. Samochody posiadaj\u0105 silnik diesla o pojemno\u015bci 2,1 litra, kt\u00f3rego moc wynosi 163 koni mechanicznych. Jak poinformowa\u0142 Artur Borowicz, dyrektor Wojew\u00f3dzkiego Pogotowia Ratunkowego w Katowicach, po zako\u0144czeniu procedury rejestracji ka\u017cda z karetek zostanie wyposa\u017cona w sprz\u0119t i aparatur\u0119 medyczn\u0105, m.in. [&hellip;]","og_url":"https:\/\/www.24gliwice.pl\/wiadomosci\/20-nowoczesnych-karetek-trafi-do-slaskich-miast-wsrod-nich-sa-gliwice\/","og_site_name":"24GLIWICE - Portal Gliwice | codziennie nowe informacje","article_publisher":"https:\/\/www.facebook.com\/24gliwice","article_published_time":"2017-08-22T10:16:26+00:00","og_image":[{"width":810,"height":456,"url":"https:\/\/www.24gliwice.pl\/wiadomosci\/wp-content\/uploads\/2017\/08\/karetka-e1503395037953.jpg","type":"image\/jpeg"}],"author":"\u017baneta Mrozek-Siewierska","twitter_card":"summary_large_image","twitter_creator":"@24gliwice","twitter_site":"@24gliwice","twitter_misc":{"Napisane przez":"\u017baneta Mrozek-Siewierska","Szacowany czas czytania":"1 minuta"},"schema":{"@context":"https:\/\/schema.org","@graph":[{"@type":"Article","@id":"https:\/\/www.24gliwice.pl\/wiadomosci\/20-nowoczesnych-karetek-trafi-do-slaskich-miast-wsrod-nich-sa-gliwice\/#article","isPartOf":{"@id":"https:\/\/www.24gliwice.pl\/wiadomosci\/20-nowoczesnych-karetek-trafi-do-slaskich-miast-wsrod-nich-sa-gliwice\/"},"author":{"name":"\u017baneta Mrozek-Siewierska","@id":"https:\/\/www.24gliwice.pl\/wiadomosci\/#\/schema\/person\/e42c650edd7f2fa332be3811fb166b6e"},"headline":"20 nowoczesnych karetek trafi do \u015bl\u0105skich miast. W\u015br\u00f3d nich s\u0105 Gliwice","datePublished":"2017-08-22T10:16:26+00:00","mainEntityOfPage":{"@id":"https:\/\/www.24gliwice.pl\/wiadomosci\/20-nowoczesnych-karetek-trafi-do-slaskich-miast-wsrod-nich-sa-gliwice\/"},"wordCount":203,"commentCount":0,"publisher":{"@id":"https:\/\/www.24gliwice.pl\/wiadomosci\/#organization"},"image":{"@id":"https:\/\/www.24gliwice.pl\/wiadomosci\/20-nowoczesnych-karetek-trafi-do-slaskich-miast-wsrod-nich-sa-gliwice\/#primaryimage"},"thumbnailUrl":"https:\/\/www.24gliwice.pl\/wiadomosci\/wp-content\/uploads\/2017\/08\/karetka-e1503395037953.jpg","keywords":["ambulans","karetka","pogotowie ratunkowe"],"articleSection":["Gliwice","Najnowsze wiadomo\u015bci"],"inLanguage":"pl-PL","potentialAction":[{"@type":"CommentAction","name":"Comment","target":["https:\/\/www.24gliwice.pl\/wiadomosci\/20-nowoczesnych-karetek-trafi-do-slaskich-miast-wsrod-nich-sa-gliwice\/#respond"]}]},{"@type":"WebPage","@id":"https:\/\/www.24gliwice.pl\/wiadomosci\/20-nowoczesnych-karetek-trafi-do-slaskich-miast-wsrod-nich-sa-gliwice\/","url":"https:\/\/www.24gliwice.pl\/wiadomosci\/20-nowoczesnych-karetek-trafi-do-slaskich-miast-wsrod-nich-sa-gliwice\/","name":"20 nowoczesnych karetek trafi do \u015bl\u0105skich miast. W\u015br\u00f3d nich s\u0105 Gliwice - 24GLIWICE - Portal Gliwice | codziennie nowe informacje","isPartOf":{"@id":"https:\/\/www.24gliwice.pl\/wiadomosci\/#website"},"primaryImageOfPage":{"@id":"https:\/\/www.24gliwice.pl\/wiadomosci\/20-nowoczesnych-karetek-trafi-do-slaskich-miast-wsrod-nich-sa-gliwice\/#primaryimage"},"image":{"@id":"https:\/\/www.24gliwice.pl\/wiadomosci\/20-nowoczesnych-karetek-trafi-do-slaskich-miast-wsrod-nich-sa-gliwice\/#primaryimage"},"thumbnailUrl":"https:\/\/www.24gliwice.pl\/wiadomosci\/wp-content\/uploads\/2017\/08\/karetka-e1503395037953.jpg","datePublished":"2017-08-22T10:16:26+00:00","breadcrumb":{"@id":"https:\/\/www.24gliwice.pl\/wiadomosci\/20-nowoczesnych-karetek-trafi-do-slaskich-miast-wsrod-nich-sa-gliwice\/#breadcrumb"},"inLanguage":"pl-PL","potentialAction":[{"@type":"ReadAction","target":["https:\/\/www.24gliwice.pl\/wiadomosci\/20-nowoczesnych-karetek-trafi-do-slaskich-miast-wsrod-nich-sa-gliwice\/"]}]},{"@type":"ImageObject","inLanguage":"pl-PL","@id":"https:\/\/www.24gliwice.pl\/wiadomosci\/20-nowoczesnych-karetek-trafi-do-slaskich-miast-wsrod-nich-sa-gliwice\/#primaryimage","url":"https:\/\/www.24gliwice.pl\/wiadomosci\/wp-content\/uploads\/2017\/08\/karetka-e1503395037953.jpg","contentUrl":"https:\/\/www.24gliwice.pl\/wiadomosci\/wp-content\/uploads\/2017\/08\/karetka-e1503395037953.jpg","width":810,"height":456},{"@type":"BreadcrumbList","@id":"https:\/\/www.24gliwice.pl\/wiadomosci\/20-nowoczesnych-karetek-trafi-do-slaskich-miast-wsrod-nich-sa-gliwice\/#breadcrumb","itemListElement":[{"@type":"ListItem","position":1,"name":"Strona g\u0142\u00f3wna","item":"https:\/\/www.24gliwice.pl\/wiadomosci\/"},{"@type":"ListItem","position":2,"name":"20 nowoczesnych karetek trafi do \u015bl\u0105skich miast. W\u015br\u00f3d nich s\u0105 Gliwice"}]},{"@type":"WebSite","@id":"https:\/\/www.24gliwice.pl\/wiadomosci\/#website","url":"https:\/\/www.24gliwice.pl\/wiadomosci\/","name":"24GLIWICE - Portal Gliwice | codziennie nowe wiadomo\u015bci","description":"Portal Miejski Gliwice","publisher":{"@id":"https:\/\/www.24gliwice.pl\/wiadomosci\/#organization"},"potentialAction":[{"@type":"SearchAction","target":{"@type":"EntryPoint","urlTemplate":"https:\/\/www.24gliwice.pl\/wiadomosci\/?s={search_term_string}"},"query-input":{"@type":"PropertyValueSpecification","valueRequired":true,"valueName":"search_term_string"}}],"inLanguage":"pl-PL"},{"@type":"Organization","@id":"https:\/\/www.24gliwice.pl\/wiadomosci\/#organization","name":"24gliwice","url":"https:\/\/www.24gliwice.pl\/wiadomosci\/","logo":{"@type":"ImageObject","inLanguage":"pl-PL","@id":"https:\/\/www.24gliwice.pl\/wiadomosci\/#\/schema\/logo\/image\/","url":"https:\/\/www.24gliwice.pl\/wiadomosci\/wp-content\/uploads\/2024\/10\/24gliwice-logo-696.jpg","contentUrl":"https:\/\/www.24gliwice.pl\/wiadomosci\/wp-content\/uploads\/2024\/10\/24gliwice-logo-696.jpg","width":696,"height":696,"caption":"24gliwice"},"image":{"@id":"https:\/\/www.24gliwice.pl\/wiadomosci\/#\/schema\/logo\/image\/"},"sameAs":["https:\/\/www.facebook.com\/24gliwice","https:\/\/x.com\/24gliwice","https:\/\/www.youtube.com\/@24gliwice"]},{"@type":"Person","@id":"https:\/\/www.24gliwice.pl\/wiadomosci\/#\/schema\/person\/e42c650edd7f2fa332be3811fb166b6e","name":"\u017baneta Mrozek-Siewierska","image":{"@type":"ImageObject","inLanguage":"pl-PL","@id":"https:\/\/secure.gravatar.com\/avatar\/1881429e9c64597c77ad7aef2d0a19be69a3253e57534d16aa15bf3a4d34a0a3?s=96&d=mm&r=g","url":"https:\/\/secure.gravatar.com\/avatar\/1881429e9c64597c77ad7aef2d0a19be69a3253e57534d16aa15bf3a4d34a0a3?s=96&d=mm&r=g","contentUrl":"https:\/\/secure.gravatar.com\/avatar\/1881429e9c64597c77ad7aef2d0a19be69a3253e57534d16aa15bf3a4d34a0a3?s=96&d=mm&r=g","caption":"\u017baneta Mrozek-Siewierska"},"url":"https:\/\/www.24gliwice.pl\/wiadomosci\/author\/zms\/"}]}},"_links":{"self":[{"href":"https:\/\/www.24gliwice.pl\/wiadomosci\/wp-json\/wp\/v2\/posts\/103219","targetHints":{"allow":["GET"]}}],"collection":[{"href":"https:\/\/www.24gliwice.pl\/wiadomosci\/wp-json\/wp\/v2\/posts"}],"about":[{"href":"https:\/\/www.24gliwice.pl\/wiadomosci\/wp-json\/wp\/v2\/types\/post"}],"author":[{"embeddable":true,"href":"https:\/\/www.24gliwice.pl\/wiadomosci\/wp-json\/wp\/v2\/users\/15"}],"replies":[{"embeddable":true,"href":"https:\/\/www.24gliwice.pl\/wiadomosci\/wp-json\/wp\/v2\/comments?post=103219"}],"version-history":[{"count":0,"href":"https:\/\/www.24gliwice.pl\/wiadomosci\/wp-json\/wp\/v2\/posts\/103219\/revisions"}],"wp:featuredmedia":[{"embeddable":true,"href":"https:\/\/www.24gliwice.pl\/wiadomosci\/wp-json\/wp\/v2\/media\/103221"}],"wp:attachment":[{"href":"https:\/\/www.24gliwice.pl\/wiadomosci\/wp-json\/wp\/v2\/media?parent=103219"}],"wp:term":[{"taxonomy":"category","embeddable":true,"href":"https:\/\/www.24gliwice.pl\/wiadomosci\/wp-json\/wp\/v2\/categories?post=103219"},{"taxonomy":"post_tag","embeddable":true,"href":"https:\/\/www.24gliwice.pl\/wiadomosci\/wp-json\/wp\/v2\/tags?post=103219"}],"curies":[{"name":"wp","href":"https:\/\/api.w.org\/{rel}","templated":true}]}}