{"id":103473,"date":"2017-08-28T10:37:10","date_gmt":"2017-08-28T08:37:10","guid":{"rendered":"http:\/\/www.24gliwice.pl\/wiadomosci\/?p=103473"},"modified":"2017-08-28T11:42:04","modified_gmt":"2017-08-28T09:42:04","slug":"bezplatne-liceum-dla-doroslych-w-gliwicach-wyksztalcenie-srednie-i-matura-po-3-lub-2-latach","status":"publish","type":"post","link":"https:\/\/www.24gliwice.pl\/wiadomosci\/bezplatne-liceum-dla-doroslych-w-gliwicach-wyksztalcenie-srednie-i-matura-po-3-lub-2-latach\/","title":{"rendered":"Bezp\u0142atne liceum dla doros\u0142ych w Gliwicach. Wykszta\u0142cenie \u015brednie i matura po 3 lub 2 latach"},"content":{"rendered":"<div class=\"gliwi-a6-nad-leadem-artykulow gliwi-entity-placement\" id=\"gliwi-2977644639\"><div class=\"gliwi-adlabel\"><span style=\"font-size: 9px\">REKLAMA<\/span><\/div><div id=\"gliwi-1396381774\" style=\"margin-bottom: 30px;margin-left: auto;margin-right: auto;text-align: center;\"><a data-no-instant=\"1\" href=\"https:\/\/przedszkole.halogen.org.pl\/\" rel=\"noopener\" class=\"a2t-link\" target=\"_blank\" aria-label=\"20260402-ANIMATOR-przedszkole_grafika_750x200\"><img loading=\"lazy\" decoding=\"async\" src=\"https:\/\/www.24gliwice.pl\/wiadomosci\/wp-content\/uploads\/2026\/04\/20260402-ANIMATOR-przedszkole_grafika_750x200.webp\" alt=\"\"  srcset=\"https:\/\/www.24gliwice.pl\/wiadomosci\/wp-content\/uploads\/2026\/04\/20260402-ANIMATOR-przedszkole_grafika_750x200.webp 750w, https:\/\/www.24gliwice.pl\/wiadomosci\/wp-content\/uploads\/2026\/04\/20260402-ANIMATOR-przedszkole_grafika_750x200-410x109.webp 410w\" sizes=\"(max-width: 750px) 100vw, 750px\" class=\"no-lazyload\" width=\"750\" height=\"200\"  style=\"display: inline-block; max-width: 100%; height: auto;\" \/><\/a><\/div><\/div><h3>TEB Edukacja zaprasza do zapisu do BEZP\u0141ATNEGO LICEUM dla DOROS\u0141YCH wsp\u00f3\u0142finansowanego ze \u015brodk\u00f3w Unii Europejskiej w ramach Europejskiego Funduszu Spo\u0142ecznego.<\/h3>\n<p>Jest to szko\u0142a przeznaczona dla os\u00f3b pragn\u0105cych poszerzy\u0107 swoj\u0105 wiedz\u0119 zdobywaj\u0105c wykszta\u0142cenie \u015brednie oraz dla tych wszystkich, kt\u00f3rzy chc\u0105 uzyska\u0107 \u015bwiadectwo maturalne, umo\u017cliwiaj\u0105ce podj\u0119cie studi\u00f3w na wszystkich kierunkach.<\/p>\n[perfectpullquote align=&#8221;full&#8221; cite=&#8221;&#8221; link=&#8221;&#8221; color=&#8221;&#8221; class=&#8221;&#8221; size=&#8221;&#8221;]Oferta skierowana jest dla absolwent\u00f3w o\u015bmioletniej szko\u0142y podstawowej, gimnazjum i zasadniczej szko\u0142y zawodowej.[\/perfectpullquote]\n<p>Uczestnicy projektu mog\u0105 liczy\u0107 na bezp\u0142atny komplet podr\u0119cznik\u00f3w. Szko\u0142a zapewnia elastyczny plan nauczania, kt\u00f3ry pozwala na \u0142\u0105czenie nauki z prac\u0105 zawodow\u0105 i innymi obowi\u0105zkami. Zaj\u0119cia odbywaj\u0105 si\u0119 w trybie wieczorowym lub zaocznym. Na zako\u0144czenie nauki przeprowadzany jest egzamin maturalny.<\/p><div class=\"gliwi-a3-w-tresci-artykulow gliwi-entity-placement\" id=\"gliwi-159541757\"><div class=\"gliwi-adlabel\"><span style=\"font-size: 9px\">REKLAMA<\/span><\/div><div id=\"gliwi-225544359\" style=\"margin-bottom: 30px;margin-left: auto;margin-right: auto;text-align: center;\"><a data-no-instant=\"1\" href=\"https:\/\/zlobek.halogen.org.pl\/\" rel=\"noopener\" class=\"a2t-link\" target=\"_blank\" aria-label=\"animator-zlobek_750x200\"><img loading=\"lazy\" decoding=\"async\" src=\"https:\/\/www.24gliwice.pl\/wiadomosci\/wp-content\/uploads\/2026\/02\/animator-zlobek_750x200.webp\" alt=\"\"  srcset=\"https:\/\/www.24gliwice.pl\/wiadomosci\/wp-content\/uploads\/2026\/02\/animator-zlobek_750x200.webp 750w, https:\/\/www.24gliwice.pl\/wiadomosci\/wp-content\/uploads\/2026\/02\/animator-zlobek_750x200-410x109.webp 410w\" sizes=\"(max-width: 750px) 100vw, 750px\" class=\"no-lazyload\" width=\"750\" height=\"200\"  style=\"display: inline-block; max-width: 100%; height: auto;\" \/><\/a><\/div><\/div>\n<p>Nauka trwa 3 lata \/ 2 lata dla absolwent\u00f3w ZSZ.<\/p>\n<p><strong>Miejsce realizacji projektu i zapisy<\/strong><br \/>\nSzko\u0142a policealna TEB Edukacja<br \/>\nGliwice, ul. Akademicka 5 \/pok\u00f3j nr 2\/<br \/>\ntel. 32 661 42 70, e-mail: gliwice@teb.pl<br \/>\n<a href=\"http:\/\/www.teb.pl\">www.teb.pl <\/a><\/p>\n<p><img loading=\"lazy\" decoding=\"async\" src=\"http:\/\/www.24gliwice.pl\/wiadomosci\/wp-content\/uploads\/2016\/08\/Screenshot_88.jpg\" alt=\"\" width=\"764\" height=\"841\" class=\"alignleft size-full wp-image-103485\" srcset=\"https:\/\/www.24gliwice.pl\/wiadomosci\/wp-content\/uploads\/2016\/08\/Screenshot_88.jpg 764w, https:\/\/www.24gliwice.pl\/wiadomosci\/wp-content\/uploads\/2016\/08\/Screenshot_88-211x232.jpg 211w, https:\/\/www.24gliwice.pl\/wiadomosci\/wp-content\/uploads\/2016\/08\/Screenshot_88-413x455.jpg 413w\" sizes=\"auto, (max-width: 764px) 100vw, 764px\" \/><\/p>\n<div class=\"gliwi-a5-na-koncu-artykulow gliwi-entity-placement\" id=\"gliwi-1416749363\"><div class=\"gliwi-adlabel\"><span style=\"font-size: 9px\">REKLAMA<\/span><\/div><div id=\"gliwi-2869673217\" style=\"margin-left: auto;margin-right: auto;text-align: center;\"><a data-no-instant=\"1\" href=\"https:\/\/www.jasek.pl\/\" rel=\"noopener\" class=\"a2t-link\" target=\"_blank\" aria-label=\"20200401-jasek 600\"><img loading=\"lazy\" decoding=\"async\" src=\"https:\/\/www.24gliwice.pl\/wiadomosci\/wp-content\/uploads\/2020\/04\/20200401-jasek-600.jpg\" alt=\"\"  srcset=\"https:\/\/www.24gliwice.pl\/wiadomosci\/wp-content\/uploads\/2020\/04\/20200401-jasek-600.jpg 600w, https:\/\/www.24gliwice.pl\/wiadomosci\/wp-content\/uploads\/2020\/04\/20200401-jasek-600-410x109.jpg 410w\" sizes=\"(max-width: 600px) 100vw, 600px\" class=\"no-lazyload\" width=\"600\" height=\"160\"  style=\"display: inline-block; max-width: 100%; height: auto;\" \/><\/a><\/div><\/div>","protected":false},"excerpt":{"rendered":"<p>TEB Edukacja zaprasza do zapisu do BEZP\u0141ATNEGO LICEUM dla DOROS\u0141YCH wsp\u00f3\u0142finansowanego ze \u015brodk\u00f3w Unii Europejskiej w ramach Europejskiego Funduszu Spo\u0142ecznego. Jest to szko\u0142a przeznaczona dla os\u00f3b pragn\u0105cych poszerzy\u0107 swoj\u0105 wiedz\u0119 zdobywaj\u0105c wykszta\u0142cenie \u015brednie oraz dla tych wszystkich, kt\u00f3rzy chc\u0105 uzyska\u0107 \u015bwiadectwo maturalne, umo\u017cliwiaj\u0105ce podj\u0119cie studi\u00f3w na wszystkich kierunkach. [perfectpullquote align=&#8221;full&#8221; cite=&#8221;&#8221; link=&#8221;&#8221; color=&#8221;&#8221; class=&#8221;&#8221; size=&#8221;&#8221;]Oferta [&hellip;]<\/p>\n","protected":false},"author":4,"featured_media":103478,"comment_status":"closed","ping_status":"closed","sticky":false,"template":"","format":"standard","meta":{"_monsterinsights_skip_tracking":false,"_monsterinsights_sitenote_active":false,"_monsterinsights_sitenote_note":"","_monsterinsights_sitenote_category":0,"footnotes":"","_links_to":"","_links_to_target":""},"categories":[1,1129],"tags":[71,5171,10051],"class_list":["post-103473","post","type-post","status-publish","format-standard","has-post-thumbnail","hentry","category-wszystko","category-polecamy","tag-edukacja","tag-szkola","tag-teb"],"yoast_head":"<!-- This site is optimized with the Yoast SEO plugin v27.5 - https:\/\/yoast.com\/product\/yoast-seo-wordpress\/ -->\n<title>Bezp\u0142atne liceum dla doros\u0142ych w Gliwicach. Wykszta\u0142cenie \u015brednie i matura po 3 lub 2 latach - 24GLIWICE - Portal Gliwice | codziennie nowe informacje<\/title>\n<meta name=\"robots\" content=\"index, follow, max-snippet:-1, max-image-preview:large, max-video-preview:-1\" \/>\n<link rel=\"canonical\" href=\"https:\/\/www.24gliwice.pl\/wiadomosci\/bezplatne-liceum-dla-doroslych-w-gliwicach-wyksztalcenie-srednie-i-matura-po-3-lub-2-latach\/\" \/>\n<meta property=\"og:locale\" content=\"pl_PL\" \/>\n<meta property=\"og:type\" content=\"article\" \/>\n<meta property=\"og:title\" content=\"Bezp\u0142atne liceum dla doros\u0142ych w Gliwicach. Wykszta\u0142cenie \u015brednie i matura po 3 lub 2 latach - 24GLIWICE - Portal Gliwice | codziennie nowe informacje\" \/>\n<meta property=\"og:description\" content=\"TEB Edukacja zaprasza do zapisu do BEZP\u0141ATNEGO LICEUM dla DOROS\u0141YCH wsp\u00f3\u0142finansowanego ze \u015brodk\u00f3w Unii Europejskiej w ramach Europejskiego Funduszu Spo\u0142ecznego. Jest to szko\u0142a przeznaczona dla os\u00f3b pragn\u0105cych poszerzy\u0107 swoj\u0105 wiedz\u0119 zdobywaj\u0105c wykszta\u0142cenie \u015brednie oraz dla tych wszystkich, kt\u00f3rzy chc\u0105 uzyska\u0107 \u015bwiadectwo maturalne, umo\u017cliwiaj\u0105ce podj\u0119cie studi\u00f3w na wszystkich kierunkach. [perfectpullquote align=&#8221;full&#8221; cite=&#8221;&#8221; link=&#8221;&#8221; color=&#8221;&#8221; class=&#8221;&#8221; size=&#8221;&#8221;]Oferta [&hellip;]\" \/>\n<meta property=\"og:url\" content=\"https:\/\/www.24gliwice.pl\/wiadomosci\/bezplatne-liceum-dla-doroslych-w-gliwicach-wyksztalcenie-srednie-i-matura-po-3-lub-2-latach\/\" \/>\n<meta property=\"og:site_name\" content=\"24GLIWICE - Portal Gliwice | codziennie nowe informacje\" \/>\n<meta property=\"article:publisher\" content=\"https:\/\/www.facebook.com\/24gliwice\" \/>\n<meta property=\"article:author\" content=\"https:\/\/www.facebook.com\/marcin.fabrykowski\" \/>\n<meta property=\"article:published_time\" content=\"2017-08-28T08:37:10+00:00\" \/>\n<meta property=\"article:modified_time\" content=\"2017-08-28T09:42:04+00:00\" \/>\n<meta property=\"og:image\" content=\"https:\/\/www.24gliwice.pl\/wiadomosci\/wp-content\/uploads\/2017\/08\/Screenshot_86.jpg\" \/>\n\t<meta property=\"og:image:width\" content=\"1115\" \/>\n\t<meta property=\"og:image:height\" content=\"609\" \/>\n\t<meta property=\"og:image:type\" content=\"image\/jpeg\" \/>\n<meta name=\"author\" content=\"Marcin Fabrykowski\" \/>\n<meta name=\"twitter:card\" content=\"summary_large_image\" \/>\n<meta name=\"twitter:creator\" content=\"@24gliwice\" \/>\n<meta name=\"twitter:site\" content=\"@24gliwice\" \/>\n<meta name=\"twitter:label1\" content=\"Napisane przez\" \/>\n\t<meta name=\"twitter:data1\" content=\"Marcin Fabrykowski\" \/>\n\t<meta name=\"twitter:label2\" content=\"Szacowany czas czytania\" \/>\n\t<meta name=\"twitter:data2\" content=\"1 minuta\" \/>\n<script type=\"application\/ld+json\" class=\"yoast-schema-graph\">{\"@context\":\"https:\\\/\\\/schema.org\",\"@graph\":[{\"@type\":\"Article\",\"@id\":\"https:\\\/\\\/www.24gliwice.pl\\\/wiadomosci\\\/bezplatne-liceum-dla-doroslych-w-gliwicach-wyksztalcenie-srednie-i-matura-po-3-lub-2-latach\\\/#article\",\"isPartOf\":{\"@id\":\"https:\\\/\\\/www.24gliwice.pl\\\/wiadomosci\\\/bezplatne-liceum-dla-doroslych-w-gliwicach-wyksztalcenie-srednie-i-matura-po-3-lub-2-latach\\\/\"},\"author\":{\"name\":\"Marcin Fabrykowski\",\"@id\":\"https:\\\/\\\/www.24gliwice.pl\\\/wiadomosci\\\/#\\\/schema\\\/person\\\/cb5857e4a4d048c15984c1edcc8ef0c0\"},\"headline\":\"Bezp\u0142atne liceum dla doros\u0142ych w Gliwicach. Wykszta\u0142cenie \u015brednie i matura po 3 lub 2 latach\",\"datePublished\":\"2017-08-28T08:37:10+00:00\",\"dateModified\":\"2017-08-28T09:42:04+00:00\",\"mainEntityOfPage\":{\"@id\":\"https:\\\/\\\/www.24gliwice.pl\\\/wiadomosci\\\/bezplatne-liceum-dla-doroslych-w-gliwicach-wyksztalcenie-srednie-i-matura-po-3-lub-2-latach\\\/\"},\"wordCount\":184,\"publisher\":{\"@id\":\"https:\\\/\\\/www.24gliwice.pl\\\/wiadomosci\\\/#organization\"},\"image\":{\"@id\":\"https:\\\/\\\/www.24gliwice.pl\\\/wiadomosci\\\/bezplatne-liceum-dla-doroslych-w-gliwicach-wyksztalcenie-srednie-i-matura-po-3-lub-2-latach\\\/#primaryimage\"},\"thumbnailUrl\":\"https:\\\/\\\/www.24gliwice.pl\\\/wiadomosci\\\/wp-content\\\/uploads\\\/2017\\\/08\\\/Screenshot_86.jpg\",\"keywords\":[\"EDUKACJA\",\"SZKO\u0141A\",\"teb\"],\"articleSection\":[\"Najnowsze wiadomo\u015bci\",\"Polecamy\"],\"inLanguage\":\"pl-PL\"},{\"@type\":\"WebPage\",\"@id\":\"https:\\\/\\\/www.24gliwice.pl\\\/wiadomosci\\\/bezplatne-liceum-dla-doroslych-w-gliwicach-wyksztalcenie-srednie-i-matura-po-3-lub-2-latach\\\/\",\"url\":\"https:\\\/\\\/www.24gliwice.pl\\\/wiadomosci\\\/bezplatne-liceum-dla-doroslych-w-gliwicach-wyksztalcenie-srednie-i-matura-po-3-lub-2-latach\\\/\",\"name\":\"Bezp\u0142atne liceum dla doros\u0142ych w Gliwicach. Wykszta\u0142cenie \u015brednie i matura po 3 lub 2 latach - 24GLIWICE - Portal Gliwice | codziennie nowe informacje\",\"isPartOf\":{\"@id\":\"https:\\\/\\\/www.24gliwice.pl\\\/wiadomosci\\\/#website\"},\"primaryImageOfPage\":{\"@id\":\"https:\\\/\\\/www.24gliwice.pl\\\/wiadomosci\\\/bezplatne-liceum-dla-doroslych-w-gliwicach-wyksztalcenie-srednie-i-matura-po-3-lub-2-latach\\\/#primaryimage\"},\"image\":{\"@id\":\"https:\\\/\\\/www.24gliwice.pl\\\/wiadomosci\\\/bezplatne-liceum-dla-doroslych-w-gliwicach-wyksztalcenie-srednie-i-matura-po-3-lub-2-latach\\\/#primaryimage\"},\"thumbnailUrl\":\"https:\\\/\\\/www.24gliwice.pl\\\/wiadomosci\\\/wp-content\\\/uploads\\\/2017\\\/08\\\/Screenshot_86.jpg\",\"datePublished\":\"2017-08-28T08:37:10+00:00\",\"dateModified\":\"2017-08-28T09:42:04+00:00\",\"breadcrumb\":{\"@id\":\"https:\\\/\\\/www.24gliwice.pl\\\/wiadomosci\\\/bezplatne-liceum-dla-doroslych-w-gliwicach-wyksztalcenie-srednie-i-matura-po-3-lub-2-latach\\\/#breadcrumb\"},\"inLanguage\":\"pl-PL\",\"potentialAction\":[{\"@type\":\"ReadAction\",\"target\":[\"https:\\\/\\\/www.24gliwice.pl\\\/wiadomosci\\\/bezplatne-liceum-dla-doroslych-w-gliwicach-wyksztalcenie-srednie-i-matura-po-3-lub-2-latach\\\/\"]}]},{\"@type\":\"ImageObject\",\"inLanguage\":\"pl-PL\",\"@id\":\"https:\\\/\\\/www.24gliwice.pl\\\/wiadomosci\\\/bezplatne-liceum-dla-doroslych-w-gliwicach-wyksztalcenie-srednie-i-matura-po-3-lub-2-latach\\\/#primaryimage\",\"url\":\"https:\\\/\\\/www.24gliwice.pl\\\/wiadomosci\\\/wp-content\\\/uploads\\\/2017\\\/08\\\/Screenshot_86.jpg\",\"contentUrl\":\"https:\\\/\\\/www.24gliwice.pl\\\/wiadomosci\\\/wp-content\\\/uploads\\\/2017\\\/08\\\/Screenshot_86.jpg\",\"width\":1115,\"height\":609},{\"@type\":\"BreadcrumbList\",\"@id\":\"https:\\\/\\\/www.24gliwice.pl\\\/wiadomosci\\\/bezplatne-liceum-dla-doroslych-w-gliwicach-wyksztalcenie-srednie-i-matura-po-3-lub-2-latach\\\/#breadcrumb\",\"itemListElement\":[{\"@type\":\"ListItem\",\"position\":1,\"name\":\"Strona g\u0142\u00f3wna\",\"item\":\"https:\\\/\\\/www.24gliwice.pl\\\/wiadomosci\\\/\"},{\"@type\":\"ListItem\",\"position\":2,\"name\":\"Bezp\u0142atne liceum dla doros\u0142ych w Gliwicach. Wykszta\u0142cenie \u015brednie i matura po 3 lub 2 latach\"}]},{\"@type\":\"WebSite\",\"@id\":\"https:\\\/\\\/www.24gliwice.pl\\\/wiadomosci\\\/#website\",\"url\":\"https:\\\/\\\/www.24gliwice.pl\\\/wiadomosci\\\/\",\"name\":\"24GLIWICE - Portal Gliwice | codziennie nowe wiadomo\u015bci\",\"description\":\"Portal Miejski Gliwice\",\"publisher\":{\"@id\":\"https:\\\/\\\/www.24gliwice.pl\\\/wiadomosci\\\/#organization\"},\"potentialAction\":[{\"@type\":\"SearchAction\",\"target\":{\"@type\":\"EntryPoint\",\"urlTemplate\":\"https:\\\/\\\/www.24gliwice.pl\\\/wiadomosci\\\/?s={search_term_string}\"},\"query-input\":{\"@type\":\"PropertyValueSpecification\",\"valueRequired\":true,\"valueName\":\"search_term_string\"}}],\"inLanguage\":\"pl-PL\"},{\"@type\":\"Organization\",\"@id\":\"https:\\\/\\\/www.24gliwice.pl\\\/wiadomosci\\\/#organization\",\"name\":\"24gliwice\",\"url\":\"https:\\\/\\\/www.24gliwice.pl\\\/wiadomosci\\\/\",\"logo\":{\"@type\":\"ImageObject\",\"inLanguage\":\"pl-PL\",\"@id\":\"https:\\\/\\\/www.24gliwice.pl\\\/wiadomosci\\\/#\\\/schema\\\/logo\\\/image\\\/\",\"url\":\"https:\\\/\\\/www.24gliwice.pl\\\/wiadomosci\\\/wp-content\\\/uploads\\\/2024\\\/10\\\/24gliwice-logo-696.jpg\",\"contentUrl\":\"https:\\\/\\\/www.24gliwice.pl\\\/wiadomosci\\\/wp-content\\\/uploads\\\/2024\\\/10\\\/24gliwice-logo-696.jpg\",\"width\":696,\"height\":696,\"caption\":\"24gliwice\"},\"image\":{\"@id\":\"https:\\\/\\\/www.24gliwice.pl\\\/wiadomosci\\\/#\\\/schema\\\/logo\\\/image\\\/\"},\"sameAs\":[\"https:\\\/\\\/www.facebook.com\\\/24gliwice\",\"https:\\\/\\\/x.com\\\/24gliwice\",\"https:\\\/\\\/www.youtube.com\\\/@24gliwice\"]},{\"@type\":\"Person\",\"@id\":\"https:\\\/\\\/www.24gliwice.pl\\\/wiadomosci\\\/#\\\/schema\\\/person\\\/cb5857e4a4d048c15984c1edcc8ef0c0\",\"name\":\"Marcin Fabrykowski\",\"image\":{\"@type\":\"ImageObject\",\"inLanguage\":\"pl-PL\",\"@id\":\"https:\\\/\\\/www.24gliwice.pl\\\/wiadomosci\\\/wp-content\\\/uploads\\\/2025\\\/11\\\/zdjecie-moje-marcin-300-96x96.jpg\",\"url\":\"https:\\\/\\\/www.24gliwice.pl\\\/wiadomosci\\\/wp-content\\\/uploads\\\/2025\\\/11\\\/zdjecie-moje-marcin-300-96x96.jpg\",\"contentUrl\":\"https:\\\/\\\/www.24gliwice.pl\\\/wiadomosci\\\/wp-content\\\/uploads\\\/2025\\\/11\\\/zdjecie-moje-marcin-300-96x96.jpg\",\"caption\":\"Marcin Fabrykowski\"},\"sameAs\":[\"http:\\\/\\\/24gliwice.pl\",\"https:\\\/\\\/www.facebook.com\\\/marcin.fabrykowski\"],\"url\":\"https:\\\/\\\/www.24gliwice.pl\\\/wiadomosci\\\/author\\\/marcin-fabrykowski\\\/\"}]}<\/script>\n<!-- \/ Yoast SEO plugin. -->","yoast_head_json":{"title":"Bezp\u0142atne liceum dla doros\u0142ych w Gliwicach. Wykszta\u0142cenie \u015brednie i matura po 3 lub 2 latach - 24GLIWICE - Portal Gliwice | codziennie nowe informacje","robots":{"index":"index","follow":"follow","max-snippet":"max-snippet:-1","max-image-preview":"max-image-preview:large","max-video-preview":"max-video-preview:-1"},"canonical":"https:\/\/www.24gliwice.pl\/wiadomosci\/bezplatne-liceum-dla-doroslych-w-gliwicach-wyksztalcenie-srednie-i-matura-po-3-lub-2-latach\/","og_locale":"pl_PL","og_type":"article","og_title":"Bezp\u0142atne liceum dla doros\u0142ych w Gliwicach. Wykszta\u0142cenie \u015brednie i matura po 3 lub 2 latach - 24GLIWICE - Portal Gliwice | codziennie nowe informacje","og_description":"TEB Edukacja zaprasza do zapisu do BEZP\u0141ATNEGO LICEUM dla DOROS\u0141YCH wsp\u00f3\u0142finansowanego ze \u015brodk\u00f3w Unii Europejskiej w ramach Europejskiego Funduszu Spo\u0142ecznego. Jest to szko\u0142a przeznaczona dla os\u00f3b pragn\u0105cych poszerzy\u0107 swoj\u0105 wiedz\u0119 zdobywaj\u0105c wykszta\u0142cenie \u015brednie oraz dla tych wszystkich, kt\u00f3rzy chc\u0105 uzyska\u0107 \u015bwiadectwo maturalne, umo\u017cliwiaj\u0105ce podj\u0119cie studi\u00f3w na wszystkich kierunkach. [perfectpullquote align=&#8221;full&#8221; cite=&#8221;&#8221; link=&#8221;&#8221; color=&#8221;&#8221; class=&#8221;&#8221; size=&#8221;&#8221;]Oferta [&hellip;]","og_url":"https:\/\/www.24gliwice.pl\/wiadomosci\/bezplatne-liceum-dla-doroslych-w-gliwicach-wyksztalcenie-srednie-i-matura-po-3-lub-2-latach\/","og_site_name":"24GLIWICE - Portal Gliwice | codziennie nowe informacje","article_publisher":"https:\/\/www.facebook.com\/24gliwice","article_author":"https:\/\/www.facebook.com\/marcin.fabrykowski","article_published_time":"2017-08-28T08:37:10+00:00","article_modified_time":"2017-08-28T09:42:04+00:00","og_image":[{"width":1115,"height":609,"url":"https:\/\/www.24gliwice.pl\/wiadomosci\/wp-content\/uploads\/2017\/08\/Screenshot_86.jpg","type":"image\/jpeg"}],"author":"Marcin Fabrykowski","twitter_card":"summary_large_image","twitter_creator":"@24gliwice","twitter_site":"@24gliwice","twitter_misc":{"Napisane przez":"Marcin Fabrykowski","Szacowany czas czytania":"1 minuta"},"schema":{"@context":"https:\/\/schema.org","@graph":[{"@type":"Article","@id":"https:\/\/www.24gliwice.pl\/wiadomosci\/bezplatne-liceum-dla-doroslych-w-gliwicach-wyksztalcenie-srednie-i-matura-po-3-lub-2-latach\/#article","isPartOf":{"@id":"https:\/\/www.24gliwice.pl\/wiadomosci\/bezplatne-liceum-dla-doroslych-w-gliwicach-wyksztalcenie-srednie-i-matura-po-3-lub-2-latach\/"},"author":{"name":"Marcin Fabrykowski","@id":"https:\/\/www.24gliwice.pl\/wiadomosci\/#\/schema\/person\/cb5857e4a4d048c15984c1edcc8ef0c0"},"headline":"Bezp\u0142atne liceum dla doros\u0142ych w Gliwicach. Wykszta\u0142cenie \u015brednie i matura po 3 lub 2 latach","datePublished":"2017-08-28T08:37:10+00:00","dateModified":"2017-08-28T09:42:04+00:00","mainEntityOfPage":{"@id":"https:\/\/www.24gliwice.pl\/wiadomosci\/bezplatne-liceum-dla-doroslych-w-gliwicach-wyksztalcenie-srednie-i-matura-po-3-lub-2-latach\/"},"wordCount":184,"publisher":{"@id":"https:\/\/www.24gliwice.pl\/wiadomosci\/#organization"},"image":{"@id":"https:\/\/www.24gliwice.pl\/wiadomosci\/bezplatne-liceum-dla-doroslych-w-gliwicach-wyksztalcenie-srednie-i-matura-po-3-lub-2-latach\/#primaryimage"},"thumbnailUrl":"https:\/\/www.24gliwice.pl\/wiadomosci\/wp-content\/uploads\/2017\/08\/Screenshot_86.jpg","keywords":["EDUKACJA","SZKO\u0141A","teb"],"articleSection":["Najnowsze wiadomo\u015bci","Polecamy"],"inLanguage":"pl-PL"},{"@type":"WebPage","@id":"https:\/\/www.24gliwice.pl\/wiadomosci\/bezplatne-liceum-dla-doroslych-w-gliwicach-wyksztalcenie-srednie-i-matura-po-3-lub-2-latach\/","url":"https:\/\/www.24gliwice.pl\/wiadomosci\/bezplatne-liceum-dla-doroslych-w-gliwicach-wyksztalcenie-srednie-i-matura-po-3-lub-2-latach\/","name":"Bezp\u0142atne liceum dla doros\u0142ych w Gliwicach. Wykszta\u0142cenie \u015brednie i matura po 3 lub 2 latach - 24GLIWICE - Portal Gliwice | codziennie nowe informacje","isPartOf":{"@id":"https:\/\/www.24gliwice.pl\/wiadomosci\/#website"},"primaryImageOfPage":{"@id":"https:\/\/www.24gliwice.pl\/wiadomosci\/bezplatne-liceum-dla-doroslych-w-gliwicach-wyksztalcenie-srednie-i-matura-po-3-lub-2-latach\/#primaryimage"},"image":{"@id":"https:\/\/www.24gliwice.pl\/wiadomosci\/bezplatne-liceum-dla-doroslych-w-gliwicach-wyksztalcenie-srednie-i-matura-po-3-lub-2-latach\/#primaryimage"},"thumbnailUrl":"https:\/\/www.24gliwice.pl\/wiadomosci\/wp-content\/uploads\/2017\/08\/Screenshot_86.jpg","datePublished":"2017-08-28T08:37:10+00:00","dateModified":"2017-08-28T09:42:04+00:00","breadcrumb":{"@id":"https:\/\/www.24gliwice.pl\/wiadomosci\/bezplatne-liceum-dla-doroslych-w-gliwicach-wyksztalcenie-srednie-i-matura-po-3-lub-2-latach\/#breadcrumb"},"inLanguage":"pl-PL","potentialAction":[{"@type":"ReadAction","target":["https:\/\/www.24gliwice.pl\/wiadomosci\/bezplatne-liceum-dla-doroslych-w-gliwicach-wyksztalcenie-srednie-i-matura-po-3-lub-2-latach\/"]}]},{"@type":"ImageObject","inLanguage":"pl-PL","@id":"https:\/\/www.24gliwice.pl\/wiadomosci\/bezplatne-liceum-dla-doroslych-w-gliwicach-wyksztalcenie-srednie-i-matura-po-3-lub-2-latach\/#primaryimage","url":"https:\/\/www.24gliwice.pl\/wiadomosci\/wp-content\/uploads\/2017\/08\/Screenshot_86.jpg","contentUrl":"https:\/\/www.24gliwice.pl\/wiadomosci\/wp-content\/uploads\/2017\/08\/Screenshot_86.jpg","width":1115,"height":609},{"@type":"BreadcrumbList","@id":"https:\/\/www.24gliwice.pl\/wiadomosci\/bezplatne-liceum-dla-doroslych-w-gliwicach-wyksztalcenie-srednie-i-matura-po-3-lub-2-latach\/#breadcrumb","itemListElement":[{"@type":"ListItem","position":1,"name":"Strona g\u0142\u00f3wna","item":"https:\/\/www.24gliwice.pl\/wiadomosci\/"},{"@type":"ListItem","position":2,"name":"Bezp\u0142atne liceum dla doros\u0142ych w Gliwicach. Wykszta\u0142cenie \u015brednie i matura po 3 lub 2 latach"}]},{"@type":"WebSite","@id":"https:\/\/www.24gliwice.pl\/wiadomosci\/#website","url":"https:\/\/www.24gliwice.pl\/wiadomosci\/","name":"24GLIWICE - Portal Gliwice | codziennie nowe wiadomo\u015bci","description":"Portal Miejski Gliwice","publisher":{"@id":"https:\/\/www.24gliwice.pl\/wiadomosci\/#organization"},"potentialAction":[{"@type":"SearchAction","target":{"@type":"EntryPoint","urlTemplate":"https:\/\/www.24gliwice.pl\/wiadomosci\/?s={search_term_string}"},"query-input":{"@type":"PropertyValueSpecification","valueRequired":true,"valueName":"search_term_string"}}],"inLanguage":"pl-PL"},{"@type":"Organization","@id":"https:\/\/www.24gliwice.pl\/wiadomosci\/#organization","name":"24gliwice","url":"https:\/\/www.24gliwice.pl\/wiadomosci\/","logo":{"@type":"ImageObject","inLanguage":"pl-PL","@id":"https:\/\/www.24gliwice.pl\/wiadomosci\/#\/schema\/logo\/image\/","url":"https:\/\/www.24gliwice.pl\/wiadomosci\/wp-content\/uploads\/2024\/10\/24gliwice-logo-696.jpg","contentUrl":"https:\/\/www.24gliwice.pl\/wiadomosci\/wp-content\/uploads\/2024\/10\/24gliwice-logo-696.jpg","width":696,"height":696,"caption":"24gliwice"},"image":{"@id":"https:\/\/www.24gliwice.pl\/wiadomosci\/#\/schema\/logo\/image\/"},"sameAs":["https:\/\/www.facebook.com\/24gliwice","https:\/\/x.com\/24gliwice","https:\/\/www.youtube.com\/@24gliwice"]},{"@type":"Person","@id":"https:\/\/www.24gliwice.pl\/wiadomosci\/#\/schema\/person\/cb5857e4a4d048c15984c1edcc8ef0c0","name":"Marcin Fabrykowski","image":{"@type":"ImageObject","inLanguage":"pl-PL","@id":"https:\/\/www.24gliwice.pl\/wiadomosci\/wp-content\/uploads\/2025\/11\/zdjecie-moje-marcin-300-96x96.jpg","url":"https:\/\/www.24gliwice.pl\/wiadomosci\/wp-content\/uploads\/2025\/11\/zdjecie-moje-marcin-300-96x96.jpg","contentUrl":"https:\/\/www.24gliwice.pl\/wiadomosci\/wp-content\/uploads\/2025\/11\/zdjecie-moje-marcin-300-96x96.jpg","caption":"Marcin Fabrykowski"},"sameAs":["http:\/\/24gliwice.pl","https:\/\/www.facebook.com\/marcin.fabrykowski"],"url":"https:\/\/www.24gliwice.pl\/wiadomosci\/author\/marcin-fabrykowski\/"}]}},"_links":{"self":[{"href":"https:\/\/www.24gliwice.pl\/wiadomosci\/wp-json\/wp\/v2\/posts\/103473","targetHints":{"allow":["GET"]}}],"collection":[{"href":"https:\/\/www.24gliwice.pl\/wiadomosci\/wp-json\/wp\/v2\/posts"}],"about":[{"href":"https:\/\/www.24gliwice.pl\/wiadomosci\/wp-json\/wp\/v2\/types\/post"}],"author":[{"embeddable":true,"href":"https:\/\/www.24gliwice.pl\/wiadomosci\/wp-json\/wp\/v2\/users\/4"}],"replies":[{"embeddable":true,"href":"https:\/\/www.24gliwice.pl\/wiadomosci\/wp-json\/wp\/v2\/comments?post=103473"}],"version-history":[{"count":0,"href":"https:\/\/www.24gliwice.pl\/wiadomosci\/wp-json\/wp\/v2\/posts\/103473\/revisions"}],"wp:featuredmedia":[{"embeddable":true,"href":"https:\/\/www.24gliwice.pl\/wiadomosci\/wp-json\/wp\/v2\/media\/103478"}],"wp:attachment":[{"href":"https:\/\/www.24gliwice.pl\/wiadomosci\/wp-json\/wp\/v2\/media?parent=103473"}],"wp:term":[{"taxonomy":"category","embeddable":true,"href":"https:\/\/www.24gliwice.pl\/wiadomosci\/wp-json\/wp\/v2\/categories?post=103473"},{"taxonomy":"post_tag","embeddable":true,"href":"https:\/\/www.24gliwice.pl\/wiadomosci\/wp-json\/wp\/v2\/tags?post=103473"}],"curies":[{"name":"wp","href":"https:\/\/api.w.org\/{rel}","templated":true}]}}