{"id":103521,"date":"2017-08-30T02:12:40","date_gmt":"2017-08-30T00:12:40","guid":{"rendered":"http:\/\/www.24gliwice.pl\/wiadomosci\/?p=103521"},"modified":"2017-09-01T12:22:36","modified_gmt":"2017-09-01T10:22:36","slug":"mniej-czy-wiecej-samochodow-w-centrum-dzieki-dts-konkretne-dane-nie-pozostawiaja-watpliwosci","status":"publish","type":"post","link":"https:\/\/www.24gliwice.pl\/wiadomosci\/mniej-czy-wiecej-samochodow-w-centrum-dzieki-dts-konkretne-dane-nie-pozostawiaja-watpliwosci\/","title":{"rendered":"Mniej czy wi\u0119cej samochod\u00f3w w centrum dzi\u0119ki DT\u015a? Konkretne dane nie pozostawiaj\u0105 w\u0105tpliwo\u015bci"},"content":{"rendered":"<div class=\"gliwi-a6-nad-leadem-artykulow gliwi-entity-placement\" id=\"gliwi-1941434135\"><div class=\"gliwi-adlabel\"><span style=\"font-size: 9px\">REKLAMA<\/span><\/div><div id=\"gliwi-3973098395\" style=\"margin-bottom: 25px;margin-left: auto;margin-right: auto;text-align: center;\"><a data-no-instant=\"1\" href=\"https:\/\/dom100.eu\/\" rel=\"noopener\" class=\"a2t-link\" target=\"_blank\" aria-label=\"20260415 DOM100 D\"><img loading=\"lazy\" decoding=\"async\" src=\"https:\/\/www.24gliwice.pl\/wiadomosci\/wp-content\/uploads\/2026\/04\/20260415-DOM100-D.jpg\" alt=\"\"  srcset=\"https:\/\/www.24gliwice.pl\/wiadomosci\/wp-content\/uploads\/2026\/04\/20260415-DOM100-D.jpg 750w, https:\/\/www.24gliwice.pl\/wiadomosci\/wp-content\/uploads\/2026\/04\/20260415-DOM100-D-410x109.jpg 410w\" sizes=\"(max-width: 750px) 100vw, 750px\" class=\"no-lazyload\" width=\"750\" height=\"200\"  style=\"display: inline-block; max-width: 100%; height: auto;\" \/><\/a><\/div><\/div><h3>To by\u0142a g\u0142\u00f3wna ko\u015b\u0107 niezgody mi\u0119dzy zwolennikami i przeciwnikami budowy \u015brednic\u00f3wki przez centrum Gliwic. Sprawdzamy czy dzi\u0119ki otwarciu Drogowej Trasy \u015arednicowej na g\u0142\u00f3wnych ulicach miasta ruch samochod\u00f3w jest mniejszy.<\/h3>\n<p>Kluczow\u0105 kwesti\u0105, kt\u00f3ra mia\u0142a zosta\u0107 osi\u0105gni\u0119ta dzi\u0119ki DT\u015a by\u0142o udro\u017cnienie w godzinach szczytu g\u0142\u00f3wnych wylot\u00f3wek z miasta oraz ulic w samym jego centrum.<\/p>\n<p>&#8211; Je\u017celi spojrzymy na map\u0119 miasta i zaznaczymy wszystkie strumyczki samochod\u00f3w, to wida\u0107, \u017ce po uruchomieniu DT\u015a stan\u0105 si\u0119 one cie\u0144sze, a g\u0142\u00f3wny ruch skierowany zostanie w\u0142a\u015bnie na DT\u015a. Zamiast wzrostu, ruch b\u0119dzie inaczej roz\u0142o\u017cony &#8211; m\u00f3wi\u0142 w rozmowie z nami, w styczniu 2016 roku <strong>Andrzej Karasi\u0144ski<\/strong>, sekretarz miasta.<\/p><div class=\"gliwi-a3-w-tresci-artykulow gliwi-entity-placement\" id=\"gliwi-3313941691\"><div class=\"gliwi-adlabel\"><span style=\"font-size: 9px\">REKLAMA<\/span><\/div><div id=\"gliwi-3628353896\" style=\"margin-bottom: 30px;margin-left: auto;margin-right: auto;text-align: center;\"><a data-no-instant=\"1\" href=\"https:\/\/zlobek.halogen.org.pl\/\" rel=\"noopener\" class=\"a2t-link\" target=\"_blank\" aria-label=\"animator-zlobek_750x200\"><img loading=\"lazy\" decoding=\"async\" src=\"https:\/\/www.24gliwice.pl\/wiadomosci\/wp-content\/uploads\/2026\/02\/animator-zlobek_750x200.webp\" alt=\"\"  srcset=\"https:\/\/www.24gliwice.pl\/wiadomosci\/wp-content\/uploads\/2026\/02\/animator-zlobek_750x200.webp 750w, https:\/\/www.24gliwice.pl\/wiadomosci\/wp-content\/uploads\/2026\/02\/animator-zlobek_750x200-410x109.webp 410w\" sizes=\"(max-width: 750px) 100vw, 750px\" class=\"no-lazyload\" width=\"750\" height=\"200\"  style=\"display: inline-block; max-width: 100%; height: auto;\" \/><\/a><\/div><\/div>\n<h4>WI\u0118CEJ AUT OMIJA CENTRUM<\/h4>\n<p>Po kilkunast miesi\u0105cach od oddania inwestycji kierowcom (marzec 2016), wydaje si\u0119, \u017ce przypuszczenia przedstawicieli Magistratu nie by\u0142y bezpodstawne. Wed\u0142ug danych Zarz\u0105du Dr\u00f3g Miejskich w Gliwicach, na <strong>ul. Strzody<\/strong> (kierunek od ul. Zwyci\u0119stwa) w czerwcu 2015 roku zanotowano 211 tysi\u0119cy pojazd\u00f3w. Rok p\u00f3\u017aniej, czyli ju\u017c po otwarciu DT\u015a &#8211; 151 tysi\u0119cy, a w czerwcu bie\u017c\u0105cego roku 143 tysi\u0119cy. W przeci\u0105gu dw\u00f3ch lat nast\u0105pi\u0142 wi\u0119c spadek o blisko 70 tysi\u0119cy.<\/p>\n<p>Mniej kierowc\u00f3w przemieszcza si\u0119 tak\u017ce <strong>ul. Dworcow\u0105<\/strong> (w kierunku od Placu Piast\u00f3w). W czerwcu 2015 roku odnotowano a\u017c 610 tysi\u0119cy pojazd\u00f3w, w 2016 roku 524 tysi\u0119cy, a w tym roku 538 tysi\u0119cy.<\/p>\n<p>Co ciekawe, podobna, malej\u0105ca prawid\u0142owo\u015b\u0107 nie jest og\u00f3ln\u0105 tendencj\u0105 na gliwickich drogach. Na niekt\u00f3rych ulicach samochod\u00f3w nawet przyby\u0142o. Sta\u0142o si\u0119 tak m.in. na <strong>ul. Toszeckiej<\/strong>, kt\u00f3r\u0105 w kierunku centrum przed otwarciem DT\u015a podr\u00f3\u017cowa\u0142o 207 tysi\u0119cy kierowc\u00f3w, a w tym roku ju\u017c 235 tysi\u0119cy. Trudno jednak wskaza\u0107 bezpo\u015bredni walor komunikacyjny DT\u015a dla poruszania si\u0119 Toszeck\u0105.<\/p>\n<p>DT\u015a nie wp\u0142yn\u0119\u0142a znacz\u0105co na jako\u015b\u0107 jazdy <strong>ul. Rybnick\u0105<\/strong>. Tutaj w przeci\u0105gu dw\u00f3ch lat ruch samochod\u00f3w zmniejszy\u0142 si\u0119 jedynie o 7 tysi\u0119cy pojazd\u00f3w z 241 tysi\u0119cy do 233 tysi\u0119cy.<\/p>\n<p>Uk\u0142ad komunikacyjny pozwalaj\u0105cy na \u0142atwe wydostanie si\u0119 DT\u015a w kierunku w\u0119z\u0142a autostradowego da\u0142 za to pozytywny bodziec na <strong>ul. Pszczy\u0144skiej<\/strong>. [perfectpullquote align=&#8221;full&#8221; cite=&#8221;&#8221; link=&#8221;&#8221; color=&#8221;&#8221; class=&#8221;&#8221; size=&#8221;&#8221;]W pa\u017adzierniku 2014 roku kierowc\u00f3w jad\u0105cych ul. Pszczy\u0144sk\u0105 w kierunku autostrady odnotowano 370 tysi\u0119cy. W tym samym miesi\u0105cu 2016 roku ju\u017c tylko 240 tysi\u0119cy.[\/perfectpullquote]\n<p>Podobna tendencja utrzymywa\u0142a si\u0119 tak\u017ce w pozosta\u0142ych okresach roku. Przyk\u0142adowo w maju 2014 roku odnotowano na wje\u017adzie do miasta 330 tysi\u0119cy pojazd\u00f3w, w maju 2016 roku 250 tysi\u0119cy, a w 2017 roku 235 tysi\u0119cy pojazd\u00f3w. W obu przypadkach nast\u0105pi\u0142o wi\u0119c gwa\u0142towne zmniejszenie ruchu.<\/p>\n<p>Jego koncentracja nast\u0119puje natomiast na \u015brednic\u00f3wce. Wed\u0142ug danych publikowanych przez Magistrat ka\u017cdego dnia <strong>tunelem DT\u015a<\/strong> przeje\u017cd\u017ca oko\u0142o 30 tys. samochod\u00f3w, co w skali miesi\u0105ca daje grubo ponad 600 tysi\u0119cy pojazd\u00f3w (wy\u0142\u0105czaj\u0105c weekendy).<\/p>\n<h4>W GLIWICACH JEDNO AUTO NA G\u0141OW\u0118 TO MA\u0141O<\/h4>\n<p>Komentuj\u0105c wska\u017aniki, przedstawiciele gliwickiego ZDM przytaczaj\u0105 jeszcze jedn\u0105 statystyk\u0119 &#8211; dane dotycz\u0105ce ilo\u015bci zarejestrowanych samochod\u00f3w w naszym mie\u015bcie.<\/p>\n<blockquote><p>&#8211; Pod koniec grudnia 2009 roku w Gliwicach zarejestrowanych by\u0142o og\u00f3\u0142em 104.143 samochod\u00f3w, w tym samym okresie w 2016 roku tych aut by\u0142o ju\u017c 147.161<\/p><\/blockquote>\n<p>&#8211; informuje <strong>Jadwiga Jagie\u0142\u0142o-Stiborska<\/strong>, rzecznik prasowy ZDM.<\/p>\n<p>Te liczby oznaczaj\u0105, \u017ce na terenie miasta przypada ponad 600 samochod\u00f3w na 1000 mieszka\u0144c\u00f3w. W zale\u017cno\u015bci od rankingu to pierwsze lub drugie &#8211; zaraz po Warszawie &#8211; miejsce w Polsce. \u0141atwo wi\u0119c zauwa\u017cy\u0107, \u017ce problemy komunikacyjne (i \u015brodowiskowe, bo najwi\u0119cej zarejestrowanych w mie\u015bcie aut znajduje si\u0119 w przedziale wiekowym 10-15 lat) jeszcze przez d\u0142ugie lata b\u0119d\u0105 jednymi z g\u0142\u00f3wnych wyzwa\u0144 stoj\u0105cych przed gliwickimi decydentami. Zw\u0142aszcza w dobie podejmowania coraz \u015bmielszych pr\u00f3b wyprowadzania samochod\u00f3w z centr\u00f3w miast. Warto zauwa\u017cy\u0107, \u017ce w Gliwicach, jak i w innych du\u017cych miastach Polski wska\u017aniki nat\u0119\u017cenia ruchu systematycznie rosn\u0105. W wielu miastach Europy Zachodniej jest wr\u0119cz odwrotnie. Dla przyk\u0142adu w Berlinie na 1000 mieszka\u0144c\u00f3w przypada 320 aut, w Wiedniu 390, a we Frankfurcie 440.<\/p>\n<p><strong>Micha\u0142 Szewczyk<\/strong><\/p>\n<div class=\"gliwi-a5-na-koncu-artykulow gliwi-entity-placement\" id=\"gliwi-3796898472\"><div class=\"gliwi-adlabel\"><span style=\"font-size: 9px\">REKLAMA<\/span><\/div><div id=\"gliwi-3472285617\" style=\"margin-left: auto;margin-right: auto;text-align: center;\"><a data-no-instant=\"1\" href=\"https:\/\/prezeroarenagliwice.pl\/\" rel=\"noopener\" class=\"a2t-link\" target=\"_blank\" aria-label=\"20260309-PREZERO-WIOSNA-D\"><img loading=\"lazy\" decoding=\"async\" src=\"https:\/\/www.24gliwice.pl\/wiadomosci\/wp-content\/uploads\/2026\/03\/20260309-PREZERO-WIOSNA-D.webp\" alt=\"\"  srcset=\"https:\/\/www.24gliwice.pl\/wiadomosci\/wp-content\/uploads\/2026\/03\/20260309-PREZERO-WIOSNA-D.webp 750w, https:\/\/www.24gliwice.pl\/wiadomosci\/wp-content\/uploads\/2026\/03\/20260309-PREZERO-WIOSNA-D-410x109.webp 410w\" sizes=\"(max-width: 750px) 100vw, 750px\" class=\"no-lazyload\" width=\"750\" height=\"200\"  style=\"display: inline-block; max-width: 100%; height: auto;\" \/><\/a><\/div><\/div>","protected":false},"excerpt":{"rendered":"<p>To by\u0142a g\u0142\u00f3wna ko\u015b\u0107 niezgody mi\u0119dzy zwolennikami i przeciwnikami budowy \u015brednic\u00f3wki przez centrum Gliwic. Sprawdzamy czy dzi\u0119ki otwarciu Drogowej Trasy \u015arednicowej na g\u0142\u00f3wnych ulicach miasta ruch samochod\u00f3w jest mniejszy. Kluczow\u0105 kwesti\u0105, kt\u00f3ra mia\u0142a zosta\u0107 osi\u0105gni\u0119ta dzi\u0119ki DT\u015a by\u0142o udro\u017cnienie w godzinach szczytu g\u0142\u00f3wnych wylot\u00f3wek z miasta oraz ulic w samym jego centrum. &#8211; Je\u017celi spojrzymy [&hellip;]<\/p>\n","protected":false},"author":12,"featured_media":103569,"comment_status":"open","ping_status":"closed","sticky":false,"template":"","format":"standard","meta":{"_monsterinsights_skip_tracking":false,"_monsterinsights_sitenote_active":false,"_monsterinsights_sitenote_note":"","_monsterinsights_sitenote_category":0,"footnotes":"","_links_to":"","_links_to_target":""},"categories":[3,1,9],"tags":[241,240],"class_list":["post-103521","post","type-post","status-publish","format-standard","has-post-thumbnail","hentry","category-gliwice","category-wszystko","category-aktualnosci_lokalne","tag-drogowa-trasa-srednicowa","tag-dts-gliwice"],"yoast_head":"<!-- This site is optimized with the Yoast SEO plugin v27.5 - https:\/\/yoast.com\/product\/yoast-seo-wordpress\/ -->\n<title>Mniej czy wi\u0119cej samochod\u00f3w w centrum dzi\u0119ki DT\u015a? Konkretne dane nie pozostawiaj\u0105 w\u0105tpliwo\u015bci - 24GLIWICE - Portal Gliwice | codziennie nowe informacje<\/title>\n<meta name=\"robots\" content=\"index, follow, max-snippet:-1, max-image-preview:large, max-video-preview:-1\" \/>\n<link rel=\"canonical\" href=\"https:\/\/www.24gliwice.pl\/wiadomosci\/mniej-czy-wiecej-samochodow-w-centrum-dzieki-dts-konkretne-dane-nie-pozostawiaja-watpliwosci\/\" \/>\n<meta property=\"og:locale\" content=\"pl_PL\" \/>\n<meta property=\"og:type\" content=\"article\" \/>\n<meta property=\"og:title\" content=\"Mniej czy wi\u0119cej samochod\u00f3w w centrum dzi\u0119ki DT\u015a? Konkretne dane nie pozostawiaj\u0105 w\u0105tpliwo\u015bci - 24GLIWICE - Portal Gliwice | codziennie nowe informacje\" \/>\n<meta property=\"og:description\" content=\"To by\u0142a g\u0142\u00f3wna ko\u015b\u0107 niezgody mi\u0119dzy zwolennikami i przeciwnikami budowy \u015brednic\u00f3wki przez centrum Gliwic. Sprawdzamy czy dzi\u0119ki otwarciu Drogowej Trasy \u015arednicowej na g\u0142\u00f3wnych ulicach miasta ruch samochod\u00f3w jest mniejszy. Kluczow\u0105 kwesti\u0105, kt\u00f3ra mia\u0142a zosta\u0107 osi\u0105gni\u0119ta dzi\u0119ki DT\u015a by\u0142o udro\u017cnienie w godzinach szczytu g\u0142\u00f3wnych wylot\u00f3wek z miasta oraz ulic w samym jego centrum. &#8211; Je\u017celi spojrzymy [&hellip;]\" \/>\n<meta property=\"og:url\" content=\"https:\/\/www.24gliwice.pl\/wiadomosci\/mniej-czy-wiecej-samochodow-w-centrum-dzieki-dts-konkretne-dane-nie-pozostawiaja-watpliwosci\/\" \/>\n<meta property=\"og:site_name\" content=\"24GLIWICE - Portal Gliwice | codziennie nowe informacje\" \/>\n<meta property=\"article:publisher\" content=\"https:\/\/www.facebook.com\/24gliwice\" \/>\n<meta property=\"article:published_time\" content=\"2017-08-30T00:12:40+00:00\" \/>\n<meta property=\"article:modified_time\" content=\"2017-09-01T10:22:36+00:00\" \/>\n<meta property=\"og:image\" content=\"https:\/\/www.24gliwice.pl\/wiadomosci\/wp-content\/uploads\/2017\/08\/1-dts-e1509104473474.jpg\" \/>\n\t<meta property=\"og:image:width\" content=\"810\" \/>\n\t<meta property=\"og:image:height\" content=\"457\" \/>\n\t<meta property=\"og:image:type\" content=\"image\/jpeg\" \/>\n<meta name=\"author\" content=\"Micha\u0142 Szewczyk\" \/>\n<meta name=\"twitter:card\" content=\"summary_large_image\" \/>\n<meta name=\"twitter:creator\" content=\"@24gliwice\" \/>\n<meta name=\"twitter:site\" content=\"@24gliwice\" \/>\n<meta name=\"twitter:label1\" content=\"Napisane przez\" \/>\n\t<meta name=\"twitter:data1\" content=\"Micha\u0142 Szewczyk\" \/>\n\t<meta name=\"twitter:label2\" content=\"Szacowany czas czytania\" \/>\n\t<meta name=\"twitter:data2\" content=\"4 minuty\" \/>\n<script type=\"application\/ld+json\" class=\"yoast-schema-graph\">{\"@context\":\"https:\\\/\\\/schema.org\",\"@graph\":[{\"@type\":\"Article\",\"@id\":\"https:\\\/\\\/www.24gliwice.pl\\\/wiadomosci\\\/mniej-czy-wiecej-samochodow-w-centrum-dzieki-dts-konkretne-dane-nie-pozostawiaja-watpliwosci\\\/#article\",\"isPartOf\":{\"@id\":\"https:\\\/\\\/www.24gliwice.pl\\\/wiadomosci\\\/mniej-czy-wiecej-samochodow-w-centrum-dzieki-dts-konkretne-dane-nie-pozostawiaja-watpliwosci\\\/\"},\"author\":{\"name\":\"Micha\u0142 Szewczyk\",\"@id\":\"https:\\\/\\\/www.24gliwice.pl\\\/wiadomosci\\\/#\\\/schema\\\/person\\\/940e8f8a097e322de4f463f061ef8d45\"},\"headline\":\"Mniej czy wi\u0119cej samochod\u00f3w w centrum dzi\u0119ki DT\u015a? Konkretne dane nie pozostawiaj\u0105 w\u0105tpliwo\u015bci\",\"datePublished\":\"2017-08-30T00:12:40+00:00\",\"dateModified\":\"2017-09-01T10:22:36+00:00\",\"mainEntityOfPage\":{\"@id\":\"https:\\\/\\\/www.24gliwice.pl\\\/wiadomosci\\\/mniej-czy-wiecej-samochodow-w-centrum-dzieki-dts-konkretne-dane-nie-pozostawiaja-watpliwosci\\\/\"},\"wordCount\":727,\"commentCount\":0,\"publisher\":{\"@id\":\"https:\\\/\\\/www.24gliwice.pl\\\/wiadomosci\\\/#organization\"},\"image\":{\"@id\":\"https:\\\/\\\/www.24gliwice.pl\\\/wiadomosci\\\/mniej-czy-wiecej-samochodow-w-centrum-dzieki-dts-konkretne-dane-nie-pozostawiaja-watpliwosci\\\/#primaryimage\"},\"thumbnailUrl\":\"https:\\\/\\\/www.24gliwice.pl\\\/wiadomosci\\\/wp-content\\\/uploads\\\/2017\\\/08\\\/1-dts-e1509104473474.jpg\",\"keywords\":[\"DROGOWA TRASA \u015aREDNICOWA\",\"DT\u015a Gliwice\"],\"articleSection\":[\"Gliwice\",\"Najnowsze wiadomo\u015bci\",\"Portal Gliwice - Wiadomo\u015bci lokalne\"],\"inLanguage\":\"pl-PL\",\"potentialAction\":[{\"@type\":\"CommentAction\",\"name\":\"Comment\",\"target\":[\"https:\\\/\\\/www.24gliwice.pl\\\/wiadomosci\\\/mniej-czy-wiecej-samochodow-w-centrum-dzieki-dts-konkretne-dane-nie-pozostawiaja-watpliwosci\\\/#respond\"]}]},{\"@type\":\"WebPage\",\"@id\":\"https:\\\/\\\/www.24gliwice.pl\\\/wiadomosci\\\/mniej-czy-wiecej-samochodow-w-centrum-dzieki-dts-konkretne-dane-nie-pozostawiaja-watpliwosci\\\/\",\"url\":\"https:\\\/\\\/www.24gliwice.pl\\\/wiadomosci\\\/mniej-czy-wiecej-samochodow-w-centrum-dzieki-dts-konkretne-dane-nie-pozostawiaja-watpliwosci\\\/\",\"name\":\"Mniej czy wi\u0119cej samochod\u00f3w w centrum dzi\u0119ki DT\u015a? Konkretne dane nie pozostawiaj\u0105 w\u0105tpliwo\u015bci - 24GLIWICE - Portal Gliwice | codziennie nowe informacje\",\"isPartOf\":{\"@id\":\"https:\\\/\\\/www.24gliwice.pl\\\/wiadomosci\\\/#website\"},\"primaryImageOfPage\":{\"@id\":\"https:\\\/\\\/www.24gliwice.pl\\\/wiadomosci\\\/mniej-czy-wiecej-samochodow-w-centrum-dzieki-dts-konkretne-dane-nie-pozostawiaja-watpliwosci\\\/#primaryimage\"},\"image\":{\"@id\":\"https:\\\/\\\/www.24gliwice.pl\\\/wiadomosci\\\/mniej-czy-wiecej-samochodow-w-centrum-dzieki-dts-konkretne-dane-nie-pozostawiaja-watpliwosci\\\/#primaryimage\"},\"thumbnailUrl\":\"https:\\\/\\\/www.24gliwice.pl\\\/wiadomosci\\\/wp-content\\\/uploads\\\/2017\\\/08\\\/1-dts-e1509104473474.jpg\",\"datePublished\":\"2017-08-30T00:12:40+00:00\",\"dateModified\":\"2017-09-01T10:22:36+00:00\",\"breadcrumb\":{\"@id\":\"https:\\\/\\\/www.24gliwice.pl\\\/wiadomosci\\\/mniej-czy-wiecej-samochodow-w-centrum-dzieki-dts-konkretne-dane-nie-pozostawiaja-watpliwosci\\\/#breadcrumb\"},\"inLanguage\":\"pl-PL\",\"potentialAction\":[{\"@type\":\"ReadAction\",\"target\":[\"https:\\\/\\\/www.24gliwice.pl\\\/wiadomosci\\\/mniej-czy-wiecej-samochodow-w-centrum-dzieki-dts-konkretne-dane-nie-pozostawiaja-watpliwosci\\\/\"]}]},{\"@type\":\"ImageObject\",\"inLanguage\":\"pl-PL\",\"@id\":\"https:\\\/\\\/www.24gliwice.pl\\\/wiadomosci\\\/mniej-czy-wiecej-samochodow-w-centrum-dzieki-dts-konkretne-dane-nie-pozostawiaja-watpliwosci\\\/#primaryimage\",\"url\":\"https:\\\/\\\/www.24gliwice.pl\\\/wiadomosci\\\/wp-content\\\/uploads\\\/2017\\\/08\\\/1-dts-e1509104473474.jpg\",\"contentUrl\":\"https:\\\/\\\/www.24gliwice.pl\\\/wiadomosci\\\/wp-content\\\/uploads\\\/2017\\\/08\\\/1-dts-e1509104473474.jpg\",\"width\":810,\"height\":457},{\"@type\":\"BreadcrumbList\",\"@id\":\"https:\\\/\\\/www.24gliwice.pl\\\/wiadomosci\\\/mniej-czy-wiecej-samochodow-w-centrum-dzieki-dts-konkretne-dane-nie-pozostawiaja-watpliwosci\\\/#breadcrumb\",\"itemListElement\":[{\"@type\":\"ListItem\",\"position\":1,\"name\":\"Strona g\u0142\u00f3wna\",\"item\":\"https:\\\/\\\/www.24gliwice.pl\\\/wiadomosci\\\/\"},{\"@type\":\"ListItem\",\"position\":2,\"name\":\"Mniej czy wi\u0119cej samochod\u00f3w w centrum dzi\u0119ki DT\u015a? Konkretne dane nie pozostawiaj\u0105 w\u0105tpliwo\u015bci\"}]},{\"@type\":\"WebSite\",\"@id\":\"https:\\\/\\\/www.24gliwice.pl\\\/wiadomosci\\\/#website\",\"url\":\"https:\\\/\\\/www.24gliwice.pl\\\/wiadomosci\\\/\",\"name\":\"24GLIWICE - Portal Gliwice | codziennie nowe wiadomo\u015bci\",\"description\":\"Portal Miejski Gliwice\",\"publisher\":{\"@id\":\"https:\\\/\\\/www.24gliwice.pl\\\/wiadomosci\\\/#organization\"},\"potentialAction\":[{\"@type\":\"SearchAction\",\"target\":{\"@type\":\"EntryPoint\",\"urlTemplate\":\"https:\\\/\\\/www.24gliwice.pl\\\/wiadomosci\\\/?s={search_term_string}\"},\"query-input\":{\"@type\":\"PropertyValueSpecification\",\"valueRequired\":true,\"valueName\":\"search_term_string\"}}],\"inLanguage\":\"pl-PL\"},{\"@type\":\"Organization\",\"@id\":\"https:\\\/\\\/www.24gliwice.pl\\\/wiadomosci\\\/#organization\",\"name\":\"24gliwice\",\"url\":\"https:\\\/\\\/www.24gliwice.pl\\\/wiadomosci\\\/\",\"logo\":{\"@type\":\"ImageObject\",\"inLanguage\":\"pl-PL\",\"@id\":\"https:\\\/\\\/www.24gliwice.pl\\\/wiadomosci\\\/#\\\/schema\\\/logo\\\/image\\\/\",\"url\":\"https:\\\/\\\/www.24gliwice.pl\\\/wiadomosci\\\/wp-content\\\/uploads\\\/2024\\\/10\\\/24gliwice-logo-696.jpg\",\"contentUrl\":\"https:\\\/\\\/www.24gliwice.pl\\\/wiadomosci\\\/wp-content\\\/uploads\\\/2024\\\/10\\\/24gliwice-logo-696.jpg\",\"width\":696,\"height\":696,\"caption\":\"24gliwice\"},\"image\":{\"@id\":\"https:\\\/\\\/www.24gliwice.pl\\\/wiadomosci\\\/#\\\/schema\\\/logo\\\/image\\\/\"},\"sameAs\":[\"https:\\\/\\\/www.facebook.com\\\/24gliwice\",\"https:\\\/\\\/x.com\\\/24gliwice\",\"https:\\\/\\\/www.youtube.com\\\/@24gliwice\"]},{\"@type\":\"Person\",\"@id\":\"https:\\\/\\\/www.24gliwice.pl\\\/wiadomosci\\\/#\\\/schema\\\/person\\\/940e8f8a097e322de4f463f061ef8d45\",\"name\":\"Micha\u0142 Szewczyk\",\"image\":{\"@type\":\"ImageObject\",\"inLanguage\":\"pl-PL\",\"@id\":\"https:\\\/\\\/secure.gravatar.com\\\/avatar\\\/771b8b6c74cd8d255e46392d605e01a86133900ef09b6ef3c8d451c9d92288cf?s=96&d=mm&r=g\",\"url\":\"https:\\\/\\\/secure.gravatar.com\\\/avatar\\\/771b8b6c74cd8d255e46392d605e01a86133900ef09b6ef3c8d451c9d92288cf?s=96&d=mm&r=g\",\"contentUrl\":\"https:\\\/\\\/secure.gravatar.com\\\/avatar\\\/771b8b6c74cd8d255e46392d605e01a86133900ef09b6ef3c8d451c9d92288cf?s=96&d=mm&r=g\",\"caption\":\"Micha\u0142 Szewczyk\"},\"sameAs\":[\"http:\\\/\\\/www.gazeta-miejska.pl\"],\"url\":\"https:\\\/\\\/www.24gliwice.pl\\\/wiadomosci\\\/author\\\/michal-szewczyk\\\/\"}]}<\/script>\n<!-- \/ Yoast SEO plugin. -->","yoast_head_json":{"title":"Mniej czy wi\u0119cej samochod\u00f3w w centrum dzi\u0119ki DT\u015a? Konkretne dane nie pozostawiaj\u0105 w\u0105tpliwo\u015bci - 24GLIWICE - Portal Gliwice | codziennie nowe informacje","robots":{"index":"index","follow":"follow","max-snippet":"max-snippet:-1","max-image-preview":"max-image-preview:large","max-video-preview":"max-video-preview:-1"},"canonical":"https:\/\/www.24gliwice.pl\/wiadomosci\/mniej-czy-wiecej-samochodow-w-centrum-dzieki-dts-konkretne-dane-nie-pozostawiaja-watpliwosci\/","og_locale":"pl_PL","og_type":"article","og_title":"Mniej czy wi\u0119cej samochod\u00f3w w centrum dzi\u0119ki DT\u015a? Konkretne dane nie pozostawiaj\u0105 w\u0105tpliwo\u015bci - 24GLIWICE - Portal Gliwice | codziennie nowe informacje","og_description":"To by\u0142a g\u0142\u00f3wna ko\u015b\u0107 niezgody mi\u0119dzy zwolennikami i przeciwnikami budowy \u015brednic\u00f3wki przez centrum Gliwic. Sprawdzamy czy dzi\u0119ki otwarciu Drogowej Trasy \u015arednicowej na g\u0142\u00f3wnych ulicach miasta ruch samochod\u00f3w jest mniejszy. Kluczow\u0105 kwesti\u0105, kt\u00f3ra mia\u0142a zosta\u0107 osi\u0105gni\u0119ta dzi\u0119ki DT\u015a by\u0142o udro\u017cnienie w godzinach szczytu g\u0142\u00f3wnych wylot\u00f3wek z miasta oraz ulic w samym jego centrum. &#8211; Je\u017celi spojrzymy [&hellip;]","og_url":"https:\/\/www.24gliwice.pl\/wiadomosci\/mniej-czy-wiecej-samochodow-w-centrum-dzieki-dts-konkretne-dane-nie-pozostawiaja-watpliwosci\/","og_site_name":"24GLIWICE - Portal Gliwice | codziennie nowe informacje","article_publisher":"https:\/\/www.facebook.com\/24gliwice","article_published_time":"2017-08-30T00:12:40+00:00","article_modified_time":"2017-09-01T10:22:36+00:00","og_image":[{"width":810,"height":457,"url":"https:\/\/www.24gliwice.pl\/wiadomosci\/wp-content\/uploads\/2017\/08\/1-dts-e1509104473474.jpg","type":"image\/jpeg"}],"author":"Micha\u0142 Szewczyk","twitter_card":"summary_large_image","twitter_creator":"@24gliwice","twitter_site":"@24gliwice","twitter_misc":{"Napisane przez":"Micha\u0142 Szewczyk","Szacowany czas czytania":"4 minuty"},"schema":{"@context":"https:\/\/schema.org","@graph":[{"@type":"Article","@id":"https:\/\/www.24gliwice.pl\/wiadomosci\/mniej-czy-wiecej-samochodow-w-centrum-dzieki-dts-konkretne-dane-nie-pozostawiaja-watpliwosci\/#article","isPartOf":{"@id":"https:\/\/www.24gliwice.pl\/wiadomosci\/mniej-czy-wiecej-samochodow-w-centrum-dzieki-dts-konkretne-dane-nie-pozostawiaja-watpliwosci\/"},"author":{"name":"Micha\u0142 Szewczyk","@id":"https:\/\/www.24gliwice.pl\/wiadomosci\/#\/schema\/person\/940e8f8a097e322de4f463f061ef8d45"},"headline":"Mniej czy wi\u0119cej samochod\u00f3w w centrum dzi\u0119ki DT\u015a? Konkretne dane nie pozostawiaj\u0105 w\u0105tpliwo\u015bci","datePublished":"2017-08-30T00:12:40+00:00","dateModified":"2017-09-01T10:22:36+00:00","mainEntityOfPage":{"@id":"https:\/\/www.24gliwice.pl\/wiadomosci\/mniej-czy-wiecej-samochodow-w-centrum-dzieki-dts-konkretne-dane-nie-pozostawiaja-watpliwosci\/"},"wordCount":727,"commentCount":0,"publisher":{"@id":"https:\/\/www.24gliwice.pl\/wiadomosci\/#organization"},"image":{"@id":"https:\/\/www.24gliwice.pl\/wiadomosci\/mniej-czy-wiecej-samochodow-w-centrum-dzieki-dts-konkretne-dane-nie-pozostawiaja-watpliwosci\/#primaryimage"},"thumbnailUrl":"https:\/\/www.24gliwice.pl\/wiadomosci\/wp-content\/uploads\/2017\/08\/1-dts-e1509104473474.jpg","keywords":["DROGOWA TRASA \u015aREDNICOWA","DT\u015a Gliwice"],"articleSection":["Gliwice","Najnowsze wiadomo\u015bci","Portal Gliwice - Wiadomo\u015bci lokalne"],"inLanguage":"pl-PL","potentialAction":[{"@type":"CommentAction","name":"Comment","target":["https:\/\/www.24gliwice.pl\/wiadomosci\/mniej-czy-wiecej-samochodow-w-centrum-dzieki-dts-konkretne-dane-nie-pozostawiaja-watpliwosci\/#respond"]}]},{"@type":"WebPage","@id":"https:\/\/www.24gliwice.pl\/wiadomosci\/mniej-czy-wiecej-samochodow-w-centrum-dzieki-dts-konkretne-dane-nie-pozostawiaja-watpliwosci\/","url":"https:\/\/www.24gliwice.pl\/wiadomosci\/mniej-czy-wiecej-samochodow-w-centrum-dzieki-dts-konkretne-dane-nie-pozostawiaja-watpliwosci\/","name":"Mniej czy wi\u0119cej samochod\u00f3w w centrum dzi\u0119ki DT\u015a? Konkretne dane nie pozostawiaj\u0105 w\u0105tpliwo\u015bci - 24GLIWICE - Portal Gliwice | codziennie nowe informacje","isPartOf":{"@id":"https:\/\/www.24gliwice.pl\/wiadomosci\/#website"},"primaryImageOfPage":{"@id":"https:\/\/www.24gliwice.pl\/wiadomosci\/mniej-czy-wiecej-samochodow-w-centrum-dzieki-dts-konkretne-dane-nie-pozostawiaja-watpliwosci\/#primaryimage"},"image":{"@id":"https:\/\/www.24gliwice.pl\/wiadomosci\/mniej-czy-wiecej-samochodow-w-centrum-dzieki-dts-konkretne-dane-nie-pozostawiaja-watpliwosci\/#primaryimage"},"thumbnailUrl":"https:\/\/www.24gliwice.pl\/wiadomosci\/wp-content\/uploads\/2017\/08\/1-dts-e1509104473474.jpg","datePublished":"2017-08-30T00:12:40+00:00","dateModified":"2017-09-01T10:22:36+00:00","breadcrumb":{"@id":"https:\/\/www.24gliwice.pl\/wiadomosci\/mniej-czy-wiecej-samochodow-w-centrum-dzieki-dts-konkretne-dane-nie-pozostawiaja-watpliwosci\/#breadcrumb"},"inLanguage":"pl-PL","potentialAction":[{"@type":"ReadAction","target":["https:\/\/www.24gliwice.pl\/wiadomosci\/mniej-czy-wiecej-samochodow-w-centrum-dzieki-dts-konkretne-dane-nie-pozostawiaja-watpliwosci\/"]}]},{"@type":"ImageObject","inLanguage":"pl-PL","@id":"https:\/\/www.24gliwice.pl\/wiadomosci\/mniej-czy-wiecej-samochodow-w-centrum-dzieki-dts-konkretne-dane-nie-pozostawiaja-watpliwosci\/#primaryimage","url":"https:\/\/www.24gliwice.pl\/wiadomosci\/wp-content\/uploads\/2017\/08\/1-dts-e1509104473474.jpg","contentUrl":"https:\/\/www.24gliwice.pl\/wiadomosci\/wp-content\/uploads\/2017\/08\/1-dts-e1509104473474.jpg","width":810,"height":457},{"@type":"BreadcrumbList","@id":"https:\/\/www.24gliwice.pl\/wiadomosci\/mniej-czy-wiecej-samochodow-w-centrum-dzieki-dts-konkretne-dane-nie-pozostawiaja-watpliwosci\/#breadcrumb","itemListElement":[{"@type":"ListItem","position":1,"name":"Strona g\u0142\u00f3wna","item":"https:\/\/www.24gliwice.pl\/wiadomosci\/"},{"@type":"ListItem","position":2,"name":"Mniej czy wi\u0119cej samochod\u00f3w w centrum dzi\u0119ki DT\u015a? Konkretne dane nie pozostawiaj\u0105 w\u0105tpliwo\u015bci"}]},{"@type":"WebSite","@id":"https:\/\/www.24gliwice.pl\/wiadomosci\/#website","url":"https:\/\/www.24gliwice.pl\/wiadomosci\/","name":"24GLIWICE - Portal Gliwice | codziennie nowe wiadomo\u015bci","description":"Portal Miejski Gliwice","publisher":{"@id":"https:\/\/www.24gliwice.pl\/wiadomosci\/#organization"},"potentialAction":[{"@type":"SearchAction","target":{"@type":"EntryPoint","urlTemplate":"https:\/\/www.24gliwice.pl\/wiadomosci\/?s={search_term_string}"},"query-input":{"@type":"PropertyValueSpecification","valueRequired":true,"valueName":"search_term_string"}}],"inLanguage":"pl-PL"},{"@type":"Organization","@id":"https:\/\/www.24gliwice.pl\/wiadomosci\/#organization","name":"24gliwice","url":"https:\/\/www.24gliwice.pl\/wiadomosci\/","logo":{"@type":"ImageObject","inLanguage":"pl-PL","@id":"https:\/\/www.24gliwice.pl\/wiadomosci\/#\/schema\/logo\/image\/","url":"https:\/\/www.24gliwice.pl\/wiadomosci\/wp-content\/uploads\/2024\/10\/24gliwice-logo-696.jpg","contentUrl":"https:\/\/www.24gliwice.pl\/wiadomosci\/wp-content\/uploads\/2024\/10\/24gliwice-logo-696.jpg","width":696,"height":696,"caption":"24gliwice"},"image":{"@id":"https:\/\/www.24gliwice.pl\/wiadomosci\/#\/schema\/logo\/image\/"},"sameAs":["https:\/\/www.facebook.com\/24gliwice","https:\/\/x.com\/24gliwice","https:\/\/www.youtube.com\/@24gliwice"]},{"@type":"Person","@id":"https:\/\/www.24gliwice.pl\/wiadomosci\/#\/schema\/person\/940e8f8a097e322de4f463f061ef8d45","name":"Micha\u0142 Szewczyk","image":{"@type":"ImageObject","inLanguage":"pl-PL","@id":"https:\/\/secure.gravatar.com\/avatar\/771b8b6c74cd8d255e46392d605e01a86133900ef09b6ef3c8d451c9d92288cf?s=96&d=mm&r=g","url":"https:\/\/secure.gravatar.com\/avatar\/771b8b6c74cd8d255e46392d605e01a86133900ef09b6ef3c8d451c9d92288cf?s=96&d=mm&r=g","contentUrl":"https:\/\/secure.gravatar.com\/avatar\/771b8b6c74cd8d255e46392d605e01a86133900ef09b6ef3c8d451c9d92288cf?s=96&d=mm&r=g","caption":"Micha\u0142 Szewczyk"},"sameAs":["http:\/\/www.gazeta-miejska.pl"],"url":"https:\/\/www.24gliwice.pl\/wiadomosci\/author\/michal-szewczyk\/"}]}},"_links":{"self":[{"href":"https:\/\/www.24gliwice.pl\/wiadomosci\/wp-json\/wp\/v2\/posts\/103521","targetHints":{"allow":["GET"]}}],"collection":[{"href":"https:\/\/www.24gliwice.pl\/wiadomosci\/wp-json\/wp\/v2\/posts"}],"about":[{"href":"https:\/\/www.24gliwice.pl\/wiadomosci\/wp-json\/wp\/v2\/types\/post"}],"author":[{"embeddable":true,"href":"https:\/\/www.24gliwice.pl\/wiadomosci\/wp-json\/wp\/v2\/users\/12"}],"replies":[{"embeddable":true,"href":"https:\/\/www.24gliwice.pl\/wiadomosci\/wp-json\/wp\/v2\/comments?post=103521"}],"version-history":[{"count":0,"href":"https:\/\/www.24gliwice.pl\/wiadomosci\/wp-json\/wp\/v2\/posts\/103521\/revisions"}],"wp:featuredmedia":[{"embeddable":true,"href":"https:\/\/www.24gliwice.pl\/wiadomosci\/wp-json\/wp\/v2\/media\/103569"}],"wp:attachment":[{"href":"https:\/\/www.24gliwice.pl\/wiadomosci\/wp-json\/wp\/v2\/media?parent=103521"}],"wp:term":[{"taxonomy":"category","embeddable":true,"href":"https:\/\/www.24gliwice.pl\/wiadomosci\/wp-json\/wp\/v2\/categories?post=103521"},{"taxonomy":"post_tag","embeddable":true,"href":"https:\/\/www.24gliwice.pl\/wiadomosci\/wp-json\/wp\/v2\/tags?post=103521"}],"curies":[{"name":"wp","href":"https:\/\/api.w.org\/{rel}","templated":true}]}}