{"id":103548,"date":"2017-08-29T12:50:52","date_gmt":"2017-08-29T10:50:52","guid":{"rendered":"http:\/\/www.24gliwice.pl\/wiadomosci\/?p=103548"},"modified":"2017-08-29T12:50:52","modified_gmt":"2017-08-29T10:50:52","slug":"rodzice-unikali-szczepien-i-badan-7-miesiecznego-dziecka-dziewczynke-przewieziono-do-szpitala","status":"publish","type":"post","link":"https:\/\/www.24gliwice.pl\/wiadomosci\/rodzice-unikali-szczepien-i-badan-7-miesiecznego-dziecka-dziewczynke-przewieziono-do-szpitala\/","title":{"rendered":"Rodzice unikali szczepie\u0144 i bada\u0144 7-miesi\u0119cznego dziecka. Dziewczynk\u0119 przewieziono do szpitala"},"content":{"rendered":"<div class=\"gliwi-a6-nad-leadem-artykulow gliwi-entity-placement\" id=\"gliwi-710011493\"><div class=\"gliwi-adlabel\"><span style=\"font-size: 9px\">REKLAMA<\/span><\/div><div id=\"gliwi-2034488868\" style=\"margin-bottom: 25px;margin-left: auto;margin-right: auto;text-align: center;\"><a data-no-instant=\"1\" href=\"https:\/\/dom100.eu\/\" rel=\"noopener\" class=\"a2t-link\" target=\"_blank\" aria-label=\"20260415 DOM100 D\"><img loading=\"lazy\" decoding=\"async\" src=\"https:\/\/www.24gliwice.pl\/wiadomosci\/wp-content\/uploads\/2026\/04\/20260415-DOM100-D.jpg\" alt=\"\"  srcset=\"https:\/\/www.24gliwice.pl\/wiadomosci\/wp-content\/uploads\/2026\/04\/20260415-DOM100-D.jpg 750w, https:\/\/www.24gliwice.pl\/wiadomosci\/wp-content\/uploads\/2026\/04\/20260415-DOM100-D-410x109.jpg 410w\" sizes=\"(max-width: 750px) 100vw, 750px\" class=\"no-lazyload\" width=\"750\" height=\"200\"  style=\"display: inline-block; max-width: 100%; height: auto;\" \/><\/a><\/div><\/div><h3>Gliwiccy policjanci otrzymali zg\u0142oszenie, \u017ce rodzice 7-miesi\u0119cznego dziecka unikaj\u0105 szczepie\u0144 i bada\u0144 kontrolnych. Dziewczynka trafi\u0142a do szpitala z podejrzeniami nieprawid\u0142owego rozwoju psychoruchowego, niedoboru wagi i wzrostu.<\/h3>\n<p>W poniedzia\u0142ek do komisariatu przy ul. Pleba\u0144skiej zadzwoni\u0142a pracownica z O\u015brodka Pomocy Spo\u0142ecznej, informuj\u0105c, \u017ce znajduje si\u0119 pod mieszkaniem, w jednym z blok\u00f3w na Osiedlu Sikornik. Spotkanie z rodzicami by\u0142o konieczne, dziecko nie zosta\u0142o bowiem poddane obowi\u0105zkowym szczepieniom oraz innym badaniom. Rodzice dziecka unikali kontaktu z pracownikami pomocy spo\u0142ecznej, cz\u0119sto zmieniali miejsce zamieszkania. <\/p>\n<p>Policjanci i pracownica OPS zdo\u0142ali dotrze\u0107 do pary. Mimo, \u017ce mieszkanie, w kt\u00f3rym przebywali, by\u0142o schludne i czyste, a dziecko zadbane, podejrzenia wzbudza\u0142 jego wygl\u0105d. Dziewczynka by\u0142a wychudzona. Wezwani na miejsce ratownicy pogotowia medycznego podj\u0119li decyzj\u0119 o przewiezieniu dziecka do Gliwickiego Centrum Medycznego. <\/p><div class=\"gliwi-a3-w-tresci-artykulow gliwi-entity-placement\" id=\"gliwi-363565750\"><div class=\"gliwi-adlabel\"><span style=\"font-size: 9px\">REKLAMA<\/span><\/div><div id=\"gliwi-2713804650\" style=\"margin-bottom: 30px;margin-left: auto;margin-right: auto;text-align: center;\"><a data-no-instant=\"1\" href=\"https:\/\/ogrodyandersa.pl\/\" rel=\"noopener\" class=\"a2t-link\" target=\"_blank\" aria-label=\"20260415 Ogrody Andersa KUP TERAZ D\"><img loading=\"lazy\" decoding=\"async\" src=\"https:\/\/www.24gliwice.pl\/wiadomosci\/wp-content\/uploads\/2026\/04\/20260415-Ogrody-Andersa-KUP-TERAZ-D.jpg\" alt=\"\"  srcset=\"https:\/\/www.24gliwice.pl\/wiadomosci\/wp-content\/uploads\/2026\/04\/20260415-Ogrody-Andersa-KUP-TERAZ-D.jpg 750w, https:\/\/www.24gliwice.pl\/wiadomosci\/wp-content\/uploads\/2026\/04\/20260415-Ogrody-Andersa-KUP-TERAZ-D-410x109.jpg 410w\" sizes=\"(max-width: 750px) 100vw, 750px\" class=\"no-lazyload\" width=\"750\" height=\"200\"  style=\"display: inline-block; max-width: 100%; height: auto;\" \/><\/a><\/div><\/div>\n<p>Po sprawdzeniu pary w systemach policyjnych policjanci ustalili, \u017ce 30-letni ojciec dziecka jest poszukiwany przez S\u0105d Rejonowy w Gliwicach celem odbycia 4-miesi\u0119cznej kary pozbawienia wolno\u015bci, natomiast za 21-letni\u0105 matk\u0105, wydany jest nakaz aresztowania na okres 28 dni. Ojciec dziecka zosta\u0142 przewieziony do Aresztu \u015aledczego w Gliwicach, natomiast matka czeka na transport do Zak\u0142adu Karnego dla kobiet. <\/p>\n<p>Lekarze po przebadaniu 7-miesi\u0119cznej Lenki, podejrzewaj\u0105 u niej nieprawid\u0142owy rozw\u00f3j psychoruchowy, niedob\u00f3r wzrostu, masy cia\u0142a oraz wyg\u0142odzenie. Dziecko poddawane jest dalszym badaniom, teraz o jego losie zadecyduje s\u0105d rodzinny.<\/p>\n<p>Rodzice mog\u0105 odpowiedzie\u0107 za nara\u017cenie dziecka na bezpo\u015brednie niebezpiecze\u0144stwo utraty \u017cycia lub zdrowia. Grozi im do 5 lat pozbawienia wolno\u015bci.<\/p>\n<p>red\/KMP Gliwice<\/p>\n<div class=\"gliwi-a5-na-koncu-artykulow gliwi-entity-placement\" id=\"gliwi-510456988\"><div class=\"gliwi-adlabel\"><span style=\"font-size: 9px\">REKLAMA<\/span><\/div><div id=\"gliwi-2961087244\" style=\"margin-left: auto;margin-right: auto;text-align: center;\"><a data-no-instant=\"1\" href=\"https:\/\/www.jasek.pl\/\" rel=\"noopener\" class=\"a2t-link\" target=\"_blank\" aria-label=\"20200401-jasek 600\"><img loading=\"lazy\" decoding=\"async\" src=\"https:\/\/www.24gliwice.pl\/wiadomosci\/wp-content\/uploads\/2020\/04\/20200401-jasek-600.jpg\" alt=\"\"  srcset=\"https:\/\/www.24gliwice.pl\/wiadomosci\/wp-content\/uploads\/2020\/04\/20200401-jasek-600.jpg 600w, https:\/\/www.24gliwice.pl\/wiadomosci\/wp-content\/uploads\/2020\/04\/20200401-jasek-600-410x109.jpg 410w\" sizes=\"(max-width: 600px) 100vw, 600px\" class=\"no-lazyload\" width=\"600\" height=\"160\"  style=\"display: inline-block; max-width: 100%; height: auto;\" \/><\/a><\/div><\/div>","protected":false},"excerpt":{"rendered":"<p>Gliwiccy policjanci otrzymali zg\u0142oszenie, \u017ce rodzice 7-miesi\u0119cznego dziecka unikaj\u0105 szczepie\u0144 i bada\u0144 kontrolnych. Dziewczynka trafi\u0142a do szpitala z podejrzeniami nieprawid\u0142owego rozwoju psychoruchowego, niedoboru wagi i wzrostu. W poniedzia\u0142ek do komisariatu przy ul. Pleba\u0144skiej zadzwoni\u0142a pracownica z O\u015brodka Pomocy Spo\u0142ecznej, informuj\u0105c, \u017ce znajduje si\u0119 pod mieszkaniem, w jednym z blok\u00f3w na Osiedlu Sikornik. Spotkanie z rodzicami [&hellip;]<\/p>\n","protected":false},"author":4,"featured_media":103554,"comment_status":"open","ping_status":"closed","sticky":false,"template":"","format":"standard","meta":{"_monsterinsights_skip_tracking":false,"_monsterinsights_sitenote_active":false,"_monsterinsights_sitenote_note":"","_monsterinsights_sitenote_category":0,"footnotes":"","_links_to":"","_links_to_target":""},"categories":[3,1],"tags":[10063,9624],"class_list":["post-103548","post","type-post","status-publish","format-standard","has-post-thumbnail","hentry","category-gliwice","category-wszystko","tag-dziecko","tag-szczepienia"],"yoast_head":"<!-- This site is optimized with the Yoast SEO plugin v27.5 - https:\/\/yoast.com\/product\/yoast-seo-wordpress\/ -->\n<title>Rodzice unikali szczepie\u0144 i bada\u0144 7-miesi\u0119cznego dziecka. Dziewczynk\u0119 przewieziono do szpitala - 24GLIWICE - Portal Gliwice | codziennie nowe informacje<\/title>\n<meta name=\"robots\" content=\"index, follow, max-snippet:-1, max-image-preview:large, max-video-preview:-1\" \/>\n<link rel=\"canonical\" href=\"https:\/\/www.24gliwice.pl\/wiadomosci\/rodzice-unikali-szczepien-i-badan-7-miesiecznego-dziecka-dziewczynke-przewieziono-do-szpitala\/\" \/>\n<meta property=\"og:locale\" content=\"pl_PL\" \/>\n<meta property=\"og:type\" content=\"article\" \/>\n<meta property=\"og:title\" content=\"Rodzice unikali szczepie\u0144 i bada\u0144 7-miesi\u0119cznego dziecka. Dziewczynk\u0119 przewieziono do szpitala - 24GLIWICE - Portal Gliwice | codziennie nowe informacje\" \/>\n<meta property=\"og:description\" content=\"Gliwiccy policjanci otrzymali zg\u0142oszenie, \u017ce rodzice 7-miesi\u0119cznego dziecka unikaj\u0105 szczepie\u0144 i bada\u0144 kontrolnych. Dziewczynka trafi\u0142a do szpitala z podejrzeniami nieprawid\u0142owego rozwoju psychoruchowego, niedoboru wagi i wzrostu. W poniedzia\u0142ek do komisariatu przy ul. Pleba\u0144skiej zadzwoni\u0142a pracownica z O\u015brodka Pomocy Spo\u0142ecznej, informuj\u0105c, \u017ce znajduje si\u0119 pod mieszkaniem, w jednym z blok\u00f3w na Osiedlu Sikornik. Spotkanie z rodzicami [&hellip;]\" \/>\n<meta property=\"og:url\" content=\"https:\/\/www.24gliwice.pl\/wiadomosci\/rodzice-unikali-szczepien-i-badan-7-miesiecznego-dziecka-dziewczynke-przewieziono-do-szpitala\/\" \/>\n<meta property=\"og:site_name\" content=\"24GLIWICE - Portal Gliwice | codziennie nowe informacje\" \/>\n<meta property=\"article:publisher\" content=\"https:\/\/www.facebook.com\/24gliwice\" \/>\n<meta property=\"article:author\" content=\"https:\/\/www.facebook.com\/marcin.fabrykowski\" \/>\n<meta property=\"article:published_time\" content=\"2017-08-29T10:50:52+00:00\" \/>\n<meta property=\"og:image\" content=\"https:\/\/www.24gliwice.pl\/wiadomosci\/wp-content\/uploads\/2017\/08\/dziecko.jpg\" \/>\n\t<meta property=\"og:image:width\" content=\"810\" \/>\n\t<meta property=\"og:image:height\" content=\"469\" \/>\n\t<meta property=\"og:image:type\" content=\"image\/jpeg\" \/>\n<meta name=\"author\" content=\"Marcin Fabrykowski\" \/>\n<meta name=\"twitter:card\" content=\"summary_large_image\" \/>\n<meta name=\"twitter:creator\" content=\"@24gliwice\" \/>\n<meta name=\"twitter:site\" content=\"@24gliwice\" \/>\n<meta name=\"twitter:label1\" content=\"Napisane przez\" \/>\n\t<meta name=\"twitter:data1\" content=\"Marcin Fabrykowski\" \/>\n\t<meta name=\"twitter:label2\" content=\"Szacowany czas czytania\" \/>\n\t<meta name=\"twitter:data2\" content=\"1 minuta\" \/>\n<script type=\"application\/ld+json\" class=\"yoast-schema-graph\">{\"@context\":\"https:\\\/\\\/schema.org\",\"@graph\":[{\"@type\":\"Article\",\"@id\":\"https:\\\/\\\/www.24gliwice.pl\\\/wiadomosci\\\/rodzice-unikali-szczepien-i-badan-7-miesiecznego-dziecka-dziewczynke-przewieziono-do-szpitala\\\/#article\",\"isPartOf\":{\"@id\":\"https:\\\/\\\/www.24gliwice.pl\\\/wiadomosci\\\/rodzice-unikali-szczepien-i-badan-7-miesiecznego-dziecka-dziewczynke-przewieziono-do-szpitala\\\/\"},\"author\":{\"name\":\"Marcin Fabrykowski\",\"@id\":\"https:\\\/\\\/www.24gliwice.pl\\\/wiadomosci\\\/#\\\/schema\\\/person\\\/cb5857e4a4d048c15984c1edcc8ef0c0\"},\"headline\":\"Rodzice unikali szczepie\u0144 i bada\u0144 7-miesi\u0119cznego dziecka. Dziewczynk\u0119 przewieziono do szpitala\",\"datePublished\":\"2017-08-29T10:50:52+00:00\",\"mainEntityOfPage\":{\"@id\":\"https:\\\/\\\/www.24gliwice.pl\\\/wiadomosci\\\/rodzice-unikali-szczepien-i-badan-7-miesiecznego-dziecka-dziewczynke-przewieziono-do-szpitala\\\/\"},\"wordCount\":277,\"commentCount\":0,\"publisher\":{\"@id\":\"https:\\\/\\\/www.24gliwice.pl\\\/wiadomosci\\\/#organization\"},\"image\":{\"@id\":\"https:\\\/\\\/www.24gliwice.pl\\\/wiadomosci\\\/rodzice-unikali-szczepien-i-badan-7-miesiecznego-dziecka-dziewczynke-przewieziono-do-szpitala\\\/#primaryimage\"},\"thumbnailUrl\":\"https:\\\/\\\/www.24gliwice.pl\\\/wiadomosci\\\/wp-content\\\/uploads\\\/2017\\\/08\\\/dziecko.jpg\",\"keywords\":[\"dziecko\",\"szczepienia\"],\"articleSection\":[\"Gliwice\",\"Najnowsze wiadomo\u015bci\"],\"inLanguage\":\"pl-PL\",\"potentialAction\":[{\"@type\":\"CommentAction\",\"name\":\"Comment\",\"target\":[\"https:\\\/\\\/www.24gliwice.pl\\\/wiadomosci\\\/rodzice-unikali-szczepien-i-badan-7-miesiecznego-dziecka-dziewczynke-przewieziono-do-szpitala\\\/#respond\"]}]},{\"@type\":\"WebPage\",\"@id\":\"https:\\\/\\\/www.24gliwice.pl\\\/wiadomosci\\\/rodzice-unikali-szczepien-i-badan-7-miesiecznego-dziecka-dziewczynke-przewieziono-do-szpitala\\\/\",\"url\":\"https:\\\/\\\/www.24gliwice.pl\\\/wiadomosci\\\/rodzice-unikali-szczepien-i-badan-7-miesiecznego-dziecka-dziewczynke-przewieziono-do-szpitala\\\/\",\"name\":\"Rodzice unikali szczepie\u0144 i bada\u0144 7-miesi\u0119cznego dziecka. Dziewczynk\u0119 przewieziono do szpitala - 24GLIWICE - Portal Gliwice | codziennie nowe informacje\",\"isPartOf\":{\"@id\":\"https:\\\/\\\/www.24gliwice.pl\\\/wiadomosci\\\/#website\"},\"primaryImageOfPage\":{\"@id\":\"https:\\\/\\\/www.24gliwice.pl\\\/wiadomosci\\\/rodzice-unikali-szczepien-i-badan-7-miesiecznego-dziecka-dziewczynke-przewieziono-do-szpitala\\\/#primaryimage\"},\"image\":{\"@id\":\"https:\\\/\\\/www.24gliwice.pl\\\/wiadomosci\\\/rodzice-unikali-szczepien-i-badan-7-miesiecznego-dziecka-dziewczynke-przewieziono-do-szpitala\\\/#primaryimage\"},\"thumbnailUrl\":\"https:\\\/\\\/www.24gliwice.pl\\\/wiadomosci\\\/wp-content\\\/uploads\\\/2017\\\/08\\\/dziecko.jpg\",\"datePublished\":\"2017-08-29T10:50:52+00:00\",\"breadcrumb\":{\"@id\":\"https:\\\/\\\/www.24gliwice.pl\\\/wiadomosci\\\/rodzice-unikali-szczepien-i-badan-7-miesiecznego-dziecka-dziewczynke-przewieziono-do-szpitala\\\/#breadcrumb\"},\"inLanguage\":\"pl-PL\",\"potentialAction\":[{\"@type\":\"ReadAction\",\"target\":[\"https:\\\/\\\/www.24gliwice.pl\\\/wiadomosci\\\/rodzice-unikali-szczepien-i-badan-7-miesiecznego-dziecka-dziewczynke-przewieziono-do-szpitala\\\/\"]}]},{\"@type\":\"ImageObject\",\"inLanguage\":\"pl-PL\",\"@id\":\"https:\\\/\\\/www.24gliwice.pl\\\/wiadomosci\\\/rodzice-unikali-szczepien-i-badan-7-miesiecznego-dziecka-dziewczynke-przewieziono-do-szpitala\\\/#primaryimage\",\"url\":\"https:\\\/\\\/www.24gliwice.pl\\\/wiadomosci\\\/wp-content\\\/uploads\\\/2017\\\/08\\\/dziecko.jpg\",\"contentUrl\":\"https:\\\/\\\/www.24gliwice.pl\\\/wiadomosci\\\/wp-content\\\/uploads\\\/2017\\\/08\\\/dziecko.jpg\",\"width\":810,\"height\":469,\"caption\":\"fot. archiwum\"},{\"@type\":\"BreadcrumbList\",\"@id\":\"https:\\\/\\\/www.24gliwice.pl\\\/wiadomosci\\\/rodzice-unikali-szczepien-i-badan-7-miesiecznego-dziecka-dziewczynke-przewieziono-do-szpitala\\\/#breadcrumb\",\"itemListElement\":[{\"@type\":\"ListItem\",\"position\":1,\"name\":\"Strona g\u0142\u00f3wna\",\"item\":\"https:\\\/\\\/www.24gliwice.pl\\\/wiadomosci\\\/\"},{\"@type\":\"ListItem\",\"position\":2,\"name\":\"Rodzice unikali szczepie\u0144 i bada\u0144 7-miesi\u0119cznego dziecka. Dziewczynk\u0119 przewieziono do szpitala\"}]},{\"@type\":\"WebSite\",\"@id\":\"https:\\\/\\\/www.24gliwice.pl\\\/wiadomosci\\\/#website\",\"url\":\"https:\\\/\\\/www.24gliwice.pl\\\/wiadomosci\\\/\",\"name\":\"24GLIWICE - Portal Gliwice | codziennie nowe wiadomo\u015bci\",\"description\":\"Portal Miejski Gliwice\",\"publisher\":{\"@id\":\"https:\\\/\\\/www.24gliwice.pl\\\/wiadomosci\\\/#organization\"},\"potentialAction\":[{\"@type\":\"SearchAction\",\"target\":{\"@type\":\"EntryPoint\",\"urlTemplate\":\"https:\\\/\\\/www.24gliwice.pl\\\/wiadomosci\\\/?s={search_term_string}\"},\"query-input\":{\"@type\":\"PropertyValueSpecification\",\"valueRequired\":true,\"valueName\":\"search_term_string\"}}],\"inLanguage\":\"pl-PL\"},{\"@type\":\"Organization\",\"@id\":\"https:\\\/\\\/www.24gliwice.pl\\\/wiadomosci\\\/#organization\",\"name\":\"24gliwice\",\"url\":\"https:\\\/\\\/www.24gliwice.pl\\\/wiadomosci\\\/\",\"logo\":{\"@type\":\"ImageObject\",\"inLanguage\":\"pl-PL\",\"@id\":\"https:\\\/\\\/www.24gliwice.pl\\\/wiadomosci\\\/#\\\/schema\\\/logo\\\/image\\\/\",\"url\":\"https:\\\/\\\/www.24gliwice.pl\\\/wiadomosci\\\/wp-content\\\/uploads\\\/2024\\\/10\\\/24gliwice-logo-696.jpg\",\"contentUrl\":\"https:\\\/\\\/www.24gliwice.pl\\\/wiadomosci\\\/wp-content\\\/uploads\\\/2024\\\/10\\\/24gliwice-logo-696.jpg\",\"width\":696,\"height\":696,\"caption\":\"24gliwice\"},\"image\":{\"@id\":\"https:\\\/\\\/www.24gliwice.pl\\\/wiadomosci\\\/#\\\/schema\\\/logo\\\/image\\\/\"},\"sameAs\":[\"https:\\\/\\\/www.facebook.com\\\/24gliwice\",\"https:\\\/\\\/x.com\\\/24gliwice\",\"https:\\\/\\\/www.youtube.com\\\/@24gliwice\"]},{\"@type\":\"Person\",\"@id\":\"https:\\\/\\\/www.24gliwice.pl\\\/wiadomosci\\\/#\\\/schema\\\/person\\\/cb5857e4a4d048c15984c1edcc8ef0c0\",\"name\":\"Marcin Fabrykowski\",\"image\":{\"@type\":\"ImageObject\",\"inLanguage\":\"pl-PL\",\"@id\":\"https:\\\/\\\/www.24gliwice.pl\\\/wiadomosci\\\/wp-content\\\/uploads\\\/2025\\\/11\\\/zdjecie-moje-marcin-300-96x96.jpg\",\"url\":\"https:\\\/\\\/www.24gliwice.pl\\\/wiadomosci\\\/wp-content\\\/uploads\\\/2025\\\/11\\\/zdjecie-moje-marcin-300-96x96.jpg\",\"contentUrl\":\"https:\\\/\\\/www.24gliwice.pl\\\/wiadomosci\\\/wp-content\\\/uploads\\\/2025\\\/11\\\/zdjecie-moje-marcin-300-96x96.jpg\",\"caption\":\"Marcin Fabrykowski\"},\"sameAs\":[\"http:\\\/\\\/24gliwice.pl\",\"https:\\\/\\\/www.facebook.com\\\/marcin.fabrykowski\"],\"url\":\"https:\\\/\\\/www.24gliwice.pl\\\/wiadomosci\\\/author\\\/marcin-fabrykowski\\\/\"}]}<\/script>\n<!-- \/ Yoast SEO plugin. -->","yoast_head_json":{"title":"Rodzice unikali szczepie\u0144 i bada\u0144 7-miesi\u0119cznego dziecka. Dziewczynk\u0119 przewieziono do szpitala - 24GLIWICE - Portal Gliwice | codziennie nowe informacje","robots":{"index":"index","follow":"follow","max-snippet":"max-snippet:-1","max-image-preview":"max-image-preview:large","max-video-preview":"max-video-preview:-1"},"canonical":"https:\/\/www.24gliwice.pl\/wiadomosci\/rodzice-unikali-szczepien-i-badan-7-miesiecznego-dziecka-dziewczynke-przewieziono-do-szpitala\/","og_locale":"pl_PL","og_type":"article","og_title":"Rodzice unikali szczepie\u0144 i bada\u0144 7-miesi\u0119cznego dziecka. Dziewczynk\u0119 przewieziono do szpitala - 24GLIWICE - Portal Gliwice | codziennie nowe informacje","og_description":"Gliwiccy policjanci otrzymali zg\u0142oszenie, \u017ce rodzice 7-miesi\u0119cznego dziecka unikaj\u0105 szczepie\u0144 i bada\u0144 kontrolnych. Dziewczynka trafi\u0142a do szpitala z podejrzeniami nieprawid\u0142owego rozwoju psychoruchowego, niedoboru wagi i wzrostu. W poniedzia\u0142ek do komisariatu przy ul. Pleba\u0144skiej zadzwoni\u0142a pracownica z O\u015brodka Pomocy Spo\u0142ecznej, informuj\u0105c, \u017ce znajduje si\u0119 pod mieszkaniem, w jednym z blok\u00f3w na Osiedlu Sikornik. Spotkanie z rodzicami [&hellip;]","og_url":"https:\/\/www.24gliwice.pl\/wiadomosci\/rodzice-unikali-szczepien-i-badan-7-miesiecznego-dziecka-dziewczynke-przewieziono-do-szpitala\/","og_site_name":"24GLIWICE - Portal Gliwice | codziennie nowe informacje","article_publisher":"https:\/\/www.facebook.com\/24gliwice","article_author":"https:\/\/www.facebook.com\/marcin.fabrykowski","article_published_time":"2017-08-29T10:50:52+00:00","og_image":[{"width":810,"height":469,"url":"https:\/\/www.24gliwice.pl\/wiadomosci\/wp-content\/uploads\/2017\/08\/dziecko.jpg","type":"image\/jpeg"}],"author":"Marcin Fabrykowski","twitter_card":"summary_large_image","twitter_creator":"@24gliwice","twitter_site":"@24gliwice","twitter_misc":{"Napisane przez":"Marcin Fabrykowski","Szacowany czas czytania":"1 minuta"},"schema":{"@context":"https:\/\/schema.org","@graph":[{"@type":"Article","@id":"https:\/\/www.24gliwice.pl\/wiadomosci\/rodzice-unikali-szczepien-i-badan-7-miesiecznego-dziecka-dziewczynke-przewieziono-do-szpitala\/#article","isPartOf":{"@id":"https:\/\/www.24gliwice.pl\/wiadomosci\/rodzice-unikali-szczepien-i-badan-7-miesiecznego-dziecka-dziewczynke-przewieziono-do-szpitala\/"},"author":{"name":"Marcin Fabrykowski","@id":"https:\/\/www.24gliwice.pl\/wiadomosci\/#\/schema\/person\/cb5857e4a4d048c15984c1edcc8ef0c0"},"headline":"Rodzice unikali szczepie\u0144 i bada\u0144 7-miesi\u0119cznego dziecka. Dziewczynk\u0119 przewieziono do szpitala","datePublished":"2017-08-29T10:50:52+00:00","mainEntityOfPage":{"@id":"https:\/\/www.24gliwice.pl\/wiadomosci\/rodzice-unikali-szczepien-i-badan-7-miesiecznego-dziecka-dziewczynke-przewieziono-do-szpitala\/"},"wordCount":277,"commentCount":0,"publisher":{"@id":"https:\/\/www.24gliwice.pl\/wiadomosci\/#organization"},"image":{"@id":"https:\/\/www.24gliwice.pl\/wiadomosci\/rodzice-unikali-szczepien-i-badan-7-miesiecznego-dziecka-dziewczynke-przewieziono-do-szpitala\/#primaryimage"},"thumbnailUrl":"https:\/\/www.24gliwice.pl\/wiadomosci\/wp-content\/uploads\/2017\/08\/dziecko.jpg","keywords":["dziecko","szczepienia"],"articleSection":["Gliwice","Najnowsze wiadomo\u015bci"],"inLanguage":"pl-PL","potentialAction":[{"@type":"CommentAction","name":"Comment","target":["https:\/\/www.24gliwice.pl\/wiadomosci\/rodzice-unikali-szczepien-i-badan-7-miesiecznego-dziecka-dziewczynke-przewieziono-do-szpitala\/#respond"]}]},{"@type":"WebPage","@id":"https:\/\/www.24gliwice.pl\/wiadomosci\/rodzice-unikali-szczepien-i-badan-7-miesiecznego-dziecka-dziewczynke-przewieziono-do-szpitala\/","url":"https:\/\/www.24gliwice.pl\/wiadomosci\/rodzice-unikali-szczepien-i-badan-7-miesiecznego-dziecka-dziewczynke-przewieziono-do-szpitala\/","name":"Rodzice unikali szczepie\u0144 i bada\u0144 7-miesi\u0119cznego dziecka. Dziewczynk\u0119 przewieziono do szpitala - 24GLIWICE - Portal Gliwice | codziennie nowe informacje","isPartOf":{"@id":"https:\/\/www.24gliwice.pl\/wiadomosci\/#website"},"primaryImageOfPage":{"@id":"https:\/\/www.24gliwice.pl\/wiadomosci\/rodzice-unikali-szczepien-i-badan-7-miesiecznego-dziecka-dziewczynke-przewieziono-do-szpitala\/#primaryimage"},"image":{"@id":"https:\/\/www.24gliwice.pl\/wiadomosci\/rodzice-unikali-szczepien-i-badan-7-miesiecznego-dziecka-dziewczynke-przewieziono-do-szpitala\/#primaryimage"},"thumbnailUrl":"https:\/\/www.24gliwice.pl\/wiadomosci\/wp-content\/uploads\/2017\/08\/dziecko.jpg","datePublished":"2017-08-29T10:50:52+00:00","breadcrumb":{"@id":"https:\/\/www.24gliwice.pl\/wiadomosci\/rodzice-unikali-szczepien-i-badan-7-miesiecznego-dziecka-dziewczynke-przewieziono-do-szpitala\/#breadcrumb"},"inLanguage":"pl-PL","potentialAction":[{"@type":"ReadAction","target":["https:\/\/www.24gliwice.pl\/wiadomosci\/rodzice-unikali-szczepien-i-badan-7-miesiecznego-dziecka-dziewczynke-przewieziono-do-szpitala\/"]}]},{"@type":"ImageObject","inLanguage":"pl-PL","@id":"https:\/\/www.24gliwice.pl\/wiadomosci\/rodzice-unikali-szczepien-i-badan-7-miesiecznego-dziecka-dziewczynke-przewieziono-do-szpitala\/#primaryimage","url":"https:\/\/www.24gliwice.pl\/wiadomosci\/wp-content\/uploads\/2017\/08\/dziecko.jpg","contentUrl":"https:\/\/www.24gliwice.pl\/wiadomosci\/wp-content\/uploads\/2017\/08\/dziecko.jpg","width":810,"height":469,"caption":"fot. archiwum"},{"@type":"BreadcrumbList","@id":"https:\/\/www.24gliwice.pl\/wiadomosci\/rodzice-unikali-szczepien-i-badan-7-miesiecznego-dziecka-dziewczynke-przewieziono-do-szpitala\/#breadcrumb","itemListElement":[{"@type":"ListItem","position":1,"name":"Strona g\u0142\u00f3wna","item":"https:\/\/www.24gliwice.pl\/wiadomosci\/"},{"@type":"ListItem","position":2,"name":"Rodzice unikali szczepie\u0144 i bada\u0144 7-miesi\u0119cznego dziecka. Dziewczynk\u0119 przewieziono do szpitala"}]},{"@type":"WebSite","@id":"https:\/\/www.24gliwice.pl\/wiadomosci\/#website","url":"https:\/\/www.24gliwice.pl\/wiadomosci\/","name":"24GLIWICE - Portal Gliwice | codziennie nowe wiadomo\u015bci","description":"Portal Miejski Gliwice","publisher":{"@id":"https:\/\/www.24gliwice.pl\/wiadomosci\/#organization"},"potentialAction":[{"@type":"SearchAction","target":{"@type":"EntryPoint","urlTemplate":"https:\/\/www.24gliwice.pl\/wiadomosci\/?s={search_term_string}"},"query-input":{"@type":"PropertyValueSpecification","valueRequired":true,"valueName":"search_term_string"}}],"inLanguage":"pl-PL"},{"@type":"Organization","@id":"https:\/\/www.24gliwice.pl\/wiadomosci\/#organization","name":"24gliwice","url":"https:\/\/www.24gliwice.pl\/wiadomosci\/","logo":{"@type":"ImageObject","inLanguage":"pl-PL","@id":"https:\/\/www.24gliwice.pl\/wiadomosci\/#\/schema\/logo\/image\/","url":"https:\/\/www.24gliwice.pl\/wiadomosci\/wp-content\/uploads\/2024\/10\/24gliwice-logo-696.jpg","contentUrl":"https:\/\/www.24gliwice.pl\/wiadomosci\/wp-content\/uploads\/2024\/10\/24gliwice-logo-696.jpg","width":696,"height":696,"caption":"24gliwice"},"image":{"@id":"https:\/\/www.24gliwice.pl\/wiadomosci\/#\/schema\/logo\/image\/"},"sameAs":["https:\/\/www.facebook.com\/24gliwice","https:\/\/x.com\/24gliwice","https:\/\/www.youtube.com\/@24gliwice"]},{"@type":"Person","@id":"https:\/\/www.24gliwice.pl\/wiadomosci\/#\/schema\/person\/cb5857e4a4d048c15984c1edcc8ef0c0","name":"Marcin Fabrykowski","image":{"@type":"ImageObject","inLanguage":"pl-PL","@id":"https:\/\/www.24gliwice.pl\/wiadomosci\/wp-content\/uploads\/2025\/11\/zdjecie-moje-marcin-300-96x96.jpg","url":"https:\/\/www.24gliwice.pl\/wiadomosci\/wp-content\/uploads\/2025\/11\/zdjecie-moje-marcin-300-96x96.jpg","contentUrl":"https:\/\/www.24gliwice.pl\/wiadomosci\/wp-content\/uploads\/2025\/11\/zdjecie-moje-marcin-300-96x96.jpg","caption":"Marcin Fabrykowski"},"sameAs":["http:\/\/24gliwice.pl","https:\/\/www.facebook.com\/marcin.fabrykowski"],"url":"https:\/\/www.24gliwice.pl\/wiadomosci\/author\/marcin-fabrykowski\/"}]}},"_links":{"self":[{"href":"https:\/\/www.24gliwice.pl\/wiadomosci\/wp-json\/wp\/v2\/posts\/103548","targetHints":{"allow":["GET"]}}],"collection":[{"href":"https:\/\/www.24gliwice.pl\/wiadomosci\/wp-json\/wp\/v2\/posts"}],"about":[{"href":"https:\/\/www.24gliwice.pl\/wiadomosci\/wp-json\/wp\/v2\/types\/post"}],"author":[{"embeddable":true,"href":"https:\/\/www.24gliwice.pl\/wiadomosci\/wp-json\/wp\/v2\/users\/4"}],"replies":[{"embeddable":true,"href":"https:\/\/www.24gliwice.pl\/wiadomosci\/wp-json\/wp\/v2\/comments?post=103548"}],"version-history":[{"count":0,"href":"https:\/\/www.24gliwice.pl\/wiadomosci\/wp-json\/wp\/v2\/posts\/103548\/revisions"}],"wp:featuredmedia":[{"embeddable":true,"href":"https:\/\/www.24gliwice.pl\/wiadomosci\/wp-json\/wp\/v2\/media\/103554"}],"wp:attachment":[{"href":"https:\/\/www.24gliwice.pl\/wiadomosci\/wp-json\/wp\/v2\/media?parent=103548"}],"wp:term":[{"taxonomy":"category","embeddable":true,"href":"https:\/\/www.24gliwice.pl\/wiadomosci\/wp-json\/wp\/v2\/categories?post=103548"},{"taxonomy":"post_tag","embeddable":true,"href":"https:\/\/www.24gliwice.pl\/wiadomosci\/wp-json\/wp\/v2\/tags?post=103548"}],"curies":[{"name":"wp","href":"https:\/\/api.w.org\/{rel}","templated":true}]}}