{"id":103566,"date":"2017-08-30T11:59:08","date_gmt":"2017-08-30T09:59:08","guid":{"rendered":"http:\/\/www.24gliwice.pl\/wiadomosci\/?p=103566"},"modified":"2017-08-30T11:59:33","modified_gmt":"2017-08-30T09:59:33","slug":"terenowy-punkt-paszportowy-powroci-do-centrum-gliwic-bedzie-w-urzedzie-miasta","status":"publish","type":"post","link":"https:\/\/www.24gliwice.pl\/wiadomosci\/terenowy-punkt-paszportowy-powroci-do-centrum-gliwic-bedzie-w-urzedzie-miasta\/","title":{"rendered":"Terenowy punkt paszportowy wraca do centrum Gliwic. B\u0119dzie w Urz\u0119dzie Miasta"},"content":{"rendered":"<div class=\"gliwi-a6-nad-leadem-artykulow gliwi-entity-placement\" id=\"gliwi-3049347464\"><div class=\"gliwi-adlabel\"><span style=\"font-size: 9px\">REKLAMA<\/span><\/div><div id=\"gliwi-1964433825\" style=\"margin-bottom: 25px;margin-left: auto;margin-right: auto;text-align: center;\"><a data-no-instant=\"1\" href=\"https:\/\/dom100.eu\/\" rel=\"noopener\" class=\"a2t-link\" target=\"_blank\" aria-label=\"20260415 DOM100 D\"><img loading=\"lazy\" decoding=\"async\" src=\"https:\/\/www.24gliwice.pl\/wiadomosci\/wp-content\/uploads\/2026\/04\/20260415-DOM100-D.jpg\" alt=\"\"  srcset=\"https:\/\/www.24gliwice.pl\/wiadomosci\/wp-content\/uploads\/2026\/04\/20260415-DOM100-D.jpg 750w, https:\/\/www.24gliwice.pl\/wiadomosci\/wp-content\/uploads\/2026\/04\/20260415-DOM100-D-410x109.jpg 410w\" sizes=\"(max-width: 750px) 100vw, 750px\" class=\"no-lazyload\" width=\"750\" height=\"200\"  style=\"display: inline-block; max-width: 100%; height: auto;\" \/><\/a><\/div><\/div><h3>Na pocz\u0105tku wrze\u015bnia w magistracie uruchomiony zostanie punkt paszportowy, kt\u00f3ry dotychczas znajdowa\u0142 si\u0119 przy ulicy Bojkowskiej. Nie trzeba b\u0119dzie fatygowa\u0107 si\u0119 w odlegle od centrum miejsce.<\/h3>\n<p>Kiedy\u015b paszport mo\u017cna by\u0142o wyrobi\u0107 w punkcie w pobli\u017cu Komendy Policji, NFZ znajdowa\u0142 si\u0119 na zbiegu ulic G\u00f3rnych Wa\u0142\u00f3w i Ziemowita, a ZUS przy ulicy Jana Paw\u0142a. Od kilku lat instytucje te zmieni\u0142y swoje siedziby i aby za\u0142atwi\u0107 komplet r\u00f3\u017cnych formalno\u015bci trzeba si\u0119 przemieszcza\u0107 po du\u017cym obszarze miasta. <\/p>\n<p>Dla gliwiczan mamy jednak dobr\u0105 wiadomo\u015b\u0107. Z pocz\u0105tkiem wrze\u015bnia Terenowy Punkt Paszportowy z ulicy Bojkowskiej wr\u00f3ci do centrum. \u201ePaszport\u00f3wka\u201d b\u0119dzie dzia\u0142a\u0107 w siedzibie Urz\u0119du Miejskiego w Gliwicach przy ulicy Zwyci\u0119stwa 21.<\/p><div class=\"gliwi-a3-w-tresci-artykulow gliwi-entity-placement\" id=\"gliwi-1145140262\"><div class=\"gliwi-adlabel\"><span style=\"font-size: 9px\">REKLAMA<\/span><\/div><div id=\"gliwi-3128963975\" style=\"margin-bottom: 30px;margin-left: auto;margin-right: auto;text-align: center;\"><a data-no-instant=\"1\" href=\"https:\/\/zlobek.halogen.org.pl\/\" rel=\"noopener\" class=\"a2t-link\" target=\"_blank\" aria-label=\"animator-zlobek_750x200\"><img loading=\"lazy\" decoding=\"async\" src=\"https:\/\/www.24gliwice.pl\/wiadomosci\/wp-content\/uploads\/2026\/02\/animator-zlobek_750x200.webp\" alt=\"\"  srcset=\"https:\/\/www.24gliwice.pl\/wiadomosci\/wp-content\/uploads\/2026\/02\/animator-zlobek_750x200.webp 750w, https:\/\/www.24gliwice.pl\/wiadomosci\/wp-content\/uploads\/2026\/02\/animator-zlobek_750x200-410x109.webp 410w\" sizes=\"(max-width: 750px) 100vw, 750px\" class=\"no-lazyload\" width=\"750\" height=\"200\"  style=\"display: inline-block; max-width: 100%; height: auto;\" \/><\/a><\/div><\/div>\n<p>Terenowy Punktu Paszportowy zostanie zlokalizowany na parterze, gdzie dzia\u0142a Biuro Obs\u0142ugi Interesant\u00f3w. B\u0119dzie to kolejna us\u0142uga masowa (obok dowod\u00f3w osobistych, rejestracji pojazd\u00f3w czy spraw dotycz\u0105cych akt\u00f3w stanu cywilnego) \u015bwiadczona w gliwickim magistracie, tym razem przez urz\u0119dnik\u00f3w administracji rz\u0105dowej. W okresie sk\u0142adania zezna\u0144 podatkowych w holu Urz\u0119du Miejskiego, w ramach wsp\u00f3\u0142pracy pomi\u0119dzy urz\u0119dami r\u00f3\u017cnych szczebli administracji publicznej, funkcjonuje stanowisko Urz\u0119du Skarbowego.<\/p>\n<p>(\u017cms)\/UM<\/p>\n<div class=\"gliwi-a5-na-koncu-artykulow gliwi-entity-placement\" id=\"gliwi-2401888574\"><div class=\"gliwi-adlabel\"><span style=\"font-size: 9px\">REKLAMA<\/span><\/div><div id=\"gliwi-1894852141\" style=\"margin-left: auto;margin-right: auto;text-align: center;\"><a data-no-instant=\"1\" href=\"https:\/\/prezeroarenagliwice.pl\/\" rel=\"noopener\" class=\"a2t-link\" target=\"_blank\" aria-label=\"20260309-PREZERO-WIOSNA-D\"><img loading=\"lazy\" decoding=\"async\" src=\"https:\/\/www.24gliwice.pl\/wiadomosci\/wp-content\/uploads\/2026\/03\/20260309-PREZERO-WIOSNA-D.webp\" alt=\"\"  srcset=\"https:\/\/www.24gliwice.pl\/wiadomosci\/wp-content\/uploads\/2026\/03\/20260309-PREZERO-WIOSNA-D.webp 750w, https:\/\/www.24gliwice.pl\/wiadomosci\/wp-content\/uploads\/2026\/03\/20260309-PREZERO-WIOSNA-D-410x109.webp 410w\" sizes=\"(max-width: 750px) 100vw, 750px\" class=\"no-lazyload\" width=\"750\" height=\"200\"  style=\"display: inline-block; max-width: 100%; height: auto;\" \/><\/a><\/div><\/div>","protected":false},"excerpt":{"rendered":"<p>Na pocz\u0105tku wrze\u015bnia w magistracie uruchomiony zostanie punkt paszportowy, kt\u00f3ry dotychczas znajdowa\u0142 si\u0119 przy ulicy Bojkowskiej. Nie trzeba b\u0119dzie fatygowa\u0107 si\u0119 w odlegle od centrum miejsce. Kiedy\u015b paszport mo\u017cna by\u0142o wyrobi\u0107 w punkcie w pobli\u017cu Komendy Policji, NFZ znajdowa\u0142 si\u0119 na zbiegu ulic G\u00f3rnych Wa\u0142\u00f3w i Ziemowita, a ZUS przy ulicy Jana Paw\u0142a. Od kilku [&hellip;]<\/p>\n","protected":false},"author":15,"featured_media":103578,"comment_status":"open","ping_status":"closed","sticky":false,"template":"","format":"standard","meta":{"_monsterinsights_skip_tracking":false,"_monsterinsights_sitenote_active":false,"_monsterinsights_sitenote_note":"","_monsterinsights_sitenote_category":0,"footnotes":"","_links_to":"","_links_to_target":""},"categories":[3,1],"tags":[9392,9393,2849],"class_list":["post-103566","post","type-post","status-publish","format-standard","has-post-thumbnail","hentry","category-gliwice","category-wszystko","tag-paszport","tag-terenowy-punkt-paszportowy","tag-urzad-miejski"],"yoast_head":"<!-- This site is optimized with the Yoast SEO plugin v27.5 - https:\/\/yoast.com\/product\/yoast-seo-wordpress\/ -->\n<title>Terenowy punkt paszportowy wraca do centrum Gliwic. B\u0119dzie w Urz\u0119dzie Miasta - 24GLIWICE - Portal Gliwice | codziennie nowe informacje<\/title>\n<meta name=\"robots\" content=\"index, follow, max-snippet:-1, max-image-preview:large, max-video-preview:-1\" \/>\n<link rel=\"canonical\" href=\"https:\/\/www.24gliwice.pl\/wiadomosci\/terenowy-punkt-paszportowy-powroci-do-centrum-gliwic-bedzie-w-urzedzie-miasta\/\" \/>\n<meta property=\"og:locale\" content=\"pl_PL\" \/>\n<meta property=\"og:type\" content=\"article\" \/>\n<meta property=\"og:title\" content=\"Terenowy punkt paszportowy wraca do centrum Gliwic. B\u0119dzie w Urz\u0119dzie Miasta - 24GLIWICE - Portal Gliwice | codziennie nowe informacje\" \/>\n<meta property=\"og:description\" content=\"Na pocz\u0105tku wrze\u015bnia w magistracie uruchomiony zostanie punkt paszportowy, kt\u00f3ry dotychczas znajdowa\u0142 si\u0119 przy ulicy Bojkowskiej. Nie trzeba b\u0119dzie fatygowa\u0107 si\u0119 w odlegle od centrum miejsce. Kiedy\u015b paszport mo\u017cna by\u0142o wyrobi\u0107 w punkcie w pobli\u017cu Komendy Policji, NFZ znajdowa\u0142 si\u0119 na zbiegu ulic G\u00f3rnych Wa\u0142\u00f3w i Ziemowita, a ZUS przy ulicy Jana Paw\u0142a. Od kilku [&hellip;]\" \/>\n<meta property=\"og:url\" content=\"https:\/\/www.24gliwice.pl\/wiadomosci\/terenowy-punkt-paszportowy-powroci-do-centrum-gliwic-bedzie-w-urzedzie-miasta\/\" \/>\n<meta property=\"og:site_name\" content=\"24GLIWICE - Portal Gliwice | codziennie nowe informacje\" \/>\n<meta property=\"article:publisher\" content=\"https:\/\/www.facebook.com\/24gliwice\" \/>\n<meta property=\"article:published_time\" content=\"2017-08-30T09:59:08+00:00\" \/>\n<meta property=\"article:modified_time\" content=\"2017-08-30T09:59:33+00:00\" \/>\n<meta property=\"og:image\" content=\"https:\/\/www.24gliwice.pl\/wiadomosci\/wp-content\/uploads\/2017\/08\/punkt-paszportowy-e1504086888336.jpg\" \/>\n\t<meta property=\"og:image:width\" content=\"810\" \/>\n\t<meta property=\"og:image:height\" content=\"455\" \/>\n\t<meta property=\"og:image:type\" content=\"image\/jpeg\" \/>\n<meta name=\"author\" content=\"\u017baneta Mrozek-Siewierska\" \/>\n<meta name=\"twitter:card\" content=\"summary_large_image\" \/>\n<meta name=\"twitter:creator\" content=\"@24gliwice\" \/>\n<meta name=\"twitter:site\" content=\"@24gliwice\" \/>\n<meta name=\"twitter:label1\" content=\"Napisane przez\" \/>\n\t<meta name=\"twitter:data1\" content=\"\u017baneta Mrozek-Siewierska\" \/>\n\t<meta name=\"twitter:label2\" content=\"Szacowany czas czytania\" \/>\n\t<meta name=\"twitter:data2\" content=\"1 minuta\" \/>\n<script type=\"application\/ld+json\" class=\"yoast-schema-graph\">{\"@context\":\"https:\\\/\\\/schema.org\",\"@graph\":[{\"@type\":\"Article\",\"@id\":\"https:\\\/\\\/www.24gliwice.pl\\\/wiadomosci\\\/terenowy-punkt-paszportowy-powroci-do-centrum-gliwic-bedzie-w-urzedzie-miasta\\\/#article\",\"isPartOf\":{\"@id\":\"https:\\\/\\\/www.24gliwice.pl\\\/wiadomosci\\\/terenowy-punkt-paszportowy-powroci-do-centrum-gliwic-bedzie-w-urzedzie-miasta\\\/\"},\"author\":{\"name\":\"\u017baneta Mrozek-Siewierska\",\"@id\":\"https:\\\/\\\/www.24gliwice.pl\\\/wiadomosci\\\/#\\\/schema\\\/person\\\/e42c650edd7f2fa332be3811fb166b6e\"},\"headline\":\"Terenowy punkt paszportowy wraca do centrum Gliwic. B\u0119dzie w Urz\u0119dzie Miasta\",\"datePublished\":\"2017-08-30T09:59:08+00:00\",\"dateModified\":\"2017-08-30T09:59:33+00:00\",\"mainEntityOfPage\":{\"@id\":\"https:\\\/\\\/www.24gliwice.pl\\\/wiadomosci\\\/terenowy-punkt-paszportowy-powroci-do-centrum-gliwic-bedzie-w-urzedzie-miasta\\\/\"},\"wordCount\":221,\"commentCount\":0,\"publisher\":{\"@id\":\"https:\\\/\\\/www.24gliwice.pl\\\/wiadomosci\\\/#organization\"},\"image\":{\"@id\":\"https:\\\/\\\/www.24gliwice.pl\\\/wiadomosci\\\/terenowy-punkt-paszportowy-powroci-do-centrum-gliwic-bedzie-w-urzedzie-miasta\\\/#primaryimage\"},\"thumbnailUrl\":\"https:\\\/\\\/www.24gliwice.pl\\\/wiadomosci\\\/wp-content\\\/uploads\\\/2017\\\/08\\\/punkt-paszportowy-e1504086888336.jpg\",\"keywords\":[\"paszport\",\"terenowy punkt paszportowy\",\"URZ\u0104D MIEJSKI\"],\"articleSection\":[\"Gliwice\",\"Najnowsze wiadomo\u015bci\"],\"inLanguage\":\"pl-PL\",\"potentialAction\":[{\"@type\":\"CommentAction\",\"name\":\"Comment\",\"target\":[\"https:\\\/\\\/www.24gliwice.pl\\\/wiadomosci\\\/terenowy-punkt-paszportowy-powroci-do-centrum-gliwic-bedzie-w-urzedzie-miasta\\\/#respond\"]}]},{\"@type\":\"WebPage\",\"@id\":\"https:\\\/\\\/www.24gliwice.pl\\\/wiadomosci\\\/terenowy-punkt-paszportowy-powroci-do-centrum-gliwic-bedzie-w-urzedzie-miasta\\\/\",\"url\":\"https:\\\/\\\/www.24gliwice.pl\\\/wiadomosci\\\/terenowy-punkt-paszportowy-powroci-do-centrum-gliwic-bedzie-w-urzedzie-miasta\\\/\",\"name\":\"Terenowy punkt paszportowy wraca do centrum Gliwic. B\u0119dzie w Urz\u0119dzie Miasta - 24GLIWICE - Portal Gliwice | codziennie nowe informacje\",\"isPartOf\":{\"@id\":\"https:\\\/\\\/www.24gliwice.pl\\\/wiadomosci\\\/#website\"},\"primaryImageOfPage\":{\"@id\":\"https:\\\/\\\/www.24gliwice.pl\\\/wiadomosci\\\/terenowy-punkt-paszportowy-powroci-do-centrum-gliwic-bedzie-w-urzedzie-miasta\\\/#primaryimage\"},\"image\":{\"@id\":\"https:\\\/\\\/www.24gliwice.pl\\\/wiadomosci\\\/terenowy-punkt-paszportowy-powroci-do-centrum-gliwic-bedzie-w-urzedzie-miasta\\\/#primaryimage\"},\"thumbnailUrl\":\"https:\\\/\\\/www.24gliwice.pl\\\/wiadomosci\\\/wp-content\\\/uploads\\\/2017\\\/08\\\/punkt-paszportowy-e1504086888336.jpg\",\"datePublished\":\"2017-08-30T09:59:08+00:00\",\"dateModified\":\"2017-08-30T09:59:33+00:00\",\"breadcrumb\":{\"@id\":\"https:\\\/\\\/www.24gliwice.pl\\\/wiadomosci\\\/terenowy-punkt-paszportowy-powroci-do-centrum-gliwic-bedzie-w-urzedzie-miasta\\\/#breadcrumb\"},\"inLanguage\":\"pl-PL\",\"potentialAction\":[{\"@type\":\"ReadAction\",\"target\":[\"https:\\\/\\\/www.24gliwice.pl\\\/wiadomosci\\\/terenowy-punkt-paszportowy-powroci-do-centrum-gliwic-bedzie-w-urzedzie-miasta\\\/\"]}]},{\"@type\":\"ImageObject\",\"inLanguage\":\"pl-PL\",\"@id\":\"https:\\\/\\\/www.24gliwice.pl\\\/wiadomosci\\\/terenowy-punkt-paszportowy-powroci-do-centrum-gliwic-bedzie-w-urzedzie-miasta\\\/#primaryimage\",\"url\":\"https:\\\/\\\/www.24gliwice.pl\\\/wiadomosci\\\/wp-content\\\/uploads\\\/2017\\\/08\\\/punkt-paszportowy-e1504086888336.jpg\",\"contentUrl\":\"https:\\\/\\\/www.24gliwice.pl\\\/wiadomosci\\\/wp-content\\\/uploads\\\/2017\\\/08\\\/punkt-paszportowy-e1504086888336.jpg\",\"width\":810,\"height\":455},{\"@type\":\"BreadcrumbList\",\"@id\":\"https:\\\/\\\/www.24gliwice.pl\\\/wiadomosci\\\/terenowy-punkt-paszportowy-powroci-do-centrum-gliwic-bedzie-w-urzedzie-miasta\\\/#breadcrumb\",\"itemListElement\":[{\"@type\":\"ListItem\",\"position\":1,\"name\":\"Strona g\u0142\u00f3wna\",\"item\":\"https:\\\/\\\/www.24gliwice.pl\\\/wiadomosci\\\/\"},{\"@type\":\"ListItem\",\"position\":2,\"name\":\"Terenowy punkt paszportowy wraca do centrum Gliwic. B\u0119dzie w Urz\u0119dzie Miasta\"}]},{\"@type\":\"WebSite\",\"@id\":\"https:\\\/\\\/www.24gliwice.pl\\\/wiadomosci\\\/#website\",\"url\":\"https:\\\/\\\/www.24gliwice.pl\\\/wiadomosci\\\/\",\"name\":\"24GLIWICE - Portal Gliwice | codziennie nowe wiadomo\u015bci\",\"description\":\"Portal Miejski Gliwice\",\"publisher\":{\"@id\":\"https:\\\/\\\/www.24gliwice.pl\\\/wiadomosci\\\/#organization\"},\"potentialAction\":[{\"@type\":\"SearchAction\",\"target\":{\"@type\":\"EntryPoint\",\"urlTemplate\":\"https:\\\/\\\/www.24gliwice.pl\\\/wiadomosci\\\/?s={search_term_string}\"},\"query-input\":{\"@type\":\"PropertyValueSpecification\",\"valueRequired\":true,\"valueName\":\"search_term_string\"}}],\"inLanguage\":\"pl-PL\"},{\"@type\":\"Organization\",\"@id\":\"https:\\\/\\\/www.24gliwice.pl\\\/wiadomosci\\\/#organization\",\"name\":\"24gliwice\",\"url\":\"https:\\\/\\\/www.24gliwice.pl\\\/wiadomosci\\\/\",\"logo\":{\"@type\":\"ImageObject\",\"inLanguage\":\"pl-PL\",\"@id\":\"https:\\\/\\\/www.24gliwice.pl\\\/wiadomosci\\\/#\\\/schema\\\/logo\\\/image\\\/\",\"url\":\"https:\\\/\\\/www.24gliwice.pl\\\/wiadomosci\\\/wp-content\\\/uploads\\\/2024\\\/10\\\/24gliwice-logo-696.jpg\",\"contentUrl\":\"https:\\\/\\\/www.24gliwice.pl\\\/wiadomosci\\\/wp-content\\\/uploads\\\/2024\\\/10\\\/24gliwice-logo-696.jpg\",\"width\":696,\"height\":696,\"caption\":\"24gliwice\"},\"image\":{\"@id\":\"https:\\\/\\\/www.24gliwice.pl\\\/wiadomosci\\\/#\\\/schema\\\/logo\\\/image\\\/\"},\"sameAs\":[\"https:\\\/\\\/www.facebook.com\\\/24gliwice\",\"https:\\\/\\\/x.com\\\/24gliwice\",\"https:\\\/\\\/www.youtube.com\\\/@24gliwice\"]},{\"@type\":\"Person\",\"@id\":\"https:\\\/\\\/www.24gliwice.pl\\\/wiadomosci\\\/#\\\/schema\\\/person\\\/e42c650edd7f2fa332be3811fb166b6e\",\"name\":\"\u017baneta Mrozek-Siewierska\",\"image\":{\"@type\":\"ImageObject\",\"inLanguage\":\"pl-PL\",\"@id\":\"https:\\\/\\\/secure.gravatar.com\\\/avatar\\\/1881429e9c64597c77ad7aef2d0a19be69a3253e57534d16aa15bf3a4d34a0a3?s=96&d=mm&r=g\",\"url\":\"https:\\\/\\\/secure.gravatar.com\\\/avatar\\\/1881429e9c64597c77ad7aef2d0a19be69a3253e57534d16aa15bf3a4d34a0a3?s=96&d=mm&r=g\",\"contentUrl\":\"https:\\\/\\\/secure.gravatar.com\\\/avatar\\\/1881429e9c64597c77ad7aef2d0a19be69a3253e57534d16aa15bf3a4d34a0a3?s=96&d=mm&r=g\",\"caption\":\"\u017baneta Mrozek-Siewierska\"},\"url\":\"https:\\\/\\\/www.24gliwice.pl\\\/wiadomosci\\\/author\\\/zms\\\/\"}]}<\/script>\n<!-- \/ Yoast SEO plugin. -->","yoast_head_json":{"title":"Terenowy punkt paszportowy wraca do centrum Gliwic. B\u0119dzie w Urz\u0119dzie Miasta - 24GLIWICE - Portal Gliwice | codziennie nowe informacje","robots":{"index":"index","follow":"follow","max-snippet":"max-snippet:-1","max-image-preview":"max-image-preview:large","max-video-preview":"max-video-preview:-1"},"canonical":"https:\/\/www.24gliwice.pl\/wiadomosci\/terenowy-punkt-paszportowy-powroci-do-centrum-gliwic-bedzie-w-urzedzie-miasta\/","og_locale":"pl_PL","og_type":"article","og_title":"Terenowy punkt paszportowy wraca do centrum Gliwic. B\u0119dzie w Urz\u0119dzie Miasta - 24GLIWICE - Portal Gliwice | codziennie nowe informacje","og_description":"Na pocz\u0105tku wrze\u015bnia w magistracie uruchomiony zostanie punkt paszportowy, kt\u00f3ry dotychczas znajdowa\u0142 si\u0119 przy ulicy Bojkowskiej. Nie trzeba b\u0119dzie fatygowa\u0107 si\u0119 w odlegle od centrum miejsce. Kiedy\u015b paszport mo\u017cna by\u0142o wyrobi\u0107 w punkcie w pobli\u017cu Komendy Policji, NFZ znajdowa\u0142 si\u0119 na zbiegu ulic G\u00f3rnych Wa\u0142\u00f3w i Ziemowita, a ZUS przy ulicy Jana Paw\u0142a. Od kilku [&hellip;]","og_url":"https:\/\/www.24gliwice.pl\/wiadomosci\/terenowy-punkt-paszportowy-powroci-do-centrum-gliwic-bedzie-w-urzedzie-miasta\/","og_site_name":"24GLIWICE - Portal Gliwice | codziennie nowe informacje","article_publisher":"https:\/\/www.facebook.com\/24gliwice","article_published_time":"2017-08-30T09:59:08+00:00","article_modified_time":"2017-08-30T09:59:33+00:00","og_image":[{"width":810,"height":455,"url":"https:\/\/www.24gliwice.pl\/wiadomosci\/wp-content\/uploads\/2017\/08\/punkt-paszportowy-e1504086888336.jpg","type":"image\/jpeg"}],"author":"\u017baneta Mrozek-Siewierska","twitter_card":"summary_large_image","twitter_creator":"@24gliwice","twitter_site":"@24gliwice","twitter_misc":{"Napisane przez":"\u017baneta Mrozek-Siewierska","Szacowany czas czytania":"1 minuta"},"schema":{"@context":"https:\/\/schema.org","@graph":[{"@type":"Article","@id":"https:\/\/www.24gliwice.pl\/wiadomosci\/terenowy-punkt-paszportowy-powroci-do-centrum-gliwic-bedzie-w-urzedzie-miasta\/#article","isPartOf":{"@id":"https:\/\/www.24gliwice.pl\/wiadomosci\/terenowy-punkt-paszportowy-powroci-do-centrum-gliwic-bedzie-w-urzedzie-miasta\/"},"author":{"name":"\u017baneta Mrozek-Siewierska","@id":"https:\/\/www.24gliwice.pl\/wiadomosci\/#\/schema\/person\/e42c650edd7f2fa332be3811fb166b6e"},"headline":"Terenowy punkt paszportowy wraca do centrum Gliwic. B\u0119dzie w Urz\u0119dzie Miasta","datePublished":"2017-08-30T09:59:08+00:00","dateModified":"2017-08-30T09:59:33+00:00","mainEntityOfPage":{"@id":"https:\/\/www.24gliwice.pl\/wiadomosci\/terenowy-punkt-paszportowy-powroci-do-centrum-gliwic-bedzie-w-urzedzie-miasta\/"},"wordCount":221,"commentCount":0,"publisher":{"@id":"https:\/\/www.24gliwice.pl\/wiadomosci\/#organization"},"image":{"@id":"https:\/\/www.24gliwice.pl\/wiadomosci\/terenowy-punkt-paszportowy-powroci-do-centrum-gliwic-bedzie-w-urzedzie-miasta\/#primaryimage"},"thumbnailUrl":"https:\/\/www.24gliwice.pl\/wiadomosci\/wp-content\/uploads\/2017\/08\/punkt-paszportowy-e1504086888336.jpg","keywords":["paszport","terenowy punkt paszportowy","URZ\u0104D MIEJSKI"],"articleSection":["Gliwice","Najnowsze wiadomo\u015bci"],"inLanguage":"pl-PL","potentialAction":[{"@type":"CommentAction","name":"Comment","target":["https:\/\/www.24gliwice.pl\/wiadomosci\/terenowy-punkt-paszportowy-powroci-do-centrum-gliwic-bedzie-w-urzedzie-miasta\/#respond"]}]},{"@type":"WebPage","@id":"https:\/\/www.24gliwice.pl\/wiadomosci\/terenowy-punkt-paszportowy-powroci-do-centrum-gliwic-bedzie-w-urzedzie-miasta\/","url":"https:\/\/www.24gliwice.pl\/wiadomosci\/terenowy-punkt-paszportowy-powroci-do-centrum-gliwic-bedzie-w-urzedzie-miasta\/","name":"Terenowy punkt paszportowy wraca do centrum Gliwic. B\u0119dzie w Urz\u0119dzie Miasta - 24GLIWICE - Portal Gliwice | codziennie nowe informacje","isPartOf":{"@id":"https:\/\/www.24gliwice.pl\/wiadomosci\/#website"},"primaryImageOfPage":{"@id":"https:\/\/www.24gliwice.pl\/wiadomosci\/terenowy-punkt-paszportowy-powroci-do-centrum-gliwic-bedzie-w-urzedzie-miasta\/#primaryimage"},"image":{"@id":"https:\/\/www.24gliwice.pl\/wiadomosci\/terenowy-punkt-paszportowy-powroci-do-centrum-gliwic-bedzie-w-urzedzie-miasta\/#primaryimage"},"thumbnailUrl":"https:\/\/www.24gliwice.pl\/wiadomosci\/wp-content\/uploads\/2017\/08\/punkt-paszportowy-e1504086888336.jpg","datePublished":"2017-08-30T09:59:08+00:00","dateModified":"2017-08-30T09:59:33+00:00","breadcrumb":{"@id":"https:\/\/www.24gliwice.pl\/wiadomosci\/terenowy-punkt-paszportowy-powroci-do-centrum-gliwic-bedzie-w-urzedzie-miasta\/#breadcrumb"},"inLanguage":"pl-PL","potentialAction":[{"@type":"ReadAction","target":["https:\/\/www.24gliwice.pl\/wiadomosci\/terenowy-punkt-paszportowy-powroci-do-centrum-gliwic-bedzie-w-urzedzie-miasta\/"]}]},{"@type":"ImageObject","inLanguage":"pl-PL","@id":"https:\/\/www.24gliwice.pl\/wiadomosci\/terenowy-punkt-paszportowy-powroci-do-centrum-gliwic-bedzie-w-urzedzie-miasta\/#primaryimage","url":"https:\/\/www.24gliwice.pl\/wiadomosci\/wp-content\/uploads\/2017\/08\/punkt-paszportowy-e1504086888336.jpg","contentUrl":"https:\/\/www.24gliwice.pl\/wiadomosci\/wp-content\/uploads\/2017\/08\/punkt-paszportowy-e1504086888336.jpg","width":810,"height":455},{"@type":"BreadcrumbList","@id":"https:\/\/www.24gliwice.pl\/wiadomosci\/terenowy-punkt-paszportowy-powroci-do-centrum-gliwic-bedzie-w-urzedzie-miasta\/#breadcrumb","itemListElement":[{"@type":"ListItem","position":1,"name":"Strona g\u0142\u00f3wna","item":"https:\/\/www.24gliwice.pl\/wiadomosci\/"},{"@type":"ListItem","position":2,"name":"Terenowy punkt paszportowy wraca do centrum Gliwic. B\u0119dzie w Urz\u0119dzie Miasta"}]},{"@type":"WebSite","@id":"https:\/\/www.24gliwice.pl\/wiadomosci\/#website","url":"https:\/\/www.24gliwice.pl\/wiadomosci\/","name":"24GLIWICE - Portal Gliwice | codziennie nowe wiadomo\u015bci","description":"Portal Miejski Gliwice","publisher":{"@id":"https:\/\/www.24gliwice.pl\/wiadomosci\/#organization"},"potentialAction":[{"@type":"SearchAction","target":{"@type":"EntryPoint","urlTemplate":"https:\/\/www.24gliwice.pl\/wiadomosci\/?s={search_term_string}"},"query-input":{"@type":"PropertyValueSpecification","valueRequired":true,"valueName":"search_term_string"}}],"inLanguage":"pl-PL"},{"@type":"Organization","@id":"https:\/\/www.24gliwice.pl\/wiadomosci\/#organization","name":"24gliwice","url":"https:\/\/www.24gliwice.pl\/wiadomosci\/","logo":{"@type":"ImageObject","inLanguage":"pl-PL","@id":"https:\/\/www.24gliwice.pl\/wiadomosci\/#\/schema\/logo\/image\/","url":"https:\/\/www.24gliwice.pl\/wiadomosci\/wp-content\/uploads\/2024\/10\/24gliwice-logo-696.jpg","contentUrl":"https:\/\/www.24gliwice.pl\/wiadomosci\/wp-content\/uploads\/2024\/10\/24gliwice-logo-696.jpg","width":696,"height":696,"caption":"24gliwice"},"image":{"@id":"https:\/\/www.24gliwice.pl\/wiadomosci\/#\/schema\/logo\/image\/"},"sameAs":["https:\/\/www.facebook.com\/24gliwice","https:\/\/x.com\/24gliwice","https:\/\/www.youtube.com\/@24gliwice"]},{"@type":"Person","@id":"https:\/\/www.24gliwice.pl\/wiadomosci\/#\/schema\/person\/e42c650edd7f2fa332be3811fb166b6e","name":"\u017baneta Mrozek-Siewierska","image":{"@type":"ImageObject","inLanguage":"pl-PL","@id":"https:\/\/secure.gravatar.com\/avatar\/1881429e9c64597c77ad7aef2d0a19be69a3253e57534d16aa15bf3a4d34a0a3?s=96&d=mm&r=g","url":"https:\/\/secure.gravatar.com\/avatar\/1881429e9c64597c77ad7aef2d0a19be69a3253e57534d16aa15bf3a4d34a0a3?s=96&d=mm&r=g","contentUrl":"https:\/\/secure.gravatar.com\/avatar\/1881429e9c64597c77ad7aef2d0a19be69a3253e57534d16aa15bf3a4d34a0a3?s=96&d=mm&r=g","caption":"\u017baneta Mrozek-Siewierska"},"url":"https:\/\/www.24gliwice.pl\/wiadomosci\/author\/zms\/"}]}},"_links":{"self":[{"href":"https:\/\/www.24gliwice.pl\/wiadomosci\/wp-json\/wp\/v2\/posts\/103566","targetHints":{"allow":["GET"]}}],"collection":[{"href":"https:\/\/www.24gliwice.pl\/wiadomosci\/wp-json\/wp\/v2\/posts"}],"about":[{"href":"https:\/\/www.24gliwice.pl\/wiadomosci\/wp-json\/wp\/v2\/types\/post"}],"author":[{"embeddable":true,"href":"https:\/\/www.24gliwice.pl\/wiadomosci\/wp-json\/wp\/v2\/users\/15"}],"replies":[{"embeddable":true,"href":"https:\/\/www.24gliwice.pl\/wiadomosci\/wp-json\/wp\/v2\/comments?post=103566"}],"version-history":[{"count":0,"href":"https:\/\/www.24gliwice.pl\/wiadomosci\/wp-json\/wp\/v2\/posts\/103566\/revisions"}],"wp:featuredmedia":[{"embeddable":true,"href":"https:\/\/www.24gliwice.pl\/wiadomosci\/wp-json\/wp\/v2\/media\/103578"}],"wp:attachment":[{"href":"https:\/\/www.24gliwice.pl\/wiadomosci\/wp-json\/wp\/v2\/media?parent=103566"}],"wp:term":[{"taxonomy":"category","embeddable":true,"href":"https:\/\/www.24gliwice.pl\/wiadomosci\/wp-json\/wp\/v2\/categories?post=103566"},{"taxonomy":"post_tag","embeddable":true,"href":"https:\/\/www.24gliwice.pl\/wiadomosci\/wp-json\/wp\/v2\/tags?post=103566"}],"curies":[{"name":"wp","href":"https:\/\/api.w.org\/{rel}","templated":true}]}}