{"id":103699,"date":"2017-09-02T06:29:50","date_gmt":"2017-09-02T04:29:50","guid":{"rendered":"http:\/\/www.24gliwice.pl\/wiadomosci\/?p=103699"},"modified":"2017-09-01T23:35:52","modified_gmt":"2017-09-01T21:35:52","slug":"armata-powietrzna-szumiace-rury-organy-rurowe-park-sensoryczny-zapowiada-sie-naprawde-ciekawie","status":"publish","type":"post","link":"https:\/\/www.24gliwice.pl\/wiadomosci\/armata-powietrzna-szumiace-rury-organy-rurowe-park-sensoryczny-zapowiada-sie-naprawde-ciekawie\/","title":{"rendered":"Armata powietrzna, szumi\u0105ce rury, organy rurowe&#8230; Park sensoryczny zapowiada si\u0119 naprawd\u0119 ciekawie"},"content":{"rendered":"<div class=\"gliwi-a6-nad-leadem-artykulow gliwi-entity-placement\" id=\"gliwi-2282738222\"><div class=\"gliwi-adlabel\"><span style=\"font-size: 9px\">REKLAMA<\/span><\/div><div id=\"gliwi-1400767720\" style=\"margin-bottom: 25px;margin-left: auto;margin-right: auto;text-align: center;\"><a data-no-instant=\"1\" href=\"https:\/\/dom100.eu\/\" rel=\"noopener\" class=\"a2t-link\" target=\"_blank\" aria-label=\"20260415 DOM100 D\"><img loading=\"lazy\" decoding=\"async\" src=\"https:\/\/www.24gliwice.pl\/wiadomosci\/wp-content\/uploads\/2026\/04\/20260415-DOM100-D.jpg\" alt=\"\"  srcset=\"https:\/\/www.24gliwice.pl\/wiadomosci\/wp-content\/uploads\/2026\/04\/20260415-DOM100-D.jpg 750w, https:\/\/www.24gliwice.pl\/wiadomosci\/wp-content\/uploads\/2026\/04\/20260415-DOM100-D-410x109.jpg 410w\" sizes=\"(max-width: 750px) 100vw, 750px\" class=\"no-lazyload\" width=\"750\" height=\"200\"  style=\"display: inline-block; max-width: 100%; height: auto;\" \/><\/a><\/div><\/div><h3>9 interaktywnych urz\u0105dze\u0144 znajdzie si\u0119 niebawem przy ulicy Tarnog\u00f3rskiej. Budowa parku sensorycznego jest na bardzo zaawansowanym etapie. Do ko\u0144ca wrze\u015bnia wszystko ma by\u0107 gotowe.<\/h3>\n<p>Roboty budowlane zrealizowane zosta\u0142y w 80%. W tej chwili ko\u0144cz\u0105 si\u0119 prace przy uk\u0142adaniu drewnianych podest\u00f3w. Systematycznie odbywa si\u0119 monta\u017c urz\u0105dze\u0144 b\u0119d\u0105cych na wyposa\u017ceniu parku.<\/p>\n<p>Po zako\u0144czeniu rob\u00f3t nieopodal Radiostacji znajd\u0105 si\u0119 urz\u0105dzenia takie, jak gong, armata powietrzna, telefon paraboliczny, telegraf akustyczny, organy rurowe, ksylofon, szumi\u0105ce rury, symulator operatora kamery, za pomoc\u0105 kt\u00f3rego b\u0119dzie mo\u017cna sterowa\u0107 kamer\u0105 umieszczon\u0105 na maszcie, a tak\u017ce st\u00f3\u0142 radiowy.<\/p><div class=\"gliwi-a3-w-tresci-artykulow gliwi-entity-placement\" id=\"gliwi-1184155801\"><div class=\"gliwi-adlabel\"><span style=\"font-size: 9px\">REKLAMA<\/span><\/div><div id=\"gliwi-974533942\" style=\"margin-bottom: 30px;margin-left: auto;margin-right: auto;text-align: center;\"><a data-no-instant=\"1\" href=\"https:\/\/zlobek.halogen.org.pl\/\" rel=\"noopener\" class=\"a2t-link\" target=\"_blank\" aria-label=\"animator-zlobek_750x200\"><img loading=\"lazy\" decoding=\"async\" src=\"https:\/\/www.24gliwice.pl\/wiadomosci\/wp-content\/uploads\/2026\/02\/animator-zlobek_750x200.webp\" alt=\"\"  srcset=\"https:\/\/www.24gliwice.pl\/wiadomosci\/wp-content\/uploads\/2026\/02\/animator-zlobek_750x200.webp 750w, https:\/\/www.24gliwice.pl\/wiadomosci\/wp-content\/uploads\/2026\/02\/animator-zlobek_750x200-410x109.webp 410w\" sizes=\"(max-width: 750px) 100vw, 750px\" class=\"no-lazyload\" width=\"750\" height=\"200\"  style=\"display: inline-block; max-width: 100%; height: auto;\" \/><\/a><\/div><\/div>\n<blockquote><p>Do wykonania pozosta\u0142y jeszcze prace przy monta\u017cu \u0142awek, nasadzeniu ro\u015blinno\u015bci oraz monta\u017c o\u015bwietlenia. Zak\u0142adamy, \u017ce do ko\u0144ca wrze\u015bnia inwestycja zostanie zako\u0144czona i oddana do u\u017cytkowania<\/p><\/blockquote>\n<p>&#8211; wylicza <strong>Mariusz Kope\u0107<\/strong>, rzecznik prasowy \u015al\u0105skiej Sieci Metropolitalnej.<\/p>\n<p>Zieleni\u0105 zostan\u0105 obsadzone klomby i pergole pomi\u0119dzy alejami oddzielaj\u0105cymi poszczeg\u00f3lne urz\u0105dzenia. Alejki b\u0119d\u0105 o\u015bwietlone latarniami koresponduj\u0105cymi wygl\u0105dem z ju\u017c istniej\u0105cymi w taki spos\u00f3b, by umo\u017cliwi\u0107 korzystanie z parku sensorycznego r\u00f3wnie\u017c wieczorami. Teren i urz\u0105dzenia b\u0119d\u0105 dostosowane do potrzeb os\u00f3b niepe\u0142nosprawnych.<\/p>\n[perfectpullquote align=&#8221;full&#8221; cite=&#8221;&#8221; link=&#8221;&#8221; color=&#8221;&#8221; class=&#8221;&#8221; size=&#8221;&#8221;]\u015aSM nie przewiduje uroczystego otwarcia nowego miejsca.[\/perfectpullquote]\n<p>&#8211; W za\u0142o\u017conych kosztach kt\u00f3rymi dysponujemy nie ma pozycji przewidzianej na promocj\u0119 inwestycji tudzie\u017c uroczyste jej otwarcie. Ale to jeszcze nic nie oznacza &#8211; informuje Kope\u0107. &#8211; Nie mniej jako \u015al\u0105ska Sie\u0107 Metropolitalna, chcieliby\u015bmy zorganizowa\u0107 jedno wydarzenie na terenie parku w pa\u017adzierniku, ale teraz nie jestem w stanie poda\u0107 szczeg\u00f3\u0142\u00f3w imprezy &#8211; dodaje.<\/p>\n<p><img loading=\"lazy\" decoding=\"async\" class=\"aligncenter size-large wp-image-101358\" src=\"http:\/\/www.24gliwice.pl\/wiadomosci\/wp-content\/uploads\/2017\/07\/centrum-umiej\u0119tno\u015bci-810x455.jpg\" alt=\"\" width=\"810\" height=\"455\" \/><\/p>\n<p>Inwestycja to wydatek oko\u0142o 994 tysi\u0119cy z\u0142otych. Z sensorycznej atrakcji b\u0119dzie mo\u017cna korzysta\u0107 przez ca\u0142y rok. Wykonawc\u0105 jest gliwicka firma Fulco Technologie Budowlane Sp. z o.o.<\/p>\n<p>(\u017cmms)\/UM(mf)<br \/>\nfot. \u017bMS\/24gliwice.pl<\/p>\n<div class=\"gliwi-a5-na-koncu-artykulow gliwi-entity-placement\" id=\"gliwi-2897145421\"><div class=\"gliwi-adlabel\"><span style=\"font-size: 9px\">REKLAMA<\/span><\/div><div id=\"gliwi-996684900\" style=\"margin-left: auto;margin-right: auto;text-align: center;\"><a data-no-instant=\"1\" href=\"https:\/\/prezeroarenagliwice.pl\/\" rel=\"noopener\" class=\"a2t-link\" target=\"_blank\" aria-label=\"20260309-PREZERO-WIOSNA-D\"><img loading=\"lazy\" decoding=\"async\" src=\"https:\/\/www.24gliwice.pl\/wiadomosci\/wp-content\/uploads\/2026\/03\/20260309-PREZERO-WIOSNA-D.webp\" alt=\"\"  srcset=\"https:\/\/www.24gliwice.pl\/wiadomosci\/wp-content\/uploads\/2026\/03\/20260309-PREZERO-WIOSNA-D.webp 750w, https:\/\/www.24gliwice.pl\/wiadomosci\/wp-content\/uploads\/2026\/03\/20260309-PREZERO-WIOSNA-D-410x109.webp 410w\" sizes=\"(max-width: 750px) 100vw, 750px\" class=\"no-lazyload\" width=\"750\" height=\"200\"  style=\"display: inline-block; max-width: 100%; height: auto;\" \/><\/a><\/div><\/div>","protected":false},"excerpt":{"rendered":"<p>9 interaktywnych urz\u0105dze\u0144 znajdzie si\u0119 niebawem przy ulicy Tarnog\u00f3rskiej. Budowa parku sensorycznego jest na bardzo zaawansowanym etapie. Do ko\u0144ca wrze\u015bnia wszystko ma by\u0107 gotowe. Roboty budowlane zrealizowane zosta\u0142y w 80%. W tej chwili ko\u0144cz\u0105 si\u0119 prace przy uk\u0142adaniu drewnianych podest\u00f3w. Systematycznie odbywa si\u0119 monta\u017c urz\u0105dze\u0144 b\u0119d\u0105cych na wyposa\u017ceniu parku. Po zako\u0144czeniu rob\u00f3t nieopodal Radiostacji znajd\u0105 [&hellip;]<\/p>\n","protected":false},"author":15,"featured_media":103701,"comment_status":"open","ping_status":"closed","sticky":false,"template":"","format":"standard","meta":{"_monsterinsights_skip_tracking":false,"_monsterinsights_sitenote_active":false,"_monsterinsights_sitenote_note":"","_monsterinsights_sitenote_category":0,"footnotes":"","_links_to":"","_links_to_target":""},"categories":[3,1,9],"tags":[10088,10087,128,495],"class_list":["post-103699","post","type-post","status-publish","format-standard","has-post-thumbnail","hentry","category-gliwice","category-wszystko","category-aktualnosci_lokalne","tag-centrum-umiejetnosci","tag-park-sensoryczny","tag-slaska-siec-metropolitalna","tag-ssm"],"yoast_head":"<!-- This site is optimized with the Yoast SEO plugin v27.5 - https:\/\/yoast.com\/product\/yoast-seo-wordpress\/ -->\n<title>Armata powietrzna, szumi\u0105ce rury, organy rurowe... Park sensoryczny zapowiada si\u0119 naprawd\u0119 ciekawie - 24GLIWICE - Portal Gliwice | codziennie nowe informacje<\/title>\n<meta name=\"robots\" content=\"index, follow, max-snippet:-1, max-image-preview:large, max-video-preview:-1\" \/>\n<link rel=\"canonical\" href=\"https:\/\/www.24gliwice.pl\/wiadomosci\/armata-powietrzna-szumiace-rury-organy-rurowe-park-sensoryczny-zapowiada-sie-naprawde-ciekawie\/\" \/>\n<meta property=\"og:locale\" content=\"pl_PL\" \/>\n<meta property=\"og:type\" content=\"article\" \/>\n<meta property=\"og:title\" content=\"Armata powietrzna, szumi\u0105ce rury, organy rurowe... Park sensoryczny zapowiada si\u0119 naprawd\u0119 ciekawie - 24GLIWICE - Portal Gliwice | codziennie nowe informacje\" \/>\n<meta property=\"og:description\" content=\"9 interaktywnych urz\u0105dze\u0144 znajdzie si\u0119 niebawem przy ulicy Tarnog\u00f3rskiej. Budowa parku sensorycznego jest na bardzo zaawansowanym etapie. Do ko\u0144ca wrze\u015bnia wszystko ma by\u0107 gotowe. Roboty budowlane zrealizowane zosta\u0142y w 80%. W tej chwili ko\u0144cz\u0105 si\u0119 prace przy uk\u0142adaniu drewnianych podest\u00f3w. Systematycznie odbywa si\u0119 monta\u017c urz\u0105dze\u0144 b\u0119d\u0105cych na wyposa\u017ceniu parku. Po zako\u0144czeniu rob\u00f3t nieopodal Radiostacji znajd\u0105 [&hellip;]\" \/>\n<meta property=\"og:url\" content=\"https:\/\/www.24gliwice.pl\/wiadomosci\/armata-powietrzna-szumiace-rury-organy-rurowe-park-sensoryczny-zapowiada-sie-naprawde-ciekawie\/\" \/>\n<meta property=\"og:site_name\" content=\"24GLIWICE - Portal Gliwice | codziennie nowe informacje\" \/>\n<meta property=\"article:publisher\" content=\"https:\/\/www.facebook.com\/24gliwice\" \/>\n<meta property=\"article:published_time\" content=\"2017-09-02T04:29:50+00:00\" \/>\n<meta property=\"og:image\" content=\"https:\/\/www.24gliwice.pl\/wiadomosci\/wp-content\/uploads\/2017\/09\/park-sensoryczny.jpg\" \/>\n\t<meta property=\"og:image:width\" content=\"2048\" \/>\n\t<meta property=\"og:image:height\" content=\"1152\" \/>\n\t<meta property=\"og:image:type\" content=\"image\/jpeg\" \/>\n<meta name=\"author\" content=\"\u017baneta Mrozek-Siewierska\" \/>\n<meta name=\"twitter:card\" content=\"summary_large_image\" \/>\n<meta name=\"twitter:creator\" content=\"@24gliwice\" \/>\n<meta name=\"twitter:site\" content=\"@24gliwice\" \/>\n<meta name=\"twitter:label1\" content=\"Napisane przez\" \/>\n\t<meta name=\"twitter:data1\" content=\"\u017baneta Mrozek-Siewierska\" \/>\n\t<meta name=\"twitter:label2\" content=\"Szacowany czas czytania\" \/>\n\t<meta name=\"twitter:data2\" content=\"2 minuty\" \/>\n<script type=\"application\/ld+json\" class=\"yoast-schema-graph\">{\"@context\":\"https:\\\/\\\/schema.org\",\"@graph\":[{\"@type\":\"Article\",\"@id\":\"https:\\\/\\\/www.24gliwice.pl\\\/wiadomosci\\\/armata-powietrzna-szumiace-rury-organy-rurowe-park-sensoryczny-zapowiada-sie-naprawde-ciekawie\\\/#article\",\"isPartOf\":{\"@id\":\"https:\\\/\\\/www.24gliwice.pl\\\/wiadomosci\\\/armata-powietrzna-szumiace-rury-organy-rurowe-park-sensoryczny-zapowiada-sie-naprawde-ciekawie\\\/\"},\"author\":{\"name\":\"\u017baneta Mrozek-Siewierska\",\"@id\":\"https:\\\/\\\/www.24gliwice.pl\\\/wiadomosci\\\/#\\\/schema\\\/person\\\/e42c650edd7f2fa332be3811fb166b6e\"},\"headline\":\"Armata powietrzna, szumi\u0105ce rury, organy rurowe&#8230; Park sensoryczny zapowiada si\u0119 naprawd\u0119 ciekawie\",\"datePublished\":\"2017-09-02T04:29:50+00:00\",\"mainEntityOfPage\":{\"@id\":\"https:\\\/\\\/www.24gliwice.pl\\\/wiadomosci\\\/armata-powietrzna-szumiace-rury-organy-rurowe-park-sensoryczny-zapowiada-sie-naprawde-ciekawie\\\/\"},\"wordCount\":335,\"commentCount\":0,\"publisher\":{\"@id\":\"https:\\\/\\\/www.24gliwice.pl\\\/wiadomosci\\\/#organization\"},\"image\":{\"@id\":\"https:\\\/\\\/www.24gliwice.pl\\\/wiadomosci\\\/armata-powietrzna-szumiace-rury-organy-rurowe-park-sensoryczny-zapowiada-sie-naprawde-ciekawie\\\/#primaryimage\"},\"thumbnailUrl\":\"https:\\\/\\\/www.24gliwice.pl\\\/wiadomosci\\\/wp-content\\\/uploads\\\/2017\\\/09\\\/park-sensoryczny.jpg\",\"keywords\":[\"centrum umiej\u0119tno\u015bci\",\"park sensoryczny\",\"\u015aL\u0104SKA SIE\u0106 METROPOLITARNA\",\"\u015aSM\"],\"articleSection\":[\"Gliwice\",\"Najnowsze wiadomo\u015bci\",\"Portal Gliwice - Wiadomo\u015bci lokalne\"],\"inLanguage\":\"pl-PL\",\"potentialAction\":[{\"@type\":\"CommentAction\",\"name\":\"Comment\",\"target\":[\"https:\\\/\\\/www.24gliwice.pl\\\/wiadomosci\\\/armata-powietrzna-szumiace-rury-organy-rurowe-park-sensoryczny-zapowiada-sie-naprawde-ciekawie\\\/#respond\"]}]},{\"@type\":\"WebPage\",\"@id\":\"https:\\\/\\\/www.24gliwice.pl\\\/wiadomosci\\\/armata-powietrzna-szumiace-rury-organy-rurowe-park-sensoryczny-zapowiada-sie-naprawde-ciekawie\\\/\",\"url\":\"https:\\\/\\\/www.24gliwice.pl\\\/wiadomosci\\\/armata-powietrzna-szumiace-rury-organy-rurowe-park-sensoryczny-zapowiada-sie-naprawde-ciekawie\\\/\",\"name\":\"Armata powietrzna, szumi\u0105ce rury, organy rurowe... Park sensoryczny zapowiada si\u0119 naprawd\u0119 ciekawie - 24GLIWICE - Portal Gliwice | codziennie nowe informacje\",\"isPartOf\":{\"@id\":\"https:\\\/\\\/www.24gliwice.pl\\\/wiadomosci\\\/#website\"},\"primaryImageOfPage\":{\"@id\":\"https:\\\/\\\/www.24gliwice.pl\\\/wiadomosci\\\/armata-powietrzna-szumiace-rury-organy-rurowe-park-sensoryczny-zapowiada-sie-naprawde-ciekawie\\\/#primaryimage\"},\"image\":{\"@id\":\"https:\\\/\\\/www.24gliwice.pl\\\/wiadomosci\\\/armata-powietrzna-szumiace-rury-organy-rurowe-park-sensoryczny-zapowiada-sie-naprawde-ciekawie\\\/#primaryimage\"},\"thumbnailUrl\":\"https:\\\/\\\/www.24gliwice.pl\\\/wiadomosci\\\/wp-content\\\/uploads\\\/2017\\\/09\\\/park-sensoryczny.jpg\",\"datePublished\":\"2017-09-02T04:29:50+00:00\",\"breadcrumb\":{\"@id\":\"https:\\\/\\\/www.24gliwice.pl\\\/wiadomosci\\\/armata-powietrzna-szumiace-rury-organy-rurowe-park-sensoryczny-zapowiada-sie-naprawde-ciekawie\\\/#breadcrumb\"},\"inLanguage\":\"pl-PL\",\"potentialAction\":[{\"@type\":\"ReadAction\",\"target\":[\"https:\\\/\\\/www.24gliwice.pl\\\/wiadomosci\\\/armata-powietrzna-szumiace-rury-organy-rurowe-park-sensoryczny-zapowiada-sie-naprawde-ciekawie\\\/\"]}]},{\"@type\":\"ImageObject\",\"inLanguage\":\"pl-PL\",\"@id\":\"https:\\\/\\\/www.24gliwice.pl\\\/wiadomosci\\\/armata-powietrzna-szumiace-rury-organy-rurowe-park-sensoryczny-zapowiada-sie-naprawde-ciekawie\\\/#primaryimage\",\"url\":\"https:\\\/\\\/www.24gliwice.pl\\\/wiadomosci\\\/wp-content\\\/uploads\\\/2017\\\/09\\\/park-sensoryczny.jpg\",\"contentUrl\":\"https:\\\/\\\/www.24gliwice.pl\\\/wiadomosci\\\/wp-content\\\/uploads\\\/2017\\\/09\\\/park-sensoryczny.jpg\",\"width\":2048,\"height\":1152},{\"@type\":\"BreadcrumbList\",\"@id\":\"https:\\\/\\\/www.24gliwice.pl\\\/wiadomosci\\\/armata-powietrzna-szumiace-rury-organy-rurowe-park-sensoryczny-zapowiada-sie-naprawde-ciekawie\\\/#breadcrumb\",\"itemListElement\":[{\"@type\":\"ListItem\",\"position\":1,\"name\":\"Strona g\u0142\u00f3wna\",\"item\":\"https:\\\/\\\/www.24gliwice.pl\\\/wiadomosci\\\/\"},{\"@type\":\"ListItem\",\"position\":2,\"name\":\"Armata powietrzna, szumi\u0105ce rury, organy rurowe&#8230; Park sensoryczny zapowiada si\u0119 naprawd\u0119 ciekawie\"}]},{\"@type\":\"WebSite\",\"@id\":\"https:\\\/\\\/www.24gliwice.pl\\\/wiadomosci\\\/#website\",\"url\":\"https:\\\/\\\/www.24gliwice.pl\\\/wiadomosci\\\/\",\"name\":\"24GLIWICE - Portal Gliwice | codziennie nowe wiadomo\u015bci\",\"description\":\"Portal Miejski Gliwice\",\"publisher\":{\"@id\":\"https:\\\/\\\/www.24gliwice.pl\\\/wiadomosci\\\/#organization\"},\"potentialAction\":[{\"@type\":\"SearchAction\",\"target\":{\"@type\":\"EntryPoint\",\"urlTemplate\":\"https:\\\/\\\/www.24gliwice.pl\\\/wiadomosci\\\/?s={search_term_string}\"},\"query-input\":{\"@type\":\"PropertyValueSpecification\",\"valueRequired\":true,\"valueName\":\"search_term_string\"}}],\"inLanguage\":\"pl-PL\"},{\"@type\":\"Organization\",\"@id\":\"https:\\\/\\\/www.24gliwice.pl\\\/wiadomosci\\\/#organization\",\"name\":\"24gliwice\",\"url\":\"https:\\\/\\\/www.24gliwice.pl\\\/wiadomosci\\\/\",\"logo\":{\"@type\":\"ImageObject\",\"inLanguage\":\"pl-PL\",\"@id\":\"https:\\\/\\\/www.24gliwice.pl\\\/wiadomosci\\\/#\\\/schema\\\/logo\\\/image\\\/\",\"url\":\"https:\\\/\\\/www.24gliwice.pl\\\/wiadomosci\\\/wp-content\\\/uploads\\\/2024\\\/10\\\/24gliwice-logo-696.jpg\",\"contentUrl\":\"https:\\\/\\\/www.24gliwice.pl\\\/wiadomosci\\\/wp-content\\\/uploads\\\/2024\\\/10\\\/24gliwice-logo-696.jpg\",\"width\":696,\"height\":696,\"caption\":\"24gliwice\"},\"image\":{\"@id\":\"https:\\\/\\\/www.24gliwice.pl\\\/wiadomosci\\\/#\\\/schema\\\/logo\\\/image\\\/\"},\"sameAs\":[\"https:\\\/\\\/www.facebook.com\\\/24gliwice\",\"https:\\\/\\\/x.com\\\/24gliwice\",\"https:\\\/\\\/www.youtube.com\\\/@24gliwice\"]},{\"@type\":\"Person\",\"@id\":\"https:\\\/\\\/www.24gliwice.pl\\\/wiadomosci\\\/#\\\/schema\\\/person\\\/e42c650edd7f2fa332be3811fb166b6e\",\"name\":\"\u017baneta Mrozek-Siewierska\",\"image\":{\"@type\":\"ImageObject\",\"inLanguage\":\"pl-PL\",\"@id\":\"https:\\\/\\\/secure.gravatar.com\\\/avatar\\\/1881429e9c64597c77ad7aef2d0a19be69a3253e57534d16aa15bf3a4d34a0a3?s=96&d=mm&r=g\",\"url\":\"https:\\\/\\\/secure.gravatar.com\\\/avatar\\\/1881429e9c64597c77ad7aef2d0a19be69a3253e57534d16aa15bf3a4d34a0a3?s=96&d=mm&r=g\",\"contentUrl\":\"https:\\\/\\\/secure.gravatar.com\\\/avatar\\\/1881429e9c64597c77ad7aef2d0a19be69a3253e57534d16aa15bf3a4d34a0a3?s=96&d=mm&r=g\",\"caption\":\"\u017baneta Mrozek-Siewierska\"},\"url\":\"https:\\\/\\\/www.24gliwice.pl\\\/wiadomosci\\\/author\\\/zms\\\/\"}]}<\/script>\n<!-- \/ Yoast SEO plugin. -->","yoast_head_json":{"title":"Armata powietrzna, szumi\u0105ce rury, organy rurowe... Park sensoryczny zapowiada si\u0119 naprawd\u0119 ciekawie - 24GLIWICE - Portal Gliwice | codziennie nowe informacje","robots":{"index":"index","follow":"follow","max-snippet":"max-snippet:-1","max-image-preview":"max-image-preview:large","max-video-preview":"max-video-preview:-1"},"canonical":"https:\/\/www.24gliwice.pl\/wiadomosci\/armata-powietrzna-szumiace-rury-organy-rurowe-park-sensoryczny-zapowiada-sie-naprawde-ciekawie\/","og_locale":"pl_PL","og_type":"article","og_title":"Armata powietrzna, szumi\u0105ce rury, organy rurowe... Park sensoryczny zapowiada si\u0119 naprawd\u0119 ciekawie - 24GLIWICE - Portal Gliwice | codziennie nowe informacje","og_description":"9 interaktywnych urz\u0105dze\u0144 znajdzie si\u0119 niebawem przy ulicy Tarnog\u00f3rskiej. Budowa parku sensorycznego jest na bardzo zaawansowanym etapie. Do ko\u0144ca wrze\u015bnia wszystko ma by\u0107 gotowe. Roboty budowlane zrealizowane zosta\u0142y w 80%. W tej chwili ko\u0144cz\u0105 si\u0119 prace przy uk\u0142adaniu drewnianych podest\u00f3w. Systematycznie odbywa si\u0119 monta\u017c urz\u0105dze\u0144 b\u0119d\u0105cych na wyposa\u017ceniu parku. Po zako\u0144czeniu rob\u00f3t nieopodal Radiostacji znajd\u0105 [&hellip;]","og_url":"https:\/\/www.24gliwice.pl\/wiadomosci\/armata-powietrzna-szumiace-rury-organy-rurowe-park-sensoryczny-zapowiada-sie-naprawde-ciekawie\/","og_site_name":"24GLIWICE - Portal Gliwice | codziennie nowe informacje","article_publisher":"https:\/\/www.facebook.com\/24gliwice","article_published_time":"2017-09-02T04:29:50+00:00","og_image":[{"width":2048,"height":1152,"url":"https:\/\/www.24gliwice.pl\/wiadomosci\/wp-content\/uploads\/2017\/09\/park-sensoryczny.jpg","type":"image\/jpeg"}],"author":"\u017baneta Mrozek-Siewierska","twitter_card":"summary_large_image","twitter_creator":"@24gliwice","twitter_site":"@24gliwice","twitter_misc":{"Napisane przez":"\u017baneta Mrozek-Siewierska","Szacowany czas czytania":"2 minuty"},"schema":{"@context":"https:\/\/schema.org","@graph":[{"@type":"Article","@id":"https:\/\/www.24gliwice.pl\/wiadomosci\/armata-powietrzna-szumiace-rury-organy-rurowe-park-sensoryczny-zapowiada-sie-naprawde-ciekawie\/#article","isPartOf":{"@id":"https:\/\/www.24gliwice.pl\/wiadomosci\/armata-powietrzna-szumiace-rury-organy-rurowe-park-sensoryczny-zapowiada-sie-naprawde-ciekawie\/"},"author":{"name":"\u017baneta Mrozek-Siewierska","@id":"https:\/\/www.24gliwice.pl\/wiadomosci\/#\/schema\/person\/e42c650edd7f2fa332be3811fb166b6e"},"headline":"Armata powietrzna, szumi\u0105ce rury, organy rurowe&#8230; Park sensoryczny zapowiada si\u0119 naprawd\u0119 ciekawie","datePublished":"2017-09-02T04:29:50+00:00","mainEntityOfPage":{"@id":"https:\/\/www.24gliwice.pl\/wiadomosci\/armata-powietrzna-szumiace-rury-organy-rurowe-park-sensoryczny-zapowiada-sie-naprawde-ciekawie\/"},"wordCount":335,"commentCount":0,"publisher":{"@id":"https:\/\/www.24gliwice.pl\/wiadomosci\/#organization"},"image":{"@id":"https:\/\/www.24gliwice.pl\/wiadomosci\/armata-powietrzna-szumiace-rury-organy-rurowe-park-sensoryczny-zapowiada-sie-naprawde-ciekawie\/#primaryimage"},"thumbnailUrl":"https:\/\/www.24gliwice.pl\/wiadomosci\/wp-content\/uploads\/2017\/09\/park-sensoryczny.jpg","keywords":["centrum umiej\u0119tno\u015bci","park sensoryczny","\u015aL\u0104SKA SIE\u0106 METROPOLITARNA","\u015aSM"],"articleSection":["Gliwice","Najnowsze wiadomo\u015bci","Portal Gliwice - Wiadomo\u015bci lokalne"],"inLanguage":"pl-PL","potentialAction":[{"@type":"CommentAction","name":"Comment","target":["https:\/\/www.24gliwice.pl\/wiadomosci\/armata-powietrzna-szumiace-rury-organy-rurowe-park-sensoryczny-zapowiada-sie-naprawde-ciekawie\/#respond"]}]},{"@type":"WebPage","@id":"https:\/\/www.24gliwice.pl\/wiadomosci\/armata-powietrzna-szumiace-rury-organy-rurowe-park-sensoryczny-zapowiada-sie-naprawde-ciekawie\/","url":"https:\/\/www.24gliwice.pl\/wiadomosci\/armata-powietrzna-szumiace-rury-organy-rurowe-park-sensoryczny-zapowiada-sie-naprawde-ciekawie\/","name":"Armata powietrzna, szumi\u0105ce rury, organy rurowe... Park sensoryczny zapowiada si\u0119 naprawd\u0119 ciekawie - 24GLIWICE - Portal Gliwice | codziennie nowe informacje","isPartOf":{"@id":"https:\/\/www.24gliwice.pl\/wiadomosci\/#website"},"primaryImageOfPage":{"@id":"https:\/\/www.24gliwice.pl\/wiadomosci\/armata-powietrzna-szumiace-rury-organy-rurowe-park-sensoryczny-zapowiada-sie-naprawde-ciekawie\/#primaryimage"},"image":{"@id":"https:\/\/www.24gliwice.pl\/wiadomosci\/armata-powietrzna-szumiace-rury-organy-rurowe-park-sensoryczny-zapowiada-sie-naprawde-ciekawie\/#primaryimage"},"thumbnailUrl":"https:\/\/www.24gliwice.pl\/wiadomosci\/wp-content\/uploads\/2017\/09\/park-sensoryczny.jpg","datePublished":"2017-09-02T04:29:50+00:00","breadcrumb":{"@id":"https:\/\/www.24gliwice.pl\/wiadomosci\/armata-powietrzna-szumiace-rury-organy-rurowe-park-sensoryczny-zapowiada-sie-naprawde-ciekawie\/#breadcrumb"},"inLanguage":"pl-PL","potentialAction":[{"@type":"ReadAction","target":["https:\/\/www.24gliwice.pl\/wiadomosci\/armata-powietrzna-szumiace-rury-organy-rurowe-park-sensoryczny-zapowiada-sie-naprawde-ciekawie\/"]}]},{"@type":"ImageObject","inLanguage":"pl-PL","@id":"https:\/\/www.24gliwice.pl\/wiadomosci\/armata-powietrzna-szumiace-rury-organy-rurowe-park-sensoryczny-zapowiada-sie-naprawde-ciekawie\/#primaryimage","url":"https:\/\/www.24gliwice.pl\/wiadomosci\/wp-content\/uploads\/2017\/09\/park-sensoryczny.jpg","contentUrl":"https:\/\/www.24gliwice.pl\/wiadomosci\/wp-content\/uploads\/2017\/09\/park-sensoryczny.jpg","width":2048,"height":1152},{"@type":"BreadcrumbList","@id":"https:\/\/www.24gliwice.pl\/wiadomosci\/armata-powietrzna-szumiace-rury-organy-rurowe-park-sensoryczny-zapowiada-sie-naprawde-ciekawie\/#breadcrumb","itemListElement":[{"@type":"ListItem","position":1,"name":"Strona g\u0142\u00f3wna","item":"https:\/\/www.24gliwice.pl\/wiadomosci\/"},{"@type":"ListItem","position":2,"name":"Armata powietrzna, szumi\u0105ce rury, organy rurowe&#8230; Park sensoryczny zapowiada si\u0119 naprawd\u0119 ciekawie"}]},{"@type":"WebSite","@id":"https:\/\/www.24gliwice.pl\/wiadomosci\/#website","url":"https:\/\/www.24gliwice.pl\/wiadomosci\/","name":"24GLIWICE - Portal Gliwice | codziennie nowe wiadomo\u015bci","description":"Portal Miejski Gliwice","publisher":{"@id":"https:\/\/www.24gliwice.pl\/wiadomosci\/#organization"},"potentialAction":[{"@type":"SearchAction","target":{"@type":"EntryPoint","urlTemplate":"https:\/\/www.24gliwice.pl\/wiadomosci\/?s={search_term_string}"},"query-input":{"@type":"PropertyValueSpecification","valueRequired":true,"valueName":"search_term_string"}}],"inLanguage":"pl-PL"},{"@type":"Organization","@id":"https:\/\/www.24gliwice.pl\/wiadomosci\/#organization","name":"24gliwice","url":"https:\/\/www.24gliwice.pl\/wiadomosci\/","logo":{"@type":"ImageObject","inLanguage":"pl-PL","@id":"https:\/\/www.24gliwice.pl\/wiadomosci\/#\/schema\/logo\/image\/","url":"https:\/\/www.24gliwice.pl\/wiadomosci\/wp-content\/uploads\/2024\/10\/24gliwice-logo-696.jpg","contentUrl":"https:\/\/www.24gliwice.pl\/wiadomosci\/wp-content\/uploads\/2024\/10\/24gliwice-logo-696.jpg","width":696,"height":696,"caption":"24gliwice"},"image":{"@id":"https:\/\/www.24gliwice.pl\/wiadomosci\/#\/schema\/logo\/image\/"},"sameAs":["https:\/\/www.facebook.com\/24gliwice","https:\/\/x.com\/24gliwice","https:\/\/www.youtube.com\/@24gliwice"]},{"@type":"Person","@id":"https:\/\/www.24gliwice.pl\/wiadomosci\/#\/schema\/person\/e42c650edd7f2fa332be3811fb166b6e","name":"\u017baneta Mrozek-Siewierska","image":{"@type":"ImageObject","inLanguage":"pl-PL","@id":"https:\/\/secure.gravatar.com\/avatar\/1881429e9c64597c77ad7aef2d0a19be69a3253e57534d16aa15bf3a4d34a0a3?s=96&d=mm&r=g","url":"https:\/\/secure.gravatar.com\/avatar\/1881429e9c64597c77ad7aef2d0a19be69a3253e57534d16aa15bf3a4d34a0a3?s=96&d=mm&r=g","contentUrl":"https:\/\/secure.gravatar.com\/avatar\/1881429e9c64597c77ad7aef2d0a19be69a3253e57534d16aa15bf3a4d34a0a3?s=96&d=mm&r=g","caption":"\u017baneta Mrozek-Siewierska"},"url":"https:\/\/www.24gliwice.pl\/wiadomosci\/author\/zms\/"}]}},"_links":{"self":[{"href":"https:\/\/www.24gliwice.pl\/wiadomosci\/wp-json\/wp\/v2\/posts\/103699","targetHints":{"allow":["GET"]}}],"collection":[{"href":"https:\/\/www.24gliwice.pl\/wiadomosci\/wp-json\/wp\/v2\/posts"}],"about":[{"href":"https:\/\/www.24gliwice.pl\/wiadomosci\/wp-json\/wp\/v2\/types\/post"}],"author":[{"embeddable":true,"href":"https:\/\/www.24gliwice.pl\/wiadomosci\/wp-json\/wp\/v2\/users\/15"}],"replies":[{"embeddable":true,"href":"https:\/\/www.24gliwice.pl\/wiadomosci\/wp-json\/wp\/v2\/comments?post=103699"}],"version-history":[{"count":0,"href":"https:\/\/www.24gliwice.pl\/wiadomosci\/wp-json\/wp\/v2\/posts\/103699\/revisions"}],"wp:featuredmedia":[{"embeddable":true,"href":"https:\/\/www.24gliwice.pl\/wiadomosci\/wp-json\/wp\/v2\/media\/103701"}],"wp:attachment":[{"href":"https:\/\/www.24gliwice.pl\/wiadomosci\/wp-json\/wp\/v2\/media?parent=103699"}],"wp:term":[{"taxonomy":"category","embeddable":true,"href":"https:\/\/www.24gliwice.pl\/wiadomosci\/wp-json\/wp\/v2\/categories?post=103699"},{"taxonomy":"post_tag","embeddable":true,"href":"https:\/\/www.24gliwice.pl\/wiadomosci\/wp-json\/wp\/v2\/tags?post=103699"}],"curies":[{"name":"wp","href":"https:\/\/api.w.org\/{rel}","templated":true}]}}