{"id":103799,"date":"2017-09-05T01:05:26","date_gmt":"2017-09-04T23:05:26","guid":{"rendered":"http:\/\/www.24gliwice.pl\/wiadomosci\/?p=103799"},"modified":"2017-09-05T08:17:24","modified_gmt":"2017-09-05T06:17:24","slug":"radni-i-magistrat-beda-wybierac-zasluzonych-dla-gliwic-to-zupelnie-nowa-forma-wyroznienia","status":"publish","type":"post","link":"https:\/\/www.24gliwice.pl\/wiadomosci\/radni-i-magistrat-beda-wybierac-zasluzonych-dla-gliwic-to-zupelnie-nowa-forma-wyroznienia\/","title":{"rendered":"W Gliwicach pojawi si\u0119 nowe odznaczenie. Zas\u0142u\u017conych dla Gliwic wska\u017ce prezydent lub radni"},"content":{"rendered":"<div class=\"gliwi-a6-nad-leadem-artykulow gliwi-entity-placement\" id=\"gliwi-1071735507\"><div class=\"gliwi-adlabel\"><span style=\"font-size: 9px\">REKLAMA<\/span><\/div><div id=\"gliwi-2339440733\" style=\"margin-bottom: 25px;margin-left: auto;margin-right: auto;text-align: center;\"><a data-no-instant=\"1\" href=\"https:\/\/dom100.eu\/\" rel=\"noopener\" class=\"a2t-link\" target=\"_blank\" aria-label=\"20260415 DOM100 D\"><img loading=\"lazy\" decoding=\"async\" src=\"https:\/\/www.24gliwice.pl\/wiadomosci\/wp-content\/uploads\/2026\/04\/20260415-DOM100-D.jpg\" alt=\"\"  srcset=\"https:\/\/www.24gliwice.pl\/wiadomosci\/wp-content\/uploads\/2026\/04\/20260415-DOM100-D.jpg 750w, https:\/\/www.24gliwice.pl\/wiadomosci\/wp-content\/uploads\/2026\/04\/20260415-DOM100-D-410x109.jpg 410w\" sizes=\"(max-width: 750px) 100vw, 750px\" class=\"no-lazyload\" width=\"750\" height=\"200\"  style=\"display: inline-block; max-width: 100%; height: auto;\" \/><\/a><\/div><\/div><h3>Medal Honorowy Zas\u0142u\u017cony dla Gliwic &#8211; tak b\u0119dzie nazywa\u0107 si\u0119 nowy wyr\u00f3\u017cnienie nadawane przez gliwicki samorz\u0105d.<\/h3>\n<p>Uchwa\u0142\u0119 w sprawie jego przyj\u0119cia w najbli\u017cszy czwartek podejmie Rada Miasta.<\/p>\n<blockquote><p>&#8211; Dotychczasowe do\u015bwiadczenie wskazuje na potrzeb\u0119 wprowadzenia nowych, prawem dopuszczonych form wyr\u00f3\u017cnienia os\u00f3b i podmiot\u00f3w &#8211; czytamy w uzasadnieniu uchwa\u0142y.<\/p><\/blockquote>\n<p>&#8211; Medal b\u0119dzie szczeg\u00f3lnym wyrazem uznania ca\u0142ej wsp\u00f3lnoty samorz\u0105dowej dla dokona\u0144 i zas\u0142ug oddanych Miastu Gliwice przez osoby i podmioty, kt\u00f3re bezinteresownie i z du\u017cym zaanga\u017cowaniem dzia\u0142aj\u0105 na rzecz rozwoju miasta &#8211; dodaj\u0105 pomys\u0142odawcy projektu.<\/p><div class=\"gliwi-a3-w-tresci-artykulow gliwi-entity-placement\" id=\"gliwi-1576046668\"><div class=\"gliwi-adlabel\"><span style=\"font-size: 9px\">REKLAMA<\/span><\/div><div id=\"gliwi-1830979730\" style=\"margin-bottom: 30px;margin-left: auto;margin-right: auto;text-align: center;\"><a data-no-instant=\"1\" href=\"https:\/\/zlobek.halogen.org.pl\/\" rel=\"noopener\" class=\"a2t-link\" target=\"_blank\" aria-label=\"animator-zlobek_750x200\"><img loading=\"lazy\" decoding=\"async\" src=\"https:\/\/www.24gliwice.pl\/wiadomosci\/wp-content\/uploads\/2026\/02\/animator-zlobek_750x200.webp\" alt=\"\"  srcset=\"https:\/\/www.24gliwice.pl\/wiadomosci\/wp-content\/uploads\/2026\/02\/animator-zlobek_750x200.webp 750w, https:\/\/www.24gliwice.pl\/wiadomosci\/wp-content\/uploads\/2026\/02\/animator-zlobek_750x200-410x109.webp 410w\" sizes=\"(max-width: 750px) 100vw, 750px\" class=\"no-lazyload\" width=\"750\" height=\"200\"  style=\"display: inline-block; max-width: 100%; height: auto;\" \/><\/a><\/div><\/div>\n<p>Je\u015bli uchwa\u0142a zostanie przyj\u0119ta, w przysz\u0142o\u015bci medal b\u0119dzie nadawany przez Rad\u0119 Miasta na wniosek Prezydenta Gliwic, Przewodnicz\u0105cego Rady Miasta, komisji sta\u0142ych Rady Miasta lub grupy co najmniej siedmiu radnych.<\/p>\n<p style=\"padding-left: 60px;\"><em>Nim jednak radni zdecyduj\u0105 o przyznaniu wyr\u00f3\u017cnienia, b\u0119d\u0105 musieli zaczerpn\u0105\u0107 opinii specjalnie stworzonego &#8220;Kolegium Medalu Honorowego Zas\u0142u\u017cony dla Gliwic&#8221;. W jego sk\u0142ad tak\u017ce wejd\u0105 przedstawiciele Magistratu i Rady Miasta. Taka forma budzi pewne obawy o obiektywizm dokonywanych wybor\u00f3w i ich mniej lub bardziej polityczne inspiracje. Pr\u00f3\u017cno bowiem szuka\u0107 na li\u015bcie nagradzaj\u0105cych przedstawicieli np. organizacji spo\u0142ecznych, cho\u0107 to by\u0107 mo\u017ce z ich grona b\u0119d\u0105 wywodzi\u0107 si\u0119 przyszli laureaci.<\/em><\/p>\n<p>Kryterium przyznawania wyr\u00f3\u017cnienia jest stosunkowo szerokie, a brany pod uwag\u0119 b\u0119dzie ca\u0142okszta\u0142t dzia\u0142alno\u015bci zawodowej, spo\u0142ecznej i publicznej na rzecz Gliwic. W szczeg\u00f3lnych przypadkach medal mo\u017ce zosta\u0107 nadany po\u015bmiertnie. Wyr\u00f3\u017cnienie b\u0119dzie honorowe i nie b\u0119dzie sta\u0142a za nim gratyfikacja finansowa.<\/p>\n<h4>KTO PIERWSZYM ZAS\u0141U\u017bONYM?<\/h4>\n<p>Projekt medalu jest ju\u017c gotowy, a jego autorem jest <strong>prof. Krzysztof Nitsch<\/strong>.<br \/>\n&#8211; Medal nawi\u0105zuje zar\u00f3wno do historii miasta, jak i kierunk\u00f3w dzia\u0142a\u0144 podejmowanych wsp\u00f3\u0142cze\u015bnie. \u015awiadczy o tym dob\u00f3r ideowy u\u017cytej grafiki przedstawiaj\u0105cy zarys starego miasta, a tak\u017ce towarzysz\u0105ce jej w tle has\u0142o &#8220;Przysz\u0142o\u015b\u0107 jest tu&#8221; &#8211; oddaj\u0105ce kierunek dzia\u0142a\u0144 podejmowanych przez lokalny samorz\u0105d &#8211; pisz\u0105 autorzy uzasadnienia projektu uchwa\u0142y.<\/p>\n<p>Medal Honorowy Zas\u0142u\u017cony dla Gliwic b\u0119dzie drugim tego typu wyr\u00f3\u017cnieniem obok tytu\u0142u Honorowego Obywatela Miasta.<\/p>\n<blockquote><p>&#8211; Te wyr\u00f3\u017cnienia nie s\u0105 to\u017csame. Ludzi zas\u0142u\u017conych dla Gliwic jest wielu, trudno aby ka\u017cdy by\u0142 honorowym obywatelem miasta <\/p><\/blockquote>\n<p>&#8211; m\u00f3wi <strong>Marek Jarz\u0119bowski<\/strong>, rzecznik prasowy Prezydenta Gliwic. &#8211; W pewnym sensie jest to wyr\u00f3\u017cnienie nieco ni\u017cszej wagi, ale w takich wypadkach jakakolwiek pr\u00f3ba stopniowania nie ma wi\u0119kszego sensu &#8211; zaznacza.<\/p>\n<p>Tytu\u0142em Honorowego Obywatela Gliwic poszczyci\u0107 mo\u017ce si\u0119 na razie siedem os\u00f3b: Janusz Steinhoff, bp Jan Wieczorek, Jerzy Buzek, Tadeusz R\u00f3\u017cewicz, Wojciech Pszoniak oraz profesor Krzysztof Nitsch. Kto b\u0119dzie jednym z pierwszych nagrodzonych &#8220;medalem zas\u0142u\u017conych&#8221;? Tego Magistrat na razie zdradzi\u0107 nie chce.<\/p>\n<p>Micha\u0142 Szewczyk<\/p>\n<div class=\"gliwi-a5-na-koncu-artykulow gliwi-entity-placement\" id=\"gliwi-1191497797\"><div class=\"gliwi-adlabel\"><span style=\"font-size: 9px\">REKLAMA<\/span><\/div><div id=\"gliwi-1311829188\" style=\"margin-left: auto;margin-right: auto;text-align: center;\"><a data-no-instant=\"1\" href=\"https:\/\/www.jasek.pl\/\" rel=\"noopener\" class=\"a2t-link\" target=\"_blank\" aria-label=\"20200401-jasek 600\"><img loading=\"lazy\" decoding=\"async\" src=\"https:\/\/www.24gliwice.pl\/wiadomosci\/wp-content\/uploads\/2020\/04\/20200401-jasek-600.jpg\" alt=\"\"  srcset=\"https:\/\/www.24gliwice.pl\/wiadomosci\/wp-content\/uploads\/2020\/04\/20200401-jasek-600.jpg 600w, https:\/\/www.24gliwice.pl\/wiadomosci\/wp-content\/uploads\/2020\/04\/20200401-jasek-600-410x109.jpg 410w\" sizes=\"(max-width: 600px) 100vw, 600px\" class=\"no-lazyload\" width=\"600\" height=\"160\"  style=\"display: inline-block; max-width: 100%; height: auto;\" \/><\/a><\/div><\/div>","protected":false},"excerpt":{"rendered":"<p>Medal Honorowy Zas\u0142u\u017cony dla Gliwic &#8211; tak b\u0119dzie nazywa\u0107 si\u0119 nowy wyr\u00f3\u017cnienie nadawane przez gliwicki samorz\u0105d. Uchwa\u0142\u0119 w sprawie jego przyj\u0119cia w najbli\u017cszy czwartek podejmie Rada Miasta. &#8211; Dotychczasowe do\u015bwiadczenie wskazuje na potrzeb\u0119 wprowadzenia nowych, prawem dopuszczonych form wyr\u00f3\u017cnienia os\u00f3b i podmiot\u00f3w &#8211; czytamy w uzasadnieniu uchwa\u0142y. &#8211; Medal b\u0119dzie szczeg\u00f3lnym wyrazem uznania ca\u0142ej wsp\u00f3lnoty [&hellip;]<\/p>\n","protected":false},"author":12,"featured_media":103818,"comment_status":"open","ping_status":"closed","sticky":false,"template":"","format":"standard","meta":{"_monsterinsights_skip_tracking":false,"_monsterinsights_sitenote_active":false,"_monsterinsights_sitenote_note":"","_monsterinsights_sitenote_category":0,"footnotes":"","_links_to":"","_links_to_target":""},"categories":[3,1,9],"tags":[7433,10106],"class_list":["post-103799","post","type-post","status-publish","format-standard","has-post-thumbnail","hentry","category-gliwice","category-wszystko","category-aktualnosci_lokalne","tag-jarzebowski","tag-zasluzony-dla-gliwic"],"yoast_head":"<!-- This site is optimized with the Yoast SEO plugin v27.5 - https:\/\/yoast.com\/product\/yoast-seo-wordpress\/ -->\n<title>W Gliwicach pojawi si\u0119 nowe odznaczenie. Zas\u0142u\u017conych dla Gliwic wska\u017ce prezydent lub radni - 24GLIWICE - Portal Gliwice | codziennie nowe informacje<\/title>\n<meta name=\"robots\" content=\"index, follow, max-snippet:-1, max-image-preview:large, max-video-preview:-1\" \/>\n<link rel=\"canonical\" href=\"https:\/\/www.24gliwice.pl\/wiadomosci\/radni-i-magistrat-beda-wybierac-zasluzonych-dla-gliwic-to-zupelnie-nowa-forma-wyroznienia\/\" \/>\n<meta property=\"og:locale\" content=\"pl_PL\" \/>\n<meta property=\"og:type\" content=\"article\" \/>\n<meta property=\"og:title\" content=\"W Gliwicach pojawi si\u0119 nowe odznaczenie. Zas\u0142u\u017conych dla Gliwic wska\u017ce prezydent lub radni - 24GLIWICE - Portal Gliwice | codziennie nowe informacje\" \/>\n<meta property=\"og:description\" content=\"Medal Honorowy Zas\u0142u\u017cony dla Gliwic &#8211; tak b\u0119dzie nazywa\u0107 si\u0119 nowy wyr\u00f3\u017cnienie nadawane przez gliwicki samorz\u0105d. Uchwa\u0142\u0119 w sprawie jego przyj\u0119cia w najbli\u017cszy czwartek podejmie Rada Miasta. &#8211; Dotychczasowe do\u015bwiadczenie wskazuje na potrzeb\u0119 wprowadzenia nowych, prawem dopuszczonych form wyr\u00f3\u017cnienia os\u00f3b i podmiot\u00f3w &#8211; czytamy w uzasadnieniu uchwa\u0142y. &#8211; Medal b\u0119dzie szczeg\u00f3lnym wyrazem uznania ca\u0142ej wsp\u00f3lnoty [&hellip;]\" \/>\n<meta property=\"og:url\" content=\"https:\/\/www.24gliwice.pl\/wiadomosci\/radni-i-magistrat-beda-wybierac-zasluzonych-dla-gliwic-to-zupelnie-nowa-forma-wyroznienia\/\" \/>\n<meta property=\"og:site_name\" content=\"24GLIWICE - Portal Gliwice | codziennie nowe informacje\" \/>\n<meta property=\"article:publisher\" content=\"https:\/\/www.facebook.com\/24gliwice\" \/>\n<meta property=\"article:published_time\" content=\"2017-09-04T23:05:26+00:00\" \/>\n<meta property=\"article:modified_time\" content=\"2017-09-05T06:17:24+00:00\" \/>\n<meta property=\"og:image\" content=\"https:\/\/www.24gliwice.pl\/wiadomosci\/wp-content\/uploads\/2017\/09\/MEDAL-Zas\u0142u\u017cony-dla-Gliwic.jpg\" \/>\n\t<meta property=\"og:image:width\" content=\"1200\" \/>\n\t<meta property=\"og:image:height\" content=\"675\" \/>\n\t<meta property=\"og:image:type\" content=\"image\/jpeg\" \/>\n<meta name=\"author\" content=\"Micha\u0142 Szewczyk\" \/>\n<meta name=\"twitter:card\" content=\"summary_large_image\" \/>\n<meta name=\"twitter:creator\" content=\"@24gliwice\" \/>\n<meta name=\"twitter:site\" content=\"@24gliwice\" \/>\n<meta name=\"twitter:label1\" content=\"Napisane przez\" \/>\n\t<meta name=\"twitter:data1\" content=\"Micha\u0142 Szewczyk\" \/>\n\t<meta name=\"twitter:label2\" content=\"Szacowany czas czytania\" \/>\n\t<meta name=\"twitter:data2\" content=\"2 minuty\" \/>\n<script type=\"application\/ld+json\" class=\"yoast-schema-graph\">{\"@context\":\"https:\\\/\\\/schema.org\",\"@graph\":[{\"@type\":\"Article\",\"@id\":\"https:\\\/\\\/www.24gliwice.pl\\\/wiadomosci\\\/radni-i-magistrat-beda-wybierac-zasluzonych-dla-gliwic-to-zupelnie-nowa-forma-wyroznienia\\\/#article\",\"isPartOf\":{\"@id\":\"https:\\\/\\\/www.24gliwice.pl\\\/wiadomosci\\\/radni-i-magistrat-beda-wybierac-zasluzonych-dla-gliwic-to-zupelnie-nowa-forma-wyroznienia\\\/\"},\"author\":{\"name\":\"Micha\u0142 Szewczyk\",\"@id\":\"https:\\\/\\\/www.24gliwice.pl\\\/wiadomosci\\\/#\\\/schema\\\/person\\\/940e8f8a097e322de4f463f061ef8d45\"},\"headline\":\"W Gliwicach pojawi si\u0119 nowe odznaczenie. Zas\u0142u\u017conych dla Gliwic wska\u017ce prezydent lub radni\",\"datePublished\":\"2017-09-04T23:05:26+00:00\",\"dateModified\":\"2017-09-05T06:17:24+00:00\",\"mainEntityOfPage\":{\"@id\":\"https:\\\/\\\/www.24gliwice.pl\\\/wiadomosci\\\/radni-i-magistrat-beda-wybierac-zasluzonych-dla-gliwic-to-zupelnie-nowa-forma-wyroznienia\\\/\"},\"wordCount\":504,\"commentCount\":0,\"publisher\":{\"@id\":\"https:\\\/\\\/www.24gliwice.pl\\\/wiadomosci\\\/#organization\"},\"image\":{\"@id\":\"https:\\\/\\\/www.24gliwice.pl\\\/wiadomosci\\\/radni-i-magistrat-beda-wybierac-zasluzonych-dla-gliwic-to-zupelnie-nowa-forma-wyroznienia\\\/#primaryimage\"},\"thumbnailUrl\":\"https:\\\/\\\/www.24gliwice.pl\\\/wiadomosci\\\/wp-content\\\/uploads\\\/2017\\\/09\\\/MEDAL-Zas\u0142u\u017cony-dla-Gliwic.jpg\",\"keywords\":[\"jarz\u0119bowski\",\"zas\u0142u\u017cony dla gliwic\"],\"articleSection\":[\"Gliwice\",\"Najnowsze wiadomo\u015bci\",\"Portal Gliwice - Wiadomo\u015bci lokalne\"],\"inLanguage\":\"pl-PL\",\"potentialAction\":[{\"@type\":\"CommentAction\",\"name\":\"Comment\",\"target\":[\"https:\\\/\\\/www.24gliwice.pl\\\/wiadomosci\\\/radni-i-magistrat-beda-wybierac-zasluzonych-dla-gliwic-to-zupelnie-nowa-forma-wyroznienia\\\/#respond\"]}]},{\"@type\":\"WebPage\",\"@id\":\"https:\\\/\\\/www.24gliwice.pl\\\/wiadomosci\\\/radni-i-magistrat-beda-wybierac-zasluzonych-dla-gliwic-to-zupelnie-nowa-forma-wyroznienia\\\/\",\"url\":\"https:\\\/\\\/www.24gliwice.pl\\\/wiadomosci\\\/radni-i-magistrat-beda-wybierac-zasluzonych-dla-gliwic-to-zupelnie-nowa-forma-wyroznienia\\\/\",\"name\":\"W Gliwicach pojawi si\u0119 nowe odznaczenie. Zas\u0142u\u017conych dla Gliwic wska\u017ce prezydent lub radni - 24GLIWICE - Portal Gliwice | codziennie nowe informacje\",\"isPartOf\":{\"@id\":\"https:\\\/\\\/www.24gliwice.pl\\\/wiadomosci\\\/#website\"},\"primaryImageOfPage\":{\"@id\":\"https:\\\/\\\/www.24gliwice.pl\\\/wiadomosci\\\/radni-i-magistrat-beda-wybierac-zasluzonych-dla-gliwic-to-zupelnie-nowa-forma-wyroznienia\\\/#primaryimage\"},\"image\":{\"@id\":\"https:\\\/\\\/www.24gliwice.pl\\\/wiadomosci\\\/radni-i-magistrat-beda-wybierac-zasluzonych-dla-gliwic-to-zupelnie-nowa-forma-wyroznienia\\\/#primaryimage\"},\"thumbnailUrl\":\"https:\\\/\\\/www.24gliwice.pl\\\/wiadomosci\\\/wp-content\\\/uploads\\\/2017\\\/09\\\/MEDAL-Zas\u0142u\u017cony-dla-Gliwic.jpg\",\"datePublished\":\"2017-09-04T23:05:26+00:00\",\"dateModified\":\"2017-09-05T06:17:24+00:00\",\"breadcrumb\":{\"@id\":\"https:\\\/\\\/www.24gliwice.pl\\\/wiadomosci\\\/radni-i-magistrat-beda-wybierac-zasluzonych-dla-gliwic-to-zupelnie-nowa-forma-wyroznienia\\\/#breadcrumb\"},\"inLanguage\":\"pl-PL\",\"potentialAction\":[{\"@type\":\"ReadAction\",\"target\":[\"https:\\\/\\\/www.24gliwice.pl\\\/wiadomosci\\\/radni-i-magistrat-beda-wybierac-zasluzonych-dla-gliwic-to-zupelnie-nowa-forma-wyroznienia\\\/\"]}]},{\"@type\":\"ImageObject\",\"inLanguage\":\"pl-PL\",\"@id\":\"https:\\\/\\\/www.24gliwice.pl\\\/wiadomosci\\\/radni-i-magistrat-beda-wybierac-zasluzonych-dla-gliwic-to-zupelnie-nowa-forma-wyroznienia\\\/#primaryimage\",\"url\":\"https:\\\/\\\/www.24gliwice.pl\\\/wiadomosci\\\/wp-content\\\/uploads\\\/2017\\\/09\\\/MEDAL-Zas\u0142u\u017cony-dla-Gliwic.jpg\",\"contentUrl\":\"https:\\\/\\\/www.24gliwice.pl\\\/wiadomosci\\\/wp-content\\\/uploads\\\/2017\\\/09\\\/MEDAL-Zas\u0142u\u017cony-dla-Gliwic.jpg\",\"width\":1200,\"height\":675},{\"@type\":\"BreadcrumbList\",\"@id\":\"https:\\\/\\\/www.24gliwice.pl\\\/wiadomosci\\\/radni-i-magistrat-beda-wybierac-zasluzonych-dla-gliwic-to-zupelnie-nowa-forma-wyroznienia\\\/#breadcrumb\",\"itemListElement\":[{\"@type\":\"ListItem\",\"position\":1,\"name\":\"Strona g\u0142\u00f3wna\",\"item\":\"https:\\\/\\\/www.24gliwice.pl\\\/wiadomosci\\\/\"},{\"@type\":\"ListItem\",\"position\":2,\"name\":\"W Gliwicach pojawi si\u0119 nowe odznaczenie. Zas\u0142u\u017conych dla Gliwic wska\u017ce prezydent lub radni\"}]},{\"@type\":\"WebSite\",\"@id\":\"https:\\\/\\\/www.24gliwice.pl\\\/wiadomosci\\\/#website\",\"url\":\"https:\\\/\\\/www.24gliwice.pl\\\/wiadomosci\\\/\",\"name\":\"24GLIWICE - Portal Gliwice | codziennie nowe wiadomo\u015bci\",\"description\":\"Portal Miejski Gliwice\",\"publisher\":{\"@id\":\"https:\\\/\\\/www.24gliwice.pl\\\/wiadomosci\\\/#organization\"},\"potentialAction\":[{\"@type\":\"SearchAction\",\"target\":{\"@type\":\"EntryPoint\",\"urlTemplate\":\"https:\\\/\\\/www.24gliwice.pl\\\/wiadomosci\\\/?s={search_term_string}\"},\"query-input\":{\"@type\":\"PropertyValueSpecification\",\"valueRequired\":true,\"valueName\":\"search_term_string\"}}],\"inLanguage\":\"pl-PL\"},{\"@type\":\"Organization\",\"@id\":\"https:\\\/\\\/www.24gliwice.pl\\\/wiadomosci\\\/#organization\",\"name\":\"24gliwice\",\"url\":\"https:\\\/\\\/www.24gliwice.pl\\\/wiadomosci\\\/\",\"logo\":{\"@type\":\"ImageObject\",\"inLanguage\":\"pl-PL\",\"@id\":\"https:\\\/\\\/www.24gliwice.pl\\\/wiadomosci\\\/#\\\/schema\\\/logo\\\/image\\\/\",\"url\":\"https:\\\/\\\/www.24gliwice.pl\\\/wiadomosci\\\/wp-content\\\/uploads\\\/2024\\\/10\\\/24gliwice-logo-696.jpg\",\"contentUrl\":\"https:\\\/\\\/www.24gliwice.pl\\\/wiadomosci\\\/wp-content\\\/uploads\\\/2024\\\/10\\\/24gliwice-logo-696.jpg\",\"width\":696,\"height\":696,\"caption\":\"24gliwice\"},\"image\":{\"@id\":\"https:\\\/\\\/www.24gliwice.pl\\\/wiadomosci\\\/#\\\/schema\\\/logo\\\/image\\\/\"},\"sameAs\":[\"https:\\\/\\\/www.facebook.com\\\/24gliwice\",\"https:\\\/\\\/x.com\\\/24gliwice\",\"https:\\\/\\\/www.youtube.com\\\/@24gliwice\"]},{\"@type\":\"Person\",\"@id\":\"https:\\\/\\\/www.24gliwice.pl\\\/wiadomosci\\\/#\\\/schema\\\/person\\\/940e8f8a097e322de4f463f061ef8d45\",\"name\":\"Micha\u0142 Szewczyk\",\"image\":{\"@type\":\"ImageObject\",\"inLanguage\":\"pl-PL\",\"@id\":\"https:\\\/\\\/secure.gravatar.com\\\/avatar\\\/771b8b6c74cd8d255e46392d605e01a86133900ef09b6ef3c8d451c9d92288cf?s=96&d=mm&r=g\",\"url\":\"https:\\\/\\\/secure.gravatar.com\\\/avatar\\\/771b8b6c74cd8d255e46392d605e01a86133900ef09b6ef3c8d451c9d92288cf?s=96&d=mm&r=g\",\"contentUrl\":\"https:\\\/\\\/secure.gravatar.com\\\/avatar\\\/771b8b6c74cd8d255e46392d605e01a86133900ef09b6ef3c8d451c9d92288cf?s=96&d=mm&r=g\",\"caption\":\"Micha\u0142 Szewczyk\"},\"sameAs\":[\"http:\\\/\\\/www.gazeta-miejska.pl\"],\"url\":\"https:\\\/\\\/www.24gliwice.pl\\\/wiadomosci\\\/author\\\/michal-szewczyk\\\/\"}]}<\/script>\n<!-- \/ Yoast SEO plugin. -->","yoast_head_json":{"title":"W Gliwicach pojawi si\u0119 nowe odznaczenie. Zas\u0142u\u017conych dla Gliwic wska\u017ce prezydent lub radni - 24GLIWICE - Portal Gliwice | codziennie nowe informacje","robots":{"index":"index","follow":"follow","max-snippet":"max-snippet:-1","max-image-preview":"max-image-preview:large","max-video-preview":"max-video-preview:-1"},"canonical":"https:\/\/www.24gliwice.pl\/wiadomosci\/radni-i-magistrat-beda-wybierac-zasluzonych-dla-gliwic-to-zupelnie-nowa-forma-wyroznienia\/","og_locale":"pl_PL","og_type":"article","og_title":"W Gliwicach pojawi si\u0119 nowe odznaczenie. Zas\u0142u\u017conych dla Gliwic wska\u017ce prezydent lub radni - 24GLIWICE - Portal Gliwice | codziennie nowe informacje","og_description":"Medal Honorowy Zas\u0142u\u017cony dla Gliwic &#8211; tak b\u0119dzie nazywa\u0107 si\u0119 nowy wyr\u00f3\u017cnienie nadawane przez gliwicki samorz\u0105d. Uchwa\u0142\u0119 w sprawie jego przyj\u0119cia w najbli\u017cszy czwartek podejmie Rada Miasta. &#8211; Dotychczasowe do\u015bwiadczenie wskazuje na potrzeb\u0119 wprowadzenia nowych, prawem dopuszczonych form wyr\u00f3\u017cnienia os\u00f3b i podmiot\u00f3w &#8211; czytamy w uzasadnieniu uchwa\u0142y. &#8211; Medal b\u0119dzie szczeg\u00f3lnym wyrazem uznania ca\u0142ej wsp\u00f3lnoty [&hellip;]","og_url":"https:\/\/www.24gliwice.pl\/wiadomosci\/radni-i-magistrat-beda-wybierac-zasluzonych-dla-gliwic-to-zupelnie-nowa-forma-wyroznienia\/","og_site_name":"24GLIWICE - Portal Gliwice | codziennie nowe informacje","article_publisher":"https:\/\/www.facebook.com\/24gliwice","article_published_time":"2017-09-04T23:05:26+00:00","article_modified_time":"2017-09-05T06:17:24+00:00","og_image":[{"width":1200,"height":675,"url":"https:\/\/www.24gliwice.pl\/wiadomosci\/wp-content\/uploads\/2017\/09\/MEDAL-Zas\u0142u\u017cony-dla-Gliwic.jpg","type":"image\/jpeg"}],"author":"Micha\u0142 Szewczyk","twitter_card":"summary_large_image","twitter_creator":"@24gliwice","twitter_site":"@24gliwice","twitter_misc":{"Napisane przez":"Micha\u0142 Szewczyk","Szacowany czas czytania":"2 minuty"},"schema":{"@context":"https:\/\/schema.org","@graph":[{"@type":"Article","@id":"https:\/\/www.24gliwice.pl\/wiadomosci\/radni-i-magistrat-beda-wybierac-zasluzonych-dla-gliwic-to-zupelnie-nowa-forma-wyroznienia\/#article","isPartOf":{"@id":"https:\/\/www.24gliwice.pl\/wiadomosci\/radni-i-magistrat-beda-wybierac-zasluzonych-dla-gliwic-to-zupelnie-nowa-forma-wyroznienia\/"},"author":{"name":"Micha\u0142 Szewczyk","@id":"https:\/\/www.24gliwice.pl\/wiadomosci\/#\/schema\/person\/940e8f8a097e322de4f463f061ef8d45"},"headline":"W Gliwicach pojawi si\u0119 nowe odznaczenie. Zas\u0142u\u017conych dla Gliwic wska\u017ce prezydent lub radni","datePublished":"2017-09-04T23:05:26+00:00","dateModified":"2017-09-05T06:17:24+00:00","mainEntityOfPage":{"@id":"https:\/\/www.24gliwice.pl\/wiadomosci\/radni-i-magistrat-beda-wybierac-zasluzonych-dla-gliwic-to-zupelnie-nowa-forma-wyroznienia\/"},"wordCount":504,"commentCount":0,"publisher":{"@id":"https:\/\/www.24gliwice.pl\/wiadomosci\/#organization"},"image":{"@id":"https:\/\/www.24gliwice.pl\/wiadomosci\/radni-i-magistrat-beda-wybierac-zasluzonych-dla-gliwic-to-zupelnie-nowa-forma-wyroznienia\/#primaryimage"},"thumbnailUrl":"https:\/\/www.24gliwice.pl\/wiadomosci\/wp-content\/uploads\/2017\/09\/MEDAL-Zas\u0142u\u017cony-dla-Gliwic.jpg","keywords":["jarz\u0119bowski","zas\u0142u\u017cony dla gliwic"],"articleSection":["Gliwice","Najnowsze wiadomo\u015bci","Portal Gliwice - Wiadomo\u015bci lokalne"],"inLanguage":"pl-PL","potentialAction":[{"@type":"CommentAction","name":"Comment","target":["https:\/\/www.24gliwice.pl\/wiadomosci\/radni-i-magistrat-beda-wybierac-zasluzonych-dla-gliwic-to-zupelnie-nowa-forma-wyroznienia\/#respond"]}]},{"@type":"WebPage","@id":"https:\/\/www.24gliwice.pl\/wiadomosci\/radni-i-magistrat-beda-wybierac-zasluzonych-dla-gliwic-to-zupelnie-nowa-forma-wyroznienia\/","url":"https:\/\/www.24gliwice.pl\/wiadomosci\/radni-i-magistrat-beda-wybierac-zasluzonych-dla-gliwic-to-zupelnie-nowa-forma-wyroznienia\/","name":"W Gliwicach pojawi si\u0119 nowe odznaczenie. Zas\u0142u\u017conych dla Gliwic wska\u017ce prezydent lub radni - 24GLIWICE - Portal Gliwice | codziennie nowe informacje","isPartOf":{"@id":"https:\/\/www.24gliwice.pl\/wiadomosci\/#website"},"primaryImageOfPage":{"@id":"https:\/\/www.24gliwice.pl\/wiadomosci\/radni-i-magistrat-beda-wybierac-zasluzonych-dla-gliwic-to-zupelnie-nowa-forma-wyroznienia\/#primaryimage"},"image":{"@id":"https:\/\/www.24gliwice.pl\/wiadomosci\/radni-i-magistrat-beda-wybierac-zasluzonych-dla-gliwic-to-zupelnie-nowa-forma-wyroznienia\/#primaryimage"},"thumbnailUrl":"https:\/\/www.24gliwice.pl\/wiadomosci\/wp-content\/uploads\/2017\/09\/MEDAL-Zas\u0142u\u017cony-dla-Gliwic.jpg","datePublished":"2017-09-04T23:05:26+00:00","dateModified":"2017-09-05T06:17:24+00:00","breadcrumb":{"@id":"https:\/\/www.24gliwice.pl\/wiadomosci\/radni-i-magistrat-beda-wybierac-zasluzonych-dla-gliwic-to-zupelnie-nowa-forma-wyroznienia\/#breadcrumb"},"inLanguage":"pl-PL","potentialAction":[{"@type":"ReadAction","target":["https:\/\/www.24gliwice.pl\/wiadomosci\/radni-i-magistrat-beda-wybierac-zasluzonych-dla-gliwic-to-zupelnie-nowa-forma-wyroznienia\/"]}]},{"@type":"ImageObject","inLanguage":"pl-PL","@id":"https:\/\/www.24gliwice.pl\/wiadomosci\/radni-i-magistrat-beda-wybierac-zasluzonych-dla-gliwic-to-zupelnie-nowa-forma-wyroznienia\/#primaryimage","url":"https:\/\/www.24gliwice.pl\/wiadomosci\/wp-content\/uploads\/2017\/09\/MEDAL-Zas\u0142u\u017cony-dla-Gliwic.jpg","contentUrl":"https:\/\/www.24gliwice.pl\/wiadomosci\/wp-content\/uploads\/2017\/09\/MEDAL-Zas\u0142u\u017cony-dla-Gliwic.jpg","width":1200,"height":675},{"@type":"BreadcrumbList","@id":"https:\/\/www.24gliwice.pl\/wiadomosci\/radni-i-magistrat-beda-wybierac-zasluzonych-dla-gliwic-to-zupelnie-nowa-forma-wyroznienia\/#breadcrumb","itemListElement":[{"@type":"ListItem","position":1,"name":"Strona g\u0142\u00f3wna","item":"https:\/\/www.24gliwice.pl\/wiadomosci\/"},{"@type":"ListItem","position":2,"name":"W Gliwicach pojawi si\u0119 nowe odznaczenie. Zas\u0142u\u017conych dla Gliwic wska\u017ce prezydent lub radni"}]},{"@type":"WebSite","@id":"https:\/\/www.24gliwice.pl\/wiadomosci\/#website","url":"https:\/\/www.24gliwice.pl\/wiadomosci\/","name":"24GLIWICE - Portal Gliwice | codziennie nowe wiadomo\u015bci","description":"Portal Miejski Gliwice","publisher":{"@id":"https:\/\/www.24gliwice.pl\/wiadomosci\/#organization"},"potentialAction":[{"@type":"SearchAction","target":{"@type":"EntryPoint","urlTemplate":"https:\/\/www.24gliwice.pl\/wiadomosci\/?s={search_term_string}"},"query-input":{"@type":"PropertyValueSpecification","valueRequired":true,"valueName":"search_term_string"}}],"inLanguage":"pl-PL"},{"@type":"Organization","@id":"https:\/\/www.24gliwice.pl\/wiadomosci\/#organization","name":"24gliwice","url":"https:\/\/www.24gliwice.pl\/wiadomosci\/","logo":{"@type":"ImageObject","inLanguage":"pl-PL","@id":"https:\/\/www.24gliwice.pl\/wiadomosci\/#\/schema\/logo\/image\/","url":"https:\/\/www.24gliwice.pl\/wiadomosci\/wp-content\/uploads\/2024\/10\/24gliwice-logo-696.jpg","contentUrl":"https:\/\/www.24gliwice.pl\/wiadomosci\/wp-content\/uploads\/2024\/10\/24gliwice-logo-696.jpg","width":696,"height":696,"caption":"24gliwice"},"image":{"@id":"https:\/\/www.24gliwice.pl\/wiadomosci\/#\/schema\/logo\/image\/"},"sameAs":["https:\/\/www.facebook.com\/24gliwice","https:\/\/x.com\/24gliwice","https:\/\/www.youtube.com\/@24gliwice"]},{"@type":"Person","@id":"https:\/\/www.24gliwice.pl\/wiadomosci\/#\/schema\/person\/940e8f8a097e322de4f463f061ef8d45","name":"Micha\u0142 Szewczyk","image":{"@type":"ImageObject","inLanguage":"pl-PL","@id":"https:\/\/secure.gravatar.com\/avatar\/771b8b6c74cd8d255e46392d605e01a86133900ef09b6ef3c8d451c9d92288cf?s=96&d=mm&r=g","url":"https:\/\/secure.gravatar.com\/avatar\/771b8b6c74cd8d255e46392d605e01a86133900ef09b6ef3c8d451c9d92288cf?s=96&d=mm&r=g","contentUrl":"https:\/\/secure.gravatar.com\/avatar\/771b8b6c74cd8d255e46392d605e01a86133900ef09b6ef3c8d451c9d92288cf?s=96&d=mm&r=g","caption":"Micha\u0142 Szewczyk"},"sameAs":["http:\/\/www.gazeta-miejska.pl"],"url":"https:\/\/www.24gliwice.pl\/wiadomosci\/author\/michal-szewczyk\/"}]}},"_links":{"self":[{"href":"https:\/\/www.24gliwice.pl\/wiadomosci\/wp-json\/wp\/v2\/posts\/103799","targetHints":{"allow":["GET"]}}],"collection":[{"href":"https:\/\/www.24gliwice.pl\/wiadomosci\/wp-json\/wp\/v2\/posts"}],"about":[{"href":"https:\/\/www.24gliwice.pl\/wiadomosci\/wp-json\/wp\/v2\/types\/post"}],"author":[{"embeddable":true,"href":"https:\/\/www.24gliwice.pl\/wiadomosci\/wp-json\/wp\/v2\/users\/12"}],"replies":[{"embeddable":true,"href":"https:\/\/www.24gliwice.pl\/wiadomosci\/wp-json\/wp\/v2\/comments?post=103799"}],"version-history":[{"count":0,"href":"https:\/\/www.24gliwice.pl\/wiadomosci\/wp-json\/wp\/v2\/posts\/103799\/revisions"}],"wp:featuredmedia":[{"embeddable":true,"href":"https:\/\/www.24gliwice.pl\/wiadomosci\/wp-json\/wp\/v2\/media\/103818"}],"wp:attachment":[{"href":"https:\/\/www.24gliwice.pl\/wiadomosci\/wp-json\/wp\/v2\/media?parent=103799"}],"wp:term":[{"taxonomy":"category","embeddable":true,"href":"https:\/\/www.24gliwice.pl\/wiadomosci\/wp-json\/wp\/v2\/categories?post=103799"},{"taxonomy":"post_tag","embeddable":true,"href":"https:\/\/www.24gliwice.pl\/wiadomosci\/wp-json\/wp\/v2\/tags?post=103799"}],"curies":[{"name":"wp","href":"https:\/\/api.w.org\/{rel}","templated":true}]}}