{"id":103862,"date":"2017-09-06T05:50:38","date_gmt":"2017-09-06T03:50:38","guid":{"rendered":"http:\/\/www.24gliwice.pl\/wiadomosci\/?p=103862"},"modified":"2017-09-06T02:57:46","modified_gmt":"2017-09-06T00:57:46","slug":"od-czwartku-remont-ulicy-ziemowita-przeniesie-sie-na-inny-fragment-zmiany-dla-kierowcow","status":"publish","type":"post","link":"https:\/\/www.24gliwice.pl\/wiadomosci\/od-czwartku-remont-ulicy-ziemowita-przeniesie-sie-na-inny-fragment-zmiany-dla-kierowcow\/","title":{"rendered":"Od czwartku remont ulicy Ziemowita przeniesie si\u0119 na inny fragment. Zmiany dla kierowc\u00f3w"},"content":{"rendered":"<div class=\"gliwi-a6-nad-leadem-artykulow gliwi-entity-placement\" id=\"gliwi-2745800349\"><div class=\"gliwi-adlabel\"><span style=\"font-size: 9px\">REKLAMA<\/span><\/div><div id=\"gliwi-2037280618\" style=\"margin-bottom: 25px;margin-left: auto;margin-right: auto;text-align: center;\"><a data-no-instant=\"1\" href=\"https:\/\/dom100.eu\/\" rel=\"noopener\" class=\"a2t-link\" target=\"_blank\" aria-label=\"20260415 DOM100 D\"><img loading=\"lazy\" decoding=\"async\" src=\"https:\/\/www.24gliwice.pl\/wiadomosci\/wp-content\/uploads\/2026\/04\/20260415-DOM100-D.jpg\" alt=\"\"  srcset=\"https:\/\/www.24gliwice.pl\/wiadomosci\/wp-content\/uploads\/2026\/04\/20260415-DOM100-D.jpg 750w, https:\/\/www.24gliwice.pl\/wiadomosci\/wp-content\/uploads\/2026\/04\/20260415-DOM100-D-410x109.jpg 410w\" sizes=\"(max-width: 750px) 100vw, 750px\" class=\"no-lazyload\" width=\"750\" height=\"200\"  style=\"display: inline-block; max-width: 100%; height: auto;\" \/><\/a><\/div><\/div><h3>Trwa remont ulicy Ziemowita, dotychczas prace by\u0142y prowadzone na zamkni\u0119tym dla ruchu odcinku od skrzy\u017cowaniu z ulic\u0105 Kr\u00f3lowej Bony do Ko\u015bciuszki. Teraz roboty przenios\u0105 si\u0119 na pozosta\u0142\u0105 cz\u0119\u015b\u0107 drogi, a\u017c do jej wylotu na ulic\u0119 G\u00f3rnych Wa\u0142\u00f3w.<\/h3>\n<p>Na fragmencie od ulicy Kr\u00f3lowej Bony do ul.Ko\u015bciuszki wymieniono nawierzchni\u0119 jezdni i chodnik\u00f3w. Uporz\u0105dkowano miejsca postojowe. Od 7 wrze\u015bnia remont w tym samym zakresie obejmie inn\u0105 cz\u0119\u015b\u0107 tej ulicy. <\/p>\n<p>W najbli\u017cszy czwartek wy\u0142\u0105czony z ruchu zostanie odcinek ulicy Ziemowita od ulicy G\u00f3rnych Wa\u0142\u00f3w do ulicy Kr\u00f3lowej Bony. R\u00f3wnocze\u015bnie do ruchu oddana b\u0119dzie cz\u0119\u015b\u0107 ulicy, kt\u00f3r\u0105 w ostatnim czasie poddano pracom remontowym. <\/p><div class=\"gliwi-a3-w-tresci-artykulow gliwi-entity-placement\" id=\"gliwi-2011692120\"><div class=\"gliwi-adlabel\"><span style=\"font-size: 9px\">REKLAMA<\/span><\/div><div id=\"gliwi-2254911003\" style=\"margin-bottom: 30px;margin-left: auto;margin-right: auto;text-align: center;\"><a data-no-instant=\"1\" href=\"https:\/\/ogrodyandersa.pl\/\" rel=\"noopener\" class=\"a2t-link\" target=\"_blank\" aria-label=\"20260415 Ogrody Andersa KUP TERAZ D\"><img loading=\"lazy\" decoding=\"async\" src=\"https:\/\/www.24gliwice.pl\/wiadomosci\/wp-content\/uploads\/2026\/04\/20260415-Ogrody-Andersa-KUP-TERAZ-D.jpg\" alt=\"\"  srcset=\"https:\/\/www.24gliwice.pl\/wiadomosci\/wp-content\/uploads\/2026\/04\/20260415-Ogrody-Andersa-KUP-TERAZ-D.jpg 750w, https:\/\/www.24gliwice.pl\/wiadomosci\/wp-content\/uploads\/2026\/04\/20260415-Ogrody-Andersa-KUP-TERAZ-D-410x109.jpg 410w\" sizes=\"(max-width: 750px) 100vw, 750px\" class=\"no-lazyload\" width=\"750\" height=\"200\"  style=\"display: inline-block; max-width: 100%; height: auto;\" \/><\/a><\/div><\/div>\n<p>Zako\u0144czenie rob\u00f3t planowane jest w IV kwartale br.<\/p>\n<p><img loading=\"lazy\" decoding=\"async\" src=\"http:\/\/www.24gliwice.pl\/wiadomosci\/wp-content\/uploads\/2017\/09\/remont-ziemowita-810x455.jpg\" alt=\"\" width=\"810\" height=\"455\" class=\"aligncenter size-large wp-image-103864\" \/><\/p>\n<p>(\u017cms)<br \/>\nfot. ZDM<\/p>\n<div class=\"gliwi-a5-na-koncu-artykulow gliwi-entity-placement\" id=\"gliwi-2245876095\"><div class=\"gliwi-adlabel\"><span style=\"font-size: 9px\">REKLAMA<\/span><\/div><div id=\"gliwi-736003962\" style=\"margin-left: auto;margin-right: auto;text-align: center;\"><a data-no-instant=\"1\" href=\"https:\/\/www.jasek.pl\/\" rel=\"noopener\" class=\"a2t-link\" target=\"_blank\" aria-label=\"20200401-jasek 600\"><img loading=\"lazy\" decoding=\"async\" src=\"https:\/\/www.24gliwice.pl\/wiadomosci\/wp-content\/uploads\/2020\/04\/20200401-jasek-600.jpg\" alt=\"\"  srcset=\"https:\/\/www.24gliwice.pl\/wiadomosci\/wp-content\/uploads\/2020\/04\/20200401-jasek-600.jpg 600w, https:\/\/www.24gliwice.pl\/wiadomosci\/wp-content\/uploads\/2020\/04\/20200401-jasek-600-410x109.jpg 410w\" sizes=\"(max-width: 600px) 100vw, 600px\" class=\"no-lazyload\" width=\"600\" height=\"160\"  style=\"display: inline-block; max-width: 100%; height: auto;\" \/><\/a><\/div><\/div>","protected":false},"excerpt":{"rendered":"<p>Trwa remont ulicy Ziemowita, dotychczas prace by\u0142y prowadzone na zamkni\u0119tym dla ruchu odcinku od skrzy\u017cowaniu z ulic\u0105 Kr\u00f3lowej Bony do Ko\u015bciuszki. Teraz roboty przenios\u0105 si\u0119 na pozosta\u0142\u0105 cz\u0119\u015b\u0107 drogi, a\u017c do jej wylotu na ulic\u0119 G\u00f3rnych Wa\u0142\u00f3w. Na fragmencie od ulicy Kr\u00f3lowej Bony do ul.Ko\u015bciuszki wymieniono nawierzchni\u0119 jezdni i chodnik\u00f3w. Uporz\u0105dkowano miejsca postojowe. Od 7 [&hellip;]<\/p>\n","protected":false},"author":15,"featured_media":103863,"comment_status":"open","ping_status":"closed","sticky":false,"template":"","format":"standard","meta":{"_monsterinsights_skip_tracking":false,"_monsterinsights_sitenote_active":false,"_monsterinsights_sitenote_note":"","_monsterinsights_sitenote_category":0,"footnotes":"","_links_to":"","_links_to_target":""},"categories":[3,1],"tags":[10118,8575,10116,214,9371],"class_list":["post-103862","post","type-post","status-publish","format-standard","has-post-thumbnail","hentry","category-gliwice","category-wszystko","tag-remont-chodnika","tag-remont-jezdni","tag-wymiana-nawierzchni-jezdni","tag-zdm","tag-ziemowita"],"yoast_head":"<!-- This site is optimized with the Yoast SEO plugin v27.5 - https:\/\/yoast.com\/product\/yoast-seo-wordpress\/ -->\n<title>Od czwartku remont ulicy Ziemowita przeniesie si\u0119 na inny fragment. Zmiany dla kierowc\u00f3w - 24GLIWICE - Portal Gliwice | codziennie nowe informacje<\/title>\n<meta name=\"robots\" content=\"index, follow, max-snippet:-1, max-image-preview:large, max-video-preview:-1\" \/>\n<link rel=\"canonical\" href=\"https:\/\/www.24gliwice.pl\/wiadomosci\/od-czwartku-remont-ulicy-ziemowita-przeniesie-sie-na-inny-fragment-zmiany-dla-kierowcow\/\" \/>\n<meta property=\"og:locale\" content=\"pl_PL\" \/>\n<meta property=\"og:type\" content=\"article\" \/>\n<meta property=\"og:title\" content=\"Od czwartku remont ulicy Ziemowita przeniesie si\u0119 na inny fragment. Zmiany dla kierowc\u00f3w - 24GLIWICE - Portal Gliwice | codziennie nowe informacje\" \/>\n<meta property=\"og:description\" content=\"Trwa remont ulicy Ziemowita, dotychczas prace by\u0142y prowadzone na zamkni\u0119tym dla ruchu odcinku od skrzy\u017cowaniu z ulic\u0105 Kr\u00f3lowej Bony do Ko\u015bciuszki. Teraz roboty przenios\u0105 si\u0119 na pozosta\u0142\u0105 cz\u0119\u015b\u0107 drogi, a\u017c do jej wylotu na ulic\u0119 G\u00f3rnych Wa\u0142\u00f3w. Na fragmencie od ulicy Kr\u00f3lowej Bony do ul.Ko\u015bciuszki wymieniono nawierzchni\u0119 jezdni i chodnik\u00f3w. Uporz\u0105dkowano miejsca postojowe. Od 7 [&hellip;]\" \/>\n<meta property=\"og:url\" content=\"https:\/\/www.24gliwice.pl\/wiadomosci\/od-czwartku-remont-ulicy-ziemowita-przeniesie-sie-na-inny-fragment-zmiany-dla-kierowcow\/\" \/>\n<meta property=\"og:site_name\" content=\"24GLIWICE - Portal Gliwice | codziennie nowe informacje\" \/>\n<meta property=\"article:publisher\" content=\"https:\/\/www.facebook.com\/24gliwice\" \/>\n<meta property=\"article:published_time\" content=\"2017-09-06T03:50:38+00:00\" \/>\n<meta property=\"og:image\" content=\"https:\/\/www.24gliwice.pl\/wiadomosci\/wp-content\/uploads\/2017\/09\/remont-ziemowita-2-e1504617454334.jpg\" \/>\n\t<meta property=\"og:image:width\" content=\"810\" \/>\n\t<meta property=\"og:image:height\" content=\"456\" \/>\n\t<meta property=\"og:image:type\" content=\"image\/jpeg\" \/>\n<meta name=\"author\" content=\"\u017baneta Mrozek-Siewierska\" \/>\n<meta name=\"twitter:card\" content=\"summary_large_image\" \/>\n<meta name=\"twitter:creator\" content=\"@24gliwice\" \/>\n<meta name=\"twitter:site\" content=\"@24gliwice\" \/>\n<meta name=\"twitter:label1\" content=\"Napisane przez\" \/>\n\t<meta name=\"twitter:data1\" content=\"\u017baneta Mrozek-Siewierska\" \/>\n\t<meta name=\"twitter:label2\" content=\"Szacowany czas czytania\" \/>\n\t<meta name=\"twitter:data2\" content=\"1 minuta\" \/>\n<script type=\"application\/ld+json\" class=\"yoast-schema-graph\">{\"@context\":\"https:\\\/\\\/schema.org\",\"@graph\":[{\"@type\":\"Article\",\"@id\":\"https:\\\/\\\/www.24gliwice.pl\\\/wiadomosci\\\/od-czwartku-remont-ulicy-ziemowita-przeniesie-sie-na-inny-fragment-zmiany-dla-kierowcow\\\/#article\",\"isPartOf\":{\"@id\":\"https:\\\/\\\/www.24gliwice.pl\\\/wiadomosci\\\/od-czwartku-remont-ulicy-ziemowita-przeniesie-sie-na-inny-fragment-zmiany-dla-kierowcow\\\/\"},\"author\":{\"name\":\"\u017baneta Mrozek-Siewierska\",\"@id\":\"https:\\\/\\\/www.24gliwice.pl\\\/wiadomosci\\\/#\\\/schema\\\/person\\\/e42c650edd7f2fa332be3811fb166b6e\"},\"headline\":\"Od czwartku remont ulicy Ziemowita przeniesie si\u0119 na inny fragment. Zmiany dla kierowc\u00f3w\",\"datePublished\":\"2017-09-06T03:50:38+00:00\",\"mainEntityOfPage\":{\"@id\":\"https:\\\/\\\/www.24gliwice.pl\\\/wiadomosci\\\/od-czwartku-remont-ulicy-ziemowita-przeniesie-sie-na-inny-fragment-zmiany-dla-kierowcow\\\/\"},\"wordCount\":146,\"commentCount\":0,\"publisher\":{\"@id\":\"https:\\\/\\\/www.24gliwice.pl\\\/wiadomosci\\\/#organization\"},\"image\":{\"@id\":\"https:\\\/\\\/www.24gliwice.pl\\\/wiadomosci\\\/od-czwartku-remont-ulicy-ziemowita-przeniesie-sie-na-inny-fragment-zmiany-dla-kierowcow\\\/#primaryimage\"},\"thumbnailUrl\":\"https:\\\/\\\/www.24gliwice.pl\\\/wiadomosci\\\/wp-content\\\/uploads\\\/2017\\\/09\\\/remont-ziemowita-2-e1504617454334.jpg\",\"keywords\":[\"remont chodnika\",\"remont jezdni\",\"WYMIANA NAWIERZCHNI JEZDNI\",\"ZDM\",\"ziemowita\"],\"articleSection\":[\"Gliwice\",\"Najnowsze wiadomo\u015bci\"],\"inLanguage\":\"pl-PL\",\"potentialAction\":[{\"@type\":\"CommentAction\",\"name\":\"Comment\",\"target\":[\"https:\\\/\\\/www.24gliwice.pl\\\/wiadomosci\\\/od-czwartku-remont-ulicy-ziemowita-przeniesie-sie-na-inny-fragment-zmiany-dla-kierowcow\\\/#respond\"]}]},{\"@type\":\"WebPage\",\"@id\":\"https:\\\/\\\/www.24gliwice.pl\\\/wiadomosci\\\/od-czwartku-remont-ulicy-ziemowita-przeniesie-sie-na-inny-fragment-zmiany-dla-kierowcow\\\/\",\"url\":\"https:\\\/\\\/www.24gliwice.pl\\\/wiadomosci\\\/od-czwartku-remont-ulicy-ziemowita-przeniesie-sie-na-inny-fragment-zmiany-dla-kierowcow\\\/\",\"name\":\"Od czwartku remont ulicy Ziemowita przeniesie si\u0119 na inny fragment. Zmiany dla kierowc\u00f3w - 24GLIWICE - Portal Gliwice | codziennie nowe informacje\",\"isPartOf\":{\"@id\":\"https:\\\/\\\/www.24gliwice.pl\\\/wiadomosci\\\/#website\"},\"primaryImageOfPage\":{\"@id\":\"https:\\\/\\\/www.24gliwice.pl\\\/wiadomosci\\\/od-czwartku-remont-ulicy-ziemowita-przeniesie-sie-na-inny-fragment-zmiany-dla-kierowcow\\\/#primaryimage\"},\"image\":{\"@id\":\"https:\\\/\\\/www.24gliwice.pl\\\/wiadomosci\\\/od-czwartku-remont-ulicy-ziemowita-przeniesie-sie-na-inny-fragment-zmiany-dla-kierowcow\\\/#primaryimage\"},\"thumbnailUrl\":\"https:\\\/\\\/www.24gliwice.pl\\\/wiadomosci\\\/wp-content\\\/uploads\\\/2017\\\/09\\\/remont-ziemowita-2-e1504617454334.jpg\",\"datePublished\":\"2017-09-06T03:50:38+00:00\",\"breadcrumb\":{\"@id\":\"https:\\\/\\\/www.24gliwice.pl\\\/wiadomosci\\\/od-czwartku-remont-ulicy-ziemowita-przeniesie-sie-na-inny-fragment-zmiany-dla-kierowcow\\\/#breadcrumb\"},\"inLanguage\":\"pl-PL\",\"potentialAction\":[{\"@type\":\"ReadAction\",\"target\":[\"https:\\\/\\\/www.24gliwice.pl\\\/wiadomosci\\\/od-czwartku-remont-ulicy-ziemowita-przeniesie-sie-na-inny-fragment-zmiany-dla-kierowcow\\\/\"]}]},{\"@type\":\"ImageObject\",\"inLanguage\":\"pl-PL\",\"@id\":\"https:\\\/\\\/www.24gliwice.pl\\\/wiadomosci\\\/od-czwartku-remont-ulicy-ziemowita-przeniesie-sie-na-inny-fragment-zmiany-dla-kierowcow\\\/#primaryimage\",\"url\":\"https:\\\/\\\/www.24gliwice.pl\\\/wiadomosci\\\/wp-content\\\/uploads\\\/2017\\\/09\\\/remont-ziemowita-2-e1504617454334.jpg\",\"contentUrl\":\"https:\\\/\\\/www.24gliwice.pl\\\/wiadomosci\\\/wp-content\\\/uploads\\\/2017\\\/09\\\/remont-ziemowita-2-e1504617454334.jpg\",\"width\":810,\"height\":456},{\"@type\":\"BreadcrumbList\",\"@id\":\"https:\\\/\\\/www.24gliwice.pl\\\/wiadomosci\\\/od-czwartku-remont-ulicy-ziemowita-przeniesie-sie-na-inny-fragment-zmiany-dla-kierowcow\\\/#breadcrumb\",\"itemListElement\":[{\"@type\":\"ListItem\",\"position\":1,\"name\":\"Strona g\u0142\u00f3wna\",\"item\":\"https:\\\/\\\/www.24gliwice.pl\\\/wiadomosci\\\/\"},{\"@type\":\"ListItem\",\"position\":2,\"name\":\"Od czwartku remont ulicy Ziemowita przeniesie si\u0119 na inny fragment. Zmiany dla kierowc\u00f3w\"}]},{\"@type\":\"WebSite\",\"@id\":\"https:\\\/\\\/www.24gliwice.pl\\\/wiadomosci\\\/#website\",\"url\":\"https:\\\/\\\/www.24gliwice.pl\\\/wiadomosci\\\/\",\"name\":\"24GLIWICE - Portal Gliwice | codziennie nowe wiadomo\u015bci\",\"description\":\"Portal Miejski Gliwice\",\"publisher\":{\"@id\":\"https:\\\/\\\/www.24gliwice.pl\\\/wiadomosci\\\/#organization\"},\"potentialAction\":[{\"@type\":\"SearchAction\",\"target\":{\"@type\":\"EntryPoint\",\"urlTemplate\":\"https:\\\/\\\/www.24gliwice.pl\\\/wiadomosci\\\/?s={search_term_string}\"},\"query-input\":{\"@type\":\"PropertyValueSpecification\",\"valueRequired\":true,\"valueName\":\"search_term_string\"}}],\"inLanguage\":\"pl-PL\"},{\"@type\":\"Organization\",\"@id\":\"https:\\\/\\\/www.24gliwice.pl\\\/wiadomosci\\\/#organization\",\"name\":\"24gliwice\",\"url\":\"https:\\\/\\\/www.24gliwice.pl\\\/wiadomosci\\\/\",\"logo\":{\"@type\":\"ImageObject\",\"inLanguage\":\"pl-PL\",\"@id\":\"https:\\\/\\\/www.24gliwice.pl\\\/wiadomosci\\\/#\\\/schema\\\/logo\\\/image\\\/\",\"url\":\"https:\\\/\\\/www.24gliwice.pl\\\/wiadomosci\\\/wp-content\\\/uploads\\\/2024\\\/10\\\/24gliwice-logo-696.jpg\",\"contentUrl\":\"https:\\\/\\\/www.24gliwice.pl\\\/wiadomosci\\\/wp-content\\\/uploads\\\/2024\\\/10\\\/24gliwice-logo-696.jpg\",\"width\":696,\"height\":696,\"caption\":\"24gliwice\"},\"image\":{\"@id\":\"https:\\\/\\\/www.24gliwice.pl\\\/wiadomosci\\\/#\\\/schema\\\/logo\\\/image\\\/\"},\"sameAs\":[\"https:\\\/\\\/www.facebook.com\\\/24gliwice\",\"https:\\\/\\\/x.com\\\/24gliwice\",\"https:\\\/\\\/www.youtube.com\\\/@24gliwice\"]},{\"@type\":\"Person\",\"@id\":\"https:\\\/\\\/www.24gliwice.pl\\\/wiadomosci\\\/#\\\/schema\\\/person\\\/e42c650edd7f2fa332be3811fb166b6e\",\"name\":\"\u017baneta Mrozek-Siewierska\",\"image\":{\"@type\":\"ImageObject\",\"inLanguage\":\"pl-PL\",\"@id\":\"https:\\\/\\\/secure.gravatar.com\\\/avatar\\\/1881429e9c64597c77ad7aef2d0a19be69a3253e57534d16aa15bf3a4d34a0a3?s=96&d=mm&r=g\",\"url\":\"https:\\\/\\\/secure.gravatar.com\\\/avatar\\\/1881429e9c64597c77ad7aef2d0a19be69a3253e57534d16aa15bf3a4d34a0a3?s=96&d=mm&r=g\",\"contentUrl\":\"https:\\\/\\\/secure.gravatar.com\\\/avatar\\\/1881429e9c64597c77ad7aef2d0a19be69a3253e57534d16aa15bf3a4d34a0a3?s=96&d=mm&r=g\",\"caption\":\"\u017baneta Mrozek-Siewierska\"},\"url\":\"https:\\\/\\\/www.24gliwice.pl\\\/wiadomosci\\\/author\\\/zms\\\/\"}]}<\/script>\n<!-- \/ Yoast SEO plugin. -->","yoast_head_json":{"title":"Od czwartku remont ulicy Ziemowita przeniesie si\u0119 na inny fragment. Zmiany dla kierowc\u00f3w - 24GLIWICE - Portal Gliwice | codziennie nowe informacje","robots":{"index":"index","follow":"follow","max-snippet":"max-snippet:-1","max-image-preview":"max-image-preview:large","max-video-preview":"max-video-preview:-1"},"canonical":"https:\/\/www.24gliwice.pl\/wiadomosci\/od-czwartku-remont-ulicy-ziemowita-przeniesie-sie-na-inny-fragment-zmiany-dla-kierowcow\/","og_locale":"pl_PL","og_type":"article","og_title":"Od czwartku remont ulicy Ziemowita przeniesie si\u0119 na inny fragment. Zmiany dla kierowc\u00f3w - 24GLIWICE - Portal Gliwice | codziennie nowe informacje","og_description":"Trwa remont ulicy Ziemowita, dotychczas prace by\u0142y prowadzone na zamkni\u0119tym dla ruchu odcinku od skrzy\u017cowaniu z ulic\u0105 Kr\u00f3lowej Bony do Ko\u015bciuszki. Teraz roboty przenios\u0105 si\u0119 na pozosta\u0142\u0105 cz\u0119\u015b\u0107 drogi, a\u017c do jej wylotu na ulic\u0119 G\u00f3rnych Wa\u0142\u00f3w. Na fragmencie od ulicy Kr\u00f3lowej Bony do ul.Ko\u015bciuszki wymieniono nawierzchni\u0119 jezdni i chodnik\u00f3w. Uporz\u0105dkowano miejsca postojowe. Od 7 [&hellip;]","og_url":"https:\/\/www.24gliwice.pl\/wiadomosci\/od-czwartku-remont-ulicy-ziemowita-przeniesie-sie-na-inny-fragment-zmiany-dla-kierowcow\/","og_site_name":"24GLIWICE - Portal Gliwice | codziennie nowe informacje","article_publisher":"https:\/\/www.facebook.com\/24gliwice","article_published_time":"2017-09-06T03:50:38+00:00","og_image":[{"width":810,"height":456,"url":"https:\/\/www.24gliwice.pl\/wiadomosci\/wp-content\/uploads\/2017\/09\/remont-ziemowita-2-e1504617454334.jpg","type":"image\/jpeg"}],"author":"\u017baneta Mrozek-Siewierska","twitter_card":"summary_large_image","twitter_creator":"@24gliwice","twitter_site":"@24gliwice","twitter_misc":{"Napisane przez":"\u017baneta Mrozek-Siewierska","Szacowany czas czytania":"1 minuta"},"schema":{"@context":"https:\/\/schema.org","@graph":[{"@type":"Article","@id":"https:\/\/www.24gliwice.pl\/wiadomosci\/od-czwartku-remont-ulicy-ziemowita-przeniesie-sie-na-inny-fragment-zmiany-dla-kierowcow\/#article","isPartOf":{"@id":"https:\/\/www.24gliwice.pl\/wiadomosci\/od-czwartku-remont-ulicy-ziemowita-przeniesie-sie-na-inny-fragment-zmiany-dla-kierowcow\/"},"author":{"name":"\u017baneta Mrozek-Siewierska","@id":"https:\/\/www.24gliwice.pl\/wiadomosci\/#\/schema\/person\/e42c650edd7f2fa332be3811fb166b6e"},"headline":"Od czwartku remont ulicy Ziemowita przeniesie si\u0119 na inny fragment. Zmiany dla kierowc\u00f3w","datePublished":"2017-09-06T03:50:38+00:00","mainEntityOfPage":{"@id":"https:\/\/www.24gliwice.pl\/wiadomosci\/od-czwartku-remont-ulicy-ziemowita-przeniesie-sie-na-inny-fragment-zmiany-dla-kierowcow\/"},"wordCount":146,"commentCount":0,"publisher":{"@id":"https:\/\/www.24gliwice.pl\/wiadomosci\/#organization"},"image":{"@id":"https:\/\/www.24gliwice.pl\/wiadomosci\/od-czwartku-remont-ulicy-ziemowita-przeniesie-sie-na-inny-fragment-zmiany-dla-kierowcow\/#primaryimage"},"thumbnailUrl":"https:\/\/www.24gliwice.pl\/wiadomosci\/wp-content\/uploads\/2017\/09\/remont-ziemowita-2-e1504617454334.jpg","keywords":["remont chodnika","remont jezdni","WYMIANA NAWIERZCHNI JEZDNI","ZDM","ziemowita"],"articleSection":["Gliwice","Najnowsze wiadomo\u015bci"],"inLanguage":"pl-PL","potentialAction":[{"@type":"CommentAction","name":"Comment","target":["https:\/\/www.24gliwice.pl\/wiadomosci\/od-czwartku-remont-ulicy-ziemowita-przeniesie-sie-na-inny-fragment-zmiany-dla-kierowcow\/#respond"]}]},{"@type":"WebPage","@id":"https:\/\/www.24gliwice.pl\/wiadomosci\/od-czwartku-remont-ulicy-ziemowita-przeniesie-sie-na-inny-fragment-zmiany-dla-kierowcow\/","url":"https:\/\/www.24gliwice.pl\/wiadomosci\/od-czwartku-remont-ulicy-ziemowita-przeniesie-sie-na-inny-fragment-zmiany-dla-kierowcow\/","name":"Od czwartku remont ulicy Ziemowita przeniesie si\u0119 na inny fragment. Zmiany dla kierowc\u00f3w - 24GLIWICE - Portal Gliwice | codziennie nowe informacje","isPartOf":{"@id":"https:\/\/www.24gliwice.pl\/wiadomosci\/#website"},"primaryImageOfPage":{"@id":"https:\/\/www.24gliwice.pl\/wiadomosci\/od-czwartku-remont-ulicy-ziemowita-przeniesie-sie-na-inny-fragment-zmiany-dla-kierowcow\/#primaryimage"},"image":{"@id":"https:\/\/www.24gliwice.pl\/wiadomosci\/od-czwartku-remont-ulicy-ziemowita-przeniesie-sie-na-inny-fragment-zmiany-dla-kierowcow\/#primaryimage"},"thumbnailUrl":"https:\/\/www.24gliwice.pl\/wiadomosci\/wp-content\/uploads\/2017\/09\/remont-ziemowita-2-e1504617454334.jpg","datePublished":"2017-09-06T03:50:38+00:00","breadcrumb":{"@id":"https:\/\/www.24gliwice.pl\/wiadomosci\/od-czwartku-remont-ulicy-ziemowita-przeniesie-sie-na-inny-fragment-zmiany-dla-kierowcow\/#breadcrumb"},"inLanguage":"pl-PL","potentialAction":[{"@type":"ReadAction","target":["https:\/\/www.24gliwice.pl\/wiadomosci\/od-czwartku-remont-ulicy-ziemowita-przeniesie-sie-na-inny-fragment-zmiany-dla-kierowcow\/"]}]},{"@type":"ImageObject","inLanguage":"pl-PL","@id":"https:\/\/www.24gliwice.pl\/wiadomosci\/od-czwartku-remont-ulicy-ziemowita-przeniesie-sie-na-inny-fragment-zmiany-dla-kierowcow\/#primaryimage","url":"https:\/\/www.24gliwice.pl\/wiadomosci\/wp-content\/uploads\/2017\/09\/remont-ziemowita-2-e1504617454334.jpg","contentUrl":"https:\/\/www.24gliwice.pl\/wiadomosci\/wp-content\/uploads\/2017\/09\/remont-ziemowita-2-e1504617454334.jpg","width":810,"height":456},{"@type":"BreadcrumbList","@id":"https:\/\/www.24gliwice.pl\/wiadomosci\/od-czwartku-remont-ulicy-ziemowita-przeniesie-sie-na-inny-fragment-zmiany-dla-kierowcow\/#breadcrumb","itemListElement":[{"@type":"ListItem","position":1,"name":"Strona g\u0142\u00f3wna","item":"https:\/\/www.24gliwice.pl\/wiadomosci\/"},{"@type":"ListItem","position":2,"name":"Od czwartku remont ulicy Ziemowita przeniesie si\u0119 na inny fragment. Zmiany dla kierowc\u00f3w"}]},{"@type":"WebSite","@id":"https:\/\/www.24gliwice.pl\/wiadomosci\/#website","url":"https:\/\/www.24gliwice.pl\/wiadomosci\/","name":"24GLIWICE - Portal Gliwice | codziennie nowe wiadomo\u015bci","description":"Portal Miejski Gliwice","publisher":{"@id":"https:\/\/www.24gliwice.pl\/wiadomosci\/#organization"},"potentialAction":[{"@type":"SearchAction","target":{"@type":"EntryPoint","urlTemplate":"https:\/\/www.24gliwice.pl\/wiadomosci\/?s={search_term_string}"},"query-input":{"@type":"PropertyValueSpecification","valueRequired":true,"valueName":"search_term_string"}}],"inLanguage":"pl-PL"},{"@type":"Organization","@id":"https:\/\/www.24gliwice.pl\/wiadomosci\/#organization","name":"24gliwice","url":"https:\/\/www.24gliwice.pl\/wiadomosci\/","logo":{"@type":"ImageObject","inLanguage":"pl-PL","@id":"https:\/\/www.24gliwice.pl\/wiadomosci\/#\/schema\/logo\/image\/","url":"https:\/\/www.24gliwice.pl\/wiadomosci\/wp-content\/uploads\/2024\/10\/24gliwice-logo-696.jpg","contentUrl":"https:\/\/www.24gliwice.pl\/wiadomosci\/wp-content\/uploads\/2024\/10\/24gliwice-logo-696.jpg","width":696,"height":696,"caption":"24gliwice"},"image":{"@id":"https:\/\/www.24gliwice.pl\/wiadomosci\/#\/schema\/logo\/image\/"},"sameAs":["https:\/\/www.facebook.com\/24gliwice","https:\/\/x.com\/24gliwice","https:\/\/www.youtube.com\/@24gliwice"]},{"@type":"Person","@id":"https:\/\/www.24gliwice.pl\/wiadomosci\/#\/schema\/person\/e42c650edd7f2fa332be3811fb166b6e","name":"\u017baneta Mrozek-Siewierska","image":{"@type":"ImageObject","inLanguage":"pl-PL","@id":"https:\/\/secure.gravatar.com\/avatar\/1881429e9c64597c77ad7aef2d0a19be69a3253e57534d16aa15bf3a4d34a0a3?s=96&d=mm&r=g","url":"https:\/\/secure.gravatar.com\/avatar\/1881429e9c64597c77ad7aef2d0a19be69a3253e57534d16aa15bf3a4d34a0a3?s=96&d=mm&r=g","contentUrl":"https:\/\/secure.gravatar.com\/avatar\/1881429e9c64597c77ad7aef2d0a19be69a3253e57534d16aa15bf3a4d34a0a3?s=96&d=mm&r=g","caption":"\u017baneta Mrozek-Siewierska"},"url":"https:\/\/www.24gliwice.pl\/wiadomosci\/author\/zms\/"}]}},"_links":{"self":[{"href":"https:\/\/www.24gliwice.pl\/wiadomosci\/wp-json\/wp\/v2\/posts\/103862","targetHints":{"allow":["GET"]}}],"collection":[{"href":"https:\/\/www.24gliwice.pl\/wiadomosci\/wp-json\/wp\/v2\/posts"}],"about":[{"href":"https:\/\/www.24gliwice.pl\/wiadomosci\/wp-json\/wp\/v2\/types\/post"}],"author":[{"embeddable":true,"href":"https:\/\/www.24gliwice.pl\/wiadomosci\/wp-json\/wp\/v2\/users\/15"}],"replies":[{"embeddable":true,"href":"https:\/\/www.24gliwice.pl\/wiadomosci\/wp-json\/wp\/v2\/comments?post=103862"}],"version-history":[{"count":0,"href":"https:\/\/www.24gliwice.pl\/wiadomosci\/wp-json\/wp\/v2\/posts\/103862\/revisions"}],"wp:featuredmedia":[{"embeddable":true,"href":"https:\/\/www.24gliwice.pl\/wiadomosci\/wp-json\/wp\/v2\/media\/103863"}],"wp:attachment":[{"href":"https:\/\/www.24gliwice.pl\/wiadomosci\/wp-json\/wp\/v2\/media?parent=103862"}],"wp:term":[{"taxonomy":"category","embeddable":true,"href":"https:\/\/www.24gliwice.pl\/wiadomosci\/wp-json\/wp\/v2\/categories?post=103862"},{"taxonomy":"post_tag","embeddable":true,"href":"https:\/\/www.24gliwice.pl\/wiadomosci\/wp-json\/wp\/v2\/tags?post=103862"}],"curies":[{"name":"wp","href":"https:\/\/api.w.org\/{rel}","templated":true}]}}