{"id":104063,"date":"2017-09-11T15:14:51","date_gmt":"2017-09-11T13:14:51","guid":{"rendered":"http:\/\/www.24gliwice.pl\/wiadomosci\/?p=104063"},"modified":"2017-09-11T15:14:51","modified_gmt":"2017-09-11T13:14:51","slug":"te-biblioteki-niebawem-zmienia-adres-ma-to-pozwolic-na-poszerzenie-oferty","status":"publish","type":"post","link":"https:\/\/www.24gliwice.pl\/wiadomosci\/te-biblioteki-niebawem-zmienia-adres-ma-to-pozwolic-na-poszerzenie-oferty\/","title":{"rendered":"Te biblioteki niebawem zmieni\u0105 adres. Ma to pozwoli\u0107 na poszerzenie oferty"},"content":{"rendered":"<div class=\"gliwi-a6-nad-leadem-artykulow gliwi-entity-placement\" id=\"gliwi-2133428562\"><div class=\"gliwi-adlabel\"><span style=\"font-size: 9px\">REKLAMA<\/span><\/div><div id=\"gliwi-1289642077\" style=\"margin-bottom: 25px;margin-left: auto;margin-right: auto;text-align: center;\"><a data-no-instant=\"1\" href=\"https:\/\/dom100.eu\/\" rel=\"noopener\" class=\"a2t-link\" target=\"_blank\" aria-label=\"20260415 DOM100 D\"><img loading=\"lazy\" decoding=\"async\" src=\"https:\/\/www.24gliwice.pl\/wiadomosci\/wp-content\/uploads\/2026\/04\/20260415-DOM100-D.jpg\" alt=\"\"  srcset=\"https:\/\/www.24gliwice.pl\/wiadomosci\/wp-content\/uploads\/2026\/04\/20260415-DOM100-D.jpg 750w, https:\/\/www.24gliwice.pl\/wiadomosci\/wp-content\/uploads\/2026\/04\/20260415-DOM100-D-410x109.jpg 410w\" sizes=\"(max-width: 750px) 100vw, 750px\" class=\"no-lazyload\" width=\"750\" height=\"200\"  style=\"display: inline-block; max-width: 100%; height: auto;\" \/><\/a><\/div><\/div><h3>Mieszka\u0144cy osiedli Obro\u0144c\u00f3w Pokoju oraz So\u015bnica musz\u0105 by\u0107 przygotowani na ma\u0142e zamieszanie. Ju\u017c nied\u0142ugo dwie gliwickie biblioteki przenios\u0105 swoje siedziby w inne miejsce.<\/h3>\n<p>Filia nr 13 przenosi si\u0119 do innego budynku przy ul. Paderewskiego, a so\u015bnicka filia nr 16 b\u0119dzie \u015bwiadczy\u0107 us\u0142ugi w Zespole Szk\u00f3\u0142 Og\u00f3lnokszta\u0142c\u0105cych nr 14.<\/p>\n<p>Podczas sesji Rady Miasta Gliwice 7 wrze\u015bnia oficjalnie zmieniono statut Miejskiej Biblioteki Publicznej. Radni byli jednog\u0142o\u015bni. Uchwa\u0142a wejdzie w \u017cycie 14 dni po og\u0142oszeniu jej w Dzienniku Urz\u0119dowym Wojew\u00f3dztwa \u015al\u0105skiego. Przeprowadzki zosta\u0142y zaakceptowane przez gliwickich radnych ju\u017c wcze\u015bniej, gdy przyj\u0119li uchwa\u0142y intencyjne w tych sprawach.<\/p><div class=\"gliwi-a3-w-tresci-artykulow gliwi-entity-placement\" id=\"gliwi-844124895\"><div class=\"gliwi-adlabel\"><span style=\"font-size: 9px\">REKLAMA<\/span><\/div><div id=\"gliwi-1612807143\" style=\"margin-bottom: 30px;margin-left: auto;margin-right: auto;text-align: center;\"><a data-no-instant=\"1\" href=\"https:\/\/ogrodyandersa.pl\/\" rel=\"noopener\" class=\"a2t-link\" target=\"_blank\" aria-label=\"20260415 Ogrody Andersa KUP TERAZ D\"><img loading=\"lazy\" decoding=\"async\" src=\"https:\/\/www.24gliwice.pl\/wiadomosci\/wp-content\/uploads\/2026\/04\/20260415-Ogrody-Andersa-KUP-TERAZ-D.jpg\" alt=\"\"  srcset=\"https:\/\/www.24gliwice.pl\/wiadomosci\/wp-content\/uploads\/2026\/04\/20260415-Ogrody-Andersa-KUP-TERAZ-D.jpg 750w, https:\/\/www.24gliwice.pl\/wiadomosci\/wp-content\/uploads\/2026\/04\/20260415-Ogrody-Andersa-KUP-TERAZ-D-410x109.jpg 410w\" sizes=\"(max-width: 750px) 100vw, 750px\" class=\"no-lazyload\" width=\"750\" height=\"200\"  style=\"display: inline-block; max-width: 100%; height: auto;\" \/><\/a><\/div><\/div>\n<p><strong>Filia nr 13<\/strong> MBP zmieni adres na ul. Paderewskiego 56. Plac\u00f3wka wcze\u015bniej mie\u015bci\u0142a si\u0119 w Zespole Szkolno-Przedszkolnym przy ul. Paderewskiego 70, jednak rozrastaj\u0105ca si\u0119 szko\u0142a potrzebowa\u0142a wi\u0119cej miejsca. W nowej lokalizacji biblioteka b\u0119dzie kontynuowa\u0107 dzia\u0142alno\u015b\u0107 na dotychczasowym poziomie.<\/p>\n<p><strong>Filia nr 16<\/strong> przenosi si\u0119 do Zespo\u0142u Szk\u00f3\u0142 Og\u00f3lnokszta\u0142c\u0105cych nr 14 przy ul. Przedwio\u015bnie 2. Bibliotekarze b\u0119d\u0105 tam mieli lepsze warunki lokalowe, co pozwoli na poszerzenie oferty.<\/p>\n<p>(\u017cms)\/UM(mm)<\/p>\n<div class=\"gliwi-a5-na-koncu-artykulow gliwi-entity-placement\" id=\"gliwi-1728575402\"><div class=\"gliwi-adlabel\"><span style=\"font-size: 9px\">REKLAMA<\/span><\/div><div id=\"gliwi-2878390875\" style=\"margin-left: auto;margin-right: auto;text-align: center;\"><a data-no-instant=\"1\" href=\"https:\/\/prezeroarenagliwice.pl\/\" rel=\"noopener\" class=\"a2t-link\" target=\"_blank\" aria-label=\"20260309-PREZERO-WIOSNA-D\"><img loading=\"lazy\" decoding=\"async\" src=\"https:\/\/www.24gliwice.pl\/wiadomosci\/wp-content\/uploads\/2026\/03\/20260309-PREZERO-WIOSNA-D.webp\" alt=\"\"  srcset=\"https:\/\/www.24gliwice.pl\/wiadomosci\/wp-content\/uploads\/2026\/03\/20260309-PREZERO-WIOSNA-D.webp 750w, https:\/\/www.24gliwice.pl\/wiadomosci\/wp-content\/uploads\/2026\/03\/20260309-PREZERO-WIOSNA-D-410x109.webp 410w\" sizes=\"(max-width: 750px) 100vw, 750px\" class=\"no-lazyload\" width=\"750\" height=\"200\"  style=\"display: inline-block; max-width: 100%; height: auto;\" \/><\/a><\/div><\/div>","protected":false},"excerpt":{"rendered":"<p>Mieszka\u0144cy osiedli Obro\u0144c\u00f3w Pokoju oraz So\u015bnica musz\u0105 by\u0107 przygotowani na ma\u0142e zamieszanie. Ju\u017c nied\u0142ugo dwie gliwickie biblioteki przenios\u0105 swoje siedziby w inne miejsce. Filia nr 13 przenosi si\u0119 do innego budynku przy ul. Paderewskiego, a so\u015bnicka filia nr 16 b\u0119dzie \u015bwiadczy\u0107 us\u0142ugi w Zespole Szk\u00f3\u0142 Og\u00f3lnokszta\u0142c\u0105cych nr 14. Podczas sesji Rady Miasta Gliwice 7 wrze\u015bnia [&hellip;]<\/p>\n","protected":false},"author":15,"featured_media":104065,"comment_status":"open","ping_status":"closed","sticky":false,"template":"","format":"standard","meta":{"_monsterinsights_skip_tracking":false,"_monsterinsights_sitenote_active":false,"_monsterinsights_sitenote_note":"","_monsterinsights_sitenote_category":0,"footnotes":"","_links_to":"","_links_to_target":""},"categories":[3,6,1],"tags":[1396,10168,10166,5704],"class_list":["post-104063","post","type-post","status-publish","format-standard","has-post-thumbnail","hentry","category-gliwice","category-kultura","category-wszystko","tag-biblioteka","tag-czytanie","tag-filia","tag-ksiazki"],"yoast_head":"<!-- This site is optimized with the Yoast SEO plugin v27.5 - https:\/\/yoast.com\/product\/yoast-seo-wordpress\/ -->\n<title>Te biblioteki niebawem zmieni\u0105 adres. Ma to pozwoli\u0107 na poszerzenie oferty - 24GLIWICE - Portal Gliwice | codziennie nowe informacje<\/title>\n<meta name=\"robots\" content=\"index, follow, max-snippet:-1, max-image-preview:large, max-video-preview:-1\" \/>\n<link rel=\"canonical\" href=\"https:\/\/www.24gliwice.pl\/wiadomosci\/te-biblioteki-niebawem-zmienia-adres-ma-to-pozwolic-na-poszerzenie-oferty\/\" \/>\n<meta property=\"og:locale\" content=\"pl_PL\" \/>\n<meta property=\"og:type\" content=\"article\" \/>\n<meta property=\"og:title\" content=\"Te biblioteki niebawem zmieni\u0105 adres. Ma to pozwoli\u0107 na poszerzenie oferty - 24GLIWICE - Portal Gliwice | codziennie nowe informacje\" \/>\n<meta property=\"og:description\" content=\"Mieszka\u0144cy osiedli Obro\u0144c\u00f3w Pokoju oraz So\u015bnica musz\u0105 by\u0107 przygotowani na ma\u0142e zamieszanie. Ju\u017c nied\u0142ugo dwie gliwickie biblioteki przenios\u0105 swoje siedziby w inne miejsce. Filia nr 13 przenosi si\u0119 do innego budynku przy ul. Paderewskiego, a so\u015bnicka filia nr 16 b\u0119dzie \u015bwiadczy\u0107 us\u0142ugi w Zespole Szk\u00f3\u0142 Og\u00f3lnokszta\u0142c\u0105cych nr 14. Podczas sesji Rady Miasta Gliwice 7 wrze\u015bnia [&hellip;]\" \/>\n<meta property=\"og:url\" content=\"https:\/\/www.24gliwice.pl\/wiadomosci\/te-biblioteki-niebawem-zmienia-adres-ma-to-pozwolic-na-poszerzenie-oferty\/\" \/>\n<meta property=\"og:site_name\" content=\"24GLIWICE - Portal Gliwice | codziennie nowe informacje\" \/>\n<meta property=\"article:publisher\" content=\"https:\/\/www.facebook.com\/24gliwice\" \/>\n<meta property=\"article:published_time\" content=\"2017-09-11T13:14:51+00:00\" \/>\n<meta property=\"og:image\" content=\"https:\/\/www.24gliwice.pl\/wiadomosci\/wp-content\/uploads\/2017\/09\/biblioteka-e1505131777614.jpeg\" \/>\n\t<meta property=\"og:image:width\" content=\"810\" \/>\n\t<meta property=\"og:image:height\" content=\"456\" \/>\n\t<meta property=\"og:image:type\" content=\"image\/jpeg\" \/>\n<meta name=\"author\" content=\"\u017baneta Mrozek-Siewierska\" \/>\n<meta name=\"twitter:card\" content=\"summary_large_image\" \/>\n<meta name=\"twitter:creator\" content=\"@24gliwice\" \/>\n<meta name=\"twitter:site\" content=\"@24gliwice\" \/>\n<meta name=\"twitter:label1\" content=\"Napisane przez\" \/>\n\t<meta name=\"twitter:data1\" content=\"\u017baneta Mrozek-Siewierska\" \/>\n\t<meta name=\"twitter:label2\" content=\"Szacowany czas czytania\" \/>\n\t<meta name=\"twitter:data2\" content=\"1 minuta\" \/>\n<script type=\"application\/ld+json\" class=\"yoast-schema-graph\">{\"@context\":\"https:\\\/\\\/schema.org\",\"@graph\":[{\"@type\":\"Article\",\"@id\":\"https:\\\/\\\/www.24gliwice.pl\\\/wiadomosci\\\/te-biblioteki-niebawem-zmienia-adres-ma-to-pozwolic-na-poszerzenie-oferty\\\/#article\",\"isPartOf\":{\"@id\":\"https:\\\/\\\/www.24gliwice.pl\\\/wiadomosci\\\/te-biblioteki-niebawem-zmienia-adres-ma-to-pozwolic-na-poszerzenie-oferty\\\/\"},\"author\":{\"name\":\"\u017baneta Mrozek-Siewierska\",\"@id\":\"https:\\\/\\\/www.24gliwice.pl\\\/wiadomosci\\\/#\\\/schema\\\/person\\\/e42c650edd7f2fa332be3811fb166b6e\"},\"headline\":\"Te biblioteki niebawem zmieni\u0105 adres. Ma to pozwoli\u0107 na poszerzenie oferty\",\"datePublished\":\"2017-09-11T13:14:51+00:00\",\"mainEntityOfPage\":{\"@id\":\"https:\\\/\\\/www.24gliwice.pl\\\/wiadomosci\\\/te-biblioteki-niebawem-zmienia-adres-ma-to-pozwolic-na-poszerzenie-oferty\\\/\"},\"wordCount\":201,\"commentCount\":0,\"publisher\":{\"@id\":\"https:\\\/\\\/www.24gliwice.pl\\\/wiadomosci\\\/#organization\"},\"image\":{\"@id\":\"https:\\\/\\\/www.24gliwice.pl\\\/wiadomosci\\\/te-biblioteki-niebawem-zmienia-adres-ma-to-pozwolic-na-poszerzenie-oferty\\\/#primaryimage\"},\"thumbnailUrl\":\"https:\\\/\\\/www.24gliwice.pl\\\/wiadomosci\\\/wp-content\\\/uploads\\\/2017\\\/09\\\/biblioteka-e1505131777614.jpeg\",\"keywords\":[\"BIBLIOTEKA\",\"czytanie\",\"filia\",\"ksi\u0105\u017cki\"],\"articleSection\":[\"Gliwice\",\"Kultura, wydarzenia, imprezy\",\"Najnowsze wiadomo\u015bci\"],\"inLanguage\":\"pl-PL\",\"potentialAction\":[{\"@type\":\"CommentAction\",\"name\":\"Comment\",\"target\":[\"https:\\\/\\\/www.24gliwice.pl\\\/wiadomosci\\\/te-biblioteki-niebawem-zmienia-adres-ma-to-pozwolic-na-poszerzenie-oferty\\\/#respond\"]}]},{\"@type\":\"WebPage\",\"@id\":\"https:\\\/\\\/www.24gliwice.pl\\\/wiadomosci\\\/te-biblioteki-niebawem-zmienia-adres-ma-to-pozwolic-na-poszerzenie-oferty\\\/\",\"url\":\"https:\\\/\\\/www.24gliwice.pl\\\/wiadomosci\\\/te-biblioteki-niebawem-zmienia-adres-ma-to-pozwolic-na-poszerzenie-oferty\\\/\",\"name\":\"Te biblioteki niebawem zmieni\u0105 adres. Ma to pozwoli\u0107 na poszerzenie oferty - 24GLIWICE - Portal Gliwice | codziennie nowe informacje\",\"isPartOf\":{\"@id\":\"https:\\\/\\\/www.24gliwice.pl\\\/wiadomosci\\\/#website\"},\"primaryImageOfPage\":{\"@id\":\"https:\\\/\\\/www.24gliwice.pl\\\/wiadomosci\\\/te-biblioteki-niebawem-zmienia-adres-ma-to-pozwolic-na-poszerzenie-oferty\\\/#primaryimage\"},\"image\":{\"@id\":\"https:\\\/\\\/www.24gliwice.pl\\\/wiadomosci\\\/te-biblioteki-niebawem-zmienia-adres-ma-to-pozwolic-na-poszerzenie-oferty\\\/#primaryimage\"},\"thumbnailUrl\":\"https:\\\/\\\/www.24gliwice.pl\\\/wiadomosci\\\/wp-content\\\/uploads\\\/2017\\\/09\\\/biblioteka-e1505131777614.jpeg\",\"datePublished\":\"2017-09-11T13:14:51+00:00\",\"breadcrumb\":{\"@id\":\"https:\\\/\\\/www.24gliwice.pl\\\/wiadomosci\\\/te-biblioteki-niebawem-zmienia-adres-ma-to-pozwolic-na-poszerzenie-oferty\\\/#breadcrumb\"},\"inLanguage\":\"pl-PL\",\"potentialAction\":[{\"@type\":\"ReadAction\",\"target\":[\"https:\\\/\\\/www.24gliwice.pl\\\/wiadomosci\\\/te-biblioteki-niebawem-zmienia-adres-ma-to-pozwolic-na-poszerzenie-oferty\\\/\"]}]},{\"@type\":\"ImageObject\",\"inLanguage\":\"pl-PL\",\"@id\":\"https:\\\/\\\/www.24gliwice.pl\\\/wiadomosci\\\/te-biblioteki-niebawem-zmienia-adres-ma-to-pozwolic-na-poszerzenie-oferty\\\/#primaryimage\",\"url\":\"https:\\\/\\\/www.24gliwice.pl\\\/wiadomosci\\\/wp-content\\\/uploads\\\/2017\\\/09\\\/biblioteka-e1505131777614.jpeg\",\"contentUrl\":\"https:\\\/\\\/www.24gliwice.pl\\\/wiadomosci\\\/wp-content\\\/uploads\\\/2017\\\/09\\\/biblioteka-e1505131777614.jpeg\",\"width\":810,\"height\":456},{\"@type\":\"BreadcrumbList\",\"@id\":\"https:\\\/\\\/www.24gliwice.pl\\\/wiadomosci\\\/te-biblioteki-niebawem-zmienia-adres-ma-to-pozwolic-na-poszerzenie-oferty\\\/#breadcrumb\",\"itemListElement\":[{\"@type\":\"ListItem\",\"position\":1,\"name\":\"Strona g\u0142\u00f3wna\",\"item\":\"https:\\\/\\\/www.24gliwice.pl\\\/wiadomosci\\\/\"},{\"@type\":\"ListItem\",\"position\":2,\"name\":\"Te biblioteki niebawem zmieni\u0105 adres. Ma to pozwoli\u0107 na poszerzenie oferty\"}]},{\"@type\":\"WebSite\",\"@id\":\"https:\\\/\\\/www.24gliwice.pl\\\/wiadomosci\\\/#website\",\"url\":\"https:\\\/\\\/www.24gliwice.pl\\\/wiadomosci\\\/\",\"name\":\"24GLIWICE - Portal Gliwice | codziennie nowe wiadomo\u015bci\",\"description\":\"Portal Miejski Gliwice\",\"publisher\":{\"@id\":\"https:\\\/\\\/www.24gliwice.pl\\\/wiadomosci\\\/#organization\"},\"potentialAction\":[{\"@type\":\"SearchAction\",\"target\":{\"@type\":\"EntryPoint\",\"urlTemplate\":\"https:\\\/\\\/www.24gliwice.pl\\\/wiadomosci\\\/?s={search_term_string}\"},\"query-input\":{\"@type\":\"PropertyValueSpecification\",\"valueRequired\":true,\"valueName\":\"search_term_string\"}}],\"inLanguage\":\"pl-PL\"},{\"@type\":\"Organization\",\"@id\":\"https:\\\/\\\/www.24gliwice.pl\\\/wiadomosci\\\/#organization\",\"name\":\"24gliwice\",\"url\":\"https:\\\/\\\/www.24gliwice.pl\\\/wiadomosci\\\/\",\"logo\":{\"@type\":\"ImageObject\",\"inLanguage\":\"pl-PL\",\"@id\":\"https:\\\/\\\/www.24gliwice.pl\\\/wiadomosci\\\/#\\\/schema\\\/logo\\\/image\\\/\",\"url\":\"https:\\\/\\\/www.24gliwice.pl\\\/wiadomosci\\\/wp-content\\\/uploads\\\/2024\\\/10\\\/24gliwice-logo-696.jpg\",\"contentUrl\":\"https:\\\/\\\/www.24gliwice.pl\\\/wiadomosci\\\/wp-content\\\/uploads\\\/2024\\\/10\\\/24gliwice-logo-696.jpg\",\"width\":696,\"height\":696,\"caption\":\"24gliwice\"},\"image\":{\"@id\":\"https:\\\/\\\/www.24gliwice.pl\\\/wiadomosci\\\/#\\\/schema\\\/logo\\\/image\\\/\"},\"sameAs\":[\"https:\\\/\\\/www.facebook.com\\\/24gliwice\",\"https:\\\/\\\/x.com\\\/24gliwice\",\"https:\\\/\\\/www.youtube.com\\\/@24gliwice\"]},{\"@type\":\"Person\",\"@id\":\"https:\\\/\\\/www.24gliwice.pl\\\/wiadomosci\\\/#\\\/schema\\\/person\\\/e42c650edd7f2fa332be3811fb166b6e\",\"name\":\"\u017baneta Mrozek-Siewierska\",\"image\":{\"@type\":\"ImageObject\",\"inLanguage\":\"pl-PL\",\"@id\":\"https:\\\/\\\/secure.gravatar.com\\\/avatar\\\/1881429e9c64597c77ad7aef2d0a19be69a3253e57534d16aa15bf3a4d34a0a3?s=96&d=mm&r=g\",\"url\":\"https:\\\/\\\/secure.gravatar.com\\\/avatar\\\/1881429e9c64597c77ad7aef2d0a19be69a3253e57534d16aa15bf3a4d34a0a3?s=96&d=mm&r=g\",\"contentUrl\":\"https:\\\/\\\/secure.gravatar.com\\\/avatar\\\/1881429e9c64597c77ad7aef2d0a19be69a3253e57534d16aa15bf3a4d34a0a3?s=96&d=mm&r=g\",\"caption\":\"\u017baneta Mrozek-Siewierska\"},\"url\":\"https:\\\/\\\/www.24gliwice.pl\\\/wiadomosci\\\/author\\\/zms\\\/\"}]}<\/script>\n<!-- \/ Yoast SEO plugin. -->","yoast_head_json":{"title":"Te biblioteki niebawem zmieni\u0105 adres. Ma to pozwoli\u0107 na poszerzenie oferty - 24GLIWICE - Portal Gliwice | codziennie nowe informacje","robots":{"index":"index","follow":"follow","max-snippet":"max-snippet:-1","max-image-preview":"max-image-preview:large","max-video-preview":"max-video-preview:-1"},"canonical":"https:\/\/www.24gliwice.pl\/wiadomosci\/te-biblioteki-niebawem-zmienia-adres-ma-to-pozwolic-na-poszerzenie-oferty\/","og_locale":"pl_PL","og_type":"article","og_title":"Te biblioteki niebawem zmieni\u0105 adres. Ma to pozwoli\u0107 na poszerzenie oferty - 24GLIWICE - Portal Gliwice | codziennie nowe informacje","og_description":"Mieszka\u0144cy osiedli Obro\u0144c\u00f3w Pokoju oraz So\u015bnica musz\u0105 by\u0107 przygotowani na ma\u0142e zamieszanie. Ju\u017c nied\u0142ugo dwie gliwickie biblioteki przenios\u0105 swoje siedziby w inne miejsce. Filia nr 13 przenosi si\u0119 do innego budynku przy ul. Paderewskiego, a so\u015bnicka filia nr 16 b\u0119dzie \u015bwiadczy\u0107 us\u0142ugi w Zespole Szk\u00f3\u0142 Og\u00f3lnokszta\u0142c\u0105cych nr 14. Podczas sesji Rady Miasta Gliwice 7 wrze\u015bnia [&hellip;]","og_url":"https:\/\/www.24gliwice.pl\/wiadomosci\/te-biblioteki-niebawem-zmienia-adres-ma-to-pozwolic-na-poszerzenie-oferty\/","og_site_name":"24GLIWICE - Portal Gliwice | codziennie nowe informacje","article_publisher":"https:\/\/www.facebook.com\/24gliwice","article_published_time":"2017-09-11T13:14:51+00:00","og_image":[{"width":810,"height":456,"url":"https:\/\/www.24gliwice.pl\/wiadomosci\/wp-content\/uploads\/2017\/09\/biblioteka-e1505131777614.jpeg","type":"image\/jpeg"}],"author":"\u017baneta Mrozek-Siewierska","twitter_card":"summary_large_image","twitter_creator":"@24gliwice","twitter_site":"@24gliwice","twitter_misc":{"Napisane przez":"\u017baneta Mrozek-Siewierska","Szacowany czas czytania":"1 minuta"},"schema":{"@context":"https:\/\/schema.org","@graph":[{"@type":"Article","@id":"https:\/\/www.24gliwice.pl\/wiadomosci\/te-biblioteki-niebawem-zmienia-adres-ma-to-pozwolic-na-poszerzenie-oferty\/#article","isPartOf":{"@id":"https:\/\/www.24gliwice.pl\/wiadomosci\/te-biblioteki-niebawem-zmienia-adres-ma-to-pozwolic-na-poszerzenie-oferty\/"},"author":{"name":"\u017baneta Mrozek-Siewierska","@id":"https:\/\/www.24gliwice.pl\/wiadomosci\/#\/schema\/person\/e42c650edd7f2fa332be3811fb166b6e"},"headline":"Te biblioteki niebawem zmieni\u0105 adres. Ma to pozwoli\u0107 na poszerzenie oferty","datePublished":"2017-09-11T13:14:51+00:00","mainEntityOfPage":{"@id":"https:\/\/www.24gliwice.pl\/wiadomosci\/te-biblioteki-niebawem-zmienia-adres-ma-to-pozwolic-na-poszerzenie-oferty\/"},"wordCount":201,"commentCount":0,"publisher":{"@id":"https:\/\/www.24gliwice.pl\/wiadomosci\/#organization"},"image":{"@id":"https:\/\/www.24gliwice.pl\/wiadomosci\/te-biblioteki-niebawem-zmienia-adres-ma-to-pozwolic-na-poszerzenie-oferty\/#primaryimage"},"thumbnailUrl":"https:\/\/www.24gliwice.pl\/wiadomosci\/wp-content\/uploads\/2017\/09\/biblioteka-e1505131777614.jpeg","keywords":["BIBLIOTEKA","czytanie","filia","ksi\u0105\u017cki"],"articleSection":["Gliwice","Kultura, wydarzenia, imprezy","Najnowsze wiadomo\u015bci"],"inLanguage":"pl-PL","potentialAction":[{"@type":"CommentAction","name":"Comment","target":["https:\/\/www.24gliwice.pl\/wiadomosci\/te-biblioteki-niebawem-zmienia-adres-ma-to-pozwolic-na-poszerzenie-oferty\/#respond"]}]},{"@type":"WebPage","@id":"https:\/\/www.24gliwice.pl\/wiadomosci\/te-biblioteki-niebawem-zmienia-adres-ma-to-pozwolic-na-poszerzenie-oferty\/","url":"https:\/\/www.24gliwice.pl\/wiadomosci\/te-biblioteki-niebawem-zmienia-adres-ma-to-pozwolic-na-poszerzenie-oferty\/","name":"Te biblioteki niebawem zmieni\u0105 adres. Ma to pozwoli\u0107 na poszerzenie oferty - 24GLIWICE - Portal Gliwice | codziennie nowe informacje","isPartOf":{"@id":"https:\/\/www.24gliwice.pl\/wiadomosci\/#website"},"primaryImageOfPage":{"@id":"https:\/\/www.24gliwice.pl\/wiadomosci\/te-biblioteki-niebawem-zmienia-adres-ma-to-pozwolic-na-poszerzenie-oferty\/#primaryimage"},"image":{"@id":"https:\/\/www.24gliwice.pl\/wiadomosci\/te-biblioteki-niebawem-zmienia-adres-ma-to-pozwolic-na-poszerzenie-oferty\/#primaryimage"},"thumbnailUrl":"https:\/\/www.24gliwice.pl\/wiadomosci\/wp-content\/uploads\/2017\/09\/biblioteka-e1505131777614.jpeg","datePublished":"2017-09-11T13:14:51+00:00","breadcrumb":{"@id":"https:\/\/www.24gliwice.pl\/wiadomosci\/te-biblioteki-niebawem-zmienia-adres-ma-to-pozwolic-na-poszerzenie-oferty\/#breadcrumb"},"inLanguage":"pl-PL","potentialAction":[{"@type":"ReadAction","target":["https:\/\/www.24gliwice.pl\/wiadomosci\/te-biblioteki-niebawem-zmienia-adres-ma-to-pozwolic-na-poszerzenie-oferty\/"]}]},{"@type":"ImageObject","inLanguage":"pl-PL","@id":"https:\/\/www.24gliwice.pl\/wiadomosci\/te-biblioteki-niebawem-zmienia-adres-ma-to-pozwolic-na-poszerzenie-oferty\/#primaryimage","url":"https:\/\/www.24gliwice.pl\/wiadomosci\/wp-content\/uploads\/2017\/09\/biblioteka-e1505131777614.jpeg","contentUrl":"https:\/\/www.24gliwice.pl\/wiadomosci\/wp-content\/uploads\/2017\/09\/biblioteka-e1505131777614.jpeg","width":810,"height":456},{"@type":"BreadcrumbList","@id":"https:\/\/www.24gliwice.pl\/wiadomosci\/te-biblioteki-niebawem-zmienia-adres-ma-to-pozwolic-na-poszerzenie-oferty\/#breadcrumb","itemListElement":[{"@type":"ListItem","position":1,"name":"Strona g\u0142\u00f3wna","item":"https:\/\/www.24gliwice.pl\/wiadomosci\/"},{"@type":"ListItem","position":2,"name":"Te biblioteki niebawem zmieni\u0105 adres. Ma to pozwoli\u0107 na poszerzenie oferty"}]},{"@type":"WebSite","@id":"https:\/\/www.24gliwice.pl\/wiadomosci\/#website","url":"https:\/\/www.24gliwice.pl\/wiadomosci\/","name":"24GLIWICE - Portal Gliwice | codziennie nowe wiadomo\u015bci","description":"Portal Miejski Gliwice","publisher":{"@id":"https:\/\/www.24gliwice.pl\/wiadomosci\/#organization"},"potentialAction":[{"@type":"SearchAction","target":{"@type":"EntryPoint","urlTemplate":"https:\/\/www.24gliwice.pl\/wiadomosci\/?s={search_term_string}"},"query-input":{"@type":"PropertyValueSpecification","valueRequired":true,"valueName":"search_term_string"}}],"inLanguage":"pl-PL"},{"@type":"Organization","@id":"https:\/\/www.24gliwice.pl\/wiadomosci\/#organization","name":"24gliwice","url":"https:\/\/www.24gliwice.pl\/wiadomosci\/","logo":{"@type":"ImageObject","inLanguage":"pl-PL","@id":"https:\/\/www.24gliwice.pl\/wiadomosci\/#\/schema\/logo\/image\/","url":"https:\/\/www.24gliwice.pl\/wiadomosci\/wp-content\/uploads\/2024\/10\/24gliwice-logo-696.jpg","contentUrl":"https:\/\/www.24gliwice.pl\/wiadomosci\/wp-content\/uploads\/2024\/10\/24gliwice-logo-696.jpg","width":696,"height":696,"caption":"24gliwice"},"image":{"@id":"https:\/\/www.24gliwice.pl\/wiadomosci\/#\/schema\/logo\/image\/"},"sameAs":["https:\/\/www.facebook.com\/24gliwice","https:\/\/x.com\/24gliwice","https:\/\/www.youtube.com\/@24gliwice"]},{"@type":"Person","@id":"https:\/\/www.24gliwice.pl\/wiadomosci\/#\/schema\/person\/e42c650edd7f2fa332be3811fb166b6e","name":"\u017baneta Mrozek-Siewierska","image":{"@type":"ImageObject","inLanguage":"pl-PL","@id":"https:\/\/secure.gravatar.com\/avatar\/1881429e9c64597c77ad7aef2d0a19be69a3253e57534d16aa15bf3a4d34a0a3?s=96&d=mm&r=g","url":"https:\/\/secure.gravatar.com\/avatar\/1881429e9c64597c77ad7aef2d0a19be69a3253e57534d16aa15bf3a4d34a0a3?s=96&d=mm&r=g","contentUrl":"https:\/\/secure.gravatar.com\/avatar\/1881429e9c64597c77ad7aef2d0a19be69a3253e57534d16aa15bf3a4d34a0a3?s=96&d=mm&r=g","caption":"\u017baneta Mrozek-Siewierska"},"url":"https:\/\/www.24gliwice.pl\/wiadomosci\/author\/zms\/"}]}},"_links":{"self":[{"href":"https:\/\/www.24gliwice.pl\/wiadomosci\/wp-json\/wp\/v2\/posts\/104063","targetHints":{"allow":["GET"]}}],"collection":[{"href":"https:\/\/www.24gliwice.pl\/wiadomosci\/wp-json\/wp\/v2\/posts"}],"about":[{"href":"https:\/\/www.24gliwice.pl\/wiadomosci\/wp-json\/wp\/v2\/types\/post"}],"author":[{"embeddable":true,"href":"https:\/\/www.24gliwice.pl\/wiadomosci\/wp-json\/wp\/v2\/users\/15"}],"replies":[{"embeddable":true,"href":"https:\/\/www.24gliwice.pl\/wiadomosci\/wp-json\/wp\/v2\/comments?post=104063"}],"version-history":[{"count":0,"href":"https:\/\/www.24gliwice.pl\/wiadomosci\/wp-json\/wp\/v2\/posts\/104063\/revisions"}],"wp:featuredmedia":[{"embeddable":true,"href":"https:\/\/www.24gliwice.pl\/wiadomosci\/wp-json\/wp\/v2\/media\/104065"}],"wp:attachment":[{"href":"https:\/\/www.24gliwice.pl\/wiadomosci\/wp-json\/wp\/v2\/media?parent=104063"}],"wp:term":[{"taxonomy":"category","embeddable":true,"href":"https:\/\/www.24gliwice.pl\/wiadomosci\/wp-json\/wp\/v2\/categories?post=104063"},{"taxonomy":"post_tag","embeddable":true,"href":"https:\/\/www.24gliwice.pl\/wiadomosci\/wp-json\/wp\/v2\/tags?post=104063"}],"curies":[{"name":"wp","href":"https:\/\/api.w.org\/{rel}","templated":true}]}}