{"id":104073,"date":"2017-09-12T02:30:53","date_gmt":"2017-09-12T00:30:53","guid":{"rendered":"http:\/\/www.24gliwice.pl\/wiadomosci\/?p=104073"},"modified":"2017-09-12T02:30:53","modified_gmt":"2017-09-12T00:30:53","slug":"sad-w-gliwicach-oplaty-za-parkowanie-tylko-w-odpowiednio-wyznaczonych-miejscach","status":"publish","type":"post","link":"https:\/\/www.24gliwice.pl\/wiadomosci\/sad-w-gliwicach-oplaty-za-parkowanie-tylko-w-odpowiednio-wyznaczonych-miejscach\/","title":{"rendered":"S\u0105d w Gliwicach: op\u0142aty za parkowanie tylko w odpowiednio wyznaczonych miejscach"},"content":{"rendered":"<div class=\"gliwi-a6-nad-leadem-artykulow gliwi-entity-placement\" id=\"gliwi-1790758090\"><div class=\"gliwi-adlabel\"><span style=\"font-size: 9px\">REKLAMA<\/span><\/div><div id=\"gliwi-489137033\" style=\"margin-bottom: 25px;margin-left: auto;margin-right: auto;text-align: center;\"><a data-no-instant=\"1\" href=\"https:\/\/dom100.eu\/\" rel=\"noopener\" class=\"a2t-link\" target=\"_blank\" aria-label=\"20260415 DOM100 D\"><img loading=\"lazy\" decoding=\"async\" src=\"https:\/\/www.24gliwice.pl\/wiadomosci\/wp-content\/uploads\/2026\/04\/20260415-DOM100-D.jpg\" alt=\"\"  srcset=\"https:\/\/www.24gliwice.pl\/wiadomosci\/wp-content\/uploads\/2026\/04\/20260415-DOM100-D.jpg 750w, https:\/\/www.24gliwice.pl\/wiadomosci\/wp-content\/uploads\/2026\/04\/20260415-DOM100-D-410x109.jpg 410w\" sizes=\"(max-width: 750px) 100vw, 750px\" class=\"no-lazyload\" width=\"750\" height=\"200\"  style=\"display: inline-block; max-width: 100%; height: auto;\" \/><\/a><\/div><\/div><h3>Pobieranie op\u0142at za parkowanie mo\u017cliwe jest tylko w odpowiednio wyznaczonych miejscach &#8211; wynika z orzeczenia Wojew\u00f3dzkiego S\u0105du Administracyjnego w Gliwicach.<\/h3>\n<p>W opinii s\u0105du nie wystarczy wi\u0119c tylko samo wyznaczenie granic strefy p\u0142atnego parkowania. Ka\u017cde miejsce, za kt\u00f3re pobierana jest op\u0142ata, musi by\u0107 wyra\u017anie oznakowane.<\/p>\n<p>Kwestia pobierania op\u0142at w strefie p\u0142atnego parkowania od lat budzi kontrowersje. W Gliwicach od czasu wprowadzenie SPP w sierpniu 2015 roku, mi\u0119dzy cz\u0119\u015bci\u0105 kierowc\u00f3w a drogowcami trwa niepisana gra w interpretacj\u0119 przepis\u00f3w. Teraz kamyczek do ogr\u00f3dka tych drugich dorzuci\u0142 WSA w Gliwicach.<\/p><div class=\"gliwi-a3-w-tresci-artykulow gliwi-entity-placement\" id=\"gliwi-3263963189\"><div class=\"gliwi-adlabel\"><span style=\"font-size: 9px\">REKLAMA<\/span><\/div><div id=\"gliwi-727386093\" style=\"margin-bottom: 30px;margin-left: auto;margin-right: auto;text-align: center;\"><a data-no-instant=\"1\" href=\"https:\/\/ogrodyandersa.pl\/\" rel=\"noopener\" class=\"a2t-link\" target=\"_blank\" aria-label=\"20260415 Ogrody Andersa KUP TERAZ D\"><img loading=\"lazy\" decoding=\"async\" src=\"https:\/\/www.24gliwice.pl\/wiadomosci\/wp-content\/uploads\/2026\/04\/20260415-Ogrody-Andersa-KUP-TERAZ-D.jpg\" alt=\"\"  srcset=\"https:\/\/www.24gliwice.pl\/wiadomosci\/wp-content\/uploads\/2026\/04\/20260415-Ogrody-Andersa-KUP-TERAZ-D.jpg 750w, https:\/\/www.24gliwice.pl\/wiadomosci\/wp-content\/uploads\/2026\/04\/20260415-Ogrody-Andersa-KUP-TERAZ-D-410x109.jpg 410w\" sizes=\"(max-width: 750px) 100vw, 750px\" class=\"no-lazyload\" width=\"750\" height=\"200\"  style=\"display: inline-block; max-width: 100%; height: auto;\" \/><\/a><\/div><\/div>\n[perfectpullquote align=&#8221;full&#8221; cite=&#8221;&#8221; link=&#8221;&#8221; color=&#8221;&#8221; class=&#8221;&#8221; size=&#8221;&#8221;]Sprawa dotyczy\u0142a kierowcy, kt\u00f3ry uchyli\u0142 si\u0119 od p\u0142atno\u015bci wskazuj\u0105c na jej bezprawno\u015b\u0107. Swoje stanowisko uzasadnia\u0142 brakiem oznaczenia miejsca parkingowego znakami poziomymi (w tym linii wyznaczaj\u0105cej pas postojowy).[\/perfectpullquote]\n<p>Spraw\u0105 zaj\u0119\u0142o si\u0119 Samorz\u0105dowe Kolegium Odwo\u0142awcze, kt\u00f3re wskaza\u0142o, \u017ce obowi\u0105zek uiszczenia op\u0142aty istnieje na ca\u0142ym wydzielonym obszarze SPP, niezale\u017cnie od wspomnianego oznakowania poziomego.<\/p>\n<p>W konsekwencji problem trafi\u0142 na wokand\u0119 Wojew\u00f3dzkiego S\u0105du Administracyjnego w Gliwicach, a ten odrzuci\u0142 argumentacj\u0119 SKO uznaj\u0105c j\u0105 za nietrafn\u0105. S\u0105d wskaza\u0142 na art. 13b ustawy o drogach publicznych, wedle kt\u00f3rego op\u0142at\u0119 &#8220;pobiera si\u0119 za post\u00f3j pojazd\u00f3w samochodowych w strefie p\u0142atnego parkowania, w wyznaczonym miejscu&#8221;.<\/p>\n<p style=\"padding-left: 60px;\">&#8211; W powszechnym rozumieniu wyra\u017cenie &#8220;wyznaczy\u0107&#8221; oznacza &#8220;wytyczy\u0107 co\u015b, okre\u015bli\u0107 granice, bieg czego\u015b za pomoc\u0105 linii, znak\u00f3w&#8221; [&#8230;] Wyznaczone miejsce jest to wi\u0119c wydzielona za pomoc\u0105 linii albo znak\u00f3w powierzchnia okre\u015blonego terenu \u2013 czytamy w uzasadnieniu orzeczenia &#8211; Skoro jednak ustawodawca zawar\u0142 w przepisie zwrot &#8220;w wyznaczonym miejscu&#8221;, to nale\u017cy mu nada\u0107 okre\u015blon\u0105 tre\u015b\u0107 normatywn\u0105, a nie pomija\u0107 w procesie wyk\u0142adni &#8211; wskaza\u0142 s\u0105d i podkre\u015bli\u0142 tym samym, \u017ce pobieranie op\u0142aty za parkowanie w miejscu innym ni\u017c &#8220;wyznaczone&#8221; jest wy\u0142\u0105czone.<\/p>\n[perfectpullquote align=&#8221;full&#8221; cite=&#8221;&#8221; link=&#8221;&#8221; color=&#8221;&#8221; class=&#8221;&#8221; size=&#8221;&#8221;]Cho\u0107 wyrok nie jest jeszcze prawomocny, bardzo mo\u017cliwe, \u017ce wkr\u00f3tce b\u0119dzie cennym or\u0119\u017cem w r\u0119ku tych, kt\u00f3rzy w Gliwicach na podobn\u0105 argumentacj\u0119 zwracali uwag\u0119 ju\u017c wcze\u015bniej.[\/perfectpullquote]\n<p>Wed\u0142ug r\u00f3\u017cnych danych, kierowc\u00f3w pozostaj\u0105cych w sporze z Zarz\u0105dem Dr\u00f3g Miejskich mo\u017ce by\u0107 w mie\u015bcie od kilkunastu do kilkudziesi\u0119ciu. ZDM w Gliwicach adresuje w ich kierunku upomnienia, a kolejnym krokiem powinno by\u0107 wszcz\u0119cie post\u0119powania egzekucyjnego. Jak jednak przekonuj\u0105 niep\u0142ac\u0105cy &#8211; wobec \u017cadnego z nich egzekucji drogowcy nie uruchomili.<\/p>\n<p>Co ciekawe, kwestia poziomowego oznakowania nie jest jedynym problemem prawnym w zwi\u0105zku z funkcjonowaniem SPP. Wiosn\u0105 informowali\u015bmy m.in. o orzeczeniu WSA w Warszawie, wedle kt\u00f3rego obowi\u0105zek wpisywania do parkomat\u00f3w numeru rejestracyjnego pojazdu jest niezgodny z prawem (narusza m.in. ustaw\u0119 o ochronie danych osobowych).<\/p>\n<p>Micha\u0142 Szewczyk<\/p>\n<div class=\"gliwi-a5-na-koncu-artykulow gliwi-entity-placement\" id=\"gliwi-3212973581\"><div class=\"gliwi-adlabel\"><span style=\"font-size: 9px\">REKLAMA<\/span><\/div><div id=\"gliwi-1112820175\" style=\"margin-left: auto;margin-right: auto;text-align: center;\"><a data-no-instant=\"1\" href=\"https:\/\/prezeroarenagliwice.pl\/\" rel=\"noopener\" class=\"a2t-link\" target=\"_blank\" aria-label=\"20260309-PREZERO-WIOSNA-D\"><img loading=\"lazy\" decoding=\"async\" src=\"https:\/\/www.24gliwice.pl\/wiadomosci\/wp-content\/uploads\/2026\/03\/20260309-PREZERO-WIOSNA-D.webp\" alt=\"\"  srcset=\"https:\/\/www.24gliwice.pl\/wiadomosci\/wp-content\/uploads\/2026\/03\/20260309-PREZERO-WIOSNA-D.webp 750w, https:\/\/www.24gliwice.pl\/wiadomosci\/wp-content\/uploads\/2026\/03\/20260309-PREZERO-WIOSNA-D-410x109.webp 410w\" sizes=\"(max-width: 750px) 100vw, 750px\" class=\"no-lazyload\" width=\"750\" height=\"200\"  style=\"display: inline-block; max-width: 100%; height: auto;\" \/><\/a><\/div><\/div>","protected":false},"excerpt":{"rendered":"<p>Pobieranie op\u0142at za parkowanie mo\u017cliwe jest tylko w odpowiednio wyznaczonych miejscach &#8211; wynika z orzeczenia Wojew\u00f3dzkiego S\u0105du Administracyjnego w Gliwicach. W opinii s\u0105du nie wystarczy wi\u0119c tylko samo wyznaczenie granic strefy p\u0142atnego parkowania. Ka\u017cde miejsce, za kt\u00f3re pobierana jest op\u0142ata, musi by\u0107 wyra\u017anie oznakowane. Kwestia pobierania op\u0142at w strefie p\u0142atnego parkowania od lat budzi kontrowersje. [&hellip;]<\/p>\n","protected":false},"author":12,"featured_media":104081,"comment_status":"open","ping_status":"closed","sticky":false,"template":"","format":"standard","meta":{"_monsterinsights_skip_tracking":false,"_monsterinsights_sitenote_active":false,"_monsterinsights_sitenote_note":"","_monsterinsights_sitenote_category":0,"footnotes":"","_links_to":"","_links_to_target":""},"categories":[3,1,9],"tags":[2467,1817],"class_list":["post-104073","post","type-post","status-publish","format-standard","has-post-thumbnail","hentry","category-gliwice","category-wszystko","category-aktualnosci_lokalne","tag-parkowanie","tag-spp-gliwice"],"yoast_head":"<!-- This site is optimized with the Yoast SEO plugin v27.5 - https:\/\/yoast.com\/product\/yoast-seo-wordpress\/ -->\n<title>S\u0105d w Gliwicach: op\u0142aty za parkowanie tylko w odpowiednio wyznaczonych miejscach - 24GLIWICE - Portal Gliwice | codziennie nowe informacje<\/title>\n<meta name=\"robots\" content=\"index, follow, max-snippet:-1, max-image-preview:large, max-video-preview:-1\" \/>\n<link rel=\"canonical\" href=\"https:\/\/www.24gliwice.pl\/wiadomosci\/sad-w-gliwicach-oplaty-za-parkowanie-tylko-w-odpowiednio-wyznaczonych-miejscach\/\" \/>\n<meta property=\"og:locale\" content=\"pl_PL\" \/>\n<meta property=\"og:type\" content=\"article\" \/>\n<meta property=\"og:title\" content=\"S\u0105d w Gliwicach: op\u0142aty za parkowanie tylko w odpowiednio wyznaczonych miejscach - 24GLIWICE - Portal Gliwice | codziennie nowe informacje\" \/>\n<meta property=\"og:description\" content=\"Pobieranie op\u0142at za parkowanie mo\u017cliwe jest tylko w odpowiednio wyznaczonych miejscach &#8211; wynika z orzeczenia Wojew\u00f3dzkiego S\u0105du Administracyjnego w Gliwicach. W opinii s\u0105du nie wystarczy wi\u0119c tylko samo wyznaczenie granic strefy p\u0142atnego parkowania. Ka\u017cde miejsce, za kt\u00f3re pobierana jest op\u0142ata, musi by\u0107 wyra\u017anie oznakowane. Kwestia pobierania op\u0142at w strefie p\u0142atnego parkowania od lat budzi kontrowersje. [&hellip;]\" \/>\n<meta property=\"og:url\" content=\"https:\/\/www.24gliwice.pl\/wiadomosci\/sad-w-gliwicach-oplaty-za-parkowanie-tylko-w-odpowiednio-wyznaczonych-miejscach\/\" \/>\n<meta property=\"og:site_name\" content=\"24GLIWICE - Portal Gliwice | codziennie nowe informacje\" \/>\n<meta property=\"article:publisher\" content=\"https:\/\/www.facebook.com\/24gliwice\" \/>\n<meta property=\"article:published_time\" content=\"2017-09-12T00:30:53+00:00\" \/>\n<meta property=\"og:image\" content=\"https:\/\/www.24gliwice.pl\/wiadomosci\/wp-content\/uploads\/2017\/09\/20170508_141714.jpg\" \/>\n\t<meta property=\"og:image:width\" content=\"1200\" \/>\n\t<meta property=\"og:image:height\" content=\"675\" \/>\n\t<meta property=\"og:image:type\" content=\"image\/jpeg\" \/>\n<meta name=\"author\" content=\"Micha\u0142 Szewczyk\" \/>\n<meta name=\"twitter:card\" content=\"summary_large_image\" \/>\n<meta name=\"twitter:creator\" content=\"@24gliwice\" \/>\n<meta name=\"twitter:site\" content=\"@24gliwice\" \/>\n<meta name=\"twitter:label1\" content=\"Napisane przez\" \/>\n\t<meta name=\"twitter:data1\" content=\"Micha\u0142 Szewczyk\" \/>\n\t<meta name=\"twitter:label2\" content=\"Szacowany czas czytania\" \/>\n\t<meta name=\"twitter:data2\" content=\"2 minuty\" \/>\n<script type=\"application\/ld+json\" class=\"yoast-schema-graph\">{\"@context\":\"https:\\\/\\\/schema.org\",\"@graph\":[{\"@type\":\"Article\",\"@id\":\"https:\\\/\\\/www.24gliwice.pl\\\/wiadomosci\\\/sad-w-gliwicach-oplaty-za-parkowanie-tylko-w-odpowiednio-wyznaczonych-miejscach\\\/#article\",\"isPartOf\":{\"@id\":\"https:\\\/\\\/www.24gliwice.pl\\\/wiadomosci\\\/sad-w-gliwicach-oplaty-za-parkowanie-tylko-w-odpowiednio-wyznaczonych-miejscach\\\/\"},\"author\":{\"name\":\"Micha\u0142 Szewczyk\",\"@id\":\"https:\\\/\\\/www.24gliwice.pl\\\/wiadomosci\\\/#\\\/schema\\\/person\\\/940e8f8a097e322de4f463f061ef8d45\"},\"headline\":\"S\u0105d w Gliwicach: op\u0142aty za parkowanie tylko w odpowiednio wyznaczonych miejscach\",\"datePublished\":\"2017-09-12T00:30:53+00:00\",\"mainEntityOfPage\":{\"@id\":\"https:\\\/\\\/www.24gliwice.pl\\\/wiadomosci\\\/sad-w-gliwicach-oplaty-za-parkowanie-tylko-w-odpowiednio-wyznaczonych-miejscach\\\/\"},\"wordCount\":490,\"commentCount\":0,\"publisher\":{\"@id\":\"https:\\\/\\\/www.24gliwice.pl\\\/wiadomosci\\\/#organization\"},\"image\":{\"@id\":\"https:\\\/\\\/www.24gliwice.pl\\\/wiadomosci\\\/sad-w-gliwicach-oplaty-za-parkowanie-tylko-w-odpowiednio-wyznaczonych-miejscach\\\/#primaryimage\"},\"thumbnailUrl\":\"https:\\\/\\\/www.24gliwice.pl\\\/wiadomosci\\\/wp-content\\\/uploads\\\/2017\\\/09\\\/20170508_141714.jpg\",\"keywords\":[\"PARKOWANIE\",\"spp gliwice\"],\"articleSection\":[\"Gliwice\",\"Najnowsze wiadomo\u015bci\",\"Portal Gliwice - Wiadomo\u015bci lokalne\"],\"inLanguage\":\"pl-PL\",\"potentialAction\":[{\"@type\":\"CommentAction\",\"name\":\"Comment\",\"target\":[\"https:\\\/\\\/www.24gliwice.pl\\\/wiadomosci\\\/sad-w-gliwicach-oplaty-za-parkowanie-tylko-w-odpowiednio-wyznaczonych-miejscach\\\/#respond\"]}]},{\"@type\":\"WebPage\",\"@id\":\"https:\\\/\\\/www.24gliwice.pl\\\/wiadomosci\\\/sad-w-gliwicach-oplaty-za-parkowanie-tylko-w-odpowiednio-wyznaczonych-miejscach\\\/\",\"url\":\"https:\\\/\\\/www.24gliwice.pl\\\/wiadomosci\\\/sad-w-gliwicach-oplaty-za-parkowanie-tylko-w-odpowiednio-wyznaczonych-miejscach\\\/\",\"name\":\"S\u0105d w Gliwicach: op\u0142aty za parkowanie tylko w odpowiednio wyznaczonych miejscach - 24GLIWICE - Portal Gliwice | codziennie nowe informacje\",\"isPartOf\":{\"@id\":\"https:\\\/\\\/www.24gliwice.pl\\\/wiadomosci\\\/#website\"},\"primaryImageOfPage\":{\"@id\":\"https:\\\/\\\/www.24gliwice.pl\\\/wiadomosci\\\/sad-w-gliwicach-oplaty-za-parkowanie-tylko-w-odpowiednio-wyznaczonych-miejscach\\\/#primaryimage\"},\"image\":{\"@id\":\"https:\\\/\\\/www.24gliwice.pl\\\/wiadomosci\\\/sad-w-gliwicach-oplaty-za-parkowanie-tylko-w-odpowiednio-wyznaczonych-miejscach\\\/#primaryimage\"},\"thumbnailUrl\":\"https:\\\/\\\/www.24gliwice.pl\\\/wiadomosci\\\/wp-content\\\/uploads\\\/2017\\\/09\\\/20170508_141714.jpg\",\"datePublished\":\"2017-09-12T00:30:53+00:00\",\"breadcrumb\":{\"@id\":\"https:\\\/\\\/www.24gliwice.pl\\\/wiadomosci\\\/sad-w-gliwicach-oplaty-za-parkowanie-tylko-w-odpowiednio-wyznaczonych-miejscach\\\/#breadcrumb\"},\"inLanguage\":\"pl-PL\",\"potentialAction\":[{\"@type\":\"ReadAction\",\"target\":[\"https:\\\/\\\/www.24gliwice.pl\\\/wiadomosci\\\/sad-w-gliwicach-oplaty-za-parkowanie-tylko-w-odpowiednio-wyznaczonych-miejscach\\\/\"]}]},{\"@type\":\"ImageObject\",\"inLanguage\":\"pl-PL\",\"@id\":\"https:\\\/\\\/www.24gliwice.pl\\\/wiadomosci\\\/sad-w-gliwicach-oplaty-za-parkowanie-tylko-w-odpowiednio-wyznaczonych-miejscach\\\/#primaryimage\",\"url\":\"https:\\\/\\\/www.24gliwice.pl\\\/wiadomosci\\\/wp-content\\\/uploads\\\/2017\\\/09\\\/20170508_141714.jpg\",\"contentUrl\":\"https:\\\/\\\/www.24gliwice.pl\\\/wiadomosci\\\/wp-content\\\/uploads\\\/2017\\\/09\\\/20170508_141714.jpg\",\"width\":1200,\"height\":675},{\"@type\":\"BreadcrumbList\",\"@id\":\"https:\\\/\\\/www.24gliwice.pl\\\/wiadomosci\\\/sad-w-gliwicach-oplaty-za-parkowanie-tylko-w-odpowiednio-wyznaczonych-miejscach\\\/#breadcrumb\",\"itemListElement\":[{\"@type\":\"ListItem\",\"position\":1,\"name\":\"Strona g\u0142\u00f3wna\",\"item\":\"https:\\\/\\\/www.24gliwice.pl\\\/wiadomosci\\\/\"},{\"@type\":\"ListItem\",\"position\":2,\"name\":\"S\u0105d w Gliwicach: op\u0142aty za parkowanie tylko w odpowiednio wyznaczonych miejscach\"}]},{\"@type\":\"WebSite\",\"@id\":\"https:\\\/\\\/www.24gliwice.pl\\\/wiadomosci\\\/#website\",\"url\":\"https:\\\/\\\/www.24gliwice.pl\\\/wiadomosci\\\/\",\"name\":\"24GLIWICE - Portal Gliwice | codziennie nowe wiadomo\u015bci\",\"description\":\"Portal Miejski Gliwice\",\"publisher\":{\"@id\":\"https:\\\/\\\/www.24gliwice.pl\\\/wiadomosci\\\/#organization\"},\"potentialAction\":[{\"@type\":\"SearchAction\",\"target\":{\"@type\":\"EntryPoint\",\"urlTemplate\":\"https:\\\/\\\/www.24gliwice.pl\\\/wiadomosci\\\/?s={search_term_string}\"},\"query-input\":{\"@type\":\"PropertyValueSpecification\",\"valueRequired\":true,\"valueName\":\"search_term_string\"}}],\"inLanguage\":\"pl-PL\"},{\"@type\":\"Organization\",\"@id\":\"https:\\\/\\\/www.24gliwice.pl\\\/wiadomosci\\\/#organization\",\"name\":\"24gliwice\",\"url\":\"https:\\\/\\\/www.24gliwice.pl\\\/wiadomosci\\\/\",\"logo\":{\"@type\":\"ImageObject\",\"inLanguage\":\"pl-PL\",\"@id\":\"https:\\\/\\\/www.24gliwice.pl\\\/wiadomosci\\\/#\\\/schema\\\/logo\\\/image\\\/\",\"url\":\"https:\\\/\\\/www.24gliwice.pl\\\/wiadomosci\\\/wp-content\\\/uploads\\\/2024\\\/10\\\/24gliwice-logo-696.jpg\",\"contentUrl\":\"https:\\\/\\\/www.24gliwice.pl\\\/wiadomosci\\\/wp-content\\\/uploads\\\/2024\\\/10\\\/24gliwice-logo-696.jpg\",\"width\":696,\"height\":696,\"caption\":\"24gliwice\"},\"image\":{\"@id\":\"https:\\\/\\\/www.24gliwice.pl\\\/wiadomosci\\\/#\\\/schema\\\/logo\\\/image\\\/\"},\"sameAs\":[\"https:\\\/\\\/www.facebook.com\\\/24gliwice\",\"https:\\\/\\\/x.com\\\/24gliwice\",\"https:\\\/\\\/www.youtube.com\\\/@24gliwice\"]},{\"@type\":\"Person\",\"@id\":\"https:\\\/\\\/www.24gliwice.pl\\\/wiadomosci\\\/#\\\/schema\\\/person\\\/940e8f8a097e322de4f463f061ef8d45\",\"name\":\"Micha\u0142 Szewczyk\",\"image\":{\"@type\":\"ImageObject\",\"inLanguage\":\"pl-PL\",\"@id\":\"https:\\\/\\\/secure.gravatar.com\\\/avatar\\\/771b8b6c74cd8d255e46392d605e01a86133900ef09b6ef3c8d451c9d92288cf?s=96&d=mm&r=g\",\"url\":\"https:\\\/\\\/secure.gravatar.com\\\/avatar\\\/771b8b6c74cd8d255e46392d605e01a86133900ef09b6ef3c8d451c9d92288cf?s=96&d=mm&r=g\",\"contentUrl\":\"https:\\\/\\\/secure.gravatar.com\\\/avatar\\\/771b8b6c74cd8d255e46392d605e01a86133900ef09b6ef3c8d451c9d92288cf?s=96&d=mm&r=g\",\"caption\":\"Micha\u0142 Szewczyk\"},\"sameAs\":[\"http:\\\/\\\/www.gazeta-miejska.pl\"],\"url\":\"https:\\\/\\\/www.24gliwice.pl\\\/wiadomosci\\\/author\\\/michal-szewczyk\\\/\"}]}<\/script>\n<!-- \/ Yoast SEO plugin. -->","yoast_head_json":{"title":"S\u0105d w Gliwicach: op\u0142aty za parkowanie tylko w odpowiednio wyznaczonych miejscach - 24GLIWICE - Portal Gliwice | codziennie nowe informacje","robots":{"index":"index","follow":"follow","max-snippet":"max-snippet:-1","max-image-preview":"max-image-preview:large","max-video-preview":"max-video-preview:-1"},"canonical":"https:\/\/www.24gliwice.pl\/wiadomosci\/sad-w-gliwicach-oplaty-za-parkowanie-tylko-w-odpowiednio-wyznaczonych-miejscach\/","og_locale":"pl_PL","og_type":"article","og_title":"S\u0105d w Gliwicach: op\u0142aty za parkowanie tylko w odpowiednio wyznaczonych miejscach - 24GLIWICE - Portal Gliwice | codziennie nowe informacje","og_description":"Pobieranie op\u0142at za parkowanie mo\u017cliwe jest tylko w odpowiednio wyznaczonych miejscach &#8211; wynika z orzeczenia Wojew\u00f3dzkiego S\u0105du Administracyjnego w Gliwicach. W opinii s\u0105du nie wystarczy wi\u0119c tylko samo wyznaczenie granic strefy p\u0142atnego parkowania. Ka\u017cde miejsce, za kt\u00f3re pobierana jest op\u0142ata, musi by\u0107 wyra\u017anie oznakowane. Kwestia pobierania op\u0142at w strefie p\u0142atnego parkowania od lat budzi kontrowersje. [&hellip;]","og_url":"https:\/\/www.24gliwice.pl\/wiadomosci\/sad-w-gliwicach-oplaty-za-parkowanie-tylko-w-odpowiednio-wyznaczonych-miejscach\/","og_site_name":"24GLIWICE - Portal Gliwice | codziennie nowe informacje","article_publisher":"https:\/\/www.facebook.com\/24gliwice","article_published_time":"2017-09-12T00:30:53+00:00","og_image":[{"width":1200,"height":675,"url":"https:\/\/www.24gliwice.pl\/wiadomosci\/wp-content\/uploads\/2017\/09\/20170508_141714.jpg","type":"image\/jpeg"}],"author":"Micha\u0142 Szewczyk","twitter_card":"summary_large_image","twitter_creator":"@24gliwice","twitter_site":"@24gliwice","twitter_misc":{"Napisane przez":"Micha\u0142 Szewczyk","Szacowany czas czytania":"2 minuty"},"schema":{"@context":"https:\/\/schema.org","@graph":[{"@type":"Article","@id":"https:\/\/www.24gliwice.pl\/wiadomosci\/sad-w-gliwicach-oplaty-za-parkowanie-tylko-w-odpowiednio-wyznaczonych-miejscach\/#article","isPartOf":{"@id":"https:\/\/www.24gliwice.pl\/wiadomosci\/sad-w-gliwicach-oplaty-za-parkowanie-tylko-w-odpowiednio-wyznaczonych-miejscach\/"},"author":{"name":"Micha\u0142 Szewczyk","@id":"https:\/\/www.24gliwice.pl\/wiadomosci\/#\/schema\/person\/940e8f8a097e322de4f463f061ef8d45"},"headline":"S\u0105d w Gliwicach: op\u0142aty za parkowanie tylko w odpowiednio wyznaczonych miejscach","datePublished":"2017-09-12T00:30:53+00:00","mainEntityOfPage":{"@id":"https:\/\/www.24gliwice.pl\/wiadomosci\/sad-w-gliwicach-oplaty-za-parkowanie-tylko-w-odpowiednio-wyznaczonych-miejscach\/"},"wordCount":490,"commentCount":0,"publisher":{"@id":"https:\/\/www.24gliwice.pl\/wiadomosci\/#organization"},"image":{"@id":"https:\/\/www.24gliwice.pl\/wiadomosci\/sad-w-gliwicach-oplaty-za-parkowanie-tylko-w-odpowiednio-wyznaczonych-miejscach\/#primaryimage"},"thumbnailUrl":"https:\/\/www.24gliwice.pl\/wiadomosci\/wp-content\/uploads\/2017\/09\/20170508_141714.jpg","keywords":["PARKOWANIE","spp gliwice"],"articleSection":["Gliwice","Najnowsze wiadomo\u015bci","Portal Gliwice - Wiadomo\u015bci lokalne"],"inLanguage":"pl-PL","potentialAction":[{"@type":"CommentAction","name":"Comment","target":["https:\/\/www.24gliwice.pl\/wiadomosci\/sad-w-gliwicach-oplaty-za-parkowanie-tylko-w-odpowiednio-wyznaczonych-miejscach\/#respond"]}]},{"@type":"WebPage","@id":"https:\/\/www.24gliwice.pl\/wiadomosci\/sad-w-gliwicach-oplaty-za-parkowanie-tylko-w-odpowiednio-wyznaczonych-miejscach\/","url":"https:\/\/www.24gliwice.pl\/wiadomosci\/sad-w-gliwicach-oplaty-za-parkowanie-tylko-w-odpowiednio-wyznaczonych-miejscach\/","name":"S\u0105d w Gliwicach: op\u0142aty za parkowanie tylko w odpowiednio wyznaczonych miejscach - 24GLIWICE - Portal Gliwice | codziennie nowe informacje","isPartOf":{"@id":"https:\/\/www.24gliwice.pl\/wiadomosci\/#website"},"primaryImageOfPage":{"@id":"https:\/\/www.24gliwice.pl\/wiadomosci\/sad-w-gliwicach-oplaty-za-parkowanie-tylko-w-odpowiednio-wyznaczonych-miejscach\/#primaryimage"},"image":{"@id":"https:\/\/www.24gliwice.pl\/wiadomosci\/sad-w-gliwicach-oplaty-za-parkowanie-tylko-w-odpowiednio-wyznaczonych-miejscach\/#primaryimage"},"thumbnailUrl":"https:\/\/www.24gliwice.pl\/wiadomosci\/wp-content\/uploads\/2017\/09\/20170508_141714.jpg","datePublished":"2017-09-12T00:30:53+00:00","breadcrumb":{"@id":"https:\/\/www.24gliwice.pl\/wiadomosci\/sad-w-gliwicach-oplaty-za-parkowanie-tylko-w-odpowiednio-wyznaczonych-miejscach\/#breadcrumb"},"inLanguage":"pl-PL","potentialAction":[{"@type":"ReadAction","target":["https:\/\/www.24gliwice.pl\/wiadomosci\/sad-w-gliwicach-oplaty-za-parkowanie-tylko-w-odpowiednio-wyznaczonych-miejscach\/"]}]},{"@type":"ImageObject","inLanguage":"pl-PL","@id":"https:\/\/www.24gliwice.pl\/wiadomosci\/sad-w-gliwicach-oplaty-za-parkowanie-tylko-w-odpowiednio-wyznaczonych-miejscach\/#primaryimage","url":"https:\/\/www.24gliwice.pl\/wiadomosci\/wp-content\/uploads\/2017\/09\/20170508_141714.jpg","contentUrl":"https:\/\/www.24gliwice.pl\/wiadomosci\/wp-content\/uploads\/2017\/09\/20170508_141714.jpg","width":1200,"height":675},{"@type":"BreadcrumbList","@id":"https:\/\/www.24gliwice.pl\/wiadomosci\/sad-w-gliwicach-oplaty-za-parkowanie-tylko-w-odpowiednio-wyznaczonych-miejscach\/#breadcrumb","itemListElement":[{"@type":"ListItem","position":1,"name":"Strona g\u0142\u00f3wna","item":"https:\/\/www.24gliwice.pl\/wiadomosci\/"},{"@type":"ListItem","position":2,"name":"S\u0105d w Gliwicach: op\u0142aty za parkowanie tylko w odpowiednio wyznaczonych miejscach"}]},{"@type":"WebSite","@id":"https:\/\/www.24gliwice.pl\/wiadomosci\/#website","url":"https:\/\/www.24gliwice.pl\/wiadomosci\/","name":"24GLIWICE - Portal Gliwice | codziennie nowe wiadomo\u015bci","description":"Portal Miejski Gliwice","publisher":{"@id":"https:\/\/www.24gliwice.pl\/wiadomosci\/#organization"},"potentialAction":[{"@type":"SearchAction","target":{"@type":"EntryPoint","urlTemplate":"https:\/\/www.24gliwice.pl\/wiadomosci\/?s={search_term_string}"},"query-input":{"@type":"PropertyValueSpecification","valueRequired":true,"valueName":"search_term_string"}}],"inLanguage":"pl-PL"},{"@type":"Organization","@id":"https:\/\/www.24gliwice.pl\/wiadomosci\/#organization","name":"24gliwice","url":"https:\/\/www.24gliwice.pl\/wiadomosci\/","logo":{"@type":"ImageObject","inLanguage":"pl-PL","@id":"https:\/\/www.24gliwice.pl\/wiadomosci\/#\/schema\/logo\/image\/","url":"https:\/\/www.24gliwice.pl\/wiadomosci\/wp-content\/uploads\/2024\/10\/24gliwice-logo-696.jpg","contentUrl":"https:\/\/www.24gliwice.pl\/wiadomosci\/wp-content\/uploads\/2024\/10\/24gliwice-logo-696.jpg","width":696,"height":696,"caption":"24gliwice"},"image":{"@id":"https:\/\/www.24gliwice.pl\/wiadomosci\/#\/schema\/logo\/image\/"},"sameAs":["https:\/\/www.facebook.com\/24gliwice","https:\/\/x.com\/24gliwice","https:\/\/www.youtube.com\/@24gliwice"]},{"@type":"Person","@id":"https:\/\/www.24gliwice.pl\/wiadomosci\/#\/schema\/person\/940e8f8a097e322de4f463f061ef8d45","name":"Micha\u0142 Szewczyk","image":{"@type":"ImageObject","inLanguage":"pl-PL","@id":"https:\/\/secure.gravatar.com\/avatar\/771b8b6c74cd8d255e46392d605e01a86133900ef09b6ef3c8d451c9d92288cf?s=96&d=mm&r=g","url":"https:\/\/secure.gravatar.com\/avatar\/771b8b6c74cd8d255e46392d605e01a86133900ef09b6ef3c8d451c9d92288cf?s=96&d=mm&r=g","contentUrl":"https:\/\/secure.gravatar.com\/avatar\/771b8b6c74cd8d255e46392d605e01a86133900ef09b6ef3c8d451c9d92288cf?s=96&d=mm&r=g","caption":"Micha\u0142 Szewczyk"},"sameAs":["http:\/\/www.gazeta-miejska.pl"],"url":"https:\/\/www.24gliwice.pl\/wiadomosci\/author\/michal-szewczyk\/"}]}},"_links":{"self":[{"href":"https:\/\/www.24gliwice.pl\/wiadomosci\/wp-json\/wp\/v2\/posts\/104073","targetHints":{"allow":["GET"]}}],"collection":[{"href":"https:\/\/www.24gliwice.pl\/wiadomosci\/wp-json\/wp\/v2\/posts"}],"about":[{"href":"https:\/\/www.24gliwice.pl\/wiadomosci\/wp-json\/wp\/v2\/types\/post"}],"author":[{"embeddable":true,"href":"https:\/\/www.24gliwice.pl\/wiadomosci\/wp-json\/wp\/v2\/users\/12"}],"replies":[{"embeddable":true,"href":"https:\/\/www.24gliwice.pl\/wiadomosci\/wp-json\/wp\/v2\/comments?post=104073"}],"version-history":[{"count":0,"href":"https:\/\/www.24gliwice.pl\/wiadomosci\/wp-json\/wp\/v2\/posts\/104073\/revisions"}],"wp:featuredmedia":[{"embeddable":true,"href":"https:\/\/www.24gliwice.pl\/wiadomosci\/wp-json\/wp\/v2\/media\/104081"}],"wp:attachment":[{"href":"https:\/\/www.24gliwice.pl\/wiadomosci\/wp-json\/wp\/v2\/media?parent=104073"}],"wp:term":[{"taxonomy":"category","embeddable":true,"href":"https:\/\/www.24gliwice.pl\/wiadomosci\/wp-json\/wp\/v2\/categories?post=104073"},{"taxonomy":"post_tag","embeddable":true,"href":"https:\/\/www.24gliwice.pl\/wiadomosci\/wp-json\/wp\/v2\/tags?post=104073"}],"curies":[{"name":"wp","href":"https:\/\/api.w.org\/{rel}","templated":true}]}}