{"id":104103,"date":"2017-09-20T11:05:39","date_gmt":"2017-09-20T09:05:39","guid":{"rendered":"http:\/\/www.24gliwice.pl\/wiadomosci\/?p=104103"},"modified":"2017-09-20T02:14:17","modified_gmt":"2017-09-20T00:14:17","slug":"ankieterzy-pojawia-sie-w-centrach-handlowych-na-przystankach-i-w-16-tys-gospodarstw-domowych","status":"publish","type":"post","link":"https:\/\/www.24gliwice.pl\/wiadomosci\/ankieterzy-pojawia-sie-w-centrach-handlowych-na-przystankach-i-w-16-tys-gospodarstw-domowych\/","title":{"rendered":"Ankieterzy pojawi\u0105 si\u0119 w centrach handlowych, na przystankach  i w 16 tys. gospodarstw domowych"},"content":{"rendered":"<div class=\"gliwi-a6-nad-leadem-artykulow gliwi-entity-placement\" id=\"gliwi-3766928348\"><div class=\"gliwi-adlabel\"><span style=\"font-size: 9px\">REKLAMA<\/span><\/div><div id=\"gliwi-4211377916\" style=\"margin-bottom: 30px;margin-left: auto;margin-right: auto;text-align: center;\"><a data-no-instant=\"1\" href=\"https:\/\/przedszkole.halogen.org.pl\/\" rel=\"noopener\" class=\"a2t-link\" target=\"_blank\" aria-label=\"20260402-ANIMATOR-przedszkole_grafika_750x200\"><img loading=\"lazy\" decoding=\"async\" src=\"https:\/\/www.24gliwice.pl\/wiadomosci\/wp-content\/uploads\/2026\/04\/20260402-ANIMATOR-przedszkole_grafika_750x200.webp\" alt=\"\"  srcset=\"https:\/\/www.24gliwice.pl\/wiadomosci\/wp-content\/uploads\/2026\/04\/20260402-ANIMATOR-przedszkole_grafika_750x200.webp 750w, https:\/\/www.24gliwice.pl\/wiadomosci\/wp-content\/uploads\/2026\/04\/20260402-ANIMATOR-przedszkole_grafika_750x200-410x109.webp 410w\" sizes=\"(max-width: 750px) 100vw, 750px\" class=\"no-lazyload\" width=\"750\" height=\"200\"  style=\"display: inline-block; max-width: 100%; height: auto;\" \/><\/a><\/div><\/div><h3>Samochodem? Autobusem? Rowerem? Poci\u0105giem? &#8211; na te pytania jeszcze w tym roku prawdopodobnie poznamy odpowied\u017a. Od wrze\u015bnia do listopada b\u0119dzie mo\u017cna wzi\u0105\u0107 udzia\u0142 w ankiecie, kt\u00f3ra pozwoli odpowiedzie\u0107 na pytanie, czym mieszka\u0144cy \u015al\u0105ska poruszaj\u0105 si\u0119 na co dzie\u0144.<\/h3>\n<p>We wrze\u015bniu rozpoczynaj\u0105 si\u0119 anonimowe badania ankietowe, wykonywane w celu zbudowania modelu ruchu, kt\u00f3ry pos\u0142u\u017cy do usprawnienia dzia\u0142ania systemu komunikacji zbiorowej. B\u0119d\u0105 one prowadzone w ponad 16 tysi\u0105cach gospodarstw domowych z obszaru centralnej cz\u0119\u015bci wojew\u00f3dztwa \u015bl\u0105skiego R\u00f3wnie\u017c Gliwic), ale tak\u017ce w kilku gminach wojew\u00f3dztwa opolskiego i ma\u0142opolskiego.<\/p>\n<p>Ankieter\u00f3w b\u0119dzie mo\u017cna spotka\u0107 r\u00f3wnie\u017c w centrach handlowych, na parkingach wielkopowierzchniowych oraz na przystankach komunikacji miejskiej i kolejowej. Ka\u017cdy z nich posiada imienny identyfikator, a w razie w\u0105tpliwo\u015bci jego to\u017csamo\u015b\u0107 b\u0119dzie mo\u017cna potwierdzi\u0107 pod numerem bezp\u0142atnej infolinii KZK GOP: 800 16 30 30.<\/p><div class=\"gliwi-a3-w-tresci-artykulow gliwi-entity-placement\" id=\"gliwi-2718731599\"><div class=\"gliwi-adlabel\"><span style=\"font-size: 9px\">REKLAMA<\/span><\/div><div id=\"gliwi-4065139134\" style=\"margin-bottom: 30px;margin-left: auto;margin-right: auto;text-align: center;\"><a data-no-instant=\"1\" href=\"https:\/\/zlobek.halogen.org.pl\/\" rel=\"noopener\" class=\"a2t-link\" target=\"_blank\" aria-label=\"animator-zlobek_750x200\"><img loading=\"lazy\" decoding=\"async\" src=\"https:\/\/www.24gliwice.pl\/wiadomosci\/wp-content\/uploads\/2026\/02\/animator-zlobek_750x200.webp\" alt=\"\"  srcset=\"https:\/\/www.24gliwice.pl\/wiadomosci\/wp-content\/uploads\/2026\/02\/animator-zlobek_750x200.webp 750w, https:\/\/www.24gliwice.pl\/wiadomosci\/wp-content\/uploads\/2026\/02\/animator-zlobek_750x200-410x109.webp 410w\" sizes=\"(max-width: 750px) 100vw, 750px\" class=\"no-lazyload\" width=\"750\" height=\"200\"  style=\"display: inline-block; max-width: 100%; height: auto;\" \/><\/a><\/div><\/div>\n[perfectpullquote align=&#8221;full&#8221; cite=&#8221;&#8221; link=&#8221;&#8221; color=&#8221;&#8221; class=&#8221;&#8221; size=&#8221;&#8221;]Ankiety mo\u017ce wype\u0142ni\u0107 r\u00f3wnie\u017c osoba, kt\u00f3ra nie zostanie wylosowana przez system. Jest ona dost\u0119pna w formie elektronicznej od 19 wrze\u015bnia za po\u015brednictwem strony internetowej <a href=\"http:\/\/studiumtransportowe.pl\" target=\"_blank\" rel=\"noopener\">studiumtransportowe.pl<\/a>.[\/perfectpullquote]\n<p>Zebrane wyniki zostan\u0105 wykorzystane do zbudowania modelu ruchu, kt\u00f3ry pos\u0142u\u017cy do usprawnienia dzia\u0142ania systemu komunikacji zbiorowej w tym: efektywniejszego wykorzystania istniej\u0105cej infrastruktury, planowania przebiegu nowych dr\u00f3g samochodowych, kolejowych i rowerowych oraz rozbudowy stref mieszkaniowych i gospodarczych. Ponadto wspomog\u0105 one tworzenie nowych po\u0142\u0105cze\u0144 komunikacyjnych i punkt\u00f3w obs\u0142ugi pasa\u017cer\u00f3w, a tak\u017ce przyczyni\u0105 si\u0119 do zminimalizowania negatywnego wp\u0142ywu systemu transportowego na \u015brodowisko.<\/p>\n[perfectpullquote align=&#8221;full&#8221; cite=&#8221;&#8221; link=&#8221;&#8221; color=&#8221;&#8221; class=&#8221;&#8221; size=&#8221;&#8221;]Efektem finalnym Studium Transportowego b\u0119dzie stworzenie wizji rozwoju wsp\u00f3lnej dla ca\u0142ego naszego subregionu wizji rozwoju, przede wszystkim w zakresie transportu, infrastruktury drogowej i zr\u00f3wnowa\u017conej mobilno\u015bci miejskiej.[\/perfectpullquote]\n<p>Organizatorzy badania oczekuj\u0105, \u017ce Studium pozwoli skoordynowa\u0107 i wzmocni\u0107 podejmowane ju\u017c dzia\u0142ania w obszarze usprawniania i integracji komunikacji, poprawy bezpiecze\u0144stwa w ruchu drogowym czy te\u017c zmniejszania emisji zanieczyszcze\u0144, maj\u0105cych istotne znaczenie dla wzmocnienia funkcji metropolitalnych tego obszaru.<\/p>\n<p>Przedsi\u0119wzi\u0119cie jest realizowane na zlecenie Zwi\u0105zku Gmin i Powiat\u00f3w Subregionu Centralnego Wojew\u00f3dztwa \u015al\u0105skiego. Studium realizowane jest przy wsp\u00f3\u0142pracy Urz\u0119du Marsza\u0142kowskiego Wojew\u00f3dztwa \u015al\u0105skiego oraz pozosta\u0142ych organizator\u00f3w publicznego transportu zbiorowego (MZK Tychy, MZKP Tarnowskie G\u00f3ry, MZDiM Jaworzno, ZKM Zawiercie, Koleje \u015al\u0105skie S.A., PKP PLK S.A.).<\/p>\n<p>(\u017cms)\/Biuro Prasowe UM<br \/>\nfot. arch. 24gliwice.pl<\/p>\n<div class=\"gliwi-a5-na-koncu-artykulow gliwi-entity-placement\" id=\"gliwi-2506195547\"><div class=\"gliwi-adlabel\"><span style=\"font-size: 9px\">REKLAMA<\/span><\/div><div id=\"gliwi-1958865093\" style=\"margin-left: auto;margin-right: auto;text-align: center;\"><a data-no-instant=\"1\" href=\"https:\/\/prezeroarenagliwice.pl\/\" rel=\"noopener\" class=\"a2t-link\" target=\"_blank\" aria-label=\"20260309-PREZERO-WIOSNA-D\"><img loading=\"lazy\" decoding=\"async\" src=\"https:\/\/www.24gliwice.pl\/wiadomosci\/wp-content\/uploads\/2026\/03\/20260309-PREZERO-WIOSNA-D.webp\" alt=\"\"  srcset=\"https:\/\/www.24gliwice.pl\/wiadomosci\/wp-content\/uploads\/2026\/03\/20260309-PREZERO-WIOSNA-D.webp 750w, https:\/\/www.24gliwice.pl\/wiadomosci\/wp-content\/uploads\/2026\/03\/20260309-PREZERO-WIOSNA-D-410x109.webp 410w\" sizes=\"(max-width: 750px) 100vw, 750px\" class=\"no-lazyload\" width=\"750\" height=\"200\"  style=\"display: inline-block; max-width: 100%; height: auto;\" \/><\/a><\/div><\/div>","protected":false},"excerpt":{"rendered":"<p>Samochodem? Autobusem? Rowerem? Poci\u0105giem? &#8211; na te pytania jeszcze w tym roku prawdopodobnie poznamy odpowied\u017a. Od wrze\u015bnia do listopada b\u0119dzie mo\u017cna wzi\u0105\u0107 udzia\u0142 w ankiecie, kt\u00f3ra pozwoli odpowiedzie\u0107 na pytanie, czym mieszka\u0144cy \u015al\u0105ska poruszaj\u0105 si\u0119 na co dzie\u0144. We wrze\u015bniu rozpoczynaj\u0105 si\u0119 anonimowe badania ankietowe, wykonywane w celu zbudowania modelu ruchu, kt\u00f3ry pos\u0142u\u017cy do usprawnienia [&hellip;]<\/p>\n","protected":false},"author":15,"featured_media":104109,"comment_status":"open","ping_status":"closed","sticky":false,"template":"","format":"standard","meta":{"_monsterinsights_skip_tracking":false,"_monsterinsights_sitenote_active":false,"_monsterinsights_sitenote_note":"","_monsterinsights_sitenote_category":0,"footnotes":"","_links_to":"","_links_to_target":""},"categories":[3,1],"tags":[8089,8873,4687,8128,9537,8491,8915,8484,8349],"class_list":["post-104103","post","type-post","status-publish","format-standard","has-post-thumbnail","hentry","category-gliwice","category-wszystko","tag-autobus","tag-drogi-rowerowe","tag-koleje-slaskie","tag-komunikacja","tag-komunikacja-publiczna","tag-pociag","tag-rower","tag-samochod","tag-transport"],"yoast_head":"<!-- This site is optimized with the Yoast SEO plugin v27.5 - https:\/\/yoast.com\/product\/yoast-seo-wordpress\/ -->\n<title>Ankieterzy pojawi\u0105 si\u0119 w centrach handlowych, na przystankach i w 16 tys. gospodarstw domowych - 24GLIWICE - Portal Gliwice | codziennie nowe informacje<\/title>\n<meta name=\"robots\" content=\"index, follow, max-snippet:-1, max-image-preview:large, max-video-preview:-1\" \/>\n<link rel=\"canonical\" href=\"https:\/\/www.24gliwice.pl\/wiadomosci\/ankieterzy-pojawia-sie-w-centrach-handlowych-na-przystankach-i-w-16-tys-gospodarstw-domowych\/\" \/>\n<meta property=\"og:locale\" content=\"pl_PL\" \/>\n<meta property=\"og:type\" content=\"article\" \/>\n<meta property=\"og:title\" content=\"Ankieterzy pojawi\u0105 si\u0119 w centrach handlowych, na przystankach i w 16 tys. gospodarstw domowych - 24GLIWICE - Portal Gliwice | codziennie nowe informacje\" \/>\n<meta property=\"og:description\" content=\"Samochodem? Autobusem? Rowerem? Poci\u0105giem? &#8211; na te pytania jeszcze w tym roku prawdopodobnie poznamy odpowied\u017a. Od wrze\u015bnia do listopada b\u0119dzie mo\u017cna wzi\u0105\u0107 udzia\u0142 w ankiecie, kt\u00f3ra pozwoli odpowiedzie\u0107 na pytanie, czym mieszka\u0144cy \u015al\u0105ska poruszaj\u0105 si\u0119 na co dzie\u0144. We wrze\u015bniu rozpoczynaj\u0105 si\u0119 anonimowe badania ankietowe, wykonywane w celu zbudowania modelu ruchu, kt\u00f3ry pos\u0142u\u017cy do usprawnienia [&hellip;]\" \/>\n<meta property=\"og:url\" content=\"https:\/\/www.24gliwice.pl\/wiadomosci\/ankieterzy-pojawia-sie-w-centrach-handlowych-na-przystankach-i-w-16-tys-gospodarstw-domowych\/\" \/>\n<meta property=\"og:site_name\" content=\"24GLIWICE - Portal Gliwice | codziennie nowe informacje\" \/>\n<meta property=\"article:publisher\" content=\"https:\/\/www.facebook.com\/24gliwice\" \/>\n<meta property=\"article:published_time\" content=\"2017-09-20T09:05:39+00:00\" \/>\n<meta property=\"og:image\" content=\"https:\/\/www.24gliwice.pl\/wiadomosci\/wp-content\/uploads\/2017\/09\/zr\u00f3wnowa\u017cony-transport-e1505219601478.jpg\" \/>\n\t<meta property=\"og:image:width\" content=\"810\" \/>\n\t<meta property=\"og:image:height\" content=\"455\" \/>\n\t<meta property=\"og:image:type\" content=\"image\/jpeg\" \/>\n<meta name=\"author\" content=\"\u017baneta Mrozek-Siewierska\" \/>\n<meta name=\"twitter:card\" content=\"summary_large_image\" \/>\n<meta name=\"twitter:creator\" content=\"@24gliwice\" \/>\n<meta name=\"twitter:site\" content=\"@24gliwice\" \/>\n<meta name=\"twitter:label1\" content=\"Napisane przez\" \/>\n\t<meta name=\"twitter:data1\" content=\"\u017baneta Mrozek-Siewierska\" \/>\n\t<meta name=\"twitter:label2\" content=\"Szacowany czas czytania\" \/>\n\t<meta name=\"twitter:data2\" content=\"2 minuty\" \/>\n<script type=\"application\/ld+json\" class=\"yoast-schema-graph\">{\"@context\":\"https:\\\/\\\/schema.org\",\"@graph\":[{\"@type\":\"Article\",\"@id\":\"https:\\\/\\\/www.24gliwice.pl\\\/wiadomosci\\\/ankieterzy-pojawia-sie-w-centrach-handlowych-na-przystankach-i-w-16-tys-gospodarstw-domowych\\\/#article\",\"isPartOf\":{\"@id\":\"https:\\\/\\\/www.24gliwice.pl\\\/wiadomosci\\\/ankieterzy-pojawia-sie-w-centrach-handlowych-na-przystankach-i-w-16-tys-gospodarstw-domowych\\\/\"},\"author\":{\"name\":\"\u017baneta Mrozek-Siewierska\",\"@id\":\"https:\\\/\\\/www.24gliwice.pl\\\/wiadomosci\\\/#\\\/schema\\\/person\\\/e42c650edd7f2fa332be3811fb166b6e\"},\"headline\":\"Ankieterzy pojawi\u0105 si\u0119 w centrach handlowych, na przystankach i w 16 tys. gospodarstw domowych\",\"datePublished\":\"2017-09-20T09:05:39+00:00\",\"mainEntityOfPage\":{\"@id\":\"https:\\\/\\\/www.24gliwice.pl\\\/wiadomosci\\\/ankieterzy-pojawia-sie-w-centrach-handlowych-na-przystankach-i-w-16-tys-gospodarstw-domowych\\\/\"},\"wordCount\":430,\"commentCount\":0,\"publisher\":{\"@id\":\"https:\\\/\\\/www.24gliwice.pl\\\/wiadomosci\\\/#organization\"},\"image\":{\"@id\":\"https:\\\/\\\/www.24gliwice.pl\\\/wiadomosci\\\/ankieterzy-pojawia-sie-w-centrach-handlowych-na-przystankach-i-w-16-tys-gospodarstw-domowych\\\/#primaryimage\"},\"thumbnailUrl\":\"https:\\\/\\\/www.24gliwice.pl\\\/wiadomosci\\\/wp-content\\\/uploads\\\/2017\\\/09\\\/zr\u00f3wnowa\u017cony-transport-e1505219601478.jpg\",\"keywords\":[\"AUTOBUS\",\"DROGI ROWEROWE\",\"KOLEJE \u015aL\u0104SKIE\",\"KOMUNIKACJA\",\"KOMUNIKACJA PUBLICZNA\",\"POCI\u0104G\",\"ROWER\",\"SAMOCH\u00d3D\",\"TRANSPORT\"],\"articleSection\":[\"Gliwice\",\"Najnowsze wiadomo\u015bci\"],\"inLanguage\":\"pl-PL\",\"potentialAction\":[{\"@type\":\"CommentAction\",\"name\":\"Comment\",\"target\":[\"https:\\\/\\\/www.24gliwice.pl\\\/wiadomosci\\\/ankieterzy-pojawia-sie-w-centrach-handlowych-na-przystankach-i-w-16-tys-gospodarstw-domowych\\\/#respond\"]}]},{\"@type\":\"WebPage\",\"@id\":\"https:\\\/\\\/www.24gliwice.pl\\\/wiadomosci\\\/ankieterzy-pojawia-sie-w-centrach-handlowych-na-przystankach-i-w-16-tys-gospodarstw-domowych\\\/\",\"url\":\"https:\\\/\\\/www.24gliwice.pl\\\/wiadomosci\\\/ankieterzy-pojawia-sie-w-centrach-handlowych-na-przystankach-i-w-16-tys-gospodarstw-domowych\\\/\",\"name\":\"Ankieterzy pojawi\u0105 si\u0119 w centrach handlowych, na przystankach i w 16 tys. gospodarstw domowych - 24GLIWICE - Portal Gliwice | codziennie nowe informacje\",\"isPartOf\":{\"@id\":\"https:\\\/\\\/www.24gliwice.pl\\\/wiadomosci\\\/#website\"},\"primaryImageOfPage\":{\"@id\":\"https:\\\/\\\/www.24gliwice.pl\\\/wiadomosci\\\/ankieterzy-pojawia-sie-w-centrach-handlowych-na-przystankach-i-w-16-tys-gospodarstw-domowych\\\/#primaryimage\"},\"image\":{\"@id\":\"https:\\\/\\\/www.24gliwice.pl\\\/wiadomosci\\\/ankieterzy-pojawia-sie-w-centrach-handlowych-na-przystankach-i-w-16-tys-gospodarstw-domowych\\\/#primaryimage\"},\"thumbnailUrl\":\"https:\\\/\\\/www.24gliwice.pl\\\/wiadomosci\\\/wp-content\\\/uploads\\\/2017\\\/09\\\/zr\u00f3wnowa\u017cony-transport-e1505219601478.jpg\",\"datePublished\":\"2017-09-20T09:05:39+00:00\",\"breadcrumb\":{\"@id\":\"https:\\\/\\\/www.24gliwice.pl\\\/wiadomosci\\\/ankieterzy-pojawia-sie-w-centrach-handlowych-na-przystankach-i-w-16-tys-gospodarstw-domowych\\\/#breadcrumb\"},\"inLanguage\":\"pl-PL\",\"potentialAction\":[{\"@type\":\"ReadAction\",\"target\":[\"https:\\\/\\\/www.24gliwice.pl\\\/wiadomosci\\\/ankieterzy-pojawia-sie-w-centrach-handlowych-na-przystankach-i-w-16-tys-gospodarstw-domowych\\\/\"]}]},{\"@type\":\"ImageObject\",\"inLanguage\":\"pl-PL\",\"@id\":\"https:\\\/\\\/www.24gliwice.pl\\\/wiadomosci\\\/ankieterzy-pojawia-sie-w-centrach-handlowych-na-przystankach-i-w-16-tys-gospodarstw-domowych\\\/#primaryimage\",\"url\":\"https:\\\/\\\/www.24gliwice.pl\\\/wiadomosci\\\/wp-content\\\/uploads\\\/2017\\\/09\\\/zr\u00f3wnowa\u017cony-transport-e1505219601478.jpg\",\"contentUrl\":\"https:\\\/\\\/www.24gliwice.pl\\\/wiadomosci\\\/wp-content\\\/uploads\\\/2017\\\/09\\\/zr\u00f3wnowa\u017cony-transport-e1505219601478.jpg\",\"width\":810,\"height\":455},{\"@type\":\"BreadcrumbList\",\"@id\":\"https:\\\/\\\/www.24gliwice.pl\\\/wiadomosci\\\/ankieterzy-pojawia-sie-w-centrach-handlowych-na-przystankach-i-w-16-tys-gospodarstw-domowych\\\/#breadcrumb\",\"itemListElement\":[{\"@type\":\"ListItem\",\"position\":1,\"name\":\"Strona g\u0142\u00f3wna\",\"item\":\"https:\\\/\\\/www.24gliwice.pl\\\/wiadomosci\\\/\"},{\"@type\":\"ListItem\",\"position\":2,\"name\":\"Ankieterzy pojawi\u0105 si\u0119 w centrach handlowych, na przystankach i w 16 tys. gospodarstw domowych\"}]},{\"@type\":\"WebSite\",\"@id\":\"https:\\\/\\\/www.24gliwice.pl\\\/wiadomosci\\\/#website\",\"url\":\"https:\\\/\\\/www.24gliwice.pl\\\/wiadomosci\\\/\",\"name\":\"24GLIWICE - Portal Gliwice | codziennie nowe wiadomo\u015bci\",\"description\":\"Portal Miejski Gliwice\",\"publisher\":{\"@id\":\"https:\\\/\\\/www.24gliwice.pl\\\/wiadomosci\\\/#organization\"},\"potentialAction\":[{\"@type\":\"SearchAction\",\"target\":{\"@type\":\"EntryPoint\",\"urlTemplate\":\"https:\\\/\\\/www.24gliwice.pl\\\/wiadomosci\\\/?s={search_term_string}\"},\"query-input\":{\"@type\":\"PropertyValueSpecification\",\"valueRequired\":true,\"valueName\":\"search_term_string\"}}],\"inLanguage\":\"pl-PL\"},{\"@type\":\"Organization\",\"@id\":\"https:\\\/\\\/www.24gliwice.pl\\\/wiadomosci\\\/#organization\",\"name\":\"24gliwice\",\"url\":\"https:\\\/\\\/www.24gliwice.pl\\\/wiadomosci\\\/\",\"logo\":{\"@type\":\"ImageObject\",\"inLanguage\":\"pl-PL\",\"@id\":\"https:\\\/\\\/www.24gliwice.pl\\\/wiadomosci\\\/#\\\/schema\\\/logo\\\/image\\\/\",\"url\":\"https:\\\/\\\/www.24gliwice.pl\\\/wiadomosci\\\/wp-content\\\/uploads\\\/2024\\\/10\\\/24gliwice-logo-696.jpg\",\"contentUrl\":\"https:\\\/\\\/www.24gliwice.pl\\\/wiadomosci\\\/wp-content\\\/uploads\\\/2024\\\/10\\\/24gliwice-logo-696.jpg\",\"width\":696,\"height\":696,\"caption\":\"24gliwice\"},\"image\":{\"@id\":\"https:\\\/\\\/www.24gliwice.pl\\\/wiadomosci\\\/#\\\/schema\\\/logo\\\/image\\\/\"},\"sameAs\":[\"https:\\\/\\\/www.facebook.com\\\/24gliwice\",\"https:\\\/\\\/x.com\\\/24gliwice\",\"https:\\\/\\\/www.youtube.com\\\/@24gliwice\"]},{\"@type\":\"Person\",\"@id\":\"https:\\\/\\\/www.24gliwice.pl\\\/wiadomosci\\\/#\\\/schema\\\/person\\\/e42c650edd7f2fa332be3811fb166b6e\",\"name\":\"\u017baneta Mrozek-Siewierska\",\"image\":{\"@type\":\"ImageObject\",\"inLanguage\":\"pl-PL\",\"@id\":\"https:\\\/\\\/secure.gravatar.com\\\/avatar\\\/1881429e9c64597c77ad7aef2d0a19be69a3253e57534d16aa15bf3a4d34a0a3?s=96&d=mm&r=g\",\"url\":\"https:\\\/\\\/secure.gravatar.com\\\/avatar\\\/1881429e9c64597c77ad7aef2d0a19be69a3253e57534d16aa15bf3a4d34a0a3?s=96&d=mm&r=g\",\"contentUrl\":\"https:\\\/\\\/secure.gravatar.com\\\/avatar\\\/1881429e9c64597c77ad7aef2d0a19be69a3253e57534d16aa15bf3a4d34a0a3?s=96&d=mm&r=g\",\"caption\":\"\u017baneta Mrozek-Siewierska\"},\"url\":\"https:\\\/\\\/www.24gliwice.pl\\\/wiadomosci\\\/author\\\/zms\\\/\"}]}<\/script>\n<!-- \/ Yoast SEO plugin. -->","yoast_head_json":{"title":"Ankieterzy pojawi\u0105 si\u0119 w centrach handlowych, na przystankach i w 16 tys. gospodarstw domowych - 24GLIWICE - Portal Gliwice | codziennie nowe informacje","robots":{"index":"index","follow":"follow","max-snippet":"max-snippet:-1","max-image-preview":"max-image-preview:large","max-video-preview":"max-video-preview:-1"},"canonical":"https:\/\/www.24gliwice.pl\/wiadomosci\/ankieterzy-pojawia-sie-w-centrach-handlowych-na-przystankach-i-w-16-tys-gospodarstw-domowych\/","og_locale":"pl_PL","og_type":"article","og_title":"Ankieterzy pojawi\u0105 si\u0119 w centrach handlowych, na przystankach i w 16 tys. gospodarstw domowych - 24GLIWICE - Portal Gliwice | codziennie nowe informacje","og_description":"Samochodem? Autobusem? Rowerem? Poci\u0105giem? &#8211; na te pytania jeszcze w tym roku prawdopodobnie poznamy odpowied\u017a. Od wrze\u015bnia do listopada b\u0119dzie mo\u017cna wzi\u0105\u0107 udzia\u0142 w ankiecie, kt\u00f3ra pozwoli odpowiedzie\u0107 na pytanie, czym mieszka\u0144cy \u015al\u0105ska poruszaj\u0105 si\u0119 na co dzie\u0144. We wrze\u015bniu rozpoczynaj\u0105 si\u0119 anonimowe badania ankietowe, wykonywane w celu zbudowania modelu ruchu, kt\u00f3ry pos\u0142u\u017cy do usprawnienia [&hellip;]","og_url":"https:\/\/www.24gliwice.pl\/wiadomosci\/ankieterzy-pojawia-sie-w-centrach-handlowych-na-przystankach-i-w-16-tys-gospodarstw-domowych\/","og_site_name":"24GLIWICE - Portal Gliwice | codziennie nowe informacje","article_publisher":"https:\/\/www.facebook.com\/24gliwice","article_published_time":"2017-09-20T09:05:39+00:00","og_image":[{"width":810,"height":455,"url":"https:\/\/www.24gliwice.pl\/wiadomosci\/wp-content\/uploads\/2017\/09\/zr\u00f3wnowa\u017cony-transport-e1505219601478.jpg","type":"image\/jpeg"}],"author":"\u017baneta Mrozek-Siewierska","twitter_card":"summary_large_image","twitter_creator":"@24gliwice","twitter_site":"@24gliwice","twitter_misc":{"Napisane przez":"\u017baneta Mrozek-Siewierska","Szacowany czas czytania":"2 minuty"},"schema":{"@context":"https:\/\/schema.org","@graph":[{"@type":"Article","@id":"https:\/\/www.24gliwice.pl\/wiadomosci\/ankieterzy-pojawia-sie-w-centrach-handlowych-na-przystankach-i-w-16-tys-gospodarstw-domowych\/#article","isPartOf":{"@id":"https:\/\/www.24gliwice.pl\/wiadomosci\/ankieterzy-pojawia-sie-w-centrach-handlowych-na-przystankach-i-w-16-tys-gospodarstw-domowych\/"},"author":{"name":"\u017baneta Mrozek-Siewierska","@id":"https:\/\/www.24gliwice.pl\/wiadomosci\/#\/schema\/person\/e42c650edd7f2fa332be3811fb166b6e"},"headline":"Ankieterzy pojawi\u0105 si\u0119 w centrach handlowych, na przystankach i w 16 tys. gospodarstw domowych","datePublished":"2017-09-20T09:05:39+00:00","mainEntityOfPage":{"@id":"https:\/\/www.24gliwice.pl\/wiadomosci\/ankieterzy-pojawia-sie-w-centrach-handlowych-na-przystankach-i-w-16-tys-gospodarstw-domowych\/"},"wordCount":430,"commentCount":0,"publisher":{"@id":"https:\/\/www.24gliwice.pl\/wiadomosci\/#organization"},"image":{"@id":"https:\/\/www.24gliwice.pl\/wiadomosci\/ankieterzy-pojawia-sie-w-centrach-handlowych-na-przystankach-i-w-16-tys-gospodarstw-domowych\/#primaryimage"},"thumbnailUrl":"https:\/\/www.24gliwice.pl\/wiadomosci\/wp-content\/uploads\/2017\/09\/zr\u00f3wnowa\u017cony-transport-e1505219601478.jpg","keywords":["AUTOBUS","DROGI ROWEROWE","KOLEJE \u015aL\u0104SKIE","KOMUNIKACJA","KOMUNIKACJA PUBLICZNA","POCI\u0104G","ROWER","SAMOCH\u00d3D","TRANSPORT"],"articleSection":["Gliwice","Najnowsze wiadomo\u015bci"],"inLanguage":"pl-PL","potentialAction":[{"@type":"CommentAction","name":"Comment","target":["https:\/\/www.24gliwice.pl\/wiadomosci\/ankieterzy-pojawia-sie-w-centrach-handlowych-na-przystankach-i-w-16-tys-gospodarstw-domowych\/#respond"]}]},{"@type":"WebPage","@id":"https:\/\/www.24gliwice.pl\/wiadomosci\/ankieterzy-pojawia-sie-w-centrach-handlowych-na-przystankach-i-w-16-tys-gospodarstw-domowych\/","url":"https:\/\/www.24gliwice.pl\/wiadomosci\/ankieterzy-pojawia-sie-w-centrach-handlowych-na-przystankach-i-w-16-tys-gospodarstw-domowych\/","name":"Ankieterzy pojawi\u0105 si\u0119 w centrach handlowych, na przystankach i w 16 tys. gospodarstw domowych - 24GLIWICE - Portal Gliwice | codziennie nowe informacje","isPartOf":{"@id":"https:\/\/www.24gliwice.pl\/wiadomosci\/#website"},"primaryImageOfPage":{"@id":"https:\/\/www.24gliwice.pl\/wiadomosci\/ankieterzy-pojawia-sie-w-centrach-handlowych-na-przystankach-i-w-16-tys-gospodarstw-domowych\/#primaryimage"},"image":{"@id":"https:\/\/www.24gliwice.pl\/wiadomosci\/ankieterzy-pojawia-sie-w-centrach-handlowych-na-przystankach-i-w-16-tys-gospodarstw-domowych\/#primaryimage"},"thumbnailUrl":"https:\/\/www.24gliwice.pl\/wiadomosci\/wp-content\/uploads\/2017\/09\/zr\u00f3wnowa\u017cony-transport-e1505219601478.jpg","datePublished":"2017-09-20T09:05:39+00:00","breadcrumb":{"@id":"https:\/\/www.24gliwice.pl\/wiadomosci\/ankieterzy-pojawia-sie-w-centrach-handlowych-na-przystankach-i-w-16-tys-gospodarstw-domowych\/#breadcrumb"},"inLanguage":"pl-PL","potentialAction":[{"@type":"ReadAction","target":["https:\/\/www.24gliwice.pl\/wiadomosci\/ankieterzy-pojawia-sie-w-centrach-handlowych-na-przystankach-i-w-16-tys-gospodarstw-domowych\/"]}]},{"@type":"ImageObject","inLanguage":"pl-PL","@id":"https:\/\/www.24gliwice.pl\/wiadomosci\/ankieterzy-pojawia-sie-w-centrach-handlowych-na-przystankach-i-w-16-tys-gospodarstw-domowych\/#primaryimage","url":"https:\/\/www.24gliwice.pl\/wiadomosci\/wp-content\/uploads\/2017\/09\/zr\u00f3wnowa\u017cony-transport-e1505219601478.jpg","contentUrl":"https:\/\/www.24gliwice.pl\/wiadomosci\/wp-content\/uploads\/2017\/09\/zr\u00f3wnowa\u017cony-transport-e1505219601478.jpg","width":810,"height":455},{"@type":"BreadcrumbList","@id":"https:\/\/www.24gliwice.pl\/wiadomosci\/ankieterzy-pojawia-sie-w-centrach-handlowych-na-przystankach-i-w-16-tys-gospodarstw-domowych\/#breadcrumb","itemListElement":[{"@type":"ListItem","position":1,"name":"Strona g\u0142\u00f3wna","item":"https:\/\/www.24gliwice.pl\/wiadomosci\/"},{"@type":"ListItem","position":2,"name":"Ankieterzy pojawi\u0105 si\u0119 w centrach handlowych, na przystankach i w 16 tys. gospodarstw domowych"}]},{"@type":"WebSite","@id":"https:\/\/www.24gliwice.pl\/wiadomosci\/#website","url":"https:\/\/www.24gliwice.pl\/wiadomosci\/","name":"24GLIWICE - Portal Gliwice | codziennie nowe wiadomo\u015bci","description":"Portal Miejski Gliwice","publisher":{"@id":"https:\/\/www.24gliwice.pl\/wiadomosci\/#organization"},"potentialAction":[{"@type":"SearchAction","target":{"@type":"EntryPoint","urlTemplate":"https:\/\/www.24gliwice.pl\/wiadomosci\/?s={search_term_string}"},"query-input":{"@type":"PropertyValueSpecification","valueRequired":true,"valueName":"search_term_string"}}],"inLanguage":"pl-PL"},{"@type":"Organization","@id":"https:\/\/www.24gliwice.pl\/wiadomosci\/#organization","name":"24gliwice","url":"https:\/\/www.24gliwice.pl\/wiadomosci\/","logo":{"@type":"ImageObject","inLanguage":"pl-PL","@id":"https:\/\/www.24gliwice.pl\/wiadomosci\/#\/schema\/logo\/image\/","url":"https:\/\/www.24gliwice.pl\/wiadomosci\/wp-content\/uploads\/2024\/10\/24gliwice-logo-696.jpg","contentUrl":"https:\/\/www.24gliwice.pl\/wiadomosci\/wp-content\/uploads\/2024\/10\/24gliwice-logo-696.jpg","width":696,"height":696,"caption":"24gliwice"},"image":{"@id":"https:\/\/www.24gliwice.pl\/wiadomosci\/#\/schema\/logo\/image\/"},"sameAs":["https:\/\/www.facebook.com\/24gliwice","https:\/\/x.com\/24gliwice","https:\/\/www.youtube.com\/@24gliwice"]},{"@type":"Person","@id":"https:\/\/www.24gliwice.pl\/wiadomosci\/#\/schema\/person\/e42c650edd7f2fa332be3811fb166b6e","name":"\u017baneta Mrozek-Siewierska","image":{"@type":"ImageObject","inLanguage":"pl-PL","@id":"https:\/\/secure.gravatar.com\/avatar\/1881429e9c64597c77ad7aef2d0a19be69a3253e57534d16aa15bf3a4d34a0a3?s=96&d=mm&r=g","url":"https:\/\/secure.gravatar.com\/avatar\/1881429e9c64597c77ad7aef2d0a19be69a3253e57534d16aa15bf3a4d34a0a3?s=96&d=mm&r=g","contentUrl":"https:\/\/secure.gravatar.com\/avatar\/1881429e9c64597c77ad7aef2d0a19be69a3253e57534d16aa15bf3a4d34a0a3?s=96&d=mm&r=g","caption":"\u017baneta Mrozek-Siewierska"},"url":"https:\/\/www.24gliwice.pl\/wiadomosci\/author\/zms\/"}]}},"_links":{"self":[{"href":"https:\/\/www.24gliwice.pl\/wiadomosci\/wp-json\/wp\/v2\/posts\/104103","targetHints":{"allow":["GET"]}}],"collection":[{"href":"https:\/\/www.24gliwice.pl\/wiadomosci\/wp-json\/wp\/v2\/posts"}],"about":[{"href":"https:\/\/www.24gliwice.pl\/wiadomosci\/wp-json\/wp\/v2\/types\/post"}],"author":[{"embeddable":true,"href":"https:\/\/www.24gliwice.pl\/wiadomosci\/wp-json\/wp\/v2\/users\/15"}],"replies":[{"embeddable":true,"href":"https:\/\/www.24gliwice.pl\/wiadomosci\/wp-json\/wp\/v2\/comments?post=104103"}],"version-history":[{"count":0,"href":"https:\/\/www.24gliwice.pl\/wiadomosci\/wp-json\/wp\/v2\/posts\/104103\/revisions"}],"wp:featuredmedia":[{"embeddable":true,"href":"https:\/\/www.24gliwice.pl\/wiadomosci\/wp-json\/wp\/v2\/media\/104109"}],"wp:attachment":[{"href":"https:\/\/www.24gliwice.pl\/wiadomosci\/wp-json\/wp\/v2\/media?parent=104103"}],"wp:term":[{"taxonomy":"category","embeddable":true,"href":"https:\/\/www.24gliwice.pl\/wiadomosci\/wp-json\/wp\/v2\/categories?post=104103"},{"taxonomy":"post_tag","embeddable":true,"href":"https:\/\/www.24gliwice.pl\/wiadomosci\/wp-json\/wp\/v2\/tags?post=104103"}],"curies":[{"name":"wp","href":"https:\/\/api.w.org\/{rel}","templated":true}]}}