{"id":104125,"date":"2017-09-13T02:10:05","date_gmt":"2017-09-13T00:10:05","guid":{"rendered":"http:\/\/www.24gliwice.pl\/wiadomosci\/?p=104125"},"modified":"2017-09-13T02:10:05","modified_gmt":"2017-09-13T00:10:05","slug":"to-bedzie-w-gliwicach-trudny-dzien-dla-wlascicieli-kopcacych-samochodow-eliminacja-z-ruchu","status":"publish","type":"post","link":"https:\/\/www.24gliwice.pl\/wiadomosci\/to-bedzie-w-gliwicach-trudny-dzien-dla-wlascicieli-kopcacych-samochodow-eliminacja-z-ruchu\/","title":{"rendered":"To b\u0119dzie w Gliwicach trudny dzie\u0144 dla w\u0142a\u015bcicieli kopc\u0105cych samochod\u00f3w. &#8220;Eliminacja z ruchu&#8221;"},"content":{"rendered":"<div class=\"gliwi-a6-nad-leadem-artykulow gliwi-entity-placement\" id=\"gliwi-1828899044\"><div class=\"gliwi-adlabel\"><span style=\"font-size: 9px\">REKLAMA<\/span><\/div><div id=\"gliwi-490494796\" style=\"margin-bottom: 30px;margin-left: auto;margin-right: auto;text-align: center;\"><a data-no-instant=\"1\" href=\"https:\/\/przedszkole.halogen.org.pl\/\" rel=\"noopener\" class=\"a2t-link\" target=\"_blank\" aria-label=\"20260402-ANIMATOR-przedszkole_grafika_750x200\"><img loading=\"lazy\" decoding=\"async\" src=\"https:\/\/www.24gliwice.pl\/wiadomosci\/wp-content\/uploads\/2026\/04\/20260402-ANIMATOR-przedszkole_grafika_750x200.webp\" alt=\"\"  srcset=\"https:\/\/www.24gliwice.pl\/wiadomosci\/wp-content\/uploads\/2026\/04\/20260402-ANIMATOR-przedszkole_grafika_750x200.webp 750w, https:\/\/www.24gliwice.pl\/wiadomosci\/wp-content\/uploads\/2026\/04\/20260402-ANIMATOR-przedszkole_grafika_750x200-410x109.webp 410w\" sizes=\"(max-width: 750px) 100vw, 750px\" class=\"no-lazyload\" width=\"750\" height=\"200\"  style=\"display: inline-block; max-width: 100%; height: auto;\" \/><\/a><\/div><\/div><h3>14 wrze\u015bnia gliwicka drog\u00f3wka przeprowadzi dzia\u0142ania pod nazw\u0105 \u201eSmog\u201d. Celem jest zwr\u00f3cenie uwagi na prawid\u0142owy stan techniczny pojazd\u00f3w i emisj\u0119 spalin do atmosfery. <\/h3>\n<p>Policyjna akcja ukierunkowana b\u0119dzie na wyeliminowanie z ruchu niesprawnych technicznie samochod\u00f3w, w szczeg\u00f3lno\u015bci tych z nadmiern\u0105 emisj\u0105 spalin.<\/p>\n<p>14 wrze\u015bnia na terenie Gliwic i powiatu od wczesnych godzin rannych policjanci z wydzia\u0142u ruchu drogowego b\u0119d\u0105 prowadzi\u0107 <strong>dzia\u0142ania \u201eSmog\u201d<\/strong>. Za pomoc\u0105 dymomierzy i analizator\u00f3w spalin sprawdz\u0105, czy pojazdy spe\u0142niaj\u0105 normy w zakresie emisji spalin. Przyjrz\u0105 si\u0119 te\u017c bacznie stanowi technicznemu samochod\u00f3w. Ide\u0105 dzia\u0142a\u0144 jest eliminacja z ruchu aut niesprawnych, g\u0142\u00f3wnie emituj\u0105cych spaliny o nadmiernej toksyczno\u015bci.<\/p><div class=\"gliwi-a3-w-tresci-artykulow gliwi-entity-placement\" id=\"gliwi-1437275278\"><div class=\"gliwi-adlabel\"><span style=\"font-size: 9px\">REKLAMA<\/span><\/div><div id=\"gliwi-506318361\" style=\"margin-bottom: 30px;margin-left: auto;margin-right: auto;text-align: center;\"><a data-no-instant=\"1\" href=\"https:\/\/zlobek.halogen.org.pl\/\" rel=\"noopener\" class=\"a2t-link\" target=\"_blank\" aria-label=\"animator-zlobek_750x200\"><img loading=\"lazy\" decoding=\"async\" src=\"https:\/\/www.24gliwice.pl\/wiadomosci\/wp-content\/uploads\/2026\/02\/animator-zlobek_750x200.webp\" alt=\"\"  srcset=\"https:\/\/www.24gliwice.pl\/wiadomosci\/wp-content\/uploads\/2026\/02\/animator-zlobek_750x200.webp 750w, https:\/\/www.24gliwice.pl\/wiadomosci\/wp-content\/uploads\/2026\/02\/animator-zlobek_750x200-410x109.webp 410w\" sizes=\"(max-width: 750px) 100vw, 750px\" class=\"no-lazyload\" width=\"750\" height=\"200\"  style=\"display: inline-block; max-width: 100%; height: auto;\" \/><\/a><\/div><\/div>\n<p>Dzia\u0142ania wynikaj\u0105 z konieczno\u015bci. Jak wykaza\u0142y w 2013 r. badania prowadzone przez krakowsk\u0105 AGH, spaliny samochodowe mia\u0142y sw\u00f3j 21-procentowy udzia\u0142 w smogu. Szczeg\u00f3lnymi trucicielami s\u0105 wyeksploatowane technicznie silniki diesla.<\/p>\n<div class=\"gliwi-a5-na-koncu-artykulow gliwi-entity-placement\" id=\"gliwi-1411135161\"><div class=\"gliwi-adlabel\"><span style=\"font-size: 9px\">REKLAMA<\/span><\/div><div id=\"gliwi-1066795798\" style=\"margin-left: auto;margin-right: auto;text-align: center;\"><a data-no-instant=\"1\" href=\"https:\/\/www.jasek.pl\/\" rel=\"noopener\" class=\"a2t-link\" target=\"_blank\" aria-label=\"20200401-jasek 600\"><img loading=\"lazy\" decoding=\"async\" src=\"https:\/\/www.24gliwice.pl\/wiadomosci\/wp-content\/uploads\/2020\/04\/20200401-jasek-600.jpg\" alt=\"\"  srcset=\"https:\/\/www.24gliwice.pl\/wiadomosci\/wp-content\/uploads\/2020\/04\/20200401-jasek-600.jpg 600w, https:\/\/www.24gliwice.pl\/wiadomosci\/wp-content\/uploads\/2020\/04\/20200401-jasek-600-410x109.jpg 410w\" sizes=\"(max-width: 600px) 100vw, 600px\" class=\"no-lazyload\" width=\"600\" height=\"160\"  style=\"display: inline-block; max-width: 100%; height: auto;\" \/><\/a><\/div><\/div>","protected":false},"excerpt":{"rendered":"<p>14 wrze\u015bnia gliwicka drog\u00f3wka przeprowadzi dzia\u0142ania pod nazw\u0105 \u201eSmog\u201d. Celem jest zwr\u00f3cenie uwagi na prawid\u0142owy stan techniczny pojazd\u00f3w i emisj\u0119 spalin do atmosfery. Policyjna akcja ukierunkowana b\u0119dzie na wyeliminowanie z ruchu niesprawnych technicznie samochod\u00f3w, w szczeg\u00f3lno\u015bci tych z nadmiern\u0105 emisj\u0105 spalin. 14 wrze\u015bnia na terenie Gliwic i powiatu od wczesnych godzin rannych policjanci z wydzia\u0142u [&hellip;]<\/p>\n","protected":false},"author":4,"featured_media":104128,"comment_status":"open","ping_status":"closed","sticky":false,"template":"","format":"standard","meta":{"_monsterinsights_skip_tracking":false,"_monsterinsights_sitenote_active":false,"_monsterinsights_sitenote_note":"","_monsterinsights_sitenote_category":0,"footnotes":"","_links_to":"","_links_to_target":""},"categories":[3,1],"tags":[295,8204,10178],"class_list":["post-104125","post","type-post","status-publish","format-standard","has-post-thumbnail","hentry","category-gliwice","category-wszystko","tag-kontrola","tag-smog","tag-spaliny"],"yoast_head":"<!-- This site is optimized with the Yoast SEO plugin v27.5 - https:\/\/yoast.com\/product\/yoast-seo-wordpress\/ -->\n<title>To b\u0119dzie w Gliwicach trudny dzie\u0144 dla w\u0142a\u015bcicieli kopc\u0105cych samochod\u00f3w. &quot;Eliminacja z ruchu&quot; - 24GLIWICE - Portal Gliwice | codziennie nowe informacje<\/title>\n<meta name=\"robots\" content=\"index, follow, max-snippet:-1, max-image-preview:large, max-video-preview:-1\" \/>\n<link rel=\"canonical\" href=\"https:\/\/www.24gliwice.pl\/wiadomosci\/to-bedzie-w-gliwicach-trudny-dzien-dla-wlascicieli-kopcacych-samochodow-eliminacja-z-ruchu\/\" \/>\n<meta property=\"og:locale\" content=\"pl_PL\" \/>\n<meta property=\"og:type\" content=\"article\" \/>\n<meta property=\"og:title\" content=\"To b\u0119dzie w Gliwicach trudny dzie\u0144 dla w\u0142a\u015bcicieli kopc\u0105cych samochod\u00f3w. &quot;Eliminacja z ruchu&quot; - 24GLIWICE - Portal Gliwice | codziennie nowe informacje\" \/>\n<meta property=\"og:description\" content=\"14 wrze\u015bnia gliwicka drog\u00f3wka przeprowadzi dzia\u0142ania pod nazw\u0105 \u201eSmog\u201d. Celem jest zwr\u00f3cenie uwagi na prawid\u0142owy stan techniczny pojazd\u00f3w i emisj\u0119 spalin do atmosfery. Policyjna akcja ukierunkowana b\u0119dzie na wyeliminowanie z ruchu niesprawnych technicznie samochod\u00f3w, w szczeg\u00f3lno\u015bci tych z nadmiern\u0105 emisj\u0105 spalin. 14 wrze\u015bnia na terenie Gliwic i powiatu od wczesnych godzin rannych policjanci z wydzia\u0142u [&hellip;]\" \/>\n<meta property=\"og:url\" content=\"https:\/\/www.24gliwice.pl\/wiadomosci\/to-bedzie-w-gliwicach-trudny-dzien-dla-wlascicieli-kopcacych-samochodow-eliminacja-z-ruchu\/\" \/>\n<meta property=\"og:site_name\" content=\"24GLIWICE - Portal Gliwice | codziennie nowe informacje\" \/>\n<meta property=\"article:publisher\" content=\"https:\/\/www.facebook.com\/24gliwice\" \/>\n<meta property=\"article:author\" content=\"https:\/\/www.facebook.com\/marcin.fabrykowski\" \/>\n<meta property=\"article:published_time\" content=\"2017-09-13T00:10:05+00:00\" \/>\n<meta property=\"og:image\" content=\"https:\/\/www.24gliwice.pl\/wiadomosci\/wp-content\/uploads\/2017\/09\/1-Screenshot_18.jpg\" \/>\n\t<meta property=\"og:image:width\" content=\"958\" \/>\n\t<meta property=\"og:image:height\" content=\"521\" \/>\n\t<meta property=\"og:image:type\" content=\"image\/jpeg\" \/>\n<meta name=\"author\" content=\"Marcin Fabrykowski\" \/>\n<meta name=\"twitter:card\" content=\"summary_large_image\" \/>\n<meta name=\"twitter:creator\" content=\"@24gliwice\" \/>\n<meta name=\"twitter:site\" content=\"@24gliwice\" \/>\n<meta name=\"twitter:label1\" content=\"Napisane przez\" \/>\n\t<meta name=\"twitter:data1\" content=\"Marcin Fabrykowski\" \/>\n\t<meta name=\"twitter:label2\" content=\"Szacowany czas czytania\" \/>\n\t<meta name=\"twitter:data2\" content=\"1 minuta\" \/>\n<script type=\"application\/ld+json\" class=\"yoast-schema-graph\">{\"@context\":\"https:\\\/\\\/schema.org\",\"@graph\":[{\"@type\":\"Article\",\"@id\":\"https:\\\/\\\/www.24gliwice.pl\\\/wiadomosci\\\/to-bedzie-w-gliwicach-trudny-dzien-dla-wlascicieli-kopcacych-samochodow-eliminacja-z-ruchu\\\/#article\",\"isPartOf\":{\"@id\":\"https:\\\/\\\/www.24gliwice.pl\\\/wiadomosci\\\/to-bedzie-w-gliwicach-trudny-dzien-dla-wlascicieli-kopcacych-samochodow-eliminacja-z-ruchu\\\/\"},\"author\":{\"name\":\"Marcin Fabrykowski\",\"@id\":\"https:\\\/\\\/www.24gliwice.pl\\\/wiadomosci\\\/#\\\/schema\\\/person\\\/cb5857e4a4d048c15984c1edcc8ef0c0\"},\"headline\":\"To b\u0119dzie w Gliwicach trudny dzie\u0144 dla w\u0142a\u015bcicieli kopc\u0105cych samochod\u00f3w. &#8220;Eliminacja z ruchu&#8221;\",\"datePublished\":\"2017-09-13T00:10:05+00:00\",\"mainEntityOfPage\":{\"@id\":\"https:\\\/\\\/www.24gliwice.pl\\\/wiadomosci\\\/to-bedzie-w-gliwicach-trudny-dzien-dla-wlascicieli-kopcacych-samochodow-eliminacja-z-ruchu\\\/\"},\"wordCount\":168,\"commentCount\":0,\"publisher\":{\"@id\":\"https:\\\/\\\/www.24gliwice.pl\\\/wiadomosci\\\/#organization\"},\"image\":{\"@id\":\"https:\\\/\\\/www.24gliwice.pl\\\/wiadomosci\\\/to-bedzie-w-gliwicach-trudny-dzien-dla-wlascicieli-kopcacych-samochodow-eliminacja-z-ruchu\\\/#primaryimage\"},\"thumbnailUrl\":\"https:\\\/\\\/www.24gliwice.pl\\\/wiadomosci\\\/wp-content\\\/uploads\\\/2017\\\/09\\\/1-Screenshot_18.jpg\",\"keywords\":[\"kontrola\",\"SMOG\",\"spaliny\"],\"articleSection\":[\"Gliwice\",\"Najnowsze wiadomo\u015bci\"],\"inLanguage\":\"pl-PL\",\"potentialAction\":[{\"@type\":\"CommentAction\",\"name\":\"Comment\",\"target\":[\"https:\\\/\\\/www.24gliwice.pl\\\/wiadomosci\\\/to-bedzie-w-gliwicach-trudny-dzien-dla-wlascicieli-kopcacych-samochodow-eliminacja-z-ruchu\\\/#respond\"]}]},{\"@type\":\"WebPage\",\"@id\":\"https:\\\/\\\/www.24gliwice.pl\\\/wiadomosci\\\/to-bedzie-w-gliwicach-trudny-dzien-dla-wlascicieli-kopcacych-samochodow-eliminacja-z-ruchu\\\/\",\"url\":\"https:\\\/\\\/www.24gliwice.pl\\\/wiadomosci\\\/to-bedzie-w-gliwicach-trudny-dzien-dla-wlascicieli-kopcacych-samochodow-eliminacja-z-ruchu\\\/\",\"name\":\"To b\u0119dzie w Gliwicach trudny dzie\u0144 dla w\u0142a\u015bcicieli kopc\u0105cych samochod\u00f3w. \\\"Eliminacja z ruchu\\\" - 24GLIWICE - Portal Gliwice | codziennie nowe informacje\",\"isPartOf\":{\"@id\":\"https:\\\/\\\/www.24gliwice.pl\\\/wiadomosci\\\/#website\"},\"primaryImageOfPage\":{\"@id\":\"https:\\\/\\\/www.24gliwice.pl\\\/wiadomosci\\\/to-bedzie-w-gliwicach-trudny-dzien-dla-wlascicieli-kopcacych-samochodow-eliminacja-z-ruchu\\\/#primaryimage\"},\"image\":{\"@id\":\"https:\\\/\\\/www.24gliwice.pl\\\/wiadomosci\\\/to-bedzie-w-gliwicach-trudny-dzien-dla-wlascicieli-kopcacych-samochodow-eliminacja-z-ruchu\\\/#primaryimage\"},\"thumbnailUrl\":\"https:\\\/\\\/www.24gliwice.pl\\\/wiadomosci\\\/wp-content\\\/uploads\\\/2017\\\/09\\\/1-Screenshot_18.jpg\",\"datePublished\":\"2017-09-13T00:10:05+00:00\",\"breadcrumb\":{\"@id\":\"https:\\\/\\\/www.24gliwice.pl\\\/wiadomosci\\\/to-bedzie-w-gliwicach-trudny-dzien-dla-wlascicieli-kopcacych-samochodow-eliminacja-z-ruchu\\\/#breadcrumb\"},\"inLanguage\":\"pl-PL\",\"potentialAction\":[{\"@type\":\"ReadAction\",\"target\":[\"https:\\\/\\\/www.24gliwice.pl\\\/wiadomosci\\\/to-bedzie-w-gliwicach-trudny-dzien-dla-wlascicieli-kopcacych-samochodow-eliminacja-z-ruchu\\\/\"]}]},{\"@type\":\"ImageObject\",\"inLanguage\":\"pl-PL\",\"@id\":\"https:\\\/\\\/www.24gliwice.pl\\\/wiadomosci\\\/to-bedzie-w-gliwicach-trudny-dzien-dla-wlascicieli-kopcacych-samochodow-eliminacja-z-ruchu\\\/#primaryimage\",\"url\":\"https:\\\/\\\/www.24gliwice.pl\\\/wiadomosci\\\/wp-content\\\/uploads\\\/2017\\\/09\\\/1-Screenshot_18.jpg\",\"contentUrl\":\"https:\\\/\\\/www.24gliwice.pl\\\/wiadomosci\\\/wp-content\\\/uploads\\\/2017\\\/09\\\/1-Screenshot_18.jpg\",\"width\":958,\"height\":521},{\"@type\":\"BreadcrumbList\",\"@id\":\"https:\\\/\\\/www.24gliwice.pl\\\/wiadomosci\\\/to-bedzie-w-gliwicach-trudny-dzien-dla-wlascicieli-kopcacych-samochodow-eliminacja-z-ruchu\\\/#breadcrumb\",\"itemListElement\":[{\"@type\":\"ListItem\",\"position\":1,\"name\":\"Strona g\u0142\u00f3wna\",\"item\":\"https:\\\/\\\/www.24gliwice.pl\\\/wiadomosci\\\/\"},{\"@type\":\"ListItem\",\"position\":2,\"name\":\"To b\u0119dzie w Gliwicach trudny dzie\u0144 dla w\u0142a\u015bcicieli kopc\u0105cych samochod\u00f3w. &#8222;Eliminacja z ruchu&#8221;\"}]},{\"@type\":\"WebSite\",\"@id\":\"https:\\\/\\\/www.24gliwice.pl\\\/wiadomosci\\\/#website\",\"url\":\"https:\\\/\\\/www.24gliwice.pl\\\/wiadomosci\\\/\",\"name\":\"24GLIWICE - Portal Gliwice | codziennie nowe wiadomo\u015bci\",\"description\":\"Portal Miejski Gliwice\",\"publisher\":{\"@id\":\"https:\\\/\\\/www.24gliwice.pl\\\/wiadomosci\\\/#organization\"},\"potentialAction\":[{\"@type\":\"SearchAction\",\"target\":{\"@type\":\"EntryPoint\",\"urlTemplate\":\"https:\\\/\\\/www.24gliwice.pl\\\/wiadomosci\\\/?s={search_term_string}\"},\"query-input\":{\"@type\":\"PropertyValueSpecification\",\"valueRequired\":true,\"valueName\":\"search_term_string\"}}],\"inLanguage\":\"pl-PL\"},{\"@type\":\"Organization\",\"@id\":\"https:\\\/\\\/www.24gliwice.pl\\\/wiadomosci\\\/#organization\",\"name\":\"24gliwice\",\"url\":\"https:\\\/\\\/www.24gliwice.pl\\\/wiadomosci\\\/\",\"logo\":{\"@type\":\"ImageObject\",\"inLanguage\":\"pl-PL\",\"@id\":\"https:\\\/\\\/www.24gliwice.pl\\\/wiadomosci\\\/#\\\/schema\\\/logo\\\/image\\\/\",\"url\":\"https:\\\/\\\/www.24gliwice.pl\\\/wiadomosci\\\/wp-content\\\/uploads\\\/2024\\\/10\\\/24gliwice-logo-696.jpg\",\"contentUrl\":\"https:\\\/\\\/www.24gliwice.pl\\\/wiadomosci\\\/wp-content\\\/uploads\\\/2024\\\/10\\\/24gliwice-logo-696.jpg\",\"width\":696,\"height\":696,\"caption\":\"24gliwice\"},\"image\":{\"@id\":\"https:\\\/\\\/www.24gliwice.pl\\\/wiadomosci\\\/#\\\/schema\\\/logo\\\/image\\\/\"},\"sameAs\":[\"https:\\\/\\\/www.facebook.com\\\/24gliwice\",\"https:\\\/\\\/x.com\\\/24gliwice\",\"https:\\\/\\\/www.youtube.com\\\/@24gliwice\"]},{\"@type\":\"Person\",\"@id\":\"https:\\\/\\\/www.24gliwice.pl\\\/wiadomosci\\\/#\\\/schema\\\/person\\\/cb5857e4a4d048c15984c1edcc8ef0c0\",\"name\":\"Marcin Fabrykowski\",\"image\":{\"@type\":\"ImageObject\",\"inLanguage\":\"pl-PL\",\"@id\":\"https:\\\/\\\/www.24gliwice.pl\\\/wiadomosci\\\/wp-content\\\/uploads\\\/2025\\\/11\\\/zdjecie-moje-marcin-300-96x96.jpg\",\"url\":\"https:\\\/\\\/www.24gliwice.pl\\\/wiadomosci\\\/wp-content\\\/uploads\\\/2025\\\/11\\\/zdjecie-moje-marcin-300-96x96.jpg\",\"contentUrl\":\"https:\\\/\\\/www.24gliwice.pl\\\/wiadomosci\\\/wp-content\\\/uploads\\\/2025\\\/11\\\/zdjecie-moje-marcin-300-96x96.jpg\",\"caption\":\"Marcin Fabrykowski\"},\"sameAs\":[\"http:\\\/\\\/24gliwice.pl\",\"https:\\\/\\\/www.facebook.com\\\/marcin.fabrykowski\"],\"url\":\"https:\\\/\\\/www.24gliwice.pl\\\/wiadomosci\\\/author\\\/marcin-fabrykowski\\\/\"}]}<\/script>\n<!-- \/ Yoast SEO plugin. -->","yoast_head_json":{"title":"To b\u0119dzie w Gliwicach trudny dzie\u0144 dla w\u0142a\u015bcicieli kopc\u0105cych samochod\u00f3w. \"Eliminacja z ruchu\" - 24GLIWICE - Portal Gliwice | codziennie nowe informacje","robots":{"index":"index","follow":"follow","max-snippet":"max-snippet:-1","max-image-preview":"max-image-preview:large","max-video-preview":"max-video-preview:-1"},"canonical":"https:\/\/www.24gliwice.pl\/wiadomosci\/to-bedzie-w-gliwicach-trudny-dzien-dla-wlascicieli-kopcacych-samochodow-eliminacja-z-ruchu\/","og_locale":"pl_PL","og_type":"article","og_title":"To b\u0119dzie w Gliwicach trudny dzie\u0144 dla w\u0142a\u015bcicieli kopc\u0105cych samochod\u00f3w. \"Eliminacja z ruchu\" - 24GLIWICE - Portal Gliwice | codziennie nowe informacje","og_description":"14 wrze\u015bnia gliwicka drog\u00f3wka przeprowadzi dzia\u0142ania pod nazw\u0105 \u201eSmog\u201d. Celem jest zwr\u00f3cenie uwagi na prawid\u0142owy stan techniczny pojazd\u00f3w i emisj\u0119 spalin do atmosfery. Policyjna akcja ukierunkowana b\u0119dzie na wyeliminowanie z ruchu niesprawnych technicznie samochod\u00f3w, w szczeg\u00f3lno\u015bci tych z nadmiern\u0105 emisj\u0105 spalin. 14 wrze\u015bnia na terenie Gliwic i powiatu od wczesnych godzin rannych policjanci z wydzia\u0142u [&hellip;]","og_url":"https:\/\/www.24gliwice.pl\/wiadomosci\/to-bedzie-w-gliwicach-trudny-dzien-dla-wlascicieli-kopcacych-samochodow-eliminacja-z-ruchu\/","og_site_name":"24GLIWICE - Portal Gliwice | codziennie nowe informacje","article_publisher":"https:\/\/www.facebook.com\/24gliwice","article_author":"https:\/\/www.facebook.com\/marcin.fabrykowski","article_published_time":"2017-09-13T00:10:05+00:00","og_image":[{"width":958,"height":521,"url":"https:\/\/www.24gliwice.pl\/wiadomosci\/wp-content\/uploads\/2017\/09\/1-Screenshot_18.jpg","type":"image\/jpeg"}],"author":"Marcin Fabrykowski","twitter_card":"summary_large_image","twitter_creator":"@24gliwice","twitter_site":"@24gliwice","twitter_misc":{"Napisane przez":"Marcin Fabrykowski","Szacowany czas czytania":"1 minuta"},"schema":{"@context":"https:\/\/schema.org","@graph":[{"@type":"Article","@id":"https:\/\/www.24gliwice.pl\/wiadomosci\/to-bedzie-w-gliwicach-trudny-dzien-dla-wlascicieli-kopcacych-samochodow-eliminacja-z-ruchu\/#article","isPartOf":{"@id":"https:\/\/www.24gliwice.pl\/wiadomosci\/to-bedzie-w-gliwicach-trudny-dzien-dla-wlascicieli-kopcacych-samochodow-eliminacja-z-ruchu\/"},"author":{"name":"Marcin Fabrykowski","@id":"https:\/\/www.24gliwice.pl\/wiadomosci\/#\/schema\/person\/cb5857e4a4d048c15984c1edcc8ef0c0"},"headline":"To b\u0119dzie w Gliwicach trudny dzie\u0144 dla w\u0142a\u015bcicieli kopc\u0105cych samochod\u00f3w. &#8220;Eliminacja z ruchu&#8221;","datePublished":"2017-09-13T00:10:05+00:00","mainEntityOfPage":{"@id":"https:\/\/www.24gliwice.pl\/wiadomosci\/to-bedzie-w-gliwicach-trudny-dzien-dla-wlascicieli-kopcacych-samochodow-eliminacja-z-ruchu\/"},"wordCount":168,"commentCount":0,"publisher":{"@id":"https:\/\/www.24gliwice.pl\/wiadomosci\/#organization"},"image":{"@id":"https:\/\/www.24gliwice.pl\/wiadomosci\/to-bedzie-w-gliwicach-trudny-dzien-dla-wlascicieli-kopcacych-samochodow-eliminacja-z-ruchu\/#primaryimage"},"thumbnailUrl":"https:\/\/www.24gliwice.pl\/wiadomosci\/wp-content\/uploads\/2017\/09\/1-Screenshot_18.jpg","keywords":["kontrola","SMOG","spaliny"],"articleSection":["Gliwice","Najnowsze wiadomo\u015bci"],"inLanguage":"pl-PL","potentialAction":[{"@type":"CommentAction","name":"Comment","target":["https:\/\/www.24gliwice.pl\/wiadomosci\/to-bedzie-w-gliwicach-trudny-dzien-dla-wlascicieli-kopcacych-samochodow-eliminacja-z-ruchu\/#respond"]}]},{"@type":"WebPage","@id":"https:\/\/www.24gliwice.pl\/wiadomosci\/to-bedzie-w-gliwicach-trudny-dzien-dla-wlascicieli-kopcacych-samochodow-eliminacja-z-ruchu\/","url":"https:\/\/www.24gliwice.pl\/wiadomosci\/to-bedzie-w-gliwicach-trudny-dzien-dla-wlascicieli-kopcacych-samochodow-eliminacja-z-ruchu\/","name":"To b\u0119dzie w Gliwicach trudny dzie\u0144 dla w\u0142a\u015bcicieli kopc\u0105cych samochod\u00f3w. \"Eliminacja z ruchu\" - 24GLIWICE - Portal Gliwice | codziennie nowe informacje","isPartOf":{"@id":"https:\/\/www.24gliwice.pl\/wiadomosci\/#website"},"primaryImageOfPage":{"@id":"https:\/\/www.24gliwice.pl\/wiadomosci\/to-bedzie-w-gliwicach-trudny-dzien-dla-wlascicieli-kopcacych-samochodow-eliminacja-z-ruchu\/#primaryimage"},"image":{"@id":"https:\/\/www.24gliwice.pl\/wiadomosci\/to-bedzie-w-gliwicach-trudny-dzien-dla-wlascicieli-kopcacych-samochodow-eliminacja-z-ruchu\/#primaryimage"},"thumbnailUrl":"https:\/\/www.24gliwice.pl\/wiadomosci\/wp-content\/uploads\/2017\/09\/1-Screenshot_18.jpg","datePublished":"2017-09-13T00:10:05+00:00","breadcrumb":{"@id":"https:\/\/www.24gliwice.pl\/wiadomosci\/to-bedzie-w-gliwicach-trudny-dzien-dla-wlascicieli-kopcacych-samochodow-eliminacja-z-ruchu\/#breadcrumb"},"inLanguage":"pl-PL","potentialAction":[{"@type":"ReadAction","target":["https:\/\/www.24gliwice.pl\/wiadomosci\/to-bedzie-w-gliwicach-trudny-dzien-dla-wlascicieli-kopcacych-samochodow-eliminacja-z-ruchu\/"]}]},{"@type":"ImageObject","inLanguage":"pl-PL","@id":"https:\/\/www.24gliwice.pl\/wiadomosci\/to-bedzie-w-gliwicach-trudny-dzien-dla-wlascicieli-kopcacych-samochodow-eliminacja-z-ruchu\/#primaryimage","url":"https:\/\/www.24gliwice.pl\/wiadomosci\/wp-content\/uploads\/2017\/09\/1-Screenshot_18.jpg","contentUrl":"https:\/\/www.24gliwice.pl\/wiadomosci\/wp-content\/uploads\/2017\/09\/1-Screenshot_18.jpg","width":958,"height":521},{"@type":"BreadcrumbList","@id":"https:\/\/www.24gliwice.pl\/wiadomosci\/to-bedzie-w-gliwicach-trudny-dzien-dla-wlascicieli-kopcacych-samochodow-eliminacja-z-ruchu\/#breadcrumb","itemListElement":[{"@type":"ListItem","position":1,"name":"Strona g\u0142\u00f3wna","item":"https:\/\/www.24gliwice.pl\/wiadomosci\/"},{"@type":"ListItem","position":2,"name":"To b\u0119dzie w Gliwicach trudny dzie\u0144 dla w\u0142a\u015bcicieli kopc\u0105cych samochod\u00f3w. &#8222;Eliminacja z ruchu&#8221;"}]},{"@type":"WebSite","@id":"https:\/\/www.24gliwice.pl\/wiadomosci\/#website","url":"https:\/\/www.24gliwice.pl\/wiadomosci\/","name":"24GLIWICE - Portal Gliwice | codziennie nowe wiadomo\u015bci","description":"Portal Miejski Gliwice","publisher":{"@id":"https:\/\/www.24gliwice.pl\/wiadomosci\/#organization"},"potentialAction":[{"@type":"SearchAction","target":{"@type":"EntryPoint","urlTemplate":"https:\/\/www.24gliwice.pl\/wiadomosci\/?s={search_term_string}"},"query-input":{"@type":"PropertyValueSpecification","valueRequired":true,"valueName":"search_term_string"}}],"inLanguage":"pl-PL"},{"@type":"Organization","@id":"https:\/\/www.24gliwice.pl\/wiadomosci\/#organization","name":"24gliwice","url":"https:\/\/www.24gliwice.pl\/wiadomosci\/","logo":{"@type":"ImageObject","inLanguage":"pl-PL","@id":"https:\/\/www.24gliwice.pl\/wiadomosci\/#\/schema\/logo\/image\/","url":"https:\/\/www.24gliwice.pl\/wiadomosci\/wp-content\/uploads\/2024\/10\/24gliwice-logo-696.jpg","contentUrl":"https:\/\/www.24gliwice.pl\/wiadomosci\/wp-content\/uploads\/2024\/10\/24gliwice-logo-696.jpg","width":696,"height":696,"caption":"24gliwice"},"image":{"@id":"https:\/\/www.24gliwice.pl\/wiadomosci\/#\/schema\/logo\/image\/"},"sameAs":["https:\/\/www.facebook.com\/24gliwice","https:\/\/x.com\/24gliwice","https:\/\/www.youtube.com\/@24gliwice"]},{"@type":"Person","@id":"https:\/\/www.24gliwice.pl\/wiadomosci\/#\/schema\/person\/cb5857e4a4d048c15984c1edcc8ef0c0","name":"Marcin Fabrykowski","image":{"@type":"ImageObject","inLanguage":"pl-PL","@id":"https:\/\/www.24gliwice.pl\/wiadomosci\/wp-content\/uploads\/2025\/11\/zdjecie-moje-marcin-300-96x96.jpg","url":"https:\/\/www.24gliwice.pl\/wiadomosci\/wp-content\/uploads\/2025\/11\/zdjecie-moje-marcin-300-96x96.jpg","contentUrl":"https:\/\/www.24gliwice.pl\/wiadomosci\/wp-content\/uploads\/2025\/11\/zdjecie-moje-marcin-300-96x96.jpg","caption":"Marcin Fabrykowski"},"sameAs":["http:\/\/24gliwice.pl","https:\/\/www.facebook.com\/marcin.fabrykowski"],"url":"https:\/\/www.24gliwice.pl\/wiadomosci\/author\/marcin-fabrykowski\/"}]}},"_links":{"self":[{"href":"https:\/\/www.24gliwice.pl\/wiadomosci\/wp-json\/wp\/v2\/posts\/104125","targetHints":{"allow":["GET"]}}],"collection":[{"href":"https:\/\/www.24gliwice.pl\/wiadomosci\/wp-json\/wp\/v2\/posts"}],"about":[{"href":"https:\/\/www.24gliwice.pl\/wiadomosci\/wp-json\/wp\/v2\/types\/post"}],"author":[{"embeddable":true,"href":"https:\/\/www.24gliwice.pl\/wiadomosci\/wp-json\/wp\/v2\/users\/4"}],"replies":[{"embeddable":true,"href":"https:\/\/www.24gliwice.pl\/wiadomosci\/wp-json\/wp\/v2\/comments?post=104125"}],"version-history":[{"count":0,"href":"https:\/\/www.24gliwice.pl\/wiadomosci\/wp-json\/wp\/v2\/posts\/104125\/revisions"}],"wp:featuredmedia":[{"embeddable":true,"href":"https:\/\/www.24gliwice.pl\/wiadomosci\/wp-json\/wp\/v2\/media\/104128"}],"wp:attachment":[{"href":"https:\/\/www.24gliwice.pl\/wiadomosci\/wp-json\/wp\/v2\/media?parent=104125"}],"wp:term":[{"taxonomy":"category","embeddable":true,"href":"https:\/\/www.24gliwice.pl\/wiadomosci\/wp-json\/wp\/v2\/categories?post=104125"},{"taxonomy":"post_tag","embeddable":true,"href":"https:\/\/www.24gliwice.pl\/wiadomosci\/wp-json\/wp\/v2\/tags?post=104125"}],"curies":[{"name":"wp","href":"https:\/\/api.w.org\/{rel}","templated":true}]}}