{"id":104163,"date":"2017-09-14T12:56:18","date_gmt":"2017-09-14T10:56:18","guid":{"rendered":"http:\/\/www.24gliwice.pl\/wiadomosci\/?p=104163"},"modified":"2017-09-14T12:56:18","modified_gmt":"2017-09-14T10:56:18","slug":"uwaga-na-utrudnienia-remont-skrzyzowania-ulic-toszeckiej-i-uszczyka-wkracza-w-kolejna-faze","status":"publish","type":"post","link":"https:\/\/www.24gliwice.pl\/wiadomosci\/uwaga-na-utrudnienia-remont-skrzyzowania-ulic-toszeckiej-i-uszczyka-wkracza-w-kolejna-faze\/","title":{"rendered":"Uwaga na utrudnienia. Remont skrzy\u017cowania ulic Toszeckiej i Uszczyka wkracza w kolejn\u0105 faz\u0119"},"content":{"rendered":"<div class=\"gliwi-a6-nad-leadem-artykulow gliwi-entity-placement\" id=\"gliwi-3176174689\"><div class=\"gliwi-adlabel\"><span style=\"font-size: 9px\">REKLAMA<\/span><\/div><div id=\"gliwi-1024694584\" style=\"margin-bottom: 25px;margin-left: auto;margin-right: auto;text-align: center;\"><a data-no-instant=\"1\" href=\"https:\/\/dom100.eu\/\" rel=\"noopener\" class=\"a2t-link\" target=\"_blank\" aria-label=\"20260415 DOM100 D\"><img loading=\"lazy\" decoding=\"async\" src=\"https:\/\/www.24gliwice.pl\/wiadomosci\/wp-content\/uploads\/2026\/04\/20260415-DOM100-D.jpg\" alt=\"\"  srcset=\"https:\/\/www.24gliwice.pl\/wiadomosci\/wp-content\/uploads\/2026\/04\/20260415-DOM100-D.jpg 750w, https:\/\/www.24gliwice.pl\/wiadomosci\/wp-content\/uploads\/2026\/04\/20260415-DOM100-D-410x109.jpg 410w\" sizes=\"(max-width: 750px) 100vw, 750px\" class=\"no-lazyload\" width=\"750\" height=\"200\"  style=\"display: inline-block; max-width: 100%; height: auto;\" \/><\/a><\/div><\/div><h3>Ulica Toszecka to wa\u017cna arteria komunikacyjna, kt\u00f3r\u0105 mieszka\u0144cy os. Kopernika i \u0141ab\u0119d, a tak\u017ce s\u0105siednich Pyskowic i innych miejscowo\u015bci, doje\u017cd\u017caj\u0105 do Gliwic. Ruch w godzinach szczytu jest spory. <\/h3>\n<p>Jak informuje Zarz\u0105d Dr\u00f3g Miejskich od poniedzia\u0142ku 18 wrze\u015bnia od godziny 7:00 planowane jest wprowadzenie kolejnego etapu czasowej organizacji ruch na skrzy\u017cowaniu ul. Toszeckiej, Uszczyka i Floria\u0144skiej.<\/p>\n<p>W ramach organizacji ruchu zaplanowano zw\u0119\u017cenie jednostronne ul. Toszeckiej od strony ul. Uszczyka oraz zamkni\u0119cie odcink\u00f3w ul. Uszczyka, Floria\u0144skiej i Patrolowej wraz z wlotami na ul. Toszeck\u0105. Objazd od ul. Uszczyka zostanie poprowadzony ulicami: Nad Torami, Kasztanow\u0105 i Jana \u015aliwki. Objazd do ul. Floria\u0144skiej i Patrolowej zostanie poprowadzony ulicami: Toszeck\u0105, Orl\u0105t \u015al\u0105skich i Sztabu Powsta\u0144czego. <\/p><div class=\"gliwi-a3-w-tresci-artykulow gliwi-entity-placement\" id=\"gliwi-1333113442\"><div class=\"gliwi-adlabel\"><span style=\"font-size: 9px\">REKLAMA<\/span><\/div><div id=\"gliwi-1795525715\" style=\"margin-bottom: 30px;margin-left: auto;margin-right: auto;text-align: center;\"><a data-no-instant=\"1\" href=\"https:\/\/ogrodyandersa.pl\/\" rel=\"noopener\" class=\"a2t-link\" target=\"_blank\" aria-label=\"20260415 Ogrody Andersa KUP TERAZ D\"><img loading=\"lazy\" decoding=\"async\" src=\"https:\/\/www.24gliwice.pl\/wiadomosci\/wp-content\/uploads\/2026\/04\/20260415-Ogrody-Andersa-KUP-TERAZ-D.jpg\" alt=\"\"  srcset=\"https:\/\/www.24gliwice.pl\/wiadomosci\/wp-content\/uploads\/2026\/04\/20260415-Ogrody-Andersa-KUP-TERAZ-D.jpg 750w, https:\/\/www.24gliwice.pl\/wiadomosci\/wp-content\/uploads\/2026\/04\/20260415-Ogrody-Andersa-KUP-TERAZ-D-410x109.jpg 410w\" sizes=\"(max-width: 750px) 100vw, 750px\" class=\"no-lazyload\" width=\"750\" height=\"200\"  style=\"display: inline-block; max-width: 100%; height: auto;\" \/><\/a><\/div><\/div>\n<p>Drogowcy prosz\u0105 o zwracanie uwagi na wprowadzone oznakowanie tymczasowe.<\/p>\n<p><iframe loading=\"lazy\" src=\"https:\/\/www.google.com\/maps\/embed?pb=!1m0!4v1505301148652!6m8!1m7!1s7vhiTpVG_SaZ4cNgeqBeJw!2m2!1d50.31110524905279!2d18.66924949947068!3f172.64330482407!4f-6.434449568433607!5f0.7820865974627469\" width=\"810\" height=\"455\" frameborder=\"0\" style=\"border:0\" allowfullscreen><\/iframe><\/p>\n<div class=\"gliwi-a5-na-koncu-artykulow gliwi-entity-placement\" id=\"gliwi-3911064842\"><div class=\"gliwi-adlabel\"><span style=\"font-size: 9px\">REKLAMA<\/span><\/div><div id=\"gliwi-1623947698\" style=\"margin-left: auto;margin-right: auto;text-align: center;\"><a data-no-instant=\"1\" href=\"https:\/\/www.jasek.pl\/\" rel=\"noopener\" class=\"a2t-link\" target=\"_blank\" aria-label=\"20200401-jasek 600\"><img loading=\"lazy\" decoding=\"async\" src=\"https:\/\/www.24gliwice.pl\/wiadomosci\/wp-content\/uploads\/2020\/04\/20200401-jasek-600.jpg\" alt=\"\"  srcset=\"https:\/\/www.24gliwice.pl\/wiadomosci\/wp-content\/uploads\/2020\/04\/20200401-jasek-600.jpg 600w, https:\/\/www.24gliwice.pl\/wiadomosci\/wp-content\/uploads\/2020\/04\/20200401-jasek-600-410x109.jpg 410w\" sizes=\"(max-width: 600px) 100vw, 600px\" class=\"no-lazyload\" width=\"600\" height=\"160\"  style=\"display: inline-block; max-width: 100%; height: auto;\" \/><\/a><\/div><\/div>","protected":false},"excerpt":{"rendered":"<p>Ulica Toszecka to wa\u017cna arteria komunikacyjna, kt\u00f3r\u0105 mieszka\u0144cy os. Kopernika i \u0141ab\u0119d, a tak\u017ce s\u0105siednich Pyskowic i innych miejscowo\u015bci, doje\u017cd\u017caj\u0105 do Gliwic. Ruch w godzinach szczytu jest spory. Jak informuje Zarz\u0105d Dr\u00f3g Miejskich od poniedzia\u0142ku 18 wrze\u015bnia od godziny 7:00 planowane jest wprowadzenie kolejnego etapu czasowej organizacji ruch na skrzy\u017cowaniu ul. Toszeckiej, Uszczyka i Floria\u0144skiej. [&hellip;]<\/p>\n","protected":false},"author":15,"featured_media":99122,"comment_status":"open","ping_status":"closed","sticky":false,"template":"","format":"standard","meta":{"_monsterinsights_skip_tracking":false,"_monsterinsights_sitenote_active":false,"_monsterinsights_sitenote_note":"","_monsterinsights_sitenote_category":0,"footnotes":"","_links_to":"","_links_to_target":""},"categories":[3,1],"tags":[9857,9864,3297,474,9856,8440,9020],"class_list":["post-104163","post","type-post","status-publish","format-standard","has-post-thumbnail","hentry","category-gliwice","category-wszystko","tag-florianska","tag-remont-skrzyzowania","tag-skrzyzowanie","tag-toszecka","tag-uszczyka","tag-utrudnienia-ruchu","tag-zwezenie-jezdni"],"yoast_head":"<!-- This site is optimized with the Yoast SEO plugin v27.5 - https:\/\/yoast.com\/product\/yoast-seo-wordpress\/ -->\n<title>Uwaga na utrudnienia. Remont skrzy\u017cowania ulic Toszeckiej i Uszczyka wkracza w kolejn\u0105 faz\u0119 - 24GLIWICE - Portal Gliwice | codziennie nowe informacje<\/title>\n<meta name=\"robots\" content=\"index, follow, max-snippet:-1, max-image-preview:large, max-video-preview:-1\" \/>\n<link rel=\"canonical\" href=\"https:\/\/www.24gliwice.pl\/wiadomosci\/uwaga-na-utrudnienia-remont-skrzyzowania-ulic-toszeckiej-i-uszczyka-wkracza-w-kolejna-faze\/\" \/>\n<meta property=\"og:locale\" content=\"pl_PL\" \/>\n<meta property=\"og:type\" content=\"article\" \/>\n<meta property=\"og:title\" content=\"Uwaga na utrudnienia. Remont skrzy\u017cowania ulic Toszeckiej i Uszczyka wkracza w kolejn\u0105 faz\u0119 - 24GLIWICE - Portal Gliwice | codziennie nowe informacje\" \/>\n<meta property=\"og:description\" content=\"Ulica Toszecka to wa\u017cna arteria komunikacyjna, kt\u00f3r\u0105 mieszka\u0144cy os. Kopernika i \u0141ab\u0119d, a tak\u017ce s\u0105siednich Pyskowic i innych miejscowo\u015bci, doje\u017cd\u017caj\u0105 do Gliwic. Ruch w godzinach szczytu jest spory. Jak informuje Zarz\u0105d Dr\u00f3g Miejskich od poniedzia\u0142ku 18 wrze\u015bnia od godziny 7:00 planowane jest wprowadzenie kolejnego etapu czasowej organizacji ruch na skrzy\u017cowaniu ul. Toszeckiej, Uszczyka i Floria\u0144skiej. [&hellip;]\" \/>\n<meta property=\"og:url\" content=\"https:\/\/www.24gliwice.pl\/wiadomosci\/uwaga-na-utrudnienia-remont-skrzyzowania-ulic-toszeckiej-i-uszczyka-wkracza-w-kolejna-faze\/\" \/>\n<meta property=\"og:site_name\" content=\"24GLIWICE - Portal Gliwice | codziennie nowe informacje\" \/>\n<meta property=\"article:publisher\" content=\"https:\/\/www.facebook.com\/24gliwice\" \/>\n<meta property=\"article:published_time\" content=\"2017-09-14T10:56:18+00:00\" \/>\n<meta property=\"og:image\" content=\"https:\/\/www.24gliwice.pl\/wiadomosci\/wp-content\/uploads\/2017\/05\/widok-z-do\u0142u.jpg\" \/>\n\t<meta property=\"og:image:width\" content=\"810\" \/>\n\t<meta property=\"og:image:height\" content=\"456\" \/>\n\t<meta property=\"og:image:type\" content=\"image\/jpeg\" \/>\n<meta name=\"author\" content=\"\u017baneta Mrozek-Siewierska\" \/>\n<meta name=\"twitter:card\" content=\"summary_large_image\" \/>\n<meta name=\"twitter:creator\" content=\"@24gliwice\" \/>\n<meta name=\"twitter:site\" content=\"@24gliwice\" \/>\n<meta name=\"twitter:label1\" content=\"Napisane przez\" \/>\n\t<meta name=\"twitter:data1\" content=\"\u017baneta Mrozek-Siewierska\" \/>\n\t<meta name=\"twitter:label2\" content=\"Szacowany czas czytania\" \/>\n\t<meta name=\"twitter:data2\" content=\"1 minuta\" \/>\n<script type=\"application\/ld+json\" class=\"yoast-schema-graph\">{\"@context\":\"https:\\\/\\\/schema.org\",\"@graph\":[{\"@type\":\"Article\",\"@id\":\"https:\\\/\\\/www.24gliwice.pl\\\/wiadomosci\\\/uwaga-na-utrudnienia-remont-skrzyzowania-ulic-toszeckiej-i-uszczyka-wkracza-w-kolejna-faze\\\/#article\",\"isPartOf\":{\"@id\":\"https:\\\/\\\/www.24gliwice.pl\\\/wiadomosci\\\/uwaga-na-utrudnienia-remont-skrzyzowania-ulic-toszeckiej-i-uszczyka-wkracza-w-kolejna-faze\\\/\"},\"author\":{\"name\":\"\u017baneta Mrozek-Siewierska\",\"@id\":\"https:\\\/\\\/www.24gliwice.pl\\\/wiadomosci\\\/#\\\/schema\\\/person\\\/e42c650edd7f2fa332be3811fb166b6e\"},\"headline\":\"Uwaga na utrudnienia. Remont skrzy\u017cowania ulic Toszeckiej i Uszczyka wkracza w kolejn\u0105 faz\u0119\",\"datePublished\":\"2017-09-14T10:56:18+00:00\",\"mainEntityOfPage\":{\"@id\":\"https:\\\/\\\/www.24gliwice.pl\\\/wiadomosci\\\/uwaga-na-utrudnienia-remont-skrzyzowania-ulic-toszeckiej-i-uszczyka-wkracza-w-kolejna-faze\\\/\"},\"wordCount\":154,\"commentCount\":0,\"publisher\":{\"@id\":\"https:\\\/\\\/www.24gliwice.pl\\\/wiadomosci\\\/#organization\"},\"image\":{\"@id\":\"https:\\\/\\\/www.24gliwice.pl\\\/wiadomosci\\\/uwaga-na-utrudnienia-remont-skrzyzowania-ulic-toszeckiej-i-uszczyka-wkracza-w-kolejna-faze\\\/#primaryimage\"},\"thumbnailUrl\":\"https:\\\/\\\/www.24gliwice.pl\\\/wiadomosci\\\/wp-content\\\/uploads\\\/2017\\\/05\\\/widok-z-do\u0142u.jpg\",\"keywords\":[\"floria\u0144ska\",\"remont skrzy\u017cowania\",\"SKRZY\u017bOWANIE\",\"TOSZECKA\",\"uszczyka\",\"UTRUDNIENIA RUCHU\",\"zw\u0119\u017cenie jezdni\"],\"articleSection\":[\"Gliwice\",\"Najnowsze wiadomo\u015bci\"],\"inLanguage\":\"pl-PL\",\"potentialAction\":[{\"@type\":\"CommentAction\",\"name\":\"Comment\",\"target\":[\"https:\\\/\\\/www.24gliwice.pl\\\/wiadomosci\\\/uwaga-na-utrudnienia-remont-skrzyzowania-ulic-toszeckiej-i-uszczyka-wkracza-w-kolejna-faze\\\/#respond\"]}]},{\"@type\":\"WebPage\",\"@id\":\"https:\\\/\\\/www.24gliwice.pl\\\/wiadomosci\\\/uwaga-na-utrudnienia-remont-skrzyzowania-ulic-toszeckiej-i-uszczyka-wkracza-w-kolejna-faze\\\/\",\"url\":\"https:\\\/\\\/www.24gliwice.pl\\\/wiadomosci\\\/uwaga-na-utrudnienia-remont-skrzyzowania-ulic-toszeckiej-i-uszczyka-wkracza-w-kolejna-faze\\\/\",\"name\":\"Uwaga na utrudnienia. Remont skrzy\u017cowania ulic Toszeckiej i Uszczyka wkracza w kolejn\u0105 faz\u0119 - 24GLIWICE - Portal Gliwice | codziennie nowe informacje\",\"isPartOf\":{\"@id\":\"https:\\\/\\\/www.24gliwice.pl\\\/wiadomosci\\\/#website\"},\"primaryImageOfPage\":{\"@id\":\"https:\\\/\\\/www.24gliwice.pl\\\/wiadomosci\\\/uwaga-na-utrudnienia-remont-skrzyzowania-ulic-toszeckiej-i-uszczyka-wkracza-w-kolejna-faze\\\/#primaryimage\"},\"image\":{\"@id\":\"https:\\\/\\\/www.24gliwice.pl\\\/wiadomosci\\\/uwaga-na-utrudnienia-remont-skrzyzowania-ulic-toszeckiej-i-uszczyka-wkracza-w-kolejna-faze\\\/#primaryimage\"},\"thumbnailUrl\":\"https:\\\/\\\/www.24gliwice.pl\\\/wiadomosci\\\/wp-content\\\/uploads\\\/2017\\\/05\\\/widok-z-do\u0142u.jpg\",\"datePublished\":\"2017-09-14T10:56:18+00:00\",\"breadcrumb\":{\"@id\":\"https:\\\/\\\/www.24gliwice.pl\\\/wiadomosci\\\/uwaga-na-utrudnienia-remont-skrzyzowania-ulic-toszeckiej-i-uszczyka-wkracza-w-kolejna-faze\\\/#breadcrumb\"},\"inLanguage\":\"pl-PL\",\"potentialAction\":[{\"@type\":\"ReadAction\",\"target\":[\"https:\\\/\\\/www.24gliwice.pl\\\/wiadomosci\\\/uwaga-na-utrudnienia-remont-skrzyzowania-ulic-toszeckiej-i-uszczyka-wkracza-w-kolejna-faze\\\/\"]}]},{\"@type\":\"ImageObject\",\"inLanguage\":\"pl-PL\",\"@id\":\"https:\\\/\\\/www.24gliwice.pl\\\/wiadomosci\\\/uwaga-na-utrudnienia-remont-skrzyzowania-ulic-toszeckiej-i-uszczyka-wkracza-w-kolejna-faze\\\/#primaryimage\",\"url\":\"https:\\\/\\\/www.24gliwice.pl\\\/wiadomosci\\\/wp-content\\\/uploads\\\/2017\\\/05\\\/widok-z-do\u0142u.jpg\",\"contentUrl\":\"https:\\\/\\\/www.24gliwice.pl\\\/wiadomosci\\\/wp-content\\\/uploads\\\/2017\\\/05\\\/widok-z-do\u0142u.jpg\",\"width\":810,\"height\":456,\"caption\":\"SONY DSC\"},{\"@type\":\"BreadcrumbList\",\"@id\":\"https:\\\/\\\/www.24gliwice.pl\\\/wiadomosci\\\/uwaga-na-utrudnienia-remont-skrzyzowania-ulic-toszeckiej-i-uszczyka-wkracza-w-kolejna-faze\\\/#breadcrumb\",\"itemListElement\":[{\"@type\":\"ListItem\",\"position\":1,\"name\":\"Strona g\u0142\u00f3wna\",\"item\":\"https:\\\/\\\/www.24gliwice.pl\\\/wiadomosci\\\/\"},{\"@type\":\"ListItem\",\"position\":2,\"name\":\"Uwaga na utrudnienia. Remont skrzy\u017cowania ulic Toszeckiej i Uszczyka wkracza w kolejn\u0105 faz\u0119\"}]},{\"@type\":\"WebSite\",\"@id\":\"https:\\\/\\\/www.24gliwice.pl\\\/wiadomosci\\\/#website\",\"url\":\"https:\\\/\\\/www.24gliwice.pl\\\/wiadomosci\\\/\",\"name\":\"24GLIWICE - Portal Gliwice | codziennie nowe wiadomo\u015bci\",\"description\":\"Portal Miejski Gliwice\",\"publisher\":{\"@id\":\"https:\\\/\\\/www.24gliwice.pl\\\/wiadomosci\\\/#organization\"},\"potentialAction\":[{\"@type\":\"SearchAction\",\"target\":{\"@type\":\"EntryPoint\",\"urlTemplate\":\"https:\\\/\\\/www.24gliwice.pl\\\/wiadomosci\\\/?s={search_term_string}\"},\"query-input\":{\"@type\":\"PropertyValueSpecification\",\"valueRequired\":true,\"valueName\":\"search_term_string\"}}],\"inLanguage\":\"pl-PL\"},{\"@type\":\"Organization\",\"@id\":\"https:\\\/\\\/www.24gliwice.pl\\\/wiadomosci\\\/#organization\",\"name\":\"24gliwice\",\"url\":\"https:\\\/\\\/www.24gliwice.pl\\\/wiadomosci\\\/\",\"logo\":{\"@type\":\"ImageObject\",\"inLanguage\":\"pl-PL\",\"@id\":\"https:\\\/\\\/www.24gliwice.pl\\\/wiadomosci\\\/#\\\/schema\\\/logo\\\/image\\\/\",\"url\":\"https:\\\/\\\/www.24gliwice.pl\\\/wiadomosci\\\/wp-content\\\/uploads\\\/2024\\\/10\\\/24gliwice-logo-696.jpg\",\"contentUrl\":\"https:\\\/\\\/www.24gliwice.pl\\\/wiadomosci\\\/wp-content\\\/uploads\\\/2024\\\/10\\\/24gliwice-logo-696.jpg\",\"width\":696,\"height\":696,\"caption\":\"24gliwice\"},\"image\":{\"@id\":\"https:\\\/\\\/www.24gliwice.pl\\\/wiadomosci\\\/#\\\/schema\\\/logo\\\/image\\\/\"},\"sameAs\":[\"https:\\\/\\\/www.facebook.com\\\/24gliwice\",\"https:\\\/\\\/x.com\\\/24gliwice\",\"https:\\\/\\\/www.youtube.com\\\/@24gliwice\"]},{\"@type\":\"Person\",\"@id\":\"https:\\\/\\\/www.24gliwice.pl\\\/wiadomosci\\\/#\\\/schema\\\/person\\\/e42c650edd7f2fa332be3811fb166b6e\",\"name\":\"\u017baneta Mrozek-Siewierska\",\"image\":{\"@type\":\"ImageObject\",\"inLanguage\":\"pl-PL\",\"@id\":\"https:\\\/\\\/secure.gravatar.com\\\/avatar\\\/1881429e9c64597c77ad7aef2d0a19be69a3253e57534d16aa15bf3a4d34a0a3?s=96&d=mm&r=g\",\"url\":\"https:\\\/\\\/secure.gravatar.com\\\/avatar\\\/1881429e9c64597c77ad7aef2d0a19be69a3253e57534d16aa15bf3a4d34a0a3?s=96&d=mm&r=g\",\"contentUrl\":\"https:\\\/\\\/secure.gravatar.com\\\/avatar\\\/1881429e9c64597c77ad7aef2d0a19be69a3253e57534d16aa15bf3a4d34a0a3?s=96&d=mm&r=g\",\"caption\":\"\u017baneta Mrozek-Siewierska\"},\"url\":\"https:\\\/\\\/www.24gliwice.pl\\\/wiadomosci\\\/author\\\/zms\\\/\"}]}<\/script>\n<!-- \/ Yoast SEO plugin. -->","yoast_head_json":{"title":"Uwaga na utrudnienia. Remont skrzy\u017cowania ulic Toszeckiej i Uszczyka wkracza w kolejn\u0105 faz\u0119 - 24GLIWICE - Portal Gliwice | codziennie nowe informacje","robots":{"index":"index","follow":"follow","max-snippet":"max-snippet:-1","max-image-preview":"max-image-preview:large","max-video-preview":"max-video-preview:-1"},"canonical":"https:\/\/www.24gliwice.pl\/wiadomosci\/uwaga-na-utrudnienia-remont-skrzyzowania-ulic-toszeckiej-i-uszczyka-wkracza-w-kolejna-faze\/","og_locale":"pl_PL","og_type":"article","og_title":"Uwaga na utrudnienia. Remont skrzy\u017cowania ulic Toszeckiej i Uszczyka wkracza w kolejn\u0105 faz\u0119 - 24GLIWICE - Portal Gliwice | codziennie nowe informacje","og_description":"Ulica Toszecka to wa\u017cna arteria komunikacyjna, kt\u00f3r\u0105 mieszka\u0144cy os. Kopernika i \u0141ab\u0119d, a tak\u017ce s\u0105siednich Pyskowic i innych miejscowo\u015bci, doje\u017cd\u017caj\u0105 do Gliwic. Ruch w godzinach szczytu jest spory. Jak informuje Zarz\u0105d Dr\u00f3g Miejskich od poniedzia\u0142ku 18 wrze\u015bnia od godziny 7:00 planowane jest wprowadzenie kolejnego etapu czasowej organizacji ruch na skrzy\u017cowaniu ul. Toszeckiej, Uszczyka i Floria\u0144skiej. [&hellip;]","og_url":"https:\/\/www.24gliwice.pl\/wiadomosci\/uwaga-na-utrudnienia-remont-skrzyzowania-ulic-toszeckiej-i-uszczyka-wkracza-w-kolejna-faze\/","og_site_name":"24GLIWICE - Portal Gliwice | codziennie nowe informacje","article_publisher":"https:\/\/www.facebook.com\/24gliwice","article_published_time":"2017-09-14T10:56:18+00:00","og_image":[{"width":810,"height":456,"url":"https:\/\/www.24gliwice.pl\/wiadomosci\/wp-content\/uploads\/2017\/05\/widok-z-do\u0142u.jpg","type":"image\/jpeg"}],"author":"\u017baneta Mrozek-Siewierska","twitter_card":"summary_large_image","twitter_creator":"@24gliwice","twitter_site":"@24gliwice","twitter_misc":{"Napisane przez":"\u017baneta Mrozek-Siewierska","Szacowany czas czytania":"1 minuta"},"schema":{"@context":"https:\/\/schema.org","@graph":[{"@type":"Article","@id":"https:\/\/www.24gliwice.pl\/wiadomosci\/uwaga-na-utrudnienia-remont-skrzyzowania-ulic-toszeckiej-i-uszczyka-wkracza-w-kolejna-faze\/#article","isPartOf":{"@id":"https:\/\/www.24gliwice.pl\/wiadomosci\/uwaga-na-utrudnienia-remont-skrzyzowania-ulic-toszeckiej-i-uszczyka-wkracza-w-kolejna-faze\/"},"author":{"name":"\u017baneta Mrozek-Siewierska","@id":"https:\/\/www.24gliwice.pl\/wiadomosci\/#\/schema\/person\/e42c650edd7f2fa332be3811fb166b6e"},"headline":"Uwaga na utrudnienia. Remont skrzy\u017cowania ulic Toszeckiej i Uszczyka wkracza w kolejn\u0105 faz\u0119","datePublished":"2017-09-14T10:56:18+00:00","mainEntityOfPage":{"@id":"https:\/\/www.24gliwice.pl\/wiadomosci\/uwaga-na-utrudnienia-remont-skrzyzowania-ulic-toszeckiej-i-uszczyka-wkracza-w-kolejna-faze\/"},"wordCount":154,"commentCount":0,"publisher":{"@id":"https:\/\/www.24gliwice.pl\/wiadomosci\/#organization"},"image":{"@id":"https:\/\/www.24gliwice.pl\/wiadomosci\/uwaga-na-utrudnienia-remont-skrzyzowania-ulic-toszeckiej-i-uszczyka-wkracza-w-kolejna-faze\/#primaryimage"},"thumbnailUrl":"https:\/\/www.24gliwice.pl\/wiadomosci\/wp-content\/uploads\/2017\/05\/widok-z-do\u0142u.jpg","keywords":["floria\u0144ska","remont skrzy\u017cowania","SKRZY\u017bOWANIE","TOSZECKA","uszczyka","UTRUDNIENIA RUCHU","zw\u0119\u017cenie jezdni"],"articleSection":["Gliwice","Najnowsze wiadomo\u015bci"],"inLanguage":"pl-PL","potentialAction":[{"@type":"CommentAction","name":"Comment","target":["https:\/\/www.24gliwice.pl\/wiadomosci\/uwaga-na-utrudnienia-remont-skrzyzowania-ulic-toszeckiej-i-uszczyka-wkracza-w-kolejna-faze\/#respond"]}]},{"@type":"WebPage","@id":"https:\/\/www.24gliwice.pl\/wiadomosci\/uwaga-na-utrudnienia-remont-skrzyzowania-ulic-toszeckiej-i-uszczyka-wkracza-w-kolejna-faze\/","url":"https:\/\/www.24gliwice.pl\/wiadomosci\/uwaga-na-utrudnienia-remont-skrzyzowania-ulic-toszeckiej-i-uszczyka-wkracza-w-kolejna-faze\/","name":"Uwaga na utrudnienia. Remont skrzy\u017cowania ulic Toszeckiej i Uszczyka wkracza w kolejn\u0105 faz\u0119 - 24GLIWICE - Portal Gliwice | codziennie nowe informacje","isPartOf":{"@id":"https:\/\/www.24gliwice.pl\/wiadomosci\/#website"},"primaryImageOfPage":{"@id":"https:\/\/www.24gliwice.pl\/wiadomosci\/uwaga-na-utrudnienia-remont-skrzyzowania-ulic-toszeckiej-i-uszczyka-wkracza-w-kolejna-faze\/#primaryimage"},"image":{"@id":"https:\/\/www.24gliwice.pl\/wiadomosci\/uwaga-na-utrudnienia-remont-skrzyzowania-ulic-toszeckiej-i-uszczyka-wkracza-w-kolejna-faze\/#primaryimage"},"thumbnailUrl":"https:\/\/www.24gliwice.pl\/wiadomosci\/wp-content\/uploads\/2017\/05\/widok-z-do\u0142u.jpg","datePublished":"2017-09-14T10:56:18+00:00","breadcrumb":{"@id":"https:\/\/www.24gliwice.pl\/wiadomosci\/uwaga-na-utrudnienia-remont-skrzyzowania-ulic-toszeckiej-i-uszczyka-wkracza-w-kolejna-faze\/#breadcrumb"},"inLanguage":"pl-PL","potentialAction":[{"@type":"ReadAction","target":["https:\/\/www.24gliwice.pl\/wiadomosci\/uwaga-na-utrudnienia-remont-skrzyzowania-ulic-toszeckiej-i-uszczyka-wkracza-w-kolejna-faze\/"]}]},{"@type":"ImageObject","inLanguage":"pl-PL","@id":"https:\/\/www.24gliwice.pl\/wiadomosci\/uwaga-na-utrudnienia-remont-skrzyzowania-ulic-toszeckiej-i-uszczyka-wkracza-w-kolejna-faze\/#primaryimage","url":"https:\/\/www.24gliwice.pl\/wiadomosci\/wp-content\/uploads\/2017\/05\/widok-z-do\u0142u.jpg","contentUrl":"https:\/\/www.24gliwice.pl\/wiadomosci\/wp-content\/uploads\/2017\/05\/widok-z-do\u0142u.jpg","width":810,"height":456,"caption":"SONY DSC"},{"@type":"BreadcrumbList","@id":"https:\/\/www.24gliwice.pl\/wiadomosci\/uwaga-na-utrudnienia-remont-skrzyzowania-ulic-toszeckiej-i-uszczyka-wkracza-w-kolejna-faze\/#breadcrumb","itemListElement":[{"@type":"ListItem","position":1,"name":"Strona g\u0142\u00f3wna","item":"https:\/\/www.24gliwice.pl\/wiadomosci\/"},{"@type":"ListItem","position":2,"name":"Uwaga na utrudnienia. Remont skrzy\u017cowania ulic Toszeckiej i Uszczyka wkracza w kolejn\u0105 faz\u0119"}]},{"@type":"WebSite","@id":"https:\/\/www.24gliwice.pl\/wiadomosci\/#website","url":"https:\/\/www.24gliwice.pl\/wiadomosci\/","name":"24GLIWICE - Portal Gliwice | codziennie nowe wiadomo\u015bci","description":"Portal Miejski Gliwice","publisher":{"@id":"https:\/\/www.24gliwice.pl\/wiadomosci\/#organization"},"potentialAction":[{"@type":"SearchAction","target":{"@type":"EntryPoint","urlTemplate":"https:\/\/www.24gliwice.pl\/wiadomosci\/?s={search_term_string}"},"query-input":{"@type":"PropertyValueSpecification","valueRequired":true,"valueName":"search_term_string"}}],"inLanguage":"pl-PL"},{"@type":"Organization","@id":"https:\/\/www.24gliwice.pl\/wiadomosci\/#organization","name":"24gliwice","url":"https:\/\/www.24gliwice.pl\/wiadomosci\/","logo":{"@type":"ImageObject","inLanguage":"pl-PL","@id":"https:\/\/www.24gliwice.pl\/wiadomosci\/#\/schema\/logo\/image\/","url":"https:\/\/www.24gliwice.pl\/wiadomosci\/wp-content\/uploads\/2024\/10\/24gliwice-logo-696.jpg","contentUrl":"https:\/\/www.24gliwice.pl\/wiadomosci\/wp-content\/uploads\/2024\/10\/24gliwice-logo-696.jpg","width":696,"height":696,"caption":"24gliwice"},"image":{"@id":"https:\/\/www.24gliwice.pl\/wiadomosci\/#\/schema\/logo\/image\/"},"sameAs":["https:\/\/www.facebook.com\/24gliwice","https:\/\/x.com\/24gliwice","https:\/\/www.youtube.com\/@24gliwice"]},{"@type":"Person","@id":"https:\/\/www.24gliwice.pl\/wiadomosci\/#\/schema\/person\/e42c650edd7f2fa332be3811fb166b6e","name":"\u017baneta Mrozek-Siewierska","image":{"@type":"ImageObject","inLanguage":"pl-PL","@id":"https:\/\/secure.gravatar.com\/avatar\/1881429e9c64597c77ad7aef2d0a19be69a3253e57534d16aa15bf3a4d34a0a3?s=96&d=mm&r=g","url":"https:\/\/secure.gravatar.com\/avatar\/1881429e9c64597c77ad7aef2d0a19be69a3253e57534d16aa15bf3a4d34a0a3?s=96&d=mm&r=g","contentUrl":"https:\/\/secure.gravatar.com\/avatar\/1881429e9c64597c77ad7aef2d0a19be69a3253e57534d16aa15bf3a4d34a0a3?s=96&d=mm&r=g","caption":"\u017baneta Mrozek-Siewierska"},"url":"https:\/\/www.24gliwice.pl\/wiadomosci\/author\/zms\/"}]}},"_links":{"self":[{"href":"https:\/\/www.24gliwice.pl\/wiadomosci\/wp-json\/wp\/v2\/posts\/104163","targetHints":{"allow":["GET"]}}],"collection":[{"href":"https:\/\/www.24gliwice.pl\/wiadomosci\/wp-json\/wp\/v2\/posts"}],"about":[{"href":"https:\/\/www.24gliwice.pl\/wiadomosci\/wp-json\/wp\/v2\/types\/post"}],"author":[{"embeddable":true,"href":"https:\/\/www.24gliwice.pl\/wiadomosci\/wp-json\/wp\/v2\/users\/15"}],"replies":[{"embeddable":true,"href":"https:\/\/www.24gliwice.pl\/wiadomosci\/wp-json\/wp\/v2\/comments?post=104163"}],"version-history":[{"count":0,"href":"https:\/\/www.24gliwice.pl\/wiadomosci\/wp-json\/wp\/v2\/posts\/104163\/revisions"}],"wp:featuredmedia":[{"embeddable":true,"href":"https:\/\/www.24gliwice.pl\/wiadomosci\/wp-json\/wp\/v2\/media\/99122"}],"wp:attachment":[{"href":"https:\/\/www.24gliwice.pl\/wiadomosci\/wp-json\/wp\/v2\/media?parent=104163"}],"wp:term":[{"taxonomy":"category","embeddable":true,"href":"https:\/\/www.24gliwice.pl\/wiadomosci\/wp-json\/wp\/v2\/categories?post=104163"},{"taxonomy":"post_tag","embeddable":true,"href":"https:\/\/www.24gliwice.pl\/wiadomosci\/wp-json\/wp\/v2\/tags?post=104163"}],"curies":[{"name":"wp","href":"https:\/\/api.w.org\/{rel}","templated":true}]}}