{"id":104223,"date":"2017-09-18T02:28:00","date_gmt":"2017-09-18T00:28:00","guid":{"rendered":"http:\/\/www.24gliwice.pl\/wiadomosci\/?p=104223"},"modified":"2017-09-18T02:28:00","modified_gmt":"2017-09-18T00:28:00","slug":"europejski-dzien-bez-samochodu-przypada-na-piatek-w-planach-jest-tez-kolorowy-happening","status":"publish","type":"post","link":"https:\/\/www.24gliwice.pl\/wiadomosci\/europejski-dzien-bez-samochodu-przypada-na-piatek-w-planach-jest-tez-kolorowy-happening\/","title":{"rendered":"Europejski Dzie\u0144 bez Samochodu przypada na pi\u0105tek. W planach jest te\u017c kolorowy happening"},"content":{"rendered":"<div class=\"gliwi-a6-nad-leadem-artykulow gliwi-entity-placement\" id=\"gliwi-3057423747\"><div class=\"gliwi-adlabel\"><span style=\"font-size: 9px\">REKLAMA<\/span><\/div><div id=\"gliwi-236524862\" style=\"margin-bottom: 30px;margin-left: auto;margin-right: auto;text-align: center;\"><a data-no-instant=\"1\" href=\"https:\/\/przedszkole.halogen.org.pl\/\" rel=\"noopener\" class=\"a2t-link\" target=\"_blank\" aria-label=\"20260402-ANIMATOR-przedszkole_grafika_750x200\"><img loading=\"lazy\" decoding=\"async\" src=\"https:\/\/www.24gliwice.pl\/wiadomosci\/wp-content\/uploads\/2026\/04\/20260402-ANIMATOR-przedszkole_grafika_750x200.webp\" alt=\"\"  srcset=\"https:\/\/www.24gliwice.pl\/wiadomosci\/wp-content\/uploads\/2026\/04\/20260402-ANIMATOR-przedszkole_grafika_750x200.webp 750w, https:\/\/www.24gliwice.pl\/wiadomosci\/wp-content\/uploads\/2026\/04\/20260402-ANIMATOR-przedszkole_grafika_750x200-410x109.webp 410w\" sizes=\"(max-width: 750px) 100vw, 750px\" class=\"no-lazyload\" width=\"750\" height=\"200\"  style=\"display: inline-block; max-width: 100%; height: auto;\" \/><\/a><\/div><\/div><h3>22 wrze\u015bnia przypada Europejski Dzie\u0144 bez Samochodu. Wybieraj\u0105c si\u0119 wtedy do pracy czy szko\u0142y, warto zostawi\u0107 auta w gara\u017cach lub na parkingach, a zamiast tego przespacerowa\u0107 si\u0119, wsi\u0105\u015b\u0107 na rower lub skorzysta\u0107 z autobusu.<\/h3>\n<p>W obchody Europejskiego Dnia bez Samochodu tradycyjnie w\u0142\u0105czy si\u0119 r\u00f3wnie\u017c miejski samorz\u0105d. Co zaplanowano w Gliwicach?<\/p>\n<p>\u2013 22 wrze\u015bnia szykujemy barwny, ekspresyjny happening, do udzia\u0142u w kt\u00f3rym zaprosili\u015bmy wszystkie plac\u00f3wki o\u015bwiatowe \u2013 m\u00f3wi <strong>Dariusz Stanek<\/strong> z Wydzia\u0142u \u015arodowiska Urz\u0119du Miejskiego w Gliwicach. <\/p><div class=\"gliwi-a3-w-tresci-artykulow gliwi-entity-placement\" id=\"gliwi-2391415069\"><div class=\"gliwi-adlabel\"><span style=\"font-size: 9px\">REKLAMA<\/span><\/div><div id=\"gliwi-1157377278\" style=\"margin-bottom: 30px;margin-left: auto;margin-right: auto;text-align: center;\"><a data-no-instant=\"1\" href=\"https:\/\/zlobek.halogen.org.pl\/\" rel=\"noopener\" class=\"a2t-link\" target=\"_blank\" aria-label=\"animator-zlobek_750x200\"><img loading=\"lazy\" decoding=\"async\" src=\"https:\/\/www.24gliwice.pl\/wiadomosci\/wp-content\/uploads\/2026\/02\/animator-zlobek_750x200.webp\" alt=\"\"  srcset=\"https:\/\/www.24gliwice.pl\/wiadomosci\/wp-content\/uploads\/2026\/02\/animator-zlobek_750x200.webp 750w, https:\/\/www.24gliwice.pl\/wiadomosci\/wp-content\/uploads\/2026\/02\/animator-zlobek_750x200-410x109.webp 410w\" sizes=\"(max-width: 750px) 100vw, 750px\" class=\"no-lazyload\" width=\"750\" height=\"200\"  style=\"display: inline-block; max-width: 100%; height: auto;\" \/><\/a><\/div><\/div>\n<p>Korow\u00f3d wystartuje w samo po\u0142udnie z gliwickiego Rynku. Przejdzie ul. Zwyci\u0119stwa do placu Piast\u00f3w, a nast\u0119pnie ul. Dworcow\u0105 z powrotem na star\u00f3wk\u0119. Urz\u0119dnicy zach\u0119caj\u0105 wszystkich zainteresowanych do przy\u0142\u0105czania si\u0119 po drodze. <\/p>\n<blockquote><p>Dzieci i m\u0142odzie\u017c b\u0119d\u0105 rozdawa\u0107 broszury pod has\u0142em \u201eWygra\u0107 ze smogiem \u2013 jak to si\u0119 robi w Gliwicach\u201d. Podobnych akcji spodziewajmy si\u0119 r\u00f3wnie\u017c na poszczeg\u00f3lnych osiedlach <\/p><\/blockquote>\n<p>\u2013 zdradza Dariusz Stanek.<\/p>\n<p>W tym dniu odb\u0119dzie si\u0119 96. Gliwicka Masa Krytyczna pod has\u0142em &#8220;Animal Planet&#8221;. Rowerzy\u015bci wystartuj\u0105 z Placu Krakowskiego i przejad\u0105 ulicami: Wroc\u0142awsk\u0105, Cz\u0119stochowsk\u0105, Jagiello\u0144sk\u0105, Dworcow\u0105, Dolnych Wa\u0142\u00f3w, Zwyci\u0119stwa, Bohater\u00f3w Getta Warszawskiego, Rondo Kaczy\u0144skiego, Bohater\u00f3w Getta Warszawskiego, Zwyci\u0119stwa, Dolnych Wa\u0142\u00f3w, G\u00f3rnych Wa\u0142\u00f3w, Jana Paw\u0142a II, Nowy \u015awiat, Ko\u015bciuszki, Sobieskiego, Jasnog\u00f3rsk\u0105, Powsta\u0144c\u00f3w Warszawy, Prymasa Wyszy\u0144skiego i Ks. Strzody.<\/p>\n<p>&#8211; Nieprzypadkowo 96. GMK odb\u0119dzie si\u0119 22. wrze\u015bnia, bo jest to \u015awiatowy Dzie\u0144 Bez Samochodu &#8211; komentuj\u0105 <strong>organizatorzy<\/strong> przejazdu, <a href=\"https:\/\/www.facebook.com\/gliwickaradarowerowa\/\" target=\"_blank\">Gliwicka Rada Rowerowa<\/a> i <a href=\"https:\/\/www.facebook.com\/gliwickamasa\/\" target=\"_blank\">Gliwicka Masa Krytyczna<\/a>.<\/p>\n<blockquote><p>Z tej okazji chcieliby\u015bmy, aby przejazd by\u0142 wyj\u0105tkowy, wi\u0119c zapraszamy was w przebraniach. Niech wyobra\u017ania was poniesie, a na rowerach na gliwickie ulice wyjedzie ca\u0142a gama przedstawicieli fauny <\/p><\/blockquote>\n<p>&#8211; dodaj\u0105 organizatorzy przejazdu.<\/p>\n<p>Na starcie nie b\u0119dzie selekcji wed\u0142ug stroju, wi\u0119c mo\u017cna ubra\u0107 si\u0119 dowolnie, jednak mile widziane b\u0119d\u0105 przebrania zgodne z tematem przewodnim. Przejazd b\u0119dzie zabezpieczony przez Policj\u0119 i Stra\u017c Miejsk\u0105, a tempo dostosowane do najm\u0142odszych uczestnik\u00f3w.<\/p>\n<p>(\u017cms)\/Biuro Prasowe UM<br \/>\nfot. Gliwicka Masa Krytyczna<\/p>\n<div class=\"gliwi-a5-na-koncu-artykulow gliwi-entity-placement\" id=\"gliwi-1375341346\"><div class=\"gliwi-adlabel\"><span style=\"font-size: 9px\">REKLAMA<\/span><\/div><div id=\"gliwi-1839790483\" style=\"margin-left: auto;margin-right: auto;text-align: center;\"><a data-no-instant=\"1\" href=\"https:\/\/prezeroarenagliwice.pl\/\" rel=\"noopener\" class=\"a2t-link\" target=\"_blank\" aria-label=\"20260309-PREZERO-WIOSNA-D\"><img loading=\"lazy\" decoding=\"async\" src=\"https:\/\/www.24gliwice.pl\/wiadomosci\/wp-content\/uploads\/2026\/03\/20260309-PREZERO-WIOSNA-D.webp\" alt=\"\"  srcset=\"https:\/\/www.24gliwice.pl\/wiadomosci\/wp-content\/uploads\/2026\/03\/20260309-PREZERO-WIOSNA-D.webp 750w, https:\/\/www.24gliwice.pl\/wiadomosci\/wp-content\/uploads\/2026\/03\/20260309-PREZERO-WIOSNA-D-410x109.webp 410w\" sizes=\"(max-width: 750px) 100vw, 750px\" class=\"no-lazyload\" width=\"750\" height=\"200\"  style=\"display: inline-block; max-width: 100%; height: auto;\" \/><\/a><\/div><\/div>","protected":false},"excerpt":{"rendered":"<p>22 wrze\u015bnia przypada Europejski Dzie\u0144 bez Samochodu. Wybieraj\u0105c si\u0119 wtedy do pracy czy szko\u0142y, warto zostawi\u0107 auta w gara\u017cach lub na parkingach, a zamiast tego przespacerowa\u0107 si\u0119, wsi\u0105\u015b\u0107 na rower lub skorzysta\u0107 z autobusu. W obchody Europejskiego Dnia bez Samochodu tradycyjnie w\u0142\u0105czy si\u0119 r\u00f3wnie\u017c miejski samorz\u0105d. Co zaplanowano w Gliwicach? \u2013 22 wrze\u015bnia szykujemy barwny, [&hellip;]<\/p>\n","protected":false},"author":15,"featured_media":104228,"comment_status":"open","ping_status":"closed","sticky":false,"template":"","format":"standard","meta":{"_monsterinsights_skip_tracking":false,"_monsterinsights_sitenote_active":false,"_monsterinsights_sitenote_note":"","_monsterinsights_sitenote_category":0,"footnotes":"","_links_to":"","_links_to_target":""},"categories":[3,6,1,9],"tags":[66,7104,8797,10201],"class_list":["post-104223","post","type-post","status-publish","format-standard","has-post-thumbnail","hentry","category-gliwice","category-kultura","category-wszystko","category-aktualnosci_lokalne","tag-gliwicka-masa-krytyczna","tag-gliwicka-rada-rowerowa","tag-grr","tag-happening"],"yoast_head":"<!-- This site is optimized with the Yoast SEO plugin v27.5 - https:\/\/yoast.com\/product\/yoast-seo-wordpress\/ -->\n<title>Europejski Dzie\u0144 bez Samochodu przypada na pi\u0105tek. W planach jest te\u017c kolorowy happening - 24GLIWICE - Portal Gliwice | codziennie nowe informacje<\/title>\n<meta name=\"robots\" content=\"index, follow, max-snippet:-1, max-image-preview:large, max-video-preview:-1\" \/>\n<link rel=\"canonical\" href=\"https:\/\/www.24gliwice.pl\/wiadomosci\/europejski-dzien-bez-samochodu-przypada-na-piatek-w-planach-jest-tez-kolorowy-happening\/\" \/>\n<meta property=\"og:locale\" content=\"pl_PL\" \/>\n<meta property=\"og:type\" content=\"article\" \/>\n<meta property=\"og:title\" content=\"Europejski Dzie\u0144 bez Samochodu przypada na pi\u0105tek. W planach jest te\u017c kolorowy happening - 24GLIWICE - Portal Gliwice | codziennie nowe informacje\" \/>\n<meta property=\"og:description\" content=\"22 wrze\u015bnia przypada Europejski Dzie\u0144 bez Samochodu. Wybieraj\u0105c si\u0119 wtedy do pracy czy szko\u0142y, warto zostawi\u0107 auta w gara\u017cach lub na parkingach, a zamiast tego przespacerowa\u0107 si\u0119, wsi\u0105\u015b\u0107 na rower lub skorzysta\u0107 z autobusu. W obchody Europejskiego Dnia bez Samochodu tradycyjnie w\u0142\u0105czy si\u0119 r\u00f3wnie\u017c miejski samorz\u0105d. Co zaplanowano w Gliwicach? \u2013 22 wrze\u015bnia szykujemy barwny, [&hellip;]\" \/>\n<meta property=\"og:url\" content=\"https:\/\/www.24gliwice.pl\/wiadomosci\/europejski-dzien-bez-samochodu-przypada-na-piatek-w-planach-jest-tez-kolorowy-happening\/\" \/>\n<meta property=\"og:site_name\" content=\"24GLIWICE - Portal Gliwice | codziennie nowe informacje\" \/>\n<meta property=\"article:publisher\" content=\"https:\/\/www.facebook.com\/24gliwice\" \/>\n<meta property=\"article:published_time\" content=\"2017-09-18T00:28:00+00:00\" \/>\n<meta property=\"og:image\" content=\"https:\/\/www.24gliwice.pl\/wiadomosci\/wp-content\/uploads\/2017\/09\/gliwicka-masa-krytyczna-dzie\u0144-bez-samochodu-e1505393143751.jpg\" \/>\n\t<meta property=\"og:image:width\" content=\"810\" \/>\n\t<meta property=\"og:image:height\" content=\"456\" \/>\n\t<meta property=\"og:image:type\" content=\"image\/jpeg\" \/>\n<meta name=\"author\" content=\"\u017baneta Mrozek-Siewierska\" \/>\n<meta name=\"twitter:card\" content=\"summary_large_image\" \/>\n<meta name=\"twitter:creator\" content=\"@24gliwice\" \/>\n<meta name=\"twitter:site\" content=\"@24gliwice\" \/>\n<meta name=\"twitter:label1\" content=\"Napisane przez\" \/>\n\t<meta name=\"twitter:data1\" content=\"\u017baneta Mrozek-Siewierska\" \/>\n\t<meta name=\"twitter:label2\" content=\"Szacowany czas czytania\" \/>\n\t<meta name=\"twitter:data2\" content=\"2 minuty\" \/>\n<script type=\"application\/ld+json\" class=\"yoast-schema-graph\">{\"@context\":\"https:\\\/\\\/schema.org\",\"@graph\":[{\"@type\":\"Article\",\"@id\":\"https:\\\/\\\/www.24gliwice.pl\\\/wiadomosci\\\/europejski-dzien-bez-samochodu-przypada-na-piatek-w-planach-jest-tez-kolorowy-happening\\\/#article\",\"isPartOf\":{\"@id\":\"https:\\\/\\\/www.24gliwice.pl\\\/wiadomosci\\\/europejski-dzien-bez-samochodu-przypada-na-piatek-w-planach-jest-tez-kolorowy-happening\\\/\"},\"author\":{\"name\":\"\u017baneta Mrozek-Siewierska\",\"@id\":\"https:\\\/\\\/www.24gliwice.pl\\\/wiadomosci\\\/#\\\/schema\\\/person\\\/e42c650edd7f2fa332be3811fb166b6e\"},\"headline\":\"Europejski Dzie\u0144 bez Samochodu przypada na pi\u0105tek. W planach jest te\u017c kolorowy happening\",\"datePublished\":\"2017-09-18T00:28:00+00:00\",\"mainEntityOfPage\":{\"@id\":\"https:\\\/\\\/www.24gliwice.pl\\\/wiadomosci\\\/europejski-dzien-bez-samochodu-przypada-na-piatek-w-planach-jest-tez-kolorowy-happening\\\/\"},\"wordCount\":365,\"commentCount\":0,\"publisher\":{\"@id\":\"https:\\\/\\\/www.24gliwice.pl\\\/wiadomosci\\\/#organization\"},\"image\":{\"@id\":\"https:\\\/\\\/www.24gliwice.pl\\\/wiadomosci\\\/europejski-dzien-bez-samochodu-przypada-na-piatek-w-planach-jest-tez-kolorowy-happening\\\/#primaryimage\"},\"thumbnailUrl\":\"https:\\\/\\\/www.24gliwice.pl\\\/wiadomosci\\\/wp-content\\\/uploads\\\/2017\\\/09\\\/gliwicka-masa-krytyczna-dzie\u0144-bez-samochodu-e1505393143751.jpg\",\"keywords\":[\"gliwicka masa krytyczna\",\"GLIWICKA RADA ROWEROWA\",\"GRR\",\"happening\"],\"articleSection\":[\"Gliwice\",\"Kultura, wydarzenia, imprezy\",\"Najnowsze wiadomo\u015bci\",\"Portal Gliwice - Wiadomo\u015bci lokalne\"],\"inLanguage\":\"pl-PL\",\"potentialAction\":[{\"@type\":\"CommentAction\",\"name\":\"Comment\",\"target\":[\"https:\\\/\\\/www.24gliwice.pl\\\/wiadomosci\\\/europejski-dzien-bez-samochodu-przypada-na-piatek-w-planach-jest-tez-kolorowy-happening\\\/#respond\"]}]},{\"@type\":\"WebPage\",\"@id\":\"https:\\\/\\\/www.24gliwice.pl\\\/wiadomosci\\\/europejski-dzien-bez-samochodu-przypada-na-piatek-w-planach-jest-tez-kolorowy-happening\\\/\",\"url\":\"https:\\\/\\\/www.24gliwice.pl\\\/wiadomosci\\\/europejski-dzien-bez-samochodu-przypada-na-piatek-w-planach-jest-tez-kolorowy-happening\\\/\",\"name\":\"Europejski Dzie\u0144 bez Samochodu przypada na pi\u0105tek. W planach jest te\u017c kolorowy happening - 24GLIWICE - Portal Gliwice | codziennie nowe informacje\",\"isPartOf\":{\"@id\":\"https:\\\/\\\/www.24gliwice.pl\\\/wiadomosci\\\/#website\"},\"primaryImageOfPage\":{\"@id\":\"https:\\\/\\\/www.24gliwice.pl\\\/wiadomosci\\\/europejski-dzien-bez-samochodu-przypada-na-piatek-w-planach-jest-tez-kolorowy-happening\\\/#primaryimage\"},\"image\":{\"@id\":\"https:\\\/\\\/www.24gliwice.pl\\\/wiadomosci\\\/europejski-dzien-bez-samochodu-przypada-na-piatek-w-planach-jest-tez-kolorowy-happening\\\/#primaryimage\"},\"thumbnailUrl\":\"https:\\\/\\\/www.24gliwice.pl\\\/wiadomosci\\\/wp-content\\\/uploads\\\/2017\\\/09\\\/gliwicka-masa-krytyczna-dzie\u0144-bez-samochodu-e1505393143751.jpg\",\"datePublished\":\"2017-09-18T00:28:00+00:00\",\"breadcrumb\":{\"@id\":\"https:\\\/\\\/www.24gliwice.pl\\\/wiadomosci\\\/europejski-dzien-bez-samochodu-przypada-na-piatek-w-planach-jest-tez-kolorowy-happening\\\/#breadcrumb\"},\"inLanguage\":\"pl-PL\",\"potentialAction\":[{\"@type\":\"ReadAction\",\"target\":[\"https:\\\/\\\/www.24gliwice.pl\\\/wiadomosci\\\/europejski-dzien-bez-samochodu-przypada-na-piatek-w-planach-jest-tez-kolorowy-happening\\\/\"]}]},{\"@type\":\"ImageObject\",\"inLanguage\":\"pl-PL\",\"@id\":\"https:\\\/\\\/www.24gliwice.pl\\\/wiadomosci\\\/europejski-dzien-bez-samochodu-przypada-na-piatek-w-planach-jest-tez-kolorowy-happening\\\/#primaryimage\",\"url\":\"https:\\\/\\\/www.24gliwice.pl\\\/wiadomosci\\\/wp-content\\\/uploads\\\/2017\\\/09\\\/gliwicka-masa-krytyczna-dzie\u0144-bez-samochodu-e1505393143751.jpg\",\"contentUrl\":\"https:\\\/\\\/www.24gliwice.pl\\\/wiadomosci\\\/wp-content\\\/uploads\\\/2017\\\/09\\\/gliwicka-masa-krytyczna-dzie\u0144-bez-samochodu-e1505393143751.jpg\",\"width\":810,\"height\":456},{\"@type\":\"BreadcrumbList\",\"@id\":\"https:\\\/\\\/www.24gliwice.pl\\\/wiadomosci\\\/europejski-dzien-bez-samochodu-przypada-na-piatek-w-planach-jest-tez-kolorowy-happening\\\/#breadcrumb\",\"itemListElement\":[{\"@type\":\"ListItem\",\"position\":1,\"name\":\"Strona g\u0142\u00f3wna\",\"item\":\"https:\\\/\\\/www.24gliwice.pl\\\/wiadomosci\\\/\"},{\"@type\":\"ListItem\",\"position\":2,\"name\":\"Europejski Dzie\u0144 bez Samochodu przypada na pi\u0105tek. W planach jest te\u017c kolorowy happening\"}]},{\"@type\":\"WebSite\",\"@id\":\"https:\\\/\\\/www.24gliwice.pl\\\/wiadomosci\\\/#website\",\"url\":\"https:\\\/\\\/www.24gliwice.pl\\\/wiadomosci\\\/\",\"name\":\"24GLIWICE - Portal Gliwice | codziennie nowe wiadomo\u015bci\",\"description\":\"Portal Miejski Gliwice\",\"publisher\":{\"@id\":\"https:\\\/\\\/www.24gliwice.pl\\\/wiadomosci\\\/#organization\"},\"potentialAction\":[{\"@type\":\"SearchAction\",\"target\":{\"@type\":\"EntryPoint\",\"urlTemplate\":\"https:\\\/\\\/www.24gliwice.pl\\\/wiadomosci\\\/?s={search_term_string}\"},\"query-input\":{\"@type\":\"PropertyValueSpecification\",\"valueRequired\":true,\"valueName\":\"search_term_string\"}}],\"inLanguage\":\"pl-PL\"},{\"@type\":\"Organization\",\"@id\":\"https:\\\/\\\/www.24gliwice.pl\\\/wiadomosci\\\/#organization\",\"name\":\"24gliwice\",\"url\":\"https:\\\/\\\/www.24gliwice.pl\\\/wiadomosci\\\/\",\"logo\":{\"@type\":\"ImageObject\",\"inLanguage\":\"pl-PL\",\"@id\":\"https:\\\/\\\/www.24gliwice.pl\\\/wiadomosci\\\/#\\\/schema\\\/logo\\\/image\\\/\",\"url\":\"https:\\\/\\\/www.24gliwice.pl\\\/wiadomosci\\\/wp-content\\\/uploads\\\/2024\\\/10\\\/24gliwice-logo-696.jpg\",\"contentUrl\":\"https:\\\/\\\/www.24gliwice.pl\\\/wiadomosci\\\/wp-content\\\/uploads\\\/2024\\\/10\\\/24gliwice-logo-696.jpg\",\"width\":696,\"height\":696,\"caption\":\"24gliwice\"},\"image\":{\"@id\":\"https:\\\/\\\/www.24gliwice.pl\\\/wiadomosci\\\/#\\\/schema\\\/logo\\\/image\\\/\"},\"sameAs\":[\"https:\\\/\\\/www.facebook.com\\\/24gliwice\",\"https:\\\/\\\/x.com\\\/24gliwice\",\"https:\\\/\\\/www.youtube.com\\\/@24gliwice\"]},{\"@type\":\"Person\",\"@id\":\"https:\\\/\\\/www.24gliwice.pl\\\/wiadomosci\\\/#\\\/schema\\\/person\\\/e42c650edd7f2fa332be3811fb166b6e\",\"name\":\"\u017baneta Mrozek-Siewierska\",\"image\":{\"@type\":\"ImageObject\",\"inLanguage\":\"pl-PL\",\"@id\":\"https:\\\/\\\/secure.gravatar.com\\\/avatar\\\/1881429e9c64597c77ad7aef2d0a19be69a3253e57534d16aa15bf3a4d34a0a3?s=96&d=mm&r=g\",\"url\":\"https:\\\/\\\/secure.gravatar.com\\\/avatar\\\/1881429e9c64597c77ad7aef2d0a19be69a3253e57534d16aa15bf3a4d34a0a3?s=96&d=mm&r=g\",\"contentUrl\":\"https:\\\/\\\/secure.gravatar.com\\\/avatar\\\/1881429e9c64597c77ad7aef2d0a19be69a3253e57534d16aa15bf3a4d34a0a3?s=96&d=mm&r=g\",\"caption\":\"\u017baneta Mrozek-Siewierska\"},\"url\":\"https:\\\/\\\/www.24gliwice.pl\\\/wiadomosci\\\/author\\\/zms\\\/\"}]}<\/script>\n<!-- \/ Yoast SEO plugin. -->","yoast_head_json":{"title":"Europejski Dzie\u0144 bez Samochodu przypada na pi\u0105tek. W planach jest te\u017c kolorowy happening - 24GLIWICE - Portal Gliwice | codziennie nowe informacje","robots":{"index":"index","follow":"follow","max-snippet":"max-snippet:-1","max-image-preview":"max-image-preview:large","max-video-preview":"max-video-preview:-1"},"canonical":"https:\/\/www.24gliwice.pl\/wiadomosci\/europejski-dzien-bez-samochodu-przypada-na-piatek-w-planach-jest-tez-kolorowy-happening\/","og_locale":"pl_PL","og_type":"article","og_title":"Europejski Dzie\u0144 bez Samochodu przypada na pi\u0105tek. W planach jest te\u017c kolorowy happening - 24GLIWICE - Portal Gliwice | codziennie nowe informacje","og_description":"22 wrze\u015bnia przypada Europejski Dzie\u0144 bez Samochodu. Wybieraj\u0105c si\u0119 wtedy do pracy czy szko\u0142y, warto zostawi\u0107 auta w gara\u017cach lub na parkingach, a zamiast tego przespacerowa\u0107 si\u0119, wsi\u0105\u015b\u0107 na rower lub skorzysta\u0107 z autobusu. W obchody Europejskiego Dnia bez Samochodu tradycyjnie w\u0142\u0105czy si\u0119 r\u00f3wnie\u017c miejski samorz\u0105d. Co zaplanowano w Gliwicach? \u2013 22 wrze\u015bnia szykujemy barwny, [&hellip;]","og_url":"https:\/\/www.24gliwice.pl\/wiadomosci\/europejski-dzien-bez-samochodu-przypada-na-piatek-w-planach-jest-tez-kolorowy-happening\/","og_site_name":"24GLIWICE - Portal Gliwice | codziennie nowe informacje","article_publisher":"https:\/\/www.facebook.com\/24gliwice","article_published_time":"2017-09-18T00:28:00+00:00","og_image":[{"width":810,"height":456,"url":"https:\/\/www.24gliwice.pl\/wiadomosci\/wp-content\/uploads\/2017\/09\/gliwicka-masa-krytyczna-dzie\u0144-bez-samochodu-e1505393143751.jpg","type":"image\/jpeg"}],"author":"\u017baneta Mrozek-Siewierska","twitter_card":"summary_large_image","twitter_creator":"@24gliwice","twitter_site":"@24gliwice","twitter_misc":{"Napisane przez":"\u017baneta Mrozek-Siewierska","Szacowany czas czytania":"2 minuty"},"schema":{"@context":"https:\/\/schema.org","@graph":[{"@type":"Article","@id":"https:\/\/www.24gliwice.pl\/wiadomosci\/europejski-dzien-bez-samochodu-przypada-na-piatek-w-planach-jest-tez-kolorowy-happening\/#article","isPartOf":{"@id":"https:\/\/www.24gliwice.pl\/wiadomosci\/europejski-dzien-bez-samochodu-przypada-na-piatek-w-planach-jest-tez-kolorowy-happening\/"},"author":{"name":"\u017baneta Mrozek-Siewierska","@id":"https:\/\/www.24gliwice.pl\/wiadomosci\/#\/schema\/person\/e42c650edd7f2fa332be3811fb166b6e"},"headline":"Europejski Dzie\u0144 bez Samochodu przypada na pi\u0105tek. W planach jest te\u017c kolorowy happening","datePublished":"2017-09-18T00:28:00+00:00","mainEntityOfPage":{"@id":"https:\/\/www.24gliwice.pl\/wiadomosci\/europejski-dzien-bez-samochodu-przypada-na-piatek-w-planach-jest-tez-kolorowy-happening\/"},"wordCount":365,"commentCount":0,"publisher":{"@id":"https:\/\/www.24gliwice.pl\/wiadomosci\/#organization"},"image":{"@id":"https:\/\/www.24gliwice.pl\/wiadomosci\/europejski-dzien-bez-samochodu-przypada-na-piatek-w-planach-jest-tez-kolorowy-happening\/#primaryimage"},"thumbnailUrl":"https:\/\/www.24gliwice.pl\/wiadomosci\/wp-content\/uploads\/2017\/09\/gliwicka-masa-krytyczna-dzie\u0144-bez-samochodu-e1505393143751.jpg","keywords":["gliwicka masa krytyczna","GLIWICKA RADA ROWEROWA","GRR","happening"],"articleSection":["Gliwice","Kultura, wydarzenia, imprezy","Najnowsze wiadomo\u015bci","Portal Gliwice - Wiadomo\u015bci lokalne"],"inLanguage":"pl-PL","potentialAction":[{"@type":"CommentAction","name":"Comment","target":["https:\/\/www.24gliwice.pl\/wiadomosci\/europejski-dzien-bez-samochodu-przypada-na-piatek-w-planach-jest-tez-kolorowy-happening\/#respond"]}]},{"@type":"WebPage","@id":"https:\/\/www.24gliwice.pl\/wiadomosci\/europejski-dzien-bez-samochodu-przypada-na-piatek-w-planach-jest-tez-kolorowy-happening\/","url":"https:\/\/www.24gliwice.pl\/wiadomosci\/europejski-dzien-bez-samochodu-przypada-na-piatek-w-planach-jest-tez-kolorowy-happening\/","name":"Europejski Dzie\u0144 bez Samochodu przypada na pi\u0105tek. W planach jest te\u017c kolorowy happening - 24GLIWICE - Portal Gliwice | codziennie nowe informacje","isPartOf":{"@id":"https:\/\/www.24gliwice.pl\/wiadomosci\/#website"},"primaryImageOfPage":{"@id":"https:\/\/www.24gliwice.pl\/wiadomosci\/europejski-dzien-bez-samochodu-przypada-na-piatek-w-planach-jest-tez-kolorowy-happening\/#primaryimage"},"image":{"@id":"https:\/\/www.24gliwice.pl\/wiadomosci\/europejski-dzien-bez-samochodu-przypada-na-piatek-w-planach-jest-tez-kolorowy-happening\/#primaryimage"},"thumbnailUrl":"https:\/\/www.24gliwice.pl\/wiadomosci\/wp-content\/uploads\/2017\/09\/gliwicka-masa-krytyczna-dzie\u0144-bez-samochodu-e1505393143751.jpg","datePublished":"2017-09-18T00:28:00+00:00","breadcrumb":{"@id":"https:\/\/www.24gliwice.pl\/wiadomosci\/europejski-dzien-bez-samochodu-przypada-na-piatek-w-planach-jest-tez-kolorowy-happening\/#breadcrumb"},"inLanguage":"pl-PL","potentialAction":[{"@type":"ReadAction","target":["https:\/\/www.24gliwice.pl\/wiadomosci\/europejski-dzien-bez-samochodu-przypada-na-piatek-w-planach-jest-tez-kolorowy-happening\/"]}]},{"@type":"ImageObject","inLanguage":"pl-PL","@id":"https:\/\/www.24gliwice.pl\/wiadomosci\/europejski-dzien-bez-samochodu-przypada-na-piatek-w-planach-jest-tez-kolorowy-happening\/#primaryimage","url":"https:\/\/www.24gliwice.pl\/wiadomosci\/wp-content\/uploads\/2017\/09\/gliwicka-masa-krytyczna-dzie\u0144-bez-samochodu-e1505393143751.jpg","contentUrl":"https:\/\/www.24gliwice.pl\/wiadomosci\/wp-content\/uploads\/2017\/09\/gliwicka-masa-krytyczna-dzie\u0144-bez-samochodu-e1505393143751.jpg","width":810,"height":456},{"@type":"BreadcrumbList","@id":"https:\/\/www.24gliwice.pl\/wiadomosci\/europejski-dzien-bez-samochodu-przypada-na-piatek-w-planach-jest-tez-kolorowy-happening\/#breadcrumb","itemListElement":[{"@type":"ListItem","position":1,"name":"Strona g\u0142\u00f3wna","item":"https:\/\/www.24gliwice.pl\/wiadomosci\/"},{"@type":"ListItem","position":2,"name":"Europejski Dzie\u0144 bez Samochodu przypada na pi\u0105tek. W planach jest te\u017c kolorowy happening"}]},{"@type":"WebSite","@id":"https:\/\/www.24gliwice.pl\/wiadomosci\/#website","url":"https:\/\/www.24gliwice.pl\/wiadomosci\/","name":"24GLIWICE - Portal Gliwice | codziennie nowe wiadomo\u015bci","description":"Portal Miejski Gliwice","publisher":{"@id":"https:\/\/www.24gliwice.pl\/wiadomosci\/#organization"},"potentialAction":[{"@type":"SearchAction","target":{"@type":"EntryPoint","urlTemplate":"https:\/\/www.24gliwice.pl\/wiadomosci\/?s={search_term_string}"},"query-input":{"@type":"PropertyValueSpecification","valueRequired":true,"valueName":"search_term_string"}}],"inLanguage":"pl-PL"},{"@type":"Organization","@id":"https:\/\/www.24gliwice.pl\/wiadomosci\/#organization","name":"24gliwice","url":"https:\/\/www.24gliwice.pl\/wiadomosci\/","logo":{"@type":"ImageObject","inLanguage":"pl-PL","@id":"https:\/\/www.24gliwice.pl\/wiadomosci\/#\/schema\/logo\/image\/","url":"https:\/\/www.24gliwice.pl\/wiadomosci\/wp-content\/uploads\/2024\/10\/24gliwice-logo-696.jpg","contentUrl":"https:\/\/www.24gliwice.pl\/wiadomosci\/wp-content\/uploads\/2024\/10\/24gliwice-logo-696.jpg","width":696,"height":696,"caption":"24gliwice"},"image":{"@id":"https:\/\/www.24gliwice.pl\/wiadomosci\/#\/schema\/logo\/image\/"},"sameAs":["https:\/\/www.facebook.com\/24gliwice","https:\/\/x.com\/24gliwice","https:\/\/www.youtube.com\/@24gliwice"]},{"@type":"Person","@id":"https:\/\/www.24gliwice.pl\/wiadomosci\/#\/schema\/person\/e42c650edd7f2fa332be3811fb166b6e","name":"\u017baneta Mrozek-Siewierska","image":{"@type":"ImageObject","inLanguage":"pl-PL","@id":"https:\/\/secure.gravatar.com\/avatar\/1881429e9c64597c77ad7aef2d0a19be69a3253e57534d16aa15bf3a4d34a0a3?s=96&d=mm&r=g","url":"https:\/\/secure.gravatar.com\/avatar\/1881429e9c64597c77ad7aef2d0a19be69a3253e57534d16aa15bf3a4d34a0a3?s=96&d=mm&r=g","contentUrl":"https:\/\/secure.gravatar.com\/avatar\/1881429e9c64597c77ad7aef2d0a19be69a3253e57534d16aa15bf3a4d34a0a3?s=96&d=mm&r=g","caption":"\u017baneta Mrozek-Siewierska"},"url":"https:\/\/www.24gliwice.pl\/wiadomosci\/author\/zms\/"}]}},"_links":{"self":[{"href":"https:\/\/www.24gliwice.pl\/wiadomosci\/wp-json\/wp\/v2\/posts\/104223","targetHints":{"allow":["GET"]}}],"collection":[{"href":"https:\/\/www.24gliwice.pl\/wiadomosci\/wp-json\/wp\/v2\/posts"}],"about":[{"href":"https:\/\/www.24gliwice.pl\/wiadomosci\/wp-json\/wp\/v2\/types\/post"}],"author":[{"embeddable":true,"href":"https:\/\/www.24gliwice.pl\/wiadomosci\/wp-json\/wp\/v2\/users\/15"}],"replies":[{"embeddable":true,"href":"https:\/\/www.24gliwice.pl\/wiadomosci\/wp-json\/wp\/v2\/comments?post=104223"}],"version-history":[{"count":0,"href":"https:\/\/www.24gliwice.pl\/wiadomosci\/wp-json\/wp\/v2\/posts\/104223\/revisions"}],"wp:featuredmedia":[{"embeddable":true,"href":"https:\/\/www.24gliwice.pl\/wiadomosci\/wp-json\/wp\/v2\/media\/104228"}],"wp:attachment":[{"href":"https:\/\/www.24gliwice.pl\/wiadomosci\/wp-json\/wp\/v2\/media?parent=104223"}],"wp:term":[{"taxonomy":"category","embeddable":true,"href":"https:\/\/www.24gliwice.pl\/wiadomosci\/wp-json\/wp\/v2\/categories?post=104223"},{"taxonomy":"post_tag","embeddable":true,"href":"https:\/\/www.24gliwice.pl\/wiadomosci\/wp-json\/wp\/v2\/tags?post=104223"}],"curies":[{"name":"wp","href":"https:\/\/api.w.org\/{rel}","templated":true}]}}