{"id":104464,"date":"2017-09-19T23:21:21","date_gmt":"2017-09-19T21:21:21","guid":{"rendered":"http:\/\/www.24gliwice.pl\/wiadomosci\/?p=104464"},"modified":"2017-09-21T02:42:42","modified_gmt":"2017-09-21T00:42:42","slug":"nowa-fabryka-o-powierzchni-ponad-12-tys-m%c2%b2-ruszyla-w-gliwicach-inwestycja-o-wartosci-9-mln-euro","status":"publish","type":"post","link":"https:\/\/www.24gliwice.pl\/wiadomosci\/nowa-fabryka-o-powierzchni-ponad-12-tys-m%c2%b2-ruszyla-w-gliwicach-inwestycja-o-wartosci-9-mln-euro\/","title":{"rendered":"Nowa fabryka o powierzchni ponad 12 tys. m\u00b2 ruszy\u0142a w Gliwicach. Inwestycja o warto\u015bci 9 mln euro"},"content":{"rendered":"<div class=\"gliwi-a6-nad-leadem-artykulow gliwi-entity-placement\" id=\"gliwi-2598703318\"><div class=\"gliwi-adlabel\"><span style=\"font-size: 9px\">REKLAMA<\/span><\/div><div id=\"gliwi-1620299669\" style=\"margin-bottom: 25px;margin-left: auto;margin-right: auto;text-align: center;\"><a data-no-instant=\"1\" href=\"https:\/\/dom100.eu\/\" rel=\"noopener\" class=\"a2t-link\" target=\"_blank\" aria-label=\"20260415 DOM100 D\"><img loading=\"lazy\" decoding=\"async\" src=\"https:\/\/www.24gliwice.pl\/wiadomosci\/wp-content\/uploads\/2026\/04\/20260415-DOM100-D.jpg\" alt=\"\"  srcset=\"https:\/\/www.24gliwice.pl\/wiadomosci\/wp-content\/uploads\/2026\/04\/20260415-DOM100-D.jpg 750w, https:\/\/www.24gliwice.pl\/wiadomosci\/wp-content\/uploads\/2026\/04\/20260415-DOM100-D-410x109.jpg 410w\" sizes=\"(max-width: 750px) 100vw, 750px\" class=\"no-lazyload\" width=\"750\" height=\"200\"  style=\"display: inline-block; max-width: 100%; height: auto;\" \/><\/a><\/div><\/div><h3>Producent baterii, firma BMZ Poland, uruchomi\u0142a oficjalnie w poniedzia\u0142ek now\u0105 fabryk\u0119 w Gliwicach. Produkcja b\u0119dzie obejmowa\u0107 m.in. rozwi\u0105zania dedykowane przemys\u0142owi motoryzacyjnemu.<\/h3>\n<p>Powierzchnia nowej \u2013 wartej ponad 9 mln euro inwestycji \u2013 to przesz\u0142o 12,3 tys. mkw. Znajduj\u0105 si\u0119 w niej zar\u00f3wno nowoczesne hale produkcyjne, magazyny, jak i laboratoria badawcze oraz powierzchnie biurowe, b\u0119d\u0105ce now\u0105 siedzib\u0105 firmy.<\/p>\n<p>\u2013 Opr\u00f3cz rozwi\u0105za\u0144 dla przemys\u0142u motoryzacyjnego, nasza dzia\u0142alno\u015b\u0107 obejmuje tak\u017ce projekty ma\u0142oseryjne oraz wysoko zautomatyzowane, jak chocia\u017cby magazyny energii. Wa\u017cnym aspektem produkcji s\u0105 tak\u017ce nowoczesne systemy zasilania dla autobus\u00f3w elektrycznych, baterie do rower\u00f3w elektrycznych oraz elektronarz\u0119dzi i narz\u0119dzi ogrodniczych. Planujemy tak\u017ce zbudowa\u0107 seri\u0119 kompletnych rozwi\u0105za\u0144 system\u00f3w e-bike`owych, sk\u0142adaj\u0105cych si\u0119 z aplikacji, baterii oraz motoru. Rozwija\u0107 b\u0119dziemy inteligentne magazyny energii, w tym do autobus\u00f3w elektrycznych. Nasza produkcja przeznaczona jest dla rynk\u00f3w Europy \u015arodkowo-Wschodniej \u2013 m\u00f3wi <strong>Tomasz Wo\u0142k-Jankowski<\/strong>, prezes BMZ Poland.<\/p><div class=\"gliwi-a3-w-tresci-artykulow gliwi-entity-placement\" id=\"gliwi-3362660975\"><div class=\"gliwi-adlabel\"><span style=\"font-size: 9px\">REKLAMA<\/span><\/div><div id=\"gliwi-1575886098\" style=\"margin-bottom: 30px;margin-left: auto;margin-right: auto;text-align: center;\"><a data-no-instant=\"1\" href=\"https:\/\/ogrodyandersa.pl\/\" rel=\"noopener\" class=\"a2t-link\" target=\"_blank\" aria-label=\"20260415 Ogrody Andersa KUP TERAZ D\"><img loading=\"lazy\" decoding=\"async\" src=\"https:\/\/www.24gliwice.pl\/wiadomosci\/wp-content\/uploads\/2026\/04\/20260415-Ogrody-Andersa-KUP-TERAZ-D.jpg\" alt=\"\"  srcset=\"https:\/\/www.24gliwice.pl\/wiadomosci\/wp-content\/uploads\/2026\/04\/20260415-Ogrody-Andersa-KUP-TERAZ-D.jpg 750w, https:\/\/www.24gliwice.pl\/wiadomosci\/wp-content\/uploads\/2026\/04\/20260415-Ogrody-Andersa-KUP-TERAZ-D-410x109.jpg 410w\" sizes=\"(max-width: 750px) 100vw, 750px\" class=\"no-lazyload\" width=\"750\" height=\"200\"  style=\"display: inline-block; max-width: 100%; height: auto;\" \/><\/a><\/div><\/div>\n<p>Prac\u0119 w fabryce u\u0142atwiaj\u0105 nowoczesne systemy magazynowe BMZ Poland, kt\u00f3re sk\u0142adaj\u0105 si\u0119 z podestu oraz przeno\u015bnik\u00f3w dedykowanych sprawnej komunikacji z hal\u0105 produkcyjn\u0105. Nad wszystkim czuwa modu\u0142 steruj\u0105cy Galileo opracowany przez Mecalux.<\/p>\n[perfectpullquote align=&#8221;full&#8221; cite=&#8221;&#8221; link=&#8221;&#8221; color=&#8221;&#8221; class=&#8221;&#8221; size=&#8221;&#8221;]Nowa inwestycja to tak\u017ce nowe miejsca pracy. Sp\u00f3\u0142ka zatrudnia obecnie oko\u0142o 650 os\u00f3b. W pierwszym etapie liczba ta wzro\u015bnie do 700, b\u0119d\u0105 to zar\u00f3wno pracownicy fabryki, jak i Dzia\u0142u Bada\u0144 i Rozwoju, w kt\u00f3rym powo\u0142any zostanie specjalny zesp\u00f3\u0142 zajmuj\u0105cy si\u0119 tylko rozwi\u0105zaniami EV \u2013 systemami zasilania autobus\u00f3w elektrycznych.[\/perfectpullquote]\n<p>\u2013 Polska jest jednym z lider\u00f3w rynku elektromobilno\u015bci w Europie, a my jeste\u015bmy liderem w dziedzinie baterii do elektrycznego transportu publicznego. BMZ Poland wchodzi w sk\u0142ad konsorcjum \u201ePolski E-BUS\u201d, powsta\u0142ego z inicjatywy naszego partnera \u2013 firmy Ursus Bus \u2013 dodaje prezes BMZ Poland.<\/p>\n<p>Nowa fabryka, dzia\u0142aj\u0105ca od lipca br., znajduje si\u0119 w Katowickiej Specjalnej Strefie Ekonomicznej. Oficjalne otwarcie nowej inwestycji zbiega si\u0119 z organizowan\u0105 po raz drugi w Polsce przez BMZ Poland konferencj\u0105 Battery Experts Forum, kt\u00f3ra odb\u0119dzie si\u0119 w Gliwicach w dniach 19-21 wrze\u015bnia 2017 roku.<\/p>\n<p style=\"padding-left: 30px;\">BMZ Poland Sp. z o.o. powsta\u0142a w 2010 roku jako sp\u00f3\u0142ka \u201ec\u00f3rka\u201d BMZ GmBH \u2013 mi\u0119dzynarodowej korporacji za\u0142o\u017conej w 1994 r. w Karlstein (Niemcy). <strong>Obecnie grupa BMZ jest liderem w\u015br\u00f3d europejskich producent\u00f3w zestaw\u00f3w akumulatorowych dla przemys\u0142u ogrodniczego, rowerowego, medycznego i rynku szeroko poj\u0119tych elektronarz\u0119dzi.<\/strong> Specjalizuje si\u0119 w projektowaniu i produkcji inteligentnych system\u00f3w podtrzymywania energii, bazuj\u0105c na ogniwach litowo-jonowych.<\/p>\n<div class=\"gliwi-a5-na-koncu-artykulow gliwi-entity-placement\" id=\"gliwi-1881936033\"><div class=\"gliwi-adlabel\"><span style=\"font-size: 9px\">REKLAMA<\/span><\/div><div id=\"gliwi-1673023499\" style=\"margin-left: auto;margin-right: auto;text-align: center;\"><a data-no-instant=\"1\" href=\"https:\/\/prezeroarenagliwice.pl\/\" rel=\"noopener\" class=\"a2t-link\" target=\"_blank\" aria-label=\"20260309-PREZERO-WIOSNA-D\"><img loading=\"lazy\" decoding=\"async\" src=\"https:\/\/www.24gliwice.pl\/wiadomosci\/wp-content\/uploads\/2026\/03\/20260309-PREZERO-WIOSNA-D.webp\" alt=\"\"  srcset=\"https:\/\/www.24gliwice.pl\/wiadomosci\/wp-content\/uploads\/2026\/03\/20260309-PREZERO-WIOSNA-D.webp 750w, https:\/\/www.24gliwice.pl\/wiadomosci\/wp-content\/uploads\/2026\/03\/20260309-PREZERO-WIOSNA-D-410x109.webp 410w\" sizes=\"(max-width: 750px) 100vw, 750px\" class=\"no-lazyload\" width=\"750\" height=\"200\"  style=\"display: inline-block; max-width: 100%; height: auto;\" \/><\/a><\/div><\/div>","protected":false},"excerpt":{"rendered":"<p>Producent baterii, firma BMZ Poland, uruchomi\u0142a oficjalnie w poniedzia\u0142ek now\u0105 fabryk\u0119 w Gliwicach. Produkcja b\u0119dzie obejmowa\u0107 m.in. rozwi\u0105zania dedykowane przemys\u0142owi motoryzacyjnemu. Powierzchnia nowej \u2013 wartej ponad 9 mln euro inwestycji \u2013 to przesz\u0142o 12,3 tys. mkw. Znajduj\u0105 si\u0119 w niej zar\u00f3wno nowoczesne hale produkcyjne, magazyny, jak i laboratoria badawcze oraz powierzchnie biurowe, b\u0119d\u0105ce now\u0105 siedzib\u0105 [&hellip;]<\/p>\n","protected":false},"author":4,"featured_media":104467,"comment_status":"open","ping_status":"closed","sticky":false,"template":"","format":"standard","meta":{"_monsterinsights_skip_tracking":false,"_monsterinsights_sitenote_active":false,"_monsterinsights_sitenote_note":"","_monsterinsights_sitenote_category":0,"footnotes":"","_links_to":"","_links_to_target":""},"categories":[3,1],"tags":[10240,7648],"class_list":["post-104464","post","type-post","status-publish","format-standard","has-post-thumbnail","hentry","category-gliwice","category-wszystko","tag-bmz","tag-praca"],"yoast_head":"<!-- This site is optimized with the Yoast SEO plugin v27.5 - https:\/\/yoast.com\/product\/yoast-seo-wordpress\/ -->\n<title>Nowa fabryka o powierzchni ponad 12 tys. m\u00b2 ruszy\u0142a w Gliwicach. Inwestycja o warto\u015bci 9 mln euro - 24GLIWICE - Portal Gliwice | codziennie nowe informacje<\/title>\n<meta name=\"robots\" content=\"index, follow, max-snippet:-1, max-image-preview:large, max-video-preview:-1\" \/>\n<link rel=\"canonical\" href=\"https:\/\/www.24gliwice.pl\/wiadomosci\/nowa-fabryka-o-powierzchni-ponad-12-tys-m\u00b2-ruszyla-w-gliwicach-inwestycja-o-wartosci-9-mln-euro\/\" \/>\n<meta property=\"og:locale\" content=\"pl_PL\" \/>\n<meta property=\"og:type\" content=\"article\" \/>\n<meta property=\"og:title\" content=\"Nowa fabryka o powierzchni ponad 12 tys. m\u00b2 ruszy\u0142a w Gliwicach. Inwestycja o warto\u015bci 9 mln euro - 24GLIWICE - Portal Gliwice | codziennie nowe informacje\" \/>\n<meta property=\"og:description\" content=\"Producent baterii, firma BMZ Poland, uruchomi\u0142a oficjalnie w poniedzia\u0142ek now\u0105 fabryk\u0119 w Gliwicach. Produkcja b\u0119dzie obejmowa\u0107 m.in. rozwi\u0105zania dedykowane przemys\u0142owi motoryzacyjnemu. Powierzchnia nowej \u2013 wartej ponad 9 mln euro inwestycji \u2013 to przesz\u0142o 12,3 tys. mkw. Znajduj\u0105 si\u0119 w niej zar\u00f3wno nowoczesne hale produkcyjne, magazyny, jak i laboratoria badawcze oraz powierzchnie biurowe, b\u0119d\u0105ce now\u0105 siedzib\u0105 [&hellip;]\" \/>\n<meta property=\"og:url\" content=\"https:\/\/www.24gliwice.pl\/wiadomosci\/nowa-fabryka-o-powierzchni-ponad-12-tys-m\u00b2-ruszyla-w-gliwicach-inwestycja-o-wartosci-9-mln-euro\/\" \/>\n<meta property=\"og:site_name\" content=\"24GLIWICE - Portal Gliwice | codziennie nowe informacje\" \/>\n<meta property=\"article:publisher\" content=\"https:\/\/www.facebook.com\/24gliwice\" \/>\n<meta property=\"article:author\" content=\"https:\/\/www.facebook.com\/marcin.fabrykowski\" \/>\n<meta property=\"article:published_time\" content=\"2017-09-19T21:21:21+00:00\" \/>\n<meta property=\"article:modified_time\" content=\"2017-09-21T00:42:42+00:00\" \/>\n<meta property=\"og:image\" content=\"https:\/\/www.24gliwice.pl\/wiadomosci\/wp-content\/uploads\/2017\/09\/1-BMZ_Poland_1.jpg\" \/>\n\t<meta property=\"og:image:width\" content=\"1140\" \/>\n\t<meta property=\"og:image:height\" content=\"478\" \/>\n\t<meta property=\"og:image:type\" content=\"image\/jpeg\" \/>\n<meta name=\"author\" content=\"Marcin Fabrykowski\" \/>\n<meta name=\"twitter:card\" content=\"summary_large_image\" \/>\n<meta name=\"twitter:creator\" content=\"@24gliwice\" \/>\n<meta name=\"twitter:site\" content=\"@24gliwice\" \/>\n<meta name=\"twitter:label1\" content=\"Napisane przez\" \/>\n\t<meta name=\"twitter:data1\" content=\"Marcin Fabrykowski\" \/>\n\t<meta name=\"twitter:label2\" content=\"Szacowany czas czytania\" \/>\n\t<meta name=\"twitter:data2\" content=\"2 minuty\" \/>\n<script type=\"application\/ld+json\" class=\"yoast-schema-graph\">{\"@context\":\"https:\\\/\\\/schema.org\",\"@graph\":[{\"@type\":\"Article\",\"@id\":\"https:\\\/\\\/www.24gliwice.pl\\\/wiadomosci\\\/nowa-fabryka-o-powierzchni-ponad-12-tys-m%c2%b2-ruszyla-w-gliwicach-inwestycja-o-wartosci-9-mln-euro\\\/#article\",\"isPartOf\":{\"@id\":\"https:\\\/\\\/www.24gliwice.pl\\\/wiadomosci\\\/nowa-fabryka-o-powierzchni-ponad-12-tys-m%c2%b2-ruszyla-w-gliwicach-inwestycja-o-wartosci-9-mln-euro\\\/\"},\"author\":{\"name\":\"Marcin Fabrykowski\",\"@id\":\"https:\\\/\\\/www.24gliwice.pl\\\/wiadomosci\\\/#\\\/schema\\\/person\\\/cb5857e4a4d048c15984c1edcc8ef0c0\"},\"headline\":\"Nowa fabryka o powierzchni ponad 12 tys. m\u00b2 ruszy\u0142a w Gliwicach. Inwestycja o warto\u015bci 9 mln euro\",\"datePublished\":\"2017-09-19T21:21:21+00:00\",\"dateModified\":\"2017-09-21T00:42:42+00:00\",\"mainEntityOfPage\":{\"@id\":\"https:\\\/\\\/www.24gliwice.pl\\\/wiadomosci\\\/nowa-fabryka-o-powierzchni-ponad-12-tys-m%c2%b2-ruszyla-w-gliwicach-inwestycja-o-wartosci-9-mln-euro\\\/\"},\"wordCount\":448,\"commentCount\":0,\"publisher\":{\"@id\":\"https:\\\/\\\/www.24gliwice.pl\\\/wiadomosci\\\/#organization\"},\"image\":{\"@id\":\"https:\\\/\\\/www.24gliwice.pl\\\/wiadomosci\\\/nowa-fabryka-o-powierzchni-ponad-12-tys-m%c2%b2-ruszyla-w-gliwicach-inwestycja-o-wartosci-9-mln-euro\\\/#primaryimage\"},\"thumbnailUrl\":\"https:\\\/\\\/www.24gliwice.pl\\\/wiadomosci\\\/wp-content\\\/uploads\\\/2017\\\/09\\\/1-BMZ_Poland_1.jpg\",\"keywords\":[\"bmz\",\"PRACA\"],\"articleSection\":[\"Gliwice\",\"Najnowsze wiadomo\u015bci\"],\"inLanguage\":\"pl-PL\",\"potentialAction\":[{\"@type\":\"CommentAction\",\"name\":\"Comment\",\"target\":[\"https:\\\/\\\/www.24gliwice.pl\\\/wiadomosci\\\/nowa-fabryka-o-powierzchni-ponad-12-tys-m%c2%b2-ruszyla-w-gliwicach-inwestycja-o-wartosci-9-mln-euro\\\/#respond\"]}]},{\"@type\":\"WebPage\",\"@id\":\"https:\\\/\\\/www.24gliwice.pl\\\/wiadomosci\\\/nowa-fabryka-o-powierzchni-ponad-12-tys-m%c2%b2-ruszyla-w-gliwicach-inwestycja-o-wartosci-9-mln-euro\\\/\",\"url\":\"https:\\\/\\\/www.24gliwice.pl\\\/wiadomosci\\\/nowa-fabryka-o-powierzchni-ponad-12-tys-m%c2%b2-ruszyla-w-gliwicach-inwestycja-o-wartosci-9-mln-euro\\\/\",\"name\":\"Nowa fabryka o powierzchni ponad 12 tys. m\u00b2 ruszy\u0142a w Gliwicach. Inwestycja o warto\u015bci 9 mln euro - 24GLIWICE - Portal Gliwice | codziennie nowe informacje\",\"isPartOf\":{\"@id\":\"https:\\\/\\\/www.24gliwice.pl\\\/wiadomosci\\\/#website\"},\"primaryImageOfPage\":{\"@id\":\"https:\\\/\\\/www.24gliwice.pl\\\/wiadomosci\\\/nowa-fabryka-o-powierzchni-ponad-12-tys-m%c2%b2-ruszyla-w-gliwicach-inwestycja-o-wartosci-9-mln-euro\\\/#primaryimage\"},\"image\":{\"@id\":\"https:\\\/\\\/www.24gliwice.pl\\\/wiadomosci\\\/nowa-fabryka-o-powierzchni-ponad-12-tys-m%c2%b2-ruszyla-w-gliwicach-inwestycja-o-wartosci-9-mln-euro\\\/#primaryimage\"},\"thumbnailUrl\":\"https:\\\/\\\/www.24gliwice.pl\\\/wiadomosci\\\/wp-content\\\/uploads\\\/2017\\\/09\\\/1-BMZ_Poland_1.jpg\",\"datePublished\":\"2017-09-19T21:21:21+00:00\",\"dateModified\":\"2017-09-21T00:42:42+00:00\",\"breadcrumb\":{\"@id\":\"https:\\\/\\\/www.24gliwice.pl\\\/wiadomosci\\\/nowa-fabryka-o-powierzchni-ponad-12-tys-m%c2%b2-ruszyla-w-gliwicach-inwestycja-o-wartosci-9-mln-euro\\\/#breadcrumb\"},\"inLanguage\":\"pl-PL\",\"potentialAction\":[{\"@type\":\"ReadAction\",\"target\":[\"https:\\\/\\\/www.24gliwice.pl\\\/wiadomosci\\\/nowa-fabryka-o-powierzchni-ponad-12-tys-m%c2%b2-ruszyla-w-gliwicach-inwestycja-o-wartosci-9-mln-euro\\\/\"]}]},{\"@type\":\"ImageObject\",\"inLanguage\":\"pl-PL\",\"@id\":\"https:\\\/\\\/www.24gliwice.pl\\\/wiadomosci\\\/nowa-fabryka-o-powierzchni-ponad-12-tys-m%c2%b2-ruszyla-w-gliwicach-inwestycja-o-wartosci-9-mln-euro\\\/#primaryimage\",\"url\":\"https:\\\/\\\/www.24gliwice.pl\\\/wiadomosci\\\/wp-content\\\/uploads\\\/2017\\\/09\\\/1-BMZ_Poland_1.jpg\",\"contentUrl\":\"https:\\\/\\\/www.24gliwice.pl\\\/wiadomosci\\\/wp-content\\\/uploads\\\/2017\\\/09\\\/1-BMZ_Poland_1.jpg\",\"width\":1140,\"height\":478},{\"@type\":\"BreadcrumbList\",\"@id\":\"https:\\\/\\\/www.24gliwice.pl\\\/wiadomosci\\\/nowa-fabryka-o-powierzchni-ponad-12-tys-m%c2%b2-ruszyla-w-gliwicach-inwestycja-o-wartosci-9-mln-euro\\\/#breadcrumb\",\"itemListElement\":[{\"@type\":\"ListItem\",\"position\":1,\"name\":\"Strona g\u0142\u00f3wna\",\"item\":\"https:\\\/\\\/www.24gliwice.pl\\\/wiadomosci\\\/\"},{\"@type\":\"ListItem\",\"position\":2,\"name\":\"Nowa fabryka o powierzchni ponad 12 tys. m\u00b2 ruszy\u0142a w Gliwicach. Inwestycja o warto\u015bci 9 mln euro\"}]},{\"@type\":\"WebSite\",\"@id\":\"https:\\\/\\\/www.24gliwice.pl\\\/wiadomosci\\\/#website\",\"url\":\"https:\\\/\\\/www.24gliwice.pl\\\/wiadomosci\\\/\",\"name\":\"24GLIWICE - Portal Gliwice | codziennie nowe wiadomo\u015bci\",\"description\":\"Portal Miejski Gliwice\",\"publisher\":{\"@id\":\"https:\\\/\\\/www.24gliwice.pl\\\/wiadomosci\\\/#organization\"},\"potentialAction\":[{\"@type\":\"SearchAction\",\"target\":{\"@type\":\"EntryPoint\",\"urlTemplate\":\"https:\\\/\\\/www.24gliwice.pl\\\/wiadomosci\\\/?s={search_term_string}\"},\"query-input\":{\"@type\":\"PropertyValueSpecification\",\"valueRequired\":true,\"valueName\":\"search_term_string\"}}],\"inLanguage\":\"pl-PL\"},{\"@type\":\"Organization\",\"@id\":\"https:\\\/\\\/www.24gliwice.pl\\\/wiadomosci\\\/#organization\",\"name\":\"24gliwice\",\"url\":\"https:\\\/\\\/www.24gliwice.pl\\\/wiadomosci\\\/\",\"logo\":{\"@type\":\"ImageObject\",\"inLanguage\":\"pl-PL\",\"@id\":\"https:\\\/\\\/www.24gliwice.pl\\\/wiadomosci\\\/#\\\/schema\\\/logo\\\/image\\\/\",\"url\":\"https:\\\/\\\/www.24gliwice.pl\\\/wiadomosci\\\/wp-content\\\/uploads\\\/2024\\\/10\\\/24gliwice-logo-696.jpg\",\"contentUrl\":\"https:\\\/\\\/www.24gliwice.pl\\\/wiadomosci\\\/wp-content\\\/uploads\\\/2024\\\/10\\\/24gliwice-logo-696.jpg\",\"width\":696,\"height\":696,\"caption\":\"24gliwice\"},\"image\":{\"@id\":\"https:\\\/\\\/www.24gliwice.pl\\\/wiadomosci\\\/#\\\/schema\\\/logo\\\/image\\\/\"},\"sameAs\":[\"https:\\\/\\\/www.facebook.com\\\/24gliwice\",\"https:\\\/\\\/x.com\\\/24gliwice\",\"https:\\\/\\\/www.youtube.com\\\/@24gliwice\"]},{\"@type\":\"Person\",\"@id\":\"https:\\\/\\\/www.24gliwice.pl\\\/wiadomosci\\\/#\\\/schema\\\/person\\\/cb5857e4a4d048c15984c1edcc8ef0c0\",\"name\":\"Marcin Fabrykowski\",\"image\":{\"@type\":\"ImageObject\",\"inLanguage\":\"pl-PL\",\"@id\":\"https:\\\/\\\/www.24gliwice.pl\\\/wiadomosci\\\/wp-content\\\/uploads\\\/2025\\\/11\\\/zdjecie-moje-marcin-300-96x96.jpg\",\"url\":\"https:\\\/\\\/www.24gliwice.pl\\\/wiadomosci\\\/wp-content\\\/uploads\\\/2025\\\/11\\\/zdjecie-moje-marcin-300-96x96.jpg\",\"contentUrl\":\"https:\\\/\\\/www.24gliwice.pl\\\/wiadomosci\\\/wp-content\\\/uploads\\\/2025\\\/11\\\/zdjecie-moje-marcin-300-96x96.jpg\",\"caption\":\"Marcin Fabrykowski\"},\"sameAs\":[\"http:\\\/\\\/24gliwice.pl\",\"https:\\\/\\\/www.facebook.com\\\/marcin.fabrykowski\"],\"url\":\"https:\\\/\\\/www.24gliwice.pl\\\/wiadomosci\\\/author\\\/marcin-fabrykowski\\\/\"}]}<\/script>\n<!-- \/ Yoast SEO plugin. -->","yoast_head_json":{"title":"Nowa fabryka o powierzchni ponad 12 tys. m\u00b2 ruszy\u0142a w Gliwicach. Inwestycja o warto\u015bci 9 mln euro - 24GLIWICE - Portal Gliwice | codziennie nowe informacje","robots":{"index":"index","follow":"follow","max-snippet":"max-snippet:-1","max-image-preview":"max-image-preview:large","max-video-preview":"max-video-preview:-1"},"canonical":"https:\/\/www.24gliwice.pl\/wiadomosci\/nowa-fabryka-o-powierzchni-ponad-12-tys-m\u00b2-ruszyla-w-gliwicach-inwestycja-o-wartosci-9-mln-euro\/","og_locale":"pl_PL","og_type":"article","og_title":"Nowa fabryka o powierzchni ponad 12 tys. m\u00b2 ruszy\u0142a w Gliwicach. Inwestycja o warto\u015bci 9 mln euro - 24GLIWICE - Portal Gliwice | codziennie nowe informacje","og_description":"Producent baterii, firma BMZ Poland, uruchomi\u0142a oficjalnie w poniedzia\u0142ek now\u0105 fabryk\u0119 w Gliwicach. Produkcja b\u0119dzie obejmowa\u0107 m.in. rozwi\u0105zania dedykowane przemys\u0142owi motoryzacyjnemu. Powierzchnia nowej \u2013 wartej ponad 9 mln euro inwestycji \u2013 to przesz\u0142o 12,3 tys. mkw. Znajduj\u0105 si\u0119 w niej zar\u00f3wno nowoczesne hale produkcyjne, magazyny, jak i laboratoria badawcze oraz powierzchnie biurowe, b\u0119d\u0105ce now\u0105 siedzib\u0105 [&hellip;]","og_url":"https:\/\/www.24gliwice.pl\/wiadomosci\/nowa-fabryka-o-powierzchni-ponad-12-tys-m\u00b2-ruszyla-w-gliwicach-inwestycja-o-wartosci-9-mln-euro\/","og_site_name":"24GLIWICE - Portal Gliwice | codziennie nowe informacje","article_publisher":"https:\/\/www.facebook.com\/24gliwice","article_author":"https:\/\/www.facebook.com\/marcin.fabrykowski","article_published_time":"2017-09-19T21:21:21+00:00","article_modified_time":"2017-09-21T00:42:42+00:00","og_image":[{"width":1140,"height":478,"url":"https:\/\/www.24gliwice.pl\/wiadomosci\/wp-content\/uploads\/2017\/09\/1-BMZ_Poland_1.jpg","type":"image\/jpeg"}],"author":"Marcin Fabrykowski","twitter_card":"summary_large_image","twitter_creator":"@24gliwice","twitter_site":"@24gliwice","twitter_misc":{"Napisane przez":"Marcin Fabrykowski","Szacowany czas czytania":"2 minuty"},"schema":{"@context":"https:\/\/schema.org","@graph":[{"@type":"Article","@id":"https:\/\/www.24gliwice.pl\/wiadomosci\/nowa-fabryka-o-powierzchni-ponad-12-tys-m%c2%b2-ruszyla-w-gliwicach-inwestycja-o-wartosci-9-mln-euro\/#article","isPartOf":{"@id":"https:\/\/www.24gliwice.pl\/wiadomosci\/nowa-fabryka-o-powierzchni-ponad-12-tys-m%c2%b2-ruszyla-w-gliwicach-inwestycja-o-wartosci-9-mln-euro\/"},"author":{"name":"Marcin Fabrykowski","@id":"https:\/\/www.24gliwice.pl\/wiadomosci\/#\/schema\/person\/cb5857e4a4d048c15984c1edcc8ef0c0"},"headline":"Nowa fabryka o powierzchni ponad 12 tys. m\u00b2 ruszy\u0142a w Gliwicach. Inwestycja o warto\u015bci 9 mln euro","datePublished":"2017-09-19T21:21:21+00:00","dateModified":"2017-09-21T00:42:42+00:00","mainEntityOfPage":{"@id":"https:\/\/www.24gliwice.pl\/wiadomosci\/nowa-fabryka-o-powierzchni-ponad-12-tys-m%c2%b2-ruszyla-w-gliwicach-inwestycja-o-wartosci-9-mln-euro\/"},"wordCount":448,"commentCount":0,"publisher":{"@id":"https:\/\/www.24gliwice.pl\/wiadomosci\/#organization"},"image":{"@id":"https:\/\/www.24gliwice.pl\/wiadomosci\/nowa-fabryka-o-powierzchni-ponad-12-tys-m%c2%b2-ruszyla-w-gliwicach-inwestycja-o-wartosci-9-mln-euro\/#primaryimage"},"thumbnailUrl":"https:\/\/www.24gliwice.pl\/wiadomosci\/wp-content\/uploads\/2017\/09\/1-BMZ_Poland_1.jpg","keywords":["bmz","PRACA"],"articleSection":["Gliwice","Najnowsze wiadomo\u015bci"],"inLanguage":"pl-PL","potentialAction":[{"@type":"CommentAction","name":"Comment","target":["https:\/\/www.24gliwice.pl\/wiadomosci\/nowa-fabryka-o-powierzchni-ponad-12-tys-m%c2%b2-ruszyla-w-gliwicach-inwestycja-o-wartosci-9-mln-euro\/#respond"]}]},{"@type":"WebPage","@id":"https:\/\/www.24gliwice.pl\/wiadomosci\/nowa-fabryka-o-powierzchni-ponad-12-tys-m%c2%b2-ruszyla-w-gliwicach-inwestycja-o-wartosci-9-mln-euro\/","url":"https:\/\/www.24gliwice.pl\/wiadomosci\/nowa-fabryka-o-powierzchni-ponad-12-tys-m%c2%b2-ruszyla-w-gliwicach-inwestycja-o-wartosci-9-mln-euro\/","name":"Nowa fabryka o powierzchni ponad 12 tys. m\u00b2 ruszy\u0142a w Gliwicach. Inwestycja o warto\u015bci 9 mln euro - 24GLIWICE - Portal Gliwice | codziennie nowe informacje","isPartOf":{"@id":"https:\/\/www.24gliwice.pl\/wiadomosci\/#website"},"primaryImageOfPage":{"@id":"https:\/\/www.24gliwice.pl\/wiadomosci\/nowa-fabryka-o-powierzchni-ponad-12-tys-m%c2%b2-ruszyla-w-gliwicach-inwestycja-o-wartosci-9-mln-euro\/#primaryimage"},"image":{"@id":"https:\/\/www.24gliwice.pl\/wiadomosci\/nowa-fabryka-o-powierzchni-ponad-12-tys-m%c2%b2-ruszyla-w-gliwicach-inwestycja-o-wartosci-9-mln-euro\/#primaryimage"},"thumbnailUrl":"https:\/\/www.24gliwice.pl\/wiadomosci\/wp-content\/uploads\/2017\/09\/1-BMZ_Poland_1.jpg","datePublished":"2017-09-19T21:21:21+00:00","dateModified":"2017-09-21T00:42:42+00:00","breadcrumb":{"@id":"https:\/\/www.24gliwice.pl\/wiadomosci\/nowa-fabryka-o-powierzchni-ponad-12-tys-m%c2%b2-ruszyla-w-gliwicach-inwestycja-o-wartosci-9-mln-euro\/#breadcrumb"},"inLanguage":"pl-PL","potentialAction":[{"@type":"ReadAction","target":["https:\/\/www.24gliwice.pl\/wiadomosci\/nowa-fabryka-o-powierzchni-ponad-12-tys-m%c2%b2-ruszyla-w-gliwicach-inwestycja-o-wartosci-9-mln-euro\/"]}]},{"@type":"ImageObject","inLanguage":"pl-PL","@id":"https:\/\/www.24gliwice.pl\/wiadomosci\/nowa-fabryka-o-powierzchni-ponad-12-tys-m%c2%b2-ruszyla-w-gliwicach-inwestycja-o-wartosci-9-mln-euro\/#primaryimage","url":"https:\/\/www.24gliwice.pl\/wiadomosci\/wp-content\/uploads\/2017\/09\/1-BMZ_Poland_1.jpg","contentUrl":"https:\/\/www.24gliwice.pl\/wiadomosci\/wp-content\/uploads\/2017\/09\/1-BMZ_Poland_1.jpg","width":1140,"height":478},{"@type":"BreadcrumbList","@id":"https:\/\/www.24gliwice.pl\/wiadomosci\/nowa-fabryka-o-powierzchni-ponad-12-tys-m%c2%b2-ruszyla-w-gliwicach-inwestycja-o-wartosci-9-mln-euro\/#breadcrumb","itemListElement":[{"@type":"ListItem","position":1,"name":"Strona g\u0142\u00f3wna","item":"https:\/\/www.24gliwice.pl\/wiadomosci\/"},{"@type":"ListItem","position":2,"name":"Nowa fabryka o powierzchni ponad 12 tys. m\u00b2 ruszy\u0142a w Gliwicach. Inwestycja o warto\u015bci 9 mln euro"}]},{"@type":"WebSite","@id":"https:\/\/www.24gliwice.pl\/wiadomosci\/#website","url":"https:\/\/www.24gliwice.pl\/wiadomosci\/","name":"24GLIWICE - Portal Gliwice | codziennie nowe wiadomo\u015bci","description":"Portal Miejski Gliwice","publisher":{"@id":"https:\/\/www.24gliwice.pl\/wiadomosci\/#organization"},"potentialAction":[{"@type":"SearchAction","target":{"@type":"EntryPoint","urlTemplate":"https:\/\/www.24gliwice.pl\/wiadomosci\/?s={search_term_string}"},"query-input":{"@type":"PropertyValueSpecification","valueRequired":true,"valueName":"search_term_string"}}],"inLanguage":"pl-PL"},{"@type":"Organization","@id":"https:\/\/www.24gliwice.pl\/wiadomosci\/#organization","name":"24gliwice","url":"https:\/\/www.24gliwice.pl\/wiadomosci\/","logo":{"@type":"ImageObject","inLanguage":"pl-PL","@id":"https:\/\/www.24gliwice.pl\/wiadomosci\/#\/schema\/logo\/image\/","url":"https:\/\/www.24gliwice.pl\/wiadomosci\/wp-content\/uploads\/2024\/10\/24gliwice-logo-696.jpg","contentUrl":"https:\/\/www.24gliwice.pl\/wiadomosci\/wp-content\/uploads\/2024\/10\/24gliwice-logo-696.jpg","width":696,"height":696,"caption":"24gliwice"},"image":{"@id":"https:\/\/www.24gliwice.pl\/wiadomosci\/#\/schema\/logo\/image\/"},"sameAs":["https:\/\/www.facebook.com\/24gliwice","https:\/\/x.com\/24gliwice","https:\/\/www.youtube.com\/@24gliwice"]},{"@type":"Person","@id":"https:\/\/www.24gliwice.pl\/wiadomosci\/#\/schema\/person\/cb5857e4a4d048c15984c1edcc8ef0c0","name":"Marcin Fabrykowski","image":{"@type":"ImageObject","inLanguage":"pl-PL","@id":"https:\/\/www.24gliwice.pl\/wiadomosci\/wp-content\/uploads\/2025\/11\/zdjecie-moje-marcin-300-96x96.jpg","url":"https:\/\/www.24gliwice.pl\/wiadomosci\/wp-content\/uploads\/2025\/11\/zdjecie-moje-marcin-300-96x96.jpg","contentUrl":"https:\/\/www.24gliwice.pl\/wiadomosci\/wp-content\/uploads\/2025\/11\/zdjecie-moje-marcin-300-96x96.jpg","caption":"Marcin Fabrykowski"},"sameAs":["http:\/\/24gliwice.pl","https:\/\/www.facebook.com\/marcin.fabrykowski"],"url":"https:\/\/www.24gliwice.pl\/wiadomosci\/author\/marcin-fabrykowski\/"}]}},"_links":{"self":[{"href":"https:\/\/www.24gliwice.pl\/wiadomosci\/wp-json\/wp\/v2\/posts\/104464","targetHints":{"allow":["GET"]}}],"collection":[{"href":"https:\/\/www.24gliwice.pl\/wiadomosci\/wp-json\/wp\/v2\/posts"}],"about":[{"href":"https:\/\/www.24gliwice.pl\/wiadomosci\/wp-json\/wp\/v2\/types\/post"}],"author":[{"embeddable":true,"href":"https:\/\/www.24gliwice.pl\/wiadomosci\/wp-json\/wp\/v2\/users\/4"}],"replies":[{"embeddable":true,"href":"https:\/\/www.24gliwice.pl\/wiadomosci\/wp-json\/wp\/v2\/comments?post=104464"}],"version-history":[{"count":0,"href":"https:\/\/www.24gliwice.pl\/wiadomosci\/wp-json\/wp\/v2\/posts\/104464\/revisions"}],"wp:featuredmedia":[{"embeddable":true,"href":"https:\/\/www.24gliwice.pl\/wiadomosci\/wp-json\/wp\/v2\/media\/104467"}],"wp:attachment":[{"href":"https:\/\/www.24gliwice.pl\/wiadomosci\/wp-json\/wp\/v2\/media?parent=104464"}],"wp:term":[{"taxonomy":"category","embeddable":true,"href":"https:\/\/www.24gliwice.pl\/wiadomosci\/wp-json\/wp\/v2\/categories?post=104464"},{"taxonomy":"post_tag","embeddable":true,"href":"https:\/\/www.24gliwice.pl\/wiadomosci\/wp-json\/wp\/v2\/tags?post=104464"}],"curies":[{"name":"wp","href":"https:\/\/api.w.org\/{rel}","templated":true}]}}