{"id":104465,"date":"2017-09-20T01:56:20","date_gmt":"2017-09-19T23:56:20","guid":{"rendered":"http:\/\/www.24gliwice.pl\/wiadomosci\/?p=104465"},"modified":"2017-09-20T01:56:20","modified_gmt":"2017-09-19T23:56:20","slug":"od-wtorku-bilet-miesieczny-tylko-za-zlotowke-druga-z-ofert-kolei-slaskich-juz-dostepna","status":"publish","type":"post","link":"https:\/\/www.24gliwice.pl\/wiadomosci\/od-wtorku-bilet-miesieczny-tylko-za-zlotowke-druga-z-ofert-kolei-slaskich-juz-dostepna\/","title":{"rendered":"Od wtorku bilet miesi\u0119czny tylko za z\u0142ot\u00f3wk\u0119. Druga z ofert Kolei \u015al\u0105skich ju\u017c dost\u0119pna"},"content":{"rendered":"<div class=\"gliwi-a6-nad-leadem-artykulow gliwi-entity-placement\" id=\"gliwi-1856896600\"><div class=\"gliwi-adlabel\"><span style=\"font-size: 9px\">REKLAMA<\/span><\/div><div id=\"gliwi-4000859289\" style=\"margin-bottom: 30px;margin-left: auto;margin-right: auto;text-align: center;\"><a data-no-instant=\"1\" href=\"https:\/\/przedszkole.halogen.org.pl\/\" rel=\"noopener\" class=\"a2t-link\" target=\"_blank\" aria-label=\"20260402-ANIMATOR-przedszkole_grafika_750x200\"><img loading=\"lazy\" decoding=\"async\" src=\"https:\/\/www.24gliwice.pl\/wiadomosci\/wp-content\/uploads\/2026\/04\/20260402-ANIMATOR-przedszkole_grafika_750x200.webp\" alt=\"\"  srcset=\"https:\/\/www.24gliwice.pl\/wiadomosci\/wp-content\/uploads\/2026\/04\/20260402-ANIMATOR-przedszkole_grafika_750x200.webp 750w, https:\/\/www.24gliwice.pl\/wiadomosci\/wp-content\/uploads\/2026\/04\/20260402-ANIMATOR-przedszkole_grafika_750x200-410x109.webp 410w\" sizes=\"(max-width: 750px) 100vw, 750px\" class=\"no-lazyload\" width=\"750\" height=\"200\"  style=\"display: inline-block; max-width: 100%; height: auto;\" \/><\/a><\/div><\/div><h4>We wtorek rozpocz\u0119to sprzeda\u017c w ramach drugiej z promocyjnych ofert, kt\u00f3ra zosta\u0142a przygotowana dla student\u00f3w przez Koleje \u015al\u0105skie. \u201eStudenciak\u201d \u2013 bo tak j\u0105 nazwano \u2013 to bilet miesi\u0119czny, imienny, wa\u017cny w wybranej relacji i \u2013 co najwa\u017cniejsze \u2013 w cenie 1 z\u0142.<\/h4>\n<p>\u2013 Pocz\u0105tkowo zak\u0142adali\u015bmy, \u017ce bilety z oferty \u201eStudenciak\u201d b\u0119d\u0105 dost\u0119pne od 1 pa\u017adziernika, ale ostatecznie zdecydowali\u015bmy si\u0119 na start we wcze\u015bniejszym terminie. Liczymy, \u017ce dzi\u0119ki temu jeszcze wi\u0119cej \u015bwie\u017co upieczonych \u017cak\u00f3w skorzysta z naszej propozycji \u2013 m\u00f3wi rzecznik prasowy Kolei \u015al\u0105skich<strong> Micha\u0142 Wawrzaszek<\/strong>.<\/p>\n<p>Celem jesiennych dzia\u0142a\u0144 promocyjnych Kolei \u015al\u0105skich jest zach\u0119cenie student\u00f3w do podr\u00f3\u017cowania poci\u0105gami. \u2013 Chcemy nak\u0142oni\u0107 \u017cak\u00f3w do tego, aby na pocz\u0105tku roku akademickiego sprawdzili, czy podr\u00f3\u017c kolej\u0105 jest dla nich atrakcyjn\u0105 form\u0105 dotarcia na uczelnie. Zainteresowani b\u0119d\u0105 mogli przekona\u0107 si\u0119, \u017ce rezygnacja z auta mo\u017ce oznacza\u0107 nie tylko zaoszcz\u0119dzenie paru z\u0142ot\u00f3wek, ale tak\u017ce oszcz\u0119dzenie sobie stania w korkach lub szukania miejsc na zat\u0142oczonych parkingach pod uczelniami. Mamy nadziej\u0119, \u017ce testy wypadn\u0105 na tyle dobrze, \u017ce grono student\u00f3w zostanie z nami na kolejne miesi\u0105ce, a nawet lata \u2013 dodaje Micha\u0142 Wawrzaszek.<\/p><div class=\"gliwi-a3-w-tresci-artykulow gliwi-entity-placement\" id=\"gliwi-745422949\"><div class=\"gliwi-adlabel\"><span style=\"font-size: 9px\">REKLAMA<\/span><\/div><div id=\"gliwi-1836324355\" style=\"margin-bottom: 30px;margin-left: auto;margin-right: auto;text-align: center;\"><a data-no-instant=\"1\" href=\"https:\/\/zlobek.halogen.org.pl\/\" rel=\"noopener\" class=\"a2t-link\" target=\"_blank\" aria-label=\"animator-zlobek_750x200\"><img loading=\"lazy\" decoding=\"async\" src=\"https:\/\/www.24gliwice.pl\/wiadomosci\/wp-content\/uploads\/2026\/02\/animator-zlobek_750x200.webp\" alt=\"\"  srcset=\"https:\/\/www.24gliwice.pl\/wiadomosci\/wp-content\/uploads\/2026\/02\/animator-zlobek_750x200.webp 750w, https:\/\/www.24gliwice.pl\/wiadomosci\/wp-content\/uploads\/2026\/02\/animator-zlobek_750x200-410x109.webp 410w\" sizes=\"(max-width: 750px) 100vw, 750px\" class=\"no-lazyload\" width=\"750\" height=\"200\"  style=\"display: inline-block; max-width: 100%; height: auto;\" \/><\/a><\/div><\/div>\n<p>Bilety \u201eStudenciak\u201d mog\u0105 kupi\u0107 studenci 1. semestru 1. roku 1. stopnia studi\u00f3w licencjackich i in\u017cynierskich oraz jednolitych magisterskich. S\u0105 to bilety za symboliczn\u0105 z\u0142ot\u00f3wk\u0119, miesi\u0119czne, imienne oraz obowi\u0105zuj\u0105ce w wybranej przez siebie relacji. Zakup biletu mo\u017cliwy jest poprzez platform\u0119 SkyCash \u2013 aplikacj\u0119 obs\u0142ugiwan\u0105 za pomoc\u0105 telefonu kom\u00f3rkowego. Ka\u017cda uprawniona osoba b\u0119dzie mog\u0142a skorzysta\u0107 ze specjalnej oferty jeden raz. Z promocji wy\u0142\u0105czony jest odcinek przygraniczny Cha\u0142upki \u2013 Bohumin.<\/p>\n[perfectpullquote align=&#8221;full&#8221; cite=&#8221;&#8221; link=&#8221;&#8221; color=&#8221;&#8221; class=&#8221;&#8221; size=&#8221;&#8221;]Bilet \u201eStudenciak\u201d jest wa\u017cny z za\u015bwiadczeniem o przyj\u0119ciu na studia potwierdzonym przez dziekanat uczelni. Dokument ten mo\u017cna pobra\u0107 ze strony internetowej Kolei \u015al\u0105skich (http:\/\/kolejeslaskie.com\/rok-studenta\/).[\/perfectpullquote]\n<p>Bilet z oferty \u201eStudenciak\u201d mo\u017cna naby\u0107 od 19 wrze\u015bnia do 31 pa\u017adziernika z terminem wa\u017cno\u015bci jednego miesi\u0105ca od daty zakupu, np. bilet kupiony 5 pa\u017adziernika b\u0119dzie wa\u017cny do 4 listopada.<br \/>\nWarto przypomnie\u0107, \u017ce z pocz\u0105tkiem wrze\u015bnia do sprzeda\u017cy trafi\u0142a pierwsza z ofert dedykowanych studentom \u2013 \u201eStudenciak-Weekend\u201d. Jest to bilet imienny, wa\u017cny w dowolny weekend wrze\u015bnia na przejazd tam i z powrotem w wybranej relacji, dost\u0119pny dla wszystkich \u017cak\u00f3w posiadaj\u0105cych aktualn\u0105 legitymacj\u0119 studenck\u0105. Jego koszt to r\u00f3wnie\u017c 1 z\u0142. Ta wersja biletu jest do kupienia w aplikacji SkyCash do ko\u0144ca wrze\u015bnia.<\/p>\n<p>Dodatkowe informacje dotycz\u0105ce specjalnych ofert dost\u0119pne s\u0105 na stronie internetowej www.kolejeslaskie.com\/rok-studenta.<\/p>\n<div class=\"gliwi-a5-na-koncu-artykulow gliwi-entity-placement\" id=\"gliwi-2047350062\"><div class=\"gliwi-adlabel\"><span style=\"font-size: 9px\">REKLAMA<\/span><\/div><div id=\"gliwi-2307029381\" style=\"margin-left: auto;margin-right: auto;text-align: center;\"><a data-no-instant=\"1\" href=\"https:\/\/www.jasek.pl\/\" rel=\"noopener\" class=\"a2t-link\" target=\"_blank\" aria-label=\"20200401-jasek 600\"><img loading=\"lazy\" decoding=\"async\" src=\"https:\/\/www.24gliwice.pl\/wiadomosci\/wp-content\/uploads\/2020\/04\/20200401-jasek-600.jpg\" alt=\"\"  srcset=\"https:\/\/www.24gliwice.pl\/wiadomosci\/wp-content\/uploads\/2020\/04\/20200401-jasek-600.jpg 600w, https:\/\/www.24gliwice.pl\/wiadomosci\/wp-content\/uploads\/2020\/04\/20200401-jasek-600-410x109.jpg 410w\" sizes=\"(max-width: 600px) 100vw, 600px\" class=\"no-lazyload\" width=\"600\" height=\"160\"  style=\"display: inline-block; max-width: 100%; height: auto;\" \/><\/a><\/div><\/div>","protected":false},"excerpt":{"rendered":"<p>We wtorek rozpocz\u0119to sprzeda\u017c w ramach drugiej z promocyjnych ofert, kt\u00f3ra zosta\u0142a przygotowana dla student\u00f3w przez Koleje \u015al\u0105skie. \u201eStudenciak\u201d \u2013 bo tak j\u0105 nazwano \u2013 to bilet miesi\u0119czny, imienny, wa\u017cny w wybranej relacji i \u2013 co najwa\u017cniejsze \u2013 w cenie 1 z\u0142. \u2013 Pocz\u0105tkowo zak\u0142adali\u015bmy, \u017ce bilety z oferty \u201eStudenciak\u201d b\u0119d\u0105 dost\u0119pne od 1 pa\u017adziernika, [&hellip;]<\/p>\n","protected":false},"author":15,"featured_media":91670,"comment_status":"open","ping_status":"closed","sticky":false,"template":"","format":"standard","meta":{"_monsterinsights_skip_tracking":false,"_monsterinsights_sitenote_active":false,"_monsterinsights_sitenote_note":"","_monsterinsights_sitenote_category":0,"footnotes":"","_links_to":"","_links_to_target":""},"categories":[3,1],"tags":[10073,4687,10243,10074],"class_list":["post-104465","post","type-post","status-publish","format-standard","has-post-thumbnail","hentry","category-gliwice","category-wszystko","tag-bilet-miesieczny","tag-koleje-slaskie","tag-miesieczny-za-zlotowke","tag-studenciak"],"yoast_head":"<!-- This site is optimized with the Yoast SEO plugin v27.5 - https:\/\/yoast.com\/product\/yoast-seo-wordpress\/ -->\n<title>Od wtorku bilet miesi\u0119czny tylko za z\u0142ot\u00f3wk\u0119. Druga z ofert Kolei \u015al\u0105skich ju\u017c dost\u0119pna - 24GLIWICE - Portal Gliwice | codziennie nowe informacje<\/title>\n<meta name=\"robots\" content=\"index, follow, max-snippet:-1, max-image-preview:large, max-video-preview:-1\" \/>\n<link rel=\"canonical\" href=\"https:\/\/www.24gliwice.pl\/wiadomosci\/od-wtorku-bilet-miesieczny-tylko-za-zlotowke-druga-z-ofert-kolei-slaskich-juz-dostepna\/\" \/>\n<meta property=\"og:locale\" content=\"pl_PL\" \/>\n<meta property=\"og:type\" content=\"article\" \/>\n<meta property=\"og:title\" content=\"Od wtorku bilet miesi\u0119czny tylko za z\u0142ot\u00f3wk\u0119. Druga z ofert Kolei \u015al\u0105skich ju\u017c dost\u0119pna - 24GLIWICE - Portal Gliwice | codziennie nowe informacje\" \/>\n<meta property=\"og:description\" content=\"We wtorek rozpocz\u0119to sprzeda\u017c w ramach drugiej z promocyjnych ofert, kt\u00f3ra zosta\u0142a przygotowana dla student\u00f3w przez Koleje \u015al\u0105skie. \u201eStudenciak\u201d \u2013 bo tak j\u0105 nazwano \u2013 to bilet miesi\u0119czny, imienny, wa\u017cny w wybranej relacji i \u2013 co najwa\u017cniejsze \u2013 w cenie 1 z\u0142. \u2013 Pocz\u0105tkowo zak\u0142adali\u015bmy, \u017ce bilety z oferty \u201eStudenciak\u201d b\u0119d\u0105 dost\u0119pne od 1 pa\u017adziernika, [&hellip;]\" \/>\n<meta property=\"og:url\" content=\"https:\/\/www.24gliwice.pl\/wiadomosci\/od-wtorku-bilet-miesieczny-tylko-za-zlotowke-druga-z-ofert-kolei-slaskich-juz-dostepna\/\" \/>\n<meta property=\"og:site_name\" content=\"24GLIWICE - Portal Gliwice | codziennie nowe informacje\" \/>\n<meta property=\"article:publisher\" content=\"https:\/\/www.facebook.com\/24gliwice\" \/>\n<meta property=\"article:published_time\" content=\"2017-09-19T23:56:20+00:00\" \/>\n<meta property=\"og:image\" content=\"https:\/\/www.24gliwice.pl\/wiadomosci\/wp-content\/uploads\/2016\/12\/gliwice-sa-dumne-bo-zle-sie-czul-e1505813320425.jpg\" \/>\n\t<meta property=\"og:image:width\" content=\"810\" \/>\n\t<meta property=\"og:image:height\" content=\"456\" \/>\n\t<meta property=\"og:image:type\" content=\"image\/jpeg\" \/>\n<meta name=\"author\" content=\"\u017baneta Mrozek-Siewierska\" \/>\n<meta name=\"twitter:card\" content=\"summary_large_image\" \/>\n<meta name=\"twitter:creator\" content=\"@24gliwice\" \/>\n<meta name=\"twitter:site\" content=\"@24gliwice\" \/>\n<meta name=\"twitter:label1\" content=\"Napisane przez\" \/>\n\t<meta name=\"twitter:data1\" content=\"\u017baneta Mrozek-Siewierska\" \/>\n\t<meta name=\"twitter:label2\" content=\"Szacowany czas czytania\" \/>\n\t<meta name=\"twitter:data2\" content=\"2 minuty\" \/>\n<script type=\"application\/ld+json\" class=\"yoast-schema-graph\">{\"@context\":\"https:\\\/\\\/schema.org\",\"@graph\":[{\"@type\":\"Article\",\"@id\":\"https:\\\/\\\/www.24gliwice.pl\\\/wiadomosci\\\/od-wtorku-bilet-miesieczny-tylko-za-zlotowke-druga-z-ofert-kolei-slaskich-juz-dostepna\\\/#article\",\"isPartOf\":{\"@id\":\"https:\\\/\\\/www.24gliwice.pl\\\/wiadomosci\\\/od-wtorku-bilet-miesieczny-tylko-za-zlotowke-druga-z-ofert-kolei-slaskich-juz-dostepna\\\/\"},\"author\":{\"name\":\"\u017baneta Mrozek-Siewierska\",\"@id\":\"https:\\\/\\\/www.24gliwice.pl\\\/wiadomosci\\\/#\\\/schema\\\/person\\\/e42c650edd7f2fa332be3811fb166b6e\"},\"headline\":\"Od wtorku bilet miesi\u0119czny tylko za z\u0142ot\u00f3wk\u0119. Druga z ofert Kolei \u015al\u0105skich ju\u017c dost\u0119pna\",\"datePublished\":\"2017-09-19T23:56:20+00:00\",\"mainEntityOfPage\":{\"@id\":\"https:\\\/\\\/www.24gliwice.pl\\\/wiadomosci\\\/od-wtorku-bilet-miesieczny-tylko-za-zlotowke-druga-z-ofert-kolei-slaskich-juz-dostepna\\\/\"},\"wordCount\":464,\"commentCount\":0,\"publisher\":{\"@id\":\"https:\\\/\\\/www.24gliwice.pl\\\/wiadomosci\\\/#organization\"},\"image\":{\"@id\":\"https:\\\/\\\/www.24gliwice.pl\\\/wiadomosci\\\/od-wtorku-bilet-miesieczny-tylko-za-zlotowke-druga-z-ofert-kolei-slaskich-juz-dostepna\\\/#primaryimage\"},\"thumbnailUrl\":\"https:\\\/\\\/www.24gliwice.pl\\\/wiadomosci\\\/wp-content\\\/uploads\\\/2016\\\/12\\\/gliwice-sa-dumne-bo-zle-sie-czul-e1505813320425.jpg\",\"keywords\":[\"bilet miesi\u0119czny\",\"KOLEJE \u015aL\u0104SKIE\",\"miesi\u0119czny za z\u0142ot\u00f3wk\u0119\",\"studenciak\"],\"articleSection\":[\"Gliwice\",\"Najnowsze wiadomo\u015bci\"],\"inLanguage\":\"pl-PL\",\"potentialAction\":[{\"@type\":\"CommentAction\",\"name\":\"Comment\",\"target\":[\"https:\\\/\\\/www.24gliwice.pl\\\/wiadomosci\\\/od-wtorku-bilet-miesieczny-tylko-za-zlotowke-druga-z-ofert-kolei-slaskich-juz-dostepna\\\/#respond\"]}]},{\"@type\":\"WebPage\",\"@id\":\"https:\\\/\\\/www.24gliwice.pl\\\/wiadomosci\\\/od-wtorku-bilet-miesieczny-tylko-za-zlotowke-druga-z-ofert-kolei-slaskich-juz-dostepna\\\/\",\"url\":\"https:\\\/\\\/www.24gliwice.pl\\\/wiadomosci\\\/od-wtorku-bilet-miesieczny-tylko-za-zlotowke-druga-z-ofert-kolei-slaskich-juz-dostepna\\\/\",\"name\":\"Od wtorku bilet miesi\u0119czny tylko za z\u0142ot\u00f3wk\u0119. Druga z ofert Kolei \u015al\u0105skich ju\u017c dost\u0119pna - 24GLIWICE - Portal Gliwice | codziennie nowe informacje\",\"isPartOf\":{\"@id\":\"https:\\\/\\\/www.24gliwice.pl\\\/wiadomosci\\\/#website\"},\"primaryImageOfPage\":{\"@id\":\"https:\\\/\\\/www.24gliwice.pl\\\/wiadomosci\\\/od-wtorku-bilet-miesieczny-tylko-za-zlotowke-druga-z-ofert-kolei-slaskich-juz-dostepna\\\/#primaryimage\"},\"image\":{\"@id\":\"https:\\\/\\\/www.24gliwice.pl\\\/wiadomosci\\\/od-wtorku-bilet-miesieczny-tylko-za-zlotowke-druga-z-ofert-kolei-slaskich-juz-dostepna\\\/#primaryimage\"},\"thumbnailUrl\":\"https:\\\/\\\/www.24gliwice.pl\\\/wiadomosci\\\/wp-content\\\/uploads\\\/2016\\\/12\\\/gliwice-sa-dumne-bo-zle-sie-czul-e1505813320425.jpg\",\"datePublished\":\"2017-09-19T23:56:20+00:00\",\"breadcrumb\":{\"@id\":\"https:\\\/\\\/www.24gliwice.pl\\\/wiadomosci\\\/od-wtorku-bilet-miesieczny-tylko-za-zlotowke-druga-z-ofert-kolei-slaskich-juz-dostepna\\\/#breadcrumb\"},\"inLanguage\":\"pl-PL\",\"potentialAction\":[{\"@type\":\"ReadAction\",\"target\":[\"https:\\\/\\\/www.24gliwice.pl\\\/wiadomosci\\\/od-wtorku-bilet-miesieczny-tylko-za-zlotowke-druga-z-ofert-kolei-slaskich-juz-dostepna\\\/\"]}]},{\"@type\":\"ImageObject\",\"inLanguage\":\"pl-PL\",\"@id\":\"https:\\\/\\\/www.24gliwice.pl\\\/wiadomosci\\\/od-wtorku-bilet-miesieczny-tylko-za-zlotowke-druga-z-ofert-kolei-slaskich-juz-dostepna\\\/#primaryimage\",\"url\":\"https:\\\/\\\/www.24gliwice.pl\\\/wiadomosci\\\/wp-content\\\/uploads\\\/2016\\\/12\\\/gliwice-sa-dumne-bo-zle-sie-czul-e1505813320425.jpg\",\"contentUrl\":\"https:\\\/\\\/www.24gliwice.pl\\\/wiadomosci\\\/wp-content\\\/uploads\\\/2016\\\/12\\\/gliwice-sa-dumne-bo-zle-sie-czul-e1505813320425.jpg\",\"width\":810,\"height\":456},{\"@type\":\"BreadcrumbList\",\"@id\":\"https:\\\/\\\/www.24gliwice.pl\\\/wiadomosci\\\/od-wtorku-bilet-miesieczny-tylko-za-zlotowke-druga-z-ofert-kolei-slaskich-juz-dostepna\\\/#breadcrumb\",\"itemListElement\":[{\"@type\":\"ListItem\",\"position\":1,\"name\":\"Strona g\u0142\u00f3wna\",\"item\":\"https:\\\/\\\/www.24gliwice.pl\\\/wiadomosci\\\/\"},{\"@type\":\"ListItem\",\"position\":2,\"name\":\"Od wtorku bilet miesi\u0119czny tylko za z\u0142ot\u00f3wk\u0119. Druga z ofert Kolei \u015al\u0105skich ju\u017c dost\u0119pna\"}]},{\"@type\":\"WebSite\",\"@id\":\"https:\\\/\\\/www.24gliwice.pl\\\/wiadomosci\\\/#website\",\"url\":\"https:\\\/\\\/www.24gliwice.pl\\\/wiadomosci\\\/\",\"name\":\"24GLIWICE - Portal Gliwice | codziennie nowe wiadomo\u015bci\",\"description\":\"Portal Miejski Gliwice\",\"publisher\":{\"@id\":\"https:\\\/\\\/www.24gliwice.pl\\\/wiadomosci\\\/#organization\"},\"potentialAction\":[{\"@type\":\"SearchAction\",\"target\":{\"@type\":\"EntryPoint\",\"urlTemplate\":\"https:\\\/\\\/www.24gliwice.pl\\\/wiadomosci\\\/?s={search_term_string}\"},\"query-input\":{\"@type\":\"PropertyValueSpecification\",\"valueRequired\":true,\"valueName\":\"search_term_string\"}}],\"inLanguage\":\"pl-PL\"},{\"@type\":\"Organization\",\"@id\":\"https:\\\/\\\/www.24gliwice.pl\\\/wiadomosci\\\/#organization\",\"name\":\"24gliwice\",\"url\":\"https:\\\/\\\/www.24gliwice.pl\\\/wiadomosci\\\/\",\"logo\":{\"@type\":\"ImageObject\",\"inLanguage\":\"pl-PL\",\"@id\":\"https:\\\/\\\/www.24gliwice.pl\\\/wiadomosci\\\/#\\\/schema\\\/logo\\\/image\\\/\",\"url\":\"https:\\\/\\\/www.24gliwice.pl\\\/wiadomosci\\\/wp-content\\\/uploads\\\/2024\\\/10\\\/24gliwice-logo-696.jpg\",\"contentUrl\":\"https:\\\/\\\/www.24gliwice.pl\\\/wiadomosci\\\/wp-content\\\/uploads\\\/2024\\\/10\\\/24gliwice-logo-696.jpg\",\"width\":696,\"height\":696,\"caption\":\"24gliwice\"},\"image\":{\"@id\":\"https:\\\/\\\/www.24gliwice.pl\\\/wiadomosci\\\/#\\\/schema\\\/logo\\\/image\\\/\"},\"sameAs\":[\"https:\\\/\\\/www.facebook.com\\\/24gliwice\",\"https:\\\/\\\/x.com\\\/24gliwice\",\"https:\\\/\\\/www.youtube.com\\\/@24gliwice\"]},{\"@type\":\"Person\",\"@id\":\"https:\\\/\\\/www.24gliwice.pl\\\/wiadomosci\\\/#\\\/schema\\\/person\\\/e42c650edd7f2fa332be3811fb166b6e\",\"name\":\"\u017baneta Mrozek-Siewierska\",\"image\":{\"@type\":\"ImageObject\",\"inLanguage\":\"pl-PL\",\"@id\":\"https:\\\/\\\/secure.gravatar.com\\\/avatar\\\/1881429e9c64597c77ad7aef2d0a19be69a3253e57534d16aa15bf3a4d34a0a3?s=96&d=mm&r=g\",\"url\":\"https:\\\/\\\/secure.gravatar.com\\\/avatar\\\/1881429e9c64597c77ad7aef2d0a19be69a3253e57534d16aa15bf3a4d34a0a3?s=96&d=mm&r=g\",\"contentUrl\":\"https:\\\/\\\/secure.gravatar.com\\\/avatar\\\/1881429e9c64597c77ad7aef2d0a19be69a3253e57534d16aa15bf3a4d34a0a3?s=96&d=mm&r=g\",\"caption\":\"\u017baneta Mrozek-Siewierska\"},\"url\":\"https:\\\/\\\/www.24gliwice.pl\\\/wiadomosci\\\/author\\\/zms\\\/\"}]}<\/script>\n<!-- \/ Yoast SEO plugin. -->","yoast_head_json":{"title":"Od wtorku bilet miesi\u0119czny tylko za z\u0142ot\u00f3wk\u0119. Druga z ofert Kolei \u015al\u0105skich ju\u017c dost\u0119pna - 24GLIWICE - Portal Gliwice | codziennie nowe informacje","robots":{"index":"index","follow":"follow","max-snippet":"max-snippet:-1","max-image-preview":"max-image-preview:large","max-video-preview":"max-video-preview:-1"},"canonical":"https:\/\/www.24gliwice.pl\/wiadomosci\/od-wtorku-bilet-miesieczny-tylko-za-zlotowke-druga-z-ofert-kolei-slaskich-juz-dostepna\/","og_locale":"pl_PL","og_type":"article","og_title":"Od wtorku bilet miesi\u0119czny tylko za z\u0142ot\u00f3wk\u0119. Druga z ofert Kolei \u015al\u0105skich ju\u017c dost\u0119pna - 24GLIWICE - Portal Gliwice | codziennie nowe informacje","og_description":"We wtorek rozpocz\u0119to sprzeda\u017c w ramach drugiej z promocyjnych ofert, kt\u00f3ra zosta\u0142a przygotowana dla student\u00f3w przez Koleje \u015al\u0105skie. \u201eStudenciak\u201d \u2013 bo tak j\u0105 nazwano \u2013 to bilet miesi\u0119czny, imienny, wa\u017cny w wybranej relacji i \u2013 co najwa\u017cniejsze \u2013 w cenie 1 z\u0142. \u2013 Pocz\u0105tkowo zak\u0142adali\u015bmy, \u017ce bilety z oferty \u201eStudenciak\u201d b\u0119d\u0105 dost\u0119pne od 1 pa\u017adziernika, [&hellip;]","og_url":"https:\/\/www.24gliwice.pl\/wiadomosci\/od-wtorku-bilet-miesieczny-tylko-za-zlotowke-druga-z-ofert-kolei-slaskich-juz-dostepna\/","og_site_name":"24GLIWICE - Portal Gliwice | codziennie nowe informacje","article_publisher":"https:\/\/www.facebook.com\/24gliwice","article_published_time":"2017-09-19T23:56:20+00:00","og_image":[{"width":810,"height":456,"url":"https:\/\/www.24gliwice.pl\/wiadomosci\/wp-content\/uploads\/2016\/12\/gliwice-sa-dumne-bo-zle-sie-czul-e1505813320425.jpg","type":"image\/jpeg"}],"author":"\u017baneta Mrozek-Siewierska","twitter_card":"summary_large_image","twitter_creator":"@24gliwice","twitter_site":"@24gliwice","twitter_misc":{"Napisane przez":"\u017baneta Mrozek-Siewierska","Szacowany czas czytania":"2 minuty"},"schema":{"@context":"https:\/\/schema.org","@graph":[{"@type":"Article","@id":"https:\/\/www.24gliwice.pl\/wiadomosci\/od-wtorku-bilet-miesieczny-tylko-za-zlotowke-druga-z-ofert-kolei-slaskich-juz-dostepna\/#article","isPartOf":{"@id":"https:\/\/www.24gliwice.pl\/wiadomosci\/od-wtorku-bilet-miesieczny-tylko-za-zlotowke-druga-z-ofert-kolei-slaskich-juz-dostepna\/"},"author":{"name":"\u017baneta Mrozek-Siewierska","@id":"https:\/\/www.24gliwice.pl\/wiadomosci\/#\/schema\/person\/e42c650edd7f2fa332be3811fb166b6e"},"headline":"Od wtorku bilet miesi\u0119czny tylko za z\u0142ot\u00f3wk\u0119. Druga z ofert Kolei \u015al\u0105skich ju\u017c dost\u0119pna","datePublished":"2017-09-19T23:56:20+00:00","mainEntityOfPage":{"@id":"https:\/\/www.24gliwice.pl\/wiadomosci\/od-wtorku-bilet-miesieczny-tylko-za-zlotowke-druga-z-ofert-kolei-slaskich-juz-dostepna\/"},"wordCount":464,"commentCount":0,"publisher":{"@id":"https:\/\/www.24gliwice.pl\/wiadomosci\/#organization"},"image":{"@id":"https:\/\/www.24gliwice.pl\/wiadomosci\/od-wtorku-bilet-miesieczny-tylko-za-zlotowke-druga-z-ofert-kolei-slaskich-juz-dostepna\/#primaryimage"},"thumbnailUrl":"https:\/\/www.24gliwice.pl\/wiadomosci\/wp-content\/uploads\/2016\/12\/gliwice-sa-dumne-bo-zle-sie-czul-e1505813320425.jpg","keywords":["bilet miesi\u0119czny","KOLEJE \u015aL\u0104SKIE","miesi\u0119czny za z\u0142ot\u00f3wk\u0119","studenciak"],"articleSection":["Gliwice","Najnowsze wiadomo\u015bci"],"inLanguage":"pl-PL","potentialAction":[{"@type":"CommentAction","name":"Comment","target":["https:\/\/www.24gliwice.pl\/wiadomosci\/od-wtorku-bilet-miesieczny-tylko-za-zlotowke-druga-z-ofert-kolei-slaskich-juz-dostepna\/#respond"]}]},{"@type":"WebPage","@id":"https:\/\/www.24gliwice.pl\/wiadomosci\/od-wtorku-bilet-miesieczny-tylko-za-zlotowke-druga-z-ofert-kolei-slaskich-juz-dostepna\/","url":"https:\/\/www.24gliwice.pl\/wiadomosci\/od-wtorku-bilet-miesieczny-tylko-za-zlotowke-druga-z-ofert-kolei-slaskich-juz-dostepna\/","name":"Od wtorku bilet miesi\u0119czny tylko za z\u0142ot\u00f3wk\u0119. Druga z ofert Kolei \u015al\u0105skich ju\u017c dost\u0119pna - 24GLIWICE - Portal Gliwice | codziennie nowe informacje","isPartOf":{"@id":"https:\/\/www.24gliwice.pl\/wiadomosci\/#website"},"primaryImageOfPage":{"@id":"https:\/\/www.24gliwice.pl\/wiadomosci\/od-wtorku-bilet-miesieczny-tylko-za-zlotowke-druga-z-ofert-kolei-slaskich-juz-dostepna\/#primaryimage"},"image":{"@id":"https:\/\/www.24gliwice.pl\/wiadomosci\/od-wtorku-bilet-miesieczny-tylko-za-zlotowke-druga-z-ofert-kolei-slaskich-juz-dostepna\/#primaryimage"},"thumbnailUrl":"https:\/\/www.24gliwice.pl\/wiadomosci\/wp-content\/uploads\/2016\/12\/gliwice-sa-dumne-bo-zle-sie-czul-e1505813320425.jpg","datePublished":"2017-09-19T23:56:20+00:00","breadcrumb":{"@id":"https:\/\/www.24gliwice.pl\/wiadomosci\/od-wtorku-bilet-miesieczny-tylko-za-zlotowke-druga-z-ofert-kolei-slaskich-juz-dostepna\/#breadcrumb"},"inLanguage":"pl-PL","potentialAction":[{"@type":"ReadAction","target":["https:\/\/www.24gliwice.pl\/wiadomosci\/od-wtorku-bilet-miesieczny-tylko-za-zlotowke-druga-z-ofert-kolei-slaskich-juz-dostepna\/"]}]},{"@type":"ImageObject","inLanguage":"pl-PL","@id":"https:\/\/www.24gliwice.pl\/wiadomosci\/od-wtorku-bilet-miesieczny-tylko-za-zlotowke-druga-z-ofert-kolei-slaskich-juz-dostepna\/#primaryimage","url":"https:\/\/www.24gliwice.pl\/wiadomosci\/wp-content\/uploads\/2016\/12\/gliwice-sa-dumne-bo-zle-sie-czul-e1505813320425.jpg","contentUrl":"https:\/\/www.24gliwice.pl\/wiadomosci\/wp-content\/uploads\/2016\/12\/gliwice-sa-dumne-bo-zle-sie-czul-e1505813320425.jpg","width":810,"height":456},{"@type":"BreadcrumbList","@id":"https:\/\/www.24gliwice.pl\/wiadomosci\/od-wtorku-bilet-miesieczny-tylko-za-zlotowke-druga-z-ofert-kolei-slaskich-juz-dostepna\/#breadcrumb","itemListElement":[{"@type":"ListItem","position":1,"name":"Strona g\u0142\u00f3wna","item":"https:\/\/www.24gliwice.pl\/wiadomosci\/"},{"@type":"ListItem","position":2,"name":"Od wtorku bilet miesi\u0119czny tylko za z\u0142ot\u00f3wk\u0119. Druga z ofert Kolei \u015al\u0105skich ju\u017c dost\u0119pna"}]},{"@type":"WebSite","@id":"https:\/\/www.24gliwice.pl\/wiadomosci\/#website","url":"https:\/\/www.24gliwice.pl\/wiadomosci\/","name":"24GLIWICE - Portal Gliwice | codziennie nowe wiadomo\u015bci","description":"Portal Miejski Gliwice","publisher":{"@id":"https:\/\/www.24gliwice.pl\/wiadomosci\/#organization"},"potentialAction":[{"@type":"SearchAction","target":{"@type":"EntryPoint","urlTemplate":"https:\/\/www.24gliwice.pl\/wiadomosci\/?s={search_term_string}"},"query-input":{"@type":"PropertyValueSpecification","valueRequired":true,"valueName":"search_term_string"}}],"inLanguage":"pl-PL"},{"@type":"Organization","@id":"https:\/\/www.24gliwice.pl\/wiadomosci\/#organization","name":"24gliwice","url":"https:\/\/www.24gliwice.pl\/wiadomosci\/","logo":{"@type":"ImageObject","inLanguage":"pl-PL","@id":"https:\/\/www.24gliwice.pl\/wiadomosci\/#\/schema\/logo\/image\/","url":"https:\/\/www.24gliwice.pl\/wiadomosci\/wp-content\/uploads\/2024\/10\/24gliwice-logo-696.jpg","contentUrl":"https:\/\/www.24gliwice.pl\/wiadomosci\/wp-content\/uploads\/2024\/10\/24gliwice-logo-696.jpg","width":696,"height":696,"caption":"24gliwice"},"image":{"@id":"https:\/\/www.24gliwice.pl\/wiadomosci\/#\/schema\/logo\/image\/"},"sameAs":["https:\/\/www.facebook.com\/24gliwice","https:\/\/x.com\/24gliwice","https:\/\/www.youtube.com\/@24gliwice"]},{"@type":"Person","@id":"https:\/\/www.24gliwice.pl\/wiadomosci\/#\/schema\/person\/e42c650edd7f2fa332be3811fb166b6e","name":"\u017baneta Mrozek-Siewierska","image":{"@type":"ImageObject","inLanguage":"pl-PL","@id":"https:\/\/secure.gravatar.com\/avatar\/1881429e9c64597c77ad7aef2d0a19be69a3253e57534d16aa15bf3a4d34a0a3?s=96&d=mm&r=g","url":"https:\/\/secure.gravatar.com\/avatar\/1881429e9c64597c77ad7aef2d0a19be69a3253e57534d16aa15bf3a4d34a0a3?s=96&d=mm&r=g","contentUrl":"https:\/\/secure.gravatar.com\/avatar\/1881429e9c64597c77ad7aef2d0a19be69a3253e57534d16aa15bf3a4d34a0a3?s=96&d=mm&r=g","caption":"\u017baneta Mrozek-Siewierska"},"url":"https:\/\/www.24gliwice.pl\/wiadomosci\/author\/zms\/"}]}},"_links":{"self":[{"href":"https:\/\/www.24gliwice.pl\/wiadomosci\/wp-json\/wp\/v2\/posts\/104465","targetHints":{"allow":["GET"]}}],"collection":[{"href":"https:\/\/www.24gliwice.pl\/wiadomosci\/wp-json\/wp\/v2\/posts"}],"about":[{"href":"https:\/\/www.24gliwice.pl\/wiadomosci\/wp-json\/wp\/v2\/types\/post"}],"author":[{"embeddable":true,"href":"https:\/\/www.24gliwice.pl\/wiadomosci\/wp-json\/wp\/v2\/users\/15"}],"replies":[{"embeddable":true,"href":"https:\/\/www.24gliwice.pl\/wiadomosci\/wp-json\/wp\/v2\/comments?post=104465"}],"version-history":[{"count":0,"href":"https:\/\/www.24gliwice.pl\/wiadomosci\/wp-json\/wp\/v2\/posts\/104465\/revisions"}],"wp:featuredmedia":[{"embeddable":true,"href":"https:\/\/www.24gliwice.pl\/wiadomosci\/wp-json\/wp\/v2\/media\/91670"}],"wp:attachment":[{"href":"https:\/\/www.24gliwice.pl\/wiadomosci\/wp-json\/wp\/v2\/media?parent=104465"}],"wp:term":[{"taxonomy":"category","embeddable":true,"href":"https:\/\/www.24gliwice.pl\/wiadomosci\/wp-json\/wp\/v2\/categories?post=104465"},{"taxonomy":"post_tag","embeddable":true,"href":"https:\/\/www.24gliwice.pl\/wiadomosci\/wp-json\/wp\/v2\/tags?post=104465"}],"curies":[{"name":"wp","href":"https:\/\/api.w.org\/{rel}","templated":true}]}}