{"id":104472,"date":"2017-09-19T16:46:35","date_gmt":"2017-09-19T14:46:35","guid":{"rendered":"http:\/\/www.24gliwice.pl\/wiadomosci\/?p=104472"},"modified":"2024-08-20T02:01:14","modified_gmt":"2024-08-20T00:01:14","slug":"nowy-trener-niebiesko-czerwonych-jest-juz-znany-wczesniej-prowadzil-ruch-chorzow","status":"publish","type":"post","link":"https:\/\/www.24gliwice.pl\/wiadomosci\/nowy-trener-niebiesko-czerwonych-jest-juz-znany-wczesniej-prowadzil-ruch-chorzow\/","title":{"rendered":"Nowy trener Niebiesko-Czerwonych jest ju\u017c znany. Wcze\u015bniej prowadzi\u0142 Ruch Chorz\u00f3w"},"content":{"rendered":"<div class=\"gliwi-a6-nad-leadem-artykulow gliwi-entity-placement\" id=\"gliwi-179786071\"><div class=\"gliwi-adlabel\"><span style=\"font-size: 9px\">REKLAMA<\/span><\/div><div id=\"gliwi-3566534802\" style=\"margin-bottom: 25px;margin-left: auto;margin-right: auto;text-align: center;\"><a data-no-instant=\"1\" href=\"https:\/\/dom100.eu\/\" rel=\"noopener\" class=\"a2t-link\" target=\"_blank\" aria-label=\"20260415 DOM100 D\"><img loading=\"lazy\" decoding=\"async\" src=\"https:\/\/www.24gliwice.pl\/wiadomosci\/wp-content\/uploads\/2026\/04\/20260415-DOM100-D.jpg\" alt=\"\"  srcset=\"https:\/\/www.24gliwice.pl\/wiadomosci\/wp-content\/uploads\/2026\/04\/20260415-DOM100-D.jpg 750w, https:\/\/www.24gliwice.pl\/wiadomosci\/wp-content\/uploads\/2026\/04\/20260415-DOM100-D-410x109.jpg 410w\" sizes=\"(max-width: 750px) 100vw, 750px\" class=\"no-lazyload\" width=\"750\" height=\"200\"  style=\"display: inline-block; max-width: 100%; height: auto;\" \/><\/a><\/div><\/div><h3>S\u0142abe wyniki Piasta Gliwice w sezonie 2017\/18 spowodowa\u0142y, \u017ce w klubie zacz\u0119to rozgl\u0105da\u0107 si\u0119 za nowym trenerem. Spekulacje na ten temat pojawi\u0142y si\u0119 ju\u017c miesi\u0105c temu.<\/h3>\n<p>W ci\u0105gu ostatnich 9 kolejek ekstraklasy Piast zremisowa\u0142 2 mecze, a 2 zako\u0144czy\u0142 z 3 punktami na koncie. Pozosta\u0142e 5 spotka\u0144 zako\u0144czy\u0142o si\u0119 pora\u017ck\u0105 Niebiesko-Czerwonych. W efekcie klub, kt\u00f3ry w zesz\u0142ym sezonie otar\u0142 si\u0119 o spadek do I ligi, teraz r\u00f3wnie\u017c obstawia ostatnie miejsca w tabeli.<\/p>\n<p>&#8211; <strong>Dariusz Wdowczyk<\/strong> nie jest ju\u017c trenerem Piasta. Funkcj\u0119 nowego trenera jeszcze dzisiaj obejmie by\u0142y selekcjoner Reprezentacji <strong>Waldemar Fornalik<\/strong> &#8211; poinformowa\u0142 we wtorek serwis kibic\u00f3w Piasta Gliwice, piastgliwice.eu.<\/p><div class=\"gliwi-a3-w-tresci-artykulow gliwi-entity-placement\" id=\"gliwi-327862149\"><div class=\"gliwi-adlabel\"><span style=\"font-size: 9px\">REKLAMA<\/span><\/div><div id=\"gliwi-4021587170\" style=\"margin-bottom: 30px;margin-left: auto;margin-right: auto;text-align: center;\"><a data-no-instant=\"1\" href=\"https:\/\/zlobek.halogen.org.pl\/\" rel=\"noopener\" class=\"a2t-link\" target=\"_blank\" aria-label=\"animator-zlobek_750x200\"><img loading=\"lazy\" decoding=\"async\" src=\"https:\/\/www.24gliwice.pl\/wiadomosci\/wp-content\/uploads\/2026\/02\/animator-zlobek_750x200.webp\" alt=\"\"  srcset=\"https:\/\/www.24gliwice.pl\/wiadomosci\/wp-content\/uploads\/2026\/02\/animator-zlobek_750x200.webp 750w, https:\/\/www.24gliwice.pl\/wiadomosci\/wp-content\/uploads\/2026\/02\/animator-zlobek_750x200-410x109.webp 410w\" sizes=\"(max-width: 750px) 100vw, 750px\" class=\"no-lazyload\" width=\"750\" height=\"200\"  style=\"display: inline-block; max-width: 100%; height: auto;\" \/><\/a><\/div><\/div>\n<blockquote><p>Trener\u00f3w w Polsce zwalnia si\u0119 za szybko, cz\u0119sto staj\u0105 si\u0119 zabawkami w r\u0119kach pracodawc\u00f3w, co chwila si\u0119 o tym kto\u015b przekonuje<\/p><\/blockquote>\n<p>\u2013 m\u00f3wi\u0142 w poniedzia\u0142ek Dariusz Wdowczyk dla serwisu <a href=\"http:\/\/przegladsportowy.pl\" target=\"_blank\" rel=\"noopener\">przegladsportowy.pl<\/a>.<\/p>\n<p>\u2013 Najpierw przychodzi szkoleniowiec i jest super. Dzia\u0142a efekt nowej miot\u0142y i tak dalej. A za chwil\u0119 ten sam trener jednak jest ju\u017c z\u0142y, wi\u0119c trzeba go wymieni\u0107. Bierze si\u0119 kogo\u015b innego i historia powtarza si\u0119 od pocz\u0105tku. W tym wszystkim szkoleniowcy staj\u0105 si\u0119 tylko jakim\u015b dziwnym dodatkiem &#8211; doda\u0142.<\/p>\n<p>S\u0142aby wynik sportowy to nie jedyny problem Wdowczyka. Trener znany jest z tego, \u017ce publicznie krytykuje swoich zawodnik\u00f3w. Nie wp\u0142ywa to pozytywnie na relacje na boisku. Nie bez znaczenia pozostaje, \u017ce potrafi te\u017c wbi\u0107 szpil\u0119 w\u0142adzom klubu.<\/p>\n<p>Waldemar Fornalik to by\u0142y pi\u0142karz i trener pi\u0142karski, kt\u00f3ry na koncie ma m.in. bycie selekcjonerem reprezentacji Polski. Ostatnim jego klubem by\u0142 Ruch Chorz\u00f3w, z kt\u00f3rym rozsta\u0142 si\u0119 w trakcie sezonu. Powodem jego odej\u015bcia mia\u0142a by\u0107 napi\u0119ta atmosfera w klubie niebieskich.<\/p>\n<h4>Nie wszystkim si\u0119 to podoba<\/h4>\n<p>W\u015br\u00f3d kibic\u00f3w opinie s\u0105 podzielone. &#8211; My\u015bl\u0119 ze Fornalik ogarnie temat :) Jeszcze b\u0119dziecie pisa\u0107 ze to by\u0142a dobra decyzja zmiana trenera &#8211; pojawi\u0142o si\u0119 w komentarzach <strong>internaut\u00f3w<\/strong>.<\/p>\n<blockquote><p>Zostawi\u0142 sw\u00f3j ukochany Ruch na dnie i pierwszy uciek\u0142 &#8211; nie takiego kapitana nam potrzeba&#8230;<\/p><\/blockquote>\n<p>&#8211; pisze inny <strong>kibic<\/strong>.<\/p>\n<p>&#8211; Wdowczyk powinien zosta\u0107, a nie, \u017ce go zwalniaj\u0105. Panowie tu guzik da kolejna zmiana trenera robicie sieczk\u0119 w g\u0142owach ch\u0142opak\u00f3w. Ile jeszcze zmienia\u0107 b\u0119dziecie?! Latal nie. Wdowczyk nie. Ale Fornalik to Tak. 1 Liga Witaj jak byk. Wstyd i ha\u0144ba &#8211; denerwuje si\u0119 <strong>internautka<\/strong>.<\/p>\n<p>Po 9 kolejkach Piast Gliwice znajduje si\u0119 na niechlubnym 14 miejscu w tabeli. Nowy trener b\u0119dzie musia\u0142 szybko wej\u015b\u0107 w swoj\u0105 rol\u0119 w klubie. To czy mu si\u0119 uda\u0142o poka\u017ce czas.<\/p>\n<p>(\u017cms)<\/p>\n<div class=\"gliwi-a5-na-koncu-artykulow gliwi-entity-placement\" id=\"gliwi-3877803139\"><div class=\"gliwi-adlabel\"><span style=\"font-size: 9px\">REKLAMA<\/span><\/div><div id=\"gliwi-1232931875\" style=\"margin-left: auto;margin-right: auto;text-align: center;\"><a data-no-instant=\"1\" href=\"https:\/\/www.jasek.pl\/\" rel=\"noopener\" class=\"a2t-link\" target=\"_blank\" aria-label=\"20200401-jasek 600\"><img loading=\"lazy\" decoding=\"async\" src=\"https:\/\/www.24gliwice.pl\/wiadomosci\/wp-content\/uploads\/2020\/04\/20200401-jasek-600.jpg\" alt=\"\"  srcset=\"https:\/\/www.24gliwice.pl\/wiadomosci\/wp-content\/uploads\/2020\/04\/20200401-jasek-600.jpg 600w, https:\/\/www.24gliwice.pl\/wiadomosci\/wp-content\/uploads\/2020\/04\/20200401-jasek-600-410x109.jpg 410w\" sizes=\"(max-width: 600px) 100vw, 600px\" class=\"no-lazyload\" width=\"600\" height=\"160\"  style=\"display: inline-block; max-width: 100%; height: auto;\" \/><\/a><\/div><\/div>","protected":false},"excerpt":{"rendered":"<p>S\u0142abe wyniki Piasta Gliwice w sezonie 2017\/18 spowodowa\u0142y, \u017ce w klubie zacz\u0119to rozgl\u0105da\u0107 si\u0119 za nowym trenerem. Spekulacje na ten temat pojawi\u0142y si\u0119 ju\u017c miesi\u0105c temu. W ci\u0105gu ostatnich 9 kolejek ekstraklasy Piast zremisowa\u0142 2 mecze, a 2 zako\u0144czy\u0142 z 3 punktami na koncie. Pozosta\u0142e 5 spotka\u0144 zako\u0144czy\u0142o si\u0119 pora\u017ck\u0105 Niebiesko-Czerwonych. W efekcie klub, kt\u00f3ry [&hellip;]<\/p>\n","protected":false},"author":15,"featured_media":101499,"comment_status":"open","ping_status":"closed","sticky":false,"template":"","format":"standard","meta":{"_monsterinsights_skip_tracking":false,"_monsterinsights_sitenote_active":false,"_monsterinsights_sitenote_note":"","_monsterinsights_sitenote_category":0,"footnotes":"","_links_to":"","_links_to_target":""},"categories":[3,1,23842],"tags":[119,8735],"class_list":["post-104472","post","type-post","status-publish","format-standard","has-post-thumbnail","hentry","category-gliwice","category-wszystko","category-sport_gliwice","tag-piast","tag-trener"],"yoast_head":"<!-- This site is optimized with the Yoast SEO plugin v27.5 - https:\/\/yoast.com\/product\/yoast-seo-wordpress\/ -->\n<title>Nowy trener Niebiesko-Czerwonych jest ju\u017c znany. Wcze\u015bniej prowadzi\u0142 Ruch Chorz\u00f3w - 24GLIWICE - Portal Gliwice | codziennie nowe informacje<\/title>\n<meta name=\"robots\" content=\"index, follow, max-snippet:-1, max-image-preview:large, max-video-preview:-1\" \/>\n<link rel=\"canonical\" href=\"https:\/\/www.24gliwice.pl\/wiadomosci\/nowy-trener-niebiesko-czerwonych-jest-juz-znany-wczesniej-prowadzil-ruch-chorzow\/\" \/>\n<meta property=\"og:locale\" content=\"pl_PL\" \/>\n<meta property=\"og:type\" content=\"article\" \/>\n<meta property=\"og:title\" content=\"Nowy trener Niebiesko-Czerwonych jest ju\u017c znany. Wcze\u015bniej prowadzi\u0142 Ruch Chorz\u00f3w - 24GLIWICE - Portal Gliwice | codziennie nowe informacje\" \/>\n<meta property=\"og:description\" content=\"S\u0142abe wyniki Piasta Gliwice w sezonie 2017\/18 spowodowa\u0142y, \u017ce w klubie zacz\u0119to rozgl\u0105da\u0107 si\u0119 za nowym trenerem. Spekulacje na ten temat pojawi\u0142y si\u0119 ju\u017c miesi\u0105c temu. W ci\u0105gu ostatnich 9 kolejek ekstraklasy Piast zremisowa\u0142 2 mecze, a 2 zako\u0144czy\u0142 z 3 punktami na koncie. Pozosta\u0142e 5 spotka\u0144 zako\u0144czy\u0142o si\u0119 pora\u017ck\u0105 Niebiesko-Czerwonych. W efekcie klub, kt\u00f3ry [&hellip;]\" \/>\n<meta property=\"og:url\" content=\"https:\/\/www.24gliwice.pl\/wiadomosci\/nowy-trener-niebiesko-czerwonych-jest-juz-znany-wczesniej-prowadzil-ruch-chorzow\/\" \/>\n<meta property=\"og:site_name\" content=\"24GLIWICE - Portal Gliwice | codziennie nowe informacje\" \/>\n<meta property=\"article:publisher\" content=\"https:\/\/www.facebook.com\/24gliwice\" \/>\n<meta property=\"article:published_time\" content=\"2017-09-19T14:46:35+00:00\" \/>\n<meta property=\"article:modified_time\" content=\"2024-08-20T00:01:14+00:00\" \/>\n<meta property=\"og:image\" content=\"https:\/\/www.24gliwice.pl\/wiadomosci\/wp-content\/uploads\/2017\/07\/pi\u0142karze-piasta.jpg\" \/>\n\t<meta property=\"og:image:width\" content=\"810\" \/>\n\t<meta property=\"og:image:height\" content=\"455\" \/>\n\t<meta property=\"og:image:type\" content=\"image\/jpeg\" \/>\n<meta name=\"author\" content=\"\u017baneta Mrozek-Siewierska\" \/>\n<meta name=\"twitter:card\" content=\"summary_large_image\" \/>\n<meta name=\"twitter:creator\" content=\"@24gliwice\" \/>\n<meta name=\"twitter:site\" content=\"@24gliwice\" \/>\n<meta name=\"twitter:label1\" content=\"Napisane przez\" \/>\n\t<meta name=\"twitter:data1\" content=\"\u017baneta Mrozek-Siewierska\" \/>\n\t<meta name=\"twitter:label2\" content=\"Szacowany czas czytania\" \/>\n\t<meta name=\"twitter:data2\" content=\"2 minuty\" \/>\n<script type=\"application\/ld+json\" class=\"yoast-schema-graph\">{\"@context\":\"https:\\\/\\\/schema.org\",\"@graph\":[{\"@type\":\"Article\",\"@id\":\"https:\\\/\\\/www.24gliwice.pl\\\/wiadomosci\\\/nowy-trener-niebiesko-czerwonych-jest-juz-znany-wczesniej-prowadzil-ruch-chorzow\\\/#article\",\"isPartOf\":{\"@id\":\"https:\\\/\\\/www.24gliwice.pl\\\/wiadomosci\\\/nowy-trener-niebiesko-czerwonych-jest-juz-znany-wczesniej-prowadzil-ruch-chorzow\\\/\"},\"author\":{\"name\":\"\u017baneta Mrozek-Siewierska\",\"@id\":\"https:\\\/\\\/www.24gliwice.pl\\\/wiadomosci\\\/#\\\/schema\\\/person\\\/e42c650edd7f2fa332be3811fb166b6e\"},\"headline\":\"Nowy trener Niebiesko-Czerwonych jest ju\u017c znany. Wcze\u015bniej prowadzi\u0142 Ruch Chorz\u00f3w\",\"datePublished\":\"2017-09-19T14:46:35+00:00\",\"dateModified\":\"2024-08-20T00:01:14+00:00\",\"mainEntityOfPage\":{\"@id\":\"https:\\\/\\\/www.24gliwice.pl\\\/wiadomosci\\\/nowy-trener-niebiesko-czerwonych-jest-juz-znany-wczesniej-prowadzil-ruch-chorzow\\\/\"},\"wordCount\":447,\"commentCount\":0,\"publisher\":{\"@id\":\"https:\\\/\\\/www.24gliwice.pl\\\/wiadomosci\\\/#organization\"},\"image\":{\"@id\":\"https:\\\/\\\/www.24gliwice.pl\\\/wiadomosci\\\/nowy-trener-niebiesko-czerwonych-jest-juz-znany-wczesniej-prowadzil-ruch-chorzow\\\/#primaryimage\"},\"thumbnailUrl\":\"https:\\\/\\\/www.24gliwice.pl\\\/wiadomosci\\\/wp-content\\\/uploads\\\/2017\\\/07\\\/pi\u0142karze-piasta.jpg\",\"keywords\":[\"PIAST\",\"trener\"],\"articleSection\":[\"Gliwice\",\"Najnowsze wiadomo\u015bci\",\"Sport\"],\"inLanguage\":\"pl-PL\",\"potentialAction\":[{\"@type\":\"CommentAction\",\"name\":\"Comment\",\"target\":[\"https:\\\/\\\/www.24gliwice.pl\\\/wiadomosci\\\/nowy-trener-niebiesko-czerwonych-jest-juz-znany-wczesniej-prowadzil-ruch-chorzow\\\/#respond\"]}]},{\"@type\":\"WebPage\",\"@id\":\"https:\\\/\\\/www.24gliwice.pl\\\/wiadomosci\\\/nowy-trener-niebiesko-czerwonych-jest-juz-znany-wczesniej-prowadzil-ruch-chorzow\\\/\",\"url\":\"https:\\\/\\\/www.24gliwice.pl\\\/wiadomosci\\\/nowy-trener-niebiesko-czerwonych-jest-juz-znany-wczesniej-prowadzil-ruch-chorzow\\\/\",\"name\":\"Nowy trener Niebiesko-Czerwonych jest ju\u017c znany. Wcze\u015bniej prowadzi\u0142 Ruch Chorz\u00f3w - 24GLIWICE - Portal Gliwice | codziennie nowe informacje\",\"isPartOf\":{\"@id\":\"https:\\\/\\\/www.24gliwice.pl\\\/wiadomosci\\\/#website\"},\"primaryImageOfPage\":{\"@id\":\"https:\\\/\\\/www.24gliwice.pl\\\/wiadomosci\\\/nowy-trener-niebiesko-czerwonych-jest-juz-znany-wczesniej-prowadzil-ruch-chorzow\\\/#primaryimage\"},\"image\":{\"@id\":\"https:\\\/\\\/www.24gliwice.pl\\\/wiadomosci\\\/nowy-trener-niebiesko-czerwonych-jest-juz-znany-wczesniej-prowadzil-ruch-chorzow\\\/#primaryimage\"},\"thumbnailUrl\":\"https:\\\/\\\/www.24gliwice.pl\\\/wiadomosci\\\/wp-content\\\/uploads\\\/2017\\\/07\\\/pi\u0142karze-piasta.jpg\",\"datePublished\":\"2017-09-19T14:46:35+00:00\",\"dateModified\":\"2024-08-20T00:01:14+00:00\",\"breadcrumb\":{\"@id\":\"https:\\\/\\\/www.24gliwice.pl\\\/wiadomosci\\\/nowy-trener-niebiesko-czerwonych-jest-juz-znany-wczesniej-prowadzil-ruch-chorzow\\\/#breadcrumb\"},\"inLanguage\":\"pl-PL\",\"potentialAction\":[{\"@type\":\"ReadAction\",\"target\":[\"https:\\\/\\\/www.24gliwice.pl\\\/wiadomosci\\\/nowy-trener-niebiesko-czerwonych-jest-juz-znany-wczesniej-prowadzil-ruch-chorzow\\\/\"]}]},{\"@type\":\"ImageObject\",\"inLanguage\":\"pl-PL\",\"@id\":\"https:\\\/\\\/www.24gliwice.pl\\\/wiadomosci\\\/nowy-trener-niebiesko-czerwonych-jest-juz-znany-wczesniej-prowadzil-ruch-chorzow\\\/#primaryimage\",\"url\":\"https:\\\/\\\/www.24gliwice.pl\\\/wiadomosci\\\/wp-content\\\/uploads\\\/2017\\\/07\\\/pi\u0142karze-piasta.jpg\",\"contentUrl\":\"https:\\\/\\\/www.24gliwice.pl\\\/wiadomosci\\\/wp-content\\\/uploads\\\/2017\\\/07\\\/pi\u0142karze-piasta.jpg\",\"width\":810,\"height\":455},{\"@type\":\"BreadcrumbList\",\"@id\":\"https:\\\/\\\/www.24gliwice.pl\\\/wiadomosci\\\/nowy-trener-niebiesko-czerwonych-jest-juz-znany-wczesniej-prowadzil-ruch-chorzow\\\/#breadcrumb\",\"itemListElement\":[{\"@type\":\"ListItem\",\"position\":1,\"name\":\"Strona g\u0142\u00f3wna\",\"item\":\"https:\\\/\\\/www.24gliwice.pl\\\/wiadomosci\\\/\"},{\"@type\":\"ListItem\",\"position\":2,\"name\":\"Nowy trener Niebiesko-Czerwonych jest ju\u017c znany. Wcze\u015bniej prowadzi\u0142 Ruch Chorz\u00f3w\"}]},{\"@type\":\"WebSite\",\"@id\":\"https:\\\/\\\/www.24gliwice.pl\\\/wiadomosci\\\/#website\",\"url\":\"https:\\\/\\\/www.24gliwice.pl\\\/wiadomosci\\\/\",\"name\":\"24GLIWICE - Portal Gliwice | codziennie nowe wiadomo\u015bci\",\"description\":\"Portal Miejski Gliwice\",\"publisher\":{\"@id\":\"https:\\\/\\\/www.24gliwice.pl\\\/wiadomosci\\\/#organization\"},\"potentialAction\":[{\"@type\":\"SearchAction\",\"target\":{\"@type\":\"EntryPoint\",\"urlTemplate\":\"https:\\\/\\\/www.24gliwice.pl\\\/wiadomosci\\\/?s={search_term_string}\"},\"query-input\":{\"@type\":\"PropertyValueSpecification\",\"valueRequired\":true,\"valueName\":\"search_term_string\"}}],\"inLanguage\":\"pl-PL\"},{\"@type\":\"Organization\",\"@id\":\"https:\\\/\\\/www.24gliwice.pl\\\/wiadomosci\\\/#organization\",\"name\":\"24gliwice\",\"url\":\"https:\\\/\\\/www.24gliwice.pl\\\/wiadomosci\\\/\",\"logo\":{\"@type\":\"ImageObject\",\"inLanguage\":\"pl-PL\",\"@id\":\"https:\\\/\\\/www.24gliwice.pl\\\/wiadomosci\\\/#\\\/schema\\\/logo\\\/image\\\/\",\"url\":\"https:\\\/\\\/www.24gliwice.pl\\\/wiadomosci\\\/wp-content\\\/uploads\\\/2024\\\/10\\\/24gliwice-logo-696.jpg\",\"contentUrl\":\"https:\\\/\\\/www.24gliwice.pl\\\/wiadomosci\\\/wp-content\\\/uploads\\\/2024\\\/10\\\/24gliwice-logo-696.jpg\",\"width\":696,\"height\":696,\"caption\":\"24gliwice\"},\"image\":{\"@id\":\"https:\\\/\\\/www.24gliwice.pl\\\/wiadomosci\\\/#\\\/schema\\\/logo\\\/image\\\/\"},\"sameAs\":[\"https:\\\/\\\/www.facebook.com\\\/24gliwice\",\"https:\\\/\\\/x.com\\\/24gliwice\",\"https:\\\/\\\/www.youtube.com\\\/@24gliwice\"]},{\"@type\":\"Person\",\"@id\":\"https:\\\/\\\/www.24gliwice.pl\\\/wiadomosci\\\/#\\\/schema\\\/person\\\/e42c650edd7f2fa332be3811fb166b6e\",\"name\":\"\u017baneta Mrozek-Siewierska\",\"image\":{\"@type\":\"ImageObject\",\"inLanguage\":\"pl-PL\",\"@id\":\"https:\\\/\\\/secure.gravatar.com\\\/avatar\\\/1881429e9c64597c77ad7aef2d0a19be69a3253e57534d16aa15bf3a4d34a0a3?s=96&d=mm&r=g\",\"url\":\"https:\\\/\\\/secure.gravatar.com\\\/avatar\\\/1881429e9c64597c77ad7aef2d0a19be69a3253e57534d16aa15bf3a4d34a0a3?s=96&d=mm&r=g\",\"contentUrl\":\"https:\\\/\\\/secure.gravatar.com\\\/avatar\\\/1881429e9c64597c77ad7aef2d0a19be69a3253e57534d16aa15bf3a4d34a0a3?s=96&d=mm&r=g\",\"caption\":\"\u017baneta Mrozek-Siewierska\"},\"url\":\"https:\\\/\\\/www.24gliwice.pl\\\/wiadomosci\\\/author\\\/zms\\\/\"}]}<\/script>\n<!-- \/ Yoast SEO plugin. -->","yoast_head_json":{"title":"Nowy trener Niebiesko-Czerwonych jest ju\u017c znany. Wcze\u015bniej prowadzi\u0142 Ruch Chorz\u00f3w - 24GLIWICE - Portal Gliwice | codziennie nowe informacje","robots":{"index":"index","follow":"follow","max-snippet":"max-snippet:-1","max-image-preview":"max-image-preview:large","max-video-preview":"max-video-preview:-1"},"canonical":"https:\/\/www.24gliwice.pl\/wiadomosci\/nowy-trener-niebiesko-czerwonych-jest-juz-znany-wczesniej-prowadzil-ruch-chorzow\/","og_locale":"pl_PL","og_type":"article","og_title":"Nowy trener Niebiesko-Czerwonych jest ju\u017c znany. Wcze\u015bniej prowadzi\u0142 Ruch Chorz\u00f3w - 24GLIWICE - Portal Gliwice | codziennie nowe informacje","og_description":"S\u0142abe wyniki Piasta Gliwice w sezonie 2017\/18 spowodowa\u0142y, \u017ce w klubie zacz\u0119to rozgl\u0105da\u0107 si\u0119 za nowym trenerem. Spekulacje na ten temat pojawi\u0142y si\u0119 ju\u017c miesi\u0105c temu. W ci\u0105gu ostatnich 9 kolejek ekstraklasy Piast zremisowa\u0142 2 mecze, a 2 zako\u0144czy\u0142 z 3 punktami na koncie. Pozosta\u0142e 5 spotka\u0144 zako\u0144czy\u0142o si\u0119 pora\u017ck\u0105 Niebiesko-Czerwonych. W efekcie klub, kt\u00f3ry [&hellip;]","og_url":"https:\/\/www.24gliwice.pl\/wiadomosci\/nowy-trener-niebiesko-czerwonych-jest-juz-znany-wczesniej-prowadzil-ruch-chorzow\/","og_site_name":"24GLIWICE - Portal Gliwice | codziennie nowe informacje","article_publisher":"https:\/\/www.facebook.com\/24gliwice","article_published_time":"2017-09-19T14:46:35+00:00","article_modified_time":"2024-08-20T00:01:14+00:00","og_image":[{"width":810,"height":455,"url":"https:\/\/www.24gliwice.pl\/wiadomosci\/wp-content\/uploads\/2017\/07\/pi\u0142karze-piasta.jpg","type":"image\/jpeg"}],"author":"\u017baneta Mrozek-Siewierska","twitter_card":"summary_large_image","twitter_creator":"@24gliwice","twitter_site":"@24gliwice","twitter_misc":{"Napisane przez":"\u017baneta Mrozek-Siewierska","Szacowany czas czytania":"2 minuty"},"schema":{"@context":"https:\/\/schema.org","@graph":[{"@type":"Article","@id":"https:\/\/www.24gliwice.pl\/wiadomosci\/nowy-trener-niebiesko-czerwonych-jest-juz-znany-wczesniej-prowadzil-ruch-chorzow\/#article","isPartOf":{"@id":"https:\/\/www.24gliwice.pl\/wiadomosci\/nowy-trener-niebiesko-czerwonych-jest-juz-znany-wczesniej-prowadzil-ruch-chorzow\/"},"author":{"name":"\u017baneta Mrozek-Siewierska","@id":"https:\/\/www.24gliwice.pl\/wiadomosci\/#\/schema\/person\/e42c650edd7f2fa332be3811fb166b6e"},"headline":"Nowy trener Niebiesko-Czerwonych jest ju\u017c znany. Wcze\u015bniej prowadzi\u0142 Ruch Chorz\u00f3w","datePublished":"2017-09-19T14:46:35+00:00","dateModified":"2024-08-20T00:01:14+00:00","mainEntityOfPage":{"@id":"https:\/\/www.24gliwice.pl\/wiadomosci\/nowy-trener-niebiesko-czerwonych-jest-juz-znany-wczesniej-prowadzil-ruch-chorzow\/"},"wordCount":447,"commentCount":0,"publisher":{"@id":"https:\/\/www.24gliwice.pl\/wiadomosci\/#organization"},"image":{"@id":"https:\/\/www.24gliwice.pl\/wiadomosci\/nowy-trener-niebiesko-czerwonych-jest-juz-znany-wczesniej-prowadzil-ruch-chorzow\/#primaryimage"},"thumbnailUrl":"https:\/\/www.24gliwice.pl\/wiadomosci\/wp-content\/uploads\/2017\/07\/pi\u0142karze-piasta.jpg","keywords":["PIAST","trener"],"articleSection":["Gliwice","Najnowsze wiadomo\u015bci","Sport"],"inLanguage":"pl-PL","potentialAction":[{"@type":"CommentAction","name":"Comment","target":["https:\/\/www.24gliwice.pl\/wiadomosci\/nowy-trener-niebiesko-czerwonych-jest-juz-znany-wczesniej-prowadzil-ruch-chorzow\/#respond"]}]},{"@type":"WebPage","@id":"https:\/\/www.24gliwice.pl\/wiadomosci\/nowy-trener-niebiesko-czerwonych-jest-juz-znany-wczesniej-prowadzil-ruch-chorzow\/","url":"https:\/\/www.24gliwice.pl\/wiadomosci\/nowy-trener-niebiesko-czerwonych-jest-juz-znany-wczesniej-prowadzil-ruch-chorzow\/","name":"Nowy trener Niebiesko-Czerwonych jest ju\u017c znany. Wcze\u015bniej prowadzi\u0142 Ruch Chorz\u00f3w - 24GLIWICE - Portal Gliwice | codziennie nowe informacje","isPartOf":{"@id":"https:\/\/www.24gliwice.pl\/wiadomosci\/#website"},"primaryImageOfPage":{"@id":"https:\/\/www.24gliwice.pl\/wiadomosci\/nowy-trener-niebiesko-czerwonych-jest-juz-znany-wczesniej-prowadzil-ruch-chorzow\/#primaryimage"},"image":{"@id":"https:\/\/www.24gliwice.pl\/wiadomosci\/nowy-trener-niebiesko-czerwonych-jest-juz-znany-wczesniej-prowadzil-ruch-chorzow\/#primaryimage"},"thumbnailUrl":"https:\/\/www.24gliwice.pl\/wiadomosci\/wp-content\/uploads\/2017\/07\/pi\u0142karze-piasta.jpg","datePublished":"2017-09-19T14:46:35+00:00","dateModified":"2024-08-20T00:01:14+00:00","breadcrumb":{"@id":"https:\/\/www.24gliwice.pl\/wiadomosci\/nowy-trener-niebiesko-czerwonych-jest-juz-znany-wczesniej-prowadzil-ruch-chorzow\/#breadcrumb"},"inLanguage":"pl-PL","potentialAction":[{"@type":"ReadAction","target":["https:\/\/www.24gliwice.pl\/wiadomosci\/nowy-trener-niebiesko-czerwonych-jest-juz-znany-wczesniej-prowadzil-ruch-chorzow\/"]}]},{"@type":"ImageObject","inLanguage":"pl-PL","@id":"https:\/\/www.24gliwice.pl\/wiadomosci\/nowy-trener-niebiesko-czerwonych-jest-juz-znany-wczesniej-prowadzil-ruch-chorzow\/#primaryimage","url":"https:\/\/www.24gliwice.pl\/wiadomosci\/wp-content\/uploads\/2017\/07\/pi\u0142karze-piasta.jpg","contentUrl":"https:\/\/www.24gliwice.pl\/wiadomosci\/wp-content\/uploads\/2017\/07\/pi\u0142karze-piasta.jpg","width":810,"height":455},{"@type":"BreadcrumbList","@id":"https:\/\/www.24gliwice.pl\/wiadomosci\/nowy-trener-niebiesko-czerwonych-jest-juz-znany-wczesniej-prowadzil-ruch-chorzow\/#breadcrumb","itemListElement":[{"@type":"ListItem","position":1,"name":"Strona g\u0142\u00f3wna","item":"https:\/\/www.24gliwice.pl\/wiadomosci\/"},{"@type":"ListItem","position":2,"name":"Nowy trener Niebiesko-Czerwonych jest ju\u017c znany. Wcze\u015bniej prowadzi\u0142 Ruch Chorz\u00f3w"}]},{"@type":"WebSite","@id":"https:\/\/www.24gliwice.pl\/wiadomosci\/#website","url":"https:\/\/www.24gliwice.pl\/wiadomosci\/","name":"24GLIWICE - Portal Gliwice | codziennie nowe wiadomo\u015bci","description":"Portal Miejski Gliwice","publisher":{"@id":"https:\/\/www.24gliwice.pl\/wiadomosci\/#organization"},"potentialAction":[{"@type":"SearchAction","target":{"@type":"EntryPoint","urlTemplate":"https:\/\/www.24gliwice.pl\/wiadomosci\/?s={search_term_string}"},"query-input":{"@type":"PropertyValueSpecification","valueRequired":true,"valueName":"search_term_string"}}],"inLanguage":"pl-PL"},{"@type":"Organization","@id":"https:\/\/www.24gliwice.pl\/wiadomosci\/#organization","name":"24gliwice","url":"https:\/\/www.24gliwice.pl\/wiadomosci\/","logo":{"@type":"ImageObject","inLanguage":"pl-PL","@id":"https:\/\/www.24gliwice.pl\/wiadomosci\/#\/schema\/logo\/image\/","url":"https:\/\/www.24gliwice.pl\/wiadomosci\/wp-content\/uploads\/2024\/10\/24gliwice-logo-696.jpg","contentUrl":"https:\/\/www.24gliwice.pl\/wiadomosci\/wp-content\/uploads\/2024\/10\/24gliwice-logo-696.jpg","width":696,"height":696,"caption":"24gliwice"},"image":{"@id":"https:\/\/www.24gliwice.pl\/wiadomosci\/#\/schema\/logo\/image\/"},"sameAs":["https:\/\/www.facebook.com\/24gliwice","https:\/\/x.com\/24gliwice","https:\/\/www.youtube.com\/@24gliwice"]},{"@type":"Person","@id":"https:\/\/www.24gliwice.pl\/wiadomosci\/#\/schema\/person\/e42c650edd7f2fa332be3811fb166b6e","name":"\u017baneta Mrozek-Siewierska","image":{"@type":"ImageObject","inLanguage":"pl-PL","@id":"https:\/\/secure.gravatar.com\/avatar\/1881429e9c64597c77ad7aef2d0a19be69a3253e57534d16aa15bf3a4d34a0a3?s=96&d=mm&r=g","url":"https:\/\/secure.gravatar.com\/avatar\/1881429e9c64597c77ad7aef2d0a19be69a3253e57534d16aa15bf3a4d34a0a3?s=96&d=mm&r=g","contentUrl":"https:\/\/secure.gravatar.com\/avatar\/1881429e9c64597c77ad7aef2d0a19be69a3253e57534d16aa15bf3a4d34a0a3?s=96&d=mm&r=g","caption":"\u017baneta Mrozek-Siewierska"},"url":"https:\/\/www.24gliwice.pl\/wiadomosci\/author\/zms\/"}]}},"_links":{"self":[{"href":"https:\/\/www.24gliwice.pl\/wiadomosci\/wp-json\/wp\/v2\/posts\/104472","targetHints":{"allow":["GET"]}}],"collection":[{"href":"https:\/\/www.24gliwice.pl\/wiadomosci\/wp-json\/wp\/v2\/posts"}],"about":[{"href":"https:\/\/www.24gliwice.pl\/wiadomosci\/wp-json\/wp\/v2\/types\/post"}],"author":[{"embeddable":true,"href":"https:\/\/www.24gliwice.pl\/wiadomosci\/wp-json\/wp\/v2\/users\/15"}],"replies":[{"embeddable":true,"href":"https:\/\/www.24gliwice.pl\/wiadomosci\/wp-json\/wp\/v2\/comments?post=104472"}],"version-history":[{"count":0,"href":"https:\/\/www.24gliwice.pl\/wiadomosci\/wp-json\/wp\/v2\/posts\/104472\/revisions"}],"wp:featuredmedia":[{"embeddable":true,"href":"https:\/\/www.24gliwice.pl\/wiadomosci\/wp-json\/wp\/v2\/media\/101499"}],"wp:attachment":[{"href":"https:\/\/www.24gliwice.pl\/wiadomosci\/wp-json\/wp\/v2\/media?parent=104472"}],"wp:term":[{"taxonomy":"category","embeddable":true,"href":"https:\/\/www.24gliwice.pl\/wiadomosci\/wp-json\/wp\/v2\/categories?post=104472"},{"taxonomy":"post_tag","embeddable":true,"href":"https:\/\/www.24gliwice.pl\/wiadomosci\/wp-json\/wp\/v2\/tags?post=104472"}],"curies":[{"name":"wp","href":"https:\/\/api.w.org\/{rel}","templated":true}]}}