{"id":104518,"date":"2017-09-21T02:41:08","date_gmt":"2017-09-21T00:41:08","guid":{"rendered":"http:\/\/www.24gliwice.pl\/wiadomosci\/?p=104518"},"modified":"2017-09-21T02:41:50","modified_gmt":"2017-09-21T00:41:50","slug":"europejski-dzien-bez-samochodu-w-piatek-pociagiem-i-autobusem-za-darmo-pod-jednym-warunkiem","status":"publish","type":"post","link":"https:\/\/www.24gliwice.pl\/wiadomosci\/europejski-dzien-bez-samochodu-w-piatek-pociagiem-i-autobusem-za-darmo-pod-jednym-warunkiem\/","title":{"rendered":"Dzie\u0144 Bez Samochodu. W pi\u0105tek poci\u0105giem i autobusem za darmo. Pod jednym warunkiem"},"content":{"rendered":"<div class=\"gliwi-a6-nad-leadem-artykulow gliwi-entity-placement\" id=\"gliwi-3674673913\"><div class=\"gliwi-adlabel\"><span style=\"font-size: 9px\">REKLAMA<\/span><\/div><div id=\"gliwi-3224005882\" style=\"margin-bottom: 25px;margin-left: auto;margin-right: auto;text-align: center;\"><a data-no-instant=\"1\" href=\"https:\/\/dom100.eu\/\" rel=\"noopener\" class=\"a2t-link\" target=\"_blank\" aria-label=\"20260415 DOM100 D\"><img loading=\"lazy\" decoding=\"async\" src=\"https:\/\/www.24gliwice.pl\/wiadomosci\/wp-content\/uploads\/2026\/04\/20260415-DOM100-D.jpg\" alt=\"\"  srcset=\"https:\/\/www.24gliwice.pl\/wiadomosci\/wp-content\/uploads\/2026\/04\/20260415-DOM100-D.jpg 750w, https:\/\/www.24gliwice.pl\/wiadomosci\/wp-content\/uploads\/2026\/04\/20260415-DOM100-D-410x109.jpg 410w\" sizes=\"(max-width: 750px) 100vw, 750px\" class=\"no-lazyload\" width=\"750\" height=\"200\"  style=\"display: inline-block; max-width: 100%; height: auto;\" \/><\/a><\/div><\/div><h3>22 wrze\u015bnia kierowcy nie b\u0119d\u0105 potrzebowa\u0107 bilet\u00f3w, aby korzysta\u0107 z po\u0142\u0105cze\u0144 Kolei \u015al\u0105skich i KZK GOP. Wystarczy, \u017ce podczas kontroli oka\u017c\u0105 wa\u017cny dow\u00f3d rejestracyjny.<\/h3>\n<p>Z bezp\u0142atnych podr\u00f3\u017cy b\u0119dzie mo\u017cna skorzysta\u0107 na wszystkich liniach kolejowych oraz autobusowych.<\/p>\n<p>Europejski Dzie\u0144 bez Samochodu to coroczna kampania, kt\u00f3rej celem jest propagowanie prozdrowotnego zachowania oraz promocja bardziej ekologicznych i bezpieczniejszych \u015brodk\u00f3w transportu, takich jak jazda na rowerze, chodzenie pieszo czy korzystanie z komunikacji publicznej. Koleje \u015al\u0105skie i KZK GOP po raz kolejny do\u0142\u0105czaj\u0105 do obchod\u00f3w tego dnia.<\/p><div class=\"gliwi-a3-w-tresci-artykulow gliwi-entity-placement\" id=\"gliwi-3655646263\"><div class=\"gliwi-adlabel\"><span style=\"font-size: 9px\">REKLAMA<\/span><\/div><div id=\"gliwi-3793959089\" style=\"margin-bottom: 30px;margin-left: auto;margin-right: auto;text-align: center;\"><a data-no-instant=\"1\" href=\"https:\/\/ogrodyandersa.pl\/\" rel=\"noopener\" class=\"a2t-link\" target=\"_blank\" aria-label=\"20260415 Ogrody Andersa KUP TERAZ D\"><img loading=\"lazy\" decoding=\"async\" src=\"https:\/\/www.24gliwice.pl\/wiadomosci\/wp-content\/uploads\/2026\/04\/20260415-Ogrody-Andersa-KUP-TERAZ-D.jpg\" alt=\"\"  srcset=\"https:\/\/www.24gliwice.pl\/wiadomosci\/wp-content\/uploads\/2026\/04\/20260415-Ogrody-Andersa-KUP-TERAZ-D.jpg 750w, https:\/\/www.24gliwice.pl\/wiadomosci\/wp-content\/uploads\/2026\/04\/20260415-Ogrody-Andersa-KUP-TERAZ-D-410x109.jpg 410w\" sizes=\"(max-width: 750px) 100vw, 750px\" class=\"no-lazyload\" width=\"750\" height=\"200\"  style=\"display: inline-block; max-width: 100%; height: auto;\" \/><\/a><\/div><\/div>\n<blockquote><p>Liczymy, \u017ce wielu kierowc\u00f3w zrezygnuje w tym dniu z samochodu na rzecz poci\u0105gu i grono z nich przekona si\u0119, \u017ce transport kolejowy jest najlepszym sposobem na dotarcie np. do pracy, domu <\/p><\/blockquote>\n<p>\u2013 m\u00f3wi rzecznik prasowy Kolei \u015al\u0105skich, <strong>Micha\u0142 Wawrzaszek<\/strong>.<\/p>\n<h4>Za darmo poci\u0105giem<\/h4>\n<p>Z tegorocznej promocji Kolei \u015al\u0105skich b\u0119dzie mo\u017cna skorzysta\u0107 we wszystkich poci\u0105gach na wszystkich liniach, wyj\u0105tkiem jest jedynie przygraniczny odcinek: Cha\u0142upki \u2013 Bohumin. Na wszystkich pozosta\u0142ych trasach, przez ca\u0142y dzie\u0144, b\u0119dzie mo\u017cna podr\u00f3\u017cowa\u0107 bezp\u0142atnie za okazaniem wa\u017cnego dowodu rejestracyjnego. <\/p>\n<p>\u2013 W tym roku nieco poszerzamy ofert\u0119 i pozytywnie odpowiadamy na ubieg\u0142oroczne sugestie. Ot\u00f3\u017c okazywany podczas kontroli bilet\u00f3w dow\u00f3d rejestracyjny nie musi by\u0107 wydany na nazwisko w\u0142a\u015bciciela lub wsp\u00f3\u0142w\u0142a\u015bciciela pojazdu. W ten spos\u00f3b otwieramy si\u0119 np. na osoby, kt\u00f3re korzystaj\u0105 z aut leasingowanych \u2013 m\u00f3wi Micha\u0142 Wawrzaszek. \u2013 Oczywi\u015bcie do przy\u0142\u0105czenia si\u0119 do akcji zapraszamy tak\u017ce motocyklist\u00f3w \u2013 dodaje.<\/p>\n<p>Dwa lata temu z propozycji Kolei \u015al\u0105skich skorzysta\u0142o 845 os\u00f3b. W ubieg\u0142ym roku zainteresowanych by\u0142o ju\u017c prawie dwa razy wi\u0119cej \u2013 tylko w ten jeden dzie\u0144 1519 os\u00f3b pokona\u0142o poci\u0105gami ponad 93 tys. km. Najwi\u0119ksz\u0105 popularno\u015bci\u0105 cieszy\u0142y si\u0119 w\u00f3wczas trasy Katowice &#8211; Zwardo\u0144 oraz Cz\u0119stochowa &#8211; Gliwice. \u015arednia odleg\u0142o\u015b\u0107 przejazdu wynios\u0142a ponad 61 km.<\/p>\n<h4>Podobnie w autobusach<\/h4>\n<p>W pi\u0105tek tak\u017ce w KZK GOP wszyscy w\u0142a\u015bciciele samochod\u00f3w mog\u0105 podr\u00f3\u017cowa\u0107 bez biletu na podstawie dowodu rejestracyjnego oraz dowodu to\u017csamo\u015bci.<\/p>\n<p>Europejski Dzie\u0144 Bez Samochodu jest zwie\u0144czeniem Europejskiego Tygodnia Zr\u00f3wnowa\u017conego Transportu, kt\u00f3ry odbywa si\u0119 od 2002 roku w dniach od 16 do 22 wrze\u015bnia.<\/p>\n<div class=\"gliwi-a5-na-koncu-artykulow gliwi-entity-placement\" id=\"gliwi-2978720504\"><div class=\"gliwi-adlabel\"><span style=\"font-size: 9px\">REKLAMA<\/span><\/div><div id=\"gliwi-3741940612\" style=\"margin-left: auto;margin-right: auto;text-align: center;\"><a data-no-instant=\"1\" href=\"https:\/\/prezeroarenagliwice.pl\/\" rel=\"noopener\" class=\"a2t-link\" target=\"_blank\" aria-label=\"20260309-PREZERO-WIOSNA-D\"><img loading=\"lazy\" decoding=\"async\" src=\"https:\/\/www.24gliwice.pl\/wiadomosci\/wp-content\/uploads\/2026\/03\/20260309-PREZERO-WIOSNA-D.webp\" alt=\"\"  srcset=\"https:\/\/www.24gliwice.pl\/wiadomosci\/wp-content\/uploads\/2026\/03\/20260309-PREZERO-WIOSNA-D.webp 750w, https:\/\/www.24gliwice.pl\/wiadomosci\/wp-content\/uploads\/2026\/03\/20260309-PREZERO-WIOSNA-D-410x109.webp 410w\" sizes=\"(max-width: 750px) 100vw, 750px\" class=\"no-lazyload\" width=\"750\" height=\"200\"  style=\"display: inline-block; max-width: 100%; height: auto;\" \/><\/a><\/div><\/div>","protected":false},"excerpt":{"rendered":"<p>22 wrze\u015bnia kierowcy nie b\u0119d\u0105 potrzebowa\u0107 bilet\u00f3w, aby korzysta\u0107 z po\u0142\u0105cze\u0144 Kolei \u015al\u0105skich i KZK GOP. Wystarczy, \u017ce podczas kontroli oka\u017c\u0105 wa\u017cny dow\u00f3d rejestracyjny. Z bezp\u0142atnych podr\u00f3\u017cy b\u0119dzie mo\u017cna skorzysta\u0107 na wszystkich liniach kolejowych oraz autobusowych. Europejski Dzie\u0144 bez Samochodu to coroczna kampania, kt\u00f3rej celem jest propagowanie prozdrowotnego zachowania oraz promocja bardziej ekologicznych i bezpieczniejszych [&hellip;]<\/p>\n","protected":false},"author":15,"featured_media":104523,"comment_status":"open","ping_status":"closed","sticky":false,"template":"","format":"standard","meta":{"_monsterinsights_skip_tracking":false,"_monsterinsights_sitenote_active":false,"_monsterinsights_sitenote_note":"","_monsterinsights_sitenote_category":0,"footnotes":"","_links_to":"","_links_to_target":""},"categories":[3,1],"tags":[4687],"class_list":["post-104518","post","type-post","status-publish","format-standard","has-post-thumbnail","hentry","category-gliwice","category-wszystko","tag-koleje-slaskie"],"yoast_head":"<!-- This site is optimized with the Yoast SEO plugin v27.5 - https:\/\/yoast.com\/product\/yoast-seo-wordpress\/ -->\n<title>Dzie\u0144 Bez Samochodu. W pi\u0105tek poci\u0105giem i autobusem za darmo. Pod jednym warunkiem - 24GLIWICE - Portal Gliwice | codziennie nowe informacje<\/title>\n<meta name=\"robots\" content=\"index, follow, max-snippet:-1, max-image-preview:large, max-video-preview:-1\" \/>\n<link rel=\"canonical\" href=\"https:\/\/www.24gliwice.pl\/wiadomosci\/europejski-dzien-bez-samochodu-w-piatek-pociagiem-i-autobusem-za-darmo-pod-jednym-warunkiem\/\" \/>\n<meta property=\"og:locale\" content=\"pl_PL\" \/>\n<meta property=\"og:type\" content=\"article\" \/>\n<meta property=\"og:title\" content=\"Dzie\u0144 Bez Samochodu. W pi\u0105tek poci\u0105giem i autobusem za darmo. Pod jednym warunkiem - 24GLIWICE - Portal Gliwice | codziennie nowe informacje\" \/>\n<meta property=\"og:description\" content=\"22 wrze\u015bnia kierowcy nie b\u0119d\u0105 potrzebowa\u0107 bilet\u00f3w, aby korzysta\u0107 z po\u0142\u0105cze\u0144 Kolei \u015al\u0105skich i KZK GOP. Wystarczy, \u017ce podczas kontroli oka\u017c\u0105 wa\u017cny dow\u00f3d rejestracyjny. Z bezp\u0142atnych podr\u00f3\u017cy b\u0119dzie mo\u017cna skorzysta\u0107 na wszystkich liniach kolejowych oraz autobusowych. Europejski Dzie\u0144 bez Samochodu to coroczna kampania, kt\u00f3rej celem jest propagowanie prozdrowotnego zachowania oraz promocja bardziej ekologicznych i bezpieczniejszych [&hellip;]\" \/>\n<meta property=\"og:url\" content=\"https:\/\/www.24gliwice.pl\/wiadomosci\/europejski-dzien-bez-samochodu-w-piatek-pociagiem-i-autobusem-za-darmo-pod-jednym-warunkiem\/\" \/>\n<meta property=\"og:site_name\" content=\"24GLIWICE - Portal Gliwice | codziennie nowe informacje\" \/>\n<meta property=\"article:publisher\" content=\"https:\/\/www.facebook.com\/24gliwice\" \/>\n<meta property=\"article:published_time\" content=\"2017-09-21T00:41:08+00:00\" \/>\n<meta property=\"article:modified_time\" content=\"2017-09-21T00:41:50+00:00\" \/>\n<meta property=\"og:image\" content=\"https:\/\/www.24gliwice.pl\/wiadomosci\/wp-content\/uploads\/2017\/09\/2017-09-19-news-dzien-bez-samochodu2.png.jpg\" \/>\n\t<meta property=\"og:image:width\" content=\"810\" \/>\n\t<meta property=\"og:image:height\" content=\"455\" \/>\n\t<meta property=\"og:image:type\" content=\"image\/jpeg\" \/>\n<meta name=\"author\" content=\"\u017baneta Mrozek-Siewierska\" \/>\n<meta name=\"twitter:card\" content=\"summary_large_image\" \/>\n<meta name=\"twitter:creator\" content=\"@24gliwice\" \/>\n<meta name=\"twitter:site\" content=\"@24gliwice\" \/>\n<meta name=\"twitter:label1\" content=\"Napisane przez\" \/>\n\t<meta name=\"twitter:data1\" content=\"\u017baneta Mrozek-Siewierska\" \/>\n\t<meta name=\"twitter:label2\" content=\"Szacowany czas czytania\" \/>\n\t<meta name=\"twitter:data2\" content=\"2 minuty\" \/>\n<script type=\"application\/ld+json\" class=\"yoast-schema-graph\">{\"@context\":\"https:\\\/\\\/schema.org\",\"@graph\":[{\"@type\":\"Article\",\"@id\":\"https:\\\/\\\/www.24gliwice.pl\\\/wiadomosci\\\/europejski-dzien-bez-samochodu-w-piatek-pociagiem-i-autobusem-za-darmo-pod-jednym-warunkiem\\\/#article\",\"isPartOf\":{\"@id\":\"https:\\\/\\\/www.24gliwice.pl\\\/wiadomosci\\\/europejski-dzien-bez-samochodu-w-piatek-pociagiem-i-autobusem-za-darmo-pod-jednym-warunkiem\\\/\"},\"author\":{\"name\":\"\u017baneta Mrozek-Siewierska\",\"@id\":\"https:\\\/\\\/www.24gliwice.pl\\\/wiadomosci\\\/#\\\/schema\\\/person\\\/e42c650edd7f2fa332be3811fb166b6e\"},\"headline\":\"Dzie\u0144 Bez Samochodu. W pi\u0105tek poci\u0105giem i autobusem za darmo. Pod jednym warunkiem\",\"datePublished\":\"2017-09-21T00:41:08+00:00\",\"dateModified\":\"2017-09-21T00:41:50+00:00\",\"mainEntityOfPage\":{\"@id\":\"https:\\\/\\\/www.24gliwice.pl\\\/wiadomosci\\\/europejski-dzien-bez-samochodu-w-piatek-pociagiem-i-autobusem-za-darmo-pod-jednym-warunkiem\\\/\"},\"wordCount\":399,\"commentCount\":0,\"publisher\":{\"@id\":\"https:\\\/\\\/www.24gliwice.pl\\\/wiadomosci\\\/#organization\"},\"image\":{\"@id\":\"https:\\\/\\\/www.24gliwice.pl\\\/wiadomosci\\\/europejski-dzien-bez-samochodu-w-piatek-pociagiem-i-autobusem-za-darmo-pod-jednym-warunkiem\\\/#primaryimage\"},\"thumbnailUrl\":\"https:\\\/\\\/www.24gliwice.pl\\\/wiadomosci\\\/wp-content\\\/uploads\\\/2017\\\/09\\\/2017-09-19-news-dzien-bez-samochodu2.png.jpg\",\"keywords\":[\"KOLEJE \u015aL\u0104SKIE\"],\"articleSection\":[\"Gliwice\",\"Najnowsze wiadomo\u015bci\"],\"inLanguage\":\"pl-PL\",\"potentialAction\":[{\"@type\":\"CommentAction\",\"name\":\"Comment\",\"target\":[\"https:\\\/\\\/www.24gliwice.pl\\\/wiadomosci\\\/europejski-dzien-bez-samochodu-w-piatek-pociagiem-i-autobusem-za-darmo-pod-jednym-warunkiem\\\/#respond\"]}]},{\"@type\":\"WebPage\",\"@id\":\"https:\\\/\\\/www.24gliwice.pl\\\/wiadomosci\\\/europejski-dzien-bez-samochodu-w-piatek-pociagiem-i-autobusem-za-darmo-pod-jednym-warunkiem\\\/\",\"url\":\"https:\\\/\\\/www.24gliwice.pl\\\/wiadomosci\\\/europejski-dzien-bez-samochodu-w-piatek-pociagiem-i-autobusem-za-darmo-pod-jednym-warunkiem\\\/\",\"name\":\"Dzie\u0144 Bez Samochodu. W pi\u0105tek poci\u0105giem i autobusem za darmo. Pod jednym warunkiem - 24GLIWICE - Portal Gliwice | codziennie nowe informacje\",\"isPartOf\":{\"@id\":\"https:\\\/\\\/www.24gliwice.pl\\\/wiadomosci\\\/#website\"},\"primaryImageOfPage\":{\"@id\":\"https:\\\/\\\/www.24gliwice.pl\\\/wiadomosci\\\/europejski-dzien-bez-samochodu-w-piatek-pociagiem-i-autobusem-za-darmo-pod-jednym-warunkiem\\\/#primaryimage\"},\"image\":{\"@id\":\"https:\\\/\\\/www.24gliwice.pl\\\/wiadomosci\\\/europejski-dzien-bez-samochodu-w-piatek-pociagiem-i-autobusem-za-darmo-pod-jednym-warunkiem\\\/#primaryimage\"},\"thumbnailUrl\":\"https:\\\/\\\/www.24gliwice.pl\\\/wiadomosci\\\/wp-content\\\/uploads\\\/2017\\\/09\\\/2017-09-19-news-dzien-bez-samochodu2.png.jpg\",\"datePublished\":\"2017-09-21T00:41:08+00:00\",\"dateModified\":\"2017-09-21T00:41:50+00:00\",\"breadcrumb\":{\"@id\":\"https:\\\/\\\/www.24gliwice.pl\\\/wiadomosci\\\/europejski-dzien-bez-samochodu-w-piatek-pociagiem-i-autobusem-za-darmo-pod-jednym-warunkiem\\\/#breadcrumb\"},\"inLanguage\":\"pl-PL\",\"potentialAction\":[{\"@type\":\"ReadAction\",\"target\":[\"https:\\\/\\\/www.24gliwice.pl\\\/wiadomosci\\\/europejski-dzien-bez-samochodu-w-piatek-pociagiem-i-autobusem-za-darmo-pod-jednym-warunkiem\\\/\"]}]},{\"@type\":\"ImageObject\",\"inLanguage\":\"pl-PL\",\"@id\":\"https:\\\/\\\/www.24gliwice.pl\\\/wiadomosci\\\/europejski-dzien-bez-samochodu-w-piatek-pociagiem-i-autobusem-za-darmo-pod-jednym-warunkiem\\\/#primaryimage\",\"url\":\"https:\\\/\\\/www.24gliwice.pl\\\/wiadomosci\\\/wp-content\\\/uploads\\\/2017\\\/09\\\/2017-09-19-news-dzien-bez-samochodu2.png.jpg\",\"contentUrl\":\"https:\\\/\\\/www.24gliwice.pl\\\/wiadomosci\\\/wp-content\\\/uploads\\\/2017\\\/09\\\/2017-09-19-news-dzien-bez-samochodu2.png.jpg\",\"width\":810,\"height\":455},{\"@type\":\"BreadcrumbList\",\"@id\":\"https:\\\/\\\/www.24gliwice.pl\\\/wiadomosci\\\/europejski-dzien-bez-samochodu-w-piatek-pociagiem-i-autobusem-za-darmo-pod-jednym-warunkiem\\\/#breadcrumb\",\"itemListElement\":[{\"@type\":\"ListItem\",\"position\":1,\"name\":\"Strona g\u0142\u00f3wna\",\"item\":\"https:\\\/\\\/www.24gliwice.pl\\\/wiadomosci\\\/\"},{\"@type\":\"ListItem\",\"position\":2,\"name\":\"Dzie\u0144 Bez Samochodu. W pi\u0105tek poci\u0105giem i autobusem za darmo. Pod jednym warunkiem\"}]},{\"@type\":\"WebSite\",\"@id\":\"https:\\\/\\\/www.24gliwice.pl\\\/wiadomosci\\\/#website\",\"url\":\"https:\\\/\\\/www.24gliwice.pl\\\/wiadomosci\\\/\",\"name\":\"24GLIWICE - Portal Gliwice | codziennie nowe wiadomo\u015bci\",\"description\":\"Portal Miejski Gliwice\",\"publisher\":{\"@id\":\"https:\\\/\\\/www.24gliwice.pl\\\/wiadomosci\\\/#organization\"},\"potentialAction\":[{\"@type\":\"SearchAction\",\"target\":{\"@type\":\"EntryPoint\",\"urlTemplate\":\"https:\\\/\\\/www.24gliwice.pl\\\/wiadomosci\\\/?s={search_term_string}\"},\"query-input\":{\"@type\":\"PropertyValueSpecification\",\"valueRequired\":true,\"valueName\":\"search_term_string\"}}],\"inLanguage\":\"pl-PL\"},{\"@type\":\"Organization\",\"@id\":\"https:\\\/\\\/www.24gliwice.pl\\\/wiadomosci\\\/#organization\",\"name\":\"24gliwice\",\"url\":\"https:\\\/\\\/www.24gliwice.pl\\\/wiadomosci\\\/\",\"logo\":{\"@type\":\"ImageObject\",\"inLanguage\":\"pl-PL\",\"@id\":\"https:\\\/\\\/www.24gliwice.pl\\\/wiadomosci\\\/#\\\/schema\\\/logo\\\/image\\\/\",\"url\":\"https:\\\/\\\/www.24gliwice.pl\\\/wiadomosci\\\/wp-content\\\/uploads\\\/2024\\\/10\\\/24gliwice-logo-696.jpg\",\"contentUrl\":\"https:\\\/\\\/www.24gliwice.pl\\\/wiadomosci\\\/wp-content\\\/uploads\\\/2024\\\/10\\\/24gliwice-logo-696.jpg\",\"width\":696,\"height\":696,\"caption\":\"24gliwice\"},\"image\":{\"@id\":\"https:\\\/\\\/www.24gliwice.pl\\\/wiadomosci\\\/#\\\/schema\\\/logo\\\/image\\\/\"},\"sameAs\":[\"https:\\\/\\\/www.facebook.com\\\/24gliwice\",\"https:\\\/\\\/x.com\\\/24gliwice\",\"https:\\\/\\\/www.youtube.com\\\/@24gliwice\"]},{\"@type\":\"Person\",\"@id\":\"https:\\\/\\\/www.24gliwice.pl\\\/wiadomosci\\\/#\\\/schema\\\/person\\\/e42c650edd7f2fa332be3811fb166b6e\",\"name\":\"\u017baneta Mrozek-Siewierska\",\"image\":{\"@type\":\"ImageObject\",\"inLanguage\":\"pl-PL\",\"@id\":\"https:\\\/\\\/secure.gravatar.com\\\/avatar\\\/1881429e9c64597c77ad7aef2d0a19be69a3253e57534d16aa15bf3a4d34a0a3?s=96&d=mm&r=g\",\"url\":\"https:\\\/\\\/secure.gravatar.com\\\/avatar\\\/1881429e9c64597c77ad7aef2d0a19be69a3253e57534d16aa15bf3a4d34a0a3?s=96&d=mm&r=g\",\"contentUrl\":\"https:\\\/\\\/secure.gravatar.com\\\/avatar\\\/1881429e9c64597c77ad7aef2d0a19be69a3253e57534d16aa15bf3a4d34a0a3?s=96&d=mm&r=g\",\"caption\":\"\u017baneta Mrozek-Siewierska\"},\"url\":\"https:\\\/\\\/www.24gliwice.pl\\\/wiadomosci\\\/author\\\/zms\\\/\"}]}<\/script>\n<!-- \/ Yoast SEO plugin. -->","yoast_head_json":{"title":"Dzie\u0144 Bez Samochodu. W pi\u0105tek poci\u0105giem i autobusem za darmo. Pod jednym warunkiem - 24GLIWICE - Portal Gliwice | codziennie nowe informacje","robots":{"index":"index","follow":"follow","max-snippet":"max-snippet:-1","max-image-preview":"max-image-preview:large","max-video-preview":"max-video-preview:-1"},"canonical":"https:\/\/www.24gliwice.pl\/wiadomosci\/europejski-dzien-bez-samochodu-w-piatek-pociagiem-i-autobusem-za-darmo-pod-jednym-warunkiem\/","og_locale":"pl_PL","og_type":"article","og_title":"Dzie\u0144 Bez Samochodu. W pi\u0105tek poci\u0105giem i autobusem za darmo. Pod jednym warunkiem - 24GLIWICE - Portal Gliwice | codziennie nowe informacje","og_description":"22 wrze\u015bnia kierowcy nie b\u0119d\u0105 potrzebowa\u0107 bilet\u00f3w, aby korzysta\u0107 z po\u0142\u0105cze\u0144 Kolei \u015al\u0105skich i KZK GOP. Wystarczy, \u017ce podczas kontroli oka\u017c\u0105 wa\u017cny dow\u00f3d rejestracyjny. Z bezp\u0142atnych podr\u00f3\u017cy b\u0119dzie mo\u017cna skorzysta\u0107 na wszystkich liniach kolejowych oraz autobusowych. Europejski Dzie\u0144 bez Samochodu to coroczna kampania, kt\u00f3rej celem jest propagowanie prozdrowotnego zachowania oraz promocja bardziej ekologicznych i bezpieczniejszych [&hellip;]","og_url":"https:\/\/www.24gliwice.pl\/wiadomosci\/europejski-dzien-bez-samochodu-w-piatek-pociagiem-i-autobusem-za-darmo-pod-jednym-warunkiem\/","og_site_name":"24GLIWICE - Portal Gliwice | codziennie nowe informacje","article_publisher":"https:\/\/www.facebook.com\/24gliwice","article_published_time":"2017-09-21T00:41:08+00:00","article_modified_time":"2017-09-21T00:41:50+00:00","og_image":[{"width":810,"height":455,"url":"https:\/\/www.24gliwice.pl\/wiadomosci\/wp-content\/uploads\/2017\/09\/2017-09-19-news-dzien-bez-samochodu2.png.jpg","type":"image\/jpeg"}],"author":"\u017baneta Mrozek-Siewierska","twitter_card":"summary_large_image","twitter_creator":"@24gliwice","twitter_site":"@24gliwice","twitter_misc":{"Napisane przez":"\u017baneta Mrozek-Siewierska","Szacowany czas czytania":"2 minuty"},"schema":{"@context":"https:\/\/schema.org","@graph":[{"@type":"Article","@id":"https:\/\/www.24gliwice.pl\/wiadomosci\/europejski-dzien-bez-samochodu-w-piatek-pociagiem-i-autobusem-za-darmo-pod-jednym-warunkiem\/#article","isPartOf":{"@id":"https:\/\/www.24gliwice.pl\/wiadomosci\/europejski-dzien-bez-samochodu-w-piatek-pociagiem-i-autobusem-za-darmo-pod-jednym-warunkiem\/"},"author":{"name":"\u017baneta Mrozek-Siewierska","@id":"https:\/\/www.24gliwice.pl\/wiadomosci\/#\/schema\/person\/e42c650edd7f2fa332be3811fb166b6e"},"headline":"Dzie\u0144 Bez Samochodu. W pi\u0105tek poci\u0105giem i autobusem za darmo. Pod jednym warunkiem","datePublished":"2017-09-21T00:41:08+00:00","dateModified":"2017-09-21T00:41:50+00:00","mainEntityOfPage":{"@id":"https:\/\/www.24gliwice.pl\/wiadomosci\/europejski-dzien-bez-samochodu-w-piatek-pociagiem-i-autobusem-za-darmo-pod-jednym-warunkiem\/"},"wordCount":399,"commentCount":0,"publisher":{"@id":"https:\/\/www.24gliwice.pl\/wiadomosci\/#organization"},"image":{"@id":"https:\/\/www.24gliwice.pl\/wiadomosci\/europejski-dzien-bez-samochodu-w-piatek-pociagiem-i-autobusem-za-darmo-pod-jednym-warunkiem\/#primaryimage"},"thumbnailUrl":"https:\/\/www.24gliwice.pl\/wiadomosci\/wp-content\/uploads\/2017\/09\/2017-09-19-news-dzien-bez-samochodu2.png.jpg","keywords":["KOLEJE \u015aL\u0104SKIE"],"articleSection":["Gliwice","Najnowsze wiadomo\u015bci"],"inLanguage":"pl-PL","potentialAction":[{"@type":"CommentAction","name":"Comment","target":["https:\/\/www.24gliwice.pl\/wiadomosci\/europejski-dzien-bez-samochodu-w-piatek-pociagiem-i-autobusem-za-darmo-pod-jednym-warunkiem\/#respond"]}]},{"@type":"WebPage","@id":"https:\/\/www.24gliwice.pl\/wiadomosci\/europejski-dzien-bez-samochodu-w-piatek-pociagiem-i-autobusem-za-darmo-pod-jednym-warunkiem\/","url":"https:\/\/www.24gliwice.pl\/wiadomosci\/europejski-dzien-bez-samochodu-w-piatek-pociagiem-i-autobusem-za-darmo-pod-jednym-warunkiem\/","name":"Dzie\u0144 Bez Samochodu. W pi\u0105tek poci\u0105giem i autobusem za darmo. Pod jednym warunkiem - 24GLIWICE - Portal Gliwice | codziennie nowe informacje","isPartOf":{"@id":"https:\/\/www.24gliwice.pl\/wiadomosci\/#website"},"primaryImageOfPage":{"@id":"https:\/\/www.24gliwice.pl\/wiadomosci\/europejski-dzien-bez-samochodu-w-piatek-pociagiem-i-autobusem-za-darmo-pod-jednym-warunkiem\/#primaryimage"},"image":{"@id":"https:\/\/www.24gliwice.pl\/wiadomosci\/europejski-dzien-bez-samochodu-w-piatek-pociagiem-i-autobusem-za-darmo-pod-jednym-warunkiem\/#primaryimage"},"thumbnailUrl":"https:\/\/www.24gliwice.pl\/wiadomosci\/wp-content\/uploads\/2017\/09\/2017-09-19-news-dzien-bez-samochodu2.png.jpg","datePublished":"2017-09-21T00:41:08+00:00","dateModified":"2017-09-21T00:41:50+00:00","breadcrumb":{"@id":"https:\/\/www.24gliwice.pl\/wiadomosci\/europejski-dzien-bez-samochodu-w-piatek-pociagiem-i-autobusem-za-darmo-pod-jednym-warunkiem\/#breadcrumb"},"inLanguage":"pl-PL","potentialAction":[{"@type":"ReadAction","target":["https:\/\/www.24gliwice.pl\/wiadomosci\/europejski-dzien-bez-samochodu-w-piatek-pociagiem-i-autobusem-za-darmo-pod-jednym-warunkiem\/"]}]},{"@type":"ImageObject","inLanguage":"pl-PL","@id":"https:\/\/www.24gliwice.pl\/wiadomosci\/europejski-dzien-bez-samochodu-w-piatek-pociagiem-i-autobusem-za-darmo-pod-jednym-warunkiem\/#primaryimage","url":"https:\/\/www.24gliwice.pl\/wiadomosci\/wp-content\/uploads\/2017\/09\/2017-09-19-news-dzien-bez-samochodu2.png.jpg","contentUrl":"https:\/\/www.24gliwice.pl\/wiadomosci\/wp-content\/uploads\/2017\/09\/2017-09-19-news-dzien-bez-samochodu2.png.jpg","width":810,"height":455},{"@type":"BreadcrumbList","@id":"https:\/\/www.24gliwice.pl\/wiadomosci\/europejski-dzien-bez-samochodu-w-piatek-pociagiem-i-autobusem-za-darmo-pod-jednym-warunkiem\/#breadcrumb","itemListElement":[{"@type":"ListItem","position":1,"name":"Strona g\u0142\u00f3wna","item":"https:\/\/www.24gliwice.pl\/wiadomosci\/"},{"@type":"ListItem","position":2,"name":"Dzie\u0144 Bez Samochodu. W pi\u0105tek poci\u0105giem i autobusem za darmo. Pod jednym warunkiem"}]},{"@type":"WebSite","@id":"https:\/\/www.24gliwice.pl\/wiadomosci\/#website","url":"https:\/\/www.24gliwice.pl\/wiadomosci\/","name":"24GLIWICE - Portal Gliwice | codziennie nowe wiadomo\u015bci","description":"Portal Miejski Gliwice","publisher":{"@id":"https:\/\/www.24gliwice.pl\/wiadomosci\/#organization"},"potentialAction":[{"@type":"SearchAction","target":{"@type":"EntryPoint","urlTemplate":"https:\/\/www.24gliwice.pl\/wiadomosci\/?s={search_term_string}"},"query-input":{"@type":"PropertyValueSpecification","valueRequired":true,"valueName":"search_term_string"}}],"inLanguage":"pl-PL"},{"@type":"Organization","@id":"https:\/\/www.24gliwice.pl\/wiadomosci\/#organization","name":"24gliwice","url":"https:\/\/www.24gliwice.pl\/wiadomosci\/","logo":{"@type":"ImageObject","inLanguage":"pl-PL","@id":"https:\/\/www.24gliwice.pl\/wiadomosci\/#\/schema\/logo\/image\/","url":"https:\/\/www.24gliwice.pl\/wiadomosci\/wp-content\/uploads\/2024\/10\/24gliwice-logo-696.jpg","contentUrl":"https:\/\/www.24gliwice.pl\/wiadomosci\/wp-content\/uploads\/2024\/10\/24gliwice-logo-696.jpg","width":696,"height":696,"caption":"24gliwice"},"image":{"@id":"https:\/\/www.24gliwice.pl\/wiadomosci\/#\/schema\/logo\/image\/"},"sameAs":["https:\/\/www.facebook.com\/24gliwice","https:\/\/x.com\/24gliwice","https:\/\/www.youtube.com\/@24gliwice"]},{"@type":"Person","@id":"https:\/\/www.24gliwice.pl\/wiadomosci\/#\/schema\/person\/e42c650edd7f2fa332be3811fb166b6e","name":"\u017baneta Mrozek-Siewierska","image":{"@type":"ImageObject","inLanguage":"pl-PL","@id":"https:\/\/secure.gravatar.com\/avatar\/1881429e9c64597c77ad7aef2d0a19be69a3253e57534d16aa15bf3a4d34a0a3?s=96&d=mm&r=g","url":"https:\/\/secure.gravatar.com\/avatar\/1881429e9c64597c77ad7aef2d0a19be69a3253e57534d16aa15bf3a4d34a0a3?s=96&d=mm&r=g","contentUrl":"https:\/\/secure.gravatar.com\/avatar\/1881429e9c64597c77ad7aef2d0a19be69a3253e57534d16aa15bf3a4d34a0a3?s=96&d=mm&r=g","caption":"\u017baneta Mrozek-Siewierska"},"url":"https:\/\/www.24gliwice.pl\/wiadomosci\/author\/zms\/"}]}},"_links":{"self":[{"href":"https:\/\/www.24gliwice.pl\/wiadomosci\/wp-json\/wp\/v2\/posts\/104518","targetHints":{"allow":["GET"]}}],"collection":[{"href":"https:\/\/www.24gliwice.pl\/wiadomosci\/wp-json\/wp\/v2\/posts"}],"about":[{"href":"https:\/\/www.24gliwice.pl\/wiadomosci\/wp-json\/wp\/v2\/types\/post"}],"author":[{"embeddable":true,"href":"https:\/\/www.24gliwice.pl\/wiadomosci\/wp-json\/wp\/v2\/users\/15"}],"replies":[{"embeddable":true,"href":"https:\/\/www.24gliwice.pl\/wiadomosci\/wp-json\/wp\/v2\/comments?post=104518"}],"version-history":[{"count":0,"href":"https:\/\/www.24gliwice.pl\/wiadomosci\/wp-json\/wp\/v2\/posts\/104518\/revisions"}],"wp:featuredmedia":[{"embeddable":true,"href":"https:\/\/www.24gliwice.pl\/wiadomosci\/wp-json\/wp\/v2\/media\/104523"}],"wp:attachment":[{"href":"https:\/\/www.24gliwice.pl\/wiadomosci\/wp-json\/wp\/v2\/media?parent=104518"}],"wp:term":[{"taxonomy":"category","embeddable":true,"href":"https:\/\/www.24gliwice.pl\/wiadomosci\/wp-json\/wp\/v2\/categories?post=104518"},{"taxonomy":"post_tag","embeddable":true,"href":"https:\/\/www.24gliwice.pl\/wiadomosci\/wp-json\/wp\/v2\/tags?post=104518"}],"curies":[{"name":"wp","href":"https:\/\/api.w.org\/{rel}","templated":true}]}}