{"id":104538,"date":"2017-09-25T04:10:51","date_gmt":"2017-09-25T02:10:51","guid":{"rendered":"http:\/\/www.24gliwice.pl\/wiadomosci\/?p=104538"},"modified":"2017-09-25T10:41:52","modified_gmt":"2017-09-25T08:41:52","slug":"plac-krakowski-czekaja-spore-zmiany-zniknie-stala-scena-imprezy-przeniosa-sie-przed-hale-gliwice","status":"publish","type":"post","link":"https:\/\/www.24gliwice.pl\/wiadomosci\/plac-krakowski-czekaja-spore-zmiany-zniknie-stala-scena-imprezy-przeniosa-sie-przed-hale-gliwice\/","title":{"rendered":"Plac Krakowski czekaj\u0105 spore zmiany, zniknie sta\u0142a scena. Imprezy przenios\u0105 si\u0119 przed Hal\u0119 Gliwice?"},"content":{"rendered":"<div class=\"gliwi-a6-nad-leadem-artykulow gliwi-entity-placement\" id=\"gliwi-3011807097\"><div class=\"gliwi-adlabel\"><span style=\"font-size: 9px\">REKLAMA<\/span><\/div><div id=\"gliwi-4215078735\" style=\"margin-bottom: 25px;margin-left: auto;margin-right: auto;text-align: center;\"><a data-no-instant=\"1\" href=\"https:\/\/dom100.eu\/\" rel=\"noopener\" class=\"a2t-link\" target=\"_blank\" aria-label=\"20260415 DOM100 D\"><img loading=\"lazy\" decoding=\"async\" src=\"https:\/\/www.24gliwice.pl\/wiadomosci\/wp-content\/uploads\/2026\/04\/20260415-DOM100-D.jpg\" alt=\"\"  srcset=\"https:\/\/www.24gliwice.pl\/wiadomosci\/wp-content\/uploads\/2026\/04\/20260415-DOM100-D.jpg 750w, https:\/\/www.24gliwice.pl\/wiadomosci\/wp-content\/uploads\/2026\/04\/20260415-DOM100-D-410x109.jpg 410w\" sizes=\"(max-width: 750px) 100vw, 750px\" class=\"no-lazyload\" width=\"750\" height=\"200\"  style=\"display: inline-block; max-width: 100%; height: auto;\" \/><\/a><\/div><\/div><h3>Modernizacja ma\u0142ej architektury, rozbi\u00f3rka sta\u0142ej sceny, kt\u00f3ra ust\u0105pi miejsca&#8230; trawnikowi &#8211; takie zmiany na Placu Krakowskim zapowiada MZUK.<\/h3>\n<p><em>&#8211; Konieczno\u015b\u0107 rozebrania sceny wynika mi\u0119dzy innymi z jej z\u0142ego stanu technicznego<\/em> &#8211; wyja\u015bnia <strong>Grzegorz \u015aliczniuk<\/strong>, zast\u0119pca Dyrektora d\/s technicznych Miejskiego Zarz\u0105du Us\u0142ug Komunalnych.<\/p>\n<p><em>&#8211; Istniej\u0105ca scena od wielu lat nie by\u0142a u\u017cywana. Przyczyn\u0105 jest jej po\u0142o\u017cenie, kt\u00f3re powoduje, \u017ce d\u017awi\u0119ki w czasie imprez rozchodzi\u0142y si\u0119 w kierunku pobliskich budynk\u00f3w mieszkalnych. W czasie aktualnie organizowanych imprez wykorzystywana jest scena przeno\u015bna ustawiana od strony ul. \u0141u\u017cyckiej w taki spos\u00f3b, \u017ce d\u017awi\u0119ki rozchodz\u0105 si\u0119 w kierunku budynk\u00f3w Stra\u017cy Po\u017carnej i nie s\u0105 tak uci\u0105\u017cliwe dla okolicznych mieszka\u0144c\u00f3w<\/em> &#8211; dodaje Grzegorz \u015aliczniuk.<\/p><div class=\"gliwi-a3-w-tresci-artykulow gliwi-entity-placement\" id=\"gliwi-4114982021\"><div class=\"gliwi-adlabel\"><span style=\"font-size: 9px\">REKLAMA<\/span><\/div><div id=\"gliwi-612592932\" style=\"margin-bottom: 30px;margin-left: auto;margin-right: auto;text-align: center;\"><a data-no-instant=\"1\" href=\"https:\/\/zlobek.halogen.org.pl\/\" rel=\"noopener\" class=\"a2t-link\" target=\"_blank\" aria-label=\"animator-zlobek_750x200\"><img loading=\"lazy\" decoding=\"async\" src=\"https:\/\/www.24gliwice.pl\/wiadomosci\/wp-content\/uploads\/2026\/02\/animator-zlobek_750x200.webp\" alt=\"\"  srcset=\"https:\/\/www.24gliwice.pl\/wiadomosci\/wp-content\/uploads\/2026\/02\/animator-zlobek_750x200.webp 750w, https:\/\/www.24gliwice.pl\/wiadomosci\/wp-content\/uploads\/2026\/02\/animator-zlobek_750x200-410x109.webp 410w\" sizes=\"(max-width: 750px) 100vw, 750px\" class=\"no-lazyload\" width=\"750\" height=\"200\"  style=\"display: inline-block; max-width: 100%; height: auto;\" \/><\/a><\/div><\/div>\n<p>Scena od pocz\u0105tku by\u0142a mocno nietrafion\u0105 inwestycj\u0105. Pierwotnie posiada\u0142a zadaszenie, ale z powodu wady, w 2007 roku miasto zleci\u0142o rozbi\u00f3rk\u0119 stalowej konstrukcji. 10 lat p\u00f3\u017aniej zniknie ca\u0142a scena.<\/p>\n<p><img loading=\"lazy\" decoding=\"async\" class=\"aligncenter size-full wp-image-104760\" src=\"http:\/\/www.24gliwice.pl\/wiadomosci\/wp-content\/uploads\/2017\/09\/1-21908315_10155747955589675_184939237_o.jpg\" alt=\"\" width=\"1140\" height=\"624\" srcset=\"https:\/\/www.24gliwice.pl\/wiadomosci\/wp-content\/uploads\/2017\/09\/1-21908315_10155747955589675_184939237_o.jpg 1140w, https:\/\/www.24gliwice.pl\/wiadomosci\/wp-content\/uploads\/2017\/09\/1-21908315_10155747955589675_184939237_o-410x224.jpg 410w, https:\/\/www.24gliwice.pl\/wiadomosci\/wp-content\/uploads\/2017\/09\/1-21908315_10155747955589675_184939237_o-768x420.jpg 768w, https:\/\/www.24gliwice.pl\/wiadomosci\/wp-content\/uploads\/2017\/09\/1-21908315_10155747955589675_184939237_o-810x443.jpg 810w\" sizes=\"auto, (max-width: 1140px) 100vw, 1140px\" \/><\/p>\n<p>Nie oznacza to jednak, \u017ce plac zmieni swoj\u0105 funkcj\u0119. Takie zapewnienia otrzymali\u015bmy od rzeczniczki MZUK, <strong>Iwony Janik<\/strong>.<\/p>\n<p><em>&#8211; Przy okazji modernizacji chcieliby\u015bmy wykona\u0107 prace remontowe na samej widowni. Przewidziana jest wymiana siedzisk oraz wymiana b\u0105d\u017a uzupe\u0142nienie klinkieru. Na chwil\u0119 obecn\u0105 nie przewiduje si\u0119, aby Plac Krakowski mia\u0142 zmieni\u0107 przeznaczenie. Tak jak przez ostatnich kilka lat nadal b\u0119dzie funkcjonowa\u0142a scena mobilna. To rozwi\u0105zanie bardzo dobrze sprawdzi\u0142o si\u0119 pod k\u0105tem samego nag\u0142o\u015bnienia placu jak i mniejszej uci\u0105\u017cliwo\u015bci dla pobliskich mieszka\u0144c\u00f3w.<\/em><\/p>\n<p><img loading=\"lazy\" decoding=\"async\" class=\"aligncenter size-full wp-image-104761\" src=\"http:\/\/www.24gliwice.pl\/wiadomosci\/wp-content\/uploads\/2017\/09\/1-20170924_172609.jpg\" alt=\"\" width=\"1140\" height=\"642\" srcset=\"https:\/\/www.24gliwice.pl\/wiadomosci\/wp-content\/uploads\/2017\/09\/1-20170924_172609.jpg 1140w, https:\/\/www.24gliwice.pl\/wiadomosci\/wp-content\/uploads\/2017\/09\/1-20170924_172609-410x232.jpg 410w, https:\/\/www.24gliwice.pl\/wiadomosci\/wp-content\/uploads\/2017\/09\/1-20170924_172609-768x433.jpg 768w, https:\/\/www.24gliwice.pl\/wiadomosci\/wp-content\/uploads\/2017\/09\/1-20170924_172609-808x455.jpg 808w, https:\/\/www.24gliwice.pl\/wiadomosci\/wp-content\/uploads\/2017\/09\/1-20170924_172609-810x456.jpg 810w\" sizes=\"auto, (max-width: 1140px) 100vw, 1140px\" \/><\/p>\n[perfectpullquote align=&#8221;full&#8221; cite=&#8221;&#8221; link=&#8221;&#8221; color=&#8221;&#8221; class=&#8221;&#8221; size=&#8221;&#8221;]Wiadomo ju\u017c te\u017c, \u017ce na Placu Krakowskim nie powstanie lodowisko. O jego uruchomienie w tym miejscu zabiega\u0142 radny <strong>Bart\u0142omiej Kowalski<\/strong>.[\/perfectpullquote]\n<p>Na przeszkodzie stan\u0119\u0142y koszty, kt\u00f3re oszacowano na oko\u0142o 150 tysi\u0119cy z\u0142otych. Problemem wskazywanym przez MZUK mia\u0142by by\u0107 ha\u0142as emitowany przez pracuj\u0105ce ca\u0142odobowo agregaty, a tak\u017ce kolidowanie funkcjonowania obiektu z organizowanymi w tym miejscu imprezami o charakterze otwartym.<\/p>\n<p>A ile takich imprez odb\u0119dzie si\u0119 tu w sezonie jesienno-zimowym? <em>&#8211; Jedna, a po zmianie plan\u00f3w wobec Pl. Krakowskiego nie b\u0119dzie ju\u017c tam takich tak du\u017cych event\u00f3w. B\u0119dzie mie\u0107 inny charakter, czyli imprezy rozrywkowe b\u0119d\u0105 przed Hal\u0105 Gliwice<\/em> \u2013 zauwa\u017ca Bart\u0142omiej Kowalski na portalu facebook.com.<\/p>\n<p><em>\u2013 Zapewne tak b\u0119dzie, jak sugeruje radny Kowalski. Naturalna kolej rzeczy. Miejsce w\u0142a\u015bciwe. Nie znaczy to jednak, \u017ce Plac Krakowski b\u0119dzie martwy<\/em> \u2013 podsumowuje rzecznik prezydenta, <strong>Marek Jarz\u0119bowski<\/strong>.<\/p>\n<p>(\u017cms\/mf)<\/p>\n<p><img loading=\"lazy\" decoding=\"async\" class=\"aligncenter size-full wp-image-104762\" src=\"http:\/\/www.24gliwice.pl\/wiadomosci\/wp-content\/uploads\/2017\/09\/1-20170924_172733.jpg\" alt=\"\" width=\"1140\" height=\"642\" srcset=\"https:\/\/www.24gliwice.pl\/wiadomosci\/wp-content\/uploads\/2017\/09\/1-20170924_172733.jpg 1140w, https:\/\/www.24gliwice.pl\/wiadomosci\/wp-content\/uploads\/2017\/09\/1-20170924_172733-410x232.jpg 410w, https:\/\/www.24gliwice.pl\/wiadomosci\/wp-content\/uploads\/2017\/09\/1-20170924_172733-768x433.jpg 768w, https:\/\/www.24gliwice.pl\/wiadomosci\/wp-content\/uploads\/2017\/09\/1-20170924_172733-808x455.jpg 808w, https:\/\/www.24gliwice.pl\/wiadomosci\/wp-content\/uploads\/2017\/09\/1-20170924_172733-810x456.jpg 810w\" sizes=\"auto, (max-width: 1140px) 100vw, 1140px\" \/><\/p>\n<div class=\"gliwi-a5-na-koncu-artykulow gliwi-entity-placement\" id=\"gliwi-2421645669\"><div class=\"gliwi-adlabel\"><span style=\"font-size: 9px\">REKLAMA<\/span><\/div><div id=\"gliwi-3051594541\" style=\"margin-left: auto;margin-right: auto;text-align: center;\"><a data-no-instant=\"1\" href=\"https:\/\/prezeroarenagliwice.pl\/\" rel=\"noopener\" class=\"a2t-link\" target=\"_blank\" aria-label=\"20260309-PREZERO-WIOSNA-D\"><img loading=\"lazy\" decoding=\"async\" src=\"https:\/\/www.24gliwice.pl\/wiadomosci\/wp-content\/uploads\/2026\/03\/20260309-PREZERO-WIOSNA-D.webp\" alt=\"\"  srcset=\"https:\/\/www.24gliwice.pl\/wiadomosci\/wp-content\/uploads\/2026\/03\/20260309-PREZERO-WIOSNA-D.webp 750w, https:\/\/www.24gliwice.pl\/wiadomosci\/wp-content\/uploads\/2026\/03\/20260309-PREZERO-WIOSNA-D-410x109.webp 410w\" sizes=\"(max-width: 750px) 100vw, 750px\" class=\"no-lazyload\" width=\"750\" height=\"200\"  style=\"display: inline-block; max-width: 100%; height: auto;\" \/><\/a><\/div><\/div>","protected":false},"excerpt":{"rendered":"<p>Modernizacja ma\u0142ej architektury, rozbi\u00f3rka sta\u0142ej sceny, kt\u00f3ra ust\u0105pi miejsca&#8230; trawnikowi &#8211; takie zmiany na Placu Krakowskim zapowiada MZUK. &#8211; Konieczno\u015b\u0107 rozebrania sceny wynika mi\u0119dzy innymi z jej z\u0142ego stanu technicznego &#8211; wyja\u015bnia Grzegorz \u015aliczniuk, zast\u0119pca Dyrektora d\/s technicznych Miejskiego Zarz\u0105du Us\u0142ug Komunalnych. &#8211; Istniej\u0105ca scena od wielu lat nie by\u0142a u\u017cywana. Przyczyn\u0105 jest jej po\u0142o\u017cenie, [&hellip;]<\/p>\n","protected":false},"author":15,"featured_media":104758,"comment_status":"open","ping_status":"closed","sticky":false,"template":"","format":"standard","meta":{"_monsterinsights_skip_tracking":false,"_monsterinsights_sitenote_active":false,"_monsterinsights_sitenote_note":"","_monsterinsights_sitenote_category":0,"footnotes":"","_links_to":"","_links_to_target":""},"categories":[3,1,9],"tags":[3023,4520,6976,257,2091,10260],"class_list":["post-104538","post","type-post","status-publish","format-standard","has-post-thumbnail","hentry","category-gliwice","category-wszystko","category-aktualnosci_lokalne","tag-imprezy","tag-koncerty","tag-lodowisko","tag-mzuk","tag-plac-krakowski","tag-slizgawka"],"yoast_head":"<!-- This site is optimized with the Yoast SEO plugin v27.5 - https:\/\/yoast.com\/product\/yoast-seo-wordpress\/ -->\n<title>Plac Krakowski czekaj\u0105 spore zmiany, zniknie sta\u0142a scena. Imprezy przenios\u0105 si\u0119 przed Hal\u0119 Gliwice? - 24GLIWICE - Portal Gliwice | codziennie nowe informacje<\/title>\n<meta name=\"robots\" content=\"index, follow, max-snippet:-1, max-image-preview:large, max-video-preview:-1\" \/>\n<link rel=\"canonical\" href=\"https:\/\/www.24gliwice.pl\/wiadomosci\/plac-krakowski-czekaja-spore-zmiany-zniknie-stala-scena-imprezy-przeniosa-sie-przed-hale-gliwice\/\" \/>\n<meta property=\"og:locale\" content=\"pl_PL\" \/>\n<meta property=\"og:type\" content=\"article\" \/>\n<meta property=\"og:title\" content=\"Plac Krakowski czekaj\u0105 spore zmiany, zniknie sta\u0142a scena. Imprezy przenios\u0105 si\u0119 przed Hal\u0119 Gliwice? - 24GLIWICE - Portal Gliwice | codziennie nowe informacje\" \/>\n<meta property=\"og:description\" content=\"Modernizacja ma\u0142ej architektury, rozbi\u00f3rka sta\u0142ej sceny, kt\u00f3ra ust\u0105pi miejsca&#8230; trawnikowi &#8211; takie zmiany na Placu Krakowskim zapowiada MZUK. &#8211; Konieczno\u015b\u0107 rozebrania sceny wynika mi\u0119dzy innymi z jej z\u0142ego stanu technicznego &#8211; wyja\u015bnia Grzegorz \u015aliczniuk, zast\u0119pca Dyrektora d\/s technicznych Miejskiego Zarz\u0105du Us\u0142ug Komunalnych. &#8211; Istniej\u0105ca scena od wielu lat nie by\u0142a u\u017cywana. Przyczyn\u0105 jest jej po\u0142o\u017cenie, [&hellip;]\" \/>\n<meta property=\"og:url\" content=\"https:\/\/www.24gliwice.pl\/wiadomosci\/plac-krakowski-czekaja-spore-zmiany-zniknie-stala-scena-imprezy-przeniosa-sie-przed-hale-gliwice\/\" \/>\n<meta property=\"og:site_name\" content=\"24GLIWICE - Portal Gliwice | codziennie nowe informacje\" \/>\n<meta property=\"article:publisher\" content=\"https:\/\/www.facebook.com\/24gliwice\" \/>\n<meta property=\"article:published_time\" content=\"2017-09-25T02:10:51+00:00\" \/>\n<meta property=\"article:modified_time\" content=\"2017-09-25T08:41:52+00:00\" \/>\n<meta property=\"og:image\" content=\"https:\/\/www.24gliwice.pl\/wiadomosci\/wp-content\/uploads\/2017\/09\/1-20170924_172835.jpg\" \/>\n\t<meta property=\"og:image:width\" content=\"1140\" \/>\n\t<meta property=\"og:image:height\" content=\"642\" \/>\n\t<meta property=\"og:image:type\" content=\"image\/jpeg\" \/>\n<meta name=\"author\" content=\"\u017baneta Mrozek-Siewierska\" \/>\n<meta name=\"twitter:card\" content=\"summary_large_image\" \/>\n<meta name=\"twitter:creator\" content=\"@24gliwice\" \/>\n<meta name=\"twitter:site\" content=\"@24gliwice\" \/>\n<meta name=\"twitter:label1\" content=\"Napisane przez\" \/>\n\t<meta name=\"twitter:data1\" content=\"\u017baneta Mrozek-Siewierska\" \/>\n\t<meta name=\"twitter:label2\" content=\"Szacowany czas czytania\" \/>\n\t<meta name=\"twitter:data2\" content=\"2 minuty\" \/>\n<script type=\"application\/ld+json\" class=\"yoast-schema-graph\">{\"@context\":\"https:\\\/\\\/schema.org\",\"@graph\":[{\"@type\":\"Article\",\"@id\":\"https:\\\/\\\/www.24gliwice.pl\\\/wiadomosci\\\/plac-krakowski-czekaja-spore-zmiany-zniknie-stala-scena-imprezy-przeniosa-sie-przed-hale-gliwice\\\/#article\",\"isPartOf\":{\"@id\":\"https:\\\/\\\/www.24gliwice.pl\\\/wiadomosci\\\/plac-krakowski-czekaja-spore-zmiany-zniknie-stala-scena-imprezy-przeniosa-sie-przed-hale-gliwice\\\/\"},\"author\":{\"name\":\"\u017baneta Mrozek-Siewierska\",\"@id\":\"https:\\\/\\\/www.24gliwice.pl\\\/wiadomosci\\\/#\\\/schema\\\/person\\\/e42c650edd7f2fa332be3811fb166b6e\"},\"headline\":\"Plac Krakowski czekaj\u0105 spore zmiany, zniknie sta\u0142a scena. Imprezy przenios\u0105 si\u0119 przed Hal\u0119 Gliwice?\",\"datePublished\":\"2017-09-25T02:10:51+00:00\",\"dateModified\":\"2017-09-25T08:41:52+00:00\",\"mainEntityOfPage\":{\"@id\":\"https:\\\/\\\/www.24gliwice.pl\\\/wiadomosci\\\/plac-krakowski-czekaja-spore-zmiany-zniknie-stala-scena-imprezy-przeniosa-sie-przed-hale-gliwice\\\/\"},\"wordCount\":444,\"commentCount\":0,\"publisher\":{\"@id\":\"https:\\\/\\\/www.24gliwice.pl\\\/wiadomosci\\\/#organization\"},\"image\":{\"@id\":\"https:\\\/\\\/www.24gliwice.pl\\\/wiadomosci\\\/plac-krakowski-czekaja-spore-zmiany-zniknie-stala-scena-imprezy-przeniosa-sie-przed-hale-gliwice\\\/#primaryimage\"},\"thumbnailUrl\":\"https:\\\/\\\/www.24gliwice.pl\\\/wiadomosci\\\/wp-content\\\/uploads\\\/2017\\\/09\\\/1-20170924_172835.jpg\",\"keywords\":[\"IMPREZY\",\"KONCERTY\",\"LODOWISKO\",\"MZUK\",\"PLAC KRAKOWSKI\",\"\u015blizgawka\"],\"articleSection\":[\"Gliwice\",\"Najnowsze wiadomo\u015bci\",\"Portal Gliwice - Wiadomo\u015bci lokalne\"],\"inLanguage\":\"pl-PL\",\"potentialAction\":[{\"@type\":\"CommentAction\",\"name\":\"Comment\",\"target\":[\"https:\\\/\\\/www.24gliwice.pl\\\/wiadomosci\\\/plac-krakowski-czekaja-spore-zmiany-zniknie-stala-scena-imprezy-przeniosa-sie-przed-hale-gliwice\\\/#respond\"]}]},{\"@type\":\"WebPage\",\"@id\":\"https:\\\/\\\/www.24gliwice.pl\\\/wiadomosci\\\/plac-krakowski-czekaja-spore-zmiany-zniknie-stala-scena-imprezy-przeniosa-sie-przed-hale-gliwice\\\/\",\"url\":\"https:\\\/\\\/www.24gliwice.pl\\\/wiadomosci\\\/plac-krakowski-czekaja-spore-zmiany-zniknie-stala-scena-imprezy-przeniosa-sie-przed-hale-gliwice\\\/\",\"name\":\"Plac Krakowski czekaj\u0105 spore zmiany, zniknie sta\u0142a scena. Imprezy przenios\u0105 si\u0119 przed Hal\u0119 Gliwice? - 24GLIWICE - Portal Gliwice | codziennie nowe informacje\",\"isPartOf\":{\"@id\":\"https:\\\/\\\/www.24gliwice.pl\\\/wiadomosci\\\/#website\"},\"primaryImageOfPage\":{\"@id\":\"https:\\\/\\\/www.24gliwice.pl\\\/wiadomosci\\\/plac-krakowski-czekaja-spore-zmiany-zniknie-stala-scena-imprezy-przeniosa-sie-przed-hale-gliwice\\\/#primaryimage\"},\"image\":{\"@id\":\"https:\\\/\\\/www.24gliwice.pl\\\/wiadomosci\\\/plac-krakowski-czekaja-spore-zmiany-zniknie-stala-scena-imprezy-przeniosa-sie-przed-hale-gliwice\\\/#primaryimage\"},\"thumbnailUrl\":\"https:\\\/\\\/www.24gliwice.pl\\\/wiadomosci\\\/wp-content\\\/uploads\\\/2017\\\/09\\\/1-20170924_172835.jpg\",\"datePublished\":\"2017-09-25T02:10:51+00:00\",\"dateModified\":\"2017-09-25T08:41:52+00:00\",\"breadcrumb\":{\"@id\":\"https:\\\/\\\/www.24gliwice.pl\\\/wiadomosci\\\/plac-krakowski-czekaja-spore-zmiany-zniknie-stala-scena-imprezy-przeniosa-sie-przed-hale-gliwice\\\/#breadcrumb\"},\"inLanguage\":\"pl-PL\",\"potentialAction\":[{\"@type\":\"ReadAction\",\"target\":[\"https:\\\/\\\/www.24gliwice.pl\\\/wiadomosci\\\/plac-krakowski-czekaja-spore-zmiany-zniknie-stala-scena-imprezy-przeniosa-sie-przed-hale-gliwice\\\/\"]}]},{\"@type\":\"ImageObject\",\"inLanguage\":\"pl-PL\",\"@id\":\"https:\\\/\\\/www.24gliwice.pl\\\/wiadomosci\\\/plac-krakowski-czekaja-spore-zmiany-zniknie-stala-scena-imprezy-przeniosa-sie-przed-hale-gliwice\\\/#primaryimage\",\"url\":\"https:\\\/\\\/www.24gliwice.pl\\\/wiadomosci\\\/wp-content\\\/uploads\\\/2017\\\/09\\\/1-20170924_172835.jpg\",\"contentUrl\":\"https:\\\/\\\/www.24gliwice.pl\\\/wiadomosci\\\/wp-content\\\/uploads\\\/2017\\\/09\\\/1-20170924_172835.jpg\",\"width\":1140,\"height\":642},{\"@type\":\"BreadcrumbList\",\"@id\":\"https:\\\/\\\/www.24gliwice.pl\\\/wiadomosci\\\/plac-krakowski-czekaja-spore-zmiany-zniknie-stala-scena-imprezy-przeniosa-sie-przed-hale-gliwice\\\/#breadcrumb\",\"itemListElement\":[{\"@type\":\"ListItem\",\"position\":1,\"name\":\"Strona g\u0142\u00f3wna\",\"item\":\"https:\\\/\\\/www.24gliwice.pl\\\/wiadomosci\\\/\"},{\"@type\":\"ListItem\",\"position\":2,\"name\":\"Plac Krakowski czekaj\u0105 spore zmiany, zniknie sta\u0142a scena. Imprezy przenios\u0105 si\u0119 przed Hal\u0119 Gliwice?\"}]},{\"@type\":\"WebSite\",\"@id\":\"https:\\\/\\\/www.24gliwice.pl\\\/wiadomosci\\\/#website\",\"url\":\"https:\\\/\\\/www.24gliwice.pl\\\/wiadomosci\\\/\",\"name\":\"24GLIWICE - Portal Gliwice | codziennie nowe wiadomo\u015bci\",\"description\":\"Portal Miejski Gliwice\",\"publisher\":{\"@id\":\"https:\\\/\\\/www.24gliwice.pl\\\/wiadomosci\\\/#organization\"},\"potentialAction\":[{\"@type\":\"SearchAction\",\"target\":{\"@type\":\"EntryPoint\",\"urlTemplate\":\"https:\\\/\\\/www.24gliwice.pl\\\/wiadomosci\\\/?s={search_term_string}\"},\"query-input\":{\"@type\":\"PropertyValueSpecification\",\"valueRequired\":true,\"valueName\":\"search_term_string\"}}],\"inLanguage\":\"pl-PL\"},{\"@type\":\"Organization\",\"@id\":\"https:\\\/\\\/www.24gliwice.pl\\\/wiadomosci\\\/#organization\",\"name\":\"24gliwice\",\"url\":\"https:\\\/\\\/www.24gliwice.pl\\\/wiadomosci\\\/\",\"logo\":{\"@type\":\"ImageObject\",\"inLanguage\":\"pl-PL\",\"@id\":\"https:\\\/\\\/www.24gliwice.pl\\\/wiadomosci\\\/#\\\/schema\\\/logo\\\/image\\\/\",\"url\":\"https:\\\/\\\/www.24gliwice.pl\\\/wiadomosci\\\/wp-content\\\/uploads\\\/2024\\\/10\\\/24gliwice-logo-696.jpg\",\"contentUrl\":\"https:\\\/\\\/www.24gliwice.pl\\\/wiadomosci\\\/wp-content\\\/uploads\\\/2024\\\/10\\\/24gliwice-logo-696.jpg\",\"width\":696,\"height\":696,\"caption\":\"24gliwice\"},\"image\":{\"@id\":\"https:\\\/\\\/www.24gliwice.pl\\\/wiadomosci\\\/#\\\/schema\\\/logo\\\/image\\\/\"},\"sameAs\":[\"https:\\\/\\\/www.facebook.com\\\/24gliwice\",\"https:\\\/\\\/x.com\\\/24gliwice\",\"https:\\\/\\\/www.youtube.com\\\/@24gliwice\"]},{\"@type\":\"Person\",\"@id\":\"https:\\\/\\\/www.24gliwice.pl\\\/wiadomosci\\\/#\\\/schema\\\/person\\\/e42c650edd7f2fa332be3811fb166b6e\",\"name\":\"\u017baneta Mrozek-Siewierska\",\"image\":{\"@type\":\"ImageObject\",\"inLanguage\":\"pl-PL\",\"@id\":\"https:\\\/\\\/secure.gravatar.com\\\/avatar\\\/1881429e9c64597c77ad7aef2d0a19be69a3253e57534d16aa15bf3a4d34a0a3?s=96&d=mm&r=g\",\"url\":\"https:\\\/\\\/secure.gravatar.com\\\/avatar\\\/1881429e9c64597c77ad7aef2d0a19be69a3253e57534d16aa15bf3a4d34a0a3?s=96&d=mm&r=g\",\"contentUrl\":\"https:\\\/\\\/secure.gravatar.com\\\/avatar\\\/1881429e9c64597c77ad7aef2d0a19be69a3253e57534d16aa15bf3a4d34a0a3?s=96&d=mm&r=g\",\"caption\":\"\u017baneta Mrozek-Siewierska\"},\"url\":\"https:\\\/\\\/www.24gliwice.pl\\\/wiadomosci\\\/author\\\/zms\\\/\"}]}<\/script>\n<!-- \/ Yoast SEO plugin. -->","yoast_head_json":{"title":"Plac Krakowski czekaj\u0105 spore zmiany, zniknie sta\u0142a scena. Imprezy przenios\u0105 si\u0119 przed Hal\u0119 Gliwice? - 24GLIWICE - Portal Gliwice | codziennie nowe informacje","robots":{"index":"index","follow":"follow","max-snippet":"max-snippet:-1","max-image-preview":"max-image-preview:large","max-video-preview":"max-video-preview:-1"},"canonical":"https:\/\/www.24gliwice.pl\/wiadomosci\/plac-krakowski-czekaja-spore-zmiany-zniknie-stala-scena-imprezy-przeniosa-sie-przed-hale-gliwice\/","og_locale":"pl_PL","og_type":"article","og_title":"Plac Krakowski czekaj\u0105 spore zmiany, zniknie sta\u0142a scena. Imprezy przenios\u0105 si\u0119 przed Hal\u0119 Gliwice? - 24GLIWICE - Portal Gliwice | codziennie nowe informacje","og_description":"Modernizacja ma\u0142ej architektury, rozbi\u00f3rka sta\u0142ej sceny, kt\u00f3ra ust\u0105pi miejsca&#8230; trawnikowi &#8211; takie zmiany na Placu Krakowskim zapowiada MZUK. &#8211; Konieczno\u015b\u0107 rozebrania sceny wynika mi\u0119dzy innymi z jej z\u0142ego stanu technicznego &#8211; wyja\u015bnia Grzegorz \u015aliczniuk, zast\u0119pca Dyrektora d\/s technicznych Miejskiego Zarz\u0105du Us\u0142ug Komunalnych. &#8211; Istniej\u0105ca scena od wielu lat nie by\u0142a u\u017cywana. Przyczyn\u0105 jest jej po\u0142o\u017cenie, [&hellip;]","og_url":"https:\/\/www.24gliwice.pl\/wiadomosci\/plac-krakowski-czekaja-spore-zmiany-zniknie-stala-scena-imprezy-przeniosa-sie-przed-hale-gliwice\/","og_site_name":"24GLIWICE - Portal Gliwice | codziennie nowe informacje","article_publisher":"https:\/\/www.facebook.com\/24gliwice","article_published_time":"2017-09-25T02:10:51+00:00","article_modified_time":"2017-09-25T08:41:52+00:00","og_image":[{"width":1140,"height":642,"url":"https:\/\/www.24gliwice.pl\/wiadomosci\/wp-content\/uploads\/2017\/09\/1-20170924_172835.jpg","type":"image\/jpeg"}],"author":"\u017baneta Mrozek-Siewierska","twitter_card":"summary_large_image","twitter_creator":"@24gliwice","twitter_site":"@24gliwice","twitter_misc":{"Napisane przez":"\u017baneta Mrozek-Siewierska","Szacowany czas czytania":"2 minuty"},"schema":{"@context":"https:\/\/schema.org","@graph":[{"@type":"Article","@id":"https:\/\/www.24gliwice.pl\/wiadomosci\/plac-krakowski-czekaja-spore-zmiany-zniknie-stala-scena-imprezy-przeniosa-sie-przed-hale-gliwice\/#article","isPartOf":{"@id":"https:\/\/www.24gliwice.pl\/wiadomosci\/plac-krakowski-czekaja-spore-zmiany-zniknie-stala-scena-imprezy-przeniosa-sie-przed-hale-gliwice\/"},"author":{"name":"\u017baneta Mrozek-Siewierska","@id":"https:\/\/www.24gliwice.pl\/wiadomosci\/#\/schema\/person\/e42c650edd7f2fa332be3811fb166b6e"},"headline":"Plac Krakowski czekaj\u0105 spore zmiany, zniknie sta\u0142a scena. Imprezy przenios\u0105 si\u0119 przed Hal\u0119 Gliwice?","datePublished":"2017-09-25T02:10:51+00:00","dateModified":"2017-09-25T08:41:52+00:00","mainEntityOfPage":{"@id":"https:\/\/www.24gliwice.pl\/wiadomosci\/plac-krakowski-czekaja-spore-zmiany-zniknie-stala-scena-imprezy-przeniosa-sie-przed-hale-gliwice\/"},"wordCount":444,"commentCount":0,"publisher":{"@id":"https:\/\/www.24gliwice.pl\/wiadomosci\/#organization"},"image":{"@id":"https:\/\/www.24gliwice.pl\/wiadomosci\/plac-krakowski-czekaja-spore-zmiany-zniknie-stala-scena-imprezy-przeniosa-sie-przed-hale-gliwice\/#primaryimage"},"thumbnailUrl":"https:\/\/www.24gliwice.pl\/wiadomosci\/wp-content\/uploads\/2017\/09\/1-20170924_172835.jpg","keywords":["IMPREZY","KONCERTY","LODOWISKO","MZUK","PLAC KRAKOWSKI","\u015blizgawka"],"articleSection":["Gliwice","Najnowsze wiadomo\u015bci","Portal Gliwice - Wiadomo\u015bci lokalne"],"inLanguage":"pl-PL","potentialAction":[{"@type":"CommentAction","name":"Comment","target":["https:\/\/www.24gliwice.pl\/wiadomosci\/plac-krakowski-czekaja-spore-zmiany-zniknie-stala-scena-imprezy-przeniosa-sie-przed-hale-gliwice\/#respond"]}]},{"@type":"WebPage","@id":"https:\/\/www.24gliwice.pl\/wiadomosci\/plac-krakowski-czekaja-spore-zmiany-zniknie-stala-scena-imprezy-przeniosa-sie-przed-hale-gliwice\/","url":"https:\/\/www.24gliwice.pl\/wiadomosci\/plac-krakowski-czekaja-spore-zmiany-zniknie-stala-scena-imprezy-przeniosa-sie-przed-hale-gliwice\/","name":"Plac Krakowski czekaj\u0105 spore zmiany, zniknie sta\u0142a scena. Imprezy przenios\u0105 si\u0119 przed Hal\u0119 Gliwice? - 24GLIWICE - Portal Gliwice | codziennie nowe informacje","isPartOf":{"@id":"https:\/\/www.24gliwice.pl\/wiadomosci\/#website"},"primaryImageOfPage":{"@id":"https:\/\/www.24gliwice.pl\/wiadomosci\/plac-krakowski-czekaja-spore-zmiany-zniknie-stala-scena-imprezy-przeniosa-sie-przed-hale-gliwice\/#primaryimage"},"image":{"@id":"https:\/\/www.24gliwice.pl\/wiadomosci\/plac-krakowski-czekaja-spore-zmiany-zniknie-stala-scena-imprezy-przeniosa-sie-przed-hale-gliwice\/#primaryimage"},"thumbnailUrl":"https:\/\/www.24gliwice.pl\/wiadomosci\/wp-content\/uploads\/2017\/09\/1-20170924_172835.jpg","datePublished":"2017-09-25T02:10:51+00:00","dateModified":"2017-09-25T08:41:52+00:00","breadcrumb":{"@id":"https:\/\/www.24gliwice.pl\/wiadomosci\/plac-krakowski-czekaja-spore-zmiany-zniknie-stala-scena-imprezy-przeniosa-sie-przed-hale-gliwice\/#breadcrumb"},"inLanguage":"pl-PL","potentialAction":[{"@type":"ReadAction","target":["https:\/\/www.24gliwice.pl\/wiadomosci\/plac-krakowski-czekaja-spore-zmiany-zniknie-stala-scena-imprezy-przeniosa-sie-przed-hale-gliwice\/"]}]},{"@type":"ImageObject","inLanguage":"pl-PL","@id":"https:\/\/www.24gliwice.pl\/wiadomosci\/plac-krakowski-czekaja-spore-zmiany-zniknie-stala-scena-imprezy-przeniosa-sie-przed-hale-gliwice\/#primaryimage","url":"https:\/\/www.24gliwice.pl\/wiadomosci\/wp-content\/uploads\/2017\/09\/1-20170924_172835.jpg","contentUrl":"https:\/\/www.24gliwice.pl\/wiadomosci\/wp-content\/uploads\/2017\/09\/1-20170924_172835.jpg","width":1140,"height":642},{"@type":"BreadcrumbList","@id":"https:\/\/www.24gliwice.pl\/wiadomosci\/plac-krakowski-czekaja-spore-zmiany-zniknie-stala-scena-imprezy-przeniosa-sie-przed-hale-gliwice\/#breadcrumb","itemListElement":[{"@type":"ListItem","position":1,"name":"Strona g\u0142\u00f3wna","item":"https:\/\/www.24gliwice.pl\/wiadomosci\/"},{"@type":"ListItem","position":2,"name":"Plac Krakowski czekaj\u0105 spore zmiany, zniknie sta\u0142a scena. Imprezy przenios\u0105 si\u0119 przed Hal\u0119 Gliwice?"}]},{"@type":"WebSite","@id":"https:\/\/www.24gliwice.pl\/wiadomosci\/#website","url":"https:\/\/www.24gliwice.pl\/wiadomosci\/","name":"24GLIWICE - Portal Gliwice | codziennie nowe wiadomo\u015bci","description":"Portal Miejski Gliwice","publisher":{"@id":"https:\/\/www.24gliwice.pl\/wiadomosci\/#organization"},"potentialAction":[{"@type":"SearchAction","target":{"@type":"EntryPoint","urlTemplate":"https:\/\/www.24gliwice.pl\/wiadomosci\/?s={search_term_string}"},"query-input":{"@type":"PropertyValueSpecification","valueRequired":true,"valueName":"search_term_string"}}],"inLanguage":"pl-PL"},{"@type":"Organization","@id":"https:\/\/www.24gliwice.pl\/wiadomosci\/#organization","name":"24gliwice","url":"https:\/\/www.24gliwice.pl\/wiadomosci\/","logo":{"@type":"ImageObject","inLanguage":"pl-PL","@id":"https:\/\/www.24gliwice.pl\/wiadomosci\/#\/schema\/logo\/image\/","url":"https:\/\/www.24gliwice.pl\/wiadomosci\/wp-content\/uploads\/2024\/10\/24gliwice-logo-696.jpg","contentUrl":"https:\/\/www.24gliwice.pl\/wiadomosci\/wp-content\/uploads\/2024\/10\/24gliwice-logo-696.jpg","width":696,"height":696,"caption":"24gliwice"},"image":{"@id":"https:\/\/www.24gliwice.pl\/wiadomosci\/#\/schema\/logo\/image\/"},"sameAs":["https:\/\/www.facebook.com\/24gliwice","https:\/\/x.com\/24gliwice","https:\/\/www.youtube.com\/@24gliwice"]},{"@type":"Person","@id":"https:\/\/www.24gliwice.pl\/wiadomosci\/#\/schema\/person\/e42c650edd7f2fa332be3811fb166b6e","name":"\u017baneta Mrozek-Siewierska","image":{"@type":"ImageObject","inLanguage":"pl-PL","@id":"https:\/\/secure.gravatar.com\/avatar\/1881429e9c64597c77ad7aef2d0a19be69a3253e57534d16aa15bf3a4d34a0a3?s=96&d=mm&r=g","url":"https:\/\/secure.gravatar.com\/avatar\/1881429e9c64597c77ad7aef2d0a19be69a3253e57534d16aa15bf3a4d34a0a3?s=96&d=mm&r=g","contentUrl":"https:\/\/secure.gravatar.com\/avatar\/1881429e9c64597c77ad7aef2d0a19be69a3253e57534d16aa15bf3a4d34a0a3?s=96&d=mm&r=g","caption":"\u017baneta Mrozek-Siewierska"},"url":"https:\/\/www.24gliwice.pl\/wiadomosci\/author\/zms\/"}]}},"_links":{"self":[{"href":"https:\/\/www.24gliwice.pl\/wiadomosci\/wp-json\/wp\/v2\/posts\/104538","targetHints":{"allow":["GET"]}}],"collection":[{"href":"https:\/\/www.24gliwice.pl\/wiadomosci\/wp-json\/wp\/v2\/posts"}],"about":[{"href":"https:\/\/www.24gliwice.pl\/wiadomosci\/wp-json\/wp\/v2\/types\/post"}],"author":[{"embeddable":true,"href":"https:\/\/www.24gliwice.pl\/wiadomosci\/wp-json\/wp\/v2\/users\/15"}],"replies":[{"embeddable":true,"href":"https:\/\/www.24gliwice.pl\/wiadomosci\/wp-json\/wp\/v2\/comments?post=104538"}],"version-history":[{"count":0,"href":"https:\/\/www.24gliwice.pl\/wiadomosci\/wp-json\/wp\/v2\/posts\/104538\/revisions"}],"wp:featuredmedia":[{"embeddable":true,"href":"https:\/\/www.24gliwice.pl\/wiadomosci\/wp-json\/wp\/v2\/media\/104758"}],"wp:attachment":[{"href":"https:\/\/www.24gliwice.pl\/wiadomosci\/wp-json\/wp\/v2\/media?parent=104538"}],"wp:term":[{"taxonomy":"category","embeddable":true,"href":"https:\/\/www.24gliwice.pl\/wiadomosci\/wp-json\/wp\/v2\/categories?post=104538"},{"taxonomy":"post_tag","embeddable":true,"href":"https:\/\/www.24gliwice.pl\/wiadomosci\/wp-json\/wp\/v2\/tags?post=104538"}],"curies":[{"name":"wp","href":"https:\/\/api.w.org\/{rel}","templated":true}]}}